{"id":26596,"date":"2023-11-18T23:54:26","date_gmt":"2023-11-18T23:54:26","guid":{"rendered":"https:\/\/www.wopg.org\/9-10-december-2023-prem-rawat-in-kuala-lumpur-malaysia\/"},"modified":"2023-12-10T17:06:43","modified_gmt":"2023-12-10T17:06:43","slug":"9-10-december-2023-prem-rawat-in-kuala-lumpur-malaysia","status":"publish","type":"post","link":"https:\/\/www.wopg.org\/de\/9-10-december-2023-prem-rawat-in-kuala-lumpur-malaysia\/","title":{"rendered":"9 &#038; 10 Dezember 2023: Prem Rawat in Kuala Lumpur"},"content":{"rendered":"<p>[et_pb_section fb_built=&#8220;1&#8243; disabled_on=&#8220;off|off|off&#8220; admin_label=&#8220;Top images&#8220; _builder_version=&#8220;4.21.0&#8243; _module_preset=&#8220;default&#8220; custom_padding=&#8220;0px||0px||false|false&#8220; global_colors_info=&#8220;{}&#8220;][et_pb_row _builder_version=&#8220;4.21.0&#8243; _module_preset=&#8220;default&#8220; custom_padding=&#8220;0px||0px||false|false&#8220; custom_css_main_element=&#8220;display: flex;||flex-wrap: wrap;||justify-content: center;&#8220; global_colors_info=&#8220;{}&#8220;][et_pb_column type=&#8220;4_4&#8243; _builder_version=&#8220;4.21.0&#8243; _module_preset=&#8220;default&#8220; global_colors_info=&#8220;{}&#8220;][et_pb_image src=&#8220;https:\/\/eadn-wc03-5903292.nxedge.io\/wp-content\/uploads\/2023\/11\/221210_LA_Bday_LS_mk_083_1080x608.jpg&#8220; alt=&#8220;Prem Rawat&#8220; title_text=&#8220;Prem Rawat&#8220; show_bottom_space=&#8220;off&#8220; align=&#8220;center&#8220; disabled_on=&#8220;off|off|off&#8220; admin_label=&#8220;PR image&#8220; _builder_version=&#8220;4.23&#8243; _module_preset=&#8220;default&#8220; custom_padding=&#8220;0px||0px||false|false&#8220; hover_enabled=&#8220;0&#8243; global_colors_info=&#8220;{}&#8220; sticky_enabled=&#8220;0&#8243;][\/et_pb_image][\/et_pb_column][\/et_pb_row][et_pb_row disabled_on=&#8220;on|on|on&#8220; _builder_version=&#8220;4.22.1&#8243; _module_preset=&#8220;default&#8220; background_color=&#8220;#1b3865&#8243; custom_padding=&#8220;0px||0px||false|false&#8220; custom_css_main_element=&#8220;display: flex;||flex-wrap: wrap;||justify-content: center;&#8220; disabled=&#8220;on&#8220; global_colors_info=&#8220;{}&#8220;][et_pb_column type=&#8220;4_4&#8243; _builder_version=&#8220;4.21.0&#8243; _module_preset=&#8220;default&#8220; global_colors_info=&#8220;{}&#8220;][et_pb_image src=&#8220;https:\/\/eadn-wc03-5903292.nxedge.io\/wp-content\/uploads\/2023\/08\/v2_Logo-UM-Blue-Ft_Lauderdale.webp&#8220; alt=&#8220;Understanding and More&#8220; title_text=&#8220;v2_Logo-U&amp;M-Blue-Ft_Lauderdale&#8220; align=&#8220;center&#8220; disabled_on=&#8220;off|off|off&#8220; admin_label=&#8220;Logo U&#038;M&#8220; _builder_version=&#8220;4.21.0&#8243; _module_preset=&#8220;default&#8220; width=&#8220;45%&#8220; width_tablet=&#8220;50%&#8220; width_phone=&#8220;auto&#8220; width_last_edited=&#8220;on|phone&#8220; global_colors_info=&#8220;{}&#8220;][\/et_pb_image][\/et_pb_column][\/et_pb_row][et_pb_row custom_padding_last_edited=&#8220;on|phone&#8220; _builder_version=&#8220;4.21.0&#8243; _module_preset=&#8220;default&#8220; custom_padding=&#8220;1%||||false|false&#8220; custom_padding_tablet=&#8220;1%||||false|false&#8220; custom_padding_phone=&#8220;6%||||false|false&#8220; custom_css_main_element=&#8220;display: flex;||flex-wrap: wrap;||justify-content: center;&#8220; global_colors_info=&#8220;{}&#8220;][et_pb_column type=&#8220;4_4&#8243; _builder_version=&#8220;4.21.0&#8243; _module_preset=&#8220;default&#8220; global_colors_info=&#8220;{}&#8220;][et_pb_text admin_label=&#8220;Image Courtesy&#8220; _builder_version=&#8220;4.23&#8243; _module_preset=&#8220;default&#8220; text_orientation=&#8220;center&#8220; custom_margin_tablet=&#8220;&#8220; custom_margin_phone=&#8220;-5%||||false|false&#8220; custom_margin_last_edited=&#8220;on|phone&#8220; hover_enabled=&#8220;0&#8243; global_colors_info=&#8220;{}&#8220; sticky_enabled=&#8220;0&#8243;]<\/p>\n<h6 style=\"text-align: center;\"><span style=\"font-weight: 400;\">Foto mit freundlicher Genehmigung von TimelessToday<\/span><\/h6>\n<p>[\/et_pb_text][\/et_pb_column][\/et_pb_row][\/et_pb_section][et_pb_section fb_built=&#8220;1&#8243; disabled_on=&#8220;off|off|off&#8220; admin_label=&#8220;STD&#8220; _builder_version=&#8220;4.21.0&#8243; custom_padding=&#8220;0px||0px||false|false&#8220; locked=&#8220;off&#8220; global_colors_info=&#8220;{}&#8220;][et_pb_row admin_label=&#8220;row&#8220; _builder_version=&#8220;4.21.0&#8243; background_size=&#8220;initial&#8220; background_position=&#8220;top_left&#8220; background_repeat=&#8220;repeat&#8220; custom_padding=&#8220;0px||||false|false&#8220; global_colors_info=&#8220;{}&#8220;][et_pb_column type=&#8220;4_4&#8243; _builder_version=&#8220;4.16&#8243; custom_padding=&#8220;|||&#8220; global_colors_info=&#8220;{}&#8220; custom_padding__hover=&#8220;|||&#8220;][et_pb_text disabled_on=&#8220;off|off|off&#8220; admin_label=&#8220;Title&#8220; _builder_version=&#8220;4.23&#8243; _module_preset=&#8220;default&#8220; hover_enabled=&#8220;0&#8243; global_colors_info=&#8220;{}&#8220; sticky_enabled=&#8220;0&#8243;]<\/p>\n<div class=\"et_pb_row et_pb_row_0\">\n<div class=\"et_pb_column et_pb_column_4_4 et_pb_column_0 et_pb_css_mix_blend_mode_passthrough et-last-child\">\n<div class=\"et_pb_module et_pb_text et_pb_text_0 et_pb_text_align_left et_pb_bg_layout_light\">\n<div class=\"et_pb_text_inner\">\n<h2 style=\"text-align: center;\">Save the Date<\/h2>\n<\/div>\n<\/div>\n<\/div>\n<\/div>\n<p>[\/et_pb_text][et_pb_text admin_label=&#8220;WHEN AND WHERE&#8220; _builder_version=&#8220;4.23&#8243; _module_preset=&#8220;default&#8220; hover_enabled=&#8220;0&#8243; global_colors_info=&#8220;{}&#8220; sticky_enabled=&#8220;0&#8243;]<\/p>\n<p><span style=\"font-weight: 400;\">Sie sind eingeladen, Prem Rawat am Samstag, den 9. Dezember 2023 in Kuala Lumpur, Malaysia, sprechen zu h\u00f6ren und an seiner Geburtstagsfeier am Sonntag, den 10. Dezember 2023 \u2013 ebenfalls in Kuala Lumpur \u2013 teilzunehmen.<\/span><\/p>\n<p><span style=\"font-weight: 400;\">Alle, die sich f\u00fcr Prem Rawat und seine Botschaft interessieren, sind herzlich eingeladen.<\/span><\/p>\n<p><span style=\"font-weight: 400;\">Veranstaltungssprache ist Englisch. Es steht noch nicht fest, ob und in welche Sprachen \u00fcbersetzt wird.<\/span><\/p>\n<p><span style=\"font-weight: 400;\">In der n\u00e4chsten E-Mail von WOPG finden Sie einen Link mit wichtigen Informationen, u.a. zum Ticketkauf.<\/span><\/p>\n<p><em><span style=\"font-weight: 400;\">Sie k\u00f6nnen nicht pers\u00f6nlich teilnehmen? TimelessToday plant einen Livestream des Events und wird die \u00dcbertragung separat ank\u00fcndigen. Weitere Informationen finden Sie unter:<\/span><\/em>\u00a0<a href=\"https:\/\/www.premrawat.com\/events-and-livestreams\/\" target=\"_blank\" rel=\"noopener\">www.premrawat.com<\/a>.<\/p>\n<p>[\/et_pb_text][et_pb_text disabled_on=&#8220;on|on|on&#8220; admin_label=&#8220;WHO IS INVITED&#8220; _builder_version=&#8220;4.21.0&#8243; _module_preset=&#8220;default&#8220; disabled=&#8220;on&#8220; global_colors_info=&#8220;{}&#8220;]<\/p>\n<h4>Wer ist eingeladen?<\/h4>\n<p>Jeder ist bei dieser Veranstaltung willkommen. Informationen f\u00fcr Teilnehmer aus dem Ausland siehe unten.<\/p>\n<h4>Kinder<\/h4>\n<p>&lt;F\u00fcr Kinder unter zehn Jahren ist die Veranstaltung nicht geeignet.<\/p>\n<p>[\/et_pb_text][et_pb_text disabled_on=&#8220;on|on|on&#8220; admin_label=&#8220;COVID-19 VENUE PROTOCOL&#8220; _builder_version=&#8220;4.20.2&#8243; _module_preset=&#8220;default&#8220; disabled=&#8220;on&#8220; global_colors_info=&#8220;{}&#8220;]<\/p>\n<h4>Covid-19-Regelung<\/h4>\n<p>Voraussetzung f\u00fcr die Teilnahme an der Veranstaltung ist (bitte am Einlass bereithalten):<\/p>\n<ul>\n<li style=\"list-style-type: none;\">\n<ul>\n<li style=\"list-style-type: none;\">\n<ul>\n<li>ein Covid-19-Impfnachweis ODER<\/li>\n<\/ul>\n<ul>\n<li>ein negativer PCR-Test oder Antigen-Test nicht \u00e4lter als 72 Stunden, in gedruckter oder elektronischer Form, ODER<\/li>\n<\/ul>\n<ul>\n<li>ein Covid-19-Genesenennachweis<\/li>\n<\/ul>\n<\/li>\n<\/ul>\n<p>Sie werden gebeten, w\u00e4hrend der gesamten Veranstaltung eine medizinische oder FFP2-Maske zu tragen.<\/p>\n<p>Die Sitzordnung ist den Abstandsregeln entsprechend gestaltet.<\/p>\n<p>Besucher k\u00f6nnen ihre eigene kleine Flasche Wasser mitbringen.<\/p>\n<\/li>\n<\/ul>\n<p>[\/et_pb_text][\/et_pb_column][\/et_pb_row][\/et_pb_section]<\/p>\n","protected":false},"excerpt":{"rendered":"<p>Foto mit freundlicher Genehmigung von TimelessToday Save the Date Sie sind eingeladen, Prem Rawat am Samstag, den 9. Dezember 2023 in Kuala Lumpur, Malaysia, sprechen zu h\u00f6ren und an seiner Geburtstagsfeier am Sonntag, den 10. Dezember 2023 \u2013 ebenfalls in Kuala Lumpur \u2013 teilzunehmen. Alle, die sich f\u00fcr Prem Rawat und seine Botschaft interessieren, sind [&hellip;]<\/p>\n","protected":false},"author":14,"featured_media":0,"comment_status":"closed","ping_status":"closed","sticky":false,"template":"","format":"standard","meta":{"_et_pb_use_builder":"on","_et_pb_old_content":"","_et_gb_content_width":"","cybocfi_hide_featured_image":"","footnotes":""},"categories":[105],"tags":[],"post_folder":[],"class_list":["post-26596","post","type-post","status-publish","format-standard","hentry","category-recent-de"],"yoast_head":"<!-- This site is optimized with the Yoast SEO plugin v27.3 - https:\/\/yoast.com\/product\/yoast-seo-wordpress\/ -->\n<title>9 &amp; 10 Dezember 2023: Prem Rawat in Kuala Lumpur | Words of Peace<\/title>\n<meta name=\"robots\" content=\"index, follow, max-snippet:-1, max-image-preview:large, max-video-preview:-1\" \/>\n<link rel=\"canonical\" href=\"https:\/\/www.wopg.org\/de\/9-10-december-2023-prem-rawat-in-kuala-lumpur-malaysia\/\" \/>\n<meta property=\"og:locale\" content=\"de_DE\" \/>\n<meta property=\"og:type\" content=\"article\" \/>\n<meta property=\"og:title\" content=\"9 &amp; 10 Dezember 2023: Prem Rawat in Kuala Lumpur | Words of Peace\" \/>\n<meta property=\"og:description\" content=\"Foto mit freundlicher Genehmigung von TimelessToday Save the Date Sie sind eingeladen, Prem Rawat am Samstag, den 9. Dezember 2023 in Kuala Lumpur, Malaysia, sprechen zu h\u00f6ren und an seiner Geburtstagsfeier am Sonntag, den 10. Dezember 2023 \u2013 ebenfalls in Kuala Lumpur \u2013 teilzunehmen. Alle, die sich f\u00fcr Prem Rawat und seine Botschaft interessieren, sind [&hellip;]\" \/>\n<meta property=\"og:url\" content=\"https:\/\/www.wopg.org\/de\/9-10-december-2023-prem-rawat-in-kuala-lumpur-malaysia\/\" \/>\n<meta property=\"og:site_name\" content=\"Words of Peace\" \/>\n<meta property=\"article:publisher\" content=\"https:\/\/www.facebook.com\/wordsofpeaceglobal\" \/>\n<meta property=\"article:published_time\" content=\"2023-11-18T23:54:26+00:00\" \/>\n<meta property=\"article:modified_time\" content=\"2023-12-10T17:06:43+00:00\" \/>\n<meta name=\"author\" content=\"Roberto\" \/>\n<meta name=\"twitter:card\" content=\"summary_large_image\" \/>\n<meta name=\"twitter:creator\" content=\"@wopg\" \/>\n<meta name=\"twitter:site\" content=\"@wopg\" \/>\n<meta name=\"twitter:label1\" content=\"Verfasst von\" \/>\n\t<meta name=\"twitter:data1\" content=\"Roberto\" \/>\n\t<meta name=\"twitter:label2\" content=\"Gesch\u00e4tzte Lesezeit\" \/>\n\t<meta name=\"twitter:data2\" content=\"4\u00a0Minuten\" \/>\n<script type=\"application\/ld+json\" class=\"yoast-schema-graph\">{\"@context\":\"https:\\\/\\\/schema.org\",\"@graph\":[{\"@type\":\"Article\",\"@id\":\"https:\\\/\\\/www.wopg.org\\\/de\\\/9-10-december-2023-prem-rawat-in-kuala-lumpur-malaysia\\\/#article\",\"isPartOf\":{\"@id\":\"https:\\\/\\\/www.wopg.org\\\/de\\\/9-10-december-2023-prem-rawat-in-kuala-lumpur-malaysia\\\/\"},\"author\":{\"name\":\"Roberto\",\"@id\":\"https:\\\/\\\/www.wopg.org\\\/de\\\/#\\\/schema\\\/person\\\/c495a5aacd2a074ce031b7fa6625b3af\"},\"headline\":\"9 &#038; 10 Dezember 2023: Prem Rawat in Kuala Lumpur\",\"datePublished\":\"2023-11-18T23:54:26+00:00\",\"dateModified\":\"2023-12-10T17:06:43+00:00\",\"mainEntityOfPage\":{\"@id\":\"https:\\\/\\\/www.wopg.org\\\/de\\\/9-10-december-2023-prem-rawat-in-kuala-lumpur-malaysia\\\/\"},\"wordCount\":744,\"publisher\":{\"@id\":\"https:\\\/\\\/www.wopg.org\\\/de\\\/#organization\"},\"articleSection\":[\"Recent\"],\"inLanguage\":\"de\"},{\"@type\":\"WebPage\",\"@id\":\"https:\\\/\\\/www.wopg.org\\\/de\\\/9-10-december-2023-prem-rawat-in-kuala-lumpur-malaysia\\\/\",\"url\":\"https:\\\/\\\/www.wopg.org\\\/de\\\/9-10-december-2023-prem-rawat-in-kuala-lumpur-malaysia\\\/\",\"name\":\"9 & 10 Dezember 2023: Prem Rawat in Kuala Lumpur | Words of Peace\",\"isPartOf\":{\"@id\":\"https:\\\/\\\/www.wopg.org\\\/de\\\/#website\"},\"datePublished\":\"2023-11-18T23:54:26+00:00\",\"dateModified\":\"2023-12-10T17:06:43+00:00\",\"breadcrumb\":{\"@id\":\"https:\\\/\\\/www.wopg.org\\\/de\\\/9-10-december-2023-prem-rawat-in-kuala-lumpur-malaysia\\\/#breadcrumb\"},\"inLanguage\":\"de\",\"potentialAction\":[{\"@type\":\"ReadAction\",\"target\":[\"https:\\\/\\\/www.wopg.org\\\/de\\\/9-10-december-2023-prem-rawat-in-kuala-lumpur-malaysia\\\/\"]}]},{\"@type\":\"BreadcrumbList\",\"@id\":\"https:\\\/\\\/www.wopg.org\\\/de\\\/9-10-december-2023-prem-rawat-in-kuala-lumpur-malaysia\\\/#breadcrumb\",\"itemListElement\":[{\"@type\":\"ListItem\",\"position\":1,\"name\":\"Home\",\"item\":\"https:\\\/\\\/www.wopg.org\\\/de\\\/\"},{\"@type\":\"ListItem\",\"position\":2,\"name\":\"9 &#038; 10 Dezember 2023: Prem Rawat in Kuala Lumpur\"}]},{\"@type\":\"WebSite\",\"@id\":\"https:\\\/\\\/www.wopg.org\\\/de\\\/#website\",\"url\":\"https:\\\/\\\/www.wopg.org\\\/de\\\/\",\"name\":\"Words of Peace\",\"description\":\"Practice Peace, Change Your World\",\"publisher\":{\"@id\":\"https:\\\/\\\/www.wopg.org\\\/de\\\/#organization\"},\"potentialAction\":[{\"@type\":\"SearchAction\",\"target\":{\"@type\":\"EntryPoint\",\"urlTemplate\":\"https:\\\/\\\/www.wopg.org\\\/de\\\/?s={search_term_string}\"},\"query-input\":{\"@type\":\"PropertyValueSpecification\",\"valueRequired\":true,\"valueName\":\"search_term_string\"}}],\"inLanguage\":\"de\"},{\"@type\":\"Organization\",\"@id\":\"https:\\\/\\\/www.wopg.org\\\/de\\\/#organization\",\"name\":\"Words of Peace\",\"url\":\"https:\\\/\\\/www.wopg.org\\\/de\\\/\",\"logo\":{\"@type\":\"ImageObject\",\"inLanguage\":\"de\",\"@id\":\"https:\\\/\\\/www.wopg.org\\\/de\\\/#\\\/schema\\\/logo\\\/image\\\/\",\"url\":\"https:\\\/\\\/wopg.org\\\/wp-content\\\/uploads\\\/2022\\\/02\\\/Words-of-Peace-logo-website61x252.png\",\"contentUrl\":\"https:\\\/\\\/wopg.org\\\/wp-content\\\/uploads\\\/2022\\\/02\\\/Words-of-Peace-logo-website61x252.png\",\"width\":252,\"height\":61,\"caption\":\"Words of Peace\"},\"image\":{\"@id\":\"https:\\\/\\\/www.wopg.org\\\/de\\\/#\\\/schema\\\/logo\\\/image\\\/\"},\"sameAs\":[\"https:\\\/\\\/www.facebook.com\\\/wordsofpeaceglobal\",\"https:\\\/\\\/x.com\\\/wopg\",\"https:\\\/\\\/www.instagram.com\\\/wopgofficial\\\/\"]},{\"@type\":\"Person\",\"@id\":\"https:\\\/\\\/www.wopg.org\\\/de\\\/#\\\/schema\\\/person\\\/c495a5aacd2a074ce031b7fa6625b3af\",\"name\":\"Roberto\",\"image\":{\"@type\":\"ImageObject\",\"inLanguage\":\"de\",\"@id\":\"https:\\\/\\\/secure.gravatar.com\\\/avatar\\\/3a2423ab531630d32d946fa10acea4a736bd03feede76ddcc150434c8458228b?s=96&d=mm&r=g\",\"url\":\"https:\\\/\\\/secure.gravatar.com\\\/avatar\\\/3a2423ab531630d32d946fa10acea4a736bd03feede76ddcc150434c8458228b?s=96&d=mm&r=g\",\"contentUrl\":\"https:\\\/\\\/secure.gravatar.com\\\/avatar\\\/3a2423ab531630d32d946fa10acea4a736bd03feede76ddcc150434c8458228b?s=96&d=mm&r=g\",\"caption\":\"Roberto\"},\"url\":\"https:\\\/\\\/www.wopg.org\\\/de\\\/author\\\/roberto\\\/\"}]}<\/script>\n<!-- \/ Yoast SEO plugin. -->","yoast_head_json":{"title":"9 & 10 Dezember 2023: Prem Rawat in Kuala Lumpur | Words of Peace","robots":{"index":"index","follow":"follow","max-snippet":"max-snippet:-1","max-image-preview":"max-image-preview:large","max-video-preview":"max-video-preview:-1"},"canonical":"https:\/\/www.wopg.org\/de\/9-10-december-2023-prem-rawat-in-kuala-lumpur-malaysia\/","og_locale":"de_DE","og_type":"article","og_title":"9 & 10 Dezember 2023: Prem Rawat in Kuala Lumpur | Words of Peace","og_description":"Foto mit freundlicher Genehmigung von TimelessToday Save the Date Sie sind eingeladen, Prem Rawat am Samstag, den 9. Dezember 2023 in Kuala Lumpur, Malaysia, sprechen zu h\u00f6ren und an seiner Geburtstagsfeier am Sonntag, den 10. Dezember 2023 \u2013 ebenfalls in Kuala Lumpur \u2013 teilzunehmen. Alle, die sich f\u00fcr Prem Rawat und seine Botschaft interessieren, sind [&hellip;]","og_url":"https:\/\/www.wopg.org\/de\/9-10-december-2023-prem-rawat-in-kuala-lumpur-malaysia\/","og_site_name":"Words of Peace","article_publisher":"https:\/\/www.facebook.com\/wordsofpeaceglobal","article_published_time":"2023-11-18T23:54:26+00:00","article_modified_time":"2023-12-10T17:06:43+00:00","author":"Roberto","twitter_card":"summary_large_image","twitter_creator":"@wopg","twitter_site":"@wopg","twitter_misc":{"Verfasst von":"Roberto","Gesch\u00e4tzte Lesezeit":"4\u00a0Minuten"},"schema":{"@context":"https:\/\/schema.org","@graph":[{"@type":"Article","@id":"https:\/\/www.wopg.org\/de\/9-10-december-2023-prem-rawat-in-kuala-lumpur-malaysia\/#article","isPartOf":{"@id":"https:\/\/www.wopg.org\/de\/9-10-december-2023-prem-rawat-in-kuala-lumpur-malaysia\/"},"author":{"name":"Roberto","@id":"https:\/\/www.wopg.org\/de\/#\/schema\/person\/c495a5aacd2a074ce031b7fa6625b3af"},"headline":"9 &#038; 10 Dezember 2023: Prem Rawat in Kuala Lumpur","datePublished":"2023-11-18T23:54:26+00:00","dateModified":"2023-12-10T17:06:43+00:00","mainEntityOfPage":{"@id":"https:\/\/www.wopg.org\/de\/9-10-december-2023-prem-rawat-in-kuala-lumpur-malaysia\/"},"wordCount":744,"publisher":{"@id":"https:\/\/www.wopg.org\/de\/#organization"},"articleSection":["Recent"],"inLanguage":"de"},{"@type":"WebPage","@id":"https:\/\/www.wopg.org\/de\/9-10-december-2023-prem-rawat-in-kuala-lumpur-malaysia\/","url":"https:\/\/www.wopg.org\/de\/9-10-december-2023-prem-rawat-in-kuala-lumpur-malaysia\/","name":"9 & 10 Dezember 2023: Prem Rawat in Kuala Lumpur | Words of Peace","isPartOf":{"@id":"https:\/\/www.wopg.org\/de\/#website"},"datePublished":"2023-11-18T23:54:26+00:00","dateModified":"2023-12-10T17:06:43+00:00","breadcrumb":{"@id":"https:\/\/www.wopg.org\/de\/9-10-december-2023-prem-rawat-in-kuala-lumpur-malaysia\/#breadcrumb"},"inLanguage":"de","potentialAction":[{"@type":"ReadAction","target":["https:\/\/www.wopg.org\/de\/9-10-december-2023-prem-rawat-in-kuala-lumpur-malaysia\/"]}]},{"@type":"BreadcrumbList","@id":"https:\/\/www.wopg.org\/de\/9-10-december-2023-prem-rawat-in-kuala-lumpur-malaysia\/#breadcrumb","itemListElement":[{"@type":"ListItem","position":1,"name":"Home","item":"https:\/\/www.wopg.org\/de\/"},{"@type":"ListItem","position":2,"name":"9 &#038; 10 Dezember 2023: Prem Rawat in Kuala Lumpur"}]},{"@type":"WebSite","@id":"https:\/\/www.wopg.org\/de\/#website","url":"https:\/\/www.wopg.org\/de\/","name":"Words of Peace","description":"Practice Peace, Change Your World","publisher":{"@id":"https:\/\/www.wopg.org\/de\/#organization"},"potentialAction":[{"@type":"SearchAction","target":{"@type":"EntryPoint","urlTemplate":"https:\/\/www.wopg.org\/de\/?s={search_term_string}"},"query-input":{"@type":"PropertyValueSpecification","valueRequired":true,"valueName":"search_term_string"}}],"inLanguage":"de"},{"@type":"Organization","@id":"https:\/\/www.wopg.org\/de\/#organization","name":"Words of Peace","url":"https:\/\/www.wopg.org\/de\/","logo":{"@type":"ImageObject","inLanguage":"de","@id":"https:\/\/www.wopg.org\/de\/#\/schema\/logo\/image\/","url":"https:\/\/wopg.org\/wp-content\/uploads\/2022\/02\/Words-of-Peace-logo-website61x252.png","contentUrl":"https:\/\/wopg.org\/wp-content\/uploads\/2022\/02\/Words-of-Peace-logo-website61x252.png","width":252,"height":61,"caption":"Words of Peace"},"image":{"@id":"https:\/\/www.wopg.org\/de\/#\/schema\/logo\/image\/"},"sameAs":["https:\/\/www.facebook.com\/wordsofpeaceglobal","https:\/\/x.com\/wopg","https:\/\/www.instagram.com\/wopgofficial\/"]},{"@type":"Person","@id":"https:\/\/www.wopg.org\/de\/#\/schema\/person\/c495a5aacd2a074ce031b7fa6625b3af","name":"Roberto","image":{"@type":"ImageObject","inLanguage":"de","@id":"https:\/\/secure.gravatar.com\/avatar\/3a2423ab531630d32d946fa10acea4a736bd03feede76ddcc150434c8458228b?s=96&d=mm&r=g","url":"https:\/\/secure.gravatar.com\/avatar\/3a2423ab531630d32d946fa10acea4a736bd03feede76ddcc150434c8458228b?s=96&d=mm&r=g","contentUrl":"https:\/\/secure.gravatar.com\/avatar\/3a2423ab531630d32d946fa10acea4a736bd03feede76ddcc150434c8458228b?s=96&d=mm&r=g","caption":"Roberto"},"url":"https:\/\/www.wopg.org\/de\/author\/roberto\/"}]}},"_links":{"self":[{"href":"https:\/\/www.wopg.org\/de\/wp-json\/wp\/v2\/posts\/26596","targetHints":{"allow":["GET"]}}],"collection":[{"href":"https:\/\/www.wopg.org\/de\/wp-json\/wp\/v2\/posts"}],"about":[{"href":"https:\/\/www.wopg.org\/de\/wp-json\/wp\/v2\/types\/post"}],"author":[{"embeddable":true,"href":"https:\/\/www.wopg.org\/de\/wp-json\/wp\/v2\/users\/14"}],"replies":[{"embeddable":true,"href":"https:\/\/www.wopg.org\/de\/wp-json\/wp\/v2\/comments?post=26596"}],"version-history":[{"count":5,"href":"https:\/\/www.wopg.org\/de\/wp-json\/wp\/v2\/posts\/26596\/revisions"}],"predecessor-version":[{"id":26721,"href":"https:\/\/www.wopg.org\/de\/wp-json\/wp\/v2\/posts\/26596\/revisions\/26721"}],"wp:attachment":[{"href":"https:\/\/www.wopg.org\/de\/wp-json\/wp\/v2\/media?parent=26596"}],"wp:term":[{"taxonomy":"category","embeddable":true,"href":"https:\/\/www.wopg.org\/de\/wp-json\/wp\/v2\/categories?post=26596"},{"taxonomy":"post_tag","embeddable":true,"href":"https:\/\/www.wopg.org\/de\/wp-json\/wp\/v2\/tags?post=26596"},{"taxonomy":"post_folder","embeddable":true,"href":"https:\/\/www.wopg.org\/de\/wp-json\/wp\/v2\/post_folder?post=26596"}],"curies":[{"name":"wp","href":"https:\/\/api.w.org\/{rel}","templated":true}]}}