{"id":32392,"date":"2024-06-01T11:27:30","date_gmt":"2024-06-01T11:27:30","guid":{"rendered":"https:\/\/www.wopg.org\/22-juni-2024-prem-rawat-in-rom-rom-italien\/"},"modified":"2024-06-23T12:24:52","modified_gmt":"2024-06-23T12:24:52","slug":"22-juni-2024-prem-rawat-in-rom-rom-italien","status":"publish","type":"post","link":"https:\/\/www.wopg.org\/de\/22-juni-2024-prem-rawat-in-rom-rom-italien\/","title":{"rendered":"22. Juni 2024 \u2013 Prem Rawat in Rom, Italien"},"content":{"rendered":"<p>[et_pb_section fb_built=&#8220;1&#8243; _builder_version=&#8220;4.17.4&#8243; _module_preset=&#8220;default&#8220; custom_margin=&#8220;-50px||||false|false&#8220; custom_padding=&#8220;0px||0px||false|false&#8220; global_colors_info=&#8220;{}&#8220;][et_pb_row _builder_version=&#8220;4.17.4&#8243; _module_preset=&#8220;default&#8220; custom_padding=&#8220;0px||||false|false&#8220; global_colors_info=&#8220;{}&#8220;][et_pb_column type=&#8220;4_4&#8243; _builder_version=&#8220;4.17.4&#8243; _module_preset=&#8220;default&#8220; global_colors_info=&#8220;{}&#8220;][et_pb_text _builder_version=&#8220;4.24.3&#8243; _module_preset=&#8220;default&#8220; global_colors_info=&#8220;{}&#8220;]<\/p>\n<h6 style=\"text-align: center;\">Foto mit freundlicher Genehmigung von TimelessToday<\/h6>\n<p>[\/et_pb_text][\/et_pb_column][\/et_pb_row][et_pb_row column_structure=&#8220;1_5,1_5,1_5,1_5,1_5&#8243; disabled_on=&#8220;on|on|on&#8220; _builder_version=&#8220;4.24.3&#8243; _module_preset=&#8220;default&#8220; module_alignment=&#8220;center&#8220; custom_padding=&#8220;0px||||false|false&#8220; disabled=&#8220;on&#8220; global_colors_info=&#8220;{}&#8220;][et_pb_column type=&#8220;1_5&#8243; _builder_version=&#8220;4.24.3&#8243; _module_preset=&#8220;default&#8220; global_colors_info=&#8220;{}&#8220;][\/et_pb_column][et_pb_column type=&#8220;1_5&#8243; _builder_version=&#8220;4.24.3&#8243; _module_preset=&#8220;default&#8220; global_colors_info=&#8220;{}&#8220;][et_pb_button button_url=&#8220;https:\/\/www.wopg.org\/de\/22-juni-2024-prem-rawat-in-rom-rom-italien\/&#8220; button_text=&#8220;Englisch&#8220; button_alignment=&#8220;center&#8220; _builder_version=&#8220;4.24.3&#8243; _module_preset=&#8220;default&#8220; custom_button=&#8220;on&#8220; button_text_size=&#8220;16px&#8220; button_text_color=&#8220;#008B73&#8243; button_bg_color=&#8220;RGBA(255,255,255,0)&#8220; button_border_width=&#8220;1px&#8220; button_border_color=&#8220;#008B73&#8243; button_border_radius=&#8220;5px&#8220; button_font=&#8220;|700|||||||&#8220; button_use_icon=&#8220;off&#8220; custom_padding=&#8220;0px||0px||false|false&#8220; locked=&#8220;off&#8220; global_colors_info=&#8220;{}&#8220; button_bg_color__hover=&#8220;RGBA(0,139,115,0.65)&#8220; button_bg_color__hover_enabled=&#8220;on|hover&#8220;][\/et_pb_button][\/et_pb_column][et_pb_column type=&#8220;1_5&#8243; _builder_version=&#8220;4.24.3&#8243; _module_preset=&#8220;default&#8220; global_colors_info=&#8220;{}&#8220;][et_pb_button button_url=&#8220;https:\/\/www.wopg.org\/de\/22-juni-2024-prem-rawat-in-rom-rom-italien\/&#8220; button_text=&#8220;Italienisch&#8220; button_alignment=&#8220;center&#8220; _builder_version=&#8220;4.24.3&#8243; _module_preset=&#8220;default&#8220; custom_button=&#8220;on&#8220; button_text_size=&#8220;16px&#8220; button_text_color=&#8220;#008B73&#8243; button_bg_color=&#8220;RGBA(255,255,255,0)&#8220; button_border_width=&#8220;1px&#8220; button_border_color=&#8220;#008B73&#8243; button_border_radius=&#8220;5px&#8220; button_font=&#8220;|700|||||||&#8220; button_use_icon=&#8220;off&#8220; custom_padding=&#8220;0px||0px||false|false&#8220; global_colors_info=&#8220;{}&#8220; button_bg_color__hover_enabled=&#8220;on|hover&#8220; button_bg_color__hover=&#8220;RGBA(0,139,115,0.65)&#8220; button_bg_enable_color__hover=&#8220;on&#8220;][\/et_pb_button][\/et_pb_column][et_pb_column type=&#8220;1_5&#8243; _builder_version=&#8220;4.24.3&#8243; _module_preset=&#8220;default&#8220; global_colors_info=&#8220;{}&#8220;][et_pb_button button_url=&#8220;https:\/\/www.wopg.org\/de\/22-juni-2024-prem-rawat-in-rom-rom-italien\/&#8220; button_text=&#8220;Deutsch&#8220; button_alignment=&#8220;center&#8220; disabled_on=&#8220;off|off|off&#8220; admin_label=&#8220;Button&#8220; _builder_version=&#8220;4.24.3&#8243; _module_preset=&#8220;default&#8220; custom_button=&#8220;on&#8220; button_text_size=&#8220;16px&#8220; button_text_color=&#8220;#008B73&#8243; button_bg_color=&#8220;RGBA(255,255,255,0)&#8220; button_border_width=&#8220;1px&#8220; button_border_color=&#8220;#008B73&#8243; button_border_radius=&#8220;5px&#8220; button_font=&#8220;|700|||||||&#8220; button_use_icon=&#8220;off&#8220; custom_padding=&#8220;0px||0px||false|false&#8220; global_colors_info=&#8220;{}&#8220; button_bg_color__hover=&#8220;RGBA(0,139,115,0.65)&#8220; button_bg_color__hover_enabled=&#8220;on|hover&#8220;][\/et_pb_button][\/et_pb_column][et_pb_column type=&#8220;1_5&#8243; _builder_version=&#8220;4.24.3&#8243; _module_preset=&#8220;default&#8220; global_colors_info=&#8220;{}&#8220;][\/et_pb_column][\/et_pb_row][et_pb_row _builder_version=&#8220;4.21.0&#8243; _module_preset=&#8220;default&#8220; custom_padding=&#8220;0px||||false|false&#8220; custom_css_main_element=&#8220;display: flex;||flex-wrap: wrap;||justify-content: center;&#8220; global_colors_info=&#8220;{}&#8220;][et_pb_column type=&#8220;4_4&#8243; _builder_version=&#8220;4.21.0&#8243; _module_preset=&#8220;default&#8220; global_colors_info=&#8220;{}&#8220;][et_pb_text admin_label=&#8220;WHEN AND WHERE&#8220; _builder_version=&#8220;4.24.3&#8243; _module_preset=&#8220;default&#8220; global_colors_info=&#8220;{}&#8220;]<\/p>\n<p><em>Lesen Sie diese Seite sorgf\u00e4ltig durch, sie enth\u00e4lt wichtige Informationen zu dem bevorstehenden Event.<\/em><\/p>\n<p>&nbsp;<\/p>\n<h4>WANN UND WO<\/h4>\n<p><strong>Datum:<\/strong> Samstag, 22. Juni 2024<\/p>\n<p><strong>Zeit: <\/strong>Der Event beginnt um 18 Uhr Ortszeit. Einlass ab 16 Uhr. Ende ca. 20 Uhr.<\/p>\n<p><strong>Ort:<\/strong> <a href=\"https:\/\/auditoriumconciliazione.it\/\" target=\"_blank\" rel=\"noopener\"><span style=\"font-weight: 400;\">Auditorium Conciliazione<\/span><\/a><\/p>\n<p><strong>Addresse:<\/strong> <span style=\"font-weight: 400;\">Via della Conciliazione, 4, 00193 Roma RM.<\/span><\/p>\n<p><a href=\"https:\/\/auditoriumconciliazione.it\/dove-siamo\/\" target=\"_blank\" rel=\"noopener\">Wegbeschreibung, Parken und \u00f6ffentliche Verkehrsmittel<\/a><\/p>\n<p>[\/et_pb_text][et_pb_text admin_label=&#8220;WHO IS INVITED&#8220; _builder_version=&#8220;4.24.3&#8243; _module_preset=&#8220;default&#8220; global_colors_info=&#8220;{}&#8220;]<\/p>\n<h4>WER IST EINGELADEN?<\/h4>\n<p>Dies ist ein \u00f6ffentlicher Event.<\/p>\n<p>[\/et_pb_text][et_pb_text admin_label=&#8220;WHO IS INVITED &#8211; CHILDREN&#8220; _builder_version=&#8220;4.24.3&#8243; _module_preset=&#8220;default&#8220; global_colors_info=&#8220;{}&#8220;]<\/p>\n<h4>KINDER<\/h4>\n<p>Dieser Event ist f\u00fcr Kinder unter 10 Jahren nicht geeignet.<\/p>\n<p>[\/et_pb_text][et_pb_text admin_label=&#8220;EVENT INFORMATION&#8220; _builder_version=&#8220;4.24.3&#8243; _module_preset=&#8220;default&#8220; background_color=&#8220;rgba(0,139,115,0.25)&#8220; custom_margin=&#8220;||0px||false|false&#8220; custom_padding=&#8220;20px||20px||true|false&#8220; link_option_url=&#8220;https:\/\/imparaadascoltarti.it\/dona-ora\/&#8220; link_option_url_new_window=&#8220;on&#8220; global_colors_info=&#8220;{}&#8220;]<\/p>\n<p style=\"text-align: center;\"><strong>Dieser \u00f6ffentliche Event ist der erste seiner Art. Gemeinsam k\u00f6nnen wir ihn m\u00f6glich machen.<\/strong><\/p>\n<p style=\"text-align: center;\">Es werden 600 G\u00e4ste erwartet, die Prem Rawat zum ersten Mal pers\u00f6nlich erleben.<\/p>\n<p style=\"text-align: center;\">Um diesen Event f\u00fcr sie zu erm\u00f6glichen, k\u00f6nnen kostenlose Sitzpl\u00e4tze reserviert werden.<\/p>\n<p style=\"text-align: center;\">Aus diesem Grund sind wir auf Ihre gro\u00dfz\u00fcgigen Spenden angewiesen.<\/p>\n<p style=\"text-align: center;\"><span style=\"font-weight: 400; font-size: 20px; color: white; background-color: red; padding: 10px 49px; border-radius: 8px;\">SPENDEN<\/span><\/p>\n<p style=\"text-align: center;\"><strong>Wenn Sie sich mit einer Spende beteiligen, k\u00f6nnen Sie Ihren Sitzplatz vorab reservieren <em>(siehe Button rechts unten auf der Webseite)<\/em>.<\/strong><\/p>\n<p>[\/et_pb_text][et_pb_text admin_label=&#8220;SEAT RESERVATION&#8220; _builder_version=&#8220;4.24.3&#8243; _module_preset=&#8220;default&#8220; custom_margin=&#8220;40px||||false|false&#8220; global_colors_info=&#8220;{}&#8220;]<\/p>\n<h4>SITZPLATZRESERVIERUNG<\/h4>\n<p><strong>Ab Montag, den 10. Juni um 10 Uhr MESZ k\u00f6nnen Sie kostenlose Sitzpl\u00e4tze\u00a0reservieren<\/strong>.<\/p>\n<p>Halten Sie bitte beim Einlass Ihre Sitzplatzreservierung als Papierausdruck oder in digitaler Form auf dem Smartphone mit sichtbarem Barcode bereit.<\/p>\n<p>Sollten Sie aus irgendeinem Grund Probleme bei der Sitzplatzreservierung haben, wenden Sie sich bitte an: <a href=\"mailto:servizioinfoline@imparaadascoltarti.it\"><span style=\"font-weight: 400;\">servizioinfoline@imparaadascoltarti.it<\/span><\/a>.<\/p>\n<p>Pro Person k\u00f6nnen <strong>3<\/strong> <strong>Sitzpl\u00e4tze<\/strong> reserviert werden. Reservieren Sie bitte nur so viele Pl\u00e4tze, wie Sie auch nutzen wollen.<\/p>\n<p>[\/et_pb_text][et_pb_button button_url=&#8220;https:\/\/www.ticket.it\/eventi\/evento\/trovare-la-pace.aspx&#8220; url_new_window=&#8220;on&#8220; button_text=&#8220;Sitzplatzreservierung&#8220; button_alignment=&#8220;center&#8220; disabled_on=&#8220;off|off|off&#8220; admin_label=&#8220;Reserve your seat(s)&#8220; _builder_version=&#8220;4.24.3&#8243; _module_preset=&#8220;default&#8220; custom_button=&#8220;on&#8220; button_bg_color=&#8220;#008B73&#8243; button_border_width=&#8220;0px&#8220; button_border_radius=&#8220;8px&#8220; background_layout=&#8220;dark&#8220; custom_padding=&#8220;10px|49px|10px|49px|true|true&#8220; hover_enabled=&#8220;0&#8243; global_colors_info=&#8220;{}&#8220; sticky_enabled=&#8220;0&#8243;][\/et_pb_button][et_pb_button button_url=&#8220;#&#8220; button_text=&#8220;Tickets Sold Out&#8220; button_alignment=&#8220;center&#8220; disabled_on=&#8220;on|on|on&#8220; admin_label=&#8220;Sold Out button&#8220; _builder_version=&#8220;4.24.3&#8243; _module_preset=&#8220;default&#8220; custom_button=&#8220;on&#8220; button_bg_color=&#8220;#E02B20&#8243; button_border_width=&#8220;0px&#8220; button_border_radius=&#8220;8px&#8220; background_layout=&#8220;dark&#8220; custom_padding=&#8220;10px|58px|10px|58px|true|true&#8220; disabled=&#8220;on&#8220; global_colors_info=&#8220;{}&#8220;][\/et_pb_button][et_pb_button button_url=&#8220;#soon&#8220; button_text=&#8220;Tickets Soon Available&#8220; button_alignment=&#8220;center&#8220; disabled_on=&#8220;on|on|on&#8220; admin_label=&#8220;Soon Available button&#8220; module_id=&#8220;soon&#8220; _builder_version=&#8220;4.24.3&#8243; _module_preset=&#8220;default&#8220; custom_button=&#8220;on&#8220; button_text_color=&#8220;#FFFFFF&#8220; button_bg_color=&#8220;RGBA(255,196,89,0.8)&#8220; button_border_width=&#8220;0px&#8220; button_border_radius=&#8220;8px&#8220; background_layout=&#8220;dark&#8220; custom_padding=&#8220;10px|30px|10px|30px|true|true&#8220; disabled=&#8220;on&#8220; global_colors_info=&#8220;{}&#8220;][\/et_pb_button][et_pb_text admin_label=&#8220;Text&#8220; _builder_version=&#8220;4.24.3&#8243; _module_preset=&#8220;default&#8220; text_orientation=&#8220;center&#8220; locked=&#8220;off&#8220; global_colors_info=&#8220;{}&#8220;]<\/p>\n<div class=\"et_pb_row et_pb_row_0\">\n<div class=\"et_pb_column et_pb_column_4_4 et_pb_column_0 et_pb_css_mix_blend_mode_passthrough et-last-child\">\n<div class=\"et_pb_module et_pb_text et_pb_text_0 et_pb_text_align_left et_pb_bg_layout_light\">\n<div class=\"et_pb_text_inner\" style=\"text-align: center;\"><em>Wenn die Sitzplatzreservierung ge\u00f6ffnet ist, klicken Sie auf den obigen Button, um direkt zur Reservierung zu gelangen.<\/em><\/div>\n<\/div>\n<\/div>\n<\/div>\n<p>[\/et_pb_text][et_pb_text admin_label=&#8220;DO NOT RECORD OR FILM THE EVENT&#8220; _builder_version=&#8220;4.24.3&#8243; _module_preset=&#8220;default&#8220; locked=&#8220;off&#8220; global_colors_info=&#8220;{}&#8220;]<\/p>\n<h4>BITTE MACHEN SIE KEINE TON- ODER FILMAUFNAHMEN VON DER VERANSTALTUNG<\/h4>\n<p>Die Aufzeichnung der Veranstaltung ist urheberrechtlich gesch\u00fctzt. Personen, die beim Aufnehmen bemerkt werden, werden aufgefordert, dies zu unterlassen, und im Wiederholungsfall vom Veranstaltungsort verwiesen.<\/p>\n<p>Die Veranstaltung wird gefilmt. Mit einer Sitzplatzreservierung erkl\u00e4ren Sie Ihr Einverst\u00e4ndnis, dass Sie gefilmt werden, und geben Ihr Bild und ggf. Ihren Wortbeitrag zur Verwendung in Printmedien, sozialen Medien, Foto-, Audio-, Video- oder sonstigen Medien frei. Wenn Sie eine Eintrittskarte f\u00fcr eine andere Person erwerben, stellt deren Teilnahme an der Veranstaltung die gleiche Zustimmung und Freigabe dar.<\/p>\n<p><strong>Beim Einlass in das Geb\u00e4ude wird eine Sicherheitskontrolle durchgef\u00fchrt. Gep\u00e4ck, Rucks\u00e4cke oder \u00fcbergro\u00dfe Taschen k\u00f6nnen nicht mit in den Saal genommen werden.<\/strong><\/p>\n<p><strong>Teilnehmer aus dem Ausland:<\/strong> F\u00fcr Italien bestehen keine Reisebeschr\u00e4nkungen. Informieren Sie sich dennoch vorab \u00fcber aktuelle Reisebestimmungen.<\/p>\n<p>[\/et_pb_text][et_pb_accordion open_toggle_background_color=&#8220;RGBA(255,255,255,0)&#8220; icon_color=&#8220;#008B73&#8243; use_icon_font_size=&#8220;on&#8220; icon_font_size=&#8220;20px&#8220; _builder_version=&#8220;4.24.3&#8243; _module_preset=&#8220;default&#8220; border_color_all=&#8220;RGBA(255,255,255,0)&#8220; border_color_bottom=&#8220;#008B73&#8243; global_colors_info=&#8220;{}&#8220;][et_pb_accordion_item title=&#8220;KEINE SITZPL\u00c4TZE MEHR VERF\u00dcGBAR?&#8220; open=&#8220;on&#8220; _builder_version=&#8220;4.24.3&#8243; _module_preset=&#8220;default&#8220; global_colors_info=&#8220;{}&#8220;]<\/p>\n<p>Wenn Sie sich \u00fcber zur\u00fcckgegebene Sitzplatzreservierungen informieren m\u00f6chten, wenden Sie sich bitte an: <a href=\"mailto:servizioinfoline@imparaadascoltarti.it\"><span style=\"font-weight: 400;\">servizioinfoline@imparaadascoltarti.it<\/span><\/a>.<\/p>\n<p>Sind keine zur\u00fcckgegebenen Sitzplatzreservierungen verf\u00fcgbar, werden Sie auf eine Warteliste gesetzt.<\/p>\n<p>[\/et_pb_accordion_item][et_pb_accordion_item title=&#8220;R\u00dcCKGABE NICHT GENUTZTER SITZPL\u00c4TZE&#8220; _builder_version=&#8220;4.24.3&#8243; _module_preset=&#8220;default&#8220; global_colors_info=&#8220;{}&#8220; open=&#8220;off&#8220;]<\/p>\n<p>Wenn sich Ihre Pl\u00e4ne \u00e4ndern und Sie eine ungenutzte Sitzplatzreservierung haben, senden Sie diese bitte in elektronischer Form an:\u00a0 <a href=\"mailto:servizioinfoline@imparaadascoltarti.it\"><span style=\"font-weight: 400;\">servizioinfoline@imparaadascoltarti.it<\/span><\/a>.<\/p>\n<p>An diese Adresse gesendete Reservierungsbest\u00e4tigungen werden der Reihenfolge der Anfragen entsprechend an Interessenten vergeben.<\/p>\n<p>[\/et_pb_accordion_item][et_pb_accordion_item title=&#8220;BESONDERE BED\u00dcRFNISSE&#8220; _builder_version=&#8220;4.24.3&#8243; _module_preset=&#8220;default&#8220; global_colors_info=&#8220;{}&#8220; open=&#8220;off&#8220;]<\/p>\n<p>Es stehen ausgewiesene Pl\u00e4tze f\u00fcr Teilnehmende im Rollstuhl bereit.<\/p>\n<p>F\u00fcr H\u00f6rgesch\u00e4digte ist ein Kanal zur Verst\u00e4rkung des englischen Originaltons verf\u00fcgbar. Headsets sind in der Lobby gegen Vorlage eines Ausweises erh\u00e4ltlich.<\/p>\n<p>[\/et_pb_accordion_item][et_pb_accordion_item title=&#8220;\u00dcBERSETZUNG&#8220; _builder_version=&#8220;4.24.3&#8243; _module_preset=&#8220;default&#8220; global_colors_info=&#8220;{}&#8220; open=&#8220;off&#8220;]<\/p>\n<p>Die Veranstaltungssprache ist Englisch. Simultan\u00fcbersetzung ist in Italienisch und Deutsch verf\u00fcgbar.<\/p>\n<p>\u00dcbersetzungs-Headsets sind in der Lobby gegen Vorlage eines Ausweises erh\u00e4ltlich.<\/p>\n<p>[\/et_pb_accordion_item][et_pb_accordion_item title=&#8220;GEP\u00c4CK&#8220; _builder_version=&#8220;4.24.3&#8243; _module_preset=&#8220;default&#8220; global_colors_info=&#8220;{}&#8220; open=&#8220;off&#8220;]<\/p>\n<p class=\"p1\">Gep\u00e4ck, Rucks\u00e4cke oder \u00fcbergro\u00dfe Taschen k\u00f6nnen nicht mit in den Saal genommen werden.<\/p>\n<p class=\"p1\">Es steht keine Gep\u00e4ckaufbewahrung zur Verf\u00fcgung.<\/p>\n<p>[\/et_pb_accordion_item][et_pb_accordion_item title=&#8220;HILFE&#8220; _builder_version=&#8220;4.24.3&#8243; _module_preset=&#8220;default&#8220; global_colors_info=&#8220;{}&#8220; open=&#8220;off&#8220;]<\/p>\n<p>Ben\u00f6tigen Sie Hilfe?<\/p>\n<p>Wenden Sie sich an: <a href=\"mailto:servizioinfoline@imparaadascoltarti.it\"><span style=\"font-weight: 400;\">servizioinfoline@imparaadascoltarti.it<\/span><\/a>.<\/p>\n<p>[\/et_pb_accordion_item][\/et_pb_accordion][\/et_pb_column][\/et_pb_row][\/et_pb_section][et_pb_section fb_built=&#8220;1&#8243; disabled_on=&#8220;off|off|off&#8220; admin_label=&#8220;Full event details&#8220; _builder_version=&#8220;4.23.1&#8243; _module_preset=&#8220;default&#8220; locked=&#8220;off&#8220; collapsed=&#8220;off&#8220; global_colors_info=&#8220;{}&#8220;][et_pb_row _builder_version=&#8220;4.21.0&#8243; _module_preset=&#8220;default&#8220; global_colors_info=&#8220;{}&#8220;][et_pb_column type=&#8220;4_4&#8243; _builder_version=&#8220;4.21.0&#8243; _module_preset=&#8220;default&#8220; global_colors_info=&#8220;{}&#8220;][et_pb_text admin_label=&#8220;Sign up here&#8220; _builder_version=&#8220;4.24.3&#8243; _module_preset=&#8220;default&#8220; global_colors_info=&#8220;{}&#8220;]<\/p>\n<p>Wenn Sie \u00fcber Neuigkeiten und kommende Veranstaltungen mit Prem Rawat informiert werden wollen, tragen Sie sich unter Angabe Ihrer E-Mail-Adresse und dem Land Ihres Wohnsitzes in die WOPG-Mailingliste ein. Melden Sie sich hier an.<\/p>\n<p>[\/et_pb_text][\/et_pb_column][\/et_pb_row][\/et_pb_section]<\/p>\n","protected":false},"excerpt":{"rendered":"<p>Foto mit freundlicher Genehmigung von TimelessTodayLesen Sie diese Seite sorgf\u00e4ltig durch, sie enth\u00e4lt wichtige Informationen zu dem bevorstehenden Event. &nbsp; WANN UND WO Datum: Samstag, 22. Juni 2024 Zeit: Der Event beginnt um 18 Uhr Ortszeit. Einlass ab 16 Uhr. Ende ca. 20 Uhr. Ort: Auditorium Conciliazione Addresse: Via della Conciliazione, 4, 00193 Roma RM. [&hellip;]<\/p>\n","protected":false},"author":14,"featured_media":32339,"comment_status":"closed","ping_status":"closed","sticky":false,"template":"","format":"standard","meta":{"_et_pb_use_builder":"on","_et_pb_old_content":"","_et_gb_content_width":"","cybocfi_hide_featured_image":"","footnotes":""},"categories":[105],"tags":[],"post_folder":[],"class_list":["post-32392","post","type-post","status-publish","format-standard","has-post-thumbnail","hentry","category-recent-de"],"yoast_head":"<!-- This site is optimized with the Yoast SEO plugin v27.3 - https:\/\/yoast.com\/product\/yoast-seo-wordpress\/ -->\n<title>22. Juni 2024 \u2013 Prem Rawat in Rom, Italien | Words of Peace<\/title>\n<meta name=\"robots\" content=\"index, follow, max-snippet:-1, max-image-preview:large, max-video-preview:-1\" \/>\n<link rel=\"canonical\" href=\"https:\/\/www.wopg.org\/de\/22-juni-2024-prem-rawat-in-rom-rom-italien\/\" \/>\n<meta property=\"og:locale\" content=\"de_DE\" \/>\n<meta property=\"og:type\" content=\"article\" \/>\n<meta property=\"og:title\" content=\"22. Juni 2024 \u2013 Prem Rawat in Rom, Italien | Words of Peace\" \/>\n<meta property=\"og:description\" content=\"Foto mit freundlicher Genehmigung von TimelessTodayLesen Sie diese Seite sorgf\u00e4ltig durch, sie enth\u00e4lt wichtige Informationen zu dem bevorstehenden Event. &nbsp; WANN UND WO Datum: Samstag, 22. Juni 2024 Zeit: Der Event beginnt um 18 Uhr Ortszeit. Einlass ab 16 Uhr. Ende ca. 20 Uhr. Ort: Auditorium Conciliazione Addresse: Via della Conciliazione, 4, 00193 Roma RM. [&hellip;]\" \/>\n<meta property=\"og:url\" content=\"https:\/\/www.wopg.org\/de\/22-juni-2024-prem-rawat-in-rom-rom-italien\/\" \/>\n<meta property=\"og:site_name\" content=\"Words of Peace\" \/>\n<meta property=\"article:publisher\" content=\"https:\/\/www.facebook.com\/wordsofpeaceglobal\" \/>\n<meta property=\"article:published_time\" content=\"2024-06-01T11:27:30+00:00\" \/>\n<meta property=\"article:modified_time\" content=\"2024-06-23T12:24:52+00:00\" \/>\n<meta property=\"og:image\" content=\"https:\/\/eadn-wc03-5903292.nxedge.io\/wp-content\/uploads\/2024\/05\/230730_Brighton_Guru_Puja_jc_057-2-Edit_1080x608.jpg\" \/>\n\t<meta property=\"og:image:width\" content=\"1080\" \/>\n\t<meta property=\"og:image:height\" content=\"608\" \/>\n\t<meta property=\"og:image:type\" content=\"image\/jpeg\" \/>\n<meta name=\"author\" content=\"Roberto\" \/>\n<meta name=\"twitter:card\" content=\"summary_large_image\" \/>\n<meta name=\"twitter:creator\" content=\"@wopg\" \/>\n<meta name=\"twitter:site\" content=\"@wopg\" \/>\n<meta name=\"twitter:label1\" content=\"Verfasst von\" \/>\n\t<meta name=\"twitter:data1\" content=\"Roberto\" \/>\n\t<meta name=\"twitter:label2\" content=\"Gesch\u00e4tzte Lesezeit\" \/>\n\t<meta name=\"twitter:data2\" content=\"9\u00a0Minuten\" \/>\n<script type=\"application\/ld+json\" class=\"yoast-schema-graph\">{\"@context\":\"https:\\\/\\\/schema.org\",\"@graph\":[{\"@type\":\"Article\",\"@id\":\"https:\\\/\\\/www.wopg.org\\\/de\\\/22-juni-2024-prem-rawat-in-rom-rom-italien\\\/#article\",\"isPartOf\":{\"@id\":\"https:\\\/\\\/www.wopg.org\\\/de\\\/22-juni-2024-prem-rawat-in-rom-rom-italien\\\/\"},\"author\":{\"name\":\"Roberto\",\"@id\":\"https:\\\/\\\/www.wopg.org\\\/de\\\/#\\\/schema\\\/person\\\/c495a5aacd2a074ce031b7fa6625b3af\"},\"headline\":\"22. Juni 2024 \u2013 Prem Rawat in Rom, Italien\",\"datePublished\":\"2024-06-01T11:27:30+00:00\",\"dateModified\":\"2024-06-23T12:24:52+00:00\",\"mainEntityOfPage\":{\"@id\":\"https:\\\/\\\/www.wopg.org\\\/de\\\/22-juni-2024-prem-rawat-in-rom-rom-italien\\\/\"},\"wordCount\":1710,\"publisher\":{\"@id\":\"https:\\\/\\\/www.wopg.org\\\/de\\\/#organization\"},\"image\":{\"@id\":\"https:\\\/\\\/www.wopg.org\\\/de\\\/22-juni-2024-prem-rawat-in-rom-rom-italien\\\/#primaryimage\"},\"thumbnailUrl\":\"https:\\\/\\\/www.wopg.org\\\/wp-content\\\/uploads\\\/2024\\\/05\\\/230730_Brighton_Guru_Puja_jc_057-2-Edit_1080x608.jpg\",\"articleSection\":[\"Recent\"],\"inLanguage\":\"de\"},{\"@type\":\"WebPage\",\"@id\":\"https:\\\/\\\/www.wopg.org\\\/de\\\/22-juni-2024-prem-rawat-in-rom-rom-italien\\\/\",\"url\":\"https:\\\/\\\/www.wopg.org\\\/de\\\/22-juni-2024-prem-rawat-in-rom-rom-italien\\\/\",\"name\":\"22. Juni 2024 \u2013 Prem Rawat in Rom, Italien | Words of Peace\",\"isPartOf\":{\"@id\":\"https:\\\/\\\/www.wopg.org\\\/de\\\/#website\"},\"primaryImageOfPage\":{\"@id\":\"https:\\\/\\\/www.wopg.org\\\/de\\\/22-juni-2024-prem-rawat-in-rom-rom-italien\\\/#primaryimage\"},\"image\":{\"@id\":\"https:\\\/\\\/www.wopg.org\\\/de\\\/22-juni-2024-prem-rawat-in-rom-rom-italien\\\/#primaryimage\"},\"thumbnailUrl\":\"https:\\\/\\\/www.wopg.org\\\/wp-content\\\/uploads\\\/2024\\\/05\\\/230730_Brighton_Guru_Puja_jc_057-2-Edit_1080x608.jpg\",\"datePublished\":\"2024-06-01T11:27:30+00:00\",\"dateModified\":\"2024-06-23T12:24:52+00:00\",\"breadcrumb\":{\"@id\":\"https:\\\/\\\/www.wopg.org\\\/de\\\/22-juni-2024-prem-rawat-in-rom-rom-italien\\\/#breadcrumb\"},\"inLanguage\":\"de\",\"potentialAction\":[{\"@type\":\"ReadAction\",\"target\":[\"https:\\\/\\\/www.wopg.org\\\/de\\\/22-juni-2024-prem-rawat-in-rom-rom-italien\\\/\"]}]},{\"@type\":\"ImageObject\",\"inLanguage\":\"de\",\"@id\":\"https:\\\/\\\/www.wopg.org\\\/de\\\/22-juni-2024-prem-rawat-in-rom-rom-italien\\\/#primaryimage\",\"url\":\"https:\\\/\\\/www.wopg.org\\\/wp-content\\\/uploads\\\/2024\\\/05\\\/230730_Brighton_Guru_Puja_jc_057-2-Edit_1080x608.jpg\",\"contentUrl\":\"https:\\\/\\\/www.wopg.org\\\/wp-content\\\/uploads\\\/2024\\\/05\\\/230730_Brighton_Guru_Puja_jc_057-2-Edit_1080x608.jpg\",\"width\":1080,\"height\":608},{\"@type\":\"BreadcrumbList\",\"@id\":\"https:\\\/\\\/www.wopg.org\\\/de\\\/22-juni-2024-prem-rawat-in-rom-rom-italien\\\/#breadcrumb\",\"itemListElement\":[{\"@type\":\"ListItem\",\"position\":1,\"name\":\"Home\",\"item\":\"https:\\\/\\\/www.wopg.org\\\/de\\\/\"},{\"@type\":\"ListItem\",\"position\":2,\"name\":\"22. Juni 2024 \u2013 Prem Rawat in Rom, Italien\"}]},{\"@type\":\"WebSite\",\"@id\":\"https:\\\/\\\/www.wopg.org\\\/de\\\/#website\",\"url\":\"https:\\\/\\\/www.wopg.org\\\/de\\\/\",\"name\":\"Words of Peace\",\"description\":\"Practice Peace, Change Your World\",\"publisher\":{\"@id\":\"https:\\\/\\\/www.wopg.org\\\/de\\\/#organization\"},\"potentialAction\":[{\"@type\":\"SearchAction\",\"target\":{\"@type\":\"EntryPoint\",\"urlTemplate\":\"https:\\\/\\\/www.wopg.org\\\/de\\\/?s={search_term_string}\"},\"query-input\":{\"@type\":\"PropertyValueSpecification\",\"valueRequired\":true,\"valueName\":\"search_term_string\"}}],\"inLanguage\":\"de\"},{\"@type\":\"Organization\",\"@id\":\"https:\\\/\\\/www.wopg.org\\\/de\\\/#organization\",\"name\":\"Words of Peace\",\"url\":\"https:\\\/\\\/www.wopg.org\\\/de\\\/\",\"logo\":{\"@type\":\"ImageObject\",\"inLanguage\":\"de\",\"@id\":\"https:\\\/\\\/www.wopg.org\\\/de\\\/#\\\/schema\\\/logo\\\/image\\\/\",\"url\":\"https:\\\/\\\/wopg.org\\\/wp-content\\\/uploads\\\/2022\\\/02\\\/Words-of-Peace-logo-website61x252.png\",\"contentUrl\":\"https:\\\/\\\/wopg.org\\\/wp-content\\\/uploads\\\/2022\\\/02\\\/Words-of-Peace-logo-website61x252.png\",\"width\":252,\"height\":61,\"caption\":\"Words of Peace\"},\"image\":{\"@id\":\"https:\\\/\\\/www.wopg.org\\\/de\\\/#\\\/schema\\\/logo\\\/image\\\/\"},\"sameAs\":[\"https:\\\/\\\/www.facebook.com\\\/wordsofpeaceglobal\",\"https:\\\/\\\/x.com\\\/wopg\",\"https:\\\/\\\/www.instagram.com\\\/wopgofficial\\\/\"]},{\"@type\":\"Person\",\"@id\":\"https:\\\/\\\/www.wopg.org\\\/de\\\/#\\\/schema\\\/person\\\/c495a5aacd2a074ce031b7fa6625b3af\",\"name\":\"Roberto\",\"image\":{\"@type\":\"ImageObject\",\"inLanguage\":\"de\",\"@id\":\"https:\\\/\\\/secure.gravatar.com\\\/avatar\\\/3a2423ab531630d32d946fa10acea4a736bd03feede76ddcc150434c8458228b?s=96&d=mm&r=g\",\"url\":\"https:\\\/\\\/secure.gravatar.com\\\/avatar\\\/3a2423ab531630d32d946fa10acea4a736bd03feede76ddcc150434c8458228b?s=96&d=mm&r=g\",\"contentUrl\":\"https:\\\/\\\/secure.gravatar.com\\\/avatar\\\/3a2423ab531630d32d946fa10acea4a736bd03feede76ddcc150434c8458228b?s=96&d=mm&r=g\",\"caption\":\"Roberto\"},\"url\":\"https:\\\/\\\/www.wopg.org\\\/de\\\/author\\\/roberto\\\/\"}]}<\/script>\n<!-- \/ Yoast SEO plugin. -->","yoast_head_json":{"title":"22. Juni 2024 \u2013 Prem Rawat in Rom, Italien | Words of Peace","robots":{"index":"index","follow":"follow","max-snippet":"max-snippet:-1","max-image-preview":"max-image-preview:large","max-video-preview":"max-video-preview:-1"},"canonical":"https:\/\/www.wopg.org\/de\/22-juni-2024-prem-rawat-in-rom-rom-italien\/","og_locale":"de_DE","og_type":"article","og_title":"22. Juni 2024 \u2013 Prem Rawat in Rom, Italien | Words of Peace","og_description":"Foto mit freundlicher Genehmigung von TimelessTodayLesen Sie diese Seite sorgf\u00e4ltig durch, sie enth\u00e4lt wichtige Informationen zu dem bevorstehenden Event. &nbsp; WANN UND WO Datum: Samstag, 22. Juni 2024 Zeit: Der Event beginnt um 18 Uhr Ortszeit. Einlass ab 16 Uhr. Ende ca. 20 Uhr. Ort: Auditorium Conciliazione Addresse: Via della Conciliazione, 4, 00193 Roma RM. [&hellip;]","og_url":"https:\/\/www.wopg.org\/de\/22-juni-2024-prem-rawat-in-rom-rom-italien\/","og_site_name":"Words of Peace","article_publisher":"https:\/\/www.facebook.com\/wordsofpeaceglobal","article_published_time":"2024-06-01T11:27:30+00:00","article_modified_time":"2024-06-23T12:24:52+00:00","og_image":[{"width":1080,"height":608,"url":"https:\/\/eadn-wc03-5903292.nxedge.io\/wp-content\/uploads\/2024\/05\/230730_Brighton_Guru_Puja_jc_057-2-Edit_1080x608.jpg","type":"image\/jpeg"}],"author":"Roberto","twitter_card":"summary_large_image","twitter_creator":"@wopg","twitter_site":"@wopg","twitter_misc":{"Verfasst von":"Roberto","Gesch\u00e4tzte Lesezeit":"9\u00a0Minuten"},"schema":{"@context":"https:\/\/schema.org","@graph":[{"@type":"Article","@id":"https:\/\/www.wopg.org\/de\/22-juni-2024-prem-rawat-in-rom-rom-italien\/#article","isPartOf":{"@id":"https:\/\/www.wopg.org\/de\/22-juni-2024-prem-rawat-in-rom-rom-italien\/"},"author":{"name":"Roberto","@id":"https:\/\/www.wopg.org\/de\/#\/schema\/person\/c495a5aacd2a074ce031b7fa6625b3af"},"headline":"22. Juni 2024 \u2013 Prem Rawat in Rom, Italien","datePublished":"2024-06-01T11:27:30+00:00","dateModified":"2024-06-23T12:24:52+00:00","mainEntityOfPage":{"@id":"https:\/\/www.wopg.org\/de\/22-juni-2024-prem-rawat-in-rom-rom-italien\/"},"wordCount":1710,"publisher":{"@id":"https:\/\/www.wopg.org\/de\/#organization"},"image":{"@id":"https:\/\/www.wopg.org\/de\/22-juni-2024-prem-rawat-in-rom-rom-italien\/#primaryimage"},"thumbnailUrl":"https:\/\/eadn-wc03-5903292.nxedge.io\/wp-content\/uploads\/2024\/05\/230730_Brighton_Guru_Puja_jc_057-2-Edit_1080x608.jpg","articleSection":["Recent"],"inLanguage":"de"},{"@type":"WebPage","@id":"https:\/\/www.wopg.org\/de\/22-juni-2024-prem-rawat-in-rom-rom-italien\/","url":"https:\/\/www.wopg.org\/de\/22-juni-2024-prem-rawat-in-rom-rom-italien\/","name":"22. Juni 2024 \u2013 Prem Rawat in Rom, Italien | Words of Peace","isPartOf":{"@id":"https:\/\/www.wopg.org\/de\/#website"},"primaryImageOfPage":{"@id":"https:\/\/www.wopg.org\/de\/22-juni-2024-prem-rawat-in-rom-rom-italien\/#primaryimage"},"image":{"@id":"https:\/\/www.wopg.org\/de\/22-juni-2024-prem-rawat-in-rom-rom-italien\/#primaryimage"},"thumbnailUrl":"https:\/\/eadn-wc03-5903292.nxedge.io\/wp-content\/uploads\/2024\/05\/230730_Brighton_Guru_Puja_jc_057-2-Edit_1080x608.jpg","datePublished":"2024-06-01T11:27:30+00:00","dateModified":"2024-06-23T12:24:52+00:00","breadcrumb":{"@id":"https:\/\/www.wopg.org\/de\/22-juni-2024-prem-rawat-in-rom-rom-italien\/#breadcrumb"},"inLanguage":"de","potentialAction":[{"@type":"ReadAction","target":["https:\/\/www.wopg.org\/de\/22-juni-2024-prem-rawat-in-rom-rom-italien\/"]}]},{"@type":"ImageObject","inLanguage":"de","@id":"https:\/\/www.wopg.org\/de\/22-juni-2024-prem-rawat-in-rom-rom-italien\/#primaryimage","url":"https:\/\/eadn-wc03-5903292.nxedge.io\/wp-content\/uploads\/2024\/05\/230730_Brighton_Guru_Puja_jc_057-2-Edit_1080x608.jpg","contentUrl":"https:\/\/eadn-wc03-5903292.nxedge.io\/wp-content\/uploads\/2024\/05\/230730_Brighton_Guru_Puja_jc_057-2-Edit_1080x608.jpg","width":1080,"height":608},{"@type":"BreadcrumbList","@id":"https:\/\/www.wopg.org\/de\/22-juni-2024-prem-rawat-in-rom-rom-italien\/#breadcrumb","itemListElement":[{"@type":"ListItem","position":1,"name":"Home","item":"https:\/\/www.wopg.org\/de\/"},{"@type":"ListItem","position":2,"name":"22. Juni 2024 \u2013 Prem Rawat in Rom, Italien"}]},{"@type":"WebSite","@id":"https:\/\/www.wopg.org\/de\/#website","url":"https:\/\/www.wopg.org\/de\/","name":"Words of Peace","description":"Practice Peace, Change Your World","publisher":{"@id":"https:\/\/www.wopg.org\/de\/#organization"},"potentialAction":[{"@type":"SearchAction","target":{"@type":"EntryPoint","urlTemplate":"https:\/\/www.wopg.org\/de\/?s={search_term_string}"},"query-input":{"@type":"PropertyValueSpecification","valueRequired":true,"valueName":"search_term_string"}}],"inLanguage":"de"},{"@type":"Organization","@id":"https:\/\/www.wopg.org\/de\/#organization","name":"Words of Peace","url":"https:\/\/www.wopg.org\/de\/","logo":{"@type":"ImageObject","inLanguage":"de","@id":"https:\/\/www.wopg.org\/de\/#\/schema\/logo\/image\/","url":"https:\/\/wopg.org\/wp-content\/uploads\/2022\/02\/Words-of-Peace-logo-website61x252.png","contentUrl":"https:\/\/wopg.org\/wp-content\/uploads\/2022\/02\/Words-of-Peace-logo-website61x252.png","width":252,"height":61,"caption":"Words of Peace"},"image":{"@id":"https:\/\/www.wopg.org\/de\/#\/schema\/logo\/image\/"},"sameAs":["https:\/\/www.facebook.com\/wordsofpeaceglobal","https:\/\/x.com\/wopg","https:\/\/www.instagram.com\/wopgofficial\/"]},{"@type":"Person","@id":"https:\/\/www.wopg.org\/de\/#\/schema\/person\/c495a5aacd2a074ce031b7fa6625b3af","name":"Roberto","image":{"@type":"ImageObject","inLanguage":"de","@id":"https:\/\/secure.gravatar.com\/avatar\/3a2423ab531630d32d946fa10acea4a736bd03feede76ddcc150434c8458228b?s=96&d=mm&r=g","url":"https:\/\/secure.gravatar.com\/avatar\/3a2423ab531630d32d946fa10acea4a736bd03feede76ddcc150434c8458228b?s=96&d=mm&r=g","contentUrl":"https:\/\/secure.gravatar.com\/avatar\/3a2423ab531630d32d946fa10acea4a736bd03feede76ddcc150434c8458228b?s=96&d=mm&r=g","caption":"Roberto"},"url":"https:\/\/www.wopg.org\/de\/author\/roberto\/"}]}},"_links":{"self":[{"href":"https:\/\/www.wopg.org\/de\/wp-json\/wp\/v2\/posts\/32392","targetHints":{"allow":["GET"]}}],"collection":[{"href":"https:\/\/www.wopg.org\/de\/wp-json\/wp\/v2\/posts"}],"about":[{"href":"https:\/\/www.wopg.org\/de\/wp-json\/wp\/v2\/types\/post"}],"author":[{"embeddable":true,"href":"https:\/\/www.wopg.org\/de\/wp-json\/wp\/v2\/users\/14"}],"replies":[{"embeddable":true,"href":"https:\/\/www.wopg.org\/de\/wp-json\/wp\/v2\/comments?post=32392"}],"version-history":[{"count":19,"href":"https:\/\/www.wopg.org\/de\/wp-json\/wp\/v2\/posts\/32392\/revisions"}],"predecessor-version":[{"id":32889,"href":"https:\/\/www.wopg.org\/de\/wp-json\/wp\/v2\/posts\/32392\/revisions\/32889"}],"wp:featuredmedia":[{"embeddable":true,"href":"https:\/\/www.wopg.org\/de\/wp-json\/wp\/v2\/media\/32339"}],"wp:attachment":[{"href":"https:\/\/www.wopg.org\/de\/wp-json\/wp\/v2\/media?parent=32392"}],"wp:term":[{"taxonomy":"category","embeddable":true,"href":"https:\/\/www.wopg.org\/de\/wp-json\/wp\/v2\/categories?post=32392"},{"taxonomy":"post_tag","embeddable":true,"href":"https:\/\/www.wopg.org\/de\/wp-json\/wp\/v2\/tags?post=32392"},{"taxonomy":"post_folder","embeddable":true,"href":"https:\/\/www.wopg.org\/de\/wp-json\/wp\/v2\/post_folder?post=32392"}],"curies":[{"name":"wp","href":"https:\/\/api.w.org\/{rel}","templated":true}]}}