{"id":38342,"date":"2025-01-25T08:52:08","date_gmt":"2025-01-25T08:52:08","guid":{"rendered":"https:\/\/www.wopg.org\/8-februar-2025-prem-rawat-in-barcelona\/"},"modified":"2025-02-09T08:11:59","modified_gmt":"2025-02-09T08:11:59","slug":"prem-rawat-in-barcelona","status":"publish","type":"post","link":"https:\/\/www.wopg.org\/de\/prem-rawat-in-barcelona\/","title":{"rendered":"8. Februar 2025: Prem Rawat in Barcelona"},"content":{"rendered":"<p>[et_pb_section fb_built=&#8220;1&#8243; _builder_version=&#8220;4.17.4&#8243; _module_preset=&#8220;default&#8220; custom_margin=&#8220;-50px||||false|false&#8220; custom_padding=&#8220;0px||0px||false|false&#8220; global_colors_info=&#8220;{}&#8220;][et_pb_row _builder_version=&#8220;4.17.4&#8243; _module_preset=&#8220;default&#8220; custom_padding=&#8220;0px||||false|false&#8220; global_colors_info=&#8220;{}&#8220;][et_pb_column type=&#8220;4_4&#8243; _builder_version=&#8220;4.17.4&#8243; _module_preset=&#8220;default&#8220; global_colors_info=&#8220;{}&#8220;][et_pb_text _builder_version=&#8220;4.27.2&#8243; _module_preset=&#8220;default&#8220; global_colors_info=&#8220;{}&#8220;]<\/p>\n<h6 style=\"text-align: center;\">Foto mit freundlicher Genehmigung von TimelessToday<\/h6>\n<p>[\/et_pb_text][\/et_pb_column][\/et_pb_row][\/et_pb_section][et_pb_section fb_built=&#8220;1&#8243; disabled_on=&#8220;off|off|off&#8220; admin_label=&#8220;Full event details&#8220; _builder_version=&#8220;4.27.2&#8243; _module_preset=&#8220;default&#8220; custom_padding=&#8220;0px||||false|false&#8220; locked=&#8220;off&#8220; collapsed=&#8220;off&#8220; global_colors_info=&#8220;{}&#8220;][et_pb_row _builder_version=&#8220;4.21.0&#8243; _module_preset=&#8220;default&#8220; custom_padding=&#8220;0px||||false|false&#8220; custom_css_main_element=&#8220;display: flex;||flex-wrap: wrap;||justify-content: center;&#8220; global_colors_info=&#8220;{}&#8220;][et_pb_column type=&#8220;4_4&#8243; _builder_version=&#8220;4.21.0&#8243; _module_preset=&#8220;default&#8220; global_colors_info=&#8220;{}&#8220;][et_pb_text admin_label=&#8220;WHEN AND WHERE&#8220; _builder_version=&#8220;4.27.2&#8243; _module_preset=&#8220;default&#8220; header_2_text_align=&#8220;left&#8220; header_3_text_align=&#8220;left&#8220; header_2_text_align_tablet=&#8220;left&#8220; header_2_text_align_phone=&#8220;center&#8220; header_2_text_align_last_edited=&#8220;on|desktop&#8220; header_2_font_size_tablet=&#8220;&#8220; header_2_font_size_phone=&#8220;2em&#8220; header_2_font_size_last_edited=&#8220;on|desktop&#8220; header_3_text_align_tablet=&#8220;left&#8220; header_3_text_align_phone=&#8220;center&#8220; header_3_text_align_last_edited=&#8220;on|desktop&#8220; header_3_font_size_phone=&#8220;1.1em&#8220; custom_css_free_form=&#8220;.selector .et_pb_text_inner h2 {||  margin-bottom: 3px;||}||||.selector .et_pb_text_inner h3 {||  margin-bottom: 1.5rem;||}&#8220; global_colors_info=&#8220;{}&#8220; content__hover_enabled=&#8220;off|desktop&#8220;]<\/p>\n<p><em>Lesen Sie diese Seite bitte sorgf\u00e4ltig durch, sie enth\u00e4lt wichtige Informationen zu der bevorstehenden Veranstaltung.<\/em><\/p>\n<h4>WANN UND WO<\/h4>\n<p><strong>Datum:<\/strong> <span style=\"font-weight: 400;\">Samstag, 8. Februar 2025<\/span><\/p>\n<p><strong>Zeit:<\/strong><span style=\"font-weight: 400;\"> Die Veranstaltung beginnt um 17 Uhr MEZ (Barcelona-Zeit).\u00a0Die Lobby ist ab 15:45 ge\u00f6ffnet. Ende ca. 19 Uhr.<\/span><\/p>\n<p><strong>Ort: <span style=\"font-weight: 400;\"><a href=\"https:\/\/www.catalunyacongresscenter.com\/en\" target=\"_blank\" rel=\"noopener\">Palau de Congressos de Catalunya<\/a><\/span><\/strong><\/p>\n<p><strong>Addresse:<\/strong> <span style=\"font-weight: 400;\">Avda. Diagonal, 661*671, Les Corts, 08028 Barcelona, Spanien<\/span><\/p>\n<p><a href=\"https:\/\/www.catalunyacongresscenter.com\/en\/barcelona\/getting-in\" target=\"_blank\" rel=\"noopener\"><span style=\"font-weight: 400;\">Wegbeschreibung, Parken und \u00f6ffentliche Verkehrsmittel <\/span><\/a><\/p>\n<p>[\/et_pb_text][et_pb_text admin_label=&#8220;WHO IS INVITED&#8220; _builder_version=&#8220;4.27.2&#8243; _module_preset=&#8220;default&#8220; global_colors_info=&#8220;{}&#8220;]<\/p>\n<h4>WER IST EINGELADEN?<\/h4>\n<p><span style=\"font-weight: 400;\">Jeder ist eingeladen, der an Prem Rawat und seiner Botschaft pers\u00f6nlichen Friedens interessiert ist. <\/span><\/p>\n<p>[\/et_pb_text][et_pb_text admin_label=&#8220;WHO IS INVITED &#8211; CHILDREN&#8220; _builder_version=&#8220;4.27.2&#8243; _module_preset=&#8220;default&#8220; global_colors_info=&#8220;{}&#8220;]<\/p>\n<h4>KINDER<\/h4>\n<p>F\u00fcr Kinder unter 10 Jahren ist die Veranstaltung nicht geeignet.<\/p>\n<p>[\/et_pb_text][et_pb_text admin_label=&#8220;PURCHASE OF TICKETS&#8220; _builder_version=&#8220;4.27.2&#8243; _module_preset=&#8220;default&#8220; global_colors_info=&#8220;{}&#8220;]<\/p>\n<h4>TICKETS<\/h4>\n<p><b>Der Ticketverkauf beginnt am <\/b><b>28.<\/b><b> <\/b><b>Januar<\/b><b> um <\/b><b>18 Uhr MEZ (Barcelona-Zeit)<\/b><b>.<\/b><\/p>\n<p><span style=\"font-weight: 400;\">Halten Sie beim Einlass einen Ausdruck Ihres Tickets oder Ihr elektronisches Ticket auf Ihrem Smartphone mit sichtbarem Barcode bereit.<\/span><\/p>\n<p><span style=\"font-weight: 400;\">Wenn Sie aus irgendeinem Grund kein Ticket kaufen k\u00f6nnen, wenden Sie sich bitte an <a href=\"mailto:help.barcelonaevent@gmail.com\">help.barcelonaevent@gmail.com<\/a>.<\/span><\/p>\n<p>[\/et_pb_text][et_pb_text admin_label=&#8220;Ticket Prices&#8220; _builder_version=&#8220;4.27.2&#8243; _module_preset=&#8220;default&#8220; locked=&#8220;off&#8220; global_colors_info=&#8220;{}&#8220;]<\/p>\n<p><strong>Preise<\/strong><\/p>\n<ul>\n<li style=\"font-weight: 400;\" aria-level=\"1\"><span style=\"font-weight: 400;\">120 \u20ac (+ Buchungsgeb\u00fchr)<\/span><\/li>\n<li style=\"font-weight: 400;\" aria-level=\"1\"><span style=\"font-weight: 400;\">100 \u20ac\u00a0 (+ Buchungsgeb\u00fchr) <\/span> <span style=\"font-weight: 400;\">\u00a0<\/span><\/li>\n<li style=\"font-weight: 400;\" aria-level=\"1\"><span style=\"font-weight: 400;\">80 \u20ac\u00a0 (+ Buchungsgeb\u00fchr)<\/span><\/li>\n<li style=\"font-weight: 400;\" aria-level=\"1\"><span style=\"font-weight: 400;\">50 \u20ac\u00a0 (+ Buchungsgeb\u00fchr)<\/span><\/li>\n<li style=\"font-weight: 400;\" aria-level=\"1\">30 \u20ac\u00a0 (+ Buchungsgeb\u00fchr)<\/li>\n<\/ul>\n<p><span style=\"font-weight: 400;\">Pro Person k\u00f6nnen <\/span><b>2 Sitzpl\u00e4tze<\/b><span style=\"font-weight: 400;\"> gekauft werden. Kaufen Sie bitte nur so viele Pl\u00e4tze, wie Sie auch nutzen werden.<\/span><\/p>\n<p><b>Aus logistischen Gr\u00fcnden werden Sie gebeten, Ihren Platz <\/b><b> 10 Minuten vor Veranstaltungsbeginn einzunehmen. Danach werden Sie im hinteren Bereich der Halle platziert, um Ablenkungen zu vermeiden.<\/b><\/p>\n<p><b>R\u00fcckerstattungen sind nicht m\u00f6glich.<\/b><\/p>\n<p>[\/et_pb_text][et_pb_text disabled_on=&#8220;on|on|on&#8220; _builder_version=&#8220;4.27.0&#8243; _module_preset=&#8220;default&#8220; disabled=&#8220;on&#8220; global_colors_info=&#8220;{}&#8220;]<\/p>\n<p style=\"text-align: center;\"><strong>Zum Ticketverkauf gelangen Sie durch Klicken auf die Schaltfl\u00e4che unten:<\/strong><\/p>\n<p>[\/et_pb_text][et_pb_button button_url=&#8220;https:\/\/www.entradas.com\/artist\/prem-rawat\/&#8220; url_new_window=&#8220;on&#8220; button_text=&#8220;Ticket(s) kaufen&#8220; button_alignment=&#8220;center&#8220; disabled_on=&#8220;off|off|off&#8220; admin_label=&#8220;Purchase Ticket(s)&#8220; _builder_version=&#8220;4.27.2&#8243; _module_preset=&#8220;default&#8220; custom_button=&#8220;on&#8220; button_bg_color=&#8220;#008B73&#8243; button_border_width=&#8220;0px&#8220; button_border_radius=&#8220;8px&#8220; background_layout=&#8220;dark&#8220; custom_padding=&#8220;10px|49px|10px|49px|true|true&#8220; hover_enabled=&#8220;0&#8243; global_colors_info=&#8220;{}&#8220; sticky_enabled=&#8220;0&#8243;][\/et_pb_button][et_pb_button button_url=&#8220;#&#8220; button_text=&#8220;Tickets ausverkauft&#8220; button_alignment=&#8220;center&#8220; disabled_on=&#8220;on|on|on&#8220; admin_label=&#8220;Sold Out button&#8220; _builder_version=&#8220;4.27.2&#8243; _module_preset=&#8220;default&#8220; custom_button=&#8220;on&#8220; button_bg_color=&#8220;#E02B20&#8243; button_border_width=&#8220;0px&#8220; button_border_radius=&#8220;8px&#8220; background_layout=&#8220;dark&#8220; custom_padding=&#8220;10px|58px|10px|58px|true|true&#8220; disabled=&#8220;on&#8220; global_colors_info=&#8220;{}&#8220;][\/et_pb_button][et_pb_button button_url=&#8220;#soon&#8220; button_text=&#8220;Tickets in K\u00fcrze verf\u00fcgbar&#8220; button_alignment=&#8220;center&#8220; disabled_on=&#8220;on|on|on&#8220; admin_label=&#8220;Soon Available button&#8220; module_id=&#8220;soon&#8220; _builder_version=&#8220;4.27.2&#8243; _module_preset=&#8220;default&#8220; custom_button=&#8220;on&#8220; button_text_color=&#8220;#FFFFFF&#8220; button_bg_color=&#8220;RGBA(255,196,89,0.8)&#8220; button_border_width=&#8220;0px&#8220; button_border_radius=&#8220;8px&#8220; background_layout=&#8220;dark&#8220; custom_padding=&#8220;10px|30px|10px|30px|true|true&#8220; disabled=&#8220;on&#8220; global_colors_info=&#8220;{}&#8220;][\/et_pb_button][et_pb_text disabled_on=&#8220;off|off|off&#8220; _builder_version=&#8220;4.27.2&#8243; _module_preset=&#8220;default&#8220; text_orientation=&#8220;center&#8220; locked=&#8220;off&#8220; global_colors_info=&#8220;{}&#8220;]<\/p>\n<div class=\"et_pb_row et_pb_row_0\">\n<div class=\"et_pb_column et_pb_column_4_4 et_pb_column_0 et_pb_css_mix_blend_mode_passthrough et-last-child\">\n<div class=\"et_pb_module et_pb_text et_pb_text_0 et_pb_text_align_left et_pb_bg_layout_light\">\n<div class=\"et_pb_text_inner\" style=\"text-align: center;\"><em>(Klicken Sie nach \u00d6ffnung des Ticketverkaufs auf obige Schaltfl\u00e4che, um direkt dorthin zu gelangen.)<\/em><\/div>\n<\/div>\n<\/div>\n<\/div>\n<p>[\/et_pb_text][et_pb_text admin_label=&#8220;DO NOT RECORD OR FILM THE EVENT&#8220; _builder_version=&#8220;4.27.2&#8243; _module_preset=&#8220;default&#8220; locked=&#8220;off&#8220; global_colors_info=&#8220;{}&#8220;]<\/p>\n<h4>BITTE MACHEN SIE KEINE TON- ODER FILMAUFNAHMEN VON DER VERANSTALTUNG<\/h4>\n<p>Die offizielle Aufzeichnung der Veranstaltung ist urheberrechtlich gesch\u00fctzt. Personen, die beim Aufnehmen bemerkt werden, werden aufgefordert, dies zu unterlassen, und im Wiederholungsfall vom Veranstaltungsort verwiesen.<\/p>\n<p>Die Veranstaltung wird gefilmt. Mit dem Kauf einer Eintrittskarte erkl\u00e4ren Sie Ihr Einverst\u00e4ndnis, dass Sie gefilmt werden und Ihr Bild \/ Ihre Stimme zur Verwendung in Printmedien, sozialen Medien, Foto-, Audio-, Video- oder sonstigen Medien freigeben. Wenn Sie eine Eintrittskarte f\u00fcr eine andere Person kaufen, stellt deren Teilnahme an der Veranstaltung die gleiche Zustimmung und Freigabe dar.<\/p>\n<p><strong>Beim Einlass in das Geb\u00e4ude wird eine Sicherheitskontrolle durchgef\u00fchrt. Gep\u00e4ck, Rucks\u00e4cke oder \u00fcbergro\u00dfe Taschen k\u00f6nnen nicht mit in den Saal genommen werden<\/strong>.<\/p>\n<p><em><strong>Bitte beachten Sie<\/strong>: Es wird empfohlen, Reisevorbereitungen erst nach erfolgtem Ticketkauf zu treffen, da die Nachfrage nach Sitzpl\u00e4tzen die Kapazit\u00e4t des Veranstaltungsortes \u00fcbersteigen kann<\/em>.<\/p>\n<p><em><strong>Reisende aus dem Ausland<\/strong>: F\u00fcr Spanien bestehen keine Reisebeschr\u00e4nkungen. Informieren Sie sich dennoch vorab \u00fcber aktuelle Reisebestimmungen und m\u00f6gliche Einschr\u00e4nkungen<\/em>.<\/p>\n<p>[\/et_pb_text][et_pb_accordion open_toggle_background_color=&#8220;RGBA(255,255,255,0)&#8220; icon_color=&#8220;#008B73&#8243; use_icon_font_size=&#8220;on&#8220; icon_font_size=&#8220;20px&#8220; _builder_version=&#8220;4.27.2&#8243; _module_preset=&#8220;default&#8220; border_color_all=&#8220;RGBA(255,255,255,0)&#8220; border_color_bottom=&#8220;#008B73&#8243; global_colors_info=&#8220;{}&#8220;][et_pb_accordion_item title=&#8220;HILFE BEIM TICKETKAUF&#8220; open=&#8220;on&#8220; _builder_version=&#8220;4.27.2&#8243; _module_preset=&#8220;default&#8220; global_colors_info=&#8220;{}&#8220;]<\/p>\n<p>Der Kauf von Online-Tickets ist sowohl mit dem Computer als auch mit Mobilger\u00e4ten m\u00f6glich. Es empfiehlt sich, Ihre Browser-Chronik zu l\u00f6schen, bevor Sie mit dem Kauf beginnen.<\/p>\n<p>Beim Online-Ticketkauf k\u00f6nnen Probleme auftreten. Bei gro\u00dfer Nachfrage kann die automatische Meldung \u201eKeine Pl\u00e4tze verf\u00fcgbar\u201c erscheinen, was nicht bedeuten muss, dass die Veranstaltung ausverkauft ist.<\/p>\n<p>Sie haben dann folgende M\u00f6glichkeiten:<br \/>\u2013 Pr\u00fcfen Sie auf\u00a0<a href=\"http:\/\/www.wopg.org\">www.wopg.org<\/a>, ob die Veranstaltung ausverkauft ist<br \/>\u2013 Warten Sie einen Moment und versuchen Sie es dann erneut<br \/>\u2013 Versuchen Sie es auf einem anderen Ger\u00e4t<br \/>\u2013 Wenn Sie keinen Erfolg haben, wenden Sie sich per E-Mail an <a href=\"mailto:help.barcelonaevent@gmail.com\"><span style=\"font-weight: 400;\">help.barcelonaevent@gmail.com<\/span><\/a><\/p>\n<p>[\/et_pb_accordion_item][et_pb_accordion_item title=&#8220;TICKETS AUSVERKAUFT?&#8220; _builder_version=&#8220;4.27.2&#8243; _module_preset=&#8220;default&#8220; global_colors_info=&#8220;{}&#8220; open=&#8220;off&#8220;]<\/p>\n<p>Wenn Tickets als ausverkauft angezeigt werden, versuchen Sie es einige Stunden sp\u00e4ter erneut, da zur\u00fcckgehaltene Tickets wieder verf\u00fcgbar werden k\u00f6nnen. Wenn Sie sich \u00fcber zur\u00fcckgegebene Tickets informieren m\u00f6chten, schreiben Sie eine E-Mail an <a href=\"mailto:help.barcelonaevent@gmail.com\"><span style=\"font-weight: 400;\">help.barcelonaevent@gmail.com<\/span><\/a>.<\/p>\n<p>Sind keine zur\u00fcckgegebenen Tickets verf\u00fcgbar, werden Sie auf eine Warteliste gesetzt.<\/p>\n<p>[\/et_pb_accordion_item][et_pb_accordion_item title=&#8220;R\u00dcCKGABE NICHT GENUTZTER TICKETS&#8220; _builder_version=&#8220;4.27.2&#8243; _module_preset=&#8220;default&#8220; global_colors_info=&#8220;{}&#8220; open=&#8220;off&#8220;]<\/p>\n<p>Wenn sich Ihre Pl\u00e4ne \u00e4ndern und Sie ein ungenutztes Ticket haben, senden Sie das Ticket bitte in elektronischer Form an <a href=\"mailto:help.barcelonaevent@gmail.com\"><span style=\"font-weight: 400;\">help.barcelonaevent@gmail.com<\/span><\/a>.<\/p>\n<p>Die an diese Adresse gesendeten Tickets werden der Reihenfolge der Anfragen nach an Interessenten vergeben.<\/p>\n<p>R\u00fcckerstattungen sind nicht m\u00f6glich.<\/p>\n<p>[\/et_pb_accordion_item][et_pb_accordion_item title=&#8220;BESONDERE BED\u00dcRFNISSE&#8220; _builder_version=&#8220;4.27.2&#8243; _module_preset=&#8220;default&#8220; global_colors_info=&#8220;{}&#8220; open=&#8220;off&#8220;]<\/p>\n<p>Wir helfen Ihnen, wenn Sie die Veranstaltung im Rollstuhl besuchen.<\/p>\n<p>Wenn Sie Probleme haben, einen Rollstuhlplatz oder einen Platz f\u00fcr eine Begleitperson zu buchen, wenden Sie sich bitte an <a href=\"mailto:help.barcelonaevent@gmail.com\"><span style=\"font-weight: 400;\">help.barcelonaevent@gmail.com<\/span><\/a>.<\/p>\n<p>F\u00fcr H\u00f6rgesch\u00e4digte steht ein Verst\u00e4rkungskanal in Englisch zur Verf\u00fcgung. Headsets sind in der Lobby gegen Pfand (Ausweis) erh\u00e4ltlich.<\/p>\n<p>[\/et_pb_accordion_item][et_pb_accordion_item title=&#8220;\u00dcBERSETZUNG&#8220; _builder_version=&#8220;4.27.2&#8243; _module_preset=&#8220;default&#8220; global_colors_info=&#8220;{}&#8220; open=&#8220;off&#8220;]<\/p>\n<p><span style=\"font-weight: 400;\">Die Veranstaltungssprache ist Englisch. Es wird \u00dcbersetzung in <\/span><span style=\"font-weight: 400;\">Deutsch, Franz\u00f6sisch, Italienisch, Portugiesisch und Spanisch<\/span><span style=\"font-weight: 400;\"> angeboten.<\/span><\/p>\n<p>Headsets sind in der Lobby gegen Pfand (Ausweis) erh\u00e4ltlich.<\/p>\n<p>[\/et_pb_accordion_item][et_pb_accordion_item title=&#8220;GEP\u00c4CK&#8220; _builder_version=&#8220;4.27.2&#8243; _module_preset=&#8220;default&#8220; global_colors_info=&#8220;{}&#8220; open=&#8220;off&#8220;]<\/p>\n<p class=\"p1\">Gep\u00e4ck, Rucks\u00e4cke oder \u00fcbergro\u00dfe Taschen k\u00f6nnen nicht mit in den Saal genommen werden.<\/p>\n<p class=\"p1\">Es steht keine Gep\u00e4ckaufbewahrung zur Verf\u00fcgung.<\/p>\n<p>[\/et_pb_accordion_item][et_pb_accordion_item title=&#8220;HILFE&#8220; _builder_version=&#8220;4.27.2&#8243; _module_preset=&#8220;default&#8220; global_colors_info=&#8220;{}&#8220; open=&#8220;off&#8220;]<\/p>\n<p>Ben\u00f6tigen Sie Hilfe?<\/p>\n<p>Wenden Sie sich an <a href=\"mailto:help.barcelonaevent@gmail.com\"><span style=\"font-weight: 400;\">help.barcelonaevent@gmail.com<\/span><\/a><\/p>\n<p>[\/et_pb_accordion_item][\/et_pb_accordion][\/et_pb_column][\/et_pb_row][et_pb_row _builder_version=&#8220;4.21.0&#8243; _module_preset=&#8220;default&#8220; global_colors_info=&#8220;{}&#8220;][et_pb_column type=&#8220;4_4&#8243; _builder_version=&#8220;4.21.0&#8243; _module_preset=&#8220;default&#8220; global_colors_info=&#8220;{}&#8220;][et_pb_text admin_label=&#8220;Sign up here&#8220; _builder_version=&#8220;4.27.2&#8243; _module_preset=&#8220;default&#8220; global_colors_info=&#8220;{}&#8220;]<\/p>\n<p>Wenn Sie \u00fcber Neuigkeiten und kommende Veranstaltungen mit Prem Rawat informiert werden m\u00f6chten, tragen Sie sich unter Angabe von E-Mail-Adresse und Land Ihres Wohnsitzes in die WOPG-Mailingliste ein (siehe unten).<\/p>\n<p>[\/et_pb_text][\/et_pb_column][\/et_pb_row][\/et_pb_section]<\/p>\n","protected":false},"excerpt":{"rendered":"<p>Foto mit freundlicher Genehmigung von TimelessTodayLesen Sie diese Seite bitte sorgf\u00e4ltig durch, sie enth\u00e4lt wichtige Informationen zu der bevorstehenden Veranstaltung. WANN UND WO Datum: Samstag, 8. Februar 2025 Zeit: Die Veranstaltung beginnt um 17 Uhr MEZ (Barcelona-Zeit).\u00a0Die Lobby ist ab 15:45 ge\u00f6ffnet. Ende ca. 19 Uhr. Ort: Palau de Congressos de Catalunya Addresse: Avda. Diagonal, [&hellip;]<\/p>\n","protected":false},"author":3,"featured_media":38174,"comment_status":"closed","ping_status":"closed","sticky":false,"template":"","format":"standard","meta":{"_et_pb_use_builder":"on","_et_pb_old_content":"","_et_gb_content_width":"","cybocfi_hide_featured_image":"","footnotes":""},"categories":[105],"tags":[],"post_folder":[],"class_list":["post-38342","post","type-post","status-publish","format-standard","has-post-thumbnail","hentry","category-recent-de"],"yoast_head":"<!-- This site is optimized with the Yoast SEO plugin v27.3 - https:\/\/yoast.com\/product\/yoast-seo-wordpress\/ -->\n<title>8. Februar 2025: Prem Rawat in Barcelona | Words of Peace<\/title>\n<meta name=\"robots\" content=\"index, follow, max-snippet:-1, max-image-preview:large, max-video-preview:-1\" \/>\n<link rel=\"canonical\" href=\"https:\/\/www.wopg.org\/de\/prem-rawat-in-barcelona\/\" \/>\n<meta property=\"og:locale\" content=\"de_DE\" \/>\n<meta property=\"og:type\" content=\"article\" \/>\n<meta property=\"og:title\" content=\"8. Februar 2025: Prem Rawat in Barcelona | Words of Peace\" \/>\n<meta property=\"og:description\" content=\"Foto mit freundlicher Genehmigung von TimelessTodayLesen Sie diese Seite bitte sorgf\u00e4ltig durch, sie enth\u00e4lt wichtige Informationen zu der bevorstehenden Veranstaltung. WANN UND WO Datum: Samstag, 8. Februar 2025 Zeit: Die Veranstaltung beginnt um 17 Uhr MEZ (Barcelona-Zeit).\u00a0Die Lobby ist ab 15:45 ge\u00f6ffnet. Ende ca. 19 Uhr. Ort: Palau de Congressos de Catalunya Addresse: Avda. Diagonal, [&hellip;]\" \/>\n<meta property=\"og:url\" content=\"https:\/\/www.wopg.org\/de\/prem-rawat-in-barcelona\/\" \/>\n<meta property=\"og:site_name\" content=\"Words of Peace\" \/>\n<meta property=\"article:publisher\" content=\"https:\/\/www.facebook.com\/wordsofpeaceglobal\" \/>\n<meta property=\"article:published_time\" content=\"2025-01-25T08:52:08+00:00\" \/>\n<meta property=\"article:modified_time\" content=\"2025-02-09T08:11:59+00:00\" \/>\n<meta property=\"og:image\" content=\"https:\/\/eadn-wc03-5903292.nxedge.io\/wp-content\/uploads\/2025\/01\/Barcelona_1080p.jpg\" \/>\n\t<meta property=\"og:image:width\" content=\"1080\" \/>\n\t<meta property=\"og:image:height\" content=\"607\" \/>\n\t<meta property=\"og:image:type\" content=\"image\/jpeg\" \/>\n<meta name=\"author\" content=\"Carmine\" \/>\n<meta name=\"twitter:card\" content=\"summary_large_image\" \/>\n<meta name=\"twitter:creator\" content=\"@wopg\" \/>\n<meta name=\"twitter:site\" content=\"@wopg\" \/>\n<meta name=\"twitter:label1\" content=\"Verfasst von\" \/>\n\t<meta name=\"twitter:data1\" content=\"Carmine\" \/>\n\t<meta name=\"twitter:label2\" content=\"Gesch\u00e4tzte Lesezeit\" \/>\n\t<meta name=\"twitter:data2\" content=\"8\u00a0Minuten\" \/>\n<script type=\"application\/ld+json\" class=\"yoast-schema-graph\">{\"@context\":\"https:\\\/\\\/schema.org\",\"@graph\":[{\"@type\":\"Article\",\"@id\":\"https:\\\/\\\/www.wopg.org\\\/de\\\/prem-rawat-in-barcelona\\\/#article\",\"isPartOf\":{\"@id\":\"https:\\\/\\\/www.wopg.org\\\/de\\\/prem-rawat-in-barcelona\\\/\"},\"author\":{\"name\":\"Carmine\",\"@id\":\"https:\\\/\\\/www.wopg.org\\\/de\\\/#\\\/schema\\\/person\\\/d3d11db72a0ccdab996f68053f8495f1\"},\"headline\":\"8. Februar 2025: Prem Rawat in Barcelona\",\"datePublished\":\"2025-01-25T08:52:08+00:00\",\"dateModified\":\"2025-02-09T08:11:59+00:00\",\"mainEntityOfPage\":{\"@id\":\"https:\\\/\\\/www.wopg.org\\\/de\\\/prem-rawat-in-barcelona\\\/\"},\"wordCount\":1630,\"publisher\":{\"@id\":\"https:\\\/\\\/www.wopg.org\\\/de\\\/#organization\"},\"image\":{\"@id\":\"https:\\\/\\\/www.wopg.org\\\/de\\\/prem-rawat-in-barcelona\\\/#primaryimage\"},\"thumbnailUrl\":\"https:\\\/\\\/www.wopg.org\\\/wp-content\\\/uploads\\\/2025\\\/01\\\/Barcelona_1080p.jpg\",\"articleSection\":[\"Recent\"],\"inLanguage\":\"de\"},{\"@type\":\"WebPage\",\"@id\":\"https:\\\/\\\/www.wopg.org\\\/de\\\/prem-rawat-in-barcelona\\\/\",\"url\":\"https:\\\/\\\/www.wopg.org\\\/de\\\/prem-rawat-in-barcelona\\\/\",\"name\":\"8. Februar 2025: Prem Rawat in Barcelona | Words of Peace\",\"isPartOf\":{\"@id\":\"https:\\\/\\\/www.wopg.org\\\/de\\\/#website\"},\"primaryImageOfPage\":{\"@id\":\"https:\\\/\\\/www.wopg.org\\\/de\\\/prem-rawat-in-barcelona\\\/#primaryimage\"},\"image\":{\"@id\":\"https:\\\/\\\/www.wopg.org\\\/de\\\/prem-rawat-in-barcelona\\\/#primaryimage\"},\"thumbnailUrl\":\"https:\\\/\\\/www.wopg.org\\\/wp-content\\\/uploads\\\/2025\\\/01\\\/Barcelona_1080p.jpg\",\"datePublished\":\"2025-01-25T08:52:08+00:00\",\"dateModified\":\"2025-02-09T08:11:59+00:00\",\"breadcrumb\":{\"@id\":\"https:\\\/\\\/www.wopg.org\\\/de\\\/prem-rawat-in-barcelona\\\/#breadcrumb\"},\"inLanguage\":\"de\",\"potentialAction\":[{\"@type\":\"ReadAction\",\"target\":[\"https:\\\/\\\/www.wopg.org\\\/de\\\/prem-rawat-in-barcelona\\\/\"]}]},{\"@type\":\"ImageObject\",\"inLanguage\":\"de\",\"@id\":\"https:\\\/\\\/www.wopg.org\\\/de\\\/prem-rawat-in-barcelona\\\/#primaryimage\",\"url\":\"https:\\\/\\\/www.wopg.org\\\/wp-content\\\/uploads\\\/2025\\\/01\\\/Barcelona_1080p.jpg\",\"contentUrl\":\"https:\\\/\\\/www.wopg.org\\\/wp-content\\\/uploads\\\/2025\\\/01\\\/Barcelona_1080p.jpg\",\"width\":1080,\"height\":607},{\"@type\":\"BreadcrumbList\",\"@id\":\"https:\\\/\\\/www.wopg.org\\\/de\\\/prem-rawat-in-barcelona\\\/#breadcrumb\",\"itemListElement\":[{\"@type\":\"ListItem\",\"position\":1,\"name\":\"Home\",\"item\":\"https:\\\/\\\/www.wopg.org\\\/de\\\/\"},{\"@type\":\"ListItem\",\"position\":2,\"name\":\"8. Februar 2025: Prem Rawat in Barcelona\"}]},{\"@type\":\"WebSite\",\"@id\":\"https:\\\/\\\/www.wopg.org\\\/de\\\/#website\",\"url\":\"https:\\\/\\\/www.wopg.org\\\/de\\\/\",\"name\":\"Words of Peace\",\"description\":\"Practice Peace, Change Your World\",\"publisher\":{\"@id\":\"https:\\\/\\\/www.wopg.org\\\/de\\\/#organization\"},\"potentialAction\":[{\"@type\":\"SearchAction\",\"target\":{\"@type\":\"EntryPoint\",\"urlTemplate\":\"https:\\\/\\\/www.wopg.org\\\/de\\\/?s={search_term_string}\"},\"query-input\":{\"@type\":\"PropertyValueSpecification\",\"valueRequired\":true,\"valueName\":\"search_term_string\"}}],\"inLanguage\":\"de\"},{\"@type\":\"Organization\",\"@id\":\"https:\\\/\\\/www.wopg.org\\\/de\\\/#organization\",\"name\":\"Words of Peace\",\"url\":\"https:\\\/\\\/www.wopg.org\\\/de\\\/\",\"logo\":{\"@type\":\"ImageObject\",\"inLanguage\":\"de\",\"@id\":\"https:\\\/\\\/www.wopg.org\\\/de\\\/#\\\/schema\\\/logo\\\/image\\\/\",\"url\":\"https:\\\/\\\/wopg.org\\\/wp-content\\\/uploads\\\/2022\\\/02\\\/Words-of-Peace-logo-website61x252.png\",\"contentUrl\":\"https:\\\/\\\/wopg.org\\\/wp-content\\\/uploads\\\/2022\\\/02\\\/Words-of-Peace-logo-website61x252.png\",\"width\":252,\"height\":61,\"caption\":\"Words of Peace\"},\"image\":{\"@id\":\"https:\\\/\\\/www.wopg.org\\\/de\\\/#\\\/schema\\\/logo\\\/image\\\/\"},\"sameAs\":[\"https:\\\/\\\/www.facebook.com\\\/wordsofpeaceglobal\",\"https:\\\/\\\/x.com\\\/wopg\",\"https:\\\/\\\/www.instagram.com\\\/wopgofficial\\\/\"]},{\"@type\":\"Person\",\"@id\":\"https:\\\/\\\/www.wopg.org\\\/de\\\/#\\\/schema\\\/person\\\/d3d11db72a0ccdab996f68053f8495f1\",\"name\":\"Carmine\",\"image\":{\"@type\":\"ImageObject\",\"inLanguage\":\"de\",\"@id\":\"https:\\\/\\\/secure.gravatar.com\\\/avatar\\\/0d1627d54f68a11050bcb7910085c6f067e95a9d71dfc5de1025a4cf15cdfb19?s=96&d=mm&r=g\",\"url\":\"https:\\\/\\\/secure.gravatar.com\\\/avatar\\\/0d1627d54f68a11050bcb7910085c6f067e95a9d71dfc5de1025a4cf15cdfb19?s=96&d=mm&r=g\",\"contentUrl\":\"https:\\\/\\\/secure.gravatar.com\\\/avatar\\\/0d1627d54f68a11050bcb7910085c6f067e95a9d71dfc5de1025a4cf15cdfb19?s=96&d=mm&r=g\",\"caption\":\"Carmine\"},\"url\":\"https:\\\/\\\/www.wopg.org\\\/de\\\/author\\\/carmine\\\/\"}]}<\/script>\n<!-- \/ Yoast SEO plugin. -->","yoast_head_json":{"title":"8. Februar 2025: Prem Rawat in Barcelona | Words of Peace","robots":{"index":"index","follow":"follow","max-snippet":"max-snippet:-1","max-image-preview":"max-image-preview:large","max-video-preview":"max-video-preview:-1"},"canonical":"https:\/\/www.wopg.org\/de\/prem-rawat-in-barcelona\/","og_locale":"de_DE","og_type":"article","og_title":"8. Februar 2025: Prem Rawat in Barcelona | Words of Peace","og_description":"Foto mit freundlicher Genehmigung von TimelessTodayLesen Sie diese Seite bitte sorgf\u00e4ltig durch, sie enth\u00e4lt wichtige Informationen zu der bevorstehenden Veranstaltung. WANN UND WO Datum: Samstag, 8. Februar 2025 Zeit: Die Veranstaltung beginnt um 17 Uhr MEZ (Barcelona-Zeit).\u00a0Die Lobby ist ab 15:45 ge\u00f6ffnet. Ende ca. 19 Uhr. Ort: Palau de Congressos de Catalunya Addresse: Avda. Diagonal, [&hellip;]","og_url":"https:\/\/www.wopg.org\/de\/prem-rawat-in-barcelona\/","og_site_name":"Words of Peace","article_publisher":"https:\/\/www.facebook.com\/wordsofpeaceglobal","article_published_time":"2025-01-25T08:52:08+00:00","article_modified_time":"2025-02-09T08:11:59+00:00","og_image":[{"width":1080,"height":607,"url":"https:\/\/eadn-wc03-5903292.nxedge.io\/wp-content\/uploads\/2025\/01\/Barcelona_1080p.jpg","type":"image\/jpeg"}],"author":"Carmine","twitter_card":"summary_large_image","twitter_creator":"@wopg","twitter_site":"@wopg","twitter_misc":{"Verfasst von":"Carmine","Gesch\u00e4tzte Lesezeit":"8\u00a0Minuten"},"schema":{"@context":"https:\/\/schema.org","@graph":[{"@type":"Article","@id":"https:\/\/www.wopg.org\/de\/prem-rawat-in-barcelona\/#article","isPartOf":{"@id":"https:\/\/www.wopg.org\/de\/prem-rawat-in-barcelona\/"},"author":{"name":"Carmine","@id":"https:\/\/www.wopg.org\/de\/#\/schema\/person\/d3d11db72a0ccdab996f68053f8495f1"},"headline":"8. Februar 2025: Prem Rawat in Barcelona","datePublished":"2025-01-25T08:52:08+00:00","dateModified":"2025-02-09T08:11:59+00:00","mainEntityOfPage":{"@id":"https:\/\/www.wopg.org\/de\/prem-rawat-in-barcelona\/"},"wordCount":1630,"publisher":{"@id":"https:\/\/www.wopg.org\/de\/#organization"},"image":{"@id":"https:\/\/www.wopg.org\/de\/prem-rawat-in-barcelona\/#primaryimage"},"thumbnailUrl":"https:\/\/eadn-wc03-5903292.nxedge.io\/wp-content\/uploads\/2025\/01\/Barcelona_1080p.jpg","articleSection":["Recent"],"inLanguage":"de"},{"@type":"WebPage","@id":"https:\/\/www.wopg.org\/de\/prem-rawat-in-barcelona\/","url":"https:\/\/www.wopg.org\/de\/prem-rawat-in-barcelona\/","name":"8. Februar 2025: Prem Rawat in Barcelona | Words of Peace","isPartOf":{"@id":"https:\/\/www.wopg.org\/de\/#website"},"primaryImageOfPage":{"@id":"https:\/\/www.wopg.org\/de\/prem-rawat-in-barcelona\/#primaryimage"},"image":{"@id":"https:\/\/www.wopg.org\/de\/prem-rawat-in-barcelona\/#primaryimage"},"thumbnailUrl":"https:\/\/eadn-wc03-5903292.nxedge.io\/wp-content\/uploads\/2025\/01\/Barcelona_1080p.jpg","datePublished":"2025-01-25T08:52:08+00:00","dateModified":"2025-02-09T08:11:59+00:00","breadcrumb":{"@id":"https:\/\/www.wopg.org\/de\/prem-rawat-in-barcelona\/#breadcrumb"},"inLanguage":"de","potentialAction":[{"@type":"ReadAction","target":["https:\/\/www.wopg.org\/de\/prem-rawat-in-barcelona\/"]}]},{"@type":"ImageObject","inLanguage":"de","@id":"https:\/\/www.wopg.org\/de\/prem-rawat-in-barcelona\/#primaryimage","url":"https:\/\/eadn-wc03-5903292.nxedge.io\/wp-content\/uploads\/2025\/01\/Barcelona_1080p.jpg","contentUrl":"https:\/\/eadn-wc03-5903292.nxedge.io\/wp-content\/uploads\/2025\/01\/Barcelona_1080p.jpg","width":1080,"height":607},{"@type":"BreadcrumbList","@id":"https:\/\/www.wopg.org\/de\/prem-rawat-in-barcelona\/#breadcrumb","itemListElement":[{"@type":"ListItem","position":1,"name":"Home","item":"https:\/\/www.wopg.org\/de\/"},{"@type":"ListItem","position":2,"name":"8. Februar 2025: Prem Rawat in Barcelona"}]},{"@type":"WebSite","@id":"https:\/\/www.wopg.org\/de\/#website","url":"https:\/\/www.wopg.org\/de\/","name":"Words of Peace","description":"Practice Peace, Change Your World","publisher":{"@id":"https:\/\/www.wopg.org\/de\/#organization"},"potentialAction":[{"@type":"SearchAction","target":{"@type":"EntryPoint","urlTemplate":"https:\/\/www.wopg.org\/de\/?s={search_term_string}"},"query-input":{"@type":"PropertyValueSpecification","valueRequired":true,"valueName":"search_term_string"}}],"inLanguage":"de"},{"@type":"Organization","@id":"https:\/\/www.wopg.org\/de\/#organization","name":"Words of Peace","url":"https:\/\/www.wopg.org\/de\/","logo":{"@type":"ImageObject","inLanguage":"de","@id":"https:\/\/www.wopg.org\/de\/#\/schema\/logo\/image\/","url":"https:\/\/wopg.org\/wp-content\/uploads\/2022\/02\/Words-of-Peace-logo-website61x252.png","contentUrl":"https:\/\/wopg.org\/wp-content\/uploads\/2022\/02\/Words-of-Peace-logo-website61x252.png","width":252,"height":61,"caption":"Words of Peace"},"image":{"@id":"https:\/\/www.wopg.org\/de\/#\/schema\/logo\/image\/"},"sameAs":["https:\/\/www.facebook.com\/wordsofpeaceglobal","https:\/\/x.com\/wopg","https:\/\/www.instagram.com\/wopgofficial\/"]},{"@type":"Person","@id":"https:\/\/www.wopg.org\/de\/#\/schema\/person\/d3d11db72a0ccdab996f68053f8495f1","name":"Carmine","image":{"@type":"ImageObject","inLanguage":"de","@id":"https:\/\/secure.gravatar.com\/avatar\/0d1627d54f68a11050bcb7910085c6f067e95a9d71dfc5de1025a4cf15cdfb19?s=96&d=mm&r=g","url":"https:\/\/secure.gravatar.com\/avatar\/0d1627d54f68a11050bcb7910085c6f067e95a9d71dfc5de1025a4cf15cdfb19?s=96&d=mm&r=g","contentUrl":"https:\/\/secure.gravatar.com\/avatar\/0d1627d54f68a11050bcb7910085c6f067e95a9d71dfc5de1025a4cf15cdfb19?s=96&d=mm&r=g","caption":"Carmine"},"url":"https:\/\/www.wopg.org\/de\/author\/carmine\/"}]}},"_links":{"self":[{"href":"https:\/\/www.wopg.org\/de\/wp-json\/wp\/v2\/posts\/38342","targetHints":{"allow":["GET"]}}],"collection":[{"href":"https:\/\/www.wopg.org\/de\/wp-json\/wp\/v2\/posts"}],"about":[{"href":"https:\/\/www.wopg.org\/de\/wp-json\/wp\/v2\/types\/post"}],"author":[{"embeddable":true,"href":"https:\/\/www.wopg.org\/de\/wp-json\/wp\/v2\/users\/3"}],"replies":[{"embeddable":true,"href":"https:\/\/www.wopg.org\/de\/wp-json\/wp\/v2\/comments?post=38342"}],"version-history":[{"count":4,"href":"https:\/\/www.wopg.org\/de\/wp-json\/wp\/v2\/posts\/38342\/revisions"}],"predecessor-version":[{"id":38428,"href":"https:\/\/www.wopg.org\/de\/wp-json\/wp\/v2\/posts\/38342\/revisions\/38428"}],"wp:featuredmedia":[{"embeddable":true,"href":"https:\/\/www.wopg.org\/de\/wp-json\/wp\/v2\/media\/38174"}],"wp:attachment":[{"href":"https:\/\/www.wopg.org\/de\/wp-json\/wp\/v2\/media?parent=38342"}],"wp:term":[{"taxonomy":"category","embeddable":true,"href":"https:\/\/www.wopg.org\/de\/wp-json\/wp\/v2\/categories?post=38342"},{"taxonomy":"post_tag","embeddable":true,"href":"https:\/\/www.wopg.org\/de\/wp-json\/wp\/v2\/tags?post=38342"},{"taxonomy":"post_folder","embeddable":true,"href":"https:\/\/www.wopg.org\/de\/wp-json\/wp\/v2\/post_folder?post=38342"}],"curies":[{"name":"wp","href":"https:\/\/api.w.org\/{rel}","templated":true}]}}