{"id":41167,"date":"2025-09-08T18:03:13","date_gmt":"2025-09-08T18:03:13","guid":{"rendered":"https:\/\/www.wopg.org\/8-bis-12-september-2025-prem-rawat-in-amaroo\/"},"modified":"2025-09-12T17:18:25","modified_gmt":"2025-09-12T17:18:25","slug":"prem-rawat-in-amaroo","status":"publish","type":"post","link":"https:\/\/www.wopg.org\/de\/prem-rawat-in-amaroo\/","title":{"rendered":"8. bis 12. September 2025 &#8211; Prem Rawat in Amaroo"},"content":{"rendered":"<p>[et_pb_section fb_built=&#8220;1&#8243; _builder_version=&#8220;4.17.4&#8243; _module_preset=&#8220;default&#8220; custom_margin=&#8220;-50px||||false|false&#8220; custom_padding=&#8220;0px||0px||false|false&#8220; global_colors_info=&#8220;{}&#8220;][et_pb_row _builder_version=&#8220;4.17.4&#8243; _module_preset=&#8220;default&#8220; custom_padding=&#8220;0px||||false|false&#8220; global_colors_info=&#8220;{}&#8220;][et_pb_column type=&#8220;4_4&#8243; _builder_version=&#8220;4.17.4&#8243; _module_preset=&#8220;default&#8220; global_colors_info=&#8220;{}&#8220;][et_pb_text _builder_version=&#8220;4.27.4&#8243; _module_preset=&#8220;default&#8220; global_colors_info=&#8220;{}&#8220;]<\/p>\n<h6 style=\"text-align: center;\">Foto mit freundlicher Genehmigung von TimelessToday<\/h6>\n<p>[\/et_pb_text][\/et_pb_column][\/et_pb_row][\/et_pb_section][et_pb_section fb_built=&#8220;1&#8243; disabled_on=&#8220;off|off|off&#8220; admin_label=&#8220;Full event details&#8220; _builder_version=&#8220;4.27.2&#8243; _module_preset=&#8220;default&#8220; custom_padding=&#8220;0px||||false|false&#8220; locked=&#8220;off&#8220; collapsed=&#8220;off&#8220; global_colors_info=&#8220;{}&#8220;][et_pb_row _builder_version=&#8220;4.21.0&#8243; _module_preset=&#8220;default&#8220; custom_padding=&#8220;0px||||false|false&#8220; custom_css_main_element=&#8220;display: flex;||flex-wrap: wrap;||justify-content: center;&#8220; global_colors_info=&#8220;{}&#8220;][et_pb_column type=&#8220;4_4&#8243; _builder_version=&#8220;4.21.0&#8243; _module_preset=&#8220;default&#8220; global_colors_info=&#8220;{}&#8220;][et_pb_text admin_label=&#8220;WHEN AND WHERE&#8220; _builder_version=&#8220;4.27.4&#8243; _module_preset=&#8220;default&#8220; header_2_text_align=&#8220;left&#8220; header_3_text_align=&#8220;left&#8220; header_2_text_align_tablet=&#8220;left&#8220; header_2_text_align_phone=&#8220;center&#8220; header_2_text_align_last_edited=&#8220;on|desktop&#8220; header_2_font_size_tablet=&#8220;&#8220; header_2_font_size_phone=&#8220;2em&#8220; header_2_font_size_last_edited=&#8220;on|desktop&#8220; header_3_text_align_tablet=&#8220;left&#8220; header_3_text_align_phone=&#8220;center&#8220; header_3_text_align_last_edited=&#8220;on|desktop&#8220; header_3_font_size_phone=&#8220;1.1em&#8220; custom_css_free_form=&#8220;.selector .et_pb_text_inner h2 {||  margin-bottom: 3px;||}||||.selector .et_pb_text_inner h3 {||  margin-bottom: 1.5rem;||}&#8220; global_colors_info=&#8220;{}&#8220; content__hover_enabled=&#8220;off|desktop&#8220;]<\/p>\n<p><em>Lesen Sie diese Seite bitte sorgf\u00e4ltig durch, sie enth\u00e4lt wichtige Informationen zum bevorstehenden Event. <\/em><\/p>\n<p><\/p>\n<p><strong>Weitere Informationen und Updates finden Sie auf <a href=\"https:\/\/amaroo.org\" target=\"_blank\" rel=\"noopener\">https:\/\/amaroo.org<\/a>.<\/strong> Die neue Amaroo-Website geht am Samstag, 7. Juni um 10:00 Uhr AEST online.<\/p>\n<p><\/p>\n<h4>WANN UND WO<\/h4>\n<p><\/p>\n<p><strong>Datum: <\/strong> <span style=\"font-weight: 400;\">Montag, 8. September bis Freitag, 12. September 2025<\/span><\/p>\n<p><\/p>\n<p><strong>Zeit: <\/strong><span style=\"font-weight: 400;\">Die Anfangszeiten der Events werden zu einem sp\u00e4teren Zeitpunkt bekannt gegeben.<\/span><\/p>\n<p><\/p>\n<p><strong>Ort: <\/strong>Ivory\u2019s Rock Conventions and Events<\/p>\n<p><\/p>\n<p><strong>Addresse: <\/strong>310 Mt Flinders Rd, Peak Crossing, Queensland, Australien 4306<\/p>\n<p>[\/et_pb_text][et_pb_text admin_label=&#8220;WHO IS INVITED&#8220; _builder_version=&#8220;4.27.4&#8243; _module_preset=&#8220;default&#8220; hover_enabled=&#8220;0&#8243; global_colors_info=&#8220;{}&#8220; sticky_enabled=&#8220;0&#8243;]<\/p>\n<h4>WER IST EINGELADEN?<\/h4>\n<p><\/p>\n<p>Eingeladen sind alle, die eine Einf\u00fchrung in <a href=\"https:\/\/www.wopg.org\/de\/ein-weg-zum-frieden\/\" target=\"_blank\" rel=\"noopener\">die Techniken des Wissens<\/a> erhalten haben.<\/p>\n<p>[\/et_pb_text][et_pb_text admin_label=&#8220;WHO IS INVITED &#8211; CHILDREN&#8220; _builder_version=&#8220;4.27.4&#8243; _module_preset=&#8220;default&#8220; global_colors_info=&#8220;{}&#8220;]<\/p>\n<h4>KINDER<\/h4>\n<p><\/p>\n<p>Dieser Event ist f\u00fcr Kinder nicht geeignet.<\/p>\n<p>[\/et_pb_text][et_pb_text admin_label=&#8220;ATTENDANCE&#8220; _builder_version=&#8220;4.27.4&#8243; _module_preset=&#8220;default&#8220; global_colors_info=&#8220;{}&#8220;]<\/p>\n<h4>TEILNAHME<\/h4>\n<p><\/p>\n<p><strong>G\u00e4ste k\u00f6nnen sich ab dem 11. Juni um 9:00 Uhr AEST (1:00 Uhr desselben Tages im deutschsprachigen Raum) anmelden<\/strong>.<\/p>\n<p><\/p>\n<p>Zusammen mit der Anmeldung und Zahlung Ihrer Konferenzgeb\u00fchr k\u00f6nnen Sie auch die Unterkunft auf dem Gel\u00e4nde, den Transfer vom und zum Flughafen Brisbane sowie die t\u00e4glichen Busse zwischen Ihrem Hotel (bzw. Abholpunkt in der N\u00e4he) und Amaroo buchen. Weitere Informationen finden Sie unter <a href=\"https:\/\/amaroo.org\/\">https:\/\/amaroo.org\/<\/a>.<\/p>\n<p><\/p>\n<p>Sollten Sie sich aus irgendeinem Grund nicht anmelden k\u00f6nnen, wenden Sie sich bitte an den Amaroo Help Desk unter <a href=\"https:\/\/amaroo.org\/helpdesk\/\">https:\/\/amaroo.org\/helpdesk\/<\/a>.<\/p>\n<p>[\/et_pb_text][et_pb_text admin_label=&#8220;Conference Fee&#8220; _builder_version=&#8220;4.27.4&#8243; _module_preset=&#8220;default&#8220; locked=&#8220;off&#8220; global_colors_info=&#8220;{}&#8220;]<\/p>\n<p><strong>Konferenzgeb\u00fchr<\/strong><\/p>\n<p><\/p>\n<ul>\n<li style=\"font-weight: 400;\"><span style=\"font-weight: 400;\">875 AUD<\/span><\/li>\n<\/ul>\n<p><\/p>\n<p><strong>WICHTIG:<\/strong> Nach Ihrer Anmeldung erhalten Sie eine Best\u00e4tigung per E-Mail. Ihr elektronisches Ticket erhalten Sie einige Wochen vor dem Event unter derselben E-Mail-Adresse. In diesem Jahr wird das E-Ticket auch die Ihnen zugewiesenen Sitzpl\u00e4tze enthalten.<\/p>\n<p><\/p>\n<p>Es stehen gen\u00fcgend Sitzpl\u00e4tze f\u00fcr alle zur Verf\u00fcgung. Die Sitzpl\u00e4tze werden nach dem Zufallsprinzip und nach einem rotierenden System vergeben. Melden Sie sich so bald wie m\u00f6glich an, um am Rotationssystem teilzunehmen.<\/p>\n<p><\/p>\n<p>Wenn Sie zusammen mit anderen Teilnehmenden sitzen m\u00f6chten, m\u00fcssen Sie eine gemeinsame Anmeldung vornehmen. Es k\u00f6nnen bis zu <strong>4<\/strong> Personen zusammen platziert werden.<\/p>\n<p><\/p>\n<p><strong>Aus logistischen Gr\u00fcnden werden Sie gebeten, 10 Minuten vor Event-Beginn Ihren Platz einzunehmen. Sp\u00e4ter Eintreffende werden im hinteren Bereich des Amphitheaters platziert, um Ablenkungen zu vermeiden<\/strong>.<\/p>\n<p>[\/et_pb_text][et_pb_text disabled_on=&#8220;on|on|on&#8220; _builder_version=&#8220;4.27.4&#8243; _module_preset=&#8220;default&#8220; disabled=&#8220;on&#8220; global_colors_info=&#8220;{}&#8220;]<\/p>\n<p style=\"text-align: center;\"><strong>Tickets k\u00f6nnen durck Klick auf die Schaltfl\u00e4che unten angefragt werden:<\/strong><\/p>\n<p>[\/et_pb_text][et_pb_button button_url=&#8220;https:\/\/amaroo.org\/registration\/&#8220; url_new_window=&#8220;on&#8220; button_text=&#8220;Hier anmelden&#8220; button_alignment=&#8220;center&#8220; disabled_on=&#8220;off|off|off&#8220; admin_label=&#8220;Register here&#8220; _builder_version=&#8220;4.27.4&#8243; _module_preset=&#8220;default&#8220; custom_button=&#8220;on&#8220; button_bg_color=&#8220;#008B73&#8243; button_border_width=&#8220;0px&#8220; button_border_radius=&#8220;8px&#8220; background_layout=&#8220;dark&#8220; custom_padding=&#8220;10px|49px|10px|49px|true|true&#8220; global_colors_info=&#8220;{}&#8220;][\/et_pb_button][et_pb_button button_url=&#8220;#&#8220; button_text=&#8220;Die Veranstaltung ist ausverkauft&#8220; button_alignment=&#8220;center&#8220; disabled_on=&#8220;on|on|on&#8220; admin_label=&#8220;Sold Out button&#8220; _builder_version=&#8220;4.27.4&#8243; _module_preset=&#8220;default&#8220; custom_button=&#8220;on&#8220; button_bg_color=&#8220;#E02B20&#8243; button_border_width=&#8220;0px&#8220; button_border_radius=&#8220;8px&#8220; background_layout=&#8220;dark&#8220; custom_padding=&#8220;10px|58px|10px|58px|true|true&#8220; disabled=&#8220;on&#8220; global_colors_info=&#8220;{}&#8220;][\/et_pb_button][et_pb_button button_url=&#8220;#soon&#8220; button_text=&#8220;Tickets bald verf\u00fcgbar&#8220; button_alignment=&#8220;center&#8220; disabled_on=&#8220;on|on|on&#8220; admin_label=&#8220;Soon Available button&#8220; module_id=&#8220;soon&#8220; _builder_version=&#8220;4.27.4&#8243; _module_preset=&#8220;default&#8220; custom_button=&#8220;on&#8220; button_text_color=&#8220;#FFFFFF&#8220; button_bg_color=&#8220;RGBA(255,196,89,0.8)&#8220; button_border_width=&#8220;0px&#8220; button_border_radius=&#8220;8px&#8220; background_layout=&#8220;dark&#8220; custom_padding=&#8220;10px|30px|10px|30px|true|true&#8220; disabled=&#8220;on&#8220; global_colors_info=&#8220;{}&#8220;][\/et_pb_button][et_pb_text disabled_on=&#8220;off|off|off&#8220; _builder_version=&#8220;4.27.4&#8243; _module_preset=&#8220;default&#8220; text_orientation=&#8220;center&#8220; locked=&#8220;off&#8220; global_colors_info=&#8220;{}&#8220;]<\/p>\n<div class=\"et_pb_row et_pb_row_0\">\n<div class=\"et_pb_column et_pb_column_4_4 et_pb_column_0 et_pb_css_mix_blend_mode_passthrough et-last-child\">\n<div class=\"et_pb_module et_pb_text et_pb_text_0 et_pb_text_align_left et_pb_bg_layout_light\">\n<div class=\"et_pb_text_inner\" style=\"text-align: center;\"><em>(Sobald die Anmeldung ge\u00f6ffnet ist, bringt ein Klick auf die obige Schaltfl\u00e4che Sie direkt dorthin)<\/em><\/div>\n<p><\/div>\n<p><\/div>\n<p><\/div>\n<p>[\/et_pb_text][et_pb_text admin_label=&#8220;DO NOT RECORD OR FILM THE EVENT&#8220; _builder_version=&#8220;4.27.4&#8243; _module_preset=&#8220;default&#8220; locked=&#8220;off&#8220; global_colors_info=&#8220;{}&#8220;]<\/p>\n<h4>BITTE MACHEN SIE KEINE TON- UND FILMAUFNAHMEN VON DEM EVENT<\/h4>\n<p><\/p>\n<p>Das offiziell aufgezeichnete Material ist urheberrechtlich gesch\u00fctzt. Personen, die beim Aufnehmen bemerkt werden, werden aufgefordert, dies zu unterlassen, und im Wiederholungsfall vom Veranstaltungsort verwiesen.<\/p>\n<p><\/p>\n<p>Der Event wird gefilmt. Mit dem Kauf eines Tickets erkl\u00e4ren Sie Ihr Einverst\u00e4ndnis, dass Sie gefilmt werden und dass Sie Ihr Bild \/ Ihre Stimme zur Verwendung in Printmedien, sozialen Medien, Foto-, Audio-, Video- und sonstigen Medien freigeben. Wenn Sie eine Eintrittskarte f\u00fcr eine andere Person kaufen, stellt deren Teilnahme an der Veranstaltung die gleiche Zustimmung und Freigabe dar.<\/p>\n<p><\/p>\n<h4>VISA<\/h4>\n<p><\/p>\n<p>F\u00fcr die Einreise nach Australien muss ein Visum beantragt werden. Es ist wichtig, dass Sie das f\u00fcr Einwohner Ihres Landes vorgesehene Visum beantragen und dass Ihr Antrag korrekt ausgef\u00fcllt ist. Die verschiedenen Optionen finden Sie hier: <a href=\"https:\/\/immi.homeaffairs.gov.au\/visas\/getting-a-visa\/visa-finder\">https:\/\/immi.homeaffairs.gov.au\/visas\/getting-a-visa\/visa-finder<\/a>.<\/p>\n<p><\/p>\n<p>Einwohner bestimmter L\u00e4nder, z.B. Indien und Nepal, m\u00fcssen der australischen Regierung einen Nachweis \u00fcber den Zweck ihres Besuchs vorlegen und ein Einladungsschreiben sowie eine Anmeldebest\u00e4tigung zur Unterst\u00fctzung ihres Visumantrags einreichen. Weitere Informationen finden Sie unter <a href=\"https:\/\/amaroo.org\/\">https:\/\/amaroo.org\/<\/a>.<\/p>\n<p><\/p>\n<p><strong>HINWEIS:<\/strong> Bei Fl\u00fcgen \u00fcber Neuseeland, auch wenn Sie nur auf der Durchreise sind, ben\u00f6tigen Sie ein Visum f\u00fcr Neuseeland, das Sie unter <a href=\"https:\/\/nzeta.immigration.govt.nz\/\">https:\/\/nzeta.immigration.govt.nz\/<\/a>. beantragen k\u00f6nnen.<\/p>\n<p>[\/et_pb_text][et_pb_accordion open_toggle_background_color=&#8220;RGBA(255,255,255,0)&#8220; icon_color=&#8220;#008B73&#8243; use_icon_font_size=&#8220;on&#8220; icon_font_size=&#8220;20px&#8220; _builder_version=&#8220;4.27.4&#8243; _module_preset=&#8220;default&#8220; border_color_all=&#8220;RGBA(255,255,255,0)&#8220; border_color_bottom=&#8220;#008B73&#8243; global_colors_info=&#8220;{}&#8220;][et_pb_accordion_item title=&#8220;TIPPS F\u00dcR DIE ANMELDUNG&#8220; open=&#8220;on&#8220; _builder_version=&#8220;4.27.4&#8243; _module_preset=&#8220;default&#8220; global_colors_info=&#8220;{}&#8220;]<\/p>\n<p>Die Anmeldung ist sowohl vom Computer als auch von Mobilger\u00e4ten aus m\u00f6glich.<\/p>\n<p><\/p>\n<p>Tun Sie Folgendes vor der Anmeldung:<\/p>\n<p><\/p>\n<ul>\n<li style=\"font-weight: 400;\"><span style=\"font-weight: 400;\">Informieren Sie Ihre Bank, dass Sie eine (gr\u00f6\u00dfere) Transaktion in Australien durchf\u00fchren werden.<\/span><\/li>\n<li style=\"font-weight: 400;\"><span style=\"font-weight: 400;\">Wenn Sie eine American Express Card oder eine Debitkarte besitzen, vergewissern Sie sich, ob diese anstelle Ihrer anderen Karte(n) verwendet werden k\u00f6nnen.<\/span><\/li>\n<li style=\"font-weight: 400;\"><span style=\"font-weight: 400;\">Denken Sie daran, dass Discover Cards in Australien nicht funktionieren.<\/span><\/li>\n<li style=\"font-weight: 400;\"><span style=\"font-weight: 400;\">Vergewissern Sie sich bei Ihrer Bank, dass Ihre Kreditkarte eine ausreichende Deckung aufweist.<\/span><\/li>\n<li style=\"font-weight: 400;\"><span style=\"font-weight: 400;\">Vergewissern Sie sich, dass Ihre Kreditkarte weltweite Zahlungen zul\u00e4sst.<\/span><\/li>\n<li style=\"font-weight: 400;\"><span style=\"font-weight: 400;\">Vergewissern Sie sich, dass das Zahlungslimit Ihrer Kreditkarte ausreichend ist.<\/span><\/li>\n<\/ul>\n<p><\/p>\n<p>Tun Sie Folgendes w\u00e4hrend der Anmeldung:<\/p>\n<p><\/p>\n<ul>\n<li style=\"font-weight: 400;\"><span style=\"font-weight: 400;\">Verwenden Sie einen g\u00e4ngigen Browser wie Google Chrome und leeren Sie vorher den Browser-Cache.<\/span><\/li>\n<li style=\"font-weight: 400;\"><span style=\"font-weight: 400;\">Bei Gruppenreservierungen erfordert das Anmeldesystem eine einzige Kreditkartenzahlung f\u00fcr alle Mitglieder der angemeldeten Gruppe.<\/span><\/li>\n<li style=\"font-weight: 400;\"><span style=\"font-weight: 400;\">Wenn Sie ein Problem beim Bezahlvorgang haben und es mit derselben Kreditkarte mehrmals schnell hintereinander erneut versuchen, kann es passieren, dass die Karte blockiert wird.<\/span><\/li>\n<li style=\"font-weight: 400;\"><span style=\"font-weight: 400;\">Warten Sie in diesem Fall einige Minuten, oder versuchen Sie es mit einer anderen Karte oder auf einem anderen Ger\u00e4t.<\/span><\/li>\n<li style=\"font-weight: 400;\"><span style=\"font-weight: 400;\">Wenden Sie sich an Ihren Kreditkartenaussteller und erkundigen Sie sich, ob und warum Ihre Transaktionen abgelehnt werden.<\/span><\/li>\n<li style=\"font-weight: 400;\"><span style=\"font-weight: 400;\">Wenn Sie keinen Erfolg haben, wenden Sie sich bitte an den Amaroo Help Desk unter <a href=\"https:\/\/amaroo.org\/helpdesk\/\">https:\/\/amaroo.org\/helpdesk\/<\/a>.<\/span><\/li>\n<\/ul>\n<p>[\/et_pb_accordion_item][et_pb_accordion_item title=&#8220;R\u00dcCKERSTATTUNGEN&#8220; _builder_version=&#8220;4.27.4&#8243; _module_preset=&#8220;default&#8220; global_colors_info=&#8220;{}&#8220; open=&#8220;off&#8220;]<\/p>\n<ul>\n<li style=\"font-weight: 400;\"><span style=\"font-weight: 400;\">Wenn Sie Ihre Buchung bis zum 31. Juli 2025 um 23:00 Uhr AEST (15 Uhr deutschsprachiger Raum) stornieren, wird Ihnen der Buchungspreis zu 100% erstattet.<\/span><\/li>\n<li style=\"font-weight: 400;\"><span style=\"font-weight: 400;\">Bei Stornierungen vom 1. bis 15. August um 23:00 Uhr AEST (15 Uhr deutschsprachiger Raum) erhalten Sie eine R\u00fcckerstattung in H\u00f6he von 80% des Buchungspreises.<\/span><\/li>\n<li style=\"font-weight: 400;\"><span style=\"font-weight: 400;\">Bei Stornierungen nach dem 15. August 2025 (AEST) erhalten Sie keine R\u00fcckerstattung.<\/span><\/li>\n<li style=\"font-weight: 400;\"><span style=\"font-weight: 400;\">Spenden sind nicht erstattungsf\u00e4hig.<\/span><\/li>\n<li style=\"font-weight: 400;\"><span style=\"font-weight: 400;\">Wenn Ihr Visum von der australischen Regierung abgelehnt wird, wird Ihre Anmeldung kostenfrei storniert. Bitte legen Sie daf\u00fcr den Ablehnungsbescheid vor.<\/span><\/li>\n<li style=\"font-weight: 400;\"><span style=\"font-weight: 400;\">Bei weiteren Fragen und Anliegen wenden Sie sich bitte an den Amaroo Help Desk unter <a href=\"https:\/\/amaroo.org\/helpdesk\/\">https:\/\/amaroo.org\/helpdesk\/<\/a>.<\/span><\/li>\n<\/ul>\n<p>[\/et_pb_accordion_item][et_pb_accordion_item title=&#8220;BARRIEREFREIER ZUGANG&#8220; _builder_version=&#8220;4.27.4&#8243; _module_preset=&#8220;default&#8220; global_colors_info=&#8220;{}&#8220; open=&#8220;off&#8220;]<\/p>\n<p>G\u00e4ste, die einen Rollstuhl, einen E-Scooter oder eine Gehhilfe benutzen oder Schwierigkeiten beim Ein- und Aussteigen im Bus haben, melden sich bitte bis zum 22. August f\u00fcr den barrierefreien Zugang an unter <a href=\"https:\/\/amaroo.org\/assisted-access\/\"><span style=\"font-weight: 400;\">https:\/\/amaroo.org\/assisted-access\/<\/span><\/a>.<\/p>\n<p><\/p>\n<p>Das Team f\u00fcr barrierefreien Zugang stellt f\u00fcr Sie und Ihre Begleitperson feste Sitzpl\u00e4tze in einem ausgewiesenen Bereich des Amphitheaters bereit. Aus Sicherheitsgr\u00fcnden befinden sich die Pl\u00e4tze f\u00fcr die Rollst\u00fchle und E-Scooter im hinteren Teil des Amphitheaters, ebenso die Sitzpl\u00e4tze f\u00fcr eventuelle Begleitpersonen.<\/p>\n<p><\/p>\n<p>F\u00fcr G\u00e4ste mit besonderen Bed\u00fcrfnissen steht ein Niederflurbus zum Amphitheater zur Verf\u00fcgung. G\u00e4ste, die auf dem Weg bergauf zum Amphitheater Transport ben\u00f6tigen, k\u00f6nnen die kostenlosen Shuttlebusse auf dem Gel\u00e4nde in Anspruch nehmen.<\/p>\n<p><\/p>\n<p>F\u00fcr H\u00f6rgesch\u00e4digte steht ein Verst\u00e4rkungskanal in Englisch zur Verf\u00fcgung.<\/p>\n<p>[\/et_pb_accordion_item][et_pb_accordion_item title=&#8220;\u00dcBERSETZUNG &#038; KOPFH\u00d6RER&#8220; _builder_version=&#8220;4.27.4&#8243; _module_preset=&#8220;default&#8220; global_colors_info=&#8220;{}&#8220; open=&#8220;off&#8220;]<\/p>\n<p>Der Event findet in englischer Sprache statt. Die Sprachen, in denen Simultan\u00fcbersetzung angeboten wird, werden noch bekannt gegeben.<\/p>\n<p><\/p>\n<p>F\u00fcr H\u00f6rgesch\u00e4digte steht ein Verst\u00e4rkungskanal in Englisch zur Verf\u00fcgung.<\/p>\n<p><\/p>\n<p>Das nicht immer zuverl\u00e4ssige WLAN-Netz in Amaroo erfordert die Mitnahme eines eigenen UKW-Radios mit Kopfh\u00f6rern, das UKW-Frequenzen von 87,7 bis 108 MHz empfangen kann. Ein Radio mit Digitalanzeige ist am besten f\u00fcr die Frequenzeinstellung geeignet.<\/p>\n<p>[\/et_pb_accordion_item][et_pb_accordion_item title=&#8220;HILFE&#8220; _builder_version=&#8220;4.27.4&#8243; _module_preset=&#8220;default&#8220; global_colors_info=&#8220;{}&#8220; open=&#8220;off&#8220;]<\/p>\n<p>Ben\u00f6tigen Sie Hilfe?<\/p>\n<p><\/p>\n<ul>\n<li style=\"font-weight: 400;\"><span style=\"font-weight: 400;\">Unter <a href=\"https:\/\/amaroo.org\"><span style=\"font-weight: 400;\">https:\/\/amaroo.org<\/span><\/a> finden Sie weitere Informationen und Updates.<\/span><\/li>\n<li style=\"font-weight: 400;\"><span style=\"font-weight: 400;\">Wenn die von Ihnen ben\u00f6tigten Informationen nicht verf\u00fcgbar sind, wenden Sie sich an den Amaroo Help Desk unter <a href=\"https:\/\/amaroo.org\/helpdesk\/\"><span style=\"font-weight: 400;\">https:\/\/amaroo.org\/helpdesk\/<\/span><\/a>.<\/span><\/li>\n<\/ul>\n<p><\/p>\n<p>Der Amaroo Help Desk wird ge\u00f6ffnet, sobald die Amaroo-Website online ist.<\/p>\n<p>[\/et_pb_accordion_item][\/et_pb_accordion][\/et_pb_column][\/et_pb_row][et_pb_row _builder_version=&#8220;4.21.0&#8243; _module_preset=&#8220;default&#8220; global_colors_info=&#8220;{}&#8220;][et_pb_column type=&#8220;4_4&#8243; _builder_version=&#8220;4.21.0&#8243; _module_preset=&#8220;default&#8220; global_colors_info=&#8220;{}&#8220;][et_pb_text admin_label=&#8220;Sign up here&#8220; _builder_version=&#8220;4.27.4&#8243; _module_preset=&#8220;default&#8220; global_colors_info=&#8220;{}&#8220;]<\/p>\n<p>Wenn Sie Ank\u00fcndigungen und Updates zu k\u00fcnftigen Events mit Prem Rawat erhalten m\u00f6chten, vergewissern Sie sich, dass Sie mit Ihrer E-Mail-Adresse und dem Land Ihres Wohnsitzes bei der WOPG-Mailingliste angemeldet sind. Hier k\u00f6nnen Sie sich anmelden.<\/p>\n<p>[\/et_pb_text][\/et_pb_column][\/et_pb_row][\/et_pb_section]<\/p>\n","protected":false},"excerpt":{"rendered":"<p>Foto mit freundlicher Genehmigung von TimelessTodayLesen Sie diese Seite bitte sorgf\u00e4ltig durch, sie enth\u00e4lt wichtige Informationen zum bevorstehenden Event. Weitere Informationen und Updates finden Sie auf https:\/\/amaroo.org. Die neue Amaroo-Website geht am Samstag, 7. Juni um 10:00 Uhr AEST online.WANN UND WODatum: Montag, 8. September bis Freitag, 12. September 2025Zeit: Die Anfangszeiten der Events werden [&hellip;]<\/p>\n","protected":false},"author":14,"featured_media":40061,"comment_status":"open","ping_status":"open","sticky":false,"template":"","format":"standard","meta":{"_et_pb_use_builder":"on","_et_pb_old_content":"","_et_gb_content_width":"","cybocfi_hide_featured_image":"","footnotes":""},"categories":[105],"tags":[],"post_folder":[],"class_list":["post-41167","post","type-post","status-publish","format-standard","has-post-thumbnail","hentry","category-recent-de"],"yoast_head":"<!-- This site is optimized with the Yoast SEO plugin v27.3 - https:\/\/yoast.com\/product\/yoast-seo-wordpress\/ -->\n<title>8. bis 12. September 2025 - Prem Rawat in Amaroo | Words of Peace<\/title>\n<meta name=\"robots\" content=\"index, follow, max-snippet:-1, max-image-preview:large, max-video-preview:-1\" \/>\n<link rel=\"canonical\" href=\"https:\/\/www.wopg.org\/de\/prem-rawat-in-amaroo\/\" \/>\n<meta property=\"og:locale\" content=\"de_DE\" \/>\n<meta property=\"og:type\" content=\"article\" \/>\n<meta property=\"og:title\" content=\"8. bis 12. September 2025 - Prem Rawat in Amaroo | Words of Peace\" \/>\n<meta property=\"og:description\" content=\"Foto mit freundlicher Genehmigung von TimelessTodayLesen Sie diese Seite bitte sorgf\u00e4ltig durch, sie enth\u00e4lt wichtige Informationen zum bevorstehenden Event. Weitere Informationen und Updates finden Sie auf https:\/\/amaroo.org. Die neue Amaroo-Website geht am Samstag, 7. Juni um 10:00 Uhr AEST online.WANN UND WODatum: Montag, 8. September bis Freitag, 12. September 2025Zeit: Die Anfangszeiten der Events werden [&hellip;]\" \/>\n<meta property=\"og:url\" content=\"https:\/\/www.wopg.org\/de\/prem-rawat-in-amaroo\/\" \/>\n<meta property=\"og:site_name\" content=\"Words of Peace\" \/>\n<meta property=\"article:publisher\" content=\"https:\/\/www.facebook.com\/wordsofpeaceglobal\" \/>\n<meta property=\"article:published_time\" content=\"2025-09-08T18:03:13+00:00\" \/>\n<meta property=\"article:modified_time\" content=\"2025-09-12T17:18:25+00:00\" \/>\n<meta property=\"og:image\" content=\"https:\/\/eadn-wc03-5903292.nxedge.io\/wp-content\/uploads\/2025\/04\/240911_Amaroo_S1_cc-144-lowres_1080x608.jpg\" \/>\n\t<meta property=\"og:image:width\" content=\"1080\" \/>\n\t<meta property=\"og:image:height\" content=\"608\" \/>\n\t<meta property=\"og:image:type\" content=\"image\/jpeg\" \/>\n<meta name=\"author\" content=\"Roberto\" \/>\n<meta name=\"twitter:card\" content=\"summary_large_image\" \/>\n<meta name=\"twitter:creator\" content=\"@wopg\" \/>\n<meta name=\"twitter:site\" content=\"@wopg\" \/>\n<meta name=\"twitter:label1\" content=\"Verfasst von\" \/>\n\t<meta name=\"twitter:data1\" content=\"Roberto\" \/>\n\t<meta name=\"twitter:label2\" content=\"Gesch\u00e4tzte Lesezeit\" \/>\n\t<meta name=\"twitter:data2\" content=\"10\u00a0Minuten\" \/>\n<script type=\"application\/ld+json\" class=\"yoast-schema-graph\">{\"@context\":\"https:\\\/\\\/schema.org\",\"@graph\":[{\"@type\":\"Article\",\"@id\":\"https:\\\/\\\/www.wopg.org\\\/de\\\/prem-rawat-in-amaroo\\\/#article\",\"isPartOf\":{\"@id\":\"https:\\\/\\\/www.wopg.org\\\/de\\\/prem-rawat-in-amaroo\\\/\"},\"author\":{\"name\":\"Roberto\",\"@id\":\"https:\\\/\\\/www.wopg.org\\\/de\\\/#\\\/schema\\\/person\\\/c495a5aacd2a074ce031b7fa6625b3af\"},\"headline\":\"8. bis 12. September 2025 &#8211; Prem Rawat in Amaroo\",\"datePublished\":\"2025-09-08T18:03:13+00:00\",\"dateModified\":\"2025-09-12T17:18:25+00:00\",\"mainEntityOfPage\":{\"@id\":\"https:\\\/\\\/www.wopg.org\\\/de\\\/prem-rawat-in-amaroo\\\/\"},\"wordCount\":2016,\"commentCount\":0,\"publisher\":{\"@id\":\"https:\\\/\\\/www.wopg.org\\\/de\\\/#organization\"},\"image\":{\"@id\":\"https:\\\/\\\/www.wopg.org\\\/de\\\/prem-rawat-in-amaroo\\\/#primaryimage\"},\"thumbnailUrl\":\"https:\\\/\\\/www.wopg.org\\\/wp-content\\\/uploads\\\/2025\\\/04\\\/240911_Amaroo_S1_cc-144-lowres_1080x608.jpg\",\"articleSection\":[\"Recent\"],\"inLanguage\":\"de\",\"potentialAction\":[{\"@type\":\"CommentAction\",\"name\":\"Comment\",\"target\":[\"https:\\\/\\\/www.wopg.org\\\/de\\\/prem-rawat-in-amaroo\\\/#respond\"]}]},{\"@type\":\"WebPage\",\"@id\":\"https:\\\/\\\/www.wopg.org\\\/de\\\/prem-rawat-in-amaroo\\\/\",\"url\":\"https:\\\/\\\/www.wopg.org\\\/de\\\/prem-rawat-in-amaroo\\\/\",\"name\":\"8. bis 12. September 2025 - Prem Rawat in Amaroo | Words of Peace\",\"isPartOf\":{\"@id\":\"https:\\\/\\\/www.wopg.org\\\/de\\\/#website\"},\"primaryImageOfPage\":{\"@id\":\"https:\\\/\\\/www.wopg.org\\\/de\\\/prem-rawat-in-amaroo\\\/#primaryimage\"},\"image\":{\"@id\":\"https:\\\/\\\/www.wopg.org\\\/de\\\/prem-rawat-in-amaroo\\\/#primaryimage\"},\"thumbnailUrl\":\"https:\\\/\\\/www.wopg.org\\\/wp-content\\\/uploads\\\/2025\\\/04\\\/240911_Amaroo_S1_cc-144-lowres_1080x608.jpg\",\"datePublished\":\"2025-09-08T18:03:13+00:00\",\"dateModified\":\"2025-09-12T17:18:25+00:00\",\"breadcrumb\":{\"@id\":\"https:\\\/\\\/www.wopg.org\\\/de\\\/prem-rawat-in-amaroo\\\/#breadcrumb\"},\"inLanguage\":\"de\",\"potentialAction\":[{\"@type\":\"ReadAction\",\"target\":[\"https:\\\/\\\/www.wopg.org\\\/de\\\/prem-rawat-in-amaroo\\\/\"]}]},{\"@type\":\"ImageObject\",\"inLanguage\":\"de\",\"@id\":\"https:\\\/\\\/www.wopg.org\\\/de\\\/prem-rawat-in-amaroo\\\/#primaryimage\",\"url\":\"https:\\\/\\\/www.wopg.org\\\/wp-content\\\/uploads\\\/2025\\\/04\\\/240911_Amaroo_S1_cc-144-lowres_1080x608.jpg\",\"contentUrl\":\"https:\\\/\\\/www.wopg.org\\\/wp-content\\\/uploads\\\/2025\\\/04\\\/240911_Amaroo_S1_cc-144-lowres_1080x608.jpg\",\"width\":1080,\"height\":608},{\"@type\":\"BreadcrumbList\",\"@id\":\"https:\\\/\\\/www.wopg.org\\\/de\\\/prem-rawat-in-amaroo\\\/#breadcrumb\",\"itemListElement\":[{\"@type\":\"ListItem\",\"position\":1,\"name\":\"Home\",\"item\":\"https:\\\/\\\/www.wopg.org\\\/de\\\/\"},{\"@type\":\"ListItem\",\"position\":2,\"name\":\"8. bis 12. September 2025 &#8211; Prem Rawat in Amaroo\"}]},{\"@type\":\"WebSite\",\"@id\":\"https:\\\/\\\/www.wopg.org\\\/de\\\/#website\",\"url\":\"https:\\\/\\\/www.wopg.org\\\/de\\\/\",\"name\":\"Words of Peace\",\"description\":\"Practice Peace, Change Your World\",\"publisher\":{\"@id\":\"https:\\\/\\\/www.wopg.org\\\/de\\\/#organization\"},\"potentialAction\":[{\"@type\":\"SearchAction\",\"target\":{\"@type\":\"EntryPoint\",\"urlTemplate\":\"https:\\\/\\\/www.wopg.org\\\/de\\\/?s={search_term_string}\"},\"query-input\":{\"@type\":\"PropertyValueSpecification\",\"valueRequired\":true,\"valueName\":\"search_term_string\"}}],\"inLanguage\":\"de\"},{\"@type\":\"Organization\",\"@id\":\"https:\\\/\\\/www.wopg.org\\\/de\\\/#organization\",\"name\":\"Words of Peace\",\"url\":\"https:\\\/\\\/www.wopg.org\\\/de\\\/\",\"logo\":{\"@type\":\"ImageObject\",\"inLanguage\":\"de\",\"@id\":\"https:\\\/\\\/www.wopg.org\\\/de\\\/#\\\/schema\\\/logo\\\/image\\\/\",\"url\":\"https:\\\/\\\/wopg.org\\\/wp-content\\\/uploads\\\/2022\\\/02\\\/Words-of-Peace-logo-website61x252.png\",\"contentUrl\":\"https:\\\/\\\/wopg.org\\\/wp-content\\\/uploads\\\/2022\\\/02\\\/Words-of-Peace-logo-website61x252.png\",\"width\":252,\"height\":61,\"caption\":\"Words of Peace\"},\"image\":{\"@id\":\"https:\\\/\\\/www.wopg.org\\\/de\\\/#\\\/schema\\\/logo\\\/image\\\/\"},\"sameAs\":[\"https:\\\/\\\/www.facebook.com\\\/wordsofpeaceglobal\",\"https:\\\/\\\/x.com\\\/wopg\",\"https:\\\/\\\/www.instagram.com\\\/wopgofficial\\\/\"]},{\"@type\":\"Person\",\"@id\":\"https:\\\/\\\/www.wopg.org\\\/de\\\/#\\\/schema\\\/person\\\/c495a5aacd2a074ce031b7fa6625b3af\",\"name\":\"Roberto\",\"image\":{\"@type\":\"ImageObject\",\"inLanguage\":\"de\",\"@id\":\"https:\\\/\\\/secure.gravatar.com\\\/avatar\\\/3a2423ab531630d32d946fa10acea4a736bd03feede76ddcc150434c8458228b?s=96&d=mm&r=g\",\"url\":\"https:\\\/\\\/secure.gravatar.com\\\/avatar\\\/3a2423ab531630d32d946fa10acea4a736bd03feede76ddcc150434c8458228b?s=96&d=mm&r=g\",\"contentUrl\":\"https:\\\/\\\/secure.gravatar.com\\\/avatar\\\/3a2423ab531630d32d946fa10acea4a736bd03feede76ddcc150434c8458228b?s=96&d=mm&r=g\",\"caption\":\"Roberto\"},\"url\":\"https:\\\/\\\/www.wopg.org\\\/de\\\/author\\\/roberto\\\/\"}]}<\/script>\n<!-- \/ Yoast SEO plugin. -->","yoast_head_json":{"title":"8. bis 12. September 2025 - Prem Rawat in Amaroo | Words of Peace","robots":{"index":"index","follow":"follow","max-snippet":"max-snippet:-1","max-image-preview":"max-image-preview:large","max-video-preview":"max-video-preview:-1"},"canonical":"https:\/\/www.wopg.org\/de\/prem-rawat-in-amaroo\/","og_locale":"de_DE","og_type":"article","og_title":"8. bis 12. September 2025 - Prem Rawat in Amaroo | Words of Peace","og_description":"Foto mit freundlicher Genehmigung von TimelessTodayLesen Sie diese Seite bitte sorgf\u00e4ltig durch, sie enth\u00e4lt wichtige Informationen zum bevorstehenden Event. Weitere Informationen und Updates finden Sie auf https:\/\/amaroo.org. Die neue Amaroo-Website geht am Samstag, 7. Juni um 10:00 Uhr AEST online.WANN UND WODatum: Montag, 8. September bis Freitag, 12. September 2025Zeit: Die Anfangszeiten der Events werden [&hellip;]","og_url":"https:\/\/www.wopg.org\/de\/prem-rawat-in-amaroo\/","og_site_name":"Words of Peace","article_publisher":"https:\/\/www.facebook.com\/wordsofpeaceglobal","article_published_time":"2025-09-08T18:03:13+00:00","article_modified_time":"2025-09-12T17:18:25+00:00","og_image":[{"width":1080,"height":608,"url":"https:\/\/eadn-wc03-5903292.nxedge.io\/wp-content\/uploads\/2025\/04\/240911_Amaroo_S1_cc-144-lowres_1080x608.jpg","type":"image\/jpeg"}],"author":"Roberto","twitter_card":"summary_large_image","twitter_creator":"@wopg","twitter_site":"@wopg","twitter_misc":{"Verfasst von":"Roberto","Gesch\u00e4tzte Lesezeit":"10\u00a0Minuten"},"schema":{"@context":"https:\/\/schema.org","@graph":[{"@type":"Article","@id":"https:\/\/www.wopg.org\/de\/prem-rawat-in-amaroo\/#article","isPartOf":{"@id":"https:\/\/www.wopg.org\/de\/prem-rawat-in-amaroo\/"},"author":{"name":"Roberto","@id":"https:\/\/www.wopg.org\/de\/#\/schema\/person\/c495a5aacd2a074ce031b7fa6625b3af"},"headline":"8. bis 12. September 2025 &#8211; Prem Rawat in Amaroo","datePublished":"2025-09-08T18:03:13+00:00","dateModified":"2025-09-12T17:18:25+00:00","mainEntityOfPage":{"@id":"https:\/\/www.wopg.org\/de\/prem-rawat-in-amaroo\/"},"wordCount":2016,"commentCount":0,"publisher":{"@id":"https:\/\/www.wopg.org\/de\/#organization"},"image":{"@id":"https:\/\/www.wopg.org\/de\/prem-rawat-in-amaroo\/#primaryimage"},"thumbnailUrl":"https:\/\/eadn-wc03-5903292.nxedge.io\/wp-content\/uploads\/2025\/04\/240911_Amaroo_S1_cc-144-lowres_1080x608.jpg","articleSection":["Recent"],"inLanguage":"de","potentialAction":[{"@type":"CommentAction","name":"Comment","target":["https:\/\/www.wopg.org\/de\/prem-rawat-in-amaroo\/#respond"]}]},{"@type":"WebPage","@id":"https:\/\/www.wopg.org\/de\/prem-rawat-in-amaroo\/","url":"https:\/\/www.wopg.org\/de\/prem-rawat-in-amaroo\/","name":"8. bis 12. September 2025 - Prem Rawat in Amaroo | Words of Peace","isPartOf":{"@id":"https:\/\/www.wopg.org\/de\/#website"},"primaryImageOfPage":{"@id":"https:\/\/www.wopg.org\/de\/prem-rawat-in-amaroo\/#primaryimage"},"image":{"@id":"https:\/\/www.wopg.org\/de\/prem-rawat-in-amaroo\/#primaryimage"},"thumbnailUrl":"https:\/\/eadn-wc03-5903292.nxedge.io\/wp-content\/uploads\/2025\/04\/240911_Amaroo_S1_cc-144-lowres_1080x608.jpg","datePublished":"2025-09-08T18:03:13+00:00","dateModified":"2025-09-12T17:18:25+00:00","breadcrumb":{"@id":"https:\/\/www.wopg.org\/de\/prem-rawat-in-amaroo\/#breadcrumb"},"inLanguage":"de","potentialAction":[{"@type":"ReadAction","target":["https:\/\/www.wopg.org\/de\/prem-rawat-in-amaroo\/"]}]},{"@type":"ImageObject","inLanguage":"de","@id":"https:\/\/www.wopg.org\/de\/prem-rawat-in-amaroo\/#primaryimage","url":"https:\/\/eadn-wc03-5903292.nxedge.io\/wp-content\/uploads\/2025\/04\/240911_Amaroo_S1_cc-144-lowres_1080x608.jpg","contentUrl":"https:\/\/eadn-wc03-5903292.nxedge.io\/wp-content\/uploads\/2025\/04\/240911_Amaroo_S1_cc-144-lowres_1080x608.jpg","width":1080,"height":608},{"@type":"BreadcrumbList","@id":"https:\/\/www.wopg.org\/de\/prem-rawat-in-amaroo\/#breadcrumb","itemListElement":[{"@type":"ListItem","position":1,"name":"Home","item":"https:\/\/www.wopg.org\/de\/"},{"@type":"ListItem","position":2,"name":"8. bis 12. September 2025 &#8211; Prem Rawat in Amaroo"}]},{"@type":"WebSite","@id":"https:\/\/www.wopg.org\/de\/#website","url":"https:\/\/www.wopg.org\/de\/","name":"Words of Peace","description":"Practice Peace, Change Your World","publisher":{"@id":"https:\/\/www.wopg.org\/de\/#organization"},"potentialAction":[{"@type":"SearchAction","target":{"@type":"EntryPoint","urlTemplate":"https:\/\/www.wopg.org\/de\/?s={search_term_string}"},"query-input":{"@type":"PropertyValueSpecification","valueRequired":true,"valueName":"search_term_string"}}],"inLanguage":"de"},{"@type":"Organization","@id":"https:\/\/www.wopg.org\/de\/#organization","name":"Words of Peace","url":"https:\/\/www.wopg.org\/de\/","logo":{"@type":"ImageObject","inLanguage":"de","@id":"https:\/\/www.wopg.org\/de\/#\/schema\/logo\/image\/","url":"https:\/\/wopg.org\/wp-content\/uploads\/2022\/02\/Words-of-Peace-logo-website61x252.png","contentUrl":"https:\/\/wopg.org\/wp-content\/uploads\/2022\/02\/Words-of-Peace-logo-website61x252.png","width":252,"height":61,"caption":"Words of Peace"},"image":{"@id":"https:\/\/www.wopg.org\/de\/#\/schema\/logo\/image\/"},"sameAs":["https:\/\/www.facebook.com\/wordsofpeaceglobal","https:\/\/x.com\/wopg","https:\/\/www.instagram.com\/wopgofficial\/"]},{"@type":"Person","@id":"https:\/\/www.wopg.org\/de\/#\/schema\/person\/c495a5aacd2a074ce031b7fa6625b3af","name":"Roberto","image":{"@type":"ImageObject","inLanguage":"de","@id":"https:\/\/secure.gravatar.com\/avatar\/3a2423ab531630d32d946fa10acea4a736bd03feede76ddcc150434c8458228b?s=96&d=mm&r=g","url":"https:\/\/secure.gravatar.com\/avatar\/3a2423ab531630d32d946fa10acea4a736bd03feede76ddcc150434c8458228b?s=96&d=mm&r=g","contentUrl":"https:\/\/secure.gravatar.com\/avatar\/3a2423ab531630d32d946fa10acea4a736bd03feede76ddcc150434c8458228b?s=96&d=mm&r=g","caption":"Roberto"},"url":"https:\/\/www.wopg.org\/de\/author\/roberto\/"}]}},"_links":{"self":[{"href":"https:\/\/www.wopg.org\/de\/wp-json\/wp\/v2\/posts\/41167","targetHints":{"allow":["GET"]}}],"collection":[{"href":"https:\/\/www.wopg.org\/de\/wp-json\/wp\/v2\/posts"}],"about":[{"href":"https:\/\/www.wopg.org\/de\/wp-json\/wp\/v2\/types\/post"}],"author":[{"embeddable":true,"href":"https:\/\/www.wopg.org\/de\/wp-json\/wp\/v2\/users\/14"}],"replies":[{"embeddable":true,"href":"https:\/\/www.wopg.org\/de\/wp-json\/wp\/v2\/comments?post=41167"}],"version-history":[{"count":29,"href":"https:\/\/www.wopg.org\/de\/wp-json\/wp\/v2\/posts\/41167\/revisions"}],"predecessor-version":[{"id":43578,"href":"https:\/\/www.wopg.org\/de\/wp-json\/wp\/v2\/posts\/41167\/revisions\/43578"}],"wp:featuredmedia":[{"embeddable":true,"href":"https:\/\/www.wopg.org\/de\/wp-json\/wp\/v2\/media\/40061"}],"wp:attachment":[{"href":"https:\/\/www.wopg.org\/de\/wp-json\/wp\/v2\/media?parent=41167"}],"wp:term":[{"taxonomy":"category","embeddable":true,"href":"https:\/\/www.wopg.org\/de\/wp-json\/wp\/v2\/categories?post=41167"},{"taxonomy":"post_tag","embeddable":true,"href":"https:\/\/www.wopg.org\/de\/wp-json\/wp\/v2\/tags?post=41167"},{"taxonomy":"post_folder","embeddable":true,"href":"https:\/\/www.wopg.org\/de\/wp-json\/wp\/v2\/post_folder?post=41167"}],"curies":[{"name":"wp","href":"https:\/\/api.w.org\/{rel}","templated":true}]}}