{"id":41651,"date":"2025-06-29T15:23:03","date_gmt":"2025-06-29T15:23:03","guid":{"rendered":"https:\/\/www.wopg.org\/?p=41651"},"modified":"2025-07-06T07:14:46","modified_gmt":"2025-07-06T07:14:46","slug":"29-juni-2025-prem-rawat-in-barcelona","status":"publish","type":"post","link":"https:\/\/www.wopg.org\/de\/29-juni-2025-prem-rawat-in-barcelona\/","title":{"rendered":"29. Juni 2025 &#8211; Prem Rawat in Barcelona"},"content":{"rendered":"<p>[et_pb_section fb_built=&#8220;1&#8243; custom_padding_last_edited=&#8220;on|phone&#8220; _builder_version=&#8220;4.27.4&#8243; _module_preset=&#8220;default&#8220; custom_padding=&#8220;0px||0px||false|true&#8220; custom_padding_tablet=&#8220;|30px||30px|false|true&#8220; custom_padding_phone=&#8220;|15px||15px|false|true&#8220; border_radii=&#8220;off|15px|15px||&#8220; border_radii_tablet=&#8220;off|15px|15px||&#8220; border_radii_phone=&#8220;off|0px|0px||&#8220; border_radii_last_edited=&#8220;on|phone&#8220; locked=&#8220;off&#8220; global_colors_info=&#8220;{}&#8220;][et_pb_row _builder_version=&#8220;4.27.4&#8243; _module_preset=&#8220;default&#8220; width=&#8220;100%&#8220; global_colors_info=&#8220;{}&#8220;][et_pb_column type=&#8220;4_4&#8243; _builder_version=&#8220;4.27.4&#8243; _module_preset=&#8220;default&#8220; global_colors_info=&#8220;{}&#8220;][et_pb_image src=&#8220;https:\/\/eadn-wc03-5903292.nxedge.io\/wp-content\/uploads\/2025\/06\/WakeUp_logo_website.png&#8220; title_text=&#8220;WakeUp_logo_website&#8220; _builder_version=&#8220;4.27.4&#8243; _module_preset=&#8220;default&#8220; width=&#8220;90%&#8220; module_alignment=&#8220;center&#8220; global_colors_info=&#8220;{}&#8220;][\/et_pb_image][\/et_pb_column][\/et_pb_row][et_pb_row _builder_version=&#8220;4.27.4&#8243; _module_preset=&#8220;default&#8220; global_colors_info=&#8220;{}&#8220;][et_pb_column type=&#8220;4_4&#8243; _builder_version=&#8220;4.27.4&#8243; _module_preset=&#8220;default&#8220; global_colors_info=&#8220;{}&#8220;][et_pb_text _builder_version=&#8220;4.27.4&#8243; _module_preset=&#8220;default&#8220; custom_padding=&#8220;|12%||12%|false|true&#8220; global_colors_info=&#8220;{}&#8220;]<\/p>\n<p class=\"p1\" style=\"text-align: center;\"><em>Humanitarian, Global Peace Ambassador, International Peace Educator, International Bestselling Author, and three times Guinness World Record Holder Prem Rawat returns to Europe to share a timeless wisdom:<\/em><\/p>\n<p class=\"p1\" style=\"text-align: center;\"><em><strong>\u201cPeace is possible, and it begins within each one of us.\u201d<\/strong><\/em><\/p>\n<p>[\/et_pb_text][et_pb_text _builder_version=&#8220;4.27.4&#8243; _module_preset=&#8220;default&#8220; global_colors_info=&#8220;{}&#8220;]<\/p>\n<h3 class=\"p1\" style=\"text-align: center;\">See Prem Rawat live<\/h3>\n<h3 class=\"p1\" style=\"text-align: center;\">Sunday, 29 June 2025<\/h3>\n<h3 class=\"p1\" style=\"text-align: center;\">Palau de Congressos de Catalunya<\/h3>\n<h3 class=\"p1\" style=\"text-align: center;\">Barcelona<\/h3>\n<p>[\/et_pb_text][et_pb_button button_url=&#8220;https:\/\/www.entradas.com\/artist\/prem-rawat\/&#8220; url_new_window=&#8220;on&#8220; button_text=&#8220;View Ticket Options&#8220; button_alignment=&#8220;center&#8220; disabled_on=&#8220;off|off|off&#8220; _builder_version=&#8220;4.27.4&#8243; _module_preset=&#8220;default&#8220; custom_button=&#8220;on&#8220; button_bg_color=&#8220;#008B73&#8243; button_border_width=&#8220;0px&#8220; button_border_radius=&#8220;8px&#8220; background_layout=&#8220;dark&#8220; custom_padding=&#8220;10px|49px|10px|49px|true|true&#8220; global_colors_info=&#8220;{}&#8220;][\/et_pb_button][\/et_pb_column][\/et_pb_row][et_pb_row column_structure=&#8220;1_3,1_3,1_3&#8243; _builder_version=&#8220;4.27.4&#8243; _module_preset=&#8220;default&#8220; custom_padding=&#8220;0px||||false|false&#8220; global_colors_info=&#8220;{}&#8220;][et_pb_column type=&#8220;1_3&#8243; _builder_version=&#8220;4.27.4&#8243; _module_preset=&#8220;default&#8220; global_colors_info=&#8220;{}&#8220;][et_pb_text _builder_version=&#8220;4.27.4&#8243; _module_preset=&#8220;default&#8220; custom_margin=&#8220;||0px||false|false&#8220; global_colors_info=&#8220;{}&#8220;]<\/p>\n<h3>About Prem Rawat<\/h3>\n<p>[\/et_pb_text][et_pb_code _builder_version=&#8220;4.27.4&#8243; _module_preset=&#8220;default&#8220; global_colors_info=&#8220;{}&#8220;]\n<div class=\"wp-block-presto-player-reusable-edit\"><!--presto-player:video_id=3--><figure class=\"wp-block-video presto-block-video  presto-provider-youtube\" style=\"--plyr-color-main: var(--presto-player-highlight-color, #008b73); --presto-player-logo-width: 150px; \">\n\t<presto-player \n\t\tpreset='{&quot;id&quot;:5,&quot;name&quot;:&quot;YouTube Optimized&quot;,&quot;slug&quot;:&quot;youtube&quot;,&quot;icon&quot;:&quot;youtube&quot;,&quot;skin&quot;:&quot;modern&quot;,&quot;play-large&quot;:true,&quot;rewind&quot;:true,&quot;play&quot;:true,&quot;fast-forward&quot;:true,&quot;progress&quot;:true,&quot;current-time&quot;:true,&quot;mute&quot;:true,&quot;volume&quot;:true,&quot;speed&quot;:true,&quot;pip&quot;:false,&quot;fullscreen&quot;:true,&quot;captions&quot;:false,&quot;reset_on_end&quot;:true,&quot;auto_hide&quot;:true,&quot;show_time_elapsed&quot;:false,&quot;captions_enabled&quot;:false,&quot;save_player_position&quot;:false,&quot;sticky_scroll&quot;:false,&quot;sticky_scroll_position&quot;:&quot;bottom right&quot;,&quot;on_video_end&quot;:&quot;select&quot;,&quot;play_video_viewport&quot;:false,&quot;hide_youtube&quot;:false,&quot;lazy_load_youtube&quot;:true,&quot;hide_logo&quot;:false,&quot;border_radius&quot;:0,&quot;caption_style&quot;:&quot;&quot;,&quot;caption_background&quot;:&quot;&quot;,&quot;is_locked&quot;:true,&quot;cta&quot;:[&quot;&quot;],&quot;watermark&quot;:[&quot;&quot;],&quot;search&quot;:[&quot;&quot;],&quot;email_collection&quot;:[&quot;&quot;],&quot;created_by&quot;:3,&quot;created_at&quot;:&quot;2025-06-16 20:25:09&quot;,&quot;updated_at&quot;:&quot;2025-06-16 20:25:09&quot;,&quot;deleted_at&quot;:&quot;&quot;}'\n\t\tbranding='{&quot;logo&quot;:&quot;&quot;,&quot;color&quot;:&quot;#008b73&quot;,&quot;logo_width&quot;:150,&quot;player_css&quot;:&quot;&quot;}'\n\t\tchapters='[]'\n\t\toverlays='[]'\n\t\ttracks='[]'\n\t\tblock-attributes='{&quot;playsInline&quot;:true,&quot;id&quot;:3,&quot;src&quot;:&quot;https:\\\/\\\/youtu.be\\\/OdQuPm_ZgHQ?feature=shared&quot;,&quot;preset&quot;:5,&quot;video_id&quot;:&quot;OdQuPm_ZgHQ&quot;,&quot;visibility&quot;:&quot;public&quot;,&quot;color&quot;:&quot;#00b3ff&quot;,&quot;mutedPreview&quot;:{&quot;enabled&quot;:false,&quot;captions&quot;:false},&quot;mutedOverlay&quot;:{&quot;enabled&quot;:false,&quot;src&quot;:&quot;&quot;,&quot;width&quot;:200,&quot;focalPoint&quot;:{&quot;x&quot;:0.5,&quot;y&quot;:0.5}},&quot;mutedOverlayType&quot;:&quot;text&quot;,&quot;mutedOverlayText&quot;:&quot;Click to play&quot;,&quot;mutedOverlayImageWidth&quot;:200,&quot;chapters&quot;:[],&quot;overlays&quot;:[],&quot;tracks&quot;:[],&quot;title&quot;:&quot;Prem Rawat: A Decade in the Media&quot;}'\n\t\tanalytics=''\n\t\tautomations\t\tprovider='youtube'\n\t\t\t\tid=\"presto-player-1\"\n\t\tsrc=\"\/\/www.youtube.com\/embed\/OdQuPm_ZgHQ?iv_load_policy=3&amp;modestbranding=1&amp;playinline=1&amp;showinfo=0&amp;rel=0&amp;enablejsapi=1\"\n\t\tmedia-title=\"Prem Rawat: A Decade in the Media\"\n\t\tcss=\"\"\n\t\tclass=\"presto-video-id-3 presto-preset-id-5 skin-modern\"\n\t\tskin=\"modern\" \n\t\ticon-url=\"https:\/\/eadn-wc03-5903292.nxedge.io\/wp-content\/plugins\/presto-player\/img\/sprite.svg\" \n\t\tpreload=\"\" \n\t\tposter=\"\"\n\t\tyoutube=\"{&quot;noCookie&quot;:false,&quot;channelId&quot;:&quot;&quot;,&quot;show_count&quot;:false}\"\n\t\tprovider-video-id=\"OdQuPm_ZgHQ\"\n\t\tvideo-id=\"3\"\n\t\tlazy-load-youtube\t\tvideo-attributes='{}'\n\t\tplaysinline\t\t\t\t>\n\t\t\n\n\t<\/presto-player>\n<\/figure><\/div>\n[\/et_pb_code][\/et_pb_column][et_pb_column type=&#8220;1_3&#8243; _builder_version=&#8220;4.27.4&#8243; _module_preset=&#8220;default&#8220; global_colors_info=&#8220;{}&#8220;][et_pb_text _builder_version=&#8220;4.27.4&#8243; _module_preset=&#8220;default&#8220; custom_margin=&#8220;||0px||false|false&#8220; global_colors_info=&#8220;{}&#8220;]<\/p>\n<h3 class=\"p1\">About his message<\/h3>\n<p>[\/et_pb_text][et_pb_code disabled_on=&#8220;off|off|off&#8220; _builder_version=&#8220;4.27.4&#8243; _module_preset=&#8220;default&#8220; global_colors_info=&#8220;{}&#8220;]\n<div class=\"wp-block-presto-player-reusable-edit\"><!--presto-player:video_id=2--><figure class=\"wp-block-video presto-block-video  presto-provider-youtube\" style=\"--plyr-color-main: var(--presto-player-highlight-color, #008b73); --presto-player-logo-width: 150px; \">\n\t<presto-player \n\t\tpreset='{&quot;id&quot;:5,&quot;name&quot;:&quot;YouTube Optimized&quot;,&quot;slug&quot;:&quot;youtube&quot;,&quot;icon&quot;:&quot;youtube&quot;,&quot;skin&quot;:&quot;modern&quot;,&quot;play-large&quot;:true,&quot;rewind&quot;:true,&quot;play&quot;:true,&quot;fast-forward&quot;:true,&quot;progress&quot;:true,&quot;current-time&quot;:true,&quot;mute&quot;:true,&quot;volume&quot;:true,&quot;speed&quot;:true,&quot;pip&quot;:false,&quot;fullscreen&quot;:true,&quot;captions&quot;:false,&quot;reset_on_end&quot;:true,&quot;auto_hide&quot;:true,&quot;show_time_elapsed&quot;:false,&quot;captions_enabled&quot;:false,&quot;save_player_position&quot;:false,&quot;sticky_scroll&quot;:false,&quot;sticky_scroll_position&quot;:&quot;bottom right&quot;,&quot;on_video_end&quot;:&quot;select&quot;,&quot;play_video_viewport&quot;:false,&quot;hide_youtube&quot;:false,&quot;lazy_load_youtube&quot;:true,&quot;hide_logo&quot;:false,&quot;border_radius&quot;:0,&quot;caption_style&quot;:&quot;&quot;,&quot;caption_background&quot;:&quot;&quot;,&quot;is_locked&quot;:true,&quot;cta&quot;:[&quot;&quot;],&quot;watermark&quot;:[&quot;&quot;],&quot;search&quot;:[&quot;&quot;],&quot;email_collection&quot;:[&quot;&quot;],&quot;created_by&quot;:3,&quot;created_at&quot;:&quot;2025-06-16 20:25:09&quot;,&quot;updated_at&quot;:&quot;2025-06-16 20:25:09&quot;,&quot;deleted_at&quot;:&quot;&quot;}'\n\t\tbranding='{&quot;logo&quot;:&quot;&quot;,&quot;color&quot;:&quot;#008b73&quot;,&quot;logo_width&quot;:150,&quot;player_css&quot;:&quot;&quot;}'\n\t\tchapters='[]'\n\t\toverlays='[]'\n\t\ttracks='[]'\n\t\tblock-attributes='{&quot;playsInline&quot;:false,&quot;id&quot;:2,&quot;src&quot;:&quot;https:\\\/\\\/www.youtube.com\\\/watch?v=6dQhx2CVldI&quot;,&quot;preset&quot;:5,&quot;video_id&quot;:&quot;6dQhx2CVldI&quot;,&quot;visibility&quot;:&quot;public&quot;,&quot;color&quot;:&quot;#00b3ff&quot;,&quot;mutedPreview&quot;:{&quot;enabled&quot;:false,&quot;captions&quot;:false},&quot;mutedOverlay&quot;:{&quot;enabled&quot;:false,&quot;src&quot;:&quot;&quot;,&quot;width&quot;:200,&quot;focalPoint&quot;:{&quot;x&quot;:0.5,&quot;y&quot;:0.5}},&quot;mutedOverlayType&quot;:&quot;text&quot;,&quot;mutedOverlayText&quot;:&quot;Click to play&quot;,&quot;mutedOverlayImageWidth&quot;:200,&quot;chapters&quot;:[],&quot;overlays&quot;:[],&quot;tracks&quot;:[],&quot;title&quot;:&quot;Your Treasure&quot;}'\n\t\tanalytics=''\n\t\tautomations\t\tprovider='youtube'\n\t\t\t\tid=\"presto-player-2\"\n\t\tsrc=\"\/\/www.youtube.com\/embed\/6dQhx2CVldI?iv_load_policy=3&amp;modestbranding=1&amp;playinline=0&amp;showinfo=0&amp;rel=0&amp;enablejsapi=1\"\n\t\tmedia-title=\"Your Treasure\"\n\t\tcss=\"\"\n\t\tclass=\"presto-video-id-2 presto-preset-id-5 skin-modern\"\n\t\tskin=\"modern\" \n\t\ticon-url=\"https:\/\/eadn-wc03-5903292.nxedge.io\/wp-content\/plugins\/presto-player\/img\/sprite.svg\" \n\t\tpreload=\"\" \n\t\tposter=\"\"\n\t\tyoutube=\"{&quot;noCookie&quot;:false,&quot;channelId&quot;:&quot;&quot;,&quot;show_count&quot;:false}\"\n\t\tprovider-video-id=\"6dQhx2CVldI\"\n\t\tvideo-id=\"2\"\n\t\tlazy-load-youtube\t\tvideo-attributes='{}'\n\t\t\t\t\t\t>\n\t\t\n\n\t<\/presto-player>\n<\/figure><\/div>\n[\/et_pb_code][\/et_pb_column][et_pb_column type=&#8220;1_3&#8243; _builder_version=&#8220;4.27.4&#8243; _module_preset=&#8220;default&#8220; global_colors_info=&#8220;{}&#8220;][et_pb_text _builder_version=&#8220;4.27.4&#8243; _module_preset=&#8220;default&#8220; custom_margin=&#8220;||0px||false|false&#8220; global_colors_info=&#8220;{}&#8220;]<\/p>\n<h3 class=\"p1\">What people say<\/h3>\n<p>[\/et_pb_text][et_pb_code _builder_version=&#8220;4.27.4&#8243; _module_preset=&#8220;default&#8220; global_colors_info=&#8220;{}&#8220;]\n<div class=\"wp-block-presto-player-reusable-edit\"><!--presto-player:video_id=1--><figure class=\"wp-block-video presto-block-video  presto-provider-youtube\" style=\"--plyr-color-main: var(--presto-player-highlight-color, #008b73); --presto-player-logo-width: 150px; \">\n\t<presto-player \n\t\tpreset='{&quot;id&quot;:5,&quot;name&quot;:&quot;YouTube Optimized&quot;,&quot;slug&quot;:&quot;youtube&quot;,&quot;icon&quot;:&quot;youtube&quot;,&quot;skin&quot;:&quot;modern&quot;,&quot;play-large&quot;:true,&quot;rewind&quot;:true,&quot;play&quot;:true,&quot;fast-forward&quot;:true,&quot;progress&quot;:true,&quot;current-time&quot;:true,&quot;mute&quot;:true,&quot;volume&quot;:true,&quot;speed&quot;:true,&quot;pip&quot;:false,&quot;fullscreen&quot;:true,&quot;captions&quot;:false,&quot;reset_on_end&quot;:true,&quot;auto_hide&quot;:true,&quot;show_time_elapsed&quot;:false,&quot;captions_enabled&quot;:false,&quot;save_player_position&quot;:false,&quot;sticky_scroll&quot;:false,&quot;sticky_scroll_position&quot;:&quot;bottom right&quot;,&quot;on_video_end&quot;:&quot;select&quot;,&quot;play_video_viewport&quot;:false,&quot;hide_youtube&quot;:false,&quot;lazy_load_youtube&quot;:true,&quot;hide_logo&quot;:false,&quot;border_radius&quot;:0,&quot;caption_style&quot;:&quot;&quot;,&quot;caption_background&quot;:&quot;&quot;,&quot;is_locked&quot;:true,&quot;cta&quot;:[&quot;&quot;],&quot;watermark&quot;:[&quot;&quot;],&quot;search&quot;:[&quot;&quot;],&quot;email_collection&quot;:[&quot;&quot;],&quot;created_by&quot;:3,&quot;created_at&quot;:&quot;2025-06-16 20:25:09&quot;,&quot;updated_at&quot;:&quot;2025-06-16 20:25:09&quot;,&quot;deleted_at&quot;:&quot;&quot;}'\n\t\tbranding='{&quot;logo&quot;:&quot;&quot;,&quot;color&quot;:&quot;#008b73&quot;,&quot;logo_width&quot;:150,&quot;player_css&quot;:&quot;&quot;}'\n\t\tchapters='[]'\n\t\toverlays='[]'\n\t\ttracks='[]'\n\t\tblock-attributes='{&quot;playsInline&quot;:true,&quot;id&quot;:1,&quot;src&quot;:&quot;https:\\\/\\\/youtu.be\\\/2pM46ubZVgA&quot;,&quot;preset&quot;:5,&quot;video_id&quot;:&quot;2pM46ubZVgA&quot;,&quot;visibility&quot;:&quot;public&quot;,&quot;color&quot;:&quot;#00b3ff&quot;,&quot;mutedPreview&quot;:{&quot;enabled&quot;:false,&quot;captions&quot;:false},&quot;mutedOverlay&quot;:{&quot;enabled&quot;:false,&quot;src&quot;:&quot;&quot;,&quot;width&quot;:200,&quot;focalPoint&quot;:{&quot;x&quot;:0.5,&quot;y&quot;:0.5}},&quot;mutedOverlayType&quot;:&quot;text&quot;,&quot;mutedOverlayText&quot;:&quot;Click to play&quot;,&quot;mutedOverlayImageWidth&quot;:200,&quot;chapters&quot;:[],&quot;overlays&quot;:[],&quot;tracks&quot;:[],&quot;title&quot;:&quot;What People Say - Barcelona&quot;}'\n\t\tanalytics=''\n\t\tautomations\t\tprovider='youtube'\n\t\t\t\tid=\"presto-player-3\"\n\t\tsrc=\"\/\/www.youtube.com\/embed\/2pM46ubZVgA?iv_load_policy=3&amp;modestbranding=1&amp;playinline=1&amp;showinfo=0&amp;rel=0&amp;enablejsapi=1\"\n\t\tmedia-title=\"What People Say - Barcelona\"\n\t\tcss=\"\"\n\t\tclass=\"presto-video-id-1 presto-preset-id-5 skin-modern\"\n\t\tskin=\"modern\" \n\t\ticon-url=\"https:\/\/eadn-wc03-5903292.nxedge.io\/wp-content\/plugins\/presto-player\/img\/sprite.svg\" \n\t\tpreload=\"\" \n\t\tposter=\"\"\n\t\tyoutube=\"{&quot;noCookie&quot;:false,&quot;channelId&quot;:&quot;&quot;,&quot;show_count&quot;:false}\"\n\t\tprovider-video-id=\"2pM46ubZVgA\"\n\t\tvideo-id=\"1\"\n\t\tlazy-load-youtube\t\tvideo-attributes='{}'\n\t\tplaysinline\t\t\t\t>\n\t\t\n\n\t<\/presto-player>\n<\/figure><\/div>\n[\/et_pb_code][\/et_pb_column][\/et_pb_row][\/et_pb_section][et_pb_section fb_built=&#8220;1&#8243; module_id=&#8220;faq-peak&#8220; _builder_version=&#8220;4.21.0&#8243; _module_preset=&#8220;default&#8220; custom_padding=&#8220;0px||0px|||&#8220; locked=&#8220;off&#8220; global_colors_info=&#8220;{}&#8220;][et_pb_row _builder_version=&#8220;4.27.4&#8243; _module_preset=&#8220;default&#8220; global_colors_info=&#8220;{}&#8220;][et_pb_column type=&#8220;4_4&#8243; _builder_version=&#8220;4.27.4&#8243; _module_preset=&#8220;default&#8220; global_colors_info=&#8220;{}&#8220;][et_pb_text _builder_version=&#8220;4.27.4&#8243; _module_preset=&#8220;default&#8220; custom_padding=&#8220;|12%||12%|false|true&#8220; global_colors_info=&#8220;{}&#8220;]<\/p>\n<p class=\"p1\" style=\"text-align: center;\">\u201cThere is something so beautiful inside you that if you knew it, you would fall in love with it. It is irresistible. You can truly experience that.\u201d<\/p>\n<p class=\"p1\" style=\"text-align: right;\"><em>Prem Rawat<\/em><\/p>\n<p class=\"p1\" style=\"text-align: center;\"><a href=\"https:\/\/www.entradas.com\/artist\/prem-rawat\/\" target=\"_blank\" rel=\"noopener\"><span>Prem\u2019s timeless message delivered with great wit and wisdom \u2013 come and discover it for yourself!<\/span><\/a><\/p>\n<p>[\/et_pb_text][\/et_pb_column][\/et_pb_row][\/et_pb_section][et_pb_section fb_built=&#8220;1&#8243; module_id=&#8220;faq-peak&#8220; _builder_version=&#8220;4.21.0&#8243; _module_preset=&#8220;default&#8220; custom_padding=&#8220;0px||0px|||&#8220; locked=&#8220;off&#8220; global_colors_info=&#8220;{}&#8220;][et_pb_row _builder_version=&#8220;4.27.4&#8243; _module_preset=&#8220;default&#8220; global_colors_info=&#8220;{}&#8220;][et_pb_column type=&#8220;4_4&#8243; _builder_version=&#8220;4.27.4&#8243; _module_preset=&#8220;default&#8220; global_colors_info=&#8220;{}&#8220;][et_pb_image src=&#8220;https:\/\/eadn-wc03-5903292.nxedge.io\/wp-content\/uploads\/2025\/06\/240622_Rome_LS_dmp_030-lowres_1080x608.png&#8220; title_text=&#8220;240622_Rome_LS_dmp_030-lowres_1080x608&#8243; _builder_version=&#8220;4.27.4&#8243; _module_preset=&#8220;default&#8220; global_colors_info=&#8220;{}&#8220;][\/et_pb_image][et_pb_text _builder_version=&#8220;4.27.4&#8243; _module_preset=&#8220;default&#8220; custom_margin=&#8220;-20px||||false|false&#8220; locked=&#8220;off&#8220; global_colors_info=&#8220;{}&#8220;]<\/p>\n<h6 style=\"text-align: center;\"><span>Photo courtesy of TimelessToday<\/span><\/h6>\n<p>[\/et_pb_text][\/et_pb_column][\/et_pb_row][\/et_pb_section][et_pb_section fb_built=&#8220;1&#8243; disabled_on=&#8220;off|off|off&#8220; admin_label=&#8220;Full event details&#8220; _builder_version=&#8220;4.27.2&#8243; _module_preset=&#8220;default&#8220; custom_padding=&#8220;0px||||false|false&#8220; locked=&#8220;off&#8220; collapsed=&#8220;off&#8220; global_colors_info=&#8220;{}&#8220;][et_pb_row _builder_version=&#8220;4.21.0&#8243; _module_preset=&#8220;default&#8220; custom_padding=&#8220;0px||||false|false&#8220; custom_css_main_element=&#8220;display: flex;||flex-wrap: wrap;||justify-content: center;&#8220; global_colors_info=&#8220;{}&#8220;][et_pb_column type=&#8220;4_4&#8243; _builder_version=&#8220;4.21.0&#8243; _module_preset=&#8220;default&#8220; global_colors_info=&#8220;{}&#8220;][et_pb_text admin_label=&#8220;WHEN AND WHERE&#8220; _builder_version=&#8220;4.27.4&#8243; _module_preset=&#8220;default&#8220; header_2_text_align=&#8220;left&#8220; header_3_text_align=&#8220;left&#8220; hover_enabled=&#8220;0&#8243; header_2_text_align_tablet=&#8220;left&#8220; header_2_text_align_phone=&#8220;center&#8220; header_2_text_align_last_edited=&#8220;on|desktop&#8220; header_2_font_size_tablet=&#8220;&#8220; header_2_font_size_phone=&#8220;2em&#8220; header_2_font_size_last_edited=&#8220;on|desktop&#8220; header_3_text_align_tablet=&#8220;left&#8220; header_3_text_align_phone=&#8220;center&#8220; header_3_text_align_last_edited=&#8220;on|desktop&#8220; header_3_font_size_phone=&#8220;1.1em&#8220; custom_css_free_form=&#8220;.selector .et_pb_text_inner h2 {||  margin-bottom: 3px;||}||||.selector .et_pb_text_inner h3 {||  margin-bottom: 1.5rem;||}&#8220; global_colors_info=&#8220;{}&#8220; content__hover_enabled=&#8220;off|desktop&#8220; sticky_enabled=&#8220;0&#8243;]<\/p>\n<p><em>Read this page carefully for important information on the upcoming event. Please refer to this information when planning to attend.<\/em><\/p>\n<h4>WHEN AND WHERE<\/h4>\n<p><strong>Date:<\/strong><span style=\"font-weight: 400\"> Sunday, the 29th of June 2025<\/span><\/p>\n<p><strong>Time:<\/strong><span style=\"font-weight: 400\"> The event start time is 6 pm CEST (time in Barcelona).  Lobby doors will open at 4,45 pm. The end time is approximately 7,30 pm.<\/span><\/p>\n<p><strong>Venue:<span style=\"font-weight: 400\"><a href=\"https:\/\/www.catalunyacongresscenter.com\/en\" target=\"_blank\" rel=\"noopener\"> Palau de Congressos de Catalunya<\/a>.<\/span><\/strong><\/p>\n<p><strong>Address:<\/strong><span style=\"font-weight: 400\"> Avda. Diagonal, 661*671, Barcelona, 08028.<\/span><\/p>\n<p>[\/et_pb_text][et_pb_button button_url=&#8220;https:\/\/www.entradas.com\/artist\/prem-rawat\/&#8220; url_new_window=&#8220;on&#8220; button_text=&#8220;View Ticket Options&#8220; button_alignment=&#8220;center&#8220; disabled_on=&#8220;off|off|off&#8220; _builder_version=&#8220;4.27.4&#8243; _module_preset=&#8220;default&#8220; custom_button=&#8220;on&#8220; button_bg_color=&#8220;#008B73&#8243; button_border_width=&#8220;0px&#8220; button_border_radius=&#8220;8px&#8220; background_layout=&#8220;dark&#8220; custom_padding=&#8220;10px|49px|10px|49px|true|true&#8220; locked=&#8220;off&#8220; global_colors_info=&#8220;{}&#8220;][\/et_pb_button][et_pb_image src=&#8220;https:\/\/eadn-wc03-5903292.nxedge.io\/wp-content\/uploads\/2025\/06\/250128_NewYork_Author_dmp_098-lowres_1080x608.jpg&#8220; title_text=&#8220;250128_NewYork_Author_dmp_098-lowres_1080x608&#8243; _builder_version=&#8220;4.27.4&#8243; _module_preset=&#8220;default&#8220; locked=&#8220;off&#8220; global_colors_info=&#8220;{}&#8220;][\/et_pb_image][et_pb_text _builder_version=&#8220;4.27.4&#8243; _module_preset=&#8220;default&#8220; custom_margin=&#8220;-20px||||false|false&#8220; locked=&#8220;off&#8220; global_colors_info=&#8220;{}&#8220;]<\/p>\n<h6 style=\"text-align: center;\"><span>Photo courtesy of TimelessToday<\/span><\/h6>\n<p>[\/et_pb_text][et_pb_text _builder_version=&#8220;4.27.4&#8243; _module_preset=&#8220;default&#8220; locked=&#8220;off&#8220; global_colors_info=&#8220;{}&#8220;]<\/p>\n<p><span style=\"font-weight: 400;\">Need help with tickets? Get in touch with <\/span><a href=\"mailto:help.barcelonaevent@gmail.com\"><span style=\"font-weight: 400;\">help.barcelonaevent@gmail.com<\/span><\/a><span style=\"font-weight: 400;\">.<\/span><\/p>\n<p>[\/et_pb_text][et_pb_text _builder_version=&#8220;4.27.4&#8243; _module_preset=&#8220;default&#8220; locked=&#8220;off&#8220; global_colors_info=&#8220;{}&#8220;]<\/p>\n<p><span style=\"font-weight: 400;\">To receive announcements and updates on future events with Prem Rawat, subscribe to the WOPG Mailing List with your email and country of residence. <a href=\"#signup\">Sign up below<\/a>.<\/span><\/p>\n<p>[\/et_pb_text][et_pb_text _builder_version=&#8220;4.27.4&#8243; _module_preset=&#8220;default&#8220; header_3_font=&#8220;||||||||&#8220; locked=&#8220;off&#8220; global_colors_info=&#8220;{}&#8220;]<\/p>\n<h3 class=\"p1\"><strong>HELPFUL INFORMATION<\/strong><\/h3>\n<p>[\/et_pb_text][et_pb_text admin_label=&#8220;WHO IS INVITED&#8220; _builder_version=&#8220;4.27.4&#8243; _module_preset=&#8220;default&#8220; global_colors_info=&#8220;{}&#8220;]<\/p>\n<h4>WER IST EINGELADEN?<\/h4>\n<p><span style=\"font-weight: 400;\">Jeder ist eingeladen, der an Prem Rawat und seiner Botschaft pers\u00f6nlichen Friedens interessiert ist.<\/span><\/p>\n<p>[\/et_pb_text][et_pb_text admin_label=&#8220;WHO IS INVITED &#8211; CHILDREN&#8220; _builder_version=&#8220;4.27.4&#8243; _module_preset=&#8220;default&#8220; global_colors_info=&#8220;{}&#8220;]<\/p>\n<h4>KINDER<\/h4>\n<p>F\u00fcr Kinder unter 10 Jahren ist die Veranstaltung nicht geeignet.<\/p>\n<p>[\/et_pb_text][et_pb_text admin_label=&#8220;PURCHASE OF TICKETS&#8220; _builder_version=&#8220;4.27.4&#8243; _module_preset=&#8220;default&#8220; global_colors_info=&#8220;{}&#8220;]<\/p>\n<h4>TICKETS<\/h4>\n<p><span style=\"font-weight: 400;\">When entering the venue, remember to have your printed ticket visible, or your electronic ticket visible on your phone, with the Bar Code showing.<\/span><\/p>\n<p><span style=\"font-weight: 400;\">If you are unable to purchase a ticket for any reason, please consider contacting <a href=\"mailto:help.barcelonaevent@gmail.com\">help.barcelonaevent@gmail.com<\/a>.<\/span><\/p>\n<p>[\/et_pb_text][et_pb_text admin_label=&#8220;Ticket Prices&#8220; _builder_version=&#8220;4.27.4&#8243; _module_preset=&#8220;default&#8220; locked=&#8220;off&#8220; global_colors_info=&#8220;{}&#8220;]<\/p>\n<p><strong>Preise<\/strong><\/p>\n<ul>\n<li style=\"font-weight: 400;\"><span style=\"font-weight: 400;\">130 \u20ac (+ Buchungsgeb\u00fchr)<\/span><\/li>\n<li style=\"font-weight: 400;\"><span style=\"font-weight: 400;\">90 \u20ac (+ Buchungsgeb\u00fchr)<\/span><\/li>\n<li style=\"font-weight: 400;\"><span style=\"font-weight: 400;\">50 \u20ac (+ Buchungsgeb\u00fchr)<\/span><\/li>\n<li style=\"font-weight: 400;\"><span style=\"font-weight: 400;\">20 \u20ac (+ Buchungsgeb\u00fchr)<\/span><\/li>\n<\/ul>\n<p><span style=\"font-weight: 400;\">Pro Person k\u00f6nnen <\/span><b>2 Sitzpl\u00e4tze<\/b><span style=\"font-weight: 400;\"> gekauft werden. Kaufen Sie bitte nur so viele Pl\u00e4tze, wie Sie auch nutzen werden.<\/span><\/p>\n<p><strong>Aus logistischen Gr\u00fcnden werden Sie gebeten, Ihren Platz 10 Minuten vor Veranstaltungsbeginn einzunehmen. Danach werden Sie im hinteren Bereich der Halle platziert, um Ablenkungen zu vermeiden<\/strong>.<\/p>\n<p><strong>R\u00fcckerstattungen sind nicht m\u00f6glich<\/strong>.<\/p>\n<p>[\/et_pb_text][et_pb_text disabled_on=&#8220;on|on|on&#8220; _builder_version=&#8220;4.27.0&#8243; _module_preset=&#8220;default&#8220; disabled=&#8220;on&#8220; global_colors_info=&#8220;{}&#8220;]<\/p>\n<p style=\"text-align: center;\"><strong>Tickets k\u00f6nnen durch Klick auf die Schaltfl\u00e4che (siehe unten) angefordert werden:<\/strong><\/p>\n<p>[\/et_pb_text][et_pb_button button_url=&#8220;https:\/\/www.entradas.com\/artist\/prem-rawat\/&#8220; url_new_window=&#8220;on&#8220; button_text=&#8220;Ticket(s) kaufen&#8220; button_alignment=&#8220;center&#8220; disabled_on=&#8220;off|off|off&#8220; admin_label=&#8220;Purchase Ticket(s)&#8220; _builder_version=&#8220;4.27.4&#8243; _module_preset=&#8220;default&#8220; custom_button=&#8220;on&#8220; button_bg_color=&#8220;#008B73&#8243; button_border_width=&#8220;0px&#8220; button_border_radius=&#8220;8px&#8220; background_layout=&#8220;dark&#8220; custom_padding=&#8220;10px|49px|10px|49px|true|true&#8220; global_colors_info=&#8220;{}&#8220;][\/et_pb_button][et_pb_button button_url=&#8220;#&#8220; button_text=&#8220;Tickets ausverkauft&#8220; button_alignment=&#8220;center&#8220; disabled_on=&#8220;on|on|on&#8220; admin_label=&#8220;Sold Out button&#8220; _builder_version=&#8220;4.27.2&#8243; _module_preset=&#8220;default&#8220; custom_button=&#8220;on&#8220; button_bg_color=&#8220;#E02B20&#8243; button_border_width=&#8220;0px&#8220; button_border_radius=&#8220;8px&#8220; background_layout=&#8220;dark&#8220; custom_padding=&#8220;10px|58px|10px|58px|true|true&#8220; disabled=&#8220;on&#8220; global_colors_info=&#8220;{}&#8220;][\/et_pb_button][et_pb_button button_url=&#8220;#soon&#8220; button_text=&#8220;Tickets bald verf\u00fcgbar&#8220; button_alignment=&#8220;center&#8220; disabled_on=&#8220;on|on|on&#8220; admin_label=&#8220;Soon Available button&#8220; module_id=&#8220;soon&#8220; _builder_version=&#8220;4.27.2&#8243; _module_preset=&#8220;default&#8220; custom_button=&#8220;on&#8220; button_text_color=&#8220;#FFFFFF&#8220; button_bg_color=&#8220;RGBA(255,196,89,0.8)&#8220; button_border_width=&#8220;0px&#8220; button_border_radius=&#8220;8px&#8220; background_layout=&#8220;dark&#8220; custom_padding=&#8220;10px|30px|10px|30px|true|true&#8220; disabled=&#8220;on&#8220; global_colors_info=&#8220;{}&#8220;][\/et_pb_button][et_pb_text disabled_on=&#8220;off|off|off&#8220; _builder_version=&#8220;4.27.4&#8243; _module_preset=&#8220;default&#8220; text_orientation=&#8220;center&#8220; locked=&#8220;off&#8220; global_colors_info=&#8220;{}&#8220;]<\/p>\n<div class=\"et_pb_row et_pb_row_0\">\n<div class=\"et_pb_column et_pb_column_4_4 et_pb_column_0 et_pb_css_mix_blend_mode_passthrough et-last-child\">\n<div class=\"et_pb_module et_pb_text et_pb_text_0 et_pb_text_align_left et_pb_bg_layout_light\">\n<div class=\"et_pb_text_inner\" style=\"text-align: center;\"><em>(Klicken Sie nach \u00d6ffnung des Ticketverkaufs auf obige Schaltfl\u00e4che, um direkt dorthin zu gelangen)<\/em><\/div>\n<\/div>\n<\/div>\n<\/div>\n<p>[\/et_pb_text][et_pb_text admin_label=&#8220;DO NOT RECORD OR FILM THE EVENT&#8220; _builder_version=&#8220;4.27.4&#8243; _module_preset=&#8220;default&#8220; locked=&#8220;off&#8220; global_colors_info=&#8220;{}&#8220;]<\/p>\n<h4>BITTE MACHEN SIE KEINE TON- ODER FILMAUFNAHMEN VON DER VERANSTALTUNG<\/h4>\n<p>Die offizielle Aufzeichnung der Veranstaltung ist urheberrechtlich gesch\u00fctzt. Personen, die beim Aufnehmen bemerkt werden, werden aufgefordert, dies zu unterlassen, und im Wiederholungsfall vom Veranstaltungsort verwiesen.<\/p>\n<p>Die Veranstaltung wird gefilmt. Mit dem Kauf einer Eintrittskarte erkl\u00e4ren Sie Ihr Einverst\u00e4ndnis, dass Sie gefilmt werden und Ihr Bild \/ Ihre Stimme zur Verwendung in Printmedien, sozialen Medien, Foto-, Audio-, Video- und sonstigen Medien freigeben. Wenn Sie eine Eintrittskarte f\u00fcr eine andere Person kaufen, stellt deren Teilnahme an der Veranstaltung die gleiche Zustimmung und Freigabe dar.<\/p>\n<p><strong>Bei Einlass in das Geb\u00e4ude wird eine Sicherheitskontrolle durchgef\u00fchrt. Rucks\u00e4cke oder \u00fcbergro\u00dfe Taschen k\u00f6nnen nicht mit in den Saal genommen werden<\/strong>.<\/p>\n<p><em><strong>Bitte beachten Sie<\/strong>: Es wird empfohlen, Reisevorbereitungen erst nach erfolgtem Ticketkauf zu treffen, da die Nachfrage nach Sitzpl\u00e4tzen die Kapazit\u00e4t des Veranstaltungsortes \u00fcbersteigen kann<\/em>.<\/p>\n<p><em><strong>Reisende aus dem Ausland<\/strong>: F\u00fcr Spanien bestehen keine Reisebeschr\u00e4nkungen. Informieren Sie sich dennoch vorab \u00fcber aktuelle Reisebestimmungen und m\u00f6gliche Einschr\u00e4nkungen<\/em>.<\/p>\n<p>[\/et_pb_text][et_pb_accordion open_toggle_background_color=&#8220;RGBA(255,255,255,0)&#8220; icon_color=&#8220;#008B73&#8243; use_icon_font_size=&#8220;on&#8220; icon_font_size=&#8220;20px&#8220; _builder_version=&#8220;4.27.4&#8243; _module_preset=&#8220;default&#8220; border_color_all=&#8220;RGBA(255,255,255,0)&#8220; border_color_bottom=&#8220;#008B73&#8243; global_colors_info=&#8220;{}&#8220;][et_pb_accordion_item title=&#8220;HILFE BEIM TICKETKAUF&#8220; open=&#8220;on&#8220; _builder_version=&#8220;4.27.4&#8243; _module_preset=&#8220;default&#8220; global_colors_info=&#8220;{}&#8220;]<\/p>\n<p>Der Kauf von Online-Tickets ist sowohl mit dem Computer als auch mit Mobilger\u00e4ten m\u00f6glich. Es empfiehlt sich, Ihre Browser-Chronik zu l\u00f6schen, bevor Sie mit dem Kauf beginnen.<\/p>\n<p>Beim Online-Ticketkauf k\u00f6nnen Probleme auftreten. Bei gro\u00dfer Nachfrage kann die automatische Meldung erscheinen, es seien keine Pl\u00e4tze verf\u00fcgbar, was nicht bedeuten muss, dass die Veranstaltung ausverkauft ist.<\/p>\n<p>Sie haben dann folgende M\u00f6glichkeiten:<br \/>\u2013 Pr\u00fcfen Sie auf\u00a0<a href=\"https:\/\/www.wopg.org\/de\/\">www.wopg.org<\/a>, ob die Veranstaltung ausverkauft ist<br \/>\u2013 Warten Sie einen Moment und versuchen Sie es dann erneut<br \/>\u2013 Versuchen Sie es auf einem anderen Ger\u00e4t<br \/>\u2013 Wenn Sie keinen Erfolg haben, wenden Sie sich per E-Mail an <a href=\"mailto:help.barcelonaevent@gmail.com\"><span style=\"font-weight: 400;\">help.barcelonaevent@gmail.com<\/span><\/a>.<\/p>\n<p>[\/et_pb_accordion_item][et_pb_accordion_item title=&#8220;TICKETS AUSVERKAUFT?&#8220; _builder_version=&#8220;4.27.4&#8243; _module_preset=&#8220;default&#8220; global_colors_info=&#8220;{}&#8220; open=&#8220;off&#8220;]<\/p>\n<p>Wenn Tickets als ausverkauft angezeigt werden, versuchen Sie es einige Stunden sp\u00e4ter erneut, da zur\u00fcckgehaltene Tickets wieder verf\u00fcgbar werden k\u00f6nnen. Wenn Sie sich \u00fcber zur\u00fcckgegebene Tickets informieren m\u00f6chten, schreiben Sie eine E-Mail an <a href=\"mailto:help.barcelonaevent@gmail.com\"><span style=\"font-weight: 400;\">help.barcelonaevent@gmail.com<\/span><\/a>.<\/p>\n<p>Sind keine zur\u00fcckgegebenen Tickets verf\u00fcgbar, werden Sie auf eine Warteliste gesetzt.<\/p>\n<p>[\/et_pb_accordion_item][et_pb_accordion_item title=&#8220;R\u00dcCKGABE NICHT GENUTZTER TICKETS&#8220; _builder_version=&#8220;4.27.4&#8243; _module_preset=&#8220;default&#8220; global_colors_info=&#8220;{}&#8220; open=&#8220;off&#8220;]<\/p>\n<p>Wenn sich Ihre Pl\u00e4ne \u00e4ndern und Sie ein ungenutztes Ticket haben, senden Sie das Ticket bitte in elektronischer Form an <a href=\"mailto:help.barcelonaevent@gmail.com\"><span style=\"font-weight: 400;\">help.barcelonaevent@gmail.com<\/span><\/a>.<\/p>\n<p>Die an diese Adresse gesendeten Tickets werden der Reihenfolge der Anfragen nach an Interessierte vergeben.<\/p>\n<p>R\u00fcckerstattungen sind nicht m\u00f6glich.<\/p>\n<p>[\/et_pb_accordion_item][et_pb_accordion_item title=&#8220;BESONDERE BED\u00dcRFNISSE&#8220; _builder_version=&#8220;4.27.4&#8243; _module_preset=&#8220;default&#8220; global_colors_info=&#8220;{}&#8220; open=&#8220;off&#8220;]<\/p>\n<p>Wir helfen Ihnen, wenn Sie die Veranstaltung im Rollstuhl besuchen.<\/p>\n<p>Wenn Sie Probleme haben, einen Rollstuhlplatz oder einen Platz f\u00fcr eine Begleitperson zu buchen, wenden Sie sich bitte an <a href=\"mailto:help.barcelonaevent@gmail.com\"><span style=\"font-weight: 400;\">help.barcelonaevent@gmail.com<\/span><\/a>.<\/p>\n<p>F\u00fcr H\u00f6rgesch\u00e4digte steht ein Verst\u00e4rkungskanal in Englisch zur Verf\u00fcgung. Headsets sind in der Lobby gegen Pfand (Ausweis) erh\u00e4ltlich.<\/p>\n<p>[\/et_pb_accordion_item][et_pb_accordion_item title=&#8220;\u00dcBERSETZUNG&#8220; _builder_version=&#8220;4.27.4&#8243; _module_preset=&#8220;default&#8220; global_colors_info=&#8220;{}&#8220; open=&#8220;off&#8220;]<\/p>\n<p>Die Veranstaltungssprache ist Englisch. Es wird \u00dcbersetzung in Deutsch, Franz\u00f6sisch, Italienisch, Portugiesisch und Spanisch angeboten.<\/p>\n<p>Headsets sind in der Lobby gegen Pfand (Ausweis) erh\u00e4ltlich.<\/p>\n<p>[\/et_pb_accordion_item][et_pb_accordion_item title=&#8220;GEP\u00c4CK&#8220; _builder_version=&#8220;4.27.4&#8243; _module_preset=&#8220;default&#8220; global_colors_info=&#8220;{}&#8220; open=&#8220;off&#8220;]<\/p>\n<p class=\"p1\">Gep\u00e4ck, Rucks\u00e4cke oder \u00fcbergro\u00dfe Taschen k\u00f6nnen nicht mit in den Saal genommen werden.<\/p>\n<p class=\"p1\">Es steht keine Gep\u00e4ckaufbewahrung zur Verf\u00fcgung.<\/p>\n<p>[\/et_pb_accordion_item][et_pb_accordion_item title=&#8220;HILFE&#8220; _builder_version=&#8220;4.27.4&#8243; _module_preset=&#8220;default&#8220; global_colors_info=&#8220;{}&#8220; open=&#8220;off&#8220;]<\/p>\n<p>Ben\u00f6tigen Sie Hilfe?<\/p>\n<p>Wenden Sie sich an <a href=\"mailto:help.barcelonaevent@gmail.com\"><span style=\"font-weight: 400;\">help.barcelonaevent@gmail.com<\/span><\/a><\/p>\n<p>[\/et_pb_accordion_item][\/et_pb_accordion][\/et_pb_column][\/et_pb_row][et_pb_row _builder_version=&#8220;4.21.0&#8243; _module_preset=&#8220;default&#8220; global_colors_info=&#8220;{}&#8220;][et_pb_column type=&#8220;4_4&#8243; _builder_version=&#8220;4.21.0&#8243; _module_preset=&#8220;default&#8220; global_colors_info=&#8220;{}&#8220;][et_pb_text admin_label=&#8220;Sign up here&#8220; _builder_version=&#8220;4.27.2&#8243; _module_preset=&#8220;default&#8220; global_colors_info=&#8220;{}&#8220;]<\/p>\n<p>Wenn Sie \u00fcber Neuigkeiten und kommende Veranstaltungen mit Prem Rawat informiert werden m\u00f6chten, tragen Sie sich unter Angabe von E-Mail-Adresse und Land Ihres Wohnsitzes in die WOPG-Mailingliste ein (siehe unten).<\/p>\n<p>[\/et_pb_text][\/et_pb_column][\/et_pb_row][\/et_pb_section]<\/p>\n","protected":false},"excerpt":{"rendered":"<p>Humanitarian, Global Peace Ambassador, International Peace Educator, International Bestselling Author, and three times Guinness World Record Holder Prem Rawat returns to Europe to share a timeless wisdom: \u201cPeace is possible, and it begins within each one of us.\u201dSee Prem Rawat live Sunday, 29 June 2025 Palau de Congressos de Catalunya BarcelonaAbout Prem Rawat\n<div class=\"wp-block-presto-player-reusable-edit\"><!--presto-player:video_id=3--><figure class=\"wp-block-video presto-block-video  presto-provider-youtube\" style=\"--plyr-color-main: var(--presto-player-highlight-color, #008b73); --presto-player-logo-width: 150px; \">\n\t<presto-player \n\t\tpreset='{&quot;id&quot;:5,&quot;name&quot;:&quot;YouTube Optimized&quot;,&quot;slug&quot;:&quot;youtube&quot;,&quot;icon&quot;:&quot;youtube&quot;,&quot;skin&quot;:&quot;modern&quot;,&quot;play-large&quot;:true,&quot;rewind&quot;:true,&quot;play&quot;:true,&quot;fast-forward&quot;:true,&quot;progress&quot;:true,&quot;current-time&quot;:true,&quot;mute&quot;:true,&quot;volume&quot;:true,&quot;speed&quot;:true,&quot;pip&quot;:false,&quot;fullscreen&quot;:true,&quot;captions&quot;:false,&quot;reset_on_end&quot;:true,&quot;auto_hide&quot;:true,&quot;show_time_elapsed&quot;:false,&quot;captions_enabled&quot;:false,&quot;save_player_position&quot;:false,&quot;sticky_scroll&quot;:false,&quot;sticky_scroll_position&quot;:&quot;bottom right&quot;,&quot;on_video_end&quot;:&quot;select&quot;,&quot;play_video_viewport&quot;:false,&quot;hide_youtube&quot;:false,&quot;lazy_load_youtube&quot;:true,&quot;hide_logo&quot;:false,&quot;border_radius&quot;:0,&quot;caption_style&quot;:&quot;&quot;,&quot;caption_background&quot;:&quot;&quot;,&quot;is_locked&quot;:true,&quot;cta&quot;:[&quot;&quot;],&quot;watermark&quot;:[&quot;&quot;],&quot;search&quot;:[&quot;&quot;],&quot;email_collection&quot;:[&quot;&quot;],&quot;created_by&quot;:3,&quot;created_at&quot;:&quot;2025-06-16 20:25:09&quot;,&quot;updated_at&quot;:&quot;2025-06-16 20:25:09&quot;,&quot;deleted_at&quot;:&quot;&quot;}'\n\t\tbranding='{&quot;logo&quot;:&quot;&quot;,&quot;color&quot;:&quot;#008b73&quot;,&quot;logo_width&quot;:150,&quot;player_css&quot;:&quot;&quot;}'\n\t\tchapters='[]'\n\t\toverlays='[]'\n\t\ttracks='[]'\n\t\tblock-attributes='{&quot;playsInline&quot;:true,&quot;id&quot;:3,&quot;src&quot;:&quot;https:\\\/\\\/youtu.be\\\/OdQuPm_ZgHQ?feature=shared&quot;,&quot;preset&quot;:5,&quot;video_id&quot;:&quot;OdQuPm_ZgHQ&quot;,&quot;visibility&quot;:&quot;public&quot;,&quot;color&quot;:&quot;#00b3ff&quot;,&quot;mutedPreview&quot;:{&quot;enabled&quot;:false,&quot;captions&quot;:false},&quot;mutedOverlay&quot;:{&quot;enabled&quot;:false,&quot;src&quot;:&quot;&quot;,&quot;width&quot;:200,&quot;focalPoint&quot;:{&quot;x&quot;:0.5,&quot;y&quot;:0.5}},&quot;mutedOverlayType&quot;:&quot;text&quot;,&quot;mutedOverlayText&quot;:&quot;Click to play&quot;,&quot;mutedOverlayImageWidth&quot;:200,&quot;chapters&quot;:[],&quot;overlays&quot;:[],&quot;tracks&quot;:[],&quot;title&quot;:&quot;Prem Rawat: A Decade in the Media&quot;}'\n\t\tanalytics=''\n\t\tautomations\t\tprovider='youtube'\n\t\t\t\tid=\"presto-player-4\"\n\t\tsrc=\"\/\/www.youtube.com\/embed\/OdQuPm_ZgHQ?iv_load_policy=3&amp;modestbranding=1&amp;playinline=1&amp;showinfo=0&amp;rel=0&amp;enablejsapi=1\"\n\t\tmedia-title=\"Prem Rawat: A Decade in the Media\"\n\t\tcss=\"\"\n\t\tclass=\"presto-video-id-3 presto-preset-id-5 skin-modern\"\n\t\tskin=\"modern\" \n\t\ticon-url=\"https:\/\/eadn-wc03-5903292.nxedge.io\/wp-content\/plugins\/presto-player\/img\/sprite.svg\" \n\t\tpreload=\"\" \n\t\tposter=\"\"\n\t\tyoutube=\"{&quot;noCookie&quot;:false,&quot;channelId&quot;:&quot;&quot;,&quot;show_count&quot;:false}\"\n\t\tprovider-video-id=\"OdQuPm_ZgHQ\"\n\t\tvideo-id=\"3\"\n\t\tlazy-load-youtube\t\tvideo-attributes='{}'\n\t\tplaysinline\t\t\t\t>\n\t\t\n\n\t<\/presto-player>\n<\/figure><\/div>\nAbout his [&hellip;]<\/p>\n","protected":false},"author":14,"featured_media":41529,"comment_status":"closed","ping_status":"closed","sticky":false,"template":"","format":"standard","meta":{"_et_pb_use_builder":"on","_et_pb_old_content":"","_et_gb_content_width":"","cybocfi_hide_featured_image":"","footnotes":""},"categories":[105],"tags":[],"post_folder":[],"class_list":["post-41651","post","type-post","status-publish","format-standard","has-post-thumbnail","hentry","category-recent-de"],"yoast_head":"<!-- This site is optimized with the Yoast SEO plugin v27.3 - https:\/\/yoast.com\/product\/yoast-seo-wordpress\/ -->\n<title>29. Juni 2025 - Prem Rawat in Barcelona | Words of Peace<\/title>\n<meta name=\"robots\" content=\"index, follow, max-snippet:-1, max-image-preview:large, max-video-preview:-1\" \/>\n<link rel=\"canonical\" href=\"https:\/\/www.wopg.org\/de\/29-juni-2025-prem-rawat-in-barcelona\/\" \/>\n<meta property=\"og:locale\" content=\"de_DE\" \/>\n<meta property=\"og:type\" content=\"article\" \/>\n<meta property=\"og:title\" content=\"29. Juni 2025 - Prem Rawat in Barcelona | Words of Peace\" \/>\n<meta property=\"og:description\" content=\"Humanitarian, Global Peace Ambassador, International Peace Educator, International Bestselling Author, and three times Guinness World Record Holder Prem Rawat returns to Europe to share a timeless wisdom: \u201cPeace is possible, and it begins within each one of us.\u201dSee Prem Rawat live Sunday, 29 June 2025 Palau de Congressos de Catalunya BarcelonaAbout Prem RawatAbout his [&hellip;]\" \/>\n<meta property=\"og:url\" content=\"https:\/\/www.wopg.org\/de\/29-juni-2025-prem-rawat-in-barcelona\/\" \/>\n<meta property=\"og:site_name\" content=\"Words of Peace\" \/>\n<meta property=\"article:publisher\" content=\"https:\/\/www.facebook.com\/wordsofpeaceglobal\" \/>\n<meta property=\"article:published_time\" content=\"2025-06-29T15:23:03+00:00\" \/>\n<meta property=\"article:modified_time\" content=\"2025-07-06T07:14:46+00:00\" \/>\n<meta property=\"og:image\" content=\"https:\/\/eadn-wc03-5903292.nxedge.io\/wp-content\/uploads\/2025\/06\/240622_Rome_LS_dmp_030-lowres_1080x608.png\" \/>\n\t<meta property=\"og:image:width\" content=\"1080\" \/>\n\t<meta property=\"og:image:height\" content=\"608\" \/>\n\t<meta property=\"og:image:type\" content=\"image\/png\" \/>\n<meta name=\"author\" content=\"Roberto\" \/>\n<meta name=\"twitter:card\" content=\"summary_large_image\" \/>\n<meta name=\"twitter:creator\" content=\"@wopg\" \/>\n<meta name=\"twitter:site\" content=\"@wopg\" \/>\n<meta name=\"twitter:label1\" content=\"Verfasst von\" \/>\n\t<meta name=\"twitter:data1\" content=\"Roberto\" \/>\n\t<meta name=\"twitter:label2\" content=\"Gesch\u00e4tzte Lesezeit\" \/>\n\t<meta name=\"twitter:data2\" content=\"12\u00a0Minuten\" \/>\n<script type=\"application\/ld+json\" class=\"yoast-schema-graph\">{\"@context\":\"https:\\\/\\\/schema.org\",\"@graph\":[{\"@type\":\"Article\",\"@id\":\"https:\\\/\\\/www.wopg.org\\\/de\\\/29-juni-2025-prem-rawat-in-barcelona\\\/#article\",\"isPartOf\":{\"@id\":\"https:\\\/\\\/www.wopg.org\\\/de\\\/29-juni-2025-prem-rawat-in-barcelona\\\/\"},\"author\":{\"name\":\"Roberto\",\"@id\":\"https:\\\/\\\/www.wopg.org\\\/de\\\/#\\\/schema\\\/person\\\/c495a5aacd2a074ce031b7fa6625b3af\"},\"headline\":\"29. Juni 2025 &#8211; Prem Rawat in Barcelona\",\"datePublished\":\"2025-06-29T15:23:03+00:00\",\"dateModified\":\"2025-07-06T07:14:46+00:00\",\"mainEntityOfPage\":{\"@id\":\"https:\\\/\\\/www.wopg.org\\\/de\\\/29-juni-2025-prem-rawat-in-barcelona\\\/\"},\"wordCount\":2495,\"publisher\":{\"@id\":\"https:\\\/\\\/www.wopg.org\\\/de\\\/#organization\"},\"image\":{\"@id\":\"https:\\\/\\\/www.wopg.org\\\/de\\\/29-juni-2025-prem-rawat-in-barcelona\\\/#primaryimage\"},\"thumbnailUrl\":\"https:\\\/\\\/www.wopg.org\\\/wp-content\\\/uploads\\\/2025\\\/06\\\/240622_Rome_LS_dmp_030-lowres_1080x608.png\",\"articleSection\":[\"Recent\"],\"inLanguage\":\"de\"},{\"@type\":\"WebPage\",\"@id\":\"https:\\\/\\\/www.wopg.org\\\/de\\\/29-juni-2025-prem-rawat-in-barcelona\\\/\",\"url\":\"https:\\\/\\\/www.wopg.org\\\/de\\\/29-juni-2025-prem-rawat-in-barcelona\\\/\",\"name\":\"29. Juni 2025 - Prem Rawat in Barcelona | Words of Peace\",\"isPartOf\":{\"@id\":\"https:\\\/\\\/www.wopg.org\\\/de\\\/#website\"},\"primaryImageOfPage\":{\"@id\":\"https:\\\/\\\/www.wopg.org\\\/de\\\/29-juni-2025-prem-rawat-in-barcelona\\\/#primaryimage\"},\"image\":{\"@id\":\"https:\\\/\\\/www.wopg.org\\\/de\\\/29-juni-2025-prem-rawat-in-barcelona\\\/#primaryimage\"},\"thumbnailUrl\":\"https:\\\/\\\/www.wopg.org\\\/wp-content\\\/uploads\\\/2025\\\/06\\\/240622_Rome_LS_dmp_030-lowres_1080x608.png\",\"datePublished\":\"2025-06-29T15:23:03+00:00\",\"dateModified\":\"2025-07-06T07:14:46+00:00\",\"breadcrumb\":{\"@id\":\"https:\\\/\\\/www.wopg.org\\\/de\\\/29-juni-2025-prem-rawat-in-barcelona\\\/#breadcrumb\"},\"inLanguage\":\"de\",\"potentialAction\":[{\"@type\":\"ReadAction\",\"target\":[\"https:\\\/\\\/www.wopg.org\\\/de\\\/29-juni-2025-prem-rawat-in-barcelona\\\/\"]}]},{\"@type\":\"ImageObject\",\"inLanguage\":\"de\",\"@id\":\"https:\\\/\\\/www.wopg.org\\\/de\\\/29-juni-2025-prem-rawat-in-barcelona\\\/#primaryimage\",\"url\":\"https:\\\/\\\/www.wopg.org\\\/wp-content\\\/uploads\\\/2025\\\/06\\\/240622_Rome_LS_dmp_030-lowres_1080x608.png\",\"contentUrl\":\"https:\\\/\\\/www.wopg.org\\\/wp-content\\\/uploads\\\/2025\\\/06\\\/240622_Rome_LS_dmp_030-lowres_1080x608.png\",\"width\":1080,\"height\":608},{\"@type\":\"BreadcrumbList\",\"@id\":\"https:\\\/\\\/www.wopg.org\\\/de\\\/29-juni-2025-prem-rawat-in-barcelona\\\/#breadcrumb\",\"itemListElement\":[{\"@type\":\"ListItem\",\"position\":1,\"name\":\"Home\",\"item\":\"https:\\\/\\\/www.wopg.org\\\/de\\\/\"},{\"@type\":\"ListItem\",\"position\":2,\"name\":\"29. Juni 2025 &#8211; Prem Rawat in Barcelona\"}]},{\"@type\":\"WebSite\",\"@id\":\"https:\\\/\\\/www.wopg.org\\\/de\\\/#website\",\"url\":\"https:\\\/\\\/www.wopg.org\\\/de\\\/\",\"name\":\"Words of Peace\",\"description\":\"Practice Peace, Change Your World\",\"publisher\":{\"@id\":\"https:\\\/\\\/www.wopg.org\\\/de\\\/#organization\"},\"potentialAction\":[{\"@type\":\"SearchAction\",\"target\":{\"@type\":\"EntryPoint\",\"urlTemplate\":\"https:\\\/\\\/www.wopg.org\\\/de\\\/?s={search_term_string}\"},\"query-input\":{\"@type\":\"PropertyValueSpecification\",\"valueRequired\":true,\"valueName\":\"search_term_string\"}}],\"inLanguage\":\"de\"},{\"@type\":\"Organization\",\"@id\":\"https:\\\/\\\/www.wopg.org\\\/de\\\/#organization\",\"name\":\"Words of Peace\",\"url\":\"https:\\\/\\\/www.wopg.org\\\/de\\\/\",\"logo\":{\"@type\":\"ImageObject\",\"inLanguage\":\"de\",\"@id\":\"https:\\\/\\\/www.wopg.org\\\/de\\\/#\\\/schema\\\/logo\\\/image\\\/\",\"url\":\"https:\\\/\\\/wopg.org\\\/wp-content\\\/uploads\\\/2022\\\/02\\\/Words-of-Peace-logo-website61x252.png\",\"contentUrl\":\"https:\\\/\\\/wopg.org\\\/wp-content\\\/uploads\\\/2022\\\/02\\\/Words-of-Peace-logo-website61x252.png\",\"width\":252,\"height\":61,\"caption\":\"Words of Peace\"},\"image\":{\"@id\":\"https:\\\/\\\/www.wopg.org\\\/de\\\/#\\\/schema\\\/logo\\\/image\\\/\"},\"sameAs\":[\"https:\\\/\\\/www.facebook.com\\\/wordsofpeaceglobal\",\"https:\\\/\\\/x.com\\\/wopg\",\"https:\\\/\\\/www.instagram.com\\\/wopgofficial\\\/\"]},{\"@type\":\"Person\",\"@id\":\"https:\\\/\\\/www.wopg.org\\\/de\\\/#\\\/schema\\\/person\\\/c495a5aacd2a074ce031b7fa6625b3af\",\"name\":\"Roberto\",\"image\":{\"@type\":\"ImageObject\",\"inLanguage\":\"de\",\"@id\":\"https:\\\/\\\/secure.gravatar.com\\\/avatar\\\/3a2423ab531630d32d946fa10acea4a736bd03feede76ddcc150434c8458228b?s=96&d=mm&r=g\",\"url\":\"https:\\\/\\\/secure.gravatar.com\\\/avatar\\\/3a2423ab531630d32d946fa10acea4a736bd03feede76ddcc150434c8458228b?s=96&d=mm&r=g\",\"contentUrl\":\"https:\\\/\\\/secure.gravatar.com\\\/avatar\\\/3a2423ab531630d32d946fa10acea4a736bd03feede76ddcc150434c8458228b?s=96&d=mm&r=g\",\"caption\":\"Roberto\"},\"url\":\"https:\\\/\\\/www.wopg.org\\\/de\\\/author\\\/roberto\\\/\"}]}<\/script>\n<!-- \/ Yoast SEO plugin. -->","yoast_head_json":{"title":"29. Juni 2025 - Prem Rawat in Barcelona | Words of Peace","robots":{"index":"index","follow":"follow","max-snippet":"max-snippet:-1","max-image-preview":"max-image-preview:large","max-video-preview":"max-video-preview:-1"},"canonical":"https:\/\/www.wopg.org\/de\/29-juni-2025-prem-rawat-in-barcelona\/","og_locale":"de_DE","og_type":"article","og_title":"29. Juni 2025 - Prem Rawat in Barcelona | Words of Peace","og_description":"Humanitarian, Global Peace Ambassador, International Peace Educator, International Bestselling Author, and three times Guinness World Record Holder Prem Rawat returns to Europe to share a timeless wisdom: \u201cPeace is possible, and it begins within each one of us.\u201dSee Prem Rawat live Sunday, 29 June 2025 Palau de Congressos de Catalunya BarcelonaAbout Prem RawatAbout his [&hellip;]","og_url":"https:\/\/www.wopg.org\/de\/29-juni-2025-prem-rawat-in-barcelona\/","og_site_name":"Words of Peace","article_publisher":"https:\/\/www.facebook.com\/wordsofpeaceglobal","article_published_time":"2025-06-29T15:23:03+00:00","article_modified_time":"2025-07-06T07:14:46+00:00","og_image":[{"width":1080,"height":608,"url":"https:\/\/eadn-wc03-5903292.nxedge.io\/wp-content\/uploads\/2025\/06\/240622_Rome_LS_dmp_030-lowres_1080x608.png","type":"image\/png"}],"author":"Roberto","twitter_card":"summary_large_image","twitter_creator":"@wopg","twitter_site":"@wopg","twitter_misc":{"Verfasst von":"Roberto","Gesch\u00e4tzte Lesezeit":"12\u00a0Minuten"},"schema":{"@context":"https:\/\/schema.org","@graph":[{"@type":"Article","@id":"https:\/\/www.wopg.org\/de\/29-juni-2025-prem-rawat-in-barcelona\/#article","isPartOf":{"@id":"https:\/\/www.wopg.org\/de\/29-juni-2025-prem-rawat-in-barcelona\/"},"author":{"name":"Roberto","@id":"https:\/\/www.wopg.org\/de\/#\/schema\/person\/c495a5aacd2a074ce031b7fa6625b3af"},"headline":"29. Juni 2025 &#8211; Prem Rawat in Barcelona","datePublished":"2025-06-29T15:23:03+00:00","dateModified":"2025-07-06T07:14:46+00:00","mainEntityOfPage":{"@id":"https:\/\/www.wopg.org\/de\/29-juni-2025-prem-rawat-in-barcelona\/"},"wordCount":2495,"publisher":{"@id":"https:\/\/www.wopg.org\/de\/#organization"},"image":{"@id":"https:\/\/www.wopg.org\/de\/29-juni-2025-prem-rawat-in-barcelona\/#primaryimage"},"thumbnailUrl":"https:\/\/eadn-wc03-5903292.nxedge.io\/wp-content\/uploads\/2025\/06\/240622_Rome_LS_dmp_030-lowres_1080x608.png","articleSection":["Recent"],"inLanguage":"de"},{"@type":"WebPage","@id":"https:\/\/www.wopg.org\/de\/29-juni-2025-prem-rawat-in-barcelona\/","url":"https:\/\/www.wopg.org\/de\/29-juni-2025-prem-rawat-in-barcelona\/","name":"29. Juni 2025 - Prem Rawat in Barcelona | Words of Peace","isPartOf":{"@id":"https:\/\/www.wopg.org\/de\/#website"},"primaryImageOfPage":{"@id":"https:\/\/www.wopg.org\/de\/29-juni-2025-prem-rawat-in-barcelona\/#primaryimage"},"image":{"@id":"https:\/\/www.wopg.org\/de\/29-juni-2025-prem-rawat-in-barcelona\/#primaryimage"},"thumbnailUrl":"https:\/\/eadn-wc03-5903292.nxedge.io\/wp-content\/uploads\/2025\/06\/240622_Rome_LS_dmp_030-lowres_1080x608.png","datePublished":"2025-06-29T15:23:03+00:00","dateModified":"2025-07-06T07:14:46+00:00","breadcrumb":{"@id":"https:\/\/www.wopg.org\/de\/29-juni-2025-prem-rawat-in-barcelona\/#breadcrumb"},"inLanguage":"de","potentialAction":[{"@type":"ReadAction","target":["https:\/\/www.wopg.org\/de\/29-juni-2025-prem-rawat-in-barcelona\/"]}]},{"@type":"ImageObject","inLanguage":"de","@id":"https:\/\/www.wopg.org\/de\/29-juni-2025-prem-rawat-in-barcelona\/#primaryimage","url":"https:\/\/eadn-wc03-5903292.nxedge.io\/wp-content\/uploads\/2025\/06\/240622_Rome_LS_dmp_030-lowres_1080x608.png","contentUrl":"https:\/\/eadn-wc03-5903292.nxedge.io\/wp-content\/uploads\/2025\/06\/240622_Rome_LS_dmp_030-lowres_1080x608.png","width":1080,"height":608},{"@type":"BreadcrumbList","@id":"https:\/\/www.wopg.org\/de\/29-juni-2025-prem-rawat-in-barcelona\/#breadcrumb","itemListElement":[{"@type":"ListItem","position":1,"name":"Home","item":"https:\/\/www.wopg.org\/de\/"},{"@type":"ListItem","position":2,"name":"29. Juni 2025 &#8211; Prem Rawat in Barcelona"}]},{"@type":"WebSite","@id":"https:\/\/www.wopg.org\/de\/#website","url":"https:\/\/www.wopg.org\/de\/","name":"Words of Peace","description":"Practice Peace, Change Your World","publisher":{"@id":"https:\/\/www.wopg.org\/de\/#organization"},"potentialAction":[{"@type":"SearchAction","target":{"@type":"EntryPoint","urlTemplate":"https:\/\/www.wopg.org\/de\/?s={search_term_string}"},"query-input":{"@type":"PropertyValueSpecification","valueRequired":true,"valueName":"search_term_string"}}],"inLanguage":"de"},{"@type":"Organization","@id":"https:\/\/www.wopg.org\/de\/#organization","name":"Words of Peace","url":"https:\/\/www.wopg.org\/de\/","logo":{"@type":"ImageObject","inLanguage":"de","@id":"https:\/\/www.wopg.org\/de\/#\/schema\/logo\/image\/","url":"https:\/\/wopg.org\/wp-content\/uploads\/2022\/02\/Words-of-Peace-logo-website61x252.png","contentUrl":"https:\/\/wopg.org\/wp-content\/uploads\/2022\/02\/Words-of-Peace-logo-website61x252.png","width":252,"height":61,"caption":"Words of Peace"},"image":{"@id":"https:\/\/www.wopg.org\/de\/#\/schema\/logo\/image\/"},"sameAs":["https:\/\/www.facebook.com\/wordsofpeaceglobal","https:\/\/x.com\/wopg","https:\/\/www.instagram.com\/wopgofficial\/"]},{"@type":"Person","@id":"https:\/\/www.wopg.org\/de\/#\/schema\/person\/c495a5aacd2a074ce031b7fa6625b3af","name":"Roberto","image":{"@type":"ImageObject","inLanguage":"de","@id":"https:\/\/secure.gravatar.com\/avatar\/3a2423ab531630d32d946fa10acea4a736bd03feede76ddcc150434c8458228b?s=96&d=mm&r=g","url":"https:\/\/secure.gravatar.com\/avatar\/3a2423ab531630d32d946fa10acea4a736bd03feede76ddcc150434c8458228b?s=96&d=mm&r=g","contentUrl":"https:\/\/secure.gravatar.com\/avatar\/3a2423ab531630d32d946fa10acea4a736bd03feede76ddcc150434c8458228b?s=96&d=mm&r=g","caption":"Roberto"},"url":"https:\/\/www.wopg.org\/de\/author\/roberto\/"}]}},"_links":{"self":[{"href":"https:\/\/www.wopg.org\/de\/wp-json\/wp\/v2\/posts\/41651","targetHints":{"allow":["GET"]}}],"collection":[{"href":"https:\/\/www.wopg.org\/de\/wp-json\/wp\/v2\/posts"}],"about":[{"href":"https:\/\/www.wopg.org\/de\/wp-json\/wp\/v2\/types\/post"}],"author":[{"embeddable":true,"href":"https:\/\/www.wopg.org\/de\/wp-json\/wp\/v2\/users\/14"}],"replies":[{"embeddable":true,"href":"https:\/\/www.wopg.org\/de\/wp-json\/wp\/v2\/comments?post=41651"}],"version-history":[{"count":23,"href":"https:\/\/www.wopg.org\/de\/wp-json\/wp\/v2\/posts\/41651\/revisions"}],"predecessor-version":[{"id":42575,"href":"https:\/\/www.wopg.org\/de\/wp-json\/wp\/v2\/posts\/41651\/revisions\/42575"}],"wp:featuredmedia":[{"embeddable":true,"href":"https:\/\/www.wopg.org\/de\/wp-json\/wp\/v2\/media\/41529"}],"wp:attachment":[{"href":"https:\/\/www.wopg.org\/de\/wp-json\/wp\/v2\/media?parent=41651"}],"wp:term":[{"taxonomy":"category","embeddable":true,"href":"https:\/\/www.wopg.org\/de\/wp-json\/wp\/v2\/categories?post=41651"},{"taxonomy":"post_tag","embeddable":true,"href":"https:\/\/www.wopg.org\/de\/wp-json\/wp\/v2\/tags?post=41651"},{"taxonomy":"post_folder","embeddable":true,"href":"https:\/\/www.wopg.org\/de\/wp-json\/wp\/v2\/post_folder?post=41651"}],"curies":[{"name":"wp","href":"https:\/\/api.w.org\/{rel}","templated":true}]}}