{"id":48682,"date":"2026-03-02T00:05:31","date_gmt":"2026-03-02T00:05:31","guid":{"rendered":"https:\/\/www.wopg.org\/?p=48682"},"modified":"2026-04-25T05:50:43","modified_gmt":"2026-04-25T05:50:43","slug":"prem-rawat-in-bad-vilbel-deutschland-std","status":"publish","type":"post","link":"https:\/\/www.wopg.org\/de\/prem-rawat-in-bad-vilbel-deutschland-std\/","title":{"rendered":"PREM RAWAT in Bad Vilbel, Deutschland"},"content":{"rendered":"<p>[et_pb_section fb_built=&#8220;1&#8243; admin_label=&#8220;section&#8220; _builder_version=&#8220;4.16&#8243; custom_padding=&#8220;0px||0px||false|false&#8220; global_colors_info=&#8220;{}&#8220;][et_pb_row admin_label=&#8220;row&#8220; _builder_version=&#8220;4.16&#8243; background_size=&#8220;initial&#8220; background_position=&#8220;top_left&#8220; background_repeat=&#8220;repeat&#8220; global_colors_info=&#8220;{}&#8220;][et_pb_column type=&#8220;4_4&#8243; _builder_version=&#8220;4.16&#8243; custom_padding=&#8220;|||&#8220; global_colors_info=&#8220;{}&#8220; custom_padding__hover=&#8220;|||&#8220;][et_pb_text admin_label=&#8220;Title&#8220; _builder_version=&#8220;4.27.5&#8243; _module_preset=&#8220;default&#8220; global_colors_info=&#8220;{}&#8220;]<\/p>\n<h3 style=\"text-align: center;\">SAVE THE DATE<\/h3>\n<p>[\/et_pb_text][et_pb_text admin_label=&#8220;Informations &#8211; 1&#8243; _builder_version=&#8220;4.27.5&#8243; _module_preset=&#8220;default&#8220; header_4_text_color=&#8220;#008B73&#8243; header_5_text_color=&#8220;#008B73&#8243; global_colors_info=&#8220;{}&#8220;]<\/p>\n<h3 class=\"p1\" style=\"text-align: center;\"><strong>UNCOVER LIFE<\/strong><\/h3>\n<p><\/p>\n<p class=\"p1\" style=\"text-align: center;\"><em>(Entdecken, was leben ist)<\/em><\/p>\n<p><\/p>\n<p class=\"p1\" style=\"text-align: center;\">Ein Event mit dem bekannten Redner Prem Rawat in<\/p>\n<p><\/p>\n<h4 style=\"text-align: center;\"><strong>Bad Vilbel, Deutschland<\/strong><\/h4>\n<p><\/p>\n<p class=\"p1\" style=\"text-align: center;\">am 6. Mai 2026 um 18 Uhr<\/p>\n<p>[\/et_pb_text][et_pb_image src=&#8220;https:\/\/eadn-wc03-5903292.nxedge.io\/wp-content\/uploads\/2026\/04\/Bad-Vilbel-Frankfurt_1080x608-web.jpg&#8220; title_text=&#8220;Bad Vilbel Frankfurt_1080x1080-web&#8220; show_bottom_space=&#8220;off&#8220; src_tablet=&#8220;https:\/\/eadn-wc03-5903292.nxedge.io\/wp-content\/uploads\/2026\/04\/Bad-Vilbel-Frankfurt_1080x608-web.jpg&#8220; src_phone=&#8220;https:\/\/eadn-wc03-5903292.nxedge.io\/wp-content\/uploads\/2026\/04\/Bad-Vilbel-Frankfurt_1080x1080-web.jpg&#8220; src_last_edited=&#8220;on|phone&#8220; _builder_version=&#8220;4.27.5&#8243; _module_preset=&#8220;default&#8220; hover_enabled=&#8220;0&#8243; global_colors_info=&#8220;{}&#8220; sticky_enabled=&#8220;0&#8243;][\/et_pb_image][et_pb_text disabled_on=&#8220;off|off|off&#8220; _builder_version=&#8220;4.27.5&#8243; _module_preset=&#8220;default&#8220; global_colors_info=&#8220;{}&#8220;]<\/p>\n<h6 style=\"text-align: center;\">Foto mit freundlicher Genehmigung von TimelessToday<\/h6>\n<p>[\/et_pb_text][et_pb_text admin_label=&#8220;Informations &#8211; 2&#8243; _builder_version=&#8220;4.27.5&#8243; _module_preset=&#8220;default&#8220; header_4_text_color=&#8220;#008B73&#8243; header_5_text_color=&#8220;#008B73&#8243; locked=&#8220;off&#8220; global_colors_info=&#8220;{}&#8220;]<\/p>\n<p class=\"p1\">Seit nahezu 60 Jahren spricht der Friedensp\u00e4dagoge und Bestsellerautor Prem Rawat weltweit \u00fcber pers\u00f6nlichen Frieden und Wohlbefinden.<\/p>\n<p><\/p>\n<p class=\"p1\">Wir freuen uns, zwischen den Events in Barcelona, Bologna und Brighton alle Interessierten zu einem weiteren \u201eUNCOVER LIFE\u201c-Event Anfang Mai in Frankfurt-Bad Vilbel willkommen zu hei\u00dfen.<\/p>\n<p><\/p>\n<p class=\"p1\">Prem wird in Englisch sprechen, es wird Simultan\u00fcbersetzung ins Deutsche angeboten.<\/p>\n<p><\/p>\n<p class=\"p1\">Updates sowie wichtige Informationen zum Ticketkauf findest du in unserer n\u00e4chsten E-Mail oder auf der <a href=\"https:\/\/www.wopg.org\/de\/veranstaltungen\/\" target=\"_blank\" rel=\"noopener\">WOPG-Website unter &#8222;Events&#8220;<\/a>.<\/p>\n<p><\/p>\n<p class=\"p1\">Informationen \u00fcber einen m\u00f6glichen Livestream des Events f\u00fcr TimelessToday\u00ae-Abonnenten werden in K\u00fcrze verf\u00fcgbar sein. Weitere Informationen: <a href=\"https:\/\/www.premrawat.com\/events-and-livestreams\/\" target=\"_blank\" rel=\"noopener\">www.premrawat.com<\/a>.<\/p>\n<p>[\/et_pb_text][et_pb_divider _builder_version=&#8220;4.27.4&#8243; _module_preset=&#8220;default&#8220; global_colors_info=&#8220;{}&#8220;][\/et_pb_divider][et_pb_text disabled_on=&#8220;off|off|off&#8220; admin_label=&#8220;Notice&#8220; _builder_version=&#8220;4.27.5&#8243; _module_preset=&#8220;default&#8220; global_colors_info=&#8220;{}&#8220;]<\/p>\n<p class=\"p1\">Diese Vorank\u00fcndigung ist zur Planung gedacht, sollte aber nicht zur Buchung von Reisen oder Unterk\u00fcnften verwendet werden, da die Anzahl der Interessenten die Kapazit\u00e4t des Veranstaltungsortes \u00fcbersteigen kann.<\/p>\n<p><\/p>\n<p class=\"p1\">Bei Fragen erreichst du uns unter <a href=\"https:\/\/www.wopg.org\/de\/kontakt\/\" target=\"_blank\" rel=\"noopener\"> www.wopg.org\/contact<\/a> oder direkt per E-Mail an <a href=\"mailto:contact@wopg.org\" target=\"_blank\" rel=\"noopener\"> contact@wopg.org<\/a>.<\/p>\n<p>[\/et_pb_text][et_pb_filterable_portfolio disabled_on=&#8220;on|on|on&#8220; _builder_version=&#8220;4.27.5&#8243; _module_preset=&#8220;default&#8220; disabled=&#8220;on&#8220; global_colors_info=&#8220;{}&#8220;][\/et_pb_filterable_portfolio][\/et_pb_column][\/et_pb_row][\/et_pb_section]<\/p>\n","protected":false},"excerpt":{"rendered":"<p>SAVE THE DATE UNCOVER LIFE(Entdecken, was leben ist)Ein Event mit dem bekannten Redner Prem Rawat inBad Vilbel, Deutschlandam 6. Mai 2026 um 18 Uhr Foto mit freundlicher Genehmigung von TimelessToday Seit nahezu 60 Jahren spricht der Friedensp\u00e4dagoge und Bestsellerautor Prem Rawat weltweit \u00fcber pers\u00f6nlichen Frieden und Wohlbefinden.Wir freuen uns, zwischen den Events in Barcelona, Bologna [&hellip;]<\/p>\n","protected":false},"author":14,"featured_media":48672,"comment_status":"closed","ping_status":"closed","sticky":false,"template":"","format":"standard","meta":{"_et_pb_use_builder":"on","_et_pb_old_content":"","_et_gb_content_width":"","cybocfi_hide_featured_image":"","footnotes":""},"categories":[90],"tags":[],"post_folder":[],"class_list":["post-48682","post","type-post","status-publish","format-standard","has-post-thumbnail","hentry","category-unkategorisiert"],"yoast_head":"<!-- This site is optimized with the Yoast SEO plugin v27.3 - https:\/\/yoast.com\/product\/yoast-seo-wordpress\/ -->\n<title>PREM RAWAT in Bad Vilbel, Deutschland | Words of Peace<\/title>\n<meta name=\"robots\" content=\"index, follow, max-snippet:-1, max-image-preview:large, max-video-preview:-1\" \/>\n<link rel=\"canonical\" href=\"https:\/\/www.wopg.org\/de\/prem-rawat-in-bad-vilbel-deutschland-std\/\" \/>\n<meta property=\"og:locale\" content=\"de_DE\" \/>\n<meta property=\"og:type\" content=\"article\" \/>\n<meta property=\"og:title\" content=\"PREM RAWAT in Bad Vilbel, Deutschland | Words of Peace\" \/>\n<meta property=\"og:description\" content=\"SAVE THE DATE UNCOVER LIFE(Entdecken, was leben ist)Ein Event mit dem bekannten Redner Prem Rawat inBad Vilbel, Deutschlandam 6. Mai 2026 um 18 Uhr Foto mit freundlicher Genehmigung von TimelessToday Seit nahezu 60 Jahren spricht der Friedensp\u00e4dagoge und Bestsellerautor Prem Rawat weltweit \u00fcber pers\u00f6nlichen Frieden und Wohlbefinden.Wir freuen uns, zwischen den Events in Barcelona, Bologna [&hellip;]\" \/>\n<meta property=\"og:url\" content=\"https:\/\/www.wopg.org\/de\/prem-rawat-in-bad-vilbel-deutschland-std\/\" \/>\n<meta property=\"og:site_name\" content=\"Words of Peace\" \/>\n<meta property=\"article:publisher\" content=\"https:\/\/www.facebook.com\/wordsofpeaceglobal\" \/>\n<meta property=\"article:published_time\" content=\"2026-03-02T00:05:31+00:00\" \/>\n<meta property=\"article:modified_time\" content=\"2026-04-25T05:50:43+00:00\" \/>\n<meta property=\"og:image\" content=\"https:\/\/eadn-wc03-5903292.nxedge.io\/wp-content\/uploads\/2026\/03\/bad-vilbel-std-2026-1080x608-1.jpg\" \/>\n\t<meta property=\"og:image:width\" content=\"1080\" \/>\n\t<meta property=\"og:image:height\" content=\"608\" \/>\n\t<meta property=\"og:image:type\" content=\"image\/jpeg\" \/>\n<meta name=\"author\" content=\"Roberto\" \/>\n<meta name=\"twitter:card\" content=\"summary_large_image\" \/>\n<meta name=\"twitter:creator\" content=\"@wopg\" \/>\n<meta name=\"twitter:site\" content=\"@wopg\" \/>\n<meta name=\"twitter:label1\" content=\"Verfasst von\" \/>\n\t<meta name=\"twitter:data1\" content=\"Roberto\" \/>\n\t<meta name=\"twitter:label2\" content=\"Gesch\u00e4tzte Lesezeit\" \/>\n\t<meta name=\"twitter:data2\" content=\"2\u00a0Minuten\" \/>\n<script type=\"application\/ld+json\" class=\"yoast-schema-graph\">{\"@context\":\"https:\\\/\\\/schema.org\",\"@graph\":[{\"@type\":\"Article\",\"@id\":\"https:\\\/\\\/www.wopg.org\\\/de\\\/prem-rawat-in-bad-vilbel-deutschland-std\\\/#article\",\"isPartOf\":{\"@id\":\"https:\\\/\\\/www.wopg.org\\\/de\\\/prem-rawat-in-bad-vilbel-deutschland-std\\\/\"},\"author\":{\"name\":\"Roberto\",\"@id\":\"https:\\\/\\\/www.wopg.org\\\/de\\\/#\\\/schema\\\/person\\\/c495a5aacd2a074ce031b7fa6625b3af\"},\"headline\":\"PREM RAWAT in Bad Vilbel, Deutschland\",\"datePublished\":\"2026-03-02T00:05:31+00:00\",\"dateModified\":\"2026-04-25T05:50:43+00:00\",\"mainEntityOfPage\":{\"@id\":\"https:\\\/\\\/www.wopg.org\\\/de\\\/prem-rawat-in-bad-vilbel-deutschland-std\\\/\"},\"wordCount\":471,\"publisher\":{\"@id\":\"https:\\\/\\\/www.wopg.org\\\/de\\\/#organization\"},\"image\":{\"@id\":\"https:\\\/\\\/www.wopg.org\\\/de\\\/prem-rawat-in-bad-vilbel-deutschland-std\\\/#primaryimage\"},\"thumbnailUrl\":\"https:\\\/\\\/www.wopg.org\\\/wp-content\\\/uploads\\\/2026\\\/03\\\/bad-vilbel-std-2026-1080x608-1.jpg\",\"articleSection\":[\"Uncategorized\"],\"inLanguage\":\"de\"},{\"@type\":\"WebPage\",\"@id\":\"https:\\\/\\\/www.wopg.org\\\/de\\\/prem-rawat-in-bad-vilbel-deutschland-std\\\/\",\"url\":\"https:\\\/\\\/www.wopg.org\\\/de\\\/prem-rawat-in-bad-vilbel-deutschland-std\\\/\",\"name\":\"PREM RAWAT in Bad Vilbel, Deutschland | Words of Peace\",\"isPartOf\":{\"@id\":\"https:\\\/\\\/www.wopg.org\\\/de\\\/#website\"},\"primaryImageOfPage\":{\"@id\":\"https:\\\/\\\/www.wopg.org\\\/de\\\/prem-rawat-in-bad-vilbel-deutschland-std\\\/#primaryimage\"},\"image\":{\"@id\":\"https:\\\/\\\/www.wopg.org\\\/de\\\/prem-rawat-in-bad-vilbel-deutschland-std\\\/#primaryimage\"},\"thumbnailUrl\":\"https:\\\/\\\/www.wopg.org\\\/wp-content\\\/uploads\\\/2026\\\/03\\\/bad-vilbel-std-2026-1080x608-1.jpg\",\"datePublished\":\"2026-03-02T00:05:31+00:00\",\"dateModified\":\"2026-04-25T05:50:43+00:00\",\"breadcrumb\":{\"@id\":\"https:\\\/\\\/www.wopg.org\\\/de\\\/prem-rawat-in-bad-vilbel-deutschland-std\\\/#breadcrumb\"},\"inLanguage\":\"de\",\"potentialAction\":[{\"@type\":\"ReadAction\",\"target\":[\"https:\\\/\\\/www.wopg.org\\\/de\\\/prem-rawat-in-bad-vilbel-deutschland-std\\\/\"]}]},{\"@type\":\"ImageObject\",\"inLanguage\":\"de\",\"@id\":\"https:\\\/\\\/www.wopg.org\\\/de\\\/prem-rawat-in-bad-vilbel-deutschland-std\\\/#primaryimage\",\"url\":\"https:\\\/\\\/www.wopg.org\\\/wp-content\\\/uploads\\\/2026\\\/03\\\/bad-vilbel-std-2026-1080x608-1.jpg\",\"contentUrl\":\"https:\\\/\\\/www.wopg.org\\\/wp-content\\\/uploads\\\/2026\\\/03\\\/bad-vilbel-std-2026-1080x608-1.jpg\",\"width\":1080,\"height\":608},{\"@type\":\"BreadcrumbList\",\"@id\":\"https:\\\/\\\/www.wopg.org\\\/de\\\/prem-rawat-in-bad-vilbel-deutschland-std\\\/#breadcrumb\",\"itemListElement\":[{\"@type\":\"ListItem\",\"position\":1,\"name\":\"Home\",\"item\":\"https:\\\/\\\/www.wopg.org\\\/de\\\/\"},{\"@type\":\"ListItem\",\"position\":2,\"name\":\"PREM RAWAT in Bad Vilbel, Deutschland\"}]},{\"@type\":\"WebSite\",\"@id\":\"https:\\\/\\\/www.wopg.org\\\/de\\\/#website\",\"url\":\"https:\\\/\\\/www.wopg.org\\\/de\\\/\",\"name\":\"Words of Peace\",\"description\":\"Practice Peace, Change Your World\",\"publisher\":{\"@id\":\"https:\\\/\\\/www.wopg.org\\\/de\\\/#organization\"},\"potentialAction\":[{\"@type\":\"SearchAction\",\"target\":{\"@type\":\"EntryPoint\",\"urlTemplate\":\"https:\\\/\\\/www.wopg.org\\\/de\\\/?s={search_term_string}\"},\"query-input\":{\"@type\":\"PropertyValueSpecification\",\"valueRequired\":true,\"valueName\":\"search_term_string\"}}],\"inLanguage\":\"de\"},{\"@type\":\"Organization\",\"@id\":\"https:\\\/\\\/www.wopg.org\\\/de\\\/#organization\",\"name\":\"Words of Peace\",\"url\":\"https:\\\/\\\/www.wopg.org\\\/de\\\/\",\"logo\":{\"@type\":\"ImageObject\",\"inLanguage\":\"de\",\"@id\":\"https:\\\/\\\/www.wopg.org\\\/de\\\/#\\\/schema\\\/logo\\\/image\\\/\",\"url\":\"https:\\\/\\\/wopg.org\\\/wp-content\\\/uploads\\\/2022\\\/02\\\/Words-of-Peace-logo-website61x252.png\",\"contentUrl\":\"https:\\\/\\\/wopg.org\\\/wp-content\\\/uploads\\\/2022\\\/02\\\/Words-of-Peace-logo-website61x252.png\",\"width\":252,\"height\":61,\"caption\":\"Words of Peace\"},\"image\":{\"@id\":\"https:\\\/\\\/www.wopg.org\\\/de\\\/#\\\/schema\\\/logo\\\/image\\\/\"},\"sameAs\":[\"https:\\\/\\\/www.facebook.com\\\/wordsofpeaceglobal\",\"https:\\\/\\\/x.com\\\/wopg\",\"https:\\\/\\\/www.instagram.com\\\/wopgofficial\\\/\"]},{\"@type\":\"Person\",\"@id\":\"https:\\\/\\\/www.wopg.org\\\/de\\\/#\\\/schema\\\/person\\\/c495a5aacd2a074ce031b7fa6625b3af\",\"name\":\"Roberto\",\"image\":{\"@type\":\"ImageObject\",\"inLanguage\":\"de\",\"@id\":\"https:\\\/\\\/secure.gravatar.com\\\/avatar\\\/3a2423ab531630d32d946fa10acea4a736bd03feede76ddcc150434c8458228b?s=96&d=mm&r=g\",\"url\":\"https:\\\/\\\/secure.gravatar.com\\\/avatar\\\/3a2423ab531630d32d946fa10acea4a736bd03feede76ddcc150434c8458228b?s=96&d=mm&r=g\",\"contentUrl\":\"https:\\\/\\\/secure.gravatar.com\\\/avatar\\\/3a2423ab531630d32d946fa10acea4a736bd03feede76ddcc150434c8458228b?s=96&d=mm&r=g\",\"caption\":\"Roberto\"},\"url\":\"https:\\\/\\\/www.wopg.org\\\/de\\\/author\\\/roberto\\\/\"}]}<\/script>\n<!-- \/ Yoast SEO plugin. -->","yoast_head_json":{"title":"PREM RAWAT in Bad Vilbel, Deutschland | Words of Peace","robots":{"index":"index","follow":"follow","max-snippet":"max-snippet:-1","max-image-preview":"max-image-preview:large","max-video-preview":"max-video-preview:-1"},"canonical":"https:\/\/www.wopg.org\/de\/prem-rawat-in-bad-vilbel-deutschland-std\/","og_locale":"de_DE","og_type":"article","og_title":"PREM RAWAT in Bad Vilbel, Deutschland | Words of Peace","og_description":"SAVE THE DATE UNCOVER LIFE(Entdecken, was leben ist)Ein Event mit dem bekannten Redner Prem Rawat inBad Vilbel, Deutschlandam 6. Mai 2026 um 18 Uhr Foto mit freundlicher Genehmigung von TimelessToday Seit nahezu 60 Jahren spricht der Friedensp\u00e4dagoge und Bestsellerautor Prem Rawat weltweit \u00fcber pers\u00f6nlichen Frieden und Wohlbefinden.Wir freuen uns, zwischen den Events in Barcelona, Bologna [&hellip;]","og_url":"https:\/\/www.wopg.org\/de\/prem-rawat-in-bad-vilbel-deutschland-std\/","og_site_name":"Words of Peace","article_publisher":"https:\/\/www.facebook.com\/wordsofpeaceglobal","article_published_time":"2026-03-02T00:05:31+00:00","article_modified_time":"2026-04-25T05:50:43+00:00","og_image":[{"width":1080,"height":608,"url":"https:\/\/eadn-wc03-5903292.nxedge.io\/wp-content\/uploads\/2026\/03\/bad-vilbel-std-2026-1080x608-1.jpg","type":"image\/jpeg"}],"author":"Roberto","twitter_card":"summary_large_image","twitter_creator":"@wopg","twitter_site":"@wopg","twitter_misc":{"Verfasst von":"Roberto","Gesch\u00e4tzte Lesezeit":"2\u00a0Minuten"},"schema":{"@context":"https:\/\/schema.org","@graph":[{"@type":"Article","@id":"https:\/\/www.wopg.org\/de\/prem-rawat-in-bad-vilbel-deutschland-std\/#article","isPartOf":{"@id":"https:\/\/www.wopg.org\/de\/prem-rawat-in-bad-vilbel-deutschland-std\/"},"author":{"name":"Roberto","@id":"https:\/\/www.wopg.org\/de\/#\/schema\/person\/c495a5aacd2a074ce031b7fa6625b3af"},"headline":"PREM RAWAT in Bad Vilbel, Deutschland","datePublished":"2026-03-02T00:05:31+00:00","dateModified":"2026-04-25T05:50:43+00:00","mainEntityOfPage":{"@id":"https:\/\/www.wopg.org\/de\/prem-rawat-in-bad-vilbel-deutschland-std\/"},"wordCount":471,"publisher":{"@id":"https:\/\/www.wopg.org\/de\/#organization"},"image":{"@id":"https:\/\/www.wopg.org\/de\/prem-rawat-in-bad-vilbel-deutschland-std\/#primaryimage"},"thumbnailUrl":"https:\/\/eadn-wc03-5903292.nxedge.io\/wp-content\/uploads\/2026\/03\/bad-vilbel-std-2026-1080x608-1.jpg","articleSection":["Uncategorized"],"inLanguage":"de"},{"@type":"WebPage","@id":"https:\/\/www.wopg.org\/de\/prem-rawat-in-bad-vilbel-deutschland-std\/","url":"https:\/\/www.wopg.org\/de\/prem-rawat-in-bad-vilbel-deutschland-std\/","name":"PREM RAWAT in Bad Vilbel, Deutschland | Words of Peace","isPartOf":{"@id":"https:\/\/www.wopg.org\/de\/#website"},"primaryImageOfPage":{"@id":"https:\/\/www.wopg.org\/de\/prem-rawat-in-bad-vilbel-deutschland-std\/#primaryimage"},"image":{"@id":"https:\/\/www.wopg.org\/de\/prem-rawat-in-bad-vilbel-deutschland-std\/#primaryimage"},"thumbnailUrl":"https:\/\/eadn-wc03-5903292.nxedge.io\/wp-content\/uploads\/2026\/03\/bad-vilbel-std-2026-1080x608-1.jpg","datePublished":"2026-03-02T00:05:31+00:00","dateModified":"2026-04-25T05:50:43+00:00","breadcrumb":{"@id":"https:\/\/www.wopg.org\/de\/prem-rawat-in-bad-vilbel-deutschland-std\/#breadcrumb"},"inLanguage":"de","potentialAction":[{"@type":"ReadAction","target":["https:\/\/www.wopg.org\/de\/prem-rawat-in-bad-vilbel-deutschland-std\/"]}]},{"@type":"ImageObject","inLanguage":"de","@id":"https:\/\/www.wopg.org\/de\/prem-rawat-in-bad-vilbel-deutschland-std\/#primaryimage","url":"https:\/\/eadn-wc03-5903292.nxedge.io\/wp-content\/uploads\/2026\/03\/bad-vilbel-std-2026-1080x608-1.jpg","contentUrl":"https:\/\/eadn-wc03-5903292.nxedge.io\/wp-content\/uploads\/2026\/03\/bad-vilbel-std-2026-1080x608-1.jpg","width":1080,"height":608},{"@type":"BreadcrumbList","@id":"https:\/\/www.wopg.org\/de\/prem-rawat-in-bad-vilbel-deutschland-std\/#breadcrumb","itemListElement":[{"@type":"ListItem","position":1,"name":"Home","item":"https:\/\/www.wopg.org\/de\/"},{"@type":"ListItem","position":2,"name":"PREM RAWAT in Bad Vilbel, Deutschland"}]},{"@type":"WebSite","@id":"https:\/\/www.wopg.org\/de\/#website","url":"https:\/\/www.wopg.org\/de\/","name":"Words of Peace","description":"Practice Peace, Change Your World","publisher":{"@id":"https:\/\/www.wopg.org\/de\/#organization"},"potentialAction":[{"@type":"SearchAction","target":{"@type":"EntryPoint","urlTemplate":"https:\/\/www.wopg.org\/de\/?s={search_term_string}"},"query-input":{"@type":"PropertyValueSpecification","valueRequired":true,"valueName":"search_term_string"}}],"inLanguage":"de"},{"@type":"Organization","@id":"https:\/\/www.wopg.org\/de\/#organization","name":"Words of Peace","url":"https:\/\/www.wopg.org\/de\/","logo":{"@type":"ImageObject","inLanguage":"de","@id":"https:\/\/www.wopg.org\/de\/#\/schema\/logo\/image\/","url":"https:\/\/wopg.org\/wp-content\/uploads\/2022\/02\/Words-of-Peace-logo-website61x252.png","contentUrl":"https:\/\/wopg.org\/wp-content\/uploads\/2022\/02\/Words-of-Peace-logo-website61x252.png","width":252,"height":61,"caption":"Words of Peace"},"image":{"@id":"https:\/\/www.wopg.org\/de\/#\/schema\/logo\/image\/"},"sameAs":["https:\/\/www.facebook.com\/wordsofpeaceglobal","https:\/\/x.com\/wopg","https:\/\/www.instagram.com\/wopgofficial\/"]},{"@type":"Person","@id":"https:\/\/www.wopg.org\/de\/#\/schema\/person\/c495a5aacd2a074ce031b7fa6625b3af","name":"Roberto","image":{"@type":"ImageObject","inLanguage":"de","@id":"https:\/\/secure.gravatar.com\/avatar\/3a2423ab531630d32d946fa10acea4a736bd03feede76ddcc150434c8458228b?s=96&d=mm&r=g","url":"https:\/\/secure.gravatar.com\/avatar\/3a2423ab531630d32d946fa10acea4a736bd03feede76ddcc150434c8458228b?s=96&d=mm&r=g","contentUrl":"https:\/\/secure.gravatar.com\/avatar\/3a2423ab531630d32d946fa10acea4a736bd03feede76ddcc150434c8458228b?s=96&d=mm&r=g","caption":"Roberto"},"url":"https:\/\/www.wopg.org\/de\/author\/roberto\/"}]}},"_links":{"self":[{"href":"https:\/\/www.wopg.org\/de\/wp-json\/wp\/v2\/posts\/48682","targetHints":{"allow":["GET"]}}],"collection":[{"href":"https:\/\/www.wopg.org\/de\/wp-json\/wp\/v2\/posts"}],"about":[{"href":"https:\/\/www.wopg.org\/de\/wp-json\/wp\/v2\/types\/post"}],"author":[{"embeddable":true,"href":"https:\/\/www.wopg.org\/de\/wp-json\/wp\/v2\/users\/14"}],"replies":[{"embeddable":true,"href":"https:\/\/www.wopg.org\/de\/wp-json\/wp\/v2\/comments?post=48682"}],"version-history":[{"count":24,"href":"https:\/\/www.wopg.org\/de\/wp-json\/wp\/v2\/posts\/48682\/revisions"}],"predecessor-version":[{"id":48958,"href":"https:\/\/www.wopg.org\/de\/wp-json\/wp\/v2\/posts\/48682\/revisions\/48958"}],"wp:featuredmedia":[{"embeddable":true,"href":"https:\/\/www.wopg.org\/de\/wp-json\/wp\/v2\/media\/48672"}],"wp:attachment":[{"href":"https:\/\/www.wopg.org\/de\/wp-json\/wp\/v2\/media?parent=48682"}],"wp:term":[{"taxonomy":"category","embeddable":true,"href":"https:\/\/www.wopg.org\/de\/wp-json\/wp\/v2\/categories?post=48682"},{"taxonomy":"post_tag","embeddable":true,"href":"https:\/\/www.wopg.org\/de\/wp-json\/wp\/v2\/tags?post=48682"},{"taxonomy":"post_folder","embeddable":true,"href":"https:\/\/www.wopg.org\/de\/wp-json\/wp\/v2\/post_folder?post=48682"}],"curies":[{"name":"wp","href":"https:\/\/api.w.org\/{rel}","templated":true}]}}