{"id":48845,"date":"2026-03-02T00:06:31","date_gmt":"2026-03-02T00:06:31","guid":{"rendered":"https:\/\/www.wopg.org\/?p=48845"},"modified":"2026-04-27T17:26:01","modified_gmt":"2026-04-27T17:26:01","slug":"prem-rawat-in-bad-vilbel-deutschland","status":"publish","type":"post","link":"https:\/\/www.wopg.org\/de\/prem-rawat-in-bad-vilbel-deutschland\/","title":{"rendered":"6. Mai 2026 &#8211; Prem Rawat in Bad Vilbel"},"content":{"rendered":"<p>[et_pb_section fb_built=&#8220;1&#8243; _builder_version=&#8220;4.27.5&#8243; _module_preset=&#8220;default&#8220; custom_padding=&#8220;0px||0px||false|false&#8220; global_colors_info=&#8220;{}&#8220;][et_pb_row _builder_version=&#8220;4.17.4&#8243; _module_preset=&#8220;default&#8220; custom_padding=&#8220;0px||||false|false&#8220; global_colors_info=&#8220;{}&#8220;][et_pb_column type=&#8220;4_4&#8243; _builder_version=&#8220;4.17.4&#8243; _module_preset=&#8220;default&#8220; global_colors_info=&#8220;{}&#8220;][et_pb_image src=&#8220;https:\/\/eadn-wc03-5903292.nxedge.io\/wp-content\/uploads\/2026\/04\/Bad-Vilbel-Frankfurt_1080x608-web.jpg&#8220; title_text=&#8220;Bad Vilbel Frankfurt_1080x1080-web&#8220; src_tablet=&#8220;https:\/\/eadn-wc03-5903292.nxedge.io\/wp-content\/uploads\/2026\/04\/Bad-Vilbel-Frankfurt_1080x608-web.jpg&#8220; src_phone=&#8220;https:\/\/eadn-wc03-5903292.nxedge.io\/wp-content\/uploads\/2026\/04\/Bad-Vilbel-Frankfurt_1080x1080-web.jpg&#8220; src_last_edited=&#8220;on|desktop&#8220; _builder_version=&#8220;4.27.5&#8243; _module_preset=&#8220;default&#8220; global_colors_info=&#8220;{}&#8220;][\/et_pb_image][\/et_pb_column][\/et_pb_row][\/et_pb_section][et_pb_section fb_built=&#8220;1&#8243; _builder_version=&#8220;4.17.4&#8243; _module_preset=&#8220;default&#8220; custom_margin=&#8220;-50px||||false|false&#8220; custom_padding=&#8220;0px||0px||false|false&#8220; global_colors_info=&#8220;{}&#8220;][et_pb_row _builder_version=&#8220;4.17.4&#8243; _module_preset=&#8220;default&#8220; custom_padding=&#8220;0px||||false|false&#8220; global_colors_info=&#8220;{}&#8220;][et_pb_column type=&#8220;4_4&#8243; _builder_version=&#8220;4.17.4&#8243; _module_preset=&#8220;default&#8220; global_colors_info=&#8220;{}&#8220;][et_pb_text disabled_on=&#8220;off|off|off&#8220; _builder_version=&#8220;4.27.5&#8243; _module_preset=&#8220;default&#8220; global_colors_info=&#8220;{}&#8220;]<\/p>\n<h6 style=\"text-align: center;\">Foto mit freundlicher Genehmigung von TimelessToday<\/h6>\n<p>[\/et_pb_text][\/et_pb_column][\/et_pb_row][\/et_pb_section][et_pb_section fb_built=&#8220;1&#8243; disabled_on=&#8220;off|off|off&#8220; admin_label=&#8220;Full event details&#8220; _builder_version=&#8220;4.27.2&#8243; _module_preset=&#8220;default&#8220; custom_padding=&#8220;0px||||false|false&#8220; locked=&#8220;off&#8220; collapsed=&#8220;off&#8220; global_colors_info=&#8220;{}&#8220;][et_pb_row _builder_version=&#8220;4.21.0&#8243; _module_preset=&#8220;default&#8220; custom_padding=&#8220;0px||||false|false&#8220; custom_css_main_element=&#8220;display: flex;||flex-wrap: wrap;||justify-content: center;&#8220; global_colors_info=&#8220;{}&#8220;][et_pb_column type=&#8220;4_4&#8243; _builder_version=&#8220;4.21.0&#8243; _module_preset=&#8220;default&#8220; global_colors_info=&#8220;{}&#8220;][et_pb_text admin_label=&#8220;WHEN AND WHERE&#8220; _builder_version=&#8220;4.27.5&#8243; _module_preset=&#8220;default&#8220; header_2_text_align=&#8220;left&#8220; header_3_text_align=&#8220;left&#8220; hover_enabled=&#8220;0&#8243; header_2_text_align_tablet=&#8220;left&#8220; header_2_text_align_phone=&#8220;center&#8220; header_2_text_align_last_edited=&#8220;on|desktop&#8220; header_2_font_size_tablet=&#8220;&#8220; header_2_font_size_phone=&#8220;2em&#8220; header_2_font_size_last_edited=&#8220;on|desktop&#8220; header_3_text_align_tablet=&#8220;left&#8220; header_3_text_align_phone=&#8220;center&#8220; header_3_text_align_last_edited=&#8220;on|desktop&#8220; header_3_font_size_phone=&#8220;1.1em&#8220; custom_css_free_form=&#8220;.selector .et_pb_text_inner h2 {||  margin-bottom: 3px;||}||||.selector .et_pb_text_inner h3 {||  margin-bottom: 1.5rem;||}&#8220; global_colors_info=&#8220;{}&#8220; content__hover_enabled=&#8220;off|desktop&#8220; sticky_enabled=&#8220;0&#8243;]<\/p>\n<h3 class=\"p1\" style=\"text-align: center;\"><strong>UNCOVER LIFE &#8211; Entdecken, was Leben ist<\/strong><\/h3>\n<p><\/p>\n<p><a href=\"https:\/\/www.wopg.org\/de\/ueber-uns\/\" target=\"_blank\" rel=\"noopener\">Words of Peace<\/a> arbeitet eng mit lokalen Organisationen bei der Ausrichtung und F\u00f6rderung einer Vielzahl gr\u00f6\u00dferer und kleinerer Live-Veranstaltungen zusammen, bei denen Prem Rawat seine einzigartige Sichtweise auf das Leben pr\u00e4sentiert.<\/p>\n<p><\/p>\n<p><em>Diese Seite bitte sorgf\u00e4ltig durchlesen, sie enth\u00e4lt wichtige Informationen zu der bevorstehenden Veranstaltung.<\/em><\/p>\n<p><\/p>\n<h4>WANN UND WO<\/h4>\n<p><\/p>\n<p><strong>Daum:<\/strong> <span style=\"font-weight: 400;\"> Mittwoch, 6. Mai 2026<\/span><\/p>\n<p><\/p>\n<p><strong>Zeit:<\/strong><span style=\"font-weight: 400;\"> Der Event beginnt um 18 Uhr MESZ (Ortszeit in Bad Vilbel). Die Lobby ist ab 16:30 ge\u00f6ffnet. Ende: Ca. 20 Uhr.<\/span><\/p>\n<p><\/p>\n<p><strong>Ort:<\/strong><span style=\"font-weight: 400;\"> <a href=\"https:\/\/spaces-management.de\/vilco\/\" target=\"_blank\" rel=\"noopener\">Vilco Bad Vilbel (Gro\u00dfer Saal)<\/a><\/span><\/p>\n<p><\/p>\n<p><strong>Addresse:<\/strong> <span style=\"font-weight: 400;\">G\u00fcnther-Biwer-Platz 1, 61118 Bad Vilbel<\/span><\/p>\n<p><\/p>\n<p><a href=\"https:\/\/spaces-management.de\/vilco\/?load=%2Flocations%2Fvilco%2Ferreichbarkeit%2F#kontaktpersonen\" target=\"_blank\" rel=\"noopener\">Wegbeschreibung, Parken und \u00f6ffentliche Verkehrsmittel<\/a><\/p>\n<p><\/p>\n<p>Die VILCO verf\u00fcgt \u00fcber eine eigene Tiefgarage mit: \u25cf 350 Parkpl\u00e4tzen \u25cf 20 Ladestationen f\u00fcr Elektrofahrzeuge. Weitere Parkm\u00f6glichkeiten: Parkhaus Niddaplatz (140 Stellpl\u00e4tze)<\/p>\n<p>[\/et_pb_text][et_pb_text admin_label=&#8220;WHO IS INVITED&#8220; _builder_version=&#8220;4.27.5&#8243; _module_preset=&#8220;default&#8220; global_colors_info=&#8220;{}&#8220;]<\/p>\n<h4>WER IST EINGELADEN?<\/h4>\n<p><\/p>\n<p>Eingeladen ist jeder, der an Prem Rawat und seiner Botschaft pers\u00f6nlichen Friedens interessiert ist<\/a>.<\/p>\n<p>[\/et_pb_text][et_pb_text admin_label=&#8220;WHO IS INVITED &#8211; CHILDREN&#8220; _builder_version=&#8220;4.27.5&#8243; _module_preset=&#8220;default&#8220; global_colors_info=&#8220;{}&#8220;]<\/p>\n<h4>KINDER<\/h4>\n<p><\/p>\n<p>F\u00fcr Kinder unter 10 Jahren ist der Event nicht geeignet.<\/p>\n<p>[\/et_pb_text][et_pb_text quote_border_color=&#8220;#008B73&#8243; admin_label=&#8220;PURCHASE OF TICKETS&#8220; _builder_version=&#8220;4.27.5&#8243; _module_preset=&#8220;default&#8220; quote_font=&#8220;|700|on||||||&#8220; global_colors_info=&#8220;{}&#8220;]<\/p>\n<h4>TICKETS<\/h4>\n<p>[\/et_pb_text][et_pb_text quote_border_color=&#8220;#008B73&#8243; disabled_on=&#8220;on|on|on&#8220; admin_label=&#8220;PURCHASE OF TICKETS&#8220; _builder_version=&#8220;4.27.5&#8243; _module_preset=&#8220;default&#8220; quote_font=&#8220;|700|on||||||&#8220; custom_padding=&#8220;0px||0px|20px|false|false&#8220; border_width_left=&#8220;5px&#8220; border_color_left=&#8220;#008B73&#8243; disabled=&#8220;on&#8220; global_colors_info=&#8220;{}&#8220;]<\/p>\n<p><em><strong>F\u00fcr diesen Event werden wir das neue Global Event Registration System nutzen. <a> Hier kannst du ein kostenloses Konto einrichten.<\/a> Es geht schnell und einfach und wird deinen Ticketkauf f\u00fcr diesen und viele kommende Events erleichtern.<\/strong><\/em><\/p>\n<p>[\/et_pb_text][et_pb_text quote_border_color=&#8220;#008B73&#8243; admin_label=&#8220;PURCHASE OF TICKETS&#8220; _builder_version=&#8220;4.27.5&#8243; _module_preset=&#8220;default&#8220; quote_font=&#8220;|700|on||||||&#8220; custom_margin=&#8220;||0px||false|false&#8220; global_colors_info=&#8220;{}&#8220;]<\/p>\n<p><strong>Der Ticketverkauf beginnt am Mittwoch, den 29. April um 17 Uhr MESZ (Ortszeit Bad Vilbel)<\/strong>.<\/p>\n<p><\/p>\n<p>Halte beim Einlass einen Ausdruck deines Tickets oder dein elektronisches Ticket auf deinem Smartphone mit sichtbarem Barcode bereit.<\/p>\n<p><\/p>\n<p>Wenn du aus irgendeinem Grund kein Ticket kaufen kannst, wende dich bitte an <a href=\"mailto:helpevent.germany26@gmail.com\" target=\"_blank\" rel=\"noopener\">helpevent.germany26@gmail.com<\/a>.<\/p>\n<p> [\/et_pb_text][et_pb_text admin_label=&#8220;Ticket Prices&#8220; _builder_version=&#8220;4.27.5&#8243; _module_preset=&#8220;default&#8220; locked=&#8220;off&#8220; global_colors_info=&#8220;{}&#8220;]<\/p>\n<p><strong>Preise<\/strong><\/p>\n<p><\/p>\n<ul>\n<li class=\"p1\">150 \u20ac (+ Buchungsgeb\u00fchr)<\/li>\n<li class=\"p1\">100 \u20ac (+ Buchungsgeb\u00fchr)<\/li>\n<li class=\"p1\">&ensp;50 \u20ac (+ Buchungsgeb\u00fchr)<\/li>\n<li class=\"p1\">&ensp;20 \u20ac (+ Buchungsgeb\u00fchr)<\/li>\n<li style=\"list-style-type: none;\">\u00a0<\/li>\n<\/ul>\n<p><\/p>\n<p><span style=\"font-weight: 400;\">Pro Person k\u00f6nnen <\/span><b>4 Tickets<\/b><span style=\"font-weight: 400;\"> gekauft werden. Kauf bitte nur so viele Tickets, wie du auch nutzen wirst.<\/span><\/p>\n<p><\/p>\n<p><strong>Aus logistischen Gr\u00fcnden werden alle G\u00e4ste gebeten, ihren Platz sp\u00e4testens 10 Minuten vor Event-Beginn einzunehmen. Danach werden sie im hinteren Bereich der Halle platziert, um Ablenkungen zu vermeiden.<\/strong><\/p>\n<p><\/p>\n<p><strong>R\u00fcckerstattungen sind nicht m\u00f6glich.<\/strong><\/p>\n<p>[\/et_pb_text][et_pb_button button_url=&#8220;#&#8220; url_new_window=&#8220;on&#8220; button_text=&#8220;Ticketkauf&#8220; button_alignment=&#8220;center&#8220; disabled_on=&#8220;off|off|off&#8220; admin_label=&#8220;Purchase Ticket(s)&#8220; _builder_version=&#8220;4.27.5&#8243; _module_preset=&#8220;default&#8220; custom_button=&#8220;on&#8220; button_bg_color=&#8220;#008B73&#8243; button_border_width=&#8220;0px&#8220; button_border_radius=&#8220;8px&#8220; background_layout=&#8220;dark&#8220; custom_padding=&#8220;10px|49px|10px|49px|true|true&#8220; global_colors_info=&#8220;{}&#8220;][\/et_pb_button][et_pb_text disabled_on=&#8220;off|off|off&#8220; _builder_version=&#8220;4.27.5&#8243; _module_preset=&#8220;default&#8220; text_orientation=&#8220;center&#8220; locked=&#8220;off&#8220; global_colors_info=&#8220;{}&#8220;]<\/p>\n<p style=\"text-align: center;\"><span style=\"font-weight: 400;\">(Wenn der Ticketverkauf beginnt, f\u00fchrt dich ein Klick auf die Schaltfl\u00e4che oben direkt dorthin.)<\/span><\/p>\n<p>[\/et_pb_text][et_pb_button button_url=&#8220;#&#8220; button_text=&#8220;Keine Tickets mehr verf\u00fcgbar&#8220; button_alignment=&#8220;center&#8220; disabled_on=&#8220;on|on|on&#8220; admin_label=&#8220;Sold Out button&#8220; _builder_version=&#8220;4.27.4&#8243; _module_preset=&#8220;default&#8220; custom_button=&#8220;on&#8220; button_bg_color=&#8220;#E02B20&#8243; button_border_width=&#8220;0px&#8220; button_border_radius=&#8220;8px&#8220; background_layout=&#8220;dark&#8220; custom_padding=&#8220;10px|58px|10px|58px|true|true&#8220; disabled=&#8220;on&#8220; global_colors_info=&#8220;{}&#8220;][\/et_pb_button][et_pb_button button_url=&#8220;#soon&#8220; button_text=&#8220;Tickets in K\u00fcrze verf\u00fcgbar&#8220; button_alignment=&#8220;center&#8220; disabled_on=&#8220;on|on|on&#8220; admin_label=&#8220;Soon Available button&#8220; module_id=&#8220;soon&#8220; _builder_version=&#8220;4.27.4&#8243; _module_preset=&#8220;default&#8220; custom_button=&#8220;on&#8220; button_text_color=&#8220;#FFFFFF&#8220; button_bg_color=&#8220;RGBA(255,196,89,0.8)&#8220; button_border_width=&#8220;0px&#8220; button_border_radius=&#8220;8px&#8220; background_layout=&#8220;dark&#8220; custom_padding=&#8220;10px|30px|10px|30px|true|true&#8220; disabled=&#8220;on&#8220; global_colors_info=&#8220;{}&#8220;][\/et_pb_button][et_pb_text admin_label=&#8220;DO NOT RECORD OR FILM THE EVENT&#8220; _builder_version=&#8220;4.27.5&#8243; _module_preset=&#8220;default&#8220; locked=&#8220;off&#8220; global_colors_info=&#8220;{}&#8220;]<\/p>\n<h4>TON- ODER FILMAUFNAHMEN VOM EVENT SIND NICHT GESTATTET<\/h4>\n<p><\/p>\n<p>Die offizielle Aufzeichnung der Veranstaltung ist urheberrechtlich gesch\u00fctzt. Personen, die beim Aufnehmen bemerkt werden, werden aufgefordert, dies zu unterlassen, und im Wiederholungsfall vom Veranstaltungsort verwiesen.<\/p>\n<p><\/p>\n<p>Der Event wird gefilmt. Mit dem Kauf einer Eintrittskarte erkl\u00e4rst du dein Einverst\u00e4ndnis, dass du gefilmt wirst und dein Bild \/ deine Stimme zur Verwendung in Printmedien, sozialen Medien, Foto-, Audio-, Video- oder sonstigen Medien freigibst. Wenn du eine Eintrittskarte f\u00fcr eine andere Person kaufst, stellt deren Teilnahme am Event die gleiche Zustimmung und Freigabe dar.<\/p>\n<p><\/p>\n<p><strong>Beim Einlass in das Geb\u00e4ude wird eine Sicherheitskontrolle durchgef\u00fchrt. Gep\u00e4ck, Rucks\u00e4cke oder \u00fcbergro\u00dfe Taschen k\u00f6nnen nicht mit in die Halle genommen werden<\/strong>.<\/p>\n<p><\/p>\n<p><em><strong>Bitte beachte<\/strong>: Es wird empfohlen, Reisevorbereitungen erst nach erfolgtem Ticketkauf zu treffen, da die Nachfrage nach Sitzpl\u00e4tzen die Kapazit\u00e4t des Veranstaltungsortes \u00fcbersteigen kann<\/em>.<\/p>\n<p><\/p>\n<p><em><strong>Reisende aus dem Ausland: Es bestehen keine Reisebeschr\u00e4nkungen f\u00fcr Deutschland. Dennoch ist es ratsam, sich vorab \u00fcber aktuelle Reisebestimmungen und m\u00f6gliche Einschr\u00e4nkungen zu Informieren<\/em>.<\/p>\n<p>[\/et_pb_text][et_pb_accordion open_toggle_background_color=&#8220;RGBA(255,255,255,0)&#8220; icon_color=&#8220;#008B73&#8243; use_icon_font_size=&#8220;on&#8220; icon_font_size=&#8220;20px&#8220; _builder_version=&#8220;4.27.5&#8243; _module_preset=&#8220;default&#8220; border_color_all=&#8220;RGBA(255,255,255,0)&#8220; border_color_bottom=&#8220;#008B73&#8243; global_colors_info=&#8220;{}&#8220;][et_pb_accordion_item title=&#8220;HILFE BEIM TICKETKAUF&#8220; open=&#8220;on&#8220; _builder_version=&#8220;4.27.5&#8243; _module_preset=&#8220;default&#8220; global_colors_info=&#8220;{}&#8220;]<\/p>\n<p>Der Kauf von Online-Tickets ist sowohl mit dem Computer als auch mit Mobilger\u00e4ten m\u00f6glich. Es empfiehlt sich, den Browser-Verlauf zu l\u00f6schen, bevor du mit dem Kauf beginnst.<\/p>\n<p><\/p>\n<p>Beim Online-Ticketkauf k\u00f6nnen Probleme auftreten. Bei gro\u00dfer Nachfrage kann die automatische Meldung \u201eKeine Pl\u00e4tze verf\u00fcgbar\u201c erscheinen, was nicht bedeuten muss, dass die Veranstaltung ausverkauft ist.<\/p>\n<p><\/p>\n<p>Du hast dann folgende M\u00f6glichkeiten:<br \/>\u2013 \u00dcberpr\u00fcfe auf\u00a0<a href=\"https:\/\/www.wopg.org\/de\/\">www.wopg.org<\/a>, ob die Veranstaltung ausverkauft ist<br \/>\u2013 Warte einen Moment und versuche es dann erneut<br \/>\u2013 Versuche es auf einem anderen Ger\u00e4t<br \/>\u2013 Wenn du keinen Erfolg hast, wende dich per E-Mail an <a href=\"mailto:helpevent.germany26@gmail.com\" target=\"_blank\" rel=\"noopener\">helpevent.germany26@gmail.com<\/a>.<\/p>\n<p>[\/et_pb_accordion_item][et_pb_accordion_item title=&#8220;TICKETS AUSVERKAUFT?&#8220; _builder_version=&#8220;4.27.5&#8243; _module_preset=&#8220;default&#8220; global_colors_info=&#8220;{}&#8220; open=&#8220;off&#8220;]<\/p>\n<p>Wenn Tickets als ausverkauft angezeigt werden, versuche es einige Stunden sp\u00e4ter erneut, da zur\u00fcckgehaltene Tickets wieder verf\u00fcgbar werden k\u00f6nnen. Wenn du dich \u00fcber zur\u00fcckgegebene Tickets informieren m\u00f6chtest, wende dich bitte per E-Mail an: <a href=\"mailto:helpevent.germany26@gmail.com\" target=\"_blank\" rel=\"noopener\">helpevent.germany26@gmail.com<\/a>.<\/p>\n<p><\/p>\n<p>Sind keine zur\u00fcckgegebenen Tickets verf\u00fcgbar, wirst du auf eine Warteliste gesetzt.<\/p>\n<p>[\/et_pb_accordion_item][et_pb_accordion_item title=&#8220;R\u00dcCKGABE NICHT GENUTZTER TICKETS&#8220; _builder_version=&#8220;4.27.5&#8243; _module_preset=&#8220;default&#8220; global_colors_info=&#8220;{}&#8220; open=&#8220;off&#8220;]<\/p>\n<p>Wenn sich deine Pl\u00e4ne \u00e4ndern und du ein nicht genutztes Ticket hast, sende das Ticket bitte in elektronischer Form \/ sende deinen Namen, Reihe und Sitzplatznummer an: <a href=\"mailto:helpevent.germany26@gmail.com\" target=\"_blank\" rel=\"noopener\">helpevent.germany26@gmail.com<\/a>.<\/p>\n<p><\/p>\n<p>Die an diese Adresse gesendeten Tickets werden der Reihenfolge der Anfragen nach an Interessenten vergeben.<\/p>\n<p><\/p>\n<p>R\u00fcckerstattungen sind nicht m\u00f6glich.<\/p>\n<p>[\/et_pb_accordion_item][et_pb_accordion_item title=&#8220;BESONDERE BED\u00dcRFNISSE&#8220; _builder_version=&#8220;4.27.5&#8243; _module_preset=&#8220;default&#8220; global_colors_info=&#8220;{}&#8220; open=&#8220;off&#8220;]<\/p>\n<p>Wir bieten Hilfe f\u00fcr Besucher im Rollstuhl.<\/p>\n<p><\/p>\n<p>Wenn du Probleme hast, einen Rollstuhlplatz oder einen Platz f\u00fcr eine Begleitperson zu buchen, wende dich bitte an: <a href=\"mailto:helpevent.germany26@gmail.com\" target=\"_blank\" rel=\"noopener\">helpevent.germany26@gmail.com<\/a>.<\/p>\n<p><\/p>\n<p>F\u00fcr H\u00f6rgesch\u00e4digte steht ein Verst\u00e4rkungskanal in Englisch zur Verf\u00fcgung. Headsets sind in der Lobby gegen Pfand (Ausweis) erh\u00e4ltlich.<\/p>\n<p>[\/et_pb_accordion_item][et_pb_accordion_item title=&#8220;\u00dcBERSETZUNG&#8220; _builder_version=&#8220;4.27.5&#8243; _module_preset=&#8220;default&#8220; global_colors_info=&#8220;{}&#8220; open=&#8220;off&#8220;]<\/p>\n<p>Die Veranstaltungssprache ist Englisch. Es wird \u00dcbersetzung ins Deutsche angeboten.<\/p>\n<p><\/p>\n<p>Headsets sind in der Lobby gegen Pfand (Ausweis) erh\u00e4ltlich.<\/p>\n<p>[\/et_pb_accordion_item][et_pb_accordion_item title=&#8220;GEP\u00c4CK&#8220; _builder_version=&#8220;4.27.5&#8243; _module_preset=&#8220;default&#8220; global_colors_info=&#8220;{}&#8220; open=&#8220;off&#8220;]<\/p>\n<p class=\"p1\">Gep\u00e4ck, Rucks\u00e4cke oder \u00fcbergro\u00dfe Taschen k\u00f6nnen nicht mit in die Halle genommen werden.<\/p>\n<p><\/p>\n<p class=\"p1\">Es steht keine Gep\u00e4ckaufbewahrung zur Verf\u00fcgung.<\/p>\n<p>[\/et_pb_accordion_item][et_pb_accordion_item title=&#8220;HILFE&#8220; _builder_version=&#8220;4.27.5&#8243; _module_preset=&#8220;default&#8220; global_colors_info=&#8220;{}&#8220; open=&#8220;off&#8220;]<\/p>\n<p>Ben\u00f6tigst du Hilfe?<\/p>\n<p><\/p>\n<p>Wende dich per E-Mail an: <a href=\"mailto:helpevent.germany26@gmail.com \" target=\"_blank\" rel=\"noopener\">helpevent.germany26@gmail.com<\/a>.<\/p>\n<p>[\/et_pb_accordion_item][\/et_pb_accordion][\/et_pb_column][\/et_pb_row][et_pb_row _builder_version=&#8220;4.21.0&#8243; _module_preset=&#8220;default&#8220; global_colors_info=&#8220;{}&#8220;][et_pb_column type=&#8220;4_4&#8243; _builder_version=&#8220;4.21.0&#8243; _module_preset=&#8220;default&#8220; global_colors_info=&#8220;{}&#8220;][et_pb_text admin_label=&#8220;Sign up here&#8220; _builder_version=&#8220;4.27.5&#8243; _module_preset=&#8220;default&#8220; global_colors_info=&#8220;{}&#8220;]<\/p>\n<p>Wenn du \u00fcber Neuigkeiten und kommende Events mit Prem Rawat informiert werden m\u00f6chtest, trage dich unter Angabe von E-Mail-Adresse und Land deines Wohnsitzes in die WOPG-Mailingliste ein (siehe unten).<\/p>\n<p>[\/et_pb_text][\/et_pb_column][\/et_pb_row][\/et_pb_section]<\/p>\n","protected":false},"excerpt":{"rendered":"<p>Foto mit freundlicher Genehmigung von TimelessTodayUNCOVER LIFE &#8211; Entdecken, was Leben istWords of Peace arbeitet eng mit lokalen Organisationen bei der Ausrichtung und F\u00f6rderung einer Vielzahl gr\u00f6\u00dferer und kleinerer Live-Veranstaltungen zusammen, bei denen Prem Rawat seine einzigartige Sichtweise auf das Leben pr\u00e4sentiert.Diese Seite bitte sorgf\u00e4ltig durchlesen, sie enth\u00e4lt wichtige Informationen zu der bevorstehenden Veranstaltung.WANN UND [&hellip;]<\/p>\n","protected":false},"author":14,"featured_media":49065,"comment_status":"open","ping_status":"open","sticky":false,"template":"","format":"standard","meta":{"_et_pb_use_builder":"on","_et_pb_old_content":"","_et_gb_content_width":"","cybocfi_hide_featured_image":"yes","footnotes":""},"categories":[103],"tags":[],"post_folder":[],"class_list":["post-48845","post","type-post","status-publish","format-standard","has-post-thumbnail","hentry","category-events-de"],"yoast_head":"<!-- This site is optimized with the Yoast SEO plugin v27.3 - https:\/\/yoast.com\/product\/yoast-seo-wordpress\/ -->\n<title>6. Mai 2026 - Prem Rawat in Bad Vilbel | Words of Peace<\/title>\n<meta name=\"robots\" content=\"index, follow, max-snippet:-1, max-image-preview:large, max-video-preview:-1\" \/>\n<link rel=\"canonical\" href=\"https:\/\/www.wopg.org\/de\/prem-rawat-in-bad-vilbel-deutschland\/\" \/>\n<meta property=\"og:locale\" content=\"de_DE\" \/>\n<meta property=\"og:type\" content=\"article\" \/>\n<meta property=\"og:title\" content=\"6. Mai 2026 - Prem Rawat in Bad Vilbel | Words of Peace\" \/>\n<meta property=\"og:description\" content=\"Foto mit freundlicher Genehmigung von TimelessTodayUNCOVER LIFE - Entdecken, was Leben istWords of Peace arbeitet eng mit lokalen Organisationen bei der Ausrichtung und F\u00f6rderung einer Vielzahl gr\u00f6\u00dferer und kleinerer Live-Veranstaltungen zusammen, bei denen Prem Rawat seine einzigartige Sichtweise auf das Leben pr\u00e4sentiert.Diese Seite bitte sorgf\u00e4ltig durchlesen, sie enth\u00e4lt wichtige Informationen zu der bevorstehenden Veranstaltung.WANN UND [&hellip;]\" \/>\n<meta property=\"og:url\" content=\"https:\/\/www.wopg.org\/de\/prem-rawat-in-bad-vilbel-deutschland\/\" \/>\n<meta property=\"og:site_name\" content=\"Words of Peace\" \/>\n<meta property=\"article:publisher\" content=\"https:\/\/www.facebook.com\/wordsofpeaceglobal\" \/>\n<meta property=\"article:published_time\" content=\"2026-03-02T00:06:31+00:00\" \/>\n<meta property=\"article:modified_time\" content=\"2026-04-27T17:26:01+00:00\" \/>\n<meta property=\"og:image\" content=\"https:\/\/eadn-wc03-5903292.nxedge.io\/wp-content\/uploads\/2026\/04\/Bad-Vilbel-Frankfurt_1080x608-web.jpg\" \/>\n\t<meta property=\"og:image:width\" content=\"1080\" \/>\n\t<meta property=\"og:image:height\" content=\"608\" \/>\n\t<meta property=\"og:image:type\" content=\"image\/jpeg\" \/>\n<meta name=\"author\" content=\"Roberto\" \/>\n<meta name=\"twitter:card\" content=\"summary_large_image\" \/>\n<meta name=\"twitter:creator\" content=\"@wopg\" \/>\n<meta name=\"twitter:site\" content=\"@wopg\" \/>\n<meta name=\"twitter:label1\" content=\"Verfasst von\" \/>\n\t<meta name=\"twitter:data1\" content=\"Roberto\" \/>\n\t<meta name=\"twitter:label2\" content=\"Gesch\u00e4tzte Lesezeit\" \/>\n\t<meta name=\"twitter:data2\" content=\"9\u00a0Minuten\" \/>\n<script type=\"application\/ld+json\" class=\"yoast-schema-graph\">{\"@context\":\"https:\\\/\\\/schema.org\",\"@graph\":[{\"@type\":\"Article\",\"@id\":\"https:\\\/\\\/www.wopg.org\\\/de\\\/prem-rawat-in-bad-vilbel-deutschland\\\/#article\",\"isPartOf\":{\"@id\":\"https:\\\/\\\/www.wopg.org\\\/de\\\/prem-rawat-in-bad-vilbel-deutschland\\\/\"},\"author\":{\"name\":\"Roberto\",\"@id\":\"https:\\\/\\\/www.wopg.org\\\/de\\\/#\\\/schema\\\/person\\\/c495a5aacd2a074ce031b7fa6625b3af\"},\"headline\":\"6. Mai 2026 &#8211; Prem Rawat in Bad Vilbel\",\"datePublished\":\"2026-03-02T00:06:31+00:00\",\"dateModified\":\"2026-04-27T17:26:01+00:00\",\"mainEntityOfPage\":{\"@id\":\"https:\\\/\\\/www.wopg.org\\\/de\\\/prem-rawat-in-bad-vilbel-deutschland\\\/\"},\"wordCount\":1901,\"commentCount\":0,\"publisher\":{\"@id\":\"https:\\\/\\\/www.wopg.org\\\/de\\\/#organization\"},\"image\":{\"@id\":\"https:\\\/\\\/www.wopg.org\\\/de\\\/prem-rawat-in-bad-vilbel-deutschland\\\/#primaryimage\"},\"thumbnailUrl\":\"https:\\\/\\\/www.wopg.org\\\/wp-content\\\/uploads\\\/2026\\\/04\\\/Bad-Vilbel-Frankfurt_1080x608-web.jpg\",\"articleSection\":[\"Events\"],\"inLanguage\":\"de\",\"potentialAction\":[{\"@type\":\"CommentAction\",\"name\":\"Comment\",\"target\":[\"https:\\\/\\\/www.wopg.org\\\/de\\\/prem-rawat-in-bad-vilbel-deutschland\\\/#respond\"]}]},{\"@type\":\"WebPage\",\"@id\":\"https:\\\/\\\/www.wopg.org\\\/de\\\/prem-rawat-in-bad-vilbel-deutschland\\\/\",\"url\":\"https:\\\/\\\/www.wopg.org\\\/de\\\/prem-rawat-in-bad-vilbel-deutschland\\\/\",\"name\":\"6. Mai 2026 - Prem Rawat in Bad Vilbel | Words of Peace\",\"isPartOf\":{\"@id\":\"https:\\\/\\\/www.wopg.org\\\/de\\\/#website\"},\"primaryImageOfPage\":{\"@id\":\"https:\\\/\\\/www.wopg.org\\\/de\\\/prem-rawat-in-bad-vilbel-deutschland\\\/#primaryimage\"},\"image\":{\"@id\":\"https:\\\/\\\/www.wopg.org\\\/de\\\/prem-rawat-in-bad-vilbel-deutschland\\\/#primaryimage\"},\"thumbnailUrl\":\"https:\\\/\\\/www.wopg.org\\\/wp-content\\\/uploads\\\/2026\\\/04\\\/Bad-Vilbel-Frankfurt_1080x608-web.jpg\",\"datePublished\":\"2026-03-02T00:06:31+00:00\",\"dateModified\":\"2026-04-27T17:26:01+00:00\",\"breadcrumb\":{\"@id\":\"https:\\\/\\\/www.wopg.org\\\/de\\\/prem-rawat-in-bad-vilbel-deutschland\\\/#breadcrumb\"},\"inLanguage\":\"de\",\"potentialAction\":[{\"@type\":\"ReadAction\",\"target\":[\"https:\\\/\\\/www.wopg.org\\\/de\\\/prem-rawat-in-bad-vilbel-deutschland\\\/\"]}]},{\"@type\":\"BreadcrumbList\",\"@id\":\"https:\\\/\\\/www.wopg.org\\\/de\\\/prem-rawat-in-bad-vilbel-deutschland\\\/#breadcrumb\",\"itemListElement\":[{\"@type\":\"ListItem\",\"position\":1,\"name\":\"Home\",\"item\":\"https:\\\/\\\/www.wopg.org\\\/de\\\/\"},{\"@type\":\"ListItem\",\"position\":2,\"name\":\"6. Mai 2026 &#8211; Prem Rawat in Bad Vilbel\"}]},{\"@type\":\"WebSite\",\"@id\":\"https:\\\/\\\/www.wopg.org\\\/de\\\/#website\",\"url\":\"https:\\\/\\\/www.wopg.org\\\/de\\\/\",\"name\":\"Words of Peace\",\"description\":\"Practice Peace, Change Your World\",\"publisher\":{\"@id\":\"https:\\\/\\\/www.wopg.org\\\/de\\\/#organization\"},\"potentialAction\":[{\"@type\":\"SearchAction\",\"target\":{\"@type\":\"EntryPoint\",\"urlTemplate\":\"https:\\\/\\\/www.wopg.org\\\/de\\\/?s={search_term_string}\"},\"query-input\":{\"@type\":\"PropertyValueSpecification\",\"valueRequired\":true,\"valueName\":\"search_term_string\"}}],\"inLanguage\":\"de\"},{\"@type\":\"Organization\",\"@id\":\"https:\\\/\\\/www.wopg.org\\\/de\\\/#organization\",\"name\":\"Words of Peace\",\"url\":\"https:\\\/\\\/www.wopg.org\\\/de\\\/\",\"logo\":{\"@type\":\"ImageObject\",\"inLanguage\":\"de\",\"@id\":\"https:\\\/\\\/www.wopg.org\\\/de\\\/#\\\/schema\\\/logo\\\/image\\\/\",\"url\":\"https:\\\/\\\/wopg.org\\\/wp-content\\\/uploads\\\/2022\\\/02\\\/Words-of-Peace-logo-website61x252.png\",\"contentUrl\":\"https:\\\/\\\/wopg.org\\\/wp-content\\\/uploads\\\/2022\\\/02\\\/Words-of-Peace-logo-website61x252.png\",\"width\":252,\"height\":61,\"caption\":\"Words of Peace\"},\"image\":{\"@id\":\"https:\\\/\\\/www.wopg.org\\\/de\\\/#\\\/schema\\\/logo\\\/image\\\/\"},\"sameAs\":[\"https:\\\/\\\/www.facebook.com\\\/wordsofpeaceglobal\",\"https:\\\/\\\/x.com\\\/wopg\",\"https:\\\/\\\/www.instagram.com\\\/wopgofficial\\\/\"]},{\"@type\":\"Person\",\"@id\":\"https:\\\/\\\/www.wopg.org\\\/de\\\/#\\\/schema\\\/person\\\/c495a5aacd2a074ce031b7fa6625b3af\",\"name\":\"Roberto\",\"image\":{\"@type\":\"ImageObject\",\"inLanguage\":\"de\",\"@id\":\"https:\\\/\\\/secure.gravatar.com\\\/avatar\\\/3a2423ab531630d32d946fa10acea4a736bd03feede76ddcc150434c8458228b?s=96&d=mm&r=g\",\"url\":\"https:\\\/\\\/secure.gravatar.com\\\/avatar\\\/3a2423ab531630d32d946fa10acea4a736bd03feede76ddcc150434c8458228b?s=96&d=mm&r=g\",\"contentUrl\":\"https:\\\/\\\/secure.gravatar.com\\\/avatar\\\/3a2423ab531630d32d946fa10acea4a736bd03feede76ddcc150434c8458228b?s=96&d=mm&r=g\",\"caption\":\"Roberto\"},\"url\":\"https:\\\/\\\/www.wopg.org\\\/de\\\/author\\\/roberto\\\/\"}]}<\/script>\n<!-- \/ Yoast SEO plugin. -->","yoast_head_json":{"title":"6. Mai 2026 - Prem Rawat in Bad Vilbel | Words of Peace","robots":{"index":"index","follow":"follow","max-snippet":"max-snippet:-1","max-image-preview":"max-image-preview:large","max-video-preview":"max-video-preview:-1"},"canonical":"https:\/\/www.wopg.org\/de\/prem-rawat-in-bad-vilbel-deutschland\/","og_locale":"de_DE","og_type":"article","og_title":"6. Mai 2026 - Prem Rawat in Bad Vilbel | Words of Peace","og_description":"Foto mit freundlicher Genehmigung von TimelessTodayUNCOVER LIFE - Entdecken, was Leben istWords of Peace arbeitet eng mit lokalen Organisationen bei der Ausrichtung und F\u00f6rderung einer Vielzahl gr\u00f6\u00dferer und kleinerer Live-Veranstaltungen zusammen, bei denen Prem Rawat seine einzigartige Sichtweise auf das Leben pr\u00e4sentiert.Diese Seite bitte sorgf\u00e4ltig durchlesen, sie enth\u00e4lt wichtige Informationen zu der bevorstehenden Veranstaltung.WANN UND [&hellip;]","og_url":"https:\/\/www.wopg.org\/de\/prem-rawat-in-bad-vilbel-deutschland\/","og_site_name":"Words of Peace","article_publisher":"https:\/\/www.facebook.com\/wordsofpeaceglobal","article_published_time":"2026-03-02T00:06:31+00:00","article_modified_time":"2026-04-27T17:26:01+00:00","og_image":[{"width":1080,"height":608,"url":"https:\/\/eadn-wc03-5903292.nxedge.io\/wp-content\/uploads\/2026\/04\/Bad-Vilbel-Frankfurt_1080x608-web.jpg","type":"image\/jpeg"}],"author":"Roberto","twitter_card":"summary_large_image","twitter_creator":"@wopg","twitter_site":"@wopg","twitter_misc":{"Verfasst von":"Roberto","Gesch\u00e4tzte Lesezeit":"9\u00a0Minuten"},"schema":{"@context":"https:\/\/schema.org","@graph":[{"@type":"Article","@id":"https:\/\/www.wopg.org\/de\/prem-rawat-in-bad-vilbel-deutschland\/#article","isPartOf":{"@id":"https:\/\/www.wopg.org\/de\/prem-rawat-in-bad-vilbel-deutschland\/"},"author":{"name":"Roberto","@id":"https:\/\/www.wopg.org\/de\/#\/schema\/person\/c495a5aacd2a074ce031b7fa6625b3af"},"headline":"6. Mai 2026 &#8211; Prem Rawat in Bad Vilbel","datePublished":"2026-03-02T00:06:31+00:00","dateModified":"2026-04-27T17:26:01+00:00","mainEntityOfPage":{"@id":"https:\/\/www.wopg.org\/de\/prem-rawat-in-bad-vilbel-deutschland\/"},"wordCount":1901,"commentCount":0,"publisher":{"@id":"https:\/\/www.wopg.org\/de\/#organization"},"image":{"@id":"https:\/\/www.wopg.org\/de\/prem-rawat-in-bad-vilbel-deutschland\/#primaryimage"},"thumbnailUrl":"https:\/\/eadn-wc03-5903292.nxedge.io\/wp-content\/uploads\/2026\/04\/Bad-Vilbel-Frankfurt_1080x608-web.jpg","articleSection":["Events"],"inLanguage":"de","potentialAction":[{"@type":"CommentAction","name":"Comment","target":["https:\/\/www.wopg.org\/de\/prem-rawat-in-bad-vilbel-deutschland\/#respond"]}]},{"@type":"WebPage","@id":"https:\/\/www.wopg.org\/de\/prem-rawat-in-bad-vilbel-deutschland\/","url":"https:\/\/www.wopg.org\/de\/prem-rawat-in-bad-vilbel-deutschland\/","name":"6. Mai 2026 - Prem Rawat in Bad Vilbel | Words of Peace","isPartOf":{"@id":"https:\/\/www.wopg.org\/de\/#website"},"primaryImageOfPage":{"@id":"https:\/\/www.wopg.org\/de\/prem-rawat-in-bad-vilbel-deutschland\/#primaryimage"},"image":{"@id":"https:\/\/www.wopg.org\/de\/prem-rawat-in-bad-vilbel-deutschland\/#primaryimage"},"thumbnailUrl":"https:\/\/eadn-wc03-5903292.nxedge.io\/wp-content\/uploads\/2026\/04\/Bad-Vilbel-Frankfurt_1080x608-web.jpg","datePublished":"2026-03-02T00:06:31+00:00","dateModified":"2026-04-27T17:26:01+00:00","breadcrumb":{"@id":"https:\/\/www.wopg.org\/de\/prem-rawat-in-bad-vilbel-deutschland\/#breadcrumb"},"inLanguage":"de","potentialAction":[{"@type":"ReadAction","target":["https:\/\/www.wopg.org\/de\/prem-rawat-in-bad-vilbel-deutschland\/"]}]},{"@type":"BreadcrumbList","@id":"https:\/\/www.wopg.org\/de\/prem-rawat-in-bad-vilbel-deutschland\/#breadcrumb","itemListElement":[{"@type":"ListItem","position":1,"name":"Home","item":"https:\/\/www.wopg.org\/de\/"},{"@type":"ListItem","position":2,"name":"6. Mai 2026 &#8211; Prem Rawat in Bad Vilbel"}]},{"@type":"WebSite","@id":"https:\/\/www.wopg.org\/de\/#website","url":"https:\/\/www.wopg.org\/de\/","name":"Words of Peace","description":"Practice Peace, Change Your World","publisher":{"@id":"https:\/\/www.wopg.org\/de\/#organization"},"potentialAction":[{"@type":"SearchAction","target":{"@type":"EntryPoint","urlTemplate":"https:\/\/www.wopg.org\/de\/?s={search_term_string}"},"query-input":{"@type":"PropertyValueSpecification","valueRequired":true,"valueName":"search_term_string"}}],"inLanguage":"de"},{"@type":"Organization","@id":"https:\/\/www.wopg.org\/de\/#organization","name":"Words of Peace","url":"https:\/\/www.wopg.org\/de\/","logo":{"@type":"ImageObject","inLanguage":"de","@id":"https:\/\/www.wopg.org\/de\/#\/schema\/logo\/image\/","url":"https:\/\/wopg.org\/wp-content\/uploads\/2022\/02\/Words-of-Peace-logo-website61x252.png","contentUrl":"https:\/\/wopg.org\/wp-content\/uploads\/2022\/02\/Words-of-Peace-logo-website61x252.png","width":252,"height":61,"caption":"Words of Peace"},"image":{"@id":"https:\/\/www.wopg.org\/de\/#\/schema\/logo\/image\/"},"sameAs":["https:\/\/www.facebook.com\/wordsofpeaceglobal","https:\/\/x.com\/wopg","https:\/\/www.instagram.com\/wopgofficial\/"]},{"@type":"Person","@id":"https:\/\/www.wopg.org\/de\/#\/schema\/person\/c495a5aacd2a074ce031b7fa6625b3af","name":"Roberto","image":{"@type":"ImageObject","inLanguage":"de","@id":"https:\/\/secure.gravatar.com\/avatar\/3a2423ab531630d32d946fa10acea4a736bd03feede76ddcc150434c8458228b?s=96&d=mm&r=g","url":"https:\/\/secure.gravatar.com\/avatar\/3a2423ab531630d32d946fa10acea4a736bd03feede76ddcc150434c8458228b?s=96&d=mm&r=g","contentUrl":"https:\/\/secure.gravatar.com\/avatar\/3a2423ab531630d32d946fa10acea4a736bd03feede76ddcc150434c8458228b?s=96&d=mm&r=g","caption":"Roberto"},"url":"https:\/\/www.wopg.org\/de\/author\/roberto\/"}]}},"_links":{"self":[{"href":"https:\/\/www.wopg.org\/de\/wp-json\/wp\/v2\/posts\/48845","targetHints":{"allow":["GET"]}}],"collection":[{"href":"https:\/\/www.wopg.org\/de\/wp-json\/wp\/v2\/posts"}],"about":[{"href":"https:\/\/www.wopg.org\/de\/wp-json\/wp\/v2\/types\/post"}],"author":[{"embeddable":true,"href":"https:\/\/www.wopg.org\/de\/wp-json\/wp\/v2\/users\/14"}],"replies":[{"embeddable":true,"href":"https:\/\/www.wopg.org\/de\/wp-json\/wp\/v2\/comments?post=48845"}],"version-history":[{"count":29,"href":"https:\/\/www.wopg.org\/de\/wp-json\/wp\/v2\/posts\/48845\/revisions"}],"predecessor-version":[{"id":49068,"href":"https:\/\/www.wopg.org\/de\/wp-json\/wp\/v2\/posts\/48845\/revisions\/49068"}],"wp:featuredmedia":[{"embeddable":true,"href":"https:\/\/www.wopg.org\/de\/wp-json\/wp\/v2\/media\/49065"}],"wp:attachment":[{"href":"https:\/\/www.wopg.org\/de\/wp-json\/wp\/v2\/media?parent=48845"}],"wp:term":[{"taxonomy":"category","embeddable":true,"href":"https:\/\/www.wopg.org\/de\/wp-json\/wp\/v2\/categories?post=48845"},{"taxonomy":"post_tag","embeddable":true,"href":"https:\/\/www.wopg.org\/de\/wp-json\/wp\/v2\/tags?post=48845"},{"taxonomy":"post_folder","embeddable":true,"href":"https:\/\/www.wopg.org\/de\/wp-json\/wp\/v2\/post_folder?post=48845"}],"curies":[{"name":"wp","href":"https:\/\/api.w.org\/{rel}","templated":true}]}}