{"id":14279,"date":"2023-04-21T11:24:06","date_gmt":"2023-04-21T11:24:06","guid":{"rendered":"https:\/\/www.wopg.org\/?p=14279"},"modified":"2023-04-30T16:55:40","modified_gmt":"2023-04-30T16:55:40","slug":"entrevista-con-medios-de-comunicacion-en-sudafrica","status":"publish","type":"post","link":"https:\/\/www.wopg.org\/es\/entrevista-con-medios-de-comunicacion-en-sudafrica\/","title":{"rendered":"Entrevista con medios de comunicaci\u00f3n en Sud\u00e1frica"},"content":{"rendered":"<p>[et_pb_section fb_built=\u00bb1&#8243; _builder_version=\u00bb4.20.2&#8243; _module_preset=\u00bbdefault\u00bb custom_padding=\u00bb0px||0px||false|false\u00bb global_colors_info=\u00bb{}\u00bb theme_builder_area=\u00bbpost_content\u00bb][et_pb_row _builder_version=\u00bb4.20.2&#8243; _module_preset=\u00bbdefault\u00bb custom_padding=\u00bb1%||0px||false|false\u00bb global_colors_info=\u00bb{}\u00bb theme_builder_area=\u00bbpost_content\u00bb][et_pb_column type=\u00bb4_4&#8243; _builder_version=\u00bb4.20.2&#8243; _module_preset=\u00bbdefault\u00bb global_colors_info=\u00bb{}\u00bb theme_builder_area=\u00bbpost_content\u00bb][et_pb_text _builder_version=\u00bb4.20.2&#8243; _module_preset=\u00bbdefault\u00bb header_6_font=\u00bb|||||on|||\u00bb header_6_font_size=\u00bb13px\u00bb global_colors_info=\u00bb{}\u00bb theme_builder_area=\u00bbpost_content\u00bb]<\/p>\n<h6 style=\"text-align: center;\">Programa de radio \u00abWild Wise Women\u00bb de Assembly Radio, 2016<\/h6>\n<p>[\/et_pb_text][\/et_pb_column][\/et_pb_row][\/et_pb_section][et_pb_section fb_built=\u00bb1&#8243; admin_label=\u00bbsection\u00bb _builder_version=\u00bb4.16&#8243; global_colors_info=\u00bb{}\u00bb theme_builder_area=\u00bbpost_content\u00bb][et_pb_row admin_label=\u00bbrow\u00bb _builder_version=\u00bb4.20.2&#8243; background_size=\u00bbinitial\u00bb background_position=\u00bbtop_left\u00bb background_repeat=\u00bbrepeat\u00bb custom_padding=\u00bb0px||||false|false\u00bb global_colors_info=\u00bb{}\u00bb theme_builder_area=\u00bbpost_content\u00bb][et_pb_column type=\u00bb4_4&#8243; _builder_version=\u00bb4.16&#8243; custom_padding=\u00bb|||\u00bb global_colors_info=\u00bb{}\u00bb custom_padding__hover=\u00bb|||\u00bb theme_builder_area=\u00bbpost_content\u00bb][et_pb_text admin_label=\u00bbText\u00bb _builder_version=\u00bb4.20.2&#8243; header_6_font=\u00bb|||||on|||\u00bb header_6_font_size=\u00bb13px\u00bb header_6_line_height=\u00bb0em\u00bb background_size=\u00bbinitial\u00bb background_position=\u00bbtop_left\u00bb background_repeat=\u00bbrepeat\u00bb hover_enabled=\u00bb0&#8243; locked=\u00bboff\u00bb global_colors_info=\u00bb{}\u00bb theme_builder_area=\u00bbpost_content\u00bb sticky_enabled=\u00bb0&#8243;]<\/p>\n<p>Las entrevistas con medios de comunicaci\u00f3n son un instrumento para llegar a muchas m\u00e1s personas de lugares remotos que no pueden asistir a los eventos, tambi\u00e9n un mecanismo a trav\u00e9s del cual se pueden beneficiar las audiencias globales.<\/p>\n<p>Tanto la radio online como la tradicional han tenido un enorme impacto en la difusi\u00f3n del mensaje de paz personal del del exitoso autor y orador internacional Prem Rawat, especialmente en Sud\u00e1frica, donde sigue siendo el medio de comunicaci\u00f3n m\u00e1s efectivo.<\/p>\n<p>Aunque Prem hab\u00eda realizado algunas entrevistas radiof\u00f3nicas anteriormente, nunca fue con el alcance que se produjo en 2016, cuando en un solo d\u00eda dos entrevistas llegaron a m\u00e1s de 25 millones de personas, con repetici\u00f3n a otras emisoras y contenidos reiterados varias veces.<\/p>\n<p>En 2017, las entrevistas con medios de comunicaci\u00f3n incluyeron una entrevista muy especial de ocho minutos que se grab\u00f3 a trav\u00e9s de iPhone tras uno de los eventos en Sud\u00e1frica. Esta grabaci\u00f3n fue difundida por 14 emisoras de radio, algunas de las cuales la emitieron m\u00e1s de una vez, llegando a 22 millones de oyentes.<\/p>\n<p>A continuaci\u00f3n, una lista de algunas emisoras de radio y televisi\u00f3n sudafricanas que ha visitado en los \u00faltimos a\u00f1os:<\/p>\n<p><img loading=\"lazy\" decoding=\"async\" class=\"alignnone wp-image-491 size-full\" src=\"https:\/\/eadn-wc03-5903292.nxedge.io\/wp-content\/uploads\/2023\/04\/161206_Johannesburg_KayaFM_Radio_Interview_nkm_068_1080x608.jpg\" alt=\"Kaya FM\u2019s radio interview in 2016\" width=\"1080\" height=\"570\" \/><\/p>\n<h6 style=\"text-align: center;\">Kaya FM\u2019s radio interview in 2016<\/h6>\n<p><strong>En 2016:<\/strong><\/p>\n<ul>\n<li>Jacaranda FM &#8211; la mayor radio comercial de Sud\u00e1frica<\/li>\n<li>South African Broadcasting Corporation\u2019s Newsroom TV program<\/li>\n<li>Umhlobo Wenene \u2013 la mayor emisora de radio en lengua xhosa del sur de \u00c1frica<\/li>\n<li>SAFM, la emisora nacional m\u00e1s antigua de Sud\u00e1frica<\/li>\n<li>Assembly Radio<\/li>\n<li>Kaya FM South Africa<\/li>\n<\/ul>\n<p><img loading=\"lazy\" decoding=\"async\" class=\"alignnone wp-image-491 size-full\" src=\"https:\/\/eadn-wc03-5903292.nxedge.io\/wp-content\/uploads\/2023\/04\/170510_Johannesburg_SABC_MetroFM_nkm_013_1080x608.jpg\" alt=\"Metro FM Breakfast Show in 2017\" width=\"1080\" height=\"570\" \/><\/p>\n<h6 style=\"text-align: center;\">Metro FM Breakfast Show in 2017<\/h6>\n<p><strong>En 2017:<\/strong><\/p>\n<ul>\n<li>Smile FM \u2013 Ciudad de Cabo, Sud\u00e1frica<\/li>\n<li>Caf\u00e9 Interview con Arianna Azzolini \u2013 Ciudad de Cabo, Sud\u00e1frica<\/li>\n<li>Metro FM &#8211; Breakfast Show \u2013 Johannesburgo, Sud\u00e1frica<\/li>\n<li>Morning Live (TV Interview) \u2013 Johannesburgo, Sud\u00e1frica<\/li>\n<li>Soweto Backstage Interview (post-evento) \u2013 Soweto (Johannesburgo), Sud\u00e1frica<\/li>\n<li>CTTV entrevista con Lumka NXoli \u2013 Ciudad de Cabo, Sud\u00e1frica<\/li>\n<\/ul>\n<p><strong>En 2021:<\/strong><\/p>\n<ul>\n<li>Radio 2000 \/ Radio SAfm<\/li>\n<li>Good Hope FM<\/li>\n<li>Citizen<\/li>\n<li>Radio BOP<\/li>\n<li>Power FM<\/li>\n<li>SABC News (esta transmisi\u00f3n de TV alcanz\u00f3 alrededor de 30 pa\u00edses del resto de \u00c1frica y el extranjero)<\/li>\n<\/ul>\n<p><strong>\u00a1Prem Rawat visitar\u00e1 de nuevo Sud\u00e1frica muy pronto!<\/strong><\/p>\n<p>Para m\u00e1s informaci\u00f3n acerca de su visita, consulta<br \/><a href=\"https:\/\/www.premrawat.com\/news\/260-events\/12015-prem-rawat-heading-to-south-africa-soon\">https:\/\/www.premrawat.com\/news\/260-events\/12015-prem-rawat-heading-to-south-africa-soon<\/a><\/p>\n<p>y para conocer lo que sucedi\u00f3 durante su \u00faltima visita en 2021, consulta <a href=\"https:\/\/www.premrawat.com\/explore\/articles-and-impact\/item\/11349-paul-bloomfield-and-lumka-ngxoli-report-on-the-recent-transformational-south-african-tour-with-prem-rawat\">https:\/\/www.premrawat.com\/explore\/articles-and-impact\/item\/11349-paul-bloomfield-and-lumka-ngxoli-report-on-the-recent-transformational-south-african-tour-with-prem-rawat<\/a><\/p>\n<p>Fotograf\u00edas cortes\u00eda de TimelessToday<\/p>\n<p>[\/et_pb_text][\/et_pb_column][\/et_pb_row][\/et_pb_section]<\/p>\n","protected":false},"excerpt":{"rendered":"<p>Programa de radio \u00abWild Wise Women\u00bb de Assembly Radio, 2016Las entrevistas con medios de comunicaci\u00f3n son un instrumento para llegar a muchas m\u00e1s personas de lugares remotos que no pueden asistir a los eventos, tambi\u00e9n un mecanismo a trav\u00e9s del cual se pueden beneficiar las audiencias globales. Tanto la radio online como la tradicional han [&hellip;]<\/p>\n","protected":false},"author":14,"featured_media":14243,"comment_status":"closed","ping_status":"closed","sticky":false,"template":"","format":"standard","meta":{"_et_pb_use_builder":"on","_et_pb_old_content":"","_et_gb_content_width":"","cybocfi_hide_featured_image":"","footnotes":""},"categories":[35],"tags":[],"post_folder":[],"class_list":["post-14279","post","type-post","status-publish","format-standard","has-post-thumbnail","hentry","category-noticias"],"yoast_head":"<!-- This site is optimized with the Yoast SEO plugin v27.3 - https:\/\/yoast.com\/product\/yoast-seo-wordpress\/ -->\n<title>Entrevista con medios de comunicaci\u00f3n en Sud\u00e1frica | Words of Peace<\/title>\n<meta name=\"robots\" content=\"index, follow, max-snippet:-1, max-image-preview:large, max-video-preview:-1\" \/>\n<link rel=\"canonical\" href=\"https:\/\/www.wopg.org\/es\/entrevista-con-medios-de-comunicacion-en-sudafrica\/\" \/>\n<meta property=\"og:locale\" content=\"es_ES\" \/>\n<meta property=\"og:type\" content=\"article\" \/>\n<meta property=\"og:title\" content=\"Entrevista con medios de comunicaci\u00f3n en Sud\u00e1frica | Words of Peace\" \/>\n<meta property=\"og:description\" content=\"Programa de radio \u00abWild Wise Women\u00bb de Assembly Radio, 2016Las entrevistas con medios de comunicaci\u00f3n son un instrumento para llegar a muchas m\u00e1s personas de lugares remotos que no pueden asistir a los eventos, tambi\u00e9n un mecanismo a trav\u00e9s del cual se pueden beneficiar las audiencias globales. Tanto la radio online como la tradicional han [&hellip;]\" \/>\n<meta property=\"og:url\" content=\"https:\/\/www.wopg.org\/es\/entrevista-con-medios-de-comunicacion-en-sudafrica\/\" \/>\n<meta property=\"og:site_name\" content=\"Words of Peace\" \/>\n<meta property=\"article:publisher\" content=\"https:\/\/www.facebook.com\/wordsofpeaceglobal\" \/>\n<meta property=\"article:published_time\" content=\"2023-04-21T11:24:06+00:00\" \/>\n<meta property=\"article:modified_time\" content=\"2023-04-30T16:55:40+00:00\" \/>\n<meta property=\"og:image\" content=\"https:\/\/eadn-wc03-5903292.nxedge.io\/wp-content\/uploads\/2023\/04\/IMG_6263_400x225.jpg\" \/>\n\t<meta property=\"og:image:width\" content=\"400\" \/>\n\t<meta property=\"og:image:height\" content=\"225\" \/>\n\t<meta property=\"og:image:type\" content=\"image\/jpeg\" \/>\n<meta name=\"author\" content=\"Roberto\" \/>\n<meta name=\"twitter:card\" content=\"summary_large_image\" \/>\n<meta name=\"twitter:creator\" content=\"@wopg\" \/>\n<meta name=\"twitter:site\" content=\"@wopg\" \/>\n<meta name=\"twitter:label1\" content=\"Escrito por\" \/>\n\t<meta name=\"twitter:data1\" content=\"Roberto\" \/>\n\t<meta name=\"twitter:label2\" content=\"Tiempo de lectura\" \/>\n\t<meta name=\"twitter:data2\" content=\"3 minutos\" \/>\n<script type=\"application\/ld+json\" class=\"yoast-schema-graph\">{\"@context\":\"https:\\\/\\\/schema.org\",\"@graph\":[{\"@type\":\"Article\",\"@id\":\"https:\\\/\\\/www.wopg.org\\\/es\\\/entrevista-con-medios-de-comunicacion-en-sudafrica\\\/#article\",\"isPartOf\":{\"@id\":\"https:\\\/\\\/www.wopg.org\\\/es\\\/entrevista-con-medios-de-comunicacion-en-sudafrica\\\/\"},\"author\":{\"name\":\"Roberto\",\"@id\":\"https:\\\/\\\/www.wopg.org\\\/es\\\/#\\\/schema\\\/person\\\/c495a5aacd2a074ce031b7fa6625b3af\"},\"headline\":\"Entrevista con medios de comunicaci\u00f3n en Sud\u00e1frica\",\"datePublished\":\"2023-04-21T11:24:06+00:00\",\"dateModified\":\"2023-04-30T16:55:40+00:00\",\"mainEntityOfPage\":{\"@id\":\"https:\\\/\\\/www.wopg.org\\\/es\\\/entrevista-con-medios-de-comunicacion-en-sudafrica\\\/\"},\"wordCount\":644,\"publisher\":{\"@id\":\"https:\\\/\\\/www.wopg.org\\\/es\\\/#organization\"},\"image\":{\"@id\":\"https:\\\/\\\/www.wopg.org\\\/es\\\/entrevista-con-medios-de-comunicacion-en-sudafrica\\\/#primaryimage\"},\"thumbnailUrl\":\"https:\\\/\\\/www.wopg.org\\\/wp-content\\\/uploads\\\/2023\\\/04\\\/IMG_6263_400x225.jpg\",\"articleSection\":[\"Noticias\"],\"inLanguage\":\"es\"},{\"@type\":\"WebPage\",\"@id\":\"https:\\\/\\\/www.wopg.org\\\/es\\\/entrevista-con-medios-de-comunicacion-en-sudafrica\\\/\",\"url\":\"https:\\\/\\\/www.wopg.org\\\/es\\\/entrevista-con-medios-de-comunicacion-en-sudafrica\\\/\",\"name\":\"Entrevista con medios de comunicaci\u00f3n en Sud\u00e1frica | Words of Peace\",\"isPartOf\":{\"@id\":\"https:\\\/\\\/www.wopg.org\\\/es\\\/#website\"},\"primaryImageOfPage\":{\"@id\":\"https:\\\/\\\/www.wopg.org\\\/es\\\/entrevista-con-medios-de-comunicacion-en-sudafrica\\\/#primaryimage\"},\"image\":{\"@id\":\"https:\\\/\\\/www.wopg.org\\\/es\\\/entrevista-con-medios-de-comunicacion-en-sudafrica\\\/#primaryimage\"},\"thumbnailUrl\":\"https:\\\/\\\/www.wopg.org\\\/wp-content\\\/uploads\\\/2023\\\/04\\\/IMG_6263_400x225.jpg\",\"datePublished\":\"2023-04-21T11:24:06+00:00\",\"dateModified\":\"2023-04-30T16:55:40+00:00\",\"breadcrumb\":{\"@id\":\"https:\\\/\\\/www.wopg.org\\\/es\\\/entrevista-con-medios-de-comunicacion-en-sudafrica\\\/#breadcrumb\"},\"inLanguage\":\"es\",\"potentialAction\":[{\"@type\":\"ReadAction\",\"target\":[\"https:\\\/\\\/www.wopg.org\\\/es\\\/entrevista-con-medios-de-comunicacion-en-sudafrica\\\/\"]}]},{\"@type\":\"ImageObject\",\"inLanguage\":\"es\",\"@id\":\"https:\\\/\\\/www.wopg.org\\\/es\\\/entrevista-con-medios-de-comunicacion-en-sudafrica\\\/#primaryimage\",\"url\":\"https:\\\/\\\/www.wopg.org\\\/wp-content\\\/uploads\\\/2023\\\/04\\\/IMG_6263_400x225.jpg\",\"contentUrl\":\"https:\\\/\\\/www.wopg.org\\\/wp-content\\\/uploads\\\/2023\\\/04\\\/IMG_6263_400x225.jpg\",\"width\":400,\"height\":225,\"caption\":\"Assembly Radio\u2019s \u201cWild Wise Women\u201d radio show in 2016\"},{\"@type\":\"BreadcrumbList\",\"@id\":\"https:\\\/\\\/www.wopg.org\\\/es\\\/entrevista-con-medios-de-comunicacion-en-sudafrica\\\/#breadcrumb\",\"itemListElement\":[{\"@type\":\"ListItem\",\"position\":1,\"name\":\"Home\",\"item\":\"https:\\\/\\\/www.wopg.org\\\/es\\\/\"},{\"@type\":\"ListItem\",\"position\":2,\"name\":\"Entrevista con medios de comunicaci\u00f3n en Sud\u00e1frica\"}]},{\"@type\":\"WebSite\",\"@id\":\"https:\\\/\\\/www.wopg.org\\\/es\\\/#website\",\"url\":\"https:\\\/\\\/www.wopg.org\\\/es\\\/\",\"name\":\"Words of Peace\",\"description\":\"Practice Peace, Change Your World\",\"publisher\":{\"@id\":\"https:\\\/\\\/www.wopg.org\\\/es\\\/#organization\"},\"potentialAction\":[{\"@type\":\"SearchAction\",\"target\":{\"@type\":\"EntryPoint\",\"urlTemplate\":\"https:\\\/\\\/www.wopg.org\\\/es\\\/?s={search_term_string}\"},\"query-input\":{\"@type\":\"PropertyValueSpecification\",\"valueRequired\":true,\"valueName\":\"search_term_string\"}}],\"inLanguage\":\"es\"},{\"@type\":\"Organization\",\"@id\":\"https:\\\/\\\/www.wopg.org\\\/es\\\/#organization\",\"name\":\"Words of Peace\",\"url\":\"https:\\\/\\\/www.wopg.org\\\/es\\\/\",\"logo\":{\"@type\":\"ImageObject\",\"inLanguage\":\"es\",\"@id\":\"https:\\\/\\\/www.wopg.org\\\/es\\\/#\\\/schema\\\/logo\\\/image\\\/\",\"url\":\"https:\\\/\\\/wopg.org\\\/wp-content\\\/uploads\\\/2022\\\/02\\\/Words-of-Peace-logo-website61x252.png\",\"contentUrl\":\"https:\\\/\\\/wopg.org\\\/wp-content\\\/uploads\\\/2022\\\/02\\\/Words-of-Peace-logo-website61x252.png\",\"width\":252,\"height\":61,\"caption\":\"Words of Peace\"},\"image\":{\"@id\":\"https:\\\/\\\/www.wopg.org\\\/es\\\/#\\\/schema\\\/logo\\\/image\\\/\"},\"sameAs\":[\"https:\\\/\\\/www.facebook.com\\\/wordsofpeaceglobal\",\"https:\\\/\\\/x.com\\\/wopg\",\"https:\\\/\\\/www.instagram.com\\\/wopgofficial\\\/\"]},{\"@type\":\"Person\",\"@id\":\"https:\\\/\\\/www.wopg.org\\\/es\\\/#\\\/schema\\\/person\\\/c495a5aacd2a074ce031b7fa6625b3af\",\"name\":\"Roberto\",\"image\":{\"@type\":\"ImageObject\",\"inLanguage\":\"es\",\"@id\":\"https:\\\/\\\/secure.gravatar.com\\\/avatar\\\/3a2423ab531630d32d946fa10acea4a736bd03feede76ddcc150434c8458228b?s=96&d=mm&r=g\",\"url\":\"https:\\\/\\\/secure.gravatar.com\\\/avatar\\\/3a2423ab531630d32d946fa10acea4a736bd03feede76ddcc150434c8458228b?s=96&d=mm&r=g\",\"contentUrl\":\"https:\\\/\\\/secure.gravatar.com\\\/avatar\\\/3a2423ab531630d32d946fa10acea4a736bd03feede76ddcc150434c8458228b?s=96&d=mm&r=g\",\"caption\":\"Roberto\"},\"url\":\"https:\\\/\\\/www.wopg.org\\\/es\\\/author\\\/roberto\\\/\"}]}<\/script>\n<!-- \/ Yoast SEO plugin. -->","yoast_head_json":{"title":"Entrevista con medios de comunicaci\u00f3n en Sud\u00e1frica | Words of Peace","robots":{"index":"index","follow":"follow","max-snippet":"max-snippet:-1","max-image-preview":"max-image-preview:large","max-video-preview":"max-video-preview:-1"},"canonical":"https:\/\/www.wopg.org\/es\/entrevista-con-medios-de-comunicacion-en-sudafrica\/","og_locale":"es_ES","og_type":"article","og_title":"Entrevista con medios de comunicaci\u00f3n en Sud\u00e1frica | Words of Peace","og_description":"Programa de radio \u00abWild Wise Women\u00bb de Assembly Radio, 2016Las entrevistas con medios de comunicaci\u00f3n son un instrumento para llegar a muchas m\u00e1s personas de lugares remotos que no pueden asistir a los eventos, tambi\u00e9n un mecanismo a trav\u00e9s del cual se pueden beneficiar las audiencias globales. Tanto la radio online como la tradicional han [&hellip;]","og_url":"https:\/\/www.wopg.org\/es\/entrevista-con-medios-de-comunicacion-en-sudafrica\/","og_site_name":"Words of Peace","article_publisher":"https:\/\/www.facebook.com\/wordsofpeaceglobal","article_published_time":"2023-04-21T11:24:06+00:00","article_modified_time":"2023-04-30T16:55:40+00:00","og_image":[{"width":400,"height":225,"url":"https:\/\/eadn-wc03-5903292.nxedge.io\/wp-content\/uploads\/2023\/04\/IMG_6263_400x225.jpg","type":"image\/jpeg"}],"author":"Roberto","twitter_card":"summary_large_image","twitter_creator":"@wopg","twitter_site":"@wopg","twitter_misc":{"Escrito por":"Roberto","Tiempo de lectura":"3 minutos"},"schema":{"@context":"https:\/\/schema.org","@graph":[{"@type":"Article","@id":"https:\/\/www.wopg.org\/es\/entrevista-con-medios-de-comunicacion-en-sudafrica\/#article","isPartOf":{"@id":"https:\/\/www.wopg.org\/es\/entrevista-con-medios-de-comunicacion-en-sudafrica\/"},"author":{"name":"Roberto","@id":"https:\/\/www.wopg.org\/es\/#\/schema\/person\/c495a5aacd2a074ce031b7fa6625b3af"},"headline":"Entrevista con medios de comunicaci\u00f3n en Sud\u00e1frica","datePublished":"2023-04-21T11:24:06+00:00","dateModified":"2023-04-30T16:55:40+00:00","mainEntityOfPage":{"@id":"https:\/\/www.wopg.org\/es\/entrevista-con-medios-de-comunicacion-en-sudafrica\/"},"wordCount":644,"publisher":{"@id":"https:\/\/www.wopg.org\/es\/#organization"},"image":{"@id":"https:\/\/www.wopg.org\/es\/entrevista-con-medios-de-comunicacion-en-sudafrica\/#primaryimage"},"thumbnailUrl":"https:\/\/eadn-wc03-5903292.nxedge.io\/wp-content\/uploads\/2023\/04\/IMG_6263_400x225.jpg","articleSection":["Noticias"],"inLanguage":"es"},{"@type":"WebPage","@id":"https:\/\/www.wopg.org\/es\/entrevista-con-medios-de-comunicacion-en-sudafrica\/","url":"https:\/\/www.wopg.org\/es\/entrevista-con-medios-de-comunicacion-en-sudafrica\/","name":"Entrevista con medios de comunicaci\u00f3n en Sud\u00e1frica | Words of Peace","isPartOf":{"@id":"https:\/\/www.wopg.org\/es\/#website"},"primaryImageOfPage":{"@id":"https:\/\/www.wopg.org\/es\/entrevista-con-medios-de-comunicacion-en-sudafrica\/#primaryimage"},"image":{"@id":"https:\/\/www.wopg.org\/es\/entrevista-con-medios-de-comunicacion-en-sudafrica\/#primaryimage"},"thumbnailUrl":"https:\/\/eadn-wc03-5903292.nxedge.io\/wp-content\/uploads\/2023\/04\/IMG_6263_400x225.jpg","datePublished":"2023-04-21T11:24:06+00:00","dateModified":"2023-04-30T16:55:40+00:00","breadcrumb":{"@id":"https:\/\/www.wopg.org\/es\/entrevista-con-medios-de-comunicacion-en-sudafrica\/#breadcrumb"},"inLanguage":"es","potentialAction":[{"@type":"ReadAction","target":["https:\/\/www.wopg.org\/es\/entrevista-con-medios-de-comunicacion-en-sudafrica\/"]}]},{"@type":"ImageObject","inLanguage":"es","@id":"https:\/\/www.wopg.org\/es\/entrevista-con-medios-de-comunicacion-en-sudafrica\/#primaryimage","url":"https:\/\/eadn-wc03-5903292.nxedge.io\/wp-content\/uploads\/2023\/04\/IMG_6263_400x225.jpg","contentUrl":"https:\/\/eadn-wc03-5903292.nxedge.io\/wp-content\/uploads\/2023\/04\/IMG_6263_400x225.jpg","width":400,"height":225,"caption":"Assembly Radio\u2019s \u201cWild Wise Women\u201d radio show in 2016"},{"@type":"BreadcrumbList","@id":"https:\/\/www.wopg.org\/es\/entrevista-con-medios-de-comunicacion-en-sudafrica\/#breadcrumb","itemListElement":[{"@type":"ListItem","position":1,"name":"Home","item":"https:\/\/www.wopg.org\/es\/"},{"@type":"ListItem","position":2,"name":"Entrevista con medios de comunicaci\u00f3n en Sud\u00e1frica"}]},{"@type":"WebSite","@id":"https:\/\/www.wopg.org\/es\/#website","url":"https:\/\/www.wopg.org\/es\/","name":"Words of Peace","description":"Practice Peace, Change Your World","publisher":{"@id":"https:\/\/www.wopg.org\/es\/#organization"},"potentialAction":[{"@type":"SearchAction","target":{"@type":"EntryPoint","urlTemplate":"https:\/\/www.wopg.org\/es\/?s={search_term_string}"},"query-input":{"@type":"PropertyValueSpecification","valueRequired":true,"valueName":"search_term_string"}}],"inLanguage":"es"},{"@type":"Organization","@id":"https:\/\/www.wopg.org\/es\/#organization","name":"Words of Peace","url":"https:\/\/www.wopg.org\/es\/","logo":{"@type":"ImageObject","inLanguage":"es","@id":"https:\/\/www.wopg.org\/es\/#\/schema\/logo\/image\/","url":"https:\/\/wopg.org\/wp-content\/uploads\/2022\/02\/Words-of-Peace-logo-website61x252.png","contentUrl":"https:\/\/wopg.org\/wp-content\/uploads\/2022\/02\/Words-of-Peace-logo-website61x252.png","width":252,"height":61,"caption":"Words of Peace"},"image":{"@id":"https:\/\/www.wopg.org\/es\/#\/schema\/logo\/image\/"},"sameAs":["https:\/\/www.facebook.com\/wordsofpeaceglobal","https:\/\/x.com\/wopg","https:\/\/www.instagram.com\/wopgofficial\/"]},{"@type":"Person","@id":"https:\/\/www.wopg.org\/es\/#\/schema\/person\/c495a5aacd2a074ce031b7fa6625b3af","name":"Roberto","image":{"@type":"ImageObject","inLanguage":"es","@id":"https:\/\/secure.gravatar.com\/avatar\/3a2423ab531630d32d946fa10acea4a736bd03feede76ddcc150434c8458228b?s=96&d=mm&r=g","url":"https:\/\/secure.gravatar.com\/avatar\/3a2423ab531630d32d946fa10acea4a736bd03feede76ddcc150434c8458228b?s=96&d=mm&r=g","contentUrl":"https:\/\/secure.gravatar.com\/avatar\/3a2423ab531630d32d946fa10acea4a736bd03feede76ddcc150434c8458228b?s=96&d=mm&r=g","caption":"Roberto"},"url":"https:\/\/www.wopg.org\/es\/author\/roberto\/"}]}},"_links":{"self":[{"href":"https:\/\/www.wopg.org\/es\/wp-json\/wp\/v2\/posts\/14279","targetHints":{"allow":["GET"]}}],"collection":[{"href":"https:\/\/www.wopg.org\/es\/wp-json\/wp\/v2\/posts"}],"about":[{"href":"https:\/\/www.wopg.org\/es\/wp-json\/wp\/v2\/types\/post"}],"author":[{"embeddable":true,"href":"https:\/\/www.wopg.org\/es\/wp-json\/wp\/v2\/users\/14"}],"replies":[{"embeddable":true,"href":"https:\/\/www.wopg.org\/es\/wp-json\/wp\/v2\/comments?post=14279"}],"version-history":[{"count":24,"href":"https:\/\/www.wopg.org\/es\/wp-json\/wp\/v2\/posts\/14279\/revisions"}],"predecessor-version":[{"id":14790,"href":"https:\/\/www.wopg.org\/es\/wp-json\/wp\/v2\/posts\/14279\/revisions\/14790"}],"wp:featuredmedia":[{"embeddable":true,"href":"https:\/\/www.wopg.org\/es\/wp-json\/wp\/v2\/media\/14243"}],"wp:attachment":[{"href":"https:\/\/www.wopg.org\/es\/wp-json\/wp\/v2\/media?parent=14279"}],"wp:term":[{"taxonomy":"category","embeddable":true,"href":"https:\/\/www.wopg.org\/es\/wp-json\/wp\/v2\/categories?post=14279"},{"taxonomy":"post_tag","embeddable":true,"href":"https:\/\/www.wopg.org\/es\/wp-json\/wp\/v2\/tags?post=14279"},{"taxonomy":"post_folder","embeddable":true,"href":"https:\/\/www.wopg.org\/es\/wp-json\/wp\/v2\/post_folder?post=14279"}],"curies":[{"name":"wp","href":"https:\/\/api.w.org\/{rel}","templated":true}]}}