{"id":1857,"date":"2022-02-26T22:01:02","date_gmt":"2022-02-26T22:01:02","guid":{"rendered":"http:\/\/wopg01.local\/campana-la-paz-es-posible-parte-2\/"},"modified":"2022-03-17T19:36:55","modified_gmt":"2022-03-17T19:36:55","slug":"campana-la-paz-es-posible-parte-2","status":"publish","type":"post","link":"https:\/\/www.wopg.org\/es\/campana-la-paz-es-posible-parte-2\/","title":{"rendered":"Campa\u00f1a \u201cLa Paz Es Posible\u201d parte 2"},"content":{"rendered":"<p>[et_pb_section fb_built=\u00bb1&#8243; admin_label=\u00bbsection\u00bb _builder_version=\u00bb3.22&#8243; global_colors_info=\u00bb{}\u00bb][et_pb_row admin_label=\u00bbrow\u00bb _builder_version=\u00bb3.25&#8243; background_size=\u00bbinitial\u00bb background_position=\u00bbtop_left\u00bb background_repeat=\u00bbrepeat\u00bb global_colors_info=\u00bb{}\u00bb][et_pb_column type=\u00bb4_4&#8243; _builder_version=\u00bb3.25&#8243; custom_padding=\u00bb|||\u00bb global_colors_info=\u00bb{}\u00bb custom_padding__hover=\u00bb|||\u00bb][et_pb_text admin_label=\u00bbText\u00bb _builder_version=\u00bb4.14.9&#8243; background_size=\u00bbinitial\u00bb background_position=\u00bbtop_left\u00bb background_repeat=\u00bbrepeat\u00bb hover_enabled=\u00bb0&#8243; global_colors_info=\u00bb{}\u00bb sticky_enabled=\u00bb0&#8243;]<\/p>\n<h3>Ben Eine se encuentra con Prem Rawat<\/h3>\n<p>Una semana y media despu\u00e9s de pintar la frase de Prem Rawat \u201cLa paz es posible\u201d en las paredes de Shoreditch House, en la calle Ebor Street de Shoreditch, Londres, Eine invit\u00f3 a Prem a ver su obra de arte competa. Durante la reuni\u00f3n, Eine aprovech\u00f3 la oportunidad para explicar por qu\u00e9 eligi\u00f3 pintar \u201cLa paz es posible\u201d en el mural, lo que llev\u00f3 a ambos a intercambiar puntos de vista sobre el impacto de la frase.<\/p>\n<p><img loading=\"lazy\" decoding=\"async\" class=\"alignnone size-full wp-image-916\" src=\"https:\/\/wopg.org\/wp-content\/uploads\/2022\/02\/Prem-Rawat-and-Ben-Eine1080x405.jpg\" alt=\"Prem Rawat and Ben Eine\" width=\"1080\" height=\"405\" srcset=\"https:\/\/eadn-wc03-5903292.nxedge.io\/wp-content\/uploads\/2022\/02\/Prem-Rawat-and-Ben-Eine1080x405.jpg 1080w, https:\/\/eadn-wc03-5903292.nxedge.io\/wp-content\/uploads\/2022\/02\/Prem-Rawat-and-Ben-Eine1080x405-300x113.jpg 300w, https:\/\/eadn-wc03-5903292.nxedge.io\/wp-content\/uploads\/2022\/02\/Prem-Rawat-and-Ben-Eine1080x405-1024x384.jpg 1024w, https:\/\/eadn-wc03-5903292.nxedge.io\/wp-content\/uploads\/2022\/02\/Prem-Rawat-and-Ben-Eine1080x405-768x288.jpg 768w, https:\/\/eadn-wc03-5903292.nxedge.io\/wp-content\/uploads\/2022\/02\/Prem-Rawat-and-Ben-Eine1080x405-980x368.jpg 980w, https:\/\/eadn-wc03-5903292.nxedge.io\/wp-content\/uploads\/2022\/02\/Prem-Rawat-and-Ben-Eine1080x405-480x180.jpg 480w\" sizes=\"(max-width: 1080px) 100vw, 1080px\" \/><\/p>\n<p>El hashtag #PeaceIsPossible a\u00fan es tendencia en las redes sociales, ya que los visitantes de Ebor Street fotograf\u00edan diariamente el Muro de la Paz. Prem, Eine y el Muro de la Paz aparecieron en un art\u00edculo de la p\u00e1gina de noticias online The Evening Standard.<\/p>\n<h4>Evento \u201cSemillas de Paz\u201d en Lambert College<\/h4>\n<p>La campa\u00f1a \u201cLa paz es posible\u201d continu\u00f3 el domingo 10 de junio, cuando Prem Rawat fue invitado por la pastora Lorraine Jones a hablarle a la juventud de Londres, trayendo un mensaje de esperanza y ayuda pr\u00e1ctica a trav\u00e9s de su aclamado Programa de Educaci\u00f3n para la Paz (PEP).<\/p>\n<p><img loading=\"lazy\" decoding=\"async\" class=\"alignnone size-full wp-image-920\" src=\"https:\/\/wopg.org\/wp-content\/uploads\/2022\/02\/Prem-Rawat-Chatham-Metro-event-Ben-Eine-4-images.jpg\" alt=\"Prem Rawat Chatham Metro event\" width=\"1080\" height=\"810\" srcset=\"https:\/\/eadn-wc03-5903292.nxedge.io\/wp-content\/uploads\/2022\/02\/Prem-Rawat-Chatham-Metro-event-Ben-Eine-4-images.jpg 1080w, https:\/\/eadn-wc03-5903292.nxedge.io\/wp-content\/uploads\/2022\/02\/Prem-Rawat-Chatham-Metro-event-Ben-Eine-4-images-300x225.jpg 300w, https:\/\/eadn-wc03-5903292.nxedge.io\/wp-content\/uploads\/2022\/02\/Prem-Rawat-Chatham-Metro-event-Ben-Eine-4-images-1024x768.jpg 1024w, https:\/\/eadn-wc03-5903292.nxedge.io\/wp-content\/uploads\/2022\/02\/Prem-Rawat-Chatham-Metro-event-Ben-Eine-4-images-768x576.jpg 768w, https:\/\/eadn-wc03-5903292.nxedge.io\/wp-content\/uploads\/2022\/02\/Prem-Rawat-Chatham-Metro-event-Ben-Eine-4-images-510x382.jpg 510w, https:\/\/eadn-wc03-5903292.nxedge.io\/wp-content\/uploads\/2022\/02\/Prem-Rawat-Chatham-Metro-event-Ben-Eine-4-images-980x735.jpg 980w, https:\/\/eadn-wc03-5903292.nxedge.io\/wp-content\/uploads\/2022\/02\/Prem-Rawat-Chatham-Metro-event-Ben-Eine-4-images-480x360.jpg 480w\" sizes=\"(max-width: 1080px) 100vw, 1080px\" \/><\/p>\n<p>La pastora Lorraine Jones perdi\u00f3 a su hijo en un crimen de arma blanca en 2014 y se ha convertido desde entonces en una voz l\u00edder para la paz y la curaci\u00f3n en las comunidades de Londres. Para evitar que otros compartan el destino que su hijo, ha fundado Dwaynamics, un gimnasio de boxeo que ofrece a los j\u00f3venes una forma de vida alternativa y los aleja de las pandillas y la violencia.<\/p>\n<p><img loading=\"lazy\" decoding=\"async\" class=\"alignnone size-full wp-image-924\" src=\"https:\/\/wopg.org\/wp-content\/uploads\/2022\/02\/Prem-rawat-at-peace-is-possible-event2.jpg\" alt=\"Prem Rawat at Peace is Possible event 2\" width=\"1080\" height=\"405\" srcset=\"https:\/\/eadn-wc03-5903292.nxedge.io\/wp-content\/uploads\/2022\/02\/Prem-rawat-at-peace-is-possible-event2.jpg 1080w, https:\/\/eadn-wc03-5903292.nxedge.io\/wp-content\/uploads\/2022\/02\/Prem-rawat-at-peace-is-possible-event2-300x113.jpg 300w, https:\/\/eadn-wc03-5903292.nxedge.io\/wp-content\/uploads\/2022\/02\/Prem-rawat-at-peace-is-possible-event2-1024x384.jpg 1024w, https:\/\/eadn-wc03-5903292.nxedge.io\/wp-content\/uploads\/2022\/02\/Prem-rawat-at-peace-is-possible-event2-768x288.jpg 768w, https:\/\/eadn-wc03-5903292.nxedge.io\/wp-content\/uploads\/2022\/02\/Prem-rawat-at-peace-is-possible-event2-980x368.jpg 980w, https:\/\/eadn-wc03-5903292.nxedge.io\/wp-content\/uploads\/2022\/02\/Prem-rawat-at-peace-is-possible-event2-480x180.jpg 480w\" sizes=\"(max-width: 1080px) 100vw, 1080px\" \/><\/p>\n<p>El 8 de junio, antes del evento, tanto Lorraine como Prem participaron de una conversaci\u00f3n sobre los beneficios de PEP con el presentador Mike Graham, de Talk Radio. Escucha la grabaci\u00f3n de esta entrevista en el sitio web de\u00a0<a href=\"http:\/\/talkradio.co.uk\/radio\/listen-again\/1528448400#\">Talk Radio<\/a>\u00a0(8 de junio, segmento 11.30-12).<\/p>\n<p><img loading=\"lazy\" decoding=\"async\" class=\"alignnone size-full wp-image-928\" src=\"https:\/\/wopg.org\/wp-content\/uploads\/2022\/02\/Prem-Rawat-at-peace-event.jpg\" alt=\"Prem Rawat at Peace Event\" width=\"1080\" height=\"810\" srcset=\"https:\/\/eadn-wc03-5903292.nxedge.io\/wp-content\/uploads\/2022\/02\/Prem-Rawat-at-peace-event.jpg 1080w, https:\/\/eadn-wc03-5903292.nxedge.io\/wp-content\/uploads\/2022\/02\/Prem-Rawat-at-peace-event-300x225.jpg 300w, https:\/\/eadn-wc03-5903292.nxedge.io\/wp-content\/uploads\/2022\/02\/Prem-Rawat-at-peace-event-1024x768.jpg 1024w, https:\/\/eadn-wc03-5903292.nxedge.io\/wp-content\/uploads\/2022\/02\/Prem-Rawat-at-peace-event-768x576.jpg 768w, https:\/\/eadn-wc03-5903292.nxedge.io\/wp-content\/uploads\/2022\/02\/Prem-Rawat-at-peace-event-510x382.jpg 510w, https:\/\/eadn-wc03-5903292.nxedge.io\/wp-content\/uploads\/2022\/02\/Prem-Rawat-at-peace-event-980x735.jpg 980w, https:\/\/eadn-wc03-5903292.nxedge.io\/wp-content\/uploads\/2022\/02\/Prem-Rawat-at-peace-event-480x360.jpg 480w\" sizes=\"(max-width: 1080px) 100vw, 1080px\" \/><\/p>\n<p>Para obtener m\u00e1s informaci\u00f3n sobre los emocionantes resultados de esta campa\u00f1a, por favor visita el sitio web de la\u00a0<a href=\"https:\/\/www.tprf.org\/category\/news\/\">Fundaci\u00f3n Prem Rawat<\/a>.<\/p>\n<p>[\/et_pb_text][\/et_pb_column][\/et_pb_row][\/et_pb_section]<\/p>\n","protected":false},"excerpt":{"rendered":"<p>Ben Eine se encuentra con Prem Rawat Una semana y media despu\u00e9s de pintar la frase de Prem Rawat \u201cLa paz es posible\u201d en las paredes de Shoreditch House, en la calle Ebor Street de Shoreditch, Londres, Eine invit\u00f3 a Prem a ver su obra de arte competa. Durante la reuni\u00f3n, Eine aprovech\u00f3 la oportunidad [&hellip;]<\/p>\n","protected":false},"author":3,"featured_media":896,"comment_status":"open","ping_status":"open","sticky":false,"template":"","format":"standard","meta":{"_et_pb_use_builder":"on","_et_pb_old_content":"","_et_gb_content_width":"","cybocfi_hide_featured_image":"","footnotes":""},"categories":[35],"tags":[],"post_folder":[],"class_list":["post-1857","post","type-post","status-publish","format-standard","has-post-thumbnail","hentry","category-noticias"],"yoast_head":"<!-- This site is optimized with the Yoast SEO plugin v27.3 - https:\/\/yoast.com\/product\/yoast-seo-wordpress\/ -->\n<title>Campa\u00f1a \u201cLa Paz Es Posible\u201d parte 2 | Words of Peace<\/title>\n<meta name=\"robots\" content=\"index, follow, max-snippet:-1, max-image-preview:large, max-video-preview:-1\" \/>\n<link rel=\"canonical\" href=\"https:\/\/www.wopg.org\/es\/campana-la-paz-es-posible-parte-2\/\" \/>\n<meta property=\"og:locale\" content=\"es_ES\" \/>\n<meta property=\"og:type\" content=\"article\" \/>\n<meta property=\"og:title\" content=\"Campa\u00f1a \u201cLa Paz Es Posible\u201d parte 2 | Words of Peace\" \/>\n<meta property=\"og:description\" content=\"Ben Eine se encuentra con Prem Rawat Una semana y media despu\u00e9s de pintar la frase de Prem Rawat \u201cLa paz es posible\u201d en las paredes de Shoreditch House, en la calle Ebor Street de Shoreditch, Londres, Eine invit\u00f3 a Prem a ver su obra de arte competa. Durante la reuni\u00f3n, Eine aprovech\u00f3 la oportunidad [&hellip;]\" \/>\n<meta property=\"og:url\" content=\"https:\/\/www.wopg.org\/es\/campana-la-paz-es-posible-parte-2\/\" \/>\n<meta property=\"og:site_name\" content=\"Words of Peace\" \/>\n<meta property=\"article:publisher\" content=\"https:\/\/www.facebook.com\/wordsofpeaceglobal\" \/>\n<meta property=\"article:published_time\" content=\"2022-02-26T22:01:02+00:00\" \/>\n<meta property=\"article:modified_time\" content=\"2022-03-17T19:36:55+00:00\" \/>\n<meta property=\"og:image\" content=\"https:\/\/eadn-wc03-5903292.nxedge.io\/wp-content\/uploads\/2022\/02\/prem-rawat-meets-ben-eine_1080x608.jpg\" \/>\n\t<meta property=\"og:image:width\" content=\"1080\" \/>\n\t<meta property=\"og:image:height\" content=\"608\" \/>\n\t<meta property=\"og:image:type\" content=\"image\/jpeg\" \/>\n<meta name=\"author\" content=\"Carmine\" \/>\n<meta name=\"twitter:card\" content=\"summary_large_image\" \/>\n<meta name=\"twitter:creator\" content=\"@wopg\" \/>\n<meta name=\"twitter:site\" content=\"@wopg\" \/>\n<meta name=\"twitter:label1\" content=\"Escrito por\" \/>\n\t<meta name=\"twitter:data1\" content=\"Carmine\" \/>\n\t<meta name=\"twitter:label2\" content=\"Tiempo de lectura\" \/>\n\t<meta name=\"twitter:data2\" content=\"2 minutos\" \/>\n<script type=\"application\/ld+json\" class=\"yoast-schema-graph\">{\"@context\":\"https:\\\/\\\/schema.org\",\"@graph\":[{\"@type\":\"Article\",\"@id\":\"https:\\\/\\\/www.wopg.org\\\/es\\\/campana-la-paz-es-posible-parte-2\\\/#article\",\"isPartOf\":{\"@id\":\"https:\\\/\\\/www.wopg.org\\\/es\\\/campana-la-paz-es-posible-parte-2\\\/\"},\"author\":{\"name\":\"Carmine\",\"@id\":\"https:\\\/\\\/www.wopg.org\\\/es\\\/#\\\/schema\\\/person\\\/d3d11db72a0ccdab996f68053f8495f1\"},\"headline\":\"Campa\u00f1a \u201cLa Paz Es Posible\u201d parte 2\",\"datePublished\":\"2022-02-26T22:01:02+00:00\",\"dateModified\":\"2022-03-17T19:36:55+00:00\",\"mainEntityOfPage\":{\"@id\":\"https:\\\/\\\/www.wopg.org\\\/es\\\/campana-la-paz-es-posible-parte-2\\\/\"},\"wordCount\":433,\"commentCount\":0,\"publisher\":{\"@id\":\"https:\\\/\\\/www.wopg.org\\\/es\\\/#organization\"},\"image\":{\"@id\":\"https:\\\/\\\/www.wopg.org\\\/es\\\/campana-la-paz-es-posible-parte-2\\\/#primaryimage\"},\"thumbnailUrl\":\"https:\\\/\\\/www.wopg.org\\\/wp-content\\\/uploads\\\/2022\\\/02\\\/prem-rawat-meets-ben-eine_1080x608.jpg\",\"articleSection\":[\"Noticias\"],\"inLanguage\":\"es\",\"potentialAction\":[{\"@type\":\"CommentAction\",\"name\":\"Comment\",\"target\":[\"https:\\\/\\\/www.wopg.org\\\/es\\\/campana-la-paz-es-posible-parte-2\\\/#respond\"]}]},{\"@type\":\"WebPage\",\"@id\":\"https:\\\/\\\/www.wopg.org\\\/es\\\/campana-la-paz-es-posible-parte-2\\\/\",\"url\":\"https:\\\/\\\/www.wopg.org\\\/es\\\/campana-la-paz-es-posible-parte-2\\\/\",\"name\":\"Campa\u00f1a \u201cLa Paz Es Posible\u201d parte 2 | Words of Peace\",\"isPartOf\":{\"@id\":\"https:\\\/\\\/www.wopg.org\\\/es\\\/#website\"},\"primaryImageOfPage\":{\"@id\":\"https:\\\/\\\/www.wopg.org\\\/es\\\/campana-la-paz-es-posible-parte-2\\\/#primaryimage\"},\"image\":{\"@id\":\"https:\\\/\\\/www.wopg.org\\\/es\\\/campana-la-paz-es-posible-parte-2\\\/#primaryimage\"},\"thumbnailUrl\":\"https:\\\/\\\/www.wopg.org\\\/wp-content\\\/uploads\\\/2022\\\/02\\\/prem-rawat-meets-ben-eine_1080x608.jpg\",\"datePublished\":\"2022-02-26T22:01:02+00:00\",\"dateModified\":\"2022-03-17T19:36:55+00:00\",\"breadcrumb\":{\"@id\":\"https:\\\/\\\/www.wopg.org\\\/es\\\/campana-la-paz-es-posible-parte-2\\\/#breadcrumb\"},\"inLanguage\":\"es\",\"potentialAction\":[{\"@type\":\"ReadAction\",\"target\":[\"https:\\\/\\\/www.wopg.org\\\/es\\\/campana-la-paz-es-posible-parte-2\\\/\"]}]},{\"@type\":\"ImageObject\",\"inLanguage\":\"es\",\"@id\":\"https:\\\/\\\/www.wopg.org\\\/es\\\/campana-la-paz-es-posible-parte-2\\\/#primaryimage\",\"url\":\"https:\\\/\\\/www.wopg.org\\\/wp-content\\\/uploads\\\/2022\\\/02\\\/prem-rawat-meets-ben-eine_1080x608.jpg\",\"contentUrl\":\"https:\\\/\\\/www.wopg.org\\\/wp-content\\\/uploads\\\/2022\\\/02\\\/prem-rawat-meets-ben-eine_1080x608.jpg\",\"width\":1080,\"height\":608,\"caption\":\"Prem Rawat meets Ben Eine\"},{\"@type\":\"BreadcrumbList\",\"@id\":\"https:\\\/\\\/www.wopg.org\\\/es\\\/campana-la-paz-es-posible-parte-2\\\/#breadcrumb\",\"itemListElement\":[{\"@type\":\"ListItem\",\"position\":1,\"name\":\"Home\",\"item\":\"https:\\\/\\\/www.wopg.org\\\/es\\\/\"},{\"@type\":\"ListItem\",\"position\":2,\"name\":\"Campa\u00f1a \u201cLa Paz Es Posible\u201d parte 2\"}]},{\"@type\":\"WebSite\",\"@id\":\"https:\\\/\\\/www.wopg.org\\\/es\\\/#website\",\"url\":\"https:\\\/\\\/www.wopg.org\\\/es\\\/\",\"name\":\"Words of Peace\",\"description\":\"Practice Peace, Change Your World\",\"publisher\":{\"@id\":\"https:\\\/\\\/www.wopg.org\\\/es\\\/#organization\"},\"potentialAction\":[{\"@type\":\"SearchAction\",\"target\":{\"@type\":\"EntryPoint\",\"urlTemplate\":\"https:\\\/\\\/www.wopg.org\\\/es\\\/?s={search_term_string}\"},\"query-input\":{\"@type\":\"PropertyValueSpecification\",\"valueRequired\":true,\"valueName\":\"search_term_string\"}}],\"inLanguage\":\"es\"},{\"@type\":\"Organization\",\"@id\":\"https:\\\/\\\/www.wopg.org\\\/es\\\/#organization\",\"name\":\"Words of Peace\",\"url\":\"https:\\\/\\\/www.wopg.org\\\/es\\\/\",\"logo\":{\"@type\":\"ImageObject\",\"inLanguage\":\"es\",\"@id\":\"https:\\\/\\\/www.wopg.org\\\/es\\\/#\\\/schema\\\/logo\\\/image\\\/\",\"url\":\"https:\\\/\\\/wopg.org\\\/wp-content\\\/uploads\\\/2022\\\/02\\\/Words-of-Peace-logo-website61x252.png\",\"contentUrl\":\"https:\\\/\\\/wopg.org\\\/wp-content\\\/uploads\\\/2022\\\/02\\\/Words-of-Peace-logo-website61x252.png\",\"width\":252,\"height\":61,\"caption\":\"Words of Peace\"},\"image\":{\"@id\":\"https:\\\/\\\/www.wopg.org\\\/es\\\/#\\\/schema\\\/logo\\\/image\\\/\"},\"sameAs\":[\"https:\\\/\\\/www.facebook.com\\\/wordsofpeaceglobal\",\"https:\\\/\\\/x.com\\\/wopg\",\"https:\\\/\\\/www.instagram.com\\\/wopgofficial\\\/\"]},{\"@type\":\"Person\",\"@id\":\"https:\\\/\\\/www.wopg.org\\\/es\\\/#\\\/schema\\\/person\\\/d3d11db72a0ccdab996f68053f8495f1\",\"name\":\"Carmine\",\"image\":{\"@type\":\"ImageObject\",\"inLanguage\":\"es\",\"@id\":\"https:\\\/\\\/secure.gravatar.com\\\/avatar\\\/0d1627d54f68a11050bcb7910085c6f067e95a9d71dfc5de1025a4cf15cdfb19?s=96&d=mm&r=g\",\"url\":\"https:\\\/\\\/secure.gravatar.com\\\/avatar\\\/0d1627d54f68a11050bcb7910085c6f067e95a9d71dfc5de1025a4cf15cdfb19?s=96&d=mm&r=g\",\"contentUrl\":\"https:\\\/\\\/secure.gravatar.com\\\/avatar\\\/0d1627d54f68a11050bcb7910085c6f067e95a9d71dfc5de1025a4cf15cdfb19?s=96&d=mm&r=g\",\"caption\":\"Carmine\"},\"url\":\"https:\\\/\\\/www.wopg.org\\\/es\\\/author\\\/carmine\\\/\"}]}<\/script>\n<!-- \/ Yoast SEO plugin. -->","yoast_head_json":{"title":"Campa\u00f1a \u201cLa Paz Es Posible\u201d parte 2 | Words of Peace","robots":{"index":"index","follow":"follow","max-snippet":"max-snippet:-1","max-image-preview":"max-image-preview:large","max-video-preview":"max-video-preview:-1"},"canonical":"https:\/\/www.wopg.org\/es\/campana-la-paz-es-posible-parte-2\/","og_locale":"es_ES","og_type":"article","og_title":"Campa\u00f1a \u201cLa Paz Es Posible\u201d parte 2 | Words of Peace","og_description":"Ben Eine se encuentra con Prem Rawat Una semana y media despu\u00e9s de pintar la frase de Prem Rawat \u201cLa paz es posible\u201d en las paredes de Shoreditch House, en la calle Ebor Street de Shoreditch, Londres, Eine invit\u00f3 a Prem a ver su obra de arte competa. Durante la reuni\u00f3n, Eine aprovech\u00f3 la oportunidad [&hellip;]","og_url":"https:\/\/www.wopg.org\/es\/campana-la-paz-es-posible-parte-2\/","og_site_name":"Words of Peace","article_publisher":"https:\/\/www.facebook.com\/wordsofpeaceglobal","article_published_time":"2022-02-26T22:01:02+00:00","article_modified_time":"2022-03-17T19:36:55+00:00","og_image":[{"width":1080,"height":608,"url":"https:\/\/eadn-wc03-5903292.nxedge.io\/wp-content\/uploads\/2022\/02\/prem-rawat-meets-ben-eine_1080x608.jpg","type":"image\/jpeg"}],"author":"Carmine","twitter_card":"summary_large_image","twitter_creator":"@wopg","twitter_site":"@wopg","twitter_misc":{"Escrito por":"Carmine","Tiempo de lectura":"2 minutos"},"schema":{"@context":"https:\/\/schema.org","@graph":[{"@type":"Article","@id":"https:\/\/www.wopg.org\/es\/campana-la-paz-es-posible-parte-2\/#article","isPartOf":{"@id":"https:\/\/www.wopg.org\/es\/campana-la-paz-es-posible-parte-2\/"},"author":{"name":"Carmine","@id":"https:\/\/www.wopg.org\/es\/#\/schema\/person\/d3d11db72a0ccdab996f68053f8495f1"},"headline":"Campa\u00f1a \u201cLa Paz Es Posible\u201d parte 2","datePublished":"2022-02-26T22:01:02+00:00","dateModified":"2022-03-17T19:36:55+00:00","mainEntityOfPage":{"@id":"https:\/\/www.wopg.org\/es\/campana-la-paz-es-posible-parte-2\/"},"wordCount":433,"commentCount":0,"publisher":{"@id":"https:\/\/www.wopg.org\/es\/#organization"},"image":{"@id":"https:\/\/www.wopg.org\/es\/campana-la-paz-es-posible-parte-2\/#primaryimage"},"thumbnailUrl":"https:\/\/eadn-wc03-5903292.nxedge.io\/wp-content\/uploads\/2022\/02\/prem-rawat-meets-ben-eine_1080x608.jpg","articleSection":["Noticias"],"inLanguage":"es","potentialAction":[{"@type":"CommentAction","name":"Comment","target":["https:\/\/www.wopg.org\/es\/campana-la-paz-es-posible-parte-2\/#respond"]}]},{"@type":"WebPage","@id":"https:\/\/www.wopg.org\/es\/campana-la-paz-es-posible-parte-2\/","url":"https:\/\/www.wopg.org\/es\/campana-la-paz-es-posible-parte-2\/","name":"Campa\u00f1a \u201cLa Paz Es Posible\u201d parte 2 | Words of Peace","isPartOf":{"@id":"https:\/\/www.wopg.org\/es\/#website"},"primaryImageOfPage":{"@id":"https:\/\/www.wopg.org\/es\/campana-la-paz-es-posible-parte-2\/#primaryimage"},"image":{"@id":"https:\/\/www.wopg.org\/es\/campana-la-paz-es-posible-parte-2\/#primaryimage"},"thumbnailUrl":"https:\/\/eadn-wc03-5903292.nxedge.io\/wp-content\/uploads\/2022\/02\/prem-rawat-meets-ben-eine_1080x608.jpg","datePublished":"2022-02-26T22:01:02+00:00","dateModified":"2022-03-17T19:36:55+00:00","breadcrumb":{"@id":"https:\/\/www.wopg.org\/es\/campana-la-paz-es-posible-parte-2\/#breadcrumb"},"inLanguage":"es","potentialAction":[{"@type":"ReadAction","target":["https:\/\/www.wopg.org\/es\/campana-la-paz-es-posible-parte-2\/"]}]},{"@type":"ImageObject","inLanguage":"es","@id":"https:\/\/www.wopg.org\/es\/campana-la-paz-es-posible-parte-2\/#primaryimage","url":"https:\/\/eadn-wc03-5903292.nxedge.io\/wp-content\/uploads\/2022\/02\/prem-rawat-meets-ben-eine_1080x608.jpg","contentUrl":"https:\/\/eadn-wc03-5903292.nxedge.io\/wp-content\/uploads\/2022\/02\/prem-rawat-meets-ben-eine_1080x608.jpg","width":1080,"height":608,"caption":"Prem Rawat meets Ben Eine"},{"@type":"BreadcrumbList","@id":"https:\/\/www.wopg.org\/es\/campana-la-paz-es-posible-parte-2\/#breadcrumb","itemListElement":[{"@type":"ListItem","position":1,"name":"Home","item":"https:\/\/www.wopg.org\/es\/"},{"@type":"ListItem","position":2,"name":"Campa\u00f1a \u201cLa Paz Es Posible\u201d parte 2"}]},{"@type":"WebSite","@id":"https:\/\/www.wopg.org\/es\/#website","url":"https:\/\/www.wopg.org\/es\/","name":"Words of Peace","description":"Practice Peace, Change Your World","publisher":{"@id":"https:\/\/www.wopg.org\/es\/#organization"},"potentialAction":[{"@type":"SearchAction","target":{"@type":"EntryPoint","urlTemplate":"https:\/\/www.wopg.org\/es\/?s={search_term_string}"},"query-input":{"@type":"PropertyValueSpecification","valueRequired":true,"valueName":"search_term_string"}}],"inLanguage":"es"},{"@type":"Organization","@id":"https:\/\/www.wopg.org\/es\/#organization","name":"Words of Peace","url":"https:\/\/www.wopg.org\/es\/","logo":{"@type":"ImageObject","inLanguage":"es","@id":"https:\/\/www.wopg.org\/es\/#\/schema\/logo\/image\/","url":"https:\/\/wopg.org\/wp-content\/uploads\/2022\/02\/Words-of-Peace-logo-website61x252.png","contentUrl":"https:\/\/wopg.org\/wp-content\/uploads\/2022\/02\/Words-of-Peace-logo-website61x252.png","width":252,"height":61,"caption":"Words of Peace"},"image":{"@id":"https:\/\/www.wopg.org\/es\/#\/schema\/logo\/image\/"},"sameAs":["https:\/\/www.facebook.com\/wordsofpeaceglobal","https:\/\/x.com\/wopg","https:\/\/www.instagram.com\/wopgofficial\/"]},{"@type":"Person","@id":"https:\/\/www.wopg.org\/es\/#\/schema\/person\/d3d11db72a0ccdab996f68053f8495f1","name":"Carmine","image":{"@type":"ImageObject","inLanguage":"es","@id":"https:\/\/secure.gravatar.com\/avatar\/0d1627d54f68a11050bcb7910085c6f067e95a9d71dfc5de1025a4cf15cdfb19?s=96&d=mm&r=g","url":"https:\/\/secure.gravatar.com\/avatar\/0d1627d54f68a11050bcb7910085c6f067e95a9d71dfc5de1025a4cf15cdfb19?s=96&d=mm&r=g","contentUrl":"https:\/\/secure.gravatar.com\/avatar\/0d1627d54f68a11050bcb7910085c6f067e95a9d71dfc5de1025a4cf15cdfb19?s=96&d=mm&r=g","caption":"Carmine"},"url":"https:\/\/www.wopg.org\/es\/author\/carmine\/"}]}},"_links":{"self":[{"href":"https:\/\/www.wopg.org\/es\/wp-json\/wp\/v2\/posts\/1857","targetHints":{"allow":["GET"]}}],"collection":[{"href":"https:\/\/www.wopg.org\/es\/wp-json\/wp\/v2\/posts"}],"about":[{"href":"https:\/\/www.wopg.org\/es\/wp-json\/wp\/v2\/types\/post"}],"author":[{"embeddable":true,"href":"https:\/\/www.wopg.org\/es\/wp-json\/wp\/v2\/users\/3"}],"replies":[{"embeddable":true,"href":"https:\/\/www.wopg.org\/es\/wp-json\/wp\/v2\/comments?post=1857"}],"version-history":[{"count":4,"href":"https:\/\/www.wopg.org\/es\/wp-json\/wp\/v2\/posts\/1857\/revisions"}],"predecessor-version":[{"id":4043,"href":"https:\/\/www.wopg.org\/es\/wp-json\/wp\/v2\/posts\/1857\/revisions\/4043"}],"wp:featuredmedia":[{"embeddable":true,"href":"https:\/\/www.wopg.org\/es\/wp-json\/wp\/v2\/media\/896"}],"wp:attachment":[{"href":"https:\/\/www.wopg.org\/es\/wp-json\/wp\/v2\/media?parent=1857"}],"wp:term":[{"taxonomy":"category","embeddable":true,"href":"https:\/\/www.wopg.org\/es\/wp-json\/wp\/v2\/categories?post=1857"},{"taxonomy":"post_tag","embeddable":true,"href":"https:\/\/www.wopg.org\/es\/wp-json\/wp\/v2\/tags?post=1857"},{"taxonomy":"post_folder","embeddable":true,"href":"https:\/\/www.wopg.org\/es\/wp-json\/wp\/v2\/post_folder?post=1857"}],"curies":[{"name":"wp","href":"https:\/\/api.w.org\/{rel}","templated":true}]}}