{"id":1881,"date":"2022-02-27T15:20:48","date_gmt":"2022-02-27T15:20:48","guid":{"rendered":"http:\/\/wopg01.local\/celebracion-del-53-aniversario\/"},"modified":"2022-03-17T19:37:03","modified_gmt":"2022-03-17T19:37:03","slug":"celebracion-del-53-aniversario","status":"publish","type":"post","link":"https:\/\/www.wopg.org\/es\/celebracion-del-53-aniversario\/","title":{"rendered":"Celebraci\u00f3n del 53 aniversario"},"content":{"rendered":"<p>[et_pb_section fb_built=\u00bb1&#8243; admin_label=\u00bbsection\u00bb _builder_version=\u00bb3.22&#8243; global_colors_info=\u00bb{}\u00bb][et_pb_row admin_label=\u00bbrow\u00bb _builder_version=\u00bb3.25&#8243; background_size=\u00bbinitial\u00bb background_position=\u00bbtop_left\u00bb background_repeat=\u00bbrepeat\u00bb global_colors_info=\u00bb{}\u00bb][et_pb_column type=\u00bb4_4&#8243; _builder_version=\u00bb3.25&#8243; custom_padding=\u00bb|||\u00bb global_colors_info=\u00bb{}\u00bb custom_padding__hover=\u00bb|||\u00bb][et_pb_text admin_label=\u00bbText\u00bb _builder_version=\u00bb4.14.9&#8243; background_size=\u00bbinitial\u00bb background_position=\u00bbtop_left\u00bb background_repeat=\u00bbrepeat\u00bb hover_enabled=\u00bb0&#8243; global_colors_info=\u00bb{}\u00bb sticky_enabled=\u00bb0&#8243;]<\/p>\n<h3><\/h3>\n<h3>Jeevant \u2013 Sentirse vivo<\/h3>\n<p>El 31 de julio marca el aniversario del d\u00eda en que Prem Rawat comenz\u00f3 ense\u00f1ar siendo un joven muchacho en la India.<\/p>\n<p>En 2019, \u00abJeevant\u00bb (Sentirse vivo), la celebraci\u00f3n del 53 aniversario del trabajo de Prem Rawat, se organiz\u00f3 en el Estadio Indira Gandhi en Nueva Delhi para quince mil asistentes de la India y el extranjero.<\/p>\n<p><img loading=\"lazy\" decoding=\"async\" class=\"alignnone size-full wp-image-932\" src=\"https:\/\/wopg.org\/wp-content\/uploads\/2022\/02\/Delhi_Guru_Puja-collage.jpg\" alt=\"Delhi Guru Puja\" width=\"1080\" height=\"570\" srcset=\"https:\/\/eadn-wc03-5903292.nxedge.io\/wp-content\/uploads\/2022\/02\/Delhi_Guru_Puja-collage.jpg 1080w, https:\/\/eadn-wc03-5903292.nxedge.io\/wp-content\/uploads\/2022\/02\/Delhi_Guru_Puja-collage-300x158.jpg 300w, https:\/\/eadn-wc03-5903292.nxedge.io\/wp-content\/uploads\/2022\/02\/Delhi_Guru_Puja-collage-1024x540.jpg 1024w, https:\/\/eadn-wc03-5903292.nxedge.io\/wp-content\/uploads\/2022\/02\/Delhi_Guru_Puja-collage-768x405.jpg 768w, https:\/\/eadn-wc03-5903292.nxedge.io\/wp-content\/uploads\/2022\/02\/Delhi_Guru_Puja-collage-980x517.jpg 980w, https:\/\/eadn-wc03-5903292.nxedge.io\/wp-content\/uploads\/2022\/02\/Delhi_Guru_Puja-collage-480x253.jpg 480w\" sizes=\"(max-width: 1080px) 100vw, 1080px\" \/><\/p>\n<p>&nbsp;<\/p>\n<p>Varias entrevistas de radio y TV, art\u00edculos de prensa y otras conferencias fueron promovidas en las\u00a0<a href=\"https:\/\/www.facebook.com\/rajvidyakender\/\">redes sociales<\/a>, Varias entrevistas de radio y TV, art\u00edculos de prensa y otras conferencias fueron promovidas en las\u00a0<a href=\"https:\/\/www.facebook.com\/myanjantv\/\">transmitido en vivo<\/a>\u00a0a toda la India.<\/p>\n<p><img loading=\"lazy\" decoding=\"async\" class=\"alignnone size-full wp-image-936\" src=\"https:\/\/wopg.org\/wp-content\/uploads\/2022\/02\/Delhi_Guru_Puja_band.jpg\" alt=\"Delhi Guru Puja Band\" width=\"1080\" height=\"570\" srcset=\"https:\/\/eadn-wc03-5903292.nxedge.io\/wp-content\/uploads\/2022\/02\/Delhi_Guru_Puja_band.jpg 1080w, https:\/\/eadn-wc03-5903292.nxedge.io\/wp-content\/uploads\/2022\/02\/Delhi_Guru_Puja_band-300x158.jpg 300w, https:\/\/eadn-wc03-5903292.nxedge.io\/wp-content\/uploads\/2022\/02\/Delhi_Guru_Puja_band-1024x540.jpg 1024w, https:\/\/eadn-wc03-5903292.nxedge.io\/wp-content\/uploads\/2022\/02\/Delhi_Guru_Puja_band-768x405.jpg 768w, https:\/\/eadn-wc03-5903292.nxedge.io\/wp-content\/uploads\/2022\/02\/Delhi_Guru_Puja_band-980x517.jpg 980w, https:\/\/eadn-wc03-5903292.nxedge.io\/wp-content\/uploads\/2022\/02\/Delhi_Guru_Puja_band-480x253.jpg 480w\" sizes=\"(max-width: 1080px) 100vw, 1080px\" \/><\/p>\n<p>&nbsp;<\/p>\n<p>Aunque no todos pudieron asistir y participar en la celebraci\u00f3n, toda persona familiarizada con el trabajo excepcional que Prem Rawat ha realizado alrededor del mundo tiene la oportunidad de sentirse parte de lo que \u00e9l est\u00e1 haciendo.\u00a0<a href=\"https:\/\/www.premrawat.com\/\">Descubre m\u00e1s<\/a>.<\/p>\n<p><img loading=\"lazy\" decoding=\"async\" class=\"alignnone size-full wp-image-940\" src=\"https:\/\/wopg.org\/wp-content\/uploads\/2022\/02\/2womensmiling.jpg\" alt=\"Audience\" width=\"1080\" height=\"570\" srcset=\"https:\/\/eadn-wc03-5903292.nxedge.io\/wp-content\/uploads\/2022\/02\/2womensmiling.jpg 1080w, https:\/\/eadn-wc03-5903292.nxedge.io\/wp-content\/uploads\/2022\/02\/2womensmiling-300x158.jpg 300w, https:\/\/eadn-wc03-5903292.nxedge.io\/wp-content\/uploads\/2022\/02\/2womensmiling-1024x540.jpg 1024w, https:\/\/eadn-wc03-5903292.nxedge.io\/wp-content\/uploads\/2022\/02\/2womensmiling-768x405.jpg 768w, https:\/\/eadn-wc03-5903292.nxedge.io\/wp-content\/uploads\/2022\/02\/2womensmiling-980x517.jpg 980w, https:\/\/eadn-wc03-5903292.nxedge.io\/wp-content\/uploads\/2022\/02\/2womensmiling-480x253.jpg 480w\" sizes=\"(max-width: 1080px) 100vw, 1080px\" \/><\/p>\n<p>[\/et_pb_text][\/et_pb_column][\/et_pb_row][\/et_pb_section]<\/p>\n","protected":false},"excerpt":{"rendered":"<p>Jeevant \u2013 Sentirse vivo El 31 de julio marca el aniversario del d\u00eda en que Prem Rawat comenz\u00f3 ense\u00f1ar siendo un joven muchacho en la India. En 2019, \u00abJeevant\u00bb (Sentirse vivo), la celebraci\u00f3n del 53 aniversario del trabajo de Prem Rawat, se organiz\u00f3 en el Estadio Indira Gandhi en Nueva Delhi para quince mil asistentes [&hellip;]<\/p>\n","protected":false},"author":3,"featured_media":892,"comment_status":"open","ping_status":"open","sticky":false,"template":"","format":"standard","meta":{"_et_pb_use_builder":"on","_et_pb_old_content":"","_et_gb_content_width":"","cybocfi_hide_featured_image":"","footnotes":""},"categories":[35],"tags":[],"post_folder":[],"class_list":["post-1881","post","type-post","status-publish","format-standard","has-post-thumbnail","hentry","category-noticias"],"yoast_head":"<!-- This site is optimized with the Yoast SEO plugin v27.3 - https:\/\/yoast.com\/product\/yoast-seo-wordpress\/ -->\n<title>Celebraci\u00f3n del 53 aniversario | Words of Peace<\/title>\n<meta name=\"robots\" content=\"index, follow, max-snippet:-1, max-image-preview:large, max-video-preview:-1\" \/>\n<link rel=\"canonical\" href=\"https:\/\/www.wopg.org\/es\/celebracion-del-53-aniversario\/\" \/>\n<meta property=\"og:locale\" content=\"es_ES\" \/>\n<meta property=\"og:type\" content=\"article\" \/>\n<meta property=\"og:title\" content=\"Celebraci\u00f3n del 53 aniversario | Words of Peace\" \/>\n<meta property=\"og:description\" content=\"Jeevant \u2013 Sentirse vivo El 31 de julio marca el aniversario del d\u00eda en que Prem Rawat comenz\u00f3 ense\u00f1ar siendo un joven muchacho en la India. En 2019, \u00abJeevant\u00bb (Sentirse vivo), la celebraci\u00f3n del 53 aniversario del trabajo de Prem Rawat, se organiz\u00f3 en el Estadio Indira Gandhi en Nueva Delhi para quince mil asistentes [&hellip;]\" \/>\n<meta property=\"og:url\" content=\"https:\/\/www.wopg.org\/es\/celebracion-del-53-aniversario\/\" \/>\n<meta property=\"og:site_name\" content=\"Words of Peace\" \/>\n<meta property=\"article:publisher\" content=\"https:\/\/www.facebook.com\/wordsofpeaceglobal\" \/>\n<meta property=\"article:published_time\" content=\"2022-02-27T15:20:48+00:00\" \/>\n<meta property=\"article:modified_time\" content=\"2022-03-17T19:37:03+00:00\" \/>\n<meta property=\"og:image\" content=\"https:\/\/eadn-wc03-5903292.nxedge.io\/wp-content\/uploads\/2022\/02\/prem-rawat-53rd-anniversary_1080x608.jpg\" \/>\n\t<meta property=\"og:image:width\" content=\"1081\" \/>\n\t<meta property=\"og:image:height\" content=\"608\" \/>\n\t<meta property=\"og:image:type\" content=\"image\/jpeg\" \/>\n<meta name=\"author\" content=\"Carmine\" \/>\n<meta name=\"twitter:card\" content=\"summary_large_image\" \/>\n<meta name=\"twitter:creator\" content=\"@wopg\" \/>\n<meta name=\"twitter:site\" content=\"@wopg\" \/>\n<meta name=\"twitter:label1\" content=\"Escrito por\" \/>\n\t<meta name=\"twitter:data1\" content=\"Carmine\" \/>\n\t<meta name=\"twitter:label2\" content=\"Tiempo de lectura\" \/>\n\t<meta name=\"twitter:data2\" content=\"1 minuto\" \/>\n<script type=\"application\/ld+json\" class=\"yoast-schema-graph\">{\"@context\":\"https:\\\/\\\/schema.org\",\"@graph\":[{\"@type\":\"Article\",\"@id\":\"https:\\\/\\\/www.wopg.org\\\/es\\\/celebracion-del-53-aniversario\\\/#article\",\"isPartOf\":{\"@id\":\"https:\\\/\\\/www.wopg.org\\\/es\\\/celebracion-del-53-aniversario\\\/\"},\"author\":{\"name\":\"Carmine\",\"@id\":\"https:\\\/\\\/www.wopg.org\\\/es\\\/#\\\/schema\\\/person\\\/d3d11db72a0ccdab996f68053f8495f1\"},\"headline\":\"Celebraci\u00f3n del 53 aniversario\",\"datePublished\":\"2022-02-27T15:20:48+00:00\",\"dateModified\":\"2022-03-17T19:37:03+00:00\",\"mainEntityOfPage\":{\"@id\":\"https:\\\/\\\/www.wopg.org\\\/es\\\/celebracion-del-53-aniversario\\\/\"},\"wordCount\":235,\"commentCount\":0,\"publisher\":{\"@id\":\"https:\\\/\\\/www.wopg.org\\\/es\\\/#organization\"},\"image\":{\"@id\":\"https:\\\/\\\/www.wopg.org\\\/es\\\/celebracion-del-53-aniversario\\\/#primaryimage\"},\"thumbnailUrl\":\"https:\\\/\\\/www.wopg.org\\\/wp-content\\\/uploads\\\/2022\\\/02\\\/prem-rawat-53rd-anniversary_1080x608.jpg\",\"articleSection\":[\"Noticias\"],\"inLanguage\":\"es\",\"potentialAction\":[{\"@type\":\"CommentAction\",\"name\":\"Comment\",\"target\":[\"https:\\\/\\\/www.wopg.org\\\/es\\\/celebracion-del-53-aniversario\\\/#respond\"]}]},{\"@type\":\"WebPage\",\"@id\":\"https:\\\/\\\/www.wopg.org\\\/es\\\/celebracion-del-53-aniversario\\\/\",\"url\":\"https:\\\/\\\/www.wopg.org\\\/es\\\/celebracion-del-53-aniversario\\\/\",\"name\":\"Celebraci\u00f3n del 53 aniversario | Words of Peace\",\"isPartOf\":{\"@id\":\"https:\\\/\\\/www.wopg.org\\\/es\\\/#website\"},\"primaryImageOfPage\":{\"@id\":\"https:\\\/\\\/www.wopg.org\\\/es\\\/celebracion-del-53-aniversario\\\/#primaryimage\"},\"image\":{\"@id\":\"https:\\\/\\\/www.wopg.org\\\/es\\\/celebracion-del-53-aniversario\\\/#primaryimage\"},\"thumbnailUrl\":\"https:\\\/\\\/www.wopg.org\\\/wp-content\\\/uploads\\\/2022\\\/02\\\/prem-rawat-53rd-anniversary_1080x608.jpg\",\"datePublished\":\"2022-02-27T15:20:48+00:00\",\"dateModified\":\"2022-03-17T19:37:03+00:00\",\"breadcrumb\":{\"@id\":\"https:\\\/\\\/www.wopg.org\\\/es\\\/celebracion-del-53-aniversario\\\/#breadcrumb\"},\"inLanguage\":\"es\",\"potentialAction\":[{\"@type\":\"ReadAction\",\"target\":[\"https:\\\/\\\/www.wopg.org\\\/es\\\/celebracion-del-53-aniversario\\\/\"]}]},{\"@type\":\"ImageObject\",\"inLanguage\":\"es\",\"@id\":\"https:\\\/\\\/www.wopg.org\\\/es\\\/celebracion-del-53-aniversario\\\/#primaryimage\",\"url\":\"https:\\\/\\\/www.wopg.org\\\/wp-content\\\/uploads\\\/2022\\\/02\\\/prem-rawat-53rd-anniversary_1080x608.jpg\",\"contentUrl\":\"https:\\\/\\\/www.wopg.org\\\/wp-content\\\/uploads\\\/2022\\\/02\\\/prem-rawat-53rd-anniversary_1080x608.jpg\",\"width\":1081,\"height\":608},{\"@type\":\"BreadcrumbList\",\"@id\":\"https:\\\/\\\/www.wopg.org\\\/es\\\/celebracion-del-53-aniversario\\\/#breadcrumb\",\"itemListElement\":[{\"@type\":\"ListItem\",\"position\":1,\"name\":\"Home\",\"item\":\"https:\\\/\\\/www.wopg.org\\\/es\\\/\"},{\"@type\":\"ListItem\",\"position\":2,\"name\":\"Celebraci\u00f3n del 53 aniversario\"}]},{\"@type\":\"WebSite\",\"@id\":\"https:\\\/\\\/www.wopg.org\\\/es\\\/#website\",\"url\":\"https:\\\/\\\/www.wopg.org\\\/es\\\/\",\"name\":\"Words of Peace\",\"description\":\"Practice Peace, Change Your World\",\"publisher\":{\"@id\":\"https:\\\/\\\/www.wopg.org\\\/es\\\/#organization\"},\"potentialAction\":[{\"@type\":\"SearchAction\",\"target\":{\"@type\":\"EntryPoint\",\"urlTemplate\":\"https:\\\/\\\/www.wopg.org\\\/es\\\/?s={search_term_string}\"},\"query-input\":{\"@type\":\"PropertyValueSpecification\",\"valueRequired\":true,\"valueName\":\"search_term_string\"}}],\"inLanguage\":\"es\"},{\"@type\":\"Organization\",\"@id\":\"https:\\\/\\\/www.wopg.org\\\/es\\\/#organization\",\"name\":\"Words of Peace\",\"url\":\"https:\\\/\\\/www.wopg.org\\\/es\\\/\",\"logo\":{\"@type\":\"ImageObject\",\"inLanguage\":\"es\",\"@id\":\"https:\\\/\\\/www.wopg.org\\\/es\\\/#\\\/schema\\\/logo\\\/image\\\/\",\"url\":\"https:\\\/\\\/wopg.org\\\/wp-content\\\/uploads\\\/2022\\\/02\\\/Words-of-Peace-logo-website61x252.png\",\"contentUrl\":\"https:\\\/\\\/wopg.org\\\/wp-content\\\/uploads\\\/2022\\\/02\\\/Words-of-Peace-logo-website61x252.png\",\"width\":252,\"height\":61,\"caption\":\"Words of Peace\"},\"image\":{\"@id\":\"https:\\\/\\\/www.wopg.org\\\/es\\\/#\\\/schema\\\/logo\\\/image\\\/\"},\"sameAs\":[\"https:\\\/\\\/www.facebook.com\\\/wordsofpeaceglobal\",\"https:\\\/\\\/x.com\\\/wopg\",\"https:\\\/\\\/www.instagram.com\\\/wopgofficial\\\/\"]},{\"@type\":\"Person\",\"@id\":\"https:\\\/\\\/www.wopg.org\\\/es\\\/#\\\/schema\\\/person\\\/d3d11db72a0ccdab996f68053f8495f1\",\"name\":\"Carmine\",\"image\":{\"@type\":\"ImageObject\",\"inLanguage\":\"es\",\"@id\":\"https:\\\/\\\/secure.gravatar.com\\\/avatar\\\/0d1627d54f68a11050bcb7910085c6f067e95a9d71dfc5de1025a4cf15cdfb19?s=96&d=mm&r=g\",\"url\":\"https:\\\/\\\/secure.gravatar.com\\\/avatar\\\/0d1627d54f68a11050bcb7910085c6f067e95a9d71dfc5de1025a4cf15cdfb19?s=96&d=mm&r=g\",\"contentUrl\":\"https:\\\/\\\/secure.gravatar.com\\\/avatar\\\/0d1627d54f68a11050bcb7910085c6f067e95a9d71dfc5de1025a4cf15cdfb19?s=96&d=mm&r=g\",\"caption\":\"Carmine\"},\"url\":\"https:\\\/\\\/www.wopg.org\\\/es\\\/author\\\/carmine\\\/\"}]}<\/script>\n<!-- \/ Yoast SEO plugin. -->","yoast_head_json":{"title":"Celebraci\u00f3n del 53 aniversario | Words of Peace","robots":{"index":"index","follow":"follow","max-snippet":"max-snippet:-1","max-image-preview":"max-image-preview:large","max-video-preview":"max-video-preview:-1"},"canonical":"https:\/\/www.wopg.org\/es\/celebracion-del-53-aniversario\/","og_locale":"es_ES","og_type":"article","og_title":"Celebraci\u00f3n del 53 aniversario | Words of Peace","og_description":"Jeevant \u2013 Sentirse vivo El 31 de julio marca el aniversario del d\u00eda en que Prem Rawat comenz\u00f3 ense\u00f1ar siendo un joven muchacho en la India. En 2019, \u00abJeevant\u00bb (Sentirse vivo), la celebraci\u00f3n del 53 aniversario del trabajo de Prem Rawat, se organiz\u00f3 en el Estadio Indira Gandhi en Nueva Delhi para quince mil asistentes [&hellip;]","og_url":"https:\/\/www.wopg.org\/es\/celebracion-del-53-aniversario\/","og_site_name":"Words of Peace","article_publisher":"https:\/\/www.facebook.com\/wordsofpeaceglobal","article_published_time":"2022-02-27T15:20:48+00:00","article_modified_time":"2022-03-17T19:37:03+00:00","og_image":[{"width":1081,"height":608,"url":"https:\/\/eadn-wc03-5903292.nxedge.io\/wp-content\/uploads\/2022\/02\/prem-rawat-53rd-anniversary_1080x608.jpg","type":"image\/jpeg"}],"author":"Carmine","twitter_card":"summary_large_image","twitter_creator":"@wopg","twitter_site":"@wopg","twitter_misc":{"Escrito por":"Carmine","Tiempo de lectura":"1 minuto"},"schema":{"@context":"https:\/\/schema.org","@graph":[{"@type":"Article","@id":"https:\/\/www.wopg.org\/es\/celebracion-del-53-aniversario\/#article","isPartOf":{"@id":"https:\/\/www.wopg.org\/es\/celebracion-del-53-aniversario\/"},"author":{"name":"Carmine","@id":"https:\/\/www.wopg.org\/es\/#\/schema\/person\/d3d11db72a0ccdab996f68053f8495f1"},"headline":"Celebraci\u00f3n del 53 aniversario","datePublished":"2022-02-27T15:20:48+00:00","dateModified":"2022-03-17T19:37:03+00:00","mainEntityOfPage":{"@id":"https:\/\/www.wopg.org\/es\/celebracion-del-53-aniversario\/"},"wordCount":235,"commentCount":0,"publisher":{"@id":"https:\/\/www.wopg.org\/es\/#organization"},"image":{"@id":"https:\/\/www.wopg.org\/es\/celebracion-del-53-aniversario\/#primaryimage"},"thumbnailUrl":"https:\/\/eadn-wc03-5903292.nxedge.io\/wp-content\/uploads\/2022\/02\/prem-rawat-53rd-anniversary_1080x608.jpg","articleSection":["Noticias"],"inLanguage":"es","potentialAction":[{"@type":"CommentAction","name":"Comment","target":["https:\/\/www.wopg.org\/es\/celebracion-del-53-aniversario\/#respond"]}]},{"@type":"WebPage","@id":"https:\/\/www.wopg.org\/es\/celebracion-del-53-aniversario\/","url":"https:\/\/www.wopg.org\/es\/celebracion-del-53-aniversario\/","name":"Celebraci\u00f3n del 53 aniversario | Words of Peace","isPartOf":{"@id":"https:\/\/www.wopg.org\/es\/#website"},"primaryImageOfPage":{"@id":"https:\/\/www.wopg.org\/es\/celebracion-del-53-aniversario\/#primaryimage"},"image":{"@id":"https:\/\/www.wopg.org\/es\/celebracion-del-53-aniversario\/#primaryimage"},"thumbnailUrl":"https:\/\/eadn-wc03-5903292.nxedge.io\/wp-content\/uploads\/2022\/02\/prem-rawat-53rd-anniversary_1080x608.jpg","datePublished":"2022-02-27T15:20:48+00:00","dateModified":"2022-03-17T19:37:03+00:00","breadcrumb":{"@id":"https:\/\/www.wopg.org\/es\/celebracion-del-53-aniversario\/#breadcrumb"},"inLanguage":"es","potentialAction":[{"@type":"ReadAction","target":["https:\/\/www.wopg.org\/es\/celebracion-del-53-aniversario\/"]}]},{"@type":"ImageObject","inLanguage":"es","@id":"https:\/\/www.wopg.org\/es\/celebracion-del-53-aniversario\/#primaryimage","url":"https:\/\/eadn-wc03-5903292.nxedge.io\/wp-content\/uploads\/2022\/02\/prem-rawat-53rd-anniversary_1080x608.jpg","contentUrl":"https:\/\/eadn-wc03-5903292.nxedge.io\/wp-content\/uploads\/2022\/02\/prem-rawat-53rd-anniversary_1080x608.jpg","width":1081,"height":608},{"@type":"BreadcrumbList","@id":"https:\/\/www.wopg.org\/es\/celebracion-del-53-aniversario\/#breadcrumb","itemListElement":[{"@type":"ListItem","position":1,"name":"Home","item":"https:\/\/www.wopg.org\/es\/"},{"@type":"ListItem","position":2,"name":"Celebraci\u00f3n del 53 aniversario"}]},{"@type":"WebSite","@id":"https:\/\/www.wopg.org\/es\/#website","url":"https:\/\/www.wopg.org\/es\/","name":"Words of Peace","description":"Practice Peace, Change Your World","publisher":{"@id":"https:\/\/www.wopg.org\/es\/#organization"},"potentialAction":[{"@type":"SearchAction","target":{"@type":"EntryPoint","urlTemplate":"https:\/\/www.wopg.org\/es\/?s={search_term_string}"},"query-input":{"@type":"PropertyValueSpecification","valueRequired":true,"valueName":"search_term_string"}}],"inLanguage":"es"},{"@type":"Organization","@id":"https:\/\/www.wopg.org\/es\/#organization","name":"Words of Peace","url":"https:\/\/www.wopg.org\/es\/","logo":{"@type":"ImageObject","inLanguage":"es","@id":"https:\/\/www.wopg.org\/es\/#\/schema\/logo\/image\/","url":"https:\/\/wopg.org\/wp-content\/uploads\/2022\/02\/Words-of-Peace-logo-website61x252.png","contentUrl":"https:\/\/wopg.org\/wp-content\/uploads\/2022\/02\/Words-of-Peace-logo-website61x252.png","width":252,"height":61,"caption":"Words of Peace"},"image":{"@id":"https:\/\/www.wopg.org\/es\/#\/schema\/logo\/image\/"},"sameAs":["https:\/\/www.facebook.com\/wordsofpeaceglobal","https:\/\/x.com\/wopg","https:\/\/www.instagram.com\/wopgofficial\/"]},{"@type":"Person","@id":"https:\/\/www.wopg.org\/es\/#\/schema\/person\/d3d11db72a0ccdab996f68053f8495f1","name":"Carmine","image":{"@type":"ImageObject","inLanguage":"es","@id":"https:\/\/secure.gravatar.com\/avatar\/0d1627d54f68a11050bcb7910085c6f067e95a9d71dfc5de1025a4cf15cdfb19?s=96&d=mm&r=g","url":"https:\/\/secure.gravatar.com\/avatar\/0d1627d54f68a11050bcb7910085c6f067e95a9d71dfc5de1025a4cf15cdfb19?s=96&d=mm&r=g","contentUrl":"https:\/\/secure.gravatar.com\/avatar\/0d1627d54f68a11050bcb7910085c6f067e95a9d71dfc5de1025a4cf15cdfb19?s=96&d=mm&r=g","caption":"Carmine"},"url":"https:\/\/www.wopg.org\/es\/author\/carmine\/"}]}},"_links":{"self":[{"href":"https:\/\/www.wopg.org\/es\/wp-json\/wp\/v2\/posts\/1881","targetHints":{"allow":["GET"]}}],"collection":[{"href":"https:\/\/www.wopg.org\/es\/wp-json\/wp\/v2\/posts"}],"about":[{"href":"https:\/\/www.wopg.org\/es\/wp-json\/wp\/v2\/types\/post"}],"author":[{"embeddable":true,"href":"https:\/\/www.wopg.org\/es\/wp-json\/wp\/v2\/users\/3"}],"replies":[{"embeddable":true,"href":"https:\/\/www.wopg.org\/es\/wp-json\/wp\/v2\/comments?post=1881"}],"version-history":[{"count":4,"href":"https:\/\/www.wopg.org\/es\/wp-json\/wp\/v2\/posts\/1881\/revisions"}],"predecessor-version":[{"id":4035,"href":"https:\/\/www.wopg.org\/es\/wp-json\/wp\/v2\/posts\/1881\/revisions\/4035"}],"wp:featuredmedia":[{"embeddable":true,"href":"https:\/\/www.wopg.org\/es\/wp-json\/wp\/v2\/media\/892"}],"wp:attachment":[{"href":"https:\/\/www.wopg.org\/es\/wp-json\/wp\/v2\/media?parent=1881"}],"wp:term":[{"taxonomy":"category","embeddable":true,"href":"https:\/\/www.wopg.org\/es\/wp-json\/wp\/v2\/categories?post=1881"},{"taxonomy":"post_tag","embeddable":true,"href":"https:\/\/www.wopg.org\/es\/wp-json\/wp\/v2\/tags?post=1881"},{"taxonomy":"post_folder","embeddable":true,"href":"https:\/\/www.wopg.org\/es\/wp-json\/wp\/v2\/post_folder?post=1881"}],"curies":[{"name":"wp","href":"https:\/\/api.w.org\/{rel}","templated":true}]}}