{"id":21793,"date":"2023-08-13T09:09:32","date_gmt":"2023-08-13T09:09:32","guid":{"rendered":"https:\/\/www.wopg.org\/?p=21793"},"modified":"2023-08-30T17:46:54","modified_gmt":"2023-08-30T17:46:54","slug":"prem-rawat-en-beverly-hills-los-angeles-california","status":"publish","type":"post","link":"https:\/\/www.wopg.org\/es\/prem-rawat-en-beverly-hills-los-angeles-california\/","title":{"rendered":"13 de agosto 2023 &#8211; Prem Rawat en Los \u00c1ngeles, California"},"content":{"rendered":"<p>[et_pb_section fb_built=\u00bb1&#8243; _builder_version=\u00bb4.21.0&#8243; _module_preset=\u00bbdefault\u00bb custom_padding=\u00bb0px||||false|false\u00bb global_colors_info=\u00bb{}\u00bb][et_pb_row _builder_version=\u00bb4.21.0&#8243; _module_preset=\u00bbdefault\u00bb custom_padding=\u00bb0px||||false|false\u00bb global_colors_info=\u00bb{}\u00bb][et_pb_column type=\u00bb4_4&#8243; _builder_version=\u00bb4.21.0&#8243; _module_preset=\u00bbdefault\u00bb global_colors_info=\u00bb{}\u00bb][et_pb_image src=\u00bbhttps:\/\/eadn-wc03-5903292.nxedge.io\/wp-content\/uploads\/2023\/07\/200222_Barcelona_KR_mk_095-copy_1080x608.jpg\u00bb alt=\u00bbPrem Rawat\u00bb title_text=\u00bbPrem Rawat\u00bb show_bottom_space=\u00bboff\u00bb align=\u00bbcenter\u00bb disabled_on=\u00bboff|off|off\u00bb _builder_version=\u00bb4.21.0&#8243; _module_preset=\u00bbdefault\u00bb custom_padding=\u00bb0px||0px||false|false\u00bb global_colors_info=\u00bb{}\u00bb][\/et_pb_image][\/et_pb_column][\/et_pb_row][\/et_pb_section][et_pb_section fb_built=\u00bb1&#8243; disabled_on=\u00bboff|off|off\u00bb _builder_version=\u00bb4.21.0&#8243; _module_preset=\u00bbdefault\u00bb background_color=\u00bb#66425c\u00bb width=\u00bb90%\u00bb module_alignment=\u00bbcenter\u00bb custom_padding=\u00bb0px||0px||false|false\u00bb global_colors_info=\u00bb{}\u00bb][et_pb_row _builder_version=\u00bb4.21.0&#8243; _module_preset=\u00bbdefault\u00bb custom_padding=\u00bb0px||0px||false|false\u00bb global_colors_info=\u00bb{}\u00bb][et_pb_column type=\u00bb4_4&#8243; _builder_version=\u00bb4.21.0&#8243; _module_preset=\u00bbdefault\u00bb global_colors_info=\u00bb{}\u00bb][et_pb_image src=\u00bbhttps:\/\/eadn-wc03-5903292.nxedge.io\/wp-content\/uploads\/2023\/08\/Logo-UM-plum-Caspia-Los-Angeles-1.webp\u00bb alt=\u00bbUnderstanding and More\u00bb title_text=\u00bbLogo U&amp;M plum Caspia Los Angeles\u00bb align=\u00bbcenter\u00bb disabled_on=\u00bboff|off|off\u00bb _builder_version=\u00bb4.21.0&#8243; _module_preset=\u00bbdefault\u00bb background_color=\u00bb#66425c\u00bb width=\u00bb45%\u00bb width_tablet=\u00bb50%\u00bb width_phone=\u00bbauto\u00bb width_last_edited=\u00bbon|phone\u00bb global_colors_info=\u00bb{}\u00bb][\/et_pb_image][\/et_pb_column][\/et_pb_row][\/et_pb_section][et_pb_section fb_built=\u00bb1&#8243; _builder_version=\u00bb4.21.0&#8243; _module_preset=\u00bbdefault\u00bb custom_padding=\u00bb0px||0px||false|false\u00bb global_colors_info=\u00bb{}\u00bb][et_pb_row _builder_version=\u00bb4.21.0&#8243; _module_preset=\u00bbdefault\u00bb custom_padding=\u00bb5px||||false|false\u00bb global_colors_info=\u00bb{}\u00bb][et_pb_column type=\u00bb4_4&#8243; _builder_version=\u00bb4.21.0&#8243; _module_preset=\u00bbdefault\u00bb global_colors_info=\u00bb{}\u00bb][et_pb_text _builder_version=\u00bb4.21.0&#8243; _module_preset=\u00bbdefault\u00bb text_orientation=\u00bbcenter\u00bb global_colors_info=\u00bb{}\u00bb]<\/p>\n<h6>Fotograf\u00eda cortes\u00eda de TimelessToday<\/h6>\n<p>[\/et_pb_text][\/et_pb_column][\/et_pb_row][\/et_pb_section][et_pb_section fb_built=\u00bb1&#8243; admin_label=\u00bbsection\u00bb _builder_version=\u00bb4.16&#8243; custom_padding=\u00bb0px||0px||false|false\u00bb global_colors_info=\u00bb{}\u00bb][et_pb_row admin_label=\u00bbrow\u00bb _builder_version=\u00bb4.16&#8243; background_size=\u00bbinitial\u00bb background_position=\u00bbtop_left\u00bb background_repeat=\u00bbrepeat\u00bb global_colors_info=\u00bb{}\u00bb][et_pb_column type=\u00bb4_4&#8243; _builder_version=\u00bb4.16&#8243; custom_padding=\u00bb|||\u00bb global_colors_info=\u00bb{}\u00bb custom_padding__hover=\u00bb|||\u00bb][et_pb_text disabled_on=\u00bbon|on|on\u00bb admin_label=\u00bbTitle\u00bb _builder_version=\u00bb4.21.0&#8243; _module_preset=\u00bbdefault\u00bb header_2_text_align=\u00bbleft\u00bb disabled=\u00bbon\u00bb global_colors_info=\u00bb{}\u00bb]<\/p>\n<h2 class=\"p1\"><span class=\"s1\"><strong>Understanding &amp; More<\/strong> &#8211; a day with Prem Rawat in Paris<\/span><\/h2>\n<p>[\/et_pb_text][et_pb_text admin_label=\u00bbWHEN AND WHERE\u00bb _builder_version=\u00bb4.21.0&#8243; _module_preset=\u00bbdefault\u00bb global_colors_info=\u00bb{}\u00bb]<\/p>\n<p><em>Lee cuidadosamente esta p\u00e1gina para obtener informaci\u00f3n importante acerca del pr\u00f3ximo evento. Por favor acude a esta informaci\u00f3n cuando planifiques tu asistencia.<\/em><\/p>\n<h3>COMPRENDER M\u00c1S<\/h3>\n<p>&nbsp;<\/p>\n<p><strong>\u00a1Ven y disfruta de escuchar y aprender durante un d\u00eda entero en compa\u00f1\u00eda de Prem Rawat! Experimenta en vivo las sesiones especiales que ha preparado para nosotros.<\/strong><\/p>\n<p>Un almuerzo liviano est\u00e1 incluido en el precio de la entrada.<\/p>\n<h4>D\u00d3NDE Y CU\u00c1NDO<\/h4>\n<p><strong>Fecha:<\/strong> domingo 13 de agosto de 2023<\/p>\n<p><strong>Hora:<\/strong> Las puertas del lobby se abrir\u00e1n a las 8:45 h PDT, tras lo cual se servir\u00e1 un caf\u00e9\/t\u00e9. Est\u00e1 previsto que la sesi\u00f3n 1 comience a las 10:00 h PDT.<\/p>\n<p><strong>Auditorio:<\/strong> <em>California Ballroom<\/em>, <a href=\"https:\/\/www.marriott.com\/en-us\/hotels\/laxbw-the-westin-bonaventure-hotel-and-suites-los-angeles\/overview\/?scid=f2ae0541-1279-4f24-b197-a979c79310b0\" target=\"_blank\" rel=\"noopener\"> Westin Bonaventure Hotel &amp; Suites<\/a>, 404 S Figueroa St, Los Angeles, CA 90071.<\/p>\n<p><a href=\"https:\/\/www.google.com\/maps\/@34.0528889,-118.2565,17z?hl=en-US&amp;entry=ttu\" target=\"_blank\" rel=\"noopener\">Indicaciones, estacionamiento y transporte p\u00fablico<\/a><\/p>\n<p>[\/et_pb_text][et_pb_text admin_label=\u00bbWHO IS INVITED\u00bb _builder_version=\u00bb4.21.0&#8243; _module_preset=\u00bbdefault\u00bb global_colors_info=\u00bb{}\u00bb]<\/p>\n<h4>QUI\u00c9N EST\u00c1 INVITADO<\/h4>\n<p>Esta invitaci\u00f3n se extiende a aquellas personas que han recibido <a href=\"https:\/\/www.premrawat.com\/es\/un-camino-hacia-la-paz\/\">las t\u00e9cnicas del Conocimiento<\/a>.<\/p>\n<p>[\/et_pb_text][et_pb_text disabled_on=\u00bbon|on|on\u00bb admin_label=\u00bbCOVID-19 VENUE PROTOCOL\u00bb _builder_version=\u00bb4.18.0&#8243; _module_preset=\u00bbdefault\u00bb disabled=\u00bbon\u00bb global_colors_info=\u00bb{}\u00bb]<\/p>\n<h4>Covid-19 Venue Protocol<\/h4>\n<p>Entry to the event is by presenting:<\/p>\n<ul>\n<li style=\"list-style-type: none;\">\n<ul>\n<li style=\"list-style-type: none;\">\n<ul>\n<li>a Covid-19 Vaccination Certificate OR<\/li>\n<\/ul>\n<ul>\n<li>a printed or electronic negative result of a PCR test or antigen test taken within 72 hours of the event OR<\/li>\n<\/ul>\n<ul>\n<li>a Certificate of Recovery from COVID-19<\/li>\n<\/ul>\n<\/li>\n<\/ul>\n<p>Everyone is expected to wear a medical or FFP2 facemask throughout the entire event. Seating is arranged in alternate seats for social distancing. Attendees are allowed to bring their own small bottle of water.<\/li>\n<\/ul>\n<p>[\/et_pb_text][et_pb_text admin_label=\u00bbPURCHASE OF TICKETS\u00bb _builder_version=\u00bb4.21.0&#8243; _module_preset=\u00bbdefault\u00bb global_colors_info=\u00bb{}\u00bb]<\/p>\n<h4>ENTRADAS<\/h4>\n<p><strong>La venta de entradas comenzar\u00e1 el lunes 7 de agosto a las 10:00 am PDT.<\/strong><\/p>\n<p>Al entrar al auditorio, recuerda traer tu entrada impresa o tu entrada electr\u00f3nica con el c\u00f3digo de barras visible en tu tel\u00e9fono m\u00f3vil.<\/p>\n<p>Si por cualquier raz\u00f3n no puedes comprar la entrada, considera contactar a<br \/><a href=\"mailto:mailhelpwithtickets@gmail.com\">mailhelpwithtickets@gmail.com<\/a><\/p>\n<p><strong>Precio de las entradas<\/strong><\/p>\n<ul>\n<li style=\"list-style-type: none;\">\n<ul>\n<li>350 USD + comisi\u00f3n de la agencia<\/li>\n<li>250 USD + comisi\u00f3n de la agencia<\/li>\n<li>150 USD + comisi\u00f3n de la agencia<\/li>\n<\/ul>\n<\/li>\n<\/ul>\n<p>Cada persona podr\u00e1 comprar <strong>4 entradas<\/strong>, sin embargo, te solicitamos comprar solo aquellas que sabes que ser\u00e1n utilizadas.<\/p>\n<p><strong>No habr\u00e1 reembolsos<\/strong>.<\/p>\n<p>[\/et_pb_text][\/et_pb_column][\/et_pb_row][\/et_pb_section][et_pb_section fb_built=\u00bb1&#8243; admin_label=\u00bbsection\u00bb _builder_version=\u00bb4.16&#8243; custom_padding=\u00bb0px||0px||false|false\u00bb global_colors_info=\u00bb{}\u00bb][et_pb_row admin_label=\u00bbrow\u00bb _builder_version=\u00bb4.16&#8243; background_size=\u00bbinitial\u00bb background_position=\u00bbtop_left\u00bb background_repeat=\u00bbrepeat\u00bb global_colors_info=\u00bb{}\u00bb][et_pb_column type=\u00bb4_4&#8243; _builder_version=\u00bb4.16&#8243; custom_padding=\u00bb|||\u00bb global_colors_info=\u00bb{}\u00bb custom_padding__hover=\u00bb|||\u00bb][et_pb_button button_url=\u00bb#\u00bb button_text=\u00bbTickets Soon Available\u00bb button_alignment=\u00bbcenter\u00bb disabled_on=\u00bbon|on|on\u00bb _builder_version=\u00bb4.17.4&#8243; _module_preset=\u00bbdefault\u00bb custom_button=\u00bbon\u00bb button_text_color=\u00bb#FFFFFF\u00bb button_bg_color=\u00bbRGBA(255,196,89,0.8)\u00bb button_border_width=\u00bb0px\u00bb button_border_radius=\u00bb8px\u00bb background_layout=\u00bbdark\u00bb custom_padding=\u00bb10px|30px|10px|30px|true|true\u00bb disabled=\u00bbon\u00bb global_colors_info=\u00bb{}\u00bb][\/et_pb_button][et_pb_button button_url=\u00bbhttps:\/\/www.woodsticket.com\/los-angeles.html\u00bb url_new_window=\u00bbon\u00bb button_text=\u00bbCompra de entradas\u00bb button_alignment=\u00bbcenter\u00bb disabled_on=\u00bboff|off|off\u00bb _builder_version=\u00bb4.21.0&#8243; _module_preset=\u00bbdefault\u00bb custom_button=\u00bbon\u00bb button_bg_color=\u00bb#008B73&#8243; button_border_width=\u00bb0px\u00bb button_border_radius=\u00bb8px\u00bb background_layout=\u00bbdark\u00bb custom_padding=\u00bb10px|49px|10px|49px|true|true\u00bb hover_enabled=\u00bb0&#8243; global_colors_info=\u00bb{}\u00bb sticky_enabled=\u00bb0&#8243;][\/et_pb_button][et_pb_button button_url=\u00bb#\u00bb url_new_window=\u00bbon\u00bb button_text=\u00bbTicket(s) Sold Out\u00bb button_alignment=\u00bbcenter\u00bb disabled_on=\u00bbon|on|on\u00bb _builder_version=\u00bb4.21.0&#8243; _module_preset=\u00bbdefault\u00bb custom_button=\u00bbon\u00bb button_text_color=\u00bb#FFFFFF\u00bb button_bg_color=\u00bb#FF0000&#8243; button_border_width=\u00bb0px\u00bb button_border_radius=\u00bb8px\u00bb background_layout=\u00bbdark\u00bb custom_padding=\u00bb10px|49px|10px|49px|true|true\u00bb disabled=\u00bbon\u00bb global_colors_info=\u00bb{}\u00bb][\/et_pb_button][et_pb_button button_url=\u00bb#\u00bb button_text=\u00bbTickets Sold Out\u00bb button_alignment=\u00bbcenter\u00bb disabled_on=\u00bbon|on|on\u00bb _builder_version=\u00bb4.17.4&#8243; _module_preset=\u00bbdefault\u00bb custom_button=\u00bbon\u00bb button_bg_color=\u00bb#E02B20&#8243; button_border_width=\u00bb0px\u00bb button_border_radius=\u00bb8px\u00bb background_layout=\u00bbdark\u00bb custom_padding=\u00bb10px|58px|10px|58px|true|true\u00bb disabled=\u00bbon\u00bb global_colors_info=\u00bb{}\u00bb][\/et_pb_button][et_pb_text _builder_version=\u00bb4.21.0&#8243; _module_preset=\u00bbdefault\u00bb text_orientation=\u00bbcenter\u00bb global_colors_info=\u00bb{}\u00bb]<\/p>\n<div class=\"et_pb_row et_pb_row_0\">\n<div class=\"et_pb_column et_pb_column_4_4 et_pb_column_0 et_pb_css_mix_blend_mode_passthrough et-last-child\">\n<div class=\"et_pb_module et_pb_text et_pb_text_0 et_pb_text_align_left et_pb_bg_layout_light\">\n<div class=\"et_pb_text_inner\" style=\"text-align: center;\"><em>(una vez que comience la venta de entradas, presiona el bot\u00f3n arriba para ir directamente a la p\u00e1gina)<\/em><\/div>\n<\/div>\n<\/div>\n<\/div>\n<p>[\/et_pb_text][\/et_pb_column][\/et_pb_row][\/et_pb_section][et_pb_section fb_built=\u00bb1&#8243; admin_label=\u00bbsection\u00bb _builder_version=\u00bb4.16&#8243; custom_padding=\u00bb0px||0px||false|false\u00bb global_colors_info=\u00bb{}\u00bb][et_pb_row admin_label=\u00bbrow\u00bb _builder_version=\u00bb4.16&#8243; background_size=\u00bbinitial\u00bb background_position=\u00bbtop_left\u00bb background_repeat=\u00bbrepeat\u00bb global_colors_info=\u00bb{}\u00bb][et_pb_column type=\u00bb4_4&#8243; _builder_version=\u00bb4.16&#8243; custom_padding=\u00bb|||\u00bb global_colors_info=\u00bb{}\u00bb custom_padding__hover=\u00bb|||\u00bb][et_pb_text admin_label=\u00bbDO NOT RECORD OR FILM THE EVENT\u00bb _builder_version=\u00bb4.21.0&#8243; _module_preset=\u00bbdefault\u00bb global_colors_info=\u00bb{}\u00bb]<\/p>\n<h4>No est\u00e1 permitido grabar o filmar el evento<\/h4>\n<p>La grabaci\u00f3n oficial tiene derechos de autor. A todo aquel que se encuentre realizando una grabaci\u00f3n se le solicitar\u00e1 no hacerlo. Si contin\u00faa, deber\u00e1 retirarse del auditorio.<\/p>\n<p>El evento ser\u00e1 filmado. La compra de una entrada constituye tanto tu aceptaci\u00f3n a ser filmado como as\u00ed tambi\u00e9n la autorizaci\u00f3n para que tu imagen\/voz sea incluida en impresiones, redes sociales, fotograf\u00edas, audio y video. Al adquirir una entrada para otra persona, la misma se compromete a id\u00e9ntico acuerdo y autorizaci\u00f3n al asistir al evento.<\/p>\n<p><strong>Habr\u00e1 un control de seguridad al ingresar al edificio. No se permite el ingreso al auditorio con equipaje, mochilas o bolsos de gran tama\u00f1o<\/strong>.<\/p>\n<p><em><strong>Nota<\/strong>: te recomendamos no hacer preparativos de viaje hasta que hayas comprado correctamente tus entradas, ya que el n\u00famero de personas que soliciten asientos puede superar la capacidad del auditorio.<\/em><\/p>\n<p><em><strong>Viajeros del extranjero<\/strong>: no hay restricciones de viaje a Estados Unidos, sin embargo te recomendamos comprobar informaci\u00f3n acerca de cualquier norma vigente que pudiera afectarte.<\/em><\/p>\n<p>[\/et_pb_text][et_pb_text disabled_on=\u00bbon|on|on\u00bb admin_label=\u00bbMORE INFORMATIONS\u00bb _builder_version=\u00bb4.18.0&#8243; _module_preset=\u00bbdefault\u00bb disabled=\u00bbon\u00bb global_colors_info=\u00bb{}\u00bb]<\/p>\n<h4>More Informations<\/h4>\n<p>[\/et_pb_text][et_pb_accordion open_toggle_background_color=\u00bbRGBA(255,255,255,0)\u00bb icon_color=\u00bb#008B73&#8243; use_icon_font_size=\u00bbon\u00bb icon_font_size=\u00bb20px\u00bb _builder_version=\u00bb4.21.0&#8243; _module_preset=\u00bbdefault\u00bb border_color_all=\u00bbRGBA(255,255,255,0)\u00bb border_color_bottom=\u00bb#008B73&#8243; global_colors_info=\u00bb{}\u00bb][et_pb_accordion_item title=\u00bbAYUDA PARA COMPRAR ENTRADAS\u00bb open=\u00bbon\u00bb _builder_version=\u00bb4.21.0&#8243; _module_preset=\u00bbdefault\u00bb global_colors_info=\u00bb{}\u00bb]<\/p>\n<p>Las entradas online se pueden comprar tanto desde computadoras como desde dispositivos m\u00f3viles. Se recomienda antes vaciar el historial de tu servidor.<\/p>\n<p>Quiz\u00e1 experimentes problemas durante el proceso de compra. La gran demanda puede generar el mensaje autom\u00e1tico \u201cno hay asientos disponibles\u201d, lo cual no significa que el evento est\u00e9 agotado.<\/p>\n<p>Por favor considera lo siguiente:<br \/>\u2013 chequea en\u00a0<a href=\"http:\/\/www.wopg.org\/es\">www.wopg.org<\/a>\u00a0si el evento est\u00e1 agotado<br \/>\u2013 espera unos minutos y comienza nuevamente<br \/>\u2013 intenta nuevamente desde otro dispositivo<br \/>\u2013 si no tienes \u00e9xito, env\u00eda un correo a <a href=\"mailto:mailhelpwithtickets@gmail.com\">mailhelpwithtickets@gmail.com<\/a><\/p>\n<p>[\/et_pb_accordion_item][et_pb_accordion_item title=\u00bb\u00bfENTRADAS AGOTADAS?\u00bb _builder_version=\u00bb4.21.0&#8243; _module_preset=\u00bbdefault\u00bb global_colors_info=\u00bb{}\u00bb open=\u00bboff\u00bb]<\/p>\n<p>Si cuando intentas realizar tu compra se han agotado las entradas, regresa en un par de horas, ya que entradas reservadas podr\u00edan estar disponibles nuevamente. Si deseas obtener informaci\u00f3n acerca de posibles devoluciones, por favor contacta a <a href=\"mailto:mailhelpwithtickets@gmail.com\">mailhelpwithtickets@gmail.com<\/a>.<\/p>\n<p>Si no hay entradas devueltas, ser\u00e1s incluido en una lista de espera.<\/p>\n<p>[\/et_pb_accordion_item][et_pb_accordion_item title=\u00bbDEVOLUCI\u00d3N DE ENTRADAS SIN UTILIZAR\u00bb _builder_version=\u00bb4.21.0&#8243; _module_preset=\u00bbdefault\u00bb global_colors_info=\u00bb{}\u00bb open=\u00bboff\u00bb]<\/p>\n<p>Si cambias de planes y tienes entradas disponibles, por favor env\u00eda la versi\u00f3n electr\u00f3nica de tu entrada a <a href=\"mailto:mailhelpwithtickets@gmail.com\">mailhelpwithtickets@gmail.com<\/a>.<\/p>\n<p>Las entradas devueltas a esta direcci\u00f3n se asignar\u00e1n por orden de llegada a otras personas que deseen asistir al evento.<\/p>\n<p>No habr\u00e1 reembolsos.<\/p>\n<p>[\/et_pb_accordion_item][et_pb_accordion_item title=\u00bbNECESIDADES ESPECIALES\u00bb _builder_version=\u00bb4.21.0&#8243; _module_preset=\u00bbdefault\u00bb global_colors_info=\u00bb{}\u00bb open=\u00bboff\u00bb]<\/p>\n<p class=\"p1\">El evento ser\u00e1 en ingl\u00e9s. Se proporcionar\u00e1 traducci\u00f3n al espa\u00f1ol.<\/p>\n<p>Si experimentas dificultades para adquirir un espacio para silla de ruedas o asiento para acompa\u00f1ante, contacta a <a href=\"mailto:mailhelpwithtickets@gmail.com\">mailhelpwithtickets@gmail.com<\/a>.<\/p>\n<p class=\"p1\">Retira tus auriculares gratuitos a cambio de un documento de identidad (que se conservar\u00e1 en lugar seguro hasta su devoluci\u00f3n) en el lobby del auditorio.<\/p>\n<p>[\/et_pb_accordion_item][et_pb_accordion_item title=\u00bbTRADUCCI\u00d3N\u00bb _builder_version=\u00bb4.21.0&#8243; _module_preset=\u00bbdefault\u00bb global_colors_info=\u00bb{}\u00bb open=\u00bboff\u00bb]<\/p>\n<p>El evento ser\u00e1 en ingl\u00e9s. Se proporcionar\u00e1 traducci\u00f3n al espa\u00f1ol.<\/p>\n<p>Retira tus auriculares gratuitos a cambio de un documento de identidad (que se conservar\u00e1 en lugar seguro hasta su devoluci\u00f3n) en el lobby del auditorio.<\/p>\n<p>[\/et_pb_accordion_item][et_pb_accordion_item title=\u00bbEQUIPAJE\u00bb _builder_version=\u00bb4.21.0&#8243; _module_preset=\u00bbdefault\u00bb global_colors_info=\u00bb{}\u00bb open=\u00bboff\u00bb]<\/p>\n<p class=\"p1\">No se permite el ingreso al auditorio con equipaje, mochilas o bolsos de gran tama\u00f1o.<\/p>\n<p class=\"p1\">No hay guardarropa disponible en el auditorio.<\/p>\n<p>[\/et_pb_accordion_item][et_pb_accordion_item title=\u00bbAYUDA\u00bb _builder_version=\u00bb4.21.0&#8243; _module_preset=\u00bbdefault\u00bb global_colors_info=\u00bb{}\u00bb open=\u00bboff\u00bb]<\/p>\n<p>\u00bfNecesitas asistencia?<\/p>\n<p>Contacta a <a href=\"mailto:mailhelpwithtickets@gmail.com\">mailhelpwithtickets@gmail.com<\/a>.<\/p>\n<p>[\/et_pb_accordion_item][\/et_pb_accordion][et_pb_text admin_label=\u00bbSign up here\u00bb _builder_version=\u00bb4.21.0&#8243; _module_preset=\u00bbdefault\u00bb global_colors_info=\u00bb{}\u00bb]<\/p>\n<p><em>Para recibir anuncios y actualizaciones sobre futuros eventos con Prem Rawat, aseg\u00farate de estar suscripto a la lista de correo de WOPG con tu direcci\u00f3n de correo electr\u00f3nico y pa\u00eds de residencia. <a href=\"https:\/\/www.wopg.org\/es\/contacto\/\">Inscr\u00edbete aqu\u00ed<\/a>.<\/em><\/p>\n<p>[\/et_pb_text][\/et_pb_column][\/et_pb_row][\/et_pb_section]<\/p>\n","protected":false},"excerpt":{"rendered":"<p>Fotograf\u00eda cortes\u00eda de TimelessTodayUnderstanding &amp; More &#8211; a day with Prem Rawat in ParisLee cuidadosamente esta p\u00e1gina para obtener informaci\u00f3n importante acerca del pr\u00f3ximo evento. Por favor acude a esta informaci\u00f3n cuando planifiques tu asistencia. COMPRENDER M\u00c1S &nbsp; \u00a1Ven y disfruta de escuchar y aprender durante un d\u00eda entero en compa\u00f1\u00eda de Prem Rawat! Experimenta [&hellip;]<\/p>\n","protected":false},"author":14,"featured_media":0,"comment_status":"closed","ping_status":"closed","sticky":false,"template":"","format":"standard","meta":{"_et_pb_use_builder":"on","_et_pb_old_content":"","_et_gb_content_width":"","cybocfi_hide_featured_image":"","footnotes":""},"categories":[75],"tags":[],"post_folder":[],"class_list":["post-21793","post","type-post","status-publish","format-standard","hentry","category-recent"],"yoast_head":"<!-- This site is optimized with the Yoast SEO plugin v27.3 - https:\/\/yoast.com\/product\/yoast-seo-wordpress\/ -->\n<title>13 de agosto 2023 - Prem Rawat en Los \u00c1ngeles, California | Words of Peace<\/title>\n<meta name=\"robots\" content=\"index, follow, max-snippet:-1, max-image-preview:large, max-video-preview:-1\" \/>\n<link rel=\"canonical\" href=\"https:\/\/www.wopg.org\/es\/prem-rawat-en-beverly-hills-los-angeles-california\/\" \/>\n<meta property=\"og:locale\" content=\"es_ES\" \/>\n<meta property=\"og:type\" content=\"article\" \/>\n<meta property=\"og:title\" content=\"13 de agosto 2023 - Prem Rawat en Los \u00c1ngeles, California | Words of Peace\" \/>\n<meta property=\"og:description\" content=\"Fotograf\u00eda cortes\u00eda de TimelessTodayUnderstanding &amp; More - a day with Prem Rawat in ParisLee cuidadosamente esta p\u00e1gina para obtener informaci\u00f3n importante acerca del pr\u00f3ximo evento. Por favor acude a esta informaci\u00f3n cuando planifiques tu asistencia. COMPRENDER M\u00c1S &nbsp; \u00a1Ven y disfruta de escuchar y aprender durante un d\u00eda entero en compa\u00f1\u00eda de Prem Rawat! Experimenta [&hellip;]\" \/>\n<meta property=\"og:url\" content=\"https:\/\/www.wopg.org\/es\/prem-rawat-en-beverly-hills-los-angeles-california\/\" \/>\n<meta property=\"og:site_name\" content=\"Words of Peace\" \/>\n<meta property=\"article:publisher\" content=\"https:\/\/www.facebook.com\/wordsofpeaceglobal\" \/>\n<meta property=\"article:published_time\" content=\"2023-08-13T09:09:32+00:00\" \/>\n<meta property=\"article:modified_time\" content=\"2023-08-30T17:46:54+00:00\" \/>\n<meta name=\"author\" content=\"Roberto\" \/>\n<meta name=\"twitter:card\" content=\"summary_large_image\" \/>\n<meta name=\"twitter:creator\" content=\"@wopg\" \/>\n<meta name=\"twitter:site\" content=\"@wopg\" \/>\n<meta name=\"twitter:label1\" content=\"Escrito por\" \/>\n\t<meta name=\"twitter:data1\" content=\"Roberto\" \/>\n\t<meta name=\"twitter:label2\" content=\"Tiempo de lectura\" \/>\n\t<meta name=\"twitter:data2\" content=\"10 minutos\" \/>\n<script type=\"application\/ld+json\" class=\"yoast-schema-graph\">{\"@context\":\"https:\\\/\\\/schema.org\",\"@graph\":[{\"@type\":\"Article\",\"@id\":\"https:\\\/\\\/www.wopg.org\\\/es\\\/prem-rawat-en-beverly-hills-los-angeles-california\\\/#article\",\"isPartOf\":{\"@id\":\"https:\\\/\\\/www.wopg.org\\\/es\\\/prem-rawat-en-beverly-hills-los-angeles-california\\\/\"},\"author\":{\"name\":\"Roberto\",\"@id\":\"https:\\\/\\\/www.wopg.org\\\/es\\\/#\\\/schema\\\/person\\\/c495a5aacd2a074ce031b7fa6625b3af\"},\"headline\":\"13 de agosto 2023 &#8211; Prem Rawat en Los \u00c1ngeles, California\",\"datePublished\":\"2023-08-13T09:09:32+00:00\",\"dateModified\":\"2023-08-30T17:46:54+00:00\",\"mainEntityOfPage\":{\"@id\":\"https:\\\/\\\/www.wopg.org\\\/es\\\/prem-rawat-en-beverly-hills-los-angeles-california\\\/\"},\"wordCount\":2055,\"publisher\":{\"@id\":\"https:\\\/\\\/www.wopg.org\\\/es\\\/#organization\"},\"articleSection\":[\"Recent\"],\"inLanguage\":\"es\"},{\"@type\":\"WebPage\",\"@id\":\"https:\\\/\\\/www.wopg.org\\\/es\\\/prem-rawat-en-beverly-hills-los-angeles-california\\\/\",\"url\":\"https:\\\/\\\/www.wopg.org\\\/es\\\/prem-rawat-en-beverly-hills-los-angeles-california\\\/\",\"name\":\"13 de agosto 2023 - Prem Rawat en Los \u00c1ngeles, California | Words of Peace\",\"isPartOf\":{\"@id\":\"https:\\\/\\\/www.wopg.org\\\/es\\\/#website\"},\"datePublished\":\"2023-08-13T09:09:32+00:00\",\"dateModified\":\"2023-08-30T17:46:54+00:00\",\"breadcrumb\":{\"@id\":\"https:\\\/\\\/www.wopg.org\\\/es\\\/prem-rawat-en-beverly-hills-los-angeles-california\\\/#breadcrumb\"},\"inLanguage\":\"es\",\"potentialAction\":[{\"@type\":\"ReadAction\",\"target\":[\"https:\\\/\\\/www.wopg.org\\\/es\\\/prem-rawat-en-beverly-hills-los-angeles-california\\\/\"]}]},{\"@type\":\"BreadcrumbList\",\"@id\":\"https:\\\/\\\/www.wopg.org\\\/es\\\/prem-rawat-en-beverly-hills-los-angeles-california\\\/#breadcrumb\",\"itemListElement\":[{\"@type\":\"ListItem\",\"position\":1,\"name\":\"Home\",\"item\":\"https:\\\/\\\/www.wopg.org\\\/es\\\/\"},{\"@type\":\"ListItem\",\"position\":2,\"name\":\"13 de agosto 2023 &#8211; Prem Rawat en Los \u00c1ngeles, California\"}]},{\"@type\":\"WebSite\",\"@id\":\"https:\\\/\\\/www.wopg.org\\\/es\\\/#website\",\"url\":\"https:\\\/\\\/www.wopg.org\\\/es\\\/\",\"name\":\"Words of Peace\",\"description\":\"Practice Peace, Change Your World\",\"publisher\":{\"@id\":\"https:\\\/\\\/www.wopg.org\\\/es\\\/#organization\"},\"potentialAction\":[{\"@type\":\"SearchAction\",\"target\":{\"@type\":\"EntryPoint\",\"urlTemplate\":\"https:\\\/\\\/www.wopg.org\\\/es\\\/?s={search_term_string}\"},\"query-input\":{\"@type\":\"PropertyValueSpecification\",\"valueRequired\":true,\"valueName\":\"search_term_string\"}}],\"inLanguage\":\"es\"},{\"@type\":\"Organization\",\"@id\":\"https:\\\/\\\/www.wopg.org\\\/es\\\/#organization\",\"name\":\"Words of Peace\",\"url\":\"https:\\\/\\\/www.wopg.org\\\/es\\\/\",\"logo\":{\"@type\":\"ImageObject\",\"inLanguage\":\"es\",\"@id\":\"https:\\\/\\\/www.wopg.org\\\/es\\\/#\\\/schema\\\/logo\\\/image\\\/\",\"url\":\"https:\\\/\\\/wopg.org\\\/wp-content\\\/uploads\\\/2022\\\/02\\\/Words-of-Peace-logo-website61x252.png\",\"contentUrl\":\"https:\\\/\\\/wopg.org\\\/wp-content\\\/uploads\\\/2022\\\/02\\\/Words-of-Peace-logo-website61x252.png\",\"width\":252,\"height\":61,\"caption\":\"Words of Peace\"},\"image\":{\"@id\":\"https:\\\/\\\/www.wopg.org\\\/es\\\/#\\\/schema\\\/logo\\\/image\\\/\"},\"sameAs\":[\"https:\\\/\\\/www.facebook.com\\\/wordsofpeaceglobal\",\"https:\\\/\\\/x.com\\\/wopg\",\"https:\\\/\\\/www.instagram.com\\\/wopgofficial\\\/\"]},{\"@type\":\"Person\",\"@id\":\"https:\\\/\\\/www.wopg.org\\\/es\\\/#\\\/schema\\\/person\\\/c495a5aacd2a074ce031b7fa6625b3af\",\"name\":\"Roberto\",\"image\":{\"@type\":\"ImageObject\",\"inLanguage\":\"es\",\"@id\":\"https:\\\/\\\/secure.gravatar.com\\\/avatar\\\/3a2423ab531630d32d946fa10acea4a736bd03feede76ddcc150434c8458228b?s=96&d=mm&r=g\",\"url\":\"https:\\\/\\\/secure.gravatar.com\\\/avatar\\\/3a2423ab531630d32d946fa10acea4a736bd03feede76ddcc150434c8458228b?s=96&d=mm&r=g\",\"contentUrl\":\"https:\\\/\\\/secure.gravatar.com\\\/avatar\\\/3a2423ab531630d32d946fa10acea4a736bd03feede76ddcc150434c8458228b?s=96&d=mm&r=g\",\"caption\":\"Roberto\"},\"url\":\"https:\\\/\\\/www.wopg.org\\\/es\\\/author\\\/roberto\\\/\"}]}<\/script>\n<!-- \/ Yoast SEO plugin. -->","yoast_head_json":{"title":"13 de agosto 2023 - Prem Rawat en Los \u00c1ngeles, California | Words of Peace","robots":{"index":"index","follow":"follow","max-snippet":"max-snippet:-1","max-image-preview":"max-image-preview:large","max-video-preview":"max-video-preview:-1"},"canonical":"https:\/\/www.wopg.org\/es\/prem-rawat-en-beverly-hills-los-angeles-california\/","og_locale":"es_ES","og_type":"article","og_title":"13 de agosto 2023 - Prem Rawat en Los \u00c1ngeles, California | Words of Peace","og_description":"Fotograf\u00eda cortes\u00eda de TimelessTodayUnderstanding &amp; More - a day with Prem Rawat in ParisLee cuidadosamente esta p\u00e1gina para obtener informaci\u00f3n importante acerca del pr\u00f3ximo evento. Por favor acude a esta informaci\u00f3n cuando planifiques tu asistencia. COMPRENDER M\u00c1S &nbsp; \u00a1Ven y disfruta de escuchar y aprender durante un d\u00eda entero en compa\u00f1\u00eda de Prem Rawat! Experimenta [&hellip;]","og_url":"https:\/\/www.wopg.org\/es\/prem-rawat-en-beverly-hills-los-angeles-california\/","og_site_name":"Words of Peace","article_publisher":"https:\/\/www.facebook.com\/wordsofpeaceglobal","article_published_time":"2023-08-13T09:09:32+00:00","article_modified_time":"2023-08-30T17:46:54+00:00","author":"Roberto","twitter_card":"summary_large_image","twitter_creator":"@wopg","twitter_site":"@wopg","twitter_misc":{"Escrito por":"Roberto","Tiempo de lectura":"10 minutos"},"schema":{"@context":"https:\/\/schema.org","@graph":[{"@type":"Article","@id":"https:\/\/www.wopg.org\/es\/prem-rawat-en-beverly-hills-los-angeles-california\/#article","isPartOf":{"@id":"https:\/\/www.wopg.org\/es\/prem-rawat-en-beverly-hills-los-angeles-california\/"},"author":{"name":"Roberto","@id":"https:\/\/www.wopg.org\/es\/#\/schema\/person\/c495a5aacd2a074ce031b7fa6625b3af"},"headline":"13 de agosto 2023 &#8211; Prem Rawat en Los \u00c1ngeles, California","datePublished":"2023-08-13T09:09:32+00:00","dateModified":"2023-08-30T17:46:54+00:00","mainEntityOfPage":{"@id":"https:\/\/www.wopg.org\/es\/prem-rawat-en-beverly-hills-los-angeles-california\/"},"wordCount":2055,"publisher":{"@id":"https:\/\/www.wopg.org\/es\/#organization"},"articleSection":["Recent"],"inLanguage":"es"},{"@type":"WebPage","@id":"https:\/\/www.wopg.org\/es\/prem-rawat-en-beverly-hills-los-angeles-california\/","url":"https:\/\/www.wopg.org\/es\/prem-rawat-en-beverly-hills-los-angeles-california\/","name":"13 de agosto 2023 - Prem Rawat en Los \u00c1ngeles, California | Words of Peace","isPartOf":{"@id":"https:\/\/www.wopg.org\/es\/#website"},"datePublished":"2023-08-13T09:09:32+00:00","dateModified":"2023-08-30T17:46:54+00:00","breadcrumb":{"@id":"https:\/\/www.wopg.org\/es\/prem-rawat-en-beverly-hills-los-angeles-california\/#breadcrumb"},"inLanguage":"es","potentialAction":[{"@type":"ReadAction","target":["https:\/\/www.wopg.org\/es\/prem-rawat-en-beverly-hills-los-angeles-california\/"]}]},{"@type":"BreadcrumbList","@id":"https:\/\/www.wopg.org\/es\/prem-rawat-en-beverly-hills-los-angeles-california\/#breadcrumb","itemListElement":[{"@type":"ListItem","position":1,"name":"Home","item":"https:\/\/www.wopg.org\/es\/"},{"@type":"ListItem","position":2,"name":"13 de agosto 2023 &#8211; Prem Rawat en Los \u00c1ngeles, California"}]},{"@type":"WebSite","@id":"https:\/\/www.wopg.org\/es\/#website","url":"https:\/\/www.wopg.org\/es\/","name":"Words of Peace","description":"Practice Peace, Change Your World","publisher":{"@id":"https:\/\/www.wopg.org\/es\/#organization"},"potentialAction":[{"@type":"SearchAction","target":{"@type":"EntryPoint","urlTemplate":"https:\/\/www.wopg.org\/es\/?s={search_term_string}"},"query-input":{"@type":"PropertyValueSpecification","valueRequired":true,"valueName":"search_term_string"}}],"inLanguage":"es"},{"@type":"Organization","@id":"https:\/\/www.wopg.org\/es\/#organization","name":"Words of Peace","url":"https:\/\/www.wopg.org\/es\/","logo":{"@type":"ImageObject","inLanguage":"es","@id":"https:\/\/www.wopg.org\/es\/#\/schema\/logo\/image\/","url":"https:\/\/wopg.org\/wp-content\/uploads\/2022\/02\/Words-of-Peace-logo-website61x252.png","contentUrl":"https:\/\/wopg.org\/wp-content\/uploads\/2022\/02\/Words-of-Peace-logo-website61x252.png","width":252,"height":61,"caption":"Words of Peace"},"image":{"@id":"https:\/\/www.wopg.org\/es\/#\/schema\/logo\/image\/"},"sameAs":["https:\/\/www.facebook.com\/wordsofpeaceglobal","https:\/\/x.com\/wopg","https:\/\/www.instagram.com\/wopgofficial\/"]},{"@type":"Person","@id":"https:\/\/www.wopg.org\/es\/#\/schema\/person\/c495a5aacd2a074ce031b7fa6625b3af","name":"Roberto","image":{"@type":"ImageObject","inLanguage":"es","@id":"https:\/\/secure.gravatar.com\/avatar\/3a2423ab531630d32d946fa10acea4a736bd03feede76ddcc150434c8458228b?s=96&d=mm&r=g","url":"https:\/\/secure.gravatar.com\/avatar\/3a2423ab531630d32d946fa10acea4a736bd03feede76ddcc150434c8458228b?s=96&d=mm&r=g","contentUrl":"https:\/\/secure.gravatar.com\/avatar\/3a2423ab531630d32d946fa10acea4a736bd03feede76ddcc150434c8458228b?s=96&d=mm&r=g","caption":"Roberto"},"url":"https:\/\/www.wopg.org\/es\/author\/roberto\/"}]}},"_links":{"self":[{"href":"https:\/\/www.wopg.org\/es\/wp-json\/wp\/v2\/posts\/21793","targetHints":{"allow":["GET"]}}],"collection":[{"href":"https:\/\/www.wopg.org\/es\/wp-json\/wp\/v2\/posts"}],"about":[{"href":"https:\/\/www.wopg.org\/es\/wp-json\/wp\/v2\/types\/post"}],"author":[{"embeddable":true,"href":"https:\/\/www.wopg.org\/es\/wp-json\/wp\/v2\/users\/14"}],"replies":[{"embeddable":true,"href":"https:\/\/www.wopg.org\/es\/wp-json\/wp\/v2\/comments?post=21793"}],"version-history":[{"count":36,"href":"https:\/\/www.wopg.org\/es\/wp-json\/wp\/v2\/posts\/21793\/revisions"}],"predecessor-version":[{"id":23640,"href":"https:\/\/www.wopg.org\/es\/wp-json\/wp\/v2\/posts\/21793\/revisions\/23640"}],"wp:attachment":[{"href":"https:\/\/www.wopg.org\/es\/wp-json\/wp\/v2\/media?parent=21793"}],"wp:term":[{"taxonomy":"category","embeddable":true,"href":"https:\/\/www.wopg.org\/es\/wp-json\/wp\/v2\/categories?post=21793"},{"taxonomy":"post_tag","embeddable":true,"href":"https:\/\/www.wopg.org\/es\/wp-json\/wp\/v2\/tags?post=21793"},{"taxonomy":"post_folder","embeddable":true,"href":"https:\/\/www.wopg.org\/es\/wp-json\/wp\/v2\/post_folder?post=21793"}],"curies":[{"name":"wp","href":"https:\/\/api.w.org\/{rel}","templated":true}]}}