{"id":22621,"date":"2023-08-27T21:00:55","date_gmt":"2023-08-27T21:00:55","guid":{"rendered":"https:\/\/www.wopg.org\/?p=22621"},"modified":"2023-08-30T17:47:57","modified_gmt":"2023-08-30T17:47:57","slug":"prem-rawat-en-denver-colorado","status":"publish","type":"post","link":"https:\/\/www.wopg.org\/es\/prem-rawat-en-denver-colorado\/","title":{"rendered":"27 de agosto de 2023 &#8211; Prem Rawat en Denver, Colorado"},"content":{"rendered":"<p>[et_pb_section fb_built=\u00bb1&#8243; _builder_version=\u00bb4.17.4&#8243; _module_preset=\u00bbdefault\u00bb custom_margin=\u00bb-50px||||false|false\u00bb custom_padding=\u00bb0px||0px||false|false\u00bb global_colors_info=\u00bb{}\u00bb theme_builder_area=\u00bbpost_content\u00bb][et_pb_row _builder_version=\u00bb4.17.4&#8243; _module_preset=\u00bbdefault\u00bb custom_padding=\u00bb0px||||false|false\u00bb global_colors_info=\u00bb{}\u00bb theme_builder_area=\u00bbpost_content\u00bb][et_pb_column type=\u00bb4_4&#8243; _builder_version=\u00bb4.17.4&#8243; _module_preset=\u00bbdefault\u00bb global_colors_info=\u00bb{}\u00bb theme_builder_area=\u00bbpost_content\u00bb][et_pb_image src=\u00bbhttps:\/\/eadn-wc03-5903292.nxedge.io\/wp-content\/uploads\/2023\/08\/200223_Barcelona_KR_mk_210_1080x608.webp\u00bb alt=\u00bbPrem Rawat\u00bb title_text=\u00bb200223_Barcelona_KR_mk_210_1080x608&#8243; show_bottom_space=\u00bboff\u00bb align=\u00bbcenter\u00bb disabled_on=\u00bboff|off|off\u00bb _builder_version=\u00bb4.21.0&#8243; _module_preset=\u00bbdefault\u00bb custom_padding=\u00bb0px||0px||false|false\u00bb hover_enabled=\u00bb0&#8243; locked=\u00bboff\u00bb global_colors_info=\u00bb{}\u00bb theme_builder_area=\u00bbpost_content\u00bb sticky_enabled=\u00bb0&#8243;][\/et_pb_image][et_pb_text _builder_version=\u00bb4.21.0&#8243; _module_preset=\u00bbdefault\u00bb global_colors_info=\u00bb{}\u00bb theme_builder_area=\u00bbpost_content\u00bb]<\/p>\n<h6 style=\"text-align: center;\">Fotograf\u00eda cortes\u00eda de TimelessToday<\/h6>\n<p> [\/et_pb_text][\/et_pb_column][\/et_pb_row][\/et_pb_section][et_pb_section fb_built=\u00bb1&#8243; admin_label=\u00bbsection\u00bb _builder_version=\u00bb4.16&#8243; custom_padding=\u00bb0px||0px||false|false\u00bb global_colors_info=\u00bb{}\u00bb theme_builder_area=\u00bbpost_content\u00bb][et_pb_row admin_label=\u00bbrow\u00bb _builder_version=\u00bb4.16&#8243; background_size=\u00bbinitial\u00bb background_position=\u00bbtop_left\u00bb background_repeat=\u00bbrepeat\u00bb global_colors_info=\u00bb{}\u00bb theme_builder_area=\u00bbpost_content\u00bb][et_pb_column type=\u00bb4_4&#8243; _builder_version=\u00bb4.16&#8243; custom_padding=\u00bb|||\u00bb global_colors_info=\u00bb{}\u00bb custom_padding__hover=\u00bb|||\u00bb theme_builder_area=\u00bbpost_content\u00bb][et_pb_text disabled_on=\u00bboff|off|off\u00bb admin_label=\u00bbTitle\u00bb _builder_version=\u00bb4.21.0&#8243; _module_preset=\u00bbdefault\u00bb global_colors_info=\u00bb{}\u00bb theme_builder_area=\u00bbpost_content\u00bb]<\/p>\n<div class=\"et_pb_row et_pb_row_0\">\n<div class=\"et_pb_column et_pb_column_4_4 et_pb_column_0 et_pb_css_mix_blend_mode_passthrough et-last-child\">\n<div class=\"et_pb_module et_pb_text et_pb_text_0 et_pb_text_align_left et_pb_bg_layout_light\">\n<div class=\"et_pb_text_inner\">\n<h2 style=\"text-align: center;\">Reserva esta fecha<\/h2>\n<\/div>\n<\/div>\n<\/div>\n<\/div>\n<p>[\/et_pb_text][et_pb_text admin_label=\u00bbWHEN AND WHERE\u00bb _builder_version=\u00bb4.21.0&#8243; _module_preset=\u00bbdefault\u00bb global_colors_info=\u00bb{}\u00bb theme_builder_area=\u00bbpost_content\u00bb]<\/p>\n<h3>Comprender m\u00e1s<\/h3>\n<p>&nbsp;<\/p>\n<p><em>Est\u00e1s invitado a pasar un d\u00eda de reflexi\u00f3n con Prem Rawat en persona, en Denver, Colorado el 27 de agosto.<\/em><\/p>\n<p>Esta invitaci\u00f3n se extiende a todos aquellos que han recibido\u00a0<a href=\"https:\/\/www.premrawat.com\/es\/un-camino-hacia-la-paz\/\" target=\"_blank\" rel=\"noopener\">las T\u00e9cnicas del Conocimiento<\/a>.<\/p>\n<p>El pr\u00f3ximo correo de WOPG informar\u00e1 los detalles\u00a0<strong>del pr\u00f3ximo evento presencial<\/strong>, incluyendo c\u00f3mo adquirir entradas.<\/p>\n<p><em>Para aquellos que no puedan asistir presencialmente, tenemos entendido que est\u00e1 prevista una transmisi\u00f3n en vivo que se ofrecer\u00e1 en TimelessToday por gentileza de Intelligent Existence. Dicha transmisi\u00f3n se anunciar\u00e1 oportunamente. M\u00e1s informaci\u00f3n en\u00a0<a href=\"https:\/\/www.premrawat.com\/es\/events-and-livestreams\/\" target=\"_blank\" rel=\"noopener\">www.premrawat.com<\/a>.<\/em><\/p>\n<p>[\/et_pb_text][et_pb_text disabled_on=\u00bbon|on|on\u00bb admin_label=\u00bbWHO IS INVITED\u00bb _builder_version=\u00bb4.21.0&#8243; _module_preset=\u00bbdefault\u00bb disabled=\u00bbon\u00bb global_colors_info=\u00bb{}\u00bb theme_builder_area=\u00bbpost_content\u00bb]<\/p>\n<h4>Who Is Invited<\/h4>\n<p>Everyone is welcome to attend this event. Travelers from abroad, please see below.<\/p>\n<h4>Children<\/h4>\n<p>This event is not suitable for children under the age of 10.<\/p>\n<p>[\/et_pb_text][et_pb_text disabled_on=\u00bbon|on|on\u00bb admin_label=\u00bbCOVID-19 VENUE PROTOCOL\u00bb _builder_version=\u00bb4.20.2&#8243; _module_preset=\u00bbdefault\u00bb disabled=\u00bbon\u00bb global_colors_info=\u00bb{}\u00bb theme_builder_area=\u00bbpost_content\u00bb]<\/p>\n<h4>Covid-19 Venue Protocol<\/h4>\n<p>Entry to the event is by presenting:<\/p>\n<ul>\n<li style=\"list-style-type: none;\">\n<ul>\n<li style=\"list-style-type: none;\">\n<ul>\n<li>a Covid-19 Vaccination Certificate OR<\/li>\n<\/ul>\n<ul>\n<li>a printed or electronic negative result of a PCR test or antigen test taken within 72 hours of the event OR<\/li>\n<\/ul>\n<ul>\n<li>a Certificate of Recovery from COVID-19<\/li>\n<\/ul>\n<\/li>\n<\/ul>\n<p>Everyone is expected to wear a medical or FFP2 facemask throughout the entire event.<\/p>\n<p>Seating is arranged in alternate seats for social distancing.<\/p>\n<p>Attendees are allowed to bring their own small bottle of water.<\/p>\n<\/li>\n<\/ul>\n<p>[\/et_pb_text][\/et_pb_column][\/et_pb_row][\/et_pb_section]<\/p>\n","protected":false},"excerpt":{"rendered":"<p>Fotograf\u00eda cortes\u00eda de TimelessToday Reserva esta fecha Comprender m\u00e1s &nbsp; Est\u00e1s invitado a pasar un d\u00eda de reflexi\u00f3n con Prem Rawat en persona, en Denver, Colorado el 27 de agosto. Esta invitaci\u00f3n se extiende a todos aquellos que han recibido\u00a0las T\u00e9cnicas del Conocimiento. El pr\u00f3ximo correo de WOPG informar\u00e1 los detalles\u00a0del pr\u00f3ximo evento presencial, incluyendo [&hellip;]<\/p>\n","protected":false},"author":14,"featured_media":0,"comment_status":"closed","ping_status":"closed","sticky":false,"template":"","format":"standard","meta":{"_et_pb_use_builder":"on","_et_pb_old_content":"","_et_gb_content_width":"","cybocfi_hide_featured_image":"","footnotes":""},"categories":[75],"tags":[],"post_folder":[],"class_list":["post-22621","post","type-post","status-publish","format-standard","hentry","category-recent"],"yoast_head":"<!-- This site is optimized with the Yoast SEO plugin v27.3 - https:\/\/yoast.com\/product\/yoast-seo-wordpress\/ -->\n<title>27 de agosto de 2023 - Prem Rawat en Denver, Colorado | Words of Peace<\/title>\n<meta name=\"robots\" content=\"index, follow, max-snippet:-1, max-image-preview:large, max-video-preview:-1\" \/>\n<link rel=\"canonical\" href=\"https:\/\/www.wopg.org\/es\/prem-rawat-en-denver-colorado\/\" \/>\n<meta property=\"og:locale\" content=\"es_ES\" \/>\n<meta property=\"og:type\" content=\"article\" \/>\n<meta property=\"og:title\" content=\"27 de agosto de 2023 - Prem Rawat en Denver, Colorado | Words of Peace\" \/>\n<meta property=\"og:description\" content=\"Fotograf\u00eda cortes\u00eda de TimelessToday Reserva esta fecha Comprender m\u00e1s &nbsp; Est\u00e1s invitado a pasar un d\u00eda de reflexi\u00f3n con Prem Rawat en persona, en Denver, Colorado el 27 de agosto. Esta invitaci\u00f3n se extiende a todos aquellos que han recibido\u00a0las T\u00e9cnicas del Conocimiento. El pr\u00f3ximo correo de WOPG informar\u00e1 los detalles\u00a0del pr\u00f3ximo evento presencial, incluyendo [&hellip;]\" \/>\n<meta property=\"og:url\" content=\"https:\/\/www.wopg.org\/es\/prem-rawat-en-denver-colorado\/\" \/>\n<meta property=\"og:site_name\" content=\"Words of Peace\" \/>\n<meta property=\"article:publisher\" content=\"https:\/\/www.facebook.com\/wordsofpeaceglobal\" \/>\n<meta property=\"article:published_time\" content=\"2023-08-27T21:00:55+00:00\" \/>\n<meta property=\"article:modified_time\" content=\"2023-08-30T17:47:57+00:00\" \/>\n<meta name=\"author\" content=\"Roberto\" \/>\n<meta name=\"twitter:card\" content=\"summary_large_image\" \/>\n<meta name=\"twitter:creator\" content=\"@wopg\" \/>\n<meta name=\"twitter:site\" content=\"@wopg\" \/>\n<meta name=\"twitter:label1\" content=\"Escrito por\" \/>\n\t<meta name=\"twitter:data1\" content=\"Roberto\" \/>\n\t<meta name=\"twitter:label2\" content=\"Tiempo de lectura\" \/>\n\t<meta name=\"twitter:data2\" content=\"3 minutos\" \/>\n<script type=\"application\/ld+json\" class=\"yoast-schema-graph\">{\"@context\":\"https:\\\/\\\/schema.org\",\"@graph\":[{\"@type\":\"Article\",\"@id\":\"https:\\\/\\\/www.wopg.org\\\/es\\\/prem-rawat-en-denver-colorado\\\/#article\",\"isPartOf\":{\"@id\":\"https:\\\/\\\/www.wopg.org\\\/es\\\/prem-rawat-en-denver-colorado\\\/\"},\"author\":{\"name\":\"Roberto\",\"@id\":\"https:\\\/\\\/www.wopg.org\\\/es\\\/#\\\/schema\\\/person\\\/c495a5aacd2a074ce031b7fa6625b3af\"},\"headline\":\"27 de agosto de 2023 &#8211; Prem Rawat en Denver, Colorado\",\"datePublished\":\"2023-08-27T21:00:55+00:00\",\"dateModified\":\"2023-08-30T17:47:57+00:00\",\"mainEntityOfPage\":{\"@id\":\"https:\\\/\\\/www.wopg.org\\\/es\\\/prem-rawat-en-denver-colorado\\\/\"},\"wordCount\":573,\"publisher\":{\"@id\":\"https:\\\/\\\/www.wopg.org\\\/es\\\/#organization\"},\"articleSection\":[\"Recent\"],\"inLanguage\":\"es\"},{\"@type\":\"WebPage\",\"@id\":\"https:\\\/\\\/www.wopg.org\\\/es\\\/prem-rawat-en-denver-colorado\\\/\",\"url\":\"https:\\\/\\\/www.wopg.org\\\/es\\\/prem-rawat-en-denver-colorado\\\/\",\"name\":\"27 de agosto de 2023 - Prem Rawat en Denver, Colorado | Words of Peace\",\"isPartOf\":{\"@id\":\"https:\\\/\\\/www.wopg.org\\\/es\\\/#website\"},\"datePublished\":\"2023-08-27T21:00:55+00:00\",\"dateModified\":\"2023-08-30T17:47:57+00:00\",\"breadcrumb\":{\"@id\":\"https:\\\/\\\/www.wopg.org\\\/es\\\/prem-rawat-en-denver-colorado\\\/#breadcrumb\"},\"inLanguage\":\"es\",\"potentialAction\":[{\"@type\":\"ReadAction\",\"target\":[\"https:\\\/\\\/www.wopg.org\\\/es\\\/prem-rawat-en-denver-colorado\\\/\"]}]},{\"@type\":\"BreadcrumbList\",\"@id\":\"https:\\\/\\\/www.wopg.org\\\/es\\\/prem-rawat-en-denver-colorado\\\/#breadcrumb\",\"itemListElement\":[{\"@type\":\"ListItem\",\"position\":1,\"name\":\"Home\",\"item\":\"https:\\\/\\\/www.wopg.org\\\/es\\\/\"},{\"@type\":\"ListItem\",\"position\":2,\"name\":\"27 de agosto de 2023 &#8211; Prem Rawat en Denver, Colorado\"}]},{\"@type\":\"WebSite\",\"@id\":\"https:\\\/\\\/www.wopg.org\\\/es\\\/#website\",\"url\":\"https:\\\/\\\/www.wopg.org\\\/es\\\/\",\"name\":\"Words of Peace\",\"description\":\"Practice Peace, Change Your World\",\"publisher\":{\"@id\":\"https:\\\/\\\/www.wopg.org\\\/es\\\/#organization\"},\"potentialAction\":[{\"@type\":\"SearchAction\",\"target\":{\"@type\":\"EntryPoint\",\"urlTemplate\":\"https:\\\/\\\/www.wopg.org\\\/es\\\/?s={search_term_string}\"},\"query-input\":{\"@type\":\"PropertyValueSpecification\",\"valueRequired\":true,\"valueName\":\"search_term_string\"}}],\"inLanguage\":\"es\"},{\"@type\":\"Organization\",\"@id\":\"https:\\\/\\\/www.wopg.org\\\/es\\\/#organization\",\"name\":\"Words of Peace\",\"url\":\"https:\\\/\\\/www.wopg.org\\\/es\\\/\",\"logo\":{\"@type\":\"ImageObject\",\"inLanguage\":\"es\",\"@id\":\"https:\\\/\\\/www.wopg.org\\\/es\\\/#\\\/schema\\\/logo\\\/image\\\/\",\"url\":\"https:\\\/\\\/wopg.org\\\/wp-content\\\/uploads\\\/2022\\\/02\\\/Words-of-Peace-logo-website61x252.png\",\"contentUrl\":\"https:\\\/\\\/wopg.org\\\/wp-content\\\/uploads\\\/2022\\\/02\\\/Words-of-Peace-logo-website61x252.png\",\"width\":252,\"height\":61,\"caption\":\"Words of Peace\"},\"image\":{\"@id\":\"https:\\\/\\\/www.wopg.org\\\/es\\\/#\\\/schema\\\/logo\\\/image\\\/\"},\"sameAs\":[\"https:\\\/\\\/www.facebook.com\\\/wordsofpeaceglobal\",\"https:\\\/\\\/x.com\\\/wopg\",\"https:\\\/\\\/www.instagram.com\\\/wopgofficial\\\/\"]},{\"@type\":\"Person\",\"@id\":\"https:\\\/\\\/www.wopg.org\\\/es\\\/#\\\/schema\\\/person\\\/c495a5aacd2a074ce031b7fa6625b3af\",\"name\":\"Roberto\",\"image\":{\"@type\":\"ImageObject\",\"inLanguage\":\"es\",\"@id\":\"https:\\\/\\\/secure.gravatar.com\\\/avatar\\\/3a2423ab531630d32d946fa10acea4a736bd03feede76ddcc150434c8458228b?s=96&d=mm&r=g\",\"url\":\"https:\\\/\\\/secure.gravatar.com\\\/avatar\\\/3a2423ab531630d32d946fa10acea4a736bd03feede76ddcc150434c8458228b?s=96&d=mm&r=g\",\"contentUrl\":\"https:\\\/\\\/secure.gravatar.com\\\/avatar\\\/3a2423ab531630d32d946fa10acea4a736bd03feede76ddcc150434c8458228b?s=96&d=mm&r=g\",\"caption\":\"Roberto\"},\"url\":\"https:\\\/\\\/www.wopg.org\\\/es\\\/author\\\/roberto\\\/\"}]}<\/script>\n<!-- \/ Yoast SEO plugin. -->","yoast_head_json":{"title":"27 de agosto de 2023 - Prem Rawat en Denver, Colorado | Words of Peace","robots":{"index":"index","follow":"follow","max-snippet":"max-snippet:-1","max-image-preview":"max-image-preview:large","max-video-preview":"max-video-preview:-1"},"canonical":"https:\/\/www.wopg.org\/es\/prem-rawat-en-denver-colorado\/","og_locale":"es_ES","og_type":"article","og_title":"27 de agosto de 2023 - Prem Rawat en Denver, Colorado | Words of Peace","og_description":"Fotograf\u00eda cortes\u00eda de TimelessToday Reserva esta fecha Comprender m\u00e1s &nbsp; Est\u00e1s invitado a pasar un d\u00eda de reflexi\u00f3n con Prem Rawat en persona, en Denver, Colorado el 27 de agosto. Esta invitaci\u00f3n se extiende a todos aquellos que han recibido\u00a0las T\u00e9cnicas del Conocimiento. El pr\u00f3ximo correo de WOPG informar\u00e1 los detalles\u00a0del pr\u00f3ximo evento presencial, incluyendo [&hellip;]","og_url":"https:\/\/www.wopg.org\/es\/prem-rawat-en-denver-colorado\/","og_site_name":"Words of Peace","article_publisher":"https:\/\/www.facebook.com\/wordsofpeaceglobal","article_published_time":"2023-08-27T21:00:55+00:00","article_modified_time":"2023-08-30T17:47:57+00:00","author":"Roberto","twitter_card":"summary_large_image","twitter_creator":"@wopg","twitter_site":"@wopg","twitter_misc":{"Escrito por":"Roberto","Tiempo de lectura":"3 minutos"},"schema":{"@context":"https:\/\/schema.org","@graph":[{"@type":"Article","@id":"https:\/\/www.wopg.org\/es\/prem-rawat-en-denver-colorado\/#article","isPartOf":{"@id":"https:\/\/www.wopg.org\/es\/prem-rawat-en-denver-colorado\/"},"author":{"name":"Roberto","@id":"https:\/\/www.wopg.org\/es\/#\/schema\/person\/c495a5aacd2a074ce031b7fa6625b3af"},"headline":"27 de agosto de 2023 &#8211; Prem Rawat en Denver, Colorado","datePublished":"2023-08-27T21:00:55+00:00","dateModified":"2023-08-30T17:47:57+00:00","mainEntityOfPage":{"@id":"https:\/\/www.wopg.org\/es\/prem-rawat-en-denver-colorado\/"},"wordCount":573,"publisher":{"@id":"https:\/\/www.wopg.org\/es\/#organization"},"articleSection":["Recent"],"inLanguage":"es"},{"@type":"WebPage","@id":"https:\/\/www.wopg.org\/es\/prem-rawat-en-denver-colorado\/","url":"https:\/\/www.wopg.org\/es\/prem-rawat-en-denver-colorado\/","name":"27 de agosto de 2023 - Prem Rawat en Denver, Colorado | Words of Peace","isPartOf":{"@id":"https:\/\/www.wopg.org\/es\/#website"},"datePublished":"2023-08-27T21:00:55+00:00","dateModified":"2023-08-30T17:47:57+00:00","breadcrumb":{"@id":"https:\/\/www.wopg.org\/es\/prem-rawat-en-denver-colorado\/#breadcrumb"},"inLanguage":"es","potentialAction":[{"@type":"ReadAction","target":["https:\/\/www.wopg.org\/es\/prem-rawat-en-denver-colorado\/"]}]},{"@type":"BreadcrumbList","@id":"https:\/\/www.wopg.org\/es\/prem-rawat-en-denver-colorado\/#breadcrumb","itemListElement":[{"@type":"ListItem","position":1,"name":"Home","item":"https:\/\/www.wopg.org\/es\/"},{"@type":"ListItem","position":2,"name":"27 de agosto de 2023 &#8211; Prem Rawat en Denver, Colorado"}]},{"@type":"WebSite","@id":"https:\/\/www.wopg.org\/es\/#website","url":"https:\/\/www.wopg.org\/es\/","name":"Words of Peace","description":"Practice Peace, Change Your World","publisher":{"@id":"https:\/\/www.wopg.org\/es\/#organization"},"potentialAction":[{"@type":"SearchAction","target":{"@type":"EntryPoint","urlTemplate":"https:\/\/www.wopg.org\/es\/?s={search_term_string}"},"query-input":{"@type":"PropertyValueSpecification","valueRequired":true,"valueName":"search_term_string"}}],"inLanguage":"es"},{"@type":"Organization","@id":"https:\/\/www.wopg.org\/es\/#organization","name":"Words of Peace","url":"https:\/\/www.wopg.org\/es\/","logo":{"@type":"ImageObject","inLanguage":"es","@id":"https:\/\/www.wopg.org\/es\/#\/schema\/logo\/image\/","url":"https:\/\/wopg.org\/wp-content\/uploads\/2022\/02\/Words-of-Peace-logo-website61x252.png","contentUrl":"https:\/\/wopg.org\/wp-content\/uploads\/2022\/02\/Words-of-Peace-logo-website61x252.png","width":252,"height":61,"caption":"Words of Peace"},"image":{"@id":"https:\/\/www.wopg.org\/es\/#\/schema\/logo\/image\/"},"sameAs":["https:\/\/www.facebook.com\/wordsofpeaceglobal","https:\/\/x.com\/wopg","https:\/\/www.instagram.com\/wopgofficial\/"]},{"@type":"Person","@id":"https:\/\/www.wopg.org\/es\/#\/schema\/person\/c495a5aacd2a074ce031b7fa6625b3af","name":"Roberto","image":{"@type":"ImageObject","inLanguage":"es","@id":"https:\/\/secure.gravatar.com\/avatar\/3a2423ab531630d32d946fa10acea4a736bd03feede76ddcc150434c8458228b?s=96&d=mm&r=g","url":"https:\/\/secure.gravatar.com\/avatar\/3a2423ab531630d32d946fa10acea4a736bd03feede76ddcc150434c8458228b?s=96&d=mm&r=g","contentUrl":"https:\/\/secure.gravatar.com\/avatar\/3a2423ab531630d32d946fa10acea4a736bd03feede76ddcc150434c8458228b?s=96&d=mm&r=g","caption":"Roberto"},"url":"https:\/\/www.wopg.org\/es\/author\/roberto\/"}]}},"_links":{"self":[{"href":"https:\/\/www.wopg.org\/es\/wp-json\/wp\/v2\/posts\/22621","targetHints":{"allow":["GET"]}}],"collection":[{"href":"https:\/\/www.wopg.org\/es\/wp-json\/wp\/v2\/posts"}],"about":[{"href":"https:\/\/www.wopg.org\/es\/wp-json\/wp\/v2\/types\/post"}],"author":[{"embeddable":true,"href":"https:\/\/www.wopg.org\/es\/wp-json\/wp\/v2\/users\/14"}],"replies":[{"embeddable":true,"href":"https:\/\/www.wopg.org\/es\/wp-json\/wp\/v2\/comments?post=22621"}],"version-history":[{"count":8,"href":"https:\/\/www.wopg.org\/es\/wp-json\/wp\/v2\/posts\/22621\/revisions"}],"predecessor-version":[{"id":23639,"href":"https:\/\/www.wopg.org\/es\/wp-json\/wp\/v2\/posts\/22621\/revisions\/23639"}],"wp:attachment":[{"href":"https:\/\/www.wopg.org\/es\/wp-json\/wp\/v2\/media?parent=22621"}],"wp:term":[{"taxonomy":"category","embeddable":true,"href":"https:\/\/www.wopg.org\/es\/wp-json\/wp\/v2\/categories?post=22621"},{"taxonomy":"post_tag","embeddable":true,"href":"https:\/\/www.wopg.org\/es\/wp-json\/wp\/v2\/tags?post=22621"},{"taxonomy":"post_folder","embeddable":true,"href":"https:\/\/www.wopg.org\/es\/wp-json\/wp\/v2\/post_folder?post=22621"}],"curies":[{"name":"wp","href":"https:\/\/api.w.org\/{rel}","templated":true}]}}