{"id":25095,"date":"2023-10-10T08:36:25","date_gmt":"2023-10-10T08:36:25","guid":{"rendered":"https:\/\/www.wopg.org\/?p=25095"},"modified":"2023-10-22T14:39:03","modified_gmt":"2023-10-22T14:39:03","slug":"22-de-octubre-de-2023-prem-rawat-en-tokio-japon","status":"publish","type":"post","link":"https:\/\/www.wopg.org\/es\/22-de-octubre-de-2023-prem-rawat-en-tokio-japon\/","title":{"rendered":"22 de octubre de 2023 \u2013 Prem Rawat en Tokio, Jap\u00f3n"},"content":{"rendered":"<p>[et_pb_section fb_built=\u00bb1&#8243; disabled_on=\u00bboff|off|off\u00bb admin_label=\u00bbTop images\u00bb _builder_version=\u00bb4.21.0&#8243; _module_preset=\u00bbdefault\u00bb custom_padding=\u00bb0px||0px||false|false\u00bb global_colors_info=\u00bb{}\u00bb][et_pb_row _builder_version=\u00bb4.21.0&#8243; _module_preset=\u00bbdefault\u00bb custom_padding=\u00bb0px||0px||false|false\u00bb custom_css_main_element=\u00bbdisplay: flex;||flex-wrap: wrap;||justify-content: center;\u00bb global_colors_info=\u00bb{}\u00bb][et_pb_column type=\u00bb4_4&#8243; _builder_version=\u00bb4.21.0&#8243; _module_preset=\u00bbdefault\u00bb global_colors_info=\u00bb{}\u00bb][et_pb_image src=\u00bbhttps:\/\/eadn-wc03-5903292.nxedge.io\/wp-content\/uploads\/2023\/10\/220528_London_LS_mk_096_1080x608.jpg\u00bb alt=\u00bbPrem Rawat\u00bb title_text=\u00bbPrem Rawat\u00bb show_bottom_space=\u00bboff\u00bb align=\u00bbcenter\u00bb disabled_on=\u00bboff|off|off\u00bb admin_label=\u00bbPR image\u00bb _builder_version=\u00bb4.22.1&#8243; _module_preset=\u00bbdefault\u00bb custom_padding=\u00bb0px||0px||false|false\u00bb global_colors_info=\u00bb{}\u00bb][\/et_pb_image][\/et_pb_column][\/et_pb_row][et_pb_row disabled_on=\u00bbon|on|on\u00bb _builder_version=\u00bb4.22.1&#8243; _module_preset=\u00bbdefault\u00bb background_color=\u00bb#1b3865&#8243; custom_padding=\u00bb0px||0px||false|false\u00bb custom_css_main_element=\u00bbdisplay: flex;||flex-wrap: wrap;||justify-content: center;\u00bb disabled=\u00bbon\u00bb global_colors_info=\u00bb{}\u00bb][et_pb_column type=\u00bb4_4&#8243; _builder_version=\u00bb4.21.0&#8243; _module_preset=\u00bbdefault\u00bb global_colors_info=\u00bb{}\u00bb][et_pb_image src=\u00bbhttps:\/\/eadn-wc03-5903292.nxedge.io\/wp-content\/uploads\/2023\/08\/v2_Logo-UM-Blue-Ft_Lauderdale.webp\u00bb alt=\u00bbComprender m\u00e1s\u00bb title_text=\u00bbv2_Logo-U&amp;M-Blue-Ft_Lauderdale\u00bb align=\u00bbcenter\u00bb disabled_on=\u00bboff|off|off\u00bb admin_label=\u00bbLogo U&#038;M\u00bb _builder_version=\u00bb4.21.0&#8243; _module_preset=\u00bbdefault\u00bb width=\u00bb45%\u00bb width_tablet=\u00bb50%\u00bb width_phone=\u00bbauto\u00bb width_last_edited=\u00bbon|phone\u00bb global_colors_info=\u00bb{}\u00bb][\/et_pb_image][\/et_pb_column][\/et_pb_row][et_pb_row custom_padding_last_edited=\u00bbon|phone\u00bb _builder_version=\u00bb4.21.0&#8243; _module_preset=\u00bbdefault\u00bb custom_padding=\u00bb1%||||false|false\u00bb custom_padding_tablet=\u00bb1%||||false|false\u00bb custom_padding_phone=\u00bb6%||||false|false\u00bb custom_css_main_element=\u00bbdisplay: flex;||flex-wrap: wrap;||justify-content: center;\u00bb global_colors_info=\u00bb{}\u00bb][et_pb_column type=\u00bb4_4&#8243; _builder_version=\u00bb4.21.0&#8243; _module_preset=\u00bbdefault\u00bb global_colors_info=\u00bb{}\u00bb][et_pb_text admin_label=\u00bbImage Courtesy\u00bb _builder_version=\u00bb4.22.1&#8243; _module_preset=\u00bbdefault\u00bb text_orientation=\u00bbcenter\u00bb custom_margin_tablet=\u00bb\u00bb custom_margin_phone=\u00bb-5%||||false|false\u00bb custom_margin_last_edited=\u00bbon|phone\u00bb global_colors_info=\u00bb{}\u00bb]<\/p>\n<h6 style=\"text-align: center;\">Imagen por cortes\u00eda de TimelessToday<\/h6>\n<p>[\/et_pb_text][\/et_pb_column][\/et_pb_row][\/et_pb_section][et_pb_section fb_built=\u00bb1&#8243; disabled_on=\u00bboff|off|off\u00bb admin_label=\u00bbSTD\u00bb _builder_version=\u00bb4.21.0&#8243; custom_padding=\u00bb0px||0px||false|false\u00bb locked=\u00bboff\u00bb global_colors_info=\u00bb{}\u00bb][et_pb_row admin_label=\u00bbrow\u00bb _builder_version=\u00bb4.21.0&#8243; background_size=\u00bbinitial\u00bb background_position=\u00bbtop_left\u00bb background_repeat=\u00bbrepeat\u00bb custom_padding=\u00bb0px||||false|false\u00bb global_colors_info=\u00bb{}\u00bb][et_pb_column type=\u00bb4_4&#8243; _builder_version=\u00bb4.16&#8243; custom_padding=\u00bb|||\u00bb global_colors_info=\u00bb{}\u00bb custom_padding__hover=\u00bb|||\u00bb][et_pb_text disabled_on=\u00bbon|on|on\u00bb admin_label=\u00bbTitle\u00bb _builder_version=\u00bb4.22.1&#8243; _module_preset=\u00bbdefault\u00bb disabled=\u00bbon\u00bb global_colors_info=\u00bb{}\u00bb]<\/p>\n<div class=\"et_pb_row et_pb_row_0\">\n<div class=\"et_pb_column et_pb_column_4_4 et_pb_column_0 et_pb_css_mix_blend_mode_passthrough et-last-child\">\n<div class=\"et_pb_module et_pb_text et_pb_text_0 et_pb_text_align_left et_pb_bg_layout_light\">\n<div class=\"et_pb_text_inner\">\n<h2 style=\"text-align: center;\">Reserva esta fecha<\/h2>\n<\/div>\n<\/div>\n<\/div>\n<\/div>\n<p>[\/et_pb_text][et_pb_text admin_label=\u00bbWHEN AND WHERE\u00bb _builder_version=\u00bb4.22.1&#8243; _module_preset=\u00bbdefault\u00bb hover_enabled=\u00bb0&#8243; global_colors_info=\u00bb{}\u00bb sticky_enabled=\u00bb0&#8243;]<\/p>\n<p><strong>Nos complace anunciar que Prem Rawat se presentar\u00e1 en Tokio, Jap\u00f3n, el domingo 22 de octubre de 2023.<\/strong><\/p>\n<p>Este evento es para todos aquellos que han recibido <a href=\"https:\/\/www.premrawat.com\/self-knowledge\/\" target=\"_blank\" rel=\"noopener\">las t\u00e9cnicas del Cononcimiento de s\u00ed mismo<\/a>.<\/p>\n<p>Debido a la capacidad del auditorio, las entradas se ofrecer\u00e1n primero a asistentes locales. Se informar\u00e1 si quedaran remanentes.<\/p>\n<p>Para quienes no puedan asistir, entendemos que TimelessToday tiene previsto transmitir en directo este evento y lo anunciar\u00e1 oportunamente. M\u00e1s informaci\u00f3n en <a href=\"https:\/\/www.premrawat.com\/events-and-livestreams\/\" target=\"_blank\" rel=\"noopener\">www.premrawat.com<\/a>.<\/p>\n<p>[\/et_pb_text][et_pb_text disabled_on=\u00bbon|on|on\u00bb admin_label=\u00bbWHO IS INVITED\u00bb _builder_version=\u00bb4.21.0&#8243; _module_preset=\u00bbdefault\u00bb disabled=\u00bbon\u00bb global_colors_info=\u00bb{}\u00bb]<\/p>\n<h4>Qui\u00e9n est\u00e1 invitado<\/h4>\n<p>Todo el mundo es bienvenido a este acto. Para los extranjeros, v\u00e9ase m\u00e1s abajo.<\/p>\n<h4>NI\u00f1os<\/h4>\n<p>&nbsp;<\/p>\n<p>Este evento no se recomienda para ni\u00f1os menores de 10 a\u00f1os.<\/p>\n<p>[\/et_pb_text][et_pb_text disabled_on=\u00bbon|on|on\u00bb admin_label=\u00bbCOVID-19 VENUE PROTOCOL\u00bb _builder_version=\u00bb4.20.2&#8243; _module_preset=\u00bbdefault\u00bb disabled=\u00bbon\u00bb global_colors_info=\u00bb{}\u00bb]<\/p>\n<h4>Protocolo Covid-19 del auditorio<\/h4>\n<p>La entrada al evento se realiza presentando:<\/p>\n<ul>\n<li style=\"list-style-type: none;\">\n<ul>\n<li style=\"list-style-type: none;\">\n<ul>\n<li>un certificado de estar vacunado del Covid-19 o,<\/li>\n<\/ul>\n<ul>\n<li>un resultado negativo, impreso o electr\u00f3nico, de una prueba PCR o una prueba de ant\u00edgenos realizada en las 72 horas anteriores al evento o,<\/li>\n<\/ul>\n<ul>\n<li>un certificado de Recuperaci\u00f3n de COVID-19<\/li>\n<\/ul>\n<\/li>\n<\/ul>\n<p>Se espera que todos lleven una mascarilla m\u00e9dica o FFP2 durante todo el evento.<\/p>\n<p>Los asientos est\u00e1n dispuestos en asientos alternativos para distanciamiento social.<\/p>\n<p>Los asistentes pueden traer su propia botella peque\u00f1a de agua.<\/p>\n<\/li>\n<\/ul>\n<p>[\/et_pb_text][\/et_pb_column][\/et_pb_row][\/et_pb_section]<\/p>\n","protected":false},"excerpt":{"rendered":"<p>Imagen por cortes\u00eda de TimelessToday Reserva esta fecha Nos complace anunciar que Prem Rawat se presentar\u00e1 en Tokio, Jap\u00f3n, el domingo 22 de octubre de 2023. Este evento es para todos aquellos que han recibido las t\u00e9cnicas del Cononcimiento de s\u00ed mismo. Debido a la capacidad del auditorio, las entradas se ofrecer\u00e1n primero a asistentes [&hellip;]<\/p>\n","protected":false},"author":14,"featured_media":0,"comment_status":"closed","ping_status":"closed","sticky":false,"template":"","format":"standard","meta":{"_et_pb_use_builder":"on","_et_pb_old_content":"","_et_gb_content_width":"","cybocfi_hide_featured_image":"","footnotes":""},"categories":[75],"tags":[],"post_folder":[],"class_list":["post-25095","post","type-post","status-publish","format-standard","hentry","category-recent"],"yoast_head":"<!-- This site is optimized with the Yoast SEO plugin v27.3 - https:\/\/yoast.com\/product\/yoast-seo-wordpress\/ -->\n<title>22 de octubre de 2023 \u2013 Prem Rawat en Tokio, Jap\u00f3n | Words of Peace<\/title>\n<meta name=\"robots\" content=\"index, follow, max-snippet:-1, max-image-preview:large, max-video-preview:-1\" \/>\n<link rel=\"canonical\" href=\"https:\/\/www.wopg.org\/es\/22-de-octubre-de-2023-prem-rawat-en-tokio-japon\/\" \/>\n<meta property=\"og:locale\" content=\"es_ES\" \/>\n<meta property=\"og:type\" content=\"article\" \/>\n<meta property=\"og:title\" content=\"22 de octubre de 2023 \u2013 Prem Rawat en Tokio, Jap\u00f3n | Words of Peace\" \/>\n<meta property=\"og:description\" content=\"Imagen por cortes\u00eda de TimelessToday Reserva esta fecha Nos complace anunciar que Prem Rawat se presentar\u00e1 en Tokio, Jap\u00f3n, el domingo 22 de octubre de 2023. Este evento es para todos aquellos que han recibido las t\u00e9cnicas del Cononcimiento de s\u00ed mismo. Debido a la capacidad del auditorio, las entradas se ofrecer\u00e1n primero a asistentes [&hellip;]\" \/>\n<meta property=\"og:url\" content=\"https:\/\/www.wopg.org\/es\/22-de-octubre-de-2023-prem-rawat-en-tokio-japon\/\" \/>\n<meta property=\"og:site_name\" content=\"Words of Peace\" \/>\n<meta property=\"article:publisher\" content=\"https:\/\/www.facebook.com\/wordsofpeaceglobal\" \/>\n<meta property=\"article:published_time\" content=\"2023-10-10T08:36:25+00:00\" \/>\n<meta property=\"article:modified_time\" content=\"2023-10-22T14:39:03+00:00\" \/>\n<meta name=\"author\" content=\"Roberto\" \/>\n<meta name=\"twitter:card\" content=\"summary_large_image\" \/>\n<meta name=\"twitter:creator\" content=\"@wopg\" \/>\n<meta name=\"twitter:site\" content=\"@wopg\" \/>\n<meta name=\"twitter:label1\" content=\"Escrito por\" \/>\n\t<meta name=\"twitter:data1\" content=\"Roberto\" \/>\n\t<meta name=\"twitter:label2\" content=\"Tiempo de lectura\" \/>\n\t<meta name=\"twitter:data2\" content=\"4 minutos\" \/>\n<script type=\"application\/ld+json\" class=\"yoast-schema-graph\">{\"@context\":\"https:\\\/\\\/schema.org\",\"@graph\":[{\"@type\":\"Article\",\"@id\":\"https:\\\/\\\/www.wopg.org\\\/es\\\/22-de-octubre-de-2023-prem-rawat-en-tokio-japon\\\/#article\",\"isPartOf\":{\"@id\":\"https:\\\/\\\/www.wopg.org\\\/es\\\/22-de-octubre-de-2023-prem-rawat-en-tokio-japon\\\/\"},\"author\":{\"name\":\"Roberto\",\"@id\":\"https:\\\/\\\/www.wopg.org\\\/es\\\/#\\\/schema\\\/person\\\/c495a5aacd2a074ce031b7fa6625b3af\"},\"headline\":\"22 de octubre de 2023 \u2013 Prem Rawat en Tokio, Jap\u00f3n\",\"datePublished\":\"2023-10-10T08:36:25+00:00\",\"dateModified\":\"2023-10-22T14:39:03+00:00\",\"mainEntityOfPage\":{\"@id\":\"https:\\\/\\\/www.wopg.org\\\/es\\\/22-de-octubre-de-2023-prem-rawat-en-tokio-japon\\\/\"},\"wordCount\":736,\"publisher\":{\"@id\":\"https:\\\/\\\/www.wopg.org\\\/es\\\/#organization\"},\"articleSection\":[\"Recent\"],\"inLanguage\":\"es\"},{\"@type\":\"WebPage\",\"@id\":\"https:\\\/\\\/www.wopg.org\\\/es\\\/22-de-octubre-de-2023-prem-rawat-en-tokio-japon\\\/\",\"url\":\"https:\\\/\\\/www.wopg.org\\\/es\\\/22-de-octubre-de-2023-prem-rawat-en-tokio-japon\\\/\",\"name\":\"22 de octubre de 2023 \u2013 Prem Rawat en Tokio, Jap\u00f3n | Words of Peace\",\"isPartOf\":{\"@id\":\"https:\\\/\\\/www.wopg.org\\\/es\\\/#website\"},\"datePublished\":\"2023-10-10T08:36:25+00:00\",\"dateModified\":\"2023-10-22T14:39:03+00:00\",\"breadcrumb\":{\"@id\":\"https:\\\/\\\/www.wopg.org\\\/es\\\/22-de-octubre-de-2023-prem-rawat-en-tokio-japon\\\/#breadcrumb\"},\"inLanguage\":\"es\",\"potentialAction\":[{\"@type\":\"ReadAction\",\"target\":[\"https:\\\/\\\/www.wopg.org\\\/es\\\/22-de-octubre-de-2023-prem-rawat-en-tokio-japon\\\/\"]}]},{\"@type\":\"BreadcrumbList\",\"@id\":\"https:\\\/\\\/www.wopg.org\\\/es\\\/22-de-octubre-de-2023-prem-rawat-en-tokio-japon\\\/#breadcrumb\",\"itemListElement\":[{\"@type\":\"ListItem\",\"position\":1,\"name\":\"Home\",\"item\":\"https:\\\/\\\/www.wopg.org\\\/es\\\/\"},{\"@type\":\"ListItem\",\"position\":2,\"name\":\"22 de octubre de 2023 \u2013 Prem Rawat en Tokio, Jap\u00f3n\"}]},{\"@type\":\"WebSite\",\"@id\":\"https:\\\/\\\/www.wopg.org\\\/es\\\/#website\",\"url\":\"https:\\\/\\\/www.wopg.org\\\/es\\\/\",\"name\":\"Words of Peace\",\"description\":\"Practice Peace, Change Your World\",\"publisher\":{\"@id\":\"https:\\\/\\\/www.wopg.org\\\/es\\\/#organization\"},\"potentialAction\":[{\"@type\":\"SearchAction\",\"target\":{\"@type\":\"EntryPoint\",\"urlTemplate\":\"https:\\\/\\\/www.wopg.org\\\/es\\\/?s={search_term_string}\"},\"query-input\":{\"@type\":\"PropertyValueSpecification\",\"valueRequired\":true,\"valueName\":\"search_term_string\"}}],\"inLanguage\":\"es\"},{\"@type\":\"Organization\",\"@id\":\"https:\\\/\\\/www.wopg.org\\\/es\\\/#organization\",\"name\":\"Words of Peace\",\"url\":\"https:\\\/\\\/www.wopg.org\\\/es\\\/\",\"logo\":{\"@type\":\"ImageObject\",\"inLanguage\":\"es\",\"@id\":\"https:\\\/\\\/www.wopg.org\\\/es\\\/#\\\/schema\\\/logo\\\/image\\\/\",\"url\":\"https:\\\/\\\/wopg.org\\\/wp-content\\\/uploads\\\/2022\\\/02\\\/Words-of-Peace-logo-website61x252.png\",\"contentUrl\":\"https:\\\/\\\/wopg.org\\\/wp-content\\\/uploads\\\/2022\\\/02\\\/Words-of-Peace-logo-website61x252.png\",\"width\":252,\"height\":61,\"caption\":\"Words of Peace\"},\"image\":{\"@id\":\"https:\\\/\\\/www.wopg.org\\\/es\\\/#\\\/schema\\\/logo\\\/image\\\/\"},\"sameAs\":[\"https:\\\/\\\/www.facebook.com\\\/wordsofpeaceglobal\",\"https:\\\/\\\/x.com\\\/wopg\",\"https:\\\/\\\/www.instagram.com\\\/wopgofficial\\\/\"]},{\"@type\":\"Person\",\"@id\":\"https:\\\/\\\/www.wopg.org\\\/es\\\/#\\\/schema\\\/person\\\/c495a5aacd2a074ce031b7fa6625b3af\",\"name\":\"Roberto\",\"image\":{\"@type\":\"ImageObject\",\"inLanguage\":\"es\",\"@id\":\"https:\\\/\\\/secure.gravatar.com\\\/avatar\\\/3a2423ab531630d32d946fa10acea4a736bd03feede76ddcc150434c8458228b?s=96&d=mm&r=g\",\"url\":\"https:\\\/\\\/secure.gravatar.com\\\/avatar\\\/3a2423ab531630d32d946fa10acea4a736bd03feede76ddcc150434c8458228b?s=96&d=mm&r=g\",\"contentUrl\":\"https:\\\/\\\/secure.gravatar.com\\\/avatar\\\/3a2423ab531630d32d946fa10acea4a736bd03feede76ddcc150434c8458228b?s=96&d=mm&r=g\",\"caption\":\"Roberto\"},\"url\":\"https:\\\/\\\/www.wopg.org\\\/es\\\/author\\\/roberto\\\/\"}]}<\/script>\n<!-- \/ Yoast SEO plugin. -->","yoast_head_json":{"title":"22 de octubre de 2023 \u2013 Prem Rawat en Tokio, Jap\u00f3n | Words of Peace","robots":{"index":"index","follow":"follow","max-snippet":"max-snippet:-1","max-image-preview":"max-image-preview:large","max-video-preview":"max-video-preview:-1"},"canonical":"https:\/\/www.wopg.org\/es\/22-de-octubre-de-2023-prem-rawat-en-tokio-japon\/","og_locale":"es_ES","og_type":"article","og_title":"22 de octubre de 2023 \u2013 Prem Rawat en Tokio, Jap\u00f3n | Words of Peace","og_description":"Imagen por cortes\u00eda de TimelessToday Reserva esta fecha Nos complace anunciar que Prem Rawat se presentar\u00e1 en Tokio, Jap\u00f3n, el domingo 22 de octubre de 2023. Este evento es para todos aquellos que han recibido las t\u00e9cnicas del Cononcimiento de s\u00ed mismo. Debido a la capacidad del auditorio, las entradas se ofrecer\u00e1n primero a asistentes [&hellip;]","og_url":"https:\/\/www.wopg.org\/es\/22-de-octubre-de-2023-prem-rawat-en-tokio-japon\/","og_site_name":"Words of Peace","article_publisher":"https:\/\/www.facebook.com\/wordsofpeaceglobal","article_published_time":"2023-10-10T08:36:25+00:00","article_modified_time":"2023-10-22T14:39:03+00:00","author":"Roberto","twitter_card":"summary_large_image","twitter_creator":"@wopg","twitter_site":"@wopg","twitter_misc":{"Escrito por":"Roberto","Tiempo de lectura":"4 minutos"},"schema":{"@context":"https:\/\/schema.org","@graph":[{"@type":"Article","@id":"https:\/\/www.wopg.org\/es\/22-de-octubre-de-2023-prem-rawat-en-tokio-japon\/#article","isPartOf":{"@id":"https:\/\/www.wopg.org\/es\/22-de-octubre-de-2023-prem-rawat-en-tokio-japon\/"},"author":{"name":"Roberto","@id":"https:\/\/www.wopg.org\/es\/#\/schema\/person\/c495a5aacd2a074ce031b7fa6625b3af"},"headline":"22 de octubre de 2023 \u2013 Prem Rawat en Tokio, Jap\u00f3n","datePublished":"2023-10-10T08:36:25+00:00","dateModified":"2023-10-22T14:39:03+00:00","mainEntityOfPage":{"@id":"https:\/\/www.wopg.org\/es\/22-de-octubre-de-2023-prem-rawat-en-tokio-japon\/"},"wordCount":736,"publisher":{"@id":"https:\/\/www.wopg.org\/es\/#organization"},"articleSection":["Recent"],"inLanguage":"es"},{"@type":"WebPage","@id":"https:\/\/www.wopg.org\/es\/22-de-octubre-de-2023-prem-rawat-en-tokio-japon\/","url":"https:\/\/www.wopg.org\/es\/22-de-octubre-de-2023-prem-rawat-en-tokio-japon\/","name":"22 de octubre de 2023 \u2013 Prem Rawat en Tokio, Jap\u00f3n | Words of Peace","isPartOf":{"@id":"https:\/\/www.wopg.org\/es\/#website"},"datePublished":"2023-10-10T08:36:25+00:00","dateModified":"2023-10-22T14:39:03+00:00","breadcrumb":{"@id":"https:\/\/www.wopg.org\/es\/22-de-octubre-de-2023-prem-rawat-en-tokio-japon\/#breadcrumb"},"inLanguage":"es","potentialAction":[{"@type":"ReadAction","target":["https:\/\/www.wopg.org\/es\/22-de-octubre-de-2023-prem-rawat-en-tokio-japon\/"]}]},{"@type":"BreadcrumbList","@id":"https:\/\/www.wopg.org\/es\/22-de-octubre-de-2023-prem-rawat-en-tokio-japon\/#breadcrumb","itemListElement":[{"@type":"ListItem","position":1,"name":"Home","item":"https:\/\/www.wopg.org\/es\/"},{"@type":"ListItem","position":2,"name":"22 de octubre de 2023 \u2013 Prem Rawat en Tokio, Jap\u00f3n"}]},{"@type":"WebSite","@id":"https:\/\/www.wopg.org\/es\/#website","url":"https:\/\/www.wopg.org\/es\/","name":"Words of Peace","description":"Practice Peace, Change Your World","publisher":{"@id":"https:\/\/www.wopg.org\/es\/#organization"},"potentialAction":[{"@type":"SearchAction","target":{"@type":"EntryPoint","urlTemplate":"https:\/\/www.wopg.org\/es\/?s={search_term_string}"},"query-input":{"@type":"PropertyValueSpecification","valueRequired":true,"valueName":"search_term_string"}}],"inLanguage":"es"},{"@type":"Organization","@id":"https:\/\/www.wopg.org\/es\/#organization","name":"Words of Peace","url":"https:\/\/www.wopg.org\/es\/","logo":{"@type":"ImageObject","inLanguage":"es","@id":"https:\/\/www.wopg.org\/es\/#\/schema\/logo\/image\/","url":"https:\/\/wopg.org\/wp-content\/uploads\/2022\/02\/Words-of-Peace-logo-website61x252.png","contentUrl":"https:\/\/wopg.org\/wp-content\/uploads\/2022\/02\/Words-of-Peace-logo-website61x252.png","width":252,"height":61,"caption":"Words of Peace"},"image":{"@id":"https:\/\/www.wopg.org\/es\/#\/schema\/logo\/image\/"},"sameAs":["https:\/\/www.facebook.com\/wordsofpeaceglobal","https:\/\/x.com\/wopg","https:\/\/www.instagram.com\/wopgofficial\/"]},{"@type":"Person","@id":"https:\/\/www.wopg.org\/es\/#\/schema\/person\/c495a5aacd2a074ce031b7fa6625b3af","name":"Roberto","image":{"@type":"ImageObject","inLanguage":"es","@id":"https:\/\/secure.gravatar.com\/avatar\/3a2423ab531630d32d946fa10acea4a736bd03feede76ddcc150434c8458228b?s=96&d=mm&r=g","url":"https:\/\/secure.gravatar.com\/avatar\/3a2423ab531630d32d946fa10acea4a736bd03feede76ddcc150434c8458228b?s=96&d=mm&r=g","contentUrl":"https:\/\/secure.gravatar.com\/avatar\/3a2423ab531630d32d946fa10acea4a736bd03feede76ddcc150434c8458228b?s=96&d=mm&r=g","caption":"Roberto"},"url":"https:\/\/www.wopg.org\/es\/author\/roberto\/"}]}},"_links":{"self":[{"href":"https:\/\/www.wopg.org\/es\/wp-json\/wp\/v2\/posts\/25095","targetHints":{"allow":["GET"]}}],"collection":[{"href":"https:\/\/www.wopg.org\/es\/wp-json\/wp\/v2\/posts"}],"about":[{"href":"https:\/\/www.wopg.org\/es\/wp-json\/wp\/v2\/types\/post"}],"author":[{"embeddable":true,"href":"https:\/\/www.wopg.org\/es\/wp-json\/wp\/v2\/users\/14"}],"replies":[{"embeddable":true,"href":"https:\/\/www.wopg.org\/es\/wp-json\/wp\/v2\/comments?post=25095"}],"version-history":[{"count":21,"href":"https:\/\/www.wopg.org\/es\/wp-json\/wp\/v2\/posts\/25095\/revisions"}],"predecessor-version":[{"id":25147,"href":"https:\/\/www.wopg.org\/es\/wp-json\/wp\/v2\/posts\/25095\/revisions\/25147"}],"wp:attachment":[{"href":"https:\/\/www.wopg.org\/es\/wp-json\/wp\/v2\/media?parent=25095"}],"wp:term":[{"taxonomy":"category","embeddable":true,"href":"https:\/\/www.wopg.org\/es\/wp-json\/wp\/v2\/categories?post=25095"},{"taxonomy":"post_tag","embeddable":true,"href":"https:\/\/www.wopg.org\/es\/wp-json\/wp\/v2\/tags?post=25095"},{"taxonomy":"post_folder","embeddable":true,"href":"https:\/\/www.wopg.org\/es\/wp-json\/wp\/v2\/post_folder?post=25095"}],"curies":[{"name":"wp","href":"https:\/\/api.w.org\/{rel}","templated":true}]}}