{"id":28192,"date":"2024-02-13T07:36:40","date_gmt":"2024-02-13T07:36:40","guid":{"rendered":"https:\/\/www.wopg.org\/?p=28192"},"modified":"2024-03-31T17:24:53","modified_gmt":"2024-03-31T17:24:53","slug":"gira-sudamericana-2024","status":"publish","type":"post","link":"https:\/\/www.wopg.org\/es\/gira-sudamericana-2024\/","title":{"rendered":"Gira Sudamericana 2024"},"content":{"rendered":"<p>[et_pb_section fb_built=\u00bb1&#8243; disabled_on=\u00bboff|off|off\u00bb admin_label=\u00bbTop images\u00bb _builder_version=\u00bb4.21.0&#8243; _module_preset=\u00bbdefault\u00bb custom_padding=\u00bb0px||0px||false|false\u00bb global_colors_info=\u00bb{}\u00bb][et_pb_row _builder_version=\u00bb4.23.1&#8243; _module_preset=\u00bbdefault\u00bb custom_padding=\u00bb0px||0px||false|false\u00bb hover_enabled=\u00bb0&#8243; custom_css_main_element=\u00bbdisplay: flex;||flex-wrap: wrap;||justify-content: center;\u00bb global_colors_info=\u00bb{}\u00bb disabled_on=\u00bbon|on|on\u00bb disabled=\u00bbon\u00bb sticky_enabled=\u00bb0&#8243;][et_pb_column type=\u00bb4_4&#8243; _builder_version=\u00bb4.21.0&#8243; _module_preset=\u00bbdefault\u00bb global_colors_info=\u00bb{}\u00bb][et_pb_image src=\u00bbhttps:\/\/eadn-wc03-5903292.nxedge.io\/wp-content\/uploads\/2024\/02\/210314_Cancun_Private_nkm_146_1080x608.jpg\u00bb alt=\u00bbPrem Rawat\u00bb title_text=\u00bbPrem Rawat\u00bb show_bottom_space=\u00bboff\u00bb align=\u00bbcenter\u00bb disabled_on=\u00bboff|off|off\u00bb admin_label=\u00bbPR image\u00bb _builder_version=\u00bb4.23.1&#8243; _module_preset=\u00bbdefault\u00bb custom_padding=\u00bb0px||0px||false|false\u00bb global_colors_info=\u00bb{}\u00bb][\/et_pb_image][\/et_pb_column][\/et_pb_row][et_pb_row custom_padding_last_edited=\u00bbon|phone\u00bb _builder_version=\u00bb4.21.0&#8243; _module_preset=\u00bbdefault\u00bb custom_padding=\u00bb1%||||false|false\u00bb custom_padding_tablet=\u00bb1%||||false|false\u00bb custom_padding_phone=\u00bb6%||||false|false\u00bb custom_css_main_element=\u00bbdisplay: flex;||flex-wrap: wrap;||justify-content: center;\u00bb global_colors_info=\u00bb{}\u00bb][et_pb_column type=\u00bb4_4&#8243; _builder_version=\u00bb4.21.0&#8243; _module_preset=\u00bbdefault\u00bb global_colors_info=\u00bb{}\u00bb][et_pb_text admin_label=\u00bbImage Courtesy\u00bb _builder_version=\u00bb4.23.1&#8243; _module_preset=\u00bbdefault\u00bb text_orientation=\u00bbcenter\u00bb custom_margin_tablet=\u00bb\u00bb custom_margin_phone=\u00bb-5%||||false|false\u00bb custom_margin_last_edited=\u00bbon|phone\u00bb global_colors_info=\u00bb{}\u00bb]<\/p>\n<h6 style=\"text-align: center;\">Foto por cortes\u00eda de TimelessToday<\/h6>\n<p>[\/et_pb_text][\/et_pb_column][\/et_pb_row][\/et_pb_section][et_pb_section fb_built=\u00bb1&#8243; disabled_on=\u00bboff|off|off\u00bb admin_label=\u00bbSTD\u00bb _builder_version=\u00bb4.21.0&#8243; custom_padding=\u00bb0px||0px||false|false\u00bb locked=\u00bboff\u00bb global_colors_info=\u00bb{}\u00bb][et_pb_row admin_label=\u00bbrow\u00bb _builder_version=\u00bb4.21.0&#8243; background_size=\u00bbinitial\u00bb background_position=\u00bbtop_left\u00bb background_repeat=\u00bbrepeat\u00bb custom_padding=\u00bb0px||||false|false\u00bb global_colors_info=\u00bb{}\u00bb][et_pb_column type=\u00bb4_4&#8243; _builder_version=\u00bb4.16&#8243; custom_padding=\u00bb|||\u00bb global_colors_info=\u00bb{}\u00bb custom_padding__hover=\u00bb|||\u00bb][et_pb_text disabled_on=\u00bboff|off|off\u00bb admin_label=\u00bbTitle\u00bb _builder_version=\u00bb4.23.1&#8243; _module_preset=\u00bbdefault\u00bb global_colors_info=\u00bb{}\u00bb]<\/p>\n<div class=\"et_pb_row et_pb_row_0\">\n<div class=\"et_pb_column et_pb_column_4_4 et_pb_column_0 et_pb_css_mix_blend_mode_passthrough et-last-child\">\n<div class=\"et_pb_module et_pb_text et_pb_text_0 et_pb_text_align_left et_pb_bg_layout_light\">\n<div class=\"et_pb_text_inner\">\n<h2 style=\"text-align: center;\">Reserva esta fecha<\/h2>\n<\/div>\n<\/div>\n<\/div>\n<\/div>\n<p>[\/et_pb_text][et_pb_text admin_label=\u00bbWHEN AND WHERE\u00bb _builder_version=\u00bb4.23.1&#8243; _module_preset=\u00bbdefault\u00bb global_colors_info=\u00bb{}\u00bb]<\/p>\n<p><strong><b>Es un gran gusto anunciar que Prem Rawat, orador, autor de best-sellers y educador para la paz aclamado internacionalmente, estar\u00e1 de gira por M\u00e9xico y Sudam\u00e9rica en marzo de 2024.<\/b><\/strong><\/p>\n<p><span style=\"font-weight: 400;\">Se presentar\u00e1 en las siguientes ciudades<\/span>:<\/p>\n<p><b>2 de marzo \u2013 Ciudad de M\u00e9xico, M\u00e9xico<\/b><\/p>\n<p>(<span style=\"font-weight: 400;\">para todas las personas interesadas en el mensaje de Prem Rawat<\/span>)<\/p>\n<p><strong>10 de marzo &#8211; Buenos Aires, Argentina<\/strong><\/p>\n<p>(<span style=\"font-weight: 400;\">para todas las personas interesadas en el mensaje de Prem Rawat<\/span>)<\/p>\n<p><b>16 de marzo &#8211; Punta del Este, Uruguay<\/b><\/p>\n<p>(para todas las personas que han aprendido <a href=\"https:\/\/www.premrawat.com\/self-knowledge\/\" target=\"_blank\" rel=\"noopener\">las t\u00e9cnicas del Conocimiento)<\/a><\/p>\n<p><strong>23 de marzo &#8211; Lima, Peru<\/strong><\/p>\n<p>(<span style=\"font-weight: 400;\">para todas las personas interesadas en el mensaje de Prem Rawat<\/span>)<\/p>\n<p><b>30 de marzo \u2013 San Pablo, Brasil<\/b><\/p>\n<p>(<span style=\"font-weight: 400;\">para todas las personas interesadas en el mensaje de Prem Rawat<\/span>)<\/p>\n<p><span style=\"font-weight: 400;\">Los eventos ser\u00e1n en ingl\u00e9s. Habr\u00e1 traducci\u00f3n disponible al espa\u00f1ol de Am\u00e9rica del Sur y portugu\u00e9s de Brasil<\/span>.<\/p>\n<p><b>\u00a1Revisa tus correos electr\u00f3nicos con frecuencia para estar al tanto de nuestros pr\u00f3ximos anuncios!<\/b><\/p>\n<p><em><i><span style=\"font-weight: 400;\">El anuncio previo se brinda para ayudarte a planificar, pero no debe ser utilizado para reservar viajes o alojamiento, ya que el n\u00famero de personas que soliciten entradas puede exceder la capacidad del auditorio. Por favor, comprueba tambi\u00e9n las normas y restricciones de viaje vigentes que podr\u00edan afectarte<\/span><\/i>.<\/em><\/p>\n<p>[\/et_pb_text][et_pb_text disabled_on=\u00bbon|on|on\u00bb admin_label=\u00bbWHO IS INVITED\u00bb _builder_version=\u00bb4.21.0&#8243; _module_preset=\u00bbdefault\u00bb disabled=\u00bbon\u00bb global_colors_info=\u00bb{}\u00bb]<\/p>\n<h4>Qui\u00e9n est\u00e1 invitado<\/h4>\n<p>Todo el mundo es bienvenido a este acto. Para los extranjeros, v\u00e9ase m\u00e1s abajo.<\/p>\n<h4>Ni\u00f1os<\/h4>\n<p>Este acto no es apto para menores de 10 a\u00f1os.<\/p>\n<p>[\/et_pb_text][et_pb_text disabled_on=\u00bbon|on|on\u00bb admin_label=\u00bbCOVID-19 VENUE PROTOCOL\u00bb _builder_version=\u00bb4.20.2&#8243; _module_preset=\u00bbdefault\u00bb disabled=\u00bbon\u00bb global_colors_info=\u00bb{}\u00bb]<\/p>\n<h4>Protocolo Covid-19 dentro del auditorio<\/h4>\n<p>Para entrar al evento ser\u00e1 necesario presentar:<\/p>\n<ul>\n<li style=\"list-style-type: none;\">\n<ul>\n<li style=\"list-style-type: none;\">\n<ul>\n<li>Un certificado de estar vacunado de Covid-19, O una prueba PCR o una prueba de ant\u00edgenos realizada en las 72 horas anteriores al evento O<\/li>\n<\/ul>\n<ul>\n<li>un Certificado de Recuperaci\u00f3n de COVID-19<\/li>\n<\/ul>\n<\/li>\n<\/ul>\n<p>Se espera que todos lleven una mascarilla m\u00e9dica o FFP2 durante todo el evento.<\/p>\n<p>Los asientos est\u00e1n dispuestos en asientos alternativos para distanciamiento social.<\/p>\n<p>Los asistentes pueden traer su propia botella peque\u00f1a de agua.<\/p>\n<\/li>\n<\/ul>\n<p>[\/et_pb_text][\/et_pb_column][\/et_pb_row][\/et_pb_section]<\/p>\n","protected":false},"excerpt":{"rendered":"<p>Foto por cortes\u00eda de TimelessToday Reserva esta fecha Es un gran gusto anunciar que Prem Rawat, orador, autor de best-sellers y educador para la paz aclamado internacionalmente, estar\u00e1 de gira por M\u00e9xico y Sudam\u00e9rica en marzo de 2024. Se presentar\u00e1 en las siguientes ciudades: 2 de marzo \u2013 Ciudad de M\u00e9xico, M\u00e9xico (para todas las [&hellip;]<\/p>\n","protected":false},"author":14,"featured_media":28129,"comment_status":"closed","ping_status":"closed","sticky":false,"template":"","format":"standard","meta":{"_et_pb_use_builder":"on","_et_pb_old_content":"","_et_gb_content_width":"","cybocfi_hide_featured_image":"","footnotes":""},"categories":[75],"tags":[],"post_folder":[],"class_list":["post-28192","post","type-post","status-publish","format-standard","has-post-thumbnail","hentry","category-recent"],"yoast_head":"<!-- This site is optimized with the Yoast SEO plugin v27.3 - https:\/\/yoast.com\/product\/yoast-seo-wordpress\/ -->\n<title>Gira Sudamericana 2024 | Words of Peace<\/title>\n<meta name=\"robots\" content=\"index, follow, max-snippet:-1, max-image-preview:large, max-video-preview:-1\" \/>\n<link rel=\"canonical\" href=\"https:\/\/www.wopg.org\/es\/gira-sudamericana-2024\/\" \/>\n<meta property=\"og:locale\" content=\"es_ES\" \/>\n<meta property=\"og:type\" content=\"article\" \/>\n<meta property=\"og:title\" content=\"Gira Sudamericana 2024 | Words of Peace\" \/>\n<meta property=\"og:description\" content=\"Foto por cortes\u00eda de TimelessToday Reserva esta fecha Es un gran gusto anunciar que Prem Rawat, orador, autor de best-sellers y educador para la paz aclamado internacionalmente, estar\u00e1 de gira por M\u00e9xico y Sudam\u00e9rica en marzo de 2024. Se presentar\u00e1 en las siguientes ciudades: 2 de marzo \u2013 Ciudad de M\u00e9xico, M\u00e9xico (para todas las [&hellip;]\" \/>\n<meta property=\"og:url\" content=\"https:\/\/www.wopg.org\/es\/gira-sudamericana-2024\/\" \/>\n<meta property=\"og:site_name\" content=\"Words of Peace\" \/>\n<meta property=\"article:publisher\" content=\"https:\/\/www.facebook.com\/wordsofpeaceglobal\" \/>\n<meta property=\"article:published_time\" content=\"2024-02-13T07:36:40+00:00\" \/>\n<meta property=\"article:modified_time\" content=\"2024-03-31T17:24:53+00:00\" \/>\n<meta property=\"og:image\" content=\"https:\/\/eadn-wc03-5903292.nxedge.io\/wp-content\/uploads\/2024\/02\/210314_Cancun_Private_nkm_146_1080x608.jpg\" \/>\n\t<meta property=\"og:image:width\" content=\"1080\" \/>\n\t<meta property=\"og:image:height\" content=\"608\" \/>\n\t<meta property=\"og:image:type\" content=\"image\/jpeg\" \/>\n<meta name=\"author\" content=\"Roberto\" \/>\n<meta name=\"twitter:card\" content=\"summary_large_image\" \/>\n<meta name=\"twitter:creator\" content=\"@wopg\" \/>\n<meta name=\"twitter:site\" content=\"@wopg\" \/>\n<meta name=\"twitter:label1\" content=\"Escrito por\" \/>\n\t<meta name=\"twitter:data1\" content=\"Roberto\" \/>\n\t<meta name=\"twitter:label2\" content=\"Tiempo de lectura\" \/>\n\t<meta name=\"twitter:data2\" content=\"4 minutos\" \/>\n<script type=\"application\/ld+json\" class=\"yoast-schema-graph\">{\"@context\":\"https:\\\/\\\/schema.org\",\"@graph\":[{\"@type\":\"Article\",\"@id\":\"https:\\\/\\\/www.wopg.org\\\/es\\\/gira-sudamericana-2024\\\/#article\",\"isPartOf\":{\"@id\":\"https:\\\/\\\/www.wopg.org\\\/es\\\/gira-sudamericana-2024\\\/\"},\"author\":{\"name\":\"Roberto\",\"@id\":\"https:\\\/\\\/www.wopg.org\\\/es\\\/#\\\/schema\\\/person\\\/c495a5aacd2a074ce031b7fa6625b3af\"},\"headline\":\"Gira Sudamericana 2024\",\"datePublished\":\"2024-02-13T07:36:40+00:00\",\"dateModified\":\"2024-03-31T17:24:53+00:00\",\"mainEntityOfPage\":{\"@id\":\"https:\\\/\\\/www.wopg.org\\\/es\\\/gira-sudamericana-2024\\\/\"},\"wordCount\":744,\"publisher\":{\"@id\":\"https:\\\/\\\/www.wopg.org\\\/es\\\/#organization\"},\"image\":{\"@id\":\"https:\\\/\\\/www.wopg.org\\\/es\\\/gira-sudamericana-2024\\\/#primaryimage\"},\"thumbnailUrl\":\"https:\\\/\\\/www.wopg.org\\\/wp-content\\\/uploads\\\/2024\\\/02\\\/210314_Cancun_Private_nkm_146_1080x608.jpg\",\"articleSection\":[\"Recent\"],\"inLanguage\":\"es\"},{\"@type\":\"WebPage\",\"@id\":\"https:\\\/\\\/www.wopg.org\\\/es\\\/gira-sudamericana-2024\\\/\",\"url\":\"https:\\\/\\\/www.wopg.org\\\/es\\\/gira-sudamericana-2024\\\/\",\"name\":\"Gira Sudamericana 2024 | Words of Peace\",\"isPartOf\":{\"@id\":\"https:\\\/\\\/www.wopg.org\\\/es\\\/#website\"},\"primaryImageOfPage\":{\"@id\":\"https:\\\/\\\/www.wopg.org\\\/es\\\/gira-sudamericana-2024\\\/#primaryimage\"},\"image\":{\"@id\":\"https:\\\/\\\/www.wopg.org\\\/es\\\/gira-sudamericana-2024\\\/#primaryimage\"},\"thumbnailUrl\":\"https:\\\/\\\/www.wopg.org\\\/wp-content\\\/uploads\\\/2024\\\/02\\\/210314_Cancun_Private_nkm_146_1080x608.jpg\",\"datePublished\":\"2024-02-13T07:36:40+00:00\",\"dateModified\":\"2024-03-31T17:24:53+00:00\",\"breadcrumb\":{\"@id\":\"https:\\\/\\\/www.wopg.org\\\/es\\\/gira-sudamericana-2024\\\/#breadcrumb\"},\"inLanguage\":\"es\",\"potentialAction\":[{\"@type\":\"ReadAction\",\"target\":[\"https:\\\/\\\/www.wopg.org\\\/es\\\/gira-sudamericana-2024\\\/\"]}]},{\"@type\":\"ImageObject\",\"inLanguage\":\"es\",\"@id\":\"https:\\\/\\\/www.wopg.org\\\/es\\\/gira-sudamericana-2024\\\/#primaryimage\",\"url\":\"https:\\\/\\\/www.wopg.org\\\/wp-content\\\/uploads\\\/2024\\\/02\\\/210314_Cancun_Private_nkm_146_1080x608.jpg\",\"contentUrl\":\"https:\\\/\\\/www.wopg.org\\\/wp-content\\\/uploads\\\/2024\\\/02\\\/210314_Cancun_Private_nkm_146_1080x608.jpg\",\"width\":1080,\"height\":608,\"caption\":\"Prem Rawat\"},{\"@type\":\"BreadcrumbList\",\"@id\":\"https:\\\/\\\/www.wopg.org\\\/es\\\/gira-sudamericana-2024\\\/#breadcrumb\",\"itemListElement\":[{\"@type\":\"ListItem\",\"position\":1,\"name\":\"Home\",\"item\":\"https:\\\/\\\/www.wopg.org\\\/es\\\/\"},{\"@type\":\"ListItem\",\"position\":2,\"name\":\"Gira Sudamericana 2024\"}]},{\"@type\":\"WebSite\",\"@id\":\"https:\\\/\\\/www.wopg.org\\\/es\\\/#website\",\"url\":\"https:\\\/\\\/www.wopg.org\\\/es\\\/\",\"name\":\"Words of Peace\",\"description\":\"Practice Peace, Change Your World\",\"publisher\":{\"@id\":\"https:\\\/\\\/www.wopg.org\\\/es\\\/#organization\"},\"potentialAction\":[{\"@type\":\"SearchAction\",\"target\":{\"@type\":\"EntryPoint\",\"urlTemplate\":\"https:\\\/\\\/www.wopg.org\\\/es\\\/?s={search_term_string}\"},\"query-input\":{\"@type\":\"PropertyValueSpecification\",\"valueRequired\":true,\"valueName\":\"search_term_string\"}}],\"inLanguage\":\"es\"},{\"@type\":\"Organization\",\"@id\":\"https:\\\/\\\/www.wopg.org\\\/es\\\/#organization\",\"name\":\"Words of Peace\",\"url\":\"https:\\\/\\\/www.wopg.org\\\/es\\\/\",\"logo\":{\"@type\":\"ImageObject\",\"inLanguage\":\"es\",\"@id\":\"https:\\\/\\\/www.wopg.org\\\/es\\\/#\\\/schema\\\/logo\\\/image\\\/\",\"url\":\"https:\\\/\\\/wopg.org\\\/wp-content\\\/uploads\\\/2022\\\/02\\\/Words-of-Peace-logo-website61x252.png\",\"contentUrl\":\"https:\\\/\\\/wopg.org\\\/wp-content\\\/uploads\\\/2022\\\/02\\\/Words-of-Peace-logo-website61x252.png\",\"width\":252,\"height\":61,\"caption\":\"Words of Peace\"},\"image\":{\"@id\":\"https:\\\/\\\/www.wopg.org\\\/es\\\/#\\\/schema\\\/logo\\\/image\\\/\"},\"sameAs\":[\"https:\\\/\\\/www.facebook.com\\\/wordsofpeaceglobal\",\"https:\\\/\\\/x.com\\\/wopg\",\"https:\\\/\\\/www.instagram.com\\\/wopgofficial\\\/\"]},{\"@type\":\"Person\",\"@id\":\"https:\\\/\\\/www.wopg.org\\\/es\\\/#\\\/schema\\\/person\\\/c495a5aacd2a074ce031b7fa6625b3af\",\"name\":\"Roberto\",\"image\":{\"@type\":\"ImageObject\",\"inLanguage\":\"es\",\"@id\":\"https:\\\/\\\/secure.gravatar.com\\\/avatar\\\/3a2423ab531630d32d946fa10acea4a736bd03feede76ddcc150434c8458228b?s=96&d=mm&r=g\",\"url\":\"https:\\\/\\\/secure.gravatar.com\\\/avatar\\\/3a2423ab531630d32d946fa10acea4a736bd03feede76ddcc150434c8458228b?s=96&d=mm&r=g\",\"contentUrl\":\"https:\\\/\\\/secure.gravatar.com\\\/avatar\\\/3a2423ab531630d32d946fa10acea4a736bd03feede76ddcc150434c8458228b?s=96&d=mm&r=g\",\"caption\":\"Roberto\"},\"url\":\"https:\\\/\\\/www.wopg.org\\\/es\\\/author\\\/roberto\\\/\"}]}<\/script>\n<!-- \/ Yoast SEO plugin. -->","yoast_head_json":{"title":"Gira Sudamericana 2024 | Words of Peace","robots":{"index":"index","follow":"follow","max-snippet":"max-snippet:-1","max-image-preview":"max-image-preview:large","max-video-preview":"max-video-preview:-1"},"canonical":"https:\/\/www.wopg.org\/es\/gira-sudamericana-2024\/","og_locale":"es_ES","og_type":"article","og_title":"Gira Sudamericana 2024 | Words of Peace","og_description":"Foto por cortes\u00eda de TimelessToday Reserva esta fecha Es un gran gusto anunciar que Prem Rawat, orador, autor de best-sellers y educador para la paz aclamado internacionalmente, estar\u00e1 de gira por M\u00e9xico y Sudam\u00e9rica en marzo de 2024. Se presentar\u00e1 en las siguientes ciudades: 2 de marzo \u2013 Ciudad de M\u00e9xico, M\u00e9xico (para todas las [&hellip;]","og_url":"https:\/\/www.wopg.org\/es\/gira-sudamericana-2024\/","og_site_name":"Words of Peace","article_publisher":"https:\/\/www.facebook.com\/wordsofpeaceglobal","article_published_time":"2024-02-13T07:36:40+00:00","article_modified_time":"2024-03-31T17:24:53+00:00","og_image":[{"width":1080,"height":608,"url":"https:\/\/eadn-wc03-5903292.nxedge.io\/wp-content\/uploads\/2024\/02\/210314_Cancun_Private_nkm_146_1080x608.jpg","type":"image\/jpeg"}],"author":"Roberto","twitter_card":"summary_large_image","twitter_creator":"@wopg","twitter_site":"@wopg","twitter_misc":{"Escrito por":"Roberto","Tiempo de lectura":"4 minutos"},"schema":{"@context":"https:\/\/schema.org","@graph":[{"@type":"Article","@id":"https:\/\/www.wopg.org\/es\/gira-sudamericana-2024\/#article","isPartOf":{"@id":"https:\/\/www.wopg.org\/es\/gira-sudamericana-2024\/"},"author":{"name":"Roberto","@id":"https:\/\/www.wopg.org\/es\/#\/schema\/person\/c495a5aacd2a074ce031b7fa6625b3af"},"headline":"Gira Sudamericana 2024","datePublished":"2024-02-13T07:36:40+00:00","dateModified":"2024-03-31T17:24:53+00:00","mainEntityOfPage":{"@id":"https:\/\/www.wopg.org\/es\/gira-sudamericana-2024\/"},"wordCount":744,"publisher":{"@id":"https:\/\/www.wopg.org\/es\/#organization"},"image":{"@id":"https:\/\/www.wopg.org\/es\/gira-sudamericana-2024\/#primaryimage"},"thumbnailUrl":"https:\/\/eadn-wc03-5903292.nxedge.io\/wp-content\/uploads\/2024\/02\/210314_Cancun_Private_nkm_146_1080x608.jpg","articleSection":["Recent"],"inLanguage":"es"},{"@type":"WebPage","@id":"https:\/\/www.wopg.org\/es\/gira-sudamericana-2024\/","url":"https:\/\/www.wopg.org\/es\/gira-sudamericana-2024\/","name":"Gira Sudamericana 2024 | Words of Peace","isPartOf":{"@id":"https:\/\/www.wopg.org\/es\/#website"},"primaryImageOfPage":{"@id":"https:\/\/www.wopg.org\/es\/gira-sudamericana-2024\/#primaryimage"},"image":{"@id":"https:\/\/www.wopg.org\/es\/gira-sudamericana-2024\/#primaryimage"},"thumbnailUrl":"https:\/\/eadn-wc03-5903292.nxedge.io\/wp-content\/uploads\/2024\/02\/210314_Cancun_Private_nkm_146_1080x608.jpg","datePublished":"2024-02-13T07:36:40+00:00","dateModified":"2024-03-31T17:24:53+00:00","breadcrumb":{"@id":"https:\/\/www.wopg.org\/es\/gira-sudamericana-2024\/#breadcrumb"},"inLanguage":"es","potentialAction":[{"@type":"ReadAction","target":["https:\/\/www.wopg.org\/es\/gira-sudamericana-2024\/"]}]},{"@type":"ImageObject","inLanguage":"es","@id":"https:\/\/www.wopg.org\/es\/gira-sudamericana-2024\/#primaryimage","url":"https:\/\/eadn-wc03-5903292.nxedge.io\/wp-content\/uploads\/2024\/02\/210314_Cancun_Private_nkm_146_1080x608.jpg","contentUrl":"https:\/\/eadn-wc03-5903292.nxedge.io\/wp-content\/uploads\/2024\/02\/210314_Cancun_Private_nkm_146_1080x608.jpg","width":1080,"height":608,"caption":"Prem Rawat"},{"@type":"BreadcrumbList","@id":"https:\/\/www.wopg.org\/es\/gira-sudamericana-2024\/#breadcrumb","itemListElement":[{"@type":"ListItem","position":1,"name":"Home","item":"https:\/\/www.wopg.org\/es\/"},{"@type":"ListItem","position":2,"name":"Gira Sudamericana 2024"}]},{"@type":"WebSite","@id":"https:\/\/www.wopg.org\/es\/#website","url":"https:\/\/www.wopg.org\/es\/","name":"Words of Peace","description":"Practice Peace, Change Your World","publisher":{"@id":"https:\/\/www.wopg.org\/es\/#organization"},"potentialAction":[{"@type":"SearchAction","target":{"@type":"EntryPoint","urlTemplate":"https:\/\/www.wopg.org\/es\/?s={search_term_string}"},"query-input":{"@type":"PropertyValueSpecification","valueRequired":true,"valueName":"search_term_string"}}],"inLanguage":"es"},{"@type":"Organization","@id":"https:\/\/www.wopg.org\/es\/#organization","name":"Words of Peace","url":"https:\/\/www.wopg.org\/es\/","logo":{"@type":"ImageObject","inLanguage":"es","@id":"https:\/\/www.wopg.org\/es\/#\/schema\/logo\/image\/","url":"https:\/\/wopg.org\/wp-content\/uploads\/2022\/02\/Words-of-Peace-logo-website61x252.png","contentUrl":"https:\/\/wopg.org\/wp-content\/uploads\/2022\/02\/Words-of-Peace-logo-website61x252.png","width":252,"height":61,"caption":"Words of Peace"},"image":{"@id":"https:\/\/www.wopg.org\/es\/#\/schema\/logo\/image\/"},"sameAs":["https:\/\/www.facebook.com\/wordsofpeaceglobal","https:\/\/x.com\/wopg","https:\/\/www.instagram.com\/wopgofficial\/"]},{"@type":"Person","@id":"https:\/\/www.wopg.org\/es\/#\/schema\/person\/c495a5aacd2a074ce031b7fa6625b3af","name":"Roberto","image":{"@type":"ImageObject","inLanguage":"es","@id":"https:\/\/secure.gravatar.com\/avatar\/3a2423ab531630d32d946fa10acea4a736bd03feede76ddcc150434c8458228b?s=96&d=mm&r=g","url":"https:\/\/secure.gravatar.com\/avatar\/3a2423ab531630d32d946fa10acea4a736bd03feede76ddcc150434c8458228b?s=96&d=mm&r=g","contentUrl":"https:\/\/secure.gravatar.com\/avatar\/3a2423ab531630d32d946fa10acea4a736bd03feede76ddcc150434c8458228b?s=96&d=mm&r=g","caption":"Roberto"},"url":"https:\/\/www.wopg.org\/es\/author\/roberto\/"}]}},"_links":{"self":[{"href":"https:\/\/www.wopg.org\/es\/wp-json\/wp\/v2\/posts\/28192","targetHints":{"allow":["GET"]}}],"collection":[{"href":"https:\/\/www.wopg.org\/es\/wp-json\/wp\/v2\/posts"}],"about":[{"href":"https:\/\/www.wopg.org\/es\/wp-json\/wp\/v2\/types\/post"}],"author":[{"embeddable":true,"href":"https:\/\/www.wopg.org\/es\/wp-json\/wp\/v2\/users\/14"}],"replies":[{"embeddable":true,"href":"https:\/\/www.wopg.org\/es\/wp-json\/wp\/v2\/comments?post=28192"}],"version-history":[{"count":28,"href":"https:\/\/www.wopg.org\/es\/wp-json\/wp\/v2\/posts\/28192\/revisions"}],"predecessor-version":[{"id":28934,"href":"https:\/\/www.wopg.org\/es\/wp-json\/wp\/v2\/posts\/28192\/revisions\/28934"}],"wp:featuredmedia":[{"embeddable":true,"href":"https:\/\/www.wopg.org\/es\/wp-json\/wp\/v2\/media\/28129"}],"wp:attachment":[{"href":"https:\/\/www.wopg.org\/es\/wp-json\/wp\/v2\/media?parent=28192"}],"wp:term":[{"taxonomy":"category","embeddable":true,"href":"https:\/\/www.wopg.org\/es\/wp-json\/wp\/v2\/categories?post=28192"},{"taxonomy":"post_tag","embeddable":true,"href":"https:\/\/www.wopg.org\/es\/wp-json\/wp\/v2\/tags?post=28192"},{"taxonomy":"post_folder","embeddable":true,"href":"https:\/\/www.wopg.org\/es\/wp-json\/wp\/v2\/post_folder?post=28192"}],"curies":[{"name":"wp","href":"https:\/\/api.w.org\/{rel}","templated":true}]}}