{"id":29051,"date":"2024-02-23T20:18:23","date_gmt":"2024-02-23T20:18:23","guid":{"rendered":"https:\/\/www.wopg.org\/?p=29051"},"modified":"2024-03-01T14:59:38","modified_gmt":"2024-03-01T14:59:38","slug":"16-de-marzo-prem-rawat-en-punta-del-este-uruguay","status":"publish","type":"post","link":"https:\/\/www.wopg.org\/es\/16-de-marzo-prem-rawat-en-punta-del-este-uruguay\/","title":{"rendered":"16 de marzo &#8211; Prem Rawat en Punta del Este, Uruguay"},"content":{"rendered":"<p>[et_pb_section fb_built=\u00bb1&#8243; disabled_on=\u00bboff|off|off\u00bb admin_label=\u00bbTop images\u00bb _builder_version=\u00bb4.21.0&#8243; _module_preset=\u00bbdefault\u00bb custom_padding=\u00bb0px||0px||false|false\u00bb global_colors_info=\u00bb{}\u00bb][et_pb_row disabled_on=\u00bbon|on|on\u00bb _builder_version=\u00bb4.23.1&#8243; _module_preset=\u00bbdefault\u00bb custom_padding=\u00bb0px||0px||false|false\u00bb custom_css_main_element=\u00bbdisplay: flex;||flex-wrap: wrap;||justify-content: center;\u00bb disabled=\u00bbon\u00bb global_colors_info=\u00bb{}\u00bb][et_pb_column type=\u00bb4_4&#8243; _builder_version=\u00bb4.21.0&#8243; _module_preset=\u00bbdefault\u00bb global_colors_info=\u00bb{}\u00bb][et_pb_image src=\u00bbhttps:\/\/eadn-wc03-5903292.nxedge.io\/wp-content\/uploads\/2023\/02\/220327_Delhi_RVK_epc_064_1080x608.jpg\u00bb alt=\u00bbPrem Rawat\u00bb title_text=\u00bbPrem Rawat\u00bb show_bottom_space=\u00bboff\u00bb align=\u00bbcenter\u00bb disabled_on=\u00bboff|off|off\u00bb admin_label=\u00bbPR image\u00bb _builder_version=\u00bb4.23.1&#8243; _module_preset=\u00bbdefault\u00bb custom_padding=\u00bb0px||0px||false|false\u00bb global_colors_info=\u00bb{}\u00bb][\/et_pb_image][\/et_pb_column][\/et_pb_row][et_pb_row custom_padding_last_edited=\u00bbon|phone\u00bb _builder_version=\u00bb4.21.0&#8243; _module_preset=\u00bbdefault\u00bb custom_padding=\u00bb1%||||false|false\u00bb custom_padding_tablet=\u00bb1%||||false|false\u00bb custom_padding_phone=\u00bb6%||||false|false\u00bb custom_css_main_element=\u00bbdisplay: flex;||flex-wrap: wrap;||justify-content: center;\u00bb global_colors_info=\u00bb{}\u00bb][et_pb_column type=\u00bb4_4&#8243; _builder_version=\u00bb4.21.0&#8243; _module_preset=\u00bbdefault\u00bb global_colors_info=\u00bb{}\u00bb][et_pb_text admin_label=\u00bbImage Courtesy\u00bb _builder_version=\u00bb4.21.0&#8243; _module_preset=\u00bbdefault\u00bb text_orientation=\u00bbcenter\u00bb custom_margin_tablet=\u00bb\u00bb custom_margin_phone=\u00bb-5%||||false|false\u00bb custom_margin_last_edited=\u00bbon|phone\u00bb global_colors_info=\u00bb{}\u00bb]<\/p>\n<h6 style=\"text-align: center;\">Imagen por cortes\u00eda de TimelessToday<\/h6>\n<p>[\/et_pb_text][\/et_pb_column][\/et_pb_row][\/et_pb_section][et_pb_section fb_built=\u00bb1&#8243; disabled_on=\u00bboff|off|off\u00bb admin_label=\u00bbFull event details\u00bb _builder_version=\u00bb4.23.1&#8243; _module_preset=\u00bbdefault\u00bb global_colors_info=\u00bb{}\u00bb][et_pb_row _builder_version=\u00bb4.21.0&#8243; _module_preset=\u00bbdefault\u00bb custom_padding=\u00bb0px||||false|false\u00bb custom_css_main_element=\u00bbdisplay: flex;||flex-wrap: wrap;||justify-content: center;\u00bb global_colors_info=\u00bb{}\u00bb][et_pb_column type=\u00bb4_4&#8243; _builder_version=\u00bb4.21.0&#8243; _module_preset=\u00bbdefault\u00bb global_colors_info=\u00bb{}\u00bb][et_pb_text admin_label=\u00bbWHEN AND WHERE\u00bb _builder_version=\u00bb4.23.1&#8243; _module_preset=\u00bbdefault\u00bb global_colors_info=\u00bb{}\u00bb]<\/p>\n<p><em>Lee atentamente esta p\u00e1gina para obtener informaci\u00f3n importante acerca del pr\u00f3ximo evento. Consulta esta informaci\u00f3n para planificar tu asistencia.<\/em><\/p>\n<p>&nbsp;<\/p>\n<h4>CU\u00c1NDO Y D\u00d3NDE<\/h4>\n<p><strong>Fecha:<\/strong> <span style=\"font-weight: 400;\">S\u00e1bado 16 de marzo 2024<\/span><\/p>\n<p><strong>Hora:<\/strong> <span style=\"font-weight: 400;\">el evento comenzar\u00e1 a las 3:00 pm UYT (hora local de Uruguay). Las puertas del lobby abrir\u00e1n a la 1:00 pm. La hora de finalizaci\u00f3n es alrededor de las 4:30 pm UYT.<\/span><\/p>\n<p><strong>Lugar: <span style=\"font-weight: 400;\"><a href=\"https:\/\/centrodeconvenciones.com.uy\/complejo\/\" target=\"_blank\" rel=\"noopener\">Punta del Este Centro de Convenciones<\/a><\/span><span style=\"font-weight: 400;\">, Av. Pedragosa Sierra S\/N corner Av. Aparicio Saravia, Punta del Este, Uruguay<\/span><\/strong><\/p>\n<p><a href=\"https:\/\/centrodeconvenciones.com.uy\/destino\/\" target=\"_blank\" rel=\"noopener\"><span style=\"font-weight: 400;\">Indicaciones, estacionamiento y transporte p\u00fablico<\/span><\/a><\/p>\n<p>[\/et_pb_text][et_pb_text admin_label=\u00bbWHO IS INVITED\u00bb _builder_version=\u00bb4.23.1&#8243; _module_preset=\u00bbdefault\u00bb global_colors_info=\u00bb{}\u00bb]<\/p>\n<h4>QUI\u00c9N EST\u00c1 INVITADO<\/h4>\n<p><span style=\"font-weight: 400;\">Esta invitaci\u00f3n se extiende a todos aquellos que han aprendido <\/span><a href=\"https:\/\/www.premrawat.com\/self-knowledge\/\"><span style=\"font-weight: 400;\">las t\u00e9cnicas del Conocimiento<\/span><\/a><span style=\"font-weight: 400;\">.\u00a0<\/span><\/p>\n<p><span style=\"font-weight: 400;\">Por favor concurre al evento con tu Smart Card.<\/span><\/p>\n<p>[\/et_pb_text][et_pb_text admin_label=\u00bbPURCHASE OF TICKETS\u00bb _builder_version=\u00bb4.23.1&#8243; _module_preset=\u00bbdefault\u00bb global_colors_info=\u00bb{}\u00bb]<\/p>\n<h4>ENTRADAS<\/h4>\n<p><strong>La venta de entradas comenzar\u00e1 el viernes 1 de marzo a las 12:00 del mediod\u00eda UYT (hora local de Uruguay).<\/strong><\/p>\n<p><span style=\"font-weight: 400;\">Al ingresar al auditorio, recuerda tener a la vista tu Smart Card y tu entrada impresa o electr\u00f3nica con el c\u00f3digo de barras visible en el tel\u00e9fono m\u00f3vil.<\/span><\/p>\n<p><span style=\"font-weight: 400;\">Si por cualquier motivo no puedes comprar entradas, comun\u00edcate con <\/span><a href=\"mailto:%20punta24@palabrasdepaz.com.uy\"><i><span style=\"font-weight: 400;\">punta24@palabrasdepaz.com.uy<\/span><\/i><\/a><\/p>\n<p><b>Costo de las entradas<\/b><\/p>\n<ul>\n<li style=\"list-style-type: none;\">\n<ul>\n<li><span style=\"font-weight: 400;\">6.000 pesos uruguayos (UYU)\u00a0 + comisi\u00f3n de la agencia de venta de entradas<\/span><\/li>\n<li><span style=\"font-weight: 400;\">2.700 pesos uruguayos (UYU)\u00a0 + comisi\u00f3n de la agencia de venta de entradas<\/span><\/li>\n<li><span style=\"font-weight: 400;\">800 pesos uruguayos (UYU)\u00a0 + comisi\u00f3n de la agencia de venta de entradas<\/span><\/li>\n<\/ul>\n<\/li>\n<\/ul>\n<p><span style=\"font-weight: 400;\">Cada persona podr\u00e1 adquirir <\/span><b>3 entradas<\/b><span style=\"font-weight: 400;\">. Por favor, compra \u00fanicamente las entradas que sabes que ser\u00e1n utilizadas.<\/span><\/p>\n<p><b>No habr\u00e1 reembolsos<\/b><span style=\"font-weight: 400;\">.<\/span><\/p>\n<p>[\/et_pb_text][et_pb_button button_url=\u00bbhttps:\/\/accesofacil.com\/Prem-Rawat-en-Punta-del-Este\/registerToEvent\u00bb url_new_window=\u00bbon\u00bb button_text=\u00bbCompra de entradas\u00bb button_alignment=\u00bbcenter\u00bb disabled_on=\u00bboff|off|off\u00bb admin_label=\u00bbPurchase button\u00bb _builder_version=\u00bb4.23.1&#8243; _module_preset=\u00bbdefault\u00bb custom_button=\u00bbon\u00bb button_bg_color=\u00bb#008B73&#8243; button_border_width=\u00bb0px\u00bb button_border_radius=\u00bb8px\u00bb background_layout=\u00bbdark\u00bb custom_padding=\u00bb10px|49px|10px|49px|true|true\u00bb hover_enabled=\u00bb0&#8243; global_colors_info=\u00bb{}\u00bb sticky_enabled=\u00bb0&#8243;][\/et_pb_button][et_pb_button button_url=\u00bb#\u00bb button_text=\u00bbEntradas agotadas\u00bb button_alignment=\u00bbcenter\u00bb disabled_on=\u00bbon|on|on\u00bb admin_label=\u00bbSold Out button\u00bb _builder_version=\u00bb4.21.0&#8243; _module_preset=\u00bbdefault\u00bb custom_button=\u00bbon\u00bb button_bg_color=\u00bb#E02B20&#8243; button_border_width=\u00bb0px\u00bb button_border_radius=\u00bb8px\u00bb background_layout=\u00bbdark\u00bb custom_padding=\u00bb10px|58px|10px|58px|true|true\u00bb disabled=\u00bbon\u00bb global_colors_info=\u00bb{}\u00bb][\/et_pb_button][et_pb_button button_url=\u00bb#soon\u00bb button_text=\u00bbEntradas pronto disponibles\u00bb button_alignment=\u00bbcenter\u00bb disabled_on=\u00bbon|on|on\u00bb admin_label=\u00bbSoon Available button\u00bb module_id=\u00bbsoon\u00bb _builder_version=\u00bb4.23.1&#8243; _module_preset=\u00bbdefault\u00bb custom_button=\u00bbon\u00bb button_text_color=\u00bb#FFFFFF\u00bb button_bg_color=\u00bbRGBA(255,196,89,0.8)\u00bb button_border_width=\u00bb0px\u00bb button_border_radius=\u00bb8px\u00bb background_layout=\u00bbdark\u00bb custom_padding=\u00bb10px|30px|10px|30px|true|true\u00bb hover_enabled=\u00bb0&#8243; global_colors_info=\u00bb{}\u00bb disabled=\u00bbon\u00bb sticky_enabled=\u00bb0&#8243;][\/et_pb_button][et_pb_text _builder_version=\u00bb4.23.1&#8243; _module_preset=\u00bbdefault\u00bb text_orientation=\u00bbcenter\u00bb locked=\u00bboff\u00bb global_colors_info=\u00bb{}\u00bb]<\/p>\n<div class=\"et_pb_row et_pb_row_0\">\n<div class=\"et_pb_column et_pb_column_4_4 et_pb_column_0 et_pb_css_mix_blend_mode_passthrough et-last-child\">\n<div class=\"et_pb_module et_pb_text et_pb_text_0 et_pb_text_align_left et_pb_bg_layout_light\">\n<div class=\"et_pb_text_inner\" style=\"text-align: center;\"><i><span style=\"font-weight: 400;\">(una vez que las entradas est\u00e9n disponibles, presiona el bot\u00f3n de arriba para ir directamente a la p\u00e1gina)<\/span><\/i><\/div>\n<\/div>\n<\/div>\n<\/div>\n<p>[\/et_pb_text][et_pb_text admin_label=\u00bbDO NOT RECORD OR FILM THE EVENT\u00bb _builder_version=\u00bb4.23.1&#8243; _module_preset=\u00bbdefault\u00bb locked=\u00bboff\u00bb global_colors_info=\u00bb{}\u00bb]<\/p>\n<h4>NO EST\u00c1 PERMITIDO GRABAR NI FILMAR EL EVENTO<\/h4>\n<p><span style=\"font-weight: 400;\">La grabaci\u00f3n oficial tiene derechos de autor. A todo aquel que se encuentre realizando una grabaci\u00f3n se le solicitar\u00e1 no hacerlo. Si contin\u00faa, deber\u00e1 retirarse del auditorio.<\/span><\/p>\n<p><span style=\"font-weight: 400;\">El evento ser\u00e1 filmado. La compra de una entrada constituye tu aceptaci\u00f3n a ser filmado como as\u00ed tambi\u00e9n la autorizaci\u00f3n para que tu imagen\/voz sea incluida en prensa, redes sociales, fotograf\u00edas, audio y video. Al adquirir una entrada para otra persona, su asistencia al evento constituye igual acuerdo y autorizaci\u00f3n.<\/span><\/p>\n<p><b>Habr\u00e1 un control de seguridad al ingresar al edificio. No se permite el ingreso al auditorio con equipaje, mochilas o bolsos de gran tama\u00f1o.<\/b><\/p>\n<p><b><i>Nota<\/i><\/b><i><span style=\"font-weight: 400;\">: se recomienda no hacer preparativos de viaje hasta que hayas logrado comprar tus entradas, ya que el n\u00famero de personas que soliciten asientos puede superar la capacidad del auditorio.<\/span><\/i><\/p>\n<p><b>Viajeros del extranjero: <\/b><span style=\"font-weight: 400;\">no hay restricciones de viaje a Uruguay, sin embargo, te recomendamos comprobar la informaci\u00f3n acerca de cualquier norma vigente que pueda afectarte.<\/span><\/p>\n<p>[\/et_pb_text][et_pb_accordion open_toggle_background_color=\u00bbRGBA(255,255,255,0)\u00bb icon_color=\u00bb#008B73&#8243; use_icon_font_size=\u00bbon\u00bb icon_font_size=\u00bb20px\u00bb _builder_version=\u00bb4.23.1&#8243; _module_preset=\u00bbdefault\u00bb border_color_all=\u00bbRGBA(255,255,255,0)\u00bb border_color_bottom=\u00bb#008B73&#8243; global_colors_info=\u00bb{}\u00bb][et_pb_accordion_item title=\u00bbAYUDA PARA LA COMPRA DE ENTRADAS\u00bb open=\u00bbon\u00bb _builder_version=\u00bb4.23.1&#8243; _module_preset=\u00bbdefault\u00bb global_colors_info=\u00bb{}\u00bb]<\/p>\n<p><span style=\"font-weight: 400;\">Las entradas electr\u00f3nicas pueden comprarse tanto desde computadoras como desde dispositivos m\u00f3viles. Se recomienda vaciar el historial del navegador de internet antes de iniciar la compra.<\/span><\/p>\n<p><span style=\"font-weight: 400;\">Es posible que experimentes problemas durante el proceso de compra. La gran demanda puede generar el mensaje autom\u00e1tico \u201cno hay asientos disponibles\u201d, lo cual no significa que el evento est\u00e9 agotado.<\/span><\/p>\n<p><span style=\"font-weight: 400;\">Por favor considera lo siguiente:<\/span><\/p>\n<p>\u2013 chequea en <a href=\"http:\/\/www.wopg.org\">www.wopg.org<\/a> <span style=\"font-weight: 400;\">si el evento est\u00e1 agotado<\/span><br \/>\u2013 <span style=\"font-weight: 400;\">espera unos minutos y comienza nuevamente<\/span><br \/>\u2013 <span style=\"font-weight: 400;\">intenta desde otro dispositivo<\/span><br \/>\u2013 <span style=\"font-weight: 400;\">si no tienes \u00e9xito, env\u00eda un correo a<\/span>\u00a0<a href=\"mailto:%20punta24@palabrasdepaz.com.uy\"><i><span style=\"font-weight: 400;\">punta24@palabrasdepaz.com.uy<\/span><\/i><\/a><\/p>\n<p>[\/et_pb_accordion_item][et_pb_accordion_item title=\u00bbENTRADAS AGOTADAS\u00bb _builder_version=\u00bb4.23.1&#8243; _module_preset=\u00bbdefault\u00bb global_colors_info=\u00bb{}\u00bb open=\u00bboff\u00bb]<\/p>\n<p><span style=\"font-weight: 400;\">Si las entradas se han agotado cuando intentas hacer una compra, int\u00e9ntalo nuevamente en un par de horas, ya que las entradas que se han retenido pueden volver a estar disponibles. Si deseas obtener informaci\u00f3n acerca de posibles devoluciones, por favor comun\u00edcate con<\/span>\u00a0<a href=\"mailto:%20punta24@palabrasdepaz.com.uy\"><i><span style=\"font-weight: 400;\">punta24@palabrasdepaz.com.uy<\/span><\/i><\/a><\/p>\n<p><span style=\"font-weight: 400;\">Si no hay entradas devueltas, ser\u00e1s incluido en una lista de espera.<\/span><\/p>\n<p>[\/et_pb_accordion_item][et_pb_accordion_item title=\u00bbDEVOLUCI\u00d3N DE ENTRADAS SIN UTILIZAR\u00bb _builder_version=\u00bb4.23.1&#8243; _module_preset=\u00bbdefault\u00bb global_colors_info=\u00bb{}\u00bb open=\u00bboff\u00bb]<\/p>\n<p><span style=\"font-weight: 400;\">Si cambias de planes y tienes entradas disponibles, por favor env\u00eda la versi\u00f3n electr\u00f3nica de tu entrada a<\/span>\u00a0<a href=\"mailto:%20punta24@palabrasdepaz.com.uy\"><i><span style=\"font-weight: 400;\">punta24@palabrasdepaz.com.uy<\/span><\/i><\/a><\/p>\n<p><span style=\"font-weight: 400;\">Las entradas devueltas a esta direcci\u00f3n se asignar\u00e1n por orden de llegada a otras personas que deseen asistir al evento.<\/span><\/p>\n<p><span style=\"font-weight: 400;\">No habr\u00e1 reembolsos.<\/span><\/p>\n<p>[\/et_pb_accordion_item][et_pb_accordion_item title=\u00bbNECESIDADES ESPECIALES\u00bb _builder_version=\u00bb4.23.1&#8243; _module_preset=\u00bbdefault\u00bb global_colors_info=\u00bb{}\u00bb open=\u00bboff\u00bb]<\/p>\n<p><span style=\"font-weight: 400;\">Se ofrecer\u00e1 asistencia a personas en silla de ruedas.<\/span><\/p>\n<p><span style=\"font-weight: 400;\">Si encuentras dificultades para comprar un espacio para silla de ruedas o asiento para tu acompa\u00f1ante, por favor contacta a<\/span>\u00a0<a href=\"mailto:%20punta24@palabrasdepaz.com.uy\"><i>punta24@palabrasdepaz.com.uy<\/i><\/a><\/p>\n<p><span style=\"font-weight: 400;\">Si tienes discapacidad auditiva, habr\u00e1 disponible un canal en ingl\u00e9s en los auriculares de traducci\u00f3n. Habr\u00e1 auriculares disponibles en el lobby a cambio de un documento de identidad.<\/span><\/p>\n<p>[\/et_pb_accordion_item][et_pb_accordion_item title=\u00bbTRADUCCI\u00d3N\u00bb _builder_version=\u00bb4.23.1&#8243; _module_preset=\u00bbdefault\u00bb global_colors_info=\u00bb{}\u00bb open=\u00bboff\u00bb]<\/p>\n<p><span style=\"font-weight: 400;\">El evento ser\u00e1 en ingl\u00e9s. Habr\u00e1 traducci\u00f3n disponible al espa\u00f1ol.<\/span><\/p>\n<p><span style=\"font-weight: 400;\">Los auriculares estar\u00e1n disponibles en el lobby a cambio de un documento de identidad.<\/span><\/p>\n<p>[\/et_pb_accordion_item][et_pb_accordion_item title=\u00bbEQUIPAJE\u00bb _builder_version=\u00bb4.23.1&#8243; _module_preset=\u00bbdefault\u00bb global_colors_info=\u00bb{}\u00bb open=\u00bboff\u00bb]<\/p>\n<p><span style=\"font-weight: 400;\">No se permite el ingreso de equipaje, mochilas o bolsos de gran tama\u00f1o al interior de la sala.<\/span><\/p>\n<p><span style=\"font-weight: 400;\">No hay guardarropa disponible en el lugar del evento.<\/span><\/p>\n<p>[\/et_pb_accordion_item][et_pb_accordion_item title=\u00bbAYUDA\u00bb _builder_version=\u00bb4.23.1&#8243; _module_preset=\u00bbdefault\u00bb global_colors_info=\u00bb{}\u00bb open=\u00bboff\u00bb]<\/p>\n<p><span style=\"font-weight: 400;\">\u00bfNecesitas ayuda?<\/span><\/p>\n<p><span style=\"font-weight: 400;\">Contacta a<\/span>\u00a0<a href=\"mailto:%20punta24@palabrasdepaz.com.uy\"><i>punta24@palabrasdepaz.com.uy<\/i><\/a><\/p>\n<p>[\/et_pb_accordion_item][\/et_pb_accordion][\/et_pb_column][\/et_pb_row][et_pb_row _builder_version=\u00bb4.21.0&#8243; _module_preset=\u00bbdefault\u00bb global_colors_info=\u00bb{}\u00bb][et_pb_column type=\u00bb4_4&#8243; _builder_version=\u00bb4.21.0&#8243; _module_preset=\u00bbdefault\u00bb global_colors_info=\u00bb{}\u00bb][et_pb_text admin_label=\u00bbSign up here\u00bb _builder_version=\u00bb4.23.1&#8243; _module_preset=\u00bbdefault\u00bb global_colors_info=\u00bb{}\u00bb]<\/p>\n<p><em>Para recibir anuncios y actualizaciones sobre futuros eventos con Prem Rawat, aseg\u00farate de estar suscrito a la lista de WOPG con tu correo electr\u00f3nico y pa\u00eds de residencia. Inscr\u00edbete aqu\u00ed.<\/em><\/p>\n<p>[\/et_pb_text][\/et_pb_column][\/et_pb_row][\/et_pb_section]<\/p>\n","protected":false},"excerpt":{"rendered":"<p>Imagen por cortes\u00eda de TimelessToday Lee atentamente esta p\u00e1gina para obtener informaci\u00f3n importante acerca del pr\u00f3ximo evento. Consulta esta informaci\u00f3n para planificar tu asistencia. &nbsp; CU\u00c1NDO Y D\u00d3NDE Fecha: S\u00e1bado 16 de marzo 2024 Hora: el evento comenzar\u00e1 a las 3:00 pm UYT (hora local de Uruguay). Las puertas del lobby abrir\u00e1n a la 1:00 [&hellip;]<\/p>\n","protected":false},"author":3,"featured_media":29041,"comment_status":"closed","ping_status":"closed","sticky":false,"template":"","format":"standard","meta":{"_et_pb_use_builder":"on","_et_pb_old_content":"","_et_gb_content_width":"","cybocfi_hide_featured_image":"","footnotes":""},"categories":[74],"tags":[],"post_folder":[],"class_list":["post-29051","post","type-post","status-publish","format-standard","has-post-thumbnail","hentry","category-recent"],"yoast_head":"<!-- This site is optimized with the Yoast SEO plugin v27.3 - https:\/\/yoast.com\/product\/yoast-seo-wordpress\/ -->\n<title>16 de marzo - Prem Rawat en Punta del Este, Uruguay | Words of Peace<\/title>\n<meta name=\"robots\" content=\"index, follow, max-snippet:-1, max-image-preview:large, max-video-preview:-1\" \/>\n<link rel=\"canonical\" href=\"https:\/\/www.wopg.org\/es\/16-de-marzo-prem-rawat-en-punta-del-este-uruguay\/\" \/>\n<meta property=\"og:locale\" content=\"es_ES\" \/>\n<meta property=\"og:type\" content=\"article\" \/>\n<meta property=\"og:title\" content=\"16 de marzo - Prem Rawat en Punta del Este, Uruguay | Words of Peace\" \/>\n<meta property=\"og:description\" content=\"Imagen por cortes\u00eda de TimelessToday Lee atentamente esta p\u00e1gina para obtener informaci\u00f3n importante acerca del pr\u00f3ximo evento. Consulta esta informaci\u00f3n para planificar tu asistencia. &nbsp; CU\u00c1NDO Y D\u00d3NDE Fecha: S\u00e1bado 16 de marzo 2024 Hora: el evento comenzar\u00e1 a las 3:00 pm UYT (hora local de Uruguay). Las puertas del lobby abrir\u00e1n a la 1:00 [&hellip;]\" \/>\n<meta property=\"og:url\" content=\"https:\/\/www.wopg.org\/es\/16-de-marzo-prem-rawat-en-punta-del-este-uruguay\/\" \/>\n<meta property=\"og:site_name\" content=\"Words of Peace\" \/>\n<meta property=\"article:publisher\" content=\"https:\/\/www.facebook.com\/wordsofpeaceglobal\" \/>\n<meta property=\"article:published_time\" content=\"2024-02-23T20:18:23+00:00\" \/>\n<meta property=\"article:modified_time\" content=\"2024-03-01T14:59:38+00:00\" \/>\n<meta property=\"og:image\" content=\"https:\/\/eadn-wc03-5903292.nxedge.io\/wp-content\/uploads\/2024\/02\/220403_Kolkata_NIS_gs_096_1080x608.webp\" \/>\n\t<meta property=\"og:image:width\" content=\"1080\" \/>\n\t<meta property=\"og:image:height\" content=\"608\" \/>\n\t<meta property=\"og:image:type\" content=\"image\/webp\" \/>\n<meta name=\"author\" content=\"Carmine\" \/>\n<meta name=\"twitter:card\" content=\"summary_large_image\" \/>\n<meta name=\"twitter:creator\" content=\"@wopg\" \/>\n<meta name=\"twitter:site\" content=\"@wopg\" \/>\n<meta name=\"twitter:label1\" content=\"Escrito por\" \/>\n\t<meta name=\"twitter:data1\" content=\"Carmine\" \/>\n\t<meta name=\"twitter:label2\" content=\"Tiempo de lectura\" \/>\n\t<meta name=\"twitter:data2\" content=\"8 minutos\" \/>\n<script type=\"application\/ld+json\" class=\"yoast-schema-graph\">{\"@context\":\"https:\\\/\\\/schema.org\",\"@graph\":[{\"@type\":\"Article\",\"@id\":\"https:\\\/\\\/www.wopg.org\\\/es\\\/16-de-marzo-prem-rawat-en-punta-del-este-uruguay\\\/#article\",\"isPartOf\":{\"@id\":\"https:\\\/\\\/www.wopg.org\\\/es\\\/16-de-marzo-prem-rawat-en-punta-del-este-uruguay\\\/\"},\"author\":{\"name\":\"Carmine\",\"@id\":\"https:\\\/\\\/www.wopg.org\\\/es\\\/#\\\/schema\\\/person\\\/d3d11db72a0ccdab996f68053f8495f1\"},\"headline\":\"16 de marzo &#8211; Prem Rawat en Punta del Este, Uruguay\",\"datePublished\":\"2024-02-23T20:18:23+00:00\",\"dateModified\":\"2024-03-01T14:59:38+00:00\",\"mainEntityOfPage\":{\"@id\":\"https:\\\/\\\/www.wopg.org\\\/es\\\/16-de-marzo-prem-rawat-en-punta-del-este-uruguay\\\/\"},\"wordCount\":1686,\"publisher\":{\"@id\":\"https:\\\/\\\/www.wopg.org\\\/es\\\/#organization\"},\"image\":{\"@id\":\"https:\\\/\\\/www.wopg.org\\\/es\\\/16-de-marzo-prem-rawat-en-punta-del-este-uruguay\\\/#primaryimage\"},\"thumbnailUrl\":\"https:\\\/\\\/www.wopg.org\\\/wp-content\\\/uploads\\\/2024\\\/02\\\/220403_Kolkata_NIS_gs_096_1080x608.webp\",\"articleSection\":[\"Recent\"],\"inLanguage\":\"es\"},{\"@type\":\"WebPage\",\"@id\":\"https:\\\/\\\/www.wopg.org\\\/es\\\/16-de-marzo-prem-rawat-en-punta-del-este-uruguay\\\/\",\"url\":\"https:\\\/\\\/www.wopg.org\\\/es\\\/16-de-marzo-prem-rawat-en-punta-del-este-uruguay\\\/\",\"name\":\"16 de marzo - Prem Rawat en Punta del Este, Uruguay | Words of Peace\",\"isPartOf\":{\"@id\":\"https:\\\/\\\/www.wopg.org\\\/es\\\/#website\"},\"primaryImageOfPage\":{\"@id\":\"https:\\\/\\\/www.wopg.org\\\/es\\\/16-de-marzo-prem-rawat-en-punta-del-este-uruguay\\\/#primaryimage\"},\"image\":{\"@id\":\"https:\\\/\\\/www.wopg.org\\\/es\\\/16-de-marzo-prem-rawat-en-punta-del-este-uruguay\\\/#primaryimage\"},\"thumbnailUrl\":\"https:\\\/\\\/www.wopg.org\\\/wp-content\\\/uploads\\\/2024\\\/02\\\/220403_Kolkata_NIS_gs_096_1080x608.webp\",\"datePublished\":\"2024-02-23T20:18:23+00:00\",\"dateModified\":\"2024-03-01T14:59:38+00:00\",\"breadcrumb\":{\"@id\":\"https:\\\/\\\/www.wopg.org\\\/es\\\/16-de-marzo-prem-rawat-en-punta-del-este-uruguay\\\/#breadcrumb\"},\"inLanguage\":\"es\",\"potentialAction\":[{\"@type\":\"ReadAction\",\"target\":[\"https:\\\/\\\/www.wopg.org\\\/es\\\/16-de-marzo-prem-rawat-en-punta-del-este-uruguay\\\/\"]}]},{\"@type\":\"ImageObject\",\"inLanguage\":\"es\",\"@id\":\"https:\\\/\\\/www.wopg.org\\\/es\\\/16-de-marzo-prem-rawat-en-punta-del-este-uruguay\\\/#primaryimage\",\"url\":\"https:\\\/\\\/www.wopg.org\\\/wp-content\\\/uploads\\\/2024\\\/02\\\/220403_Kolkata_NIS_gs_096_1080x608.webp\",\"contentUrl\":\"https:\\\/\\\/www.wopg.org\\\/wp-content\\\/uploads\\\/2024\\\/02\\\/220403_Kolkata_NIS_gs_096_1080x608.webp\",\"width\":1080,\"height\":608},{\"@type\":\"BreadcrumbList\",\"@id\":\"https:\\\/\\\/www.wopg.org\\\/es\\\/16-de-marzo-prem-rawat-en-punta-del-este-uruguay\\\/#breadcrumb\",\"itemListElement\":[{\"@type\":\"ListItem\",\"position\":1,\"name\":\"Home\",\"item\":\"https:\\\/\\\/www.wopg.org\\\/es\\\/\"},{\"@type\":\"ListItem\",\"position\":2,\"name\":\"16 de marzo &#8211; Prem Rawat en Punta del Este, Uruguay\"}]},{\"@type\":\"WebSite\",\"@id\":\"https:\\\/\\\/www.wopg.org\\\/es\\\/#website\",\"url\":\"https:\\\/\\\/www.wopg.org\\\/es\\\/\",\"name\":\"Words of Peace\",\"description\":\"Practice Peace, Change Your World\",\"publisher\":{\"@id\":\"https:\\\/\\\/www.wopg.org\\\/es\\\/#organization\"},\"potentialAction\":[{\"@type\":\"SearchAction\",\"target\":{\"@type\":\"EntryPoint\",\"urlTemplate\":\"https:\\\/\\\/www.wopg.org\\\/es\\\/?s={search_term_string}\"},\"query-input\":{\"@type\":\"PropertyValueSpecification\",\"valueRequired\":true,\"valueName\":\"search_term_string\"}}],\"inLanguage\":\"es\"},{\"@type\":\"Organization\",\"@id\":\"https:\\\/\\\/www.wopg.org\\\/es\\\/#organization\",\"name\":\"Words of Peace\",\"url\":\"https:\\\/\\\/www.wopg.org\\\/es\\\/\",\"logo\":{\"@type\":\"ImageObject\",\"inLanguage\":\"es\",\"@id\":\"https:\\\/\\\/www.wopg.org\\\/es\\\/#\\\/schema\\\/logo\\\/image\\\/\",\"url\":\"https:\\\/\\\/wopg.org\\\/wp-content\\\/uploads\\\/2022\\\/02\\\/Words-of-Peace-logo-website61x252.png\",\"contentUrl\":\"https:\\\/\\\/wopg.org\\\/wp-content\\\/uploads\\\/2022\\\/02\\\/Words-of-Peace-logo-website61x252.png\",\"width\":252,\"height\":61,\"caption\":\"Words of Peace\"},\"image\":{\"@id\":\"https:\\\/\\\/www.wopg.org\\\/es\\\/#\\\/schema\\\/logo\\\/image\\\/\"},\"sameAs\":[\"https:\\\/\\\/www.facebook.com\\\/wordsofpeaceglobal\",\"https:\\\/\\\/x.com\\\/wopg\",\"https:\\\/\\\/www.instagram.com\\\/wopgofficial\\\/\"]},{\"@type\":\"Person\",\"@id\":\"https:\\\/\\\/www.wopg.org\\\/es\\\/#\\\/schema\\\/person\\\/d3d11db72a0ccdab996f68053f8495f1\",\"name\":\"Carmine\",\"image\":{\"@type\":\"ImageObject\",\"inLanguage\":\"es\",\"@id\":\"https:\\\/\\\/secure.gravatar.com\\\/avatar\\\/0d1627d54f68a11050bcb7910085c6f067e95a9d71dfc5de1025a4cf15cdfb19?s=96&d=mm&r=g\",\"url\":\"https:\\\/\\\/secure.gravatar.com\\\/avatar\\\/0d1627d54f68a11050bcb7910085c6f067e95a9d71dfc5de1025a4cf15cdfb19?s=96&d=mm&r=g\",\"contentUrl\":\"https:\\\/\\\/secure.gravatar.com\\\/avatar\\\/0d1627d54f68a11050bcb7910085c6f067e95a9d71dfc5de1025a4cf15cdfb19?s=96&d=mm&r=g\",\"caption\":\"Carmine\"},\"url\":\"https:\\\/\\\/www.wopg.org\\\/es\\\/author\\\/carmine\\\/\"}]}<\/script>\n<!-- \/ Yoast SEO plugin. -->","yoast_head_json":{"title":"16 de marzo - Prem Rawat en Punta del Este, Uruguay | Words of Peace","robots":{"index":"index","follow":"follow","max-snippet":"max-snippet:-1","max-image-preview":"max-image-preview:large","max-video-preview":"max-video-preview:-1"},"canonical":"https:\/\/www.wopg.org\/es\/16-de-marzo-prem-rawat-en-punta-del-este-uruguay\/","og_locale":"es_ES","og_type":"article","og_title":"16 de marzo - Prem Rawat en Punta del Este, Uruguay | Words of Peace","og_description":"Imagen por cortes\u00eda de TimelessToday Lee atentamente esta p\u00e1gina para obtener informaci\u00f3n importante acerca del pr\u00f3ximo evento. Consulta esta informaci\u00f3n para planificar tu asistencia. &nbsp; CU\u00c1NDO Y D\u00d3NDE Fecha: S\u00e1bado 16 de marzo 2024 Hora: el evento comenzar\u00e1 a las 3:00 pm UYT (hora local de Uruguay). Las puertas del lobby abrir\u00e1n a la 1:00 [&hellip;]","og_url":"https:\/\/www.wopg.org\/es\/16-de-marzo-prem-rawat-en-punta-del-este-uruguay\/","og_site_name":"Words of Peace","article_publisher":"https:\/\/www.facebook.com\/wordsofpeaceglobal","article_published_time":"2024-02-23T20:18:23+00:00","article_modified_time":"2024-03-01T14:59:38+00:00","og_image":[{"width":1080,"height":608,"url":"https:\/\/eadn-wc03-5903292.nxedge.io\/wp-content\/uploads\/2024\/02\/220403_Kolkata_NIS_gs_096_1080x608.webp","type":"image\/webp"}],"author":"Carmine","twitter_card":"summary_large_image","twitter_creator":"@wopg","twitter_site":"@wopg","twitter_misc":{"Escrito por":"Carmine","Tiempo de lectura":"8 minutos"},"schema":{"@context":"https:\/\/schema.org","@graph":[{"@type":"Article","@id":"https:\/\/www.wopg.org\/es\/16-de-marzo-prem-rawat-en-punta-del-este-uruguay\/#article","isPartOf":{"@id":"https:\/\/www.wopg.org\/es\/16-de-marzo-prem-rawat-en-punta-del-este-uruguay\/"},"author":{"name":"Carmine","@id":"https:\/\/www.wopg.org\/es\/#\/schema\/person\/d3d11db72a0ccdab996f68053f8495f1"},"headline":"16 de marzo &#8211; Prem Rawat en Punta del Este, Uruguay","datePublished":"2024-02-23T20:18:23+00:00","dateModified":"2024-03-01T14:59:38+00:00","mainEntityOfPage":{"@id":"https:\/\/www.wopg.org\/es\/16-de-marzo-prem-rawat-en-punta-del-este-uruguay\/"},"wordCount":1686,"publisher":{"@id":"https:\/\/www.wopg.org\/es\/#organization"},"image":{"@id":"https:\/\/www.wopg.org\/es\/16-de-marzo-prem-rawat-en-punta-del-este-uruguay\/#primaryimage"},"thumbnailUrl":"https:\/\/eadn-wc03-5903292.nxedge.io\/wp-content\/uploads\/2024\/02\/220403_Kolkata_NIS_gs_096_1080x608.webp","articleSection":["Recent"],"inLanguage":"es"},{"@type":"WebPage","@id":"https:\/\/www.wopg.org\/es\/16-de-marzo-prem-rawat-en-punta-del-este-uruguay\/","url":"https:\/\/www.wopg.org\/es\/16-de-marzo-prem-rawat-en-punta-del-este-uruguay\/","name":"16 de marzo - Prem Rawat en Punta del Este, Uruguay | Words of Peace","isPartOf":{"@id":"https:\/\/www.wopg.org\/es\/#website"},"primaryImageOfPage":{"@id":"https:\/\/www.wopg.org\/es\/16-de-marzo-prem-rawat-en-punta-del-este-uruguay\/#primaryimage"},"image":{"@id":"https:\/\/www.wopg.org\/es\/16-de-marzo-prem-rawat-en-punta-del-este-uruguay\/#primaryimage"},"thumbnailUrl":"https:\/\/eadn-wc03-5903292.nxedge.io\/wp-content\/uploads\/2024\/02\/220403_Kolkata_NIS_gs_096_1080x608.webp","datePublished":"2024-02-23T20:18:23+00:00","dateModified":"2024-03-01T14:59:38+00:00","breadcrumb":{"@id":"https:\/\/www.wopg.org\/es\/16-de-marzo-prem-rawat-en-punta-del-este-uruguay\/#breadcrumb"},"inLanguage":"es","potentialAction":[{"@type":"ReadAction","target":["https:\/\/www.wopg.org\/es\/16-de-marzo-prem-rawat-en-punta-del-este-uruguay\/"]}]},{"@type":"ImageObject","inLanguage":"es","@id":"https:\/\/www.wopg.org\/es\/16-de-marzo-prem-rawat-en-punta-del-este-uruguay\/#primaryimage","url":"https:\/\/eadn-wc03-5903292.nxedge.io\/wp-content\/uploads\/2024\/02\/220403_Kolkata_NIS_gs_096_1080x608.webp","contentUrl":"https:\/\/eadn-wc03-5903292.nxedge.io\/wp-content\/uploads\/2024\/02\/220403_Kolkata_NIS_gs_096_1080x608.webp","width":1080,"height":608},{"@type":"BreadcrumbList","@id":"https:\/\/www.wopg.org\/es\/16-de-marzo-prem-rawat-en-punta-del-este-uruguay\/#breadcrumb","itemListElement":[{"@type":"ListItem","position":1,"name":"Home","item":"https:\/\/www.wopg.org\/es\/"},{"@type":"ListItem","position":2,"name":"16 de marzo &#8211; Prem Rawat en Punta del Este, Uruguay"}]},{"@type":"WebSite","@id":"https:\/\/www.wopg.org\/es\/#website","url":"https:\/\/www.wopg.org\/es\/","name":"Words of Peace","description":"Practice Peace, Change Your World","publisher":{"@id":"https:\/\/www.wopg.org\/es\/#organization"},"potentialAction":[{"@type":"SearchAction","target":{"@type":"EntryPoint","urlTemplate":"https:\/\/www.wopg.org\/es\/?s={search_term_string}"},"query-input":{"@type":"PropertyValueSpecification","valueRequired":true,"valueName":"search_term_string"}}],"inLanguage":"es"},{"@type":"Organization","@id":"https:\/\/www.wopg.org\/es\/#organization","name":"Words of Peace","url":"https:\/\/www.wopg.org\/es\/","logo":{"@type":"ImageObject","inLanguage":"es","@id":"https:\/\/www.wopg.org\/es\/#\/schema\/logo\/image\/","url":"https:\/\/wopg.org\/wp-content\/uploads\/2022\/02\/Words-of-Peace-logo-website61x252.png","contentUrl":"https:\/\/wopg.org\/wp-content\/uploads\/2022\/02\/Words-of-Peace-logo-website61x252.png","width":252,"height":61,"caption":"Words of Peace"},"image":{"@id":"https:\/\/www.wopg.org\/es\/#\/schema\/logo\/image\/"},"sameAs":["https:\/\/www.facebook.com\/wordsofpeaceglobal","https:\/\/x.com\/wopg","https:\/\/www.instagram.com\/wopgofficial\/"]},{"@type":"Person","@id":"https:\/\/www.wopg.org\/es\/#\/schema\/person\/d3d11db72a0ccdab996f68053f8495f1","name":"Carmine","image":{"@type":"ImageObject","inLanguage":"es","@id":"https:\/\/secure.gravatar.com\/avatar\/0d1627d54f68a11050bcb7910085c6f067e95a9d71dfc5de1025a4cf15cdfb19?s=96&d=mm&r=g","url":"https:\/\/secure.gravatar.com\/avatar\/0d1627d54f68a11050bcb7910085c6f067e95a9d71dfc5de1025a4cf15cdfb19?s=96&d=mm&r=g","contentUrl":"https:\/\/secure.gravatar.com\/avatar\/0d1627d54f68a11050bcb7910085c6f067e95a9d71dfc5de1025a4cf15cdfb19?s=96&d=mm&r=g","caption":"Carmine"},"url":"https:\/\/www.wopg.org\/es\/author\/carmine\/"}]}},"_links":{"self":[{"href":"https:\/\/www.wopg.org\/es\/wp-json\/wp\/v2\/posts\/29051","targetHints":{"allow":["GET"]}}],"collection":[{"href":"https:\/\/www.wopg.org\/es\/wp-json\/wp\/v2\/posts"}],"about":[{"href":"https:\/\/www.wopg.org\/es\/wp-json\/wp\/v2\/types\/post"}],"author":[{"embeddable":true,"href":"https:\/\/www.wopg.org\/es\/wp-json\/wp\/v2\/users\/3"}],"replies":[{"embeddable":true,"href":"https:\/\/www.wopg.org\/es\/wp-json\/wp\/v2\/comments?post=29051"}],"version-history":[{"count":40,"href":"https:\/\/www.wopg.org\/es\/wp-json\/wp\/v2\/posts\/29051\/revisions"}],"predecessor-version":[{"id":29213,"href":"https:\/\/www.wopg.org\/es\/wp-json\/wp\/v2\/posts\/29051\/revisions\/29213"}],"wp:featuredmedia":[{"embeddable":true,"href":"https:\/\/www.wopg.org\/es\/wp-json\/wp\/v2\/media\/29041"}],"wp:attachment":[{"href":"https:\/\/www.wopg.org\/es\/wp-json\/wp\/v2\/media?parent=29051"}],"wp:term":[{"taxonomy":"category","embeddable":true,"href":"https:\/\/www.wopg.org\/es\/wp-json\/wp\/v2\/categories?post=29051"},{"taxonomy":"post_tag","embeddable":true,"href":"https:\/\/www.wopg.org\/es\/wp-json\/wp\/v2\/tags?post=29051"},{"taxonomy":"post_folder","embeddable":true,"href":"https:\/\/www.wopg.org\/es\/wp-json\/wp\/v2\/post_folder?post=29051"}],"curies":[{"name":"wp","href":"https:\/\/api.w.org\/{rel}","templated":true}]}}