{"id":31913,"date":"2024-05-27T05:30:29","date_gmt":"2024-05-27T05:30:29","guid":{"rendered":"https:\/\/www.wopg.org\/?p=31913"},"modified":"2024-06-16T13:37:41","modified_gmt":"2024-06-16T13:37:41","slug":"15-de-junio-de-2024-prem-rawat-en-barcelona-barcelona-espana","status":"publish","type":"post","link":"https:\/\/www.wopg.org\/es\/15-de-junio-de-2024-prem-rawat-en-barcelona-barcelona-espana\/","title":{"rendered":"15 de junio de 2024 &#8211; \u201cPrem Rawat en Barcelona\u201d &#8211; Barcelona, Espa\u00f1a"},"content":{"rendered":"<p>[et_pb_section fb_built=\u00bb1&#8243; _builder_version=\u00bb4.17.4&#8243; _module_preset=\u00bbdefault\u00bb custom_margin=\u00bb-50px||||false|false\u00bb custom_padding=\u00bb0px||0px||false|false\u00bb global_colors_info=\u00bb{}\u00bb][et_pb_row _builder_version=\u00bb4.17.4&#8243; _module_preset=\u00bbdefault\u00bb custom_padding=\u00bb0px||||false|false\u00bb global_colors_info=\u00bb{}\u00bb][et_pb_column type=\u00bb4_4&#8243; _builder_version=\u00bb4.17.4&#8243; _module_preset=\u00bbdefault\u00bb global_colors_info=\u00bb{}\u00bb][et_pb_text _builder_version=\u00bb4.24.3&#8243; _module_preset=\u00bbdefault\u00bb global_colors_info=\u00bb{}\u00bb]<\/p>\n<h6 style=\"text-align: center;\">Foto por cortes\u00eda de TimelessToday<\/h6>\n<p>[\/et_pb_text][\/et_pb_column][\/et_pb_row][et_pb_row column_structure=\u00bb1_6,1_6,1_6,1_6,1_6,1_6&#8243; _builder_version=\u00bb4.24.3&#8243; _module_preset=\u00bbdefault\u00bb module_alignment=\u00bbcenter\u00bb custom_padding=\u00bb0px||||false|false\u00bb hover_enabled=\u00bb0&#8243; global_colors_info=\u00bb{}\u00bb disabled_on=\u00bbon|on|on\u00bb disabled=\u00bbon\u00bb sticky_enabled=\u00bb0&#8243;][et_pb_column type=\u00bb1_6&#8243; _builder_version=\u00bb4.24.3&#8243; _module_preset=\u00bbdefault\u00bb global_colors_info=\u00bb{}\u00bb][\/et_pb_column][et_pb_column type=\u00bb1_6&#8243; _builder_version=\u00bb4.24.3&#8243; _module_preset=\u00bbdefault\u00bb global_colors_info=\u00bb{}\u00bb][et_pb_button button_url=\u00bbhttps:\/\/www.wopg.org\/es\/15-de-junio-de-2024-prem-rawat-en-barcelona-barcelona-espana\/\u00bb button_text=\u00bbIngl\u00e9s\u00bb button_alignment=\u00bbcenter\u00bb _builder_version=\u00bb4.24.3&#8243; _module_preset=\u00bbdefault\u00bb custom_button=\u00bbon\u00bb button_text_size=\u00bb16px\u00bb button_text_color=\u00bb#008B73&#8243; button_bg_color=\u00bbRGBA(255,255,255,0)\u00bb button_border_width=\u00bb1px\u00bb button_border_color=\u00bb#008B73&#8243; button_border_radius=\u00bb5px\u00bb button_font=\u00bb|700|||||||\u00bb button_use_icon=\u00bboff\u00bb custom_padding=\u00bb0px||0px||false|false\u00bb global_colors_info=\u00bb{}\u00bb button_bg_color__hover=\u00bbRGBA(0,139,115,0.65)\u00bb button_bg_color__hover_enabled=\u00bbon|hover\u00bb][\/et_pb_button][\/et_pb_column][et_pb_column type=\u00bb1_6&#8243; _builder_version=\u00bb4.24.3&#8243; _module_preset=\u00bbdefault\u00bb global_colors_info=\u00bb{}\u00bb][et_pb_button button_url=\u00bbhttps:\/\/www.wopg.org\/es\/15-de-junio-de-2024-prem-rawat-en-barcelona-barcelona-espana\/\u00bb button_text=\u00bbEspa\u00f1ol\u00bb button_alignment=\u00bbcenter\u00bb _builder_version=\u00bb4.24.3&#8243; _module_preset=\u00bbdefault\u00bb custom_button=\u00bbon\u00bb button_text_size=\u00bb16px\u00bb button_text_color=\u00bb#008B73&#8243; button_bg_color=\u00bbRGBA(255,255,255,0)\u00bb button_border_width=\u00bb1px\u00bb button_border_color=\u00bb#008B73&#8243; button_border_radius=\u00bb5px\u00bb button_font=\u00bb|700|||||||\u00bb button_use_icon=\u00bboff\u00bb custom_padding=\u00bb0px||0px||false|false\u00bb locked=\u00bboff\u00bb global_colors_info=\u00bb{}\u00bb button_bg_color__hover=\u00bbRGBA(0,139,115,0.65)\u00bb button_bg_color__hover_enabled=\u00bbon|hover\u00bb][\/et_pb_button][\/et_pb_column][et_pb_column type=\u00bb1_6&#8243; _builder_version=\u00bb4.24.3&#8243; _module_preset=\u00bbdefault\u00bb global_colors_info=\u00bb{}\u00bb][et_pb_button button_url=\u00bbhttps:\/\/www.wopg.org\/es\/15-de-junio-de-2024-prem-rawat-en-barcelona-barcelona-espana\/\u00bb button_text=\u00bbFranc\u00e9s\u00bb button_alignment=\u00bbcenter\u00bb _builder_version=\u00bb4.24.3&#8243; _module_preset=\u00bbdefault\u00bb custom_button=\u00bbon\u00bb button_text_size=\u00bb16px\u00bb button_text_color=\u00bb#008B73&#8243; button_bg_color=\u00bbRGBA(255,255,255,0)\u00bb button_border_width=\u00bb1px\u00bb button_border_color=\u00bb#008B73&#8243; button_border_radius=\u00bb5px\u00bb button_font=\u00bb|700|||||||\u00bb button_use_icon=\u00bboff\u00bb custom_padding=\u00bb0px||0px||false|false\u00bb global_colors_info=\u00bb{}\u00bb button_bg_color__hover_enabled=\u00bbon|hover\u00bb button_bg_color__hover=\u00bbRGBA(0,139,115,0.65)\u00bb button_bg_enable_color__hover=\u00bbon\u00bb][\/et_pb_button][\/et_pb_column][et_pb_column type=\u00bb1_6&#8243; _builder_version=\u00bb4.24.3&#8243; _module_preset=\u00bbdefault\u00bb global_colors_info=\u00bb{}\u00bb][et_pb_button button_url=\u00bbhttps:\/\/www.wopg.org\/es\/15-de-junio-de-2024-prem-rawat-en-barcelona-barcelona-espana\/\u00bb button_text=\u00bbPortugu\u00e9s\u00bb button_alignment=\u00bbcenter\u00bb disabled_on=\u00bboff|off|off\u00bb _builder_version=\u00bb4.24.3&#8243; _module_preset=\u00bbdefault\u00bb custom_button=\u00bbon\u00bb button_text_size=\u00bb16px\u00bb button_text_color=\u00bb#008B73&#8243; button_bg_color=\u00bbRGBA(255,255,255,0)\u00bb button_border_width=\u00bb1px\u00bb button_border_color=\u00bb#008B73&#8243; button_border_radius=\u00bb5px\u00bb button_font=\u00bb|700|||||||\u00bb button_use_icon=\u00bboff\u00bb custom_padding=\u00bb0px||0px||false|false\u00bb global_colors_info=\u00bb{}\u00bb button_bg_color__hover=\u00bbRGBA(0,139,115,0.65)\u00bb button_bg_color__hover_enabled=\u00bbon|hover\u00bb][\/et_pb_button][\/et_pb_column][et_pb_column type=\u00bb1_6&#8243; _builder_version=\u00bb4.24.3&#8243; _module_preset=\u00bbdefault\u00bb global_colors_info=\u00bb{}\u00bb][\/et_pb_column][\/et_pb_row][\/et_pb_section][et_pb_section fb_built=\u00bb1&#8243; disabled_on=\u00bboff|off|off\u00bb admin_label=\u00bbFull event details\u00bb _builder_version=\u00bb4.23.1&#8243; _module_preset=\u00bbdefault\u00bb locked=\u00bboff\u00bb collapsed=\u00bboff\u00bb global_colors_info=\u00bb{}\u00bb][et_pb_row _builder_version=\u00bb4.21.0&#8243; _module_preset=\u00bbdefault\u00bb custom_padding=\u00bb0px||||false|false\u00bb custom_css_main_element=\u00bbdisplay: flex;||flex-wrap: wrap;||justify-content: center;\u00bb global_colors_info=\u00bb{}\u00bb][et_pb_column type=\u00bb4_4&#8243; _builder_version=\u00bb4.21.0&#8243; _module_preset=\u00bbdefault\u00bb global_colors_info=\u00bb{}\u00bb][et_pb_text admin_label=\u00bbWHEN AND WHERE\u00bb _builder_version=\u00bb4.24.3&#8243; _module_preset=\u00bbdefault\u00bb global_colors_info=\u00bb{}\u00bb]<\/p>\n<p><em><i><span style=\"font-weight: 400;\">Lee cuidadosamente esta p\u00e1gina para obtener informaci\u00f3n importante sobre el pr\u00f3ximo evento. Consulta esta informaci\u00f3n cuando planifiques tu asistencia<\/span><\/i>.<\/em><\/p>\n<p>&nbsp;<\/p>\n<h4>CU\u00c1NDO Y D\u00d3NDE<\/h4>\n<p><strong>Fecha:<\/strong> s<span style=\"font-weight: 400;\">\u00e1bado, 15 de junio de 2024<\/span><\/p>\n<p><strong>Hora:<\/strong> <span style=\"font-weight: 400;\">el evento comenzar\u00e1 a las 5 pm CEST. Las puertas del lobby se abrir\u00e1n a las 3.30 pm. La hora aproximada de finalizaci\u00f3n es 7 pm<\/span><\/p>\n<p><strong>Auditorio<\/strong> <a href=\"https:\/\/www.catalunyacongresscenter.com\/es\" target=\"_blank\" rel=\"noopener\"><span style=\"font-weight: 400;\">Palau de Congressos de Catalunya<\/span><\/a><\/p>\n<p><strong>Direcci\u00f3n:<\/strong> <span style=\"font-weight: 400;\">Avda. Diagonal, 661*671, Les Corts, 08028 Barcelona.<\/span><\/p>\n<p><a href=\"https:\/\/www.catalunyacongresscenter.com\/es\/barcelona\/como-llegar\" target=\"_blank\" rel=\"noopener\">Direciones, Parking y trasporte p\u00fablico <\/a><\/p>\n<p>[\/et_pb_text][et_pb_text admin_label=\u00bbWHO IS INVITED\u00bb _builder_version=\u00bb4.24.3&#8243; _module_preset=\u00bbdefault\u00bb global_colors_info=\u00bb{}\u00bb]<\/p>\n<h4>QUI\u00c9N EST\u00c1 INVITADO<\/h4>\n<p><span style=\"font-weight: 400;\">Todas las personas interesadas en el mensaje de Prem Rawat son bienvenidas<\/span>.<\/p>\n<p>[\/et_pb_text][et_pb_text admin_label=\u00bbWHO IS INVITED &#8211; CHILDREN\u00bb _builder_version=\u00bb4.24.3&#8243; _module_preset=\u00bbdefault\u00bb global_colors_info=\u00bb{}\u00bb]<\/p>\n<h4>NI\u00d1OS<\/h4>\n<p><span style=\"font-weight: 400;\">Este evento no es apropiado para ni\u00f1os menores de 10 a\u00f1os<\/span>.<\/p>\n<p>[\/et_pb_text][et_pb_text admin_label=\u00bbPURCHASE OF TICKETS\u00bb _builder_version=\u00bb4.24.3&#8243; _module_preset=\u00bbdefault\u00bb global_colors_info=\u00bb{}\u00bb]<\/p>\n<h4>ENTRADAS<\/h4>\n<p><strong><b>La venta de entradas se abrir\u00e1 el 3 de junio a las 6 pm CEST<\/b><\/strong>.<\/p>\n<p><span style=\"font-weight: 400;\">Al ingresar al auditorio, recuerda tener a la vista tu entrada impresa o entrada electr\u00f3nica con el c\u00f3digo de barras visible<\/span>.<\/p>\n<p><span style=\"font-weight: 400;\">Si por cualquier raz\u00f3n no has podido comprar tu entrada, puedes contactar a<\/span> <a href=\"mailto:help.barcelonaevent@gmail.com\"><span style=\"font-weight: 400;\">help.barcelonaevent@gmail.com<\/span><\/a>.<\/p>\n<p><strong><b>Costo de las entradas<\/b><\/strong><\/p>\n<ul>\n<li style=\"list-style-type: none;\">\n<ul>\n<li><span style=\"font-weight: 400;\">120 euros<\/span> + <span style=\"font-weight: 400;\">comisi\u00f3n de la agencia de ventas<\/span><\/li>\n<li><span style=\"font-weight: 400;\">100 euros<\/span> + <span style=\"font-weight: 400;\">comisi\u00f3n de la agencia de ventas<\/span><\/li>\n<li><span style=\"font-weight: 400;\">80 euros<\/span> + <span style=\"font-weight: 400;\">comisi\u00f3n de la agencia de ventas<\/span><\/li>\n<li><span style=\"font-weight: 400;\">50 euros<\/span> + <span style=\"font-weight: 400;\">comisi\u00f3n de la agencia de ventas<\/span><\/li>\n<li><span style=\"font-weight: 400;\">20 euros<\/span> + <span style=\"font-weight: 400;\">comisi\u00f3n de la agencia de ventas<\/span><\/li>\n<\/ul>\n<\/li>\n<\/ul>\n<p><span style=\"font-weight: 400;\">Cada persona podr\u00e1 adquirir<\/span> <strong>4 entradas<\/strong>. <span style=\"font-weight: 400;\">Te solicitamos, sin embargo, comprar s\u00f3lo aquellas que ser\u00e1n utilizadas<\/span>.<\/p>\n<p><strong><b>No habr\u00e1 reembolso por devoluciones<\/b><\/strong>.<\/p>\n<p>[\/et_pb_text][et_pb_button button_url=\u00bbhttps:\/\/www.entradas.com\/artist\/prem-rawat\/\u00bb url_new_window=\u00bbon\u00bb button_text=\u00bbCompra de entradas\u00bb button_alignment=\u00bbcenter\u00bb disabled_on=\u00bboff|off|off\u00bb admin_label=\u00bbPurchase button\u00bb _builder_version=\u00bb4.24.3&#8243; _module_preset=\u00bbdefault\u00bb custom_button=\u00bbon\u00bb button_bg_color=\u00bb#008B73&#8243; button_border_width=\u00bb0px\u00bb button_border_radius=\u00bb8px\u00bb background_layout=\u00bbdark\u00bb custom_padding=\u00bb10px|49px|10px|49px|true|true\u00bb global_colors_info=\u00bb{}\u00bb][\/et_pb_button][et_pb_button button_url=\u00bb#\u00bb button_text=\u00bb\u00bfENTRADAS AGOTADAS?\u00bb button_alignment=\u00bbcenter\u00bb disabled_on=\u00bbon|on|on\u00bb admin_label=\u00bbSold Out button\u00bb _builder_version=\u00bb4.21.0&#8243; _module_preset=\u00bbdefault\u00bb custom_button=\u00bbon\u00bb button_bg_color=\u00bb#E02B20&#8243; button_border_width=\u00bb0px\u00bb button_border_radius=\u00bb8px\u00bb background_layout=\u00bbdark\u00bb custom_padding=\u00bb10px|58px|10px|58px|true|true\u00bb disabled=\u00bbon\u00bb global_colors_info=\u00bb{}\u00bb][\/et_pb_button][et_pb_button button_url=\u00bb#pr\u00f3ximamente\u00bb button_text=\u00bbEntradas pr\u00f3ximamente disponibles\u00bb button_alignment=\u00bbcenter\u00bb disabled_on=\u00bbon|on|on\u00bb admin_label=\u00bbSoon Available button\u00bb module_id=\u00bbsoon\u00bb _builder_version=\u00bb4.24.3&#8243; _module_preset=\u00bbdefault\u00bb custom_button=\u00bbon\u00bb button_text_color=\u00bb#FFFFFF\u00bb button_bg_color=\u00bbRGBA(255,196,89,0.8)\u00bb button_border_width=\u00bb0px\u00bb button_border_radius=\u00bb8px\u00bb background_layout=\u00bbdark\u00bb custom_padding=\u00bb10px|30px|10px|30px|true|true\u00bb disabled=\u00bbon\u00bb global_colors_info=\u00bb{}\u00bb][\/et_pb_button][et_pb_text _builder_version=\u00bb4.24.3&#8243; _module_preset=\u00bbdefault\u00bb text_orientation=\u00bbcenter\u00bb locked=\u00bboff\u00bb global_colors_info=\u00bb{}\u00bb]<\/p>\n<div class=\"et_pb_row et_pb_row_0\">\n<div class=\"et_pb_column et_pb_column_4_4 et_pb_column_0 et_pb_css_mix_blend_mode_passthrough et-last-child\">\n<div class=\"et_pb_module et_pb_text et_pb_text_0 et_pb_text_align_left et_pb_bg_layout_light\">\n<div class=\"et_pb_text_inner\" style=\"text-align: center;\"><em>(<i><span style=\"font-weight: 400;\">una vez iniciada la venta de entradas, pulsa el bot\u00f3n de arriba para acceder directamente<\/span><\/i>)<\/em><\/div>\n<\/div>\n<\/div>\n<\/div>\n<p>[\/et_pb_text][et_pb_text admin_label=\u00bbDO NOT RECORD OR FILM THE EVENT\u00bb _builder_version=\u00bb4.24.3&#8243; _module_preset=\u00bbdefault\u00bb locked=\u00bboff\u00bb global_colors_info=\u00bb{}\u00bb]<\/p>\n<h4><span style=\"font-weight: 400;\">NO EST\u00c1 PERMITIDO GRABAR O FILMAR ESTE EVENTO<\/span><\/h4>\n<p><span style=\"font-weight: 400;\">La grabaci\u00f3n oficial tiene derechos de autor. A todo aquel que se encuentre realizando una grabaci\u00f3n se le solicitar\u00e1 no hacerlo. Si contin\u00faa, deber\u00e1 retirarse del auditorio<\/span>.<\/p>\n<p><span style=\"font-weight: 400;\">El evento ser\u00e1 filmado. La compra de una entrada constituye tanto tu aceptaci\u00f3n a ser filmado como as\u00ed tambi\u00e9n la autorizaci\u00f3n para que tu imagen\/voz sea incluida en impresiones, redes sociales, fotograf\u00edas, audio y video. Al adquirir una entrada para otra<\/span> <span style=\"font-weight: 400;\">persona, la misma se compromete a id\u00e9ntico acuerdo y autorizaci\u00f3n al asistir al evento<\/span>.<\/p>\n<p><strong><b>Habr\u00e1 un control de seguridad al ingresar al edificio. No se permite el ingreso al auditorio con equipaje, mochilas o bolsos de gran tama\u00f1o<\/b><\/strong>.<\/p>\n<p><em><strong><b><i>Nota:<\/i><\/b><\/strong> Te recomendamos no hacer preparativos de viaje hasta que hayas comprado correctamente tus entradas, ya que el n\u00famero de personas que soliciten asientos puede superar la capacidad del auditorio<\/em>.<\/p>\n<p><b>Viajeros del extranjero<\/b>: n<span style=\"font-weight: 400;\">o hay restricciones para viajar a Espa\u00f1a, sin embargo, te aconsejamos consultar las normas y restricciones de viaje vigentes que podr\u00edan afectarte<\/span>.<\/p>\n<p>[\/et_pb_text][et_pb_accordion open_toggle_background_color=\u00bbRGBA(255,255,255,0)\u00bb icon_color=\u00bb#008B73&#8243; use_icon_font_size=\u00bbon\u00bb icon_font_size=\u00bb20px\u00bb _builder_version=\u00bb4.24.3&#8243; _module_preset=\u00bbdefault\u00bb border_color_all=\u00bbRGBA(255,255,255,0)\u00bb border_color_bottom=\u00bb#008B73&#8243; global_colors_info=\u00bb{}\u00bb][et_pb_accordion_item title=\u00bbAYUDA PARA COMPRA DE ENTRADAS\u00bb open=\u00bbon\u00bb _builder_version=\u00bb4.24.3&#8243; _module_preset=\u00bbdefault\u00bb global_colors_info=\u00bb{}\u00bb]<\/p>\n<p><span style=\"font-weight: 400;\">Las entradas online pueden comprarse tanto desde computadoras como desde dispositivos m\u00f3viles. Se recomienda vaciar el historial del navegador de internet antes de iniciar la compra<\/span>.<\/p>\n<p>Antes de que comience la venta de entradas te recomendamos chequear cu\u00e1l de las siguientes opciones te corresponde: Opci\u00f3n 1 \u00abSoy cliente de <a href=\"http:\/\/entradas.com\" target=\"_blank\" rel=\"noopener\">entradas.com<\/a>\u00bb (significa que ya tienes una cuenta en el sistema); Opci\u00f3n 2 \u00abRegistro r\u00e1pido\u00bb (s\u00f3lo por correo electr\u00f3nico); u Opci\u00f3n 3 \u00abCrear nueva cuenta\u00bb.<\/p>\n<p><span style=\"font-weight: 400;\">Quiz\u00e1 experimentes problemas durante el proceso de compra. La gran demanda puede generar el mensaje autom\u00e1tico \u201cno hay asientos disponibles\u201d, lo cual no significa que el evento est\u00e9 agotado<\/span>.<\/p>\n<p><span style=\"font-weight: 400;\">Por favor considera lo siguiente<\/span>:<br \/>\u2013 <span style=\"font-weight: 400;\">chequea en<\/span> <a href=\"http:\/\/www.wopg.org\">www.wopg.org<\/a> <span style=\"font-weight: 400;\">si el evento est\u00e1 agotado<\/span><br \/>\u2013 <span style=\"font-weight: 400;\">espera unos minutos y comienza nuevamente<\/span><br \/>\u2013 <span style=\"font-weight: 400;\">intenta desde otro dispositivo<\/span><br \/>\u2013 <span style=\"font-weight: 400;\">Si no tienes \u00e9xito, env\u00eda un correo a<\/span>\u00a0<a href=\"mailto:help.barcelonaevent@gmail.com\"><span style=\"font-weight: 400;\">help.barcelonaevent@gmail.com<\/span><\/a>.<\/p>\n<p>[\/et_pb_accordion_item][et_pb_accordion_item title=\u00bbVENTA DE ENTRADAS TELEF\u00d3NICA\u00bb _builder_version=\u00bb4.24.3&#8243; _module_preset=\u00bbdefault\u00bb global_colors_info=\u00bb{}\u00bb open=\u00bboff\u00bb]<\/p>\n<p>Venta telef\u00f3nica de lunes a domingo (10h-22h): +34 902 488 488<\/p>\n<p>[\/et_pb_accordion_item][et_pb_accordion_item title=\u00bbENTRADAS AGOTADAS\u00bb _builder_version=\u00bb4.24.3&#8243; _module_preset=\u00bbdefault\u00bb global_colors_info=\u00bb{}\u00bb open=\u00bboff\u00bb]<\/p>\n<p>Si las entradas se han agotado cuando intentas hacer una compra, int\u00e9ntalo en un par de horas nuevamente, ya que las entradas que se han retenido pueden volver a estar disponibles. Si deseas obtener informaci\u00f3n acerca de posibles devoluciones, por favor contacta a <a href=\"mailto:help.barcelonaevent@gmail.com\"><span style=\"font-weight: 400;\">help.barcelonaevent@gmail.com<\/span><\/a>.<\/p>\n<p><span style=\"font-weight: 400;\">Si no hay devoluci\u00f3n de entradas, ser\u00e1s incluido en una lista de espera<\/span>.<\/p>\n<p>[\/et_pb_accordion_item][et_pb_accordion_item title=\u00bbDEVOLUCI\u00d3N DE ENTRADAS SIN UTILIZAR\u00bb _builder_version=\u00bb4.24.3&#8243; _module_preset=\u00bbdefault\u00bb global_colors_info=\u00bb{}\u00bb open=\u00bboff\u00bb]<\/p>\n<p><span style=\"font-weight: 400;\">Si cambias de planes y tienes entradas disponibles, por favor env\u00eda la versi\u00f3n electr\u00f3nica de tu entrada a<\/span>\u00a0<a href=\"mailto:help.barcelonaevent@gmail.com\"><span style=\"font-weight: 400;\">help.barcelonaevent@gmail.com<\/span><\/a>.<\/p>\n<p><span style=\"font-weight: 400;\">Las entradas devueltas a esta direcci\u00f3n se asignar\u00e1n por orden de llegada a otras personas que deseen asistir al evento<\/span>.<\/p>\n<p><span style=\"font-weight: 400;\">No habr\u00e1 reembolso por devoluciones<\/span>.<\/p>\n<p>[\/et_pb_accordion_item][et_pb_accordion_item title=\u00bbNECESIDADES ESPECIALES\u00bb _builder_version=\u00bb4.24.3&#8243; _module_preset=\u00bbdefault\u00bb global_colors_info=\u00bb{}\u00bb open=\u00bboff\u00bb]<\/p>\n<p><span style=\"font-weight: 400;\">Se brindar\u00e1 asistencia a personas en silla de ruedas<\/span>.<\/p>\n<p><span style=\"font-weight: 400;\">Si experimentas dificultades para adquirir un espacio para silla de ruedas o un asiento para cuidador, contacta a<\/span> <a href=\"mailto:help.barcelonaevent@gmail.com\"><span style=\"font-weight: 400;\">help.barcelonaevent@gmail.com<\/span><\/a>.<\/p>\n<p>Si tienes discapacidad auditiva, habr\u00e1 disponible un canal en ingl\u00e9s en los auriculares de traducci\u00f3n, que estar\u00e1n disponibles en el lobby a cambio de un documento de identidad.<\/p>\n<p>[\/et_pb_accordion_item][et_pb_accordion_item title=\u00bbTRADUCCI\u00d3N\u00bb _builder_version=\u00bb4.24.3&#8243; _module_preset=\u00bbdefault\u00bb global_colors_info=\u00bb{}\u00bb open=\u00bboff\u00bb]<\/p>\n<p><span style=\"font-weight: 400;\">El evento ser\u00e1 en ingl\u00e9s. Se ofrecer\u00e1 traducci\u00f3n al espa\u00f1ol, al franc\u00e9s y al portugu\u00e9s<\/span><span style=\"font-weight: 400;\">.<\/span><\/p>\n<p><span style=\"font-weight: 400;\">Los auriculares estar\u00e1n disponibles en el lobby a cambio de un documento de identidad<\/span>.<\/p>\n<p>[\/et_pb_accordion_item][et_pb_accordion_item title=\u00bbEQUIPAJE\u00bb _builder_version=\u00bb4.24.3&#8243; _module_preset=\u00bbdefault\u00bb global_colors_info=\u00bb{}\u00bb open=\u00bboff\u00bb]<\/p>\n<p class=\"p1\"><span style=\"font-weight: 400;\">No se permite el ingreso de equipaje, mochilas o bolsos de gran tama\u00f1o al interior del auditorio<\/span>.<\/p>\n<p class=\"p1\"><span style=\"font-weight: 400;\">No hay guardarropas disponible<\/span>.<\/p>\n<p>[\/et_pb_accordion_item][et_pb_accordion_item title=\u00bbAYUDA\u00bb _builder_version=\u00bb4.24.3&#8243; _module_preset=\u00bbdefault\u00bb global_colors_info=\u00bb{}\u00bb open=\u00bboff\u00bb]<\/p>\n<p><span style=\"font-weight: 400;\">\u00bf<\/span><span style=\"font-weight: 400;\">Necesitas asistencia<\/span>?<\/p>\n<p>Contacta a\u00a0 <a href=\"mailto:help.barcelonaevent@gmail.com\"><span style=\"font-weight: 400;\">help.barcelonaevent@gmail.com<\/span><\/a>.<\/p>\n<p>[\/et_pb_accordion_item][\/et_pb_accordion][\/et_pb_column][\/et_pb_row][et_pb_row _builder_version=\u00bb4.21.0&#8243; _module_preset=\u00bbdefault\u00bb global_colors_info=\u00bb{}\u00bb][et_pb_column type=\u00bb4_4&#8243; _builder_version=\u00bb4.21.0&#8243; _module_preset=\u00bbdefault\u00bb global_colors_info=\u00bb{}\u00bb][et_pb_text admin_label=\u00bbSign up here\u00bb _builder_version=\u00bb4.24.3&#8243; _module_preset=\u00bbdefault\u00bb global_colors_info=\u00bb{}\u00bb]<\/p>\n<p><span style=\"font-weight: 400;\">Para recibir anuncios y actualizaciones sobre futuros eventos con Prem Rawat, aseg\u00farate de estar suscrito a la lista de WOPG con tu correo electr\u00f3nico y pa\u00eds de residencia. Reg\u00edstrate aqu\u00ed<\/span>.<\/p>\n<p>[\/et_pb_text][\/et_pb_column][\/et_pb_row][\/et_pb_section]<\/p>\n","protected":false},"excerpt":{"rendered":"<p>Foto por cortes\u00eda de TimelessTodayLee cuidadosamente esta p\u00e1gina para obtener informaci\u00f3n importante sobre el pr\u00f3ximo evento. Consulta esta informaci\u00f3n cuando planifiques tu asistencia. &nbsp; CU\u00c1NDO Y D\u00d3NDE Fecha: s\u00e1bado, 15 de junio de 2024 Hora: el evento comenzar\u00e1 a las 5 pm CEST. Las puertas del lobby se abrir\u00e1n a las 3.30 pm. La hora [&hellip;]<\/p>\n","protected":false},"author":14,"featured_media":31732,"comment_status":"closed","ping_status":"closed","sticky":false,"template":"","format":"standard","meta":{"_et_pb_use_builder":"on","_et_pb_old_content":"","_et_gb_content_width":"","cybocfi_hide_featured_image":"","footnotes":""},"categories":[75],"tags":[],"post_folder":[],"class_list":["post-31913","post","type-post","status-publish","format-standard","has-post-thumbnail","hentry","category-recent"],"yoast_head":"<!-- This site is optimized with the Yoast SEO plugin v27.3 - https:\/\/yoast.com\/product\/yoast-seo-wordpress\/ -->\n<title>15 de junio de 2024 - \u201cPrem Rawat en Barcelona\u201d - Barcelona, Espa\u00f1a | Words of Peace<\/title>\n<meta name=\"robots\" content=\"index, follow, max-snippet:-1, max-image-preview:large, max-video-preview:-1\" \/>\n<link rel=\"canonical\" href=\"https:\/\/www.wopg.org\/es\/15-de-junio-de-2024-prem-rawat-en-barcelona-barcelona-espana\/\" \/>\n<meta property=\"og:locale\" content=\"es_ES\" \/>\n<meta property=\"og:type\" content=\"article\" \/>\n<meta property=\"og:title\" content=\"15 de junio de 2024 - \u201cPrem Rawat en Barcelona\u201d - Barcelona, Espa\u00f1a | Words of Peace\" \/>\n<meta property=\"og:description\" content=\"Foto por cortes\u00eda de TimelessTodayLee cuidadosamente esta p\u00e1gina para obtener informaci\u00f3n importante sobre el pr\u00f3ximo evento. Consulta esta informaci\u00f3n cuando planifiques tu asistencia. &nbsp; CU\u00c1NDO Y D\u00d3NDE Fecha: s\u00e1bado, 15 de junio de 2024 Hora: el evento comenzar\u00e1 a las 5 pm CEST. Las puertas del lobby se abrir\u00e1n a las 3.30 pm. La hora [&hellip;]\" \/>\n<meta property=\"og:url\" content=\"https:\/\/www.wopg.org\/es\/15-de-junio-de-2024-prem-rawat-en-barcelona-barcelona-espana\/\" \/>\n<meta property=\"og:site_name\" content=\"Words of Peace\" \/>\n<meta property=\"article:publisher\" content=\"https:\/\/www.facebook.com\/wordsofpeaceglobal\" \/>\n<meta property=\"article:published_time\" content=\"2024-05-27T05:30:29+00:00\" \/>\n<meta property=\"article:modified_time\" content=\"2024-06-16T13:37:41+00:00\" \/>\n<meta property=\"og:image\" content=\"https:\/\/eadn-wc03-5903292.nxedge.io\/wp-content\/uploads\/2024\/05\/barcelona_1080x608.webp\" \/>\n\t<meta property=\"og:image:width\" content=\"1080\" \/>\n\t<meta property=\"og:image:height\" content=\"608\" \/>\n\t<meta property=\"og:image:type\" content=\"image\/webp\" \/>\n<meta name=\"author\" content=\"Roberto\" \/>\n<meta name=\"twitter:card\" content=\"summary_large_image\" \/>\n<meta name=\"twitter:creator\" content=\"@wopg\" \/>\n<meta name=\"twitter:site\" content=\"@wopg\" \/>\n<meta name=\"twitter:label1\" content=\"Escrito por\" \/>\n\t<meta name=\"twitter:data1\" content=\"Roberto\" \/>\n\t<meta name=\"twitter:label2\" content=\"Tiempo de lectura\" \/>\n\t<meta name=\"twitter:data2\" content=\"10 minutos\" \/>\n<script type=\"application\/ld+json\" class=\"yoast-schema-graph\">{\"@context\":\"https:\\\/\\\/schema.org\",\"@graph\":[{\"@type\":\"Article\",\"@id\":\"https:\\\/\\\/www.wopg.org\\\/es\\\/15-de-junio-de-2024-prem-rawat-en-barcelona-barcelona-espana\\\/#article\",\"isPartOf\":{\"@id\":\"https:\\\/\\\/www.wopg.org\\\/es\\\/15-de-junio-de-2024-prem-rawat-en-barcelona-barcelona-espana\\\/\"},\"author\":{\"name\":\"Roberto\",\"@id\":\"https:\\\/\\\/www.wopg.org\\\/es\\\/#\\\/schema\\\/person\\\/c495a5aacd2a074ce031b7fa6625b3af\"},\"headline\":\"15 de junio de 2024 &#8211; \u201cPrem Rawat en Barcelona\u201d &#8211; Barcelona, Espa\u00f1a\",\"datePublished\":\"2024-05-27T05:30:29+00:00\",\"dateModified\":\"2024-06-16T13:37:41+00:00\",\"mainEntityOfPage\":{\"@id\":\"https:\\\/\\\/www.wopg.org\\\/es\\\/15-de-junio-de-2024-prem-rawat-en-barcelona-barcelona-espana\\\/\"},\"wordCount\":2081,\"publisher\":{\"@id\":\"https:\\\/\\\/www.wopg.org\\\/es\\\/#organization\"},\"image\":{\"@id\":\"https:\\\/\\\/www.wopg.org\\\/es\\\/15-de-junio-de-2024-prem-rawat-en-barcelona-barcelona-espana\\\/#primaryimage\"},\"thumbnailUrl\":\"https:\\\/\\\/www.wopg.org\\\/wp-content\\\/uploads\\\/2024\\\/05\\\/barcelona_1080x608.webp\",\"articleSection\":[\"Recent\"],\"inLanguage\":\"es\"},{\"@type\":\"WebPage\",\"@id\":\"https:\\\/\\\/www.wopg.org\\\/es\\\/15-de-junio-de-2024-prem-rawat-en-barcelona-barcelona-espana\\\/\",\"url\":\"https:\\\/\\\/www.wopg.org\\\/es\\\/15-de-junio-de-2024-prem-rawat-en-barcelona-barcelona-espana\\\/\",\"name\":\"15 de junio de 2024 - \u201cPrem Rawat en Barcelona\u201d - Barcelona, Espa\u00f1a | Words of Peace\",\"isPartOf\":{\"@id\":\"https:\\\/\\\/www.wopg.org\\\/es\\\/#website\"},\"primaryImageOfPage\":{\"@id\":\"https:\\\/\\\/www.wopg.org\\\/es\\\/15-de-junio-de-2024-prem-rawat-en-barcelona-barcelona-espana\\\/#primaryimage\"},\"image\":{\"@id\":\"https:\\\/\\\/www.wopg.org\\\/es\\\/15-de-junio-de-2024-prem-rawat-en-barcelona-barcelona-espana\\\/#primaryimage\"},\"thumbnailUrl\":\"https:\\\/\\\/www.wopg.org\\\/wp-content\\\/uploads\\\/2024\\\/05\\\/barcelona_1080x608.webp\",\"datePublished\":\"2024-05-27T05:30:29+00:00\",\"dateModified\":\"2024-06-16T13:37:41+00:00\",\"breadcrumb\":{\"@id\":\"https:\\\/\\\/www.wopg.org\\\/es\\\/15-de-junio-de-2024-prem-rawat-en-barcelona-barcelona-espana\\\/#breadcrumb\"},\"inLanguage\":\"es\",\"potentialAction\":[{\"@type\":\"ReadAction\",\"target\":[\"https:\\\/\\\/www.wopg.org\\\/es\\\/15-de-junio-de-2024-prem-rawat-en-barcelona-barcelona-espana\\\/\"]}]},{\"@type\":\"ImageObject\",\"inLanguage\":\"es\",\"@id\":\"https:\\\/\\\/www.wopg.org\\\/es\\\/15-de-junio-de-2024-prem-rawat-en-barcelona-barcelona-espana\\\/#primaryimage\",\"url\":\"https:\\\/\\\/www.wopg.org\\\/wp-content\\\/uploads\\\/2024\\\/05\\\/barcelona_1080x608.webp\",\"contentUrl\":\"https:\\\/\\\/www.wopg.org\\\/wp-content\\\/uploads\\\/2024\\\/05\\\/barcelona_1080x608.webp\",\"width\":1080,\"height\":608},{\"@type\":\"BreadcrumbList\",\"@id\":\"https:\\\/\\\/www.wopg.org\\\/es\\\/15-de-junio-de-2024-prem-rawat-en-barcelona-barcelona-espana\\\/#breadcrumb\",\"itemListElement\":[{\"@type\":\"ListItem\",\"position\":1,\"name\":\"Home\",\"item\":\"https:\\\/\\\/www.wopg.org\\\/es\\\/\"},{\"@type\":\"ListItem\",\"position\":2,\"name\":\"15 de junio de 2024 &#8211; \u201cPrem Rawat en Barcelona\u201d &#8211; Barcelona, Espa\u00f1a\"}]},{\"@type\":\"WebSite\",\"@id\":\"https:\\\/\\\/www.wopg.org\\\/es\\\/#website\",\"url\":\"https:\\\/\\\/www.wopg.org\\\/es\\\/\",\"name\":\"Words of Peace\",\"description\":\"Practice Peace, Change Your World\",\"publisher\":{\"@id\":\"https:\\\/\\\/www.wopg.org\\\/es\\\/#organization\"},\"potentialAction\":[{\"@type\":\"SearchAction\",\"target\":{\"@type\":\"EntryPoint\",\"urlTemplate\":\"https:\\\/\\\/www.wopg.org\\\/es\\\/?s={search_term_string}\"},\"query-input\":{\"@type\":\"PropertyValueSpecification\",\"valueRequired\":true,\"valueName\":\"search_term_string\"}}],\"inLanguage\":\"es\"},{\"@type\":\"Organization\",\"@id\":\"https:\\\/\\\/www.wopg.org\\\/es\\\/#organization\",\"name\":\"Words of Peace\",\"url\":\"https:\\\/\\\/www.wopg.org\\\/es\\\/\",\"logo\":{\"@type\":\"ImageObject\",\"inLanguage\":\"es\",\"@id\":\"https:\\\/\\\/www.wopg.org\\\/es\\\/#\\\/schema\\\/logo\\\/image\\\/\",\"url\":\"https:\\\/\\\/wopg.org\\\/wp-content\\\/uploads\\\/2022\\\/02\\\/Words-of-Peace-logo-website61x252.png\",\"contentUrl\":\"https:\\\/\\\/wopg.org\\\/wp-content\\\/uploads\\\/2022\\\/02\\\/Words-of-Peace-logo-website61x252.png\",\"width\":252,\"height\":61,\"caption\":\"Words of Peace\"},\"image\":{\"@id\":\"https:\\\/\\\/www.wopg.org\\\/es\\\/#\\\/schema\\\/logo\\\/image\\\/\"},\"sameAs\":[\"https:\\\/\\\/www.facebook.com\\\/wordsofpeaceglobal\",\"https:\\\/\\\/x.com\\\/wopg\",\"https:\\\/\\\/www.instagram.com\\\/wopgofficial\\\/\"]},{\"@type\":\"Person\",\"@id\":\"https:\\\/\\\/www.wopg.org\\\/es\\\/#\\\/schema\\\/person\\\/c495a5aacd2a074ce031b7fa6625b3af\",\"name\":\"Roberto\",\"image\":{\"@type\":\"ImageObject\",\"inLanguage\":\"es\",\"@id\":\"https:\\\/\\\/secure.gravatar.com\\\/avatar\\\/3a2423ab531630d32d946fa10acea4a736bd03feede76ddcc150434c8458228b?s=96&d=mm&r=g\",\"url\":\"https:\\\/\\\/secure.gravatar.com\\\/avatar\\\/3a2423ab531630d32d946fa10acea4a736bd03feede76ddcc150434c8458228b?s=96&d=mm&r=g\",\"contentUrl\":\"https:\\\/\\\/secure.gravatar.com\\\/avatar\\\/3a2423ab531630d32d946fa10acea4a736bd03feede76ddcc150434c8458228b?s=96&d=mm&r=g\",\"caption\":\"Roberto\"},\"url\":\"https:\\\/\\\/www.wopg.org\\\/es\\\/author\\\/roberto\\\/\"}]}<\/script>\n<!-- \/ Yoast SEO plugin. -->","yoast_head_json":{"title":"15 de junio de 2024 - \u201cPrem Rawat en Barcelona\u201d - Barcelona, Espa\u00f1a | Words of Peace","robots":{"index":"index","follow":"follow","max-snippet":"max-snippet:-1","max-image-preview":"max-image-preview:large","max-video-preview":"max-video-preview:-1"},"canonical":"https:\/\/www.wopg.org\/es\/15-de-junio-de-2024-prem-rawat-en-barcelona-barcelona-espana\/","og_locale":"es_ES","og_type":"article","og_title":"15 de junio de 2024 - \u201cPrem Rawat en Barcelona\u201d - Barcelona, Espa\u00f1a | Words of Peace","og_description":"Foto por cortes\u00eda de TimelessTodayLee cuidadosamente esta p\u00e1gina para obtener informaci\u00f3n importante sobre el pr\u00f3ximo evento. Consulta esta informaci\u00f3n cuando planifiques tu asistencia. &nbsp; CU\u00c1NDO Y D\u00d3NDE Fecha: s\u00e1bado, 15 de junio de 2024 Hora: el evento comenzar\u00e1 a las 5 pm CEST. Las puertas del lobby se abrir\u00e1n a las 3.30 pm. La hora [&hellip;]","og_url":"https:\/\/www.wopg.org\/es\/15-de-junio-de-2024-prem-rawat-en-barcelona-barcelona-espana\/","og_site_name":"Words of Peace","article_publisher":"https:\/\/www.facebook.com\/wordsofpeaceglobal","article_published_time":"2024-05-27T05:30:29+00:00","article_modified_time":"2024-06-16T13:37:41+00:00","og_image":[{"width":1080,"height":608,"url":"https:\/\/eadn-wc03-5903292.nxedge.io\/wp-content\/uploads\/2024\/05\/barcelona_1080x608.webp","type":"image\/webp"}],"author":"Roberto","twitter_card":"summary_large_image","twitter_creator":"@wopg","twitter_site":"@wopg","twitter_misc":{"Escrito por":"Roberto","Tiempo de lectura":"10 minutos"},"schema":{"@context":"https:\/\/schema.org","@graph":[{"@type":"Article","@id":"https:\/\/www.wopg.org\/es\/15-de-junio-de-2024-prem-rawat-en-barcelona-barcelona-espana\/#article","isPartOf":{"@id":"https:\/\/www.wopg.org\/es\/15-de-junio-de-2024-prem-rawat-en-barcelona-barcelona-espana\/"},"author":{"name":"Roberto","@id":"https:\/\/www.wopg.org\/es\/#\/schema\/person\/c495a5aacd2a074ce031b7fa6625b3af"},"headline":"15 de junio de 2024 &#8211; \u201cPrem Rawat en Barcelona\u201d &#8211; Barcelona, Espa\u00f1a","datePublished":"2024-05-27T05:30:29+00:00","dateModified":"2024-06-16T13:37:41+00:00","mainEntityOfPage":{"@id":"https:\/\/www.wopg.org\/es\/15-de-junio-de-2024-prem-rawat-en-barcelona-barcelona-espana\/"},"wordCount":2081,"publisher":{"@id":"https:\/\/www.wopg.org\/es\/#organization"},"image":{"@id":"https:\/\/www.wopg.org\/es\/15-de-junio-de-2024-prem-rawat-en-barcelona-barcelona-espana\/#primaryimage"},"thumbnailUrl":"https:\/\/eadn-wc03-5903292.nxedge.io\/wp-content\/uploads\/2024\/05\/barcelona_1080x608.webp","articleSection":["Recent"],"inLanguage":"es"},{"@type":"WebPage","@id":"https:\/\/www.wopg.org\/es\/15-de-junio-de-2024-prem-rawat-en-barcelona-barcelona-espana\/","url":"https:\/\/www.wopg.org\/es\/15-de-junio-de-2024-prem-rawat-en-barcelona-barcelona-espana\/","name":"15 de junio de 2024 - \u201cPrem Rawat en Barcelona\u201d - Barcelona, Espa\u00f1a | Words of Peace","isPartOf":{"@id":"https:\/\/www.wopg.org\/es\/#website"},"primaryImageOfPage":{"@id":"https:\/\/www.wopg.org\/es\/15-de-junio-de-2024-prem-rawat-en-barcelona-barcelona-espana\/#primaryimage"},"image":{"@id":"https:\/\/www.wopg.org\/es\/15-de-junio-de-2024-prem-rawat-en-barcelona-barcelona-espana\/#primaryimage"},"thumbnailUrl":"https:\/\/eadn-wc03-5903292.nxedge.io\/wp-content\/uploads\/2024\/05\/barcelona_1080x608.webp","datePublished":"2024-05-27T05:30:29+00:00","dateModified":"2024-06-16T13:37:41+00:00","breadcrumb":{"@id":"https:\/\/www.wopg.org\/es\/15-de-junio-de-2024-prem-rawat-en-barcelona-barcelona-espana\/#breadcrumb"},"inLanguage":"es","potentialAction":[{"@type":"ReadAction","target":["https:\/\/www.wopg.org\/es\/15-de-junio-de-2024-prem-rawat-en-barcelona-barcelona-espana\/"]}]},{"@type":"ImageObject","inLanguage":"es","@id":"https:\/\/www.wopg.org\/es\/15-de-junio-de-2024-prem-rawat-en-barcelona-barcelona-espana\/#primaryimage","url":"https:\/\/eadn-wc03-5903292.nxedge.io\/wp-content\/uploads\/2024\/05\/barcelona_1080x608.webp","contentUrl":"https:\/\/eadn-wc03-5903292.nxedge.io\/wp-content\/uploads\/2024\/05\/barcelona_1080x608.webp","width":1080,"height":608},{"@type":"BreadcrumbList","@id":"https:\/\/www.wopg.org\/es\/15-de-junio-de-2024-prem-rawat-en-barcelona-barcelona-espana\/#breadcrumb","itemListElement":[{"@type":"ListItem","position":1,"name":"Home","item":"https:\/\/www.wopg.org\/es\/"},{"@type":"ListItem","position":2,"name":"15 de junio de 2024 &#8211; \u201cPrem Rawat en Barcelona\u201d &#8211; Barcelona, Espa\u00f1a"}]},{"@type":"WebSite","@id":"https:\/\/www.wopg.org\/es\/#website","url":"https:\/\/www.wopg.org\/es\/","name":"Words of Peace","description":"Practice Peace, Change Your World","publisher":{"@id":"https:\/\/www.wopg.org\/es\/#organization"},"potentialAction":[{"@type":"SearchAction","target":{"@type":"EntryPoint","urlTemplate":"https:\/\/www.wopg.org\/es\/?s={search_term_string}"},"query-input":{"@type":"PropertyValueSpecification","valueRequired":true,"valueName":"search_term_string"}}],"inLanguage":"es"},{"@type":"Organization","@id":"https:\/\/www.wopg.org\/es\/#organization","name":"Words of Peace","url":"https:\/\/www.wopg.org\/es\/","logo":{"@type":"ImageObject","inLanguage":"es","@id":"https:\/\/www.wopg.org\/es\/#\/schema\/logo\/image\/","url":"https:\/\/wopg.org\/wp-content\/uploads\/2022\/02\/Words-of-Peace-logo-website61x252.png","contentUrl":"https:\/\/wopg.org\/wp-content\/uploads\/2022\/02\/Words-of-Peace-logo-website61x252.png","width":252,"height":61,"caption":"Words of Peace"},"image":{"@id":"https:\/\/www.wopg.org\/es\/#\/schema\/logo\/image\/"},"sameAs":["https:\/\/www.facebook.com\/wordsofpeaceglobal","https:\/\/x.com\/wopg","https:\/\/www.instagram.com\/wopgofficial\/"]},{"@type":"Person","@id":"https:\/\/www.wopg.org\/es\/#\/schema\/person\/c495a5aacd2a074ce031b7fa6625b3af","name":"Roberto","image":{"@type":"ImageObject","inLanguage":"es","@id":"https:\/\/secure.gravatar.com\/avatar\/3a2423ab531630d32d946fa10acea4a736bd03feede76ddcc150434c8458228b?s=96&d=mm&r=g","url":"https:\/\/secure.gravatar.com\/avatar\/3a2423ab531630d32d946fa10acea4a736bd03feede76ddcc150434c8458228b?s=96&d=mm&r=g","contentUrl":"https:\/\/secure.gravatar.com\/avatar\/3a2423ab531630d32d946fa10acea4a736bd03feede76ddcc150434c8458228b?s=96&d=mm&r=g","caption":"Roberto"},"url":"https:\/\/www.wopg.org\/es\/author\/roberto\/"}]}},"_links":{"self":[{"href":"https:\/\/www.wopg.org\/es\/wp-json\/wp\/v2\/posts\/31913","targetHints":{"allow":["GET"]}}],"collection":[{"href":"https:\/\/www.wopg.org\/es\/wp-json\/wp\/v2\/posts"}],"about":[{"href":"https:\/\/www.wopg.org\/es\/wp-json\/wp\/v2\/types\/post"}],"author":[{"embeddable":true,"href":"https:\/\/www.wopg.org\/es\/wp-json\/wp\/v2\/users\/14"}],"replies":[{"embeddable":true,"href":"https:\/\/www.wopg.org\/es\/wp-json\/wp\/v2\/comments?post=31913"}],"version-history":[{"count":61,"href":"https:\/\/www.wopg.org\/es\/wp-json\/wp\/v2\/posts\/31913\/revisions"}],"predecessor-version":[{"id":32585,"href":"https:\/\/www.wopg.org\/es\/wp-json\/wp\/v2\/posts\/31913\/revisions\/32585"}],"wp:featuredmedia":[{"embeddable":true,"href":"https:\/\/www.wopg.org\/es\/wp-json\/wp\/v2\/media\/31732"}],"wp:attachment":[{"href":"https:\/\/www.wopg.org\/es\/wp-json\/wp\/v2\/media?parent=31913"}],"wp:term":[{"taxonomy":"category","embeddable":true,"href":"https:\/\/www.wopg.org\/es\/wp-json\/wp\/v2\/categories?post=31913"},{"taxonomy":"post_tag","embeddable":true,"href":"https:\/\/www.wopg.org\/es\/wp-json\/wp\/v2\/tags?post=31913"},{"taxonomy":"post_folder","embeddable":true,"href":"https:\/\/www.wopg.org\/es\/wp-json\/wp\/v2\/post_folder?post=31913"}],"curies":[{"name":"wp","href":"https:\/\/api.w.org\/{rel}","templated":true}]}}