{"id":35577,"date":"2024-10-21T08:23:58","date_gmt":"2024-10-21T08:23:58","guid":{"rendered":"https:\/\/www.wopg.org\/evento-con-prem-rawat-en-kioto\/"},"modified":"2024-10-21T08:26:35","modified_gmt":"2024-10-21T08:26:35","slug":"evento-con-prem-rawat-en-kioto","status":"publish","type":"post","link":"https:\/\/www.wopg.org\/es\/evento-con-prem-rawat-en-kioto\/","title":{"rendered":"Evento de autor con Prem Rawat en Kioto"},"content":{"rendered":"<p>[et_pb_section fb_built=\u00bb1&#8243; _builder_version=\u00bb4.17.4&#8243; _module_preset=\u00bbdefault\u00bb custom_margin=\u00bb-50px||||false|false\u00bb custom_padding=\u00bb0px||0px||false|false\u00bb global_colors_info=\u00bb{}\u00bb][et_pb_row _builder_version=\u00bb4.17.4&#8243; _module_preset=\u00bbdefault\u00bb custom_padding=\u00bb0px||||false|false\u00bb global_colors_info=\u00bb{}\u00bb][et_pb_column type=\u00bb4_4&#8243; _builder_version=\u00bb4.17.4&#8243; _module_preset=\u00bbdefault\u00bb global_colors_info=\u00bb{}\u00bb][et_pb_text _builder_version=\u00bb4.27.0&#8243; _module_preset=\u00bbdefault\u00bb global_colors_info=\u00bb{}\u00bb]<\/p>\n<h6 style=\"text-align: center;\">Foto por cortes\u00eda de imelessToday<\/h6>\n<p>[\/et_pb_text][\/et_pb_column][\/et_pb_row][et_pb_row column_structure=\u00bb1_4,1_4,1_4,1_4&#8243; disabled_on=\u00bbon|on|on\u00bb _builder_version=\u00bb4.27.0&#8243; _module_preset=\u00bbdefault\u00bb module_alignment=\u00bbcenter\u00bb custom_padding=\u00bb0px||||false|false\u00bb disabled=\u00bbon\u00bb global_colors_info=\u00bb{}\u00bb][et_pb_column type=\u00bb1_4&#8243; _builder_version=\u00bb4.24.3&#8243; _module_preset=\u00bbdefault\u00bb global_colors_info=\u00bb{}\u00bb][\/et_pb_column][et_pb_column type=\u00bb1_4&#8243; _builder_version=\u00bb4.24.3&#8243; _module_preset=\u00bbdefault\u00bb global_colors_info=\u00bb{}\u00bb][et_pb_button button_url=\u00bb#\u00bb button_text=\u00bbIngl\u00e9s\u00bb button_alignment=\u00bbcenter\u00bb _builder_version=\u00bb4.27.0&#8243; _module_preset=\u00bbdefault\u00bb custom_button=\u00bbon\u00bb button_text_size=\u00bb16px\u00bb button_text_color=\u00bb#008B73&#8243; button_bg_color=\u00bbRGBA(255,255,255,0)\u00bb button_border_width=\u00bb1px\u00bb button_border_color=\u00bb#008B73&#8243; button_border_radius=\u00bb5px\u00bb button_font=\u00bb|700|||||||\u00bb button_use_icon=\u00bboff\u00bb custom_padding=\u00bb0px||0px||false|false\u00bb locked=\u00bboff\u00bb global_colors_info=\u00bb{}\u00bb button_bg_color__hover=\u00bbRGBA(0,139,115,0.65)\u00bb button_bg_color__hover_enabled=\u00bbon|hover\u00bb][\/et_pb_button][\/et_pb_column][et_pb_column type=\u00bb1_4&#8243; _builder_version=\u00bb4.24.3&#8243; _module_preset=\u00bbdefault\u00bb global_colors_info=\u00bb{}\u00bb][et_pb_button button_url=\u00bbhttps:\/\/www.wopg.org\/%e0%a4%aa%e0%a5%8d%e0%a4%b0%e0%a5%87%e0%a4%ae-%e0%a4%b0%e0%a4%be%e0%a4%b5%e0%a4%a4-%e0%a4%91%e0%a4%95%e0%a4%b2%e0%a5%88%e0%a4%82%e0%a4%a1-%e0%a4%a8%e0%a5%8d%e0%a4%af%e0%a5%82%e0%a4%9c%e0%a4%bc\/\u00bb button_text=\u00bbIndio\u00bb button_alignment=\u00bbcenter\u00bb _builder_version=\u00bb4.27.0&#8243; _module_preset=\u00bbdefault\u00bb custom_button=\u00bbon\u00bb button_text_size=\u00bb16px\u00bb button_text_color=\u00bb#008B73&#8243; button_bg_color=\u00bbRGBA(255,255,255,0)\u00bb button_border_width=\u00bb1px\u00bb button_border_color=\u00bb#008B73&#8243; button_border_radius=\u00bb5px\u00bb button_font=\u00bb|700|||||||\u00bb button_use_icon=\u00bboff\u00bb custom_padding=\u00bb0px||0px||false|false\u00bb locked=\u00bboff\u00bb global_colors_info=\u00bb{}\u00bb button_bg_color__hover=\u00bbRGBA(0,139,115,0.65)\u00bb button_bg_color__hover_enabled=\u00bbon|hover\u00bb][\/et_pb_button][\/et_pb_column][et_pb_column type=\u00bb1_4&#8243; _builder_version=\u00bb4.24.3&#8243; _module_preset=\u00bbdefault\u00bb global_colors_info=\u00bb{}\u00bb][\/et_pb_column][\/et_pb_row][\/et_pb_section][et_pb_section fb_built=\u00bb1&#8243; disabled_on=\u00bboff|off|off\u00bb admin_label=\u00bbFull event details\u00bb _builder_version=\u00bb4.27.0&#8243; _module_preset=\u00bbdefault\u00bb custom_padding=\u00bb||0px||false|false\u00bb locked=\u00bboff\u00bb collapsed=\u00bboff\u00bb global_colors_info=\u00bb{}\u00bb][et_pb_row _builder_version=\u00bb4.21.0&#8243; _module_preset=\u00bbdefault\u00bb custom_padding=\u00bb0px||||false|false\u00bb custom_css_main_element=\u00bbdisplay: flex;||flex-wrap: wrap;||justify-content: center;\u00bb global_colors_info=\u00bb{}\u00bb][et_pb_column type=\u00bb4_4&#8243; _builder_version=\u00bb4.21.0&#8243; _module_preset=\u00bbdefault\u00bb global_colors_info=\u00bb{}\u00bb][et_pb_text admin_label=\u00bbWHO IS INVITED\u00bb _builder_version=\u00bb4.27.2&#8243; _module_preset=\u00bbdefault\u00bb hover_enabled=\u00bb0&#8243; global_colors_info=\u00bb{}\u00bb sticky_enabled=\u00bb0&#8243; link_font=\u00bb|700|||||||\u00bb]<\/p>\n<p class=\"p1\"><span class=\"s1\">Te invitamos a participar en el evento de autor del 19 de octubre en Kioto, Jap\u00f3n, del best-seller del New York Times de Prem Rawat \u00abHear Yourself\u00bb. C\u00f3mo encontrar la paz en un mundo ruidoso, ahora traducido al japon\u00e9s.<\/span><\/p>\n<p class=\"p1\"><strong><span class=\"s1\">Se podr\u00e1 escuchar hablar a Prem Rawat<\/span><\/strong><\/p>\n<p class=\"p1\"><span class=\"s1\"><strong>Fecha:<\/strong> S\u00e1bado, 19 de octubre de 2024<\/span><\/p>\n<p class=\"p1\"><span class=\"s1\"><strong>Hora:<\/strong> El evento comenzar\u00e1 a las 13.00 (hora japonesa). Las puertas del vest\u00edbulo se abrir\u00e1n a las 12:15. La hora de finalizaci\u00f3n es aproximadamente a las 14:15.<\/span><\/p>\n<p class=\"p1\"><span class=\"s1\"><strong>Auditorio: <\/strong><a href=\"http:\/\/pulseplaza.jp\/access_en.html\" target=\"_blank\" rel=\"noopener\">Kyoto Pulse Plaza Inamori Hall<\/a><\/span><\/p>\n<p class=\"p1\"><span class=\"s1\"><strong>Direcci\u00f3n:<\/strong> 5, Takeda Tobadono-cho, Fushimi-ku, Kyoto City <\/span><span class=\"s2\">\u3012<\/span><span class=\"s1\">612-8450<\/span><\/p>\n<p class=\"p1\"><a href=\"http:\/\/pulseplaza.jp\/access_en.html\" target=\"_blank\" rel=\"noopener\"><span class=\"s1\">Direcciones, parking y transporte p\u00fablico<\/span><\/a><\/p>\n<p class=\"p2\">\u00a0<\/p>\n<p class=\"p1\"><strong><span class=\"s1\">Tras el discurso de Prem Rawat, se celebrar\u00e1 una merienda desde las 14:45 hasta las 16:30 JST (su presencia a\u00fan no est\u00e1 confirmada).<\/span><\/strong><\/p>\n<p class=\"p2\">\u00a0<\/p>\n<p class=\"p2\">Pueden adquirirse entradas para uno o ambos actos. Encontrar\u00e1 toda la informaci\u00f3n necesaria en la\u00a0 <a href=\"https:\/\/e-denen.net\/mr-prem-rawats-kyoto-2024\/\" target=\"_blank\" rel=\"noopener\">p\u00e1gina de informaci\u00f3n del evento<\/a>.<\/p>\n<p class=\"p2\">\u00a0<\/p>\n<p class=\"p1\"><em><span class=\"s1\">Este aviso previo se facilita para ayudarte a planificar, pero no debe utilizarse para reservar viajes o alojamiento, ya que el n\u00famero de personas que solicitan plazas puede exceder la capacidad del recinto. Consulta tambi\u00e9n las normas y restricciones de viaje vigentes que puedan afectarte.<\/span><\/em><\/p>\n<p>[\/et_pb_text][\/et_pb_column][\/et_pb_row][\/et_pb_section]<\/p>\n","protected":false},"excerpt":{"rendered":"<p>Foto por cortes\u00eda de imelessTodayTe invitamos a participar en el evento de autor del 19 de octubre en Kioto, Jap\u00f3n, del best-seller del New York Times de Prem Rawat \u00abHear Yourself\u00bb. C\u00f3mo encontrar la paz en un mundo ruidoso, ahora traducido al japon\u00e9s. Se podr\u00e1 escuchar hablar a Prem Rawat Fecha: S\u00e1bado, 19 de octubre [&hellip;]<\/p>\n","protected":false},"author":3,"featured_media":34912,"comment_status":"open","ping_status":"open","sticky":false,"template":"","format":"standard","meta":{"_et_pb_use_builder":"on","_et_pb_old_content":"","_et_gb_content_width":"","cybocfi_hide_featured_image":"","footnotes":""},"categories":[75],"tags":[],"post_folder":[],"class_list":["post-35577","post","type-post","status-publish","format-standard","has-post-thumbnail","hentry","category-recent"],"yoast_head":"<!-- This site is optimized with the Yoast SEO plugin v27.3 - https:\/\/yoast.com\/product\/yoast-seo-wordpress\/ -->\n<title>Evento de autor con Prem Rawat en Kioto | Words of Peace<\/title>\n<meta name=\"robots\" content=\"index, follow, max-snippet:-1, max-image-preview:large, max-video-preview:-1\" \/>\n<link rel=\"canonical\" href=\"https:\/\/www.wopg.org\/es\/evento-con-prem-rawat-en-kioto\/\" \/>\n<meta property=\"og:locale\" content=\"es_ES\" \/>\n<meta property=\"og:type\" content=\"article\" \/>\n<meta property=\"og:title\" content=\"Evento de autor con Prem Rawat en Kioto | Words of Peace\" \/>\n<meta property=\"og:description\" content=\"Foto por cortes\u00eda de imelessTodayTe invitamos a participar en el evento de autor del 19 de octubre en Kioto, Jap\u00f3n, del best-seller del New York Times de Prem Rawat &quot;Hear Yourself&quot;. C\u00f3mo encontrar la paz en un mundo ruidoso, ahora traducido al japon\u00e9s. Se podr\u00e1 escuchar hablar a Prem Rawat Fecha: S\u00e1bado, 19 de octubre [&hellip;]\" \/>\n<meta property=\"og:url\" content=\"https:\/\/www.wopg.org\/es\/evento-con-prem-rawat-en-kioto\/\" \/>\n<meta property=\"og:site_name\" content=\"Words of Peace\" \/>\n<meta property=\"article:publisher\" content=\"https:\/\/www.facebook.com\/wordsofpeaceglobal\" \/>\n<meta property=\"article:published_time\" content=\"2024-10-21T08:23:58+00:00\" \/>\n<meta property=\"article:modified_time\" content=\"2024-10-21T08:26:35+00:00\" \/>\n<meta property=\"og:image\" content=\"https:\/\/eadn-wc03-5903292.nxedge.io\/wp-content\/uploads\/2024\/09\/221030_Tokyo_MrKinoshita_Event_nkm_227_1080x608.jpg\" \/>\n\t<meta property=\"og:image:width\" content=\"1080\" \/>\n\t<meta property=\"og:image:height\" content=\"608\" \/>\n\t<meta property=\"og:image:type\" content=\"image\/jpeg\" \/>\n<meta name=\"author\" content=\"Carmine\" \/>\n<meta name=\"twitter:card\" content=\"summary_large_image\" \/>\n<meta name=\"twitter:creator\" content=\"@wopg\" \/>\n<meta name=\"twitter:site\" content=\"@wopg\" \/>\n<meta name=\"twitter:label1\" content=\"Escrito por\" \/>\n\t<meta name=\"twitter:data1\" content=\"Carmine\" \/>\n\t<meta name=\"twitter:label2\" content=\"Tiempo de lectura\" \/>\n\t<meta name=\"twitter:data2\" content=\"3 minutos\" \/>\n<script type=\"application\/ld+json\" class=\"yoast-schema-graph\">{\"@context\":\"https:\\\/\\\/schema.org\",\"@graph\":[{\"@type\":\"Article\",\"@id\":\"https:\\\/\\\/www.wopg.org\\\/es\\\/evento-con-prem-rawat-en-kioto\\\/#article\",\"isPartOf\":{\"@id\":\"https:\\\/\\\/www.wopg.org\\\/es\\\/evento-con-prem-rawat-en-kioto\\\/\"},\"author\":{\"name\":\"Carmine\",\"@id\":\"https:\\\/\\\/www.wopg.org\\\/es\\\/#\\\/schema\\\/person\\\/d3d11db72a0ccdab996f68053f8495f1\"},\"headline\":\"Evento de autor con Prem Rawat en Kioto\",\"datePublished\":\"2024-10-21T08:23:58+00:00\",\"dateModified\":\"2024-10-21T08:26:35+00:00\",\"mainEntityOfPage\":{\"@id\":\"https:\\\/\\\/www.wopg.org\\\/es\\\/evento-con-prem-rawat-en-kioto\\\/\"},\"wordCount\":692,\"commentCount\":0,\"publisher\":{\"@id\":\"https:\\\/\\\/www.wopg.org\\\/es\\\/#organization\"},\"image\":{\"@id\":\"https:\\\/\\\/www.wopg.org\\\/es\\\/evento-con-prem-rawat-en-kioto\\\/#primaryimage\"},\"thumbnailUrl\":\"https:\\\/\\\/www.wopg.org\\\/wp-content\\\/uploads\\\/2024\\\/09\\\/221030_Tokyo_MrKinoshita_Event_nkm_227_1080x608.jpg\",\"articleSection\":[\"Recent\"],\"inLanguage\":\"es\",\"potentialAction\":[{\"@type\":\"CommentAction\",\"name\":\"Comment\",\"target\":[\"https:\\\/\\\/www.wopg.org\\\/es\\\/evento-con-prem-rawat-en-kioto\\\/#respond\"]}]},{\"@type\":\"WebPage\",\"@id\":\"https:\\\/\\\/www.wopg.org\\\/es\\\/evento-con-prem-rawat-en-kioto\\\/\",\"url\":\"https:\\\/\\\/www.wopg.org\\\/es\\\/evento-con-prem-rawat-en-kioto\\\/\",\"name\":\"Evento de autor con Prem Rawat en Kioto | Words of Peace\",\"isPartOf\":{\"@id\":\"https:\\\/\\\/www.wopg.org\\\/es\\\/#website\"},\"primaryImageOfPage\":{\"@id\":\"https:\\\/\\\/www.wopg.org\\\/es\\\/evento-con-prem-rawat-en-kioto\\\/#primaryimage\"},\"image\":{\"@id\":\"https:\\\/\\\/www.wopg.org\\\/es\\\/evento-con-prem-rawat-en-kioto\\\/#primaryimage\"},\"thumbnailUrl\":\"https:\\\/\\\/www.wopg.org\\\/wp-content\\\/uploads\\\/2024\\\/09\\\/221030_Tokyo_MrKinoshita_Event_nkm_227_1080x608.jpg\",\"datePublished\":\"2024-10-21T08:23:58+00:00\",\"dateModified\":\"2024-10-21T08:26:35+00:00\",\"breadcrumb\":{\"@id\":\"https:\\\/\\\/www.wopg.org\\\/es\\\/evento-con-prem-rawat-en-kioto\\\/#breadcrumb\"},\"inLanguage\":\"es\",\"potentialAction\":[{\"@type\":\"ReadAction\",\"target\":[\"https:\\\/\\\/www.wopg.org\\\/es\\\/evento-con-prem-rawat-en-kioto\\\/\"]}]},{\"@type\":\"ImageObject\",\"inLanguage\":\"es\",\"@id\":\"https:\\\/\\\/www.wopg.org\\\/es\\\/evento-con-prem-rawat-en-kioto\\\/#primaryimage\",\"url\":\"https:\\\/\\\/www.wopg.org\\\/wp-content\\\/uploads\\\/2024\\\/09\\\/221030_Tokyo_MrKinoshita_Event_nkm_227_1080x608.jpg\",\"contentUrl\":\"https:\\\/\\\/www.wopg.org\\\/wp-content\\\/uploads\\\/2024\\\/09\\\/221030_Tokyo_MrKinoshita_Event_nkm_227_1080x608.jpg\",\"width\":1080,\"height\":608},{\"@type\":\"BreadcrumbList\",\"@id\":\"https:\\\/\\\/www.wopg.org\\\/es\\\/evento-con-prem-rawat-en-kioto\\\/#breadcrumb\",\"itemListElement\":[{\"@type\":\"ListItem\",\"position\":1,\"name\":\"Home\",\"item\":\"https:\\\/\\\/www.wopg.org\\\/es\\\/\"},{\"@type\":\"ListItem\",\"position\":2,\"name\":\"Evento de autor con Prem Rawat en Kioto\"}]},{\"@type\":\"WebSite\",\"@id\":\"https:\\\/\\\/www.wopg.org\\\/es\\\/#website\",\"url\":\"https:\\\/\\\/www.wopg.org\\\/es\\\/\",\"name\":\"Words of Peace\",\"description\":\"Practice Peace, Change Your World\",\"publisher\":{\"@id\":\"https:\\\/\\\/www.wopg.org\\\/es\\\/#organization\"},\"potentialAction\":[{\"@type\":\"SearchAction\",\"target\":{\"@type\":\"EntryPoint\",\"urlTemplate\":\"https:\\\/\\\/www.wopg.org\\\/es\\\/?s={search_term_string}\"},\"query-input\":{\"@type\":\"PropertyValueSpecification\",\"valueRequired\":true,\"valueName\":\"search_term_string\"}}],\"inLanguage\":\"es\"},{\"@type\":\"Organization\",\"@id\":\"https:\\\/\\\/www.wopg.org\\\/es\\\/#organization\",\"name\":\"Words of Peace\",\"url\":\"https:\\\/\\\/www.wopg.org\\\/es\\\/\",\"logo\":{\"@type\":\"ImageObject\",\"inLanguage\":\"es\",\"@id\":\"https:\\\/\\\/www.wopg.org\\\/es\\\/#\\\/schema\\\/logo\\\/image\\\/\",\"url\":\"https:\\\/\\\/wopg.org\\\/wp-content\\\/uploads\\\/2022\\\/02\\\/Words-of-Peace-logo-website61x252.png\",\"contentUrl\":\"https:\\\/\\\/wopg.org\\\/wp-content\\\/uploads\\\/2022\\\/02\\\/Words-of-Peace-logo-website61x252.png\",\"width\":252,\"height\":61,\"caption\":\"Words of Peace\"},\"image\":{\"@id\":\"https:\\\/\\\/www.wopg.org\\\/es\\\/#\\\/schema\\\/logo\\\/image\\\/\"},\"sameAs\":[\"https:\\\/\\\/www.facebook.com\\\/wordsofpeaceglobal\",\"https:\\\/\\\/x.com\\\/wopg\",\"https:\\\/\\\/www.instagram.com\\\/wopgofficial\\\/\"]},{\"@type\":\"Person\",\"@id\":\"https:\\\/\\\/www.wopg.org\\\/es\\\/#\\\/schema\\\/person\\\/d3d11db72a0ccdab996f68053f8495f1\",\"name\":\"Carmine\",\"image\":{\"@type\":\"ImageObject\",\"inLanguage\":\"es\",\"@id\":\"https:\\\/\\\/secure.gravatar.com\\\/avatar\\\/0d1627d54f68a11050bcb7910085c6f067e95a9d71dfc5de1025a4cf15cdfb19?s=96&d=mm&r=g\",\"url\":\"https:\\\/\\\/secure.gravatar.com\\\/avatar\\\/0d1627d54f68a11050bcb7910085c6f067e95a9d71dfc5de1025a4cf15cdfb19?s=96&d=mm&r=g\",\"contentUrl\":\"https:\\\/\\\/secure.gravatar.com\\\/avatar\\\/0d1627d54f68a11050bcb7910085c6f067e95a9d71dfc5de1025a4cf15cdfb19?s=96&d=mm&r=g\",\"caption\":\"Carmine\"},\"url\":\"https:\\\/\\\/www.wopg.org\\\/es\\\/author\\\/carmine\\\/\"}]}<\/script>\n<!-- \/ Yoast SEO plugin. -->","yoast_head_json":{"title":"Evento de autor con Prem Rawat en Kioto | Words of Peace","robots":{"index":"index","follow":"follow","max-snippet":"max-snippet:-1","max-image-preview":"max-image-preview:large","max-video-preview":"max-video-preview:-1"},"canonical":"https:\/\/www.wopg.org\/es\/evento-con-prem-rawat-en-kioto\/","og_locale":"es_ES","og_type":"article","og_title":"Evento de autor con Prem Rawat en Kioto | Words of Peace","og_description":"Foto por cortes\u00eda de imelessTodayTe invitamos a participar en el evento de autor del 19 de octubre en Kioto, Jap\u00f3n, del best-seller del New York Times de Prem Rawat \"Hear Yourself\". C\u00f3mo encontrar la paz en un mundo ruidoso, ahora traducido al japon\u00e9s. Se podr\u00e1 escuchar hablar a Prem Rawat Fecha: S\u00e1bado, 19 de octubre [&hellip;]","og_url":"https:\/\/www.wopg.org\/es\/evento-con-prem-rawat-en-kioto\/","og_site_name":"Words of Peace","article_publisher":"https:\/\/www.facebook.com\/wordsofpeaceglobal","article_published_time":"2024-10-21T08:23:58+00:00","article_modified_time":"2024-10-21T08:26:35+00:00","og_image":[{"width":1080,"height":608,"url":"https:\/\/eadn-wc03-5903292.nxedge.io\/wp-content\/uploads\/2024\/09\/221030_Tokyo_MrKinoshita_Event_nkm_227_1080x608.jpg","type":"image\/jpeg"}],"author":"Carmine","twitter_card":"summary_large_image","twitter_creator":"@wopg","twitter_site":"@wopg","twitter_misc":{"Escrito por":"Carmine","Tiempo de lectura":"3 minutos"},"schema":{"@context":"https:\/\/schema.org","@graph":[{"@type":"Article","@id":"https:\/\/www.wopg.org\/es\/evento-con-prem-rawat-en-kioto\/#article","isPartOf":{"@id":"https:\/\/www.wopg.org\/es\/evento-con-prem-rawat-en-kioto\/"},"author":{"name":"Carmine","@id":"https:\/\/www.wopg.org\/es\/#\/schema\/person\/d3d11db72a0ccdab996f68053f8495f1"},"headline":"Evento de autor con Prem Rawat en Kioto","datePublished":"2024-10-21T08:23:58+00:00","dateModified":"2024-10-21T08:26:35+00:00","mainEntityOfPage":{"@id":"https:\/\/www.wopg.org\/es\/evento-con-prem-rawat-en-kioto\/"},"wordCount":692,"commentCount":0,"publisher":{"@id":"https:\/\/www.wopg.org\/es\/#organization"},"image":{"@id":"https:\/\/www.wopg.org\/es\/evento-con-prem-rawat-en-kioto\/#primaryimage"},"thumbnailUrl":"https:\/\/eadn-wc03-5903292.nxedge.io\/wp-content\/uploads\/2024\/09\/221030_Tokyo_MrKinoshita_Event_nkm_227_1080x608.jpg","articleSection":["Recent"],"inLanguage":"es","potentialAction":[{"@type":"CommentAction","name":"Comment","target":["https:\/\/www.wopg.org\/es\/evento-con-prem-rawat-en-kioto\/#respond"]}]},{"@type":"WebPage","@id":"https:\/\/www.wopg.org\/es\/evento-con-prem-rawat-en-kioto\/","url":"https:\/\/www.wopg.org\/es\/evento-con-prem-rawat-en-kioto\/","name":"Evento de autor con Prem Rawat en Kioto | Words of Peace","isPartOf":{"@id":"https:\/\/www.wopg.org\/es\/#website"},"primaryImageOfPage":{"@id":"https:\/\/www.wopg.org\/es\/evento-con-prem-rawat-en-kioto\/#primaryimage"},"image":{"@id":"https:\/\/www.wopg.org\/es\/evento-con-prem-rawat-en-kioto\/#primaryimage"},"thumbnailUrl":"https:\/\/eadn-wc03-5903292.nxedge.io\/wp-content\/uploads\/2024\/09\/221030_Tokyo_MrKinoshita_Event_nkm_227_1080x608.jpg","datePublished":"2024-10-21T08:23:58+00:00","dateModified":"2024-10-21T08:26:35+00:00","breadcrumb":{"@id":"https:\/\/www.wopg.org\/es\/evento-con-prem-rawat-en-kioto\/#breadcrumb"},"inLanguage":"es","potentialAction":[{"@type":"ReadAction","target":["https:\/\/www.wopg.org\/es\/evento-con-prem-rawat-en-kioto\/"]}]},{"@type":"ImageObject","inLanguage":"es","@id":"https:\/\/www.wopg.org\/es\/evento-con-prem-rawat-en-kioto\/#primaryimage","url":"https:\/\/eadn-wc03-5903292.nxedge.io\/wp-content\/uploads\/2024\/09\/221030_Tokyo_MrKinoshita_Event_nkm_227_1080x608.jpg","contentUrl":"https:\/\/eadn-wc03-5903292.nxedge.io\/wp-content\/uploads\/2024\/09\/221030_Tokyo_MrKinoshita_Event_nkm_227_1080x608.jpg","width":1080,"height":608},{"@type":"BreadcrumbList","@id":"https:\/\/www.wopg.org\/es\/evento-con-prem-rawat-en-kioto\/#breadcrumb","itemListElement":[{"@type":"ListItem","position":1,"name":"Home","item":"https:\/\/www.wopg.org\/es\/"},{"@type":"ListItem","position":2,"name":"Evento de autor con Prem Rawat en Kioto"}]},{"@type":"WebSite","@id":"https:\/\/www.wopg.org\/es\/#website","url":"https:\/\/www.wopg.org\/es\/","name":"Words of Peace","description":"Practice Peace, Change Your World","publisher":{"@id":"https:\/\/www.wopg.org\/es\/#organization"},"potentialAction":[{"@type":"SearchAction","target":{"@type":"EntryPoint","urlTemplate":"https:\/\/www.wopg.org\/es\/?s={search_term_string}"},"query-input":{"@type":"PropertyValueSpecification","valueRequired":true,"valueName":"search_term_string"}}],"inLanguage":"es"},{"@type":"Organization","@id":"https:\/\/www.wopg.org\/es\/#organization","name":"Words of Peace","url":"https:\/\/www.wopg.org\/es\/","logo":{"@type":"ImageObject","inLanguage":"es","@id":"https:\/\/www.wopg.org\/es\/#\/schema\/logo\/image\/","url":"https:\/\/wopg.org\/wp-content\/uploads\/2022\/02\/Words-of-Peace-logo-website61x252.png","contentUrl":"https:\/\/wopg.org\/wp-content\/uploads\/2022\/02\/Words-of-Peace-logo-website61x252.png","width":252,"height":61,"caption":"Words of Peace"},"image":{"@id":"https:\/\/www.wopg.org\/es\/#\/schema\/logo\/image\/"},"sameAs":["https:\/\/www.facebook.com\/wordsofpeaceglobal","https:\/\/x.com\/wopg","https:\/\/www.instagram.com\/wopgofficial\/"]},{"@type":"Person","@id":"https:\/\/www.wopg.org\/es\/#\/schema\/person\/d3d11db72a0ccdab996f68053f8495f1","name":"Carmine","image":{"@type":"ImageObject","inLanguage":"es","@id":"https:\/\/secure.gravatar.com\/avatar\/0d1627d54f68a11050bcb7910085c6f067e95a9d71dfc5de1025a4cf15cdfb19?s=96&d=mm&r=g","url":"https:\/\/secure.gravatar.com\/avatar\/0d1627d54f68a11050bcb7910085c6f067e95a9d71dfc5de1025a4cf15cdfb19?s=96&d=mm&r=g","contentUrl":"https:\/\/secure.gravatar.com\/avatar\/0d1627d54f68a11050bcb7910085c6f067e95a9d71dfc5de1025a4cf15cdfb19?s=96&d=mm&r=g","caption":"Carmine"},"url":"https:\/\/www.wopg.org\/es\/author\/carmine\/"}]}},"_links":{"self":[{"href":"https:\/\/www.wopg.org\/es\/wp-json\/wp\/v2\/posts\/35577","targetHints":{"allow":["GET"]}}],"collection":[{"href":"https:\/\/www.wopg.org\/es\/wp-json\/wp\/v2\/posts"}],"about":[{"href":"https:\/\/www.wopg.org\/es\/wp-json\/wp\/v2\/types\/post"}],"author":[{"embeddable":true,"href":"https:\/\/www.wopg.org\/es\/wp-json\/wp\/v2\/users\/3"}],"replies":[{"embeddable":true,"href":"https:\/\/www.wopg.org\/es\/wp-json\/wp\/v2\/comments?post=35577"}],"version-history":[{"count":8,"href":"https:\/\/www.wopg.org\/es\/wp-json\/wp\/v2\/posts\/35577\/revisions"}],"predecessor-version":[{"id":35585,"href":"https:\/\/www.wopg.org\/es\/wp-json\/wp\/v2\/posts\/35577\/revisions\/35585"}],"wp:featuredmedia":[{"embeddable":true,"href":"https:\/\/www.wopg.org\/es\/wp-json\/wp\/v2\/media\/34912"}],"wp:attachment":[{"href":"https:\/\/www.wopg.org\/es\/wp-json\/wp\/v2\/media?parent=35577"}],"wp:term":[{"taxonomy":"category","embeddable":true,"href":"https:\/\/www.wopg.org\/es\/wp-json\/wp\/v2\/categories?post=35577"},{"taxonomy":"post_tag","embeddable":true,"href":"https:\/\/www.wopg.org\/es\/wp-json\/wp\/v2\/tags?post=35577"},{"taxonomy":"post_folder","embeddable":true,"href":"https:\/\/www.wopg.org\/es\/wp-json\/wp\/v2\/post_folder?post=35577"}],"curies":[{"name":"wp","href":"https:\/\/api.w.org\/{rel}","templated":true}]}}