{"id":35929,"date":"2024-11-10T15:59:52","date_gmt":"2024-11-10T15:59:52","guid":{"rendered":"https:\/\/www.wopg.org\/prem-rawat-en-sudafrica\/"},"modified":"2024-12-01T09:24:19","modified_gmt":"2024-12-01T09:24:19","slug":"prem-rawat-en-sudafrica","status":"publish","type":"post","link":"https:\/\/www.wopg.org\/es\/prem-rawat-en-sudafrica\/","title":{"rendered":"\u00a1PREM RAWAT en Sud\u00e1frica!"},"content":{"rendered":"<p>[et_pb_section fb_built=\u00bb1&#8243; _builder_version=\u00bb4.17.4&#8243; _module_preset=\u00bbdefault\u00bb custom_margin=\u00bb-50px||||false|false\u00bb custom_padding=\u00bb0px||0px||false|false\u00bb global_colors_info=\u00bb{}\u00bb][et_pb_row _builder_version=\u00bb4.17.4&#8243; _module_preset=\u00bbdefault\u00bb custom_padding=\u00bb0px||||false|false\u00bb global_colors_info=\u00bb{}\u00bb][et_pb_column type=\u00bb4_4&#8243; _builder_version=\u00bb4.17.4&#8243; _module_preset=\u00bbdefault\u00bb global_colors_info=\u00bb{}\u00bb][et_pb_text _builder_version=\u00bb4.27.2&#8243; _module_preset=\u00bbdefault\u00bb global_colors_info=\u00bb{}\u00bb]<\/p>\n<h6 style=\"text-align: center;\">Foto por cortes\u00eda de TimelessToday<\/h6>\n<p>[\/et_pb_text][\/et_pb_column][\/et_pb_row][et_pb_row column_structure=\u00bb1_6,1_6,1_6,1_6,1_6,1_6&#8243; disabled_on=\u00bboff|off|off\u00bb _builder_version=\u00bb4.27.2&#8243; _module_preset=\u00bbdefault\u00bb module_alignment=\u00bbcenter\u00bb custom_padding=\u00bb0px||||false|false\u00bb global_colors_info=\u00bb{}\u00bb][et_pb_column type=\u00bb1_6&#8243; _builder_version=\u00bb4.24.3&#8243; _module_preset=\u00bbdefault\u00bb global_colors_info=\u00bb{}\u00bb][et_pb_button button_url=\u00bbhttps:\/\/www.wopg.org\/es\/prem-rawat-en-sudafrica\/\u00bb button_text=\u00bbIngl\u00e9s\u00bb button_alignment=\u00bbcenter\u00bb admin_label=\u00bbEnglish\u00bb _builder_version=\u00bb4.27.2&#8243; _module_preset=\u00bbdefault\u00bb custom_button=\u00bbon\u00bb button_text_size=\u00bb16px\u00bb button_text_color=\u00bb#008B73&#8243; button_bg_color=\u00bbRGBA(255,255,255,0)\u00bb button_border_width=\u00bb1px\u00bb button_border_color=\u00bb#008B73&#8243; button_border_radius=\u00bb5px\u00bb button_font=\u00bb|700|||||||\u00bb button_use_icon=\u00bboff\u00bb custom_padding=\u00bb0px||0px||false|false\u00bb locked=\u00bboff\u00bb global_colors_info=\u00bb{}\u00bb button_bg_color__hover=\u00bbRGBA(0,139,115,0.65)\u00bb button_bg_color__hover_enabled=\u00bbon|hover\u00bb][\/et_pb_button][\/et_pb_column][et_pb_column type=\u00bb1_6&#8243; _builder_version=\u00bb4.24.3&#8243; _module_preset=\u00bbdefault\u00bb global_colors_info=\u00bb{}\u00bb][et_pb_button button_url=\u00bbhttps:\/\/www.wopg.org\/es\/prem-rawat-en-sudafrica\/\u00bb button_text=\u00bbFranc\u00e9s\u00bb button_alignment=\u00bbcenter\u00bb admin_label=\u00bbFrench\u00bb _builder_version=\u00bb4.27.2&#8243; _module_preset=\u00bbdefault\u00bb custom_button=\u00bbon\u00bb button_text_size=\u00bb16px\u00bb button_text_color=\u00bb#008B73&#8243; button_bg_color=\u00bbRGBA(255,255,255,0)\u00bb button_border_width=\u00bb1px\u00bb button_border_color=\u00bb#008B73&#8243; button_border_radius=\u00bb5px\u00bb button_font=\u00bb|700|||||||\u00bb button_use_icon=\u00bboff\u00bb custom_padding=\u00bb0px||0px||false|false\u00bb locked=\u00bboff\u00bb global_colors_info=\u00bb{}\u00bb button_bg_color__hover=\u00bbRGBA(0,139,115,0.65)\u00bb button_bg_color__hover_enabled=\u00bbon|hover\u00bb][\/et_pb_button][\/et_pb_column][et_pb_column type=\u00bb1_6&#8243; _builder_version=\u00bb4.24.3&#8243; _module_preset=\u00bbdefault\u00bb global_colors_info=\u00bb{}\u00bb][et_pb_button button_url=\u00bbhttps:\/\/www.wopg.org\/es\/prem-rawat-en-sudafrica\/\u00bb button_text=\u00bbAlem\u00e1n\u00bb button_alignment=\u00bbcenter\u00bb admin_label=\u00bbGerman\u00bb _builder_version=\u00bb4.27.2&#8243; _module_preset=\u00bbdefault\u00bb custom_button=\u00bbon\u00bb button_text_size=\u00bb16px\u00bb button_text_color=\u00bb#008B73&#8243; button_bg_color=\u00bbRGBA(255,255,255,0)\u00bb button_border_width=\u00bb1px\u00bb button_border_color=\u00bb#008B73&#8243; button_border_radius=\u00bb5px\u00bb button_font=\u00bb|700|||||||\u00bb button_use_icon=\u00bboff\u00bb custom_padding=\u00bb0px||0px||false|false\u00bb locked=\u00bboff\u00bb global_colors_info=\u00bb{}\u00bb button_bg_color__hover=\u00bbRGBA(0,139,115,0.65)\u00bb button_bg_color__hover_enabled=\u00bbon|hover\u00bb][\/et_pb_button][\/et_pb_column][et_pb_column type=\u00bb1_6&#8243; _builder_version=\u00bb4.24.3&#8243; _module_preset=\u00bbdefault\u00bb global_colors_info=\u00bb{}\u00bb][et_pb_button button_url=\u00bbhttps:\/\/www.wopg.org\/es\/prem-rawat-en-sudafrica\/\u00bb button_text=\u00bbItaliano\u00bb button_alignment=\u00bbcenter\u00bb admin_label=\u00bbItalian\u00bb _builder_version=\u00bb4.27.2&#8243; _module_preset=\u00bbdefault\u00bb custom_button=\u00bbon\u00bb button_text_size=\u00bb16px\u00bb button_text_color=\u00bb#008B73&#8243; button_bg_color=\u00bbRGBA(255,255,255,0)\u00bb button_border_width=\u00bb1px\u00bb button_border_color=\u00bb#008B73&#8243; button_border_radius=\u00bb5px\u00bb button_font=\u00bb|700|||||||\u00bb button_use_icon=\u00bboff\u00bb custom_padding=\u00bb0px||0px||false|false\u00bb locked=\u00bboff\u00bb global_colors_info=\u00bb{}\u00bb button_bg_color__hover=\u00bbRGBA(0,139,115,0.65)\u00bb button_bg_color__hover_enabled=\u00bbon|hover\u00bb][\/et_pb_button][\/et_pb_column][et_pb_column type=\u00bb1_6&#8243; _builder_version=\u00bb4.24.3&#8243; _module_preset=\u00bbdefault\u00bb global_colors_info=\u00bb{}\u00bb][et_pb_button button_url=\u00bbhttps:\/\/www.wopg.org\/es\/prem-rawat-en-sudafrica\/\u00bb button_text=\u00bbPortugu\u00e9s\u00bb button_alignment=\u00bbcenter\u00bb admin_label=\u00bbPortuguese\u00bb _builder_version=\u00bb4.27.2&#8243; _module_preset=\u00bbdefault\u00bb custom_button=\u00bbon\u00bb button_text_size=\u00bb16px\u00bb button_text_color=\u00bb#008B73&#8243; button_bg_color=\u00bbRGBA(255,255,255,0)\u00bb button_border_width=\u00bb1px\u00bb button_border_color=\u00bb#008B73&#8243; button_border_radius=\u00bb5px\u00bb button_font=\u00bb|700|||||||\u00bb button_use_icon=\u00bboff\u00bb custom_padding=\u00bb0px||0px||false|false\u00bb locked=\u00bboff\u00bb global_colors_info=\u00bb{}\u00bb button_bg_color__hover=\u00bbRGBA(0,139,115,0.65)\u00bb button_bg_color__hover_enabled=\u00bbon|hover\u00bb][\/et_pb_button][\/et_pb_column][et_pb_column type=\u00bb1_6&#8243; _builder_version=\u00bb4.24.3&#8243; _module_preset=\u00bbdefault\u00bb global_colors_info=\u00bb{}\u00bb][et_pb_button button_url=\u00bbhttps:\/\/www.wopg.org\/es\/prem-rawat-en-sudafrica\/\u00bb button_text=\u00bbEspa\u00f1ol\u00bb button_alignment=\u00bbcenter\u00bb admin_label=\u00bbSpanish\u00bb _builder_version=\u00bb4.27.2&#8243; _module_preset=\u00bbdefault\u00bb custom_button=\u00bbon\u00bb button_text_size=\u00bb16px\u00bb button_text_color=\u00bb#008B73&#8243; button_bg_color=\u00bbRGBA(255,255,255,0)\u00bb button_border_width=\u00bb1px\u00bb button_border_color=\u00bb#008B73&#8243; button_border_radius=\u00bb5px\u00bb button_font=\u00bb|700|||||||\u00bb button_use_icon=\u00bboff\u00bb custom_padding=\u00bb0px||0px||false|false\u00bb locked=\u00bboff\u00bb global_colors_info=\u00bb{}\u00bb button_bg_color__hover=\u00bbRGBA(0,139,115,0.65)\u00bb button_bg_color__hover_enabled=\u00bbon|hover\u00bb][\/et_pb_button][\/et_pb_column][\/et_pb_row][\/et_pb_section][et_pb_section fb_built=\u00bb1&#8243; disabled_on=\u00bboff|off|off\u00bb admin_label=\u00bbFull event details\u00bb _builder_version=\u00bb4.27.0&#8243; _module_preset=\u00bbdefault\u00bb custom_padding=\u00bb||0px||false|false\u00bb locked=\u00bboff\u00bb collapsed=\u00bboff\u00bb global_colors_info=\u00bb{}\u00bb][et_pb_row _builder_version=\u00bb4.21.0&#8243; _module_preset=\u00bbdefault\u00bb custom_padding=\u00bb0px||||false|false\u00bb custom_css_main_element=\u00bbdisplay: flex;||flex-wrap: wrap;||justify-content: center;\u00bb global_colors_info=\u00bb{}\u00bb][et_pb_column type=\u00bb4_4&#8243; _builder_version=\u00bb4.21.0&#8243; _module_preset=\u00bbdefault\u00bb global_colors_info=\u00bb{}\u00bb][et_pb_text disabled_on=\u00bboff|off|off\u00bb admin_label=\u00bbTitle\u00bb _builder_version=\u00bb4.27.2&#8243; _module_preset=\u00bbdefault\u00bb locked=\u00bboff\u00bb global_colors_info=\u00bb{}\u00bb]<\/p>\n<div class=\"et_pb_row et_pb_row_0\">\n<div class=\"et_pb_column et_pb_column_4_4 et_pb_column_0 et_pb_css_mix_blend_mode_passthrough et-last-child\">\n<div class=\"et_pb_module et_pb_text et_pb_text_0 et_pb_text_align_left et_pb_bg_layout_light\">\n<div class=\"et_pb_text_inner\">\n<h2 style=\"text-align: center;\">Conexi\u00f3n 24<\/h2>\n<h4 style=\"text-align: center;\">Aceptar la experiencia del ser<\/h4>\n<\/div>\n<\/div>\n<\/div>\n<\/div>\n<p>[\/et_pb_text][et_pb_text admin_label=\u00bbWHO IS INVITED\u00bb _builder_version=\u00bb4.27.2&#8243; _module_preset=\u00bbdefault\u00bb link_font=\u00bb|700|||||||\u00bb hover_enabled=\u00bb0&#8243; global_colors_info=\u00bb{}\u00bb sticky_enabled=\u00bb0&#8243;]<\/p>\n<p class=\"p1\"><span class=\"s1\">Nos complace anunciar que Prem Rawat, educador para la paz de renombre mundial y exitoso autor, se presentar\u00e1 en un evento muy especial en Johannesburg, Sud\u00e1frica on Saturday, el s\u00e1bado 30 de noviembre de 2024.<\/span><\/p>\n<p class=\"p1\"><span class=\"s1\">Esta invitaci\u00f3n se extiende a toda persona que haya aprendido la <a href=\"https:\/\/www.premrawat.com\/es\/un-camino-hacia-la-paz\/\" target=\"_blank\" rel=\"noopener\">pr\u00e1ctica diaria del Conocimiento de uno mismo<\/a>.<\/span><\/p>\n<p class=\"p1\"><em><strong>Debido a la limitada capacidad del auditorio, est\u00e1n invitados a asistir solo residentes de Sud\u00e1frica.<\/strong><\/em><\/p>\n<p>[\/et_pb_text][et_pb_image src=\u00bbhttps:\/\/eadn-wc03-5903292.nxedge.io\/wp-content\/uploads\/2024\/11\/Logo-Connection24.png\u00bb _builder_version=\u00bb4.27.2&#8243; _module_preset=\u00bbdefault\u00bb title_text=\u00bbLogo-Connection24&#8243; align=\u00bbcenter\u00bb hover_enabled=\u00bb0&#8243; sticky_enabled=\u00bb0&#8243; width=\u00bb75%\u00bb][\/et_pb_image][et_pb_text admin_label=\u00bbWHO IS INVITED\u00bb _builder_version=\u00bb4.27.2&#8243; _module_preset=\u00bbdefault\u00bb link_font=\u00bb|700|||||||\u00bb hover_enabled=\u00bb0&#8243; global_colors_info=\u00bb{}\u00bb sticky_enabled=\u00bb0&#8243;]<\/p>\n<p class=\"p1\"><span class=\"s1\">Para quienes no pueden asistir en persona a Conexi\u00f3n 24, entendemos que Intelligent Existence\u00ae tiene previsto transmitir la sesi\u00f3n de apertura\u00a0del entrenamiento<strong>\u00a0<\/strong>e informar\u00e1 al respecto oportunamente.<br \/>M\u00e1s detalles en <a href=\"https:\/\/www.premrawat.com\/events-and-livestreams\/\" target=\"_blank\" rel=\"noopener\">www.premrawat.com<\/a>.<\/span><\/p>\n<p>[\/et_pb_text][\/et_pb_column][\/et_pb_row][\/et_pb_section]<\/p>\n","protected":false},"excerpt":{"rendered":"<p>Foto por cortes\u00eda de TimelessToday Conexi\u00f3n 24 Aceptar la experiencia del ser Nos complace anunciar que Prem Rawat, educador para la paz de renombre mundial y exitoso autor, se presentar\u00e1 en un evento muy especial en Johannesburg, Sud\u00e1frica on Saturday, el s\u00e1bado 30 de noviembre de 2024. Esta invitaci\u00f3n se extiende a toda persona que [&hellip;]<\/p>\n","protected":false},"author":14,"featured_media":36061,"comment_status":"closed","ping_status":"closed","sticky":false,"template":"","format":"standard","meta":{"_et_pb_use_builder":"on","_et_pb_old_content":"","_et_gb_content_width":"","cybocfi_hide_featured_image":"","footnotes":""},"categories":[75],"tags":[],"post_folder":[],"class_list":["post-35929","post","type-post","status-publish","format-standard","has-post-thumbnail","hentry","category-recent"],"yoast_head":"<!-- This site is optimized with the Yoast SEO plugin v27.3 - https:\/\/yoast.com\/product\/yoast-seo-wordpress\/ -->\n<title>\u00a1PREM RAWAT en Sud\u00e1frica! | Words of Peace<\/title>\n<meta name=\"robots\" content=\"index, follow, max-snippet:-1, max-image-preview:large, max-video-preview:-1\" \/>\n<link rel=\"canonical\" href=\"https:\/\/www.wopg.org\/es\/prem-rawat-en-sudafrica\/\" \/>\n<meta property=\"og:locale\" content=\"es_ES\" \/>\n<meta property=\"og:type\" content=\"article\" \/>\n<meta property=\"og:title\" content=\"\u00a1PREM RAWAT en Sud\u00e1frica! | Words of Peace\" \/>\n<meta property=\"og:description\" content=\"Foto por cortes\u00eda de TimelessToday Conexi\u00f3n 24 Aceptar la experiencia del ser Nos complace anunciar que Prem Rawat, educador para la paz de renombre mundial y exitoso autor, se presentar\u00e1 en un evento muy especial en Johannesburg, Sud\u00e1frica on Saturday, el s\u00e1bado 30 de noviembre de 2024. Esta invitaci\u00f3n se extiende a toda persona que [&hellip;]\" \/>\n<meta property=\"og:url\" content=\"https:\/\/www.wopg.org\/es\/prem-rawat-en-sudafrica\/\" \/>\n<meta property=\"og:site_name\" content=\"Words of Peace\" \/>\n<meta property=\"article:publisher\" content=\"https:\/\/www.facebook.com\/wordsofpeaceglobal\" \/>\n<meta property=\"article:published_time\" content=\"2024-11-10T15:59:52+00:00\" \/>\n<meta property=\"article:modified_time\" content=\"2024-12-01T09:24:19+00:00\" \/>\n<meta property=\"og:image\" content=\"https:\/\/eadn-wc03-5903292.nxedge.io\/wp-content\/uploads\/2024\/11\/240629_Athens_LS_dmp_043_1080x608.webp\" \/>\n\t<meta property=\"og:image:width\" content=\"1080\" \/>\n\t<meta property=\"og:image:height\" content=\"608\" \/>\n\t<meta property=\"og:image:type\" content=\"image\/webp\" \/>\n<meta name=\"author\" content=\"Roberto\" \/>\n<meta name=\"twitter:card\" content=\"summary_large_image\" \/>\n<meta name=\"twitter:creator\" content=\"@wopg\" \/>\n<meta name=\"twitter:site\" content=\"@wopg\" \/>\n<meta name=\"twitter:label1\" content=\"Escrito por\" \/>\n\t<meta name=\"twitter:data1\" content=\"Roberto\" \/>\n\t<meta name=\"twitter:label2\" content=\"Tiempo de lectura\" \/>\n\t<meta name=\"twitter:data2\" content=\"5 minutos\" \/>\n<script type=\"application\/ld+json\" class=\"yoast-schema-graph\">{\"@context\":\"https:\\\/\\\/schema.org\",\"@graph\":[{\"@type\":\"Article\",\"@id\":\"https:\\\/\\\/www.wopg.org\\\/es\\\/prem-rawat-en-sudafrica\\\/#article\",\"isPartOf\":{\"@id\":\"https:\\\/\\\/www.wopg.org\\\/es\\\/prem-rawat-en-sudafrica\\\/\"},\"author\":{\"name\":\"Roberto\",\"@id\":\"https:\\\/\\\/www.wopg.org\\\/es\\\/#\\\/schema\\\/person\\\/c495a5aacd2a074ce031b7fa6625b3af\"},\"headline\":\"\u00a1PREM RAWAT en Sud\u00e1frica!\",\"datePublished\":\"2024-11-10T15:59:52+00:00\",\"dateModified\":\"2024-12-01T09:24:19+00:00\",\"mainEntityOfPage\":{\"@id\":\"https:\\\/\\\/www.wopg.org\\\/es\\\/prem-rawat-en-sudafrica\\\/\"},\"wordCount\":1013,\"publisher\":{\"@id\":\"https:\\\/\\\/www.wopg.org\\\/es\\\/#organization\"},\"image\":{\"@id\":\"https:\\\/\\\/www.wopg.org\\\/es\\\/prem-rawat-en-sudafrica\\\/#primaryimage\"},\"thumbnailUrl\":\"https:\\\/\\\/www.wopg.org\\\/wp-content\\\/uploads\\\/2024\\\/11\\\/240629_Athens_LS_dmp_043_1080x608.webp\",\"articleSection\":[\"Recent\"],\"inLanguage\":\"es\"},{\"@type\":\"WebPage\",\"@id\":\"https:\\\/\\\/www.wopg.org\\\/es\\\/prem-rawat-en-sudafrica\\\/\",\"url\":\"https:\\\/\\\/www.wopg.org\\\/es\\\/prem-rawat-en-sudafrica\\\/\",\"name\":\"\u00a1PREM RAWAT en Sud\u00e1frica! | Words of Peace\",\"isPartOf\":{\"@id\":\"https:\\\/\\\/www.wopg.org\\\/es\\\/#website\"},\"primaryImageOfPage\":{\"@id\":\"https:\\\/\\\/www.wopg.org\\\/es\\\/prem-rawat-en-sudafrica\\\/#primaryimage\"},\"image\":{\"@id\":\"https:\\\/\\\/www.wopg.org\\\/es\\\/prem-rawat-en-sudafrica\\\/#primaryimage\"},\"thumbnailUrl\":\"https:\\\/\\\/www.wopg.org\\\/wp-content\\\/uploads\\\/2024\\\/11\\\/240629_Athens_LS_dmp_043_1080x608.webp\",\"datePublished\":\"2024-11-10T15:59:52+00:00\",\"dateModified\":\"2024-12-01T09:24:19+00:00\",\"breadcrumb\":{\"@id\":\"https:\\\/\\\/www.wopg.org\\\/es\\\/prem-rawat-en-sudafrica\\\/#breadcrumb\"},\"inLanguage\":\"es\",\"potentialAction\":[{\"@type\":\"ReadAction\",\"target\":[\"https:\\\/\\\/www.wopg.org\\\/es\\\/prem-rawat-en-sudafrica\\\/\"]}]},{\"@type\":\"ImageObject\",\"inLanguage\":\"es\",\"@id\":\"https:\\\/\\\/www.wopg.org\\\/es\\\/prem-rawat-en-sudafrica\\\/#primaryimage\",\"url\":\"https:\\\/\\\/www.wopg.org\\\/wp-content\\\/uploads\\\/2024\\\/11\\\/240629_Athens_LS_dmp_043_1080x608.webp\",\"contentUrl\":\"https:\\\/\\\/www.wopg.org\\\/wp-content\\\/uploads\\\/2024\\\/11\\\/240629_Athens_LS_dmp_043_1080x608.webp\",\"width\":1080,\"height\":608},{\"@type\":\"BreadcrumbList\",\"@id\":\"https:\\\/\\\/www.wopg.org\\\/es\\\/prem-rawat-en-sudafrica\\\/#breadcrumb\",\"itemListElement\":[{\"@type\":\"ListItem\",\"position\":1,\"name\":\"Home\",\"item\":\"https:\\\/\\\/www.wopg.org\\\/es\\\/\"},{\"@type\":\"ListItem\",\"position\":2,\"name\":\"\u00a1PREM RAWAT en Sud\u00e1frica!\"}]},{\"@type\":\"WebSite\",\"@id\":\"https:\\\/\\\/www.wopg.org\\\/es\\\/#website\",\"url\":\"https:\\\/\\\/www.wopg.org\\\/es\\\/\",\"name\":\"Words of Peace\",\"description\":\"Practice Peace, Change Your World\",\"publisher\":{\"@id\":\"https:\\\/\\\/www.wopg.org\\\/es\\\/#organization\"},\"potentialAction\":[{\"@type\":\"SearchAction\",\"target\":{\"@type\":\"EntryPoint\",\"urlTemplate\":\"https:\\\/\\\/www.wopg.org\\\/es\\\/?s={search_term_string}\"},\"query-input\":{\"@type\":\"PropertyValueSpecification\",\"valueRequired\":true,\"valueName\":\"search_term_string\"}}],\"inLanguage\":\"es\"},{\"@type\":\"Organization\",\"@id\":\"https:\\\/\\\/www.wopg.org\\\/es\\\/#organization\",\"name\":\"Words of Peace\",\"url\":\"https:\\\/\\\/www.wopg.org\\\/es\\\/\",\"logo\":{\"@type\":\"ImageObject\",\"inLanguage\":\"es\",\"@id\":\"https:\\\/\\\/www.wopg.org\\\/es\\\/#\\\/schema\\\/logo\\\/image\\\/\",\"url\":\"https:\\\/\\\/wopg.org\\\/wp-content\\\/uploads\\\/2022\\\/02\\\/Words-of-Peace-logo-website61x252.png\",\"contentUrl\":\"https:\\\/\\\/wopg.org\\\/wp-content\\\/uploads\\\/2022\\\/02\\\/Words-of-Peace-logo-website61x252.png\",\"width\":252,\"height\":61,\"caption\":\"Words of Peace\"},\"image\":{\"@id\":\"https:\\\/\\\/www.wopg.org\\\/es\\\/#\\\/schema\\\/logo\\\/image\\\/\"},\"sameAs\":[\"https:\\\/\\\/www.facebook.com\\\/wordsofpeaceglobal\",\"https:\\\/\\\/x.com\\\/wopg\",\"https:\\\/\\\/www.instagram.com\\\/wopgofficial\\\/\"]},{\"@type\":\"Person\",\"@id\":\"https:\\\/\\\/www.wopg.org\\\/es\\\/#\\\/schema\\\/person\\\/c495a5aacd2a074ce031b7fa6625b3af\",\"name\":\"Roberto\",\"image\":{\"@type\":\"ImageObject\",\"inLanguage\":\"es\",\"@id\":\"https:\\\/\\\/secure.gravatar.com\\\/avatar\\\/3a2423ab531630d32d946fa10acea4a736bd03feede76ddcc150434c8458228b?s=96&d=mm&r=g\",\"url\":\"https:\\\/\\\/secure.gravatar.com\\\/avatar\\\/3a2423ab531630d32d946fa10acea4a736bd03feede76ddcc150434c8458228b?s=96&d=mm&r=g\",\"contentUrl\":\"https:\\\/\\\/secure.gravatar.com\\\/avatar\\\/3a2423ab531630d32d946fa10acea4a736bd03feede76ddcc150434c8458228b?s=96&d=mm&r=g\",\"caption\":\"Roberto\"},\"url\":\"https:\\\/\\\/www.wopg.org\\\/es\\\/author\\\/roberto\\\/\"}]}<\/script>\n<!-- \/ Yoast SEO plugin. -->","yoast_head_json":{"title":"\u00a1PREM RAWAT en Sud\u00e1frica! | Words of Peace","robots":{"index":"index","follow":"follow","max-snippet":"max-snippet:-1","max-image-preview":"max-image-preview:large","max-video-preview":"max-video-preview:-1"},"canonical":"https:\/\/www.wopg.org\/es\/prem-rawat-en-sudafrica\/","og_locale":"es_ES","og_type":"article","og_title":"\u00a1PREM RAWAT en Sud\u00e1frica! | Words of Peace","og_description":"Foto por cortes\u00eda de TimelessToday Conexi\u00f3n 24 Aceptar la experiencia del ser Nos complace anunciar que Prem Rawat, educador para la paz de renombre mundial y exitoso autor, se presentar\u00e1 en un evento muy especial en Johannesburg, Sud\u00e1frica on Saturday, el s\u00e1bado 30 de noviembre de 2024. Esta invitaci\u00f3n se extiende a toda persona que [&hellip;]","og_url":"https:\/\/www.wopg.org\/es\/prem-rawat-en-sudafrica\/","og_site_name":"Words of Peace","article_publisher":"https:\/\/www.facebook.com\/wordsofpeaceglobal","article_published_time":"2024-11-10T15:59:52+00:00","article_modified_time":"2024-12-01T09:24:19+00:00","og_image":[{"width":1080,"height":608,"url":"https:\/\/eadn-wc03-5903292.nxedge.io\/wp-content\/uploads\/2024\/11\/240629_Athens_LS_dmp_043_1080x608.webp","type":"image\/webp"}],"author":"Roberto","twitter_card":"summary_large_image","twitter_creator":"@wopg","twitter_site":"@wopg","twitter_misc":{"Escrito por":"Roberto","Tiempo de lectura":"5 minutos"},"schema":{"@context":"https:\/\/schema.org","@graph":[{"@type":"Article","@id":"https:\/\/www.wopg.org\/es\/prem-rawat-en-sudafrica\/#article","isPartOf":{"@id":"https:\/\/www.wopg.org\/es\/prem-rawat-en-sudafrica\/"},"author":{"name":"Roberto","@id":"https:\/\/www.wopg.org\/es\/#\/schema\/person\/c495a5aacd2a074ce031b7fa6625b3af"},"headline":"\u00a1PREM RAWAT en Sud\u00e1frica!","datePublished":"2024-11-10T15:59:52+00:00","dateModified":"2024-12-01T09:24:19+00:00","mainEntityOfPage":{"@id":"https:\/\/www.wopg.org\/es\/prem-rawat-en-sudafrica\/"},"wordCount":1013,"publisher":{"@id":"https:\/\/www.wopg.org\/es\/#organization"},"image":{"@id":"https:\/\/www.wopg.org\/es\/prem-rawat-en-sudafrica\/#primaryimage"},"thumbnailUrl":"https:\/\/eadn-wc03-5903292.nxedge.io\/wp-content\/uploads\/2024\/11\/240629_Athens_LS_dmp_043_1080x608.webp","articleSection":["Recent"],"inLanguage":"es"},{"@type":"WebPage","@id":"https:\/\/www.wopg.org\/es\/prem-rawat-en-sudafrica\/","url":"https:\/\/www.wopg.org\/es\/prem-rawat-en-sudafrica\/","name":"\u00a1PREM RAWAT en Sud\u00e1frica! | Words of Peace","isPartOf":{"@id":"https:\/\/www.wopg.org\/es\/#website"},"primaryImageOfPage":{"@id":"https:\/\/www.wopg.org\/es\/prem-rawat-en-sudafrica\/#primaryimage"},"image":{"@id":"https:\/\/www.wopg.org\/es\/prem-rawat-en-sudafrica\/#primaryimage"},"thumbnailUrl":"https:\/\/eadn-wc03-5903292.nxedge.io\/wp-content\/uploads\/2024\/11\/240629_Athens_LS_dmp_043_1080x608.webp","datePublished":"2024-11-10T15:59:52+00:00","dateModified":"2024-12-01T09:24:19+00:00","breadcrumb":{"@id":"https:\/\/www.wopg.org\/es\/prem-rawat-en-sudafrica\/#breadcrumb"},"inLanguage":"es","potentialAction":[{"@type":"ReadAction","target":["https:\/\/www.wopg.org\/es\/prem-rawat-en-sudafrica\/"]}]},{"@type":"ImageObject","inLanguage":"es","@id":"https:\/\/www.wopg.org\/es\/prem-rawat-en-sudafrica\/#primaryimage","url":"https:\/\/eadn-wc03-5903292.nxedge.io\/wp-content\/uploads\/2024\/11\/240629_Athens_LS_dmp_043_1080x608.webp","contentUrl":"https:\/\/eadn-wc03-5903292.nxedge.io\/wp-content\/uploads\/2024\/11\/240629_Athens_LS_dmp_043_1080x608.webp","width":1080,"height":608},{"@type":"BreadcrumbList","@id":"https:\/\/www.wopg.org\/es\/prem-rawat-en-sudafrica\/#breadcrumb","itemListElement":[{"@type":"ListItem","position":1,"name":"Home","item":"https:\/\/www.wopg.org\/es\/"},{"@type":"ListItem","position":2,"name":"\u00a1PREM RAWAT en Sud\u00e1frica!"}]},{"@type":"WebSite","@id":"https:\/\/www.wopg.org\/es\/#website","url":"https:\/\/www.wopg.org\/es\/","name":"Words of Peace","description":"Practice Peace, Change Your World","publisher":{"@id":"https:\/\/www.wopg.org\/es\/#organization"},"potentialAction":[{"@type":"SearchAction","target":{"@type":"EntryPoint","urlTemplate":"https:\/\/www.wopg.org\/es\/?s={search_term_string}"},"query-input":{"@type":"PropertyValueSpecification","valueRequired":true,"valueName":"search_term_string"}}],"inLanguage":"es"},{"@type":"Organization","@id":"https:\/\/www.wopg.org\/es\/#organization","name":"Words of Peace","url":"https:\/\/www.wopg.org\/es\/","logo":{"@type":"ImageObject","inLanguage":"es","@id":"https:\/\/www.wopg.org\/es\/#\/schema\/logo\/image\/","url":"https:\/\/wopg.org\/wp-content\/uploads\/2022\/02\/Words-of-Peace-logo-website61x252.png","contentUrl":"https:\/\/wopg.org\/wp-content\/uploads\/2022\/02\/Words-of-Peace-logo-website61x252.png","width":252,"height":61,"caption":"Words of Peace"},"image":{"@id":"https:\/\/www.wopg.org\/es\/#\/schema\/logo\/image\/"},"sameAs":["https:\/\/www.facebook.com\/wordsofpeaceglobal","https:\/\/x.com\/wopg","https:\/\/www.instagram.com\/wopgofficial\/"]},{"@type":"Person","@id":"https:\/\/www.wopg.org\/es\/#\/schema\/person\/c495a5aacd2a074ce031b7fa6625b3af","name":"Roberto","image":{"@type":"ImageObject","inLanguage":"es","@id":"https:\/\/secure.gravatar.com\/avatar\/3a2423ab531630d32d946fa10acea4a736bd03feede76ddcc150434c8458228b?s=96&d=mm&r=g","url":"https:\/\/secure.gravatar.com\/avatar\/3a2423ab531630d32d946fa10acea4a736bd03feede76ddcc150434c8458228b?s=96&d=mm&r=g","contentUrl":"https:\/\/secure.gravatar.com\/avatar\/3a2423ab531630d32d946fa10acea4a736bd03feede76ddcc150434c8458228b?s=96&d=mm&r=g","caption":"Roberto"},"url":"https:\/\/www.wopg.org\/es\/author\/roberto\/"}]}},"_links":{"self":[{"href":"https:\/\/www.wopg.org\/es\/wp-json\/wp\/v2\/posts\/35929","targetHints":{"allow":["GET"]}}],"collection":[{"href":"https:\/\/www.wopg.org\/es\/wp-json\/wp\/v2\/posts"}],"about":[{"href":"https:\/\/www.wopg.org\/es\/wp-json\/wp\/v2\/types\/post"}],"author":[{"embeddable":true,"href":"https:\/\/www.wopg.org\/es\/wp-json\/wp\/v2\/users\/14"}],"replies":[{"embeddable":true,"href":"https:\/\/www.wopg.org\/es\/wp-json\/wp\/v2\/comments?post=35929"}],"version-history":[{"count":9,"href":"https:\/\/www.wopg.org\/es\/wp-json\/wp\/v2\/posts\/35929\/revisions"}],"predecessor-version":[{"id":36097,"href":"https:\/\/www.wopg.org\/es\/wp-json\/wp\/v2\/posts\/35929\/revisions\/36097"}],"wp:featuredmedia":[{"embeddable":true,"href":"https:\/\/www.wopg.org\/es\/wp-json\/wp\/v2\/media\/36061"}],"wp:attachment":[{"href":"https:\/\/www.wopg.org\/es\/wp-json\/wp\/v2\/media?parent=35929"}],"wp:term":[{"taxonomy":"category","embeddable":true,"href":"https:\/\/www.wopg.org\/es\/wp-json\/wp\/v2\/categories?post=35929"},{"taxonomy":"post_tag","embeddable":true,"href":"https:\/\/www.wopg.org\/es\/wp-json\/wp\/v2\/tags?post=35929"},{"taxonomy":"post_folder","embeddable":true,"href":"https:\/\/www.wopg.org\/es\/wp-json\/wp\/v2\/post_folder?post=35929"}],"curies":[{"name":"wp","href":"https:\/\/api.w.org\/{rel}","templated":true}]}}