{"id":41173,"date":"2025-09-08T08:12:13","date_gmt":"2025-09-08T08:12:13","guid":{"rendered":"https:\/\/www.wopg.org\/8-sept-12-sept-2025-prem-rawat-en-amaroo\/"},"modified":"2025-09-12T17:19:26","modified_gmt":"2025-09-12T17:19:26","slug":"prem-rawat-en-amaroo","status":"publish","type":"post","link":"https:\/\/www.wopg.org\/es\/prem-rawat-en-amaroo\/","title":{"rendered":"8 sept &#8211; 12 sept 2025 &#8211; Prem Rawat en AMAROO"},"content":{"rendered":"<p>[et_pb_section fb_built=\u00bb1&#8243; _builder_version=\u00bb4.17.4&#8243; _module_preset=\u00bbdefault\u00bb custom_margin=\u00bb-50px||||false|false\u00bb custom_padding=\u00bb0px||0px||false|false\u00bb global_colors_info=\u00bb{}\u00bb][et_pb_row _builder_version=\u00bb4.17.4&#8243; _module_preset=\u00bbdefault\u00bb custom_padding=\u00bb0px||||false|false\u00bb global_colors_info=\u00bb{}\u00bb][et_pb_column type=\u00bb4_4&#8243; _builder_version=\u00bb4.17.4&#8243; _module_preset=\u00bbdefault\u00bb global_colors_info=\u00bb{}\u00bb][et_pb_text _builder_version=\u00bb4.27.4&#8243; _module_preset=\u00bbdefault\u00bb global_colors_info=\u00bb{}\u00bb]<\/p>\n<h6 style=\"text-align: center;\">Photo courtes\u00eda de TimelessToday<\/h6>\n<p>[\/et_pb_text][\/et_pb_column][\/et_pb_row][\/et_pb_section][et_pb_section fb_built=\u00bb1&#8243; disabled_on=\u00bboff|off|off\u00bb admin_label=\u00bbFull event details\u00bb _builder_version=\u00bb4.27.2&#8243; _module_preset=\u00bbdefault\u00bb custom_padding=\u00bb0px||||false|false\u00bb locked=\u00bboff\u00bb collapsed=\u00bboff\u00bb global_colors_info=\u00bb{}\u00bb][et_pb_row _builder_version=\u00bb4.21.0&#8243; _module_preset=\u00bbdefault\u00bb custom_padding=\u00bb0px||||false|false\u00bb custom_css_main_element=\u00bbdisplay: flex;||flex-wrap: wrap;||justify-content: center;\u00bb global_colors_info=\u00bb{}\u00bb][et_pb_column type=\u00bb4_4&#8243; _builder_version=\u00bb4.21.0&#8243; _module_preset=\u00bbdefault\u00bb global_colors_info=\u00bb{}\u00bb][et_pb_text admin_label=\u00bbWHEN AND WHERE\u00bb _builder_version=\u00bb4.27.4&#8243; _module_preset=\u00bbdefault\u00bb header_2_text_align=\u00bbleft\u00bb header_3_text_align=\u00bbleft\u00bb header_2_text_align_tablet=\u00bbleft\u00bb header_2_text_align_phone=\u00bbcenter\u00bb header_2_text_align_last_edited=\u00bbon|desktop\u00bb header_2_font_size_tablet=\u00bb\u00bb header_2_font_size_phone=\u00bb2em\u00bb header_2_font_size_last_edited=\u00bbon|desktop\u00bb header_3_text_align_tablet=\u00bbleft\u00bb header_3_text_align_phone=\u00bbcenter\u00bb header_3_text_align_last_edited=\u00bbon|desktop\u00bb header_3_font_size_phone=\u00bb1.1em\u00bb custom_css_free_form=\u00bb.selector .et_pb_text_inner h2 {||  margin-bottom: 3px;||}||||.selector .et_pb_text_inner h3 {||  margin-bottom: 1.5rem;||}\u00bb global_colors_info=\u00bb{}\u00bb content__hover_enabled=\u00bboff|desktop\u00bb]<\/p>\n<p><em><i><span style=\"font-weight: 400;\">Lee atentamente esta p\u00e1gina para conocer detalles importantes sobre el pr\u00f3ximo evento<\/span><\/i>. <\/em><\/p>\n<p><\/p>\n<p><strong>Consulta <a href=\"https:\/\/amaroo.org\" target=\"_blank\" rel=\"noopener\">https:\/\/amaroo.org<\/a> <b><i>para obtener m\u00e1s informaci\u00f3n y posibles actualizaciones<\/i><\/b>.<\/strong> <i><span style=\"font-weight: 400;\">El nuevo sitio web de Amaroo estar\u00e1 disponible el s\u00e1bado 7 de junio a las 10 a.m. AEST<\/span><\/i>.<\/p>\n<p><\/p>\n<h4 class=\"p1\"><span class=\"s1\">CU\u00c1NDO Y D\u00d3NDE<\/span><\/h4>\n<p><\/p>\n<p><strong>Fecha: <\/strong><span style=\"font-weight: 400;\">lunes 8 de septiembre al viernes 12 de septiembre de 2025<\/span><\/p>\n<p><\/p>\n<p><strong>Horarios: <\/strong><span style=\"font-weight: 400;\">ser\u00e1n confirmados m\u00e1s adelante.<\/span><\/p>\n<p><\/p>\n<p><strong>Lugar: <\/strong>Ivory\u2019s Rock Conventions and Events<\/p>\n<p><\/p>\n<p><strong>Direcci\u00f3n: <\/strong>310 Mt Flinders Rd, Peak Crossing, Queensland, Australia 4306<\/p>\n<p>[\/et_pb_text][et_pb_text admin_label=\u00bbWHO IS INVITED\u00bb _builder_version=\u00bb4.27.4&#8243; _module_preset=\u00bbdefault\u00bb hover_enabled=\u00bb0&#8243; global_colors_info=\u00bb{}\u00bb sticky_enabled=\u00bb0&#8243;]<\/p>\n<h4 class=\"p1\"><span class=\"s1\">QUI\u00c9N EST\u00c1 INVITADO<\/span><\/h4>\n<p><\/p>\n<p><span style=\"font-weight: 400;\">Cualquier persona que haya recibido<\/span> <a href=\"https:\/\/www.premrawat.com\/self-knowledge\/\" target=\"_blank\" rel=\"noopener\">l<\/a><a href=\"https:\/\/www.premrawat.com\/es\/un-camino-hacia-la-paz\/\"><span style=\"font-weight: 400;\">as t\u00e9cnicas del Conocimiento de uno mismo<\/span><\/a> s<span style=\"font-weight: 400;\">er\u00e1 bienvenido<\/span>.<\/p>\n<p>[\/et_pb_text][et_pb_text admin_label=\u00bbWHO IS INVITED &#8211; CHILDREN\u00bb _builder_version=\u00bb4.27.4&#8243; _module_preset=\u00bbdefault\u00bb global_colors_info=\u00bb{}\u00bb]<\/p>\n<h4>NI\u00d1OS<\/h4>\n<p><\/p>\n<p>Este evento no es apto para ni\u00f1os.<\/p>\n<p>[\/et_pb_text][et_pb_text admin_label=\u00bbATTENDANCE\u00bb _builder_version=\u00bb4.27.4&#8243; _module_preset=\u00bbdefault\u00bb global_colors_info=\u00bb{}\u00bb]<\/p>\n<h4 class=\"p1\"><span class=\"s1\">ASISTENCIA<\/span><\/h4>\n<p><\/p>\n<p><strong><b>Los invitados podr\u00e1n inscribirse a partir del mi\u00e9rcoles 11 de junio a las 9 de la ma\u00f1ana, hora del este de Australia (AEST<\/b>)<\/strong>.<\/p>\n<p><\/p>\n<p>A<span style=\"font-weight: 400;\">l inscribirte y abonar la cuota de la conferencia, tambi\u00e9n podr\u00e1s reservar alojamiento en el sitio, transporte de ida y vuelta al aeropuerto de Brisbane, as\u00ed como autobuses diarios entre el punto de recogida en tu hotel y Amaroo<\/span>. <span style=\"font-weight: 400;\">M\u00e1s informaci\u00f3n en<\/span> <a href=\"https:\/\/amaroo.org\/\">https:\/\/amaroo.org\/<\/a>.<\/p>\n<p><\/p>\n<p><span style=\"font-weight: 400;\">Si no puedes inscribirte por cualquier motivo, ponte en contacto con<\/span>\u00a0<a href=\"https:\/\/amaroo.org\/helpdesk\/\">https:\/\/amaroo.org\/helpdesk\/<\/a>.<\/p>\n<p>[\/et_pb_text][et_pb_text admin_label=\u00bbConference Fee\u00bb _builder_version=\u00bb4.27.4&#8243; _module_preset=\u00bbdefault\u00bb locked=\u00bboff\u00bb global_colors_info=\u00bb{}\u00bb]<\/p>\n<p><strong><b>Valor de la conferencia<\/b><\/strong><\/p>\n<p><\/p>\n<ul>\n<li style=\"font-weight: 400;\"><span style=\"font-weight: 400;\">875 AUD<\/span><\/li>\n<\/ul>\n<p><\/p>\n<p><strong>IMPORTANTE.<\/strong> <span style=\"font-weight: 400;\">Despu\u00e9s de inscribirte recibir\u00e1s una confirmaci\u00f3n por correo electr\u00f3nico. La entrada electr\u00f3nica se enviar\u00e1 a la misma direcci\u00f3n unas semanas antes del evento. Este a\u00f1o, la entrada electr\u00f3nica tambi\u00e9n incluir\u00e1 la asignaci\u00f3n de asientos<\/span>.<\/p>\n<p><\/p>\n<p><span style=\"font-weight: 400;\">Hay suficientes asientos para todos. Las plazas se asignan aleatoriamente y habr\u00e1 plazas disponibles por rotaci\u00f3n. Inscr\u00edbete lo antes posible para asegurar tu plaza en la <\/span><span style=\"font-weight: 400;\">rotaci\u00f3n<\/span>.<\/p>\n<p><\/p>\n<p><span style=\"font-weight: 400;\">Si deseas sentarte junto a otros asistentes, deben inscribirse todos juntos. Un m\u00e1ximo de<\/span> <strong>4<\/strong> <span style=\"font-weight: 400;\">personas podr\u00e1n sentarse juntas<\/span>.<\/p>\n<p><\/p>\n<p><strong>P<b>or razones log\u00edsticas, te rogamos <\/b><b>que te sientes 10 minutos antes del comienzo del evento. Los que lleguen tarde se sentar\u00e1n al fondo del Anfiteatro para evitar distracciones<\/b><\/strong>.<\/p>\n<p>[\/et_pb_text][et_pb_text disabled_on=\u00bbon|on|on\u00bb _builder_version=\u00bb4.27.4&#8243; _module_preset=\u00bbdefault\u00bb disabled=\u00bbon\u00bb global_colors_info=\u00bb{}\u00bb]<\/p>\n<p style=\"text-align: center;\"><strong>Las entradas pueden solicitarse a trav\u00e9s del siguiente bot\u00f3n:<\/strong><\/p>\n<p>[\/et_pb_text][et_pb_button button_url=\u00bbhttps:\/\/amaroo.org\/registration\/\u00bb url_new_window=\u00bbon\u00bb button_text=\u00bbReg\u00edstrate aqu\u00ed\u00bb button_alignment=\u00bbcenter\u00bb disabled_on=\u00bboff|off|off\u00bb admin_label=\u00bbRegister here\u00bb _builder_version=\u00bb4.27.4&#8243; _module_preset=\u00bbdefault\u00bb custom_button=\u00bbon\u00bb button_bg_color=\u00bb#008B73&#8243; button_border_width=\u00bb0px\u00bb button_border_radius=\u00bb8px\u00bb background_layout=\u00bbdark\u00bb custom_padding=\u00bb10px|49px|10px|49px|true|true\u00bb global_colors_info=\u00bb{}\u00bb][\/et_pb_button][et_pb_button button_url=\u00bb#\u00bb button_text=\u00bbEntradas agotadas\u00bb button_alignment=\u00bbcenter\u00bb disabled_on=\u00bbon|on|on\u00bb admin_label=\u00bbSold Out button\u00bb _builder_version=\u00bb4.27.4&#8243; _module_preset=\u00bbdefault\u00bb custom_button=\u00bbon\u00bb button_bg_color=\u00bb#E02B20&#8243; button_border_width=\u00bb0px\u00bb button_border_radius=\u00bb8px\u00bb background_layout=\u00bbdark\u00bb custom_padding=\u00bb10px|58px|10px|58px|true|true\u00bb disabled=\u00bbon\u00bb global_colors_info=\u00bb{}\u00bb][\/et_pb_button][et_pb_button button_url=\u00bb#soon\u00bb button_text=\u00bbEntradas disponibles en breve\u00bb button_alignment=\u00bbcenter\u00bb disabled_on=\u00bbon|on|on\u00bb admin_label=\u00bbSoon Available button\u00bb module_id=\u00bbsoon\u00bb _builder_version=\u00bb4.27.4&#8243; _module_preset=\u00bbdefault\u00bb custom_button=\u00bbon\u00bb button_text_color=\u00bb#FFFFFF\u00bb button_bg_color=\u00bbRGBA(255,196,89,0.8)\u00bb button_border_width=\u00bb0px\u00bb button_border_radius=\u00bb8px\u00bb background_layout=\u00bbdark\u00bb custom_padding=\u00bb10px|30px|10px|30px|true|true\u00bb disabled=\u00bbon\u00bb global_colors_info=\u00bb{}\u00bb][\/et_pb_button][et_pb_text disabled_on=\u00bboff|off|off\u00bb _builder_version=\u00bb4.27.4&#8243; _module_preset=\u00bbdefault\u00bb text_orientation=\u00bbcenter\u00bb locked=\u00bboff\u00bb global_colors_info=\u00bb{}\u00bb]<\/p>\n<div class=\"et_pb_row et_pb_row_0\">\n<div class=\"et_pb_column et_pb_column_4_4 et_pb_column_0 et_pb_css_mix_blend_mode_passthrough et-last-child\">\n<div class=\"et_pb_module et_pb_text et_pb_text_0 et_pb_text_align_left et_pb_bg_layout_light\">\n<div class=\"et_pb_text_inner\" style=\"text-align: center;\">(una vez abierto el plazo de inscripci\u00f3n, pulse el bot\u00f3n de arriba para acceder directamente)<\/div>\n<p><\/div>\n<p><\/div>\n<p><\/div>\n<p>[\/et_pb_text][et_pb_text admin_label=\u00bbDO NOT RECORD OR FILM THE EVENT\u00bb _builder_version=\u00bb4.27.4&#8243; _module_preset=\u00bbdefault\u00bb locked=\u00bboff\u00bb global_colors_info=\u00bb{}\u00bb]<\/p>\n<h4 class=\"p1\"><span class=\"s1\">NO GRABAR NI FILMAR ESTE EVENTO<\/span><\/h4>\n<p><\/p>\n<p><span style=\"font-weight: 400;\">La grabaci\u00f3n oficial est\u00e1 protegida por derechos de autor. Se solicitar\u00e1 a quienes se encuentre grabando que dejen de hacerlo. Si contin\u00faan, se les pedir\u00e1 que se retiren del recinto<\/span>.<\/p>\n<p><\/p>\n<p>E<span style=\"font-weight: 400;\">l evento ser\u00e1 filmado. La compra de una entrada implica tu consentimiento para ser filmado, as\u00ed como la autorizaci\u00f3n para que tu imagen\/voz se incluya en redes sociales, medios impresos, fotogr\u00e1ficos, de audio, v\u00eddeo u otro tipo. Si compras una entrada para otra persona, su asistencia al evento constituye id\u00e9ntico acuerdo y autorizaci\u00f3n<\/span>.<\/p>\n<p><\/p>\n<h4>VISAS<\/h4>\n<p><\/p>\n<p><span style=\"font-weight: 400;\">Quienes visitan Australia necesitan solicitar un visado. Es importante que solicites el visado previsto para los residentes de tu pa\u00eds y que tu solicitud est\u00e9 correctamente cumplimentada. Explora als opciones en <\/span><a href=\"https:\/\/immi.homeaffairs.gov.au\/visas\/getting-a-visa\/visa-finder\">https:\/\/immi.homeaffairs.gov.au\/visas\/getting-a-visa\/visa-finder<\/a>.<\/p>\n<p><\/p>\n<p><span style=\"font-weight: 400;\">Los residentes de determinados pa\u00edses, <\/span><span style=\"font-weight: 400;\">por ejemplo India y Nepal, deben mostrar al Gobierno australiano alg\u00fan comprobante del prop\u00f3sito de su visita y <\/span><span style=\"font-weight: 400;\">necesitan presentar una Carta de Invitaci\u00f3n y una Confirmaci\u00f3n de Inscripci\u00f3n para apoyar la Solicitud de Visado. M\u00e1s informaci\u00f3n en<\/span>\u00a0<a href=\"https:\/\/amaroo.org\/\">https:\/\/amaroo.org\/<\/a>.<\/p>\n<p><\/p>\n<p><strong>NOTA:<\/strong> <span style=\"font-weight: 400;\">si vuelas a trav\u00e9s de Nueva Zelanda, aunque s\u00f3lo sea en tr\u00e1nsito, deber\u00e1s solicitar un visado neozeland\u00e9s en<\/span>\u00a0<a href=\"https:\/\/nzeta.immigration.govt.nz\/\">https:\/\/nzeta.immigration.govt.nz\/<\/a>.<\/p>\n<p>[\/et_pb_text][et_pb_accordion open_toggle_background_color=\u00bbRGBA(255,255,255,0)\u00bb icon_color=\u00bb#008B73&#8243; use_icon_font_size=\u00bbon\u00bb icon_font_size=\u00bb20px\u00bb _builder_version=\u00bb4.27.4&#8243; _module_preset=\u00bbdefault\u00bb border_color_all=\u00bbRGBA(255,255,255,0)\u00bb border_color_bottom=\u00bb#008B73&#8243; global_colors_info=\u00bb{}\u00bb][et_pb_accordion_item title=\u00bbCONSEJOS PARA LA INSCRIPCI\u00d3N\u00bb open=\u00bbon\u00bb _builder_version=\u00bb4.27.4&#8243; _module_preset=\u00bbdefault\u00bb global_colors_info=\u00bb{}\u00bb]<\/p>\n<p><span style=\"font-weight: 400;\">La inscripci\u00f3n es posible tanto desde ordenadores como desde dispositivos m\u00f3viles<\/span>.<\/p>\n<p><\/p>\n<p><span style=\"font-weight: 400;\">Hacer lo siguiente <\/span><i><span style=\"font-weight: 400;\">antes de <\/span><\/i><span style=\"font-weight: 400;\">inscribirte<\/span>:<\/p>\n<p><\/p>\n<ul>\n<li style=\"font-weight: 400;\"><span style=\"font-weight: 400;\">Avisa a tu banco que vas a realizar una transacci\u00f3n (importante) en Australia.<\/span><\/li>\n<li style=\"font-weight: 400;\"><span style=\"font-weight: 400;\">Si tienes una tarjeta American Express o una tarjeta de d\u00e9bito, aseg\u00farate de que puede utilizarse en lugar de tu(s) otra(s) tarjeta(s).<\/span><\/li>\n<li style=\"font-weight: 400;\"><span style=\"font-weight: 400;\">Recuerda que las tarjetas Discover no funcionan en Australia.<\/span><\/li>\n<li style=\"font-weight: 400;\"><span style=\"font-weight: 400;\">Comprueba con tu banco que hay fondos suficientes en tu tarjeta de cr\u00e9dito.<\/span><\/li>\n<li style=\"font-weight: 400;\"><span style=\"font-weight: 400;\">Comprueba que la configuraci\u00f3n de tu tarjeta te permita enviar pagos de forma global.<\/span><\/li>\n<li style=\"font-weight: 400;\"><span style=\"font-weight: 400;\">Comprueba que el l\u00edmite de pagos de tu tarjeta es suficiente.<\/span><\/li>\n<\/ul>\n<p><\/p>\n<p><span style=\"font-weight: 400;\">Hacer lo siguiente <\/span><i><span style=\"font-weight: 400;\">mientras <\/span><\/i><span style=\"font-weight: 400;\">te inscribes<\/span>:<\/p>\n<p><\/p>\n<ul>\n<li style=\"font-weight: 400;\"><span style=\"font-weight: 400;\">Utiliza un navegador com\u00fan como Google Chrome y borra la cach\u00e9 del navegador antes de empezar.<\/span><\/li>\n<li style=\"font-weight: 400;\"><span style=\"font-weight: 400;\">El sistema de inscripci\u00f3n requiere un \u00fanico pago con tarjeta de cr\u00e9dito que cubra a todos los miembros del grupo de inscripci\u00f3n.<\/span><\/li>\n<li style=\"font-weight: 400;\"><span style=\"font-weight: 400;\">Si tienes problemas para pagar, hacer varios intentos r\u00e1pidos consecutivos con una tarjeta de cr\u00e9dito puede bloquearla.<\/span><\/li>\n<li style=\"font-weight: 400;\"><span style=\"font-weight: 400;\">Espera unos minutos antes de volver a probar con la misma tarjeta. Prueba con otra tarjeta. Prueba en otro dispositivo.<\/span><\/li>\n<li style=\"font-weight: 400;\"><span style=\"font-weight: 400;\">Ponte en contacto con la entidad emisora de tu tarjeta de cr\u00e9dito y averigua, en caso de que hayan rechazado tu transacci\u00f3n, qu\u00e9 fue lo que sucedi\u00f3.<\/span><\/li>\n<li style=\"font-weight: 400;\"><span style=\"font-weight: 400;\">Si no lo consigues, ponte en contacto con el servicio de asistencia de Amaroo en <a href=\"https:\/\/amaroo.org\/helpdesk\/\">https:\/\/amaroo.org\/helpdesk\/<\/a>.<\/span><\/li>\n<\/ul>\n<p>[\/et_pb_accordion_item][et_pb_accordion_item title=\u00bbDEVOLUCIONES\u00bb _builder_version=\u00bb4.27.4&#8243; _module_preset=\u00bbdefault\u00bb global_colors_info=\u00bb{}\u00bb open=\u00bboff\u00bb]<\/p>\n<ul>\n<li style=\"font-weight: 400;\"><span style=\"font-weight: 400;\">Si cancelas tu reserva antes del 31 de julio de 2025 a las 23:00, hora est\u00e1ndar del este de Australia (AEST), se te reembolsar\u00e1 el 100% del importe de la reserva.<\/span><\/li>\n<li style=\"font-weight: 400;\"><span style=\"font-weight: 400;\">Si cancelas despu\u00e9s del 1 de agosto de 2025 y del 15 de agosto de 2025 a las 23.00, hora est\u00e1ndar del este de Australia (AEST), se te reembolsar\u00e1 el 80% del importe de la reserva.<\/span><\/li>\n<li style=\"font-weight: 400;\"><span style=\"font-weight: 400;\">Si cancelas despu\u00e9s del 15 de agosto de 2025 AEST no habr\u00e1 reembolsos.<\/span><\/li>\n<li style=\"font-weight: 400;\"><span style=\"font-weight: 400;\">Las donaciones no son reembolsables.<\/span><\/li>\n<li style=\"font-weight: 400;\"><span style=\"font-weight: 400;\">Si tu visado es rechazado por el gobierno australiano, tu inscripci\u00f3n ser\u00e1 cancelada sin costo alguno. Por favor, presenta una carta que demuestre el rechazo.<\/span><\/li>\n<li style=\"font-weight: 400;\"><span style=\"font-weight: 400;\">Si tienes m\u00e1s preguntas o dudas, ponte en contacto con el servicio de asistencia de Amaroo en <a href=\"https:\/\/amaroo.org\/helpdesk\/\">https:\/\/amaroo.org\/helpdesk\/<\/a>.<\/span><\/li>\n<\/ul>\n<p>[\/et_pb_accordion_item][et_pb_accordion_item title=\u00bbNECESIDADES ESPECIALES\u00bb _builder_version=\u00bb4.27.4&#8243; _module_preset=\u00bbdefault\u00bb global_colors_info=\u00bb{}\u00bb open=\u00bboff\u00bb]<\/p>\n<p><span style=\"font-weight: 400;\">El Acceso Asistido incluye a hu\u00e9spedes que utilicen silla de ruedas, scooter el\u00e9ctrico o andador, y a quienes tengan dificultades para subir o bajar de un autob\u00fas. Inscr\u00edbete en Acceso Asistido antes del 22 de agosto en<\/span>\u00a0<a href=\"https:\/\/amaroo.org\/assisted-access\/\"><span style=\"font-weight: 400;\">https:\/\/amaroo.org\/assisted-access\/<\/span><\/a>.<\/p>\n<p><\/p>\n<p><span style=\"font-weight: 400;\">El equipo de acceso asistido te proporcionar\u00e1 asientos fijos para ti y tu cuidador en una zona designada del Anfiteatro. Por razones de seguridad, los asientos para sillas de ruedas y scooters estar\u00e1n situados en la parte trasera del Anfiteatro, con asientos tambi\u00e9n para posibles cuidadores<\/span>.<\/p>\n<p><\/p>\n<p><span style=\"font-weight: 400;\">Habr\u00e1 un autob\u00fas de piso bajo hasta el Anfiteatro a disposici\u00f3n de los visitantes con acceso asistido. Para los visitantes que necesiten subir la colina hasta el anfiteatro, habr\u00e1 autobuses gratuitos de transporte general<\/span>.<\/p>\n<p><\/p>\n<p><span style=\"font-weight: 400;\">Si tienes problemas de audici\u00f3n, habr\u00e1 disponible un canal en ingl\u00e9s mejorado<\/span>.<\/p>\n<p>[\/et_pb_accordion_item][et_pb_accordion_item title=\u00bbTRADUCCI\u00d3N Y AURICULARES \u00bb _builder_version=\u00bb4.27.4&#8243; _module_preset=\u00bbdefault\u00bb global_colors_info=\u00bb{}\u00bb open=\u00bboff\u00bb]<\/p>\n<p>E<span style=\"font-weight: 400;\">l evento se celebrar\u00e1 en ingl\u00e9s. Los idiomas de traducci\u00f3n est\u00e1n pendientes de confirmaci\u00f3n<\/span>.<\/p>\n<p><\/p>\n<p>I<span style=\"font-weight: 400;\">Si tienes problemas de audici\u00f3n, habr\u00e1 disponible un canal en ingl\u00e9s mejorado<\/span>.<\/p>\n<p><\/p>\n<p><span style=\"font-weight: 400;\">El poco estable WIFI de Amaroo requiere traer tu propia radio FM que tenga auriculares y pueda recibir frecuencias FM de 87,7 a 108 MHz. Lo mejor para sintonizar es una radio con pantalla digital<\/span>.<\/p>\n<p>[\/et_pb_accordion_item][et_pb_accordion_item title=\u00bbAYUDA\u00bb _builder_version=\u00bb4.27.4&#8243; _module_preset=\u00bbdefault\u00bb global_colors_info=\u00bb{}\u00bb open=\u00bboff\u00bb]<\/p>\n<p><span style=\"font-weight: 400;\">\u00bfNecesitas ayuda<\/span>?<\/p>\n<p><\/p>\n<ul>\n<li style=\"font-weight: 400;\"><span style=\"font-weight: 400;\">Visita <a href=\"https:\/\/amaroo.org\"><span style=\"font-weight: 400;\">https:\/\/amaroo.org<\/span><\/a> para obtener m\u00e1s informaci\u00f3n y posibles actualizaciones.<\/span><\/li>\n<li style=\"font-weight: 400;\"><span style=\"font-weight: 400;\">Si la informaci\u00f3n que necesitas no est\u00e1 disponible, ponte en contacto con el servicio de ayuda de Amaroo en <a href=\"https:\/\/amaroo.org\/helpdesk\/\"><span style=\"font-weight: 400;\">https:\/\/amaroo.org\/helpdesk\/<\/span><\/a>.<\/span><\/li>\n<\/ul>\n<p><\/p>\n<p><span style=\"font-weight: 400;\">El\u00a0 servicio de ayuda de Amaroo se abrir\u00e1 en cuanto el sitio web de Amaroo est\u00e9 en l\u00ednea<\/span>.<\/p>\n<p>[\/et_pb_accordion_item][\/et_pb_accordion][\/et_pb_column][\/et_pb_row][et_pb_row _builder_version=\u00bb4.21.0&#8243; _module_preset=\u00bbdefault\u00bb global_colors_info=\u00bb{}\u00bb][et_pb_column type=\u00bb4_4&#8243; _builder_version=\u00bb4.21.0&#8243; _module_preset=\u00bbdefault\u00bb global_colors_info=\u00bb{}\u00bb][et_pb_text admin_label=\u00bbSign up here\u00bb _builder_version=\u00bb4.27.4&#8243; _module_preset=\u00bbdefault\u00bb global_colors_info=\u00bb{}\u00bb]<\/p>\n<p><span style=\"font-weight: 400;\">Para recibir anuncios y actualizaciones sobre futuros eventos con Prem Rawat, aseg\u00farate de estar suscrito a la lista de correo de WOPG con tu direcci\u00f3n de correo electr\u00f3nico y pa\u00eds de residencia. Inscr\u00edbete a continuaci\u00f3n<\/span>.<\/p>\n<p>[\/et_pb_text][\/et_pb_column][\/et_pb_row][\/et_pb_section]<\/p>\n","protected":false},"excerpt":{"rendered":"<p>Photo courtes\u00eda de TimelessTodayLee atentamente esta p\u00e1gina para conocer detalles importantes sobre el pr\u00f3ximo evento. Consulta https:\/\/amaroo.org para obtener m\u00e1s informaci\u00f3n y posibles actualizaciones. El nuevo sitio web de Amaroo estar\u00e1 disponible el s\u00e1bado 7 de junio a las 10 a.m. AEST.CU\u00c1NDO Y D\u00d3NDEFecha: lunes 8 de septiembre al viernes 12 de septiembre de 2025Horarios: [&hellip;]<\/p>\n","protected":false},"author":14,"featured_media":40064,"comment_status":"open","ping_status":"open","sticky":false,"template":"","format":"standard","meta":{"_et_pb_use_builder":"on","_et_pb_old_content":"","_et_gb_content_width":"","cybocfi_hide_featured_image":"","footnotes":""},"categories":[75],"tags":[],"post_folder":[],"class_list":["post-41173","post","type-post","status-publish","format-standard","has-post-thumbnail","hentry","category-recent"],"yoast_head":"<!-- This site is optimized with the Yoast SEO plugin v27.3 - https:\/\/yoast.com\/product\/yoast-seo-wordpress\/ -->\n<title>8 sept - 12 sept 2025 - Prem Rawat en AMAROO | Words of Peace<\/title>\n<meta name=\"robots\" content=\"index, follow, max-snippet:-1, max-image-preview:large, max-video-preview:-1\" \/>\n<link rel=\"canonical\" href=\"https:\/\/www.wopg.org\/es\/prem-rawat-en-amaroo\/\" \/>\n<meta property=\"og:locale\" content=\"es_ES\" \/>\n<meta property=\"og:type\" content=\"article\" \/>\n<meta property=\"og:title\" content=\"8 sept - 12 sept 2025 - Prem Rawat en AMAROO | Words of Peace\" \/>\n<meta property=\"og:description\" content=\"Photo courtes\u00eda de TimelessTodayLee atentamente esta p\u00e1gina para conocer detalles importantes sobre el pr\u00f3ximo evento. Consulta https:\/\/amaroo.org para obtener m\u00e1s informaci\u00f3n y posibles actualizaciones. El nuevo sitio web de Amaroo estar\u00e1 disponible el s\u00e1bado 7 de junio a las 10 a.m. AEST.CU\u00c1NDO Y D\u00d3NDEFecha: lunes 8 de septiembre al viernes 12 de septiembre de 2025Horarios: [&hellip;]\" \/>\n<meta property=\"og:url\" content=\"https:\/\/www.wopg.org\/es\/prem-rawat-en-amaroo\/\" \/>\n<meta property=\"og:site_name\" content=\"Words of Peace\" \/>\n<meta property=\"article:publisher\" content=\"https:\/\/www.facebook.com\/wordsofpeaceglobal\" \/>\n<meta property=\"article:published_time\" content=\"2025-09-08T08:12:13+00:00\" \/>\n<meta property=\"article:modified_time\" content=\"2025-09-12T17:19:26+00:00\" \/>\n<meta property=\"og:image\" content=\"https:\/\/eadn-wc03-5903292.nxedge.io\/wp-content\/uploads\/2025\/04\/240911_Amaroo_S1_cc-144-lowres_1080x608.jpg\" \/>\n\t<meta property=\"og:image:width\" content=\"1080\" \/>\n\t<meta property=\"og:image:height\" content=\"608\" \/>\n\t<meta property=\"og:image:type\" content=\"image\/jpeg\" \/>\n<meta name=\"author\" content=\"Roberto\" \/>\n<meta name=\"twitter:card\" content=\"summary_large_image\" \/>\n<meta name=\"twitter:creator\" content=\"@wopg\" \/>\n<meta name=\"twitter:site\" content=\"@wopg\" \/>\n<meta name=\"twitter:label1\" content=\"Escrito por\" \/>\n\t<meta name=\"twitter:data1\" content=\"Roberto\" \/>\n\t<meta name=\"twitter:label2\" content=\"Tiempo de lectura\" \/>\n\t<meta name=\"twitter:data2\" content=\"10 minutos\" \/>\n<script type=\"application\/ld+json\" class=\"yoast-schema-graph\">{\"@context\":\"https:\\\/\\\/schema.org\",\"@graph\":[{\"@type\":\"Article\",\"@id\":\"https:\\\/\\\/www.wopg.org\\\/es\\\/prem-rawat-en-amaroo\\\/#article\",\"isPartOf\":{\"@id\":\"https:\\\/\\\/www.wopg.org\\\/es\\\/prem-rawat-en-amaroo\\\/\"},\"author\":{\"name\":\"Roberto\",\"@id\":\"https:\\\/\\\/www.wopg.org\\\/es\\\/#\\\/schema\\\/person\\\/c495a5aacd2a074ce031b7fa6625b3af\"},\"headline\":\"8 sept &#8211; 12 sept 2025 &#8211; Prem Rawat en AMAROO\",\"datePublished\":\"2025-09-08T08:12:13+00:00\",\"dateModified\":\"2025-09-12T17:19:26+00:00\",\"mainEntityOfPage\":{\"@id\":\"https:\\\/\\\/www.wopg.org\\\/es\\\/prem-rawat-en-amaroo\\\/\"},\"wordCount\":2076,\"commentCount\":0,\"publisher\":{\"@id\":\"https:\\\/\\\/www.wopg.org\\\/es\\\/#organization\"},\"image\":{\"@id\":\"https:\\\/\\\/www.wopg.org\\\/es\\\/prem-rawat-en-amaroo\\\/#primaryimage\"},\"thumbnailUrl\":\"https:\\\/\\\/www.wopg.org\\\/wp-content\\\/uploads\\\/2025\\\/04\\\/240911_Amaroo_S1_cc-144-lowres_1080x608.jpg\",\"articleSection\":[\"Recent\"],\"inLanguage\":\"es\",\"potentialAction\":[{\"@type\":\"CommentAction\",\"name\":\"Comment\",\"target\":[\"https:\\\/\\\/www.wopg.org\\\/es\\\/prem-rawat-en-amaroo\\\/#respond\"]}]},{\"@type\":\"WebPage\",\"@id\":\"https:\\\/\\\/www.wopg.org\\\/es\\\/prem-rawat-en-amaroo\\\/\",\"url\":\"https:\\\/\\\/www.wopg.org\\\/es\\\/prem-rawat-en-amaroo\\\/\",\"name\":\"8 sept - 12 sept 2025 - Prem Rawat en AMAROO | Words of Peace\",\"isPartOf\":{\"@id\":\"https:\\\/\\\/www.wopg.org\\\/es\\\/#website\"},\"primaryImageOfPage\":{\"@id\":\"https:\\\/\\\/www.wopg.org\\\/es\\\/prem-rawat-en-amaroo\\\/#primaryimage\"},\"image\":{\"@id\":\"https:\\\/\\\/www.wopg.org\\\/es\\\/prem-rawat-en-amaroo\\\/#primaryimage\"},\"thumbnailUrl\":\"https:\\\/\\\/www.wopg.org\\\/wp-content\\\/uploads\\\/2025\\\/04\\\/240911_Amaroo_S1_cc-144-lowres_1080x608.jpg\",\"datePublished\":\"2025-09-08T08:12:13+00:00\",\"dateModified\":\"2025-09-12T17:19:26+00:00\",\"breadcrumb\":{\"@id\":\"https:\\\/\\\/www.wopg.org\\\/es\\\/prem-rawat-en-amaroo\\\/#breadcrumb\"},\"inLanguage\":\"es\",\"potentialAction\":[{\"@type\":\"ReadAction\",\"target\":[\"https:\\\/\\\/www.wopg.org\\\/es\\\/prem-rawat-en-amaroo\\\/\"]}]},{\"@type\":\"ImageObject\",\"inLanguage\":\"es\",\"@id\":\"https:\\\/\\\/www.wopg.org\\\/es\\\/prem-rawat-en-amaroo\\\/#primaryimage\",\"url\":\"https:\\\/\\\/www.wopg.org\\\/wp-content\\\/uploads\\\/2025\\\/04\\\/240911_Amaroo_S1_cc-144-lowres_1080x608.jpg\",\"contentUrl\":\"https:\\\/\\\/www.wopg.org\\\/wp-content\\\/uploads\\\/2025\\\/04\\\/240911_Amaroo_S1_cc-144-lowres_1080x608.jpg\",\"width\":1080,\"height\":608},{\"@type\":\"BreadcrumbList\",\"@id\":\"https:\\\/\\\/www.wopg.org\\\/es\\\/prem-rawat-en-amaroo\\\/#breadcrumb\",\"itemListElement\":[{\"@type\":\"ListItem\",\"position\":1,\"name\":\"Home\",\"item\":\"https:\\\/\\\/www.wopg.org\\\/es\\\/\"},{\"@type\":\"ListItem\",\"position\":2,\"name\":\"8 sept &#8211; 12 sept 2025 &#8211; Prem Rawat en AMAROO\"}]},{\"@type\":\"WebSite\",\"@id\":\"https:\\\/\\\/www.wopg.org\\\/es\\\/#website\",\"url\":\"https:\\\/\\\/www.wopg.org\\\/es\\\/\",\"name\":\"Words of Peace\",\"description\":\"Practice Peace, Change Your World\",\"publisher\":{\"@id\":\"https:\\\/\\\/www.wopg.org\\\/es\\\/#organization\"},\"potentialAction\":[{\"@type\":\"SearchAction\",\"target\":{\"@type\":\"EntryPoint\",\"urlTemplate\":\"https:\\\/\\\/www.wopg.org\\\/es\\\/?s={search_term_string}\"},\"query-input\":{\"@type\":\"PropertyValueSpecification\",\"valueRequired\":true,\"valueName\":\"search_term_string\"}}],\"inLanguage\":\"es\"},{\"@type\":\"Organization\",\"@id\":\"https:\\\/\\\/www.wopg.org\\\/es\\\/#organization\",\"name\":\"Words of Peace\",\"url\":\"https:\\\/\\\/www.wopg.org\\\/es\\\/\",\"logo\":{\"@type\":\"ImageObject\",\"inLanguage\":\"es\",\"@id\":\"https:\\\/\\\/www.wopg.org\\\/es\\\/#\\\/schema\\\/logo\\\/image\\\/\",\"url\":\"https:\\\/\\\/wopg.org\\\/wp-content\\\/uploads\\\/2022\\\/02\\\/Words-of-Peace-logo-website61x252.png\",\"contentUrl\":\"https:\\\/\\\/wopg.org\\\/wp-content\\\/uploads\\\/2022\\\/02\\\/Words-of-Peace-logo-website61x252.png\",\"width\":252,\"height\":61,\"caption\":\"Words of Peace\"},\"image\":{\"@id\":\"https:\\\/\\\/www.wopg.org\\\/es\\\/#\\\/schema\\\/logo\\\/image\\\/\"},\"sameAs\":[\"https:\\\/\\\/www.facebook.com\\\/wordsofpeaceglobal\",\"https:\\\/\\\/x.com\\\/wopg\",\"https:\\\/\\\/www.instagram.com\\\/wopgofficial\\\/\"]},{\"@type\":\"Person\",\"@id\":\"https:\\\/\\\/www.wopg.org\\\/es\\\/#\\\/schema\\\/person\\\/c495a5aacd2a074ce031b7fa6625b3af\",\"name\":\"Roberto\",\"image\":{\"@type\":\"ImageObject\",\"inLanguage\":\"es\",\"@id\":\"https:\\\/\\\/secure.gravatar.com\\\/avatar\\\/3a2423ab531630d32d946fa10acea4a736bd03feede76ddcc150434c8458228b?s=96&d=mm&r=g\",\"url\":\"https:\\\/\\\/secure.gravatar.com\\\/avatar\\\/3a2423ab531630d32d946fa10acea4a736bd03feede76ddcc150434c8458228b?s=96&d=mm&r=g\",\"contentUrl\":\"https:\\\/\\\/secure.gravatar.com\\\/avatar\\\/3a2423ab531630d32d946fa10acea4a736bd03feede76ddcc150434c8458228b?s=96&d=mm&r=g\",\"caption\":\"Roberto\"},\"url\":\"https:\\\/\\\/www.wopg.org\\\/es\\\/author\\\/roberto\\\/\"}]}<\/script>\n<!-- \/ Yoast SEO plugin. -->","yoast_head_json":{"title":"8 sept - 12 sept 2025 - Prem Rawat en AMAROO | Words of Peace","robots":{"index":"index","follow":"follow","max-snippet":"max-snippet:-1","max-image-preview":"max-image-preview:large","max-video-preview":"max-video-preview:-1"},"canonical":"https:\/\/www.wopg.org\/es\/prem-rawat-en-amaroo\/","og_locale":"es_ES","og_type":"article","og_title":"8 sept - 12 sept 2025 - Prem Rawat en AMAROO | Words of Peace","og_description":"Photo courtes\u00eda de TimelessTodayLee atentamente esta p\u00e1gina para conocer detalles importantes sobre el pr\u00f3ximo evento. Consulta https:\/\/amaroo.org para obtener m\u00e1s informaci\u00f3n y posibles actualizaciones. El nuevo sitio web de Amaroo estar\u00e1 disponible el s\u00e1bado 7 de junio a las 10 a.m. AEST.CU\u00c1NDO Y D\u00d3NDEFecha: lunes 8 de septiembre al viernes 12 de septiembre de 2025Horarios: [&hellip;]","og_url":"https:\/\/www.wopg.org\/es\/prem-rawat-en-amaroo\/","og_site_name":"Words of Peace","article_publisher":"https:\/\/www.facebook.com\/wordsofpeaceglobal","article_published_time":"2025-09-08T08:12:13+00:00","article_modified_time":"2025-09-12T17:19:26+00:00","og_image":[{"width":1080,"height":608,"url":"https:\/\/eadn-wc03-5903292.nxedge.io\/wp-content\/uploads\/2025\/04\/240911_Amaroo_S1_cc-144-lowres_1080x608.jpg","type":"image\/jpeg"}],"author":"Roberto","twitter_card":"summary_large_image","twitter_creator":"@wopg","twitter_site":"@wopg","twitter_misc":{"Escrito por":"Roberto","Tiempo de lectura":"10 minutos"},"schema":{"@context":"https:\/\/schema.org","@graph":[{"@type":"Article","@id":"https:\/\/www.wopg.org\/es\/prem-rawat-en-amaroo\/#article","isPartOf":{"@id":"https:\/\/www.wopg.org\/es\/prem-rawat-en-amaroo\/"},"author":{"name":"Roberto","@id":"https:\/\/www.wopg.org\/es\/#\/schema\/person\/c495a5aacd2a074ce031b7fa6625b3af"},"headline":"8 sept &#8211; 12 sept 2025 &#8211; Prem Rawat en AMAROO","datePublished":"2025-09-08T08:12:13+00:00","dateModified":"2025-09-12T17:19:26+00:00","mainEntityOfPage":{"@id":"https:\/\/www.wopg.org\/es\/prem-rawat-en-amaroo\/"},"wordCount":2076,"commentCount":0,"publisher":{"@id":"https:\/\/www.wopg.org\/es\/#organization"},"image":{"@id":"https:\/\/www.wopg.org\/es\/prem-rawat-en-amaroo\/#primaryimage"},"thumbnailUrl":"https:\/\/eadn-wc03-5903292.nxedge.io\/wp-content\/uploads\/2025\/04\/240911_Amaroo_S1_cc-144-lowres_1080x608.jpg","articleSection":["Recent"],"inLanguage":"es","potentialAction":[{"@type":"CommentAction","name":"Comment","target":["https:\/\/www.wopg.org\/es\/prem-rawat-en-amaroo\/#respond"]}]},{"@type":"WebPage","@id":"https:\/\/www.wopg.org\/es\/prem-rawat-en-amaroo\/","url":"https:\/\/www.wopg.org\/es\/prem-rawat-en-amaroo\/","name":"8 sept - 12 sept 2025 - Prem Rawat en AMAROO | Words of Peace","isPartOf":{"@id":"https:\/\/www.wopg.org\/es\/#website"},"primaryImageOfPage":{"@id":"https:\/\/www.wopg.org\/es\/prem-rawat-en-amaroo\/#primaryimage"},"image":{"@id":"https:\/\/www.wopg.org\/es\/prem-rawat-en-amaroo\/#primaryimage"},"thumbnailUrl":"https:\/\/eadn-wc03-5903292.nxedge.io\/wp-content\/uploads\/2025\/04\/240911_Amaroo_S1_cc-144-lowres_1080x608.jpg","datePublished":"2025-09-08T08:12:13+00:00","dateModified":"2025-09-12T17:19:26+00:00","breadcrumb":{"@id":"https:\/\/www.wopg.org\/es\/prem-rawat-en-amaroo\/#breadcrumb"},"inLanguage":"es","potentialAction":[{"@type":"ReadAction","target":["https:\/\/www.wopg.org\/es\/prem-rawat-en-amaroo\/"]}]},{"@type":"ImageObject","inLanguage":"es","@id":"https:\/\/www.wopg.org\/es\/prem-rawat-en-amaroo\/#primaryimage","url":"https:\/\/eadn-wc03-5903292.nxedge.io\/wp-content\/uploads\/2025\/04\/240911_Amaroo_S1_cc-144-lowres_1080x608.jpg","contentUrl":"https:\/\/eadn-wc03-5903292.nxedge.io\/wp-content\/uploads\/2025\/04\/240911_Amaroo_S1_cc-144-lowres_1080x608.jpg","width":1080,"height":608},{"@type":"BreadcrumbList","@id":"https:\/\/www.wopg.org\/es\/prem-rawat-en-amaroo\/#breadcrumb","itemListElement":[{"@type":"ListItem","position":1,"name":"Home","item":"https:\/\/www.wopg.org\/es\/"},{"@type":"ListItem","position":2,"name":"8 sept &#8211; 12 sept 2025 &#8211; Prem Rawat en AMAROO"}]},{"@type":"WebSite","@id":"https:\/\/www.wopg.org\/es\/#website","url":"https:\/\/www.wopg.org\/es\/","name":"Words of Peace","description":"Practice Peace, Change Your World","publisher":{"@id":"https:\/\/www.wopg.org\/es\/#organization"},"potentialAction":[{"@type":"SearchAction","target":{"@type":"EntryPoint","urlTemplate":"https:\/\/www.wopg.org\/es\/?s={search_term_string}"},"query-input":{"@type":"PropertyValueSpecification","valueRequired":true,"valueName":"search_term_string"}}],"inLanguage":"es"},{"@type":"Organization","@id":"https:\/\/www.wopg.org\/es\/#organization","name":"Words of Peace","url":"https:\/\/www.wopg.org\/es\/","logo":{"@type":"ImageObject","inLanguage":"es","@id":"https:\/\/www.wopg.org\/es\/#\/schema\/logo\/image\/","url":"https:\/\/wopg.org\/wp-content\/uploads\/2022\/02\/Words-of-Peace-logo-website61x252.png","contentUrl":"https:\/\/wopg.org\/wp-content\/uploads\/2022\/02\/Words-of-Peace-logo-website61x252.png","width":252,"height":61,"caption":"Words of Peace"},"image":{"@id":"https:\/\/www.wopg.org\/es\/#\/schema\/logo\/image\/"},"sameAs":["https:\/\/www.facebook.com\/wordsofpeaceglobal","https:\/\/x.com\/wopg","https:\/\/www.instagram.com\/wopgofficial\/"]},{"@type":"Person","@id":"https:\/\/www.wopg.org\/es\/#\/schema\/person\/c495a5aacd2a074ce031b7fa6625b3af","name":"Roberto","image":{"@type":"ImageObject","inLanguage":"es","@id":"https:\/\/secure.gravatar.com\/avatar\/3a2423ab531630d32d946fa10acea4a736bd03feede76ddcc150434c8458228b?s=96&d=mm&r=g","url":"https:\/\/secure.gravatar.com\/avatar\/3a2423ab531630d32d946fa10acea4a736bd03feede76ddcc150434c8458228b?s=96&d=mm&r=g","contentUrl":"https:\/\/secure.gravatar.com\/avatar\/3a2423ab531630d32d946fa10acea4a736bd03feede76ddcc150434c8458228b?s=96&d=mm&r=g","caption":"Roberto"},"url":"https:\/\/www.wopg.org\/es\/author\/roberto\/"}]}},"_links":{"self":[{"href":"https:\/\/www.wopg.org\/es\/wp-json\/wp\/v2\/posts\/41173","targetHints":{"allow":["GET"]}}],"collection":[{"href":"https:\/\/www.wopg.org\/es\/wp-json\/wp\/v2\/posts"}],"about":[{"href":"https:\/\/www.wopg.org\/es\/wp-json\/wp\/v2\/types\/post"}],"author":[{"embeddable":true,"href":"https:\/\/www.wopg.org\/es\/wp-json\/wp\/v2\/users\/14"}],"replies":[{"embeddable":true,"href":"https:\/\/www.wopg.org\/es\/wp-json\/wp\/v2\/comments?post=41173"}],"version-history":[{"count":44,"href":"https:\/\/www.wopg.org\/es\/wp-json\/wp\/v2\/posts\/41173\/revisions"}],"predecessor-version":[{"id":43584,"href":"https:\/\/www.wopg.org\/es\/wp-json\/wp\/v2\/posts\/41173\/revisions\/43584"}],"wp:featuredmedia":[{"embeddable":true,"href":"https:\/\/www.wopg.org\/es\/wp-json\/wp\/v2\/media\/40064"}],"wp:attachment":[{"href":"https:\/\/www.wopg.org\/es\/wp-json\/wp\/v2\/media?parent=41173"}],"wp:term":[{"taxonomy":"category","embeddable":true,"href":"https:\/\/www.wopg.org\/es\/wp-json\/wp\/v2\/categories?post=41173"},{"taxonomy":"post_tag","embeddable":true,"href":"https:\/\/www.wopg.org\/es\/wp-json\/wp\/v2\/tags?post=41173"},{"taxonomy":"post_folder","embeddable":true,"href":"https:\/\/www.wopg.org\/es\/wp-json\/wp\/v2\/post_folder?post=41173"}],"curies":[{"name":"wp","href":"https:\/\/api.w.org\/{rel}","templated":true}]}}