{"id":43192,"date":"2025-08-17T16:16:19","date_gmt":"2025-08-17T16:16:19","guid":{"rendered":"https:\/\/www.wopg.org\/?p=43192"},"modified":"2025-08-17T18:58:25","modified_gmt":"2025-08-17T18:58:25","slug":"prem-rawat-en-san-jose","status":"publish","type":"post","link":"https:\/\/www.wopg.org\/es\/prem-rawat-en-san-jose\/","title":{"rendered":"17 de agosto de 2025 &#8211; Prem Rawat en San Jos\u00e9, Costa Rica"},"content":{"rendered":"<p>[et_pb_section fb_built=\u00bb1&#8243; _builder_version=\u00bb4.17.4&#8243; _module_preset=\u00bbdefault\u00bb custom_margin=\u00bb-50px||||false|false\u00bb custom_padding=\u00bb0px||0px||false|false\u00bb global_colors_info=\u00bb{}\u00bb][et_pb_row _builder_version=\u00bb4.17.4&#8243; _module_preset=\u00bbdefault\u00bb custom_padding=\u00bb0px||||false|false\u00bb global_colors_info=\u00bb{}\u00bb][et_pb_column type=\u00bb4_4&#8243; _builder_version=\u00bb4.17.4&#8243; _module_preset=\u00bbdefault\u00bb global_colors_info=\u00bb{}\u00bb][et_pb_text _builder_version=\u00bb4.27.4&#8243; _module_preset=\u00bbdefault\u00bb global_colors_info=\u00bb{}\u00bb]<\/p>\n<h6 style=\"text-align: center;\">Foto por cortes\u00eda de TimelessToday<\/h6>\n<p>[\/et_pb_text][\/et_pb_column][\/et_pb_row][\/et_pb_section][et_pb_section fb_built=\u00bb1&#8243; disabled_on=\u00bboff|off|off\u00bb admin_label=\u00bbFull event details\u00bb _builder_version=\u00bb4.27.2&#8243; _module_preset=\u00bbdefault\u00bb custom_padding=\u00bb0px||||false|false\u00bb locked=\u00bboff\u00bb collapsed=\u00bboff\u00bb global_colors_info=\u00bb{}\u00bb][et_pb_row _builder_version=\u00bb4.21.0&#8243; _module_preset=\u00bbdefault\u00bb custom_padding=\u00bb0px||||false|false\u00bb custom_css_main_element=\u00bbdisplay: flex;||flex-wrap: wrap;||justify-content: center;\u00bb global_colors_info=\u00bb{}\u00bb][et_pb_column type=\u00bb4_4&#8243; _builder_version=\u00bb4.21.0&#8243; _module_preset=\u00bbdefault\u00bb global_colors_info=\u00bb{}\u00bb][et_pb_text admin_label=\u00bbWHEN AND WHERE\u00bb _builder_version=\u00bb4.27.4&#8243; _module_preset=\u00bbdefault\u00bb header_2_text_align=\u00bbleft\u00bb header_3_text_align=\u00bbleft\u00bb hover_enabled=\u00bb0&#8243; header_2_text_align_tablet=\u00bbleft\u00bb header_2_text_align_phone=\u00bbcenter\u00bb header_2_text_align_last_edited=\u00bbon|desktop\u00bb header_2_font_size_tablet=\u00bb\u00bb header_2_font_size_phone=\u00bb2em\u00bb header_2_font_size_last_edited=\u00bbon|desktop\u00bb header_3_text_align_tablet=\u00bbleft\u00bb header_3_text_align_phone=\u00bbcenter\u00bb header_3_text_align_last_edited=\u00bbon|desktop\u00bb header_3_font_size_phone=\u00bb1.1em\u00bb custom_css_free_form=\u00bb.selector .et_pb_text_inner h2 {||  margin-bottom: 3px;||}||||.selector .et_pb_text_inner h3 {||  margin-bottom: 1.5rem;||}\u00bb global_colors_info=\u00bb{}\u00bb content__hover_enabled=\u00bboff|desktop\u00bb sticky_enabled=\u00bb0&#8243;]<\/p>\n<p><em>Lea atentamente esta p\u00e1gina para obtener informaci\u00f3n relevante sobre el pr\u00f3ximo evento. Cons\u00faltela si tiene intenci\u00f3n de asistir.<\/em><\/p>\n<h4>CU\u00c1NDO Y D\u00d3NDE<\/h4>\n<p><strong>Fecha:<\/strong><span style=\"font-weight: 400;\"> domingo, 17 de agosto de 2025<\/span><\/p>\n<p><strong>Hora:<\/strong><span style=\"font-weight: 400;\"> el evento comienza a las 11:30 a.m. CST (hora de San Jos\u00e9). Las puertas del vest\u00edbulo abrir\u00e1n a las 9:30 a.m. La hora estimada de finalizaci\u00f3n es la 1 p.m.<\/span><\/p>\n<p><strong>Lugar:<\/strong><span style=\"font-weight: 400;\">\u00a0<a href=\"https:\/\/costaricacc.com\" target=\"_blank\" rel=\"noopener\">Centro de Convenciones de Costa Rica<\/a><\/span>.<\/p>\n<p><strong>Direcci\u00f3n:<\/strong><span style=\"font-weight: 400;\"> Autopista General Ca\u00f1as, San Jos\u00e9, Costa Rica<\/span><\/p>\n<p><a href=\"https:\/\/www.google.com\/maps\/dir\/\/Autop.+Gral.+Ca%C3%B1as,+San+Jos%C3%A9,+Costa+Rica\/@9.9758436,-84.2335568,27597m\/data=!3m1!1e3!4m8!4m7!1m0!1m5!1m1!1s0x8fa0fba8dd8f0dd1:0xbc179f80296a308!2m2!1d-84.1511549!2d9.9758537?entry=ttu&amp;g_ep=EgoyMDI1MDcyMy4wIKXMDSoASAFQAw%3D%3D\" target=\"_blank\" rel=\"noopener\">C\u00f3mo llegar, estacionamiento y transporte p\u00fablico<\/a><\/p>\n<p>Visite la p\u00e1gina web de la sala<a href=\"https:\/\/costaricacc.com\" target=\"_blank\" rel=\"noopener\"> https:\/\/costaricacc.com<\/a> y en la parte inferior de la p\u00e1gina encontrar\u00e1 m\u00e1s informaci\u00f3n sobre opciones de aparcamiento y actividades en la zona.<\/p>\n<p>[\/et_pb_text][et_pb_text admin_label=\u00bbWHO IS INVITED\u00bb _builder_version=\u00bb4.27.4&#8243; _module_preset=\u00bbdefault\u00bb global_colors_info=\u00bb{}\u00bb]<\/p>\n<h4>QUI\u00c9N EST\u00c1 INVITADO<\/h4>\n<p>Es bienvenida a asistir cualquier persona que haya recibido las t\u00e9cnicas del Conocimiento de uno mismo, o se est\u00e9 preparando para recibirlas.<\/p>\n<p>Traiga su Smart Card al evento.<\/p>\n<p>[\/et_pb_text][et_pb_text admin_label=\u00bbWHO IS INVITED &#8211; CHILDREN\u00bb _builder_version=\u00bb4.27.4&#8243; _module_preset=\u00bbdefault\u00bb global_colors_info=\u00bb{}\u00bb]<\/p>\n<h4>NI\u00d1OS<\/h4>\n<p>Este evento no es para personas menores de 18 a\u00f1os.<\/p>\n<p>[\/et_pb_text][et_pb_text admin_label=\u00bbPURCHASE OF TICKETS\u00bb _builder_version=\u00bb4.27.4&#8243; _module_preset=\u00bbdefault\u00bb global_colors_info=\u00bb{}\u00bb]<\/p>\n<h4>ENTRADAS<\/h4>\n<p><strong>Las entradas se pondr\u00e1n a la venta el 5 de agosto a las 10 am CST.<\/strong><\/p>\n<p><span style=\"font-weight: 400;\">Al acceder al recinto, recuerde tener visible su entrada impresa, o su entrada electr\u00f3nica visible en su m\u00f3vil, con el C\u00f3digo QR a la vista.<\/span><\/p>\n<p><span style=\"font-weight: 400;\">Si por cualquier raz\u00f3n no puede comprar una entrada, por favor considere ponerse en contacto con <a href=\"mailto:centroamericaenpaz@gmail.com\">centroamericaenpaz@gmail.com<\/a><\/span>.<\/p>\n<p>[\/et_pb_text][et_pb_text admin_label=\u00bbTicket Prices\u00bb _builder_version=\u00bb4.27.4&#8243; _module_preset=\u00bbdefault\u00bb locked=\u00bboff\u00bb global_colors_info=\u00bb{}\u00bb]<\/p>\n<p><strong>Precios de las entradas<\/strong><\/p>\n<ul>\n<li class=\"p1\">90 d\u00f3lares estadounidenses + gastos de tramitaci\u00f3n<\/li>\n<li class=\"p1\">45 d\u00f3lares estadounidenses + gastos de tramitaci\u00f3n<\/li>\n<li class=\"p1\">20 d\u00f3lares estadounidenses + gastos de tramitaci\u00f3n<\/li>\n<li style=\"list-style-type: none;\">\u00a0<\/li>\n<\/ul>\n<p><span style=\"font-weight: 400;\">Cada persona podr\u00e1 comprar <\/span><b>4 asientos<\/b><span style=\"font-weight: 400;\">. Sin embargo, por favor solo compre asientos que sepa que ser\u00e1n utilizados.<\/span><\/p>\n<p><strong>Por razones log\u00edsticas, por favor ocupe su asiento 20 minutos antes del comienzo del evento. Los que lleguen a \u00faltima hora se sentar\u00e1n en la parte de atr\u00e1s de la sala para evitar distracciones.<\/strong><\/p>\n<p><strong>No se har\u00e1n devoluciones.<\/strong><\/p>\n<p>[\/et_pb_text][et_pb_text disabled_on=\u00bbon|on|on\u00bb _builder_version=\u00bb4.27.4&#8243; _module_preset=\u00bbdefault\u00bb disabled=\u00bbon\u00bb global_colors_info=\u00bb{}\u00bb]<\/p>\n<p style=\"text-align: center;\"><span style=\"color: #ff0000;\">Comprueba regularmente si hay m\u00e1s plazas disponibles<\/span><\/p>\n<p>[\/et_pb_text][et_pb_button button_url=\u00bbhttps:\/\/wordsofpeaceinternational.ticketspice.com\/costa-rica-17-pwk\u00bb url_new_window=\u00bbon\u00bb button_text=\u00bbCompra de entradas\u00bb button_alignment=\u00bbcenter\u00bb disabled_on=\u00bboff|off|off\u00bb admin_label=\u00bbPurchase Ticket(s)\u00bb _builder_version=\u00bb4.27.4&#8243; _module_preset=\u00bbdefault\u00bb custom_button=\u00bbon\u00bb button_bg_color=\u00bb#008B73&#8243; button_border_width=\u00bb0px\u00bb button_border_radius=\u00bb8px\u00bb background_layout=\u00bbdark\u00bb custom_padding=\u00bb10px|49px|10px|49px|true|true\u00bb global_colors_info=\u00bb{}\u00bb][\/et_pb_button][et_pb_button button_url=\u00bb#\u00bb button_text=\u00bbNo quedan entradas\u00bb button_alignment=\u00bbcenter\u00bb disabled_on=\u00bbon|on|on\u00bb admin_label=\u00bbSold Out button\u00bb _builder_version=\u00bb4.27.4&#8243; _module_preset=\u00bbdefault\u00bb custom_button=\u00bbon\u00bb button_bg_color=\u00bb#E02B20&#8243; button_border_width=\u00bb0px\u00bb button_border_radius=\u00bb8px\u00bb background_layout=\u00bbdark\u00bb custom_padding=\u00bb10px|58px|10px|58px|true|true\u00bb disabled=\u00bbon\u00bb global_colors_info=\u00bb{}\u00bb][\/et_pb_button][et_pb_button button_url=\u00bb#soon\u00bb button_text=\u00bbEntradas disponibles pr\u00f3ximamente\u00bb button_alignment=\u00bbcenter\u00bb disabled_on=\u00bbon|on|on\u00bb admin_label=\u00bbSoon Available button\u00bb module_id=\u00bbsoon\u00bb _builder_version=\u00bb4.27.4&#8243; _module_preset=\u00bbdefault\u00bb custom_button=\u00bbon\u00bb button_text_color=\u00bb#FFFFFF\u00bb button_bg_color=\u00bbRGBA(255,196,89,0.8)\u00bb button_border_width=\u00bb0px\u00bb button_border_radius=\u00bb8px\u00bb background_layout=\u00bbdark\u00bb custom_padding=\u00bb10px|30px|10px|30px|true|true\u00bb disabled=\u00bbon\u00bb global_colors_info=\u00bb{}\u00bb][\/et_pb_button][et_pb_text disabled_on=\u00bboff|off|off\u00bb _builder_version=\u00bb4.27.4&#8243; _module_preset=\u00bbdefault\u00bb text_orientation=\u00bbcenter\u00bb locked=\u00bboff\u00bb global_colors_info=\u00bb{}\u00bb]<\/p>\n<div class=\"et_pb_row et_pb_row_0\">\n<div class=\"et_pb_column et_pb_column_4_4 et_pb_column_0 et_pb_css_mix_blend_mode_passthrough et-last-child\">\n<div class=\"et_pb_module et_pb_text et_pb_text_0 et_pb_text_align_left et_pb_bg_layout_light\">\n<div class=\"et_pb_text_inner\" style=\"text-align: center;\"><em>(una vez que se abra la venta de entradas pulse el bot\u00f3n de arriba para dirigirse a la compra directamente)<\/em><\/div>\n<\/div>\n<\/div>\n<\/div>\n<p>[\/et_pb_text][et_pb_text admin_label=\u00bbDO NOT RECORD OR FILM THE EVENT\u00bb _builder_version=\u00bb4.27.4&#8243; _module_preset=\u00bbdefault\u00bb locked=\u00bboff\u00bb global_colors_info=\u00bb{}\u00bb]<\/p>\n<h4>NO SE PERMITE GRABAR NI FILMAR EL EVENTO<\/h4>\n<p>Se har\u00e1 una grabaci\u00f3n oficial que estar\u00e1 protegida por derechos de autor. Cualquier persona que est\u00e9 haciendo una grabaci\u00f3n ser\u00e1 advertida de que deje de hacerlo. Si contin\u00faa, ser\u00e1 expulsada de la sala.<\/p>\n<p>El evento ser\u00e1 filmado, y la compra de una entrada constituye su acuerdo para ser filmado, y permitir la divulgaci\u00f3n de su imagen\/voz ya sea de forma impresa o a trav\u00e9s de redes sociales, fotograf\u00eda, audio, video, u otros medios. Si usted est\u00e1 comprando una entrada para otra persona, su asistencia al evento constituye el mismo acuerdo de divulgaci\u00f3n.<\/p>\n<p><strong>Habr\u00e1 un control de seguridad al entrar al edificio. No se permiten maletas, mochilas o bolsas de gran tama\u00f1o dentro del recinto<\/strong>.<\/p>\n<p><em><strong>Tenga esto en cuenta<\/strong>: se recomienda que no haga planes de viaje hasta que haya comprado su entrada(s), ya que el n\u00famero de personas que soliciten asientos puede exceder la capacidad de la sala<\/em>.<\/p>\n<p><em><strong>Por favor verifique los requisitos de viaje que puedan afectarle<\/strong><\/em>.<\/p>\n<p>[\/et_pb_text][et_pb_accordion open_toggle_background_color=\u00bbRGBA(255,255,255,0)\u00bb icon_color=\u00bb#008B73&#8243; use_icon_font_size=\u00bbon\u00bb icon_font_size=\u00bb20px\u00bb _builder_version=\u00bb4.27.4&#8243; _module_preset=\u00bbdefault\u00bb border_color_all=\u00bbRGBA(255,255,255,0)\u00bb border_color_bottom=\u00bb#008B73&#8243; global_colors_info=\u00bb{}\u00bb][et_pb_accordion_item title=\u00bbAYUDA PARA LA COMPRA DE ENTRADAS\u00bb open=\u00bbon\u00bb _builder_version=\u00bb4.27.4&#8243; _module_preset=\u00bbdefault\u00bb global_colors_info=\u00bb{}\u00bb]<\/p>\n<p>Las entradas se pueden comprar por internet usando ordenadores o dispositivos m\u00f3viles. Se recomienda vaciar el historial de su navegador antes de iniciar la compra.<\/p>\n<p>Es posible que encuentre dificultades en el proceso de compra de entradas por internet. La alta demanda puede generar un mensaje autom\u00e1tico que diga &#8216;no hay asientos disponibles&#8217;, lo que no significa que se hayan agotado las entradas.<\/p>\n<p>En ese caso considere lo siguiente:<br \/>\u2013 compruebe a trav\u00e9s de <a href=\"https:\/\/www.wopg.org\/es\/\">www.wopg.org<\/a> si se ha llenado el aforo del evento.<br \/>\u2013 esperar unos momentos e int\u00e9ntelo de nuevo<br \/>\u2013 int\u00e9ntelo en otro dispositivo<br \/>\u2013 si no tiene \u00e9xito, env\u00ede un correo electr\u00f3nico a <a href=\"mailto:centroamericaenpaz@gmail.com\"><span style=\"font-weight: 400;\">centroamericaenpaz@gmail.com<\/span><\/a>.<\/p>\n<p>[\/et_pb_accordion_item][et_pb_accordion_item title=\u00bbENTRADAS AGOTADAS\u00bb _builder_version=\u00bb4.27.4&#8243; _module_preset=\u00bbdefault\u00bb global_colors_info=\u00bb{}\u00bb open=\u00bboff\u00bb]<\/p>\n<p>Si cuando intenta comprar las entradas, est\u00e1n agotadas, vuelva a intentarlo en un par de horas, porque puede que haya entradas que vuelvan a estar disponibles. Si desea informarse sobre posibles entradas que hayan sido devueltas, p\u00f3ngase en contacto con <a href=\"mailto:centroamericaenpaz@gmail.com\"><span style=\"font-weight: 400;\">centroamericaenpaz@gmail.com<\/span><\/a>.<\/p>\n<p>Y si no hay entradas devueltas, se le pondr\u00e1 en una lista de espera.<\/p>\n<p>[\/et_pb_accordion_item][et_pb_accordion_item title=\u00bbDEVOLUCI\u00d3N DE ENTRADAS QUE NO VAN A SER UTILIZADAS\u00bb _builder_version=\u00bb4.27.4&#8243; _module_preset=\u00bbdefault\u00bb global_colors_info=\u00bb{}\u00bb open=\u00bboff\u00bb]<\/p>\n<p>Si sus planes cambian y usted tiene una entrada que no va a ser utilizada, por favor env\u00ede una copia electr\u00f3nica de su entrada a <a href=\"mailto:centroamericaenpaz@gmail.com\"><span style=\"font-weight: 400;\">centroamericaenpaz@gmail.com<\/span><\/a>.<\/p>\n<p>Las entradas devueltas a esta direcci\u00f3n electr\u00f3nica ser\u00e1n reasignadas por orden de solicitud a otras personas que deseen asistir al evento.<\/p>\n<p>No se har\u00e1n reembolsos.<\/p>\n<p>[\/et_pb_accordion_item][et_pb_accordion_item title=\u00bbCUIDADOS ESPECIALES\u00bb _builder_version=\u00bb4.27.4&#8243; _module_preset=\u00bbdefault\u00bb global_colors_info=\u00bb{}\u00bb open=\u00bboff\u00bb]<\/p>\n<p>Se ayudar\u00e1 a las personas que utilicen sillas de ruedas.<\/p>\n<p>Si tiene dificultades para comprar un espacio para silla de ruedas o un asiento para su cuidador, p\u00f3ngase en contacto con <a href=\"mailto:centroamericaenpaz@gmail.com\"><span style=\"font-weight: 400;\">centroamericaenpaz@gmail.com<\/span><\/a>.<\/p>\n<p>Si tiene dificultades auditivas, habr\u00e1 un canal en ingl\u00e9s con sonido mejorado. Los auriculares estar\u00e1n disponibles en el vest\u00edbulo a cambio de una identificaci\u00f3n.<\/p>\n<p>[\/et_pb_accordion_item][et_pb_accordion_item title=\u00bbTRADUCCI\u00d3N\u00bb _builder_version=\u00bb4.27.4&#8243; _module_preset=\u00bbdefault\u00bb global_colors_info=\u00bb{}\u00bb open=\u00bboff\u00bb]<\/p>\n<p>El evento ser\u00e1 en ingl\u00e9s. Aunque habr\u00e1 traducci\u00f3n al espa\u00f1ol y portugu\u00e9s.<\/p>\n<p>Los auriculares para la traducci\u00f3n estar\u00e1n disponibles en el vest\u00edbulo, proporcionando una identificaci\u00f3n.<\/p>\n<p>[\/et_pb_accordion_item][et_pb_accordion_item title=\u00bbEQUIPAJES\u00bb _builder_version=\u00bb4.27.4&#8243; _module_preset=\u00bbdefault\u00bb global_colors_info=\u00bb{}\u00bb open=\u00bboff\u00bb]<\/p>\n<p class=\"p1\">No se permiten equipajes, mochilas o bolsas de gran tama\u00f1o dentro del recinto.<\/p>\n<p class=\"p1\">No habr\u00e1 guardarropa disponible.<\/p>\n<p>[\/et_pb_accordion_item][et_pb_accordion_item title=\u00bbAYUDA\u00bb _builder_version=\u00bb4.27.4&#8243; _module_preset=\u00bbdefault\u00bb global_colors_info=\u00bb{}\u00bb open=\u00bboff\u00bb]<\/p>\n<p>\u00bfNecesita ayuda?<\/p>\n<p>Contacte <a href=\"mailto:centroamericaenpaz@gmail.com\"><span style=\"font-weight: 400\">centroamericaenpaz@gmail.com<\/a><\/p>\n<p>[\/et_pb_accordion_item][\/et_pb_accordion][\/et_pb_column][\/et_pb_row][et_pb_row _builder_version=\u00bb4.21.0&#8243; _module_preset=\u00bbdefault\u00bb global_colors_info=\u00bb{}\u00bb][et_pb_column type=\u00bb4_4&#8243; _builder_version=\u00bb4.21.0&#8243; _module_preset=\u00bbdefault\u00bb global_colors_info=\u00bb{}\u00bb][et_pb_text admin_label=\u00bbSign up here\u00bb _builder_version=\u00bb4.27.2&#8243; _module_preset=\u00bbdefault\u00bb global_colors_info=\u00bb{}\u00bb]<\/p>\n<p>Para recibir notificaciones y actualizaciones sobre eventos futuros con Prem Rawat, quiz\u00e1s le interese estar suscrito a la lista de correo de WOPG introduciendo su correo electr\u00f3nico y pa\u00eds de residencia. Reg\u00edstrese aqu\u00ed.<\/p>\n<p>[\/et_pb_text][\/et_pb_column][\/et_pb_row][\/et_pb_section]<\/p>\n","protected":false},"excerpt":{"rendered":"<p>Foto por cortes\u00eda de TimelessTodayLea atentamente esta p\u00e1gina para obtener informaci\u00f3n relevante sobre el pr\u00f3ximo evento. Cons\u00faltela si tiene intenci\u00f3n de asistir. CU\u00c1NDO Y D\u00d3NDE Fecha: domingo, 17 de agosto de 2025 Hora: el evento comienza a las 11:30 a.m. CST (hora de San Jos\u00e9). Las puertas del vest\u00edbulo abrir\u00e1n a las 9:30 a.m. La [&hellip;]<\/p>\n","protected":false},"author":14,"featured_media":42706,"comment_status":"open","ping_status":"open","sticky":false,"template":"","format":"standard","meta":{"_et_pb_use_builder":"on","_et_pb_old_content":"","_et_gb_content_width":"","cybocfi_hide_featured_image":"","footnotes":""},"categories":[75],"tags":[],"post_folder":[],"class_list":["post-43192","post","type-post","status-publish","format-standard","has-post-thumbnail","hentry","category-recent"],"yoast_head":"<!-- This site is optimized with the Yoast SEO plugin v27.3 - https:\/\/yoast.com\/product\/yoast-seo-wordpress\/ -->\n<title>17 de agosto de 2025 - Prem Rawat en San Jos\u00e9, Costa Rica | Words of Peace<\/title>\n<meta name=\"robots\" content=\"index, follow, max-snippet:-1, max-image-preview:large, max-video-preview:-1\" \/>\n<link rel=\"canonical\" href=\"https:\/\/www.wopg.org\/es\/prem-rawat-en-san-jose\/\" \/>\n<meta property=\"og:locale\" content=\"es_ES\" \/>\n<meta property=\"og:type\" content=\"article\" \/>\n<meta property=\"og:title\" content=\"17 de agosto de 2025 - Prem Rawat en San Jos\u00e9, Costa Rica | Words of Peace\" \/>\n<meta property=\"og:description\" content=\"Foto por cortes\u00eda de TimelessTodayLea atentamente esta p\u00e1gina para obtener informaci\u00f3n relevante sobre el pr\u00f3ximo evento. Cons\u00faltela si tiene intenci\u00f3n de asistir. CU\u00c1NDO Y D\u00d3NDE Fecha: domingo, 17 de agosto de 2025 Hora: el evento comienza a las 11:30 a.m. CST (hora de San Jos\u00e9). Las puertas del vest\u00edbulo abrir\u00e1n a las 9:30 a.m. La [&hellip;]\" \/>\n<meta property=\"og:url\" content=\"https:\/\/www.wopg.org\/es\/prem-rawat-en-san-jose\/\" \/>\n<meta property=\"og:site_name\" content=\"Words of Peace\" \/>\n<meta property=\"article:publisher\" content=\"https:\/\/www.facebook.com\/wordsofpeaceglobal\" \/>\n<meta property=\"article:published_time\" content=\"2025-08-17T16:16:19+00:00\" \/>\n<meta property=\"article:modified_time\" content=\"2025-08-17T18:58:25+00:00\" \/>\n<meta property=\"og:image\" content=\"https:\/\/eadn-wc03-5903292.nxedge.io\/wp-content\/uploads\/2025\/07\/250413_Delhi_RVK_gs-096-lowres_1080x608.jpg\" \/>\n\t<meta property=\"og:image:width\" content=\"1080\" \/>\n\t<meta property=\"og:image:height\" content=\"608\" \/>\n\t<meta property=\"og:image:type\" content=\"image\/jpeg\" \/>\n<meta name=\"author\" content=\"Roberto\" \/>\n<meta name=\"twitter:card\" content=\"summary_large_image\" \/>\n<meta name=\"twitter:creator\" content=\"@wopg\" \/>\n<meta name=\"twitter:site\" content=\"@wopg\" \/>\n<meta name=\"twitter:label1\" content=\"Escrito por\" \/>\n\t<meta name=\"twitter:data1\" content=\"Roberto\" \/>\n\t<meta name=\"twitter:label2\" content=\"Tiempo de lectura\" \/>\n\t<meta name=\"twitter:data2\" content=\"9 minutos\" \/>\n<script type=\"application\/ld+json\" class=\"yoast-schema-graph\">{\"@context\":\"https:\\\/\\\/schema.org\",\"@graph\":[{\"@type\":\"Article\",\"@id\":\"https:\\\/\\\/www.wopg.org\\\/es\\\/prem-rawat-en-san-jose\\\/#article\",\"isPartOf\":{\"@id\":\"https:\\\/\\\/www.wopg.org\\\/es\\\/prem-rawat-en-san-jose\\\/\"},\"author\":{\"name\":\"Roberto\",\"@id\":\"https:\\\/\\\/www.wopg.org\\\/es\\\/#\\\/schema\\\/person\\\/c495a5aacd2a074ce031b7fa6625b3af\"},\"headline\":\"17 de agosto de 2025 &#8211; Prem Rawat en San Jos\u00e9, Costa Rica\",\"datePublished\":\"2025-08-17T16:16:19+00:00\",\"dateModified\":\"2025-08-17T18:58:25+00:00\",\"mainEntityOfPage\":{\"@id\":\"https:\\\/\\\/www.wopg.org\\\/es\\\/prem-rawat-en-san-jose\\\/\"},\"wordCount\":1794,\"commentCount\":0,\"publisher\":{\"@id\":\"https:\\\/\\\/www.wopg.org\\\/es\\\/#organization\"},\"image\":{\"@id\":\"https:\\\/\\\/www.wopg.org\\\/es\\\/prem-rawat-en-san-jose\\\/#primaryimage\"},\"thumbnailUrl\":\"https:\\\/\\\/www.wopg.org\\\/wp-content\\\/uploads\\\/2025\\\/07\\\/250413_Delhi_RVK_gs-096-lowres_1080x608.jpg\",\"articleSection\":[\"Recent\"],\"inLanguage\":\"es\",\"potentialAction\":[{\"@type\":\"CommentAction\",\"name\":\"Comment\",\"target\":[\"https:\\\/\\\/www.wopg.org\\\/es\\\/prem-rawat-en-san-jose\\\/#respond\"]}]},{\"@type\":\"WebPage\",\"@id\":\"https:\\\/\\\/www.wopg.org\\\/es\\\/prem-rawat-en-san-jose\\\/\",\"url\":\"https:\\\/\\\/www.wopg.org\\\/es\\\/prem-rawat-en-san-jose\\\/\",\"name\":\"17 de agosto de 2025 - Prem Rawat en San Jos\u00e9, Costa Rica | Words of Peace\",\"isPartOf\":{\"@id\":\"https:\\\/\\\/www.wopg.org\\\/es\\\/#website\"},\"primaryImageOfPage\":{\"@id\":\"https:\\\/\\\/www.wopg.org\\\/es\\\/prem-rawat-en-san-jose\\\/#primaryimage\"},\"image\":{\"@id\":\"https:\\\/\\\/www.wopg.org\\\/es\\\/prem-rawat-en-san-jose\\\/#primaryimage\"},\"thumbnailUrl\":\"https:\\\/\\\/www.wopg.org\\\/wp-content\\\/uploads\\\/2025\\\/07\\\/250413_Delhi_RVK_gs-096-lowres_1080x608.jpg\",\"datePublished\":\"2025-08-17T16:16:19+00:00\",\"dateModified\":\"2025-08-17T18:58:25+00:00\",\"breadcrumb\":{\"@id\":\"https:\\\/\\\/www.wopg.org\\\/es\\\/prem-rawat-en-san-jose\\\/#breadcrumb\"},\"inLanguage\":\"es\",\"potentialAction\":[{\"@type\":\"ReadAction\",\"target\":[\"https:\\\/\\\/www.wopg.org\\\/es\\\/prem-rawat-en-san-jose\\\/\"]}]},{\"@type\":\"ImageObject\",\"inLanguage\":\"es\",\"@id\":\"https:\\\/\\\/www.wopg.org\\\/es\\\/prem-rawat-en-san-jose\\\/#primaryimage\",\"url\":\"https:\\\/\\\/www.wopg.org\\\/wp-content\\\/uploads\\\/2025\\\/07\\\/250413_Delhi_RVK_gs-096-lowres_1080x608.jpg\",\"contentUrl\":\"https:\\\/\\\/www.wopg.org\\\/wp-content\\\/uploads\\\/2025\\\/07\\\/250413_Delhi_RVK_gs-096-lowres_1080x608.jpg\",\"width\":1080,\"height\":608},{\"@type\":\"BreadcrumbList\",\"@id\":\"https:\\\/\\\/www.wopg.org\\\/es\\\/prem-rawat-en-san-jose\\\/#breadcrumb\",\"itemListElement\":[{\"@type\":\"ListItem\",\"position\":1,\"name\":\"Home\",\"item\":\"https:\\\/\\\/www.wopg.org\\\/es\\\/\"},{\"@type\":\"ListItem\",\"position\":2,\"name\":\"17 de agosto de 2025 &#8211; Prem Rawat en San Jos\u00e9, Costa Rica\"}]},{\"@type\":\"WebSite\",\"@id\":\"https:\\\/\\\/www.wopg.org\\\/es\\\/#website\",\"url\":\"https:\\\/\\\/www.wopg.org\\\/es\\\/\",\"name\":\"Words of Peace\",\"description\":\"Practice Peace, Change Your World\",\"publisher\":{\"@id\":\"https:\\\/\\\/www.wopg.org\\\/es\\\/#organization\"},\"potentialAction\":[{\"@type\":\"SearchAction\",\"target\":{\"@type\":\"EntryPoint\",\"urlTemplate\":\"https:\\\/\\\/www.wopg.org\\\/es\\\/?s={search_term_string}\"},\"query-input\":{\"@type\":\"PropertyValueSpecification\",\"valueRequired\":true,\"valueName\":\"search_term_string\"}}],\"inLanguage\":\"es\"},{\"@type\":\"Organization\",\"@id\":\"https:\\\/\\\/www.wopg.org\\\/es\\\/#organization\",\"name\":\"Words of Peace\",\"url\":\"https:\\\/\\\/www.wopg.org\\\/es\\\/\",\"logo\":{\"@type\":\"ImageObject\",\"inLanguage\":\"es\",\"@id\":\"https:\\\/\\\/www.wopg.org\\\/es\\\/#\\\/schema\\\/logo\\\/image\\\/\",\"url\":\"https:\\\/\\\/wopg.org\\\/wp-content\\\/uploads\\\/2022\\\/02\\\/Words-of-Peace-logo-website61x252.png\",\"contentUrl\":\"https:\\\/\\\/wopg.org\\\/wp-content\\\/uploads\\\/2022\\\/02\\\/Words-of-Peace-logo-website61x252.png\",\"width\":252,\"height\":61,\"caption\":\"Words of Peace\"},\"image\":{\"@id\":\"https:\\\/\\\/www.wopg.org\\\/es\\\/#\\\/schema\\\/logo\\\/image\\\/\"},\"sameAs\":[\"https:\\\/\\\/www.facebook.com\\\/wordsofpeaceglobal\",\"https:\\\/\\\/x.com\\\/wopg\",\"https:\\\/\\\/www.instagram.com\\\/wopgofficial\\\/\"]},{\"@type\":\"Person\",\"@id\":\"https:\\\/\\\/www.wopg.org\\\/es\\\/#\\\/schema\\\/person\\\/c495a5aacd2a074ce031b7fa6625b3af\",\"name\":\"Roberto\",\"image\":{\"@type\":\"ImageObject\",\"inLanguage\":\"es\",\"@id\":\"https:\\\/\\\/secure.gravatar.com\\\/avatar\\\/3a2423ab531630d32d946fa10acea4a736bd03feede76ddcc150434c8458228b?s=96&d=mm&r=g\",\"url\":\"https:\\\/\\\/secure.gravatar.com\\\/avatar\\\/3a2423ab531630d32d946fa10acea4a736bd03feede76ddcc150434c8458228b?s=96&d=mm&r=g\",\"contentUrl\":\"https:\\\/\\\/secure.gravatar.com\\\/avatar\\\/3a2423ab531630d32d946fa10acea4a736bd03feede76ddcc150434c8458228b?s=96&d=mm&r=g\",\"caption\":\"Roberto\"},\"url\":\"https:\\\/\\\/www.wopg.org\\\/es\\\/author\\\/roberto\\\/\"}]}<\/script>\n<!-- \/ Yoast SEO plugin. -->","yoast_head_json":{"title":"17 de agosto de 2025 - Prem Rawat en San Jos\u00e9, Costa Rica | Words of Peace","robots":{"index":"index","follow":"follow","max-snippet":"max-snippet:-1","max-image-preview":"max-image-preview:large","max-video-preview":"max-video-preview:-1"},"canonical":"https:\/\/www.wopg.org\/es\/prem-rawat-en-san-jose\/","og_locale":"es_ES","og_type":"article","og_title":"17 de agosto de 2025 - Prem Rawat en San Jos\u00e9, Costa Rica | Words of Peace","og_description":"Foto por cortes\u00eda de TimelessTodayLea atentamente esta p\u00e1gina para obtener informaci\u00f3n relevante sobre el pr\u00f3ximo evento. Cons\u00faltela si tiene intenci\u00f3n de asistir. CU\u00c1NDO Y D\u00d3NDE Fecha: domingo, 17 de agosto de 2025 Hora: el evento comienza a las 11:30 a.m. CST (hora de San Jos\u00e9). Las puertas del vest\u00edbulo abrir\u00e1n a las 9:30 a.m. La [&hellip;]","og_url":"https:\/\/www.wopg.org\/es\/prem-rawat-en-san-jose\/","og_site_name":"Words of Peace","article_publisher":"https:\/\/www.facebook.com\/wordsofpeaceglobal","article_published_time":"2025-08-17T16:16:19+00:00","article_modified_time":"2025-08-17T18:58:25+00:00","og_image":[{"width":1080,"height":608,"url":"https:\/\/eadn-wc03-5903292.nxedge.io\/wp-content\/uploads\/2025\/07\/250413_Delhi_RVK_gs-096-lowres_1080x608.jpg","type":"image\/jpeg"}],"author":"Roberto","twitter_card":"summary_large_image","twitter_creator":"@wopg","twitter_site":"@wopg","twitter_misc":{"Escrito por":"Roberto","Tiempo de lectura":"9 minutos"},"schema":{"@context":"https:\/\/schema.org","@graph":[{"@type":"Article","@id":"https:\/\/www.wopg.org\/es\/prem-rawat-en-san-jose\/#article","isPartOf":{"@id":"https:\/\/www.wopg.org\/es\/prem-rawat-en-san-jose\/"},"author":{"name":"Roberto","@id":"https:\/\/www.wopg.org\/es\/#\/schema\/person\/c495a5aacd2a074ce031b7fa6625b3af"},"headline":"17 de agosto de 2025 &#8211; Prem Rawat en San Jos\u00e9, Costa Rica","datePublished":"2025-08-17T16:16:19+00:00","dateModified":"2025-08-17T18:58:25+00:00","mainEntityOfPage":{"@id":"https:\/\/www.wopg.org\/es\/prem-rawat-en-san-jose\/"},"wordCount":1794,"commentCount":0,"publisher":{"@id":"https:\/\/www.wopg.org\/es\/#organization"},"image":{"@id":"https:\/\/www.wopg.org\/es\/prem-rawat-en-san-jose\/#primaryimage"},"thumbnailUrl":"https:\/\/eadn-wc03-5903292.nxedge.io\/wp-content\/uploads\/2025\/07\/250413_Delhi_RVK_gs-096-lowres_1080x608.jpg","articleSection":["Recent"],"inLanguage":"es","potentialAction":[{"@type":"CommentAction","name":"Comment","target":["https:\/\/www.wopg.org\/es\/prem-rawat-en-san-jose\/#respond"]}]},{"@type":"WebPage","@id":"https:\/\/www.wopg.org\/es\/prem-rawat-en-san-jose\/","url":"https:\/\/www.wopg.org\/es\/prem-rawat-en-san-jose\/","name":"17 de agosto de 2025 - Prem Rawat en San Jos\u00e9, Costa Rica | Words of Peace","isPartOf":{"@id":"https:\/\/www.wopg.org\/es\/#website"},"primaryImageOfPage":{"@id":"https:\/\/www.wopg.org\/es\/prem-rawat-en-san-jose\/#primaryimage"},"image":{"@id":"https:\/\/www.wopg.org\/es\/prem-rawat-en-san-jose\/#primaryimage"},"thumbnailUrl":"https:\/\/eadn-wc03-5903292.nxedge.io\/wp-content\/uploads\/2025\/07\/250413_Delhi_RVK_gs-096-lowres_1080x608.jpg","datePublished":"2025-08-17T16:16:19+00:00","dateModified":"2025-08-17T18:58:25+00:00","breadcrumb":{"@id":"https:\/\/www.wopg.org\/es\/prem-rawat-en-san-jose\/#breadcrumb"},"inLanguage":"es","potentialAction":[{"@type":"ReadAction","target":["https:\/\/www.wopg.org\/es\/prem-rawat-en-san-jose\/"]}]},{"@type":"ImageObject","inLanguage":"es","@id":"https:\/\/www.wopg.org\/es\/prem-rawat-en-san-jose\/#primaryimage","url":"https:\/\/eadn-wc03-5903292.nxedge.io\/wp-content\/uploads\/2025\/07\/250413_Delhi_RVK_gs-096-lowres_1080x608.jpg","contentUrl":"https:\/\/eadn-wc03-5903292.nxedge.io\/wp-content\/uploads\/2025\/07\/250413_Delhi_RVK_gs-096-lowres_1080x608.jpg","width":1080,"height":608},{"@type":"BreadcrumbList","@id":"https:\/\/www.wopg.org\/es\/prem-rawat-en-san-jose\/#breadcrumb","itemListElement":[{"@type":"ListItem","position":1,"name":"Home","item":"https:\/\/www.wopg.org\/es\/"},{"@type":"ListItem","position":2,"name":"17 de agosto de 2025 &#8211; Prem Rawat en San Jos\u00e9, Costa Rica"}]},{"@type":"WebSite","@id":"https:\/\/www.wopg.org\/es\/#website","url":"https:\/\/www.wopg.org\/es\/","name":"Words of Peace","description":"Practice Peace, Change Your World","publisher":{"@id":"https:\/\/www.wopg.org\/es\/#organization"},"potentialAction":[{"@type":"SearchAction","target":{"@type":"EntryPoint","urlTemplate":"https:\/\/www.wopg.org\/es\/?s={search_term_string}"},"query-input":{"@type":"PropertyValueSpecification","valueRequired":true,"valueName":"search_term_string"}}],"inLanguage":"es"},{"@type":"Organization","@id":"https:\/\/www.wopg.org\/es\/#organization","name":"Words of Peace","url":"https:\/\/www.wopg.org\/es\/","logo":{"@type":"ImageObject","inLanguage":"es","@id":"https:\/\/www.wopg.org\/es\/#\/schema\/logo\/image\/","url":"https:\/\/wopg.org\/wp-content\/uploads\/2022\/02\/Words-of-Peace-logo-website61x252.png","contentUrl":"https:\/\/wopg.org\/wp-content\/uploads\/2022\/02\/Words-of-Peace-logo-website61x252.png","width":252,"height":61,"caption":"Words of Peace"},"image":{"@id":"https:\/\/www.wopg.org\/es\/#\/schema\/logo\/image\/"},"sameAs":["https:\/\/www.facebook.com\/wordsofpeaceglobal","https:\/\/x.com\/wopg","https:\/\/www.instagram.com\/wopgofficial\/"]},{"@type":"Person","@id":"https:\/\/www.wopg.org\/es\/#\/schema\/person\/c495a5aacd2a074ce031b7fa6625b3af","name":"Roberto","image":{"@type":"ImageObject","inLanguage":"es","@id":"https:\/\/secure.gravatar.com\/avatar\/3a2423ab531630d32d946fa10acea4a736bd03feede76ddcc150434c8458228b?s=96&d=mm&r=g","url":"https:\/\/secure.gravatar.com\/avatar\/3a2423ab531630d32d946fa10acea4a736bd03feede76ddcc150434c8458228b?s=96&d=mm&r=g","contentUrl":"https:\/\/secure.gravatar.com\/avatar\/3a2423ab531630d32d946fa10acea4a736bd03feede76ddcc150434c8458228b?s=96&d=mm&r=g","caption":"Roberto"},"url":"https:\/\/www.wopg.org\/es\/author\/roberto\/"}]}},"_links":{"self":[{"href":"https:\/\/www.wopg.org\/es\/wp-json\/wp\/v2\/posts\/43192","targetHints":{"allow":["GET"]}}],"collection":[{"href":"https:\/\/www.wopg.org\/es\/wp-json\/wp\/v2\/posts"}],"about":[{"href":"https:\/\/www.wopg.org\/es\/wp-json\/wp\/v2\/types\/post"}],"author":[{"embeddable":true,"href":"https:\/\/www.wopg.org\/es\/wp-json\/wp\/v2\/users\/14"}],"replies":[{"embeddable":true,"href":"https:\/\/www.wopg.org\/es\/wp-json\/wp\/v2\/comments?post=43192"}],"version-history":[{"count":39,"href":"https:\/\/www.wopg.org\/es\/wp-json\/wp\/v2\/posts\/43192\/revisions"}],"predecessor-version":[{"id":43400,"href":"https:\/\/www.wopg.org\/es\/wp-json\/wp\/v2\/posts\/43192\/revisions\/43400"}],"wp:featuredmedia":[{"embeddable":true,"href":"https:\/\/www.wopg.org\/es\/wp-json\/wp\/v2\/media\/42706"}],"wp:attachment":[{"href":"https:\/\/www.wopg.org\/es\/wp-json\/wp\/v2\/media?parent=43192"}],"wp:term":[{"taxonomy":"category","embeddable":true,"href":"https:\/\/www.wopg.org\/es\/wp-json\/wp\/v2\/categories?post=43192"},{"taxonomy":"post_tag","embeddable":true,"href":"https:\/\/www.wopg.org\/es\/wp-json\/wp\/v2\/tags?post=43192"},{"taxonomy":"post_folder","embeddable":true,"href":"https:\/\/www.wopg.org\/es\/wp-json\/wp\/v2\/post_folder?post=43192"}],"curies":[{"name":"wp","href":"https:\/\/api.w.org\/{rel}","templated":true}]}}