{"id":46923,"date":"2026-02-20T18:23:26","date_gmt":"2026-02-20T18:23:26","guid":{"rendered":"https:\/\/www.wopg.org\/?p=46923"},"modified":"2026-03-01T09:18:31","modified_gmt":"2026-03-01T09:18:31","slug":"prem-rawat-en-fort-lauderdale","status":"publish","type":"post","link":"https:\/\/www.wopg.org\/es\/prem-rawat-en-fort-lauderdale\/","title":{"rendered":"28 de febrero de 2026 &#8211; Prem Rawat en Fort Lauderdale"},"content":{"rendered":"<p>[et_pb_section fb_built=\u00bb1&#8243; _builder_version=\u00bb4.17.4&#8243; _module_preset=\u00bbdefault\u00bb custom_margin=\u00bb-50px||||false|false\u00bb custom_padding=\u00bb0px||0px||false|false\u00bb global_colors_info=\u00bb{}\u00bb][et_pb_row _builder_version=\u00bb4.17.4&#8243; _module_preset=\u00bbdefault\u00bb custom_padding=\u00bb0px||||false|false\u00bb global_colors_info=\u00bb{}\u00bb][et_pb_column type=\u00bb4_4&#8243; _builder_version=\u00bb4.17.4&#8243; _module_preset=\u00bbdefault\u00bb global_colors_info=\u00bb{}\u00bb][et_pb_text _builder_version=\u00bb4.27.4&#8243; _module_preset=\u00bbdefault\u00bb global_colors_info=\u00bb{}\u00bb]<\/p>\n<h6 style=\"text-align: center;\">Foto por cortes\u00eda de TimelessToday<\/h6>\n<p>[\/et_pb_text][\/et_pb_column][\/et_pb_row][\/et_pb_section][et_pb_section fb_built=\u00bb1&#8243; disabled_on=\u00bboff|off|off\u00bb admin_label=\u00bbFull event details\u00bb _builder_version=\u00bb4.27.2&#8243; _module_preset=\u00bbdefault\u00bb custom_padding=\u00bb0px||||false|false\u00bb locked=\u00bboff\u00bb collapsed=\u00bboff\u00bb global_colors_info=\u00bb{}\u00bb][et_pb_row _builder_version=\u00bb4.21.0&#8243; _module_preset=\u00bbdefault\u00bb custom_padding=\u00bb0px||||false|false\u00bb custom_css_main_element=\u00bbdisplay: flex;||flex-wrap: wrap;||justify-content: center;\u00bb global_colors_info=\u00bb{}\u00bb][et_pb_column type=\u00bb4_4&#8243; _builder_version=\u00bb4.21.0&#8243; _module_preset=\u00bbdefault\u00bb global_colors_info=\u00bb{}\u00bb][et_pb_text admin_label=\u00bbWHEN AND WHERE\u00bb _builder_version=\u00bb4.27.5&#8243; _module_preset=\u00bbdefault\u00bb header_2_text_align=\u00bbleft\u00bb header_3_text_align=\u00bbleft\u00bb hover_enabled=\u00bb0&#8243; header_2_text_align_tablet=\u00bbleft\u00bb header_2_text_align_phone=\u00bbcenter\u00bb header_2_text_align_last_edited=\u00bbon|desktop\u00bb header_2_font_size_tablet=\u00bb\u00bb header_2_font_size_phone=\u00bb2em\u00bb header_2_font_size_last_edited=\u00bbon|desktop\u00bb header_3_text_align_tablet=\u00bbleft\u00bb header_3_text_align_phone=\u00bbcenter\u00bb header_3_text_align_last_edited=\u00bbon|desktop\u00bb header_3_font_size_phone=\u00bb1.1em\u00bb custom_css_free_form=\u00bb.selector .et_pb_text_inner h2 {||  margin-bottom: 3px;||}||||.selector .et_pb_text_inner h3 {||  margin-bottom: 1.5rem;||}\u00bb global_colors_info=\u00bb{}\u00bb content__hover_enabled=\u00bboff|desktop\u00bb sticky_enabled=\u00bb0&#8243;]<\/p>\n<p><em>Lea atentamente esta p\u00e1gina para obtener informaci\u00f3n importante sobre el pr\u00f3ximo evento. Cons\u00faltela si planea asistir.<\/em><\/p>\n<p><\/p>\n<p><span style=\"color: #ff0000;\"><strong>Entradas agotadas.<\/strong><\/span><\/p>\n<p><\/p>\n<h4>CU\u00c1NDO Y D\u00d3NDE<\/h4>\n<p><\/p>\n<p><strong>Fecha:<\/strong> <span style=\"font-weight: 400;\"> s\u00e1bado, 28 de febrero de 2026<\/span><\/p>\n<p><\/p>\n<p><strong>Hora:<\/strong><span style=\"font-weight: 400;\"> el evento comienza a las 17:00 h EST (hora del este). Las puertas del vest\u00edbulo se abrir\u00e1n a las 15:30 h. La hora de finalizaci\u00f3n es aproximadamente a las 19:00 h.<\/span><\/p>\n<p><\/p>\n<p><strong>Lugar:<\/strong><span style=\"font-weight: 400;\"> <a href=\"https:\/\/www.marriott.com\/en-us\/hotels\/flllw-the-westin-fort-lauderdale-beach-resort\/overview\/?scid=f2ae0541-1279-4f24-b197-a979c79310b0\" target=\"_blank\" rel=\"noopener\"> The Westin Resort Convention Center. Las Olas Ballroom<\/a><\/span> El Centro de Convenciones est\u00e1 conectado mediante un puente a: The Westin Fort Lauderdale Beach Resort.<\/p>\n<p><\/p>\n<p><strong>Direcci\u00f3n:<\/strong> <span style=\"font-weight: 400;\">3030 Granada St., Fort Lauderdale, FL 33304<\/span><\/p>\n<p><\/p>\n<p><a href=\"https:\/\/maps.app.goo.gl\/v7YYdRxuAZAMDeDY6\" target=\"_blank\" rel=\"noopener\">C\u00f3mo llegar, estacionamiento y transporte p\u00fablico (enlace)<\/a><\/p>\n<p><\/p>\n<p>El estacionamiento sin asistencia est\u00e1 disponible para los asistentes en el Westin Fort Lauderdale Beach Resort.<\/p>\n<p><\/p>\n<p>El servicio de aparcacoches en el Centro de Convenciones est\u00e1 a una distancia considerable y no se recomienda para personas discapacitadas o de edad avanzada.<\/p>\n<p><\/p>\n<p class=\"p1\"><strong>Estacionamiento con Aparcacoches<br \/><\/strong>$20*<br \/>Nocturno $35*<br \/>Se puede llenar r\u00e1pidamente<\/p>\n<p><\/p>\n<p class=\"p1\"><strong>Estacionamiento sin Servicio de Aparcacoches<br \/><\/strong>S\u00e1bado a partir de las 14:00<br \/>Domingo a partir de las 7:00<strong><br \/><\/strong>$20 * (Pagar al llegar)<br \/>Sin entradas ni salidas<br \/>Se puede llenar r\u00e1pidamente<\/p>\n<p><\/p>\n<p class=\"p1\">*Las tarifas con descuento se aplican UNA HORA Y MEDIA antes de la hora de comienzo de los eventos\/meetings.<\/p>\n<p><\/p>\n<p class=\"p1\"><strong>Direcci\u00f3n del garaje de estacionamiento:<\/strong><br \/>3030 Granada Street<br \/>Fort Lauderdale, FL<span class=\"Apple-converted-space\">\u00a0\u00a0<\/span>33304<\/p>\n<p><\/p>\n<p><strong>Aeropuerto Internacional de Fort Lauderdale-Hollywood<\/strong> <br \/>Distancia del hotel: 9.9 km <br \/>Tel\u00e9fono: +1 866-435-9355 <br \/><a href=\"https:\/\/www.broward.org\/airport\/Pages\/Default.aspx\" target=\"_blank\" rel=\"noopener\">Visite el sitio web<\/a><\/p>\n<p><\/p>\n<p><strong>Aeropuerto Internacional de Miami<\/strong> <br \/>Distancia del hotel: 51.9 km <br \/>Tel\u00e9fono: +1 305-876-7000 <br \/><a href=\"https:\/\/www.miami-airport.com\/\" target=\"_blank\" rel=\"noopener\">Visite el sitio web<\/a><\/p>\n<p><\/p>\n<p><strong>Otros medios de transporte<\/strong> <br \/>Cerca: Estaci\u00f3n de autobuses: <br \/><a href=\"https:\/\/www.broward.org\/bct\/Pages\/default.aspx\" target=\"_blank\" rel=\"noopener\">Transporte p\u00fablico del condado de Broward<\/a><\/p>\n<p><\/p>\n<p><strong>Estaci\u00f3n de tren:<\/strong> <br \/><a href=\"https:\/\/www.amtrak.com\/stations\/ftl\" target=\"_blank\" rel=\"noopener\">Estaci\u00f3n de tren Amtrak <\/a> <br \/><a href=\"https:\/\/gobrightline.com\/\" target=\"_blank\" rel=\"noopener\">Estaci\u00f3n de tren de Brightline <\/a><\/p>\n<p>[\/et_pb_text][et_pb_text admin_label=\u00bbWHO IS INVITED\u00bb _builder_version=\u00bb4.27.5&#8243; _module_preset=\u00bbdefault\u00bb global_colors_info=\u00bb{}\u00bb]<\/p>\n<h4>\u00bfQUI\u00c9N EST\u00c1 INVITADO?<\/h4>\n<p><\/p>\n<p>Cualquier persona interesada en Prem Rawat y su mensaje es bienvenida a asistir<br \/>.<\/p>\n<p>[\/et_pb_text][et_pb_text admin_label=\u00bbWHO IS INVITED &#8211; CHILDREN\u00bb _builder_version=\u00bb4.27.5&#8243; _module_preset=\u00bbdefault\u00bb global_colors_info=\u00bb{}\u00bb]<\/p>\n<h4>NI\u00d1OS<\/h4>\n<p><\/p>\n<p>Este evento no es apto para menores de 10 a\u00f1os.<\/p>\n<p>[\/et_pb_text][et_pb_text quote_border_color=\u00bb#008B73&#8243; disabled_on=\u00bbon|on|on\u00bb admin_label=\u00bbPURCHASE OF TICKETS\u00bb _builder_version=\u00bb4.27.5&#8243; _module_preset=\u00bbdefault\u00bb quote_font=\u00bb|700|on||||||\u00bb disabled=\u00bbon\u00bb global_colors_info=\u00bb{}\u00bb]<\/p>\n<h4>ENTRADAS<\/h4>\n<p><\/p>\n<blockquote>\n<p><em><strong>Con este evento, lanzamos un nuevo sistema global de inscripci\u00f3n a eventos. <a href=\"https:\/\/iger.lovable.app\" target=\"_blank\" rel=\"noopener\">Ya puede registrarse aqu\u00ed para obtener una cuenta gratuita<\/a>. Es r\u00e1pido y sencillo, y agilizar\u00e1 la compra de entradas para este y muchos otros eventos futuros.<\/strong><\/em><\/p>\n<\/blockquote>\n<p><\/p>\n<p><strong>Las entradas saldr\u00e1n a la venta el domingo 22 de febrero a las 11:00 a. m. EST<\/strong>.<\/p>\n<p>[\/et_pb_text][et_pb_text quote_border_color=\u00bb#008B73&#8243; admin_label=\u00bbPURCHASE OF TICKETS\u00bb _builder_version=\u00bb4.27.5&#8243; _module_preset=\u00bbdefault\u00bb quote_font=\u00bb|700|on||||||\u00bb global_colors_info=\u00bb{}\u00bb]<\/p>\n<h4>ENTRADAS<\/h4>\n<p>[\/et_pb_text][et_pb_text quote_border_color=\u00bb#008B73&#8243; admin_label=\u00bbPURCHASE OF TICKETS\u00bb _builder_version=\u00bb4.27.5&#8243; _module_preset=\u00bbdefault\u00bb quote_font=\u00bb|700|on||||||\u00bb custom_padding=\u00bb0px||0px|20px|false|false\u00bb border_width_left=\u00bb5px\u00bb border_color_left=\u00bb#008B73&#8243; global_colors_info=\u00bb{}\u00bb]<\/p>\n<p><em><strong>Con este evento, lanzamos un nuevo sistema global de inscripci\u00f3n a eventos. <a href=\"https:\/\/iger.lovable.app\" target=\"_blank\" rel=\"noopener\">Ya puede registrarse aqu\u00ed para obtener una cuenta gratuita<\/a>. Es r\u00e1pido y sencillo, y agilizar\u00e1 la compra de entradas para este y muchos otros eventos futuros.<\/strong><\/em><\/p>\n<p>[\/et_pb_text][et_pb_text quote_border_color=\u00bb#008B73&#8243; admin_label=\u00bbPURCHASE OF TICKETS\u00bb _builder_version=\u00bb4.27.5&#8243; _module_preset=\u00bbdefault\u00bb quote_font=\u00bb|700|on||||||\u00bb custom_margin=\u00bb||0px||false|false\u00bb global_colors_info=\u00bb{}\u00bb]<\/p>\n<p><strong>Las entradas saldr\u00e1n a la venta el domingo 22 de febrero a las 11:00 a. m. EST<\/strong>.<\/p>\n<p>[\/et_pb_text][et_pb_button button_url=\u00bbhttps:\/\/iger.lovable.app\/\u00bb url_new_window=\u00bbon\u00bb button_text=\u00bbEntradas\u00bb button_alignment=\u00bbcenter\u00bb disabled_on=\u00bboff|off|off\u00bb admin_label=\u00bbButton &#8211; ticketing site\u00bb _builder_version=\u00bb4.27.5&#8243; _module_preset=\u00bbdefault\u00bb custom_button=\u00bbon\u00bb button_bg_color=\u00bb#008B73&#8243; button_border_width=\u00bb0px\u00bb button_border_radius=\u00bb8px\u00bb background_layout=\u00bbdark\u00bb custom_padding=\u00bb10px|49px|10px|49px|true|true\u00bb global_colors_info=\u00bb{}\u00bb][\/et_pb_button][et_pb_text disabled_on=\u00bboff|off|off\u00bb _builder_version=\u00bb4.27.5&#8243; _module_preset=\u00bbdefault\u00bb text_orientation=\u00bbcenter\u00bb locked=\u00bboff\u00bb global_colors_info=\u00bb{}\u00bb]<\/p>\n<p style=\"text-align: left;\"><span style=\"font-weight: 400;\">Al entrar al recinto, recuerde tener a la vista su entrada impresa o su entrada electr\u00f3nica en su tel\u00e9fono, con el c\u00f3digo QR visible.<\/span><\/p>\n<p><\/p>\n<p style=\"text-align: left;\"><span style=\"font-weight: 400;\">Si por alg\u00fan motivo no puede comprar una entrada, por favor, escriba a <a href=\"mailto:us-events@wopg.org\" target=\"_blank\" rel=\"noopener\">us-events@wopg.org<\/a><\/span>.<\/p>\n<p>[\/et_pb_text][et_pb_text admin_label=\u00bbTicket Prices\u00bb _builder_version=\u00bb4.27.5&#8243; _module_preset=\u00bbdefault\u00bb locked=\u00bboff\u00bb global_colors_info=\u00bb{}\u00bb]<\/p>\n<p><strong>Precio de las entradas<\/strong><\/p>\n<p><\/p>\n<ul>\n<li class=\"p1\">150 USD + gastos de procesamiento<\/li>\n<li class=\"p1\">\u200295 USD + gastos de procesamiento<\/li>\n<li class=\"p1\">\u200245 USD + gastos de procesamiento<\/li>\n<li style=\"list-style-type: none;\">\u00a0<\/li>\n<\/ul>\n<p><\/p>\n<p><span style=\"font-weight: 400;\">Cada persona podr\u00e1 comprar <\/span><b>4 asientos<\/b><span style=\"font-weight: 400;\">. Pero, por favor, compre solo los asientos que sepa que se utilizar\u00e1n.<\/span><\/p>\n<p><\/p>\n<p><strong>Por razones log\u00edsticas, por favor, tome asiento 10 minutos antes del inicio del evento. Quienes lleguen tarde se sentar\u00e1n al fondo de la sala para evitar distracciones.<\/strong><\/p>\n<p>[\/et_pb_text][et_pb_text disabled_on=\u00bbon|on|on\u00bb _builder_version=\u00bb4.27.5&#8243; _module_preset=\u00bbdefault\u00bb disabled=\u00bbon\u00bb global_colors_info=\u00bb{}\u00bb]<\/p>\n<p style=\"text-align: center;\"><strong>Las entradas se pueden solicitar a trav\u00e9s del bot\u00f3n que aparece a continuaci\u00f3n:<\/strong><\/p>\n<p>[\/et_pb_text][et_pb_button button_url=\u00bb#\u00bb button_text=\u00bbNo quedan entradas\u00bb button_alignment=\u00bbcenter\u00bb disabled_on=\u00bbon|on|on\u00bb admin_label=\u00bbSold Out button\u00bb _builder_version=\u00bb4.27.4&#8243; _module_preset=\u00bbdefault\u00bb custom_button=\u00bbon\u00bb button_bg_color=\u00bb#E02B20&#8243; button_border_width=\u00bb0px\u00bb button_border_radius=\u00bb8px\u00bb background_layout=\u00bbdark\u00bb custom_padding=\u00bb10px|58px|10px|58px|true|true\u00bb disabled=\u00bbon\u00bb global_colors_info=\u00bb{}\u00bb][\/et_pb_button][et_pb_button button_url=\u00bb#soon\u00bb button_text=\u00bbEntradas disponibles pr\u00f3ximamente\u00bb button_alignment=\u00bbcenter\u00bb disabled_on=\u00bbon|on|on\u00bb admin_label=\u00bbSoon Available button\u00bb module_id=\u00bbsoon\u00bb _builder_version=\u00bb4.27.4&#8243; _module_preset=\u00bbdefault\u00bb custom_button=\u00bbon\u00bb button_text_color=\u00bb#FFFFFF\u00bb button_bg_color=\u00bbRGBA(255,196,89,0.8)\u00bb button_border_width=\u00bb0px\u00bb button_border_radius=\u00bb8px\u00bb background_layout=\u00bbdark\u00bb custom_padding=\u00bb10px|30px|10px|30px|true|true\u00bb disabled=\u00bbon\u00bb global_colors_info=\u00bb{}\u00bb][\/et_pb_button][et_pb_text admin_label=\u00bbDO NOT RECORD OR FILM THE EVENT\u00bb _builder_version=\u00bb4.27.5&#8243; _module_preset=\u00bbdefault\u00bb locked=\u00bboff\u00bb global_colors_info=\u00bb{}\u00bb]<\/p>\n<h4>NO GRABAR NI FILMAR EL EVENTO<\/h4>\n<p><\/p>\n<p>La grabaci\u00f3n oficial est\u00e1 protegida por derechos de autor. Si se descubre que alguien est\u00e1 grabando, se le pedir\u00e1 que deje de hacerlo. Si contin\u00faa, se le expulsar\u00e1 del recinto.<\/p>\n<p><\/p>\n<p>El evento ser\u00e1 filmado. La compra de un boleto implica su consentimiento para ser filmado y la autorizaci\u00f3n para que su imagen\/voz se incluya en medios impresos, redes sociales, fotograf\u00edas, audio, video u otros. Si compra un boleto para otra persona, su asistencia al evento constituye el mismo acuerdo y autorizaci\u00f3n.<\/p>\n<p><\/p>\n<p><strong>Se realizar\u00e1 un control de seguridad al entrar al edificio. No se permite equipaje, mochilas ni bolsos de gran tama\u00f1o dentro del recinto.<\/strong>.<\/p>\n<p><\/p>\n<p><em><strong>Nota:<\/strong> Se recomienda no planificar su viaje hasta haber comprado sus entradas, ya que el n\u00famero de personas que solicitan asientos podr\u00eda exceder la capacidad del recinto<\/em>.<\/p>\n<p><\/p>\n<p><em><strong>Viajeros del extranjero:<\/strong> No hay restricciones de viaje a Estados Unidos; sin embargo, les rogamos que consulten los requisitos de viaje vigentes que puedan afectarles<\/em>.<\/p>\n<p>[\/et_pb_text][et_pb_accordion open_toggle_background_color=\u00bbRGBA(255,255,255,0)\u00bb icon_color=\u00bb#008B73&#8243; use_icon_font_size=\u00bbon\u00bb icon_font_size=\u00bb20px\u00bb _builder_version=\u00bb4.27.5&#8243; _module_preset=\u00bbdefault\u00bb border_color_all=\u00bbRGBA(255,255,255,0)\u00bb border_color_bottom=\u00bb#008B73&#8243; global_colors_info=\u00bb{}\u00bb][et_pb_accordion_item title=\u00bbAYUDA PARA LA COMPRA DE ENTRADAS\u00bb open=\u00bbon\u00bb _builder_version=\u00bb4.27.5&#8243; _module_preset=\u00bbdefault\u00bb global_colors_info=\u00bb{}\u00bb]<\/p>\n<p>Las entradas en l\u00ednea se pueden comprar tanto desde computadoras como desde dispositivos m\u00f3viles. Se recomienda borrar el historial de su navegador antes de comenzar la compra.<\/p>\n<p><\/p>\n<p>Podr\u00eda experimentar problemas durante el proceso de compra de entradas en l\u00ednea. Una alta demanda puede generar un mensaje autom\u00e1tico que indique \u00abno hay asientos disponibles\u00bb, lo que no significa que el evento est\u00e9 agotado.<\/p>\n<p><\/p>\n<p>Tenga en cuenta lo siguiente:<br \/>\u2013 Consulte en <a href=\"https:\/\/www.wopg.org\/es\/\">www.wopg.org<\/a>\u00a0si el evento est\u00e1 agotado.<br \/>\u2013 Espere unos instantes y vuelva a empezar.<br \/>\u2013 Int\u00e9ntelo de nuevo en otro dispositivo.<br \/>\u2013 Si no tiene \u00e9xito, env\u00ede un correo electr\u00f3nico a <a href=\"mailto:us-events@wopg.org\" target=\"_blank\" rel=\"noopener\">us-events@wopg.org<\/a>.<\/p>\n<p>[\/et_pb_accordion_item][et_pb_accordion_item title=\u00bbENTRADAS AGOTADAS\u00bb _builder_version=\u00bb4.27.5&#8243; _module_preset=\u00bbdefault\u00bb global_colors_info=\u00bb{}\u00bb open=\u00bboff\u00bb]<\/p>\n<p>Todas las entradas devueltas vuelven al sistema autom\u00e1ticamente. Puede volver a comprobar el plano de asientos en cualquier momento, por si se a\u00f1adieran m\u00e1s asientos disponibles.<\/p>\n<p>[\/et_pb_accordion_item][et_pb_accordion_item title=\u00bbDEVOLUCI\u00d3N DE ENTRADAS NO UTILIZADAS\u00bb _builder_version=\u00bb4.27.5&#8243; _module_preset=\u00bbdefault\u00bb global_colors_info=\u00bb{}\u00bb open=\u00bboff\u00bb]<\/p>\n<p>Si sus planes cambian y tiene una entrada sin usar, por favor env\u00ede una foto de su entrada o su nombre, fila y n\u00famero de asiento a <a href=\"mailto:us-events@wopg.org\" target=\"_blank\" rel=\"noopener\">us-events@wopg.org<\/a>.<\/p>\n<p><\/p>\n<p>Si al intentar comprar su entradas se encuentran agotadas, vuelva a intentarlo unas horas despues. Puede que haya nuevas entradas disponibles.<\/p>\n<p><\/p>\n<p class=\"p1\">Todas las entradas devueltas vuelven al sistema autom\u00e1ticamente. Puede volver a comprobar el plano de asientos en cualquier momento, por si se a\u00f1adieran m\u00e1s asientos disponibles.<\/p>\n<p>[\/et_pb_accordion_item][et_pb_accordion_item title=\u00bbNECESIDADES ESPECIALES\u00bb _builder_version=\u00bb4.27.5&#8243; _module_preset=\u00bbdefault\u00bb global_colors_info=\u00bb{}\u00bb open=\u00bboff\u00bb]<\/p>\n<p>Se brindar\u00e1 apoyo a personas en silla de ruedas.<\/p>\n<p><\/p>\n<p>Si tiene alguna dificultad para comprar una plaza para silla de ruedas o un asiento para acompa\u00f1ante, env\u00ede un correo electr\u00f3nico a <a href=\"mailto:us-events@wopg.org\" target=\"_blank\" rel=\"noopener\">us-events@wopg.org<\/a>.<\/p>\n<p><\/p>\n<p>Si tiene dificultades auditivas, habr\u00e1 un canal en ingl\u00e9s amplificado. Habr\u00e1 auriculares disponibles en el vest\u00edbulo, previa solicitud de una identificaci\u00f3n.<\/p>\n<p>[\/et_pb_accordion_item][et_pb_accordion_item title=\u00bbTRADUCCI\u00d3N\u00bb _builder_version=\u00bb4.27.5&#8243; _module_preset=\u00bbdefault\u00bb global_colors_info=\u00bb{}\u00bb open=\u00bboff\u00bb]<\/p>\n<p>El evento se realizar\u00e1 en ingl\u00e9s. Se proporcionar\u00e1 traducci\u00f3n al espa\u00f1ol.<\/p>\n<p><\/p>\n<p>Habr\u00e1 auriculares disponibles en el vest\u00edbulo, previa solicitud de una identificaci\u00f3n.<\/p>\n<p>[\/et_pb_accordion_item][et_pb_accordion_item title=\u00bbEQUIPAJE\u00bb _builder_version=\u00bb4.27.5&#8243; _module_preset=\u00bbdefault\u00bb global_colors_info=\u00bb{}\u00bb open=\u00bboff\u00bb]<\/p>\n<p class=\"p1\">No se permite equipaje, mochilas ni bolsos de gran tama\u00f1o dentro del recinto.<\/p>\n<p><\/p>\n<p class=\"p1\">No hay guardarropa disponible.<\/p>\n<p>[\/et_pb_accordion_item][et_pb_accordion_item title=\u00bbAYUDA\u00bb _builder_version=\u00bb4.27.5&#8243; _module_preset=\u00bbdefault\u00bb global_colors_info=\u00bb{}\u00bb open=\u00bboff\u00bb]<\/p>\n<p>\u00bfNecesita ayuda?<\/p>\n<p><\/p>\n<p>Env\u00ede un correo electr\u00f3nico a <a href=\"mailto:us-events@wopg.org\" target=\"_blank\" rel=\"noopener\">us-events@wopg.org<\/a>.<\/p>\n<p>[\/et_pb_accordion_item][\/et_pb_accordion][\/et_pb_column][\/et_pb_row][et_pb_row _builder_version=\u00bb4.21.0&#8243; _module_preset=\u00bbdefault\u00bb global_colors_info=\u00bb{}\u00bb][et_pb_column type=\u00bb4_4&#8243; _builder_version=\u00bb4.21.0&#8243; _module_preset=\u00bbdefault\u00bb global_colors_info=\u00bb{}\u00bb][et_pb_text admin_label=\u00bbSign up here\u00bb _builder_version=\u00bb4.27.5&#8243; _module_preset=\u00bbdefault\u00bb global_colors_info=\u00bb{}\u00bb]<\/p>\n<p>Para recibir anuncios y actualizaciones sobre futuros eventos con Prem Rawat, le recomendamos suscribirse a la lista de correo de WOPG con su correo electr\u00f3nico y pa\u00eds de residencia. Reg\u00edstrese a continuaci\u00f3n.<\/p>\n<p>[\/et_pb_text][\/et_pb_column][\/et_pb_row][\/et_pb_section]<\/p>\n","protected":false},"excerpt":{"rendered":"<p>Foto por cortes\u00eda de TimelessTodayLea atentamente esta p\u00e1gina para obtener informaci\u00f3n importante sobre el pr\u00f3ximo evento. Cons\u00faltela si planea asistir.Entradas agotadas.CU\u00c1NDO Y D\u00d3NDEFecha: s\u00e1bado, 28 de febrero de 2026Hora: el evento comienza a las 17:00 h EST (hora del este). Las puertas del vest\u00edbulo se abrir\u00e1n a las 15:30 h. La hora de finalizaci\u00f3n es [&hellip;]<\/p>\n","protected":false},"author":14,"featured_media":46877,"comment_status":"closed","ping_status":"closed","sticky":false,"template":"","format":"standard","meta":{"_et_pb_use_builder":"on","_et_pb_old_content":"","_et_gb_content_width":"","cybocfi_hide_featured_image":"","footnotes":""},"categories":[75],"tags":[],"post_folder":[],"class_list":["post-46923","post","type-post","status-publish","format-standard","has-post-thumbnail","hentry","category-recent"],"yoast_head":"<!-- This site is optimized with the Yoast SEO plugin v27.3 - https:\/\/yoast.com\/product\/yoast-seo-wordpress\/ -->\n<title>28 de febrero de 2026 - Prem Rawat en Fort Lauderdale | Words of Peace<\/title>\n<meta name=\"robots\" content=\"index, follow, max-snippet:-1, max-image-preview:large, max-video-preview:-1\" \/>\n<link rel=\"canonical\" href=\"https:\/\/www.wopg.org\/es\/prem-rawat-en-fort-lauderdale\/\" \/>\n<meta property=\"og:locale\" content=\"es_ES\" \/>\n<meta property=\"og:type\" content=\"article\" \/>\n<meta property=\"og:title\" content=\"28 de febrero de 2026 - Prem Rawat en Fort Lauderdale | Words of Peace\" \/>\n<meta property=\"og:description\" content=\"Foto por cortes\u00eda de TimelessTodayLea atentamente esta p\u00e1gina para obtener informaci\u00f3n importante sobre el pr\u00f3ximo evento. Cons\u00faltela si planea asistir.Entradas agotadas.CU\u00c1NDO Y D\u00d3NDEFecha: s\u00e1bado, 28 de febrero de 2026Hora: el evento comienza a las 17:00 h EST (hora del este). Las puertas del vest\u00edbulo se abrir\u00e1n a las 15:30 h. La hora de finalizaci\u00f3n es [&hellip;]\" \/>\n<meta property=\"og:url\" content=\"https:\/\/www.wopg.org\/es\/prem-rawat-en-fort-lauderdale\/\" \/>\n<meta property=\"og:site_name\" content=\"Words of Peace\" \/>\n<meta property=\"article:publisher\" content=\"https:\/\/www.facebook.com\/wordsofpeaceglobal\" \/>\n<meta property=\"article:published_time\" content=\"2026-02-20T18:23:26+00:00\" \/>\n<meta property=\"article:modified_time\" content=\"2026-03-01T09:18:31+00:00\" \/>\n<meta property=\"og:image\" content=\"https:\/\/eadn-wc03-5903292.nxedge.io\/wp-content\/uploads\/2026\/02\/251018_Colombo_wms_083-lowres_1080x608.jpg\" \/>\n\t<meta property=\"og:image:width\" content=\"1080\" \/>\n\t<meta property=\"og:image:height\" content=\"608\" \/>\n\t<meta property=\"og:image:type\" content=\"image\/jpeg\" \/>\n<meta name=\"author\" content=\"Roberto\" \/>\n<meta name=\"twitter:card\" content=\"summary_large_image\" \/>\n<meta name=\"twitter:creator\" content=\"@wopg\" \/>\n<meta name=\"twitter:site\" content=\"@wopg\" \/>\n<meta name=\"twitter:label1\" content=\"Escrito por\" \/>\n\t<meta name=\"twitter:data1\" content=\"Roberto\" \/>\n\t<meta name=\"twitter:label2\" content=\"Tiempo de lectura\" \/>\n\t<meta name=\"twitter:data2\" content=\"10 minutos\" \/>\n<script type=\"application\/ld+json\" class=\"yoast-schema-graph\">{\"@context\":\"https:\\\/\\\/schema.org\",\"@graph\":[{\"@type\":\"Article\",\"@id\":\"https:\\\/\\\/www.wopg.org\\\/es\\\/prem-rawat-en-fort-lauderdale\\\/#article\",\"isPartOf\":{\"@id\":\"https:\\\/\\\/www.wopg.org\\\/es\\\/prem-rawat-en-fort-lauderdale\\\/\"},\"author\":{\"name\":\"Roberto\",\"@id\":\"https:\\\/\\\/www.wopg.org\\\/es\\\/#\\\/schema\\\/person\\\/c495a5aacd2a074ce031b7fa6625b3af\"},\"headline\":\"28 de febrero de 2026 &#8211; Prem Rawat en Fort Lauderdale\",\"datePublished\":\"2026-02-20T18:23:26+00:00\",\"dateModified\":\"2026-03-01T09:18:31+00:00\",\"mainEntityOfPage\":{\"@id\":\"https:\\\/\\\/www.wopg.org\\\/es\\\/prem-rawat-en-fort-lauderdale\\\/\"},\"wordCount\":2071,\"publisher\":{\"@id\":\"https:\\\/\\\/www.wopg.org\\\/es\\\/#organization\"},\"image\":{\"@id\":\"https:\\\/\\\/www.wopg.org\\\/es\\\/prem-rawat-en-fort-lauderdale\\\/#primaryimage\"},\"thumbnailUrl\":\"https:\\\/\\\/www.wopg.org\\\/wp-content\\\/uploads\\\/2026\\\/02\\\/251018_Colombo_wms_083-lowres_1080x608.jpg\",\"articleSection\":[\"Recent\"],\"inLanguage\":\"es\"},{\"@type\":\"WebPage\",\"@id\":\"https:\\\/\\\/www.wopg.org\\\/es\\\/prem-rawat-en-fort-lauderdale\\\/\",\"url\":\"https:\\\/\\\/www.wopg.org\\\/es\\\/prem-rawat-en-fort-lauderdale\\\/\",\"name\":\"28 de febrero de 2026 - Prem Rawat en Fort Lauderdale | Words of Peace\",\"isPartOf\":{\"@id\":\"https:\\\/\\\/www.wopg.org\\\/es\\\/#website\"},\"primaryImageOfPage\":{\"@id\":\"https:\\\/\\\/www.wopg.org\\\/es\\\/prem-rawat-en-fort-lauderdale\\\/#primaryimage\"},\"image\":{\"@id\":\"https:\\\/\\\/www.wopg.org\\\/es\\\/prem-rawat-en-fort-lauderdale\\\/#primaryimage\"},\"thumbnailUrl\":\"https:\\\/\\\/www.wopg.org\\\/wp-content\\\/uploads\\\/2026\\\/02\\\/251018_Colombo_wms_083-lowres_1080x608.jpg\",\"datePublished\":\"2026-02-20T18:23:26+00:00\",\"dateModified\":\"2026-03-01T09:18:31+00:00\",\"breadcrumb\":{\"@id\":\"https:\\\/\\\/www.wopg.org\\\/es\\\/prem-rawat-en-fort-lauderdale\\\/#breadcrumb\"},\"inLanguage\":\"es\",\"potentialAction\":[{\"@type\":\"ReadAction\",\"target\":[\"https:\\\/\\\/www.wopg.org\\\/es\\\/prem-rawat-en-fort-lauderdale\\\/\"]}]},{\"@type\":\"ImageObject\",\"inLanguage\":\"es\",\"@id\":\"https:\\\/\\\/www.wopg.org\\\/es\\\/prem-rawat-en-fort-lauderdale\\\/#primaryimage\",\"url\":\"https:\\\/\\\/www.wopg.org\\\/wp-content\\\/uploads\\\/2026\\\/02\\\/251018_Colombo_wms_083-lowres_1080x608.jpg\",\"contentUrl\":\"https:\\\/\\\/www.wopg.org\\\/wp-content\\\/uploads\\\/2026\\\/02\\\/251018_Colombo_wms_083-lowres_1080x608.jpg\",\"width\":1080,\"height\":608},{\"@type\":\"BreadcrumbList\",\"@id\":\"https:\\\/\\\/www.wopg.org\\\/es\\\/prem-rawat-en-fort-lauderdale\\\/#breadcrumb\",\"itemListElement\":[{\"@type\":\"ListItem\",\"position\":1,\"name\":\"Home\",\"item\":\"https:\\\/\\\/www.wopg.org\\\/es\\\/\"},{\"@type\":\"ListItem\",\"position\":2,\"name\":\"28 de febrero de 2026 &#8211; Prem Rawat en Fort Lauderdale\"}]},{\"@type\":\"WebSite\",\"@id\":\"https:\\\/\\\/www.wopg.org\\\/es\\\/#website\",\"url\":\"https:\\\/\\\/www.wopg.org\\\/es\\\/\",\"name\":\"Words of Peace\",\"description\":\"Practice Peace, Change Your World\",\"publisher\":{\"@id\":\"https:\\\/\\\/www.wopg.org\\\/es\\\/#organization\"},\"potentialAction\":[{\"@type\":\"SearchAction\",\"target\":{\"@type\":\"EntryPoint\",\"urlTemplate\":\"https:\\\/\\\/www.wopg.org\\\/es\\\/?s={search_term_string}\"},\"query-input\":{\"@type\":\"PropertyValueSpecification\",\"valueRequired\":true,\"valueName\":\"search_term_string\"}}],\"inLanguage\":\"es\"},{\"@type\":\"Organization\",\"@id\":\"https:\\\/\\\/www.wopg.org\\\/es\\\/#organization\",\"name\":\"Words of Peace\",\"url\":\"https:\\\/\\\/www.wopg.org\\\/es\\\/\",\"logo\":{\"@type\":\"ImageObject\",\"inLanguage\":\"es\",\"@id\":\"https:\\\/\\\/www.wopg.org\\\/es\\\/#\\\/schema\\\/logo\\\/image\\\/\",\"url\":\"https:\\\/\\\/wopg.org\\\/wp-content\\\/uploads\\\/2022\\\/02\\\/Words-of-Peace-logo-website61x252.png\",\"contentUrl\":\"https:\\\/\\\/wopg.org\\\/wp-content\\\/uploads\\\/2022\\\/02\\\/Words-of-Peace-logo-website61x252.png\",\"width\":252,\"height\":61,\"caption\":\"Words of Peace\"},\"image\":{\"@id\":\"https:\\\/\\\/www.wopg.org\\\/es\\\/#\\\/schema\\\/logo\\\/image\\\/\"},\"sameAs\":[\"https:\\\/\\\/www.facebook.com\\\/wordsofpeaceglobal\",\"https:\\\/\\\/x.com\\\/wopg\",\"https:\\\/\\\/www.instagram.com\\\/wopgofficial\\\/\"]},{\"@type\":\"Person\",\"@id\":\"https:\\\/\\\/www.wopg.org\\\/es\\\/#\\\/schema\\\/person\\\/c495a5aacd2a074ce031b7fa6625b3af\",\"name\":\"Roberto\",\"image\":{\"@type\":\"ImageObject\",\"inLanguage\":\"es\",\"@id\":\"https:\\\/\\\/secure.gravatar.com\\\/avatar\\\/3a2423ab531630d32d946fa10acea4a736bd03feede76ddcc150434c8458228b?s=96&d=mm&r=g\",\"url\":\"https:\\\/\\\/secure.gravatar.com\\\/avatar\\\/3a2423ab531630d32d946fa10acea4a736bd03feede76ddcc150434c8458228b?s=96&d=mm&r=g\",\"contentUrl\":\"https:\\\/\\\/secure.gravatar.com\\\/avatar\\\/3a2423ab531630d32d946fa10acea4a736bd03feede76ddcc150434c8458228b?s=96&d=mm&r=g\",\"caption\":\"Roberto\"},\"url\":\"https:\\\/\\\/www.wopg.org\\\/es\\\/author\\\/roberto\\\/\"}]}<\/script>\n<!-- \/ Yoast SEO plugin. -->","yoast_head_json":{"title":"28 de febrero de 2026 - Prem Rawat en Fort Lauderdale | Words of Peace","robots":{"index":"index","follow":"follow","max-snippet":"max-snippet:-1","max-image-preview":"max-image-preview:large","max-video-preview":"max-video-preview:-1"},"canonical":"https:\/\/www.wopg.org\/es\/prem-rawat-en-fort-lauderdale\/","og_locale":"es_ES","og_type":"article","og_title":"28 de febrero de 2026 - Prem Rawat en Fort Lauderdale | Words of Peace","og_description":"Foto por cortes\u00eda de TimelessTodayLea atentamente esta p\u00e1gina para obtener informaci\u00f3n importante sobre el pr\u00f3ximo evento. Cons\u00faltela si planea asistir.Entradas agotadas.CU\u00c1NDO Y D\u00d3NDEFecha: s\u00e1bado, 28 de febrero de 2026Hora: el evento comienza a las 17:00 h EST (hora del este). Las puertas del vest\u00edbulo se abrir\u00e1n a las 15:30 h. La hora de finalizaci\u00f3n es [&hellip;]","og_url":"https:\/\/www.wopg.org\/es\/prem-rawat-en-fort-lauderdale\/","og_site_name":"Words of Peace","article_publisher":"https:\/\/www.facebook.com\/wordsofpeaceglobal","article_published_time":"2026-02-20T18:23:26+00:00","article_modified_time":"2026-03-01T09:18:31+00:00","og_image":[{"width":1080,"height":608,"url":"https:\/\/eadn-wc03-5903292.nxedge.io\/wp-content\/uploads\/2026\/02\/251018_Colombo_wms_083-lowres_1080x608.jpg","type":"image\/jpeg"}],"author":"Roberto","twitter_card":"summary_large_image","twitter_creator":"@wopg","twitter_site":"@wopg","twitter_misc":{"Escrito por":"Roberto","Tiempo de lectura":"10 minutos"},"schema":{"@context":"https:\/\/schema.org","@graph":[{"@type":"Article","@id":"https:\/\/www.wopg.org\/es\/prem-rawat-en-fort-lauderdale\/#article","isPartOf":{"@id":"https:\/\/www.wopg.org\/es\/prem-rawat-en-fort-lauderdale\/"},"author":{"name":"Roberto","@id":"https:\/\/www.wopg.org\/es\/#\/schema\/person\/c495a5aacd2a074ce031b7fa6625b3af"},"headline":"28 de febrero de 2026 &#8211; Prem Rawat en Fort Lauderdale","datePublished":"2026-02-20T18:23:26+00:00","dateModified":"2026-03-01T09:18:31+00:00","mainEntityOfPage":{"@id":"https:\/\/www.wopg.org\/es\/prem-rawat-en-fort-lauderdale\/"},"wordCount":2071,"publisher":{"@id":"https:\/\/www.wopg.org\/es\/#organization"},"image":{"@id":"https:\/\/www.wopg.org\/es\/prem-rawat-en-fort-lauderdale\/#primaryimage"},"thumbnailUrl":"https:\/\/eadn-wc03-5903292.nxedge.io\/wp-content\/uploads\/2026\/02\/251018_Colombo_wms_083-lowres_1080x608.jpg","articleSection":["Recent"],"inLanguage":"es"},{"@type":"WebPage","@id":"https:\/\/www.wopg.org\/es\/prem-rawat-en-fort-lauderdale\/","url":"https:\/\/www.wopg.org\/es\/prem-rawat-en-fort-lauderdale\/","name":"28 de febrero de 2026 - Prem Rawat en Fort Lauderdale | Words of Peace","isPartOf":{"@id":"https:\/\/www.wopg.org\/es\/#website"},"primaryImageOfPage":{"@id":"https:\/\/www.wopg.org\/es\/prem-rawat-en-fort-lauderdale\/#primaryimage"},"image":{"@id":"https:\/\/www.wopg.org\/es\/prem-rawat-en-fort-lauderdale\/#primaryimage"},"thumbnailUrl":"https:\/\/eadn-wc03-5903292.nxedge.io\/wp-content\/uploads\/2026\/02\/251018_Colombo_wms_083-lowres_1080x608.jpg","datePublished":"2026-02-20T18:23:26+00:00","dateModified":"2026-03-01T09:18:31+00:00","breadcrumb":{"@id":"https:\/\/www.wopg.org\/es\/prem-rawat-en-fort-lauderdale\/#breadcrumb"},"inLanguage":"es","potentialAction":[{"@type":"ReadAction","target":["https:\/\/www.wopg.org\/es\/prem-rawat-en-fort-lauderdale\/"]}]},{"@type":"ImageObject","inLanguage":"es","@id":"https:\/\/www.wopg.org\/es\/prem-rawat-en-fort-lauderdale\/#primaryimage","url":"https:\/\/eadn-wc03-5903292.nxedge.io\/wp-content\/uploads\/2026\/02\/251018_Colombo_wms_083-lowres_1080x608.jpg","contentUrl":"https:\/\/eadn-wc03-5903292.nxedge.io\/wp-content\/uploads\/2026\/02\/251018_Colombo_wms_083-lowres_1080x608.jpg","width":1080,"height":608},{"@type":"BreadcrumbList","@id":"https:\/\/www.wopg.org\/es\/prem-rawat-en-fort-lauderdale\/#breadcrumb","itemListElement":[{"@type":"ListItem","position":1,"name":"Home","item":"https:\/\/www.wopg.org\/es\/"},{"@type":"ListItem","position":2,"name":"28 de febrero de 2026 &#8211; Prem Rawat en Fort Lauderdale"}]},{"@type":"WebSite","@id":"https:\/\/www.wopg.org\/es\/#website","url":"https:\/\/www.wopg.org\/es\/","name":"Words of Peace","description":"Practice Peace, Change Your World","publisher":{"@id":"https:\/\/www.wopg.org\/es\/#organization"},"potentialAction":[{"@type":"SearchAction","target":{"@type":"EntryPoint","urlTemplate":"https:\/\/www.wopg.org\/es\/?s={search_term_string}"},"query-input":{"@type":"PropertyValueSpecification","valueRequired":true,"valueName":"search_term_string"}}],"inLanguage":"es"},{"@type":"Organization","@id":"https:\/\/www.wopg.org\/es\/#organization","name":"Words of Peace","url":"https:\/\/www.wopg.org\/es\/","logo":{"@type":"ImageObject","inLanguage":"es","@id":"https:\/\/www.wopg.org\/es\/#\/schema\/logo\/image\/","url":"https:\/\/wopg.org\/wp-content\/uploads\/2022\/02\/Words-of-Peace-logo-website61x252.png","contentUrl":"https:\/\/wopg.org\/wp-content\/uploads\/2022\/02\/Words-of-Peace-logo-website61x252.png","width":252,"height":61,"caption":"Words of Peace"},"image":{"@id":"https:\/\/www.wopg.org\/es\/#\/schema\/logo\/image\/"},"sameAs":["https:\/\/www.facebook.com\/wordsofpeaceglobal","https:\/\/x.com\/wopg","https:\/\/www.instagram.com\/wopgofficial\/"]},{"@type":"Person","@id":"https:\/\/www.wopg.org\/es\/#\/schema\/person\/c495a5aacd2a074ce031b7fa6625b3af","name":"Roberto","image":{"@type":"ImageObject","inLanguage":"es","@id":"https:\/\/secure.gravatar.com\/avatar\/3a2423ab531630d32d946fa10acea4a736bd03feede76ddcc150434c8458228b?s=96&d=mm&r=g","url":"https:\/\/secure.gravatar.com\/avatar\/3a2423ab531630d32d946fa10acea4a736bd03feede76ddcc150434c8458228b?s=96&d=mm&r=g","contentUrl":"https:\/\/secure.gravatar.com\/avatar\/3a2423ab531630d32d946fa10acea4a736bd03feede76ddcc150434c8458228b?s=96&d=mm&r=g","caption":"Roberto"},"url":"https:\/\/www.wopg.org\/es\/author\/roberto\/"}]}},"_links":{"self":[{"href":"https:\/\/www.wopg.org\/es\/wp-json\/wp\/v2\/posts\/46923","targetHints":{"allow":["GET"]}}],"collection":[{"href":"https:\/\/www.wopg.org\/es\/wp-json\/wp\/v2\/posts"}],"about":[{"href":"https:\/\/www.wopg.org\/es\/wp-json\/wp\/v2\/types\/post"}],"author":[{"embeddable":true,"href":"https:\/\/www.wopg.org\/es\/wp-json\/wp\/v2\/users\/14"}],"replies":[{"embeddable":true,"href":"https:\/\/www.wopg.org\/es\/wp-json\/wp\/v2\/comments?post=46923"}],"version-history":[{"count":62,"href":"https:\/\/www.wopg.org\/es\/wp-json\/wp\/v2\/posts\/46923\/revisions"}],"predecessor-version":[{"id":47349,"href":"https:\/\/www.wopg.org\/es\/wp-json\/wp\/v2\/posts\/46923\/revisions\/47349"}],"wp:featuredmedia":[{"embeddable":true,"href":"https:\/\/www.wopg.org\/es\/wp-json\/wp\/v2\/media\/46877"}],"wp:attachment":[{"href":"https:\/\/www.wopg.org\/es\/wp-json\/wp\/v2\/media?parent=46923"}],"wp:term":[{"taxonomy":"category","embeddable":true,"href":"https:\/\/www.wopg.org\/es\/wp-json\/wp\/v2\/categories?post=46923"},{"taxonomy":"post_tag","embeddable":true,"href":"https:\/\/www.wopg.org\/es\/wp-json\/wp\/v2\/tags?post=46923"},{"taxonomy":"post_folder","embeddable":true,"href":"https:\/\/www.wopg.org\/es\/wp-json\/wp\/v2\/post_folder?post=46923"}],"curies":[{"name":"wp","href":"https:\/\/api.w.org\/{rel}","templated":true}]}}