{"id":47138,"date":"2026-03-03T11:48:26","date_gmt":"2026-03-03T11:48:26","guid":{"rendered":"https:\/\/www.wopg.org\/?p=47138"},"modified":"2026-03-30T14:09:54","modified_gmt":"2026-03-30T14:09:54","slug":"3-dias-con-prem-rawat-en-buenos-aires","status":"publish","type":"post","link":"https:\/\/www.wopg.org\/es\/3-dias-con-prem-rawat-en-buenos-aires\/","title":{"rendered":"27, 28 y 29 de marzo de 2026 &#8211; Prem Rawat en Buenos Aires"},"content":{"rendered":"<p>[et_pb_section fb_built=\u00bb1&#8243; disabled_on=\u00bboff|off|off\u00bb admin_label=\u00bbFull event details\u00bb _builder_version=\u00bb4.27.2&#8243; _module_preset=\u00bbdefault\u00bb custom_padding=\u00bb0px||||false|false\u00bb locked=\u00bboff\u00bb collapsed=\u00bboff\u00bb global_colors_info=\u00bb{}\u00bb][et_pb_row _builder_version=\u00bb4.21.0&#8243; _module_preset=\u00bbdefault\u00bb custom_padding=\u00bb0px||||false|false\u00bb custom_css_main_element=\u00bbdisplay: flex;||flex-wrap: wrap;||justify-content: center;\u00bb global_colors_info=\u00bb{}\u00bb][et_pb_column type=\u00bb4_4&#8243; _builder_version=\u00bb4.21.0&#8243; _module_preset=\u00bbdefault\u00bb global_colors_info=\u00bb{}\u00bb][et_pb_text _builder_version=\u00bb4.27.5&#8243; _module_preset=\u00bbdefault\u00bb global_colors_info=\u00bb{}\u00bb]<\/p>\n<h2 style=\"text-align: center;\"><span style=\"font-weight: 400;\">Descubre la Vida<\/span><\/h2>\n<p><\/p>\n<h2 style=\"text-align: center;\"><span style=\"font-weight: 400;\">En vivo con Prem Rawat<\/span><\/h2>\n<p><\/p>\n<h4 style=\"text-align: center;\">Buenos Aires, Argentina<\/h4>\n<p><\/p>\n<h4 style=\"text-align: center;\">27, 28 y 29 de marzo de 2026<\/h4>\n<p><\/p>\n<p style=\"text-align: center;\"><em>\u00danete a este encuentro global de tres d\u00edas, est\u00e9s donde est\u00e9s, presencialmente o en l\u00ednea.<\/em><\/p>\n<p>[\/et_pb_text][et_pb_text admin_label=\u00bbWHEN AND WHERE\u00bb _builder_version=\u00bb4.27.5&#8243; _module_preset=\u00bbdefault\u00bb header_2_text_align=\u00bbleft\u00bb header_3_text_align=\u00bbleft\u00bb custom_padding=\u00bb20px||||false|false\u00bb header_2_text_align_tablet=\u00bbleft\u00bb header_2_text_align_phone=\u00bbcenter\u00bb header_2_text_align_last_edited=\u00bbon|desktop\u00bb header_2_font_size_tablet=\u00bb\u00bb header_2_font_size_phone=\u00bb2em\u00bb header_2_font_size_last_edited=\u00bbon|desktop\u00bb header_3_text_align_tablet=\u00bbleft\u00bb header_3_text_align_phone=\u00bbcenter\u00bb header_3_text_align_last_edited=\u00bbon|desktop\u00bb header_3_font_size_phone=\u00bb1.1em\u00bb custom_css_free_form=\u00bb.selector .et_pb_text_inner h2 {||  margin-bottom: 3px;||}||||.selector .et_pb_text_inner h3 {||  margin-bottom: 1.5rem;||}\u00bb global_colors_info=\u00bb{}\u00bb content__hover_enabled=\u00bboff|desktop\u00bb]<\/p>\n<p><strong>Horarios:<\/strong><span style=\"font-weight: 400;\"><br \/>Viernes 27 de marzo<\/span><\/p>\n<p><\/p>\n<p style=\"padding-left: 40px;\"><span style=\"font-weight: 400;\">La sesi\u00f3n vespertina comienza a las 17:00 h. Las puertas del lobby abren a las 15:00 h.<br \/><\/span><\/p>\n<p><\/p>\n<p><span style=\"font-weight: 400;\">S\u00e1bado 28 de marzo<br \/><\/span><\/p>\n<p><\/p>\n<p style=\"padding-left: 40px;\"><span style=\"font-weight: 400;\">La sesi\u00f3n matutina comienza a las 11:30 h. Las puertas del lobby abren a las 9:30 h.<br \/>La sesi\u00f3n vespertina comienza a las 17:00 h. Las puertas del lobby abren a las 15:00 h.<br \/><\/span><\/p>\n<p><\/p>\n<p><span style=\"font-weight: 400;\">Domingo 29 de marzo<br \/><\/span><\/p>\n<p><\/p>\n<p style=\"padding-left: 40px;\"><span style=\"font-weight: 400;\">La sesi\u00f3n matutina comienza a las 11:30 h. Las puertas del lobby abren a las 9:00 h.<br \/>La sesi\u00f3n vespertina comienza a las 17:00 h. Las puertas del lobby abren a las 15:00 h. Finaliza aproximadamente a las 19:00 h.<\/span><\/p>\n<p><\/p>\n<p><strong>Lugar: <\/strong><a href=\"https:\/\/www.cecbuenosaires.com.ar\/\" target=\"_blank\" rel=\"noopener\"><span style=\"font-weight: 400;\">Centro de Convenciones de la Ciudad de Buenos Aires &#8211; CEC, Sala Plenaria A+B, Piso -2<\/span><\/a><\/p>\n<p><\/p>\n<p><strong>Direcci\u00f3n:<\/strong> <span style=\"font-weight: 400;\">Av. Figueroa Alcorta 2099 \u2013 CABA (Ciudad Aut\u00f3noma de Buenos Aires).<br \/>(Entrada peatonal por Plaza Brasil)<br \/><\/span><\/p>\n<p><\/p>\n<p><a href=\"https:\/\/www.google.com\/maps\/place\/Centro+de+Convenciones+Buenos+Aires\/@-34.5836999,-58.3898501,17z\/data=!3m1!4b1!4m6!3m5!1s0x95bccaa12e375b6d:0x3f9f935dc99bf4fb!8m2!3d-34.5836999!4d-58.3898501!16s%2Fg%2F12h2tlc5y?entry=ttu&amp;g_ep=EgoyMDI2MDIxMS4wIKXMDSoASAF\" target=\"_blank\" rel=\"noopener\">C\u00f3mo llegar, estacionamiento y transporte p\u00fablico<\/a><\/p>\n<p><\/p>\n<p class=\"p1\">Hay un estacionamiento privado junto al Centro de Convenciones de Buenos Aires. Para informaci\u00f3n sobre estacionamiento para eventos, tarifas y horarios, llama al +54 9 11 37007575.<\/p>\n<p><\/p>\n<p class=\"p1\"><strong>L\u00edneas de colectivos:<\/strong><\/p>\n<p><\/p>\n<p class=\"p1\" style=\"padding-left: 40px;\">17, 33, 67, 93, 102, 124, 130<\/p>\n<p><\/p>\n<p class=\"p1\"><strong>L\u00ednea de subte:<\/strong><\/p>\n<p><\/p>\n<p class=\"p1\" style=\"padding-left: 40px;\">Facultad de Derecho, L\u00ednea H<\/p>\n<p>[\/et_pb_text][et_pb_blurb title=\u00bbC\u00d3MO LLEGAR AL CEC\u00bb image=\u00bbhttps:\/\/eadn-wc03-5903292.nxedge.io\/wp-content\/uploads\/2026\/02\/Acceso-CEC.jpg\u00bb content_max_width=\u00bb90%\u00bb _builder_version=\u00bb4.27.5&#8243; _module_preset=\u00bbdefault\u00bb header_font=\u00bb||||||||\u00bb global_colors_info=\u00bb{}\u00bb]<\/p>\n<p class=\"ds-markdown-paragraph\">El Centro de Convenciones Buenos Aires se localiza en el Barrio de Recoleta, junto a la Facultad de Derecho, frente a la terminal de subte H.<\/p>\n<p><\/p>\n<p class=\"ds-markdown-paragraph\"><strong>Acceso peatonal del p\u00fablico:<\/strong>\u00a0por Av. Figueroa Alcorta a la altura de la bajada del puente peatonal hacia la Facultad de Derecho. Se ingresa por la entrada de la Plaza Brasil, descendiendo un nivel por escalinatas hacia la plaza y, a la derecha, las puertas de entrada del Centro.<\/p>\n<p><\/p>\n<p class=\"ds-markdown-paragraph\"><strong>Acceso vehicular del p\u00fablico (solo asistentes acreditados):<\/strong>\u00a0por Av. Figueroa Alcorta cruzando el puente peatonal de la Facultad de Derecho, girar a la derecha por calle lateral antes de la Facultad, y recorrer 100 mts.<\/p>\n<p>[\/et_pb_blurb][et_pb_text admin_label=\u00bbWHO IS INVITED\u00bb _builder_version=\u00bb4.27.5&#8243; _module_preset=\u00bbdefault\u00bb global_colors_info=\u00bb{}\u00bb]<\/p>\n<h4>QUI\u00c9N EST\u00c1 INVITADO<\/h4>\n<p><\/p>\n<p>Toda persona interesada en Prem Rawat y su mensaje es bienvenida a asistir.<\/p>\n<p>[\/et_pb_text][et_pb_text admin_label=\u00bbWHO IS INVITED &#8211; CHILDREN\u00bb _builder_version=\u00bb4.27.5&#8243; _module_preset=\u00bbdefault\u00bb global_colors_info=\u00bb{}\u00bb]<\/p>\n<h4>NI\u00d1OS<\/h4>\n<p><\/p>\n<p>Este evento no es apto para ni\u00f1os menores de 10 a\u00f1os.<\/p>\n<p>[\/et_pb_text][et_pb_text admin_label=\u00bbWHO IS INVITED &#8211; CHILDREN\u00bb _builder_version=\u00bb4.27.5&#8243; _module_preset=\u00bbdefault\u00bb global_colors_info=\u00bb{}\u00bb]<\/p>\n<h4>RECOMENDACIONES PARA EXTRANJEROS<\/h4>\n<p><\/p>\n<p>A partir del 1 de julio de 2025, Argentina exige a todos los viajeros extranjeros no residentes contar con un seguro m\u00e9dico de viaje obligatorio.<\/p>\n<p><\/p>\n<p>La p\u00f3liza debe cubrir COVID-19, accidentes y enfermedades, y ser v\u00e1lida durante toda la estad\u00eda. Se puede solicitar un comprobante del seguro en aeropuertos, puertos y fronteras terrestres.<\/p>\n<p><\/p>\n<p><strong>Viajes Sudam\u00e9rica +1<\/strong><\/p>\n<p><\/p>\n<p>Requisitos y detalles clave<\/p>\n<p><\/p>\n<p><strong>Cobertura obligatoria:<\/strong> Las p\u00f3lizas deben incluir atenci\u00f3n m\u00e9dica\/hospitalaria, asistencia 24\/7 y tratamiento para la COVID-19.<br \/><strong>Comprobante de seguro:<\/strong> Debe presentar documentaci\u00f3n que acredite la cobertura, la cual puede solicitarse al ingresar.<br \/><strong>Validez:<\/strong> El seguro debe cubrir toda la estad\u00eda.<br \/><strong>Aplicaci\u00f3n:<\/strong> Si bien existen regulaciones, su aplicaci\u00f3n puede variar, pero contar con la documentaci\u00f3n es esencial para evitar que se le niegue la entrada.<br \/><strong>Sistema de salud:<\/strong> Los hospitales p\u00fablicos pueden requerir un comprobante de seguro o el pago de los servicios.<\/p>\n<p><\/p>\n<p><strong>Viajes Sudam\u00e9rica +5<\/strong><\/p>\n<p><\/p>\n<p>Se recomienda encarecidamente contratar una p\u00f3liza integral que incluya evacuaci\u00f3n m\u00e9dica, ya que no siempre est\u00e1 garantizada en las p\u00f3lizas b\u00e1sicas.<\/p>\n<p><\/p>\n<p>Consulte con su autoridad local.<\/p>\n<p>[\/et_pb_text][et_pb_text _builder_version=\u00bb4.27.5&#8243; _module_preset=\u00bbdefault\u00bb link_font=\u00bb|700|||||||\u00bb link_option_url=\u00bbhttps:\/\/eadn-wc03-5903292.nxedge.io\/wp-content\/uploads\/2026\/03\/Travel-Health-for-Buenos-Aires_ES.pdf\u00bb link_option_url_new_window=\u00bbon\u00bb global_colors_info=\u00bb{}\u00bb]<\/p>\n<p><strong>Lea esta importante informaci\u00f3n sanitaria antes de viajar a Argentina.\u00a0<a href=\"https:\/\/eadn-wc03-5903292.nxedge.io\/wp-content\/uploads\/2026\/03\/Travel-Health-for-Buenos-Aires_ES.pdf\" target=\"_blank\" rel=\"noopener\">Salud para viajeros en Buenos Aires en marzo de 2026<\/a>.<\/strong><\/p>\n<p>[\/et_pb_text][et_pb_text _builder_version=\u00bb4.27.5&#8243; _module_preset=\u00bbdefault\u00bb link_font=\u00bb|700|||||||\u00bb link_option_url=\u00bbhttps:\/\/eadn-wc03-5903292.nxedge.io\/wp-content\/uploads\/2026\/03\/Travel-Health-for-Buenos-Aires_ES.pdf\u00bb link_option_url_new_window=\u00bbon\u00bb global_colors_info=\u00bb{}\u00bb]<\/p>\n<p><strong>Aqu\u00ed tienes algunas recomendaciones para tu estancia. <a href=\"https:\/\/eadn-wc03-5903292.nxedge.io\/wp-content\/uploads\/2026\/03\/Buenos-Aires-Tips-2026-ES.pdf\" target=\"_blank\" rel=\"noopener\">Consejos para Buenos Aires<\/a>.<\/strong><\/p>\n<p>[\/et_pb_text][et_pb_text admin_label=\u00bbPURCHASE OF TICKETS\u00bb _builder_version=\u00bb4.27.5&#8243; _module_preset=\u00bbdefault\u00bb link_font=\u00bb|700|||||||\u00bb background_color=\u00bbRGBA(255,255,255,0)\u00bb hover_enabled=\u00bb0&#8243; locked=\u00bboff\u00bb global_colors_info=\u00bb{}\u00bb sticky_enabled=\u00bb0&#8243;]<\/p>\n<h4>ENTRADAS<\/h4>\n<p><\/p>\n<p><strong>Las entradas est\u00e1n en venta. Si vives fuera de Argentina, utiliza el <a href=\"#buttons\">bot\u00f3n amarillo<\/a> para realizar la compra.<\/strong><\/p>\n<p><\/p>\n<p>En breve, este viernes 20 de marzo sobre el mediod\u00eda, se habilitar\u00e1 en Ticketek la venta por d\u00eda para los eventos con Prem Rawat de la semana pr\u00f3xima, tanto por la web<br \/>\u2022\u2060\u00a0<a href=\"https:\/\/www.ticketek.com.ar\/prem-rawat\/centro-de-convenciones-buenos-aires\" target=\"_blank\" rel=\"noopener\">https:\/\/www.ticketek.com.ar\/prem-rawat\/centro-de-convenciones-buenos-aires<\/a><br \/>\u2022\u2060 como en la boleter\u00eda del Teatro Opera.<\/p>\n<p><\/p>\n<p>A partir de ese momento, en Ticketek se podr\u00e1n adquirir tanto abonos por los tres d\u00edas como entradas por d\u00eda.<\/p>\n<p><\/p>\n<p>Les recordamos que tambi\u00e9n quedan algunos abonos por los tres d\u00edas disponibles en\u00a0<a href=\"https:\/\/www.wopg.org\/es\/proximos-eventos\/\">https:\/\/www.wopg.org\/es\/proximos-eventos\/<\/a>\u00a0para quienes tengan tarjeta de cr\u00e9dito internacional.<\/p>\n<p><\/p>\n<p><strong>Nota:<\/strong><\/p>\n<p><\/p>\n<ul>\n<li style=\"font-weight: 400;\" aria-level=\"1\"><span style=\"font-weight: 400;\">Crea una cuenta en <\/span><a href=\"http:\/\/www.ticketek.com.ar\"><span style=\"font-weight: 400;\">www.ticketek.com.ar<\/span><\/a><span style=\"font-weight: 400;\"> antes de comprar tus entradas.<\/span><\/li>\n<li style=\"font-weight: 400;\" aria-level=\"1\"><span style=\"font-weight: 400;\">La tarjeta de cr\u00e9dito con la que compres tus entradas debe estar vinculada a 1) un documento nacional de identidad o 2) un pasaporte v\u00e1lido. Se te solicitar\u00e1 1) un documento nacional de identidad o 2) el n\u00famero de un pasaporte v\u00e1lido.<\/span><\/li>\n<li style=\"font-weight: 400;\" aria-level=\"1\"><span style=\"font-weight: 400;\">Si vienes de otro pa\u00eds, selecciona la \u00faltima opci\u00f3n (<strong>Extranjero<\/strong>) en la lista de pa\u00edses al crear tu cuenta. Y cuando est\u00e9s comprando, selecciona <strong>EXTERIOR<\/strong> de la lista de provincias.<\/span><\/li>\n<li aria-level=\"1\">Al comprar su entrada, se le solicitar\u00e1 que proporcione los mismos n\u00fameros que proporcion\u00f3 en su identificaci\u00f3n\/pasaporte al crear su cuenta.<\/li>\n<li style=\"font-weight: 400;\" aria-level=\"1\"><span style=\"font-weight: 400;\">Al ingresar a la sala, recuerda tener visible tu entrada impresa o tu entrada electr\u00f3nica en tu tel\u00e9fono, con el c\u00f3digo QR visible.<\/span><\/li>\n<\/ul>\n<p><\/p>\n<p><span style=\"font-weight: 400;\">Si no puedes comprar una entrada por cualquier motivo, considera contactar a <a href=\"mailto:events@wopg.org\">events@wopg.org<\/a>.<\/span><\/p>\n<p>[\/et_pb_text][et_pb_text disabled_on=\u00bbon|on|on\u00bb _builder_version=\u00bb4.27.5&#8243; _module_preset=\u00bbdefault\u00bb custom_margin=\u00bb||0px||false|false\u00bb custom_padding=\u00bb||0px||false|false\u00bb disabled=\u00bbon\u00bb global_colors_info=\u00bb{}\u00bb]<\/p>\n<h4>Instrucciones para crear una cuenta:<\/h4>\n<p>[\/et_pb_text][et_pb_code disabled_on=\u00bbon|on|on\u00bb _builder_version=\u00bb4.27.5&#8243; _module_preset=\u00bbdefault\u00bb disabled=\u00bbon\u00bb global_colors_info=\u00bb{}\u00bb]<pee>\n<div class=\"wp-block-presto-player-reusable-edit\"><!--presto-player:video_id=10--><figure class=\"wp-block-video presto-block-video  presto-provider-youtube\" style=\"--plyr-color-main: var(--presto-player-highlight-color, #008b73); --presto-player-logo-width: 150px; \">\n\t<presto-player \n\t\tpreset='{&quot;id&quot;:5,&quot;name&quot;:&quot;YouTube Optimized&quot;,&quot;slug&quot;:&quot;youtube&quot;,&quot;icon&quot;:&quot;youtube&quot;,&quot;skin&quot;:&quot;modern&quot;,&quot;play-large&quot;:true,&quot;rewind&quot;:true,&quot;play&quot;:true,&quot;fast-forward&quot;:true,&quot;progress&quot;:true,&quot;current-time&quot;:true,&quot;mute&quot;:true,&quot;volume&quot;:true,&quot;speed&quot;:true,&quot;pip&quot;:false,&quot;fullscreen&quot;:true,&quot;captions&quot;:false,&quot;reset_on_end&quot;:true,&quot;auto_hide&quot;:true,&quot;show_time_elapsed&quot;:false,&quot;captions_enabled&quot;:false,&quot;save_player_position&quot;:false,&quot;sticky_scroll&quot;:false,&quot;sticky_scroll_position&quot;:&quot;bottom right&quot;,&quot;on_video_end&quot;:&quot;select&quot;,&quot;play_video_viewport&quot;:false,&quot;hide_youtube&quot;:false,&quot;lazy_load_youtube&quot;:true,&quot;hide_logo&quot;:false,&quot;border_radius&quot;:0,&quot;caption_style&quot;:&quot;&quot;,&quot;caption_background&quot;:&quot;&quot;,&quot;is_locked&quot;:true,&quot;cta&quot;:[&quot;&quot;],&quot;watermark&quot;:[&quot;&quot;],&quot;search&quot;:[&quot;&quot;],&quot;email_collection&quot;:[&quot;&quot;],&quot;created_by&quot;:3,&quot;created_at&quot;:&quot;2025-06-16 20:25:09&quot;,&quot;updated_at&quot;:&quot;2025-06-16 20:25:09&quot;,&quot;deleted_at&quot;:&quot;&quot;}'\n\t\tbranding='{&quot;logo&quot;:&quot;&quot;,&quot;color&quot;:&quot;#008b73&quot;,&quot;logo_width&quot;:150,&quot;player_css&quot;:&quot;&quot;}'\n\t\tchapters='[]'\n\t\toverlays='[]'\n\t\ttracks='[]'\n\t\tblock-attributes='{&quot;playsInline&quot;:true,&quot;id&quot;:10,&quot;src&quot;:&quot;https:\\\/\\\/www.youtube.com\\\/shorts\\\/hfLciFCVcx4&quot;,&quot;preset&quot;:5,&quot;video_id&quot;:&quot;hfLciFCVcx4&quot;,&quot;visibility&quot;:&quot;public&quot;,&quot;color&quot;:&quot;#00b3ff&quot;,&quot;mutedPreview&quot;:{&quot;enabled&quot;:false,&quot;captions&quot;:false},&quot;mutedOverlay&quot;:{&quot;enabled&quot;:false,&quot;src&quot;:&quot;&quot;,&quot;width&quot;:200,&quot;focalPoint&quot;:{&quot;x&quot;:0.5,&quot;y&quot;:0.5}},&quot;mutedOverlayType&quot;:&quot;text&quot;,&quot;mutedOverlayText&quot;:&quot;Click to play&quot;,&quot;mutedOverlayImageWidth&quot;:200,&quot;chapters&quot;:[],&quot;overlays&quot;:[],&quot;tracks&quot;:[],&quot;title&quot;:&quot;https:\\\/\\\/www.youtube.com\\\/shorts\\\/hfLciFCVcx4&quot;}'\n\t\tanalytics=''\n\t\tautomations\t\tprovider='youtube'\n\t\t\t\tid=\"presto-player-1\"\n\t\tsrc=\"\/\/www.youtube.com\/embed\/hfLciFCVcx4?iv_load_policy=3&amp;modestbranding=1&amp;playinline=1&amp;showinfo=0&amp;rel=0&amp;enablejsapi=1\"\n\t\tmedia-title=\"https:\/\/www.youtube.com\/shorts\/hfLciFCVcx4\"\n\t\tcss=\"\"\n\t\tclass=\"presto-video-id-10 presto-preset-id-5 skin-modern\"\n\t\tskin=\"modern\" \n\t\ticon-url=\"https:\/\/eadn-wc03-5903292.nxedge.io\/wp-content\/plugins\/presto-player\/img\/sprite.svg\" \n\t\tpreload=\"\" \n\t\tposter=\"\"\n\t\tyoutube=\"{&quot;noCookie&quot;:false,&quot;channelId&quot;:&quot;&quot;,&quot;show_count&quot;:false}\"\n\t\tprovider-video-id=\"hfLciFCVcx4\"\n\t\tvideo-id=\"10\"\n\t\tlazy-load-youtube\t\tvideo-attributes='{}'\n\t\tplaysinline\t\t\t\t>\n\t\t\n\n\t<\/presto-player>\n<\/figure><\/div>\n<\/pee>[\/et_pb_code][et_pb_text _builder_version=\u00bb4.27.5&#8243; _module_preset=\u00bbdefault\u00bb global_colors_info=\u00bb{}\u00bb]<\/p>\n<p><strong>Precios de las entradas<\/strong><\/p>\n<p><\/p>\n<p>&nbsp;<\/p>\n<p><\/p>\n<p>&nbsp;<\/p>\n<p><\/p>\n<p>&nbsp;<\/p>\n<p><\/p>\n<ul>\n<li class=\"p1\"><span class=\"s1\">Nivel 1: 3-day ticket 407,000 Pesos (approx 285 USD) + gastos de procesamiento<\/span><\/li>\n<li class=\"p1\"><span class=\"s1\">Nivel 2: 3-day ticket 257,000 Pesos (approx 180 USD) + gastos de procesamiento<\/span><\/li>\n<li class=\"p1\"><span class=\"s1\">Nivel 3: 3-day ticket 171,000 Pesos (approx 120 USD) + gastos de procesamiento<\/span><\/li>\n<li class=\"p1\"><span class=\"s1\">Nivel 4: 3-day ticket 85,000 Pesos (approx 60 USD) + gastos de procesamiento<\/span><\/li>\n<li class=\"p1\"><span class=\"s1\">Nivel 5: 3-day ticket 42,000 Pesos (approx 30 USD) + gastos de procesamiento<\/span><\/li>\n<\/ul>\n<p><\/p>\n<p>&nbsp;<\/p>\n<p><\/p>\n<p>&nbsp;<\/p>\n<p><\/p>\n<p>&nbsp;<\/p>\n<p><\/p>\n<p class=\"p1\">Se vender\u00e1n entradas para el d\u00eda, si a\u00fan quedan disponibles, en el lobby antes de las sesiones matutinas y vespertinas de cada d\u00eda.<\/p>\n<p><\/p>\n<p>&nbsp;<\/p>\n<p><\/p>\n<p>&nbsp;<\/p>\n<p><\/p>\n<p>&nbsp;<\/p>\n<p><\/p>\n<ul>\n<li class=\"p1\"><span class=\"s1\">Nivel 1: Day Ticket 143,000 Pesos (approx 100 USD) + gastos de procesamiento<\/span><\/li>\n<li class=\"p1\"><span class=\"s1\">Nivel 2: Day Ticket 93,000 Pesos (approx 65 USD) + gastos de procesamiento<\/span><\/li>\n<li class=\"p1\"><span class=\"s1\">Nivel 3: Day Ticket 65,000 Pesos (approx 45 USD) + gastos de procesamiento<\/span><\/li>\n<li class=\"p1\"><span class=\"s1\">Nivel 4: Day Ticket 36,000 Pesos (approx 25 USD) + gastos de procesamiento<\/span><\/li>\n<li class=\"p1\"><span class=\"s1\">Nivel 5: Day Ticket 17,000 Pesos (approx 12 USD) + gastos de procesamiento<\/span><\/li>\n<\/ul>\n<p><\/p>\n<p>&nbsp;<\/p>\n<p><\/p>\n<p>&nbsp;<\/p>\n<p><\/p>\n<p>&nbsp;<\/p>\n<p><\/p>\n<p>Cada persona podr\u00e1 comprar\u00a0<b>4 asientos<\/b>. Sin embargo, por favor solo compra los asientos que sepas que se utilizar\u00e1n.<\/p>\n<p><\/p>\n<p><strong>Por razones log\u00edsticas, por favor ocupa tu asiento 10 minutos antes del comienzo del evento. Las personas que lleguen a \u00faltima hora deber\u00e1n sentarse en la parte de atr\u00e1s de la sala para evitar distracciones.<\/strong><\/p>\n<p><\/p>\n<p><strong>No se har\u00e1n devoluciones.<\/strong><\/p>\n<p>[\/et_pb_text][et_pb_text disabled_on=\u00bboff|off|off\u00bb module_id=\u00bbbuttons\u00bb _builder_version=\u00bb4.27.5&#8243; _module_preset=\u00bbdefault\u00bb custom_margin=\u00bb||0px||false|false\u00bb global_colors_info=\u00bb{}\u00bb]<\/p>\n<p style=\"text-align: center;\"><strong>Para residentes de Argentina:<\/strong><\/p>\n<p>[\/et_pb_text][et_pb_button button_url=\u00bbhttps:\/\/www.ticketek.com.ar\/websource\/auth\/login\/?next=\/websource\/show\/PREMRAWAT26\/\u00bb button_text=\u00bbCompra de Entradas\u00bb button_alignment=\u00bbcenter\u00bb disabled_on=\u00bboff|off|off\u00bb admin_label=\u00bbPurchase Ticket(s)\u00bb _builder_version=\u00bb4.27.5&#8243; _module_preset=\u00bbdefault\u00bb custom_button=\u00bbon\u00bb button_bg_color=\u00bb#008B73&#8243; button_border_width=\u00bb0px\u00bb button_border_radius=\u00bb8px\u00bb background_layout=\u00bbdark\u00bb custom_margin=\u00bb||50px||false|false\u00bb custom_padding=\u00bb10px|49px|10px|49px|true|true\u00bb locked=\u00bboff\u00bb global_colors_info=\u00bb{}\u00bb][\/et_pb_button][et_pb_text disabled_on=\u00bboff|off|off\u00bb module_id=\u00bboutside\u00bb _builder_version=\u00bb4.27.5&#8243; _module_preset=\u00bbdefault\u00bb custom_margin=\u00bb||0px||false|false\u00bb global_colors_info=\u00bb{}\u00bb]<\/p>\n<p style=\"text-align: center;\"><strong>Para no residentes en Argentina:<\/strong><\/p>\n<p>[\/et_pb_text][et_pb_button button_url=\u00bbhttps:\/\/events.wopg.org\/\u00bb button_text=\u00bbCompra de Entradas\u00bb button_alignment=\u00bbcenter\u00bb disabled_on=\u00bboff|off|off\u00bb admin_label=\u00bbSoon Available button\u00bb module_id=\u00bbsoon\u00bb _builder_version=\u00bb4.27.5&#8243; _module_preset=\u00bbdefault\u00bb custom_button=\u00bbon\u00bb button_text_color=\u00bb#000000&#8243; button_bg_color=\u00bbRGBA(255,196,89,0.8)\u00bb button_border_width=\u00bb0px\u00bb button_border_radius=\u00bb8px\u00bb background_layout=\u00bbdark\u00bb custom_padding=\u00bb10px|49px|10px|49px|true|true\u00bb global_colors_info=\u00bb{}\u00bb][\/et_pb_button][et_pb_button button_url=\u00bb#\u00bb button_text=\u00bbNo quedan entradas\u00bb button_alignment=\u00bbcenter\u00bb disabled_on=\u00bbon|on|on\u00bb admin_label=\u00bbSold Out button\u00bb _builder_version=\u00bb4.27.4&#8243; _module_preset=\u00bbdefault\u00bb custom_button=\u00bbon\u00bb button_bg_color=\u00bb#E02B20&#8243; button_border_width=\u00bb0px\u00bb button_border_radius=\u00bb8px\u00bb background_layout=\u00bbdark\u00bb custom_padding=\u00bb10px|58px|10px|58px|true|true\u00bb disabled=\u00bbon\u00bb global_colors_info=\u00bb{}\u00bb][\/et_pb_button][et_pb_text admin_label=\u00bbDO NOT RECORD OR FILM THE EVENT\u00bb _builder_version=\u00bb4.27.5&#8243; _module_preset=\u00bbdefault\u00bb hover_enabled=\u00bb0&#8243; locked=\u00bboff\u00bb global_colors_info=\u00bb{}\u00bb sticky_enabled=\u00bb0&#8243;]<\/p>\n<h4>NO SE PERMITE GRABAR NI FILMAR EL EVENTO<\/h4>\n<p><\/p>\n<p>Se har\u00e1 una grabaci\u00f3n oficial que est\u00e1 protegida por derechos de autor. Cualquier persona que est\u00e9 haciendo una grabaci\u00f3n ser\u00e1 advertida de que deje de hacerlo. Si contin\u00faa, ser\u00e1 expulsada de la sala.<\/p>\n<p><\/p>\n<p>El evento ser\u00e1 filmado, y la compra de una entrada constituye tu autorizaci\u00f3n para ser filmado, y permitir la divulgaci\u00f3n de tu imagen\/voz ya sea de forma impresa o a trav\u00e9s de redes sociales, fotograf\u00eda, audio, video, u otros medios. Si est\u00e1s comprando una entrada para otra persona, su asistencia al evento constituye la misma autorizaci\u00f3n de divulgaci\u00f3n.<\/p>\n<p><\/p>\n<p><strong>Habr\u00e1 un control de seguridad al entrar al edificio. No se permiten maletas, mochilas o bolsas de gran tama\u00f1o dentro del recinto.<\/strong><\/p>\n<p><\/p>\n<p><em><strong>Tenga esto en cuenta<\/strong>: se recomienda que no hagas planes de viaje hasta que hayas comprado tu(s) entrada(s), ya que el n\u00famero de personas que soliciten asientos puede exceder la capacidad de la sala<\/em>.<\/p>\n<p><\/p>\n<p><em><strong>Viajeros del extranjero<\/strong>: No existen restricciones de viaje a Argentina; sin embargo, les recomendamos que consulten los requisitos de viaje vigentes que puedan afectarles. Es posible que necesiten una visa para entrar al pa\u00eds. Para obtener m\u00e1s informaci\u00f3n consulten la p\u00e1gina web correspondiente sobre la <a href=\"https:\/\/en.wikipedia.org\/wiki\/Visa_policy_of_Argentina\" target=\"_blank\" rel=\"noopener\"><span style=\"font-weight: 400;\">pol\u00edtica de visas de Argentina<\/span><\/a><\/em>.<\/p>\n<p>[\/et_pb_text][et_pb_accordion open_toggle_background_color=\u00bbRGBA(255,255,255,0)\u00bb icon_color=\u00bb#008B73&#8243; use_icon_font_size=\u00bbon\u00bb icon_font_size=\u00bb20px\u00bb _builder_version=\u00bb4.27.5&#8243; _module_preset=\u00bbdefault\u00bb hover_enabled=\u00bb0&#8243; border_color_all=\u00bbRGBA(255,255,255,0)\u00bb border_color_bottom=\u00bb#008B73&#8243; global_colors_info=\u00bb{}\u00bb sticky_enabled=\u00bb0&#8243; module_id=\u00bbluggage-5&#8243;][et_pb_accordion_item title=\u00bbAYUDA PARA LA COMPRA DE ENTRADAS\u00bb _builder_version=\u00bb4.27.5&#8243; _module_preset=\u00bbdefault\u00bb global_colors_info=\u00bb{}\u00bb open=\u00bboff\u00bb]<\/p>\n<p>Las entradas se pueden comprar por internet usando computadoras o dispositivos m\u00f3viles. Se recomienda vaciar el historial del navegador antes de iniciar la compra.<\/p>\n<p><\/p>\n<p>Es posible que encuentres dificultades en el proceso de compra de entradas por internet. La alta demanda puede generar un mensaje autom\u00e1tico que diga \u2018no hay asientos disponibles\u2019, lo que no significa que se hayan agotado las entradas.<\/p>\n<p><\/p>\n<p>En ese caso considere lo siguiente:<br \/>\u2013 compruebe a trav\u00e9s de\u00a0<a href=\"https:\/\/www.wopg.org\/es\/\">www.wopg.org<\/a>\u00a0si se ha llenado el aforo del evento<br \/>\u2013 espera unos momentos e int\u00e9ntalo de nuevo<br \/>\u2013 int\u00e9ntalo en otro dispositivo<br \/>\u2013 si no tienes \u00e9xito, env\u00ede un correo electr\u00f3nico a <a href=\"mailto:events@wopg.org\"><span style=\"font-weight: 400;\">events@wopg.org<\/span><\/a>.<\/p>\n<p>[\/et_pb_accordion_item][et_pb_accordion_item title=\u00bbDEVOLUCI\u00d3N DE ENTRADAS QUE NO VAN A SER UTILIZADAS\u00bb _builder_version=\u00bb4.27.5&#8243; _module_preset=\u00bbdefault\u00bb global_colors_info=\u00bb{}\u00bb open=\u00bboff\u00bb]<\/p>\n<p>Si cambian tus planes y tienes una entrada que no vas a utilizar, por favor env\u00eda una copia electr\u00f3nica de tu entrada a <a href=\"mailto:events@wopg.org\"><span style=\"font-weight: 400;\">events@wopg.org<\/span><\/a>.<\/p>\n<p><\/p>\n<p>Las entradas devueltas a esta direcci\u00f3n electr\u00f3nica ser\u00e1n reasignadas por orden de solicitud a otras personas que deseen asistir al evento.<\/p>\n<p><\/p>\n<p>No se har\u00e1n reembolsos.<\/p>\n<p>[\/et_pb_accordion_item][et_pb_accordion_item title=\u00bbCUIDADOS ESPECIALES\u00bb _builder_version=\u00bb4.27.5&#8243; _module_preset=\u00bbdefault\u00bb global_colors_info=\u00bb{}\u00bb open=\u00bboff\u00bb]<\/p>\n<p>Habr\u00e1 ayuda disponible para las personas que utilizan sillas de ruedas.<\/p>\n<p><\/p>\n<p>Si tienes dificultades para comprar un espacio para la silla de ruedas o un asiento para tu acompa\u00f1ante, ponte en contacto con <a href=\"mailto:events@wopg.org\"><span style=\"font-weight: 400;\">events@wopg.org<\/span><\/a>.<\/p>\n<p><\/p>\n<p>Para las personas con dificultades auditivas, habr\u00e1 un canal en ingl\u00e9s con sonido mejorado. Habr\u00e1 auriculares disponibles en el lobby a cambio de una identificaci\u00f3n.<\/p>\n<p>[\/et_pb_accordion_item][et_pb_accordion_item title=\u00bbTRADUCCI\u00d3N SIMULT\u00c1NEA\u00bb _builder_version=\u00bb4.27.5&#8243; _module_preset=\u00bbdefault\u00bb global_colors_info=\u00bb{}\u00bb open=\u00bboff\u00bb]<\/p>\n<p class=\"p1\">Las sesiones se realizar\u00e1n en ingl\u00e9s. Algunos videos e interacciones ser\u00e1n en espa\u00f1ol, por lo que quienes hablen ingl\u00e9s podr\u00edan necesitar traducci\u00f3n. Por lo tanto, habr\u00e1 traducci\u00f3n simult\u00e1nea disponible en ingl\u00e9s, espa\u00f1ol y portugu\u00e9s brasile\u00f1o.<\/p>\n<p><\/p>\n<p>Habr\u00e1 auriculares disponibles en la sala de espera, presentando una identificaci\u00f3n.<\/p>\n<p>[\/et_pb_accordion_item][et_pb_accordion_item title=\u00bbEQUIPAJES\u00bb open=\u00bbon\u00bb _builder_version=\u00bb4.27.5&#8243; _module_preset=\u00bbdefault\u00bb hover_enabled=\u00bb0&#8243; global_colors_info=\u00bb{}\u00bb sticky_enabled=\u00bb0&#8243;]<\/p>\n<div class=\"gmail_quote\">\n<p>Como ya se ha informado, habr\u00e1 un control de seguridad al ingresar al edificio. No se permiten maletas, mochilas o bolsas de gran tama\u00f1o dentro del recinto.<\/p>\n<p>En relaci\u00f3n al equipaje, podr\u00e1n recurrir al servicio de guarda de equipaje y transfers de <i>Luggage Storage BA<span class=\"gmail_default\">:<\/span><\/i><\/p>\n<p>Sucursal Centro<br \/>Maip\u00fa 814<br \/>Horario especial (d\u00edas del evento) : 10:00 AM \u2013 8:00 PM<\/p>\n<p>Descuento para asistentes<\/p>\n<ul>\n<li>Online: accediendo mediante el enlace<span class=\"gmail_default\">\u00a0<\/span><a href=\"https:\/\/luggagestorageba.com\/?wpam_id=9\" target=\"_blank\" rel=\"noopener noreferrer\">https:\/\/luggagestorageba.com\/?wpam_id=9<\/a><\/li>\n<li>En tienda: mencionando el c\u00f3digo <strong>WOPG26<\/strong><\/li>\n<\/ul>\n<p>Transfers (personas y\/o equipaje)<\/p>\n<\/div>\n<p><\/p>\n<div class=\"gmail_quote\">\n<p>Tambi\u00e9n disponible como traslado exclusivo de equipaje.<\/p>\n<ul>\n<li>Solicitar por WhatsApp: +54 9 11 6584-3041<\/li>\n<li>(Se recomienda con 24 hs de anticipaci\u00f3n)<\/li>\n<\/ul>\n<p class=\"p1\"><span class=\"s1\">El beneficio es un descuento del 10% solamente en referencia al guardar equipaje.<\/span><\/p>\n<\/div>\n<p>[\/et_pb_accordion_item][et_pb_accordion_item title=\u00bbAYUDA\u00bb _builder_version=\u00bb4.27.5&#8243; _module_preset=\u00bbdefault\u00bb global_colors_info=\u00bb{}\u00bb open=\u00bboff\u00bb]<\/p>\n<p>\u00bfNecesita ayuda?<\/p>\n<p><\/p>\n<p>Env\u00ede un correo electr\u00f3nico a <a href=\"mailto:events@wopg.org\"><span style=\"font-weight: 400;\">events@wopg.org<\/span><\/a>.<\/p>\n<p>[\/et_pb_accordion_item][\/et_pb_accordion][\/et_pb_column][\/et_pb_row][et_pb_row _builder_version=\u00bb4.27.5&#8243; _module_preset=\u00bbdefault\u00bb hover_enabled=\u00bb0&#8243; global_colors_info=\u00bb{}\u00bb sticky_enabled=\u00bb0&#8243;][et_pb_column type=\u00bb4_4&#8243; _builder_version=\u00bb4.21.0&#8243; _module_preset=\u00bbdefault\u00bb global_colors_info=\u00bb{}\u00bb][et_pb_text admin_label=\u00bbSign up here\u00bb _builder_version=\u00bb4.27.5&#8243; _module_preset=\u00bbdefault\u00bb global_colors_info=\u00bb{}\u00bb]<\/p>\n<p>Para recibir notificaciones y actualizaciones sobre eventos futuros con Prem Rawat, quiz\u00e1s quieras suscribirte a la lista de correo de WOPG ingresando tu correo electr\u00f3nico y pa\u00eds de residencia. Inscr\u00edbete aqu\u00ed.<\/p>\n<p>[\/et_pb_text][\/et_pb_column][\/et_pb_row][\/et_pb_section]<\/p>\n","protected":false},"excerpt":{"rendered":"<p>Descubre la VidaEn vivo con Prem RawatBuenos Aires, Argentina27, 28 y 29 de marzo de 2026\u00danete a este encuentro global de tres d\u00edas, est\u00e9s donde est\u00e9s, presencialmente o en l\u00ednea.Horarios:Viernes 27 de marzoLa sesi\u00f3n vespertina comienza a las 17:00 h. Las puertas del lobby abren a las 15:00 h.S\u00e1bado 28 de marzoLa sesi\u00f3n matutina comienza [&hellip;]<\/p>\n","protected":false},"author":3,"featured_media":0,"comment_status":"closed","ping_status":"closed","sticky":false,"template":"","format":"standard","meta":{"_et_pb_use_builder":"on","_et_pb_old_content":"","_et_gb_content_width":"","cybocfi_hide_featured_image":"","footnotes":""},"categories":[75],"tags":[],"post_folder":[],"class_list":["post-47138","post","type-post","status-publish","format-standard","hentry","category-recent"],"yoast_head":"<!-- This site is optimized with the Yoast SEO plugin v27.3 - https:\/\/yoast.com\/product\/yoast-seo-wordpress\/ -->\n<title>27, 28 y 29 de marzo de 2026 - Prem Rawat en Buenos Aires | Words of Peace<\/title>\n<meta name=\"robots\" content=\"index, follow, max-snippet:-1, max-image-preview:large, max-video-preview:-1\" \/>\n<link rel=\"canonical\" href=\"https:\/\/www.wopg.org\/es\/3-dias-con-prem-rawat-en-buenos-aires\/\" \/>\n<meta property=\"og:locale\" content=\"es_ES\" \/>\n<meta property=\"og:type\" content=\"article\" \/>\n<meta property=\"og:title\" content=\"27, 28 y 29 de marzo de 2026 - Prem Rawat en Buenos Aires | Words of Peace\" \/>\n<meta property=\"og:description\" content=\"Descubre la VidaEn vivo con Prem RawatBuenos Aires, Argentina27, 28 y 29 de marzo de 2026\u00danete a este encuentro global de tres d\u00edas, est\u00e9s donde est\u00e9s, presencialmente o en l\u00ednea.Horarios:Viernes 27 de marzoLa sesi\u00f3n vespertina comienza a las 17:00 h. Las puertas del lobby abren a las 15:00 h.S\u00e1bado 28 de marzoLa sesi\u00f3n matutina comienza [&hellip;]\" \/>\n<meta property=\"og:url\" content=\"https:\/\/www.wopg.org\/es\/3-dias-con-prem-rawat-en-buenos-aires\/\" \/>\n<meta property=\"og:site_name\" content=\"Words of Peace\" \/>\n<meta property=\"article:publisher\" content=\"https:\/\/www.facebook.com\/wordsofpeaceglobal\" \/>\n<meta property=\"article:published_time\" content=\"2026-03-03T11:48:26+00:00\" \/>\n<meta property=\"article:modified_time\" content=\"2026-03-30T14:09:54+00:00\" \/>\n<meta property=\"og:image\" content=\"https:\/\/eadn-wc03-5903292.nxedge.io\/wp-content\/uploads\/2026\/02\/AdobeStock_1589159755_1080x680.jpg\" \/>\n\t<meta property=\"og:image:width\" content=\"1080\" \/>\n\t<meta property=\"og:image:height\" content=\"608\" \/>\n\t<meta property=\"og:image:type\" content=\"image\/jpeg\" \/>\n<meta name=\"author\" content=\"Carmine\" \/>\n<meta name=\"twitter:card\" content=\"summary_large_image\" \/>\n<meta name=\"twitter:creator\" content=\"@wopg\" \/>\n<meta name=\"twitter:site\" content=\"@wopg\" \/>\n<meta name=\"twitter:label1\" content=\"Escrito por\" \/>\n\t<meta name=\"twitter:data1\" content=\"Carmine\" \/>\n\t<meta name=\"twitter:label2\" content=\"Tiempo de lectura\" \/>\n\t<meta name=\"twitter:data2\" content=\"14 minutos\" \/>\n<script type=\"application\/ld+json\" class=\"yoast-schema-graph\">{\"@context\":\"https:\\\/\\\/schema.org\",\"@graph\":[{\"@type\":\"Article\",\"@id\":\"https:\\\/\\\/www.wopg.org\\\/es\\\/3-dias-con-prem-rawat-en-buenos-aires\\\/#article\",\"isPartOf\":{\"@id\":\"https:\\\/\\\/www.wopg.org\\\/es\\\/3-dias-con-prem-rawat-en-buenos-aires\\\/\"},\"author\":{\"name\":\"Carmine\",\"@id\":\"https:\\\/\\\/www.wopg.org\\\/es\\\/#\\\/schema\\\/person\\\/d3d11db72a0ccdab996f68053f8495f1\"},\"headline\":\"27, 28 y 29 de marzo de 2026 &#8211; Prem Rawat en Buenos Aires\",\"datePublished\":\"2026-03-03T11:48:26+00:00\",\"dateModified\":\"2026-03-30T14:09:54+00:00\",\"mainEntityOfPage\":{\"@id\":\"https:\\\/\\\/www.wopg.org\\\/es\\\/3-dias-con-prem-rawat-en-buenos-aires\\\/\"},\"wordCount\":2751,\"publisher\":{\"@id\":\"https:\\\/\\\/www.wopg.org\\\/es\\\/#organization\"},\"articleSection\":[\"Recent\"],\"inLanguage\":\"es\"},{\"@type\":\"WebPage\",\"@id\":\"https:\\\/\\\/www.wopg.org\\\/es\\\/3-dias-con-prem-rawat-en-buenos-aires\\\/\",\"url\":\"https:\\\/\\\/www.wopg.org\\\/es\\\/3-dias-con-prem-rawat-en-buenos-aires\\\/\",\"name\":\"27, 28 y 29 de marzo de 2026 - Prem Rawat en Buenos Aires | Words of Peace\",\"isPartOf\":{\"@id\":\"https:\\\/\\\/www.wopg.org\\\/es\\\/#website\"},\"datePublished\":\"2026-03-03T11:48:26+00:00\",\"dateModified\":\"2026-03-30T14:09:54+00:00\",\"breadcrumb\":{\"@id\":\"https:\\\/\\\/www.wopg.org\\\/es\\\/3-dias-con-prem-rawat-en-buenos-aires\\\/#breadcrumb\"},\"inLanguage\":\"es\",\"potentialAction\":[{\"@type\":\"ReadAction\",\"target\":[\"https:\\\/\\\/www.wopg.org\\\/es\\\/3-dias-con-prem-rawat-en-buenos-aires\\\/\"]}]},{\"@type\":\"BreadcrumbList\",\"@id\":\"https:\\\/\\\/www.wopg.org\\\/es\\\/3-dias-con-prem-rawat-en-buenos-aires\\\/#breadcrumb\",\"itemListElement\":[{\"@type\":\"ListItem\",\"position\":1,\"name\":\"Home\",\"item\":\"https:\\\/\\\/www.wopg.org\\\/es\\\/\"},{\"@type\":\"ListItem\",\"position\":2,\"name\":\"27, 28 y 29 de marzo de 2026 &#8211; Prem Rawat en Buenos Aires\"}]},{\"@type\":\"WebSite\",\"@id\":\"https:\\\/\\\/www.wopg.org\\\/es\\\/#website\",\"url\":\"https:\\\/\\\/www.wopg.org\\\/es\\\/\",\"name\":\"Words of Peace\",\"description\":\"Practice Peace, Change Your World\",\"publisher\":{\"@id\":\"https:\\\/\\\/www.wopg.org\\\/es\\\/#organization\"},\"potentialAction\":[{\"@type\":\"SearchAction\",\"target\":{\"@type\":\"EntryPoint\",\"urlTemplate\":\"https:\\\/\\\/www.wopg.org\\\/es\\\/?s={search_term_string}\"},\"query-input\":{\"@type\":\"PropertyValueSpecification\",\"valueRequired\":true,\"valueName\":\"search_term_string\"}}],\"inLanguage\":\"es\"},{\"@type\":\"Organization\",\"@id\":\"https:\\\/\\\/www.wopg.org\\\/es\\\/#organization\",\"name\":\"Words of Peace\",\"url\":\"https:\\\/\\\/www.wopg.org\\\/es\\\/\",\"logo\":{\"@type\":\"ImageObject\",\"inLanguage\":\"es\",\"@id\":\"https:\\\/\\\/www.wopg.org\\\/es\\\/#\\\/schema\\\/logo\\\/image\\\/\",\"url\":\"https:\\\/\\\/wopg.org\\\/wp-content\\\/uploads\\\/2022\\\/02\\\/Words-of-Peace-logo-website61x252.png\",\"contentUrl\":\"https:\\\/\\\/wopg.org\\\/wp-content\\\/uploads\\\/2022\\\/02\\\/Words-of-Peace-logo-website61x252.png\",\"width\":252,\"height\":61,\"caption\":\"Words of Peace\"},\"image\":{\"@id\":\"https:\\\/\\\/www.wopg.org\\\/es\\\/#\\\/schema\\\/logo\\\/image\\\/\"},\"sameAs\":[\"https:\\\/\\\/www.facebook.com\\\/wordsofpeaceglobal\",\"https:\\\/\\\/x.com\\\/wopg\",\"https:\\\/\\\/www.instagram.com\\\/wopgofficial\\\/\"]},{\"@type\":\"Person\",\"@id\":\"https:\\\/\\\/www.wopg.org\\\/es\\\/#\\\/schema\\\/person\\\/d3d11db72a0ccdab996f68053f8495f1\",\"name\":\"Carmine\",\"image\":{\"@type\":\"ImageObject\",\"inLanguage\":\"es\",\"@id\":\"https:\\\/\\\/secure.gravatar.com\\\/avatar\\\/0d1627d54f68a11050bcb7910085c6f067e95a9d71dfc5de1025a4cf15cdfb19?s=96&d=mm&r=g\",\"url\":\"https:\\\/\\\/secure.gravatar.com\\\/avatar\\\/0d1627d54f68a11050bcb7910085c6f067e95a9d71dfc5de1025a4cf15cdfb19?s=96&d=mm&r=g\",\"contentUrl\":\"https:\\\/\\\/secure.gravatar.com\\\/avatar\\\/0d1627d54f68a11050bcb7910085c6f067e95a9d71dfc5de1025a4cf15cdfb19?s=96&d=mm&r=g\",\"caption\":\"Carmine\"},\"url\":\"https:\\\/\\\/www.wopg.org\\\/es\\\/author\\\/carmine\\\/\"}]}<\/script>\n<!-- \/ Yoast SEO plugin. -->","yoast_head_json":{"title":"27, 28 y 29 de marzo de 2026 - Prem Rawat en Buenos Aires | Words of Peace","robots":{"index":"index","follow":"follow","max-snippet":"max-snippet:-1","max-image-preview":"max-image-preview:large","max-video-preview":"max-video-preview:-1"},"canonical":"https:\/\/www.wopg.org\/es\/3-dias-con-prem-rawat-en-buenos-aires\/","og_locale":"es_ES","og_type":"article","og_title":"27, 28 y 29 de marzo de 2026 - Prem Rawat en Buenos Aires | Words of Peace","og_description":"Descubre la VidaEn vivo con Prem RawatBuenos Aires, Argentina27, 28 y 29 de marzo de 2026\u00danete a este encuentro global de tres d\u00edas, est\u00e9s donde est\u00e9s, presencialmente o en l\u00ednea.Horarios:Viernes 27 de marzoLa sesi\u00f3n vespertina comienza a las 17:00 h. Las puertas del lobby abren a las 15:00 h.S\u00e1bado 28 de marzoLa sesi\u00f3n matutina comienza [&hellip;]","og_url":"https:\/\/www.wopg.org\/es\/3-dias-con-prem-rawat-en-buenos-aires\/","og_site_name":"Words of Peace","article_publisher":"https:\/\/www.facebook.com\/wordsofpeaceglobal","article_published_time":"2026-03-03T11:48:26+00:00","article_modified_time":"2026-03-30T14:09:54+00:00","og_image":[{"width":1080,"height":608,"url":"https:\/\/eadn-wc03-5903292.nxedge.io\/wp-content\/uploads\/2026\/02\/AdobeStock_1589159755_1080x680.jpg","type":"image\/jpeg"}],"author":"Carmine","twitter_card":"summary_large_image","twitter_creator":"@wopg","twitter_site":"@wopg","twitter_misc":{"Escrito por":"Carmine","Tiempo de lectura":"14 minutos"},"schema":{"@context":"https:\/\/schema.org","@graph":[{"@type":"Article","@id":"https:\/\/www.wopg.org\/es\/3-dias-con-prem-rawat-en-buenos-aires\/#article","isPartOf":{"@id":"https:\/\/www.wopg.org\/es\/3-dias-con-prem-rawat-en-buenos-aires\/"},"author":{"name":"Carmine","@id":"https:\/\/www.wopg.org\/es\/#\/schema\/person\/d3d11db72a0ccdab996f68053f8495f1"},"headline":"27, 28 y 29 de marzo de 2026 &#8211; Prem Rawat en Buenos Aires","datePublished":"2026-03-03T11:48:26+00:00","dateModified":"2026-03-30T14:09:54+00:00","mainEntityOfPage":{"@id":"https:\/\/www.wopg.org\/es\/3-dias-con-prem-rawat-en-buenos-aires\/"},"wordCount":2751,"publisher":{"@id":"https:\/\/www.wopg.org\/es\/#organization"},"articleSection":["Recent"],"inLanguage":"es"},{"@type":"WebPage","@id":"https:\/\/www.wopg.org\/es\/3-dias-con-prem-rawat-en-buenos-aires\/","url":"https:\/\/www.wopg.org\/es\/3-dias-con-prem-rawat-en-buenos-aires\/","name":"27, 28 y 29 de marzo de 2026 - Prem Rawat en Buenos Aires | Words of Peace","isPartOf":{"@id":"https:\/\/www.wopg.org\/es\/#website"},"datePublished":"2026-03-03T11:48:26+00:00","dateModified":"2026-03-30T14:09:54+00:00","breadcrumb":{"@id":"https:\/\/www.wopg.org\/es\/3-dias-con-prem-rawat-en-buenos-aires\/#breadcrumb"},"inLanguage":"es","potentialAction":[{"@type":"ReadAction","target":["https:\/\/www.wopg.org\/es\/3-dias-con-prem-rawat-en-buenos-aires\/"]}]},{"@type":"BreadcrumbList","@id":"https:\/\/www.wopg.org\/es\/3-dias-con-prem-rawat-en-buenos-aires\/#breadcrumb","itemListElement":[{"@type":"ListItem","position":1,"name":"Home","item":"https:\/\/www.wopg.org\/es\/"},{"@type":"ListItem","position":2,"name":"27, 28 y 29 de marzo de 2026 &#8211; Prem Rawat en Buenos Aires"}]},{"@type":"WebSite","@id":"https:\/\/www.wopg.org\/es\/#website","url":"https:\/\/www.wopg.org\/es\/","name":"Words of Peace","description":"Practice Peace, Change Your World","publisher":{"@id":"https:\/\/www.wopg.org\/es\/#organization"},"potentialAction":[{"@type":"SearchAction","target":{"@type":"EntryPoint","urlTemplate":"https:\/\/www.wopg.org\/es\/?s={search_term_string}"},"query-input":{"@type":"PropertyValueSpecification","valueRequired":true,"valueName":"search_term_string"}}],"inLanguage":"es"},{"@type":"Organization","@id":"https:\/\/www.wopg.org\/es\/#organization","name":"Words of Peace","url":"https:\/\/www.wopg.org\/es\/","logo":{"@type":"ImageObject","inLanguage":"es","@id":"https:\/\/www.wopg.org\/es\/#\/schema\/logo\/image\/","url":"https:\/\/wopg.org\/wp-content\/uploads\/2022\/02\/Words-of-Peace-logo-website61x252.png","contentUrl":"https:\/\/wopg.org\/wp-content\/uploads\/2022\/02\/Words-of-Peace-logo-website61x252.png","width":252,"height":61,"caption":"Words of Peace"},"image":{"@id":"https:\/\/www.wopg.org\/es\/#\/schema\/logo\/image\/"},"sameAs":["https:\/\/www.facebook.com\/wordsofpeaceglobal","https:\/\/x.com\/wopg","https:\/\/www.instagram.com\/wopgofficial\/"]},{"@type":"Person","@id":"https:\/\/www.wopg.org\/es\/#\/schema\/person\/d3d11db72a0ccdab996f68053f8495f1","name":"Carmine","image":{"@type":"ImageObject","inLanguage":"es","@id":"https:\/\/secure.gravatar.com\/avatar\/0d1627d54f68a11050bcb7910085c6f067e95a9d71dfc5de1025a4cf15cdfb19?s=96&d=mm&r=g","url":"https:\/\/secure.gravatar.com\/avatar\/0d1627d54f68a11050bcb7910085c6f067e95a9d71dfc5de1025a4cf15cdfb19?s=96&d=mm&r=g","contentUrl":"https:\/\/secure.gravatar.com\/avatar\/0d1627d54f68a11050bcb7910085c6f067e95a9d71dfc5de1025a4cf15cdfb19?s=96&d=mm&r=g","caption":"Carmine"},"url":"https:\/\/www.wopg.org\/es\/author\/carmine\/"}]}},"_links":{"self":[{"href":"https:\/\/www.wopg.org\/es\/wp-json\/wp\/v2\/posts\/47138","targetHints":{"allow":["GET"]}}],"collection":[{"href":"https:\/\/www.wopg.org\/es\/wp-json\/wp\/v2\/posts"}],"about":[{"href":"https:\/\/www.wopg.org\/es\/wp-json\/wp\/v2\/types\/post"}],"author":[{"embeddable":true,"href":"https:\/\/www.wopg.org\/es\/wp-json\/wp\/v2\/users\/3"}],"replies":[{"embeddable":true,"href":"https:\/\/www.wopg.org\/es\/wp-json\/wp\/v2\/comments?post=47138"}],"version-history":[{"count":78,"href":"https:\/\/www.wopg.org\/es\/wp-json\/wp\/v2\/posts\/47138\/revisions"}],"predecessor-version":[{"id":47890,"href":"https:\/\/www.wopg.org\/es\/wp-json\/wp\/v2\/posts\/47138\/revisions\/47890"}],"wp:attachment":[{"href":"https:\/\/www.wopg.org\/es\/wp-json\/wp\/v2\/media?parent=47138"}],"wp:term":[{"taxonomy":"category","embeddable":true,"href":"https:\/\/www.wopg.org\/es\/wp-json\/wp\/v2\/categories?post=47138"},{"taxonomy":"post_tag","embeddable":true,"href":"https:\/\/www.wopg.org\/es\/wp-json\/wp\/v2\/tags?post=47138"},{"taxonomy":"post_folder","embeddable":true,"href":"https:\/\/www.wopg.org\/es\/wp-json\/wp\/v2\/post_folder?post=47138"}],"curies":[{"name":"wp","href":"https:\/\/api.w.org\/{rel}","templated":true}]}}