{"id":47690,"date":"2026-03-02T10:24:36","date_gmt":"2026-03-02T10:24:36","guid":{"rendered":"https:\/\/www.wopg.org\/?p=47690"},"modified":"2026-03-25T18:35:59","modified_gmt":"2026-03-25T18:35:59","slug":"prem-rawat-en-barcelona-espana-3-std","status":"publish","type":"post","link":"https:\/\/www.wopg.org\/es\/prem-rawat-en-barcelona-espana-3-std\/","title":{"rendered":"PREM RAWAT en Barcelona, Espa\u00f1a"},"content":{"rendered":"<p>[et_pb_section fb_built=\u00bb1&#8243; _builder_version=\u00bb4.17.4&#8243; _module_preset=\u00bbdefault\u00bb custom_margin=\u00bb-50px||||false|false\u00bb custom_padding=\u00bb0px||0px||false|false\u00bb global_colors_info=\u00bb{}\u00bb][et_pb_row _builder_version=\u00bb4.17.4&#8243; _module_preset=\u00bbdefault\u00bb custom_padding=\u00bb0px||||false|false\u00bb global_colors_info=\u00bb{}\u00bb][et_pb_column type=\u00bb4_4&#8243; _builder_version=\u00bb4.17.4&#8243; _module_preset=\u00bbdefault\u00bb global_colors_info=\u00bb{}\u00bb][et_pb_text disabled_on=\u00bboff|off|off\u00bb _builder_version=\u00bb4.27.5&#8243; _module_preset=\u00bbdefault\u00bb global_colors_info=\u00bb{}\u00bb]<\/p>\n<h6 style=\"text-align: center;\">Foto por cortes\u00eda de TimelessToday<\/h6>\n<p>[\/et_pb_text][\/et_pb_column][\/et_pb_row][\/et_pb_section][et_pb_section fb_built=\u00bb1&#8243; admin_label=\u00bbsection\u00bb _builder_version=\u00bb4.16&#8243; custom_padding=\u00bb0px||0px||false|false\u00bb global_colors_info=\u00bb{}\u00bb][et_pb_row admin_label=\u00bbrow\u00bb _builder_version=\u00bb4.16&#8243; background_size=\u00bbinitial\u00bb background_position=\u00bbtop_left\u00bb background_repeat=\u00bbrepeat\u00bb global_colors_info=\u00bb{}\u00bb][et_pb_column type=\u00bb4_4&#8243; _builder_version=\u00bb4.16&#8243; custom_padding=\u00bb|||\u00bb global_colors_info=\u00bb{}\u00bb custom_padding__hover=\u00bb|||\u00bb][et_pb_text admin_label=\u00bbTitle\u00bb _builder_version=\u00bb4.27.5&#8243; _module_preset=\u00bbdefault\u00bb global_colors_info=\u00bb{}\u00bb]<\/p>\n<div class=\"et_pb_row et_pb_row_0\">\n<div class=\"et_pb_column et_pb_column_4_4 et_pb_column_0 et_pb_css_mix_blend_mode_passthrough et-last-child\">\n<div class=\"et_pb_module et_pb_text et_pb_text_0 et_pb_text_align_left et_pb_bg_layout_light\">\n<div class=\"et_pb_text_inner\">\n<h3 style=\"text-align: center;\">RESERVA LA FECHA<\/h3>\n<\/div>\n<p><\/div>\n<p>[\/et_pb_text][et_pb_text admin_label=\u00bbInformations\u00bb _builder_version=\u00bb4.27.5&#8243; _module_preset=\u00bbdefault\u00bb header_4_text_color=\u00bb#008B73&#8243; header_5_text_color=\u00bb#008B73&#8243; hover_enabled=\u00bb0&#8243; global_colors_info=\u00bb{}\u00bb sticky_enabled=\u00bb0&#8243;]<\/p>\n<p class=\"p1\" style=\"text-align: center;\">Bienvenidos a un evento en<\/p>\n<h4 style=\"text-align: center;\"><strong>Barcelona, Espa\u00f1a<\/strong><\/h4>\n<p class=\"p1\" style=\"text-align: center;\">con el reconocido orador <span style=\"color: #008b73;\"><strong>Prem Rawat<\/strong><\/span><\/p>\n<p class=\"p1\" style=\"text-align: center;\">Domingo 26 de abril a las 17:00 (hora local)<\/p>\n<p class=\"p1\">Durane 60 a\u00f1os, <a href=\"https:\/\/www.premrawat.com\" target=\"_blank\" rel=\"noopener\">el educador para la paz y autor de bestsellers Prem Rawat <\/a>ha compartido su mensaje de paz interior con audiencias de todo el mundo. En 2025, particip\u00f3 en m\u00e1s de 69 eventos p\u00fablicos, entrevistas y encuentros en 16 pa\u00edses. Prem viene a Barcelona, \u00a1y todos los interesados en su mensaje est\u00e1n invitados a asistir!<\/p>\n<p class=\"p1\">El evento ser\u00e1 en ingl\u00e9s. Aunque habr\u00e1 traducci\u00f3n simult\u00e1nea al espa\u00f1ol, portugu\u00e9s, franc\u00e9s, italiano y alem\u00e1n.<\/p>\n<p class=\"p1\">Pronto les informaremos sobre los detalles del evento y cu\u00e1ndo podr\u00e1n comprar sus entradas. Si desean colaborar en este evento, creen un perfil y soliciten un puesto de voluntario en <a href=\"https:\/\/evol.wopg.org\/\" target=\"_blank\" rel=\"noopener\">evol.wopg.org<\/a>.<\/p>\n<p class=\"p1\">Para estar al d\u00eda, revisa tu correo electr\u00f3nico o visita la p\u00e1gina de informaci\u00f3n sobre el pr\u00f3ximo evento en el <a href=\"https:\/\/www.wopg.org\/es\/proximos-eventos\/\" target=\"_blank\" rel=\"noopener\">sitio web de WOPG<\/a><\/p>\n<p class=\"p1\">Pronto se publicar\u00e1 informaci\u00f3n sobre una posible retransmisi\u00f3n de este evento para los suscriptores de TimelessToday\u00ae. M\u00e1s informaci\u00f3n en <a href=\"https:\/\/www.premrawat.com\/events-and-livestreams\/\" target=\"_blank\" rel=\"noopener\">www.premrawat.com<\/a>.<\/p>\n<p>[\/et_pb_text][et_pb_divider _builder_version=\u00bb4.27.4&#8243; _module_preset=\u00bbdefault\u00bb global_colors_info=\u00bb{}\u00bb][\/et_pb_divider][et_pb_text disabled_on=\u00bboff|off|off\u00bb admin_label=\u00bbNotice\u00bb _builder_version=\u00bb4.27.5&#8243; _module_preset=\u00bbdefault\u00bb global_colors_info=\u00bb{}\u00bb]<\/p>\n<p class=\"p1\">Este aviso previo se ofrece para ayudarle a planificar, pero no debe utilizarse para reservar viajes ni alojamiento, ya que el n\u00famero de personas que soliciten plaza podr\u00eda superar el aforo del recinto.<\/p>\n<p class=\"p1\">Si tienes alguna pregunta, env\u00edanos un mensaje a <a href=\"https:\/\/www.wopg.org\/es\/contacto\/\" target=\"_blank\" rel=\"noopener\">www.wopg.org\/contact<\/a> o escribe directamente a\u00a0 <a href=\"mailto:contact@wopg.org\" target=\"_blank\" rel=\"noopener\">contact@wopg.org<\/a>.<\/p>\n<p>[\/et_pb_text][\/et_pb_column][\/et_pb_row][\/et_pb_section]<\/p>\n","protected":false},"excerpt":{"rendered":"<p>Foto por cortes\u00eda de TimelessToday RESERVA LA FECHA Bienvenidos a un evento en Barcelona, Espa\u00f1a con el reconocido orador Prem Rawat Domingo 26 de abril a las 17:00 (hora local) Durane 60 a\u00f1os, el educador para la paz y autor de bestsellers Prem Rawat ha compartido su mensaje de paz interior con audiencias de todo [&hellip;]<\/p>\n","protected":false},"author":14,"featured_media":47692,"comment_status":"closed","ping_status":"closed","sticky":false,"template":"","format":"standard","meta":{"_et_pb_use_builder":"on","_et_pb_old_content":"","_et_gb_content_width":"","cybocfi_hide_featured_image":"","footnotes":""},"categories":[8],"tags":[],"post_folder":[],"class_list":["post-47690","post","type-post","status-publish","format-standard","has-post-thumbnail","hentry","category-sin-categorizar"],"yoast_head":"<!-- This site is optimized with the Yoast SEO plugin v27.3 - https:\/\/yoast.com\/product\/yoast-seo-wordpress\/ -->\n<title>PREM RAWAT en Barcelona, Espa\u00f1a | Words of Peace<\/title>\n<meta name=\"robots\" content=\"index, follow, max-snippet:-1, max-image-preview:large, max-video-preview:-1\" \/>\n<link rel=\"canonical\" href=\"https:\/\/www.wopg.org\/es\/prem-rawat-en-barcelona-espana-3-std\/\" \/>\n<meta property=\"og:locale\" content=\"es_ES\" \/>\n<meta property=\"og:type\" content=\"article\" \/>\n<meta property=\"og:title\" content=\"PREM RAWAT en Barcelona, Espa\u00f1a | Words of Peace\" \/>\n<meta property=\"og:description\" content=\"Foto por cortes\u00eda de TimelessToday RESERVA LA FECHA Bienvenidos a un evento en Barcelona, Espa\u00f1a con el reconocido orador Prem Rawat Domingo 26 de abril a las 17:00 (hora local) Durane 60 a\u00f1os, el educador para la paz y autor de bestsellers Prem Rawat ha compartido su mensaje de paz interior con audiencias de todo [&hellip;]\" \/>\n<meta property=\"og:url\" content=\"https:\/\/www.wopg.org\/es\/prem-rawat-en-barcelona-espana-3-std\/\" \/>\n<meta property=\"og:site_name\" content=\"Words of Peace\" \/>\n<meta property=\"article:publisher\" content=\"https:\/\/www.facebook.com\/wordsofpeaceglobal\" \/>\n<meta property=\"article:published_time\" content=\"2026-03-02T10:24:36+00:00\" \/>\n<meta property=\"article:modified_time\" content=\"2026-03-25T18:35:59+00:00\" \/>\n<meta property=\"og:image\" content=\"https:\/\/eadn-wc03-5903292.nxedge.io\/wp-content\/uploads\/2026\/03\/dreamstime_m_77105030_1080x608.jpg\" \/>\n\t<meta property=\"og:image:width\" content=\"1080\" \/>\n\t<meta property=\"og:image:height\" content=\"608\" \/>\n\t<meta property=\"og:image:type\" content=\"image\/jpeg\" \/>\n<meta name=\"author\" content=\"Roberto\" \/>\n<meta name=\"twitter:card\" content=\"summary_large_image\" \/>\n<meta name=\"twitter:creator\" content=\"@wopg\" \/>\n<meta name=\"twitter:site\" content=\"@wopg\" \/>\n<meta name=\"twitter:label1\" content=\"Escrito por\" \/>\n\t<meta name=\"twitter:data1\" content=\"Roberto\" \/>\n\t<meta name=\"twitter:label2\" content=\"Tiempo de lectura\" \/>\n\t<meta name=\"twitter:data2\" content=\"2 minutos\" \/>\n<script type=\"application\/ld+json\" class=\"yoast-schema-graph\">{\"@context\":\"https:\\\/\\\/schema.org\",\"@graph\":[{\"@type\":\"Article\",\"@id\":\"https:\\\/\\\/www.wopg.org\\\/es\\\/prem-rawat-en-barcelona-espana-3-std\\\/#article\",\"isPartOf\":{\"@id\":\"https:\\\/\\\/www.wopg.org\\\/es\\\/prem-rawat-en-barcelona-espana-3-std\\\/\"},\"author\":{\"name\":\"Roberto\",\"@id\":\"https:\\\/\\\/www.wopg.org\\\/es\\\/#\\\/schema\\\/person\\\/c495a5aacd2a074ce031b7fa6625b3af\"},\"headline\":\"PREM RAWAT en Barcelona, Espa\u00f1a\",\"datePublished\":\"2026-03-02T10:24:36+00:00\",\"dateModified\":\"2026-03-25T18:35:59+00:00\",\"mainEntityOfPage\":{\"@id\":\"https:\\\/\\\/www.wopg.org\\\/es\\\/prem-rawat-en-barcelona-espana-3-std\\\/\"},\"wordCount\":488,\"publisher\":{\"@id\":\"https:\\\/\\\/www.wopg.org\\\/es\\\/#organization\"},\"image\":{\"@id\":\"https:\\\/\\\/www.wopg.org\\\/es\\\/prem-rawat-en-barcelona-espana-3-std\\\/#primaryimage\"},\"thumbnailUrl\":\"https:\\\/\\\/www.wopg.org\\\/wp-content\\\/uploads\\\/2026\\\/03\\\/dreamstime_m_77105030_1080x608.jpg\",\"articleSection\":[\"Sin categorizar\"],\"inLanguage\":\"es\"},{\"@type\":\"WebPage\",\"@id\":\"https:\\\/\\\/www.wopg.org\\\/es\\\/prem-rawat-en-barcelona-espana-3-std\\\/\",\"url\":\"https:\\\/\\\/www.wopg.org\\\/es\\\/prem-rawat-en-barcelona-espana-3-std\\\/\",\"name\":\"PREM RAWAT en Barcelona, Espa\u00f1a | Words of Peace\",\"isPartOf\":{\"@id\":\"https:\\\/\\\/www.wopg.org\\\/es\\\/#website\"},\"primaryImageOfPage\":{\"@id\":\"https:\\\/\\\/www.wopg.org\\\/es\\\/prem-rawat-en-barcelona-espana-3-std\\\/#primaryimage\"},\"image\":{\"@id\":\"https:\\\/\\\/www.wopg.org\\\/es\\\/prem-rawat-en-barcelona-espana-3-std\\\/#primaryimage\"},\"thumbnailUrl\":\"https:\\\/\\\/www.wopg.org\\\/wp-content\\\/uploads\\\/2026\\\/03\\\/dreamstime_m_77105030_1080x608.jpg\",\"datePublished\":\"2026-03-02T10:24:36+00:00\",\"dateModified\":\"2026-03-25T18:35:59+00:00\",\"breadcrumb\":{\"@id\":\"https:\\\/\\\/www.wopg.org\\\/es\\\/prem-rawat-en-barcelona-espana-3-std\\\/#breadcrumb\"},\"inLanguage\":\"es\",\"potentialAction\":[{\"@type\":\"ReadAction\",\"target\":[\"https:\\\/\\\/www.wopg.org\\\/es\\\/prem-rawat-en-barcelona-espana-3-std\\\/\"]}]},{\"@type\":\"ImageObject\",\"inLanguage\":\"es\",\"@id\":\"https:\\\/\\\/www.wopg.org\\\/es\\\/prem-rawat-en-barcelona-espana-3-std\\\/#primaryimage\",\"url\":\"https:\\\/\\\/www.wopg.org\\\/wp-content\\\/uploads\\\/2026\\\/03\\\/dreamstime_m_77105030_1080x608.jpg\",\"contentUrl\":\"https:\\\/\\\/www.wopg.org\\\/wp-content\\\/uploads\\\/2026\\\/03\\\/dreamstime_m_77105030_1080x608.jpg\",\"width\":1080,\"height\":608},{\"@type\":\"BreadcrumbList\",\"@id\":\"https:\\\/\\\/www.wopg.org\\\/es\\\/prem-rawat-en-barcelona-espana-3-std\\\/#breadcrumb\",\"itemListElement\":[{\"@type\":\"ListItem\",\"position\":1,\"name\":\"Home\",\"item\":\"https:\\\/\\\/www.wopg.org\\\/es\\\/\"},{\"@type\":\"ListItem\",\"position\":2,\"name\":\"PREM RAWAT en Barcelona, Espa\u00f1a\"}]},{\"@type\":\"WebSite\",\"@id\":\"https:\\\/\\\/www.wopg.org\\\/es\\\/#website\",\"url\":\"https:\\\/\\\/www.wopg.org\\\/es\\\/\",\"name\":\"Words of Peace\",\"description\":\"Practice Peace, Change Your World\",\"publisher\":{\"@id\":\"https:\\\/\\\/www.wopg.org\\\/es\\\/#organization\"},\"potentialAction\":[{\"@type\":\"SearchAction\",\"target\":{\"@type\":\"EntryPoint\",\"urlTemplate\":\"https:\\\/\\\/www.wopg.org\\\/es\\\/?s={search_term_string}\"},\"query-input\":{\"@type\":\"PropertyValueSpecification\",\"valueRequired\":true,\"valueName\":\"search_term_string\"}}],\"inLanguage\":\"es\"},{\"@type\":\"Organization\",\"@id\":\"https:\\\/\\\/www.wopg.org\\\/es\\\/#organization\",\"name\":\"Words of Peace\",\"url\":\"https:\\\/\\\/www.wopg.org\\\/es\\\/\",\"logo\":{\"@type\":\"ImageObject\",\"inLanguage\":\"es\",\"@id\":\"https:\\\/\\\/www.wopg.org\\\/es\\\/#\\\/schema\\\/logo\\\/image\\\/\",\"url\":\"https:\\\/\\\/wopg.org\\\/wp-content\\\/uploads\\\/2022\\\/02\\\/Words-of-Peace-logo-website61x252.png\",\"contentUrl\":\"https:\\\/\\\/wopg.org\\\/wp-content\\\/uploads\\\/2022\\\/02\\\/Words-of-Peace-logo-website61x252.png\",\"width\":252,\"height\":61,\"caption\":\"Words of Peace\"},\"image\":{\"@id\":\"https:\\\/\\\/www.wopg.org\\\/es\\\/#\\\/schema\\\/logo\\\/image\\\/\"},\"sameAs\":[\"https:\\\/\\\/www.facebook.com\\\/wordsofpeaceglobal\",\"https:\\\/\\\/x.com\\\/wopg\",\"https:\\\/\\\/www.instagram.com\\\/wopgofficial\\\/\"]},{\"@type\":\"Person\",\"@id\":\"https:\\\/\\\/www.wopg.org\\\/es\\\/#\\\/schema\\\/person\\\/c495a5aacd2a074ce031b7fa6625b3af\",\"name\":\"Roberto\",\"image\":{\"@type\":\"ImageObject\",\"inLanguage\":\"es\",\"@id\":\"https:\\\/\\\/secure.gravatar.com\\\/avatar\\\/3a2423ab531630d32d946fa10acea4a736bd03feede76ddcc150434c8458228b?s=96&d=mm&r=g\",\"url\":\"https:\\\/\\\/secure.gravatar.com\\\/avatar\\\/3a2423ab531630d32d946fa10acea4a736bd03feede76ddcc150434c8458228b?s=96&d=mm&r=g\",\"contentUrl\":\"https:\\\/\\\/secure.gravatar.com\\\/avatar\\\/3a2423ab531630d32d946fa10acea4a736bd03feede76ddcc150434c8458228b?s=96&d=mm&r=g\",\"caption\":\"Roberto\"},\"url\":\"https:\\\/\\\/www.wopg.org\\\/es\\\/author\\\/roberto\\\/\"}]}<\/script>\n<!-- \/ Yoast SEO plugin. -->","yoast_head_json":{"title":"PREM RAWAT en Barcelona, Espa\u00f1a | Words of Peace","robots":{"index":"index","follow":"follow","max-snippet":"max-snippet:-1","max-image-preview":"max-image-preview:large","max-video-preview":"max-video-preview:-1"},"canonical":"https:\/\/www.wopg.org\/es\/prem-rawat-en-barcelona-espana-3-std\/","og_locale":"es_ES","og_type":"article","og_title":"PREM RAWAT en Barcelona, Espa\u00f1a | Words of Peace","og_description":"Foto por cortes\u00eda de TimelessToday RESERVA LA FECHA Bienvenidos a un evento en Barcelona, Espa\u00f1a con el reconocido orador Prem Rawat Domingo 26 de abril a las 17:00 (hora local) Durane 60 a\u00f1os, el educador para la paz y autor de bestsellers Prem Rawat ha compartido su mensaje de paz interior con audiencias de todo [&hellip;]","og_url":"https:\/\/www.wopg.org\/es\/prem-rawat-en-barcelona-espana-3-std\/","og_site_name":"Words of Peace","article_publisher":"https:\/\/www.facebook.com\/wordsofpeaceglobal","article_published_time":"2026-03-02T10:24:36+00:00","article_modified_time":"2026-03-25T18:35:59+00:00","og_image":[{"width":1080,"height":608,"url":"https:\/\/eadn-wc03-5903292.nxedge.io\/wp-content\/uploads\/2026\/03\/dreamstime_m_77105030_1080x608.jpg","type":"image\/jpeg"}],"author":"Roberto","twitter_card":"summary_large_image","twitter_creator":"@wopg","twitter_site":"@wopg","twitter_misc":{"Escrito por":"Roberto","Tiempo de lectura":"2 minutos"},"schema":{"@context":"https:\/\/schema.org","@graph":[{"@type":"Article","@id":"https:\/\/www.wopg.org\/es\/prem-rawat-en-barcelona-espana-3-std\/#article","isPartOf":{"@id":"https:\/\/www.wopg.org\/es\/prem-rawat-en-barcelona-espana-3-std\/"},"author":{"name":"Roberto","@id":"https:\/\/www.wopg.org\/es\/#\/schema\/person\/c495a5aacd2a074ce031b7fa6625b3af"},"headline":"PREM RAWAT en Barcelona, Espa\u00f1a","datePublished":"2026-03-02T10:24:36+00:00","dateModified":"2026-03-25T18:35:59+00:00","mainEntityOfPage":{"@id":"https:\/\/www.wopg.org\/es\/prem-rawat-en-barcelona-espana-3-std\/"},"wordCount":488,"publisher":{"@id":"https:\/\/www.wopg.org\/es\/#organization"},"image":{"@id":"https:\/\/www.wopg.org\/es\/prem-rawat-en-barcelona-espana-3-std\/#primaryimage"},"thumbnailUrl":"https:\/\/eadn-wc03-5903292.nxedge.io\/wp-content\/uploads\/2026\/03\/dreamstime_m_77105030_1080x608.jpg","articleSection":["Sin categorizar"],"inLanguage":"es"},{"@type":"WebPage","@id":"https:\/\/www.wopg.org\/es\/prem-rawat-en-barcelona-espana-3-std\/","url":"https:\/\/www.wopg.org\/es\/prem-rawat-en-barcelona-espana-3-std\/","name":"PREM RAWAT en Barcelona, Espa\u00f1a | Words of Peace","isPartOf":{"@id":"https:\/\/www.wopg.org\/es\/#website"},"primaryImageOfPage":{"@id":"https:\/\/www.wopg.org\/es\/prem-rawat-en-barcelona-espana-3-std\/#primaryimage"},"image":{"@id":"https:\/\/www.wopg.org\/es\/prem-rawat-en-barcelona-espana-3-std\/#primaryimage"},"thumbnailUrl":"https:\/\/eadn-wc03-5903292.nxedge.io\/wp-content\/uploads\/2026\/03\/dreamstime_m_77105030_1080x608.jpg","datePublished":"2026-03-02T10:24:36+00:00","dateModified":"2026-03-25T18:35:59+00:00","breadcrumb":{"@id":"https:\/\/www.wopg.org\/es\/prem-rawat-en-barcelona-espana-3-std\/#breadcrumb"},"inLanguage":"es","potentialAction":[{"@type":"ReadAction","target":["https:\/\/www.wopg.org\/es\/prem-rawat-en-barcelona-espana-3-std\/"]}]},{"@type":"ImageObject","inLanguage":"es","@id":"https:\/\/www.wopg.org\/es\/prem-rawat-en-barcelona-espana-3-std\/#primaryimage","url":"https:\/\/eadn-wc03-5903292.nxedge.io\/wp-content\/uploads\/2026\/03\/dreamstime_m_77105030_1080x608.jpg","contentUrl":"https:\/\/eadn-wc03-5903292.nxedge.io\/wp-content\/uploads\/2026\/03\/dreamstime_m_77105030_1080x608.jpg","width":1080,"height":608},{"@type":"BreadcrumbList","@id":"https:\/\/www.wopg.org\/es\/prem-rawat-en-barcelona-espana-3-std\/#breadcrumb","itemListElement":[{"@type":"ListItem","position":1,"name":"Home","item":"https:\/\/www.wopg.org\/es\/"},{"@type":"ListItem","position":2,"name":"PREM RAWAT en Barcelona, Espa\u00f1a"}]},{"@type":"WebSite","@id":"https:\/\/www.wopg.org\/es\/#website","url":"https:\/\/www.wopg.org\/es\/","name":"Words of Peace","description":"Practice Peace, Change Your World","publisher":{"@id":"https:\/\/www.wopg.org\/es\/#organization"},"potentialAction":[{"@type":"SearchAction","target":{"@type":"EntryPoint","urlTemplate":"https:\/\/www.wopg.org\/es\/?s={search_term_string}"},"query-input":{"@type":"PropertyValueSpecification","valueRequired":true,"valueName":"search_term_string"}}],"inLanguage":"es"},{"@type":"Organization","@id":"https:\/\/www.wopg.org\/es\/#organization","name":"Words of Peace","url":"https:\/\/www.wopg.org\/es\/","logo":{"@type":"ImageObject","inLanguage":"es","@id":"https:\/\/www.wopg.org\/es\/#\/schema\/logo\/image\/","url":"https:\/\/wopg.org\/wp-content\/uploads\/2022\/02\/Words-of-Peace-logo-website61x252.png","contentUrl":"https:\/\/wopg.org\/wp-content\/uploads\/2022\/02\/Words-of-Peace-logo-website61x252.png","width":252,"height":61,"caption":"Words of Peace"},"image":{"@id":"https:\/\/www.wopg.org\/es\/#\/schema\/logo\/image\/"},"sameAs":["https:\/\/www.facebook.com\/wordsofpeaceglobal","https:\/\/x.com\/wopg","https:\/\/www.instagram.com\/wopgofficial\/"]},{"@type":"Person","@id":"https:\/\/www.wopg.org\/es\/#\/schema\/person\/c495a5aacd2a074ce031b7fa6625b3af","name":"Roberto","image":{"@type":"ImageObject","inLanguage":"es","@id":"https:\/\/secure.gravatar.com\/avatar\/3a2423ab531630d32d946fa10acea4a736bd03feede76ddcc150434c8458228b?s=96&d=mm&r=g","url":"https:\/\/secure.gravatar.com\/avatar\/3a2423ab531630d32d946fa10acea4a736bd03feede76ddcc150434c8458228b?s=96&d=mm&r=g","contentUrl":"https:\/\/secure.gravatar.com\/avatar\/3a2423ab531630d32d946fa10acea4a736bd03feede76ddcc150434c8458228b?s=96&d=mm&r=g","caption":"Roberto"},"url":"https:\/\/www.wopg.org\/es\/author\/roberto\/"}]}},"_links":{"self":[{"href":"https:\/\/www.wopg.org\/es\/wp-json\/wp\/v2\/posts\/47690","targetHints":{"allow":["GET"]}}],"collection":[{"href":"https:\/\/www.wopg.org\/es\/wp-json\/wp\/v2\/posts"}],"about":[{"href":"https:\/\/www.wopg.org\/es\/wp-json\/wp\/v2\/types\/post"}],"author":[{"embeddable":true,"href":"https:\/\/www.wopg.org\/es\/wp-json\/wp\/v2\/users\/14"}],"replies":[{"embeddable":true,"href":"https:\/\/www.wopg.org\/es\/wp-json\/wp\/v2\/comments?post=47690"}],"version-history":[{"count":24,"href":"https:\/\/www.wopg.org\/es\/wp-json\/wp\/v2\/posts\/47690\/revisions"}],"predecessor-version":[{"id":47809,"href":"https:\/\/www.wopg.org\/es\/wp-json\/wp\/v2\/posts\/47690\/revisions\/47809"}],"wp:featuredmedia":[{"embeddable":true,"href":"https:\/\/www.wopg.org\/es\/wp-json\/wp\/v2\/media\/47692"}],"wp:attachment":[{"href":"https:\/\/www.wopg.org\/es\/wp-json\/wp\/v2\/media?parent=47690"}],"wp:term":[{"taxonomy":"category","embeddable":true,"href":"https:\/\/www.wopg.org\/es\/wp-json\/wp\/v2\/categories?post=47690"},{"taxonomy":"post_tag","embeddable":true,"href":"https:\/\/www.wopg.org\/es\/wp-json\/wp\/v2\/tags?post=47690"},{"taxonomy":"post_folder","embeddable":true,"href":"https:\/\/www.wopg.org\/es\/wp-json\/wp\/v2\/post_folder?post=47690"}],"curies":[{"name":"wp","href":"https:\/\/api.w.org\/{rel}","templated":true}]}}