{"id":1890,"date":"2022-02-27T15:29:28","date_gmt":"2022-02-27T15:29:28","guid":{"rendered":"http:\/\/wopg01.local\/celebration-du-53eme-anniversaire\/"},"modified":"2022-03-17T19:38:58","modified_gmt":"2022-03-17T19:38:58","slug":"celebration-du-53eme-anniversaire","status":"publish","type":"post","link":"https:\/\/www.wopg.org\/fr\/celebration-du-53eme-anniversaire\/","title":{"rendered":"C\u00e9l\u00e9bration du 53\u00e8me anniversaire"},"content":{"rendered":"<p>[et_pb_section fb_built=\u00a0\u00bb1&Prime; admin_label=\u00a0\u00bbsection\u00a0\u00bb _builder_version=\u00a0\u00bb3.22&Prime; global_colors_info=\u00a0\u00bb{}\u00a0\u00bb][et_pb_row admin_label=\u00a0\u00bbrow\u00a0\u00bb _builder_version=\u00a0\u00bb3.25&Prime; background_size=\u00a0\u00bbinitial\u00a0\u00bb background_position=\u00a0\u00bbtop_left\u00a0\u00bb background_repeat=\u00a0\u00bbrepeat\u00a0\u00bb global_colors_info=\u00a0\u00bb{}\u00a0\u00bb][et_pb_column type=\u00a0\u00bb4_4&Prime; _builder_version=\u00a0\u00bb3.25&Prime; custom_padding=\u00a0\u00bb|||\u00a0\u00bb global_colors_info=\u00a0\u00bb{}\u00a0\u00bb custom_padding__hover=\u00a0\u00bb|||\u00a0\u00bb][et_pb_text admin_label=\u00a0\u00bbText\u00a0\u00bb _builder_version=\u00a0\u00bb4.14.9&Prime; background_size=\u00a0\u00bbinitial\u00a0\u00bb background_position=\u00a0\u00bbtop_left\u00a0\u00bb background_repeat=\u00a0\u00bbrepeat\u00a0\u00bb hover_enabled=\u00a0\u00bb0&Prime; global_colors_info=\u00a0\u00bb{}\u00a0\u00bb sticky_enabled=\u00a0\u00bb0&Prime;]<\/p>\n<h3><\/h3>\n<h3>Jeevant \u2013 Se sentir vivant<\/h3>\n<p>Le 31 juillet marque l\u2019anniversaire du jour o\u00f9 Prem Rawat, enfant, a commenc\u00e9 \u00e0 enseigner pour la premi\u00e8re fois en Inde.<\/p>\n<p>En 2019, \u201cJeevant\u201d (\u00ab se sentir vivant \u00bb), la c\u00e9l\u00e9bration du 53\u00e8me anniversaire de l\u2019\u0153uvre de Prem a \u00e9t\u00e9 organis\u00e9e au Indira Gandhi Indoor Stadium de Delhi pour environ 15 000 invit\u00e9s d\u2019Inde et de l\u2019\u00e9tranger.<\/p>\n<p><img loading=\"lazy\" decoding=\"async\" class=\"alignnone size-full wp-image-929\" src=\"https:\/\/wopg.org\/wp-content\/uploads\/2022\/02\/Delhi_Guru_Puja-collage.jpg\" alt=\"Delhi Guru Puja\" width=\"1080\" height=\"570\" srcset=\"https:\/\/eadn-wc03-5903292.nxedge.io\/wp-content\/uploads\/2022\/02\/Delhi_Guru_Puja-collage.jpg 1080w, https:\/\/eadn-wc03-5903292.nxedge.io\/wp-content\/uploads\/2022\/02\/Delhi_Guru_Puja-collage-300x158.jpg 300w, https:\/\/eadn-wc03-5903292.nxedge.io\/wp-content\/uploads\/2022\/02\/Delhi_Guru_Puja-collage-1024x540.jpg 1024w, https:\/\/eadn-wc03-5903292.nxedge.io\/wp-content\/uploads\/2022\/02\/Delhi_Guru_Puja-collage-768x405.jpg 768w, https:\/\/eadn-wc03-5903292.nxedge.io\/wp-content\/uploads\/2022\/02\/Delhi_Guru_Puja-collage-980x517.jpg 980w, https:\/\/eadn-wc03-5903292.nxedge.io\/wp-content\/uploads\/2022\/02\/Delhi_Guru_Puja-collage-480x253.jpg 480w\" sizes=\"(max-width: 1080px) 100vw, 1080px\" \/><\/p>\n<p>&nbsp;<\/p>\n<p>Plusieurs interviews de radio et de t\u00e9l\u00e9vision, des articles de presse et d\u2019autres invitations \u00e0 des conf\u00e9rences ont \u00e9t\u00e9 annonc\u00e9s sur les\u00a0<a href=\"https:\/\/www.facebook.com\/rajvidyakender\/\">m\u00e9dias sociaux<\/a>, cr\u00e9ant un \u00e9v\u00e9nement inoubliable\u00a0<a href=\"https:\/\/www.facebook.com\/myanjantv\/\">diffus\u00e9 en direct<\/a>\u00a0dans toute l\u2019Inde.<\/p>\n<p><img loading=\"lazy\" decoding=\"async\" class=\"alignnone size-full wp-image-933\" src=\"https:\/\/wopg.org\/wp-content\/uploads\/2022\/02\/Delhi_Guru_Puja_band.jpg\" alt=\"Delhi Guru Puja Band\" width=\"1080\" height=\"570\" srcset=\"https:\/\/eadn-wc03-5903292.nxedge.io\/wp-content\/uploads\/2022\/02\/Delhi_Guru_Puja_band.jpg 1080w, https:\/\/eadn-wc03-5903292.nxedge.io\/wp-content\/uploads\/2022\/02\/Delhi_Guru_Puja_band-300x158.jpg 300w, https:\/\/eadn-wc03-5903292.nxedge.io\/wp-content\/uploads\/2022\/02\/Delhi_Guru_Puja_band-1024x540.jpg 1024w, https:\/\/eadn-wc03-5903292.nxedge.io\/wp-content\/uploads\/2022\/02\/Delhi_Guru_Puja_band-768x405.jpg 768w, https:\/\/eadn-wc03-5903292.nxedge.io\/wp-content\/uploads\/2022\/02\/Delhi_Guru_Puja_band-980x517.jpg 980w, https:\/\/eadn-wc03-5903292.nxedge.io\/wp-content\/uploads\/2022\/02\/Delhi_Guru_Puja_band-480x253.jpg 480w\" sizes=\"(max-width: 1080px) 100vw, 1080px\" \/><\/p>\n<p>&nbsp;<\/p>\n<p>M\u00eame si tous n\u2019ont pas pu assister et prendre part \u00e0 la c\u00e9l\u00e9bration, ceux qui connaissent l\u2019\u0153uvre exceptionnelle de Prem autour du monde ont l\u2019occasion de participer \u00e0 ce qu\u2019il est en train d\u2019accomplir.\u00a0<a href=\"https:\/\/www.premrawat.com\/\">En d\u00e9couvrir plus<\/a>.<\/p>\n<p><img loading=\"lazy\" decoding=\"async\" class=\"alignnone size-full wp-image-937\" src=\"https:\/\/wopg.org\/wp-content\/uploads\/2022\/02\/2womensmiling.jpg\" alt=\"Audience\" width=\"1080\" height=\"570\" srcset=\"https:\/\/eadn-wc03-5903292.nxedge.io\/wp-content\/uploads\/2022\/02\/2womensmiling.jpg 1080w, https:\/\/eadn-wc03-5903292.nxedge.io\/wp-content\/uploads\/2022\/02\/2womensmiling-300x158.jpg 300w, https:\/\/eadn-wc03-5903292.nxedge.io\/wp-content\/uploads\/2022\/02\/2womensmiling-1024x540.jpg 1024w, https:\/\/eadn-wc03-5903292.nxedge.io\/wp-content\/uploads\/2022\/02\/2womensmiling-768x405.jpg 768w, https:\/\/eadn-wc03-5903292.nxedge.io\/wp-content\/uploads\/2022\/02\/2womensmiling-980x517.jpg 980w, https:\/\/eadn-wc03-5903292.nxedge.io\/wp-content\/uploads\/2022\/02\/2womensmiling-480x253.jpg 480w\" sizes=\"(max-width: 1080px) 100vw, 1080px\" \/><\/p>\n<p>[\/et_pb_text][\/et_pb_column][\/et_pb_row][\/et_pb_section]<\/p>\n","protected":false},"excerpt":{"rendered":"<p>Jeevant \u2013 Se sentir vivant Le 31 juillet marque l\u2019anniversaire du jour o\u00f9 Prem Rawat, enfant, a commenc\u00e9 \u00e0 enseigner pour la premi\u00e8re fois en Inde. En 2019, \u201cJeevant\u201d (\u00ab se sentir vivant \u00bb), la c\u00e9l\u00e9bration du 53\u00e8me anniversaire de l\u2019\u0153uvre de Prem a \u00e9t\u00e9 organis\u00e9e au Indira Gandhi Indoor Stadium de Delhi pour environ [&hellip;]<\/p>\n","protected":false},"author":3,"featured_media":889,"comment_status":"open","ping_status":"open","sticky":false,"template":"","format":"standard","meta":{"_et_pb_use_builder":"on","_et_pb_old_content":"","_et_gb_content_width":"","cybocfi_hide_featured_image":"","footnotes":""},"categories":[36],"tags":[],"post_folder":[],"class_list":["post-1890","post","type-post","status-publish","format-standard","has-post-thumbnail","hentry","category-nouvelles"],"yoast_head":"<!-- This site is optimized with the Yoast SEO plugin v27.3 - https:\/\/yoast.com\/product\/yoast-seo-wordpress\/ -->\n<title>C\u00e9l\u00e9bration du 53\u00e8me anniversaire | Words of Peace<\/title>\n<meta name=\"robots\" content=\"index, follow, max-snippet:-1, max-image-preview:large, max-video-preview:-1\" \/>\n<link rel=\"canonical\" href=\"https:\/\/www.wopg.org\/fr\/celebration-du-53eme-anniversaire\/\" \/>\n<meta property=\"og:locale\" content=\"fr_FR\" \/>\n<meta property=\"og:type\" content=\"article\" \/>\n<meta property=\"og:title\" content=\"C\u00e9l\u00e9bration du 53\u00e8me anniversaire | Words of Peace\" \/>\n<meta property=\"og:description\" content=\"Jeevant \u2013 Se sentir vivant Le 31 juillet marque l\u2019anniversaire du jour o\u00f9 Prem Rawat, enfant, a commenc\u00e9 \u00e0 enseigner pour la premi\u00e8re fois en Inde. En 2019, \u201cJeevant\u201d (\u00ab se sentir vivant \u00bb), la c\u00e9l\u00e9bration du 53\u00e8me anniversaire de l\u2019\u0153uvre de Prem a \u00e9t\u00e9 organis\u00e9e au Indira Gandhi Indoor Stadium de Delhi pour environ [&hellip;]\" \/>\n<meta property=\"og:url\" content=\"https:\/\/www.wopg.org\/fr\/celebration-du-53eme-anniversaire\/\" \/>\n<meta property=\"og:site_name\" content=\"Words of Peace\" \/>\n<meta property=\"article:publisher\" content=\"https:\/\/www.facebook.com\/wordsofpeaceglobal\" \/>\n<meta property=\"article:published_time\" content=\"2022-02-27T15:29:28+00:00\" \/>\n<meta property=\"article:modified_time\" content=\"2022-03-17T19:38:58+00:00\" \/>\n<meta property=\"og:image\" content=\"https:\/\/eadn-wc03-5903292.nxedge.io\/wp-content\/uploads\/2022\/02\/prem-rawat-53rd-anniversary_1080x608.jpg\" \/>\n\t<meta property=\"og:image:width\" content=\"1081\" \/>\n\t<meta property=\"og:image:height\" content=\"608\" \/>\n\t<meta property=\"og:image:type\" content=\"image\/jpeg\" \/>\n<meta name=\"author\" content=\"Carmine\" \/>\n<meta name=\"twitter:card\" content=\"summary_large_image\" \/>\n<meta name=\"twitter:creator\" content=\"@wopg\" \/>\n<meta name=\"twitter:site\" content=\"@wopg\" \/>\n<meta name=\"twitter:label1\" content=\"\u00c9crit par\" \/>\n\t<meta name=\"twitter:data1\" content=\"Carmine\" \/>\n\t<meta name=\"twitter:label2\" content=\"Dur\u00e9e de lecture estim\u00e9e\" \/>\n\t<meta name=\"twitter:data2\" content=\"1 minute\" \/>\n<script type=\"application\/ld+json\" class=\"yoast-schema-graph\">{\"@context\":\"https:\\\/\\\/schema.org\",\"@graph\":[{\"@type\":\"Article\",\"@id\":\"https:\\\/\\\/www.wopg.org\\\/fr\\\/celebration-du-53eme-anniversaire\\\/#article\",\"isPartOf\":{\"@id\":\"https:\\\/\\\/www.wopg.org\\\/fr\\\/celebration-du-53eme-anniversaire\\\/\"},\"author\":{\"name\":\"Carmine\",\"@id\":\"https:\\\/\\\/www.wopg.org\\\/fr\\\/#\\\/schema\\\/person\\\/d3d11db72a0ccdab996f68053f8495f1\"},\"headline\":\"C\u00e9l\u00e9bration du 53\u00e8me anniversaire\",\"datePublished\":\"2022-02-27T15:29:28+00:00\",\"dateModified\":\"2022-03-17T19:38:58+00:00\",\"mainEntityOfPage\":{\"@id\":\"https:\\\/\\\/www.wopg.org\\\/fr\\\/celebration-du-53eme-anniversaire\\\/\"},\"wordCount\":242,\"commentCount\":0,\"publisher\":{\"@id\":\"https:\\\/\\\/www.wopg.org\\\/fr\\\/#organization\"},\"image\":{\"@id\":\"https:\\\/\\\/www.wopg.org\\\/fr\\\/celebration-du-53eme-anniversaire\\\/#primaryimage\"},\"thumbnailUrl\":\"https:\\\/\\\/www.wopg.org\\\/wp-content\\\/uploads\\\/2022\\\/02\\\/prem-rawat-53rd-anniversary_1080x608.jpg\",\"articleSection\":[\"News\"],\"inLanguage\":\"fr-FR\",\"potentialAction\":[{\"@type\":\"CommentAction\",\"name\":\"Comment\",\"target\":[\"https:\\\/\\\/www.wopg.org\\\/fr\\\/celebration-du-53eme-anniversaire\\\/#respond\"]}]},{\"@type\":\"WebPage\",\"@id\":\"https:\\\/\\\/www.wopg.org\\\/fr\\\/celebration-du-53eme-anniversaire\\\/\",\"url\":\"https:\\\/\\\/www.wopg.org\\\/fr\\\/celebration-du-53eme-anniversaire\\\/\",\"name\":\"C\u00e9l\u00e9bration du 53\u00e8me anniversaire | Words of Peace\",\"isPartOf\":{\"@id\":\"https:\\\/\\\/www.wopg.org\\\/fr\\\/#website\"},\"primaryImageOfPage\":{\"@id\":\"https:\\\/\\\/www.wopg.org\\\/fr\\\/celebration-du-53eme-anniversaire\\\/#primaryimage\"},\"image\":{\"@id\":\"https:\\\/\\\/www.wopg.org\\\/fr\\\/celebration-du-53eme-anniversaire\\\/#primaryimage\"},\"thumbnailUrl\":\"https:\\\/\\\/www.wopg.org\\\/wp-content\\\/uploads\\\/2022\\\/02\\\/prem-rawat-53rd-anniversary_1080x608.jpg\",\"datePublished\":\"2022-02-27T15:29:28+00:00\",\"dateModified\":\"2022-03-17T19:38:58+00:00\",\"breadcrumb\":{\"@id\":\"https:\\\/\\\/www.wopg.org\\\/fr\\\/celebration-du-53eme-anniversaire\\\/#breadcrumb\"},\"inLanguage\":\"fr-FR\",\"potentialAction\":[{\"@type\":\"ReadAction\",\"target\":[\"https:\\\/\\\/www.wopg.org\\\/fr\\\/celebration-du-53eme-anniversaire\\\/\"]}]},{\"@type\":\"ImageObject\",\"inLanguage\":\"fr-FR\",\"@id\":\"https:\\\/\\\/www.wopg.org\\\/fr\\\/celebration-du-53eme-anniversaire\\\/#primaryimage\",\"url\":\"https:\\\/\\\/www.wopg.org\\\/wp-content\\\/uploads\\\/2022\\\/02\\\/prem-rawat-53rd-anniversary_1080x608.jpg\",\"contentUrl\":\"https:\\\/\\\/www.wopg.org\\\/wp-content\\\/uploads\\\/2022\\\/02\\\/prem-rawat-53rd-anniversary_1080x608.jpg\",\"width\":1081,\"height\":608},{\"@type\":\"BreadcrumbList\",\"@id\":\"https:\\\/\\\/www.wopg.org\\\/fr\\\/celebration-du-53eme-anniversaire\\\/#breadcrumb\",\"itemListElement\":[{\"@type\":\"ListItem\",\"position\":1,\"name\":\"Home\",\"item\":\"https:\\\/\\\/www.wopg.org\\\/fr\\\/\"},{\"@type\":\"ListItem\",\"position\":2,\"name\":\"C\u00e9l\u00e9bration du 53\u00e8me anniversaire\"}]},{\"@type\":\"WebSite\",\"@id\":\"https:\\\/\\\/www.wopg.org\\\/fr\\\/#website\",\"url\":\"https:\\\/\\\/www.wopg.org\\\/fr\\\/\",\"name\":\"Words of Peace\",\"description\":\"Practice Peace, Change Your World\",\"publisher\":{\"@id\":\"https:\\\/\\\/www.wopg.org\\\/fr\\\/#organization\"},\"potentialAction\":[{\"@type\":\"SearchAction\",\"target\":{\"@type\":\"EntryPoint\",\"urlTemplate\":\"https:\\\/\\\/www.wopg.org\\\/fr\\\/?s={search_term_string}\"},\"query-input\":{\"@type\":\"PropertyValueSpecification\",\"valueRequired\":true,\"valueName\":\"search_term_string\"}}],\"inLanguage\":\"fr-FR\"},{\"@type\":\"Organization\",\"@id\":\"https:\\\/\\\/www.wopg.org\\\/fr\\\/#organization\",\"name\":\"Words of Peace\",\"url\":\"https:\\\/\\\/www.wopg.org\\\/fr\\\/\",\"logo\":{\"@type\":\"ImageObject\",\"inLanguage\":\"fr-FR\",\"@id\":\"https:\\\/\\\/www.wopg.org\\\/fr\\\/#\\\/schema\\\/logo\\\/image\\\/\",\"url\":\"https:\\\/\\\/wopg.org\\\/wp-content\\\/uploads\\\/2022\\\/02\\\/Words-of-Peace-logo-website61x252.png\",\"contentUrl\":\"https:\\\/\\\/wopg.org\\\/wp-content\\\/uploads\\\/2022\\\/02\\\/Words-of-Peace-logo-website61x252.png\",\"width\":252,\"height\":61,\"caption\":\"Words of Peace\"},\"image\":{\"@id\":\"https:\\\/\\\/www.wopg.org\\\/fr\\\/#\\\/schema\\\/logo\\\/image\\\/\"},\"sameAs\":[\"https:\\\/\\\/www.facebook.com\\\/wordsofpeaceglobal\",\"https:\\\/\\\/x.com\\\/wopg\",\"https:\\\/\\\/www.instagram.com\\\/wopgofficial\\\/\"]},{\"@type\":\"Person\",\"@id\":\"https:\\\/\\\/www.wopg.org\\\/fr\\\/#\\\/schema\\\/person\\\/d3d11db72a0ccdab996f68053f8495f1\",\"name\":\"Carmine\",\"image\":{\"@type\":\"ImageObject\",\"inLanguage\":\"fr-FR\",\"@id\":\"https:\\\/\\\/secure.gravatar.com\\\/avatar\\\/0d1627d54f68a11050bcb7910085c6f067e95a9d71dfc5de1025a4cf15cdfb19?s=96&d=mm&r=g\",\"url\":\"https:\\\/\\\/secure.gravatar.com\\\/avatar\\\/0d1627d54f68a11050bcb7910085c6f067e95a9d71dfc5de1025a4cf15cdfb19?s=96&d=mm&r=g\",\"contentUrl\":\"https:\\\/\\\/secure.gravatar.com\\\/avatar\\\/0d1627d54f68a11050bcb7910085c6f067e95a9d71dfc5de1025a4cf15cdfb19?s=96&d=mm&r=g\",\"caption\":\"Carmine\"},\"url\":\"https:\\\/\\\/www.wopg.org\\\/fr\\\/author\\\/carmine\\\/\"}]}<\/script>\n<!-- \/ Yoast SEO plugin. -->","yoast_head_json":{"title":"C\u00e9l\u00e9bration du 53\u00e8me anniversaire | Words of Peace","robots":{"index":"index","follow":"follow","max-snippet":"max-snippet:-1","max-image-preview":"max-image-preview:large","max-video-preview":"max-video-preview:-1"},"canonical":"https:\/\/www.wopg.org\/fr\/celebration-du-53eme-anniversaire\/","og_locale":"fr_FR","og_type":"article","og_title":"C\u00e9l\u00e9bration du 53\u00e8me anniversaire | Words of Peace","og_description":"Jeevant \u2013 Se sentir vivant Le 31 juillet marque l\u2019anniversaire du jour o\u00f9 Prem Rawat, enfant, a commenc\u00e9 \u00e0 enseigner pour la premi\u00e8re fois en Inde. En 2019, \u201cJeevant\u201d (\u00ab se sentir vivant \u00bb), la c\u00e9l\u00e9bration du 53\u00e8me anniversaire de l\u2019\u0153uvre de Prem a \u00e9t\u00e9 organis\u00e9e au Indira Gandhi Indoor Stadium de Delhi pour environ [&hellip;]","og_url":"https:\/\/www.wopg.org\/fr\/celebration-du-53eme-anniversaire\/","og_site_name":"Words of Peace","article_publisher":"https:\/\/www.facebook.com\/wordsofpeaceglobal","article_published_time":"2022-02-27T15:29:28+00:00","article_modified_time":"2022-03-17T19:38:58+00:00","og_image":[{"width":1081,"height":608,"url":"https:\/\/eadn-wc03-5903292.nxedge.io\/wp-content\/uploads\/2022\/02\/prem-rawat-53rd-anniversary_1080x608.jpg","type":"image\/jpeg"}],"author":"Carmine","twitter_card":"summary_large_image","twitter_creator":"@wopg","twitter_site":"@wopg","twitter_misc":{"\u00c9crit par":"Carmine","Dur\u00e9e de lecture estim\u00e9e":"1 minute"},"schema":{"@context":"https:\/\/schema.org","@graph":[{"@type":"Article","@id":"https:\/\/www.wopg.org\/fr\/celebration-du-53eme-anniversaire\/#article","isPartOf":{"@id":"https:\/\/www.wopg.org\/fr\/celebration-du-53eme-anniversaire\/"},"author":{"name":"Carmine","@id":"https:\/\/www.wopg.org\/fr\/#\/schema\/person\/d3d11db72a0ccdab996f68053f8495f1"},"headline":"C\u00e9l\u00e9bration du 53\u00e8me anniversaire","datePublished":"2022-02-27T15:29:28+00:00","dateModified":"2022-03-17T19:38:58+00:00","mainEntityOfPage":{"@id":"https:\/\/www.wopg.org\/fr\/celebration-du-53eme-anniversaire\/"},"wordCount":242,"commentCount":0,"publisher":{"@id":"https:\/\/www.wopg.org\/fr\/#organization"},"image":{"@id":"https:\/\/www.wopg.org\/fr\/celebration-du-53eme-anniversaire\/#primaryimage"},"thumbnailUrl":"https:\/\/eadn-wc03-5903292.nxedge.io\/wp-content\/uploads\/2022\/02\/prem-rawat-53rd-anniversary_1080x608.jpg","articleSection":["News"],"inLanguage":"fr-FR","potentialAction":[{"@type":"CommentAction","name":"Comment","target":["https:\/\/www.wopg.org\/fr\/celebration-du-53eme-anniversaire\/#respond"]}]},{"@type":"WebPage","@id":"https:\/\/www.wopg.org\/fr\/celebration-du-53eme-anniversaire\/","url":"https:\/\/www.wopg.org\/fr\/celebration-du-53eme-anniversaire\/","name":"C\u00e9l\u00e9bration du 53\u00e8me anniversaire | Words of Peace","isPartOf":{"@id":"https:\/\/www.wopg.org\/fr\/#website"},"primaryImageOfPage":{"@id":"https:\/\/www.wopg.org\/fr\/celebration-du-53eme-anniversaire\/#primaryimage"},"image":{"@id":"https:\/\/www.wopg.org\/fr\/celebration-du-53eme-anniversaire\/#primaryimage"},"thumbnailUrl":"https:\/\/eadn-wc03-5903292.nxedge.io\/wp-content\/uploads\/2022\/02\/prem-rawat-53rd-anniversary_1080x608.jpg","datePublished":"2022-02-27T15:29:28+00:00","dateModified":"2022-03-17T19:38:58+00:00","breadcrumb":{"@id":"https:\/\/www.wopg.org\/fr\/celebration-du-53eme-anniversaire\/#breadcrumb"},"inLanguage":"fr-FR","potentialAction":[{"@type":"ReadAction","target":["https:\/\/www.wopg.org\/fr\/celebration-du-53eme-anniversaire\/"]}]},{"@type":"ImageObject","inLanguage":"fr-FR","@id":"https:\/\/www.wopg.org\/fr\/celebration-du-53eme-anniversaire\/#primaryimage","url":"https:\/\/eadn-wc03-5903292.nxedge.io\/wp-content\/uploads\/2022\/02\/prem-rawat-53rd-anniversary_1080x608.jpg","contentUrl":"https:\/\/eadn-wc03-5903292.nxedge.io\/wp-content\/uploads\/2022\/02\/prem-rawat-53rd-anniversary_1080x608.jpg","width":1081,"height":608},{"@type":"BreadcrumbList","@id":"https:\/\/www.wopg.org\/fr\/celebration-du-53eme-anniversaire\/#breadcrumb","itemListElement":[{"@type":"ListItem","position":1,"name":"Home","item":"https:\/\/www.wopg.org\/fr\/"},{"@type":"ListItem","position":2,"name":"C\u00e9l\u00e9bration du 53\u00e8me anniversaire"}]},{"@type":"WebSite","@id":"https:\/\/www.wopg.org\/fr\/#website","url":"https:\/\/www.wopg.org\/fr\/","name":"Words of Peace","description":"Practice Peace, Change Your World","publisher":{"@id":"https:\/\/www.wopg.org\/fr\/#organization"},"potentialAction":[{"@type":"SearchAction","target":{"@type":"EntryPoint","urlTemplate":"https:\/\/www.wopg.org\/fr\/?s={search_term_string}"},"query-input":{"@type":"PropertyValueSpecification","valueRequired":true,"valueName":"search_term_string"}}],"inLanguage":"fr-FR"},{"@type":"Organization","@id":"https:\/\/www.wopg.org\/fr\/#organization","name":"Words of Peace","url":"https:\/\/www.wopg.org\/fr\/","logo":{"@type":"ImageObject","inLanguage":"fr-FR","@id":"https:\/\/www.wopg.org\/fr\/#\/schema\/logo\/image\/","url":"https:\/\/wopg.org\/wp-content\/uploads\/2022\/02\/Words-of-Peace-logo-website61x252.png","contentUrl":"https:\/\/wopg.org\/wp-content\/uploads\/2022\/02\/Words-of-Peace-logo-website61x252.png","width":252,"height":61,"caption":"Words of Peace"},"image":{"@id":"https:\/\/www.wopg.org\/fr\/#\/schema\/logo\/image\/"},"sameAs":["https:\/\/www.facebook.com\/wordsofpeaceglobal","https:\/\/x.com\/wopg","https:\/\/www.instagram.com\/wopgofficial\/"]},{"@type":"Person","@id":"https:\/\/www.wopg.org\/fr\/#\/schema\/person\/d3d11db72a0ccdab996f68053f8495f1","name":"Carmine","image":{"@type":"ImageObject","inLanguage":"fr-FR","@id":"https:\/\/secure.gravatar.com\/avatar\/0d1627d54f68a11050bcb7910085c6f067e95a9d71dfc5de1025a4cf15cdfb19?s=96&d=mm&r=g","url":"https:\/\/secure.gravatar.com\/avatar\/0d1627d54f68a11050bcb7910085c6f067e95a9d71dfc5de1025a4cf15cdfb19?s=96&d=mm&r=g","contentUrl":"https:\/\/secure.gravatar.com\/avatar\/0d1627d54f68a11050bcb7910085c6f067e95a9d71dfc5de1025a4cf15cdfb19?s=96&d=mm&r=g","caption":"Carmine"},"url":"https:\/\/www.wopg.org\/fr\/author\/carmine\/"}]}},"_links":{"self":[{"href":"https:\/\/www.wopg.org\/fr\/wp-json\/wp\/v2\/posts\/1890","targetHints":{"allow":["GET"]}}],"collection":[{"href":"https:\/\/www.wopg.org\/fr\/wp-json\/wp\/v2\/posts"}],"about":[{"href":"https:\/\/www.wopg.org\/fr\/wp-json\/wp\/v2\/types\/post"}],"author":[{"embeddable":true,"href":"https:\/\/www.wopg.org\/fr\/wp-json\/wp\/v2\/users\/3"}],"replies":[{"embeddable":true,"href":"https:\/\/www.wopg.org\/fr\/wp-json\/wp\/v2\/comments?post=1890"}],"version-history":[{"count":4,"href":"https:\/\/www.wopg.org\/fr\/wp-json\/wp\/v2\/posts\/1890\/revisions"}],"predecessor-version":[{"id":4037,"href":"https:\/\/www.wopg.org\/fr\/wp-json\/wp\/v2\/posts\/1890\/revisions\/4037"}],"wp:featuredmedia":[{"embeddable":true,"href":"https:\/\/www.wopg.org\/fr\/wp-json\/wp\/v2\/media\/889"}],"wp:attachment":[{"href":"https:\/\/www.wopg.org\/fr\/wp-json\/wp\/v2\/media?parent=1890"}],"wp:term":[{"taxonomy":"category","embeddable":true,"href":"https:\/\/www.wopg.org\/fr\/wp-json\/wp\/v2\/categories?post=1890"},{"taxonomy":"post_tag","embeddable":true,"href":"https:\/\/www.wopg.org\/fr\/wp-json\/wp\/v2\/tags?post=1890"},{"taxonomy":"post_folder","embeddable":true,"href":"https:\/\/www.wopg.org\/fr\/wp-json\/wp\/v2\/post_folder?post=1890"}],"curies":[{"name":"wp","href":"https:\/\/api.w.org\/{rel}","templated":true}]}}