{"id":23198,"date":"2023-09-03T14:20:03","date_gmt":"2023-09-03T14:20:03","guid":{"rendered":"https:\/\/www.wopg.org\/?p=23198"},"modified":"2023-09-17T13:37:20","modified_gmt":"2023-09-17T13:37:20","slug":"prem-rawat-a-toronto-canada","status":"publish","type":"post","link":"https:\/\/www.wopg.org\/fr\/prem-rawat-a-toronto-canada\/","title":{"rendered":"3 septembre 2023 &#8211; Prem Rawat \u00e0 Toronto, Canada"},"content":{"rendered":"<p>[et_pb_section fb_built=\u00a0\u00bb1&Prime; _builder_version=\u00a0\u00bb4.21.0&Prime; _module_preset=\u00a0\u00bbdefault\u00a0\u00bb custom_padding=\u00a0\u00bb0px||||false|false\u00a0\u00bb global_colors_info=\u00a0\u00bb{}\u00a0\u00bb][et_pb_row _builder_version=\u00a0\u00bb4.21.0&Prime; _module_preset=\u00a0\u00bbdefault\u00a0\u00bb custom_padding=\u00a0\u00bb0px||||false|false\u00a0\u00bb global_colors_info=\u00a0\u00bb{}\u00a0\u00bb][et_pb_column type=\u00a0\u00bb4_4&Prime; _builder_version=\u00a0\u00bb4.21.0&Prime; _module_preset=\u00a0\u00bbdefault\u00a0\u00bb global_colors_info=\u00a0\u00bb{}\u00a0\u00bb][et_pb_image src=\u00a0\u00bbhttps:\/\/eadn-wc03-5903292.nxedge.io\/wp-content\/uploads\/2023\/07\/211017_Barcelona_IE_LS_nkm_217_1080x608_2.jpg\u00a0\u00bb alt=\u00a0\u00bbPrem Rawat\u00a0\u00bb title_text=\u00a0\u00bbPrem Rawat\u00a0\u00bb show_bottom_space=\u00a0\u00bboff\u00a0\u00bb align=\u00a0\u00bbcenter\u00a0\u00bb disabled_on=\u00a0\u00bboff|off|off\u00a0\u00bb _builder_version=\u00a0\u00bb4.21.0&Prime; _module_preset=\u00a0\u00bbdefault\u00a0\u00bb custom_padding=\u00a0\u00bb0px||0px||false|false\u00a0\u00bb global_colors_info=\u00a0\u00bb{}\u00a0\u00bb][\/et_pb_image][\/et_pb_column][\/et_pb_row][\/et_pb_section][et_pb_section fb_built=\u00a0\u00bb1&Prime; disabled_on=\u00a0\u00bboff|off|off\u00a0\u00bb _builder_version=\u00a0\u00bb4.21.0&Prime; _module_preset=\u00a0\u00bbdefault\u00a0\u00bb background_color=\u00a0\u00bb#761132&Prime; width=\u00a0\u00bb90%\u00a0\u00bb module_alignment=\u00a0\u00bbcenter\u00a0\u00bb custom_padding=\u00a0\u00bb0px||0px||false|false\u00a0\u00bb locked=\u00a0\u00bboff\u00a0\u00bb global_colors_info=\u00a0\u00bb{}\u00a0\u00bb][et_pb_row _builder_version=\u00a0\u00bb4.21.0&Prime; _module_preset=\u00a0\u00bbdefault\u00a0\u00bb custom_padding=\u00a0\u00bb0px||0px||false|false\u00a0\u00bb global_colors_info=\u00a0\u00bb{}\u00a0\u00bb][et_pb_column type=\u00a0\u00bb4_4&Prime; _builder_version=\u00a0\u00bb4.21.0&Prime; _module_preset=\u00a0\u00bbdefault\u00a0\u00bb global_colors_info=\u00a0\u00bb{}\u00a0\u00bb][et_pb_image src=\u00a0\u00bbhttps:\/\/eadn-wc03-5903292.nxedge.io\/wp-content\/uploads\/2023\/08\/2023_UM_Logo_Toronto.webp\u00a0\u00bb alt=\u00a0\u00bbComprendre et plus encore\u00a0\u00bb title_text=\u00a0\u00bb2023_U&amp;M_Logo_Toronto\u00a0\u00bb align=\u00a0\u00bbcenter\u00a0\u00bb disabled_on=\u00a0\u00bboff|off|off\u00a0\u00bb _builder_version=\u00a0\u00bb4.21.0&Prime; _module_preset=\u00a0\u00bbdefault\u00a0\u00bb width=\u00a0\u00bb45%\u00a0\u00bb width_tablet=\u00a0\u00bb50%\u00a0\u00bb width_phone=\u00a0\u00bbauto\u00a0\u00bb width_last_edited=\u00a0\u00bbon|phone\u00a0\u00bb global_colors_info=\u00a0\u00bb{}\u00a0\u00bb][\/et_pb_image][\/et_pb_column][\/et_pb_row][\/et_pb_section][et_pb_section fb_built=\u00a0\u00bb1&Prime; _builder_version=\u00a0\u00bb4.21.0&Prime; _module_preset=\u00a0\u00bbdefault\u00a0\u00bb custom_padding=\u00a0\u00bb0px||0px||false|false\u00a0\u00bb global_colors_info=\u00a0\u00bb{}\u00a0\u00bb][et_pb_row _builder_version=\u00a0\u00bb4.21.0&Prime; _module_preset=\u00a0\u00bbdefault\u00a0\u00bb custom_padding=\u00a0\u00bb5px||||false|false\u00a0\u00bb global_colors_info=\u00a0\u00bb{}\u00a0\u00bb][et_pb_column type=\u00a0\u00bb4_4&Prime; _builder_version=\u00a0\u00bb4.21.0&Prime; _module_preset=\u00a0\u00bbdefault\u00a0\u00bb global_colors_info=\u00a0\u00bb{}\u00a0\u00bb][et_pb_text _builder_version=\u00a0\u00bb4.21.0&Prime; _module_preset=\u00a0\u00bbdefault\u00a0\u00bb text_orientation=\u00a0\u00bbcenter\u00a0\u00bb global_colors_info=\u00a0\u00bb{}\u00a0\u00bb]<\/p>\n<h6>Image avec l&rsquo;aimable autorisation de TimelessToday<\/h6>\n<p>[\/et_pb_text][\/et_pb_column][\/et_pb_row][\/et_pb_section][et_pb_section fb_built=\u00a0\u00bb1&Prime; admin_label=\u00a0\u00bbsection\u00a0\u00bb _builder_version=\u00a0\u00bb4.16&Prime; custom_padding=\u00a0\u00bb0px||0px||false|false\u00a0\u00bb global_colors_info=\u00a0\u00bb{}\u00a0\u00bb][et_pb_row admin_label=\u00a0\u00bbrow\u00a0\u00bb _builder_version=\u00a0\u00bb4.16&Prime; background_size=\u00a0\u00bbinitial\u00a0\u00bb background_position=\u00a0\u00bbtop_left\u00a0\u00bb background_repeat=\u00a0\u00bbrepeat\u00a0\u00bb global_colors_info=\u00a0\u00bb{}\u00a0\u00bb][et_pb_column type=\u00a0\u00bb4_4&Prime; _builder_version=\u00a0\u00bb4.16&Prime; custom_padding=\u00a0\u00bb|||\u00a0\u00bb global_colors_info=\u00a0\u00bb{}\u00a0\u00bb custom_padding__hover=\u00a0\u00bb|||\u00a0\u00bb][et_pb_text disabled_on=\u00a0\u00bbon|on|on\u00a0\u00bb admin_label=\u00a0\u00bbTitle\u00a0\u00bb _builder_version=\u00a0\u00bb4.21.0&Prime; _module_preset=\u00a0\u00bbdefault\u00a0\u00bb header_2_text_align=\u00a0\u00bbleft\u00a0\u00bb disabled=\u00a0\u00bbon\u00a0\u00bb global_colors_info=\u00a0\u00bb{}\u00a0\u00bb]<\/p>\n<h2 class=\"p1\"><span class=\"s1\"><strong>Comprendre et plus encore<\/strong> &#8211; une journ\u00e9e avec Prem Rawat<\/span><\/h2>\n<p>[\/et_pb_text][et_pb_text admin_label=\u00a0\u00bbWHEN AND WHERE\u00a0\u00bb _builder_version=\u00a0\u00bb4.21.0&Prime; _module_preset=\u00a0\u00bbdefault\u00a0\u00bb global_colors_info=\u00a0\u00bb{}\u00a0\u00bb]<\/p>\n<p><em>Veuillez lire cette page qui contient des informations importantes sur l&rsquo;\u00e9v\u00e9nement \u00e0 venir, et vous y r\u00e9f\u00e9rer pour pr\u00e9parer votre venue.<\/em><\/p>\n<h3>COMPRENDRE ET PLUS ENCORE<\/h3>\n<p>&nbsp;<\/p>\n<p><strong>Venez profiter d&rsquo;une journ\u00e9e enti\u00e8re d&rsquo;\u00e9coute et d&rsquo;apprentissage en compagnie de Prem Rawat. D\u00e9couvrez en personne les sessions sp\u00e9ciales qu\u2019il a pr\u00e9par\u00e9es pour nous.<\/strong><\/p>\n<p>Il y aura des pauses. Un repas l\u00e9ger est inclus dans le prix du billet.<\/p>\n<h4>QUAND ET O\u00d9<\/h4>\n<p><strong>Date de l&rsquo;\u00e9v\u00e9nement : <\/strong> Dimanche 3 septembre 2023<\/p>\n<p><strong>Heure : <\/strong> La conf\u00e9rence d\u00e9butera \u00e0 10h EDT. Les portes du hall ouvriront \u00e0 8h45. L\u2019heure de fin sera entre 17h et 17h30.<\/p>\n<p><strong>Lieu :<\/strong> <em>Metropolitan Ballroom<\/em>, <a href=\"https:\/\/www.marriott.com\/en-us\/hotels\/yyzwi-the-westin-harbour-castle-toronto\/overview\/?scid=f2ae0541-1279-4f24-b197-a979c79310b0\" target=\"_blank\" rel=\"noopener\">Westin Harbour Castle Hotel<\/a>, 1 Harbour Square, Toronto ON M5J 1A6.<\/p>\n<p><a href=\"https:\/\/www.google.com\/maps\/@43.641,-79.3769,17z?hl=en-US&amp;entry=ttu\" target=\"_blank\" rel=\"noopener\">Itin\u00e9raire, parking et transports publics <\/a><\/p>\n<p>&#8211; Cliquez sur le lien OU faire descendre la page d\u2019accueil de la salle pour \u00ab\u00a0Getting Here\u00a0\u00bb (pour s\u2019y rendre).<\/p>\n<p>[\/et_pb_text][et_pb_text admin_label=\u00a0\u00bbWHO IS INVITED\u00a0\u00bb _builder_version=\u00a0\u00bb4.21.0&Prime; _module_preset=\u00a0\u00bbdefault\u00a0\u00bb global_colors_info=\u00a0\u00bb{}\u00a0\u00bb]<\/p>\n<h4>QUI EST INVIT\u00c9<\/h4>\n<p>Cette invitation s&rsquo;adresse \u00e0 tous ceux qui ont appris <a href=\"https:\/\/www.premrawat.com\/fr\/la-connaissance-de-soi\/\">les techniques de la Connaissance de soi<\/a>.<\/p>\n<h4>LANGUES<\/h4>\n<p><strong>Une traduction sera disponible en hindi, en tamoul et en fran\u00e7ais<\/strong>.<\/p>\n<p>Il y aura un canal d\u00e9di\u00e9 \u00e0 l\u2019anglais pour les malentendants. Des \u00e9couteurs seront disponibles dans le hall contre la carte d\u2019identit\u00e9.<\/p>\n<p>[\/et_pb_text][et_pb_text disabled_on=\u00a0\u00bbon|on|on\u00a0\u00bb admin_label=\u00a0\u00bbCOVID-19 VENUE PROTOCOL\u00a0\u00bb _builder_version=\u00a0\u00bb4.18.0&Prime; _module_preset=\u00a0\u00bbdefault\u00a0\u00bb disabled=\u00a0\u00bbon\u00a0\u00bb global_colors_info=\u00a0\u00bb{}\u00a0\u00bb]<\/p>\n<h4>Covid-19 Venue Protocol<\/h4>\n<p>Entry to the event is by presenting:<\/p>\n<ul>\n<li style=\"list-style-type: none;\">\n<ul>\n<li style=\"list-style-type: none;\">\n<ul>\n<li>a Covid-19 Vaccination Certificate OR<\/li>\n<\/ul>\n<ul>\n<li>a printed or electronic negative result of a PCR test or antigen test taken within 72 hours of the event OR<\/li>\n<\/ul>\n<ul>\n<li>a Certificate of Recovery from COVID-19<\/li>\n<\/ul>\n<\/li>\n<\/ul>\n<p>Everyone is expected to wear a medical or FFP2 facemask throughout the entire event. Seating is arranged in alternate seats for social distancing. Attendees are allowed to bring their own small bottle of water.<\/li>\n<\/ul>\n<p>[\/et_pb_text][et_pb_text admin_label=\u00a0\u00bbPURCHASE OF TICKETS\u00a0\u00bb _builder_version=\u00a0\u00bb4.21.0&Prime; _module_preset=\u00a0\u00bbdefault\u00a0\u00bb global_colors_info=\u00a0\u00bb{}\u00a0\u00bb]<\/p>\n<h4>BILLETS<\/h4>\n<p><strong>Les billets seront \u00e0 la vente le vendredi 25 ao\u00fbt \u00e0 10h EDT.<\/strong><\/p>\n<p>Lorsque vous entrez dans la salle, pensez \u00e0 pr\u00e9senter votre billet imprim\u00e9 ou votre billet \u00e9lectronique sur votre t\u00e9l\u00e9phone.<\/p>\n<p>Si vous n&rsquo;\u00eates pas en mesure d&rsquo;acheter un billet, pour quelque raison que ce soit, veuillez contacter :<br \/><a href=\"mailto:mailhelpwithtickets@gmail.com\">mailhelpwithtickets@gmail.com<\/a><\/p>\n<p><strong>Prix des billets<\/strong><\/p>\n<ul>\n<li style=\"list-style-type: none;\">\n<ul>\n<li>350 CAD + frais d&rsquo;agence de billetterie<\/li>\n<li>250 CAD + frais d&rsquo;agence de billetterie<\/li>\n<li>150 CAD + frais d&rsquo;agence de billetterie<\/li>\n<\/ul>\n<\/li>\n<\/ul>\n<p>Chaque personne pourra acheter 4 places. Cependant, n&rsquo;achetez que des places dont vous savez qu&rsquo;elles seront utilis\u00e9es.<\/p>\n<p><strong>Il n&rsquo;y aura pas de remboursement.<\/strong>.<\/p>\n<p>[\/et_pb_text][\/et_pb_column][\/et_pb_row][\/et_pb_section][et_pb_section fb_built=\u00a0\u00bb1&Prime; admin_label=\u00a0\u00bbsection\u00a0\u00bb _builder_version=\u00a0\u00bb4.16&Prime; custom_padding=\u00a0\u00bb0px||0px||false|false\u00a0\u00bb global_colors_info=\u00a0\u00bb{}\u00a0\u00bb][et_pb_row admin_label=\u00a0\u00bbrow\u00a0\u00bb _builder_version=\u00a0\u00bb4.16&Prime; background_size=\u00a0\u00bbinitial\u00a0\u00bb background_position=\u00a0\u00bbtop_left\u00a0\u00bb background_repeat=\u00a0\u00bbrepeat\u00a0\u00bb global_colors_info=\u00a0\u00bb{}\u00a0\u00bb][et_pb_column type=\u00a0\u00bb4_4&Prime; _builder_version=\u00a0\u00bb4.16&Prime; custom_padding=\u00a0\u00bb|||\u00a0\u00bb global_colors_info=\u00a0\u00bb{}\u00a0\u00bb custom_padding__hover=\u00a0\u00bb|||\u00a0\u00bb][et_pb_button button_url=\u00a0\u00bb#\u00a0\u00bb button_text=\u00a0\u00bbBillets bient\u00f4t disponibles\u00a0\u00bb button_alignment=\u00a0\u00bbcenter\u00a0\u00bb disabled_on=\u00a0\u00bbon|on|on\u00a0\u00bb _builder_version=\u00a0\u00bb4.17.4&Prime; _module_preset=\u00a0\u00bbdefault\u00a0\u00bb custom_button=\u00a0\u00bbon\u00a0\u00bb button_text_color=\u00a0\u00bb#FFFFFF\u00a0\u00bb button_bg_color=\u00a0\u00bbRGBA(255,196,89,0.8)\u00a0\u00bb button_border_width=\u00a0\u00bb0px\u00a0\u00bb button_border_radius=\u00a0\u00bb8px\u00a0\u00bb background_layout=\u00a0\u00bbdark\u00a0\u00bb custom_padding=\u00a0\u00bb10px|30px|10px|30px|true|true\u00a0\u00bb disabled=\u00a0\u00bbon\u00a0\u00bb global_colors_info=\u00a0\u00bb{}\u00a0\u00bb][\/et_pb_button][et_pb_button button_url=\u00a0\u00bbhttps:\/\/www.woodsticket.com\/toronto.html\u00a0\u00bb url_new_window=\u00a0\u00bbon\u00a0\u00bb button_text=\u00a0\u00bbAchat de billet(s)\u00a0\u00bb button_alignment=\u00a0\u00bbcenter\u00a0\u00bb disabled_on=\u00a0\u00bboff|off|off\u00a0\u00bb _builder_version=\u00a0\u00bb4.21.0&Prime; _module_preset=\u00a0\u00bbdefault\u00a0\u00bb custom_button=\u00a0\u00bbon\u00a0\u00bb button_bg_color=\u00a0\u00bb#008B73&Prime; button_border_width=\u00a0\u00bb0px\u00a0\u00bb button_border_radius=\u00a0\u00bb8px\u00a0\u00bb background_layout=\u00a0\u00bbdark\u00a0\u00bb custom_padding=\u00a0\u00bb10px|49px|10px|49px|true|true\u00a0\u00bb global_colors_info=\u00a0\u00bb{}\u00a0\u00bb][\/et_pb_button][et_pb_button button_url=\u00a0\u00bb#\u00a0\u00bb url_new_window=\u00a0\u00bbon\u00a0\u00bb button_text=\u00a0\u00bbTous les billets sont vendus\u00a0\u00bb button_alignment=\u00a0\u00bbcenter\u00a0\u00bb disabled_on=\u00a0\u00bbon|on|on\u00a0\u00bb _builder_version=\u00a0\u00bb4.21.0&Prime; _module_preset=\u00a0\u00bbdefault\u00a0\u00bb custom_button=\u00a0\u00bbon\u00a0\u00bb button_text_color=\u00a0\u00bb#FFFFFF\u00a0\u00bb button_bg_color=\u00a0\u00bb#FF0000&Prime; button_border_width=\u00a0\u00bb0px\u00a0\u00bb button_border_radius=\u00a0\u00bb8px\u00a0\u00bb background_layout=\u00a0\u00bbdark\u00a0\u00bb custom_padding=\u00a0\u00bb10px|49px|10px|49px|true|true\u00a0\u00bb disabled=\u00a0\u00bbon\u00a0\u00bb global_colors_info=\u00a0\u00bb{}\u00a0\u00bb][\/et_pb_button][et_pb_button button_url=\u00a0\u00bb#\u00a0\u00bb button_text=\u00a0\u00bbTous les billets sont vendus\u00a0\u00bb button_alignment=\u00a0\u00bbcenter\u00a0\u00bb disabled_on=\u00a0\u00bbon|on|on\u00a0\u00bb _builder_version=\u00a0\u00bb4.17.4&Prime; _module_preset=\u00a0\u00bbdefault\u00a0\u00bb custom_button=\u00a0\u00bbon\u00a0\u00bb button_bg_color=\u00a0\u00bb#E02B20&Prime; button_border_width=\u00a0\u00bb0px\u00a0\u00bb button_border_radius=\u00a0\u00bb8px\u00a0\u00bb background_layout=\u00a0\u00bbdark\u00a0\u00bb custom_padding=\u00a0\u00bb10px|58px|10px|58px|true|true\u00a0\u00bb disabled=\u00a0\u00bbon\u00a0\u00bb global_colors_info=\u00a0\u00bb{}\u00a0\u00bb][\/et_pb_button][et_pb_text _builder_version=\u00a0\u00bb4.21.0&Prime; _module_preset=\u00a0\u00bbdefault\u00a0\u00bb text_orientation=\u00a0\u00bbcenter\u00a0\u00bb global_colors_info=\u00a0\u00bb{}\u00a0\u00bb]<\/p>\n<div class=\"et_pb_row et_pb_row_0\">\n<div class=\"et_pb_column et_pb_column_4_4 et_pb_column_0 et_pb_css_mix_blend_mode_passthrough et-last-child\">\n<div class=\"et_pb_module et_pb_text et_pb_text_0 et_pb_text_align_left et_pb_bg_layout_light\">\n<div class=\"et_pb_text_inner\" style=\"text-align: center;\"><em>(Une fois la vente des billets ouverte, appuyez sur le bouton ci-dessus pour y acc\u00e9der directement)<\/em><\/div>\n<\/div>\n<\/div>\n<\/div>\n<p>[\/et_pb_text][\/et_pb_column][\/et_pb_row][\/et_pb_section][et_pb_section fb_built=\u00a0\u00bb1&Prime; admin_label=\u00a0\u00bbsection\u00a0\u00bb _builder_version=\u00a0\u00bb4.16&Prime; custom_padding=\u00a0\u00bb0px||0px||false|false\u00a0\u00bb global_colors_info=\u00a0\u00bb{}\u00a0\u00bb][et_pb_row admin_label=\u00a0\u00bbrow\u00a0\u00bb _builder_version=\u00a0\u00bb4.16&Prime; background_size=\u00a0\u00bbinitial\u00a0\u00bb background_position=\u00a0\u00bbtop_left\u00a0\u00bb background_repeat=\u00a0\u00bbrepeat\u00a0\u00bb global_colors_info=\u00a0\u00bb{}\u00a0\u00bb][et_pb_column type=\u00a0\u00bb4_4&Prime; _builder_version=\u00a0\u00bb4.16&Prime; custom_padding=\u00a0\u00bb|||\u00a0\u00bb global_colors_info=\u00a0\u00bb{}\u00a0\u00bb custom_padding__hover=\u00a0\u00bb|||\u00a0\u00bb][et_pb_text admin_label=\u00a0\u00bbDO NOT RECORD OR FILM THE EVENT\u00a0\u00bb _builder_version=\u00a0\u00bb4.21.0&Prime; _module_preset=\u00a0\u00bbdefault\u00a0\u00bb global_colors_info=\u00a0\u00bb{}\u00a0\u00bb]<\/p>\n<h4>Ne pas enregistrer ou filmer l&rsquo;\u00e9v\u00e9nement<\/h4>\n<p>Les enregistrements officiels sont prot\u00e9g\u00e9s par des droits d&rsquo;auteur. Toute personne surprise en train d&rsquo;enregistrer sera pri\u00e9e d&rsquo;arr\u00eater. Si elle continue, elle sera contrainte de quitter les lieux.<\/p>\n<p>La conf\u00e9rence sera film\u00e9e. En achetant un billet, vous acceptez d&rsquo;\u00eatre film\u00e9 et vous consentez \u00e0 ce que votre image et votre voix soient utilis\u00e9es dans la presse \u00e9crite, les m\u00e9dias sociaux, les photographies, les enregistrements audio et vid\u00e9o ou tout autre m\u00e9dia. Si vous achetez un billet pour une autre personne, sa pr\u00e9sence \u00e0 l&rsquo;\u00e9v\u00e9nement constitue le m\u00eame accord et la m\u00eame autorisation.<\/p>\n<p><strong>Un contr\u00f4le de s\u00e9curit\u00e9 sera effectu\u00e9 \u00e0 l&rsquo;entr\u00e9e du b\u00e2timent. Les bagages, les sacs \u00e0 dos et les sacs de grande taille ne sont pas autoris\u00e9s \u00e0 l&rsquo;int\u00e9rieur de la salle<\/strong>.<\/p>\n<p><em><strong>Pour les voyageurs en provenance de l&rsquo;\u00e9tranger <\/strong> : Il n&rsquo;y a pas de restrictions de voyage au Canada, mais nous vous invitons \u00e0 vous renseigner sur les r\u00e8gles et restrictions de voyage en vigueur qui pourraient vous concerner.<\/em><\/p>\n<p>[\/et_pb_text][et_pb_text disabled_on=\u00a0\u00bbon|on|on\u00a0\u00bb admin_label=\u00a0\u00bbMORE INFORMATIONS\u00a0\u00bb _builder_version=\u00a0\u00bb4.18.0&Prime; _module_preset=\u00a0\u00bbdefault\u00a0\u00bb disabled=\u00a0\u00bbon\u00a0\u00bb global_colors_info=\u00a0\u00bb{}\u00a0\u00bb]<\/p>\n<h4>Plus d&rsquo;informations<\/h4>\n<p>[\/et_pb_text][et_pb_accordion open_toggle_background_color=\u00a0\u00bbRGBA(255,255,255,0)\u00a0\u00bb icon_color=\u00a0\u00bb#008B73&Prime; use_icon_font_size=\u00a0\u00bbon\u00a0\u00bb icon_font_size=\u00a0\u00bb20px\u00a0\u00bb _builder_version=\u00a0\u00bb4.21.0&Prime; _module_preset=\u00a0\u00bbdefault\u00a0\u00bb border_color_all=\u00a0\u00bbRGBA(255,255,255,0)\u00a0\u00bb border_color_bottom=\u00a0\u00bb#008B73&Prime; global_colors_info=\u00a0\u00bb{}\u00a0\u00bb][et_pb_accordion_item title=\u00a0\u00bbAIDE \u00c0 L&apos;ACHAT DE BILLETS\u00a0\u00bb open=\u00a0\u00bbon\u00a0\u00bb _builder_version=\u00a0\u00bb4.21.0&Prime; _module_preset=\u00a0\u00bbdefault\u00a0\u00bb global_colors_info=\u00a0\u00bb{}\u00a0\u00bb]<\/p>\n<p>Les billets peuvent \u00eatre achet\u00e9s en ligne soit sur ordinateur, soit sur appareil mobile. Il est recommand\u00e9 de vider l&rsquo;historique de votre navigateur Internet avant de commencer votre achat.<\/p>\n<p>Il se peut que vous rencontriez des probl\u00e8mes lors de la proc\u00e9dure d&rsquo;achat de billets en ligne. Une forte demande peut g\u00e9n\u00e9rer un message automatique indiquant \u00ab\u00a0aucun si\u00e8ge disponible\u00a0\u00bb, ce qui ne signifie pas que l&rsquo;\u00e9v\u00e9nement est complet.<\/p>\n<p>Veuillez consid\u00e9rer ceci : <br \/>\u2013 v\u00e9rifier sur <a href=\"http:\/\/www.wopg.org\">www.wopg.org<\/a>\u00a0si l&rsquo;\u00e9v\u00e9nement est complet<br \/>\u2013 attendez quelques instants et recommencez<br \/>\u2013 r\u00e9essayez sur un autre appareil<br \/>\u2013 en cas d&rsquo;\u00e9chec, envoyez un courriel \u00e0 <a href=\"mailto:mailhelpwithtickets@gmail.com\">mailhelpwithtickets@gmail.com<\/a><\/p>\n<p>[\/et_pb_accordion_item][et_pb_accordion_item title=\u00a0\u00bbTOUS LES BILLETS SONT VENDUS ?\u00a0\u00bb _builder_version=\u00a0\u00bb4.21.0&Prime; _module_preset=\u00a0\u00bbdefault\u00a0\u00bb global_colors_info=\u00a0\u00bb{}\u00a0\u00bb open=\u00a0\u00bboff\u00a0\u00bb]<\/p>\n<p>Si les billets sont tous vendus au moment d&rsquo;effectuer votre achat, r\u00e9essayez quelque temps plus tard, car les billets qui ont \u00e9t\u00e9 mis en vente peuvent \u00eatre \u00e0 nouveau disponibles. Si vous voulez savoir si un billet a \u00e9t\u00e9 restitu\u00e9, veuillez contacter : <a href=\"mailto:mailhelpwithtickets@gmail.com\">mailhelpwithtickets@gmail.com<\/a>.<\/p>\n<p>S&rsquo;il n&rsquo;y a pas de billets restitu\u00e9s, vous serez inscrit sur une liste d&rsquo;attente.<\/p>\n<p>[\/et_pb_accordion_item][et_pb_accordion_item title=\u00a0\u00bbRETOUR DES BILLETS INUTILIS\u00c9S\u00a0\u00bb _builder_version=\u00a0\u00bb4.21.0&Prime; _module_preset=\u00a0\u00bbdefault\u00a0\u00bb global_colors_info=\u00a0\u00bb{}\u00a0\u00bb open=\u00a0\u00bboff\u00a0\u00bb]<\/p>\n<p>Si vos projets changent et que vous avez un billet inutilis\u00e9, veuillez envoyer une version \u00e9lectronique de votre billet \u00e0 : <a href=\"mailto:mailhelpwithtickets@gmail.com\">mailhelpwithtickets@gmail.com<\/a>.<\/p>\n<p>Les billets renvoy\u00e9s \u00e0 cette adresse seront r\u00e9attribu\u00e9s selon le principe du premier arriv\u00e9, premier servi, \u00e0 d&rsquo;autres personnes souhaitant assister \u00e0 cet \u00e9v\u00e9nement.<\/p>\n<p>Il n&rsquo;y aura pas de remboursement.<\/p>\n<p>[\/et_pb_accordion_item][et_pb_accordion_item title=\u00a0\u00bbBESOINS PARTICULIERS\u00a0\u00bb _builder_version=\u00a0\u00bb4.21.0&Prime; _module_preset=\u00a0\u00bbdefault\u00a0\u00bb global_colors_info=\u00a0\u00bb{}\u00a0\u00bb open=\u00a0\u00bboff\u00a0\u00bb]<\/p>\n<p>Un service d&rsquo;assistance sera assur\u00e9 pour les personnes en fauteuil roulant.<\/p>\n<p>Si vous rencontrez des difficult\u00e9s pour obtenir une place pour fauteuil roulant ou un si\u00e8ge pour un aidant, veuillez contacter <a href=\"mailto:mailhelpwithtickets@gmail.com\">mailhelpwithtickets@gmail.com<\/a>.<\/p>\n<p>Si vous \u00eates malentendant, il y aura un canal en anglais. Des \u00e9couteurs seront disponibles dans le hall d&rsquo;entr\u00e9e contre une pi\u00e8ce d&rsquo;identit\u00e9.<\/p>\n<p>[\/et_pb_accordion_item][et_pb_accordion_item title=\u00a0\u00bbTRADUCTION \u00a0\u00bb _builder_version=\u00a0\u00bb4.21.0&Prime; _module_preset=\u00a0\u00bbdefault\u00a0\u00bb global_colors_info=\u00a0\u00bb{}\u00a0\u00bb open=\u00a0\u00bboff\u00a0\u00bb]<\/p>\n<p class=\"p1\">La conf\u00e9rence sera en anglais. Une traduction sera assur\u00e9e en fran\u00e7ais, en hindi et en tamoul.<\/p>\n<p class=\"p1\">Des \u00e9couteurs seront disponibles dans le hall d&rsquo;entr\u00e9e contre une pi\u00e8ce d&rsquo;identit\u00e9.<\/p>\n<p>[\/et_pb_accordion_item][et_pb_accordion_item title=\u00a0\u00bbBAGAGES\u00a0\u00bb _builder_version=\u00a0\u00bb4.21.0&Prime; _module_preset=\u00a0\u00bbdefault\u00a0\u00bb global_colors_info=\u00a0\u00bb{}\u00a0\u00bb open=\u00a0\u00bboff\u00a0\u00bb]<\/p>\n<p class=\"p1\">Aucun bagage, sac \u00e0 dos ou sac de grande taille n&rsquo;est autoris\u00e9 \u00e0 l&rsquo;int\u00e9rieur de la salle.<\/p>\n<p class=\"p1\">Il n&rsquo;y a pas de vestiaire.<\/p>\n<p>[\/et_pb_accordion_item][et_pb_accordion_item title=\u00a0\u00bbAIDE\u00a0\u00bb _builder_version=\u00a0\u00bb4.21.0&Prime; _module_preset=\u00a0\u00bbdefault\u00a0\u00bb global_colors_info=\u00a0\u00bb{}\u00a0\u00bb open=\u00a0\u00bboff\u00a0\u00bb]<\/p>\n<p>Besoin d&rsquo;aide ?<\/p>\n<p>Contactez : <a href=\"mailto:mailhelpwithtickets@gmail.com\">mailhelpwithtickets@gmail.com<\/a>.<\/p>\n<p>[\/et_pb_accordion_item][\/et_pb_accordion][et_pb_text admin_label=\u00a0\u00bbSign up here\u00a0\u00bb _builder_version=\u00a0\u00bb4.21.0&Prime; _module_preset=\u00a0\u00bbdefault\u00a0\u00bb global_colors_info=\u00a0\u00bb{}\u00a0\u00bb]<\/p>\n<p><em>Pour recevoir les derni\u00e8res informations et annonces concernant les futurs \u00e9v\u00e9nements avec Prem Rawat, vous pouvez vous inscrire sur la liste de diffusion de WOPG en indiquant votre adresse \u00e9lectronique et votre pays de r\u00e9sidence. Inscrivez-vous ci-dessous.<\/em><\/p>\n<p>[\/et_pb_text][\/et_pb_column][\/et_pb_row][\/et_pb_section]<\/p>\n","protected":false},"excerpt":{"rendered":"<p>Image avec l&rsquo;aimable autorisation de TimelessTodayComprendre et plus encore &#8211; une journ\u00e9e avec Prem RawatVeuillez lire cette page qui contient des informations importantes sur l&rsquo;\u00e9v\u00e9nement \u00e0 venir, et vous y r\u00e9f\u00e9rer pour pr\u00e9parer votre venue. COMPRENDRE ET PLUS ENCORE &nbsp; Venez profiter d&rsquo;une journ\u00e9e enti\u00e8re d&rsquo;\u00e9coute et d&rsquo;apprentissage en compagnie de Prem Rawat. D\u00e9couvrez en [&hellip;]<\/p>\n","protected":false},"author":14,"featured_media":0,"comment_status":"open","ping_status":"open","sticky":false,"template":"","format":"standard","meta":{"_et_pb_use_builder":"on","_et_pb_old_content":"","_et_gb_content_width":"","cybocfi_hide_featured_image":"","footnotes":""},"categories":[78],"tags":[],"post_folder":[],"class_list":["post-23198","post","type-post","status-publish","format-standard","hentry","category-recent-fr"],"yoast_head":"<!-- This site is optimized with the Yoast SEO plugin v27.3 - https:\/\/yoast.com\/product\/yoast-seo-wordpress\/ -->\n<title>3 septembre 2023 - Prem Rawat \u00e0 Toronto, Canada | Words of Peace<\/title>\n<meta name=\"robots\" content=\"index, follow, max-snippet:-1, max-image-preview:large, max-video-preview:-1\" \/>\n<link rel=\"canonical\" href=\"https:\/\/www.wopg.org\/fr\/prem-rawat-a-toronto-canada\/\" \/>\n<meta property=\"og:locale\" content=\"fr_FR\" \/>\n<meta property=\"og:type\" content=\"article\" \/>\n<meta property=\"og:title\" content=\"3 septembre 2023 - Prem Rawat \u00e0 Toronto, Canada | Words of Peace\" \/>\n<meta property=\"og:description\" content=\"Image avec l&#039;aimable autorisation de TimelessTodayComprendre et plus encore - une journ\u00e9e avec Prem RawatVeuillez lire cette page qui contient des informations importantes sur l&#039;\u00e9v\u00e9nement \u00e0 venir, et vous y r\u00e9f\u00e9rer pour pr\u00e9parer votre venue. COMPRENDRE ET PLUS ENCORE &nbsp; Venez profiter d&#039;une journ\u00e9e enti\u00e8re d&#039;\u00e9coute et d&#039;apprentissage en compagnie de Prem Rawat. D\u00e9couvrez en [&hellip;]\" \/>\n<meta property=\"og:url\" content=\"https:\/\/www.wopg.org\/fr\/prem-rawat-a-toronto-canada\/\" \/>\n<meta property=\"og:site_name\" content=\"Words of Peace\" \/>\n<meta property=\"article:publisher\" content=\"https:\/\/www.facebook.com\/wordsofpeaceglobal\" \/>\n<meta property=\"article:published_time\" content=\"2023-09-03T14:20:03+00:00\" \/>\n<meta property=\"article:modified_time\" content=\"2023-09-17T13:37:20+00:00\" \/>\n<meta name=\"author\" content=\"Roberto\" \/>\n<meta name=\"twitter:card\" content=\"summary_large_image\" \/>\n<meta name=\"twitter:creator\" content=\"@wopg\" \/>\n<meta name=\"twitter:site\" content=\"@wopg\" \/>\n<meta name=\"twitter:label1\" content=\"\u00c9crit par\" \/>\n\t<meta name=\"twitter:data1\" content=\"Roberto\" \/>\n\t<meta name=\"twitter:label2\" content=\"Dur\u00e9e de lecture estim\u00e9e\" \/>\n\t<meta name=\"twitter:data2\" content=\"11 minutes\" \/>\n<script type=\"application\/ld+json\" class=\"yoast-schema-graph\">{\"@context\":\"https:\\\/\\\/schema.org\",\"@graph\":[{\"@type\":\"Article\",\"@id\":\"https:\\\/\\\/www.wopg.org\\\/fr\\\/prem-rawat-a-toronto-canada\\\/#article\",\"isPartOf\":{\"@id\":\"https:\\\/\\\/www.wopg.org\\\/fr\\\/prem-rawat-a-toronto-canada\\\/\"},\"author\":{\"name\":\"Roberto\",\"@id\":\"https:\\\/\\\/www.wopg.org\\\/fr\\\/#\\\/schema\\\/person\\\/c495a5aacd2a074ce031b7fa6625b3af\"},\"headline\":\"3 septembre 2023 &#8211; Prem Rawat \u00e0 Toronto, Canada\",\"datePublished\":\"2023-09-03T14:20:03+00:00\",\"dateModified\":\"2023-09-17T13:37:20+00:00\",\"mainEntityOfPage\":{\"@id\":\"https:\\\/\\\/www.wopg.org\\\/fr\\\/prem-rawat-a-toronto-canada\\\/\"},\"wordCount\":2129,\"commentCount\":0,\"publisher\":{\"@id\":\"https:\\\/\\\/www.wopg.org\\\/fr\\\/#organization\"},\"articleSection\":[\"Recent\"],\"inLanguage\":\"fr-FR\",\"potentialAction\":[{\"@type\":\"CommentAction\",\"name\":\"Comment\",\"target\":[\"https:\\\/\\\/www.wopg.org\\\/fr\\\/prem-rawat-a-toronto-canada\\\/#respond\"]}]},{\"@type\":\"WebPage\",\"@id\":\"https:\\\/\\\/www.wopg.org\\\/fr\\\/prem-rawat-a-toronto-canada\\\/\",\"url\":\"https:\\\/\\\/www.wopg.org\\\/fr\\\/prem-rawat-a-toronto-canada\\\/\",\"name\":\"3 septembre 2023 - Prem Rawat \u00e0 Toronto, Canada | Words of Peace\",\"isPartOf\":{\"@id\":\"https:\\\/\\\/www.wopg.org\\\/fr\\\/#website\"},\"datePublished\":\"2023-09-03T14:20:03+00:00\",\"dateModified\":\"2023-09-17T13:37:20+00:00\",\"breadcrumb\":{\"@id\":\"https:\\\/\\\/www.wopg.org\\\/fr\\\/prem-rawat-a-toronto-canada\\\/#breadcrumb\"},\"inLanguage\":\"fr-FR\",\"potentialAction\":[{\"@type\":\"ReadAction\",\"target\":[\"https:\\\/\\\/www.wopg.org\\\/fr\\\/prem-rawat-a-toronto-canada\\\/\"]}]},{\"@type\":\"BreadcrumbList\",\"@id\":\"https:\\\/\\\/www.wopg.org\\\/fr\\\/prem-rawat-a-toronto-canada\\\/#breadcrumb\",\"itemListElement\":[{\"@type\":\"ListItem\",\"position\":1,\"name\":\"Home\",\"item\":\"https:\\\/\\\/www.wopg.org\\\/fr\\\/\"},{\"@type\":\"ListItem\",\"position\":2,\"name\":\"3 septembre 2023 &#8211; Prem Rawat \u00e0 Toronto, Canada\"}]},{\"@type\":\"WebSite\",\"@id\":\"https:\\\/\\\/www.wopg.org\\\/fr\\\/#website\",\"url\":\"https:\\\/\\\/www.wopg.org\\\/fr\\\/\",\"name\":\"Words of Peace\",\"description\":\"Practice Peace, Change Your World\",\"publisher\":{\"@id\":\"https:\\\/\\\/www.wopg.org\\\/fr\\\/#organization\"},\"potentialAction\":[{\"@type\":\"SearchAction\",\"target\":{\"@type\":\"EntryPoint\",\"urlTemplate\":\"https:\\\/\\\/www.wopg.org\\\/fr\\\/?s={search_term_string}\"},\"query-input\":{\"@type\":\"PropertyValueSpecification\",\"valueRequired\":true,\"valueName\":\"search_term_string\"}}],\"inLanguage\":\"fr-FR\"},{\"@type\":\"Organization\",\"@id\":\"https:\\\/\\\/www.wopg.org\\\/fr\\\/#organization\",\"name\":\"Words of Peace\",\"url\":\"https:\\\/\\\/www.wopg.org\\\/fr\\\/\",\"logo\":{\"@type\":\"ImageObject\",\"inLanguage\":\"fr-FR\",\"@id\":\"https:\\\/\\\/www.wopg.org\\\/fr\\\/#\\\/schema\\\/logo\\\/image\\\/\",\"url\":\"https:\\\/\\\/wopg.org\\\/wp-content\\\/uploads\\\/2022\\\/02\\\/Words-of-Peace-logo-website61x252.png\",\"contentUrl\":\"https:\\\/\\\/wopg.org\\\/wp-content\\\/uploads\\\/2022\\\/02\\\/Words-of-Peace-logo-website61x252.png\",\"width\":252,\"height\":61,\"caption\":\"Words of Peace\"},\"image\":{\"@id\":\"https:\\\/\\\/www.wopg.org\\\/fr\\\/#\\\/schema\\\/logo\\\/image\\\/\"},\"sameAs\":[\"https:\\\/\\\/www.facebook.com\\\/wordsofpeaceglobal\",\"https:\\\/\\\/x.com\\\/wopg\",\"https:\\\/\\\/www.instagram.com\\\/wopgofficial\\\/\"]},{\"@type\":\"Person\",\"@id\":\"https:\\\/\\\/www.wopg.org\\\/fr\\\/#\\\/schema\\\/person\\\/c495a5aacd2a074ce031b7fa6625b3af\",\"name\":\"Roberto\",\"image\":{\"@type\":\"ImageObject\",\"inLanguage\":\"fr-FR\",\"@id\":\"https:\\\/\\\/secure.gravatar.com\\\/avatar\\\/3a2423ab531630d32d946fa10acea4a736bd03feede76ddcc150434c8458228b?s=96&d=mm&r=g\",\"url\":\"https:\\\/\\\/secure.gravatar.com\\\/avatar\\\/3a2423ab531630d32d946fa10acea4a736bd03feede76ddcc150434c8458228b?s=96&d=mm&r=g\",\"contentUrl\":\"https:\\\/\\\/secure.gravatar.com\\\/avatar\\\/3a2423ab531630d32d946fa10acea4a736bd03feede76ddcc150434c8458228b?s=96&d=mm&r=g\",\"caption\":\"Roberto\"},\"url\":\"https:\\\/\\\/www.wopg.org\\\/fr\\\/author\\\/roberto\\\/\"}]}<\/script>\n<!-- \/ Yoast SEO plugin. -->","yoast_head_json":{"title":"3 septembre 2023 - Prem Rawat \u00e0 Toronto, Canada | Words of Peace","robots":{"index":"index","follow":"follow","max-snippet":"max-snippet:-1","max-image-preview":"max-image-preview:large","max-video-preview":"max-video-preview:-1"},"canonical":"https:\/\/www.wopg.org\/fr\/prem-rawat-a-toronto-canada\/","og_locale":"fr_FR","og_type":"article","og_title":"3 septembre 2023 - Prem Rawat \u00e0 Toronto, Canada | Words of Peace","og_description":"Image avec l'aimable autorisation de TimelessTodayComprendre et plus encore - une journ\u00e9e avec Prem RawatVeuillez lire cette page qui contient des informations importantes sur l'\u00e9v\u00e9nement \u00e0 venir, et vous y r\u00e9f\u00e9rer pour pr\u00e9parer votre venue. COMPRENDRE ET PLUS ENCORE &nbsp; Venez profiter d'une journ\u00e9e enti\u00e8re d'\u00e9coute et d'apprentissage en compagnie de Prem Rawat. D\u00e9couvrez en [&hellip;]","og_url":"https:\/\/www.wopg.org\/fr\/prem-rawat-a-toronto-canada\/","og_site_name":"Words of Peace","article_publisher":"https:\/\/www.facebook.com\/wordsofpeaceglobal","article_published_time":"2023-09-03T14:20:03+00:00","article_modified_time":"2023-09-17T13:37:20+00:00","author":"Roberto","twitter_card":"summary_large_image","twitter_creator":"@wopg","twitter_site":"@wopg","twitter_misc":{"\u00c9crit par":"Roberto","Dur\u00e9e de lecture estim\u00e9e":"11 minutes"},"schema":{"@context":"https:\/\/schema.org","@graph":[{"@type":"Article","@id":"https:\/\/www.wopg.org\/fr\/prem-rawat-a-toronto-canada\/#article","isPartOf":{"@id":"https:\/\/www.wopg.org\/fr\/prem-rawat-a-toronto-canada\/"},"author":{"name":"Roberto","@id":"https:\/\/www.wopg.org\/fr\/#\/schema\/person\/c495a5aacd2a074ce031b7fa6625b3af"},"headline":"3 septembre 2023 &#8211; Prem Rawat \u00e0 Toronto, Canada","datePublished":"2023-09-03T14:20:03+00:00","dateModified":"2023-09-17T13:37:20+00:00","mainEntityOfPage":{"@id":"https:\/\/www.wopg.org\/fr\/prem-rawat-a-toronto-canada\/"},"wordCount":2129,"commentCount":0,"publisher":{"@id":"https:\/\/www.wopg.org\/fr\/#organization"},"articleSection":["Recent"],"inLanguage":"fr-FR","potentialAction":[{"@type":"CommentAction","name":"Comment","target":["https:\/\/www.wopg.org\/fr\/prem-rawat-a-toronto-canada\/#respond"]}]},{"@type":"WebPage","@id":"https:\/\/www.wopg.org\/fr\/prem-rawat-a-toronto-canada\/","url":"https:\/\/www.wopg.org\/fr\/prem-rawat-a-toronto-canada\/","name":"3 septembre 2023 - Prem Rawat \u00e0 Toronto, Canada | Words of Peace","isPartOf":{"@id":"https:\/\/www.wopg.org\/fr\/#website"},"datePublished":"2023-09-03T14:20:03+00:00","dateModified":"2023-09-17T13:37:20+00:00","breadcrumb":{"@id":"https:\/\/www.wopg.org\/fr\/prem-rawat-a-toronto-canada\/#breadcrumb"},"inLanguage":"fr-FR","potentialAction":[{"@type":"ReadAction","target":["https:\/\/www.wopg.org\/fr\/prem-rawat-a-toronto-canada\/"]}]},{"@type":"BreadcrumbList","@id":"https:\/\/www.wopg.org\/fr\/prem-rawat-a-toronto-canada\/#breadcrumb","itemListElement":[{"@type":"ListItem","position":1,"name":"Home","item":"https:\/\/www.wopg.org\/fr\/"},{"@type":"ListItem","position":2,"name":"3 septembre 2023 &#8211; Prem Rawat \u00e0 Toronto, Canada"}]},{"@type":"WebSite","@id":"https:\/\/www.wopg.org\/fr\/#website","url":"https:\/\/www.wopg.org\/fr\/","name":"Words of Peace","description":"Practice Peace, Change Your World","publisher":{"@id":"https:\/\/www.wopg.org\/fr\/#organization"},"potentialAction":[{"@type":"SearchAction","target":{"@type":"EntryPoint","urlTemplate":"https:\/\/www.wopg.org\/fr\/?s={search_term_string}"},"query-input":{"@type":"PropertyValueSpecification","valueRequired":true,"valueName":"search_term_string"}}],"inLanguage":"fr-FR"},{"@type":"Organization","@id":"https:\/\/www.wopg.org\/fr\/#organization","name":"Words of Peace","url":"https:\/\/www.wopg.org\/fr\/","logo":{"@type":"ImageObject","inLanguage":"fr-FR","@id":"https:\/\/www.wopg.org\/fr\/#\/schema\/logo\/image\/","url":"https:\/\/wopg.org\/wp-content\/uploads\/2022\/02\/Words-of-Peace-logo-website61x252.png","contentUrl":"https:\/\/wopg.org\/wp-content\/uploads\/2022\/02\/Words-of-Peace-logo-website61x252.png","width":252,"height":61,"caption":"Words of Peace"},"image":{"@id":"https:\/\/www.wopg.org\/fr\/#\/schema\/logo\/image\/"},"sameAs":["https:\/\/www.facebook.com\/wordsofpeaceglobal","https:\/\/x.com\/wopg","https:\/\/www.instagram.com\/wopgofficial\/"]},{"@type":"Person","@id":"https:\/\/www.wopg.org\/fr\/#\/schema\/person\/c495a5aacd2a074ce031b7fa6625b3af","name":"Roberto","image":{"@type":"ImageObject","inLanguage":"fr-FR","@id":"https:\/\/secure.gravatar.com\/avatar\/3a2423ab531630d32d946fa10acea4a736bd03feede76ddcc150434c8458228b?s=96&d=mm&r=g","url":"https:\/\/secure.gravatar.com\/avatar\/3a2423ab531630d32d946fa10acea4a736bd03feede76ddcc150434c8458228b?s=96&d=mm&r=g","contentUrl":"https:\/\/secure.gravatar.com\/avatar\/3a2423ab531630d32d946fa10acea4a736bd03feede76ddcc150434c8458228b?s=96&d=mm&r=g","caption":"Roberto"},"url":"https:\/\/www.wopg.org\/fr\/author\/roberto\/"}]}},"_links":{"self":[{"href":"https:\/\/www.wopg.org\/fr\/wp-json\/wp\/v2\/posts\/23198","targetHints":{"allow":["GET"]}}],"collection":[{"href":"https:\/\/www.wopg.org\/fr\/wp-json\/wp\/v2\/posts"}],"about":[{"href":"https:\/\/www.wopg.org\/fr\/wp-json\/wp\/v2\/types\/post"}],"author":[{"embeddable":true,"href":"https:\/\/www.wopg.org\/fr\/wp-json\/wp\/v2\/users\/14"}],"replies":[{"embeddable":true,"href":"https:\/\/www.wopg.org\/fr\/wp-json\/wp\/v2\/comments?post=23198"}],"version-history":[{"count":15,"href":"https:\/\/www.wopg.org\/fr\/wp-json\/wp\/v2\/posts\/23198\/revisions"}],"predecessor-version":[{"id":24063,"href":"https:\/\/www.wopg.org\/fr\/wp-json\/wp\/v2\/posts\/23198\/revisions\/24063"}],"wp:attachment":[{"href":"https:\/\/www.wopg.org\/fr\/wp-json\/wp\/v2\/media?parent=23198"}],"wp:term":[{"taxonomy":"category","embeddable":true,"href":"https:\/\/www.wopg.org\/fr\/wp-json\/wp\/v2\/categories?post=23198"},{"taxonomy":"post_tag","embeddable":true,"href":"https:\/\/www.wopg.org\/fr\/wp-json\/wp\/v2\/tags?post=23198"},{"taxonomy":"post_folder","embeddable":true,"href":"https:\/\/www.wopg.org\/fr\/wp-json\/wp\/v2\/post_folder?post=23198"}],"curies":[{"name":"wp","href":"https:\/\/api.w.org\/{rel}","templated":true}]}}