{"id":28158,"date":"2024-02-13T07:34:03","date_gmt":"2024-02-13T07:34:03","guid":{"rendered":"https:\/\/www.wopg.org\/?p=28158"},"modified":"2024-03-31T17:21:06","modified_gmt":"2024-03-31T17:21:06","slug":"tournee-sud-americaine-2024","status":"publish","type":"post","link":"https:\/\/www.wopg.org\/fr\/tournee-sud-americaine-2024\/","title":{"rendered":"Tourn\u00e9e sud-am\u00e9ricaine 2024"},"content":{"rendered":"<p>[et_pb_section fb_built=\u00a0\u00bb1&Prime; disabled_on=\u00a0\u00bboff|off|off\u00a0\u00bb admin_label=\u00a0\u00bbTop images\u00a0\u00bb _builder_version=\u00a0\u00bb4.21.0&Prime; _module_preset=\u00a0\u00bbdefault\u00a0\u00bb custom_padding=\u00a0\u00bb0px||0px||false|false\u00a0\u00bb global_colors_info=\u00a0\u00bb{}\u00a0\u00bb][et_pb_row _builder_version=\u00a0\u00bb4.23.1&Prime; _module_preset=\u00a0\u00bbdefault\u00a0\u00bb custom_padding=\u00a0\u00bb0px||0px||false|false\u00a0\u00bb hover_enabled=\u00a0\u00bb0&Prime; custom_css_main_element=\u00a0\u00bbdisplay: flex;||flex-wrap: wrap;||justify-content: center;\u00a0\u00bb global_colors_info=\u00a0\u00bb{}\u00a0\u00bb disabled_on=\u00a0\u00bbon|on|on\u00a0\u00bb disabled=\u00a0\u00bbon\u00a0\u00bb sticky_enabled=\u00a0\u00bb0&Prime;][et_pb_column type=\u00a0\u00bb4_4&Prime; _builder_version=\u00a0\u00bb4.21.0&Prime; _module_preset=\u00a0\u00bbdefault\u00a0\u00bb global_colors_info=\u00a0\u00bb{}\u00a0\u00bb][et_pb_image src=\u00a0\u00bbhttps:\/\/eadn-wc03-5903292.nxedge.io\/wp-content\/uploads\/2024\/02\/210314_Cancun_Private_nkm_146_1080x608.jpg\u00a0\u00bb alt=\u00a0\u00bbPrem Rawat\u00a0\u00bb title_text=\u00a0\u00bbPrem Rawat\u00a0\u00bb show_bottom_space=\u00a0\u00bboff\u00a0\u00bb align=\u00a0\u00bbcenter\u00a0\u00bb disabled_on=\u00a0\u00bboff|off|off\u00a0\u00bb admin_label=\u00a0\u00bbPR image\u00a0\u00bb _builder_version=\u00a0\u00bb4.23.1&Prime; _module_preset=\u00a0\u00bbdefault\u00a0\u00bb custom_padding=\u00a0\u00bb0px||0px||false|false\u00a0\u00bb global_colors_info=\u00a0\u00bb{}\u00a0\u00bb][\/et_pb_image][\/et_pb_column][\/et_pb_row][et_pb_row custom_padding_last_edited=\u00a0\u00bbon|phone\u00a0\u00bb _builder_version=\u00a0\u00bb4.21.0&Prime; _module_preset=\u00a0\u00bbdefault\u00a0\u00bb custom_padding=\u00a0\u00bb1%||||false|false\u00a0\u00bb custom_padding_tablet=\u00a0\u00bb1%||||false|false\u00a0\u00bb custom_padding_phone=\u00a0\u00bb6%||||false|false\u00a0\u00bb custom_css_main_element=\u00a0\u00bbdisplay: flex;||flex-wrap: wrap;||justify-content: center;\u00a0\u00bb global_colors_info=\u00a0\u00bb{}\u00a0\u00bb][et_pb_column type=\u00a0\u00bb4_4&Prime; _builder_version=\u00a0\u00bb4.21.0&Prime; _module_preset=\u00a0\u00bbdefault\u00a0\u00bb global_colors_info=\u00a0\u00bb{}\u00a0\u00bb][et_pb_text admin_label=\u00a0\u00bbImage Courtesy\u00a0\u00bb _builder_version=\u00a0\u00bb4.23.1&Prime; _module_preset=\u00a0\u00bbdefault\u00a0\u00bb text_orientation=\u00a0\u00bbcenter\u00a0\u00bb custom_margin_tablet=\u00a0\u00bb\u00a0\u00bb custom_margin_phone=\u00a0\u00bb-5%||||false|false\u00a0\u00bb custom_margin_last_edited=\u00a0\u00bbon|phone\u00a0\u00bb global_colors_info=\u00a0\u00bb{}\u00a0\u00bb]<\/p>\n<h6 style=\"text-align: center\">Photo avec l\u2019aimable courtoisie de TimelessToday<\/h6>\n<p>[\/et_pb_text][\/et_pb_column][\/et_pb_row][\/et_pb_section][et_pb_section fb_built=\u00a0\u00bb1&Prime; disabled_on=\u00a0\u00bboff|off|off\u00a0\u00bb admin_label=\u00a0\u00bbSTD\u00a0\u00bb _builder_version=\u00a0\u00bb4.21.0&Prime; custom_padding=\u00a0\u00bb0px||0px||false|false\u00a0\u00bb locked=\u00a0\u00bboff\u00a0\u00bb global_colors_info=\u00a0\u00bb{}\u00a0\u00bb][et_pb_row admin_label=\u00a0\u00bbrow\u00a0\u00bb _builder_version=\u00a0\u00bb4.21.0&Prime; background_size=\u00a0\u00bbinitial\u00a0\u00bb background_position=\u00a0\u00bbtop_left\u00a0\u00bb background_repeat=\u00a0\u00bbrepeat\u00a0\u00bb custom_padding=\u00a0\u00bb0px||||false|false\u00a0\u00bb global_colors_info=\u00a0\u00bb{}\u00a0\u00bb][et_pb_column type=\u00a0\u00bb4_4&Prime; _builder_version=\u00a0\u00bb4.16&Prime; custom_padding=\u00a0\u00bb|||\u00a0\u00bb global_colors_info=\u00a0\u00bb{}\u00a0\u00bb custom_padding__hover=\u00a0\u00bb|||\u00a0\u00bb][et_pb_text disabled_on=\u00a0\u00bboff|off|off\u00a0\u00bb admin_label=\u00a0\u00bbTitle\u00a0\u00bb _builder_version=\u00a0\u00bb4.23.1&Prime; _module_preset=\u00a0\u00bbdefault\u00a0\u00bb global_colors_info=\u00a0\u00bb{}\u00a0\u00bb]<\/p>\n<div class=\"et_pb_row et_pb_row_0\">\n<div class=\"et_pb_column et_pb_column_4_4 et_pb_column_0 et_pb_css_mix_blend_mode_passthrough et-last-child\">\n<div class=\"et_pb_module et_pb_text et_pb_text_0 et_pb_text_align_left et_pb_bg_layout_light\">\n<div class=\"et_pb_text_inner\">\n<h2 style=\"text-align: center\">Notez ces dates<\/h2>\n<\/div>\n<\/div>\n<\/div>\n<\/div>\n<p>[\/et_pb_text][et_pb_text admin_label=\u00a0\u00bbWHEN AND WHERE\u00a0\u00bb _builder_version=\u00a0\u00bb4.23.1&Prime; _module_preset=\u00a0\u00bbdefault\u00a0\u00bb global_colors_info=\u00a0\u00bb{}\u00a0\u00bb]<\/p>\n<p><strong>Nous sommes tr\u00e8s heureux d\u2019annoncer que Prem Rawat, orateur mondialement connu, auteur \u00e0 succ\u00e8s et p\u00e9dagogue de la paix va faire une tourn\u00e9e au Mexique et en Am\u00e9rique du Sud en mars 2024&nbsp;! <\/strong><\/p>\n<p>Il va prendre la parole dans les villes suivantes&nbsp;: <\/p>\n<p><strong>Le 2 mars \u2013 Mexico, Mexique <\/strong><\/p>\n<p>(Pour toutes les personnes int\u00e9ress\u00e9es par le message de Prem Rawat) <\/p>\n<p><strong>Le 10 mars \u2013 Buenos Aires, Argentine <\/strong><\/p>\n<p>(Pour toutes les personnes int\u00e9ress\u00e9es par le message de Prem Rawat) <\/p>\n<p><strong>Le 16 mars \u2013 Punta del Este, Uruguay <\/strong><\/p>\n<p>(Pour les personnes qui ont appris  <a href=\"https:\/\/www.premrawat.com\/fr\/la-connaissance-de-soi\/\" target=\"_blank\" rel=\"noopener\">les techniques de la Connaissance de soi)<\/a><\/p>\n<p><strong>Le 23 mars \u2013 Lima, P\u00e9rou <\/strong><\/p>\n<p>(Pour toutes les personnes int\u00e9ress\u00e9es par le message de Prem Rawat) <\/p>\n<p><strong>Le 30 mars \u2013 Sao Paulo, Br\u00e9sil<\/strong><\/p>\n<p>(Pour toutes les personnes int\u00e9ress\u00e9es par le message de Prem Rawat) <\/p>\n<p>Ces \u00e9v\u00e9nements se d\u00e9rouleront en anglais. Ils seront traduits en espagnol sud-am\u00e9ricain et\/ou portugais br\u00e9silien. <\/p>\n<p>Pour les personnes qui ne peuvent pas y assister, TimelessToday pr\u00e9voit de retransmettre en direct les conf\u00e9rences de la tourn\u00e9e et annoncera bient\u00f4t les informations concernant ces retransmissions. Pour en savoir plus, veuillez consulter <a href=\"https:\/\/www.premrawat.com\/fr\/conferences-et-retransmissions\/\" target=\"_blank\" rel=\"noopener\">www.premrawat.com<\/a>.<\/p>\n<p><strong>Veuillez v\u00e9rifier r\u00e9guli\u00e8rement vos courriels pour nos prochaines annonces&nbsp;! <\/strong><\/p>\n<p><em>Cet avis vous est envoy\u00e9 en avance pour vous aider \u00e0 vous organiser mais ne devrait pas \u00eatre utilis\u00e9 pour r\u00e9server le voyage ou l\u2019h\u00e9bergement car le nombre de personnes qui demandent des places peut \u00eatre sup\u00e9rieur \u00e0 la capacit\u00e9 de la salle. Veuillez \u00e9galement v\u00e9rifier si des r\u00e8gles et des restrictions de voyage peuvent vous concerner. <\/em><\/p>\n<p>[\/et_pb_text][et_pb_text disabled_on=\u00a0\u00bbon|on|on\u00a0\u00bb admin_label=\u00a0\u00bbWHO IS INVITED\u00a0\u00bb _builder_version=\u00a0\u00bb4.21.0&Prime; _module_preset=\u00a0\u00bbdefault\u00a0\u00bb disabled=\u00a0\u00bbon\u00a0\u00bb global_colors_info=\u00a0\u00bb{}\u00a0\u00bb]<\/p>\n<h4>Who Is Invited<\/h4>\n<p>Everyone is welcome to attend this event. Travelers from abroad, please see below.<\/p>\n<h4>Children<\/h4>\n<p>This event is not suitable for children under the age of 10. <\/p>\n<p>[\/et_pb_text][et_pb_text disabled_on=\u00a0\u00bbon|on|on\u00a0\u00bb admin_label=\u00a0\u00bbCOVID-19 VENUE PROTOCOL\u00a0\u00bb _builder_version=\u00a0\u00bb4.20.2&Prime; _module_preset=\u00a0\u00bbdefault\u00a0\u00bb disabled=\u00a0\u00bbon\u00a0\u00bb global_colors_info=\u00a0\u00bb{}\u00a0\u00bb]<\/p>\n<h4>Covid-19 Venue Protocol<\/h4>\n<p>Entry to the event is by presenting:<\/p>\n<ul>\n<li style=\"list-style-type: none\">\n<ul>\n<li style=\"list-style-type: none\">\n<ul>\n<li>a Covid-19 Vaccination Certificate OR<\/li>\n<\/ul>\n<ul>\n<li>a printed or electronic negative result of a PCR test or antigen test taken within 72 hours of the event OR<\/li>\n<\/ul>\n<ul>\n<li>a Certificate of Recovery from COVID-19<\/li>\n<\/ul>\n<\/li>\n<\/ul>\n<p>Everyone is expected to wear a medical or FFP2 facemask throughout the entire event.<\/p>\n<p>Seating is arranged in alternate seats for social distancing.<\/p>\n<p>Attendees are allowed to bring their own small bottle of water.<\/p>\n<\/li>\n<\/ul>\n<p>[\/et_pb_text][\/et_pb_column][\/et_pb_row][\/et_pb_section]<\/p>\n","protected":false},"excerpt":{"rendered":"<p>Photo avec l\u2019aimable courtoisie de TimelessToday Notez ces dates Nous sommes tr\u00e8s heureux d\u2019annoncer que Prem Rawat, orateur mondialement connu, auteur \u00e0 succ\u00e8s et p\u00e9dagogue de la paix va faire une tourn\u00e9e au Mexique et en Am\u00e9rique du Sud en mars 2024&nbsp;! Il va prendre la parole dans les villes suivantes&nbsp;: Le 2 mars \u2013 [&hellip;]<\/p>\n","protected":false},"author":14,"featured_media":28125,"comment_status":"closed","ping_status":"closed","sticky":false,"template":"","format":"standard","meta":{"_et_pb_use_builder":"on","_et_pb_old_content":"","_et_gb_content_width":"","cybocfi_hide_featured_image":"","footnotes":""},"categories":[78],"tags":[],"post_folder":[],"class_list":["post-28158","post","type-post","status-publish","format-standard","has-post-thumbnail","hentry","category-recent-fr"],"yoast_head":"<!-- This site is optimized with the Yoast SEO plugin v27.3 - https:\/\/yoast.com\/product\/yoast-seo-wordpress\/ -->\n<title>Tourn\u00e9e sud-am\u00e9ricaine 2024 | Words of Peace<\/title>\n<meta name=\"robots\" content=\"index, follow, max-snippet:-1, max-image-preview:large, max-video-preview:-1\" \/>\n<link rel=\"canonical\" href=\"https:\/\/www.wopg.org\/fr\/tournee-sud-americaine-2024\/\" \/>\n<meta property=\"og:locale\" content=\"fr_FR\" \/>\n<meta property=\"og:type\" content=\"article\" \/>\n<meta property=\"og:title\" content=\"Tourn\u00e9e sud-am\u00e9ricaine 2024 | Words of Peace\" \/>\n<meta property=\"og:description\" content=\"Photo avec l\u2019aimable courtoisie de TimelessToday Notez ces dates Nous sommes tr\u00e8s heureux d\u2019annoncer que Prem Rawat, orateur mondialement connu, auteur \u00e0 succ\u00e8s et p\u00e9dagogue de la paix va faire une tourn\u00e9e au Mexique et en Am\u00e9rique du Sud en mars 2024&nbsp;! Il va prendre la parole dans les villes suivantes&nbsp;: Le 2 mars \u2013 [&hellip;]\" \/>\n<meta property=\"og:url\" content=\"https:\/\/www.wopg.org\/fr\/tournee-sud-americaine-2024\/\" \/>\n<meta property=\"og:site_name\" content=\"Words of Peace\" \/>\n<meta property=\"article:publisher\" content=\"https:\/\/www.facebook.com\/wordsofpeaceglobal\" \/>\n<meta property=\"article:published_time\" content=\"2024-02-13T07:34:03+00:00\" \/>\n<meta property=\"article:modified_time\" content=\"2024-03-31T17:21:06+00:00\" \/>\n<meta property=\"og:image\" content=\"https:\/\/eadn-wc03-5903292.nxedge.io\/wp-content\/uploads\/2024\/02\/210314_Cancun_Private_nkm_146_1080x608.jpg\" \/>\n\t<meta property=\"og:image:width\" content=\"1080\" \/>\n\t<meta property=\"og:image:height\" content=\"608\" \/>\n\t<meta property=\"og:image:type\" content=\"image\/jpeg\" \/>\n<meta name=\"author\" content=\"Roberto\" \/>\n<meta name=\"twitter:card\" content=\"summary_large_image\" \/>\n<meta name=\"twitter:creator\" content=\"@wopg\" \/>\n<meta name=\"twitter:site\" content=\"@wopg\" \/>\n<meta name=\"twitter:label1\" content=\"\u00c9crit par\" \/>\n\t<meta name=\"twitter:data1\" content=\"Roberto\" \/>\n\t<meta name=\"twitter:label2\" content=\"Dur\u00e9e de lecture estim\u00e9e\" \/>\n\t<meta name=\"twitter:data2\" content=\"4 minutes\" \/>\n<script type=\"application\/ld+json\" class=\"yoast-schema-graph\">{\"@context\":\"https:\\\/\\\/schema.org\",\"@graph\":[{\"@type\":\"Article\",\"@id\":\"https:\\\/\\\/www.wopg.org\\\/fr\\\/tournee-sud-americaine-2024\\\/#article\",\"isPartOf\":{\"@id\":\"https:\\\/\\\/www.wopg.org\\\/fr\\\/tournee-sud-americaine-2024\\\/\"},\"author\":{\"name\":\"Roberto\",\"@id\":\"https:\\\/\\\/www.wopg.org\\\/fr\\\/#\\\/schema\\\/person\\\/c495a5aacd2a074ce031b7fa6625b3af\"},\"headline\":\"Tourn\u00e9e sud-am\u00e9ricaine 2024\",\"datePublished\":\"2024-02-13T07:34:03+00:00\",\"dateModified\":\"2024-03-31T17:21:06+00:00\",\"mainEntityOfPage\":{\"@id\":\"https:\\\/\\\/www.wopg.org\\\/fr\\\/tournee-sud-americaine-2024\\\/\"},\"wordCount\":796,\"publisher\":{\"@id\":\"https:\\\/\\\/www.wopg.org\\\/fr\\\/#organization\"},\"image\":{\"@id\":\"https:\\\/\\\/www.wopg.org\\\/fr\\\/tournee-sud-americaine-2024\\\/#primaryimage\"},\"thumbnailUrl\":\"https:\\\/\\\/www.wopg.org\\\/wp-content\\\/uploads\\\/2024\\\/02\\\/210314_Cancun_Private_nkm_146_1080x608.jpg\",\"articleSection\":[\"Recent\"],\"inLanguage\":\"fr-FR\"},{\"@type\":\"WebPage\",\"@id\":\"https:\\\/\\\/www.wopg.org\\\/fr\\\/tournee-sud-americaine-2024\\\/\",\"url\":\"https:\\\/\\\/www.wopg.org\\\/fr\\\/tournee-sud-americaine-2024\\\/\",\"name\":\"Tourn\u00e9e sud-am\u00e9ricaine 2024 | Words of Peace\",\"isPartOf\":{\"@id\":\"https:\\\/\\\/www.wopg.org\\\/fr\\\/#website\"},\"primaryImageOfPage\":{\"@id\":\"https:\\\/\\\/www.wopg.org\\\/fr\\\/tournee-sud-americaine-2024\\\/#primaryimage\"},\"image\":{\"@id\":\"https:\\\/\\\/www.wopg.org\\\/fr\\\/tournee-sud-americaine-2024\\\/#primaryimage\"},\"thumbnailUrl\":\"https:\\\/\\\/www.wopg.org\\\/wp-content\\\/uploads\\\/2024\\\/02\\\/210314_Cancun_Private_nkm_146_1080x608.jpg\",\"datePublished\":\"2024-02-13T07:34:03+00:00\",\"dateModified\":\"2024-03-31T17:21:06+00:00\",\"breadcrumb\":{\"@id\":\"https:\\\/\\\/www.wopg.org\\\/fr\\\/tournee-sud-americaine-2024\\\/#breadcrumb\"},\"inLanguage\":\"fr-FR\",\"potentialAction\":[{\"@type\":\"ReadAction\",\"target\":[\"https:\\\/\\\/www.wopg.org\\\/fr\\\/tournee-sud-americaine-2024\\\/\"]}]},{\"@type\":\"ImageObject\",\"inLanguage\":\"fr-FR\",\"@id\":\"https:\\\/\\\/www.wopg.org\\\/fr\\\/tournee-sud-americaine-2024\\\/#primaryimage\",\"url\":\"https:\\\/\\\/www.wopg.org\\\/wp-content\\\/uploads\\\/2024\\\/02\\\/210314_Cancun_Private_nkm_146_1080x608.jpg\",\"contentUrl\":\"https:\\\/\\\/www.wopg.org\\\/wp-content\\\/uploads\\\/2024\\\/02\\\/210314_Cancun_Private_nkm_146_1080x608.jpg\",\"width\":1080,\"height\":608,\"caption\":\"Prem Rawat\"},{\"@type\":\"BreadcrumbList\",\"@id\":\"https:\\\/\\\/www.wopg.org\\\/fr\\\/tournee-sud-americaine-2024\\\/#breadcrumb\",\"itemListElement\":[{\"@type\":\"ListItem\",\"position\":1,\"name\":\"Home\",\"item\":\"https:\\\/\\\/www.wopg.org\\\/fr\\\/\"},{\"@type\":\"ListItem\",\"position\":2,\"name\":\"Tourn\u00e9e sud-am\u00e9ricaine 2024\"}]},{\"@type\":\"WebSite\",\"@id\":\"https:\\\/\\\/www.wopg.org\\\/fr\\\/#website\",\"url\":\"https:\\\/\\\/www.wopg.org\\\/fr\\\/\",\"name\":\"Words of Peace\",\"description\":\"Practice Peace, Change Your World\",\"publisher\":{\"@id\":\"https:\\\/\\\/www.wopg.org\\\/fr\\\/#organization\"},\"potentialAction\":[{\"@type\":\"SearchAction\",\"target\":{\"@type\":\"EntryPoint\",\"urlTemplate\":\"https:\\\/\\\/www.wopg.org\\\/fr\\\/?s={search_term_string}\"},\"query-input\":{\"@type\":\"PropertyValueSpecification\",\"valueRequired\":true,\"valueName\":\"search_term_string\"}}],\"inLanguage\":\"fr-FR\"},{\"@type\":\"Organization\",\"@id\":\"https:\\\/\\\/www.wopg.org\\\/fr\\\/#organization\",\"name\":\"Words of Peace\",\"url\":\"https:\\\/\\\/www.wopg.org\\\/fr\\\/\",\"logo\":{\"@type\":\"ImageObject\",\"inLanguage\":\"fr-FR\",\"@id\":\"https:\\\/\\\/www.wopg.org\\\/fr\\\/#\\\/schema\\\/logo\\\/image\\\/\",\"url\":\"https:\\\/\\\/wopg.org\\\/wp-content\\\/uploads\\\/2022\\\/02\\\/Words-of-Peace-logo-website61x252.png\",\"contentUrl\":\"https:\\\/\\\/wopg.org\\\/wp-content\\\/uploads\\\/2022\\\/02\\\/Words-of-Peace-logo-website61x252.png\",\"width\":252,\"height\":61,\"caption\":\"Words of Peace\"},\"image\":{\"@id\":\"https:\\\/\\\/www.wopg.org\\\/fr\\\/#\\\/schema\\\/logo\\\/image\\\/\"},\"sameAs\":[\"https:\\\/\\\/www.facebook.com\\\/wordsofpeaceglobal\",\"https:\\\/\\\/x.com\\\/wopg\",\"https:\\\/\\\/www.instagram.com\\\/wopgofficial\\\/\"]},{\"@type\":\"Person\",\"@id\":\"https:\\\/\\\/www.wopg.org\\\/fr\\\/#\\\/schema\\\/person\\\/c495a5aacd2a074ce031b7fa6625b3af\",\"name\":\"Roberto\",\"image\":{\"@type\":\"ImageObject\",\"inLanguage\":\"fr-FR\",\"@id\":\"https:\\\/\\\/secure.gravatar.com\\\/avatar\\\/3a2423ab531630d32d946fa10acea4a736bd03feede76ddcc150434c8458228b?s=96&d=mm&r=g\",\"url\":\"https:\\\/\\\/secure.gravatar.com\\\/avatar\\\/3a2423ab531630d32d946fa10acea4a736bd03feede76ddcc150434c8458228b?s=96&d=mm&r=g\",\"contentUrl\":\"https:\\\/\\\/secure.gravatar.com\\\/avatar\\\/3a2423ab531630d32d946fa10acea4a736bd03feede76ddcc150434c8458228b?s=96&d=mm&r=g\",\"caption\":\"Roberto\"},\"url\":\"https:\\\/\\\/www.wopg.org\\\/fr\\\/author\\\/roberto\\\/\"}]}<\/script>\n<!-- \/ Yoast SEO plugin. -->","yoast_head_json":{"title":"Tourn\u00e9e sud-am\u00e9ricaine 2024 | Words of Peace","robots":{"index":"index","follow":"follow","max-snippet":"max-snippet:-1","max-image-preview":"max-image-preview:large","max-video-preview":"max-video-preview:-1"},"canonical":"https:\/\/www.wopg.org\/fr\/tournee-sud-americaine-2024\/","og_locale":"fr_FR","og_type":"article","og_title":"Tourn\u00e9e sud-am\u00e9ricaine 2024 | Words of Peace","og_description":"Photo avec l\u2019aimable courtoisie de TimelessToday Notez ces dates Nous sommes tr\u00e8s heureux d\u2019annoncer que Prem Rawat, orateur mondialement connu, auteur \u00e0 succ\u00e8s et p\u00e9dagogue de la paix va faire une tourn\u00e9e au Mexique et en Am\u00e9rique du Sud en mars 2024&nbsp;! Il va prendre la parole dans les villes suivantes&nbsp;: Le 2 mars \u2013 [&hellip;]","og_url":"https:\/\/www.wopg.org\/fr\/tournee-sud-americaine-2024\/","og_site_name":"Words of Peace","article_publisher":"https:\/\/www.facebook.com\/wordsofpeaceglobal","article_published_time":"2024-02-13T07:34:03+00:00","article_modified_time":"2024-03-31T17:21:06+00:00","og_image":[{"width":1080,"height":608,"url":"https:\/\/eadn-wc03-5903292.nxedge.io\/wp-content\/uploads\/2024\/02\/210314_Cancun_Private_nkm_146_1080x608.jpg","type":"image\/jpeg"}],"author":"Roberto","twitter_card":"summary_large_image","twitter_creator":"@wopg","twitter_site":"@wopg","twitter_misc":{"\u00c9crit par":"Roberto","Dur\u00e9e de lecture estim\u00e9e":"4 minutes"},"schema":{"@context":"https:\/\/schema.org","@graph":[{"@type":"Article","@id":"https:\/\/www.wopg.org\/fr\/tournee-sud-americaine-2024\/#article","isPartOf":{"@id":"https:\/\/www.wopg.org\/fr\/tournee-sud-americaine-2024\/"},"author":{"name":"Roberto","@id":"https:\/\/www.wopg.org\/fr\/#\/schema\/person\/c495a5aacd2a074ce031b7fa6625b3af"},"headline":"Tourn\u00e9e sud-am\u00e9ricaine 2024","datePublished":"2024-02-13T07:34:03+00:00","dateModified":"2024-03-31T17:21:06+00:00","mainEntityOfPage":{"@id":"https:\/\/www.wopg.org\/fr\/tournee-sud-americaine-2024\/"},"wordCount":796,"publisher":{"@id":"https:\/\/www.wopg.org\/fr\/#organization"},"image":{"@id":"https:\/\/www.wopg.org\/fr\/tournee-sud-americaine-2024\/#primaryimage"},"thumbnailUrl":"https:\/\/eadn-wc03-5903292.nxedge.io\/wp-content\/uploads\/2024\/02\/210314_Cancun_Private_nkm_146_1080x608.jpg","articleSection":["Recent"],"inLanguage":"fr-FR"},{"@type":"WebPage","@id":"https:\/\/www.wopg.org\/fr\/tournee-sud-americaine-2024\/","url":"https:\/\/www.wopg.org\/fr\/tournee-sud-americaine-2024\/","name":"Tourn\u00e9e sud-am\u00e9ricaine 2024 | Words of Peace","isPartOf":{"@id":"https:\/\/www.wopg.org\/fr\/#website"},"primaryImageOfPage":{"@id":"https:\/\/www.wopg.org\/fr\/tournee-sud-americaine-2024\/#primaryimage"},"image":{"@id":"https:\/\/www.wopg.org\/fr\/tournee-sud-americaine-2024\/#primaryimage"},"thumbnailUrl":"https:\/\/eadn-wc03-5903292.nxedge.io\/wp-content\/uploads\/2024\/02\/210314_Cancun_Private_nkm_146_1080x608.jpg","datePublished":"2024-02-13T07:34:03+00:00","dateModified":"2024-03-31T17:21:06+00:00","breadcrumb":{"@id":"https:\/\/www.wopg.org\/fr\/tournee-sud-americaine-2024\/#breadcrumb"},"inLanguage":"fr-FR","potentialAction":[{"@type":"ReadAction","target":["https:\/\/www.wopg.org\/fr\/tournee-sud-americaine-2024\/"]}]},{"@type":"ImageObject","inLanguage":"fr-FR","@id":"https:\/\/www.wopg.org\/fr\/tournee-sud-americaine-2024\/#primaryimage","url":"https:\/\/eadn-wc03-5903292.nxedge.io\/wp-content\/uploads\/2024\/02\/210314_Cancun_Private_nkm_146_1080x608.jpg","contentUrl":"https:\/\/eadn-wc03-5903292.nxedge.io\/wp-content\/uploads\/2024\/02\/210314_Cancun_Private_nkm_146_1080x608.jpg","width":1080,"height":608,"caption":"Prem Rawat"},{"@type":"BreadcrumbList","@id":"https:\/\/www.wopg.org\/fr\/tournee-sud-americaine-2024\/#breadcrumb","itemListElement":[{"@type":"ListItem","position":1,"name":"Home","item":"https:\/\/www.wopg.org\/fr\/"},{"@type":"ListItem","position":2,"name":"Tourn\u00e9e sud-am\u00e9ricaine 2024"}]},{"@type":"WebSite","@id":"https:\/\/www.wopg.org\/fr\/#website","url":"https:\/\/www.wopg.org\/fr\/","name":"Words of Peace","description":"Practice Peace, Change Your World","publisher":{"@id":"https:\/\/www.wopg.org\/fr\/#organization"},"potentialAction":[{"@type":"SearchAction","target":{"@type":"EntryPoint","urlTemplate":"https:\/\/www.wopg.org\/fr\/?s={search_term_string}"},"query-input":{"@type":"PropertyValueSpecification","valueRequired":true,"valueName":"search_term_string"}}],"inLanguage":"fr-FR"},{"@type":"Organization","@id":"https:\/\/www.wopg.org\/fr\/#organization","name":"Words of Peace","url":"https:\/\/www.wopg.org\/fr\/","logo":{"@type":"ImageObject","inLanguage":"fr-FR","@id":"https:\/\/www.wopg.org\/fr\/#\/schema\/logo\/image\/","url":"https:\/\/wopg.org\/wp-content\/uploads\/2022\/02\/Words-of-Peace-logo-website61x252.png","contentUrl":"https:\/\/wopg.org\/wp-content\/uploads\/2022\/02\/Words-of-Peace-logo-website61x252.png","width":252,"height":61,"caption":"Words of Peace"},"image":{"@id":"https:\/\/www.wopg.org\/fr\/#\/schema\/logo\/image\/"},"sameAs":["https:\/\/www.facebook.com\/wordsofpeaceglobal","https:\/\/x.com\/wopg","https:\/\/www.instagram.com\/wopgofficial\/"]},{"@type":"Person","@id":"https:\/\/www.wopg.org\/fr\/#\/schema\/person\/c495a5aacd2a074ce031b7fa6625b3af","name":"Roberto","image":{"@type":"ImageObject","inLanguage":"fr-FR","@id":"https:\/\/secure.gravatar.com\/avatar\/3a2423ab531630d32d946fa10acea4a736bd03feede76ddcc150434c8458228b?s=96&d=mm&r=g","url":"https:\/\/secure.gravatar.com\/avatar\/3a2423ab531630d32d946fa10acea4a736bd03feede76ddcc150434c8458228b?s=96&d=mm&r=g","contentUrl":"https:\/\/secure.gravatar.com\/avatar\/3a2423ab531630d32d946fa10acea4a736bd03feede76ddcc150434c8458228b?s=96&d=mm&r=g","caption":"Roberto"},"url":"https:\/\/www.wopg.org\/fr\/author\/roberto\/"}]}},"_links":{"self":[{"href":"https:\/\/www.wopg.org\/fr\/wp-json\/wp\/v2\/posts\/28158","targetHints":{"allow":["GET"]}}],"collection":[{"href":"https:\/\/www.wopg.org\/fr\/wp-json\/wp\/v2\/posts"}],"about":[{"href":"https:\/\/www.wopg.org\/fr\/wp-json\/wp\/v2\/types\/post"}],"author":[{"embeddable":true,"href":"https:\/\/www.wopg.org\/fr\/wp-json\/wp\/v2\/users\/14"}],"replies":[{"embeddable":true,"href":"https:\/\/www.wopg.org\/fr\/wp-json\/wp\/v2\/comments?post=28158"}],"version-history":[{"count":6,"href":"https:\/\/www.wopg.org\/fr\/wp-json\/wp\/v2\/posts\/28158\/revisions"}],"predecessor-version":[{"id":28931,"href":"https:\/\/www.wopg.org\/fr\/wp-json\/wp\/v2\/posts\/28158\/revisions\/28931"}],"wp:featuredmedia":[{"embeddable":true,"href":"https:\/\/www.wopg.org\/fr\/wp-json\/wp\/v2\/media\/28125"}],"wp:attachment":[{"href":"https:\/\/www.wopg.org\/fr\/wp-json\/wp\/v2\/media?parent=28158"}],"wp:term":[{"taxonomy":"category","embeddable":true,"href":"https:\/\/www.wopg.org\/fr\/wp-json\/wp\/v2\/categories?post=28158"},{"taxonomy":"post_tag","embeddable":true,"href":"https:\/\/www.wopg.org\/fr\/wp-json\/wp\/v2\/tags?post=28158"},{"taxonomy":"post_folder","embeddable":true,"href":"https:\/\/www.wopg.org\/fr\/wp-json\/wp\/v2\/post_folder?post=28158"}],"curies":[{"name":"wp","href":"https:\/\/api.w.org\/{rel}","templated":true}]}}