{"id":31894,"date":"2024-05-27T05:29:59","date_gmt":"2024-05-27T05:29:59","guid":{"rendered":"https:\/\/www.wopg.org\/?p=31894"},"modified":"2024-06-16T13:36:24","modified_gmt":"2024-06-16T13:36:24","slug":"15-juin-2024-prem-rawat-a-barcelone-espagne","status":"publish","type":"post","link":"https:\/\/www.wopg.org\/fr\/15-juin-2024-prem-rawat-a-barcelone-espagne\/","title":{"rendered":"15 Juin 2024 &#8211; Prem Rawat \u00e0 Barcelone, Espagne"},"content":{"rendered":"<p>[et_pb_section fb_built=\u00a0\u00bb1&Prime; _builder_version=\u00a0\u00bb4.17.4&Prime; _module_preset=\u00a0\u00bbdefault\u00a0\u00bb custom_margin=\u00a0\u00bb-50px||||false|false\u00a0\u00bb custom_padding=\u00a0\u00bb0px||0px||false|false\u00a0\u00bb global_colors_info=\u00a0\u00bb{}\u00a0\u00bb][et_pb_row _builder_version=\u00a0\u00bb4.17.4&Prime; _module_preset=\u00a0\u00bbdefault\u00a0\u00bb custom_padding=\u00a0\u00bb0px||||false|false\u00a0\u00bb global_colors_info=\u00a0\u00bb{}\u00a0\u00bb][et_pb_column type=\u00a0\u00bb4_4&Prime; _builder_version=\u00a0\u00bb4.17.4&Prime; _module_preset=\u00a0\u00bbdefault\u00a0\u00bb global_colors_info=\u00a0\u00bb{}\u00a0\u00bb][et_pb_text _builder_version=\u00a0\u00bb4.24.3&Prime; _module_preset=\u00a0\u00bbdefault\u00a0\u00bb global_colors_info=\u00a0\u00bb{}\u00a0\u00bb]<\/p>\n<h6 style=\"text-align: center\"><span>Photo fournie par TimelessToday<\/span><\/h6>\n<p>[\/et_pb_text][\/et_pb_column][\/et_pb_row][et_pb_row column_structure=\u00a0\u00bb1_6,1_6,1_6,1_6,1_6,1_6&Prime; _builder_version=\u00a0\u00bb4.24.3&Prime; _module_preset=\u00a0\u00bbdefault\u00a0\u00bb module_alignment=\u00a0\u00bbcenter\u00a0\u00bb custom_padding=\u00a0\u00bb0px||||false|false\u00a0\u00bb hover_enabled=\u00a0\u00bb0&Prime; global_colors_info=\u00a0\u00bb{}\u00a0\u00bb disabled_on=\u00a0\u00bbon|on|on\u00a0\u00bb disabled=\u00a0\u00bbon\u00a0\u00bb sticky_enabled=\u00a0\u00bb0&Prime;][et_pb_column type=\u00a0\u00bb1_6&Prime; _builder_version=\u00a0\u00bb4.24.3&Prime; _module_preset=\u00a0\u00bbdefault\u00a0\u00bb global_colors_info=\u00a0\u00bb{}\u00a0\u00bb][\/et_pb_column][et_pb_column type=\u00a0\u00bb1_6&Prime; _builder_version=\u00a0\u00bb4.24.3&Prime; _module_preset=\u00a0\u00bbdefault\u00a0\u00bb global_colors_info=\u00a0\u00bb{}\u00a0\u00bb][et_pb_button button_url=\u00a0\u00bbhttps:\/\/www.wopg.org\/fr\/15-juin-2024-prem-rawat-a-barcelone-espagne\/\u00a0\u00bb button_text=\u00a0\u00bbAnglais\u00a0\u00bb button_alignment=\u00a0\u00bbcenter\u00a0\u00bb _builder_version=\u00a0\u00bb4.24.3&Prime; _module_preset=\u00a0\u00bbdefault\u00a0\u00bb custom_button=\u00a0\u00bbon\u00a0\u00bb button_text_size=\u00a0\u00bb16px\u00a0\u00bb button_text_color=\u00a0\u00bb#008B73&Prime; button_bg_color=\u00a0\u00bbRGBA(255,255,255,0)\u00a0\u00bb button_border_width=\u00a0\u00bb1px\u00a0\u00bb button_border_color=\u00a0\u00bb#008B73&Prime; button_border_radius=\u00a0\u00bb5px\u00a0\u00bb button_font=\u00a0\u00bb|700|||||||\u00a0\u00bb button_use_icon=\u00a0\u00bboff\u00a0\u00bb custom_padding=\u00a0\u00bb0px||0px||false|false\u00a0\u00bb global_colors_info=\u00a0\u00bb{}\u00a0\u00bb button_bg_color__hover=\u00a0\u00bbRGBA(0,139,115,0.65)\u00a0\u00bb button_bg_color__hover_enabled=\u00a0\u00bbon|hover\u00a0\u00bb][\/et_pb_button][\/et_pb_column][et_pb_column type=\u00a0\u00bb1_6&Prime; _builder_version=\u00a0\u00bb4.24.3&Prime; _module_preset=\u00a0\u00bbdefault\u00a0\u00bb global_colors_info=\u00a0\u00bb{}\u00a0\u00bb][et_pb_button button_url=\u00a0\u00bbhttps:\/\/www.wopg.org\/fr\/15-juin-2024-prem-rawat-a-barcelone-espagne\/\u00a0\u00bb button_text=\u00a0\u00bbEspagnol\u00a0\u00bb button_alignment=\u00a0\u00bbcenter\u00a0\u00bb _builder_version=\u00a0\u00bb4.24.3&Prime; _module_preset=\u00a0\u00bbdefault\u00a0\u00bb custom_button=\u00a0\u00bbon\u00a0\u00bb button_text_size=\u00a0\u00bb16px\u00a0\u00bb button_text_color=\u00a0\u00bb#008B73&Prime; button_bg_color=\u00a0\u00bbRGBA(255,255,255,0)\u00a0\u00bb button_border_width=\u00a0\u00bb1px\u00a0\u00bb button_border_color=\u00a0\u00bb#008B73&Prime; button_border_radius=\u00a0\u00bb5px\u00a0\u00bb button_font=\u00a0\u00bb|700|||||||\u00a0\u00bb button_use_icon=\u00a0\u00bboff\u00a0\u00bb custom_padding=\u00a0\u00bb0px||0px||false|false\u00a0\u00bb locked=\u00a0\u00bboff\u00a0\u00bb global_colors_info=\u00a0\u00bb{}\u00a0\u00bb button_bg_color__hover=\u00a0\u00bbRGBA(0,139,115,0.65)\u00a0\u00bb button_bg_color__hover_enabled=\u00a0\u00bbon|hover\u00a0\u00bb][\/et_pb_button][\/et_pb_column][et_pb_column type=\u00a0\u00bb1_6&Prime; _builder_version=\u00a0\u00bb4.24.3&Prime; _module_preset=\u00a0\u00bbdefault\u00a0\u00bb global_colors_info=\u00a0\u00bb{}\u00a0\u00bb][et_pb_button button_url=\u00a0\u00bbhttps:\/\/www.wopg.org\/fr\/15-juin-2024-prem-rawat-a-barcelone-espagne\/\u00a0\u00bb button_text=\u00a0\u00bbFran\u00e7ais\u00a0\u00bb button_alignment=\u00a0\u00bbcenter\u00a0\u00bb _builder_version=\u00a0\u00bb4.24.3&Prime; _module_preset=\u00a0\u00bbdefault\u00a0\u00bb custom_button=\u00a0\u00bbon\u00a0\u00bb button_text_size=\u00a0\u00bb16px\u00a0\u00bb button_text_color=\u00a0\u00bb#008B73&Prime; button_bg_color=\u00a0\u00bbRGBA(255,255,255,0)\u00a0\u00bb button_border_width=\u00a0\u00bb1px\u00a0\u00bb button_border_color=\u00a0\u00bb#008B73&Prime; button_border_radius=\u00a0\u00bb5px\u00a0\u00bb button_font=\u00a0\u00bb|700|||||||\u00a0\u00bb button_use_icon=\u00a0\u00bboff\u00a0\u00bb custom_padding=\u00a0\u00bb0px||0px||false|false\u00a0\u00bb global_colors_info=\u00a0\u00bb{}\u00a0\u00bb button_bg_color__hover_enabled=\u00a0\u00bbon|hover\u00a0\u00bb button_bg_color__hover=\u00a0\u00bbRGBA(0,139,115,0.65)\u00a0\u00bb button_bg_enable_color__hover=\u00a0\u00bbon\u00a0\u00bb][\/et_pb_button][\/et_pb_column][et_pb_column type=\u00a0\u00bb1_6&Prime; _builder_version=\u00a0\u00bb4.24.3&Prime; _module_preset=\u00a0\u00bbdefault\u00a0\u00bb global_colors_info=\u00a0\u00bb{}\u00a0\u00bb][et_pb_button button_url=\u00a0\u00bbhttps:\/\/www.wopg.org\/fr\/15-juin-2024-prem-rawat-a-barcelone-espagne\/\u00a0\u00bb button_text=\u00a0\u00bbPortugais\u00a0\u00bb button_alignment=\u00a0\u00bbcenter\u00a0\u00bb disabled_on=\u00a0\u00bboff|off|off\u00a0\u00bb _builder_version=\u00a0\u00bb4.24.3&Prime; _module_preset=\u00a0\u00bbdefault\u00a0\u00bb custom_button=\u00a0\u00bbon\u00a0\u00bb button_text_size=\u00a0\u00bb16px\u00a0\u00bb button_text_color=\u00a0\u00bb#008B73&Prime; button_bg_color=\u00a0\u00bbRGBA(255,255,255,0)\u00a0\u00bb button_border_width=\u00a0\u00bb1px\u00a0\u00bb button_border_color=\u00a0\u00bb#008B73&Prime; button_border_radius=\u00a0\u00bb5px\u00a0\u00bb button_font=\u00a0\u00bb|700|||||||\u00a0\u00bb button_use_icon=\u00a0\u00bboff\u00a0\u00bb custom_padding=\u00a0\u00bb0px||0px||false|false\u00a0\u00bb global_colors_info=\u00a0\u00bb{}\u00a0\u00bb button_bg_color__hover=\u00a0\u00bbRGBA(0,139,115,0.65)\u00a0\u00bb button_bg_color__hover_enabled=\u00a0\u00bbon|hover\u00a0\u00bb][\/et_pb_button][\/et_pb_column][et_pb_column type=\u00a0\u00bb1_6&Prime; _builder_version=\u00a0\u00bb4.24.3&Prime; _module_preset=\u00a0\u00bbdefault\u00a0\u00bb global_colors_info=\u00a0\u00bb{}\u00a0\u00bb][\/et_pb_column][\/et_pb_row][\/et_pb_section][et_pb_section fb_built=\u00a0\u00bb1&Prime; disabled_on=\u00a0\u00bboff|off|off\u00a0\u00bb admin_label=\u00a0\u00bbFull event details\u00a0\u00bb _builder_version=\u00a0\u00bb4.23.1&Prime; _module_preset=\u00a0\u00bbdefault\u00a0\u00bb locked=\u00a0\u00bboff\u00a0\u00bb collapsed=\u00a0\u00bboff\u00a0\u00bb global_colors_info=\u00a0\u00bb{}\u00a0\u00bb][et_pb_row _builder_version=\u00a0\u00bb4.21.0&Prime; _module_preset=\u00a0\u00bbdefault\u00a0\u00bb custom_padding=\u00a0\u00bb0px||||false|false\u00a0\u00bb custom_css_main_element=\u00a0\u00bbdisplay: flex;||flex-wrap: wrap;||justify-content: center;\u00a0\u00bb global_colors_info=\u00a0\u00bb{}\u00a0\u00bb][et_pb_column type=\u00a0\u00bb4_4&Prime; _builder_version=\u00a0\u00bb4.21.0&Prime; _module_preset=\u00a0\u00bbdefault\u00a0\u00bb global_colors_info=\u00a0\u00bb{}\u00a0\u00bb][et_pb_text admin_label=\u00a0\u00bbWHEN AND WHERE\u00a0\u00bb _builder_version=\u00a0\u00bb4.24.3&Prime; _module_preset=\u00a0\u00bbdefault\u00a0\u00bb global_colors_info=\u00a0\u00bb{}\u00a0\u00bb]<\/p>\n<p><em>Lisez attentivement cette page pour les informations importantes sur l\u2019\u00e9v\u00e9nement \u00e0 venir. Veuillez vous reporter \u00e0 cette information pour planifier votre venue.<\/em><\/p>\n<p>&nbsp;<\/p>\n<h4>QUAND ET O\u00d9<\/h4>\n<p><strong>Date&nbsp;:<\/strong> <span style=\"font-weight: 400\">Samedi 15 juin 2024<\/span><\/p>\n<p><strong>Heure&nbsp;:<\/strong> L\u2019\u00e9v\u00e9nement commencera \u00e0 17h.<br \/>\nLes portes de la salle ouvriront \u00e0 15h30.<br \/>\nLa fin est pr\u00e9vue \u00e0 19h.\n<\/p>\n<p><strong>Salle&nbsp;:<\/strong> <a href=\"https:\/\/www.catalunyacongresscenter.com\/en\" target=\"_blank\" rel=\"noopener\"><span style=\"font-weight: 400\">Palau de Congressos de Catalunya<\/span><\/a><\/p>\n<p><strong>Adresse&nbsp;: <\/strong> <span style=\"font-weight: 400\">Avda. Diagonal, 661*671, Les Corts, 08028 Barcelona.<\/span><\/p>\n<p><a href=\"https:\/\/www.catalunyacongresscenter.com\/en\/barcelona\/getting-in\" target=\"_blank\" rel=\"noopener\">Plans, Parking, et transports publics <\/a><\/p>\n<p>[\/et_pb_text][et_pb_text admin_label=\u00a0\u00bbWHO IS INVITED\u00a0\u00bb _builder_version=\u00a0\u00bb4.24.3&Prime; _module_preset=\u00a0\u00bbdefault\u00a0\u00bb global_colors_info=\u00a0\u00bb{}\u00a0\u00bb]<\/p>\n<h4>QUI EST INVIT\u00c9<\/h4>\n<p>Toute personne int\u00e9ress\u00e9e par Prem Rawat et son message est bienvenue.<\/p>\n<p>[\/et_pb_text][et_pb_text admin_label=\u00a0\u00bbWHO IS INVITED &#8211; CHILDREN\u00a0\u00bb _builder_version=\u00a0\u00bb4.24.3&Prime; _module_preset=\u00a0\u00bbdefault\u00a0\u00bb global_colors_info=\u00a0\u00bb{}\u00a0\u00bb]<\/p>\n<h4>ENFANTS<\/h4>\n<p>Cet \u00e9v\u00e9nement ne convient pas aux enfants de moins de 10 ans.<\/p>\n<p>[\/et_pb_text][et_pb_text admin_label=\u00a0\u00bbPURCHASE OF TICKETS\u00a0\u00bb _builder_version=\u00a0\u00bb4.24.3&Prime; _module_preset=\u00a0\u00bbdefault\u00a0\u00bb global_colors_info=\u00a0\u00bb{}\u00a0\u00bb]<\/p>\n<h4>BILLETS<\/h4>\n<p><strong>Les billets seront en vente le 3 juin \u00e0 18h CEST<\/strong>.<\/p>\n<p>Pour entrer dans la salle, pensez \u00e0 pr\u00e9senter visiblement votre billet imprim\u00e9 ou votre billet \u00e9lectronique sur votre t\u00e9l\u00e9phone avec le code barre visible.<\/p>\n<p>Si vous ne pouvez pas acheter un billet pour une raison quelconque, veuillez contacter <a href=\"mailto:help.barcelonaevent@gmail.com\"><span style=\"font-weight: 400\">help.barcelonaevent@gmail.com<\/span><\/a>.<\/p>\n<p><strong>Prix des billets<\/strong><\/p>\n<ul>\n<li style=\"list-style-type: none\">\n<ul>\n<li><span style=\"font-weight: 400\">120 euros<\/span> + frais d\u2019agence<\/li>\n<li><span style=\"font-weight: 400\">100 euros<\/span> + frais d\u2019agence<\/li>\n<li><span style=\"font-weight: 400\">80 euros<\/span> + frais d\u2019agence<\/li>\n<li><span style=\"font-weight: 400\">50 euros<\/span> + frais d\u2019agence<\/li>\n<li><span style=\"font-weight: 400\">20 euros<\/span> + frais d\u2019agence<\/li>\n<\/ul>\n<\/li>\n<\/ul>\n<p>Chaque personne pourra acheter  <strong>4\u00a0places<\/strong>. Veuillez cependant n\u2019acheter que les places dont vous savez qu\u2019elles seront utilis\u00e9es. <\/p>\n<p><strong>Il n\u2019y aura pas de remboursement<\/strong>.<\/p>\n<p>[\/et_pb_text][et_pb_button button_url=\u00a0\u00bbhttps:\/\/www.entradas.com\/artist\/prem-rawat\/\u00a0\u00bb url_new_window=\u00a0\u00bbon\u00a0\u00bb button_text=\u00a0\u00bbAchat des places\u00a0\u00bb button_alignment=\u00a0\u00bbcenter\u00a0\u00bb disabled_on=\u00a0\u00bboff|off|off\u00a0\u00bb admin_label=\u00a0\u00bbPurchase button\u00a0\u00bb _builder_version=\u00a0\u00bb4.24.3&Prime; _module_preset=\u00a0\u00bbdefault\u00a0\u00bb custom_button=\u00a0\u00bbon\u00a0\u00bb button_bg_color=\u00a0\u00bb#008B73&Prime; button_border_width=\u00a0\u00bb0px\u00a0\u00bb button_border_radius=\u00a0\u00bb8px\u00a0\u00bb background_layout=\u00a0\u00bbdark\u00a0\u00bb custom_padding=\u00a0\u00bb10px|49px|10px|49px|true|true\u00a0\u00bb global_colors_info=\u00a0\u00bb{}\u00a0\u00bb][\/et_pb_button][et_pb_button button_url=\u00a0\u00bb#\u00a0\u00bb button_text=\u00a0\u00bbLES BILLETS SONT VENDUS&nbsp;?\u00a0\u00bb button_alignment=\u00a0\u00bbcenter\u00a0\u00bb disabled_on=\u00a0\u00bbon|on|on\u00a0\u00bb admin_label=\u00a0\u00bbSold Out button\u00a0\u00bb _builder_version=\u00a0\u00bb4.21.0&Prime; _module_preset=\u00a0\u00bbdefault\u00a0\u00bb custom_button=\u00a0\u00bbon\u00a0\u00bb button_bg_color=\u00a0\u00bb#E02B20&Prime; button_border_width=\u00a0\u00bb0px\u00a0\u00bb button_border_radius=\u00a0\u00bb8px\u00a0\u00bb background_layout=\u00a0\u00bbdark\u00a0\u00bb custom_padding=\u00a0\u00bb10px|58px|10px|58px|true|true\u00a0\u00bb disabled=\u00a0\u00bbon\u00a0\u00bb global_colors_info=\u00a0\u00bb{}\u00a0\u00bb][\/et_pb_button][et_pb_button button_url=\u00a0\u00bb#soon\u00a0\u00bb button_text=\u00a0\u00bbBillets bient\u00f4t disponibles\u00a0\u00bb button_alignment=\u00a0\u00bbcenter\u00a0\u00bb disabled_on=\u00a0\u00bbon|on|on\u00a0\u00bb admin_label=\u00a0\u00bbSoon Available button\u00a0\u00bb module_id=\u00a0\u00bbsoon\u00a0\u00bb _builder_version=\u00a0\u00bb4.24.3&Prime; _module_preset=\u00a0\u00bbdefault\u00a0\u00bb custom_button=\u00a0\u00bbon\u00a0\u00bb button_text_color=\u00a0\u00bb#FFFFFF\u00a0\u00bb button_bg_color=\u00a0\u00bbRGBA(255,196,89,0.8)\u00a0\u00bb button_border_width=\u00a0\u00bb0px\u00a0\u00bb button_border_radius=\u00a0\u00bb8px\u00a0\u00bb background_layout=\u00a0\u00bbdark\u00a0\u00bb custom_padding=\u00a0\u00bb10px|30px|10px|30px|true|true\u00a0\u00bb disabled=\u00a0\u00bbon\u00a0\u00bb global_colors_info=\u00a0\u00bb{}\u00a0\u00bb][\/et_pb_button][et_pb_text _builder_version=\u00a0\u00bb4.24.3&Prime; _module_preset=\u00a0\u00bbdefault\u00a0\u00bb text_orientation=\u00a0\u00bbcenter\u00a0\u00bb locked=\u00a0\u00bboff\u00a0\u00bb global_colors_info=\u00a0\u00bb{}\u00a0\u00bb]<\/p>\n<div class=\"et_pb_row et_pb_row_0\">\n<div class=\"et_pb_column et_pb_column_4_4 et_pb_column_0 et_pb_css_mix_blend_mode_passthrough et-last-child\">\n<div class=\"et_pb_module et_pb_text et_pb_text_0 et_pb_text_align_left et_pb_bg_layout_light\">\n<div class=\"et_pb_text_inner\" style=\"text-align: center\"><em>(Lors de l\u2019ouverture de la vente pressez le bouton ci-dessus pour y acc\u00e9der directement)<\/em><\/div>\n<\/div>\n<\/div>\n<\/div>\n<p>[\/et_pb_text][et_pb_text admin_label=\u00a0\u00bbDO NOT RECORD OR FILM THE EVENT\u00a0\u00bb _builder_version=\u00a0\u00bb4.24.3&Prime; _module_preset=\u00a0\u00bbdefault\u00a0\u00bb locked=\u00a0\u00bboff\u00a0\u00bb global_colors_info=\u00a0\u00bb{}\u00a0\u00bb]<\/p>\n<h4>N\u2019enregistrez ni ne filmez l\u2019\u00e9v\u00e9nement<\/h4>\n<p>L&rsquo;enregistrement officiel est prot\u00e9g\u00e9 par copyright. Toute personne surprise \u00e0 enregistrer sera pri\u00e9e d\u2019arr\u00eater. Si elle continue, elle sera pri\u00e9e de sortir de la salle.<\/p>\n<p>L&rsquo;\u00e9v\u00e9nement sera film\u00e9. L\u2019achat d\u2019un billet constitue \u00e0 la fois votre accord pour \u00eatre film\u00e9 et votre autorisation \u00e0 ce que votre image, votre voix, soient inclus dans les m\u00e9dia sociaux, photographiques, audio, vid\u00e9o ou autres. Si vous achetez un billet pour une autre personne, sa venue \u00e0 l\u2019\u00e9v\u00e9nement constitue le m\u00eame accord et la m\u00eame autorisation.<\/p>\n<p><strong>Il y aura un contr\u00f4le de s\u00e9curit\u00e9 \u00e0 l\u2019entr\u00e9e du b\u00e2timent. Aucun bagage, sac \u00e0 dos ou grand sac ne pourra \u00eatre apport\u00e9 dans la salle<\/strong>.<\/p>\n<p><em><strong>Notez bien&nbsp;: <\/strong> Il est recommand\u00e9 que vous n\u2019organisiez pas votre voyage avant d\u2019avoir achet\u00e9 les places car le nombre de places demand\u00e9es peut exc\u00e9der la capacit\u00e9 de la salle<\/em>.<\/p>\n<p><strong>Voyageurs \u00e9trangers<\/strong>&nbsp;: Il n\u2019y a pas de restrictions de voyage en Espagne mais veuillez v\u00e9rifier les restrictions qui pourraient vous concerner.<\/p>\n<p>[\/et_pb_text][et_pb_accordion open_toggle_background_color=\u00a0\u00bbRGBA(255,255,255,0)\u00a0\u00bb icon_color=\u00a0\u00bb#008B73&Prime; use_icon_font_size=\u00a0\u00bbon\u00a0\u00bb icon_font_size=\u00a0\u00bb20px\u00a0\u00bb _builder_version=\u00a0\u00bb4.24.3&Prime; _module_preset=\u00a0\u00bbdefault\u00a0\u00bb border_color_all=\u00a0\u00bbRGBA(255,255,255,0)\u00a0\u00bb border_color_bottom=\u00a0\u00bb#008B73&Prime; global_colors_info=\u00a0\u00bb{}\u00a0\u00bb][et_pb_accordion_item title=\u00a0\u00bbAIDE A L\u2019ACHAT DE BILLETS\u00a0\u00bb open=\u00a0\u00bbon\u00a0\u00bb _builder_version=\u00a0\u00bb4.24.3&Prime; _module_preset=\u00a0\u00bbdefault\u00a0\u00bb global_colors_info=\u00a0\u00bb{}\u00a0\u00bb]<\/p>\n<p>Les billets peuvent \u00eatre achet\u00e9s en ligne sur un ordinateur, une tablette ou un t\u00e9l\u00e9phone. Il est recommand\u00e9 de vider l\u2019historique avant de commencer l\u2019achat.<\/p>\n<p>Avant le d\u00e9but de la vente des billets, vous souhaiterez peut-\u00eatre v\u00e9rifier laquelle des options suivantes vous concerne&nbsp;:<\/p>\n<p>Option 1 : \u00ab\u00a0Je suis client(e) de <a href=\"entradas.com\" target=\"_blank\" rel=\"noopener\">entradas.com<\/a> (ce qui signifie que vous avez d\u00e9j\u00e0 un compte chez eux) ; Option 2 : \u00ab\u00a0Inscription rapide\u00a0\u00bb (uniquement par email) ; ou Option 3 : \u00ab\u00a0Cr\u00e9er un nouveau compte\u201d.<\/p>\n<p>Il se peut que vous rencontriez des probl\u00e8mes lors du processus d&rsquo;achat de billets en ligne. Une forte demande peut g\u00e9n\u00e9rer un message automatique indiquant \u2018no seats available\u2019 (aucun si\u00e8ge disponible), ce qui ne signifie pas que l&rsquo;\u00e9v\u00e9nement est complet.<\/p>\n<p>Veuillez consid\u00e9rer ce qui suit&nbsp;:<br \/>\u2013 v\u00e9rifiez sur le site\u00a0<a href=\"http:\/\/www.wopg.org\/fr\/\">www.wopg.org<\/a>\u00a0si l&rsquo;\u00e9v\u00e9nement est complet<br \/>\u2013 attendez quelques instants et recommencez<br \/>\u2013 r\u00e9essayez sur un autre appareil<br \/>\u2013 si vous n&rsquo;y parvenez pas, envoyez un courriel \u00e0 <a href=\"mailto:help.barcelonaevent@gmail.com\"><span style=\"font-weight: 400\">help.barcelonaevent@gmail.com<\/span><\/a>.<\/p>\n<p>[\/et_pb_accordion_item][et_pb_accordion_item title=\u00a0\u00bbACHAT DES BILLETS PAR T\u00c9L\u00c9PHONE\u00a0\u00bb _builder_version=\u00a0\u00bb4.24.3&Prime; _module_preset=\u00a0\u00bbdefault\u00a0\u00bb global_colors_info=\u00a0\u00bb{}\u00a0\u00bb open=\u00a0\u00bboff\u00a0\u00bb]<\/p>\n<p>Ouverture de la billetterie par t\u00e9l\u00e9phone du lundi au dimanche  (de 10 h \u00e0 22 h) : +34 902 488 488<\/p>\n<p>[\/et_pb_accordion_item][et_pb_accordion_item title=\u00a0\u00bbLES BILLETS SONT VENDUS ?\u00a0\u00bb _builder_version=\u00a0\u00bb4.24.3&Prime; _module_preset=\u00a0\u00bbdefault\u00a0\u00bb global_colors_info=\u00a0\u00bb{}\u00a0\u00bb open=\u00a0\u00bboff\u00a0\u00bb]<\/p>\n<p>Si les billets sont tous vendus lorsque vous essayez d&rsquo;effectuer un achat, recommencez dans quelques heures, car les billets ayant \u00e9t\u00e9 r\u00e9serv\u00e9s peuvent \u00eatre \u00e0 nouveau disponibles. Si vous souhaitez vous renseigner sur un \u00e9ventuel retour de billets, veuillez contacter&nbsp;: <a href=\"mailto:help.barcelonaevent@gmail.com\"><span style=\"font-weight: 400\">help.barcelonaevent@gmail.com<\/span><\/a>.<\/p>\n<p>Si aucun billet n\u2019a \u00e9t\u00e9 rendu, vous serez inscrit sur une ligne d\u2019attente.<\/p>\n<p>[\/et_pb_accordion_item][et_pb_accordion_item title=\u00a0\u00bbRETOUR DES BILLETS NON UTILIS\u00c9S\u00a0\u00bb _builder_version=\u00a0\u00bb4.24.3&Prime; _module_preset=\u00a0\u00bbdefault\u00a0\u00bb global_colors_info=\u00a0\u00bb{}\u00a0\u00bb open=\u00a0\u00bboff\u00a0\u00bb]<\/p>\n<p>Si vos projets changent et que vous avez un billet non utilis\u00e9, veuillez envoyer une version \u00e9lectronique de votre billet \u00e0 <a href=\"mailto:help.barcelonaevent@gmail.com\"><span style=\"font-weight: 400\">help.barcelonaevent@gmail.com<\/span><\/a>.<\/p>\n<p>Les billets renvoy\u00e9s \u00e0 cette adresse seront r\u00e9attribu\u00e9s selon le principe du premier arriv\u00e9, premier servi, \u00e0 d&rsquo;autres personnes souhaitant assister \u00e0 cet \u00e9v\u00e9nement.<\/p>\n<p>Il n\u2019y aura pas de remboursement.<\/p>\n<p>[\/et_pb_accordion_item][et_pb_accordion_item title=\u00a0\u00bbBESOINS PARTICULIERS\u00a0\u00bb _builder_version=\u00a0\u00bb4.24.3&Prime; _module_preset=\u00a0\u00bbdefault\u00a0\u00bb global_colors_info=\u00a0\u00bb{}\u00a0\u00bb open=\u00a0\u00bboff\u00a0\u00bb]<\/p>\n<p>Il y aura une assistance pour les personnes en fauteuil roulant.<\/p>\n<p>Si vous avez des difficult\u00e9s \u00e0 acheter un espace pour fauteuil roulant ou un si\u00e8ge pour aidant, veuillez \u00e9crire \u00e0 <a href=\"mailto:help.barcelonaevent@gmail.com\"><span style=\"font-weight: 400\">help.barcelonaevent@gmail.com<\/span><\/a>.<\/p>\n<p>Si vous \u00eates malentendant, un canal en anglais sera disponible sur les casques de traduction. Les casques seront disponibles dans le hall contre une pi\u00e8ce d\u2019identit\u00e9.<\/p>\n<p>[\/et_pb_accordion_item][et_pb_accordion_item title=\u00a0\u00bbTRADUCTION\u00a0\u00bb _builder_version=\u00a0\u00bb4.24.3&Prime; _module_preset=\u00a0\u00bbdefault\u00a0\u00bb global_colors_info=\u00a0\u00bb{}\u00a0\u00bb open=\u00a0\u00bboff\u00a0\u00bb]<\/p>\n<p>L\u2019\u00e9v\u00e9nement se d\u00e9roulera en anglais. <span style=\"font-weight: 400\">La traduction sera assur\u00e9e en espagnol, en fran\u00e7ais et en portugais.<\/span><\/p>\n<p>Les casques de traduction seront disponibles dans le hall contre une pi\u00e8ce d\u2019identit\u00e9.<\/p>\n<p>[\/et_pb_accordion_item][et_pb_accordion_item title=\u00a0\u00bbBAGAGES\u00a0\u00bb _builder_version=\u00a0\u00bb4.24.3&Prime; _module_preset=\u00a0\u00bbdefault\u00a0\u00bb global_colors_info=\u00a0\u00bb{}\u00a0\u00bb open=\u00a0\u00bboff\u00a0\u00bb]<\/p>\n<p class=\"p1\">Les bagages, sacs \u00e0 dos ou sacs trop grands ne sont pas autoris\u00e9s dans la salle.<\/p>\n<p class=\"p1\">Il n\u2019y a pas de vestiaire.<\/p>\n<p>[\/et_pb_accordion_item][et_pb_accordion_item title=\u00a0\u00bbASSISTANCE\u00a0\u00bb _builder_version=\u00a0\u00bb4.24.3&Prime; _module_preset=\u00a0\u00bbdefault\u00a0\u00bb global_colors_info=\u00a0\u00bb{}\u00a0\u00bb open=\u00a0\u00bboff\u00a0\u00bb]<\/p>\n<p>Besoin d\u2019assistance&nbsp;?<\/p>\n<p>Envoyez un courriel \u00e0  <a href=\"mailto:help.barcelonaevent@gmail.com\"><span style=\"font-weight: 400\">help.barcelonaevent@gmail.com<\/span><\/a>.<\/p>\n<p>[\/et_pb_accordion_item][\/et_pb_accordion][\/et_pb_column][\/et_pb_row][et_pb_row _builder_version=\u00a0\u00bb4.21.0&Prime; _module_preset=\u00a0\u00bbdefault\u00a0\u00bb global_colors_info=\u00a0\u00bb{}\u00a0\u00bb][et_pb_column type=\u00a0\u00bb4_4&Prime; _builder_version=\u00a0\u00bb4.21.0&Prime; _module_preset=\u00a0\u00bbdefault\u00a0\u00bb global_colors_info=\u00a0\u00bb{}\u00a0\u00bb][et_pb_text admin_label=\u00a0\u00bbSign up here\u00a0\u00bb _builder_version=\u00a0\u00bb4.24.3&Prime; _module_preset=\u00a0\u00bbdefault\u00a0\u00bb global_colors_info=\u00a0\u00bb{}\u00a0\u00bb]<\/p>\n<p>Pour recevoir des annonces et des mises \u00e0 jour sur les prochains \u00e9v\u00e9nements avec Prem Rawat, assurez-vous d\u2019\u00eatre inscrit sur la liste de diffusion de WOPG avec votre mail et votre pays de r\u00e9sidence. Inscrivez-vous ci-dessous.<\/p>\n<p>[\/et_pb_text][\/et_pb_column][\/et_pb_row][\/et_pb_section]<\/p>\n","protected":false},"excerpt":{"rendered":"<p>Photo fournie par TimelessTodayLisez attentivement cette page pour les informations importantes sur l\u2019\u00e9v\u00e9nement \u00e0 venir. Veuillez vous reporter \u00e0 cette information pour planifier votre venue. &nbsp; QUAND ET O\u00d9 Date&nbsp;: Samedi 15 juin 2024 Heure&nbsp;: L\u2019\u00e9v\u00e9nement commencera \u00e0 17h. Les portes de la salle ouvriront \u00e0 15h30. La fin est pr\u00e9vue \u00e0 19h. Salle&nbsp;: Palau [&hellip;]<\/p>\n","protected":false},"author":14,"featured_media":31728,"comment_status":"closed","ping_status":"closed","sticky":false,"template":"","format":"standard","meta":{"_et_pb_use_builder":"on","_et_pb_old_content":"","_et_gb_content_width":"","cybocfi_hide_featured_image":"","footnotes":""},"categories":[78],"tags":[],"post_folder":[],"class_list":["post-31894","post","type-post","status-publish","format-standard","has-post-thumbnail","hentry","category-recent-fr"],"yoast_head":"<!-- This site is optimized with the Yoast SEO plugin v27.3 - https:\/\/yoast.com\/product\/yoast-seo-wordpress\/ -->\n<title>15 Juin 2024 - Prem Rawat \u00e0 Barcelone, Espagne | Words of Peace<\/title>\n<meta name=\"robots\" content=\"index, follow, max-snippet:-1, max-image-preview:large, max-video-preview:-1\" \/>\n<link rel=\"canonical\" href=\"https:\/\/www.wopg.org\/fr\/15-juin-2024-prem-rawat-a-barcelone-espagne\/\" \/>\n<meta property=\"og:locale\" content=\"fr_FR\" \/>\n<meta property=\"og:type\" content=\"article\" \/>\n<meta property=\"og:title\" content=\"15 Juin 2024 - Prem Rawat \u00e0 Barcelone, Espagne | Words of Peace\" \/>\n<meta property=\"og:description\" content=\"Photo fournie par TimelessTodayLisez attentivement cette page pour les informations importantes sur l\u2019\u00e9v\u00e9nement \u00e0 venir. Veuillez vous reporter \u00e0 cette information pour planifier votre venue. &nbsp; QUAND ET O\u00d9 Date&nbsp;: Samedi 15 juin 2024 Heure&nbsp;: L\u2019\u00e9v\u00e9nement commencera \u00e0 17h. Les portes de la salle ouvriront \u00e0 15h30. La fin est pr\u00e9vue \u00e0 19h. Salle&nbsp;: Palau [&hellip;]\" \/>\n<meta property=\"og:url\" content=\"https:\/\/www.wopg.org\/fr\/15-juin-2024-prem-rawat-a-barcelone-espagne\/\" \/>\n<meta property=\"og:site_name\" content=\"Words of Peace\" \/>\n<meta property=\"article:publisher\" content=\"https:\/\/www.facebook.com\/wordsofpeaceglobal\" \/>\n<meta property=\"article:published_time\" content=\"2024-05-27T05:29:59+00:00\" \/>\n<meta property=\"article:modified_time\" content=\"2024-06-16T13:36:24+00:00\" \/>\n<meta property=\"og:image\" content=\"https:\/\/eadn-wc03-5903292.nxedge.io\/wp-content\/uploads\/2024\/05\/barcelona_1080x608.webp\" \/>\n\t<meta property=\"og:image:width\" content=\"1080\" \/>\n\t<meta property=\"og:image:height\" content=\"608\" \/>\n\t<meta property=\"og:image:type\" content=\"image\/webp\" \/>\n<meta name=\"author\" content=\"Roberto\" \/>\n<meta name=\"twitter:card\" content=\"summary_large_image\" \/>\n<meta name=\"twitter:creator\" content=\"@wopg\" \/>\n<meta name=\"twitter:site\" content=\"@wopg\" \/>\n<meta name=\"twitter:label1\" content=\"\u00c9crit par\" \/>\n\t<meta name=\"twitter:data1\" content=\"Roberto\" \/>\n\t<meta name=\"twitter:label2\" content=\"Dur\u00e9e de lecture estim\u00e9e\" \/>\n\t<meta name=\"twitter:data2\" content=\"10 minutes\" \/>\n<script type=\"application\/ld+json\" class=\"yoast-schema-graph\">{\"@context\":\"https:\\\/\\\/schema.org\",\"@graph\":[{\"@type\":\"Article\",\"@id\":\"https:\\\/\\\/www.wopg.org\\\/fr\\\/15-juin-2024-prem-rawat-a-barcelone-espagne\\\/#article\",\"isPartOf\":{\"@id\":\"https:\\\/\\\/www.wopg.org\\\/fr\\\/15-juin-2024-prem-rawat-a-barcelone-espagne\\\/\"},\"author\":{\"name\":\"Roberto\",\"@id\":\"https:\\\/\\\/www.wopg.org\\\/fr\\\/#\\\/schema\\\/person\\\/c495a5aacd2a074ce031b7fa6625b3af\"},\"headline\":\"15 Juin 2024 &#8211; Prem Rawat \u00e0 Barcelone, Espagne\",\"datePublished\":\"2024-05-27T05:29:59+00:00\",\"dateModified\":\"2024-06-16T13:36:24+00:00\",\"mainEntityOfPage\":{\"@id\":\"https:\\\/\\\/www.wopg.org\\\/fr\\\/15-juin-2024-prem-rawat-a-barcelone-espagne\\\/\"},\"wordCount\":2097,\"publisher\":{\"@id\":\"https:\\\/\\\/www.wopg.org\\\/fr\\\/#organization\"},\"image\":{\"@id\":\"https:\\\/\\\/www.wopg.org\\\/fr\\\/15-juin-2024-prem-rawat-a-barcelone-espagne\\\/#primaryimage\"},\"thumbnailUrl\":\"https:\\\/\\\/www.wopg.org\\\/wp-content\\\/uploads\\\/2024\\\/05\\\/barcelona_1080x608.webp\",\"articleSection\":[\"Recent\"],\"inLanguage\":\"fr-FR\"},{\"@type\":\"WebPage\",\"@id\":\"https:\\\/\\\/www.wopg.org\\\/fr\\\/15-juin-2024-prem-rawat-a-barcelone-espagne\\\/\",\"url\":\"https:\\\/\\\/www.wopg.org\\\/fr\\\/15-juin-2024-prem-rawat-a-barcelone-espagne\\\/\",\"name\":\"15 Juin 2024 - Prem Rawat \u00e0 Barcelone, Espagne | Words of Peace\",\"isPartOf\":{\"@id\":\"https:\\\/\\\/www.wopg.org\\\/fr\\\/#website\"},\"primaryImageOfPage\":{\"@id\":\"https:\\\/\\\/www.wopg.org\\\/fr\\\/15-juin-2024-prem-rawat-a-barcelone-espagne\\\/#primaryimage\"},\"image\":{\"@id\":\"https:\\\/\\\/www.wopg.org\\\/fr\\\/15-juin-2024-prem-rawat-a-barcelone-espagne\\\/#primaryimage\"},\"thumbnailUrl\":\"https:\\\/\\\/www.wopg.org\\\/wp-content\\\/uploads\\\/2024\\\/05\\\/barcelona_1080x608.webp\",\"datePublished\":\"2024-05-27T05:29:59+00:00\",\"dateModified\":\"2024-06-16T13:36:24+00:00\",\"breadcrumb\":{\"@id\":\"https:\\\/\\\/www.wopg.org\\\/fr\\\/15-juin-2024-prem-rawat-a-barcelone-espagne\\\/#breadcrumb\"},\"inLanguage\":\"fr-FR\",\"potentialAction\":[{\"@type\":\"ReadAction\",\"target\":[\"https:\\\/\\\/www.wopg.org\\\/fr\\\/15-juin-2024-prem-rawat-a-barcelone-espagne\\\/\"]}]},{\"@type\":\"ImageObject\",\"inLanguage\":\"fr-FR\",\"@id\":\"https:\\\/\\\/www.wopg.org\\\/fr\\\/15-juin-2024-prem-rawat-a-barcelone-espagne\\\/#primaryimage\",\"url\":\"https:\\\/\\\/www.wopg.org\\\/wp-content\\\/uploads\\\/2024\\\/05\\\/barcelona_1080x608.webp\",\"contentUrl\":\"https:\\\/\\\/www.wopg.org\\\/wp-content\\\/uploads\\\/2024\\\/05\\\/barcelona_1080x608.webp\",\"width\":1080,\"height\":608},{\"@type\":\"BreadcrumbList\",\"@id\":\"https:\\\/\\\/www.wopg.org\\\/fr\\\/15-juin-2024-prem-rawat-a-barcelone-espagne\\\/#breadcrumb\",\"itemListElement\":[{\"@type\":\"ListItem\",\"position\":1,\"name\":\"Home\",\"item\":\"https:\\\/\\\/www.wopg.org\\\/fr\\\/\"},{\"@type\":\"ListItem\",\"position\":2,\"name\":\"15 Juin 2024 &#8211; Prem Rawat \u00e0 Barcelone, Espagne\"}]},{\"@type\":\"WebSite\",\"@id\":\"https:\\\/\\\/www.wopg.org\\\/fr\\\/#website\",\"url\":\"https:\\\/\\\/www.wopg.org\\\/fr\\\/\",\"name\":\"Words of Peace\",\"description\":\"Practice Peace, Change Your World\",\"publisher\":{\"@id\":\"https:\\\/\\\/www.wopg.org\\\/fr\\\/#organization\"},\"potentialAction\":[{\"@type\":\"SearchAction\",\"target\":{\"@type\":\"EntryPoint\",\"urlTemplate\":\"https:\\\/\\\/www.wopg.org\\\/fr\\\/?s={search_term_string}\"},\"query-input\":{\"@type\":\"PropertyValueSpecification\",\"valueRequired\":true,\"valueName\":\"search_term_string\"}}],\"inLanguage\":\"fr-FR\"},{\"@type\":\"Organization\",\"@id\":\"https:\\\/\\\/www.wopg.org\\\/fr\\\/#organization\",\"name\":\"Words of Peace\",\"url\":\"https:\\\/\\\/www.wopg.org\\\/fr\\\/\",\"logo\":{\"@type\":\"ImageObject\",\"inLanguage\":\"fr-FR\",\"@id\":\"https:\\\/\\\/www.wopg.org\\\/fr\\\/#\\\/schema\\\/logo\\\/image\\\/\",\"url\":\"https:\\\/\\\/wopg.org\\\/wp-content\\\/uploads\\\/2022\\\/02\\\/Words-of-Peace-logo-website61x252.png\",\"contentUrl\":\"https:\\\/\\\/wopg.org\\\/wp-content\\\/uploads\\\/2022\\\/02\\\/Words-of-Peace-logo-website61x252.png\",\"width\":252,\"height\":61,\"caption\":\"Words of Peace\"},\"image\":{\"@id\":\"https:\\\/\\\/www.wopg.org\\\/fr\\\/#\\\/schema\\\/logo\\\/image\\\/\"},\"sameAs\":[\"https:\\\/\\\/www.facebook.com\\\/wordsofpeaceglobal\",\"https:\\\/\\\/x.com\\\/wopg\",\"https:\\\/\\\/www.instagram.com\\\/wopgofficial\\\/\"]},{\"@type\":\"Person\",\"@id\":\"https:\\\/\\\/www.wopg.org\\\/fr\\\/#\\\/schema\\\/person\\\/c495a5aacd2a074ce031b7fa6625b3af\",\"name\":\"Roberto\",\"image\":{\"@type\":\"ImageObject\",\"inLanguage\":\"fr-FR\",\"@id\":\"https:\\\/\\\/secure.gravatar.com\\\/avatar\\\/3a2423ab531630d32d946fa10acea4a736bd03feede76ddcc150434c8458228b?s=96&d=mm&r=g\",\"url\":\"https:\\\/\\\/secure.gravatar.com\\\/avatar\\\/3a2423ab531630d32d946fa10acea4a736bd03feede76ddcc150434c8458228b?s=96&d=mm&r=g\",\"contentUrl\":\"https:\\\/\\\/secure.gravatar.com\\\/avatar\\\/3a2423ab531630d32d946fa10acea4a736bd03feede76ddcc150434c8458228b?s=96&d=mm&r=g\",\"caption\":\"Roberto\"},\"url\":\"https:\\\/\\\/www.wopg.org\\\/fr\\\/author\\\/roberto\\\/\"}]}<\/script>\n<!-- \/ Yoast SEO plugin. -->","yoast_head_json":{"title":"15 Juin 2024 - Prem Rawat \u00e0 Barcelone, Espagne | Words of Peace","robots":{"index":"index","follow":"follow","max-snippet":"max-snippet:-1","max-image-preview":"max-image-preview:large","max-video-preview":"max-video-preview:-1"},"canonical":"https:\/\/www.wopg.org\/fr\/15-juin-2024-prem-rawat-a-barcelone-espagne\/","og_locale":"fr_FR","og_type":"article","og_title":"15 Juin 2024 - Prem Rawat \u00e0 Barcelone, Espagne | Words of Peace","og_description":"Photo fournie par TimelessTodayLisez attentivement cette page pour les informations importantes sur l\u2019\u00e9v\u00e9nement \u00e0 venir. Veuillez vous reporter \u00e0 cette information pour planifier votre venue. &nbsp; QUAND ET O\u00d9 Date&nbsp;: Samedi 15 juin 2024 Heure&nbsp;: L\u2019\u00e9v\u00e9nement commencera \u00e0 17h. Les portes de la salle ouvriront \u00e0 15h30. La fin est pr\u00e9vue \u00e0 19h. Salle&nbsp;: Palau [&hellip;]","og_url":"https:\/\/www.wopg.org\/fr\/15-juin-2024-prem-rawat-a-barcelone-espagne\/","og_site_name":"Words of Peace","article_publisher":"https:\/\/www.facebook.com\/wordsofpeaceglobal","article_published_time":"2024-05-27T05:29:59+00:00","article_modified_time":"2024-06-16T13:36:24+00:00","og_image":[{"width":1080,"height":608,"url":"https:\/\/eadn-wc03-5903292.nxedge.io\/wp-content\/uploads\/2024\/05\/barcelona_1080x608.webp","type":"image\/webp"}],"author":"Roberto","twitter_card":"summary_large_image","twitter_creator":"@wopg","twitter_site":"@wopg","twitter_misc":{"\u00c9crit par":"Roberto","Dur\u00e9e de lecture estim\u00e9e":"10 minutes"},"schema":{"@context":"https:\/\/schema.org","@graph":[{"@type":"Article","@id":"https:\/\/www.wopg.org\/fr\/15-juin-2024-prem-rawat-a-barcelone-espagne\/#article","isPartOf":{"@id":"https:\/\/www.wopg.org\/fr\/15-juin-2024-prem-rawat-a-barcelone-espagne\/"},"author":{"name":"Roberto","@id":"https:\/\/www.wopg.org\/fr\/#\/schema\/person\/c495a5aacd2a074ce031b7fa6625b3af"},"headline":"15 Juin 2024 &#8211; Prem Rawat \u00e0 Barcelone, Espagne","datePublished":"2024-05-27T05:29:59+00:00","dateModified":"2024-06-16T13:36:24+00:00","mainEntityOfPage":{"@id":"https:\/\/www.wopg.org\/fr\/15-juin-2024-prem-rawat-a-barcelone-espagne\/"},"wordCount":2097,"publisher":{"@id":"https:\/\/www.wopg.org\/fr\/#organization"},"image":{"@id":"https:\/\/www.wopg.org\/fr\/15-juin-2024-prem-rawat-a-barcelone-espagne\/#primaryimage"},"thumbnailUrl":"https:\/\/eadn-wc03-5903292.nxedge.io\/wp-content\/uploads\/2024\/05\/barcelona_1080x608.webp","articleSection":["Recent"],"inLanguage":"fr-FR"},{"@type":"WebPage","@id":"https:\/\/www.wopg.org\/fr\/15-juin-2024-prem-rawat-a-barcelone-espagne\/","url":"https:\/\/www.wopg.org\/fr\/15-juin-2024-prem-rawat-a-barcelone-espagne\/","name":"15 Juin 2024 - Prem Rawat \u00e0 Barcelone, Espagne | Words of Peace","isPartOf":{"@id":"https:\/\/www.wopg.org\/fr\/#website"},"primaryImageOfPage":{"@id":"https:\/\/www.wopg.org\/fr\/15-juin-2024-prem-rawat-a-barcelone-espagne\/#primaryimage"},"image":{"@id":"https:\/\/www.wopg.org\/fr\/15-juin-2024-prem-rawat-a-barcelone-espagne\/#primaryimage"},"thumbnailUrl":"https:\/\/eadn-wc03-5903292.nxedge.io\/wp-content\/uploads\/2024\/05\/barcelona_1080x608.webp","datePublished":"2024-05-27T05:29:59+00:00","dateModified":"2024-06-16T13:36:24+00:00","breadcrumb":{"@id":"https:\/\/www.wopg.org\/fr\/15-juin-2024-prem-rawat-a-barcelone-espagne\/#breadcrumb"},"inLanguage":"fr-FR","potentialAction":[{"@type":"ReadAction","target":["https:\/\/www.wopg.org\/fr\/15-juin-2024-prem-rawat-a-barcelone-espagne\/"]}]},{"@type":"ImageObject","inLanguage":"fr-FR","@id":"https:\/\/www.wopg.org\/fr\/15-juin-2024-prem-rawat-a-barcelone-espagne\/#primaryimage","url":"https:\/\/eadn-wc03-5903292.nxedge.io\/wp-content\/uploads\/2024\/05\/barcelona_1080x608.webp","contentUrl":"https:\/\/eadn-wc03-5903292.nxedge.io\/wp-content\/uploads\/2024\/05\/barcelona_1080x608.webp","width":1080,"height":608},{"@type":"BreadcrumbList","@id":"https:\/\/www.wopg.org\/fr\/15-juin-2024-prem-rawat-a-barcelone-espagne\/#breadcrumb","itemListElement":[{"@type":"ListItem","position":1,"name":"Home","item":"https:\/\/www.wopg.org\/fr\/"},{"@type":"ListItem","position":2,"name":"15 Juin 2024 &#8211; Prem Rawat \u00e0 Barcelone, Espagne"}]},{"@type":"WebSite","@id":"https:\/\/www.wopg.org\/fr\/#website","url":"https:\/\/www.wopg.org\/fr\/","name":"Words of Peace","description":"Practice Peace, Change Your World","publisher":{"@id":"https:\/\/www.wopg.org\/fr\/#organization"},"potentialAction":[{"@type":"SearchAction","target":{"@type":"EntryPoint","urlTemplate":"https:\/\/www.wopg.org\/fr\/?s={search_term_string}"},"query-input":{"@type":"PropertyValueSpecification","valueRequired":true,"valueName":"search_term_string"}}],"inLanguage":"fr-FR"},{"@type":"Organization","@id":"https:\/\/www.wopg.org\/fr\/#organization","name":"Words of Peace","url":"https:\/\/www.wopg.org\/fr\/","logo":{"@type":"ImageObject","inLanguage":"fr-FR","@id":"https:\/\/www.wopg.org\/fr\/#\/schema\/logo\/image\/","url":"https:\/\/wopg.org\/wp-content\/uploads\/2022\/02\/Words-of-Peace-logo-website61x252.png","contentUrl":"https:\/\/wopg.org\/wp-content\/uploads\/2022\/02\/Words-of-Peace-logo-website61x252.png","width":252,"height":61,"caption":"Words of Peace"},"image":{"@id":"https:\/\/www.wopg.org\/fr\/#\/schema\/logo\/image\/"},"sameAs":["https:\/\/www.facebook.com\/wordsofpeaceglobal","https:\/\/x.com\/wopg","https:\/\/www.instagram.com\/wopgofficial\/"]},{"@type":"Person","@id":"https:\/\/www.wopg.org\/fr\/#\/schema\/person\/c495a5aacd2a074ce031b7fa6625b3af","name":"Roberto","image":{"@type":"ImageObject","inLanguage":"fr-FR","@id":"https:\/\/secure.gravatar.com\/avatar\/3a2423ab531630d32d946fa10acea4a736bd03feede76ddcc150434c8458228b?s=96&d=mm&r=g","url":"https:\/\/secure.gravatar.com\/avatar\/3a2423ab531630d32d946fa10acea4a736bd03feede76ddcc150434c8458228b?s=96&d=mm&r=g","contentUrl":"https:\/\/secure.gravatar.com\/avatar\/3a2423ab531630d32d946fa10acea4a736bd03feede76ddcc150434c8458228b?s=96&d=mm&r=g","caption":"Roberto"},"url":"https:\/\/www.wopg.org\/fr\/author\/roberto\/"}]}},"_links":{"self":[{"href":"https:\/\/www.wopg.org\/fr\/wp-json\/wp\/v2\/posts\/31894","targetHints":{"allow":["GET"]}}],"collection":[{"href":"https:\/\/www.wopg.org\/fr\/wp-json\/wp\/v2\/posts"}],"about":[{"href":"https:\/\/www.wopg.org\/fr\/wp-json\/wp\/v2\/types\/post"}],"author":[{"embeddable":true,"href":"https:\/\/www.wopg.org\/fr\/wp-json\/wp\/v2\/users\/14"}],"replies":[{"embeddable":true,"href":"https:\/\/www.wopg.org\/fr\/wp-json\/wp\/v2\/comments?post=31894"}],"version-history":[{"count":14,"href":"https:\/\/www.wopg.org\/fr\/wp-json\/wp\/v2\/posts\/31894\/revisions"}],"predecessor-version":[{"id":32586,"href":"https:\/\/www.wopg.org\/fr\/wp-json\/wp\/v2\/posts\/31894\/revisions\/32586"}],"wp:featuredmedia":[{"embeddable":true,"href":"https:\/\/www.wopg.org\/fr\/wp-json\/wp\/v2\/media\/31728"}],"wp:attachment":[{"href":"https:\/\/www.wopg.org\/fr\/wp-json\/wp\/v2\/media?parent=31894"}],"wp:term":[{"taxonomy":"category","embeddable":true,"href":"https:\/\/www.wopg.org\/fr\/wp-json\/wp\/v2\/categories?post=31894"},{"taxonomy":"post_tag","embeddable":true,"href":"https:\/\/www.wopg.org\/fr\/wp-json\/wp\/v2\/tags?post=31894"},{"taxonomy":"post_folder","embeddable":true,"href":"https:\/\/www.wopg.org\/fr\/wp-json\/wp\/v2\/post_folder?post=31894"}],"curies":[{"name":"wp","href":"https:\/\/api.w.org\/{rel}","templated":true}]}}