{"id":35935,"date":"2024-11-10T16:04:19","date_gmt":"2024-11-10T16:04:19","guid":{"rendered":"https:\/\/www.wopg.org\/prem-rawat-en-afrique-du-sud\/"},"modified":"2024-12-01T09:21:08","modified_gmt":"2024-12-01T09:21:08","slug":"prem-rawat-en-afrique-du-sud","status":"publish","type":"post","link":"https:\/\/www.wopg.org\/fr\/prem-rawat-en-afrique-du-sud\/","title":{"rendered":"PREM RAWAT en Afrique du Sud !"},"content":{"rendered":"<p>[et_pb_section fb_built=\u00a0\u00bb1&Prime; _builder_version=\u00a0\u00bb4.17.4&Prime; _module_preset=\u00a0\u00bbdefault\u00a0\u00bb custom_margin=\u00a0\u00bb-50px||||false|false\u00a0\u00bb custom_padding=\u00a0\u00bb0px||0px||false|false\u00a0\u00bb global_colors_info=\u00a0\u00bb{}\u00a0\u00bb][et_pb_row _builder_version=\u00a0\u00bb4.17.4&Prime; _module_preset=\u00a0\u00bbdefault\u00a0\u00bb custom_padding=\u00a0\u00bb0px||||false|false\u00a0\u00bb global_colors_info=\u00a0\u00bb{}\u00a0\u00bb][et_pb_column type=\u00a0\u00bb4_4&Prime; _builder_version=\u00a0\u00bb4.17.4&Prime; _module_preset=\u00a0\u00bbdefault\u00a0\u00bb global_colors_info=\u00a0\u00bb{}\u00a0\u00bb][et_pb_text _builder_version=\u00a0\u00bb4.27.2&Prime; _module_preset=\u00a0\u00bbdefault\u00a0\u00bb global_colors_info=\u00a0\u00bb{}\u00a0\u00bb]<\/p>\n<h6 style=\"text-align: center;\">Image avec l\u2019autorisation de TimelessToday<\/h6>\n<p>[\/et_pb_text][\/et_pb_column][\/et_pb_row][et_pb_row column_structure=\u00a0\u00bb1_6,1_6,1_6,1_6,1_6,1_6&Prime; disabled_on=\u00a0\u00bboff|off|off\u00a0\u00bb _builder_version=\u00a0\u00bb4.27.2&Prime; _module_preset=\u00a0\u00bbdefault\u00a0\u00bb module_alignment=\u00a0\u00bbcenter\u00a0\u00bb custom_padding=\u00a0\u00bb0px||||false|false\u00a0\u00bb global_colors_info=\u00a0\u00bb{}\u00a0\u00bb][et_pb_column type=\u00a0\u00bb1_6&Prime; _builder_version=\u00a0\u00bb4.24.3&Prime; _module_preset=\u00a0\u00bbdefault\u00a0\u00bb global_colors_info=\u00a0\u00bb{}\u00a0\u00bb][et_pb_button button_url=\u00a0\u00bbhttps:\/\/www.wopg.org\/fr\/prem-rawat-en-afrique-du-sud\/\u00a0\u00bb button_text=\u00a0\u00bbAnglais\u00a0\u00bb button_alignment=\u00a0\u00bbcenter\u00a0\u00bb admin_label=\u00a0\u00bbEnglish\u00a0\u00bb _builder_version=\u00a0\u00bb4.27.2&Prime; _module_preset=\u00a0\u00bbdefault\u00a0\u00bb custom_button=\u00a0\u00bbon\u00a0\u00bb button_text_size=\u00a0\u00bb16px\u00a0\u00bb button_text_color=\u00a0\u00bb#008B73&Prime; button_bg_color=\u00a0\u00bbRGBA(255,255,255,0)\u00a0\u00bb button_border_width=\u00a0\u00bb1px\u00a0\u00bb button_border_color=\u00a0\u00bb#008B73&Prime; button_border_radius=\u00a0\u00bb5px\u00a0\u00bb button_font=\u00a0\u00bb|700|||||||\u00a0\u00bb button_use_icon=\u00a0\u00bboff\u00a0\u00bb custom_padding=\u00a0\u00bb0px||0px||false|false\u00a0\u00bb locked=\u00a0\u00bboff\u00a0\u00bb global_colors_info=\u00a0\u00bb{}\u00a0\u00bb button_bg_color__hover=\u00a0\u00bbRGBA(0,139,115,0.65)\u00a0\u00bb button_bg_color__hover_enabled=\u00a0\u00bbon|hover\u00a0\u00bb][\/et_pb_button][\/et_pb_column][et_pb_column type=\u00a0\u00bb1_6&Prime; _builder_version=\u00a0\u00bb4.24.3&Prime; _module_preset=\u00a0\u00bbdefault\u00a0\u00bb global_colors_info=\u00a0\u00bb{}\u00a0\u00bb][et_pb_button button_url=\u00a0\u00bbhttps:\/\/www.wopg.org\/fr\/prem-rawat-en-afrique-du-sud\/\u00a0\u00bb button_text=\u00a0\u00bbFran\u00e7ais\u00a0\u00bb button_alignment=\u00a0\u00bbcenter\u00a0\u00bb admin_label=\u00a0\u00bbFrench\u00a0\u00bb _builder_version=\u00a0\u00bb4.27.2&Prime; _module_preset=\u00a0\u00bbdefault\u00a0\u00bb custom_button=\u00a0\u00bbon\u00a0\u00bb button_text_size=\u00a0\u00bb16px\u00a0\u00bb button_text_color=\u00a0\u00bb#008B73&Prime; button_bg_color=\u00a0\u00bbRGBA(255,255,255,0)\u00a0\u00bb button_border_width=\u00a0\u00bb1px\u00a0\u00bb button_border_color=\u00a0\u00bb#008B73&Prime; button_border_radius=\u00a0\u00bb5px\u00a0\u00bb button_font=\u00a0\u00bb|700|||||||\u00a0\u00bb button_use_icon=\u00a0\u00bboff\u00a0\u00bb custom_padding=\u00a0\u00bb0px||0px||false|false\u00a0\u00bb locked=\u00a0\u00bboff\u00a0\u00bb global_colors_info=\u00a0\u00bb{}\u00a0\u00bb button_bg_color__hover=\u00a0\u00bbRGBA(0,139,115,0.65)\u00a0\u00bb button_bg_color__hover_enabled=\u00a0\u00bbon|hover\u00a0\u00bb][\/et_pb_button][\/et_pb_column][et_pb_column type=\u00a0\u00bb1_6&Prime; _builder_version=\u00a0\u00bb4.24.3&Prime; _module_preset=\u00a0\u00bbdefault\u00a0\u00bb global_colors_info=\u00a0\u00bb{}\u00a0\u00bb][et_pb_button button_url=\u00a0\u00bbhttps:\/\/www.wopg.org\/fr\/prem-rawat-en-afrique-du-sud\/\u00a0\u00bb button_text=\u00a0\u00bbAllemand\u00a0\u00bb button_alignment=\u00a0\u00bbcenter\u00a0\u00bb admin_label=\u00a0\u00bbGerman\u00a0\u00bb _builder_version=\u00a0\u00bb4.27.2&Prime; _module_preset=\u00a0\u00bbdefault\u00a0\u00bb custom_button=\u00a0\u00bbon\u00a0\u00bb button_text_size=\u00a0\u00bb16px\u00a0\u00bb button_text_color=\u00a0\u00bb#008B73&Prime; button_bg_color=\u00a0\u00bbRGBA(255,255,255,0)\u00a0\u00bb button_border_width=\u00a0\u00bb1px\u00a0\u00bb button_border_color=\u00a0\u00bb#008B73&Prime; button_border_radius=\u00a0\u00bb5px\u00a0\u00bb button_font=\u00a0\u00bb|700|||||||\u00a0\u00bb button_use_icon=\u00a0\u00bboff\u00a0\u00bb custom_padding=\u00a0\u00bb0px||0px||false|false\u00a0\u00bb locked=\u00a0\u00bboff\u00a0\u00bb global_colors_info=\u00a0\u00bb{}\u00a0\u00bb button_bg_color__hover=\u00a0\u00bbRGBA(0,139,115,0.65)\u00a0\u00bb button_bg_color__hover_enabled=\u00a0\u00bbon|hover\u00a0\u00bb][\/et_pb_button][\/et_pb_column][et_pb_column type=\u00a0\u00bb1_6&Prime; _builder_version=\u00a0\u00bb4.24.3&Prime; _module_preset=\u00a0\u00bbdefault\u00a0\u00bb global_colors_info=\u00a0\u00bb{}\u00a0\u00bb][et_pb_button button_url=\u00a0\u00bbhttps:\/\/www.wopg.org\/fr\/prem-rawat-en-afrique-du-sud\/\u00a0\u00bb button_text=\u00a0\u00bbItalien\u00a0\u00bb button_alignment=\u00a0\u00bbcenter\u00a0\u00bb admin_label=\u00a0\u00bbItalian\u00a0\u00bb _builder_version=\u00a0\u00bb4.27.2&Prime; _module_preset=\u00a0\u00bbdefault\u00a0\u00bb custom_button=\u00a0\u00bbon\u00a0\u00bb button_text_size=\u00a0\u00bb16px\u00a0\u00bb button_text_color=\u00a0\u00bb#008B73&Prime; button_bg_color=\u00a0\u00bbRGBA(255,255,255,0)\u00a0\u00bb button_border_width=\u00a0\u00bb1px\u00a0\u00bb button_border_color=\u00a0\u00bb#008B73&Prime; button_border_radius=\u00a0\u00bb5px\u00a0\u00bb button_font=\u00a0\u00bb|700|||||||\u00a0\u00bb button_use_icon=\u00a0\u00bboff\u00a0\u00bb custom_padding=\u00a0\u00bb0px||0px||false|false\u00a0\u00bb locked=\u00a0\u00bboff\u00a0\u00bb global_colors_info=\u00a0\u00bb{}\u00a0\u00bb button_bg_color__hover=\u00a0\u00bbRGBA(0,139,115,0.65)\u00a0\u00bb button_bg_color__hover_enabled=\u00a0\u00bbon|hover\u00a0\u00bb][\/et_pb_button][\/et_pb_column][et_pb_column type=\u00a0\u00bb1_6&Prime; _builder_version=\u00a0\u00bb4.24.3&Prime; _module_preset=\u00a0\u00bbdefault\u00a0\u00bb global_colors_info=\u00a0\u00bb{}\u00a0\u00bb][et_pb_button button_url=\u00a0\u00bbhttps:\/\/www.wopg.org\/fr\/prem-rawat-en-afrique-du-sud\/\u00a0\u00bb button_text=\u00a0\u00bbPortugais\u00a0\u00bb button_alignment=\u00a0\u00bbcenter\u00a0\u00bb admin_label=\u00a0\u00bbPortuguese\u00a0\u00bb _builder_version=\u00a0\u00bb4.27.2&Prime; _module_preset=\u00a0\u00bbdefault\u00a0\u00bb custom_button=\u00a0\u00bbon\u00a0\u00bb button_text_size=\u00a0\u00bb16px\u00a0\u00bb button_text_color=\u00a0\u00bb#008B73&Prime; button_bg_color=\u00a0\u00bbRGBA(255,255,255,0)\u00a0\u00bb button_border_width=\u00a0\u00bb1px\u00a0\u00bb button_border_color=\u00a0\u00bb#008B73&Prime; button_border_radius=\u00a0\u00bb5px\u00a0\u00bb button_font=\u00a0\u00bb|700|||||||\u00a0\u00bb button_use_icon=\u00a0\u00bboff\u00a0\u00bb custom_padding=\u00a0\u00bb0px||0px||false|false\u00a0\u00bb locked=\u00a0\u00bboff\u00a0\u00bb global_colors_info=\u00a0\u00bb{}\u00a0\u00bb button_bg_color__hover=\u00a0\u00bbRGBA(0,139,115,0.65)\u00a0\u00bb button_bg_color__hover_enabled=\u00a0\u00bbon|hover\u00a0\u00bb][\/et_pb_button][\/et_pb_column][et_pb_column type=\u00a0\u00bb1_6&Prime; _builder_version=\u00a0\u00bb4.24.3&Prime; _module_preset=\u00a0\u00bbdefault\u00a0\u00bb global_colors_info=\u00a0\u00bb{}\u00a0\u00bb][et_pb_button button_url=\u00a0\u00bbhttps:\/\/www.wopg.org\/fr\/prem-rawat-en-afrique-du-sud\/\u00a0\u00bb button_text=\u00a0\u00bbEspagnol\u00a0\u00bb button_alignment=\u00a0\u00bbcenter\u00a0\u00bb admin_label=\u00a0\u00bbSpanish\u00a0\u00bb _builder_version=\u00a0\u00bb4.27.2&Prime; _module_preset=\u00a0\u00bbdefault\u00a0\u00bb custom_button=\u00a0\u00bbon\u00a0\u00bb button_text_size=\u00a0\u00bb16px\u00a0\u00bb button_text_color=\u00a0\u00bb#008B73&Prime; button_bg_color=\u00a0\u00bbRGBA(255,255,255,0)\u00a0\u00bb button_border_width=\u00a0\u00bb1px\u00a0\u00bb button_border_color=\u00a0\u00bb#008B73&Prime; button_border_radius=\u00a0\u00bb5px\u00a0\u00bb button_font=\u00a0\u00bb|700|||||||\u00a0\u00bb button_use_icon=\u00a0\u00bboff\u00a0\u00bb custom_padding=\u00a0\u00bb0px||0px||false|false\u00a0\u00bb locked=\u00a0\u00bboff\u00a0\u00bb global_colors_info=\u00a0\u00bb{}\u00a0\u00bb button_bg_color__hover=\u00a0\u00bbRGBA(0,139,115,0.65)\u00a0\u00bb button_bg_color__hover_enabled=\u00a0\u00bbon|hover\u00a0\u00bb][\/et_pb_button][\/et_pb_column][\/et_pb_row][\/et_pb_section][et_pb_section fb_built=\u00a0\u00bb1&Prime; disabled_on=\u00a0\u00bboff|off|off\u00a0\u00bb admin_label=\u00a0\u00bbFull event details\u00a0\u00bb _builder_version=\u00a0\u00bb4.27.0&Prime; _module_preset=\u00a0\u00bbdefault\u00a0\u00bb custom_padding=\u00a0\u00bb||0px||false|false\u00a0\u00bb locked=\u00a0\u00bboff\u00a0\u00bb collapsed=\u00a0\u00bboff\u00a0\u00bb global_colors_info=\u00a0\u00bb{}\u00a0\u00bb][et_pb_row _builder_version=\u00a0\u00bb4.21.0&Prime; _module_preset=\u00a0\u00bbdefault\u00a0\u00bb custom_padding=\u00a0\u00bb0px||||false|false\u00a0\u00bb custom_css_main_element=\u00a0\u00bbdisplay: flex;||flex-wrap: wrap;||justify-content: center;\u00a0\u00bb global_colors_info=\u00a0\u00bb{}\u00a0\u00bb][et_pb_column type=\u00a0\u00bb4_4&Prime; _builder_version=\u00a0\u00bb4.21.0&Prime; _module_preset=\u00a0\u00bbdefault\u00a0\u00bb global_colors_info=\u00a0\u00bb{}\u00a0\u00bb][et_pb_text disabled_on=\u00a0\u00bboff|off|off\u00a0\u00bb admin_label=\u00a0\u00bbTitle\u00a0\u00bb _builder_version=\u00a0\u00bb4.27.2&Prime; _module_preset=\u00a0\u00bbdefault\u00a0\u00bb locked=\u00a0\u00bboff\u00a0\u00bb global_colors_info=\u00a0\u00bb{}\u00a0\u00bb]<\/p>\n<div class=\"et_pb_row et_pb_row_0\">\n<div class=\"et_pb_column et_pb_column_4_4 et_pb_column_0 et_pb_css_mix_blend_mode_passthrough et-last-child\">\n<div class=\"et_pb_module et_pb_text et_pb_text_0 et_pb_text_align_left et_pb_bg_layout_light\">\n<div class=\"et_pb_text_inner\">\n<h2 style=\"text-align: center;\">Connexion 24<\/h2>\n<h4 style=\"text-align: center;\">Accepter l\u2019exp\u00e9rience du soi<\/h4>\n<\/div>\n<\/div>\n<\/div>\n<\/div>\n<p>[\/et_pb_text][et_pb_text admin_label=\u00a0\u00bbWHO IS INVITED\u00a0\u00bb _builder_version=\u00a0\u00bb4.27.2&Prime; _module_preset=\u00a0\u00bbdefault\u00a0\u00bb link_font=\u00a0\u00bb|700|||||||\u00a0\u00bb hover_enabled=\u00a0\u00bb0&Prime; global_colors_info=\u00a0\u00bb{}\u00a0\u00bb sticky_enabled=\u00a0\u00bb0&Prime;]<\/p>\n<p class=\"p1\"><span class=\"s1\">Nous sommes heureux d\u2019annoncer que Prem Rawat, sp\u00e9cialiste mondialement connu de l\u2019\u00e9ducation \u00e0 la paix et auteur de best-sellers, prendra la parole lors d\u2019un \u00e9v\u00e9nement sp\u00e9cial qui se d\u00e9roulera \u00e0 Johannesburg, Afrique du Sud le samedi 30 novembre 2024.<\/span><\/p>\n<p class=\"p1\"><span class=\"s1\">Cette invitation s\u2019adresse \u00e0 tous ceux qui ont appris la <a href=\"https:\/\/www.premrawat.com\/fr\/la-connaissance-de-soi\/\" target=\"_blank\" rel=\"noopener\">pratique quotidienne de la connaissance de soi<\/a>.<\/span><\/p>\n<p class=\"p1\"><strong><em>En raison de la capacit\u00e9 limit\u00e9e de la salle, l&rsquo;\u00e9v\u00e9nement est r\u00e9serv\u00e9 aux habitants d\u2019Afrique du Sud.<\/em><\/strong><\/p>\n<p>[\/et_pb_text][et_pb_image src=\u00a0\u00bbhttps:\/\/eadn-wc03-5903292.nxedge.io\/wp-content\/uploads\/2024\/11\/Logo-Connection24.png\u00a0\u00bb _builder_version=\u00a0\u00bb4.27.2&Prime; _module_preset=\u00a0\u00bbdefault\u00a0\u00bb title_text=\u00a0\u00bbLogo-Connection24&Prime; align=\u00a0\u00bbcenter\u00a0\u00bb hover_enabled=\u00a0\u00bb0&Prime; sticky_enabled=\u00a0\u00bb0&Prime; width=\u00a0\u00bb75%\u00a0\u00bb][\/et_pb_image][et_pb_text admin_label=\u00a0\u00bbWHO IS INVITED\u00a0\u00bb _builder_version=\u00a0\u00bb4.27.2&Prime; _module_preset=\u00a0\u00bbdefault\u00a0\u00bb link_font=\u00a0\u00bb|700|||||||\u00a0\u00bb hover_enabled=\u00a0\u00bb0&Prime; global_colors_info=\u00a0\u00bb{}\u00a0\u00bb sticky_enabled=\u00a0\u00bb0&Prime;]<\/p>\n<p class=\"p1\"><span class=\"s1\">Pour ceux qui ne pourront pas assister \u00e0 \u00ab\u00a0Connection 24\u00a0\u00bb en personne,<br \/>Intelligent Existence\u00ae pr\u00e9voit de retransmettre la session de formation d\u2019ouverture et donnera plus d\u2019informations dans une prochaine annonce. Pour en savoir plus, consultez le site <a href=\"https:\/\/www.premrawat.com\/events-and-livestreams\/\" target=\"_blank\" rel=\"noopener\">www.premrawat.com<\/a>.<\/span><\/p>\n<p>[\/et_pb_text][\/et_pb_column][\/et_pb_row][\/et_pb_section]<\/p>\n","protected":false},"excerpt":{"rendered":"<p>Image avec l\u2019autorisation de TimelessToday Connexion 24 Accepter l\u2019exp\u00e9rience du soi Nous sommes heureux d\u2019annoncer que Prem Rawat, sp\u00e9cialiste mondialement connu de l\u2019\u00e9ducation \u00e0 la paix et auteur de best-sellers, prendra la parole lors d\u2019un \u00e9v\u00e9nement sp\u00e9cial qui se d\u00e9roulera \u00e0 Johannesburg, Afrique du Sud le samedi 30 novembre 2024. Cette invitation s\u2019adresse \u00e0 tous [&hellip;]<\/p>\n","protected":false},"author":14,"featured_media":36057,"comment_status":"closed","ping_status":"closed","sticky":false,"template":"","format":"standard","meta":{"_et_pb_use_builder":"on","_et_pb_old_content":"","_et_gb_content_width":"","cybocfi_hide_featured_image":"","footnotes":""},"categories":[78],"tags":[],"post_folder":[],"class_list":["post-35935","post","type-post","status-publish","format-standard","has-post-thumbnail","hentry","category-recent-fr"],"yoast_head":"<!-- This site is optimized with the Yoast SEO plugin v27.3 - https:\/\/yoast.com\/product\/yoast-seo-wordpress\/ -->\n<title>PREM RAWAT en Afrique du Sud ! | Words of Peace<\/title>\n<meta name=\"robots\" content=\"index, follow, max-snippet:-1, max-image-preview:large, max-video-preview:-1\" \/>\n<link rel=\"canonical\" href=\"https:\/\/www.wopg.org\/fr\/prem-rawat-en-afrique-du-sud\/\" \/>\n<meta property=\"og:locale\" content=\"fr_FR\" \/>\n<meta property=\"og:type\" content=\"article\" \/>\n<meta property=\"og:title\" content=\"PREM RAWAT en Afrique du Sud ! | Words of Peace\" \/>\n<meta property=\"og:description\" content=\"Image avec l\u2019autorisation de TimelessToday Connexion 24 Accepter l\u2019exp\u00e9rience du soi Nous sommes heureux d\u2019annoncer que Prem Rawat, sp\u00e9cialiste mondialement connu de l\u2019\u00e9ducation \u00e0 la paix et auteur de best-sellers, prendra la parole lors d\u2019un \u00e9v\u00e9nement sp\u00e9cial qui se d\u00e9roulera \u00e0 Johannesburg, Afrique du Sud le samedi 30 novembre 2024. Cette invitation s\u2019adresse \u00e0 tous [&hellip;]\" \/>\n<meta property=\"og:url\" content=\"https:\/\/www.wopg.org\/fr\/prem-rawat-en-afrique-du-sud\/\" \/>\n<meta property=\"og:site_name\" content=\"Words of Peace\" \/>\n<meta property=\"article:publisher\" content=\"https:\/\/www.facebook.com\/wordsofpeaceglobal\" \/>\n<meta property=\"article:published_time\" content=\"2024-11-10T16:04:19+00:00\" \/>\n<meta property=\"article:modified_time\" content=\"2024-12-01T09:21:08+00:00\" \/>\n<meta property=\"og:image\" content=\"https:\/\/eadn-wc03-5903292.nxedge.io\/wp-content\/uploads\/2024\/11\/240629_Athens_LS_dmp_043_1080x608.webp\" \/>\n\t<meta property=\"og:image:width\" content=\"1080\" \/>\n\t<meta property=\"og:image:height\" content=\"608\" \/>\n\t<meta property=\"og:image:type\" content=\"image\/webp\" \/>\n<meta name=\"author\" content=\"Roberto\" \/>\n<meta name=\"twitter:card\" content=\"summary_large_image\" \/>\n<meta name=\"twitter:creator\" content=\"@wopg\" \/>\n<meta name=\"twitter:site\" content=\"@wopg\" \/>\n<meta name=\"twitter:label1\" content=\"\u00c9crit par\" \/>\n\t<meta name=\"twitter:data1\" content=\"Roberto\" \/>\n\t<meta name=\"twitter:label2\" content=\"Dur\u00e9e de lecture estim\u00e9e\" \/>\n\t<meta name=\"twitter:data2\" content=\"5 minutes\" \/>\n<script type=\"application\/ld+json\" class=\"yoast-schema-graph\">{\"@context\":\"https:\\\/\\\/schema.org\",\"@graph\":[{\"@type\":\"Article\",\"@id\":\"https:\\\/\\\/www.wopg.org\\\/fr\\\/prem-rawat-en-afrique-du-sud\\\/#article\",\"isPartOf\":{\"@id\":\"https:\\\/\\\/www.wopg.org\\\/fr\\\/prem-rawat-en-afrique-du-sud\\\/\"},\"author\":{\"name\":\"Roberto\",\"@id\":\"https:\\\/\\\/www.wopg.org\\\/fr\\\/#\\\/schema\\\/person\\\/c495a5aacd2a074ce031b7fa6625b3af\"},\"headline\":\"PREM RAWAT en Afrique du Sud !\",\"datePublished\":\"2024-11-10T16:04:19+00:00\",\"dateModified\":\"2024-12-01T09:21:08+00:00\",\"mainEntityOfPage\":{\"@id\":\"https:\\\/\\\/www.wopg.org\\\/fr\\\/prem-rawat-en-afrique-du-sud\\\/\"},\"wordCount\":1024,\"publisher\":{\"@id\":\"https:\\\/\\\/www.wopg.org\\\/fr\\\/#organization\"},\"image\":{\"@id\":\"https:\\\/\\\/www.wopg.org\\\/fr\\\/prem-rawat-en-afrique-du-sud\\\/#primaryimage\"},\"thumbnailUrl\":\"https:\\\/\\\/www.wopg.org\\\/wp-content\\\/uploads\\\/2024\\\/11\\\/240629_Athens_LS_dmp_043_1080x608.webp\",\"articleSection\":[\"Recent\"],\"inLanguage\":\"fr-FR\"},{\"@type\":\"WebPage\",\"@id\":\"https:\\\/\\\/www.wopg.org\\\/fr\\\/prem-rawat-en-afrique-du-sud\\\/\",\"url\":\"https:\\\/\\\/www.wopg.org\\\/fr\\\/prem-rawat-en-afrique-du-sud\\\/\",\"name\":\"PREM RAWAT en Afrique du Sud ! | Words of Peace\",\"isPartOf\":{\"@id\":\"https:\\\/\\\/www.wopg.org\\\/fr\\\/#website\"},\"primaryImageOfPage\":{\"@id\":\"https:\\\/\\\/www.wopg.org\\\/fr\\\/prem-rawat-en-afrique-du-sud\\\/#primaryimage\"},\"image\":{\"@id\":\"https:\\\/\\\/www.wopg.org\\\/fr\\\/prem-rawat-en-afrique-du-sud\\\/#primaryimage\"},\"thumbnailUrl\":\"https:\\\/\\\/www.wopg.org\\\/wp-content\\\/uploads\\\/2024\\\/11\\\/240629_Athens_LS_dmp_043_1080x608.webp\",\"datePublished\":\"2024-11-10T16:04:19+00:00\",\"dateModified\":\"2024-12-01T09:21:08+00:00\",\"breadcrumb\":{\"@id\":\"https:\\\/\\\/www.wopg.org\\\/fr\\\/prem-rawat-en-afrique-du-sud\\\/#breadcrumb\"},\"inLanguage\":\"fr-FR\",\"potentialAction\":[{\"@type\":\"ReadAction\",\"target\":[\"https:\\\/\\\/www.wopg.org\\\/fr\\\/prem-rawat-en-afrique-du-sud\\\/\"]}]},{\"@type\":\"ImageObject\",\"inLanguage\":\"fr-FR\",\"@id\":\"https:\\\/\\\/www.wopg.org\\\/fr\\\/prem-rawat-en-afrique-du-sud\\\/#primaryimage\",\"url\":\"https:\\\/\\\/www.wopg.org\\\/wp-content\\\/uploads\\\/2024\\\/11\\\/240629_Athens_LS_dmp_043_1080x608.webp\",\"contentUrl\":\"https:\\\/\\\/www.wopg.org\\\/wp-content\\\/uploads\\\/2024\\\/11\\\/240629_Athens_LS_dmp_043_1080x608.webp\",\"width\":1080,\"height\":608},{\"@type\":\"BreadcrumbList\",\"@id\":\"https:\\\/\\\/www.wopg.org\\\/fr\\\/prem-rawat-en-afrique-du-sud\\\/#breadcrumb\",\"itemListElement\":[{\"@type\":\"ListItem\",\"position\":1,\"name\":\"Home\",\"item\":\"https:\\\/\\\/www.wopg.org\\\/fr\\\/\"},{\"@type\":\"ListItem\",\"position\":2,\"name\":\"PREM RAWAT en Afrique du Sud !\"}]},{\"@type\":\"WebSite\",\"@id\":\"https:\\\/\\\/www.wopg.org\\\/fr\\\/#website\",\"url\":\"https:\\\/\\\/www.wopg.org\\\/fr\\\/\",\"name\":\"Words of Peace\",\"description\":\"Practice Peace, Change Your World\",\"publisher\":{\"@id\":\"https:\\\/\\\/www.wopg.org\\\/fr\\\/#organization\"},\"potentialAction\":[{\"@type\":\"SearchAction\",\"target\":{\"@type\":\"EntryPoint\",\"urlTemplate\":\"https:\\\/\\\/www.wopg.org\\\/fr\\\/?s={search_term_string}\"},\"query-input\":{\"@type\":\"PropertyValueSpecification\",\"valueRequired\":true,\"valueName\":\"search_term_string\"}}],\"inLanguage\":\"fr-FR\"},{\"@type\":\"Organization\",\"@id\":\"https:\\\/\\\/www.wopg.org\\\/fr\\\/#organization\",\"name\":\"Words of Peace\",\"url\":\"https:\\\/\\\/www.wopg.org\\\/fr\\\/\",\"logo\":{\"@type\":\"ImageObject\",\"inLanguage\":\"fr-FR\",\"@id\":\"https:\\\/\\\/www.wopg.org\\\/fr\\\/#\\\/schema\\\/logo\\\/image\\\/\",\"url\":\"https:\\\/\\\/wopg.org\\\/wp-content\\\/uploads\\\/2022\\\/02\\\/Words-of-Peace-logo-website61x252.png\",\"contentUrl\":\"https:\\\/\\\/wopg.org\\\/wp-content\\\/uploads\\\/2022\\\/02\\\/Words-of-Peace-logo-website61x252.png\",\"width\":252,\"height\":61,\"caption\":\"Words of Peace\"},\"image\":{\"@id\":\"https:\\\/\\\/www.wopg.org\\\/fr\\\/#\\\/schema\\\/logo\\\/image\\\/\"},\"sameAs\":[\"https:\\\/\\\/www.facebook.com\\\/wordsofpeaceglobal\",\"https:\\\/\\\/x.com\\\/wopg\",\"https:\\\/\\\/www.instagram.com\\\/wopgofficial\\\/\"]},{\"@type\":\"Person\",\"@id\":\"https:\\\/\\\/www.wopg.org\\\/fr\\\/#\\\/schema\\\/person\\\/c495a5aacd2a074ce031b7fa6625b3af\",\"name\":\"Roberto\",\"image\":{\"@type\":\"ImageObject\",\"inLanguage\":\"fr-FR\",\"@id\":\"https:\\\/\\\/secure.gravatar.com\\\/avatar\\\/3a2423ab531630d32d946fa10acea4a736bd03feede76ddcc150434c8458228b?s=96&d=mm&r=g\",\"url\":\"https:\\\/\\\/secure.gravatar.com\\\/avatar\\\/3a2423ab531630d32d946fa10acea4a736bd03feede76ddcc150434c8458228b?s=96&d=mm&r=g\",\"contentUrl\":\"https:\\\/\\\/secure.gravatar.com\\\/avatar\\\/3a2423ab531630d32d946fa10acea4a736bd03feede76ddcc150434c8458228b?s=96&d=mm&r=g\",\"caption\":\"Roberto\"},\"url\":\"https:\\\/\\\/www.wopg.org\\\/fr\\\/author\\\/roberto\\\/\"}]}<\/script>\n<!-- \/ Yoast SEO plugin. -->","yoast_head_json":{"title":"PREM RAWAT en Afrique du Sud ! | Words of Peace","robots":{"index":"index","follow":"follow","max-snippet":"max-snippet:-1","max-image-preview":"max-image-preview:large","max-video-preview":"max-video-preview:-1"},"canonical":"https:\/\/www.wopg.org\/fr\/prem-rawat-en-afrique-du-sud\/","og_locale":"fr_FR","og_type":"article","og_title":"PREM RAWAT en Afrique du Sud ! | Words of Peace","og_description":"Image avec l\u2019autorisation de TimelessToday Connexion 24 Accepter l\u2019exp\u00e9rience du soi Nous sommes heureux d\u2019annoncer que Prem Rawat, sp\u00e9cialiste mondialement connu de l\u2019\u00e9ducation \u00e0 la paix et auteur de best-sellers, prendra la parole lors d\u2019un \u00e9v\u00e9nement sp\u00e9cial qui se d\u00e9roulera \u00e0 Johannesburg, Afrique du Sud le samedi 30 novembre 2024. Cette invitation s\u2019adresse \u00e0 tous [&hellip;]","og_url":"https:\/\/www.wopg.org\/fr\/prem-rawat-en-afrique-du-sud\/","og_site_name":"Words of Peace","article_publisher":"https:\/\/www.facebook.com\/wordsofpeaceglobal","article_published_time":"2024-11-10T16:04:19+00:00","article_modified_time":"2024-12-01T09:21:08+00:00","og_image":[{"width":1080,"height":608,"url":"https:\/\/eadn-wc03-5903292.nxedge.io\/wp-content\/uploads\/2024\/11\/240629_Athens_LS_dmp_043_1080x608.webp","type":"image\/webp"}],"author":"Roberto","twitter_card":"summary_large_image","twitter_creator":"@wopg","twitter_site":"@wopg","twitter_misc":{"\u00c9crit par":"Roberto","Dur\u00e9e de lecture estim\u00e9e":"5 minutes"},"schema":{"@context":"https:\/\/schema.org","@graph":[{"@type":"Article","@id":"https:\/\/www.wopg.org\/fr\/prem-rawat-en-afrique-du-sud\/#article","isPartOf":{"@id":"https:\/\/www.wopg.org\/fr\/prem-rawat-en-afrique-du-sud\/"},"author":{"name":"Roberto","@id":"https:\/\/www.wopg.org\/fr\/#\/schema\/person\/c495a5aacd2a074ce031b7fa6625b3af"},"headline":"PREM RAWAT en Afrique du Sud !","datePublished":"2024-11-10T16:04:19+00:00","dateModified":"2024-12-01T09:21:08+00:00","mainEntityOfPage":{"@id":"https:\/\/www.wopg.org\/fr\/prem-rawat-en-afrique-du-sud\/"},"wordCount":1024,"publisher":{"@id":"https:\/\/www.wopg.org\/fr\/#organization"},"image":{"@id":"https:\/\/www.wopg.org\/fr\/prem-rawat-en-afrique-du-sud\/#primaryimage"},"thumbnailUrl":"https:\/\/eadn-wc03-5903292.nxedge.io\/wp-content\/uploads\/2024\/11\/240629_Athens_LS_dmp_043_1080x608.webp","articleSection":["Recent"],"inLanguage":"fr-FR"},{"@type":"WebPage","@id":"https:\/\/www.wopg.org\/fr\/prem-rawat-en-afrique-du-sud\/","url":"https:\/\/www.wopg.org\/fr\/prem-rawat-en-afrique-du-sud\/","name":"PREM RAWAT en Afrique du Sud ! | Words of Peace","isPartOf":{"@id":"https:\/\/www.wopg.org\/fr\/#website"},"primaryImageOfPage":{"@id":"https:\/\/www.wopg.org\/fr\/prem-rawat-en-afrique-du-sud\/#primaryimage"},"image":{"@id":"https:\/\/www.wopg.org\/fr\/prem-rawat-en-afrique-du-sud\/#primaryimage"},"thumbnailUrl":"https:\/\/eadn-wc03-5903292.nxedge.io\/wp-content\/uploads\/2024\/11\/240629_Athens_LS_dmp_043_1080x608.webp","datePublished":"2024-11-10T16:04:19+00:00","dateModified":"2024-12-01T09:21:08+00:00","breadcrumb":{"@id":"https:\/\/www.wopg.org\/fr\/prem-rawat-en-afrique-du-sud\/#breadcrumb"},"inLanguage":"fr-FR","potentialAction":[{"@type":"ReadAction","target":["https:\/\/www.wopg.org\/fr\/prem-rawat-en-afrique-du-sud\/"]}]},{"@type":"ImageObject","inLanguage":"fr-FR","@id":"https:\/\/www.wopg.org\/fr\/prem-rawat-en-afrique-du-sud\/#primaryimage","url":"https:\/\/eadn-wc03-5903292.nxedge.io\/wp-content\/uploads\/2024\/11\/240629_Athens_LS_dmp_043_1080x608.webp","contentUrl":"https:\/\/eadn-wc03-5903292.nxedge.io\/wp-content\/uploads\/2024\/11\/240629_Athens_LS_dmp_043_1080x608.webp","width":1080,"height":608},{"@type":"BreadcrumbList","@id":"https:\/\/www.wopg.org\/fr\/prem-rawat-en-afrique-du-sud\/#breadcrumb","itemListElement":[{"@type":"ListItem","position":1,"name":"Home","item":"https:\/\/www.wopg.org\/fr\/"},{"@type":"ListItem","position":2,"name":"PREM RAWAT en Afrique du Sud !"}]},{"@type":"WebSite","@id":"https:\/\/www.wopg.org\/fr\/#website","url":"https:\/\/www.wopg.org\/fr\/","name":"Words of Peace","description":"Practice Peace, Change Your World","publisher":{"@id":"https:\/\/www.wopg.org\/fr\/#organization"},"potentialAction":[{"@type":"SearchAction","target":{"@type":"EntryPoint","urlTemplate":"https:\/\/www.wopg.org\/fr\/?s={search_term_string}"},"query-input":{"@type":"PropertyValueSpecification","valueRequired":true,"valueName":"search_term_string"}}],"inLanguage":"fr-FR"},{"@type":"Organization","@id":"https:\/\/www.wopg.org\/fr\/#organization","name":"Words of Peace","url":"https:\/\/www.wopg.org\/fr\/","logo":{"@type":"ImageObject","inLanguage":"fr-FR","@id":"https:\/\/www.wopg.org\/fr\/#\/schema\/logo\/image\/","url":"https:\/\/wopg.org\/wp-content\/uploads\/2022\/02\/Words-of-Peace-logo-website61x252.png","contentUrl":"https:\/\/wopg.org\/wp-content\/uploads\/2022\/02\/Words-of-Peace-logo-website61x252.png","width":252,"height":61,"caption":"Words of Peace"},"image":{"@id":"https:\/\/www.wopg.org\/fr\/#\/schema\/logo\/image\/"},"sameAs":["https:\/\/www.facebook.com\/wordsofpeaceglobal","https:\/\/x.com\/wopg","https:\/\/www.instagram.com\/wopgofficial\/"]},{"@type":"Person","@id":"https:\/\/www.wopg.org\/fr\/#\/schema\/person\/c495a5aacd2a074ce031b7fa6625b3af","name":"Roberto","image":{"@type":"ImageObject","inLanguage":"fr-FR","@id":"https:\/\/secure.gravatar.com\/avatar\/3a2423ab531630d32d946fa10acea4a736bd03feede76ddcc150434c8458228b?s=96&d=mm&r=g","url":"https:\/\/secure.gravatar.com\/avatar\/3a2423ab531630d32d946fa10acea4a736bd03feede76ddcc150434c8458228b?s=96&d=mm&r=g","contentUrl":"https:\/\/secure.gravatar.com\/avatar\/3a2423ab531630d32d946fa10acea4a736bd03feede76ddcc150434c8458228b?s=96&d=mm&r=g","caption":"Roberto"},"url":"https:\/\/www.wopg.org\/fr\/author\/roberto\/"}]}},"_links":{"self":[{"href":"https:\/\/www.wopg.org\/fr\/wp-json\/wp\/v2\/posts\/35935","targetHints":{"allow":["GET"]}}],"collection":[{"href":"https:\/\/www.wopg.org\/fr\/wp-json\/wp\/v2\/posts"}],"about":[{"href":"https:\/\/www.wopg.org\/fr\/wp-json\/wp\/v2\/types\/post"}],"author":[{"embeddable":true,"href":"https:\/\/www.wopg.org\/fr\/wp-json\/wp\/v2\/users\/14"}],"replies":[{"embeddable":true,"href":"https:\/\/www.wopg.org\/fr\/wp-json\/wp\/v2\/comments?post=35935"}],"version-history":[{"count":9,"href":"https:\/\/www.wopg.org\/fr\/wp-json\/wp\/v2\/posts\/35935\/revisions"}],"predecessor-version":[{"id":36103,"href":"https:\/\/www.wopg.org\/fr\/wp-json\/wp\/v2\/posts\/35935\/revisions\/36103"}],"wp:featuredmedia":[{"embeddable":true,"href":"https:\/\/www.wopg.org\/fr\/wp-json\/wp\/v2\/media\/36057"}],"wp:attachment":[{"href":"https:\/\/www.wopg.org\/fr\/wp-json\/wp\/v2\/media?parent=35935"}],"wp:term":[{"taxonomy":"category","embeddable":true,"href":"https:\/\/www.wopg.org\/fr\/wp-json\/wp\/v2\/categories?post=35935"},{"taxonomy":"post_tag","embeddable":true,"href":"https:\/\/www.wopg.org\/fr\/wp-json\/wp\/v2\/tags?post=35935"},{"taxonomy":"post_folder","embeddable":true,"href":"https:\/\/www.wopg.org\/fr\/wp-json\/wp\/v2\/post_folder?post=35935"}],"curies":[{"name":"wp","href":"https:\/\/api.w.org\/{rel}","templated":true}]}}