{"id":36148,"date":"2024-11-11T14:38:31","date_gmt":"2024-11-11T14:38:31","guid":{"rendered":"https:\/\/www.wopg.org\/?p=36148"},"modified":"2024-12-06T10:23:08","modified_gmt":"2024-12-06T10:23:08","slug":"prem-rawat-a-benin-2024","status":"publish","type":"post","link":"https:\/\/www.wopg.org\/fr\/prem-rawat-a-benin-2024\/","title":{"rendered":"4 d\u00e9cembre 2024 &#8211; Prem Rawat \u00e0 Cotonou, au B\u00e9nin"},"content":{"rendered":"<p>[et_pb_section fb_built=\u00a0\u00bb1&Prime; _builder_version=\u00a0\u00bb4.17.4&Prime; _module_preset=\u00a0\u00bbdefault\u00a0\u00bb custom_margin=\u00a0\u00bb-50px||||false|false\u00a0\u00bb custom_padding=\u00a0\u00bb0px||0px||false|false\u00a0\u00bb global_colors_info=\u00a0\u00bb{}\u00a0\u00bb][et_pb_row _builder_version=\u00a0\u00bb4.17.4&Prime; _module_preset=\u00a0\u00bbdefault\u00a0\u00bb custom_padding=\u00a0\u00bb0px||||false|false\u00a0\u00bb global_colors_info=\u00a0\u00bb{}\u00a0\u00bb][et_pb_column type=\u00a0\u00bb4_4&Prime; _builder_version=\u00a0\u00bb4.17.4&Prime; _module_preset=\u00a0\u00bbdefault\u00a0\u00bb global_colors_info=\u00a0\u00bb{}\u00a0\u00bb][et_pb_text _builder_version=\u00a0\u00bb4.27.2&Prime; _module_preset=\u00a0\u00bbdefault\u00a0\u00bb global_colors_info=\u00a0\u00bb{}\u00a0\u00bb]<\/p>\n<h6 style=\"text-align: center;\">Image avec l\u2019autorisation de TimelessToday<\/h6>\n<p>[\/et_pb_text][\/et_pb_column][\/et_pb_row][\/et_pb_section][et_pb_section fb_built=\u00a0\u00bb1&Prime; disabled_on=\u00a0\u00bboff|off|off\u00a0\u00bb admin_label=\u00a0\u00bbFull event details\u00a0\u00bb _builder_version=\u00a0\u00bb4.27.2&Prime; _module_preset=\u00a0\u00bbdefault\u00a0\u00bb custom_padding=\u00a0\u00bb0px||0px||false|false\u00a0\u00bb hover_enabled=\u00a0\u00bb0&Prime; locked=\u00a0\u00bboff\u00a0\u00bb collapsed=\u00a0\u00bboff\u00a0\u00bb global_colors_info=\u00a0\u00bb{}\u00a0\u00bb sticky_enabled=\u00a0\u00bb0&Prime;][et_pb_row _builder_version=\u00a0\u00bb4.21.0&Prime; _module_preset=\u00a0\u00bbdefault\u00a0\u00bb custom_padding=\u00a0\u00bb0px||||false|false\u00a0\u00bb custom_css_main_element=\u00a0\u00bbdisplay: flex;||flex-wrap: wrap;||justify-content: center;\u00a0\u00bb global_colors_info=\u00a0\u00bb{}\u00a0\u00bb][et_pb_column type=\u00a0\u00bb4_4&Prime; _builder_version=\u00a0\u00bb4.21.0&Prime; _module_preset=\u00a0\u00bbdefault\u00a0\u00bb global_colors_info=\u00a0\u00bb{}\u00a0\u00bb][et_pb_text disabled_on=\u00a0\u00bboff|off|off\u00a0\u00bb admin_label=\u00a0\u00bbTitle\u00a0\u00bb _builder_version=\u00a0\u00bb4.27.2&Prime; _module_preset=\u00a0\u00bbdefault\u00a0\u00bb hover_enabled=\u00a0\u00bb0&Prime; locked=\u00a0\u00bboff\u00a0\u00bb global_colors_info=\u00a0\u00bb{}\u00a0\u00bb sticky_enabled=\u00a0\u00bb0&Prime;]<\/p>\n<div class=\"et_pb_row et_pb_row_0\">\n<div class=\"et_pb_column et_pb_column_4_4 et_pb_column_0 et_pb_css_mix_blend_mode_passthrough et-last-child\">\n<div class=\"et_pb_module et_pb_text et_pb_text_0 et_pb_text_align_left et_pb_bg_layout_light\">\n<div class=\"et_pb_text_inner\">\n<h2 style=\"text-align: center;\">Cotonou, B\u00e9nin \u2013 Informations sur l\u2019\u00e9v\u00e9nement<\/h2>\n<\/div>\n<\/div>\n<\/div>\n<\/div>\n<p>[\/et_pb_text][et_pb_text admin_label=\u00a0\u00bbWHO IS INVITED\u00a0\u00bb _builder_version=\u00a0\u00bb4.27.2&Prime; _module_preset=\u00a0\u00bbdefault\u00a0\u00bb link_font=\u00a0\u00bb|700|||||||\u00a0\u00bb hover_enabled=\u00a0\u00bb0&Prime; global_colors_info=\u00a0\u00bb{}\u00a0\u00bb sticky_enabled=\u00a0\u00bb0&Prime;]<\/p>\n<p class=\"p1\">Prem Rawat prendra la parole le mercredi 4 d\u00e9cembre \u00e0 Cotonou, au B\u00e9nin.<\/p>\n<p class=\"p1\">Les billets ont \u00e9t\u00e9 vendus localement et l\u2019\u00e9v\u00e9nement est d\u00e9sormais complet.<\/p>\n<p class=\"p1\">Une retransmission en direct sera diffus\u00e9e dans les langues locales pour les d\u00e9tenus de Cotonou qui suivent le\u00a0<a href=\"https:\/\/tprf.org\/fr\/programme-deducation-pour-la-paix\/\" target=\"_blank\" rel=\"noopener\">Programme d\u2019\u00e9ducation pour la paix<\/a>, pour les personnes qui ne peuvent pas se rendre \u00e0 l\u2019\u00e9v\u00e9nement depuis des communaut\u00e9s \u00e9loign\u00e9es, ainsi que pour les habitants de C\u00f4te d\u2019Ivoire et du Ghana.<\/p>\n<p>[\/et_pb_text][et_pb_text _builder_version=\u00a0\u00bb4.27.2&Prime; _module_preset=\u00a0\u00bbdefault\u00a0\u00bb hover_enabled=\u00a0\u00bb0&Prime; sticky_enabled=\u00a0\u00bb0&Prime;]<\/p>\n<p><em>Pour ceux qui, ailleurs dans le monde, ne peuvent pas assister en personne \u00e0 l\u2019\u00e9v\u00e9nement, TimelessToday pr\u00e9voit de filmer l\u2019\u00e9v\u00e9nement et fera une annonce s\u00e9par\u00e9e. Pour en savoir plus, consultez le site\u00a0<a href=\"https:\/\/www.premrawat.com\/fr\/conferences-et-retransmissions\/\" target=\"_blank\" rel=\"noopener\">www.premrawat.com<\/a>.<\/em><\/p>\n<p>[\/et_pb_text][\/et_pb_column][\/et_pb_row][\/et_pb_section]<\/p>\n","protected":false},"excerpt":{"rendered":"<p>Image avec l\u2019autorisation de TimelessToday Cotonou, B\u00e9nin \u2013 Informations sur l\u2019\u00e9v\u00e9nement Prem Rawat prendra la parole le mercredi 4 d\u00e9cembre \u00e0 Cotonou, au B\u00e9nin. Les billets ont \u00e9t\u00e9 vendus localement et l\u2019\u00e9v\u00e9nement est d\u00e9sormais complet. Une retransmission en direct sera diffus\u00e9e dans les langues locales pour les d\u00e9tenus de Cotonou qui suivent le\u00a0Programme d\u2019\u00e9ducation pour [&hellip;]<\/p>\n","protected":false},"author":3,"featured_media":35920,"comment_status":"closed","ping_status":"closed","sticky":false,"template":"","format":"standard","meta":{"_et_pb_use_builder":"on","_et_pb_old_content":"","_et_gb_content_width":"","cybocfi_hide_featured_image":"","footnotes":""},"categories":[78],"tags":[],"post_folder":[],"class_list":["post-36148","post","type-post","status-publish","format-standard","has-post-thumbnail","hentry","category-recent-fr"],"yoast_head":"<!-- This site is optimized with the Yoast SEO plugin v27.3 - https:\/\/yoast.com\/product\/yoast-seo-wordpress\/ -->\n<title>4 d\u00e9cembre 2024 - Prem Rawat \u00e0 Cotonou, au B\u00e9nin | Words of Peace<\/title>\n<meta name=\"robots\" content=\"index, follow, max-snippet:-1, max-image-preview:large, max-video-preview:-1\" \/>\n<link rel=\"canonical\" href=\"https:\/\/www.wopg.org\/fr\/prem-rawat-a-benin-2024\/\" \/>\n<meta property=\"og:locale\" content=\"fr_FR\" \/>\n<meta property=\"og:type\" content=\"article\" \/>\n<meta property=\"og:title\" content=\"4 d\u00e9cembre 2024 - Prem Rawat \u00e0 Cotonou, au B\u00e9nin | Words of Peace\" \/>\n<meta property=\"og:description\" content=\"Image avec l\u2019autorisation de TimelessToday Cotonou, B\u00e9nin \u2013 Informations sur l\u2019\u00e9v\u00e9nement Prem Rawat prendra la parole le mercredi 4 d\u00e9cembre \u00e0 Cotonou, au B\u00e9nin. Les billets ont \u00e9t\u00e9 vendus localement et l\u2019\u00e9v\u00e9nement est d\u00e9sormais complet. Une retransmission en direct sera diffus\u00e9e dans les langues locales pour les d\u00e9tenus de Cotonou qui suivent le\u00a0Programme d\u2019\u00e9ducation pour [&hellip;]\" \/>\n<meta property=\"og:url\" content=\"https:\/\/www.wopg.org\/fr\/prem-rawat-a-benin-2024\/\" \/>\n<meta property=\"og:site_name\" content=\"Words of Peace\" \/>\n<meta property=\"article:publisher\" content=\"https:\/\/www.facebook.com\/wordsofpeaceglobal\" \/>\n<meta property=\"article:published_time\" content=\"2024-11-11T14:38:31+00:00\" \/>\n<meta property=\"article:modified_time\" content=\"2024-12-06T10:23:08+00:00\" \/>\n<meta property=\"og:image\" content=\"https:\/\/eadn-wc03-5903292.nxedge.io\/wp-content\/uploads\/2024\/11\/231203_Delhi_RVK_gs-100_1080x608.jpg\" \/>\n\t<meta property=\"og:image:width\" content=\"1080\" \/>\n\t<meta property=\"og:image:height\" content=\"608\" \/>\n\t<meta property=\"og:image:type\" content=\"image\/jpeg\" \/>\n<meta name=\"author\" content=\"Carmine\" \/>\n<meta name=\"twitter:card\" content=\"summary_large_image\" \/>\n<meta name=\"twitter:creator\" content=\"@wopg\" \/>\n<meta name=\"twitter:site\" content=\"@wopg\" \/>\n<meta name=\"twitter:label1\" content=\"\u00c9crit par\" \/>\n\t<meta name=\"twitter:data1\" content=\"Carmine\" \/>\n\t<meta name=\"twitter:label2\" content=\"Dur\u00e9e de lecture estim\u00e9e\" \/>\n\t<meta name=\"twitter:data2\" content=\"2 minutes\" \/>\n<script type=\"application\/ld+json\" class=\"yoast-schema-graph\">{\"@context\":\"https:\\\/\\\/schema.org\",\"@graph\":[{\"@type\":\"Article\",\"@id\":\"https:\\\/\\\/www.wopg.org\\\/fr\\\/prem-rawat-a-benin-2024\\\/#article\",\"isPartOf\":{\"@id\":\"https:\\\/\\\/www.wopg.org\\\/fr\\\/prem-rawat-a-benin-2024\\\/\"},\"author\":{\"name\":\"Carmine\",\"@id\":\"https:\\\/\\\/www.wopg.org\\\/fr\\\/#\\\/schema\\\/person\\\/d3d11db72a0ccdab996f68053f8495f1\"},\"headline\":\"4 d\u00e9cembre 2024 &#8211; Prem Rawat \u00e0 Cotonou, au B\u00e9nin\",\"datePublished\":\"2024-11-11T14:38:31+00:00\",\"dateModified\":\"2024-12-06T10:23:08+00:00\",\"mainEntityOfPage\":{\"@id\":\"https:\\\/\\\/www.wopg.org\\\/fr\\\/prem-rawat-a-benin-2024\\\/\"},\"wordCount\":376,\"publisher\":{\"@id\":\"https:\\\/\\\/www.wopg.org\\\/fr\\\/#organization\"},\"image\":{\"@id\":\"https:\\\/\\\/www.wopg.org\\\/fr\\\/prem-rawat-a-benin-2024\\\/#primaryimage\"},\"thumbnailUrl\":\"https:\\\/\\\/www.wopg.org\\\/wp-content\\\/uploads\\\/2024\\\/11\\\/231203_Delhi_RVK_gs-100_1080x608.jpg\",\"articleSection\":[\"Recent\"],\"inLanguage\":\"fr-FR\"},{\"@type\":\"WebPage\",\"@id\":\"https:\\\/\\\/www.wopg.org\\\/fr\\\/prem-rawat-a-benin-2024\\\/\",\"url\":\"https:\\\/\\\/www.wopg.org\\\/fr\\\/prem-rawat-a-benin-2024\\\/\",\"name\":\"4 d\u00e9cembre 2024 - Prem Rawat \u00e0 Cotonou, au B\u00e9nin | Words of Peace\",\"isPartOf\":{\"@id\":\"https:\\\/\\\/www.wopg.org\\\/fr\\\/#website\"},\"primaryImageOfPage\":{\"@id\":\"https:\\\/\\\/www.wopg.org\\\/fr\\\/prem-rawat-a-benin-2024\\\/#primaryimage\"},\"image\":{\"@id\":\"https:\\\/\\\/www.wopg.org\\\/fr\\\/prem-rawat-a-benin-2024\\\/#primaryimage\"},\"thumbnailUrl\":\"https:\\\/\\\/www.wopg.org\\\/wp-content\\\/uploads\\\/2024\\\/11\\\/231203_Delhi_RVK_gs-100_1080x608.jpg\",\"datePublished\":\"2024-11-11T14:38:31+00:00\",\"dateModified\":\"2024-12-06T10:23:08+00:00\",\"breadcrumb\":{\"@id\":\"https:\\\/\\\/www.wopg.org\\\/fr\\\/prem-rawat-a-benin-2024\\\/#breadcrumb\"},\"inLanguage\":\"fr-FR\",\"potentialAction\":[{\"@type\":\"ReadAction\",\"target\":[\"https:\\\/\\\/www.wopg.org\\\/fr\\\/prem-rawat-a-benin-2024\\\/\"]}]},{\"@type\":\"ImageObject\",\"inLanguage\":\"fr-FR\",\"@id\":\"https:\\\/\\\/www.wopg.org\\\/fr\\\/prem-rawat-a-benin-2024\\\/#primaryimage\",\"url\":\"https:\\\/\\\/www.wopg.org\\\/wp-content\\\/uploads\\\/2024\\\/11\\\/231203_Delhi_RVK_gs-100_1080x608.jpg\",\"contentUrl\":\"https:\\\/\\\/www.wopg.org\\\/wp-content\\\/uploads\\\/2024\\\/11\\\/231203_Delhi_RVK_gs-100_1080x608.jpg\",\"width\":1080,\"height\":608,\"caption\":\"Prem Rawat\"},{\"@type\":\"BreadcrumbList\",\"@id\":\"https:\\\/\\\/www.wopg.org\\\/fr\\\/prem-rawat-a-benin-2024\\\/#breadcrumb\",\"itemListElement\":[{\"@type\":\"ListItem\",\"position\":1,\"name\":\"Home\",\"item\":\"https:\\\/\\\/www.wopg.org\\\/fr\\\/\"},{\"@type\":\"ListItem\",\"position\":2,\"name\":\"4 d\u00e9cembre 2024 &#8211; Prem Rawat \u00e0 Cotonou, au B\u00e9nin\"}]},{\"@type\":\"WebSite\",\"@id\":\"https:\\\/\\\/www.wopg.org\\\/fr\\\/#website\",\"url\":\"https:\\\/\\\/www.wopg.org\\\/fr\\\/\",\"name\":\"Words of Peace\",\"description\":\"Practice Peace, Change Your World\",\"publisher\":{\"@id\":\"https:\\\/\\\/www.wopg.org\\\/fr\\\/#organization\"},\"potentialAction\":[{\"@type\":\"SearchAction\",\"target\":{\"@type\":\"EntryPoint\",\"urlTemplate\":\"https:\\\/\\\/www.wopg.org\\\/fr\\\/?s={search_term_string}\"},\"query-input\":{\"@type\":\"PropertyValueSpecification\",\"valueRequired\":true,\"valueName\":\"search_term_string\"}}],\"inLanguage\":\"fr-FR\"},{\"@type\":\"Organization\",\"@id\":\"https:\\\/\\\/www.wopg.org\\\/fr\\\/#organization\",\"name\":\"Words of Peace\",\"url\":\"https:\\\/\\\/www.wopg.org\\\/fr\\\/\",\"logo\":{\"@type\":\"ImageObject\",\"inLanguage\":\"fr-FR\",\"@id\":\"https:\\\/\\\/www.wopg.org\\\/fr\\\/#\\\/schema\\\/logo\\\/image\\\/\",\"url\":\"https:\\\/\\\/wopg.org\\\/wp-content\\\/uploads\\\/2022\\\/02\\\/Words-of-Peace-logo-website61x252.png\",\"contentUrl\":\"https:\\\/\\\/wopg.org\\\/wp-content\\\/uploads\\\/2022\\\/02\\\/Words-of-Peace-logo-website61x252.png\",\"width\":252,\"height\":61,\"caption\":\"Words of Peace\"},\"image\":{\"@id\":\"https:\\\/\\\/www.wopg.org\\\/fr\\\/#\\\/schema\\\/logo\\\/image\\\/\"},\"sameAs\":[\"https:\\\/\\\/www.facebook.com\\\/wordsofpeaceglobal\",\"https:\\\/\\\/x.com\\\/wopg\",\"https:\\\/\\\/www.instagram.com\\\/wopgofficial\\\/\"]},{\"@type\":\"Person\",\"@id\":\"https:\\\/\\\/www.wopg.org\\\/fr\\\/#\\\/schema\\\/person\\\/d3d11db72a0ccdab996f68053f8495f1\",\"name\":\"Carmine\",\"image\":{\"@type\":\"ImageObject\",\"inLanguage\":\"fr-FR\",\"@id\":\"https:\\\/\\\/secure.gravatar.com\\\/avatar\\\/0d1627d54f68a11050bcb7910085c6f067e95a9d71dfc5de1025a4cf15cdfb19?s=96&d=mm&r=g\",\"url\":\"https:\\\/\\\/secure.gravatar.com\\\/avatar\\\/0d1627d54f68a11050bcb7910085c6f067e95a9d71dfc5de1025a4cf15cdfb19?s=96&d=mm&r=g\",\"contentUrl\":\"https:\\\/\\\/secure.gravatar.com\\\/avatar\\\/0d1627d54f68a11050bcb7910085c6f067e95a9d71dfc5de1025a4cf15cdfb19?s=96&d=mm&r=g\",\"caption\":\"Carmine\"},\"url\":\"https:\\\/\\\/www.wopg.org\\\/fr\\\/author\\\/carmine\\\/\"}]}<\/script>\n<!-- \/ Yoast SEO plugin. -->","yoast_head_json":{"title":"4 d\u00e9cembre 2024 - Prem Rawat \u00e0 Cotonou, au B\u00e9nin | Words of Peace","robots":{"index":"index","follow":"follow","max-snippet":"max-snippet:-1","max-image-preview":"max-image-preview:large","max-video-preview":"max-video-preview:-1"},"canonical":"https:\/\/www.wopg.org\/fr\/prem-rawat-a-benin-2024\/","og_locale":"fr_FR","og_type":"article","og_title":"4 d\u00e9cembre 2024 - Prem Rawat \u00e0 Cotonou, au B\u00e9nin | Words of Peace","og_description":"Image avec l\u2019autorisation de TimelessToday Cotonou, B\u00e9nin \u2013 Informations sur l\u2019\u00e9v\u00e9nement Prem Rawat prendra la parole le mercredi 4 d\u00e9cembre \u00e0 Cotonou, au B\u00e9nin. Les billets ont \u00e9t\u00e9 vendus localement et l\u2019\u00e9v\u00e9nement est d\u00e9sormais complet. Une retransmission en direct sera diffus\u00e9e dans les langues locales pour les d\u00e9tenus de Cotonou qui suivent le\u00a0Programme d\u2019\u00e9ducation pour [&hellip;]","og_url":"https:\/\/www.wopg.org\/fr\/prem-rawat-a-benin-2024\/","og_site_name":"Words of Peace","article_publisher":"https:\/\/www.facebook.com\/wordsofpeaceglobal","article_published_time":"2024-11-11T14:38:31+00:00","article_modified_time":"2024-12-06T10:23:08+00:00","og_image":[{"width":1080,"height":608,"url":"https:\/\/eadn-wc03-5903292.nxedge.io\/wp-content\/uploads\/2024\/11\/231203_Delhi_RVK_gs-100_1080x608.jpg","type":"image\/jpeg"}],"author":"Carmine","twitter_card":"summary_large_image","twitter_creator":"@wopg","twitter_site":"@wopg","twitter_misc":{"\u00c9crit par":"Carmine","Dur\u00e9e de lecture estim\u00e9e":"2 minutes"},"schema":{"@context":"https:\/\/schema.org","@graph":[{"@type":"Article","@id":"https:\/\/www.wopg.org\/fr\/prem-rawat-a-benin-2024\/#article","isPartOf":{"@id":"https:\/\/www.wopg.org\/fr\/prem-rawat-a-benin-2024\/"},"author":{"name":"Carmine","@id":"https:\/\/www.wopg.org\/fr\/#\/schema\/person\/d3d11db72a0ccdab996f68053f8495f1"},"headline":"4 d\u00e9cembre 2024 &#8211; Prem Rawat \u00e0 Cotonou, au B\u00e9nin","datePublished":"2024-11-11T14:38:31+00:00","dateModified":"2024-12-06T10:23:08+00:00","mainEntityOfPage":{"@id":"https:\/\/www.wopg.org\/fr\/prem-rawat-a-benin-2024\/"},"wordCount":376,"publisher":{"@id":"https:\/\/www.wopg.org\/fr\/#organization"},"image":{"@id":"https:\/\/www.wopg.org\/fr\/prem-rawat-a-benin-2024\/#primaryimage"},"thumbnailUrl":"https:\/\/eadn-wc03-5903292.nxedge.io\/wp-content\/uploads\/2024\/11\/231203_Delhi_RVK_gs-100_1080x608.jpg","articleSection":["Recent"],"inLanguage":"fr-FR"},{"@type":"WebPage","@id":"https:\/\/www.wopg.org\/fr\/prem-rawat-a-benin-2024\/","url":"https:\/\/www.wopg.org\/fr\/prem-rawat-a-benin-2024\/","name":"4 d\u00e9cembre 2024 - Prem Rawat \u00e0 Cotonou, au B\u00e9nin | Words of Peace","isPartOf":{"@id":"https:\/\/www.wopg.org\/fr\/#website"},"primaryImageOfPage":{"@id":"https:\/\/www.wopg.org\/fr\/prem-rawat-a-benin-2024\/#primaryimage"},"image":{"@id":"https:\/\/www.wopg.org\/fr\/prem-rawat-a-benin-2024\/#primaryimage"},"thumbnailUrl":"https:\/\/eadn-wc03-5903292.nxedge.io\/wp-content\/uploads\/2024\/11\/231203_Delhi_RVK_gs-100_1080x608.jpg","datePublished":"2024-11-11T14:38:31+00:00","dateModified":"2024-12-06T10:23:08+00:00","breadcrumb":{"@id":"https:\/\/www.wopg.org\/fr\/prem-rawat-a-benin-2024\/#breadcrumb"},"inLanguage":"fr-FR","potentialAction":[{"@type":"ReadAction","target":["https:\/\/www.wopg.org\/fr\/prem-rawat-a-benin-2024\/"]}]},{"@type":"ImageObject","inLanguage":"fr-FR","@id":"https:\/\/www.wopg.org\/fr\/prem-rawat-a-benin-2024\/#primaryimage","url":"https:\/\/eadn-wc03-5903292.nxedge.io\/wp-content\/uploads\/2024\/11\/231203_Delhi_RVK_gs-100_1080x608.jpg","contentUrl":"https:\/\/eadn-wc03-5903292.nxedge.io\/wp-content\/uploads\/2024\/11\/231203_Delhi_RVK_gs-100_1080x608.jpg","width":1080,"height":608,"caption":"Prem Rawat"},{"@type":"BreadcrumbList","@id":"https:\/\/www.wopg.org\/fr\/prem-rawat-a-benin-2024\/#breadcrumb","itemListElement":[{"@type":"ListItem","position":1,"name":"Home","item":"https:\/\/www.wopg.org\/fr\/"},{"@type":"ListItem","position":2,"name":"4 d\u00e9cembre 2024 &#8211; Prem Rawat \u00e0 Cotonou, au B\u00e9nin"}]},{"@type":"WebSite","@id":"https:\/\/www.wopg.org\/fr\/#website","url":"https:\/\/www.wopg.org\/fr\/","name":"Words of Peace","description":"Practice Peace, Change Your World","publisher":{"@id":"https:\/\/www.wopg.org\/fr\/#organization"},"potentialAction":[{"@type":"SearchAction","target":{"@type":"EntryPoint","urlTemplate":"https:\/\/www.wopg.org\/fr\/?s={search_term_string}"},"query-input":{"@type":"PropertyValueSpecification","valueRequired":true,"valueName":"search_term_string"}}],"inLanguage":"fr-FR"},{"@type":"Organization","@id":"https:\/\/www.wopg.org\/fr\/#organization","name":"Words of Peace","url":"https:\/\/www.wopg.org\/fr\/","logo":{"@type":"ImageObject","inLanguage":"fr-FR","@id":"https:\/\/www.wopg.org\/fr\/#\/schema\/logo\/image\/","url":"https:\/\/wopg.org\/wp-content\/uploads\/2022\/02\/Words-of-Peace-logo-website61x252.png","contentUrl":"https:\/\/wopg.org\/wp-content\/uploads\/2022\/02\/Words-of-Peace-logo-website61x252.png","width":252,"height":61,"caption":"Words of Peace"},"image":{"@id":"https:\/\/www.wopg.org\/fr\/#\/schema\/logo\/image\/"},"sameAs":["https:\/\/www.facebook.com\/wordsofpeaceglobal","https:\/\/x.com\/wopg","https:\/\/www.instagram.com\/wopgofficial\/"]},{"@type":"Person","@id":"https:\/\/www.wopg.org\/fr\/#\/schema\/person\/d3d11db72a0ccdab996f68053f8495f1","name":"Carmine","image":{"@type":"ImageObject","inLanguage":"fr-FR","@id":"https:\/\/secure.gravatar.com\/avatar\/0d1627d54f68a11050bcb7910085c6f067e95a9d71dfc5de1025a4cf15cdfb19?s=96&d=mm&r=g","url":"https:\/\/secure.gravatar.com\/avatar\/0d1627d54f68a11050bcb7910085c6f067e95a9d71dfc5de1025a4cf15cdfb19?s=96&d=mm&r=g","contentUrl":"https:\/\/secure.gravatar.com\/avatar\/0d1627d54f68a11050bcb7910085c6f067e95a9d71dfc5de1025a4cf15cdfb19?s=96&d=mm&r=g","caption":"Carmine"},"url":"https:\/\/www.wopg.org\/fr\/author\/carmine\/"}]}},"_links":{"self":[{"href":"https:\/\/www.wopg.org\/fr\/wp-json\/wp\/v2\/posts\/36148","targetHints":{"allow":["GET"]}}],"collection":[{"href":"https:\/\/www.wopg.org\/fr\/wp-json\/wp\/v2\/posts"}],"about":[{"href":"https:\/\/www.wopg.org\/fr\/wp-json\/wp\/v2\/types\/post"}],"author":[{"embeddable":true,"href":"https:\/\/www.wopg.org\/fr\/wp-json\/wp\/v2\/users\/3"}],"replies":[{"embeddable":true,"href":"https:\/\/www.wopg.org\/fr\/wp-json\/wp\/v2\/comments?post=36148"}],"version-history":[{"count":28,"href":"https:\/\/www.wopg.org\/fr\/wp-json\/wp\/v2\/posts\/36148\/revisions"}],"predecessor-version":[{"id":36996,"href":"https:\/\/www.wopg.org\/fr\/wp-json\/wp\/v2\/posts\/36148\/revisions\/36996"}],"wp:featuredmedia":[{"embeddable":true,"href":"https:\/\/www.wopg.org\/fr\/wp-json\/wp\/v2\/media\/35920"}],"wp:attachment":[{"href":"https:\/\/www.wopg.org\/fr\/wp-json\/wp\/v2\/media?parent=36148"}],"wp:term":[{"taxonomy":"category","embeddable":true,"href":"https:\/\/www.wopg.org\/fr\/wp-json\/wp\/v2\/categories?post=36148"},{"taxonomy":"post_tag","embeddable":true,"href":"https:\/\/www.wopg.org\/fr\/wp-json\/wp\/v2\/tags?post=36148"},{"taxonomy":"post_folder","embeddable":true,"href":"https:\/\/www.wopg.org\/fr\/wp-json\/wp\/v2\/post_folder?post=36148"}],"curies":[{"name":"wp","href":"https:\/\/api.w.org\/{rel}","templated":true}]}}