{"id":41159,"date":"2025-09-08T15:42:49","date_gmt":"2025-09-08T15:42:49","guid":{"rendered":"https:\/\/www.wopg.org\/8-au-12-sept-2025-prem-rawat-a-amaroo\/"},"modified":"2025-09-12T17:18:05","modified_gmt":"2025-09-12T17:18:05","slug":"prem-rawat-a-amaroo","status":"publish","type":"post","link":"https:\/\/www.wopg.org\/fr\/prem-rawat-a-amaroo\/","title":{"rendered":"8 au 12 sept 2025 : Prem Rawat \u00e0 Amaroo"},"content":{"rendered":"<p>[et_pb_section fb_built=\u00a0\u00bb1&Prime; _builder_version=\u00a0\u00bb4.17.4&Prime; _module_preset=\u00a0\u00bbdefault\u00a0\u00bb custom_margin=\u00a0\u00bb-50px||||false|false\u00a0\u00bb custom_padding=\u00a0\u00bb0px||0px||false|false\u00a0\u00bb global_colors_info=\u00a0\u00bb{}\u00a0\u00bb][et_pb_row _builder_version=\u00a0\u00bb4.17.4&Prime; _module_preset=\u00a0\u00bbdefault\u00a0\u00bb custom_padding=\u00a0\u00bb0px||||false|false\u00a0\u00bb global_colors_info=\u00a0\u00bb{}\u00a0\u00bb][et_pb_column type=\u00a0\u00bb4_4&Prime; _builder_version=\u00a0\u00bb4.17.4&Prime; _module_preset=\u00a0\u00bbdefault\u00a0\u00bb global_colors_info=\u00a0\u00bb{}\u00a0\u00bb][et_pb_text _builder_version=\u00a0\u00bb4.27.4&Prime; _module_preset=\u00a0\u00bbdefault\u00a0\u00bb global_colors_info=\u00a0\u00bb{}\u00a0\u00bb]<\/p>\n<h6 style=\"text-align: center;\">Photo avec l&rsquo;autorisation de TimelessToday<\/h6>\n<p>[\/et_pb_text][\/et_pb_column][\/et_pb_row][\/et_pb_section][et_pb_section fb_built=\u00a0\u00bb1&Prime; disabled_on=\u00a0\u00bboff|off|off\u00a0\u00bb admin_label=\u00a0\u00bbFull event details\u00a0\u00bb _builder_version=\u00a0\u00bb4.27.2&Prime; _module_preset=\u00a0\u00bbdefault\u00a0\u00bb custom_padding=\u00a0\u00bb0px||||false|false\u00a0\u00bb locked=\u00a0\u00bboff\u00a0\u00bb collapsed=\u00a0\u00bboff\u00a0\u00bb global_colors_info=\u00a0\u00bb{}\u00a0\u00bb][et_pb_row _builder_version=\u00a0\u00bb4.21.0&Prime; _module_preset=\u00a0\u00bbdefault\u00a0\u00bb custom_padding=\u00a0\u00bb0px||||false|false\u00a0\u00bb custom_css_main_element=\u00a0\u00bbdisplay: flex;||flex-wrap: wrap;||justify-content: center;\u00a0\u00bb global_colors_info=\u00a0\u00bb{}\u00a0\u00bb][et_pb_column type=\u00a0\u00bb4_4&Prime; _builder_version=\u00a0\u00bb4.21.0&Prime; _module_preset=\u00a0\u00bbdefault\u00a0\u00bb global_colors_info=\u00a0\u00bb{}\u00a0\u00bb][et_pb_text admin_label=\u00a0\u00bbWHEN AND WHERE\u00a0\u00bb _builder_version=\u00a0\u00bb4.27.4&Prime; _module_preset=\u00a0\u00bbdefault\u00a0\u00bb header_2_text_align=\u00a0\u00bbleft\u00a0\u00bb header_3_text_align=\u00a0\u00bbleft\u00a0\u00bb header_2_text_align_tablet=\u00a0\u00bbleft\u00a0\u00bb header_2_text_align_phone=\u00a0\u00bbcenter\u00a0\u00bb header_2_text_align_last_edited=\u00a0\u00bbon|desktop\u00a0\u00bb header_2_font_size_tablet=\u00a0\u00bb\u00a0\u00bb header_2_font_size_phone=\u00a0\u00bb2em\u00a0\u00bb header_2_font_size_last_edited=\u00a0\u00bbon|desktop\u00a0\u00bb header_3_text_align_tablet=\u00a0\u00bbleft\u00a0\u00bb header_3_text_align_phone=\u00a0\u00bbcenter\u00a0\u00bb header_3_text_align_last_edited=\u00a0\u00bbon|desktop\u00a0\u00bb header_3_font_size_phone=\u00a0\u00bb1.1em\u00a0\u00bb custom_css_free_form=\u00a0\u00bb.selector .et_pb_text_inner h2 {||  margin-bottom: 3px;||}||||.selector .et_pb_text_inner h3 {||  margin-bottom: 1.5rem;||}\u00a0\u00bb global_colors_info=\u00a0\u00bb{}\u00a0\u00bb content__hover_enabled=\u00a0\u00bboff|desktop\u00a0\u00bb]<\/p>\n<p><em>Veuillez lire attentivement cette page qui donne des informations importantes sur l\u2019\u00e9v\u00e9nement \u00e0 venir.<\/em><\/p>\n<p><\/p>\n<p><strong>Vous pouvez vous r\u00e9f\u00e9rer \u00e0 <a href=\"https:\/\/amaroo.org\" target=\"_blank\" rel=\"noopener\">https:\/\/amaroo.org<\/a> pour plus d\u2019informations et des actualit\u00e9s.<\/strong> Le nouveau site web d\u2019Amaroo sera accessible \u00e0 partir du samedi 7 juin \u00e0 10 h (heure d\u2019Australie de l\u2019Est &#8211; AEST).<\/p>\n<p><\/p>\n<h4>O\u00d9 ET QUAND<\/h4>\n<p><\/p>\n<p><strong>Date : <\/strong> <span style=\"font-weight: 400\">Du lundi 8 sept au vendredi 12 sept 2025<\/span><\/p>\n<p><\/p>\n<p><strong>Heures : <\/strong><span style=\"font-weight: 400\">Les horaires des conf\u00e9rences seront confirm\u00e9s plus tard.<\/span><\/p>\n<p><\/p>\n<p><strong>Lieu : <\/strong>Conventions et \u00e9v\u00e9nements d\u2019Ivory&rsquo;s Rock <\/p>\n<p><\/p>\n<p><strong>Adresse : <\/strong>310 Mt Flinders Rd, Peak Crossing, Queensland, Australie 4306 <\/p>\n<p>[\/et_pb_text][et_pb_text admin_label=\u00a0\u00bbWHO IS INVITED\u00a0\u00bb _builder_version=\u00a0\u00bb4.27.4&Prime; _module_preset=\u00a0\u00bbdefault\u00a0\u00bb hover_enabled=\u00a0\u00bb0&Prime; global_colors_info=\u00a0\u00bb{}\u00a0\u00bb sticky_enabled=\u00a0\u00bb0&Prime;]<\/p>\n<h4 class=\"p1\"><span class=\"s1\">QUI EST INVIT\u00c9<\/span><\/h4>\n<p><\/p>\n<p>Toutes les personnes qui ont appris <a href=\"https:\/\/www.premrawat.com\/fr\/la-connaissance-de-soi\/\">les techniques de la Connaissance de soi<\/a> sont bienvenues.<\/p>\n<p>[\/et_pb_text][et_pb_text admin_label=\u00a0\u00bbWHO IS INVITED &#8211; CHILDREN\u00a0\u00bb _builder_version=\u00a0\u00bb4.27.4&Prime; _module_preset=\u00a0\u00bbdefault\u00a0\u00bb global_colors_info=\u00a0\u00bb{}\u00a0\u00bb]<\/p>\n<h4 class=\"p1\"><span class=\"s1\">ENFANTS<\/span><\/h4>\n<p><\/p>\n<p>Cet \u00e9v\u00e9nement ne convient pas aux enfants.<\/p>\n<p>[\/et_pb_text][et_pb_text admin_label=\u00a0\u00bbATTENDANCE\u00a0\u00bb _builder_version=\u00a0\u00bb4.27.4&Prime; _module_preset=\u00a0\u00bbdefault\u00a0\u00bb global_colors_info=\u00a0\u00bb{}\u00a0\u00bb]<\/p>\n<h4 class=\"p1\"><span class=\"s1\">PARTICIPATION<\/span><\/h4>\n<p><\/p>\n<p><strong>Les invit\u00e9s pourront s\u2019inscrire \u00e0 partir du Mercredi 11 juin \u00e0 9 h (heure d\u2019Australie de l\u2019Est &#8211; AEST), 1 h du matin en France<\/strong>.<\/p>\n<p><\/p>\n<p>Lors de l\u2019inscription et du paiement des frais de conf\u00e9rence, vous pourrez r\u00e9server l\u2019h\u00e9bergement sur place, le transport depuis et vers l\u2019a\u00e9roport de Brisbane, ainsi que les bus quotidiens entre le point de rendez-vous de votre h\u00f4tel et Amaroo. Pour en savoir plus : <a href=\"https:\/\/amaroo.org\/\">https:\/\/amaroo.org\/<\/a>.<\/p>\n<p><\/p>\n<p>Si vous ne parvenez pas \u00e0 vous inscrire, quelle qu\u2019en soit la raison, veuillez contacter le centre d\u2019assistance d\u2019Amaroo \u00e0 <a href=\"https:\/\/amaroo.org\/helpdesk\/\">https:\/\/amaroo.org\/helpdesk\/<\/a>.<\/p>\n<p>[\/et_pb_text][et_pb_text admin_label=\u00a0\u00bbConference Fee\u00a0\u00bb _builder_version=\u00a0\u00bb4.27.4&Prime; _module_preset=\u00a0\u00bbdefault\u00a0\u00bb locked=\u00a0\u00bboff\u00a0\u00bb global_colors_info=\u00a0\u00bb{}\u00a0\u00bb]<\/p>\n<p><strong>Co\u00fbt de la conf\u00e9rence<\/strong><\/p>\n<p><\/p>\n<ul>\n<li style=\"font-weight: 400\"><span style=\"font-weight: 400\">875 dollars australiens (environ 500 \u20ac)<\/span><\/li>\n<\/ul>\n<p><\/p>\n<p><strong>IMPORTANT.<\/strong> Apr\u00e8s votre inscription, vous recevrez un courriel de confirmation. Votre ticket \u00e9lectronique sera envoy\u00e9 sur la m\u00eame adresse e-mail quelques semaines avant l\u2019\u00e9v\u00e9nement. Cette ann\u00e9e, le billet \u00e9lectronique comprend \u00e9galement l\u2019attribution de votre si\u00e8ge.<\/p>\n<p><\/p>\n<p>Il y a suffisamment de si\u00e8ges pour tout le monde. Les places seront attribu\u00e9es de mani\u00e8re al\u00e9atoire et le syst\u00e8me de rotation sera disponible. Inscrivez-vous d\u00e8s que vous le pouvez pour assurer votre tour dans le syst\u00e8me de rotation.<\/p>\n<p><\/p>\n<p>Si vous souhaitez \u00eatre assis \u00e0 c\u00f4t\u00e9 d\u2019autres participants, vous devrez vous inscrire tous ensemble. Un maximum de <strong>4<\/strong> personnes pourront s\u2019asseoir ensemble.<\/p>\n<p><\/p>\n<p><strong>Pour des raisons de logistique, vous \u00eates pri\u00e9s de vous asseoir 10 minutes avant le d\u00e9but de la conf\u00e9rence. Les retardataires seront plac\u00e9s \u00e0 l\u2019arri\u00e8re de l\u2019amphith\u00e9\u00e2tre pour \u00e9viter les perturbations<\/strong>.<\/p>\n<p>[\/et_pb_text][et_pb_text disabled_on=\u00a0\u00bbon|on|on\u00a0\u00bb _builder_version=\u00a0\u00bb4.27.4&Prime; _module_preset=\u00a0\u00bbdefault\u00a0\u00bb disabled=\u00a0\u00bbon\u00a0\u00bb global_colors_info=\u00a0\u00bb{}\u00a0\u00bb]<\/p>\n<p>Les billets peuvent \u00eatre demand\u00e9s via le bouton ci-dessous :<\/p>\n<p>[\/et_pb_text][et_pb_button button_url=\u00a0\u00bbhttps:\/\/amaroo.org\/registration\/\u00a0\u00bb url_new_window=\u00a0\u00bbon\u00a0\u00bb button_text=\u00a0\u00bbS\u2019inscrire ici\u00a0\u00bb button_alignment=\u00a0\u00bbcenter\u00a0\u00bb disabled_on=\u00a0\u00bboff|off|off\u00a0\u00bb admin_label=\u00a0\u00bbRegister here\u00a0\u00bb _builder_version=\u00a0\u00bb4.27.4&Prime; _module_preset=\u00a0\u00bbdefault\u00a0\u00bb custom_button=\u00a0\u00bbon\u00a0\u00bb button_bg_color=\u00a0\u00bb#008B73&Prime; button_border_width=\u00a0\u00bb0px\u00a0\u00bb button_border_radius=\u00a0\u00bb8px\u00a0\u00bb background_layout=\u00a0\u00bbdark\u00a0\u00bb custom_padding=\u00a0\u00bb10px|49px|10px|49px|true|true\u00a0\u00bb global_colors_info=\u00a0\u00bb{}\u00a0\u00bb][\/et_pb_button][et_pb_button button_url=\u00a0\u00bb#\u00a0\u00bb button_text=\u00a0\u00bbBillets \u00e9puis\u00e9s\u00a0\u00bb button_alignment=\u00a0\u00bbcenter\u00a0\u00bb disabled_on=\u00a0\u00bbon|on|on\u00a0\u00bb admin_label=\u00a0\u00bbSold Out button\u00a0\u00bb _builder_version=\u00a0\u00bb4.27.4&Prime; _module_preset=\u00a0\u00bbdefault\u00a0\u00bb custom_button=\u00a0\u00bbon\u00a0\u00bb button_bg_color=\u00a0\u00bb#E02B20&Prime; button_border_width=\u00a0\u00bb0px\u00a0\u00bb button_border_radius=\u00a0\u00bb8px\u00a0\u00bb background_layout=\u00a0\u00bbdark\u00a0\u00bb custom_padding=\u00a0\u00bb10px|58px|10px|58px|true|true\u00a0\u00bb disabled=\u00a0\u00bbon\u00a0\u00bb global_colors_info=\u00a0\u00bb{}\u00a0\u00bb][\/et_pb_button][et_pb_button button_url=\u00a0\u00bb#soon\u00a0\u00bb button_text=\u00a0\u00bbBillets bient\u00f4t disponibles\u00a0\u00bb button_alignment=\u00a0\u00bbcenter\u00a0\u00bb disabled_on=\u00a0\u00bbon|on|on\u00a0\u00bb admin_label=\u00a0\u00bbSoon Available button\u00a0\u00bb module_id=\u00a0\u00bbsoon\u00a0\u00bb _builder_version=\u00a0\u00bb4.27.4&Prime; _module_preset=\u00a0\u00bbdefault\u00a0\u00bb custom_button=\u00a0\u00bbon\u00a0\u00bb button_text_color=\u00a0\u00bb#FFFFFF\u00a0\u00bb button_bg_color=\u00a0\u00bbRGBA(255,196,89,0.8)\u00a0\u00bb button_border_width=\u00a0\u00bb0px\u00a0\u00bb button_border_radius=\u00a0\u00bb8px\u00a0\u00bb background_layout=\u00a0\u00bbdark\u00a0\u00bb custom_padding=\u00a0\u00bb10px|30px|10px|30px|true|true\u00a0\u00bb disabled=\u00a0\u00bbon\u00a0\u00bb global_colors_info=\u00a0\u00bb{}\u00a0\u00bb][\/et_pb_button][et_pb_text disabled_on=\u00a0\u00bboff|off|off\u00a0\u00bb _builder_version=\u00a0\u00bb4.27.4&Prime; _module_preset=\u00a0\u00bbdefault\u00a0\u00bb text_orientation=\u00a0\u00bbcenter\u00a0\u00bb locked=\u00a0\u00bboff\u00a0\u00bb global_colors_info=\u00a0\u00bb{}\u00a0\u00bb]<\/p>\n<p>(une fois l&rsquo;inscription ouverte, cliquez sur le bouton ci-dessus pour y acc\u00e9der directement)<\/p>\n<p>[\/et_pb_text][et_pb_text admin_label=\u00a0\u00bbDO NOT RECORD OR FILM THE EVENT\u00a0\u00bb _builder_version=\u00a0\u00bb4.27.4&Prime; _module_preset=\u00a0\u00bbdefault\u00a0\u00bb locked=\u00a0\u00bboff\u00a0\u00bb global_colors_info=\u00a0\u00bb{}\u00a0\u00bb]<\/p>\n<h4 class=\"p1\"><span class=\"s1\">NE PAS ENREGISTRER NI FILMER L\u2019\u00c9V\u00c9NEMENT<\/span><\/h4>\n<p><\/p>\n<p>Les enregistrements officiels sont prot\u00e9g\u00e9s par des droits d&rsquo;auteur. Toute personne surprise en train d&rsquo;enregistrer sera pri\u00e9e d&rsquo;arr\u00eater de le faire. Si elle continue, elle devra quitter la conf\u00e9rence.<\/p>\n<p><\/p>\n<p>L&rsquo;\u00e9v\u00e9nement sera film\u00e9. L\u2019achat d\u2019un billet constitue \u00e0 la fois votre accord pour \u00eatre film\u00e9 et votre autorisation \u00e0 ce que votre image, votre voix, soient inclus dans les m\u00e9dia sociaux, photographiques, audio, vid\u00e9o ou autres. Si vous achetez un billet pour une autre personne, sa pr\u00e9sence \u00e0 l\u2019\u00e9v\u00e9nement constitue le m\u00eame accord et la m\u00eame autorisation.<\/p>\n<p><\/p>\n<h4>VISAS<\/h4>\n<p><\/p>\n<p>Les voyageurs vers l\u2019Australie ont besoin de faire une demande de visa. Il est important que vous demandiez le visa pr\u00e9vu pour les r\u00e9sidents de votre pays et que votre demande soit correctement remplie. Consultez les diff\u00e9rentes options sur le site : <a href=\"https:\/\/immi.homeaffairs.gov.au\/visas\/getting-a-visa\/visa-finder\">https:\/\/immi.homeaffairs.gov.au\/visas\/getting-a-visa\/visa-finder<\/a>.<\/p>\n<p><\/p>\n<p>Les r\u00e9sidents de certains pays, comme l\u2019Inde et le N\u00e9pal, doivent montrer au Gouvernement australien des preuves du but de leur visite et pr\u00e9senter une lettre d\u2019invitation et une confirmation d\u2019inscription pour soutenir leur demande de visa. En savoir plus sur <a href=\"https:\/\/amaroo.org\/\">https:\/\/amaroo.org\/<\/a>.<\/p>\n<p><\/p>\n<p><strong>REMARQUE\u00a0: <\/strong>Si vous voyagez en passant par la Nouvelle-Z\u00e9lande, m\u00eame si vous ne faites que transiter, vous devez faire une demande de visa pour la Nouvelle-Z\u00e9lande sur\u00a0: <a href=\"https:\/\/nzeta.immigration.govt.nz\/\">https:\/\/nzeta.immigration.govt.nz\/<\/a>.<\/p>\n<p>[\/et_pb_text][et_pb_accordion open_toggle_background_color=\u00a0\u00bbRGBA(255,255,255,0)\u00a0\u00bb icon_color=\u00a0\u00bb#008B73&Prime; use_icon_font_size=\u00a0\u00bbon\u00a0\u00bb icon_font_size=\u00a0\u00bb20px\u00a0\u00bb _builder_version=\u00a0\u00bb4.27.4&Prime; _module_preset=\u00a0\u00bbdefault\u00a0\u00bb border_color_all=\u00a0\u00bbRGBA(255,255,255,0)\u00a0\u00bb border_color_bottom=\u00a0\u00bb#008B73&Prime; global_colors_info=\u00a0\u00bb{}\u00a0\u00bb][et_pb_accordion_item title=\u00a0\u00bbCONSEILS POUR L\u2019INSCRIPTION\u00a0\u00bb open=\u00a0\u00bbon\u00a0\u00bb _builder_version=\u00a0\u00bb4.27.4&Prime; _module_preset=\u00a0\u00bbdefault\u00a0\u00bb global_colors_info=\u00a0\u00bb{}\u00a0\u00bb]<\/p>\n<p>L\u2019inscription peut se faire soit par ordinateur soit par un appareil mobile.<\/p>\n<p><\/p>\n<p>Avant de vous inscrire :<\/p>\n<p><\/p>\n<ul>\n<li style=\"font-weight: 400\"><span style=\"font-weight: 400\">Pr\u00e9venez votre banque que vous allez faire une transaction importante avec l\u2019Australie.<\/span><\/li>\n<li style=\"font-weight: 400\"><span style=\"font-weight: 400\">Si vous avez une carte de cr\u00e9dit ou de d\u00e9bit American Express, assurez-vous que vous pouvez vous en servir \u00e0 la place de votre\/vos autre(s) carte(s).<\/span><\/li>\n<li style=\"font-weight: 400\"><span style=\"font-weight: 400\">Notez que les cartes Discover ne fonctionnent pas en Australie.<\/span><\/li>\n<li style=\"font-weight: 400\"><span style=\"font-weight: 400\">V\u00e9rifiez aupr\u00e8s de votre banque que votre carte de cr\u00e9dit est suffisamment approvisionn\u00e9e.<\/span><\/li>\n<li style=\"font-weight: 400\"><span style=\"font-weight: 400\">V\u00e9rifiez que les param\u00e8tres de votre carte vous permettent d\u2019effectuer des paiements internationaux.<\/span><\/li>\n<li style=\"font-weight: 400\"><span style=\"font-weight: 400\">V\u00e9rifiez que la limite de paiement de votre carte est suffisante.<\/span><\/li>\n<\/ul>\n<p><\/p>\n<p>Pendant que vous vous inscrivez :<\/p>\n<p><\/p>\n<ul>\n<li style=\"font-weight: 400\"><span style=\"font-weight: 400\">Utilisez un navigateur courant comme Google Chrome et videz le cache du navigateur avant de commencer.<\/span><\/li>\n<li style=\"font-weight: 400\"><span style=\"font-weight: 400\">Le syst\u00e8me d&rsquo;inscription requiert un paiement unique par carte de cr\u00e9dit qui couvre tous les membres du groupe d&rsquo;inscription.<\/span><\/li>\n<li style=\"font-weight: 400\"><span style=\"font-weight: 400\">Si vous rencontrez des difficult\u00e9s \u00e0 payer, plusieurs tentatives rapides et cons\u00e9cutives avec une carte de cr\u00e9dit peuvent bloquer la carte.<\/span><\/li>\n<li style=\"font-weight: 400\"><span style=\"font-weight: 400\">Attendez quelques minutes avant d\u2019essayer \u00e0 nouveau sur la m\u00eame carte. Essayez avec une autre carte, puis essayez sur un autre appareil.<\/span><\/li>\n<li style=\"font-weight: 400\"><span style=\"font-weight: 400\">Contactez l&rsquo;\u00e9metteur de votre carte de cr\u00e9dit et demandez-lui pourquoi il refuse les transactions.<\/span><\/li>\n<li style=\"font-weight: 400\"><span style=\"font-weight: 400\">Si vous n\u2019y parvenez pas, contactez le centre d\u2019assistance d\u2019Amaroo sur <a href=\"https:\/\/amaroo.org\/helpdesk\/\">https:\/\/amaroo.org\/helpdesk\/<\/a>.<\/span><\/li>\n<\/ul>\n<p>[\/et_pb_accordion_item][et_pb_accordion_item title=\u00a0\u00bbREMBOURSEMENT\u00a0\u00bb _builder_version=\u00a0\u00bb4.27.4&Prime; _module_preset=\u00a0\u00bbdefault\u00a0\u00bb global_colors_info=\u00a0\u00bb{}\u00a0\u00bb open=\u00a0\u00bboff\u00a0\u00bb]<\/p>\n<ul>\n<li style=\"font-weight: 400\"><span style=\"font-weight: 400\">Si vous annulez votre r\u00e9servation avant, ou le 31 juillet 2025 \u00e0 23 h, heure normale de l\u2019Est australien (AEST), 15h en France, vous serez rembours\u00e9 \u00e0 100% du co\u00fbt de votre r\u00e9servation.<\/span><\/li>\n<li style=\"font-weight: 400\"><span style=\"font-weight: 400\">Si vous annulez apr\u00e8s le 1er ao\u00fbt 2025 \u00e0 23 h (AEST), 15h en France, vous serez rembours\u00e9 \u00e0 80% du co\u00fbt de votre r\u00e9servation.<\/span><\/li>\n<li style=\"font-weight: 400\"><span style=\"font-weight: 400\">Si vous annulez apr\u00e8s le 15 ao\u00fbt 2025 (AEST), aucun remboursement ne sera effectu\u00e9.<\/span><\/li>\n<li style=\"font-weight: 400\"><span style=\"font-weight: 400\">Les dons ne sont pas remboursables.<\/span><\/li>\n<li style=\"font-weight: 400\"><span style=\"font-weight: 400\">Si votre visa est refus\u00e9 par le gouvernement australien, votre inscription sera annul\u00e9e sans frais. Veuillez pr\u00e9senter une lettre de refus.<\/span><\/li>\n<li style=\"font-weight: 400\"><span style=\"font-weight: 400\">Pour toute question suppl\u00e9mentaire, veuillez contacter le centre d\u2019assistance d\u2019Amaroo sur <a href=\"https:\/\/amaroo.org\/helpdesk\/\">https:\/\/amaroo.org\/helpdesk\/<\/a>.<\/span><\/li>\n<\/ul>\n<p>[\/et_pb_accordion_item][et_pb_accordion_item title=\u00a0\u00bbACC\u00c8S ASSIST\u00c9\u00a0\u00bb _builder_version=\u00a0\u00bb4.27.4&Prime; _module_preset=\u00a0\u00bbdefault\u00a0\u00bb global_colors_info=\u00a0\u00bb{}\u00a0\u00bb open=\u00a0\u00bboff\u00a0\u00bb]<\/p>\n<p>L&rsquo;acc\u00e8s assist\u00e9 concerne les invit\u00e9s qui utilisent un fauteuil roulant, un scooter \u00e9lectrique ou un d\u00e9ambulateur, ainsi que ceux qui rencontrent des difficult\u00e9s \u00e0 monter ou \u00e0 descendre d&rsquo;un bus. Veuillez vous inscrire pour l&rsquo;acc\u00e8s assist\u00e9 avant le 22 ao\u00fbt \u00e0 l&rsquo;adresse <a href=\"https:\/\/amaroo.org\/assisted-access\/\"><span style=\"font-weight: 400\">https:\/\/amaroo.org\/assisted-access\/<\/span><\/a>.<\/p>\n<p><\/p>\n<p>L&rsquo;\u00e9quipe charg\u00e9e de l&rsquo;acc\u00e8s assist\u00e9 vous fournira, ainsi qu&rsquo;\u00e0 votre accompagnateur, des si\u00e8ges fixes dans une zone d\u00e9di\u00e9e de l&rsquo;amphith\u00e9\u00e2tre. Pour des raisons de s\u00e9curit\u00e9, les si\u00e8ges pour les fauteuils roulants et les scooters seront situ\u00e9s \u00e0 l&rsquo;arri\u00e8re de l&rsquo;amphith\u00e9\u00e2tre, avec des si\u00e8ges pour les \u00e9ventuels accompagnateurs.<\/p>\n<p><\/p>\n<p>Un bus \u00e0 plancher surbaiss\u00e9 sera mis \u00e0 la disposition des personnes b\u00e9n\u00e9ficiant d&rsquo;une assistance pour se rendre \u00e0 l&rsquo;amphith\u00e9\u00e2tre. Pour les personnes ayant besoin de transport pour monter jusqu&rsquo;\u00e0 l&rsquo;amphith\u00e9\u00e2tre, des navettes gratuites seront mises \u00e0 leur disposition par le service des transports publics.<\/p>\n<p><\/p>\n<p>Si vous \u00eates malentendant, un canal am\u00e9lior\u00e9 en anglais sera disponible.<\/p>\n<p>[\/et_pb_accordion_item][et_pb_accordion_item title=\u00a0\u00bbTRADUCTIONS ET \u00c9COUTEURS\u00a0\u00bb _builder_version=\u00a0\u00bb4.27.4&Prime; _module_preset=\u00a0\u00bbdefault\u00a0\u00bb global_colors_info=\u00a0\u00bb{}\u00a0\u00bb open=\u00a0\u00bboff\u00a0\u00bb]<\/p>\n<p>L\u2019\u00e9v\u00e9nement se d\u00e9roulera en anglais. Les langues traduites seront confirm\u00e9es ult\u00e9rieurement.<\/p>\n<p><\/p>\n<p>Si vous \u00eates malentendant, un canal am\u00e9lior\u00e9 en anglais sera disponible.<\/p>\n<p><\/p>\n<p>Le WIFI \u00e9tant parfois peu fiable \u00e0 Amaroo, vous devez apporter votre propre radio FM \u00e9quip\u00e9e d&rsquo;\u00e9couteurs et capable de recevoir les fr\u00e9quences FM de 87,7 \u00e0 108 MHz. Il est pr\u00e9f\u00e9rable d&rsquo;utiliser une radio \u00e0 affichage num\u00e9rique pour r\u00e9glage am\u00e9lior\u00e9.<\/p>\n<p>[\/et_pb_accordion_item][et_pb_accordion_item title=\u00a0\u00bbASSISTANCE\u00a0\u00bb _builder_version=\u00a0\u00bb4.27.4&Prime; _module_preset=\u00a0\u00bbdefault\u00a0\u00bb global_colors_info=\u00a0\u00bb{}\u00a0\u00bb open=\u00a0\u00bboff\u00a0\u00bb]<\/p>\n<p>Besoin d\u2019assistance ?<\/p>\n<p><\/p>\n<ul>\n<li style=\"font-weight: 400\"><span style=\"font-weight: 400\">Rendez-vous sur <a href=\"https:\/\/amaroo.org\"><span style=\"font-weight: 400\">https:\/\/amaroo.org<\/span><\/a> pour plus d\u2019informations et d\u2019\u00e9ventuelles mises \u00e0 jour.<\/span><\/li>\n<li style=\"font-weight: 400\"><span style=\"font-weight: 400\">Si l\u2019information dont vous avez besoin n\u2019est pas disponible, contactez le centre d\u2019assistance sur <a href=\"https:\/\/amaroo.org\/helpdesk\/\"><span style=\"font-weight: 400\">https:\/\/amaroo.org\/helpdesk\/<\/span><\/a>.<\/span><\/li>\n<\/ul>\n<p><\/p>\n<p>Le centre d\u2019assistance d\u2019Amaroo ouvrira d\u00e8s que le site web d\u2019Amaroo sera en ligne.<\/p>\n<p>[\/et_pb_accordion_item][\/et_pb_accordion][\/et_pb_column][\/et_pb_row][et_pb_row _builder_version=\u00a0\u00bb4.21.0&Prime; _module_preset=\u00a0\u00bbdefault\u00a0\u00bb global_colors_info=\u00a0\u00bb{}\u00a0\u00bb][et_pb_column type=\u00a0\u00bb4_4&Prime; _builder_version=\u00a0\u00bb4.21.0&Prime; _module_preset=\u00a0\u00bbdefault\u00a0\u00bb global_colors_info=\u00a0\u00bb{}\u00a0\u00bb][et_pb_text admin_label=\u00a0\u00bbSign up here\u00a0\u00bb _builder_version=\u00a0\u00bb4.27.4&Prime; _module_preset=\u00a0\u00bbdefault\u00a0\u00bb global_colors_info=\u00a0\u00bb{}\u00a0\u00bb]<\/p>\n<p>Pour recevoir des annonces et des mises \u00e0 jour sur les \u00e9v\u00e9nements futurs avec Prem Rawat, assurez-vous d\u2019\u00eatre inscrit \u00e0 la liste de diffusion de WOPG avec votre adresse \u00e9lectronique et votre pays de r\u00e9sidence. Inscrivez-vous ci-dessous.<\/p>\n<p>[\/et_pb_text][\/et_pb_column][\/et_pb_row][\/et_pb_section]<\/p>\n","protected":false},"excerpt":{"rendered":"<p>Photo avec l&rsquo;autorisation de TimelessTodayVeuillez lire attentivement cette page qui donne des informations importantes sur l\u2019\u00e9v\u00e9nement \u00e0 venir.Vous pouvez vous r\u00e9f\u00e9rer \u00e0 https:\/\/amaroo.org pour plus d\u2019informations et des actualit\u00e9s. Le nouveau site web d\u2019Amaroo sera accessible \u00e0 partir du samedi 7 juin \u00e0 10 h (heure d\u2019Australie de l\u2019Est &#8211; AEST).O\u00d9 ET QUANDDate : Du [&hellip;]<\/p>\n","protected":false},"author":14,"featured_media":40060,"comment_status":"open","ping_status":"open","sticky":false,"template":"","format":"standard","meta":{"_et_pb_use_builder":"on","_et_pb_old_content":"","_et_gb_content_width":"","cybocfi_hide_featured_image":"","footnotes":""},"categories":[78],"tags":[],"post_folder":[],"class_list":["post-41159","post","type-post","status-publish","format-standard","has-post-thumbnail","hentry","category-recent-fr"],"yoast_head":"<!-- This site is optimized with the Yoast SEO plugin v27.3 - https:\/\/yoast.com\/product\/yoast-seo-wordpress\/ -->\n<title>8 au 12 sept 2025 : Prem Rawat \u00e0 Amaroo | Words of Peace<\/title>\n<meta name=\"robots\" content=\"index, follow, max-snippet:-1, max-image-preview:large, max-video-preview:-1\" \/>\n<link rel=\"canonical\" href=\"https:\/\/www.wopg.org\/fr\/prem-rawat-a-amaroo\/\" \/>\n<meta property=\"og:locale\" content=\"fr_FR\" \/>\n<meta property=\"og:type\" content=\"article\" \/>\n<meta property=\"og:title\" content=\"8 au 12 sept 2025 : Prem Rawat \u00e0 Amaroo | Words of Peace\" \/>\n<meta property=\"og:description\" content=\"Photo avec l&#039;autorisation de TimelessTodayVeuillez lire attentivement cette page qui donne des informations importantes sur l\u2019\u00e9v\u00e9nement \u00e0 venir.Vous pouvez vous r\u00e9f\u00e9rer \u00e0 https:\/\/amaroo.org pour plus d\u2019informations et des actualit\u00e9s. Le nouveau site web d\u2019Amaroo sera accessible \u00e0 partir du samedi 7 juin \u00e0 10 h (heure d\u2019Australie de l\u2019Est - AEST).O\u00d9 ET QUANDDate : Du [&hellip;]\" \/>\n<meta property=\"og:url\" content=\"https:\/\/www.wopg.org\/fr\/prem-rawat-a-amaroo\/\" \/>\n<meta property=\"og:site_name\" content=\"Words of Peace\" \/>\n<meta property=\"article:publisher\" content=\"https:\/\/www.facebook.com\/wordsofpeaceglobal\" \/>\n<meta property=\"article:published_time\" content=\"2025-09-08T15:42:49+00:00\" \/>\n<meta property=\"article:modified_time\" content=\"2025-09-12T17:18:05+00:00\" \/>\n<meta property=\"og:image\" content=\"https:\/\/eadn-wc03-5903292.nxedge.io\/wp-content\/uploads\/2025\/04\/240911_Amaroo_S1_cc-144-lowres_1080x608.jpg\" \/>\n\t<meta property=\"og:image:width\" content=\"1080\" \/>\n\t<meta property=\"og:image:height\" content=\"608\" \/>\n\t<meta property=\"og:image:type\" content=\"image\/jpeg\" \/>\n<meta name=\"author\" content=\"Roberto\" \/>\n<meta name=\"twitter:card\" content=\"summary_large_image\" \/>\n<meta name=\"twitter:creator\" content=\"@wopg\" \/>\n<meta name=\"twitter:site\" content=\"@wopg\" \/>\n<meta name=\"twitter:label1\" content=\"\u00c9crit par\" \/>\n\t<meta name=\"twitter:data1\" content=\"Roberto\" \/>\n\t<meta name=\"twitter:label2\" content=\"Dur\u00e9e de lecture estim\u00e9e\" \/>\n\t<meta name=\"twitter:data2\" content=\"11 minutes\" \/>\n<script type=\"application\/ld+json\" class=\"yoast-schema-graph\">{\"@context\":\"https:\\\/\\\/schema.org\",\"@graph\":[{\"@type\":\"Article\",\"@id\":\"https:\\\/\\\/www.wopg.org\\\/fr\\\/prem-rawat-a-amaroo\\\/#article\",\"isPartOf\":{\"@id\":\"https:\\\/\\\/www.wopg.org\\\/fr\\\/prem-rawat-a-amaroo\\\/\"},\"author\":{\"name\":\"Roberto\",\"@id\":\"https:\\\/\\\/www.wopg.org\\\/fr\\\/#\\\/schema\\\/person\\\/c495a5aacd2a074ce031b7fa6625b3af\"},\"headline\":\"8 au 12 sept 2025 : Prem Rawat \u00e0 Amaroo\",\"datePublished\":\"2025-09-08T15:42:49+00:00\",\"dateModified\":\"2025-09-12T17:18:05+00:00\",\"mainEntityOfPage\":{\"@id\":\"https:\\\/\\\/www.wopg.org\\\/fr\\\/prem-rawat-a-amaroo\\\/\"},\"wordCount\":2151,\"commentCount\":0,\"publisher\":{\"@id\":\"https:\\\/\\\/www.wopg.org\\\/fr\\\/#organization\"},\"image\":{\"@id\":\"https:\\\/\\\/www.wopg.org\\\/fr\\\/prem-rawat-a-amaroo\\\/#primaryimage\"},\"thumbnailUrl\":\"https:\\\/\\\/www.wopg.org\\\/wp-content\\\/uploads\\\/2025\\\/04\\\/240911_Amaroo_S1_cc-144-lowres_1080x608.jpg\",\"articleSection\":[\"Recent\"],\"inLanguage\":\"fr-FR\",\"potentialAction\":[{\"@type\":\"CommentAction\",\"name\":\"Comment\",\"target\":[\"https:\\\/\\\/www.wopg.org\\\/fr\\\/prem-rawat-a-amaroo\\\/#respond\"]}]},{\"@type\":\"WebPage\",\"@id\":\"https:\\\/\\\/www.wopg.org\\\/fr\\\/prem-rawat-a-amaroo\\\/\",\"url\":\"https:\\\/\\\/www.wopg.org\\\/fr\\\/prem-rawat-a-amaroo\\\/\",\"name\":\"8 au 12 sept 2025 : Prem Rawat \u00e0 Amaroo | Words of Peace\",\"isPartOf\":{\"@id\":\"https:\\\/\\\/www.wopg.org\\\/fr\\\/#website\"},\"primaryImageOfPage\":{\"@id\":\"https:\\\/\\\/www.wopg.org\\\/fr\\\/prem-rawat-a-amaroo\\\/#primaryimage\"},\"image\":{\"@id\":\"https:\\\/\\\/www.wopg.org\\\/fr\\\/prem-rawat-a-amaroo\\\/#primaryimage\"},\"thumbnailUrl\":\"https:\\\/\\\/www.wopg.org\\\/wp-content\\\/uploads\\\/2025\\\/04\\\/240911_Amaroo_S1_cc-144-lowres_1080x608.jpg\",\"datePublished\":\"2025-09-08T15:42:49+00:00\",\"dateModified\":\"2025-09-12T17:18:05+00:00\",\"breadcrumb\":{\"@id\":\"https:\\\/\\\/www.wopg.org\\\/fr\\\/prem-rawat-a-amaroo\\\/#breadcrumb\"},\"inLanguage\":\"fr-FR\",\"potentialAction\":[{\"@type\":\"ReadAction\",\"target\":[\"https:\\\/\\\/www.wopg.org\\\/fr\\\/prem-rawat-a-amaroo\\\/\"]}]},{\"@type\":\"ImageObject\",\"inLanguage\":\"fr-FR\",\"@id\":\"https:\\\/\\\/www.wopg.org\\\/fr\\\/prem-rawat-a-amaroo\\\/#primaryimage\",\"url\":\"https:\\\/\\\/www.wopg.org\\\/wp-content\\\/uploads\\\/2025\\\/04\\\/240911_Amaroo_S1_cc-144-lowres_1080x608.jpg\",\"contentUrl\":\"https:\\\/\\\/www.wopg.org\\\/wp-content\\\/uploads\\\/2025\\\/04\\\/240911_Amaroo_S1_cc-144-lowres_1080x608.jpg\",\"width\":1080,\"height\":608},{\"@type\":\"BreadcrumbList\",\"@id\":\"https:\\\/\\\/www.wopg.org\\\/fr\\\/prem-rawat-a-amaroo\\\/#breadcrumb\",\"itemListElement\":[{\"@type\":\"ListItem\",\"position\":1,\"name\":\"Home\",\"item\":\"https:\\\/\\\/www.wopg.org\\\/fr\\\/\"},{\"@type\":\"ListItem\",\"position\":2,\"name\":\"8 au 12 sept 2025 : Prem Rawat \u00e0 Amaroo\"}]},{\"@type\":\"WebSite\",\"@id\":\"https:\\\/\\\/www.wopg.org\\\/fr\\\/#website\",\"url\":\"https:\\\/\\\/www.wopg.org\\\/fr\\\/\",\"name\":\"Words of Peace\",\"description\":\"Practice Peace, Change Your World\",\"publisher\":{\"@id\":\"https:\\\/\\\/www.wopg.org\\\/fr\\\/#organization\"},\"potentialAction\":[{\"@type\":\"SearchAction\",\"target\":{\"@type\":\"EntryPoint\",\"urlTemplate\":\"https:\\\/\\\/www.wopg.org\\\/fr\\\/?s={search_term_string}\"},\"query-input\":{\"@type\":\"PropertyValueSpecification\",\"valueRequired\":true,\"valueName\":\"search_term_string\"}}],\"inLanguage\":\"fr-FR\"},{\"@type\":\"Organization\",\"@id\":\"https:\\\/\\\/www.wopg.org\\\/fr\\\/#organization\",\"name\":\"Words of Peace\",\"url\":\"https:\\\/\\\/www.wopg.org\\\/fr\\\/\",\"logo\":{\"@type\":\"ImageObject\",\"inLanguage\":\"fr-FR\",\"@id\":\"https:\\\/\\\/www.wopg.org\\\/fr\\\/#\\\/schema\\\/logo\\\/image\\\/\",\"url\":\"https:\\\/\\\/wopg.org\\\/wp-content\\\/uploads\\\/2022\\\/02\\\/Words-of-Peace-logo-website61x252.png\",\"contentUrl\":\"https:\\\/\\\/wopg.org\\\/wp-content\\\/uploads\\\/2022\\\/02\\\/Words-of-Peace-logo-website61x252.png\",\"width\":252,\"height\":61,\"caption\":\"Words of Peace\"},\"image\":{\"@id\":\"https:\\\/\\\/www.wopg.org\\\/fr\\\/#\\\/schema\\\/logo\\\/image\\\/\"},\"sameAs\":[\"https:\\\/\\\/www.facebook.com\\\/wordsofpeaceglobal\",\"https:\\\/\\\/x.com\\\/wopg\",\"https:\\\/\\\/www.instagram.com\\\/wopgofficial\\\/\"]},{\"@type\":\"Person\",\"@id\":\"https:\\\/\\\/www.wopg.org\\\/fr\\\/#\\\/schema\\\/person\\\/c495a5aacd2a074ce031b7fa6625b3af\",\"name\":\"Roberto\",\"image\":{\"@type\":\"ImageObject\",\"inLanguage\":\"fr-FR\",\"@id\":\"https:\\\/\\\/secure.gravatar.com\\\/avatar\\\/3a2423ab531630d32d946fa10acea4a736bd03feede76ddcc150434c8458228b?s=96&d=mm&r=g\",\"url\":\"https:\\\/\\\/secure.gravatar.com\\\/avatar\\\/3a2423ab531630d32d946fa10acea4a736bd03feede76ddcc150434c8458228b?s=96&d=mm&r=g\",\"contentUrl\":\"https:\\\/\\\/secure.gravatar.com\\\/avatar\\\/3a2423ab531630d32d946fa10acea4a736bd03feede76ddcc150434c8458228b?s=96&d=mm&r=g\",\"caption\":\"Roberto\"},\"url\":\"https:\\\/\\\/www.wopg.org\\\/fr\\\/author\\\/roberto\\\/\"}]}<\/script>\n<!-- \/ Yoast SEO plugin. -->","yoast_head_json":{"title":"8 au 12 sept 2025 : Prem Rawat \u00e0 Amaroo | Words of Peace","robots":{"index":"index","follow":"follow","max-snippet":"max-snippet:-1","max-image-preview":"max-image-preview:large","max-video-preview":"max-video-preview:-1"},"canonical":"https:\/\/www.wopg.org\/fr\/prem-rawat-a-amaroo\/","og_locale":"fr_FR","og_type":"article","og_title":"8 au 12 sept 2025 : Prem Rawat \u00e0 Amaroo | Words of Peace","og_description":"Photo avec l'autorisation de TimelessTodayVeuillez lire attentivement cette page qui donne des informations importantes sur l\u2019\u00e9v\u00e9nement \u00e0 venir.Vous pouvez vous r\u00e9f\u00e9rer \u00e0 https:\/\/amaroo.org pour plus d\u2019informations et des actualit\u00e9s. Le nouveau site web d\u2019Amaroo sera accessible \u00e0 partir du samedi 7 juin \u00e0 10 h (heure d\u2019Australie de l\u2019Est - AEST).O\u00d9 ET QUANDDate : Du [&hellip;]","og_url":"https:\/\/www.wopg.org\/fr\/prem-rawat-a-amaroo\/","og_site_name":"Words of Peace","article_publisher":"https:\/\/www.facebook.com\/wordsofpeaceglobal","article_published_time":"2025-09-08T15:42:49+00:00","article_modified_time":"2025-09-12T17:18:05+00:00","og_image":[{"width":1080,"height":608,"url":"https:\/\/eadn-wc03-5903292.nxedge.io\/wp-content\/uploads\/2025\/04\/240911_Amaroo_S1_cc-144-lowres_1080x608.jpg","type":"image\/jpeg"}],"author":"Roberto","twitter_card":"summary_large_image","twitter_creator":"@wopg","twitter_site":"@wopg","twitter_misc":{"\u00c9crit par":"Roberto","Dur\u00e9e de lecture estim\u00e9e":"11 minutes"},"schema":{"@context":"https:\/\/schema.org","@graph":[{"@type":"Article","@id":"https:\/\/www.wopg.org\/fr\/prem-rawat-a-amaroo\/#article","isPartOf":{"@id":"https:\/\/www.wopg.org\/fr\/prem-rawat-a-amaroo\/"},"author":{"name":"Roberto","@id":"https:\/\/www.wopg.org\/fr\/#\/schema\/person\/c495a5aacd2a074ce031b7fa6625b3af"},"headline":"8 au 12 sept 2025 : Prem Rawat \u00e0 Amaroo","datePublished":"2025-09-08T15:42:49+00:00","dateModified":"2025-09-12T17:18:05+00:00","mainEntityOfPage":{"@id":"https:\/\/www.wopg.org\/fr\/prem-rawat-a-amaroo\/"},"wordCount":2151,"commentCount":0,"publisher":{"@id":"https:\/\/www.wopg.org\/fr\/#organization"},"image":{"@id":"https:\/\/www.wopg.org\/fr\/prem-rawat-a-amaroo\/#primaryimage"},"thumbnailUrl":"https:\/\/eadn-wc03-5903292.nxedge.io\/wp-content\/uploads\/2025\/04\/240911_Amaroo_S1_cc-144-lowres_1080x608.jpg","articleSection":["Recent"],"inLanguage":"fr-FR","potentialAction":[{"@type":"CommentAction","name":"Comment","target":["https:\/\/www.wopg.org\/fr\/prem-rawat-a-amaroo\/#respond"]}]},{"@type":"WebPage","@id":"https:\/\/www.wopg.org\/fr\/prem-rawat-a-amaroo\/","url":"https:\/\/www.wopg.org\/fr\/prem-rawat-a-amaroo\/","name":"8 au 12 sept 2025 : Prem Rawat \u00e0 Amaroo | Words of Peace","isPartOf":{"@id":"https:\/\/www.wopg.org\/fr\/#website"},"primaryImageOfPage":{"@id":"https:\/\/www.wopg.org\/fr\/prem-rawat-a-amaroo\/#primaryimage"},"image":{"@id":"https:\/\/www.wopg.org\/fr\/prem-rawat-a-amaroo\/#primaryimage"},"thumbnailUrl":"https:\/\/eadn-wc03-5903292.nxedge.io\/wp-content\/uploads\/2025\/04\/240911_Amaroo_S1_cc-144-lowres_1080x608.jpg","datePublished":"2025-09-08T15:42:49+00:00","dateModified":"2025-09-12T17:18:05+00:00","breadcrumb":{"@id":"https:\/\/www.wopg.org\/fr\/prem-rawat-a-amaroo\/#breadcrumb"},"inLanguage":"fr-FR","potentialAction":[{"@type":"ReadAction","target":["https:\/\/www.wopg.org\/fr\/prem-rawat-a-amaroo\/"]}]},{"@type":"ImageObject","inLanguage":"fr-FR","@id":"https:\/\/www.wopg.org\/fr\/prem-rawat-a-amaroo\/#primaryimage","url":"https:\/\/eadn-wc03-5903292.nxedge.io\/wp-content\/uploads\/2025\/04\/240911_Amaroo_S1_cc-144-lowres_1080x608.jpg","contentUrl":"https:\/\/eadn-wc03-5903292.nxedge.io\/wp-content\/uploads\/2025\/04\/240911_Amaroo_S1_cc-144-lowres_1080x608.jpg","width":1080,"height":608},{"@type":"BreadcrumbList","@id":"https:\/\/www.wopg.org\/fr\/prem-rawat-a-amaroo\/#breadcrumb","itemListElement":[{"@type":"ListItem","position":1,"name":"Home","item":"https:\/\/www.wopg.org\/fr\/"},{"@type":"ListItem","position":2,"name":"8 au 12 sept 2025 : Prem Rawat \u00e0 Amaroo"}]},{"@type":"WebSite","@id":"https:\/\/www.wopg.org\/fr\/#website","url":"https:\/\/www.wopg.org\/fr\/","name":"Words of Peace","description":"Practice Peace, Change Your World","publisher":{"@id":"https:\/\/www.wopg.org\/fr\/#organization"},"potentialAction":[{"@type":"SearchAction","target":{"@type":"EntryPoint","urlTemplate":"https:\/\/www.wopg.org\/fr\/?s={search_term_string}"},"query-input":{"@type":"PropertyValueSpecification","valueRequired":true,"valueName":"search_term_string"}}],"inLanguage":"fr-FR"},{"@type":"Organization","@id":"https:\/\/www.wopg.org\/fr\/#organization","name":"Words of Peace","url":"https:\/\/www.wopg.org\/fr\/","logo":{"@type":"ImageObject","inLanguage":"fr-FR","@id":"https:\/\/www.wopg.org\/fr\/#\/schema\/logo\/image\/","url":"https:\/\/wopg.org\/wp-content\/uploads\/2022\/02\/Words-of-Peace-logo-website61x252.png","contentUrl":"https:\/\/wopg.org\/wp-content\/uploads\/2022\/02\/Words-of-Peace-logo-website61x252.png","width":252,"height":61,"caption":"Words of Peace"},"image":{"@id":"https:\/\/www.wopg.org\/fr\/#\/schema\/logo\/image\/"},"sameAs":["https:\/\/www.facebook.com\/wordsofpeaceglobal","https:\/\/x.com\/wopg","https:\/\/www.instagram.com\/wopgofficial\/"]},{"@type":"Person","@id":"https:\/\/www.wopg.org\/fr\/#\/schema\/person\/c495a5aacd2a074ce031b7fa6625b3af","name":"Roberto","image":{"@type":"ImageObject","inLanguage":"fr-FR","@id":"https:\/\/secure.gravatar.com\/avatar\/3a2423ab531630d32d946fa10acea4a736bd03feede76ddcc150434c8458228b?s=96&d=mm&r=g","url":"https:\/\/secure.gravatar.com\/avatar\/3a2423ab531630d32d946fa10acea4a736bd03feede76ddcc150434c8458228b?s=96&d=mm&r=g","contentUrl":"https:\/\/secure.gravatar.com\/avatar\/3a2423ab531630d32d946fa10acea4a736bd03feede76ddcc150434c8458228b?s=96&d=mm&r=g","caption":"Roberto"},"url":"https:\/\/www.wopg.org\/fr\/author\/roberto\/"}]}},"_links":{"self":[{"href":"https:\/\/www.wopg.org\/fr\/wp-json\/wp\/v2\/posts\/41159","targetHints":{"allow":["GET"]}}],"collection":[{"href":"https:\/\/www.wopg.org\/fr\/wp-json\/wp\/v2\/posts"}],"about":[{"href":"https:\/\/www.wopg.org\/fr\/wp-json\/wp\/v2\/types\/post"}],"author":[{"embeddable":true,"href":"https:\/\/www.wopg.org\/fr\/wp-json\/wp\/v2\/users\/14"}],"replies":[{"embeddable":true,"href":"https:\/\/www.wopg.org\/fr\/wp-json\/wp\/v2\/comments?post=41159"}],"version-history":[{"count":34,"href":"https:\/\/www.wopg.org\/fr\/wp-json\/wp\/v2\/posts\/41159\/revisions"}],"predecessor-version":[{"id":43576,"href":"https:\/\/www.wopg.org\/fr\/wp-json\/wp\/v2\/posts\/41159\/revisions\/43576"}],"wp:featuredmedia":[{"embeddable":true,"href":"https:\/\/www.wopg.org\/fr\/wp-json\/wp\/v2\/media\/40060"}],"wp:attachment":[{"href":"https:\/\/www.wopg.org\/fr\/wp-json\/wp\/v2\/media?parent=41159"}],"wp:term":[{"taxonomy":"category","embeddable":true,"href":"https:\/\/www.wopg.org\/fr\/wp-json\/wp\/v2\/categories?post=41159"},{"taxonomy":"post_tag","embeddable":true,"href":"https:\/\/www.wopg.org\/fr\/wp-json\/wp\/v2\/tags?post=41159"},{"taxonomy":"post_folder","embeddable":true,"href":"https:\/\/www.wopg.org\/fr\/wp-json\/wp\/v2\/post_folder?post=41159"}],"curies":[{"name":"wp","href":"https:\/\/api.w.org\/{rel}","templated":true}]}}