{"id":42909,"date":"2025-08-02T08:06:38","date_gmt":"2025-08-02T08:06:38","guid":{"rendered":"https:\/\/www.wopg.org\/?p=42909"},"modified":"2025-08-03T16:18:43","modified_gmt":"2025-08-03T16:18:43","slug":"prem-rawat-a-montreal","status":"publish","type":"post","link":"https:\/\/www.wopg.org\/fr\/prem-rawat-a-montreal\/","title":{"rendered":"2 ao\u00fbt 2025 \u2013 Prem Rawat \u00e0 Montr\u00e9al"},"content":{"rendered":"<p>[et_pb_section fb_built=\u00a0\u00bb1&Prime; _builder_version=\u00a0\u00bb4.17.4&Prime; _module_preset=\u00a0\u00bbdefault\u00a0\u00bb custom_margin=\u00a0\u00bb-50px||||false|false\u00a0\u00bb custom_padding=\u00a0\u00bb0px||0px||false|false\u00a0\u00bb global_colors_info=\u00a0\u00bb{}\u00a0\u00bb][et_pb_row _builder_version=\u00a0\u00bb4.17.4&Prime; _module_preset=\u00a0\u00bbdefault\u00a0\u00bb custom_padding=\u00a0\u00bb0px||||false|false\u00a0\u00bb global_colors_info=\u00a0\u00bb{}\u00a0\u00bb][et_pb_column type=\u00a0\u00bb4_4&Prime; _builder_version=\u00a0\u00bb4.17.4&Prime; _module_preset=\u00a0\u00bbdefault\u00a0\u00bb global_colors_info=\u00a0\u00bb{}\u00a0\u00bb][et_pb_text _builder_version=\u00a0\u00bb4.27.4&Prime; _module_preset=\u00a0\u00bbdefault\u00a0\u00bb global_colors_info=\u00a0\u00bb{}\u00a0\u00bb]<\/p>\n<h6 style=\"text-align: center\"><span>Photo avec l\u2019autorisation de TimelessToday<\/span><\/h6>\n<p>[\/et_pb_text][\/et_pb_column][\/et_pb_row][\/et_pb_section][et_pb_section fb_built=\u00a0\u00bb1&Prime; disabled_on=\u00a0\u00bboff|off|off\u00a0\u00bb admin_label=\u00a0\u00bbFull event details\u00a0\u00bb _builder_version=\u00a0\u00bb4.27.2&Prime; _module_preset=\u00a0\u00bbdefault\u00a0\u00bb custom_padding=\u00a0\u00bb0px||||false|false\u00a0\u00bb locked=\u00a0\u00bboff\u00a0\u00bb collapsed=\u00a0\u00bboff\u00a0\u00bb global_colors_info=\u00a0\u00bb{}\u00a0\u00bb][et_pb_row _builder_version=\u00a0\u00bb4.21.0&Prime; _module_preset=\u00a0\u00bbdefault\u00a0\u00bb custom_padding=\u00a0\u00bb0px||||false|false\u00a0\u00bb custom_css_main_element=\u00a0\u00bbdisplay: flex;||flex-wrap: wrap;||justify-content: center;\u00a0\u00bb global_colors_info=\u00a0\u00bb{}\u00a0\u00bb][et_pb_column type=\u00a0\u00bb4_4&Prime; _builder_version=\u00a0\u00bb4.21.0&Prime; _module_preset=\u00a0\u00bbdefault\u00a0\u00bb global_colors_info=\u00a0\u00bb{}\u00a0\u00bb][et_pb_text admin_label=\u00a0\u00bbWHEN AND WHERE\u00a0\u00bb _builder_version=\u00a0\u00bb4.27.4&Prime; _module_preset=\u00a0\u00bbdefault\u00a0\u00bb header_2_text_align=\u00a0\u00bbleft\u00a0\u00bb header_3_text_align=\u00a0\u00bbleft\u00a0\u00bb header_2_text_align_tablet=\u00a0\u00bbleft\u00a0\u00bb header_2_text_align_phone=\u00a0\u00bbcenter\u00a0\u00bb header_2_text_align_last_edited=\u00a0\u00bbon|desktop\u00a0\u00bb header_2_font_size_tablet=\u00a0\u00bb\u00a0\u00bb header_2_font_size_phone=\u00a0\u00bb2em\u00a0\u00bb header_2_font_size_last_edited=\u00a0\u00bbon|desktop\u00a0\u00bb header_3_text_align_tablet=\u00a0\u00bbleft\u00a0\u00bb header_3_text_align_phone=\u00a0\u00bbcenter\u00a0\u00bb header_3_text_align_last_edited=\u00a0\u00bbon|desktop\u00a0\u00bb header_3_font_size_phone=\u00a0\u00bb1.1em\u00a0\u00bb custom_css_free_form=\u00a0\u00bb.selector .et_pb_text_inner h2 {||  margin-bottom: 3px;||}||||.selector .et_pb_text_inner h3 {||  margin-bottom: 1.5rem;||}\u00a0\u00bb global_colors_info=\u00a0\u00bb{}\u00a0\u00bb content__hover_enabled=\u00a0\u00bboff|desktop\u00a0\u00bb]<\/p>\n<p><em>Veuillez lire attentivement cette page pour obtenir des informations importantes sur la conf\u00e9rence \u00e0 venir. Vous pourrez vous y r\u00e9f\u00e9rer pour organiser votre venue.<\/em><\/p>\n<h4>QUAND ET O\u00d9<\/h4>\n<p><strong>Date&nbsp;: <\/strong><span style=\"font-weight: 400\">samedi 2 ao\u00fbt 2025<\/span><\/p>\n<p><strong>Heure&nbsp;:<\/strong><span style=\"font-weight: 400\"> L\u2019\u00e9v\u00e9nement commencera \u00e0 15 h EDT (heure de Montr\u00e9al), (21 h en France).<br \/>\nLes portes du hall ouvrent \u00e0 13 h. Fin de la conf\u00e9rence vers 17 h EDT.<br \/>\n<\/span><\/p>\n<p><strong>Salle&nbsp;:<\/strong><span style=\"font-weight: 400\"><a href=\"https:\/\/www.marriott.com\/en-us\/hotels\/yulma-montreal-airport-marriott-in-terminal-hotel\/overview\/\" target=\"_blank\" rel=\"noopener\"> Montreal Airport Marriott In-Terminal Hotel<\/a><\/span>.<\/p>\n<p><strong>Adresse&nbsp;:<\/strong><span style=\"font-weight: 400\"> 800 Pl Leigh-Capreol, Dorval, QC H4Y 0A4, Canada<\/span><\/p>\n<p><a href=\"https:\/\/www.google.com\/maps\/place\/Montreal+Airport+Marriott+In-Terminal+Hotel\/@45.4560615,-73.7524292,604m\/data=!3m2!1e3!5s0x4cc93d8517885af1:0x4f032de4a9557d6c!4m9!3m8!1s0x4cc93d8fece90969:0x68bdc6c8de26f0b!5m2!4m1!1i2!8m2!3d45.4560615!4d-73.7524292!16s%2Fg%2F1tfpp9q8?entry=ttu&#038;g_ep=EgoyMDI1MDcxMy4wIKXMDSoASAFQAw%3D%3D\" target=\"_blank\" rel=\"noopener\">Directions, parking et transports publics<\/a><\/p>\n<p>[\/et_pb_text][et_pb_text admin_label=\u00a0\u00bbWHO IS INVITED\u00a0\u00bb _builder_version=\u00a0\u00bb4.27.4&Prime; _module_preset=\u00a0\u00bbdefault\u00a0\u00bb global_colors_info=\u00a0\u00bb{}\u00a0\u00bb]<\/p>\n<h4>QUI EST INVIT\u00c9<\/h4>\n<p>Toute personne int\u00e9ress\u00e9e par Prem Rawat et son message est bienvenue.<\/a><\/p>\n<p>[\/et_pb_text][et_pb_text admin_label=\u00a0\u00bbWHO IS INVITED &#8211; CHILDREN\u00a0\u00bb _builder_version=\u00a0\u00bb4.27.4&Prime; _module_preset=\u00a0\u00bbdefault\u00a0\u00bb global_colors_info=\u00a0\u00bb{}\u00a0\u00bb]<\/p>\n<h4>LES ENFANTS<\/h4>\n<p>Cet \u00e9v\u00e9nement ne convient pas aux enfants de moins de 10 ans.<\/p>\n<p>[\/et_pb_text][et_pb_text admin_label=\u00a0\u00bbPURCHASE OF TICKETS\u00a0\u00bb _builder_version=\u00a0\u00bb4.27.4&Prime; _module_preset=\u00a0\u00bbdefault\u00a0\u00bb global_colors_info=\u00a0\u00bb{}\u00a0\u00bb]<\/p>\n<h4>BILLETS<\/h4>\n<p><strong>Les billets seront en vente le 24 juillet \u00e0 10 h EDT (16 h en France).<\/strong><\/p>\n<p><span style=\"font-weight: 400\">En entrant dans la salle, pensez \u00e0 avoir votre billet imprim\u00e9 ou votre billet \u00e9lectronique visible sur votre t\u00e9l\u00e9phone avec le Code QR affich\u00e9.<\/span><\/p>\n<p><span style=\"font-weight: 400\">Si vous ne pouvez pas acheter un billet pour quelque raison que ce soit, veuillez envoyer un courriel \u00e0 <a href=\"mailto:info@conventionplus.org\">info@conventionplus.org<\/a><\/span>.<\/p>\n<p>[\/et_pb_text][et_pb_text admin_label=\u00a0\u00bbTicket Prices\u00a0\u00bb _builder_version=\u00a0\u00bb4.27.4&Prime; _module_preset=\u00a0\u00bbdefault\u00a0\u00bb locked=\u00a0\u00bboff\u00a0\u00bb global_colors_info=\u00a0\u00bb{}\u00a0\u00bb]<\/p>\n<p><strong>Prix des billets<\/strong><\/p>\n<ul>\n<li class=\"p1\">250 dollars canadiens + frais de traitement<\/li>\n<li class=\"p1\">150 dollars canadiens + frais de traitement<\/li>\n<li class=\"p1\"> &ensp;50 dollars canadiens + frais de traitement<\/li>\n<li style=\"list-style-type: none\">\u00a0<\/li>\n<\/ul>\n<p><span style=\"font-weight: 400\">Chaque personne pourra acheter <\/span><b>2 billets<\/b><span style=\"font-weight: 400\">. Cependant, veuillez n\u2019acheter que les billets qui seront utilis\u00e9s.<\/span><\/p>\n<p><strong>Pour des raisons logistiques, veuillez vous installer 10 minutes avant le d\u00e9but de l&rsquo;\u00e9v\u00e9nement afin de r\u00e9server votre place.<\/strong><\/p>\n<p><strong>Il n\u2019y aura pas de remboursement.<\/strong><\/p>\n<p>[\/et_pb_text][et_pb_text disabled_on=\u00a0\u00bboff|off|off\u00a0\u00bb _builder_version=\u00a0\u00bb4.27.4&Prime; _module_preset=\u00a0\u00bbdefault\u00a0\u00bb hover_enabled=\u00a0\u00bb0&Prime; global_colors_info=\u00a0\u00bb{}\u00a0\u00bb sticky_enabled=\u00a0\u00bb0&Prime;]<\/p>\n<p style=\"text-align: center\"><font color=\"#ff0000\">V\u00e9rifiez r\u00e9guli\u00e8rement pour voir s&rsquo;il reste des places disponibles<\/font><\/p>\n<p>[\/et_pb_text][et_pb_button button_url=\u00a0\u00bbhttps:\/\/conventionplus.ticketspice.com\/prem-rawat-in-montreal-august-2025&Prime; url_new_window=\u00a0\u00bbon\u00a0\u00bb button_text=\u00a0\u00bbVente de billet(s)\u00a0\u00bb button_alignment=\u00a0\u00bbcenter\u00a0\u00bb disabled_on=\u00a0\u00bboff|off|off\u00a0\u00bb admin_label=\u00a0\u00bbPurchase Ticket(s)\u00a0\u00bb _builder_version=\u00a0\u00bb4.27.4&Prime; _module_preset=\u00a0\u00bbdefault\u00a0\u00bb custom_button=\u00a0\u00bbon\u00a0\u00bb button_bg_color=\u00a0\u00bb#008B73&Prime; button_border_width=\u00a0\u00bb0px\u00a0\u00bb button_border_radius=\u00a0\u00bb8px\u00a0\u00bb background_layout=\u00a0\u00bbdark\u00a0\u00bb custom_padding=\u00a0\u00bb10px|49px|10px|49px|true|true\u00a0\u00bb global_colors_info=\u00a0\u00bb{}\u00a0\u00bb][\/et_pb_button][et_pb_button button_url=\u00a0\u00bb#\u00a0\u00bb button_text=\u00a0\u00bbIl ne reste plus de billet\u00a0\u00bb button_alignment=\u00a0\u00bbcenter\u00a0\u00bb disabled_on=\u00a0\u00bbon|on|on\u00a0\u00bb admin_label=\u00a0\u00bbSold Out button\u00a0\u00bb _builder_version=\u00a0\u00bb4.27.4&Prime; _module_preset=\u00a0\u00bbdefault\u00a0\u00bb custom_button=\u00a0\u00bbon\u00a0\u00bb button_bg_color=\u00a0\u00bb#E02B20&Prime; button_border_width=\u00a0\u00bb0px\u00a0\u00bb button_border_radius=\u00a0\u00bb8px\u00a0\u00bb background_layout=\u00a0\u00bbdark\u00a0\u00bb custom_padding=\u00a0\u00bb10px|58px|10px|58px|true|true\u00a0\u00bb disabled=\u00a0\u00bbon\u00a0\u00bb global_colors_info=\u00a0\u00bb{}\u00a0\u00bb][\/et_pb_button][et_pb_button button_url=\u00a0\u00bb#soon\u00a0\u00bb button_text=\u00a0\u00bbBillets bient\u00f4t disponibles\u00a0\u00bb button_alignment=\u00a0\u00bbcenter\u00a0\u00bb disabled_on=\u00a0\u00bbon|on|on\u00a0\u00bb admin_label=\u00a0\u00bbSoon Available button\u00a0\u00bb module_id=\u00a0\u00bbsoon\u00a0\u00bb _builder_version=\u00a0\u00bb4.27.4&Prime; _module_preset=\u00a0\u00bbdefault\u00a0\u00bb custom_button=\u00a0\u00bbon\u00a0\u00bb button_text_color=\u00a0\u00bb#FFFFFF\u00a0\u00bb button_bg_color=\u00a0\u00bbRGBA(255,196,89,0.8)\u00a0\u00bb button_border_width=\u00a0\u00bb0px\u00a0\u00bb button_border_radius=\u00a0\u00bb8px\u00a0\u00bb background_layout=\u00a0\u00bbdark\u00a0\u00bb custom_padding=\u00a0\u00bb10px|30px|10px|30px|true|true\u00a0\u00bb disabled=\u00a0\u00bbon\u00a0\u00bb global_colors_info=\u00a0\u00bb{}\u00a0\u00bb][\/et_pb_button][et_pb_text disabled_on=\u00a0\u00bboff|off|off\u00a0\u00bb _builder_version=\u00a0\u00bb4.27.4&Prime; _module_preset=\u00a0\u00bbdefault\u00a0\u00bb text_orientation=\u00a0\u00bbcenter\u00a0\u00bb locked=\u00a0\u00bboff\u00a0\u00bb global_colors_info=\u00a0\u00bb{}\u00a0\u00bb]<\/p>\n<div class=\"et_pb_row et_pb_row_0\">\n<div class=\"et_pb_column et_pb_column_4_4 et_pb_column_0 et_pb_css_mix_blend_mode_passthrough et-last-child\">\n<div class=\"et_pb_module et_pb_text et_pb_text_0 et_pb_text_align_left et_pb_bg_layout_light\">\n<div class=\"et_pb_text_inner\" style=\"text-align: center\"><em>(une fois la vente de billets ouverte, appuyez sur le bouton ci-dessus pour y acc\u00e9der directement)<\/em><\/div>\n<\/div>\n<\/div>\n<\/div>\n<p>[\/et_pb_text][et_pb_text admin_label=\u00a0\u00bbDO NOT RECORD OR FILM THE EVENT\u00a0\u00bb _builder_version=\u00a0\u00bb4.27.4&Prime; _module_preset=\u00a0\u00bbdefault\u00a0\u00bb locked=\u00a0\u00bboff\u00a0\u00bb global_colors_info=\u00a0\u00bb{}\u00a0\u00bb]<\/p>\n<h4>NE PAS ENREGISTRER OU FILMER L\u2019\u00c9V\u00c9NEMENT<\/h4>\n<p>L&rsquo;enregistrement officiel est prot\u00e9g\u00e9 par copyright. Toute personne surprise \u00e0 enregistrer sera pri\u00e9e d\u2019arr\u00eater. Si elle continue, elle sera expuls\u00e9e de la salle.<\/p>\n<p>L&rsquo;\u00e9v\u00e9nement sera film\u00e9. En achetant un billet, vous acceptez d&rsquo;\u00eatre film\u00e9 et vous donnez votre accord pour que votre image, votre voix, soient inclus dans les m\u00e9dias sociaux, les supports photographiques, audios, vid\u00e9os ou autres. Si vous achetez un billet pour une autre personne, sa venue \u00e0 l\u2019\u00e9v\u00e9nement constitue le m\u00eame accord et la m\u00eame autorisation.<\/p>\n<p><strong>Un contr\u00f4le de s\u00e9curit\u00e9 sera effectu\u00e9 \u00e0 l\u2019entr\u00e9e du b\u00e2timent. Les bagages, les sacs \u00e0 dos ou les sacs de grande taille ne seront pas autoris\u00e9s \u00e0 l\u2019int\u00e9rieur de la salle<\/strong>.<\/p>\n<p><em><strong>Remarque&nbsp;<\/strong>: Il est recommand\u00e9 de ne pas organiser son voyage avant d\u2019avoir achet\u00e9 son ou ses billets car le nombre de places demand\u00e9es peut exc\u00e9der la capacit\u00e9 de la salle<\/em>.<\/p>\n<p><em><strong>Voyageurs \u00e9trangers&nbsp;<\/strong>: Il n\u2019y a pas de restrictions de voyage au Canada, mais veuillez vous renseigner sur les conditions de voyage qui pourraient vous concerner<\/em>.<\/p>\n<p>[\/et_pb_text][et_pb_accordion open_toggle_background_color=\u00a0\u00bbRGBA(255,255,255,0)\u00a0\u00bb icon_color=\u00a0\u00bb#008B73&Prime; use_icon_font_size=\u00a0\u00bbon\u00a0\u00bb icon_font_size=\u00a0\u00bb20px\u00a0\u00bb _builder_version=\u00a0\u00bb4.27.4&Prime; _module_preset=\u00a0\u00bbdefault\u00a0\u00bb border_color_all=\u00a0\u00bbRGBA(255,255,255,0)\u00a0\u00bb border_color_bottom=\u00a0\u00bb#008B73&Prime; global_colors_info=\u00a0\u00bb{}\u00a0\u00bb][et_pb_accordion_item title=\u00a0\u00bbAIDE \u00c0 L\u2019ACHAT DE BILLETS\u00a0\u00bb open=\u00a0\u00bbon\u00a0\u00bb _builder_version=\u00a0\u00bb4.27.4&Prime; _module_preset=\u00a0\u00bbdefault\u00a0\u00bb global_colors_info=\u00a0\u00bb{}\u00a0\u00bb]<\/p>\n<p>L\u2019achat en ligne des billets peut se faire sur ordinateur, tablette ou t\u00e9l\u00e9phone. Il est recommand\u00e9 de vider l\u2019historique de votre navigateur internet avant de commencer l\u2019achat.<\/p>\n<p>Il se peut que vous rencontriez des probl\u00e8mes lors du processus d&rsquo;achat de billets en ligne. Une forte demande peut g\u00e9n\u00e9rer un message automatique indiquant \u2018no seats available\u2019 (aucun si\u00e8ge disponible), ce qui ne signifie pas que l&rsquo;\u00e9v\u00e9nement est complet.<\/p>\n<p>Veuillez consid\u00e9rer ce qui suit&nbsp;:<br \/>\u2013\tv\u00e9rifiez sur le site <a href=\"https:\/\/www.wopg.org\/fr\/\">www.wopg.org<\/a>\u00a0si l&rsquo;\u00e9v\u00e9nement est complet<br \/>\u2013 attendez quelques instants et recommencez<br \/>\u2013 r\u00e9essayez sur un autre appareil<br \/>\u2013 si vous n&rsquo;y parvenez pas, envoyez un courriel \u00e0  <a href=\"mailto:info@conventionplus.org\"><span style=\"font-weight: 400\">info@conventionplus.org<\/span><\/a>.<\/p>\n<p>[\/et_pb_accordion_item][et_pb_accordion_item title=\u00a0\u00bbTOUS LES BILLETS ONT \u00c9T\u00c9 VENDUS&nbsp;?\u00a0\u00bb _builder_version=\u00a0\u00bb4.27.4&Prime; _module_preset=\u00a0\u00bbdefault\u00a0\u00bb global_colors_info=\u00a0\u00bb{}\u00a0\u00bb open=\u00a0\u00bboff\u00a0\u00bb]<\/p>\n<p>Si les billets sont tous vendus lorsque vous essayez d&rsquo;effectuer un achat, recommencez quelques heures plus tard, car les billets ayant \u00e9t\u00e9 r\u00e9serv\u00e9s peuvent \u00eatre \u00e0 nouveau disponibles. Si vous souhaitez vous renseigner sur un \u00e9ventuel retour de billets, veuillez contacter&nbsp;: <a href=\"mailto:info@conventionplus.org\"><span style=\"font-weight: 400\">info@conventionplus.org<\/span><\/a>.<\/p>\n<p>Si aucun billet n\u2019a \u00e9t\u00e9 rendu, vous serez inscrit sur une liste d\u2019attente.<\/p>\n<p>[\/et_pb_accordion_item][et_pb_accordion_item title=\u00a0\u00bbRETOUR DES BILLETS NON UTILIS\u00c9S\u00a0\u00bb _builder_version=\u00a0\u00bb4.27.4&Prime; _module_preset=\u00a0\u00bbdefault\u00a0\u00bb global_colors_info=\u00a0\u00bb{}\u00a0\u00bb open=\u00a0\u00bboff\u00a0\u00bb]<\/p>\n<p>Si vos projets changent et que vous avez un billet non utilis\u00e9, veuillez envoyer une version \u00e9lectronique de votre billet \u00e0 <a href=\"mailto:info@conventionplus.org\"><span style=\"font-weight: 400\">info@conventionplus.org<\/span><\/a>.<\/p>\n<p>Les billets rendus \u00e0 cette adresse seront r\u00e9attribu\u00e9s \u00e0 d&rsquo;autres personnes souhaitant assister \u00e0 cet \u00e9v\u00e9nement selon le principe du premier arriv\u00e9, premier servi.<\/p>\n<p>Il n\u2019y aura pas de remboursement.<\/p>\n<p>[\/et_pb_accordion_item][et_pb_accordion_item title=\u00a0\u00bbBESOIN SP\u00c9CIAUX\u00a0\u00bb _builder_version=\u00a0\u00bb4.27.4&Prime; _module_preset=\u00a0\u00bbdefault\u00a0\u00bb global_colors_info=\u00a0\u00bb{}\u00a0\u00bb open=\u00a0\u00bboff\u00a0\u00bb]<\/p>\n<p>Un soutien sera apport\u00e9 aux personnes se d\u00e9pla\u00e7ant en fauteuil roulant.<\/p>\n<p>Si vous avez des difficult\u00e9s \u00e0 acheter un espace pour le fauteuil roulant ou pour la place de l\u2019accompagnateur, veuillez envoyer un courriel \u00e0 <a href=\"mailto:info@conventionplus.org\"><span style=\"font-weight: 400\">info@conventionplus.org<\/span><\/a>.<\/p>\n<p>Si vous \u00eates malentendant, un canal en anglais augment\u00e9 sera disponible. Les casques de traduction seront disponibles dans le hall contre une pi\u00e8ce d\u2019identit\u00e9.<\/p>\n<p>[\/et_pb_accordion_item][et_pb_accordion_item title=\u00a0\u00bbTRADUCTION\u00a0\u00bb _builder_version=\u00a0\u00bb4.27.4&Prime; _module_preset=\u00a0\u00bbdefault\u00a0\u00bb global_colors_info=\u00a0\u00bb{}\u00a0\u00bb open=\u00a0\u00bboff\u00a0\u00bb]<\/p>\n<p>La conf\u00e9rence est en anglais. Des traductions seront assur\u00e9es en fran\u00e7ais. Le hindi et le tamoul pourront \u00eatre ajout\u00e9s s\u2019il y a suffisamment de demande.<\/p>\n<p>Les casques de traduction seront disponibles dans le hall contre une pi\u00e8ce d\u2019identit\u00e9.<\/p>\n<p>[\/et_pb_accordion_item][et_pb_accordion_item title=\u00a0\u00bbBAGAGES\u00a0\u00bb _builder_version=\u00a0\u00bb4.27.4&Prime; _module_preset=\u00a0\u00bbdefault\u00a0\u00bb global_colors_info=\u00a0\u00bb{}\u00a0\u00bb open=\u00a0\u00bboff\u00a0\u00bb]<\/p>\n<p class=\"p1\">Les bagages, sacs \u00e0 dos ou sacs trop grands ne sont pas autoris\u00e9s dans la salle.<\/p>\n<p class=\"p1\">Il n\u2019y a pas de vestiaire.<\/p>\n<p>[\/et_pb_accordion_item][et_pb_accordion_item title=\u00a0\u00bbASSISTANCE\u00a0\u00bb _builder_version=\u00a0\u00bb4.27.4&Prime; _module_preset=\u00a0\u00bbdefault\u00a0\u00bb global_colors_info=\u00a0\u00bb{}\u00a0\u00bb open=\u00a0\u00bboff\u00a0\u00bb]<\/p>\n<p>Besoin d\u2019assistance ?<\/p>\n<p>Contactez <a href=\"mailto:info@conventionplus.org\"><span style=\"font-weight: 400\">info@conventionplus.org<\/a><\/p>\n<p>[\/et_pb_accordion_item][\/et_pb_accordion][\/et_pb_column][\/et_pb_row][et_pb_row _builder_version=\u00a0\u00bb4.21.0&Prime; _module_preset=\u00a0\u00bbdefault\u00a0\u00bb global_colors_info=\u00a0\u00bb{}\u00a0\u00bb][et_pb_column type=\u00a0\u00bb4_4&Prime; _builder_version=\u00a0\u00bb4.21.0&Prime; _module_preset=\u00a0\u00bbdefault\u00a0\u00bb global_colors_info=\u00a0\u00bb{}\u00a0\u00bb][et_pb_text admin_label=\u00a0\u00bbSign up here\u00a0\u00bb _builder_version=\u00a0\u00bb4.27.2&Prime; _module_preset=\u00a0\u00bbdefault\u00a0\u00bb global_colors_info=\u00a0\u00bb{}\u00a0\u00bb]<\/p>\n<p>Pour recevoir des annonces et des mises \u00e0 jour sur les prochains \u00e9v\u00e9nements avec Prem Rawat, assurez-vous d\u2019\u00eatre inscrit sur la liste de diffusion de WOPG avec votre mail et votre pays de r\u00e9sidence. Inscrivez-vous ci-dessous.<\/p>\n<p>[\/et_pb_text][\/et_pb_column][\/et_pb_row][\/et_pb_section]<\/p>\n","protected":false},"excerpt":{"rendered":"<p>Photo avec l\u2019autorisation de TimelessTodayVeuillez lire attentivement cette page pour obtenir des informations importantes sur la conf\u00e9rence \u00e0 venir. Vous pourrez vous y r\u00e9f\u00e9rer pour organiser votre venue. QUAND ET O\u00d9 Date&nbsp;: samedi 2 ao\u00fbt 2025 Heure&nbsp;: L\u2019\u00e9v\u00e9nement commencera \u00e0 15 h EDT (heure de Montr\u00e9al), (21 h en France). Les portes du hall ouvrent [&hellip;]<\/p>\n","protected":false},"author":14,"featured_media":42611,"comment_status":"open","ping_status":"open","sticky":false,"template":"","format":"standard","meta":{"_et_pb_use_builder":"on","_et_pb_old_content":"","_et_gb_content_width":"","cybocfi_hide_featured_image":"","footnotes":""},"categories":[78],"tags":[],"post_folder":[],"class_list":["post-42909","post","type-post","status-publish","format-standard","has-post-thumbnail","hentry","category-recent-fr"],"yoast_head":"<!-- This site is optimized with the Yoast SEO plugin v27.3 - https:\/\/yoast.com\/product\/yoast-seo-wordpress\/ -->\n<title>2 ao\u00fbt 2025 \u2013 Prem Rawat \u00e0 Montr\u00e9al | Words of Peace<\/title>\n<meta name=\"robots\" content=\"index, follow, max-snippet:-1, max-image-preview:large, max-video-preview:-1\" \/>\n<link rel=\"canonical\" href=\"https:\/\/www.wopg.org\/fr\/prem-rawat-a-montreal\/\" \/>\n<meta property=\"og:locale\" content=\"fr_FR\" \/>\n<meta property=\"og:type\" content=\"article\" \/>\n<meta property=\"og:title\" content=\"2 ao\u00fbt 2025 \u2013 Prem Rawat \u00e0 Montr\u00e9al | Words of Peace\" \/>\n<meta property=\"og:description\" content=\"Photo avec l\u2019autorisation de TimelessTodayVeuillez lire attentivement cette page pour obtenir des informations importantes sur la conf\u00e9rence \u00e0 venir. Vous pourrez vous y r\u00e9f\u00e9rer pour organiser votre venue. QUAND ET O\u00d9 Date&nbsp;: samedi 2 ao\u00fbt 2025 Heure&nbsp;: L\u2019\u00e9v\u00e9nement commencera \u00e0 15 h EDT (heure de Montr\u00e9al), (21 h en France). Les portes du hall ouvrent [&hellip;]\" \/>\n<meta property=\"og:url\" content=\"https:\/\/www.wopg.org\/fr\/prem-rawat-a-montreal\/\" \/>\n<meta property=\"og:site_name\" content=\"Words of Peace\" \/>\n<meta property=\"article:publisher\" content=\"https:\/\/www.facebook.com\/wordsofpeaceglobal\" \/>\n<meta property=\"article:published_time\" content=\"2025-08-02T08:06:38+00:00\" \/>\n<meta property=\"article:modified_time\" content=\"2025-08-03T16:18:43+00:00\" \/>\n<meta property=\"og:image\" content=\"https:\/\/eadn-wc03-5903292.nxedge.io\/wp-content\/uploads\/2025\/07\/250614_Toronto_dmp_073_1080x608.jpg\" \/>\n\t<meta property=\"og:image:width\" content=\"1080\" \/>\n\t<meta property=\"og:image:height\" content=\"608\" \/>\n\t<meta property=\"og:image:type\" content=\"image\/jpeg\" \/>\n<meta name=\"author\" content=\"Roberto\" \/>\n<meta name=\"twitter:card\" content=\"summary_large_image\" \/>\n<meta name=\"twitter:creator\" content=\"@wopg\" \/>\n<meta name=\"twitter:site\" content=\"@wopg\" \/>\n<meta name=\"twitter:label1\" content=\"\u00c9crit par\" \/>\n\t<meta name=\"twitter:data1\" content=\"Roberto\" \/>\n\t<meta name=\"twitter:label2\" content=\"Dur\u00e9e de lecture estim\u00e9e\" \/>\n\t<meta name=\"twitter:data2\" content=\"9 minutes\" \/>\n<script type=\"application\/ld+json\" class=\"yoast-schema-graph\">{\"@context\":\"https:\\\/\\\/schema.org\",\"@graph\":[{\"@type\":\"Article\",\"@id\":\"https:\\\/\\\/www.wopg.org\\\/fr\\\/prem-rawat-a-montreal\\\/#article\",\"isPartOf\":{\"@id\":\"https:\\\/\\\/www.wopg.org\\\/fr\\\/prem-rawat-a-montreal\\\/\"},\"author\":{\"name\":\"Roberto\",\"@id\":\"https:\\\/\\\/www.wopg.org\\\/fr\\\/#\\\/schema\\\/person\\\/c495a5aacd2a074ce031b7fa6625b3af\"},\"headline\":\"2 ao\u00fbt 2025 \u2013 Prem Rawat \u00e0 Montr\u00e9al\",\"datePublished\":\"2025-08-02T08:06:38+00:00\",\"dateModified\":\"2025-08-03T16:18:43+00:00\",\"mainEntityOfPage\":{\"@id\":\"https:\\\/\\\/www.wopg.org\\\/fr\\\/prem-rawat-a-montreal\\\/\"},\"wordCount\":1754,\"commentCount\":0,\"publisher\":{\"@id\":\"https:\\\/\\\/www.wopg.org\\\/fr\\\/#organization\"},\"image\":{\"@id\":\"https:\\\/\\\/www.wopg.org\\\/fr\\\/prem-rawat-a-montreal\\\/#primaryimage\"},\"thumbnailUrl\":\"https:\\\/\\\/www.wopg.org\\\/wp-content\\\/uploads\\\/2025\\\/07\\\/250614_Toronto_dmp_073_1080x608.jpg\",\"articleSection\":[\"Recent\"],\"inLanguage\":\"fr-FR\",\"potentialAction\":[{\"@type\":\"CommentAction\",\"name\":\"Comment\",\"target\":[\"https:\\\/\\\/www.wopg.org\\\/fr\\\/prem-rawat-a-montreal\\\/#respond\"]}]},{\"@type\":\"WebPage\",\"@id\":\"https:\\\/\\\/www.wopg.org\\\/fr\\\/prem-rawat-a-montreal\\\/\",\"url\":\"https:\\\/\\\/www.wopg.org\\\/fr\\\/prem-rawat-a-montreal\\\/\",\"name\":\"2 ao\u00fbt 2025 \u2013 Prem Rawat \u00e0 Montr\u00e9al | Words of Peace\",\"isPartOf\":{\"@id\":\"https:\\\/\\\/www.wopg.org\\\/fr\\\/#website\"},\"primaryImageOfPage\":{\"@id\":\"https:\\\/\\\/www.wopg.org\\\/fr\\\/prem-rawat-a-montreal\\\/#primaryimage\"},\"image\":{\"@id\":\"https:\\\/\\\/www.wopg.org\\\/fr\\\/prem-rawat-a-montreal\\\/#primaryimage\"},\"thumbnailUrl\":\"https:\\\/\\\/www.wopg.org\\\/wp-content\\\/uploads\\\/2025\\\/07\\\/250614_Toronto_dmp_073_1080x608.jpg\",\"datePublished\":\"2025-08-02T08:06:38+00:00\",\"dateModified\":\"2025-08-03T16:18:43+00:00\",\"breadcrumb\":{\"@id\":\"https:\\\/\\\/www.wopg.org\\\/fr\\\/prem-rawat-a-montreal\\\/#breadcrumb\"},\"inLanguage\":\"fr-FR\",\"potentialAction\":[{\"@type\":\"ReadAction\",\"target\":[\"https:\\\/\\\/www.wopg.org\\\/fr\\\/prem-rawat-a-montreal\\\/\"]}]},{\"@type\":\"ImageObject\",\"inLanguage\":\"fr-FR\",\"@id\":\"https:\\\/\\\/www.wopg.org\\\/fr\\\/prem-rawat-a-montreal\\\/#primaryimage\",\"url\":\"https:\\\/\\\/www.wopg.org\\\/wp-content\\\/uploads\\\/2025\\\/07\\\/250614_Toronto_dmp_073_1080x608.jpg\",\"contentUrl\":\"https:\\\/\\\/www.wopg.org\\\/wp-content\\\/uploads\\\/2025\\\/07\\\/250614_Toronto_dmp_073_1080x608.jpg\",\"width\":1080,\"height\":608},{\"@type\":\"BreadcrumbList\",\"@id\":\"https:\\\/\\\/www.wopg.org\\\/fr\\\/prem-rawat-a-montreal\\\/#breadcrumb\",\"itemListElement\":[{\"@type\":\"ListItem\",\"position\":1,\"name\":\"Home\",\"item\":\"https:\\\/\\\/www.wopg.org\\\/fr\\\/\"},{\"@type\":\"ListItem\",\"position\":2,\"name\":\"2 ao\u00fbt 2025 \u2013 Prem Rawat \u00e0 Montr\u00e9al\"}]},{\"@type\":\"WebSite\",\"@id\":\"https:\\\/\\\/www.wopg.org\\\/fr\\\/#website\",\"url\":\"https:\\\/\\\/www.wopg.org\\\/fr\\\/\",\"name\":\"Words of Peace\",\"description\":\"Practice Peace, Change Your World\",\"publisher\":{\"@id\":\"https:\\\/\\\/www.wopg.org\\\/fr\\\/#organization\"},\"potentialAction\":[{\"@type\":\"SearchAction\",\"target\":{\"@type\":\"EntryPoint\",\"urlTemplate\":\"https:\\\/\\\/www.wopg.org\\\/fr\\\/?s={search_term_string}\"},\"query-input\":{\"@type\":\"PropertyValueSpecification\",\"valueRequired\":true,\"valueName\":\"search_term_string\"}}],\"inLanguage\":\"fr-FR\"},{\"@type\":\"Organization\",\"@id\":\"https:\\\/\\\/www.wopg.org\\\/fr\\\/#organization\",\"name\":\"Words of Peace\",\"url\":\"https:\\\/\\\/www.wopg.org\\\/fr\\\/\",\"logo\":{\"@type\":\"ImageObject\",\"inLanguage\":\"fr-FR\",\"@id\":\"https:\\\/\\\/www.wopg.org\\\/fr\\\/#\\\/schema\\\/logo\\\/image\\\/\",\"url\":\"https:\\\/\\\/wopg.org\\\/wp-content\\\/uploads\\\/2022\\\/02\\\/Words-of-Peace-logo-website61x252.png\",\"contentUrl\":\"https:\\\/\\\/wopg.org\\\/wp-content\\\/uploads\\\/2022\\\/02\\\/Words-of-Peace-logo-website61x252.png\",\"width\":252,\"height\":61,\"caption\":\"Words of Peace\"},\"image\":{\"@id\":\"https:\\\/\\\/www.wopg.org\\\/fr\\\/#\\\/schema\\\/logo\\\/image\\\/\"},\"sameAs\":[\"https:\\\/\\\/www.facebook.com\\\/wordsofpeaceglobal\",\"https:\\\/\\\/x.com\\\/wopg\",\"https:\\\/\\\/www.instagram.com\\\/wopgofficial\\\/\"]},{\"@type\":\"Person\",\"@id\":\"https:\\\/\\\/www.wopg.org\\\/fr\\\/#\\\/schema\\\/person\\\/c495a5aacd2a074ce031b7fa6625b3af\",\"name\":\"Roberto\",\"image\":{\"@type\":\"ImageObject\",\"inLanguage\":\"fr-FR\",\"@id\":\"https:\\\/\\\/secure.gravatar.com\\\/avatar\\\/3a2423ab531630d32d946fa10acea4a736bd03feede76ddcc150434c8458228b?s=96&d=mm&r=g\",\"url\":\"https:\\\/\\\/secure.gravatar.com\\\/avatar\\\/3a2423ab531630d32d946fa10acea4a736bd03feede76ddcc150434c8458228b?s=96&d=mm&r=g\",\"contentUrl\":\"https:\\\/\\\/secure.gravatar.com\\\/avatar\\\/3a2423ab531630d32d946fa10acea4a736bd03feede76ddcc150434c8458228b?s=96&d=mm&r=g\",\"caption\":\"Roberto\"},\"url\":\"https:\\\/\\\/www.wopg.org\\\/fr\\\/author\\\/roberto\\\/\"}]}<\/script>\n<!-- \/ Yoast SEO plugin. -->","yoast_head_json":{"title":"2 ao\u00fbt 2025 \u2013 Prem Rawat \u00e0 Montr\u00e9al | Words of Peace","robots":{"index":"index","follow":"follow","max-snippet":"max-snippet:-1","max-image-preview":"max-image-preview:large","max-video-preview":"max-video-preview:-1"},"canonical":"https:\/\/www.wopg.org\/fr\/prem-rawat-a-montreal\/","og_locale":"fr_FR","og_type":"article","og_title":"2 ao\u00fbt 2025 \u2013 Prem Rawat \u00e0 Montr\u00e9al | Words of Peace","og_description":"Photo avec l\u2019autorisation de TimelessTodayVeuillez lire attentivement cette page pour obtenir des informations importantes sur la conf\u00e9rence \u00e0 venir. Vous pourrez vous y r\u00e9f\u00e9rer pour organiser votre venue. QUAND ET O\u00d9 Date&nbsp;: samedi 2 ao\u00fbt 2025 Heure&nbsp;: L\u2019\u00e9v\u00e9nement commencera \u00e0 15 h EDT (heure de Montr\u00e9al), (21 h en France). Les portes du hall ouvrent [&hellip;]","og_url":"https:\/\/www.wopg.org\/fr\/prem-rawat-a-montreal\/","og_site_name":"Words of Peace","article_publisher":"https:\/\/www.facebook.com\/wordsofpeaceglobal","article_published_time":"2025-08-02T08:06:38+00:00","article_modified_time":"2025-08-03T16:18:43+00:00","og_image":[{"width":1080,"height":608,"url":"https:\/\/eadn-wc03-5903292.nxedge.io\/wp-content\/uploads\/2025\/07\/250614_Toronto_dmp_073_1080x608.jpg","type":"image\/jpeg"}],"author":"Roberto","twitter_card":"summary_large_image","twitter_creator":"@wopg","twitter_site":"@wopg","twitter_misc":{"\u00c9crit par":"Roberto","Dur\u00e9e de lecture estim\u00e9e":"9 minutes"},"schema":{"@context":"https:\/\/schema.org","@graph":[{"@type":"Article","@id":"https:\/\/www.wopg.org\/fr\/prem-rawat-a-montreal\/#article","isPartOf":{"@id":"https:\/\/www.wopg.org\/fr\/prem-rawat-a-montreal\/"},"author":{"name":"Roberto","@id":"https:\/\/www.wopg.org\/fr\/#\/schema\/person\/c495a5aacd2a074ce031b7fa6625b3af"},"headline":"2 ao\u00fbt 2025 \u2013 Prem Rawat \u00e0 Montr\u00e9al","datePublished":"2025-08-02T08:06:38+00:00","dateModified":"2025-08-03T16:18:43+00:00","mainEntityOfPage":{"@id":"https:\/\/www.wopg.org\/fr\/prem-rawat-a-montreal\/"},"wordCount":1754,"commentCount":0,"publisher":{"@id":"https:\/\/www.wopg.org\/fr\/#organization"},"image":{"@id":"https:\/\/www.wopg.org\/fr\/prem-rawat-a-montreal\/#primaryimage"},"thumbnailUrl":"https:\/\/eadn-wc03-5903292.nxedge.io\/wp-content\/uploads\/2025\/07\/250614_Toronto_dmp_073_1080x608.jpg","articleSection":["Recent"],"inLanguage":"fr-FR","potentialAction":[{"@type":"CommentAction","name":"Comment","target":["https:\/\/www.wopg.org\/fr\/prem-rawat-a-montreal\/#respond"]}]},{"@type":"WebPage","@id":"https:\/\/www.wopg.org\/fr\/prem-rawat-a-montreal\/","url":"https:\/\/www.wopg.org\/fr\/prem-rawat-a-montreal\/","name":"2 ao\u00fbt 2025 \u2013 Prem Rawat \u00e0 Montr\u00e9al | Words of Peace","isPartOf":{"@id":"https:\/\/www.wopg.org\/fr\/#website"},"primaryImageOfPage":{"@id":"https:\/\/www.wopg.org\/fr\/prem-rawat-a-montreal\/#primaryimage"},"image":{"@id":"https:\/\/www.wopg.org\/fr\/prem-rawat-a-montreal\/#primaryimage"},"thumbnailUrl":"https:\/\/eadn-wc03-5903292.nxedge.io\/wp-content\/uploads\/2025\/07\/250614_Toronto_dmp_073_1080x608.jpg","datePublished":"2025-08-02T08:06:38+00:00","dateModified":"2025-08-03T16:18:43+00:00","breadcrumb":{"@id":"https:\/\/www.wopg.org\/fr\/prem-rawat-a-montreal\/#breadcrumb"},"inLanguage":"fr-FR","potentialAction":[{"@type":"ReadAction","target":["https:\/\/www.wopg.org\/fr\/prem-rawat-a-montreal\/"]}]},{"@type":"ImageObject","inLanguage":"fr-FR","@id":"https:\/\/www.wopg.org\/fr\/prem-rawat-a-montreal\/#primaryimage","url":"https:\/\/eadn-wc03-5903292.nxedge.io\/wp-content\/uploads\/2025\/07\/250614_Toronto_dmp_073_1080x608.jpg","contentUrl":"https:\/\/eadn-wc03-5903292.nxedge.io\/wp-content\/uploads\/2025\/07\/250614_Toronto_dmp_073_1080x608.jpg","width":1080,"height":608},{"@type":"BreadcrumbList","@id":"https:\/\/www.wopg.org\/fr\/prem-rawat-a-montreal\/#breadcrumb","itemListElement":[{"@type":"ListItem","position":1,"name":"Home","item":"https:\/\/www.wopg.org\/fr\/"},{"@type":"ListItem","position":2,"name":"2 ao\u00fbt 2025 \u2013 Prem Rawat \u00e0 Montr\u00e9al"}]},{"@type":"WebSite","@id":"https:\/\/www.wopg.org\/fr\/#website","url":"https:\/\/www.wopg.org\/fr\/","name":"Words of Peace","description":"Practice Peace, Change Your World","publisher":{"@id":"https:\/\/www.wopg.org\/fr\/#organization"},"potentialAction":[{"@type":"SearchAction","target":{"@type":"EntryPoint","urlTemplate":"https:\/\/www.wopg.org\/fr\/?s={search_term_string}"},"query-input":{"@type":"PropertyValueSpecification","valueRequired":true,"valueName":"search_term_string"}}],"inLanguage":"fr-FR"},{"@type":"Organization","@id":"https:\/\/www.wopg.org\/fr\/#organization","name":"Words of Peace","url":"https:\/\/www.wopg.org\/fr\/","logo":{"@type":"ImageObject","inLanguage":"fr-FR","@id":"https:\/\/www.wopg.org\/fr\/#\/schema\/logo\/image\/","url":"https:\/\/wopg.org\/wp-content\/uploads\/2022\/02\/Words-of-Peace-logo-website61x252.png","contentUrl":"https:\/\/wopg.org\/wp-content\/uploads\/2022\/02\/Words-of-Peace-logo-website61x252.png","width":252,"height":61,"caption":"Words of Peace"},"image":{"@id":"https:\/\/www.wopg.org\/fr\/#\/schema\/logo\/image\/"},"sameAs":["https:\/\/www.facebook.com\/wordsofpeaceglobal","https:\/\/x.com\/wopg","https:\/\/www.instagram.com\/wopgofficial\/"]},{"@type":"Person","@id":"https:\/\/www.wopg.org\/fr\/#\/schema\/person\/c495a5aacd2a074ce031b7fa6625b3af","name":"Roberto","image":{"@type":"ImageObject","inLanguage":"fr-FR","@id":"https:\/\/secure.gravatar.com\/avatar\/3a2423ab531630d32d946fa10acea4a736bd03feede76ddcc150434c8458228b?s=96&d=mm&r=g","url":"https:\/\/secure.gravatar.com\/avatar\/3a2423ab531630d32d946fa10acea4a736bd03feede76ddcc150434c8458228b?s=96&d=mm&r=g","contentUrl":"https:\/\/secure.gravatar.com\/avatar\/3a2423ab531630d32d946fa10acea4a736bd03feede76ddcc150434c8458228b?s=96&d=mm&r=g","caption":"Roberto"},"url":"https:\/\/www.wopg.org\/fr\/author\/roberto\/"}]}},"_links":{"self":[{"href":"https:\/\/www.wopg.org\/fr\/wp-json\/wp\/v2\/posts\/42909","targetHints":{"allow":["GET"]}}],"collection":[{"href":"https:\/\/www.wopg.org\/fr\/wp-json\/wp\/v2\/posts"}],"about":[{"href":"https:\/\/www.wopg.org\/fr\/wp-json\/wp\/v2\/types\/post"}],"author":[{"embeddable":true,"href":"https:\/\/www.wopg.org\/fr\/wp-json\/wp\/v2\/users\/14"}],"replies":[{"embeddable":true,"href":"https:\/\/www.wopg.org\/fr\/wp-json\/wp\/v2\/comments?post=42909"}],"version-history":[{"count":41,"href":"https:\/\/www.wopg.org\/fr\/wp-json\/wp\/v2\/posts\/42909\/revisions"}],"predecessor-version":[{"id":43086,"href":"https:\/\/www.wopg.org\/fr\/wp-json\/wp\/v2\/posts\/42909\/revisions\/43086"}],"wp:featuredmedia":[{"embeddable":true,"href":"https:\/\/www.wopg.org\/fr\/wp-json\/wp\/v2\/media\/42611"}],"wp:attachment":[{"href":"https:\/\/www.wopg.org\/fr\/wp-json\/wp\/v2\/media?parent=42909"}],"wp:term":[{"taxonomy":"category","embeddable":true,"href":"https:\/\/www.wopg.org\/fr\/wp-json\/wp\/v2\/categories?post=42909"},{"taxonomy":"post_tag","embeddable":true,"href":"https:\/\/www.wopg.org\/fr\/wp-json\/wp\/v2\/tags?post=42909"},{"taxonomy":"post_folder","embeddable":true,"href":"https:\/\/www.wopg.org\/fr\/wp-json\/wp\/v2\/post_folder?post=42909"}],"curies":[{"name":"wp","href":"https:\/\/api.w.org\/{rel}","templated":true}]}}