{"id":43844,"date":"2025-10-10T14:31:06","date_gmt":"2025-10-10T14:31:06","guid":{"rendered":"https:\/\/www.wopg.org\/prem-rawat-a-colombo\/"},"modified":"2026-01-20T21:05:00","modified_gmt":"2026-01-20T21:05:00","slug":"prem-rawat-a-colombo","status":"publish","type":"post","link":"https:\/\/www.wopg.org\/fr\/prem-rawat-a-colombo\/","title":{"rendered":"Prem Rawat \u00e0 Colombo"},"content":{"rendered":"<p>[et_pb_section fb_built=\u00a0\u00bb1&Prime; _builder_version=\u00a0\u00bb4.17.4&Prime; _module_preset=\u00a0\u00bbdefault\u00a0\u00bb custom_margin=\u00a0\u00bb-50px||||false|false\u00a0\u00bb custom_padding=\u00a0\u00bb0px||0px||false|false\u00a0\u00bb global_colors_info=\u00a0\u00bb{}\u00a0\u00bb][et_pb_row _builder_version=\u00a0\u00bb4.17.4&Prime; _module_preset=\u00a0\u00bbdefault\u00a0\u00bb custom_padding=\u00a0\u00bb0px||||false|false\u00a0\u00bb global_colors_info=\u00a0\u00bb{}\u00a0\u00bb][et_pb_column type=\u00a0\u00bb4_4&Prime; _builder_version=\u00a0\u00bb4.17.4&Prime; _module_preset=\u00a0\u00bbdefault\u00a0\u00bb global_colors_info=\u00a0\u00bb{}\u00a0\u00bb][et_pb_text _builder_version=\u00a0\u00bb4.27.4&Prime; _module_preset=\u00a0\u00bbdefault\u00a0\u00bb global_colors_info=\u00a0\u00bb{}\u00a0\u00bb]<\/p>\n<h6 style=\"text-align: center\"><span>Photo avec l\u2019autorisation de TimelessToday<\/span><\/h6>\n<p>[\/et_pb_text][\/et_pb_column][\/et_pb_row][\/et_pb_section][et_pb_section fb_built=\u00a0\u00bb1&Prime; admin_label=\u00a0\u00bbsection\u00a0\u00bb _builder_version=\u00a0\u00bb4.16&Prime; custom_padding=\u00a0\u00bb0px||0px||false|false\u00a0\u00bb global_colors_info=\u00a0\u00bb{}\u00a0\u00bb][et_pb_row admin_label=\u00a0\u00bbrow\u00a0\u00bb _builder_version=\u00a0\u00bb4.16&Prime; background_size=\u00a0\u00bbinitial\u00a0\u00bb background_position=\u00a0\u00bbtop_left\u00a0\u00bb background_repeat=\u00a0\u00bbrepeat\u00a0\u00bb global_colors_info=\u00a0\u00bb{}\u00a0\u00bb][et_pb_column type=\u00a0\u00bb4_4&Prime; _builder_version=\u00a0\u00bb4.16&Prime; custom_padding=\u00a0\u00bb|||\u00a0\u00bb global_colors_info=\u00a0\u00bb{}\u00a0\u00bb custom_padding__hover=\u00a0\u00bb|||\u00a0\u00bb][et_pb_text admin_label=\u00a0\u00bbTitle\u00a0\u00bb _builder_version=\u00a0\u00bb4.27.4&Prime; _module_preset=\u00a0\u00bbdefault\u00a0\u00bb global_colors_info=\u00a0\u00bb{}\u00a0\u00bb]<\/p>\n<div class=\"et_pb_row et_pb_row_0\">\n<div class=\"et_pb_column et_pb_column_4_4 et_pb_column_0 et_pb_css_mix_blend_mode_passthrough et-last-child\">\n<div class=\"et_pb_module et_pb_text et_pb_text_0 et_pb_text_align_left et_pb_bg_layout_light\">\n<div class=\"et_pb_text_inner\">\n<h2 style=\"text-align: center\">NOTEZ LA DATE<\/h2>\n<\/div>\n<p><\/div>\n<p>[\/et_pb_text][et_pb_text admin_label=\u00a0\u00bbInformations\u00a0\u00bb _builder_version=\u00a0\u00bb4.27.4&Prime; _module_preset=\u00a0\u00bbdefault\u00a0\u00bb global_colors_info=\u00a0\u00bb{}\u00a0\u00bb]<\/p>\n<p class=\"p1\">Prem Rawat, sp\u00e9cialiste mondialement connu de l\u2019\u00e9ducation \u00e0 la paix et auteur de best-sellers, s&rsquo;est d\u00e9j\u00e0 adress\u00e9 \u00e0 des auditoires enthousiastes de centaines de milliers de personnes lors de sa tourn\u00e9e mondiale 2025.<\/p>\n<p><\/p>\n<p class=\"p1\">Maintenant, il va parler \u00e0 Colombo, au Sri Lanka&nbsp;!<\/p>\n<p><\/p>\n<p class=\"p1\"><strong>Prem Rawat donne une conf\u00e9rence \u00e0 Colombo le samedi 18 octobre 2025.<\/strong><\/p>\n<p><\/p>\n<p class=\"p1\">Toute personne int\u00e9ress\u00e9e par Prem Rawat et son message est bienvenue.<\/p>\n<p><\/p>\n<p class=\"p1\">L&rsquo;\u00e9v\u00e9nement se d\u00e9roulera en anglais et sera traduit en tamoul et sinhala.<\/p>\n<p><\/p>\n<p class=\"p1\">Notre prochain courriel contiendra des informations importantes concernant cette conf\u00e9rence, dont la mani\u00e8re d\u2019acheter des billets.<\/p>\n<p><\/p>\n<p class=\"p1\">Une information concernant une retransmission en direct sera donn\u00e9e dans notre prochain courriel.<\/p>\n<p>[\/et_pb_text][et_pb_divider _builder_version=\u00a0\u00bb4.27.4&Prime; _module_preset=\u00a0\u00bbdefault\u00a0\u00bb global_colors_info=\u00a0\u00bb{}\u00a0\u00bb][\/et_pb_divider][et_pb_text admin_label=\u00a0\u00bbNotice\u00a0\u00bb _builder_version=\u00a0\u00bb4.27.4&Prime; _module_preset=\u00a0\u00bbdefault\u00a0\u00bb global_colors_info=\u00a0\u00bb{}\u00a0\u00bb]<\/p>\n<p class=\"p1\"><em>Ce pr\u00e9avis est envoy\u00e9 pour vous permettre de vous organiser, mais il ne doit pas \u00eatre utilis\u00e9 pour r\u00e9server votre voyage et votre h\u00e9bergement car le nombre de places demand\u00e9es pourrait exc\u00e9der la capacit\u00e9 du lieu.<\/em><\/p>\n<p>[\/et_pb_text][\/et_pb_column][\/et_pb_row][\/et_pb_section]<\/p>\n","protected":false},"excerpt":{"rendered":"<p>Photo avec l\u2019autorisation de TimelessToday NOTEZ LA DATE Prem Rawat, sp\u00e9cialiste mondialement connu de l\u2019\u00e9ducation \u00e0 la paix et auteur de best-sellers, s&rsquo;est d\u00e9j\u00e0 adress\u00e9 \u00e0 des auditoires enthousiastes de centaines de milliers de personnes lors de sa tourn\u00e9e mondiale 2025.Maintenant, il va parler \u00e0 Colombo, au Sri Lanka&nbsp;!Prem Rawat donne une conf\u00e9rence \u00e0 Colombo [&hellip;]<\/p>\n","protected":false},"author":14,"featured_media":43845,"comment_status":"closed","ping_status":"closed","sticky":false,"template":"","format":"standard","meta":{"_et_pb_use_builder":"on","_et_pb_old_content":"","_et_gb_content_width":"","cybocfi_hide_featured_image":"","footnotes":""},"categories":[6,78,1],"tags":[],"post_folder":[],"class_list":["post-43844","post","type-post","status-publish","format-standard","has-post-thumbnail","hentry","category-non-classifiee","category-recent-fr","category-uncategorized"],"yoast_head":"<!-- This site is optimized with the Yoast SEO plugin v27.3 - https:\/\/yoast.com\/product\/yoast-seo-wordpress\/ -->\n<title>Prem Rawat \u00e0 Colombo | Words of Peace<\/title>\n<meta name=\"robots\" content=\"index, follow, max-snippet:-1, max-image-preview:large, max-video-preview:-1\" \/>\n<link rel=\"canonical\" href=\"https:\/\/www.wopg.org\/fr\/prem-rawat-a-colombo\/\" \/>\n<meta property=\"og:locale\" content=\"fr_FR\" \/>\n<meta property=\"og:type\" content=\"article\" \/>\n<meta property=\"og:title\" content=\"Prem Rawat \u00e0 Colombo | Words of Peace\" \/>\n<meta property=\"og:description\" content=\"Photo avec l\u2019autorisation de TimelessToday NOTEZ LA DATE Prem Rawat, sp\u00e9cialiste mondialement connu de l\u2019\u00e9ducation \u00e0 la paix et auteur de best-sellers, s&#039;est d\u00e9j\u00e0 adress\u00e9 \u00e0 des auditoires enthousiastes de centaines de milliers de personnes lors de sa tourn\u00e9e mondiale 2025.Maintenant, il va parler \u00e0 Colombo, au Sri Lanka&nbsp;!Prem Rawat donne une conf\u00e9rence \u00e0 Colombo [&hellip;]\" \/>\n<meta property=\"og:url\" content=\"https:\/\/www.wopg.org\/fr\/prem-rawat-a-colombo\/\" \/>\n<meta property=\"og:site_name\" content=\"Words of Peace\" \/>\n<meta property=\"article:publisher\" content=\"https:\/\/www.facebook.com\/wordsofpeaceglobal\" \/>\n<meta property=\"article:published_time\" content=\"2025-10-10T14:31:06+00:00\" \/>\n<meta property=\"article:modified_time\" content=\"2026-01-20T21:05:00+00:00\" \/>\n<meta property=\"og:image\" content=\"https:\/\/eadn-wc03-5903292.nxedge.io\/wp-content\/uploads\/2025\/10\/250803_Boston_cc_054-lowres_1080x608.jpg\" \/>\n\t<meta property=\"og:image:width\" content=\"1080\" \/>\n\t<meta property=\"og:image:height\" content=\"608\" \/>\n\t<meta property=\"og:image:type\" content=\"image\/jpeg\" \/>\n<meta name=\"author\" content=\"Roberto\" \/>\n<meta name=\"twitter:card\" content=\"summary_large_image\" \/>\n<meta name=\"twitter:creator\" content=\"@wopg\" \/>\n<meta name=\"twitter:site\" content=\"@wopg\" \/>\n<meta name=\"twitter:label1\" content=\"\u00c9crit par\" \/>\n\t<meta name=\"twitter:data1\" content=\"Roberto\" \/>\n\t<meta name=\"twitter:label2\" content=\"Dur\u00e9e de lecture estim\u00e9e\" \/>\n\t<meta name=\"twitter:data2\" content=\"2 minutes\" \/>\n<script type=\"application\/ld+json\" class=\"yoast-schema-graph\">{\"@context\":\"https:\\\/\\\/schema.org\",\"@graph\":[{\"@type\":\"Article\",\"@id\":\"https:\\\/\\\/www.wopg.org\\\/fr\\\/prem-rawat-a-colombo\\\/#article\",\"isPartOf\":{\"@id\":\"https:\\\/\\\/www.wopg.org\\\/fr\\\/prem-rawat-a-colombo\\\/\"},\"author\":{\"name\":\"Roberto\",\"@id\":\"https:\\\/\\\/www.wopg.org\\\/fr\\\/#\\\/schema\\\/person\\\/c495a5aacd2a074ce031b7fa6625b3af\"},\"headline\":\"Prem Rawat \u00e0 Colombo\",\"datePublished\":\"2025-10-10T14:31:06+00:00\",\"dateModified\":\"2026-01-20T21:05:00+00:00\",\"mainEntityOfPage\":{\"@id\":\"https:\\\/\\\/www.wopg.org\\\/fr\\\/prem-rawat-a-colombo\\\/\"},\"wordCount\":371,\"publisher\":{\"@id\":\"https:\\\/\\\/www.wopg.org\\\/fr\\\/#organization\"},\"image\":{\"@id\":\"https:\\\/\\\/www.wopg.org\\\/fr\\\/prem-rawat-a-colombo\\\/#primaryimage\"},\"thumbnailUrl\":\"https:\\\/\\\/www.wopg.org\\\/wp-content\\\/uploads\\\/2025\\\/10\\\/250803_Boston_cc_054-lowres_1080x608.jpg\",\"articleSection\":[\"Non classifi\u00e9(e)\",\"Recent\",\"Uncategorized\"],\"inLanguage\":\"fr-FR\"},{\"@type\":\"WebPage\",\"@id\":\"https:\\\/\\\/www.wopg.org\\\/fr\\\/prem-rawat-a-colombo\\\/\",\"url\":\"https:\\\/\\\/www.wopg.org\\\/fr\\\/prem-rawat-a-colombo\\\/\",\"name\":\"Prem Rawat \u00e0 Colombo | Words of Peace\",\"isPartOf\":{\"@id\":\"https:\\\/\\\/www.wopg.org\\\/fr\\\/#website\"},\"primaryImageOfPage\":{\"@id\":\"https:\\\/\\\/www.wopg.org\\\/fr\\\/prem-rawat-a-colombo\\\/#primaryimage\"},\"image\":{\"@id\":\"https:\\\/\\\/www.wopg.org\\\/fr\\\/prem-rawat-a-colombo\\\/#primaryimage\"},\"thumbnailUrl\":\"https:\\\/\\\/www.wopg.org\\\/wp-content\\\/uploads\\\/2025\\\/10\\\/250803_Boston_cc_054-lowres_1080x608.jpg\",\"datePublished\":\"2025-10-10T14:31:06+00:00\",\"dateModified\":\"2026-01-20T21:05:00+00:00\",\"breadcrumb\":{\"@id\":\"https:\\\/\\\/www.wopg.org\\\/fr\\\/prem-rawat-a-colombo\\\/#breadcrumb\"},\"inLanguage\":\"fr-FR\",\"potentialAction\":[{\"@type\":\"ReadAction\",\"target\":[\"https:\\\/\\\/www.wopg.org\\\/fr\\\/prem-rawat-a-colombo\\\/\"]}]},{\"@type\":\"ImageObject\",\"inLanguage\":\"fr-FR\",\"@id\":\"https:\\\/\\\/www.wopg.org\\\/fr\\\/prem-rawat-a-colombo\\\/#primaryimage\",\"url\":\"https:\\\/\\\/www.wopg.org\\\/wp-content\\\/uploads\\\/2025\\\/10\\\/250803_Boston_cc_054-lowres_1080x608.jpg\",\"contentUrl\":\"https:\\\/\\\/www.wopg.org\\\/wp-content\\\/uploads\\\/2025\\\/10\\\/250803_Boston_cc_054-lowres_1080x608.jpg\",\"width\":1080,\"height\":608},{\"@type\":\"BreadcrumbList\",\"@id\":\"https:\\\/\\\/www.wopg.org\\\/fr\\\/prem-rawat-a-colombo\\\/#breadcrumb\",\"itemListElement\":[{\"@type\":\"ListItem\",\"position\":1,\"name\":\"Home\",\"item\":\"https:\\\/\\\/www.wopg.org\\\/fr\\\/\"},{\"@type\":\"ListItem\",\"position\":2,\"name\":\"Prem Rawat \u00e0 Colombo\"}]},{\"@type\":\"WebSite\",\"@id\":\"https:\\\/\\\/www.wopg.org\\\/fr\\\/#website\",\"url\":\"https:\\\/\\\/www.wopg.org\\\/fr\\\/\",\"name\":\"Words of Peace\",\"description\":\"Practice Peace, Change Your World\",\"publisher\":{\"@id\":\"https:\\\/\\\/www.wopg.org\\\/fr\\\/#organization\"},\"potentialAction\":[{\"@type\":\"SearchAction\",\"target\":{\"@type\":\"EntryPoint\",\"urlTemplate\":\"https:\\\/\\\/www.wopg.org\\\/fr\\\/?s={search_term_string}\"},\"query-input\":{\"@type\":\"PropertyValueSpecification\",\"valueRequired\":true,\"valueName\":\"search_term_string\"}}],\"inLanguage\":\"fr-FR\"},{\"@type\":\"Organization\",\"@id\":\"https:\\\/\\\/www.wopg.org\\\/fr\\\/#organization\",\"name\":\"Words of Peace\",\"url\":\"https:\\\/\\\/www.wopg.org\\\/fr\\\/\",\"logo\":{\"@type\":\"ImageObject\",\"inLanguage\":\"fr-FR\",\"@id\":\"https:\\\/\\\/www.wopg.org\\\/fr\\\/#\\\/schema\\\/logo\\\/image\\\/\",\"url\":\"https:\\\/\\\/wopg.org\\\/wp-content\\\/uploads\\\/2022\\\/02\\\/Words-of-Peace-logo-website61x252.png\",\"contentUrl\":\"https:\\\/\\\/wopg.org\\\/wp-content\\\/uploads\\\/2022\\\/02\\\/Words-of-Peace-logo-website61x252.png\",\"width\":252,\"height\":61,\"caption\":\"Words of Peace\"},\"image\":{\"@id\":\"https:\\\/\\\/www.wopg.org\\\/fr\\\/#\\\/schema\\\/logo\\\/image\\\/\"},\"sameAs\":[\"https:\\\/\\\/www.facebook.com\\\/wordsofpeaceglobal\",\"https:\\\/\\\/x.com\\\/wopg\",\"https:\\\/\\\/www.instagram.com\\\/wopgofficial\\\/\"]},{\"@type\":\"Person\",\"@id\":\"https:\\\/\\\/www.wopg.org\\\/fr\\\/#\\\/schema\\\/person\\\/c495a5aacd2a074ce031b7fa6625b3af\",\"name\":\"Roberto\",\"image\":{\"@type\":\"ImageObject\",\"inLanguage\":\"fr-FR\",\"@id\":\"https:\\\/\\\/secure.gravatar.com\\\/avatar\\\/3a2423ab531630d32d946fa10acea4a736bd03feede76ddcc150434c8458228b?s=96&d=mm&r=g\",\"url\":\"https:\\\/\\\/secure.gravatar.com\\\/avatar\\\/3a2423ab531630d32d946fa10acea4a736bd03feede76ddcc150434c8458228b?s=96&d=mm&r=g\",\"contentUrl\":\"https:\\\/\\\/secure.gravatar.com\\\/avatar\\\/3a2423ab531630d32d946fa10acea4a736bd03feede76ddcc150434c8458228b?s=96&d=mm&r=g\",\"caption\":\"Roberto\"},\"url\":\"https:\\\/\\\/www.wopg.org\\\/fr\\\/author\\\/roberto\\\/\"}]}<\/script>\n<!-- \/ Yoast SEO plugin. -->","yoast_head_json":{"title":"Prem Rawat \u00e0 Colombo | Words of Peace","robots":{"index":"index","follow":"follow","max-snippet":"max-snippet:-1","max-image-preview":"max-image-preview:large","max-video-preview":"max-video-preview:-1"},"canonical":"https:\/\/www.wopg.org\/fr\/prem-rawat-a-colombo\/","og_locale":"fr_FR","og_type":"article","og_title":"Prem Rawat \u00e0 Colombo | Words of Peace","og_description":"Photo avec l\u2019autorisation de TimelessToday NOTEZ LA DATE Prem Rawat, sp\u00e9cialiste mondialement connu de l\u2019\u00e9ducation \u00e0 la paix et auteur de best-sellers, s'est d\u00e9j\u00e0 adress\u00e9 \u00e0 des auditoires enthousiastes de centaines de milliers de personnes lors de sa tourn\u00e9e mondiale 2025.Maintenant, il va parler \u00e0 Colombo, au Sri Lanka&nbsp;!Prem Rawat donne une conf\u00e9rence \u00e0 Colombo [&hellip;]","og_url":"https:\/\/www.wopg.org\/fr\/prem-rawat-a-colombo\/","og_site_name":"Words of Peace","article_publisher":"https:\/\/www.facebook.com\/wordsofpeaceglobal","article_published_time":"2025-10-10T14:31:06+00:00","article_modified_time":"2026-01-20T21:05:00+00:00","og_image":[{"width":1080,"height":608,"url":"https:\/\/eadn-wc03-5903292.nxedge.io\/wp-content\/uploads\/2025\/10\/250803_Boston_cc_054-lowres_1080x608.jpg","type":"image\/jpeg"}],"author":"Roberto","twitter_card":"summary_large_image","twitter_creator":"@wopg","twitter_site":"@wopg","twitter_misc":{"\u00c9crit par":"Roberto","Dur\u00e9e de lecture estim\u00e9e":"2 minutes"},"schema":{"@context":"https:\/\/schema.org","@graph":[{"@type":"Article","@id":"https:\/\/www.wopg.org\/fr\/prem-rawat-a-colombo\/#article","isPartOf":{"@id":"https:\/\/www.wopg.org\/fr\/prem-rawat-a-colombo\/"},"author":{"name":"Roberto","@id":"https:\/\/www.wopg.org\/fr\/#\/schema\/person\/c495a5aacd2a074ce031b7fa6625b3af"},"headline":"Prem Rawat \u00e0 Colombo","datePublished":"2025-10-10T14:31:06+00:00","dateModified":"2026-01-20T21:05:00+00:00","mainEntityOfPage":{"@id":"https:\/\/www.wopg.org\/fr\/prem-rawat-a-colombo\/"},"wordCount":371,"publisher":{"@id":"https:\/\/www.wopg.org\/fr\/#organization"},"image":{"@id":"https:\/\/www.wopg.org\/fr\/prem-rawat-a-colombo\/#primaryimage"},"thumbnailUrl":"https:\/\/eadn-wc03-5903292.nxedge.io\/wp-content\/uploads\/2025\/10\/250803_Boston_cc_054-lowres_1080x608.jpg","articleSection":["Non classifi\u00e9(e)","Recent","Uncategorized"],"inLanguage":"fr-FR"},{"@type":"WebPage","@id":"https:\/\/www.wopg.org\/fr\/prem-rawat-a-colombo\/","url":"https:\/\/www.wopg.org\/fr\/prem-rawat-a-colombo\/","name":"Prem Rawat \u00e0 Colombo | Words of Peace","isPartOf":{"@id":"https:\/\/www.wopg.org\/fr\/#website"},"primaryImageOfPage":{"@id":"https:\/\/www.wopg.org\/fr\/prem-rawat-a-colombo\/#primaryimage"},"image":{"@id":"https:\/\/www.wopg.org\/fr\/prem-rawat-a-colombo\/#primaryimage"},"thumbnailUrl":"https:\/\/eadn-wc03-5903292.nxedge.io\/wp-content\/uploads\/2025\/10\/250803_Boston_cc_054-lowres_1080x608.jpg","datePublished":"2025-10-10T14:31:06+00:00","dateModified":"2026-01-20T21:05:00+00:00","breadcrumb":{"@id":"https:\/\/www.wopg.org\/fr\/prem-rawat-a-colombo\/#breadcrumb"},"inLanguage":"fr-FR","potentialAction":[{"@type":"ReadAction","target":["https:\/\/www.wopg.org\/fr\/prem-rawat-a-colombo\/"]}]},{"@type":"ImageObject","inLanguage":"fr-FR","@id":"https:\/\/www.wopg.org\/fr\/prem-rawat-a-colombo\/#primaryimage","url":"https:\/\/eadn-wc03-5903292.nxedge.io\/wp-content\/uploads\/2025\/10\/250803_Boston_cc_054-lowres_1080x608.jpg","contentUrl":"https:\/\/eadn-wc03-5903292.nxedge.io\/wp-content\/uploads\/2025\/10\/250803_Boston_cc_054-lowres_1080x608.jpg","width":1080,"height":608},{"@type":"BreadcrumbList","@id":"https:\/\/www.wopg.org\/fr\/prem-rawat-a-colombo\/#breadcrumb","itemListElement":[{"@type":"ListItem","position":1,"name":"Home","item":"https:\/\/www.wopg.org\/fr\/"},{"@type":"ListItem","position":2,"name":"Prem Rawat \u00e0 Colombo"}]},{"@type":"WebSite","@id":"https:\/\/www.wopg.org\/fr\/#website","url":"https:\/\/www.wopg.org\/fr\/","name":"Words of Peace","description":"Practice Peace, Change Your World","publisher":{"@id":"https:\/\/www.wopg.org\/fr\/#organization"},"potentialAction":[{"@type":"SearchAction","target":{"@type":"EntryPoint","urlTemplate":"https:\/\/www.wopg.org\/fr\/?s={search_term_string}"},"query-input":{"@type":"PropertyValueSpecification","valueRequired":true,"valueName":"search_term_string"}}],"inLanguage":"fr-FR"},{"@type":"Organization","@id":"https:\/\/www.wopg.org\/fr\/#organization","name":"Words of Peace","url":"https:\/\/www.wopg.org\/fr\/","logo":{"@type":"ImageObject","inLanguage":"fr-FR","@id":"https:\/\/www.wopg.org\/fr\/#\/schema\/logo\/image\/","url":"https:\/\/wopg.org\/wp-content\/uploads\/2022\/02\/Words-of-Peace-logo-website61x252.png","contentUrl":"https:\/\/wopg.org\/wp-content\/uploads\/2022\/02\/Words-of-Peace-logo-website61x252.png","width":252,"height":61,"caption":"Words of Peace"},"image":{"@id":"https:\/\/www.wopg.org\/fr\/#\/schema\/logo\/image\/"},"sameAs":["https:\/\/www.facebook.com\/wordsofpeaceglobal","https:\/\/x.com\/wopg","https:\/\/www.instagram.com\/wopgofficial\/"]},{"@type":"Person","@id":"https:\/\/www.wopg.org\/fr\/#\/schema\/person\/c495a5aacd2a074ce031b7fa6625b3af","name":"Roberto","image":{"@type":"ImageObject","inLanguage":"fr-FR","@id":"https:\/\/secure.gravatar.com\/avatar\/3a2423ab531630d32d946fa10acea4a736bd03feede76ddcc150434c8458228b?s=96&d=mm&r=g","url":"https:\/\/secure.gravatar.com\/avatar\/3a2423ab531630d32d946fa10acea4a736bd03feede76ddcc150434c8458228b?s=96&d=mm&r=g","contentUrl":"https:\/\/secure.gravatar.com\/avatar\/3a2423ab531630d32d946fa10acea4a736bd03feede76ddcc150434c8458228b?s=96&d=mm&r=g","caption":"Roberto"},"url":"https:\/\/www.wopg.org\/fr\/author\/roberto\/"}]}},"_links":{"self":[{"href":"https:\/\/www.wopg.org\/fr\/wp-json\/wp\/v2\/posts\/43844","targetHints":{"allow":["GET"]}}],"collection":[{"href":"https:\/\/www.wopg.org\/fr\/wp-json\/wp\/v2\/posts"}],"about":[{"href":"https:\/\/www.wopg.org\/fr\/wp-json\/wp\/v2\/types\/post"}],"author":[{"embeddable":true,"href":"https:\/\/www.wopg.org\/fr\/wp-json\/wp\/v2\/users\/14"}],"replies":[{"embeddable":true,"href":"https:\/\/www.wopg.org\/fr\/wp-json\/wp\/v2\/comments?post=43844"}],"version-history":[{"count":11,"href":"https:\/\/www.wopg.org\/fr\/wp-json\/wp\/v2\/posts\/43844\/revisions"}],"predecessor-version":[{"id":46217,"href":"https:\/\/www.wopg.org\/fr\/wp-json\/wp\/v2\/posts\/43844\/revisions\/46217"}],"wp:featuredmedia":[{"embeddable":true,"href":"https:\/\/www.wopg.org\/fr\/wp-json\/wp\/v2\/media\/43845"}],"wp:attachment":[{"href":"https:\/\/www.wopg.org\/fr\/wp-json\/wp\/v2\/media?parent=43844"}],"wp:term":[{"taxonomy":"category","embeddable":true,"href":"https:\/\/www.wopg.org\/fr\/wp-json\/wp\/v2\/categories?post=43844"},{"taxonomy":"post_tag","embeddable":true,"href":"https:\/\/www.wopg.org\/fr\/wp-json\/wp\/v2\/tags?post=43844"},{"taxonomy":"post_folder","embeddable":true,"href":"https:\/\/www.wopg.org\/fr\/wp-json\/wp\/v2\/post_folder?post=43844"}],"curies":[{"name":"wp","href":"https:\/\/api.w.org\/{rel}","templated":true}]}}