{"id":48689,"date":"2026-03-02T00:05:17","date_gmt":"2026-03-02T00:05:17","guid":{"rendered":"https:\/\/www.wopg.org\/?p=48689"},"modified":"2026-04-25T06:02:49","modified_gmt":"2026-04-25T06:02:49","slug":"prem-rawat-a-bad-vilbel-en-allemagne","status":"publish","type":"post","link":"https:\/\/www.wopg.org\/fr\/prem-rawat-a-bad-vilbel-en-allemagne\/","title":{"rendered":"PREM RAWAT \u00e0 Bad Vilbel, en Allemagne"},"content":{"rendered":"<p>[et_pb_section fb_built=\u00a0\u00bb1&Prime; admin_label=\u00a0\u00bbsection\u00a0\u00bb _builder_version=\u00a0\u00bb4.16&Prime; custom_padding=\u00a0\u00bb0px||0px||false|false\u00a0\u00bb global_colors_info=\u00a0\u00bb{}\u00a0\u00bb][et_pb_row admin_label=\u00a0\u00bbrow\u00a0\u00bb _builder_version=\u00a0\u00bb4.16&Prime; background_size=\u00a0\u00bbinitial\u00a0\u00bb background_position=\u00a0\u00bbtop_left\u00a0\u00bb background_repeat=\u00a0\u00bbrepeat\u00a0\u00bb global_colors_info=\u00a0\u00bb{}\u00a0\u00bb][et_pb_column type=\u00a0\u00bb4_4&Prime; _builder_version=\u00a0\u00bb4.16&Prime; custom_padding=\u00a0\u00bb|||\u00a0\u00bb global_colors_info=\u00a0\u00bb{}\u00a0\u00bb custom_padding__hover=\u00a0\u00bb|||\u00a0\u00bb][et_pb_text admin_label=\u00a0\u00bbTitle\u00a0\u00bb _builder_version=\u00a0\u00bb4.27.5&Prime; _module_preset=\u00a0\u00bbdefault\u00a0\u00bb global_colors_info=\u00a0\u00bb{}\u00a0\u00bb]<\/p>\n<h3 style=\"text-align: center;\">NOTEZ LA DATE<\/h3>\n<p>[\/et_pb_text][et_pb_text admin_label=\u00a0\u00bbInformations &#8211; 1&Prime; _builder_version=\u00a0\u00bb4.27.5&Prime; _module_preset=\u00a0\u00bbdefault\u00a0\u00bb header_4_text_color=\u00a0\u00bb#008B73&Prime; header_5_text_color=\u00a0\u00bb#008B73&Prime; global_colors_info=\u00a0\u00bb{}\u00a0\u00bb]<\/p>\n<h3 class=\"p1\" style=\"text-align: center;\"><strong>UNCOVER LIFE<\/strong><\/h3>\n<p class=\"p1\" style=\"text-align: center;\"><em>(Lever le voile sur la vie)<\/em><\/p>\n<p class=\"p1\" style=\"text-align: center;\">avec le conf\u00e9rencier Prem Rawat, \u00e0 un \u00e9v\u00e9nement \u00e0<\/p>\n<h4 style=\"text-align: center;\"><strong>Bad Vilbel, en Allemagne<\/strong><\/h4>\n<p class=\"p1\" style=\"text-align: center;\">le 6 mai 2026 \u00e0 18 h, heure locale<\/p>\n<p>[\/et_pb_text][et_pb_image src=\u00a0\u00bbhttps:\/\/eadn-wc03-5903292.nxedge.io\/wp-content\/uploads\/2026\/04\/Bad-Vilbel-Frankfurt_1080x608-web.jpg\u00a0\u00bb title_text=\u00a0\u00bbBad Vilbel Frankfurt_1080x1080-web\u00a0\u00bb show_bottom_space=\u00a0\u00bboff\u00a0\u00bb src_tablet=\u00a0\u00bbhttps:\/\/eadn-wc03-5903292.nxedge.io\/wp-content\/uploads\/2026\/04\/Bad-Vilbel-Frankfurt_1080x608-web.jpg\u00a0\u00bb src_phone=\u00a0\u00bbhttps:\/\/eadn-wc03-5903292.nxedge.io\/wp-content\/uploads\/2026\/04\/Bad-Vilbel-Frankfurt_1080x1080-web.jpg\u00a0\u00bb src_last_edited=\u00a0\u00bbon|phone\u00a0\u00bb _builder_version=\u00a0\u00bb4.27.5&Prime; _module_preset=\u00a0\u00bbdefault\u00a0\u00bb global_colors_info=\u00a0\u00bb{}\u00a0\u00bb][\/et_pb_image][et_pb_text disabled_on=\u00a0\u00bboff|off|off\u00a0\u00bb _builder_version=\u00a0\u00bb4.27.5&Prime; _module_preset=\u00a0\u00bbdefault\u00a0\u00bb global_colors_info=\u00a0\u00bb{}\u00a0\u00bb]<\/p>\n<h6 style=\"text-align: center;\">Photo avec l\u2019autorisation de TimelessToday<\/h6>\n<p>[\/et_pb_text][et_pb_text admin_label=\u00a0\u00bbInformations &#8211; 2&Prime; _builder_version=\u00a0\u00bb4.27.5&Prime; _module_preset=\u00a0\u00bbdefault\u00a0\u00bb header_4_text_color=\u00a0\u00bb#008B73&Prime; header_5_text_color=\u00a0\u00bb#008B73&Prime; hover_enabled=\u00a0\u00bb0&Prime; locked=\u00a0\u00bboff\u00a0\u00bb global_colors_info=\u00a0\u00bb{}\u00a0\u00bb sticky_enabled=\u00a0\u00bb0&Prime;]<\/p>\n<p class=\"p1\">Depuis pr\u00e8s de 60 ans, Prem Rawat, auteur et ambassadeur de la paix, s\u2019est exprim\u00e9 sur la paix et le bien\u00eatre personnels devant des publics du monde entier.<\/p>\n<p class=\"p1\">Outre les \u00e9v\u00e9nements organis\u00e9s \u00e0 Barcelone, Bologne et Brighton, nous avons le plaisir d&rsquo;inviter les personnes int\u00e9ress\u00e9es par son message \u00e0 un nouvel \u00e9v\u00e9nement \u201cUNCOVER LIFE\u201c qui se tiendra \u00e0 Francfort (Bad Vilbel), en Allemagne, d\u00e9but mai.<\/p>\n<p class=\"p1\">Prem Rawat s&rsquo;exprimant en anglais, une traduction simultan\u00e9e en allemand sera assur\u00e9e.<\/p>\n<p class=\"p1\">Pour conna\u00eetre les derni\u00e8res actualit\u00e9s et obtenir des informations importantes sur la mani\u00e8re d&rsquo;acheter vos billets, veuillez consulter vos emails ou vous rendre sur <a href=\"https:\/\/www.wopg.org\/fr\/evenements\/\" target=\"_blank\" rel=\"noopener\">la page des \u00e9v\u00e9nements<\/a> du site web du WOPG.<\/p>\n<p class=\"p1\">Des informations concernant une \u00e9ventuelle diffusion en direct de cet \u00e9v\u00e9nement pour les abonn\u00e9s de TimelessToday\u00ae seront bient\u00f4t disponibles. Rendez-vous sur <a href=\"https:\/\/www.premrawat.com\/fr\/conferences-et-retransmissions-2\/\" target=\"_blank\" rel=\"noopener\">www.premrawat.com<\/a> pour en savoir plus.<\/p>\n<p>[\/et_pb_text][et_pb_divider _builder_version=\u00a0\u00bb4.27.4&Prime; _module_preset=\u00a0\u00bbdefault\u00a0\u00bb global_colors_info=\u00a0\u00bb{}\u00a0\u00bb][\/et_pb_divider][et_pb_text disabled_on=\u00a0\u00bboff|off|off\u00a0\u00bb admin_label=\u00a0\u00bbNotice\u00a0\u00bb _builder_version=\u00a0\u00bb4.27.5&Prime; _module_preset=\u00a0\u00bbdefault\u00a0\u00bb hover_enabled=\u00a0\u00bb0&Prime; global_colors_info=\u00a0\u00bb{}\u00a0\u00bb sticky_enabled=\u00a0\u00bb0&Prime;]<\/p>\n<p class=\"p1\">Cette annonce pr\u00e9alable vous est fournie pour vous aider \u00e0 vous organiser, mais ne doit pas \u00eatre utilis\u00e9e pour r\u00e9server un voyage ou un h\u00e9bergement, car le nombre de personnes souhaitant obtenir une place pourrait d\u00e9passer la capacit\u00e9 d&rsquo;accueil de la salle.<\/p>\n<p class=\"p1\">Pour toute question, envoyez-nous un message \u00e0 l&rsquo;adresse <a href=\"https:\/\/www.wopg.org\/fr\/contact\/\" target=\"_blank\" rel=\"noopener\"> www.wopg.org\/contact<\/a> ou \u00e9crivez directement \u00e0 <a href=\"mailto:contact@wopg.org\" target=\"_blank\" rel=\"noopener\"> contact@wopg.org<\/a>.<\/p>\n<p>[\/et_pb_text][et_pb_filterable_portfolio disabled_on=\u00a0\u00bbon|on|on\u00a0\u00bb _builder_version=\u00a0\u00bb4.27.5&Prime; _module_preset=\u00a0\u00bbdefault\u00a0\u00bb disabled=\u00a0\u00bbon\u00a0\u00bb global_colors_info=\u00a0\u00bb{}\u00a0\u00bb][\/et_pb_filterable_portfolio][\/et_pb_column][\/et_pb_row][\/et_pb_section]<\/p>\n","protected":false},"excerpt":{"rendered":"<p>NOTEZ LA DATE UNCOVER LIFE (Lever le voile sur la vie) avec le conf\u00e9rencier Prem Rawat, \u00e0 un \u00e9v\u00e9nement \u00e0 Bad Vilbel, en Allemagne le 6 mai 2026 \u00e0 18 h, heure localePhoto avec l\u2019autorisation de TimelessToday Depuis pr\u00e8s de 60 ans, Prem Rawat, auteur et ambassadeur de la paix, s\u2019est exprim\u00e9 sur la paix [&hellip;]<\/p>\n","protected":false},"author":14,"featured_media":48690,"comment_status":"closed","ping_status":"closed","sticky":false,"template":"","format":"standard","meta":{"_et_pb_use_builder":"on","_et_pb_old_content":"","_et_gb_content_width":"","cybocfi_hide_featured_image":"","footnotes":""},"categories":[44],"tags":[],"post_folder":[],"class_list":["post-48689","post","type-post","status-publish","format-standard","has-post-thumbnail","hentry","category-evenements"],"yoast_head":"<!-- This site is optimized with the Yoast SEO plugin v27.3 - https:\/\/yoast.com\/product\/yoast-seo-wordpress\/ -->\n<title>PREM RAWAT \u00e0 Bad Vilbel, en Allemagne | Words of Peace<\/title>\n<meta name=\"robots\" content=\"index, follow, max-snippet:-1, max-image-preview:large, max-video-preview:-1\" \/>\n<link rel=\"canonical\" href=\"https:\/\/www.wopg.org\/fr\/prem-rawat-a-bad-vilbel-en-allemagne\/\" \/>\n<meta property=\"og:locale\" content=\"fr_FR\" \/>\n<meta property=\"og:type\" content=\"article\" \/>\n<meta property=\"og:title\" content=\"PREM RAWAT \u00e0 Bad Vilbel, en Allemagne | Words of Peace\" \/>\n<meta property=\"og:description\" content=\"NOTEZ LA DATE UNCOVER LIFE (Lever le voile sur la vie) avec le conf\u00e9rencier Prem Rawat, \u00e0 un \u00e9v\u00e9nement \u00e0 Bad Vilbel, en Allemagne le 6 mai 2026 \u00e0 18 h, heure localePhoto avec l\u2019autorisation de TimelessToday Depuis pr\u00e8s de 60 ans, Prem Rawat, auteur et ambassadeur de la paix, s\u2019est exprim\u00e9 sur la paix [&hellip;]\" \/>\n<meta property=\"og:url\" content=\"https:\/\/www.wopg.org\/fr\/prem-rawat-a-bad-vilbel-en-allemagne\/\" \/>\n<meta property=\"og:site_name\" content=\"Words of Peace\" \/>\n<meta property=\"article:publisher\" content=\"https:\/\/www.facebook.com\/wordsofpeaceglobal\" \/>\n<meta property=\"article:published_time\" content=\"2026-03-02T00:05:17+00:00\" \/>\n<meta property=\"article:modified_time\" content=\"2026-04-25T06:02:49+00:00\" \/>\n<meta property=\"og:image\" content=\"https:\/\/eadn-wc03-5903292.nxedge.io\/wp-content\/uploads\/2026\/03\/bad-vilbel-std-2026-1080x608-1.jpg\" \/>\n\t<meta property=\"og:image:width\" content=\"1080\" \/>\n\t<meta property=\"og:image:height\" content=\"608\" \/>\n\t<meta property=\"og:image:type\" content=\"image\/jpeg\" \/>\n<meta name=\"author\" content=\"Roberto\" \/>\n<meta name=\"twitter:card\" content=\"summary_large_image\" \/>\n<meta name=\"twitter:creator\" content=\"@wopg\" \/>\n<meta name=\"twitter:site\" content=\"@wopg\" \/>\n<meta name=\"twitter:label1\" content=\"\u00c9crit par\" \/>\n\t<meta name=\"twitter:data1\" content=\"Roberto\" \/>\n\t<meta name=\"twitter:label2\" content=\"Dur\u00e9e de lecture estim\u00e9e\" \/>\n\t<meta name=\"twitter:data2\" content=\"3 minutes\" \/>\n<script type=\"application\/ld+json\" class=\"yoast-schema-graph\">{\"@context\":\"https:\\\/\\\/schema.org\",\"@graph\":[{\"@type\":\"Article\",\"@id\":\"https:\\\/\\\/www.wopg.org\\\/fr\\\/prem-rawat-a-bad-vilbel-en-allemagne\\\/#article\",\"isPartOf\":{\"@id\":\"https:\\\/\\\/www.wopg.org\\\/fr\\\/prem-rawat-a-bad-vilbel-en-allemagne\\\/\"},\"author\":{\"name\":\"Roberto\",\"@id\":\"https:\\\/\\\/www.wopg.org\\\/fr\\\/#\\\/schema\\\/person\\\/c495a5aacd2a074ce031b7fa6625b3af\"},\"headline\":\"PREM RAWAT \u00e0 Bad Vilbel, en Allemagne\",\"datePublished\":\"2026-03-02T00:05:17+00:00\",\"dateModified\":\"2026-04-25T06:02:49+00:00\",\"mainEntityOfPage\":{\"@id\":\"https:\\\/\\\/www.wopg.org\\\/fr\\\/prem-rawat-a-bad-vilbel-en-allemagne\\\/\"},\"wordCount\":545,\"publisher\":{\"@id\":\"https:\\\/\\\/www.wopg.org\\\/fr\\\/#organization\"},\"image\":{\"@id\":\"https:\\\/\\\/www.wopg.org\\\/fr\\\/prem-rawat-a-bad-vilbel-en-allemagne\\\/#primaryimage\"},\"thumbnailUrl\":\"https:\\\/\\\/www.wopg.org\\\/wp-content\\\/uploads\\\/2026\\\/03\\\/bad-vilbel-std-2026-1080x608-1.jpg\",\"articleSection\":[\"Events\"],\"inLanguage\":\"fr-FR\"},{\"@type\":\"WebPage\",\"@id\":\"https:\\\/\\\/www.wopg.org\\\/fr\\\/prem-rawat-a-bad-vilbel-en-allemagne\\\/\",\"url\":\"https:\\\/\\\/www.wopg.org\\\/fr\\\/prem-rawat-a-bad-vilbel-en-allemagne\\\/\",\"name\":\"PREM RAWAT \u00e0 Bad Vilbel, en Allemagne | Words of Peace\",\"isPartOf\":{\"@id\":\"https:\\\/\\\/www.wopg.org\\\/fr\\\/#website\"},\"primaryImageOfPage\":{\"@id\":\"https:\\\/\\\/www.wopg.org\\\/fr\\\/prem-rawat-a-bad-vilbel-en-allemagne\\\/#primaryimage\"},\"image\":{\"@id\":\"https:\\\/\\\/www.wopg.org\\\/fr\\\/prem-rawat-a-bad-vilbel-en-allemagne\\\/#primaryimage\"},\"thumbnailUrl\":\"https:\\\/\\\/www.wopg.org\\\/wp-content\\\/uploads\\\/2026\\\/03\\\/bad-vilbel-std-2026-1080x608-1.jpg\",\"datePublished\":\"2026-03-02T00:05:17+00:00\",\"dateModified\":\"2026-04-25T06:02:49+00:00\",\"breadcrumb\":{\"@id\":\"https:\\\/\\\/www.wopg.org\\\/fr\\\/prem-rawat-a-bad-vilbel-en-allemagne\\\/#breadcrumb\"},\"inLanguage\":\"fr-FR\",\"potentialAction\":[{\"@type\":\"ReadAction\",\"target\":[\"https:\\\/\\\/www.wopg.org\\\/fr\\\/prem-rawat-a-bad-vilbel-en-allemagne\\\/\"]}]},{\"@type\":\"ImageObject\",\"inLanguage\":\"fr-FR\",\"@id\":\"https:\\\/\\\/www.wopg.org\\\/fr\\\/prem-rawat-a-bad-vilbel-en-allemagne\\\/#primaryimage\",\"url\":\"https:\\\/\\\/www.wopg.org\\\/wp-content\\\/uploads\\\/2026\\\/03\\\/bad-vilbel-std-2026-1080x608-1.jpg\",\"contentUrl\":\"https:\\\/\\\/www.wopg.org\\\/wp-content\\\/uploads\\\/2026\\\/03\\\/bad-vilbel-std-2026-1080x608-1.jpg\",\"width\":1080,\"height\":608},{\"@type\":\"BreadcrumbList\",\"@id\":\"https:\\\/\\\/www.wopg.org\\\/fr\\\/prem-rawat-a-bad-vilbel-en-allemagne\\\/#breadcrumb\",\"itemListElement\":[{\"@type\":\"ListItem\",\"position\":1,\"name\":\"Home\",\"item\":\"https:\\\/\\\/www.wopg.org\\\/fr\\\/\"},{\"@type\":\"ListItem\",\"position\":2,\"name\":\"PREM RAWAT \u00e0 Bad Vilbel, en Allemagne\"}]},{\"@type\":\"WebSite\",\"@id\":\"https:\\\/\\\/www.wopg.org\\\/fr\\\/#website\",\"url\":\"https:\\\/\\\/www.wopg.org\\\/fr\\\/\",\"name\":\"Words of Peace\",\"description\":\"Practice Peace, Change Your World\",\"publisher\":{\"@id\":\"https:\\\/\\\/www.wopg.org\\\/fr\\\/#organization\"},\"potentialAction\":[{\"@type\":\"SearchAction\",\"target\":{\"@type\":\"EntryPoint\",\"urlTemplate\":\"https:\\\/\\\/www.wopg.org\\\/fr\\\/?s={search_term_string}\"},\"query-input\":{\"@type\":\"PropertyValueSpecification\",\"valueRequired\":true,\"valueName\":\"search_term_string\"}}],\"inLanguage\":\"fr-FR\"},{\"@type\":\"Organization\",\"@id\":\"https:\\\/\\\/www.wopg.org\\\/fr\\\/#organization\",\"name\":\"Words of Peace\",\"url\":\"https:\\\/\\\/www.wopg.org\\\/fr\\\/\",\"logo\":{\"@type\":\"ImageObject\",\"inLanguage\":\"fr-FR\",\"@id\":\"https:\\\/\\\/www.wopg.org\\\/fr\\\/#\\\/schema\\\/logo\\\/image\\\/\",\"url\":\"https:\\\/\\\/wopg.org\\\/wp-content\\\/uploads\\\/2022\\\/02\\\/Words-of-Peace-logo-website61x252.png\",\"contentUrl\":\"https:\\\/\\\/wopg.org\\\/wp-content\\\/uploads\\\/2022\\\/02\\\/Words-of-Peace-logo-website61x252.png\",\"width\":252,\"height\":61,\"caption\":\"Words of Peace\"},\"image\":{\"@id\":\"https:\\\/\\\/www.wopg.org\\\/fr\\\/#\\\/schema\\\/logo\\\/image\\\/\"},\"sameAs\":[\"https:\\\/\\\/www.facebook.com\\\/wordsofpeaceglobal\",\"https:\\\/\\\/x.com\\\/wopg\",\"https:\\\/\\\/www.instagram.com\\\/wopgofficial\\\/\"]},{\"@type\":\"Person\",\"@id\":\"https:\\\/\\\/www.wopg.org\\\/fr\\\/#\\\/schema\\\/person\\\/c495a5aacd2a074ce031b7fa6625b3af\",\"name\":\"Roberto\",\"image\":{\"@type\":\"ImageObject\",\"inLanguage\":\"fr-FR\",\"@id\":\"https:\\\/\\\/secure.gravatar.com\\\/avatar\\\/3a2423ab531630d32d946fa10acea4a736bd03feede76ddcc150434c8458228b?s=96&d=mm&r=g\",\"url\":\"https:\\\/\\\/secure.gravatar.com\\\/avatar\\\/3a2423ab531630d32d946fa10acea4a736bd03feede76ddcc150434c8458228b?s=96&d=mm&r=g\",\"contentUrl\":\"https:\\\/\\\/secure.gravatar.com\\\/avatar\\\/3a2423ab531630d32d946fa10acea4a736bd03feede76ddcc150434c8458228b?s=96&d=mm&r=g\",\"caption\":\"Roberto\"},\"url\":\"https:\\\/\\\/www.wopg.org\\\/fr\\\/author\\\/roberto\\\/\"}]}<\/script>\n<!-- \/ Yoast SEO plugin. -->","yoast_head_json":{"title":"PREM RAWAT \u00e0 Bad Vilbel, en Allemagne | Words of Peace","robots":{"index":"index","follow":"follow","max-snippet":"max-snippet:-1","max-image-preview":"max-image-preview:large","max-video-preview":"max-video-preview:-1"},"canonical":"https:\/\/www.wopg.org\/fr\/prem-rawat-a-bad-vilbel-en-allemagne\/","og_locale":"fr_FR","og_type":"article","og_title":"PREM RAWAT \u00e0 Bad Vilbel, en Allemagne | Words of Peace","og_description":"NOTEZ LA DATE UNCOVER LIFE (Lever le voile sur la vie) avec le conf\u00e9rencier Prem Rawat, \u00e0 un \u00e9v\u00e9nement \u00e0 Bad Vilbel, en Allemagne le 6 mai 2026 \u00e0 18 h, heure localePhoto avec l\u2019autorisation de TimelessToday Depuis pr\u00e8s de 60 ans, Prem Rawat, auteur et ambassadeur de la paix, s\u2019est exprim\u00e9 sur la paix [&hellip;]","og_url":"https:\/\/www.wopg.org\/fr\/prem-rawat-a-bad-vilbel-en-allemagne\/","og_site_name":"Words of Peace","article_publisher":"https:\/\/www.facebook.com\/wordsofpeaceglobal","article_published_time":"2026-03-02T00:05:17+00:00","article_modified_time":"2026-04-25T06:02:49+00:00","og_image":[{"width":1080,"height":608,"url":"https:\/\/eadn-wc03-5903292.nxedge.io\/wp-content\/uploads\/2026\/03\/bad-vilbel-std-2026-1080x608-1.jpg","type":"image\/jpeg"}],"author":"Roberto","twitter_card":"summary_large_image","twitter_creator":"@wopg","twitter_site":"@wopg","twitter_misc":{"\u00c9crit par":"Roberto","Dur\u00e9e de lecture estim\u00e9e":"3 minutes"},"schema":{"@context":"https:\/\/schema.org","@graph":[{"@type":"Article","@id":"https:\/\/www.wopg.org\/fr\/prem-rawat-a-bad-vilbel-en-allemagne\/#article","isPartOf":{"@id":"https:\/\/www.wopg.org\/fr\/prem-rawat-a-bad-vilbel-en-allemagne\/"},"author":{"name":"Roberto","@id":"https:\/\/www.wopg.org\/fr\/#\/schema\/person\/c495a5aacd2a074ce031b7fa6625b3af"},"headline":"PREM RAWAT \u00e0 Bad Vilbel, en Allemagne","datePublished":"2026-03-02T00:05:17+00:00","dateModified":"2026-04-25T06:02:49+00:00","mainEntityOfPage":{"@id":"https:\/\/www.wopg.org\/fr\/prem-rawat-a-bad-vilbel-en-allemagne\/"},"wordCount":545,"publisher":{"@id":"https:\/\/www.wopg.org\/fr\/#organization"},"image":{"@id":"https:\/\/www.wopg.org\/fr\/prem-rawat-a-bad-vilbel-en-allemagne\/#primaryimage"},"thumbnailUrl":"https:\/\/eadn-wc03-5903292.nxedge.io\/wp-content\/uploads\/2026\/03\/bad-vilbel-std-2026-1080x608-1.jpg","articleSection":["Events"],"inLanguage":"fr-FR"},{"@type":"WebPage","@id":"https:\/\/www.wopg.org\/fr\/prem-rawat-a-bad-vilbel-en-allemagne\/","url":"https:\/\/www.wopg.org\/fr\/prem-rawat-a-bad-vilbel-en-allemagne\/","name":"PREM RAWAT \u00e0 Bad Vilbel, en Allemagne | Words of Peace","isPartOf":{"@id":"https:\/\/www.wopg.org\/fr\/#website"},"primaryImageOfPage":{"@id":"https:\/\/www.wopg.org\/fr\/prem-rawat-a-bad-vilbel-en-allemagne\/#primaryimage"},"image":{"@id":"https:\/\/www.wopg.org\/fr\/prem-rawat-a-bad-vilbel-en-allemagne\/#primaryimage"},"thumbnailUrl":"https:\/\/eadn-wc03-5903292.nxedge.io\/wp-content\/uploads\/2026\/03\/bad-vilbel-std-2026-1080x608-1.jpg","datePublished":"2026-03-02T00:05:17+00:00","dateModified":"2026-04-25T06:02:49+00:00","breadcrumb":{"@id":"https:\/\/www.wopg.org\/fr\/prem-rawat-a-bad-vilbel-en-allemagne\/#breadcrumb"},"inLanguage":"fr-FR","potentialAction":[{"@type":"ReadAction","target":["https:\/\/www.wopg.org\/fr\/prem-rawat-a-bad-vilbel-en-allemagne\/"]}]},{"@type":"ImageObject","inLanguage":"fr-FR","@id":"https:\/\/www.wopg.org\/fr\/prem-rawat-a-bad-vilbel-en-allemagne\/#primaryimage","url":"https:\/\/eadn-wc03-5903292.nxedge.io\/wp-content\/uploads\/2026\/03\/bad-vilbel-std-2026-1080x608-1.jpg","contentUrl":"https:\/\/eadn-wc03-5903292.nxedge.io\/wp-content\/uploads\/2026\/03\/bad-vilbel-std-2026-1080x608-1.jpg","width":1080,"height":608},{"@type":"BreadcrumbList","@id":"https:\/\/www.wopg.org\/fr\/prem-rawat-a-bad-vilbel-en-allemagne\/#breadcrumb","itemListElement":[{"@type":"ListItem","position":1,"name":"Home","item":"https:\/\/www.wopg.org\/fr\/"},{"@type":"ListItem","position":2,"name":"PREM RAWAT \u00e0 Bad Vilbel, en Allemagne"}]},{"@type":"WebSite","@id":"https:\/\/www.wopg.org\/fr\/#website","url":"https:\/\/www.wopg.org\/fr\/","name":"Words of Peace","description":"Practice Peace, Change Your World","publisher":{"@id":"https:\/\/www.wopg.org\/fr\/#organization"},"potentialAction":[{"@type":"SearchAction","target":{"@type":"EntryPoint","urlTemplate":"https:\/\/www.wopg.org\/fr\/?s={search_term_string}"},"query-input":{"@type":"PropertyValueSpecification","valueRequired":true,"valueName":"search_term_string"}}],"inLanguage":"fr-FR"},{"@type":"Organization","@id":"https:\/\/www.wopg.org\/fr\/#organization","name":"Words of Peace","url":"https:\/\/www.wopg.org\/fr\/","logo":{"@type":"ImageObject","inLanguage":"fr-FR","@id":"https:\/\/www.wopg.org\/fr\/#\/schema\/logo\/image\/","url":"https:\/\/wopg.org\/wp-content\/uploads\/2022\/02\/Words-of-Peace-logo-website61x252.png","contentUrl":"https:\/\/wopg.org\/wp-content\/uploads\/2022\/02\/Words-of-Peace-logo-website61x252.png","width":252,"height":61,"caption":"Words of Peace"},"image":{"@id":"https:\/\/www.wopg.org\/fr\/#\/schema\/logo\/image\/"},"sameAs":["https:\/\/www.facebook.com\/wordsofpeaceglobal","https:\/\/x.com\/wopg","https:\/\/www.instagram.com\/wopgofficial\/"]},{"@type":"Person","@id":"https:\/\/www.wopg.org\/fr\/#\/schema\/person\/c495a5aacd2a074ce031b7fa6625b3af","name":"Roberto","image":{"@type":"ImageObject","inLanguage":"fr-FR","@id":"https:\/\/secure.gravatar.com\/avatar\/3a2423ab531630d32d946fa10acea4a736bd03feede76ddcc150434c8458228b?s=96&d=mm&r=g","url":"https:\/\/secure.gravatar.com\/avatar\/3a2423ab531630d32d946fa10acea4a736bd03feede76ddcc150434c8458228b?s=96&d=mm&r=g","contentUrl":"https:\/\/secure.gravatar.com\/avatar\/3a2423ab531630d32d946fa10acea4a736bd03feede76ddcc150434c8458228b?s=96&d=mm&r=g","caption":"Roberto"},"url":"https:\/\/www.wopg.org\/fr\/author\/roberto\/"}]}},"_links":{"self":[{"href":"https:\/\/www.wopg.org\/fr\/wp-json\/wp\/v2\/posts\/48689","targetHints":{"allow":["GET"]}}],"collection":[{"href":"https:\/\/www.wopg.org\/fr\/wp-json\/wp\/v2\/posts"}],"about":[{"href":"https:\/\/www.wopg.org\/fr\/wp-json\/wp\/v2\/types\/post"}],"author":[{"embeddable":true,"href":"https:\/\/www.wopg.org\/fr\/wp-json\/wp\/v2\/users\/14"}],"replies":[{"embeddable":true,"href":"https:\/\/www.wopg.org\/fr\/wp-json\/wp\/v2\/comments?post=48689"}],"version-history":[{"count":16,"href":"https:\/\/www.wopg.org\/fr\/wp-json\/wp\/v2\/posts\/48689\/revisions"}],"predecessor-version":[{"id":48966,"href":"https:\/\/www.wopg.org\/fr\/wp-json\/wp\/v2\/posts\/48689\/revisions\/48966"}],"wp:featuredmedia":[{"embeddable":true,"href":"https:\/\/www.wopg.org\/fr\/wp-json\/wp\/v2\/media\/48690"}],"wp:attachment":[{"href":"https:\/\/www.wopg.org\/fr\/wp-json\/wp\/v2\/media?parent=48689"}],"wp:term":[{"taxonomy":"category","embeddable":true,"href":"https:\/\/www.wopg.org\/fr\/wp-json\/wp\/v2\/categories?post=48689"},{"taxonomy":"post_tag","embeddable":true,"href":"https:\/\/www.wopg.org\/fr\/wp-json\/wp\/v2\/tags?post=48689"},{"taxonomy":"post_folder","embeddable":true,"href":"https:\/\/www.wopg.org\/fr\/wp-json\/wp\/v2\/post_folder?post=48689"}],"curies":[{"name":"wp","href":"https:\/\/api.w.org\/{rel}","templated":true}]}}