{"id":17878,"date":"2023-06-24T20:06:36","date_gmt":"2023-06-24T20:06:36","guid":{"rendered":"https:\/\/www.wopg.org\/?p=17878"},"modified":"2023-08-31T09:27:35","modified_gmt":"2023-08-31T09:27:35","slug":"prem-rawat-a-milano-italia-2023","status":"publish","type":"post","link":"https:\/\/www.wopg.org\/it\/prem-rawat-a-milano-italia-2023\/","title":{"rendered":"24 giugno 2023 &#8211; Prem Rawat a Milano, Italia"},"content":{"rendered":"<p>[et_pb_section fb_built=&#8221;1&#8243; _builder_version=&#8221;4.21.0&#8243; _module_preset=&#8221;default&#8221; custom_padding=&#8221;0px||||false|false&#8221; global_colors_info=&#8221;{}&#8221; theme_builder_area=&#8221;post_content&#8221;][et_pb_row _builder_version=&#8221;4.21.0&#8243; _module_preset=&#8221;default&#8221; custom_padding=&#8221;0px||||false|false&#8221; global_colors_info=&#8221;{}&#8221; theme_builder_area=&#8221;post_content&#8221;][et_pb_column type=&#8221;4_4&#8243; _builder_version=&#8221;4.21.0&#8243; _module_preset=&#8221;default&#8221; global_colors_info=&#8221;{}&#8221; theme_builder_area=&#8221;post_content&#8221;][et_pb_image src=&#8221;https:\/\/eadn-wc03-5903292.nxedge.io\/wp-content\/uploads\/2023\/06\/200307_Vienna_KR_mk_386-1_1080x608.jpg&#8221; alt=&#8221;Prem Rawat&#8221; title_text=&#8221;Prem Rawat&#8221; show_bottom_space=&#8221;off&#8221; align=&#8221;center&#8221; _builder_version=&#8221;4.21.0&#8243; _module_preset=&#8221;default&#8221; custom_padding=&#8221;0px||0px||false|false&#8221; global_colors_info=&#8221;{}&#8221; theme_builder_area=&#8221;post_content&#8221;][\/et_pb_image][\/et_pb_column][\/et_pb_row][\/et_pb_section][et_pb_section fb_built=&#8221;1&#8243; _builder_version=&#8221;4.21.0&#8243; _module_preset=&#8221;default&#8221; custom_padding=&#8221;0px||||false|false&#8221; hover_enabled=&#8221;0&#8243; locked=&#8221;off&#8221; global_colors_info=&#8221;{}&#8221; theme_builder_area=&#8221;post_content&#8221; sticky_enabled=&#8221;0&#8243;][et_pb_row _builder_version=&#8221;4.21.0&#8243; _module_preset=&#8221;default&#8221; width=&#8221;100%&#8221; custom_padding=&#8221;0px||||false|false&#8221; global_colors_info=&#8221;{}&#8221; theme_builder_area=&#8221;post_content&#8221;][et_pb_column type=&#8221;4_4&#8243; _builder_version=&#8221;4.17.4&#8243; _module_preset=&#8221;default&#8221; global_colors_info=&#8221;{}&#8221; theme_builder_area=&#8221;post_content&#8221;][et_pb_image src=&#8221;https:\/\/eadn-wc03-5903292.nxedge.io\/wp-content\/uploads\/2023\/06\/Understanding-and-More-logo_290x128.png&#8221; title_text=&#8221;Understanding-and-More-logo_290x128&#8243; align=&#8221;center&#8221; _builder_version=&#8221;4.21.0&#8243; _module_preset=&#8221;default&#8221; background_color=&#8221;#1a5699&#8243; width=&#8221;90%&#8221; global_colors_info=&#8221;{}&#8221; theme_builder_area=&#8221;post_content&#8221;][\/et_pb_image][\/et_pb_column][\/et_pb_row][\/et_pb_section][et_pb_section fb_built=&#8221;1&#8243; _builder_version=&#8221;4.21.0&#8243; _module_preset=&#8221;default&#8221; custom_margin=&#8221;-60px||||false|false&#8221; custom_padding=&#8221;0px||0px||false|false&#8221; locked=&#8221;off&#8221; global_colors_info=&#8221;{}&#8221; theme_builder_area=&#8221;post_content&#8221;][et_pb_row _builder_version=&#8221;4.17.4&#8243; _module_preset=&#8221;default&#8221; custom_padding=&#8221;0px||||false|false&#8221; global_colors_info=&#8221;{}&#8221; theme_builder_area=&#8221;post_content&#8221;][et_pb_column type=&#8221;4_4&#8243; _builder_version=&#8221;4.17.4&#8243; _module_preset=&#8221;default&#8221; global_colors_info=&#8221;{}&#8221; theme_builder_area=&#8221;post_content&#8221;][et_pb_text _builder_version=&#8221;4.21.0&#8243; _module_preset=&#8221;default&#8221; global_colors_info=&#8221;{}&#8221; theme_builder_area=&#8221;post_content&#8221;]<\/p>\n<h6 style=\"text-align: center\"><span>Foto per gentile concessione di TimelessToday<\/span><\/h6>\n<p>[\/et_pb_text][\/et_pb_column][\/et_pb_row][\/et_pb_section][et_pb_section fb_built=&#8221;1&#8243; admin_label=&#8221;section&#8221; _builder_version=&#8221;4.16&#8243; custom_padding=&#8221;0px||0px||false|false&#8221; global_colors_info=&#8221;{}&#8221; theme_builder_area=&#8221;post_content&#8221;][et_pb_row admin_label=&#8221;row&#8221; _builder_version=&#8221;4.16&#8243; background_size=&#8221;initial&#8221; background_position=&#8221;top_left&#8221; background_repeat=&#8221;repeat&#8221; global_colors_info=&#8221;{}&#8221; theme_builder_area=&#8221;post_content&#8221;][et_pb_column type=&#8221;4_4&#8243; _builder_version=&#8221;4.16&#8243; custom_padding=&#8221;|||&#8221; global_colors_info=&#8221;{}&#8221; custom_padding__hover=&#8221;|||&#8221; theme_builder_area=&#8221;post_content&#8221;][et_pb_text disabled_on=&#8221;off|off|off&#8221; admin_label=&#8221;Title&#8221; _builder_version=&#8221;4.21.0&#8243; _module_preset=&#8221;default&#8221; global_colors_info=&#8221;{}&#8221; theme_builder_area=&#8221;post_content&#8221;]<\/p>\n<div class=\"et_pb_row et_pb_row_0\">\n<div class=\"et_pb_column et_pb_column_4_4 et_pb_column_0 et_pb_css_mix_blend_mode_passthrough et-last-child\">\n<div class=\"et_pb_module et_pb_text et_pb_text_0 et_pb_text_align_left et_pb_bg_layout_light\">\n<div class=\"et_pb_text_inner\">\n<h2 style=\"text-align: left;\"><strong>Comprendere di pi\u00f9<\/strong> \u2013 un giorno a Milano con Prem Rawat<\/h2>\n<\/div>\n<\/div>\n<\/div>\n<\/div>\n<p>[\/et_pb_text][et_pb_text admin_label=&#8221;WHEN AND WHERE&#8221; _builder_version=&#8221;4.21.0&#8243; _module_preset=&#8221;default&#8221; global_colors_info=&#8221;{}&#8221; theme_builder_area=&#8221;post_content&#8221;]<\/p>\n<p><em>Leggi attentamente questa pagina per importanti informazioni su questo prossimo seminario. Si prega di far riferimento a queste informazioni per pianificare la propria partecipazione.<\/em><\/p>\n<h4>Quando e dove<\/h4>\n<p><strong>Data:<\/strong> sabato 24 giugno 2023<\/p>\n<p><strong>Ora:<\/strong> ora di inizio 11:00 CEST, termine ore 16:00. Le porte della lobby aprono alle 9:00.<\/p>\n<p><strong>La registrazione include: traduzione in italiano, pranzo e coffee-break<\/strong>.<\/p>\n<p><strong>Sala:<\/strong> <a href=\"https:\/\/www.nh-hotels.it\/hotel\/nh-milano-congress-centre?utm_campaign=local-gmb&#038;utm_medium=organic_search&#038;utm_source=google_gmb&#038;utm_term=langtest\"><strong>NH MILANO CENTRO CONGRESSI <\/strong><\/a><strong>, Sala Arena (2\u00b0 piano), Strada 1 Milanofiori, Assago.<\/p>\n<p>ATTENZIONE: Il Centro Congressi si trova di fronte al NH Hotel.<\/p>\n<p>[\/et_pb_text][et_pb_text admin_label=&#8221;WHO IS INVITED&#8221; _builder_version=&#8221;4.21.0&#8243; _module_preset=&#8221;default&#8221; global_colors_info=&#8221;{}&#8221; theme_builder_area=&#8221;post_content&#8221;]<\/p>\n<h4>Chi \u00e8 invitato<\/h4>\n<p>Le persone che hanno gi\u00e0 ricevuto le <a href=\"https:\/\/www.premrawat.com\/it\/conoscenza-del-se\/\">Tecniche della Conoscenza<\/a>.<\/p>\n<p>[\/et_pb_text][et_pb_text disabled_on=&#8221;on|on|on&#8221; admin_label=&#8221;COVID-19 VENUE PROTOCOL&#8221; _builder_version=&#8221;4.18.0&#8243; _module_preset=&#8221;default&#8221; disabled=&#8221;on&#8221; global_colors_info=&#8221;{}&#8221; theme_builder_area=&#8221;post_content&#8221;]<\/p>\n<h4>Covid-19 Venue Protocol<\/h4>\n<p>Entry to the event is by presenting:<\/p>\n<ul>\n<li style=\"list-style-type: none\">\n<ul>\n<li style=\"list-style-type: none\">\n<ul>\n<li>a Covid-19 Vaccination Certificate OR<\/li>\n<\/ul>\n<ul>\n<li>a printed or electronic negative result of a PCR test or antigen test taken within 72 hours of the event OR<\/li>\n<\/ul>\n<ul>\n<li>a Certificate of Recovery from COVID-19<\/li>\n<\/ul>\n<\/li>\n<\/ul>\n<p>Everyone is expected to wear a medical or FFP2 facemask throughout the entire event.<\/p>\n<p>Seating is arranged in alternate seats for social distancing.<\/p>\n<p>Attendees are allowed to bring their own small bottle of water.<\/p>\n<\/li>\n<\/ul>\n<p>[\/et_pb_text][et_pb_text admin_label=&#8221;PURCHASE OF TICKETS&#8221; _builder_version=&#8221;4.21.0&#8243; _module_preset=&#8221;default&#8221; global_colors_info=&#8221;{}&#8221; theme_builder_area=&#8221;post_content&#8221;]<\/p>\n<h4>Registrazioni<\/h4>\n<p><strong>Le registrazioni inizieranno sabato 17 giugno alle 10:00 CEST<\/strong>.<\/p>\n<p>Questo seminario \u00e8 possibile grazie alle vostre donazioni.<\/p>\n<p>Alla registrazione, si potr\u00e0 scegliere di donare una delle cifre qui suggerite (ogni colore corrisponde a una zona della sala):<\/p>\n<ul>\n<li style=\"list-style-type: none\">\n<ul>\n<li>70 \u20ac per la zona BLU (verso il fondo della sala)<\/li>\n<li>100 \u20ac per la zona ROSSA (al centro della sala)<\/li>\n<li>140 \u20ac per la zona VERDE (nella parte anteriore della sala)<\/li>\n<\/ul>\n<\/li>\n<\/ul>\n<p><strong>Il numero del tuo posto sar\u00e0 inviato al tuo indirizzo email un paio di giorni dopo la registrazione.<\/strong>.<\/p>\n<p>[\/et_pb_text][\/et_pb_column][\/et_pb_row][\/et_pb_section][et_pb_section fb_built=&#8221;1&#8243; admin_label=&#8221;section&#8221; _builder_version=&#8221;4.16&#8243; custom_padding=&#8221;0px||0px||false|false&#8221; global_colors_info=&#8221;{}&#8221; theme_builder_area=&#8221;post_content&#8221;][et_pb_row admin_label=&#8221;row&#8221; _builder_version=&#8221;4.16&#8243; background_size=&#8221;initial&#8221; background_position=&#8221;top_left&#8221; background_repeat=&#8221;repeat&#8221; global_colors_info=&#8221;{}&#8221; theme_builder_area=&#8221;post_content&#8221;][et_pb_column type=&#8221;4_4&#8243; _builder_version=&#8221;4.16&#8243; custom_padding=&#8221;|||&#8221; global_colors_info=&#8221;{}&#8221; custom_padding__hover=&#8221;|||&#8221; theme_builder_area=&#8221;post_content&#8221;][et_pb_button button_url=&#8221;#&#8221; button_text=&#8221;Tickets Soon Available&#8221; button_alignment=&#8221;center&#8221; disabled_on=&#8221;on|on|on&#8221; _builder_version=&#8221;4.17.4&#8243; _module_preset=&#8221;default&#8221; custom_button=&#8221;on&#8221; button_text_color=&#8221;#FFFFFF&#8221; button_bg_color=&#8221;RGBA(255,196,89,0.8)&#8221; button_border_width=&#8221;0px&#8221; button_border_radius=&#8221;8px&#8221; background_layout=&#8221;dark&#8221; custom_padding=&#8221;10px|30px|10px|30px|true|true&#8221; disabled=&#8221;on&#8221; global_colors_info=&#8221;{}&#8221; theme_builder_area=&#8221;post_content&#8221;][\/et_pb_button][et_pb_button button_url=&#8221;https:\/\/www.associazioneintouch.it\/understanding-more-prem-rawat-a-milano\/&#8221; button_text=&#8221;Registrati qui&#8221; button_alignment=&#8221;center&#8221; _builder_version=&#8221;4.21.0&#8243; _module_preset=&#8221;default&#8221; custom_button=&#8221;on&#8221; button_bg_color=&#8221;#008B73&#8243; button_border_width=&#8221;0px&#8221; button_border_radius=&#8221;8px&#8221; background_layout=&#8221;dark&#8221; custom_padding=&#8221;10px|49px|10px|49px|true|true&#8221; global_colors_info=&#8221;{}&#8221; theme_builder_area=&#8221;post_content&#8221;][\/et_pb_button][et_pb_button button_url=&#8221;#&#8221; button_text=&#8221;Tickets Sold Out&#8221; button_alignment=&#8221;center&#8221; disabled_on=&#8221;on|on|on&#8221; _builder_version=&#8221;4.17.4&#8243; _module_preset=&#8221;default&#8221; custom_button=&#8221;on&#8221; button_bg_color=&#8221;#E02B20&#8243; button_border_width=&#8221;0px&#8221; button_border_radius=&#8221;8px&#8221; background_layout=&#8221;dark&#8221; custom_padding=&#8221;10px|58px|10px|58px|true|true&#8221; disabled=&#8221;on&#8221; global_colors_info=&#8221;{}&#8221; theme_builder_area=&#8221;post_content&#8221;][\/et_pb_button][et_pb_text _builder_version=&#8221;4.21.0&#8243; _module_preset=&#8221;default&#8221; text_orientation=&#8221;center&#8221; global_colors_info=&#8221;{}&#8221; theme_builder_area=&#8221;post_content&#8221;]<\/p>\n<div class=\"et_pb_row et_pb_row_0\">\n<div class=\"et_pb_column et_pb_column_4_4 et_pb_column_0  et_pb_css_mix_blend_mode_passthrough et-last-child\">\n<div class=\"et_pb_module et_pb_text et_pb_text_0  et_pb_text_align_left et_pb_bg_layout_light\">\n<div class=\"et_pb_text_inner\" style=\"text-align: center\"><em>(una volta aperte le registrazioni clicca sul pulsante qui sotto per andarci direttamente)<\/em><\/div>\n<\/div>\n<\/div>\n<\/div>\n<p>[\/et_pb_text][\/et_pb_column][\/et_pb_row][\/et_pb_section][et_pb_section fb_built=&#8221;1&#8243; admin_label=&#8221;section&#8221; _builder_version=&#8221;4.16&#8243; custom_padding=&#8221;0px||0px||false|false&#8221; global_colors_info=&#8221;{}&#8221; theme_builder_area=&#8221;post_content&#8221;][et_pb_row admin_label=&#8221;row&#8221; _builder_version=&#8221;4.16&#8243; background_size=&#8221;initial&#8221; background_position=&#8221;top_left&#8221; background_repeat=&#8221;repeat&#8221; global_colors_info=&#8221;{}&#8221; theme_builder_area=&#8221;post_content&#8221;][et_pb_column type=&#8221;4_4&#8243; _builder_version=&#8221;4.16&#8243; custom_padding=&#8221;|||&#8221; global_colors_info=&#8221;{}&#8221; custom_padding__hover=&#8221;|||&#8221; theme_builder_area=&#8221;post_content&#8221;][et_pb_text admin_label=&#8221;DO NOT RECORD OR FILM THE EVENT&#8221; _builder_version=&#8221;4.21.0&#8243; _module_preset=&#8221;default&#8221; global_colors_info=&#8221;{}&#8221; theme_builder_area=&#8221;post_content&#8221;]<\/p>\n<h4>Non registrare o filmare l\u2019evento<\/h4>\n<p>La registrazione ufficiale dell\u2019evento \u00e8 protetta da diritti d\u2019autore. Chiunque sar\u00e0 trovato a registrare sar\u00e0 pregato di smettere, e se non lo fa verr\u00e0 allontanato dalla sala.<\/p>\n<p>L\u2019evento sar\u00e0 filmato. L\u2019acquisto del biglietto costituisce sia il tuo consenso a essere filmato sia la liberatoria nel caso la tua immagine\/voce compaiano su stampa, social media, foto, audio, video o altri media. Se stai acquistando biglietti per altre persone, la loro presenza all\u2019evento costituisce uguale consenso e liberatoria.<\/p>\n<p><strong>Ci sar\u00e0 un controllo di sicurezza all&#8217;ingresso dell&#8217;edificio. Non sono ammessi bagagli, zaini o borse di grandi dimensioni all&#8217;interno della sala<\/strong>.<\/p>\n<p><em><strong>Nota bene<\/strong>: Ti raccomandiamo di non organizzare il viaggio o prenotare alberghi finch\u00e9 non sarai riuscito ad acquistare il tuo biglietto(i), poich\u00e9 il numero di persone che richiederanno di partecipare potrebbe superare la capienza della sala.<\/em><\/p>\n<p><em><strong>Per chi viaggia dall\u2019estero<\/strong>: Se hai intenzione di arrivare in Italia da un altro paese, ti consigliamo di informarti sulle attuali restrizioni di viaggio.<\/p>\n<p>[\/et_pb_text][et_pb_text disabled_on=&#8221;on|on|on&#8221; admin_label=&#8221;MORE INFORMATIONS&#8221; _builder_version=&#8221;4.18.0&#8243; _module_preset=&#8221;default&#8221; disabled=&#8221;on&#8221; global_colors_info=&#8221;{}&#8221; theme_builder_area=&#8221;post_content&#8221;]<\/p>\n<h4>More Informations<\/h4>\n<p>[\/et_pb_text][et_pb_accordion open_toggle_background_color=&#8221;RGBA(255,255,255,0)&#8221; icon_color=&#8221;#008B73&#8243; use_icon_font_size=&#8221;on&#8221; icon_font_size=&#8221;20px&#8221; _builder_version=&#8221;4.21.0&#8243; _module_preset=&#8221;default&#8221; border_color_all=&#8221;RGBA(255,255,255,0)&#8221; border_color_bottom=&#8221;#008B73&#8243; global_colors_info=&#8221;{}&#8221; theme_builder_area=&#8221;post_content&#8221;][et_pb_accordion_item title=&#8221;Aiuto per la registrazione&#8221; open=&#8221;on&#8221; _builder_version=&#8221;4.21.0&#8243; _module_preset=&#8221;default&#8221; global_colors_info=&#8221;{}&#8221; theme_builder_area=&#8221;post_content&#8221;]<\/p>\n<p>Potresti incontrare dei problemi durante la registrazione online.<\/p>\n<p>Considera quanto segue:<br \/>\u2013 controlla su\u00a0<a href=\"http:\/\/www.wopg.org\/it\"><span>www.wopg.org<\/span><\/a>\u00a0per vedere se il seminario \u00e8 gi\u00e0 al completo<br \/>\u2013 aspetta qualche attimo e riprova<br \/>\u2013 riprova usando un altro dispositivo<br \/>\u2013 contatta <span><a href=\"mailto:servizioinfoline@imparaadascoltarti.it\">servizioinfoline@imparaadascoltarti.it<\/a><\/span><\/p>\n<p>[\/et_pb_accordion_item][et_pb_accordion_item title=&#8221;Disabili&#8221; _builder_version=&#8221;4.21.0&#8243; _module_preset=&#8221;default&#8221; global_colors_info=&#8221;{}&#8221; theme_builder_area=&#8221;post_content&#8221; open=&#8221;off&#8221;]<\/p>\n<p>Sar\u00e0 data assistenza alle persone in sedia a rotelle.<\/p>\n<p><strong>Per ulteriori informazioni sui posti accessibili dedicati, si prega di scrivere a\u00a0<a href=\"mailto:servizioinfoline@imparaadascoltarti.it\">servizioinfoline@imparaadascoltarti.it<\/a><\/strong>.<\/p>\n<p>Se hai problemi di udito, nelle cuffie per la traduzione sar\u00e0 disponibile un canale apposito in inglese.<\/p>\n<p>Se segui una dieta speciale, sei pregato di indicarlo nella casella Esigenze particolari<\/p>\n<p>[\/et_pb_accordion_item][et_pb_accordion_item title=&#8221;Traduzione&#8221; _builder_version=&#8221;4.21.0&#8243; _module_preset=&#8221;default&#8221; global_colors_info=&#8221;{}&#8221; theme_builder_area=&#8221;post_content&#8221; open=&#8221;off&#8221;]<\/p>\n<p class=\"p1\">Il seminario sar\u00e0 in inglese, con traduzione disponibile in italiano.<\/p>\n<p class=\"p1\">Le cuffie saranno a disposizione gratis nella lobby.<\/p>\n<p>[\/et_pb_accordion_item][et_pb_accordion_item title=&#8221;Bagagli&#8221; _builder_version=&#8221;4.21.0&#8243; _module_preset=&#8221;default&#8221; global_colors_info=&#8221;{}&#8221; theme_builder_area=&#8221;post_content&#8221; open=&#8221;off&#8221;]<\/p>\n<p class=\"p1\">Ci sar\u00e0 un controllo di sicurezza all&#8217;ingresso dell&#8217;edificio. Non sono ammessi bagagli, zaini o borse di grandi dimensioni all&#8217;interno della sala.<\/p>\n<p class=\"p1\">Questa sala non dispone di servizio guardaroba.<\/p>\n<p>[\/et_pb_accordion_item][et_pb_accordion_item title=&#8221;Aiuto&#8221; _builder_version=&#8221;4.21.0&#8243; _module_preset=&#8221;default&#8221; global_colors_info=&#8221;{}&#8221; theme_builder_area=&#8221;post_content&#8221; open=&#8221;off&#8221;]<\/p>\n<p>Serve aiuto? <\/p>\n<p>Scrivi a <a href=\"mailto:servizioinfoline@imparaadascoltarti.it\">servizioinfoline@imparaadascoltarti.it<\/a><\/p>\n<p> [\/et_pb_accordion_item][\/et_pb_accordion][et_pb_text admin_label=&#8221;Sign up here&#8221; _builder_version=&#8221;4.21.0&#8243; _module_preset=&#8221;default&#8221; global_colors_info=&#8221;{}&#8221; theme_builder_area=&#8221;post_content&#8221;]<em>Per ricevere annunci e aggiornamenti su futuri eventi con Prem Rawat, assicurati di essere iscritto alla mailing list di WOPG con il tuo indirizzo email e paese di residenza. <a href=\"https:\/\/www.wopg.org\/it\/contatti\/\">Iscriviti qui<\/a>.<\/em>[\/et_pb_text][\/et_pb_column][\/et_pb_row][\/et_pb_section]<\/p>\n","protected":false},"excerpt":{"rendered":"<p>Foto per gentile concessione di TimelessToday Comprendere di pi\u00f9 \u2013 un giorno a Milano con Prem Rawat Leggi attentamente questa pagina per importanti informazioni su questo prossimo seminario. Si prega di far riferimento a queste informazioni per pianificare la propria partecipazione. Quando e dove Data: sabato 24 giugno 2023 Ora: ora di inizio 11:00 CEST, [&hellip;]<\/p>\n","protected":false},"author":14,"featured_media":0,"comment_status":"closed","ping_status":"closed","sticky":false,"template":"","format":"standard","meta":{"_et_pb_use_builder":"on","_et_pb_old_content":"","_et_gb_content_width":"","cybocfi_hide_featured_image":"","footnotes":""},"categories":[77],"tags":[],"post_folder":[],"class_list":["post-17878","post","type-post","status-publish","format-standard","hentry","category-recent-it"],"yoast_head":"<!-- This site is optimized with the Yoast SEO plugin v27.3 - https:\/\/yoast.com\/product\/yoast-seo-wordpress\/ -->\n<title>24 giugno 2023 - Prem Rawat a Milano, Italia | Words of Peace<\/title>\n<meta name=\"robots\" content=\"index, follow, max-snippet:-1, max-image-preview:large, max-video-preview:-1\" \/>\n<link rel=\"canonical\" href=\"https:\/\/www.wopg.org\/it\/prem-rawat-a-milano-italia-2023\/\" \/>\n<meta property=\"og:locale\" content=\"it_IT\" \/>\n<meta property=\"og:type\" content=\"article\" \/>\n<meta property=\"og:title\" content=\"24 giugno 2023 - Prem Rawat a Milano, Italia | Words of Peace\" \/>\n<meta property=\"og:description\" content=\"Foto per gentile concessione di TimelessToday Comprendere di pi\u00f9 \u2013 un giorno a Milano con Prem Rawat Leggi attentamente questa pagina per importanti informazioni su questo prossimo seminario. Si prega di far riferimento a queste informazioni per pianificare la propria partecipazione. Quando e dove Data: sabato 24 giugno 2023 Ora: ora di inizio 11:00 CEST, [&hellip;]\" \/>\n<meta property=\"og:url\" content=\"https:\/\/www.wopg.org\/it\/prem-rawat-a-milano-italia-2023\/\" \/>\n<meta property=\"og:site_name\" content=\"Words of Peace\" \/>\n<meta property=\"article:publisher\" content=\"https:\/\/www.facebook.com\/wordsofpeaceglobal\" \/>\n<meta property=\"article:published_time\" content=\"2023-06-24T20:06:36+00:00\" \/>\n<meta property=\"article:modified_time\" content=\"2023-08-31T09:27:35+00:00\" \/>\n<meta name=\"author\" content=\"Roberto\" \/>\n<meta name=\"twitter:card\" content=\"summary_large_image\" \/>\n<meta name=\"twitter:creator\" content=\"@wopg\" \/>\n<meta name=\"twitter:site\" content=\"@wopg\" \/>\n<meta name=\"twitter:label1\" content=\"Scritto da\" \/>\n\t<meta name=\"twitter:data1\" content=\"Roberto\" \/>\n\t<meta name=\"twitter:label2\" content=\"Tempo di lettura stimato\" \/>\n\t<meta name=\"twitter:data2\" content=\"9 minuti\" \/>\n<script type=\"application\/ld+json\" class=\"yoast-schema-graph\">{\"@context\":\"https:\\\/\\\/schema.org\",\"@graph\":[{\"@type\":\"Article\",\"@id\":\"https:\\\/\\\/www.wopg.org\\\/it\\\/prem-rawat-a-milano-italia-2023\\\/#article\",\"isPartOf\":{\"@id\":\"https:\\\/\\\/www.wopg.org\\\/it\\\/prem-rawat-a-milano-italia-2023\\\/\"},\"author\":{\"name\":\"Roberto\",\"@id\":\"https:\\\/\\\/www.wopg.org\\\/it\\\/#\\\/schema\\\/person\\\/c495a5aacd2a074ce031b7fa6625b3af\"},\"headline\":\"24 giugno 2023 &#8211; Prem Rawat a Milano, Italia\",\"datePublished\":\"2023-06-24T20:06:36+00:00\",\"dateModified\":\"2023-08-31T09:27:35+00:00\",\"mainEntityOfPage\":{\"@id\":\"https:\\\/\\\/www.wopg.org\\\/it\\\/prem-rawat-a-milano-italia-2023\\\/\"},\"wordCount\":1789,\"publisher\":{\"@id\":\"https:\\\/\\\/www.wopg.org\\\/it\\\/#organization\"},\"articleSection\":[\"Recent\"],\"inLanguage\":\"it-IT\"},{\"@type\":\"WebPage\",\"@id\":\"https:\\\/\\\/www.wopg.org\\\/it\\\/prem-rawat-a-milano-italia-2023\\\/\",\"url\":\"https:\\\/\\\/www.wopg.org\\\/it\\\/prem-rawat-a-milano-italia-2023\\\/\",\"name\":\"24 giugno 2023 - Prem Rawat a Milano, Italia | Words of Peace\",\"isPartOf\":{\"@id\":\"https:\\\/\\\/www.wopg.org\\\/it\\\/#website\"},\"datePublished\":\"2023-06-24T20:06:36+00:00\",\"dateModified\":\"2023-08-31T09:27:35+00:00\",\"breadcrumb\":{\"@id\":\"https:\\\/\\\/www.wopg.org\\\/it\\\/prem-rawat-a-milano-italia-2023\\\/#breadcrumb\"},\"inLanguage\":\"it-IT\",\"potentialAction\":[{\"@type\":\"ReadAction\",\"target\":[\"https:\\\/\\\/www.wopg.org\\\/it\\\/prem-rawat-a-milano-italia-2023\\\/\"]}]},{\"@type\":\"BreadcrumbList\",\"@id\":\"https:\\\/\\\/www.wopg.org\\\/it\\\/prem-rawat-a-milano-italia-2023\\\/#breadcrumb\",\"itemListElement\":[{\"@type\":\"ListItem\",\"position\":1,\"name\":\"Home\",\"item\":\"https:\\\/\\\/www.wopg.org\\\/it\\\/\"},{\"@type\":\"ListItem\",\"position\":2,\"name\":\"24 giugno 2023 &#8211; Prem Rawat a Milano, Italia\"}]},{\"@type\":\"WebSite\",\"@id\":\"https:\\\/\\\/www.wopg.org\\\/it\\\/#website\",\"url\":\"https:\\\/\\\/www.wopg.org\\\/it\\\/\",\"name\":\"Words of Peace\",\"description\":\"Practice Peace, Change Your World\",\"publisher\":{\"@id\":\"https:\\\/\\\/www.wopg.org\\\/it\\\/#organization\"},\"potentialAction\":[{\"@type\":\"SearchAction\",\"target\":{\"@type\":\"EntryPoint\",\"urlTemplate\":\"https:\\\/\\\/www.wopg.org\\\/it\\\/?s={search_term_string}\"},\"query-input\":{\"@type\":\"PropertyValueSpecification\",\"valueRequired\":true,\"valueName\":\"search_term_string\"}}],\"inLanguage\":\"it-IT\"},{\"@type\":\"Organization\",\"@id\":\"https:\\\/\\\/www.wopg.org\\\/it\\\/#organization\",\"name\":\"Words of Peace\",\"url\":\"https:\\\/\\\/www.wopg.org\\\/it\\\/\",\"logo\":{\"@type\":\"ImageObject\",\"inLanguage\":\"it-IT\",\"@id\":\"https:\\\/\\\/www.wopg.org\\\/it\\\/#\\\/schema\\\/logo\\\/image\\\/\",\"url\":\"https:\\\/\\\/wopg.org\\\/wp-content\\\/uploads\\\/2022\\\/02\\\/Words-of-Peace-logo-website61x252.png\",\"contentUrl\":\"https:\\\/\\\/wopg.org\\\/wp-content\\\/uploads\\\/2022\\\/02\\\/Words-of-Peace-logo-website61x252.png\",\"width\":252,\"height\":61,\"caption\":\"Words of Peace\"},\"image\":{\"@id\":\"https:\\\/\\\/www.wopg.org\\\/it\\\/#\\\/schema\\\/logo\\\/image\\\/\"},\"sameAs\":[\"https:\\\/\\\/www.facebook.com\\\/wordsofpeaceglobal\",\"https:\\\/\\\/x.com\\\/wopg\",\"https:\\\/\\\/www.instagram.com\\\/wopgofficial\\\/\"]},{\"@type\":\"Person\",\"@id\":\"https:\\\/\\\/www.wopg.org\\\/it\\\/#\\\/schema\\\/person\\\/c495a5aacd2a074ce031b7fa6625b3af\",\"name\":\"Roberto\",\"image\":{\"@type\":\"ImageObject\",\"inLanguage\":\"it-IT\",\"@id\":\"https:\\\/\\\/secure.gravatar.com\\\/avatar\\\/3a2423ab531630d32d946fa10acea4a736bd03feede76ddcc150434c8458228b?s=96&d=mm&r=g\",\"url\":\"https:\\\/\\\/secure.gravatar.com\\\/avatar\\\/3a2423ab531630d32d946fa10acea4a736bd03feede76ddcc150434c8458228b?s=96&d=mm&r=g\",\"contentUrl\":\"https:\\\/\\\/secure.gravatar.com\\\/avatar\\\/3a2423ab531630d32d946fa10acea4a736bd03feede76ddcc150434c8458228b?s=96&d=mm&r=g\",\"caption\":\"Roberto\"},\"url\":\"https:\\\/\\\/www.wopg.org\\\/it\\\/author\\\/roberto\\\/\"}]}<\/script>\n<!-- \/ Yoast SEO plugin. -->","yoast_head_json":{"title":"24 giugno 2023 - Prem Rawat a Milano, Italia | Words of Peace","robots":{"index":"index","follow":"follow","max-snippet":"max-snippet:-1","max-image-preview":"max-image-preview:large","max-video-preview":"max-video-preview:-1"},"canonical":"https:\/\/www.wopg.org\/it\/prem-rawat-a-milano-italia-2023\/","og_locale":"it_IT","og_type":"article","og_title":"24 giugno 2023 - Prem Rawat a Milano, Italia | Words of Peace","og_description":"Foto per gentile concessione di TimelessToday Comprendere di pi\u00f9 \u2013 un giorno a Milano con Prem Rawat Leggi attentamente questa pagina per importanti informazioni su questo prossimo seminario. Si prega di far riferimento a queste informazioni per pianificare la propria partecipazione. Quando e dove Data: sabato 24 giugno 2023 Ora: ora di inizio 11:00 CEST, [&hellip;]","og_url":"https:\/\/www.wopg.org\/it\/prem-rawat-a-milano-italia-2023\/","og_site_name":"Words of Peace","article_publisher":"https:\/\/www.facebook.com\/wordsofpeaceglobal","article_published_time":"2023-06-24T20:06:36+00:00","article_modified_time":"2023-08-31T09:27:35+00:00","author":"Roberto","twitter_card":"summary_large_image","twitter_creator":"@wopg","twitter_site":"@wopg","twitter_misc":{"Scritto da":"Roberto","Tempo di lettura stimato":"9 minuti"},"schema":{"@context":"https:\/\/schema.org","@graph":[{"@type":"Article","@id":"https:\/\/www.wopg.org\/it\/prem-rawat-a-milano-italia-2023\/#article","isPartOf":{"@id":"https:\/\/www.wopg.org\/it\/prem-rawat-a-milano-italia-2023\/"},"author":{"name":"Roberto","@id":"https:\/\/www.wopg.org\/it\/#\/schema\/person\/c495a5aacd2a074ce031b7fa6625b3af"},"headline":"24 giugno 2023 &#8211; Prem Rawat a Milano, Italia","datePublished":"2023-06-24T20:06:36+00:00","dateModified":"2023-08-31T09:27:35+00:00","mainEntityOfPage":{"@id":"https:\/\/www.wopg.org\/it\/prem-rawat-a-milano-italia-2023\/"},"wordCount":1789,"publisher":{"@id":"https:\/\/www.wopg.org\/it\/#organization"},"articleSection":["Recent"],"inLanguage":"it-IT"},{"@type":"WebPage","@id":"https:\/\/www.wopg.org\/it\/prem-rawat-a-milano-italia-2023\/","url":"https:\/\/www.wopg.org\/it\/prem-rawat-a-milano-italia-2023\/","name":"24 giugno 2023 - Prem Rawat a Milano, Italia | Words of Peace","isPartOf":{"@id":"https:\/\/www.wopg.org\/it\/#website"},"datePublished":"2023-06-24T20:06:36+00:00","dateModified":"2023-08-31T09:27:35+00:00","breadcrumb":{"@id":"https:\/\/www.wopg.org\/it\/prem-rawat-a-milano-italia-2023\/#breadcrumb"},"inLanguage":"it-IT","potentialAction":[{"@type":"ReadAction","target":["https:\/\/www.wopg.org\/it\/prem-rawat-a-milano-italia-2023\/"]}]},{"@type":"BreadcrumbList","@id":"https:\/\/www.wopg.org\/it\/prem-rawat-a-milano-italia-2023\/#breadcrumb","itemListElement":[{"@type":"ListItem","position":1,"name":"Home","item":"https:\/\/www.wopg.org\/it\/"},{"@type":"ListItem","position":2,"name":"24 giugno 2023 &#8211; Prem Rawat a Milano, Italia"}]},{"@type":"WebSite","@id":"https:\/\/www.wopg.org\/it\/#website","url":"https:\/\/www.wopg.org\/it\/","name":"Words of Peace","description":"Practice Peace, Change Your World","publisher":{"@id":"https:\/\/www.wopg.org\/it\/#organization"},"potentialAction":[{"@type":"SearchAction","target":{"@type":"EntryPoint","urlTemplate":"https:\/\/www.wopg.org\/it\/?s={search_term_string}"},"query-input":{"@type":"PropertyValueSpecification","valueRequired":true,"valueName":"search_term_string"}}],"inLanguage":"it-IT"},{"@type":"Organization","@id":"https:\/\/www.wopg.org\/it\/#organization","name":"Words of Peace","url":"https:\/\/www.wopg.org\/it\/","logo":{"@type":"ImageObject","inLanguage":"it-IT","@id":"https:\/\/www.wopg.org\/it\/#\/schema\/logo\/image\/","url":"https:\/\/wopg.org\/wp-content\/uploads\/2022\/02\/Words-of-Peace-logo-website61x252.png","contentUrl":"https:\/\/wopg.org\/wp-content\/uploads\/2022\/02\/Words-of-Peace-logo-website61x252.png","width":252,"height":61,"caption":"Words of Peace"},"image":{"@id":"https:\/\/www.wopg.org\/it\/#\/schema\/logo\/image\/"},"sameAs":["https:\/\/www.facebook.com\/wordsofpeaceglobal","https:\/\/x.com\/wopg","https:\/\/www.instagram.com\/wopgofficial\/"]},{"@type":"Person","@id":"https:\/\/www.wopg.org\/it\/#\/schema\/person\/c495a5aacd2a074ce031b7fa6625b3af","name":"Roberto","image":{"@type":"ImageObject","inLanguage":"it-IT","@id":"https:\/\/secure.gravatar.com\/avatar\/3a2423ab531630d32d946fa10acea4a736bd03feede76ddcc150434c8458228b?s=96&d=mm&r=g","url":"https:\/\/secure.gravatar.com\/avatar\/3a2423ab531630d32d946fa10acea4a736bd03feede76ddcc150434c8458228b?s=96&d=mm&r=g","contentUrl":"https:\/\/secure.gravatar.com\/avatar\/3a2423ab531630d32d946fa10acea4a736bd03feede76ddcc150434c8458228b?s=96&d=mm&r=g","caption":"Roberto"},"url":"https:\/\/www.wopg.org\/it\/author\/roberto\/"}]}},"_links":{"self":[{"href":"https:\/\/www.wopg.org\/it\/wp-json\/wp\/v2\/posts\/17878","targetHints":{"allow":["GET"]}}],"collection":[{"href":"https:\/\/www.wopg.org\/it\/wp-json\/wp\/v2\/posts"}],"about":[{"href":"https:\/\/www.wopg.org\/it\/wp-json\/wp\/v2\/types\/post"}],"author":[{"embeddable":true,"href":"https:\/\/www.wopg.org\/it\/wp-json\/wp\/v2\/users\/14"}],"replies":[{"embeddable":true,"href":"https:\/\/www.wopg.org\/it\/wp-json\/wp\/v2\/comments?post=17878"}],"version-history":[{"count":46,"href":"https:\/\/www.wopg.org\/it\/wp-json\/wp\/v2\/posts\/17878\/revisions"}],"predecessor-version":[{"id":23684,"href":"https:\/\/www.wopg.org\/it\/wp-json\/wp\/v2\/posts\/17878\/revisions\/23684"}],"wp:attachment":[{"href":"https:\/\/www.wopg.org\/it\/wp-json\/wp\/v2\/media?parent=17878"}],"wp:term":[{"taxonomy":"category","embeddable":true,"href":"https:\/\/www.wopg.org\/it\/wp-json\/wp\/v2\/categories?post=17878"},{"taxonomy":"post_tag","embeddable":true,"href":"https:\/\/www.wopg.org\/it\/wp-json\/wp\/v2\/tags?post=17878"},{"taxonomy":"post_folder","embeddable":true,"href":"https:\/\/www.wopg.org\/it\/wp-json\/wp\/v2\/post_folder?post=17878"}],"curies":[{"name":"wp","href":"https:\/\/api.w.org\/{rel}","templated":true}]}}