{"id":1863,"date":"2022-02-26T22:08:47","date_gmt":"2022-02-26T22:08:47","guid":{"rendered":"http:\/\/wopg01.local\/campagna-la-pace-e-possibile-parte-seconda\/"},"modified":"2022-03-17T19:36:00","modified_gmt":"2022-03-17T19:36:00","slug":"campagna-la-pace-e-possibile-parte-seconda","status":"publish","type":"post","link":"https:\/\/www.wopg.org\/it\/campagna-la-pace-e-possibile-parte-seconda\/","title":{"rendered":"Campagna \u201cLa pace \u00e8 possibile\u201d, parte seconda"},"content":{"rendered":"<p>[et_pb_section fb_built=&#8221;1&#8243; admin_label=&#8221;section&#8221; _builder_version=&#8221;3.22&#8243; global_colors_info=&#8221;{}&#8221;][et_pb_row admin_label=&#8221;row&#8221; _builder_version=&#8221;3.25&#8243; background_size=&#8221;initial&#8221; background_position=&#8221;top_left&#8221; background_repeat=&#8221;repeat&#8221; global_colors_info=&#8221;{}&#8221;][et_pb_column type=&#8221;4_4&#8243; _builder_version=&#8221;3.25&#8243; custom_padding=&#8221;|||&#8221; global_colors_info=&#8221;{}&#8221; custom_padding__hover=&#8221;|||&#8221;][et_pb_text admin_label=&#8221;Text&#8221; _builder_version=&#8221;4.14.9&#8243; background_size=&#8221;initial&#8221; background_position=&#8221;top_left&#8221; background_repeat=&#8221;repeat&#8221; hover_enabled=&#8221;0&#8243; global_colors_info=&#8221;{}&#8221; sticky_enabled=&#8221;0&#8243;]<\/p>\n<h3>Ben Eine incontra Prem Rawat<\/h3>\n<p>Dieci giorni dopo aver dipinto la frase di Prem Rawat \u201cLa pace \u00e8 possibile\u201d sui muri della Shoreditch House in Ebor Street, a Shoreditch, Londra, Eine ha invitato Prem a andare a vedere la sua opera completata. Nel corso dell\u2019incontro, Eine ha colto l\u2019opportunit\u00e0 di spiegare perch\u00e8 abbia scelto di dipingere Peace is Possible \u201cLa pace \u00e8 possibile\u201d sul murale, il che ha portato entrambi a scambiarsi i rispettivi punti di vista sull\u2019impatto di questa frase.<\/p>\n<p><img loading=\"lazy\" decoding=\"async\" class=\"alignnone size-full wp-image-914\" src=\"https:\/\/wopg.org\/wp-content\/uploads\/2022\/02\/Prem-Rawat-and-Ben-Eine1080x405.jpg\" alt=\"Prem Rawat and Ben Eine\" width=\"1080\" height=\"405\" srcset=\"https:\/\/eadn-wc03-5903292.nxedge.io\/wp-content\/uploads\/2022\/02\/Prem-Rawat-and-Ben-Eine1080x405.jpg 1080w, https:\/\/eadn-wc03-5903292.nxedge.io\/wp-content\/uploads\/2022\/02\/Prem-Rawat-and-Ben-Eine1080x405-300x113.jpg 300w, https:\/\/eadn-wc03-5903292.nxedge.io\/wp-content\/uploads\/2022\/02\/Prem-Rawat-and-Ben-Eine1080x405-1024x384.jpg 1024w, https:\/\/eadn-wc03-5903292.nxedge.io\/wp-content\/uploads\/2022\/02\/Prem-Rawat-and-Ben-Eine1080x405-768x288.jpg 768w, https:\/\/eadn-wc03-5903292.nxedge.io\/wp-content\/uploads\/2022\/02\/Prem-Rawat-and-Ben-Eine1080x405-980x368.jpg 980w, https:\/\/eadn-wc03-5903292.nxedge.io\/wp-content\/uploads\/2022\/02\/Prem-Rawat-and-Ben-Eine1080x405-480x180.jpg 480w\" sizes=\"(max-width: 1080px) 100vw, 1080px\" \/><\/p>\n<p>L\u2019hashtag #PeaceIsPossible \u00e8 ancora virale sui social media, ed il murale ad Ebor Street continua ad essere visitato e fotografato ogni giorno. Prem, Eine ed il Muro della Pace sono stati oggetto dell\u2019articolo pubblicato online sul sito del The Evening Standard.<\/p>\n<h4>L\u2019evento \u201cSemi di pace\u201d al Lambeth College<\/h4>\n<p>La campagna \u201cPeace is Possible\u201d (La pace \u00e8 possibile) \u00e8 continuata domenica 10 giugno, quando Prem Rawat \u00e8 stato invitato dal Pastore Lorraine Jones a parlare ai giovani di Londra, e a portare il suo messaggio di speranza ed un aiuto pratico con il PEP, il Programma di educazione alla pace.<\/p>\n<p><img loading=\"lazy\" decoding=\"async\" class=\"alignnone size-full wp-image-918\" src=\"https:\/\/wopg.org\/wp-content\/uploads\/2022\/02\/Prem-Rawat-Chatham-Metro-event-Ben-Eine-4-images.jpg\" alt=\"Prem Rawat Chatham Metro event\" width=\"1080\" height=\"810\" srcset=\"https:\/\/eadn-wc03-5903292.nxedge.io\/wp-content\/uploads\/2022\/02\/Prem-Rawat-Chatham-Metro-event-Ben-Eine-4-images.jpg 1080w, https:\/\/eadn-wc03-5903292.nxedge.io\/wp-content\/uploads\/2022\/02\/Prem-Rawat-Chatham-Metro-event-Ben-Eine-4-images-300x225.jpg 300w, https:\/\/eadn-wc03-5903292.nxedge.io\/wp-content\/uploads\/2022\/02\/Prem-Rawat-Chatham-Metro-event-Ben-Eine-4-images-1024x768.jpg 1024w, https:\/\/eadn-wc03-5903292.nxedge.io\/wp-content\/uploads\/2022\/02\/Prem-Rawat-Chatham-Metro-event-Ben-Eine-4-images-768x576.jpg 768w, https:\/\/eadn-wc03-5903292.nxedge.io\/wp-content\/uploads\/2022\/02\/Prem-Rawat-Chatham-Metro-event-Ben-Eine-4-images-510x382.jpg 510w, https:\/\/eadn-wc03-5903292.nxedge.io\/wp-content\/uploads\/2022\/02\/Prem-Rawat-Chatham-Metro-event-Ben-Eine-4-images-980x735.jpg 980w, https:\/\/eadn-wc03-5903292.nxedge.io\/wp-content\/uploads\/2022\/02\/Prem-Rawat-Chatham-Metro-event-Ben-Eine-4-images-480x360.jpg 480w\" sizes=\"(max-width: 1080px) 100vw, 1080px\" \/><\/p>\n<p>Lorraine Jones ha perso un figlio, accoltellato nel 2014, e da allora \u00e8 diventata una voce guida per la pace ed il risanamento delle comunit\u00e0 di Londra. Al fine di evitare che altri subiscano la tragica sorte di suo figlio, ha fondato la \u201cDwaynamics\u201d, una palestra di boxe che offre ai giovani un modo di vita alternativo alla strada e alla violenza.<\/p>\n<p><img loading=\"lazy\" decoding=\"async\" class=\"alignnone size-full wp-image-922\" src=\"https:\/\/wopg.org\/wp-content\/uploads\/2022\/02\/Prem-rawat-at-peace-is-possible-event2.jpg\" alt=\"Prem Rawat at Peace is Possible event 2\" width=\"1080\" height=\"405\" srcset=\"https:\/\/eadn-wc03-5903292.nxedge.io\/wp-content\/uploads\/2022\/02\/Prem-rawat-at-peace-is-possible-event2.jpg 1080w, https:\/\/eadn-wc03-5903292.nxedge.io\/wp-content\/uploads\/2022\/02\/Prem-rawat-at-peace-is-possible-event2-300x113.jpg 300w, https:\/\/eadn-wc03-5903292.nxedge.io\/wp-content\/uploads\/2022\/02\/Prem-rawat-at-peace-is-possible-event2-1024x384.jpg 1024w, https:\/\/eadn-wc03-5903292.nxedge.io\/wp-content\/uploads\/2022\/02\/Prem-rawat-at-peace-is-possible-event2-768x288.jpg 768w, https:\/\/eadn-wc03-5903292.nxedge.io\/wp-content\/uploads\/2022\/02\/Prem-rawat-at-peace-is-possible-event2-980x368.jpg 980w, https:\/\/eadn-wc03-5903292.nxedge.io\/wp-content\/uploads\/2022\/02\/Prem-rawat-at-peace-is-possible-event2-480x180.jpg 480w\" sizes=\"(max-width: 1080px) 100vw, 1080px\" \/><\/p>\n<p>L\u20198 giugno, prima dell\u2019evento, sia Lorraine che Prem Rawat hanno preso parte ad una conversazione, con Mike Graham di Talk Radio quale conduttore, sui benefici del PEP. Puoi ascoltare la registrazione di quest\u2019intervista sul sito di\u00a0<a href=\"http:\/\/talkradio.co.uk\/radio\/listen-again\/1528448400#\">Talk Radio<\/a>\u00a0(8 giugno, segmento dalle 11.30 -12).<\/p>\n<p><img loading=\"lazy\" decoding=\"async\" class=\"alignnone size-full wp-image-926\" src=\"https:\/\/wopg.org\/wp-content\/uploads\/2022\/02\/Prem-Rawat-at-peace-event.jpg\" alt=\"Prem Rawat at Peace Event\" width=\"1080\" height=\"810\" srcset=\"https:\/\/eadn-wc03-5903292.nxedge.io\/wp-content\/uploads\/2022\/02\/Prem-Rawat-at-peace-event.jpg 1080w, https:\/\/eadn-wc03-5903292.nxedge.io\/wp-content\/uploads\/2022\/02\/Prem-Rawat-at-peace-event-300x225.jpg 300w, https:\/\/eadn-wc03-5903292.nxedge.io\/wp-content\/uploads\/2022\/02\/Prem-Rawat-at-peace-event-1024x768.jpg 1024w, https:\/\/eadn-wc03-5903292.nxedge.io\/wp-content\/uploads\/2022\/02\/Prem-Rawat-at-peace-event-768x576.jpg 768w, https:\/\/eadn-wc03-5903292.nxedge.io\/wp-content\/uploads\/2022\/02\/Prem-Rawat-at-peace-event-510x382.jpg 510w, https:\/\/eadn-wc03-5903292.nxedge.io\/wp-content\/uploads\/2022\/02\/Prem-Rawat-at-peace-event-980x735.jpg 980w, https:\/\/eadn-wc03-5903292.nxedge.io\/wp-content\/uploads\/2022\/02\/Prem-Rawat-at-peace-event-480x360.jpg 480w\" sizes=\"(max-width: 1080px) 100vw, 1080px\" \/><\/p>\n<p>Per scoprire di pi\u00f9 sui risultati entusiasmanti di questa campagna, puoi andare sul sito della\u00a0<a href=\"https:\/\/www.tprf.org\/category\/news\/\">Prem Rawat Foundation website<\/a>.<\/p>\n<p>[\/et_pb_text][\/et_pb_column][\/et_pb_row][\/et_pb_section]<\/p>\n","protected":false},"excerpt":{"rendered":"<p>Ben Eine incontra Prem Rawat Dieci giorni dopo aver dipinto la frase di Prem Rawat \u201cLa pace \u00e8 possibile\u201d sui muri della Shoreditch House in Ebor Street, a Shoreditch, Londra, Eine ha invitato Prem a andare a vedere la sua opera completata. Nel corso dell\u2019incontro, Eine ha colto l\u2019opportunit\u00e0 di spiegare perch\u00e8 abbia scelto di [&hellip;]<\/p>\n","protected":false},"author":3,"featured_media":894,"comment_status":"open","ping_status":"open","sticky":false,"template":"","format":"standard","meta":{"_et_pb_use_builder":"on","_et_pb_old_content":"","_et_gb_content_width":"","cybocfi_hide_featured_image":"","footnotes":""},"categories":[37],"tags":[],"post_folder":[],"class_list":["post-1863","post","type-post","status-publish","format-standard","has-post-thumbnail","hentry","category-notizia"],"yoast_head":"<!-- This site is optimized with the Yoast SEO plugin v27.3 - https:\/\/yoast.com\/product\/yoast-seo-wordpress\/ -->\n<title>Campagna \u201cLa pace \u00e8 possibile\u201d, parte seconda | Words of Peace<\/title>\n<meta name=\"robots\" content=\"index, follow, max-snippet:-1, max-image-preview:large, max-video-preview:-1\" \/>\n<link rel=\"canonical\" href=\"https:\/\/www.wopg.org\/it\/campagna-la-pace-e-possibile-parte-seconda\/\" \/>\n<meta property=\"og:locale\" content=\"it_IT\" \/>\n<meta property=\"og:type\" content=\"article\" \/>\n<meta property=\"og:title\" content=\"Campagna \u201cLa pace \u00e8 possibile\u201d, parte seconda | Words of Peace\" \/>\n<meta property=\"og:description\" content=\"Ben Eine incontra Prem Rawat Dieci giorni dopo aver dipinto la frase di Prem Rawat \u201cLa pace \u00e8 possibile\u201d sui muri della Shoreditch House in Ebor Street, a Shoreditch, Londra, Eine ha invitato Prem a andare a vedere la sua opera completata. Nel corso dell\u2019incontro, Eine ha colto l\u2019opportunit\u00e0 di spiegare perch\u00e8 abbia scelto di [&hellip;]\" \/>\n<meta property=\"og:url\" content=\"https:\/\/www.wopg.org\/it\/campagna-la-pace-e-possibile-parte-seconda\/\" \/>\n<meta property=\"og:site_name\" content=\"Words of Peace\" \/>\n<meta property=\"article:publisher\" content=\"https:\/\/www.facebook.com\/wordsofpeaceglobal\" \/>\n<meta property=\"article:published_time\" content=\"2022-02-26T22:08:47+00:00\" \/>\n<meta property=\"article:modified_time\" content=\"2022-03-17T19:36:00+00:00\" \/>\n<meta property=\"og:image\" content=\"https:\/\/eadn-wc03-5903292.nxedge.io\/wp-content\/uploads\/2022\/02\/prem-rawat-meets-ben-eine_1080x608.jpg\" \/>\n\t<meta property=\"og:image:width\" content=\"1080\" \/>\n\t<meta property=\"og:image:height\" content=\"608\" \/>\n\t<meta property=\"og:image:type\" content=\"image\/jpeg\" \/>\n<meta name=\"author\" content=\"Carmine\" \/>\n<meta name=\"twitter:card\" content=\"summary_large_image\" \/>\n<meta name=\"twitter:creator\" content=\"@wopg\" \/>\n<meta name=\"twitter:site\" content=\"@wopg\" \/>\n<meta name=\"twitter:label1\" content=\"Scritto da\" \/>\n\t<meta name=\"twitter:data1\" content=\"Carmine\" \/>\n\t<meta name=\"twitter:label2\" content=\"Tempo di lettura stimato\" \/>\n\t<meta name=\"twitter:data2\" content=\"2 minuti\" \/>\n<script type=\"application\/ld+json\" class=\"yoast-schema-graph\">{\"@context\":\"https:\\\/\\\/schema.org\",\"@graph\":[{\"@type\":\"Article\",\"@id\":\"https:\\\/\\\/www.wopg.org\\\/it\\\/campagna-la-pace-e-possibile-parte-seconda\\\/#article\",\"isPartOf\":{\"@id\":\"https:\\\/\\\/www.wopg.org\\\/it\\\/campagna-la-pace-e-possibile-parte-seconda\\\/\"},\"author\":{\"name\":\"Carmine\",\"@id\":\"https:\\\/\\\/www.wopg.org\\\/it\\\/#\\\/schema\\\/person\\\/d3d11db72a0ccdab996f68053f8495f1\"},\"headline\":\"Campagna \u201cLa pace \u00e8 possibile\u201d, parte seconda\",\"datePublished\":\"2022-02-26T22:08:47+00:00\",\"dateModified\":\"2022-03-17T19:36:00+00:00\",\"mainEntityOfPage\":{\"@id\":\"https:\\\/\\\/www.wopg.org\\\/it\\\/campagna-la-pace-e-possibile-parte-seconda\\\/\"},\"wordCount\":393,\"commentCount\":0,\"publisher\":{\"@id\":\"https:\\\/\\\/www.wopg.org\\\/it\\\/#organization\"},\"image\":{\"@id\":\"https:\\\/\\\/www.wopg.org\\\/it\\\/campagna-la-pace-e-possibile-parte-seconda\\\/#primaryimage\"},\"thumbnailUrl\":\"https:\\\/\\\/www.wopg.org\\\/wp-content\\\/uploads\\\/2022\\\/02\\\/prem-rawat-meets-ben-eine_1080x608.jpg\",\"articleSection\":[\"News\"],\"inLanguage\":\"it-IT\",\"potentialAction\":[{\"@type\":\"CommentAction\",\"name\":\"Comment\",\"target\":[\"https:\\\/\\\/www.wopg.org\\\/it\\\/campagna-la-pace-e-possibile-parte-seconda\\\/#respond\"]}]},{\"@type\":\"WebPage\",\"@id\":\"https:\\\/\\\/www.wopg.org\\\/it\\\/campagna-la-pace-e-possibile-parte-seconda\\\/\",\"url\":\"https:\\\/\\\/www.wopg.org\\\/it\\\/campagna-la-pace-e-possibile-parte-seconda\\\/\",\"name\":\"Campagna \u201cLa pace \u00e8 possibile\u201d, parte seconda | Words of Peace\",\"isPartOf\":{\"@id\":\"https:\\\/\\\/www.wopg.org\\\/it\\\/#website\"},\"primaryImageOfPage\":{\"@id\":\"https:\\\/\\\/www.wopg.org\\\/it\\\/campagna-la-pace-e-possibile-parte-seconda\\\/#primaryimage\"},\"image\":{\"@id\":\"https:\\\/\\\/www.wopg.org\\\/it\\\/campagna-la-pace-e-possibile-parte-seconda\\\/#primaryimage\"},\"thumbnailUrl\":\"https:\\\/\\\/www.wopg.org\\\/wp-content\\\/uploads\\\/2022\\\/02\\\/prem-rawat-meets-ben-eine_1080x608.jpg\",\"datePublished\":\"2022-02-26T22:08:47+00:00\",\"dateModified\":\"2022-03-17T19:36:00+00:00\",\"breadcrumb\":{\"@id\":\"https:\\\/\\\/www.wopg.org\\\/it\\\/campagna-la-pace-e-possibile-parte-seconda\\\/#breadcrumb\"},\"inLanguage\":\"it-IT\",\"potentialAction\":[{\"@type\":\"ReadAction\",\"target\":[\"https:\\\/\\\/www.wopg.org\\\/it\\\/campagna-la-pace-e-possibile-parte-seconda\\\/\"]}]},{\"@type\":\"ImageObject\",\"inLanguage\":\"it-IT\",\"@id\":\"https:\\\/\\\/www.wopg.org\\\/it\\\/campagna-la-pace-e-possibile-parte-seconda\\\/#primaryimage\",\"url\":\"https:\\\/\\\/www.wopg.org\\\/wp-content\\\/uploads\\\/2022\\\/02\\\/prem-rawat-meets-ben-eine_1080x608.jpg\",\"contentUrl\":\"https:\\\/\\\/www.wopg.org\\\/wp-content\\\/uploads\\\/2022\\\/02\\\/prem-rawat-meets-ben-eine_1080x608.jpg\",\"width\":1080,\"height\":608,\"caption\":\"Prem Rawat meets Ben Eine\"},{\"@type\":\"BreadcrumbList\",\"@id\":\"https:\\\/\\\/www.wopg.org\\\/it\\\/campagna-la-pace-e-possibile-parte-seconda\\\/#breadcrumb\",\"itemListElement\":[{\"@type\":\"ListItem\",\"position\":1,\"name\":\"Home\",\"item\":\"https:\\\/\\\/www.wopg.org\\\/it\\\/\"},{\"@type\":\"ListItem\",\"position\":2,\"name\":\"Campagna \u201cLa pace \u00e8 possibile\u201d, parte seconda\"}]},{\"@type\":\"WebSite\",\"@id\":\"https:\\\/\\\/www.wopg.org\\\/it\\\/#website\",\"url\":\"https:\\\/\\\/www.wopg.org\\\/it\\\/\",\"name\":\"Words of Peace\",\"description\":\"Practice Peace, Change Your World\",\"publisher\":{\"@id\":\"https:\\\/\\\/www.wopg.org\\\/it\\\/#organization\"},\"potentialAction\":[{\"@type\":\"SearchAction\",\"target\":{\"@type\":\"EntryPoint\",\"urlTemplate\":\"https:\\\/\\\/www.wopg.org\\\/it\\\/?s={search_term_string}\"},\"query-input\":{\"@type\":\"PropertyValueSpecification\",\"valueRequired\":true,\"valueName\":\"search_term_string\"}}],\"inLanguage\":\"it-IT\"},{\"@type\":\"Organization\",\"@id\":\"https:\\\/\\\/www.wopg.org\\\/it\\\/#organization\",\"name\":\"Words of Peace\",\"url\":\"https:\\\/\\\/www.wopg.org\\\/it\\\/\",\"logo\":{\"@type\":\"ImageObject\",\"inLanguage\":\"it-IT\",\"@id\":\"https:\\\/\\\/www.wopg.org\\\/it\\\/#\\\/schema\\\/logo\\\/image\\\/\",\"url\":\"https:\\\/\\\/wopg.org\\\/wp-content\\\/uploads\\\/2022\\\/02\\\/Words-of-Peace-logo-website61x252.png\",\"contentUrl\":\"https:\\\/\\\/wopg.org\\\/wp-content\\\/uploads\\\/2022\\\/02\\\/Words-of-Peace-logo-website61x252.png\",\"width\":252,\"height\":61,\"caption\":\"Words of Peace\"},\"image\":{\"@id\":\"https:\\\/\\\/www.wopg.org\\\/it\\\/#\\\/schema\\\/logo\\\/image\\\/\"},\"sameAs\":[\"https:\\\/\\\/www.facebook.com\\\/wordsofpeaceglobal\",\"https:\\\/\\\/x.com\\\/wopg\",\"https:\\\/\\\/www.instagram.com\\\/wopgofficial\\\/\"]},{\"@type\":\"Person\",\"@id\":\"https:\\\/\\\/www.wopg.org\\\/it\\\/#\\\/schema\\\/person\\\/d3d11db72a0ccdab996f68053f8495f1\",\"name\":\"Carmine\",\"image\":{\"@type\":\"ImageObject\",\"inLanguage\":\"it-IT\",\"@id\":\"https:\\\/\\\/secure.gravatar.com\\\/avatar\\\/0d1627d54f68a11050bcb7910085c6f067e95a9d71dfc5de1025a4cf15cdfb19?s=96&d=mm&r=g\",\"url\":\"https:\\\/\\\/secure.gravatar.com\\\/avatar\\\/0d1627d54f68a11050bcb7910085c6f067e95a9d71dfc5de1025a4cf15cdfb19?s=96&d=mm&r=g\",\"contentUrl\":\"https:\\\/\\\/secure.gravatar.com\\\/avatar\\\/0d1627d54f68a11050bcb7910085c6f067e95a9d71dfc5de1025a4cf15cdfb19?s=96&d=mm&r=g\",\"caption\":\"Carmine\"},\"url\":\"https:\\\/\\\/www.wopg.org\\\/it\\\/author\\\/carmine\\\/\"}]}<\/script>\n<!-- \/ Yoast SEO plugin. -->","yoast_head_json":{"title":"Campagna \u201cLa pace \u00e8 possibile\u201d, parte seconda | Words of Peace","robots":{"index":"index","follow":"follow","max-snippet":"max-snippet:-1","max-image-preview":"max-image-preview:large","max-video-preview":"max-video-preview:-1"},"canonical":"https:\/\/www.wopg.org\/it\/campagna-la-pace-e-possibile-parte-seconda\/","og_locale":"it_IT","og_type":"article","og_title":"Campagna \u201cLa pace \u00e8 possibile\u201d, parte seconda | Words of Peace","og_description":"Ben Eine incontra Prem Rawat Dieci giorni dopo aver dipinto la frase di Prem Rawat \u201cLa pace \u00e8 possibile\u201d sui muri della Shoreditch House in Ebor Street, a Shoreditch, Londra, Eine ha invitato Prem a andare a vedere la sua opera completata. Nel corso dell\u2019incontro, Eine ha colto l\u2019opportunit\u00e0 di spiegare perch\u00e8 abbia scelto di [&hellip;]","og_url":"https:\/\/www.wopg.org\/it\/campagna-la-pace-e-possibile-parte-seconda\/","og_site_name":"Words of Peace","article_publisher":"https:\/\/www.facebook.com\/wordsofpeaceglobal","article_published_time":"2022-02-26T22:08:47+00:00","article_modified_time":"2022-03-17T19:36:00+00:00","og_image":[{"width":1080,"height":608,"url":"https:\/\/eadn-wc03-5903292.nxedge.io\/wp-content\/uploads\/2022\/02\/prem-rawat-meets-ben-eine_1080x608.jpg","type":"image\/jpeg"}],"author":"Carmine","twitter_card":"summary_large_image","twitter_creator":"@wopg","twitter_site":"@wopg","twitter_misc":{"Scritto da":"Carmine","Tempo di lettura stimato":"2 minuti"},"schema":{"@context":"https:\/\/schema.org","@graph":[{"@type":"Article","@id":"https:\/\/www.wopg.org\/it\/campagna-la-pace-e-possibile-parte-seconda\/#article","isPartOf":{"@id":"https:\/\/www.wopg.org\/it\/campagna-la-pace-e-possibile-parte-seconda\/"},"author":{"name":"Carmine","@id":"https:\/\/www.wopg.org\/it\/#\/schema\/person\/d3d11db72a0ccdab996f68053f8495f1"},"headline":"Campagna \u201cLa pace \u00e8 possibile\u201d, parte seconda","datePublished":"2022-02-26T22:08:47+00:00","dateModified":"2022-03-17T19:36:00+00:00","mainEntityOfPage":{"@id":"https:\/\/www.wopg.org\/it\/campagna-la-pace-e-possibile-parte-seconda\/"},"wordCount":393,"commentCount":0,"publisher":{"@id":"https:\/\/www.wopg.org\/it\/#organization"},"image":{"@id":"https:\/\/www.wopg.org\/it\/campagna-la-pace-e-possibile-parte-seconda\/#primaryimage"},"thumbnailUrl":"https:\/\/eadn-wc03-5903292.nxedge.io\/wp-content\/uploads\/2022\/02\/prem-rawat-meets-ben-eine_1080x608.jpg","articleSection":["News"],"inLanguage":"it-IT","potentialAction":[{"@type":"CommentAction","name":"Comment","target":["https:\/\/www.wopg.org\/it\/campagna-la-pace-e-possibile-parte-seconda\/#respond"]}]},{"@type":"WebPage","@id":"https:\/\/www.wopg.org\/it\/campagna-la-pace-e-possibile-parte-seconda\/","url":"https:\/\/www.wopg.org\/it\/campagna-la-pace-e-possibile-parte-seconda\/","name":"Campagna \u201cLa pace \u00e8 possibile\u201d, parte seconda | Words of Peace","isPartOf":{"@id":"https:\/\/www.wopg.org\/it\/#website"},"primaryImageOfPage":{"@id":"https:\/\/www.wopg.org\/it\/campagna-la-pace-e-possibile-parte-seconda\/#primaryimage"},"image":{"@id":"https:\/\/www.wopg.org\/it\/campagna-la-pace-e-possibile-parte-seconda\/#primaryimage"},"thumbnailUrl":"https:\/\/eadn-wc03-5903292.nxedge.io\/wp-content\/uploads\/2022\/02\/prem-rawat-meets-ben-eine_1080x608.jpg","datePublished":"2022-02-26T22:08:47+00:00","dateModified":"2022-03-17T19:36:00+00:00","breadcrumb":{"@id":"https:\/\/www.wopg.org\/it\/campagna-la-pace-e-possibile-parte-seconda\/#breadcrumb"},"inLanguage":"it-IT","potentialAction":[{"@type":"ReadAction","target":["https:\/\/www.wopg.org\/it\/campagna-la-pace-e-possibile-parte-seconda\/"]}]},{"@type":"ImageObject","inLanguage":"it-IT","@id":"https:\/\/www.wopg.org\/it\/campagna-la-pace-e-possibile-parte-seconda\/#primaryimage","url":"https:\/\/eadn-wc03-5903292.nxedge.io\/wp-content\/uploads\/2022\/02\/prem-rawat-meets-ben-eine_1080x608.jpg","contentUrl":"https:\/\/eadn-wc03-5903292.nxedge.io\/wp-content\/uploads\/2022\/02\/prem-rawat-meets-ben-eine_1080x608.jpg","width":1080,"height":608,"caption":"Prem Rawat meets Ben Eine"},{"@type":"BreadcrumbList","@id":"https:\/\/www.wopg.org\/it\/campagna-la-pace-e-possibile-parte-seconda\/#breadcrumb","itemListElement":[{"@type":"ListItem","position":1,"name":"Home","item":"https:\/\/www.wopg.org\/it\/"},{"@type":"ListItem","position":2,"name":"Campagna \u201cLa pace \u00e8 possibile\u201d, parte seconda"}]},{"@type":"WebSite","@id":"https:\/\/www.wopg.org\/it\/#website","url":"https:\/\/www.wopg.org\/it\/","name":"Words of Peace","description":"Practice Peace, Change Your World","publisher":{"@id":"https:\/\/www.wopg.org\/it\/#organization"},"potentialAction":[{"@type":"SearchAction","target":{"@type":"EntryPoint","urlTemplate":"https:\/\/www.wopg.org\/it\/?s={search_term_string}"},"query-input":{"@type":"PropertyValueSpecification","valueRequired":true,"valueName":"search_term_string"}}],"inLanguage":"it-IT"},{"@type":"Organization","@id":"https:\/\/www.wopg.org\/it\/#organization","name":"Words of Peace","url":"https:\/\/www.wopg.org\/it\/","logo":{"@type":"ImageObject","inLanguage":"it-IT","@id":"https:\/\/www.wopg.org\/it\/#\/schema\/logo\/image\/","url":"https:\/\/wopg.org\/wp-content\/uploads\/2022\/02\/Words-of-Peace-logo-website61x252.png","contentUrl":"https:\/\/wopg.org\/wp-content\/uploads\/2022\/02\/Words-of-Peace-logo-website61x252.png","width":252,"height":61,"caption":"Words of Peace"},"image":{"@id":"https:\/\/www.wopg.org\/it\/#\/schema\/logo\/image\/"},"sameAs":["https:\/\/www.facebook.com\/wordsofpeaceglobal","https:\/\/x.com\/wopg","https:\/\/www.instagram.com\/wopgofficial\/"]},{"@type":"Person","@id":"https:\/\/www.wopg.org\/it\/#\/schema\/person\/d3d11db72a0ccdab996f68053f8495f1","name":"Carmine","image":{"@type":"ImageObject","inLanguage":"it-IT","@id":"https:\/\/secure.gravatar.com\/avatar\/0d1627d54f68a11050bcb7910085c6f067e95a9d71dfc5de1025a4cf15cdfb19?s=96&d=mm&r=g","url":"https:\/\/secure.gravatar.com\/avatar\/0d1627d54f68a11050bcb7910085c6f067e95a9d71dfc5de1025a4cf15cdfb19?s=96&d=mm&r=g","contentUrl":"https:\/\/secure.gravatar.com\/avatar\/0d1627d54f68a11050bcb7910085c6f067e95a9d71dfc5de1025a4cf15cdfb19?s=96&d=mm&r=g","caption":"Carmine"},"url":"https:\/\/www.wopg.org\/it\/author\/carmine\/"}]}},"_links":{"self":[{"href":"https:\/\/www.wopg.org\/it\/wp-json\/wp\/v2\/posts\/1863","targetHints":{"allow":["GET"]}}],"collection":[{"href":"https:\/\/www.wopg.org\/it\/wp-json\/wp\/v2\/posts"}],"about":[{"href":"https:\/\/www.wopg.org\/it\/wp-json\/wp\/v2\/types\/post"}],"author":[{"embeddable":true,"href":"https:\/\/www.wopg.org\/it\/wp-json\/wp\/v2\/users\/3"}],"replies":[{"embeddable":true,"href":"https:\/\/www.wopg.org\/it\/wp-json\/wp\/v2\/comments?post=1863"}],"version-history":[{"count":4,"href":"https:\/\/www.wopg.org\/it\/wp-json\/wp\/v2\/posts\/1863\/revisions"}],"predecessor-version":[{"id":4045,"href":"https:\/\/www.wopg.org\/it\/wp-json\/wp\/v2\/posts\/1863\/revisions\/4045"}],"wp:featuredmedia":[{"embeddable":true,"href":"https:\/\/www.wopg.org\/it\/wp-json\/wp\/v2\/media\/894"}],"wp:attachment":[{"href":"https:\/\/www.wopg.org\/it\/wp-json\/wp\/v2\/media?parent=1863"}],"wp:term":[{"taxonomy":"category","embeddable":true,"href":"https:\/\/www.wopg.org\/it\/wp-json\/wp\/v2\/categories?post=1863"},{"taxonomy":"post_tag","embeddable":true,"href":"https:\/\/www.wopg.org\/it\/wp-json\/wp\/v2\/tags?post=1863"},{"taxonomy":"post_folder","embeddable":true,"href":"https:\/\/www.wopg.org\/it\/wp-json\/wp\/v2\/post_folder?post=1863"}],"curies":[{"name":"wp","href":"https:\/\/api.w.org\/{rel}","templated":true}]}}