{"id":1860,"date":"2022-02-26T22:04:28","date_gmt":"2022-02-26T22:04:28","guid":{"rendered":"http:\/\/wopg01.local\/campanha-a-paz-e-possivel-parte-2\/"},"modified":"2022-03-17T19:34:35","modified_gmt":"2022-03-17T19:34:35","slug":"campanha-a-paz-e-possivel-parte-2","status":"publish","type":"post","link":"https:\/\/www.wopg.org\/pt-br\/campanha-a-paz-e-possivel-parte-2\/","title":{"rendered":"Campanha \u2018A Paz \u00e9 Poss\u00edvel\u2019, parte 2"},"content":{"rendered":"<p>[et_pb_section fb_built=&#8221;1&#8243; admin_label=&#8221;section&#8221; _builder_version=&#8221;3.22&#8243; global_colors_info=&#8221;{}&#8221;][et_pb_row admin_label=&#8221;row&#8221; _builder_version=&#8221;3.25&#8243; background_size=&#8221;initial&#8221; background_position=&#8221;top_left&#8221; background_repeat=&#8221;repeat&#8221; global_colors_info=&#8221;{}&#8221;][et_pb_column type=&#8221;4_4&#8243; _builder_version=&#8221;3.25&#8243; custom_padding=&#8221;|||&#8221; global_colors_info=&#8221;{}&#8221; custom_padding__hover=&#8221;|||&#8221;][et_pb_text admin_label=&#8221;Text&#8221; _builder_version=&#8221;4.14.9&#8243; background_size=&#8221;initial&#8221; background_position=&#8221;top_left&#8221; background_repeat=&#8221;repeat&#8221; hover_enabled=&#8221;0&#8243; global_colors_info=&#8221;{}&#8221; sticky_enabled=&#8221;0&#8243;]<\/p>\n<h3>Ben Eine encontra Prem Rawat<\/h3>\n<p>Uma semana e meia depois de pintar a frase de Prem Rawat \u201cA Paz \u00e9 Poss\u00edvel\u201d nas paredes da Shoreditch House na Ebor Street em Shoreditch, Londres, Eine convidou Prem para ver sua obra de arte conclu\u00edda. Durante o encontro, Eine aproveitou a oportunidade para explicar por que escolheu pintar \u201cA Paz \u00e9 Poss\u00edvel\u201d no mural, levando os dois a trocarem pontos de vista sobre o impacto da frase.<\/p>\n<p><img loading=\"lazy\" decoding=\"async\" class=\"alignnone size-full wp-image-915\" src=\"https:\/\/wopg.org\/wp-content\/uploads\/2022\/02\/Prem-Rawat-and-Ben-Eine1080x405.jpg\" alt=\"Prem Rawat and Ben Eine\" width=\"1080\" height=\"405\" srcset=\"https:\/\/eadn-wc03-5903292.nxedge.io\/wp-content\/uploads\/2022\/02\/Prem-Rawat-and-Ben-Eine1080x405.jpg 1080w, https:\/\/eadn-wc03-5903292.nxedge.io\/wp-content\/uploads\/2022\/02\/Prem-Rawat-and-Ben-Eine1080x405-300x113.jpg 300w, https:\/\/eadn-wc03-5903292.nxedge.io\/wp-content\/uploads\/2022\/02\/Prem-Rawat-and-Ben-Eine1080x405-1024x384.jpg 1024w, https:\/\/eadn-wc03-5903292.nxedge.io\/wp-content\/uploads\/2022\/02\/Prem-Rawat-and-Ben-Eine1080x405-768x288.jpg 768w, https:\/\/eadn-wc03-5903292.nxedge.io\/wp-content\/uploads\/2022\/02\/Prem-Rawat-and-Ben-Eine1080x405-980x368.jpg 980w, https:\/\/eadn-wc03-5903292.nxedge.io\/wp-content\/uploads\/2022\/02\/Prem-Rawat-and-Ben-Eine1080x405-480x180.jpg 480w\" sizes=\"(max-width: 1080px) 100vw, 1080px\" \/><\/p>\n<p>A hashtag #PeaceIsPossible ainda \u00e9 tend\u00eancia nas redes sociais, j\u00e1 que os visitantes da \u00e1rea da Ebor Street fotografam o Muro da Paz diariamente. Prem, Eine e o Muro da Paz foram apresentados em um artigo no site de not\u00edcias on-line do The Evening Standard.<\/p>\n<h4>Evento \u2018Sementes da Paz\u2019 no Lambeth College<\/h4>\n<p>A campanha \u201cA Paz \u00e9 Poss\u00edvel\u201d continuou no domingo, 10 de junho, quando Prem Rawat foi convidado pela pastora Lorraine Jones para falar aos jovens de Londres, trazendo uma mensagem de esperan\u00e7a e ajuda pr\u00e1tica por meio de seu aclamado Programa de Educa\u00e7\u00e3o para a Paz (PEP).<\/p>\n<p><img loading=\"lazy\" decoding=\"async\" class=\"alignnone size-full wp-image-919\" src=\"https:\/\/wopg.org\/wp-content\/uploads\/2022\/02\/Prem-Rawat-Chatham-Metro-event-Ben-Eine-4-images.jpg\" alt=\"Prem Rawat Chatham Metro event\" width=\"1080\" height=\"810\" srcset=\"https:\/\/eadn-wc03-5903292.nxedge.io\/wp-content\/uploads\/2022\/02\/Prem-Rawat-Chatham-Metro-event-Ben-Eine-4-images.jpg 1080w, https:\/\/eadn-wc03-5903292.nxedge.io\/wp-content\/uploads\/2022\/02\/Prem-Rawat-Chatham-Metro-event-Ben-Eine-4-images-300x225.jpg 300w, https:\/\/eadn-wc03-5903292.nxedge.io\/wp-content\/uploads\/2022\/02\/Prem-Rawat-Chatham-Metro-event-Ben-Eine-4-images-1024x768.jpg 1024w, https:\/\/eadn-wc03-5903292.nxedge.io\/wp-content\/uploads\/2022\/02\/Prem-Rawat-Chatham-Metro-event-Ben-Eine-4-images-768x576.jpg 768w, https:\/\/eadn-wc03-5903292.nxedge.io\/wp-content\/uploads\/2022\/02\/Prem-Rawat-Chatham-Metro-event-Ben-Eine-4-images-510x382.jpg 510w, https:\/\/eadn-wc03-5903292.nxedge.io\/wp-content\/uploads\/2022\/02\/Prem-Rawat-Chatham-Metro-event-Ben-Eine-4-images-980x735.jpg 980w, https:\/\/eadn-wc03-5903292.nxedge.io\/wp-content\/uploads\/2022\/02\/Prem-Rawat-Chatham-Metro-event-Ben-Eine-4-images-480x360.jpg 480w\" sizes=\"(max-width: 1080px) 100vw, 1080px\" \/><\/p>\n<p>A pastora Lorraine Jones perdeu seu filho assassinado em 2014 e, desde ent\u00e3o, tornou-se uma voz importante pela paz e pela cura nas comunidades de Londres. Para evitar que outras pessoas compartilhem o destino de seu filho, ela fundou a Dwaynamics, uma academia de boxe que oferece aos jovens um estilo de vida alternativo e os afasta das gangues e da viol\u00eancia.<\/p>\n<p><img loading=\"lazy\" decoding=\"async\" class=\"alignnone size-full wp-image-923\" src=\"https:\/\/wopg.org\/wp-content\/uploads\/2022\/02\/Prem-rawat-at-peace-is-possible-event2.jpg\" alt=\"Prem Rawat at Peace is Possible event 2\" width=\"1080\" height=\"405\" srcset=\"https:\/\/eadn-wc03-5903292.nxedge.io\/wp-content\/uploads\/2022\/02\/Prem-rawat-at-peace-is-possible-event2.jpg 1080w, https:\/\/eadn-wc03-5903292.nxedge.io\/wp-content\/uploads\/2022\/02\/Prem-rawat-at-peace-is-possible-event2-300x113.jpg 300w, https:\/\/eadn-wc03-5903292.nxedge.io\/wp-content\/uploads\/2022\/02\/Prem-rawat-at-peace-is-possible-event2-1024x384.jpg 1024w, https:\/\/eadn-wc03-5903292.nxedge.io\/wp-content\/uploads\/2022\/02\/Prem-rawat-at-peace-is-possible-event2-768x288.jpg 768w, https:\/\/eadn-wc03-5903292.nxedge.io\/wp-content\/uploads\/2022\/02\/Prem-rawat-at-peace-is-possible-event2-980x368.jpg 980w, https:\/\/eadn-wc03-5903292.nxedge.io\/wp-content\/uploads\/2022\/02\/Prem-rawat-at-peace-is-possible-event2-480x180.jpg 480w\" sizes=\"(max-width: 1080px) 100vw, 1080px\" \/><\/p>\n<p>No dia 8 de junho, antes do evento, a pastora Lorraine e Prem participaram de uma conversa sobre os benef\u00edcios do PEP com o apresentador Mike Graham, do Talk Radio. Ou\u00e7a a grava\u00e7\u00e3o desta entrevista no\u00a0<a href=\"http:\/\/talkradio.co.uk\/radio\/listen-again\/1528448400#\">site Talk Radio<\/a>\u00a0(8 de junho, segmento 11h30-12).<\/p>\n<p><img loading=\"lazy\" decoding=\"async\" class=\"alignnone size-full wp-image-927\" src=\"https:\/\/wopg.org\/wp-content\/uploads\/2022\/02\/Prem-Rawat-at-peace-event.jpg\" alt=\"Prem Rawat at Peace Event\" width=\"1080\" height=\"810\" srcset=\"https:\/\/eadn-wc03-5903292.nxedge.io\/wp-content\/uploads\/2022\/02\/Prem-Rawat-at-peace-event.jpg 1080w, https:\/\/eadn-wc03-5903292.nxedge.io\/wp-content\/uploads\/2022\/02\/Prem-Rawat-at-peace-event-300x225.jpg 300w, https:\/\/eadn-wc03-5903292.nxedge.io\/wp-content\/uploads\/2022\/02\/Prem-Rawat-at-peace-event-1024x768.jpg 1024w, https:\/\/eadn-wc03-5903292.nxedge.io\/wp-content\/uploads\/2022\/02\/Prem-Rawat-at-peace-event-768x576.jpg 768w, https:\/\/eadn-wc03-5903292.nxedge.io\/wp-content\/uploads\/2022\/02\/Prem-Rawat-at-peace-event-510x382.jpg 510w, https:\/\/eadn-wc03-5903292.nxedge.io\/wp-content\/uploads\/2022\/02\/Prem-Rawat-at-peace-event-980x735.jpg 980w, https:\/\/eadn-wc03-5903292.nxedge.io\/wp-content\/uploads\/2022\/02\/Prem-Rawat-at-peace-event-480x360.jpg 480w\" sizes=\"(max-width: 1080px) 100vw, 1080px\" \/><\/p>\n<p>Para saber mais sobre os resultados emocionantes desta campanha, visite o\u00a0<a href=\"https:\/\/www.tprf.org\/category\/news\/\">site da Funda\u00e7\u00e3o Prem Rawat<\/a>.<\/p>\n<p>[\/et_pb_text][\/et_pb_column][\/et_pb_row][\/et_pb_section]<\/p>\n","protected":false},"excerpt":{"rendered":"<p>Ben Eine encontra Prem Rawat Uma semana e meia depois de pintar a frase de Prem Rawat \u201cA Paz \u00e9 Poss\u00edvel\u201d nas paredes da Shoreditch House na Ebor Street em Shoreditch, Londres, Eine convidou Prem para ver sua obra de arte conclu\u00edda. Durante o encontro, Eine aproveitou a oportunidade para explicar por que escolheu pintar [&hellip;]<\/p>\n","protected":false},"author":3,"featured_media":895,"comment_status":"open","ping_status":"open","sticky":false,"template":"","format":"standard","meta":{"_et_pb_use_builder":"on","_et_pb_old_content":"","_et_gb_content_width":"","cybocfi_hide_featured_image":"","footnotes":""},"categories":[34],"tags":[],"post_folder":[],"class_list":["post-1860","post","type-post","status-publish","format-standard","has-post-thumbnail","hentry","category-acontece"],"yoast_head":"<!-- This site is optimized with the Yoast SEO plugin v27.3 - https:\/\/yoast.com\/product\/yoast-seo-wordpress\/ -->\n<title>Campanha \u2018A Paz \u00e9 Poss\u00edvel\u2019, parte 2 | Words of Peace<\/title>\n<meta name=\"robots\" content=\"index, follow, max-snippet:-1, max-image-preview:large, max-video-preview:-1\" \/>\n<link rel=\"canonical\" href=\"https:\/\/www.wopg.org\/pt-br\/campanha-a-paz-e-possivel-parte-2\/\" \/>\n<meta property=\"og:locale\" content=\"pt_BR\" \/>\n<meta property=\"og:type\" content=\"article\" \/>\n<meta property=\"og:title\" content=\"Campanha \u2018A Paz \u00e9 Poss\u00edvel\u2019, parte 2 | Words of Peace\" \/>\n<meta property=\"og:description\" content=\"Ben Eine encontra Prem Rawat Uma semana e meia depois de pintar a frase de Prem Rawat \u201cA Paz \u00e9 Poss\u00edvel\u201d nas paredes da Shoreditch House na Ebor Street em Shoreditch, Londres, Eine convidou Prem para ver sua obra de arte conclu\u00edda. Durante o encontro, Eine aproveitou a oportunidade para explicar por que escolheu pintar [&hellip;]\" \/>\n<meta property=\"og:url\" content=\"https:\/\/www.wopg.org\/pt-br\/campanha-a-paz-e-possivel-parte-2\/\" \/>\n<meta property=\"og:site_name\" content=\"Words of Peace\" \/>\n<meta property=\"article:publisher\" content=\"https:\/\/www.facebook.com\/wordsofpeaceglobal\" \/>\n<meta property=\"article:published_time\" content=\"2022-02-26T22:04:28+00:00\" \/>\n<meta property=\"article:modified_time\" content=\"2022-03-17T19:34:35+00:00\" \/>\n<meta property=\"og:image\" content=\"https:\/\/eadn-wc03-5903292.nxedge.io\/wp-content\/uploads\/2022\/02\/prem-rawat-meets-ben-eine_1080x608.jpg\" \/>\n\t<meta property=\"og:image:width\" content=\"1080\" \/>\n\t<meta property=\"og:image:height\" content=\"608\" \/>\n\t<meta property=\"og:image:type\" content=\"image\/jpeg\" \/>\n<meta name=\"author\" content=\"Carmine\" \/>\n<meta name=\"twitter:card\" content=\"summary_large_image\" \/>\n<meta name=\"twitter:creator\" content=\"@wopg\" \/>\n<meta name=\"twitter:site\" content=\"@wopg\" \/>\n<meta name=\"twitter:label1\" content=\"Escrito por\" \/>\n\t<meta name=\"twitter:data1\" content=\"Carmine\" \/>\n\t<meta name=\"twitter:label2\" content=\"Est. tempo de leitura\" \/>\n\t<meta name=\"twitter:data2\" content=\"2 minutos\" \/>\n<script type=\"application\/ld+json\" class=\"yoast-schema-graph\">{\"@context\":\"https:\\\/\\\/schema.org\",\"@graph\":[{\"@type\":\"Article\",\"@id\":\"https:\\\/\\\/www.wopg.org\\\/pt-br\\\/campanha-a-paz-e-possivel-parte-2\\\/#article\",\"isPartOf\":{\"@id\":\"https:\\\/\\\/www.wopg.org\\\/pt-br\\\/campanha-a-paz-e-possivel-parte-2\\\/\"},\"author\":{\"name\":\"Carmine\",\"@id\":\"https:\\\/\\\/www.wopg.org\\\/pt-br\\\/#\\\/schema\\\/person\\\/d3d11db72a0ccdab996f68053f8495f1\"},\"headline\":\"Campanha \u2018A Paz \u00e9 Poss\u00edvel\u2019, parte 2\",\"datePublished\":\"2022-02-26T22:04:28+00:00\",\"dateModified\":\"2022-03-17T19:34:35+00:00\",\"mainEntityOfPage\":{\"@id\":\"https:\\\/\\\/www.wopg.org\\\/pt-br\\\/campanha-a-paz-e-possivel-parte-2\\\/\"},\"wordCount\":394,\"commentCount\":0,\"publisher\":{\"@id\":\"https:\\\/\\\/www.wopg.org\\\/pt-br\\\/#organization\"},\"image\":{\"@id\":\"https:\\\/\\\/www.wopg.org\\\/pt-br\\\/campanha-a-paz-e-possivel-parte-2\\\/#primaryimage\"},\"thumbnailUrl\":\"https:\\\/\\\/www.wopg.org\\\/wp-content\\\/uploads\\\/2022\\\/02\\\/prem-rawat-meets-ben-eine_1080x608.jpg\",\"articleSection\":[\"News\"],\"inLanguage\":\"pt-BR\",\"potentialAction\":[{\"@type\":\"CommentAction\",\"name\":\"Comment\",\"target\":[\"https:\\\/\\\/www.wopg.org\\\/pt-br\\\/campanha-a-paz-e-possivel-parte-2\\\/#respond\"]}]},{\"@type\":\"WebPage\",\"@id\":\"https:\\\/\\\/www.wopg.org\\\/pt-br\\\/campanha-a-paz-e-possivel-parte-2\\\/\",\"url\":\"https:\\\/\\\/www.wopg.org\\\/pt-br\\\/campanha-a-paz-e-possivel-parte-2\\\/\",\"name\":\"Campanha \u2018A Paz \u00e9 Poss\u00edvel\u2019, parte 2 | Words of Peace\",\"isPartOf\":{\"@id\":\"https:\\\/\\\/www.wopg.org\\\/pt-br\\\/#website\"},\"primaryImageOfPage\":{\"@id\":\"https:\\\/\\\/www.wopg.org\\\/pt-br\\\/campanha-a-paz-e-possivel-parte-2\\\/#primaryimage\"},\"image\":{\"@id\":\"https:\\\/\\\/www.wopg.org\\\/pt-br\\\/campanha-a-paz-e-possivel-parte-2\\\/#primaryimage\"},\"thumbnailUrl\":\"https:\\\/\\\/www.wopg.org\\\/wp-content\\\/uploads\\\/2022\\\/02\\\/prem-rawat-meets-ben-eine_1080x608.jpg\",\"datePublished\":\"2022-02-26T22:04:28+00:00\",\"dateModified\":\"2022-03-17T19:34:35+00:00\",\"breadcrumb\":{\"@id\":\"https:\\\/\\\/www.wopg.org\\\/pt-br\\\/campanha-a-paz-e-possivel-parte-2\\\/#breadcrumb\"},\"inLanguage\":\"pt-BR\",\"potentialAction\":[{\"@type\":\"ReadAction\",\"target\":[\"https:\\\/\\\/www.wopg.org\\\/pt-br\\\/campanha-a-paz-e-possivel-parte-2\\\/\"]}]},{\"@type\":\"ImageObject\",\"inLanguage\":\"pt-BR\",\"@id\":\"https:\\\/\\\/www.wopg.org\\\/pt-br\\\/campanha-a-paz-e-possivel-parte-2\\\/#primaryimage\",\"url\":\"https:\\\/\\\/www.wopg.org\\\/wp-content\\\/uploads\\\/2022\\\/02\\\/prem-rawat-meets-ben-eine_1080x608.jpg\",\"contentUrl\":\"https:\\\/\\\/www.wopg.org\\\/wp-content\\\/uploads\\\/2022\\\/02\\\/prem-rawat-meets-ben-eine_1080x608.jpg\",\"width\":1080,\"height\":608,\"caption\":\"Prem Rawat meets Ben Eine\"},{\"@type\":\"BreadcrumbList\",\"@id\":\"https:\\\/\\\/www.wopg.org\\\/pt-br\\\/campanha-a-paz-e-possivel-parte-2\\\/#breadcrumb\",\"itemListElement\":[{\"@type\":\"ListItem\",\"position\":1,\"name\":\"Home\",\"item\":\"https:\\\/\\\/www.wopg.org\\\/pt-br\\\/\"},{\"@type\":\"ListItem\",\"position\":2,\"name\":\"Campanha \u2018A Paz \u00e9 Poss\u00edvel\u2019, parte 2\"}]},{\"@type\":\"WebSite\",\"@id\":\"https:\\\/\\\/www.wopg.org\\\/pt-br\\\/#website\",\"url\":\"https:\\\/\\\/www.wopg.org\\\/pt-br\\\/\",\"name\":\"Words of Peace\",\"description\":\"Practice Peace, Change Your World\",\"publisher\":{\"@id\":\"https:\\\/\\\/www.wopg.org\\\/pt-br\\\/#organization\"},\"potentialAction\":[{\"@type\":\"SearchAction\",\"target\":{\"@type\":\"EntryPoint\",\"urlTemplate\":\"https:\\\/\\\/www.wopg.org\\\/pt-br\\\/?s={search_term_string}\"},\"query-input\":{\"@type\":\"PropertyValueSpecification\",\"valueRequired\":true,\"valueName\":\"search_term_string\"}}],\"inLanguage\":\"pt-BR\"},{\"@type\":\"Organization\",\"@id\":\"https:\\\/\\\/www.wopg.org\\\/pt-br\\\/#organization\",\"name\":\"Words of Peace\",\"url\":\"https:\\\/\\\/www.wopg.org\\\/pt-br\\\/\",\"logo\":{\"@type\":\"ImageObject\",\"inLanguage\":\"pt-BR\",\"@id\":\"https:\\\/\\\/www.wopg.org\\\/pt-br\\\/#\\\/schema\\\/logo\\\/image\\\/\",\"url\":\"https:\\\/\\\/wopg.org\\\/wp-content\\\/uploads\\\/2022\\\/02\\\/Words-of-Peace-logo-website61x252.png\",\"contentUrl\":\"https:\\\/\\\/wopg.org\\\/wp-content\\\/uploads\\\/2022\\\/02\\\/Words-of-Peace-logo-website61x252.png\",\"width\":252,\"height\":61,\"caption\":\"Words of Peace\"},\"image\":{\"@id\":\"https:\\\/\\\/www.wopg.org\\\/pt-br\\\/#\\\/schema\\\/logo\\\/image\\\/\"},\"sameAs\":[\"https:\\\/\\\/www.facebook.com\\\/wordsofpeaceglobal\",\"https:\\\/\\\/x.com\\\/wopg\",\"https:\\\/\\\/www.instagram.com\\\/wopgofficial\\\/\"]},{\"@type\":\"Person\",\"@id\":\"https:\\\/\\\/www.wopg.org\\\/pt-br\\\/#\\\/schema\\\/person\\\/d3d11db72a0ccdab996f68053f8495f1\",\"name\":\"Carmine\",\"image\":{\"@type\":\"ImageObject\",\"inLanguage\":\"pt-BR\",\"@id\":\"https:\\\/\\\/secure.gravatar.com\\\/avatar\\\/0d1627d54f68a11050bcb7910085c6f067e95a9d71dfc5de1025a4cf15cdfb19?s=96&d=mm&r=g\",\"url\":\"https:\\\/\\\/secure.gravatar.com\\\/avatar\\\/0d1627d54f68a11050bcb7910085c6f067e95a9d71dfc5de1025a4cf15cdfb19?s=96&d=mm&r=g\",\"contentUrl\":\"https:\\\/\\\/secure.gravatar.com\\\/avatar\\\/0d1627d54f68a11050bcb7910085c6f067e95a9d71dfc5de1025a4cf15cdfb19?s=96&d=mm&r=g\",\"caption\":\"Carmine\"},\"url\":\"https:\\\/\\\/www.wopg.org\\\/pt-br\\\/author\\\/carmine\\\/\"}]}<\/script>\n<!-- \/ Yoast SEO plugin. -->","yoast_head_json":{"title":"Campanha \u2018A Paz \u00e9 Poss\u00edvel\u2019, parte 2 | Words of Peace","robots":{"index":"index","follow":"follow","max-snippet":"max-snippet:-1","max-image-preview":"max-image-preview:large","max-video-preview":"max-video-preview:-1"},"canonical":"https:\/\/www.wopg.org\/pt-br\/campanha-a-paz-e-possivel-parte-2\/","og_locale":"pt_BR","og_type":"article","og_title":"Campanha \u2018A Paz \u00e9 Poss\u00edvel\u2019, parte 2 | Words of Peace","og_description":"Ben Eine encontra Prem Rawat Uma semana e meia depois de pintar a frase de Prem Rawat \u201cA Paz \u00e9 Poss\u00edvel\u201d nas paredes da Shoreditch House na Ebor Street em Shoreditch, Londres, Eine convidou Prem para ver sua obra de arte conclu\u00edda. Durante o encontro, Eine aproveitou a oportunidade para explicar por que escolheu pintar [&hellip;]","og_url":"https:\/\/www.wopg.org\/pt-br\/campanha-a-paz-e-possivel-parte-2\/","og_site_name":"Words of Peace","article_publisher":"https:\/\/www.facebook.com\/wordsofpeaceglobal","article_published_time":"2022-02-26T22:04:28+00:00","article_modified_time":"2022-03-17T19:34:35+00:00","og_image":[{"width":1080,"height":608,"url":"https:\/\/eadn-wc03-5903292.nxedge.io\/wp-content\/uploads\/2022\/02\/prem-rawat-meets-ben-eine_1080x608.jpg","type":"image\/jpeg"}],"author":"Carmine","twitter_card":"summary_large_image","twitter_creator":"@wopg","twitter_site":"@wopg","twitter_misc":{"Escrito por":"Carmine","Est. tempo de leitura":"2 minutos"},"schema":{"@context":"https:\/\/schema.org","@graph":[{"@type":"Article","@id":"https:\/\/www.wopg.org\/pt-br\/campanha-a-paz-e-possivel-parte-2\/#article","isPartOf":{"@id":"https:\/\/www.wopg.org\/pt-br\/campanha-a-paz-e-possivel-parte-2\/"},"author":{"name":"Carmine","@id":"https:\/\/www.wopg.org\/pt-br\/#\/schema\/person\/d3d11db72a0ccdab996f68053f8495f1"},"headline":"Campanha \u2018A Paz \u00e9 Poss\u00edvel\u2019, parte 2","datePublished":"2022-02-26T22:04:28+00:00","dateModified":"2022-03-17T19:34:35+00:00","mainEntityOfPage":{"@id":"https:\/\/www.wopg.org\/pt-br\/campanha-a-paz-e-possivel-parte-2\/"},"wordCount":394,"commentCount":0,"publisher":{"@id":"https:\/\/www.wopg.org\/pt-br\/#organization"},"image":{"@id":"https:\/\/www.wopg.org\/pt-br\/campanha-a-paz-e-possivel-parte-2\/#primaryimage"},"thumbnailUrl":"https:\/\/eadn-wc03-5903292.nxedge.io\/wp-content\/uploads\/2022\/02\/prem-rawat-meets-ben-eine_1080x608.jpg","articleSection":["News"],"inLanguage":"pt-BR","potentialAction":[{"@type":"CommentAction","name":"Comment","target":["https:\/\/www.wopg.org\/pt-br\/campanha-a-paz-e-possivel-parte-2\/#respond"]}]},{"@type":"WebPage","@id":"https:\/\/www.wopg.org\/pt-br\/campanha-a-paz-e-possivel-parte-2\/","url":"https:\/\/www.wopg.org\/pt-br\/campanha-a-paz-e-possivel-parte-2\/","name":"Campanha \u2018A Paz \u00e9 Poss\u00edvel\u2019, parte 2 | Words of Peace","isPartOf":{"@id":"https:\/\/www.wopg.org\/pt-br\/#website"},"primaryImageOfPage":{"@id":"https:\/\/www.wopg.org\/pt-br\/campanha-a-paz-e-possivel-parte-2\/#primaryimage"},"image":{"@id":"https:\/\/www.wopg.org\/pt-br\/campanha-a-paz-e-possivel-parte-2\/#primaryimage"},"thumbnailUrl":"https:\/\/eadn-wc03-5903292.nxedge.io\/wp-content\/uploads\/2022\/02\/prem-rawat-meets-ben-eine_1080x608.jpg","datePublished":"2022-02-26T22:04:28+00:00","dateModified":"2022-03-17T19:34:35+00:00","breadcrumb":{"@id":"https:\/\/www.wopg.org\/pt-br\/campanha-a-paz-e-possivel-parte-2\/#breadcrumb"},"inLanguage":"pt-BR","potentialAction":[{"@type":"ReadAction","target":["https:\/\/www.wopg.org\/pt-br\/campanha-a-paz-e-possivel-parte-2\/"]}]},{"@type":"ImageObject","inLanguage":"pt-BR","@id":"https:\/\/www.wopg.org\/pt-br\/campanha-a-paz-e-possivel-parte-2\/#primaryimage","url":"https:\/\/eadn-wc03-5903292.nxedge.io\/wp-content\/uploads\/2022\/02\/prem-rawat-meets-ben-eine_1080x608.jpg","contentUrl":"https:\/\/eadn-wc03-5903292.nxedge.io\/wp-content\/uploads\/2022\/02\/prem-rawat-meets-ben-eine_1080x608.jpg","width":1080,"height":608,"caption":"Prem Rawat meets Ben Eine"},{"@type":"BreadcrumbList","@id":"https:\/\/www.wopg.org\/pt-br\/campanha-a-paz-e-possivel-parte-2\/#breadcrumb","itemListElement":[{"@type":"ListItem","position":1,"name":"Home","item":"https:\/\/www.wopg.org\/pt-br\/"},{"@type":"ListItem","position":2,"name":"Campanha \u2018A Paz \u00e9 Poss\u00edvel\u2019, parte 2"}]},{"@type":"WebSite","@id":"https:\/\/www.wopg.org\/pt-br\/#website","url":"https:\/\/www.wopg.org\/pt-br\/","name":"Words of Peace","description":"Practice Peace, Change Your World","publisher":{"@id":"https:\/\/www.wopg.org\/pt-br\/#organization"},"potentialAction":[{"@type":"SearchAction","target":{"@type":"EntryPoint","urlTemplate":"https:\/\/www.wopg.org\/pt-br\/?s={search_term_string}"},"query-input":{"@type":"PropertyValueSpecification","valueRequired":true,"valueName":"search_term_string"}}],"inLanguage":"pt-BR"},{"@type":"Organization","@id":"https:\/\/www.wopg.org\/pt-br\/#organization","name":"Words of Peace","url":"https:\/\/www.wopg.org\/pt-br\/","logo":{"@type":"ImageObject","inLanguage":"pt-BR","@id":"https:\/\/www.wopg.org\/pt-br\/#\/schema\/logo\/image\/","url":"https:\/\/wopg.org\/wp-content\/uploads\/2022\/02\/Words-of-Peace-logo-website61x252.png","contentUrl":"https:\/\/wopg.org\/wp-content\/uploads\/2022\/02\/Words-of-Peace-logo-website61x252.png","width":252,"height":61,"caption":"Words of Peace"},"image":{"@id":"https:\/\/www.wopg.org\/pt-br\/#\/schema\/logo\/image\/"},"sameAs":["https:\/\/www.facebook.com\/wordsofpeaceglobal","https:\/\/x.com\/wopg","https:\/\/www.instagram.com\/wopgofficial\/"]},{"@type":"Person","@id":"https:\/\/www.wopg.org\/pt-br\/#\/schema\/person\/d3d11db72a0ccdab996f68053f8495f1","name":"Carmine","image":{"@type":"ImageObject","inLanguage":"pt-BR","@id":"https:\/\/secure.gravatar.com\/avatar\/0d1627d54f68a11050bcb7910085c6f067e95a9d71dfc5de1025a4cf15cdfb19?s=96&d=mm&r=g","url":"https:\/\/secure.gravatar.com\/avatar\/0d1627d54f68a11050bcb7910085c6f067e95a9d71dfc5de1025a4cf15cdfb19?s=96&d=mm&r=g","contentUrl":"https:\/\/secure.gravatar.com\/avatar\/0d1627d54f68a11050bcb7910085c6f067e95a9d71dfc5de1025a4cf15cdfb19?s=96&d=mm&r=g","caption":"Carmine"},"url":"https:\/\/www.wopg.org\/pt-br\/author\/carmine\/"}]}},"_links":{"self":[{"href":"https:\/\/www.wopg.org\/pt-br\/wp-json\/wp\/v2\/posts\/1860","targetHints":{"allow":["GET"]}}],"collection":[{"href":"https:\/\/www.wopg.org\/pt-br\/wp-json\/wp\/v2\/posts"}],"about":[{"href":"https:\/\/www.wopg.org\/pt-br\/wp-json\/wp\/v2\/types\/post"}],"author":[{"embeddable":true,"href":"https:\/\/www.wopg.org\/pt-br\/wp-json\/wp\/v2\/users\/3"}],"replies":[{"embeddable":true,"href":"https:\/\/www.wopg.org\/pt-br\/wp-json\/wp\/v2\/comments?post=1860"}],"version-history":[{"count":4,"href":"https:\/\/www.wopg.org\/pt-br\/wp-json\/wp\/v2\/posts\/1860\/revisions"}],"predecessor-version":[{"id":4041,"href":"https:\/\/www.wopg.org\/pt-br\/wp-json\/wp\/v2\/posts\/1860\/revisions\/4041"}],"wp:featuredmedia":[{"embeddable":true,"href":"https:\/\/www.wopg.org\/pt-br\/wp-json\/wp\/v2\/media\/895"}],"wp:attachment":[{"href":"https:\/\/www.wopg.org\/pt-br\/wp-json\/wp\/v2\/media?parent=1860"}],"wp:term":[{"taxonomy":"category","embeddable":true,"href":"https:\/\/www.wopg.org\/pt-br\/wp-json\/wp\/v2\/categories?post=1860"},{"taxonomy":"post_tag","embeddable":true,"href":"https:\/\/www.wopg.org\/pt-br\/wp-json\/wp\/v2\/tags?post=1860"},{"taxonomy":"post_folder","embeddable":true,"href":"https:\/\/www.wopg.org\/pt-br\/wp-json\/wp\/v2\/post_folder?post=1860"}],"curies":[{"name":"wp","href":"https:\/\/api.w.org\/{rel}","templated":true}]}}