{"id":1884,"date":"2022-02-27T15:23:40","date_gmt":"2022-02-27T15:23:40","guid":{"rendered":"http:\/\/wopg01.local\/comemoracao-do-53o-aniversario\/"},"modified":"2022-03-17T19:34:43","modified_gmt":"2022-03-17T19:34:43","slug":"comemoracao-do-53o-aniversario","status":"publish","type":"post","link":"https:\/\/www.wopg.org\/pt-br\/comemoracao-do-53o-aniversario\/","title":{"rendered":"Comemora\u00e7\u00e3o do 53\u00ba anivers\u00e1rio"},"content":{"rendered":"<p>[et_pb_section fb_built=&#8221;1&#8243; admin_label=&#8221;section&#8221; _builder_version=&#8221;3.22&#8243; global_colors_info=&#8221;{}&#8221;][et_pb_row admin_label=&#8221;row&#8221; _builder_version=&#8221;3.25&#8243; background_size=&#8221;initial&#8221; background_position=&#8221;top_left&#8221; background_repeat=&#8221;repeat&#8221; global_colors_info=&#8221;{}&#8221;][et_pb_column type=&#8221;4_4&#8243; _builder_version=&#8221;3.25&#8243; custom_padding=&#8221;|||&#8221; global_colors_info=&#8221;{}&#8221; custom_padding__hover=&#8221;|||&#8221;][et_pb_text admin_label=&#8221;Text&#8221; _builder_version=&#8221;4.14.9&#8243; background_size=&#8221;initial&#8221; background_position=&#8221;top_left&#8221; background_repeat=&#8221;repeat&#8221; hover_enabled=&#8221;0&#8243; global_colors_info=&#8221;{}&#8221; sticky_enabled=&#8221;0&#8243;]<\/p>\n<h3><\/h3>\n<h3>Jeevant \u2013 Sentir-se Vivo<\/h3>\n<p>31 de julho marca o anivers\u00e1rio do dia em que Prem Rawat come\u00e7ou a ensinar ainda menino na \u00cdndia.<\/p>\n<p>Em 2019, o \u201cJeevant\u201d (Sentir-se vivo), a celebra\u00e7\u00e3o do 53\u00ba anivers\u00e1rio do trabalho de Prem, foi organizada no Indira Gandhi Indoor Stadium em Nova Delhi, para cerca de quinze mil participantes da \u00cdndia e do exterior.<\/p>\n<p><img loading=\"lazy\" decoding=\"async\" class=\"alignnone size-full wp-image-931\" src=\"https:\/\/wopg.org\/wp-content\/uploads\/2022\/02\/Delhi_Guru_Puja-collage.jpg\" alt=\"Delhi Guru Puja\" width=\"1080\" height=\"570\" srcset=\"https:\/\/eadn-wc03-5903292.nxedge.io\/wp-content\/uploads\/2022\/02\/Delhi_Guru_Puja-collage.jpg 1080w, https:\/\/eadn-wc03-5903292.nxedge.io\/wp-content\/uploads\/2022\/02\/Delhi_Guru_Puja-collage-300x158.jpg 300w, https:\/\/eadn-wc03-5903292.nxedge.io\/wp-content\/uploads\/2022\/02\/Delhi_Guru_Puja-collage-1024x540.jpg 1024w, https:\/\/eadn-wc03-5903292.nxedge.io\/wp-content\/uploads\/2022\/02\/Delhi_Guru_Puja-collage-768x405.jpg 768w, https:\/\/eadn-wc03-5903292.nxedge.io\/wp-content\/uploads\/2022\/02\/Delhi_Guru_Puja-collage-980x517.jpg 980w, https:\/\/eadn-wc03-5903292.nxedge.io\/wp-content\/uploads\/2022\/02\/Delhi_Guru_Puja-collage-480x253.jpg 480w\" sizes=\"(max-width: 1080px) 100vw, 1080px\" \/><\/p>\n<p>&nbsp;<\/p>\n<p>V\u00e1rias entrevistas de r\u00e1dio e TV, artigos de imprensa e outros eventos foram promovidos nas\u00a0<a href=\"https:\/\/www.facebook.com\/rajvidyakender\/\">m\u00eddias sociais<\/a>, levando a um evento inesquec\u00edvel, que foi\u00a0<a href=\"https:\/\/www.facebook.com\/myanjantv\/\">transmitido ao vivo<\/a>\u00a0por toda a \u00cdndia.<\/p>\n<p><img loading=\"lazy\" decoding=\"async\" class=\"alignnone size-full wp-image-935\" src=\"https:\/\/wopg.org\/wp-content\/uploads\/2022\/02\/Delhi_Guru_Puja_band.jpg\" alt=\"Delhi Guru Puja Band\" width=\"1080\" height=\"570\" srcset=\"https:\/\/eadn-wc03-5903292.nxedge.io\/wp-content\/uploads\/2022\/02\/Delhi_Guru_Puja_band.jpg 1080w, https:\/\/eadn-wc03-5903292.nxedge.io\/wp-content\/uploads\/2022\/02\/Delhi_Guru_Puja_band-300x158.jpg 300w, https:\/\/eadn-wc03-5903292.nxedge.io\/wp-content\/uploads\/2022\/02\/Delhi_Guru_Puja_band-1024x540.jpg 1024w, https:\/\/eadn-wc03-5903292.nxedge.io\/wp-content\/uploads\/2022\/02\/Delhi_Guru_Puja_band-768x405.jpg 768w, https:\/\/eadn-wc03-5903292.nxedge.io\/wp-content\/uploads\/2022\/02\/Delhi_Guru_Puja_band-980x517.jpg 980w, https:\/\/eadn-wc03-5903292.nxedge.io\/wp-content\/uploads\/2022\/02\/Delhi_Guru_Puja_band-480x253.jpg 480w\" sizes=\"(max-width: 1080px) 100vw, 1080px\" \/><\/p>\n<p>&nbsp;<\/p>\n<p>Mesmo que nem todos pudessem comparecer e participar da celebra\u00e7\u00e3o, qualquer pessoa que esteja familiarizada com o trabalho excepcional de Prem em todo o mundo tem a chance de se sentir parte do que ele est\u00e1 fazendo.\u00a0<a href=\"https:\/\/www.premrawat.com\/\">Saiba mais<\/a>.<\/p>\n<p><img loading=\"lazy\" decoding=\"async\" class=\"alignnone size-full wp-image-939\" src=\"https:\/\/wopg.org\/wp-content\/uploads\/2022\/02\/2womensmiling.jpg\" alt=\"Audience\" width=\"1080\" height=\"570\" srcset=\"https:\/\/eadn-wc03-5903292.nxedge.io\/wp-content\/uploads\/2022\/02\/2womensmiling.jpg 1080w, https:\/\/eadn-wc03-5903292.nxedge.io\/wp-content\/uploads\/2022\/02\/2womensmiling-300x158.jpg 300w, https:\/\/eadn-wc03-5903292.nxedge.io\/wp-content\/uploads\/2022\/02\/2womensmiling-1024x540.jpg 1024w, https:\/\/eadn-wc03-5903292.nxedge.io\/wp-content\/uploads\/2022\/02\/2womensmiling-768x405.jpg 768w, https:\/\/eadn-wc03-5903292.nxedge.io\/wp-content\/uploads\/2022\/02\/2womensmiling-980x517.jpg 980w, https:\/\/eadn-wc03-5903292.nxedge.io\/wp-content\/uploads\/2022\/02\/2womensmiling-480x253.jpg 480w\" sizes=\"(max-width: 1080px) 100vw, 1080px\" \/><\/p>\n<p>[\/et_pb_text][\/et_pb_column][\/et_pb_row][\/et_pb_section]<\/p>\n","protected":false},"excerpt":{"rendered":"<p>Jeevant \u2013 Sentir-se Vivo 31 de julho marca o anivers\u00e1rio do dia em que Prem Rawat come\u00e7ou a ensinar ainda menino na \u00cdndia. Em 2019, o \u201cJeevant\u201d (Sentir-se vivo), a celebra\u00e7\u00e3o do 53\u00ba anivers\u00e1rio do trabalho de Prem, foi organizada no Indira Gandhi Indoor Stadium em Nova Delhi, para cerca de quinze mil participantes da [&hellip;]<\/p>\n","protected":false},"author":3,"featured_media":891,"comment_status":"open","ping_status":"open","sticky":false,"template":"","format":"standard","meta":{"_et_pb_use_builder":"on","_et_pb_old_content":"","_et_gb_content_width":"","cybocfi_hide_featured_image":"","footnotes":""},"categories":[34],"tags":[],"post_folder":[],"class_list":["post-1884","post","type-post","status-publish","format-standard","has-post-thumbnail","hentry","category-acontece"],"yoast_head":"<!-- This site is optimized with the Yoast SEO plugin v27.3 - https:\/\/yoast.com\/product\/yoast-seo-wordpress\/ -->\n<title>Comemora\u00e7\u00e3o do 53\u00ba anivers\u00e1rio | Words of Peace<\/title>\n<meta name=\"robots\" content=\"index, follow, max-snippet:-1, max-image-preview:large, max-video-preview:-1\" \/>\n<link rel=\"canonical\" href=\"https:\/\/www.wopg.org\/pt-br\/comemoracao-do-53o-aniversario\/\" \/>\n<meta property=\"og:locale\" content=\"pt_BR\" \/>\n<meta property=\"og:type\" content=\"article\" \/>\n<meta property=\"og:title\" content=\"Comemora\u00e7\u00e3o do 53\u00ba anivers\u00e1rio | Words of Peace\" \/>\n<meta property=\"og:description\" content=\"Jeevant \u2013 Sentir-se Vivo 31 de julho marca o anivers\u00e1rio do dia em que Prem Rawat come\u00e7ou a ensinar ainda menino na \u00cdndia. Em 2019, o \u201cJeevant\u201d (Sentir-se vivo), a celebra\u00e7\u00e3o do 53\u00ba anivers\u00e1rio do trabalho de Prem, foi organizada no Indira Gandhi Indoor Stadium em Nova Delhi, para cerca de quinze mil participantes da [&hellip;]\" \/>\n<meta property=\"og:url\" content=\"https:\/\/www.wopg.org\/pt-br\/comemoracao-do-53o-aniversario\/\" \/>\n<meta property=\"og:site_name\" content=\"Words of Peace\" \/>\n<meta property=\"article:publisher\" content=\"https:\/\/www.facebook.com\/wordsofpeaceglobal\" \/>\n<meta property=\"article:published_time\" content=\"2022-02-27T15:23:40+00:00\" \/>\n<meta property=\"article:modified_time\" content=\"2022-03-17T19:34:43+00:00\" \/>\n<meta property=\"og:image\" content=\"https:\/\/eadn-wc03-5903292.nxedge.io\/wp-content\/uploads\/2022\/02\/prem-rawat-53rd-anniversary_1080x608.jpg\" \/>\n\t<meta property=\"og:image:width\" content=\"1081\" \/>\n\t<meta property=\"og:image:height\" content=\"608\" \/>\n\t<meta property=\"og:image:type\" content=\"image\/jpeg\" \/>\n<meta name=\"author\" content=\"Carmine\" \/>\n<meta name=\"twitter:card\" content=\"summary_large_image\" \/>\n<meta name=\"twitter:creator\" content=\"@wopg\" \/>\n<meta name=\"twitter:site\" content=\"@wopg\" \/>\n<meta name=\"twitter:label1\" content=\"Escrito por\" \/>\n\t<meta name=\"twitter:data1\" content=\"Carmine\" \/>\n\t<meta name=\"twitter:label2\" content=\"Est. tempo de leitura\" \/>\n\t<meta name=\"twitter:data2\" content=\"1 minuto\" \/>\n<script type=\"application\/ld+json\" class=\"yoast-schema-graph\">{\"@context\":\"https:\\\/\\\/schema.org\",\"@graph\":[{\"@type\":\"Article\",\"@id\":\"https:\\\/\\\/www.wopg.org\\\/pt-br\\\/comemoracao-do-53o-aniversario\\\/#article\",\"isPartOf\":{\"@id\":\"https:\\\/\\\/www.wopg.org\\\/pt-br\\\/comemoracao-do-53o-aniversario\\\/\"},\"author\":{\"name\":\"Carmine\",\"@id\":\"https:\\\/\\\/www.wopg.org\\\/pt-br\\\/#\\\/schema\\\/person\\\/d3d11db72a0ccdab996f68053f8495f1\"},\"headline\":\"Comemora\u00e7\u00e3o do 53\u00ba anivers\u00e1rio\",\"datePublished\":\"2022-02-27T15:23:40+00:00\",\"dateModified\":\"2022-03-17T19:34:43+00:00\",\"mainEntityOfPage\":{\"@id\":\"https:\\\/\\\/www.wopg.org\\\/pt-br\\\/comemoracao-do-53o-aniversario\\\/\"},\"wordCount\":226,\"commentCount\":0,\"publisher\":{\"@id\":\"https:\\\/\\\/www.wopg.org\\\/pt-br\\\/#organization\"},\"image\":{\"@id\":\"https:\\\/\\\/www.wopg.org\\\/pt-br\\\/comemoracao-do-53o-aniversario\\\/#primaryimage\"},\"thumbnailUrl\":\"https:\\\/\\\/www.wopg.org\\\/wp-content\\\/uploads\\\/2022\\\/02\\\/prem-rawat-53rd-anniversary_1080x608.jpg\",\"articleSection\":[\"News\"],\"inLanguage\":\"pt-BR\",\"potentialAction\":[{\"@type\":\"CommentAction\",\"name\":\"Comment\",\"target\":[\"https:\\\/\\\/www.wopg.org\\\/pt-br\\\/comemoracao-do-53o-aniversario\\\/#respond\"]}]},{\"@type\":\"WebPage\",\"@id\":\"https:\\\/\\\/www.wopg.org\\\/pt-br\\\/comemoracao-do-53o-aniversario\\\/\",\"url\":\"https:\\\/\\\/www.wopg.org\\\/pt-br\\\/comemoracao-do-53o-aniversario\\\/\",\"name\":\"Comemora\u00e7\u00e3o do 53\u00ba anivers\u00e1rio | Words of Peace\",\"isPartOf\":{\"@id\":\"https:\\\/\\\/www.wopg.org\\\/pt-br\\\/#website\"},\"primaryImageOfPage\":{\"@id\":\"https:\\\/\\\/www.wopg.org\\\/pt-br\\\/comemoracao-do-53o-aniversario\\\/#primaryimage\"},\"image\":{\"@id\":\"https:\\\/\\\/www.wopg.org\\\/pt-br\\\/comemoracao-do-53o-aniversario\\\/#primaryimage\"},\"thumbnailUrl\":\"https:\\\/\\\/www.wopg.org\\\/wp-content\\\/uploads\\\/2022\\\/02\\\/prem-rawat-53rd-anniversary_1080x608.jpg\",\"datePublished\":\"2022-02-27T15:23:40+00:00\",\"dateModified\":\"2022-03-17T19:34:43+00:00\",\"breadcrumb\":{\"@id\":\"https:\\\/\\\/www.wopg.org\\\/pt-br\\\/comemoracao-do-53o-aniversario\\\/#breadcrumb\"},\"inLanguage\":\"pt-BR\",\"potentialAction\":[{\"@type\":\"ReadAction\",\"target\":[\"https:\\\/\\\/www.wopg.org\\\/pt-br\\\/comemoracao-do-53o-aniversario\\\/\"]}]},{\"@type\":\"ImageObject\",\"inLanguage\":\"pt-BR\",\"@id\":\"https:\\\/\\\/www.wopg.org\\\/pt-br\\\/comemoracao-do-53o-aniversario\\\/#primaryimage\",\"url\":\"https:\\\/\\\/www.wopg.org\\\/wp-content\\\/uploads\\\/2022\\\/02\\\/prem-rawat-53rd-anniversary_1080x608.jpg\",\"contentUrl\":\"https:\\\/\\\/www.wopg.org\\\/wp-content\\\/uploads\\\/2022\\\/02\\\/prem-rawat-53rd-anniversary_1080x608.jpg\",\"width\":1081,\"height\":608},{\"@type\":\"BreadcrumbList\",\"@id\":\"https:\\\/\\\/www.wopg.org\\\/pt-br\\\/comemoracao-do-53o-aniversario\\\/#breadcrumb\",\"itemListElement\":[{\"@type\":\"ListItem\",\"position\":1,\"name\":\"Home\",\"item\":\"https:\\\/\\\/www.wopg.org\\\/pt-br\\\/\"},{\"@type\":\"ListItem\",\"position\":2,\"name\":\"Comemora\u00e7\u00e3o do 53\u00ba anivers\u00e1rio\"}]},{\"@type\":\"WebSite\",\"@id\":\"https:\\\/\\\/www.wopg.org\\\/pt-br\\\/#website\",\"url\":\"https:\\\/\\\/www.wopg.org\\\/pt-br\\\/\",\"name\":\"Words of Peace\",\"description\":\"Practice Peace, Change Your World\",\"publisher\":{\"@id\":\"https:\\\/\\\/www.wopg.org\\\/pt-br\\\/#organization\"},\"potentialAction\":[{\"@type\":\"SearchAction\",\"target\":{\"@type\":\"EntryPoint\",\"urlTemplate\":\"https:\\\/\\\/www.wopg.org\\\/pt-br\\\/?s={search_term_string}\"},\"query-input\":{\"@type\":\"PropertyValueSpecification\",\"valueRequired\":true,\"valueName\":\"search_term_string\"}}],\"inLanguage\":\"pt-BR\"},{\"@type\":\"Organization\",\"@id\":\"https:\\\/\\\/www.wopg.org\\\/pt-br\\\/#organization\",\"name\":\"Words of Peace\",\"url\":\"https:\\\/\\\/www.wopg.org\\\/pt-br\\\/\",\"logo\":{\"@type\":\"ImageObject\",\"inLanguage\":\"pt-BR\",\"@id\":\"https:\\\/\\\/www.wopg.org\\\/pt-br\\\/#\\\/schema\\\/logo\\\/image\\\/\",\"url\":\"https:\\\/\\\/wopg.org\\\/wp-content\\\/uploads\\\/2022\\\/02\\\/Words-of-Peace-logo-website61x252.png\",\"contentUrl\":\"https:\\\/\\\/wopg.org\\\/wp-content\\\/uploads\\\/2022\\\/02\\\/Words-of-Peace-logo-website61x252.png\",\"width\":252,\"height\":61,\"caption\":\"Words of Peace\"},\"image\":{\"@id\":\"https:\\\/\\\/www.wopg.org\\\/pt-br\\\/#\\\/schema\\\/logo\\\/image\\\/\"},\"sameAs\":[\"https:\\\/\\\/www.facebook.com\\\/wordsofpeaceglobal\",\"https:\\\/\\\/x.com\\\/wopg\",\"https:\\\/\\\/www.instagram.com\\\/wopgofficial\\\/\"]},{\"@type\":\"Person\",\"@id\":\"https:\\\/\\\/www.wopg.org\\\/pt-br\\\/#\\\/schema\\\/person\\\/d3d11db72a0ccdab996f68053f8495f1\",\"name\":\"Carmine\",\"image\":{\"@type\":\"ImageObject\",\"inLanguage\":\"pt-BR\",\"@id\":\"https:\\\/\\\/secure.gravatar.com\\\/avatar\\\/0d1627d54f68a11050bcb7910085c6f067e95a9d71dfc5de1025a4cf15cdfb19?s=96&d=mm&r=g\",\"url\":\"https:\\\/\\\/secure.gravatar.com\\\/avatar\\\/0d1627d54f68a11050bcb7910085c6f067e95a9d71dfc5de1025a4cf15cdfb19?s=96&d=mm&r=g\",\"contentUrl\":\"https:\\\/\\\/secure.gravatar.com\\\/avatar\\\/0d1627d54f68a11050bcb7910085c6f067e95a9d71dfc5de1025a4cf15cdfb19?s=96&d=mm&r=g\",\"caption\":\"Carmine\"},\"url\":\"https:\\\/\\\/www.wopg.org\\\/pt-br\\\/author\\\/carmine\\\/\"}]}<\/script>\n<!-- \/ Yoast SEO plugin. -->","yoast_head_json":{"title":"Comemora\u00e7\u00e3o do 53\u00ba anivers\u00e1rio | Words of Peace","robots":{"index":"index","follow":"follow","max-snippet":"max-snippet:-1","max-image-preview":"max-image-preview:large","max-video-preview":"max-video-preview:-1"},"canonical":"https:\/\/www.wopg.org\/pt-br\/comemoracao-do-53o-aniversario\/","og_locale":"pt_BR","og_type":"article","og_title":"Comemora\u00e7\u00e3o do 53\u00ba anivers\u00e1rio | Words of Peace","og_description":"Jeevant \u2013 Sentir-se Vivo 31 de julho marca o anivers\u00e1rio do dia em que Prem Rawat come\u00e7ou a ensinar ainda menino na \u00cdndia. Em 2019, o \u201cJeevant\u201d (Sentir-se vivo), a celebra\u00e7\u00e3o do 53\u00ba anivers\u00e1rio do trabalho de Prem, foi organizada no Indira Gandhi Indoor Stadium em Nova Delhi, para cerca de quinze mil participantes da [&hellip;]","og_url":"https:\/\/www.wopg.org\/pt-br\/comemoracao-do-53o-aniversario\/","og_site_name":"Words of Peace","article_publisher":"https:\/\/www.facebook.com\/wordsofpeaceglobal","article_published_time":"2022-02-27T15:23:40+00:00","article_modified_time":"2022-03-17T19:34:43+00:00","og_image":[{"width":1081,"height":608,"url":"https:\/\/eadn-wc03-5903292.nxedge.io\/wp-content\/uploads\/2022\/02\/prem-rawat-53rd-anniversary_1080x608.jpg","type":"image\/jpeg"}],"author":"Carmine","twitter_card":"summary_large_image","twitter_creator":"@wopg","twitter_site":"@wopg","twitter_misc":{"Escrito por":"Carmine","Est. tempo de leitura":"1 minuto"},"schema":{"@context":"https:\/\/schema.org","@graph":[{"@type":"Article","@id":"https:\/\/www.wopg.org\/pt-br\/comemoracao-do-53o-aniversario\/#article","isPartOf":{"@id":"https:\/\/www.wopg.org\/pt-br\/comemoracao-do-53o-aniversario\/"},"author":{"name":"Carmine","@id":"https:\/\/www.wopg.org\/pt-br\/#\/schema\/person\/d3d11db72a0ccdab996f68053f8495f1"},"headline":"Comemora\u00e7\u00e3o do 53\u00ba anivers\u00e1rio","datePublished":"2022-02-27T15:23:40+00:00","dateModified":"2022-03-17T19:34:43+00:00","mainEntityOfPage":{"@id":"https:\/\/www.wopg.org\/pt-br\/comemoracao-do-53o-aniversario\/"},"wordCount":226,"commentCount":0,"publisher":{"@id":"https:\/\/www.wopg.org\/pt-br\/#organization"},"image":{"@id":"https:\/\/www.wopg.org\/pt-br\/comemoracao-do-53o-aniversario\/#primaryimage"},"thumbnailUrl":"https:\/\/eadn-wc03-5903292.nxedge.io\/wp-content\/uploads\/2022\/02\/prem-rawat-53rd-anniversary_1080x608.jpg","articleSection":["News"],"inLanguage":"pt-BR","potentialAction":[{"@type":"CommentAction","name":"Comment","target":["https:\/\/www.wopg.org\/pt-br\/comemoracao-do-53o-aniversario\/#respond"]}]},{"@type":"WebPage","@id":"https:\/\/www.wopg.org\/pt-br\/comemoracao-do-53o-aniversario\/","url":"https:\/\/www.wopg.org\/pt-br\/comemoracao-do-53o-aniversario\/","name":"Comemora\u00e7\u00e3o do 53\u00ba anivers\u00e1rio | Words of Peace","isPartOf":{"@id":"https:\/\/www.wopg.org\/pt-br\/#website"},"primaryImageOfPage":{"@id":"https:\/\/www.wopg.org\/pt-br\/comemoracao-do-53o-aniversario\/#primaryimage"},"image":{"@id":"https:\/\/www.wopg.org\/pt-br\/comemoracao-do-53o-aniversario\/#primaryimage"},"thumbnailUrl":"https:\/\/eadn-wc03-5903292.nxedge.io\/wp-content\/uploads\/2022\/02\/prem-rawat-53rd-anniversary_1080x608.jpg","datePublished":"2022-02-27T15:23:40+00:00","dateModified":"2022-03-17T19:34:43+00:00","breadcrumb":{"@id":"https:\/\/www.wopg.org\/pt-br\/comemoracao-do-53o-aniversario\/#breadcrumb"},"inLanguage":"pt-BR","potentialAction":[{"@type":"ReadAction","target":["https:\/\/www.wopg.org\/pt-br\/comemoracao-do-53o-aniversario\/"]}]},{"@type":"ImageObject","inLanguage":"pt-BR","@id":"https:\/\/www.wopg.org\/pt-br\/comemoracao-do-53o-aniversario\/#primaryimage","url":"https:\/\/eadn-wc03-5903292.nxedge.io\/wp-content\/uploads\/2022\/02\/prem-rawat-53rd-anniversary_1080x608.jpg","contentUrl":"https:\/\/eadn-wc03-5903292.nxedge.io\/wp-content\/uploads\/2022\/02\/prem-rawat-53rd-anniversary_1080x608.jpg","width":1081,"height":608},{"@type":"BreadcrumbList","@id":"https:\/\/www.wopg.org\/pt-br\/comemoracao-do-53o-aniversario\/#breadcrumb","itemListElement":[{"@type":"ListItem","position":1,"name":"Home","item":"https:\/\/www.wopg.org\/pt-br\/"},{"@type":"ListItem","position":2,"name":"Comemora\u00e7\u00e3o do 53\u00ba anivers\u00e1rio"}]},{"@type":"WebSite","@id":"https:\/\/www.wopg.org\/pt-br\/#website","url":"https:\/\/www.wopg.org\/pt-br\/","name":"Words of Peace","description":"Practice Peace, Change Your World","publisher":{"@id":"https:\/\/www.wopg.org\/pt-br\/#organization"},"potentialAction":[{"@type":"SearchAction","target":{"@type":"EntryPoint","urlTemplate":"https:\/\/www.wopg.org\/pt-br\/?s={search_term_string}"},"query-input":{"@type":"PropertyValueSpecification","valueRequired":true,"valueName":"search_term_string"}}],"inLanguage":"pt-BR"},{"@type":"Organization","@id":"https:\/\/www.wopg.org\/pt-br\/#organization","name":"Words of Peace","url":"https:\/\/www.wopg.org\/pt-br\/","logo":{"@type":"ImageObject","inLanguage":"pt-BR","@id":"https:\/\/www.wopg.org\/pt-br\/#\/schema\/logo\/image\/","url":"https:\/\/wopg.org\/wp-content\/uploads\/2022\/02\/Words-of-Peace-logo-website61x252.png","contentUrl":"https:\/\/wopg.org\/wp-content\/uploads\/2022\/02\/Words-of-Peace-logo-website61x252.png","width":252,"height":61,"caption":"Words of Peace"},"image":{"@id":"https:\/\/www.wopg.org\/pt-br\/#\/schema\/logo\/image\/"},"sameAs":["https:\/\/www.facebook.com\/wordsofpeaceglobal","https:\/\/x.com\/wopg","https:\/\/www.instagram.com\/wopgofficial\/"]},{"@type":"Person","@id":"https:\/\/www.wopg.org\/pt-br\/#\/schema\/person\/d3d11db72a0ccdab996f68053f8495f1","name":"Carmine","image":{"@type":"ImageObject","inLanguage":"pt-BR","@id":"https:\/\/secure.gravatar.com\/avatar\/0d1627d54f68a11050bcb7910085c6f067e95a9d71dfc5de1025a4cf15cdfb19?s=96&d=mm&r=g","url":"https:\/\/secure.gravatar.com\/avatar\/0d1627d54f68a11050bcb7910085c6f067e95a9d71dfc5de1025a4cf15cdfb19?s=96&d=mm&r=g","contentUrl":"https:\/\/secure.gravatar.com\/avatar\/0d1627d54f68a11050bcb7910085c6f067e95a9d71dfc5de1025a4cf15cdfb19?s=96&d=mm&r=g","caption":"Carmine"},"url":"https:\/\/www.wopg.org\/pt-br\/author\/carmine\/"}]}},"_links":{"self":[{"href":"https:\/\/www.wopg.org\/pt-br\/wp-json\/wp\/v2\/posts\/1884","targetHints":{"allow":["GET"]}}],"collection":[{"href":"https:\/\/www.wopg.org\/pt-br\/wp-json\/wp\/v2\/posts"}],"about":[{"href":"https:\/\/www.wopg.org\/pt-br\/wp-json\/wp\/v2\/types\/post"}],"author":[{"embeddable":true,"href":"https:\/\/www.wopg.org\/pt-br\/wp-json\/wp\/v2\/users\/3"}],"replies":[{"embeddable":true,"href":"https:\/\/www.wopg.org\/pt-br\/wp-json\/wp\/v2\/comments?post=1884"}],"version-history":[{"count":4,"href":"https:\/\/www.wopg.org\/pt-br\/wp-json\/wp\/v2\/posts\/1884\/revisions"}],"predecessor-version":[{"id":4033,"href":"https:\/\/www.wopg.org\/pt-br\/wp-json\/wp\/v2\/posts\/1884\/revisions\/4033"}],"wp:featuredmedia":[{"embeddable":true,"href":"https:\/\/www.wopg.org\/pt-br\/wp-json\/wp\/v2\/media\/891"}],"wp:attachment":[{"href":"https:\/\/www.wopg.org\/pt-br\/wp-json\/wp\/v2\/media?parent=1884"}],"wp:term":[{"taxonomy":"category","embeddable":true,"href":"https:\/\/www.wopg.org\/pt-br\/wp-json\/wp\/v2\/categories?post=1884"},{"taxonomy":"post_tag","embeddable":true,"href":"https:\/\/www.wopg.org\/pt-br\/wp-json\/wp\/v2\/tags?post=1884"},{"taxonomy":"post_folder","embeddable":true,"href":"https:\/\/www.wopg.org\/pt-br\/wp-json\/wp\/v2\/post_folder?post=1884"}],"curies":[{"name":"wp","href":"https:\/\/api.w.org\/{rel}","templated":true}]}}