{"id":29282,"date":"2024-03-07T16:14:01","date_gmt":"2024-03-07T16:14:01","guid":{"rendered":"https:\/\/www.wopg.org\/?p=29282"},"modified":"2024-04-29T11:19:19","modified_gmt":"2024-04-29T11:19:19","slug":"30-de-marco-de-2024-ouca-a-sua-voz-com-prem-rawat-sao-paulo-brasil","status":"publish","type":"post","link":"https:\/\/www.wopg.org\/pt-br\/30-de-marco-de-2024-ouca-a-sua-voz-com-prem-rawat-sao-paulo-brasil\/","title":{"rendered":"30 de mar\u00e7o de 2024 &#8211; \u201cOu\u00e7a a Sua Voz com Prem Rawat\u201d &#8211; S\u00e3o Paulo, Brasil"},"content":{"rendered":"<p>[et_pb_section fb_built=&#8221;1&#8243; disabled_on=&#8221;off|off|off&#8221; admin_label=&#8221;Top images&#8221; _builder_version=&#8221;4.21.0&#8243; _module_preset=&#8221;default&#8221; custom_padding=&#8221;0px||0px||false|false&#8221; global_colors_info=&#8221;{}&#8221;][et_pb_row disabled_on=&#8221;on|on|on&#8221; _builder_version=&#8221;4.23.1&#8243; _module_preset=&#8221;default&#8221; custom_padding=&#8221;0px||0px||false|false&#8221; custom_css_main_element=&#8221;display: flex;||flex-wrap: wrap;||justify-content: center;&#8221; disabled=&#8221;on&#8221; global_colors_info=&#8221;{}&#8221;][et_pb_column type=&#8221;4_4&#8243; _builder_version=&#8221;4.21.0&#8243; _module_preset=&#8221;default&#8221; global_colors_info=&#8221;{}&#8221;][et_pb_image src=&#8221;https:\/\/eadn-wc03-5903292.nxedge.io\/wp-content\/uploads\/2023\/02\/220327_Delhi_RVK_epc_064_1080x608.jpg&#8221; alt=&#8221;Prem Rawat&#8221; title_text=&#8221;Prem Rawat&#8221; show_bottom_space=&#8221;off&#8221; align=&#8221;center&#8221; disabled_on=&#8221;off|off|off&#8221; admin_label=&#8221;PR image&#8221; _builder_version=&#8221;4.23.1&#8243; _module_preset=&#8221;default&#8221; custom_padding=&#8221;0px||0px||false|false&#8221; global_colors_info=&#8221;{}&#8221;][\/et_pb_image][\/et_pb_column][\/et_pb_row][et_pb_row custom_padding_last_edited=&#8221;on|phone&#8221; _builder_version=&#8221;4.21.0&#8243; _module_preset=&#8221;default&#8221; custom_padding=&#8221;1%||||false|false&#8221; custom_padding_tablet=&#8221;1%||||false|false&#8221; custom_padding_phone=&#8221;6%||||false|false&#8221; custom_css_main_element=&#8221;display: flex;||flex-wrap: wrap;||justify-content: center;&#8221; global_colors_info=&#8221;{}&#8221;][et_pb_column type=&#8221;4_4&#8243; _builder_version=&#8221;4.21.0&#8243; _module_preset=&#8221;default&#8221; global_colors_info=&#8221;{}&#8221;][et_pb_text admin_label=&#8221;Image Courtesy&#8221; _builder_version=&#8221;4.21.0&#8243; _module_preset=&#8221;default&#8221; text_orientation=&#8221;center&#8221; custom_margin_tablet=&#8221;&#8221; custom_margin_phone=&#8221;-5%||||false|false&#8221; custom_margin_last_edited=&#8221;on|phone&#8221; global_colors_info=&#8221;{}&#8221;]<\/p>\n<h6 style=\"text-align: center;\">Imagem cortesia da TimelessToday<\/h6>\n<p>[\/et_pb_text][\/et_pb_column][\/et_pb_row][\/et_pb_section][et_pb_section fb_built=&#8221;1&#8243; disabled_on=&#8221;off|off|off&#8221; admin_label=&#8221;Full event details&#8221; _builder_version=&#8221;4.23.1&#8243; _module_preset=&#8221;default&#8221; global_colors_info=&#8221;{}&#8221; collapsed=&#8221;off&#8221;][et_pb_row _builder_version=&#8221;4.21.0&#8243; _module_preset=&#8221;default&#8221; custom_padding=&#8221;0px||||false|false&#8221; custom_css_main_element=&#8221;display: flex;||flex-wrap: wrap;||justify-content: center;&#8221; global_colors_info=&#8221;{}&#8221;][et_pb_column type=&#8221;4_4&#8243; _builder_version=&#8221;4.21.0&#8243; _module_preset=&#8221;default&#8221; global_colors_info=&#8221;{}&#8221;][et_pb_text admin_label=&#8221;WHEN AND WHERE&#8221; _builder_version=&#8221;4.23.1&#8243; _module_preset=&#8221;default&#8221; global_colors_info=&#8221;{}&#8221;]<\/p>\n<p><em>Leia esta p\u00e1gina com aten\u00e7\u00e3o para obter informa\u00e7\u00f5es importantes sobre o pr\u00f3ximo evento. Consulte essas informa\u00e7\u00f5es ao planejar sua participa\u00e7\u00e3o.<\/em><\/p>\n<p>&nbsp;<\/p>\n<h4>QUANDO E ONDE<\/h4>\n<p><strong>Data:<\/strong> S\u00e1bado, 30 de mar\u00e7o de 2024<\/p>\n<p><strong>Hor\u00e1rio:<\/strong> O hor\u00e1rio de in\u00edcio do evento \u00e9 \u00e0s 17h BRT (fuso hor\u00e1rio do Brasil, UTC -3hrs). As portas do lobby ser\u00e3o abertas \u00e0s 15h. O hor\u00e1rio de t\u00e9rmino \u00e9 aproximadamente \u00e0s 18h30.<\/p>\n<p><strong>Local: <span style=\"font-weight: 400;\"><a href=\"https:\/\/convencoesreboucas.com.br\" target=\"_blank\" rel=\"noopener\">Centro de Conven\u00e7\u00f5es Rebou\u00e7as \u2013 <\/a><\/span><\/strong><span style=\"font-weight: 400;\"><a href=\"https:\/\/convencoesreboucas.com.br\" target=\"_blank\" rel=\"noopener\">Audit\u00f3rio\u00a0Turquesa<\/a><\/span><strong><span style=\"font-weight: 400;\">, Av. Rebou\u00e7as, 600 &#8211; Pinheiros, S\u00e3o Paulo &#8211; SP, Brasil.<\/span><\/strong><\/p>\n<p><a href=\"https:\/\/www.google.com\/maps\/place\/Centro+de+Conven%C3%A7%C3%B5es+Rebou%C3%A7as\/@-23.55755,-46.667946,16z\/data=!4m6!3m5!1s0x94ce5a3b976f820f:0x225e51bfb9969f!8m2!3d-23.5575497!4d-46.6679461!16s%2Fg%2F11b7vdx6np?hl=pt-BR&amp;entry=ttu\" target=\"_blank\" rel=\"noopener\">Directions, Parking, and Public Transportation<\/a><\/p>\n<p>[\/et_pb_text][et_pb_text admin_label=&#8221;WHO IS INVITED&#8221; _builder_version=&#8221;4.23.1&#8243; _module_preset=&#8221;default&#8221; global_colors_info=&#8221;{}&#8221;]<\/p>\n<h4>QUEM \u00c9 CONVIDADO<\/h4>\n<p>Qualquer pessoa interessada em Prem Rawat e sua mensagem pode participar.<\/p>\n<p>[\/et_pb_text][et_pb_text admin_label=&#8221;WHO IS INVITED&#8221; _builder_version=&#8221;4.23.1&#8243; _module_preset=&#8221;default&#8221; global_colors_info=&#8221;{}&#8221;]<\/p>\n<h4>CRIAN\u00c7AS<\/h4>\n<p>Este evento n\u00e3o \u00e9 adequado para menores de 10 anos.<\/p>\n<p>[\/et_pb_text][et_pb_text admin_label=&#8221;PURCHASE OF TICKETS&#8221; _builder_version=&#8221;4.23.1&#8243; _module_preset=&#8221;default&#8221; global_colors_info=&#8221;{}&#8221;]<\/p>\n<h4>INGRESSOS<\/h4>\n<p><strong>Os ingressos estar\u00e3o \u00e0 venda no dia 14 de mar\u00e7o \u00e0s 11h BRT (fuso hor\u00e1rio do Brasil, UTC -3h).<\/strong><\/p>\n<p>Ao entrar no local, lembre-se de ter seu ingresso impresso vis\u00edvel, ou seu ingresso eletr\u00f4nico vis\u00edvel no celular, com o C\u00f3digo de Barras \u00e0 mostra.<\/p>\n<p><span style=\"font-weight: 400;\">Se voc\u00ea n\u00e3o conseguir comprar um ingresso por qualquer motivo, entre em contato com <i><a href=\"mailto:evento2024@conhecer.org\">evento2024@conhecer.org<\/a><\/i><\/span><\/p>\n<p><strong>Pre\u00e7os dos Ingressos<\/strong><\/p>\n<ul>\n<li style=\"list-style-type: none;\">\n<ul>\n<li><span style=\"font-weight: 400;\">500 reais + taxas de bilheteria<\/span><\/li>\n<li><span style=\"font-weight: 400;\">250 reais + taxas de bilheteria<\/span><\/li>\n<li><span style=\"font-weight: 400;\">80 reais + taxas de bilheteria<\/span><\/li>\n<\/ul>\n<\/li>\n<\/ul>\n<p>Cada pessoa poder\u00e1 adquirir <strong>3\u00a0lugares<\/strong>. No entanto, compre apenas assentos que voc\u00ea sabe que ser\u00e3o usados.<\/p>\n<p><strong>N\u00e3o haver\u00e1 reembolso.<\/strong><\/p>\n<p>[\/et_pb_text][et_pb_button button_url=&#8221;https:\/\/bileto.sympla.com.br\/event\/91881&#8243; url_new_window=&#8221;on&#8221; button_text=&#8221;Comprar Ingresso(s)&#8221; button_alignment=&#8221;center&#8221; disabled_on=&#8221;off|off|off&#8221; admin_label=&#8221;Purchase button&#8221; _builder_version=&#8221;4.23.1&#8243; _module_preset=&#8221;default&#8221; custom_button=&#8221;on&#8221; button_bg_color=&#8221;#008B73&#8243; button_border_width=&#8221;0px&#8221; button_border_radius=&#8221;8px&#8221; background_layout=&#8221;dark&#8221; custom_padding=&#8221;10px|49px|10px|49px|true|true&#8221; global_colors_info=&#8221;{}&#8221;][\/et_pb_button][et_pb_button button_url=&#8221;#&#8221; button_text=&#8221;Ingressos esgotados&#8221; button_alignment=&#8221;center&#8221; disabled_on=&#8221;on|on|on&#8221; admin_label=&#8221;Sold Out button&#8221; _builder_version=&#8221;4.21.0&#8243; _module_preset=&#8221;default&#8221; custom_button=&#8221;on&#8221; button_bg_color=&#8221;#E02B20&#8243; button_border_width=&#8221;0px&#8221; button_border_radius=&#8221;8px&#8221; background_layout=&#8221;dark&#8221; custom_padding=&#8221;10px|58px|10px|58px|true|true&#8221; disabled=&#8221;on&#8221; global_colors_info=&#8221;{}&#8221;][\/et_pb_button][et_pb_button button_url=&#8221;#soon&#8221; button_text=&#8221;Ingressos dispon\u00edveis em breve&#8221; button_alignment=&#8221;center&#8221; disabled_on=&#8221;on|on|on&#8221; admin_label=&#8221;Soon Available button&#8221; module_id=&#8221;soon&#8221; _builder_version=&#8221;4.23.1&#8243; _module_preset=&#8221;default&#8221; custom_button=&#8221;on&#8221; button_text_color=&#8221;#FFFFFF&#8221; button_bg_color=&#8221;RGBA(255,196,89,0.8)&#8221; button_border_width=&#8221;0px&#8221; button_border_radius=&#8221;8px&#8221; background_layout=&#8221;dark&#8221; custom_padding=&#8221;10px|30px|10px|30px|true|true&#8221; disabled=&#8221;on&#8221; global_colors_info=&#8221;{}&#8221;][\/et_pb_button][et_pb_text _builder_version=&#8221;4.23.1&#8243; _module_preset=&#8221;default&#8221; text_orientation=&#8221;center&#8221; locked=&#8221;off&#8221; global_colors_info=&#8221;{}&#8221;]<\/p>\n<div class=\"et_pb_row et_pb_row_0\">\n<div class=\"et_pb_column et_pb_column_4_4 et_pb_column_0 et_pb_css_mix_blend_mode_passthrough et-last-child\">\n<div class=\"et_pb_module et_pb_text et_pb_text_0 et_pb_text_align_left et_pb_bg_layout_light\">\n<div class=\"et_pb_text_inner\" style=\"text-align: center;\"><em>(assim que a venda de ingressos come\u00e7ar, pressione o bot\u00e3o acima para ir diretamente para l\u00e1)<\/em><\/div>\n<\/div>\n<\/div>\n<\/div>\n<p>[\/et_pb_text][et_pb_text admin_label=&#8221;DO NOT RECORD OR FILM THE EVENT&#8221; _builder_version=&#8221;4.23.1&#8243; _module_preset=&#8221;default&#8221; locked=&#8221;off&#8221; global_colors_info=&#8221;{}&#8221;]<\/p>\n<h4>N\u00c3O GRAVE NEM FILME O EVENTO<\/h4>\n<p>A grava\u00e7\u00e3o oficial \u00e9 protegida por direitos autorais. Qualquer pessoa encontrada gravando ser\u00e1 solicitada a parar. Se continuar, ser\u00e1 retirada do local.<\/p>\n<p>O evento ser\u00e1 filmado. A compra de um ingresso constitui tanto sua concord\u00e2ncia em ser filmado quanto a libera\u00e7\u00e3o de sua imagem\/voz em m\u00eddia impressa, social, fotogr\u00e1fica, de \u00e1udio, v\u00eddeo ou outra m\u00eddia. Caso voc\u00ea esteja adquirindo um ingresso para outra pessoa, a presen\u00e7a dela no evento estar\u00e1 sujeita \u00e0s mesmas condi\u00e7\u00f5es.<\/p>\n<p><strong>Haver\u00e1 uma verifica\u00e7\u00e3o de seguran\u00e7a ao entrar no pr\u00e9dio. N\u00e3o s\u00e3o permitidas bagagens, mochilas ou malas grandes no local.<\/strong><\/p>\n<p><strong><em>Observa\u00e7\u00e3o: <\/em><\/strong><em>\u00e9 recomend\u00e1vel que voc\u00ea n\u00e3o fa\u00e7a planos de viagem at\u00e9 que tenha adquirido seu(s) ingresso(s) com sucesso, pois o n\u00famero de pessoas solicitando assentos pode exceder a capacidade do local.<\/em><\/p>\n<p><em><strong>Viajantes do exterior: <\/strong>n\u00e3o h\u00e1 restri\u00e7\u00f5es de viagem para o Brasil, no entanto, verifique se h\u00e1 requisitos de viagem atuais que possam afet\u00e1-lo.<\/em><\/p>\n<p><strong>\u200b<\/strong><\/p>\n<p>[\/et_pb_text][et_pb_accordion open_toggle_background_color=&#8221;RGBA(255,255,255,0)&#8221; icon_color=&#8221;#008B73&#8243; use_icon_font_size=&#8221;on&#8221; icon_font_size=&#8221;20px&#8221; _builder_version=&#8221;4.23.1&#8243; _module_preset=&#8221;default&#8221; border_color_all=&#8221;RGBA(255,255,255,0)&#8221; border_color_bottom=&#8221;#008B73&#8243; global_colors_info=&#8221;{}&#8221;][et_pb_accordion_item title=&#8221;AJUDA PARA COMPRA DE INGRESSOS&#8221; open=&#8221;on&#8221; _builder_version=&#8221;4.23.1&#8243; _module_preset=&#8221;default&#8221; global_colors_info=&#8221;{}&#8221;]<\/p>\n<p>Ingressos on-line podem ser adquiridos em computadores e dispositivos m\u00f3veis. Recomenda-se esvaziar o hist\u00f3rico do navegador da internet antes de iniciar a compra.<\/p>\n<p>Voc\u00ea pode ter problemas durante o processo de compra de ingressos on-line. A alta demanda pode gerar uma mensagem autom\u00e1tica que diz \u201cn\u00e3o h\u00e1 assentos dispon\u00edveis\u201d, o que n\u00e3o significa que os ingressos estejam esgotados.<\/p>\n<p>Considere o seguinte:<br \/>\u2013 verifique com <a href=\"http:\/\/www.wopg.org\">www.wopg.org<\/a> para ver se o evento est\u00e1 esgotado<br \/>\u2013 espere alguns instantes e comece de novo<br \/>\u2013 tente novamente em outro dispositivo<br \/>\u2013 se voc\u00ea n\u00e3o tiver sucesso, envie um e-mail para <span style=\"font-weight: 400;\"><i><a href=\"mailto:evento2024@conhecer.org\">evento2024@conhecer.org<\/a><\/i><\/span><\/p>\n<p>[\/et_pb_accordion_item][et_pb_accordion_item title=&#8221;INGRESSOS ESGOTADOS?&#8221; _builder_version=&#8221;4.23.1&#8243; _module_preset=&#8221;default&#8221; global_colors_info=&#8221;{}&#8221; open=&#8221;off&#8221;]<\/p>\n<p>Se os ingressos estiverem esgotados quando voc\u00ea tentar fazer uma compra, volte em algumas horas, pois os ingressos retidos podem estar dispon\u00edveis novamente. Se voc\u00ea quiser saber mais sobre uma poss\u00edvel devolu\u00e7\u00e3o de ingresso, entre em contato com <span style=\"font-weight: 400;\"><i><a href=\"mailto:evento2024@conhecer.org\">evento2024@conhecer.org<\/a><\/i><\/span><\/p>\n<p>Caso n\u00e3o haja ingressos devolvidos, voc\u00ea ser\u00e1 colocado em lista de espera.<\/p>\n<p>[\/et_pb_accordion_item][et_pb_accordion_item title=&#8221;DEVOLU\u00c7\u00c3O DE INGRESSOS N\u00c3O USADOS&#8221; _builder_version=&#8221;4.23.1&#8243; _module_preset=&#8221;default&#8221; global_colors_info=&#8221;{}&#8221; open=&#8221;off&#8221;]<\/p>\n<p>Se seus planos mudarem e voc\u00ea tiver um ingresso n\u00e3o usado, envie uma vers\u00e3o eletr\u00f4nica do seu ingresso para <span style=\"font-weight: 400;\"><i><a href=\"mailto:evento2024@conhecer.org\">evento2024@conhecer.org<\/a><\/i><\/span><\/p>\n<p>Os ingressos devolvidos a este endere\u00e7o ser\u00e3o realocados por ordem de chegada para outras pessoas que queiram participar deste evento.<\/p>\n<p>N\u00e3o haver\u00e1 reembolso.<\/p>\n<p>[\/et_pb_accordion_item][et_pb_accordion_item title=&#8221;NECESSIDADES ESPECIAIS&#8221; _builder_version=&#8221;4.23.1&#8243; _module_preset=&#8221;default&#8221; global_colors_info=&#8221;{}&#8221; open=&#8221;off&#8221;]<\/p>\n<p>Ser\u00e1 dado suporte a pessoas que utilizam cadeiras de rodas.<\/p>\n<p>Se voc\u00ea tiver alguma dificuldade em adquirir espa\u00e7o para cadeira de rodas ou assento de cuidador, entre em contato com <span style=\"font-weight: 400;\"><i><a href=\"mailto:evento2024@conhecer.org\">evento2024@conhecer.org<\/a><\/i><\/span><\/p>\n<p>Se voc\u00ea tiver defici\u00eancia auditiva, um canal em ingl\u00eas aprimorado estar\u00e1 dispon\u00edvel. Fones de ouvido estar\u00e3o dispon\u00edveis no lobby em troca de um documento de identifica\u00e7\u00e3o.<\/p>\n<p>[\/et_pb_accordion_item][et_pb_accordion_item title=&#8221;TRADU\u00c7\u00c3O&#8221; _builder_version=&#8221;4.23.1&#8243; _module_preset=&#8221;default&#8221; global_colors_info=&#8221;{}&#8221; open=&#8221;off&#8221;]<\/p>\n<p>O evento ser\u00e1 em ingl\u00eas. Ser\u00e1 fornecida tradu\u00e7\u00e3o em portugu\u00eas e espanhol.<\/p>\n<p>Fones de ouvido estar\u00e3o dispon\u00edveis no lobby em troca de um documento de identifica\u00e7\u00e3o.<\/p>\n<p>[\/et_pb_accordion_item][et_pb_accordion_item title=&#8221;BAGAGEM&#8221; _builder_version=&#8221;4.23.1&#8243; _module_preset=&#8221;default&#8221; global_colors_info=&#8221;{}&#8221; open=&#8221;off&#8221;]<\/p>\n<p class=\"p1\">N\u00e3o ser\u00e3o permitidas bagagens, mochilas ou malas grandes no interior do local.<\/p>\n<p class=\"p1\">N\u00e3o h\u00e1 vesti\u00e1rio dispon\u00edvel.<\/p>\n<p>[\/et_pb_accordion_item][et_pb_accordion_item title=&#8221;AJUDA&#8221; _builder_version=&#8221;4.23.1&#8243; _module_preset=&#8221;default&#8221; global_colors_info=&#8221;{}&#8221; open=&#8221;off&#8221;]<\/p>\n<p>Precisa de assist\u00eancia?<\/p>\n<p>Entre em contato com <span style=\"font-weight: 400;\"><i><a href=\"mailto:evento2024@conhecer.org\">evento2024@conhecer.org<\/a><\/i><\/span><\/p>\n<p>[\/et_pb_accordion_item][\/et_pb_accordion][\/et_pb_column][\/et_pb_row][et_pb_row _builder_version=&#8221;4.21.0&#8243; _module_preset=&#8221;default&#8221; global_colors_info=&#8221;{}&#8221;][et_pb_column type=&#8221;4_4&#8243; _builder_version=&#8221;4.21.0&#8243; _module_preset=&#8221;default&#8221; global_colors_info=&#8221;{}&#8221;][et_pb_text admin_label=&#8221;Sign up here&#8221; _builder_version=&#8221;4.23.1&#8243; _module_preset=&#8221;default&#8221; global_colors_info=&#8221;{}&#8221;]<\/p>\n<p><em>Para receber an\u00fancios e atualiza\u00e7\u00f5es sobre eventos futuros com Prem Rawat, inscreva-se na Lista de Contatos da WOPG com seu e-mail e pa\u00eds de resid\u00eancia. Inscreva-se abaixo.<\/em><\/p>\n<p>[\/et_pb_text][\/et_pb_column][\/et_pb_row][\/et_pb_section]<\/p>\n","protected":false},"excerpt":{"rendered":"<p>Imagem cortesia da TimelessToday Leia esta p\u00e1gina com aten\u00e7\u00e3o para obter informa\u00e7\u00f5es importantes sobre o pr\u00f3ximo evento. Consulte essas informa\u00e7\u00f5es ao planejar sua participa\u00e7\u00e3o. &nbsp; QUANDO E ONDE Data: S\u00e1bado, 30 de mar\u00e7o de 2024 Hor\u00e1rio: O hor\u00e1rio de in\u00edcio do evento \u00e9 \u00e0s 17h BRT (fuso hor\u00e1rio do Brasil, UTC -3hrs). As portas do [&hellip;]<\/p>\n","protected":false},"author":3,"featured_media":29206,"comment_status":"closed","ping_status":"closed","sticky":false,"template":"","format":"standard","meta":{"_et_pb_use_builder":"on","_et_pb_old_content":"","_et_gb_content_width":"","cybocfi_hide_featured_image":"","footnotes":""},"categories":[76],"tags":[],"post_folder":[],"class_list":["post-29282","post","type-post","status-publish","format-standard","has-post-thumbnail","hentry","category-recent-pt-br"],"yoast_head":"<!-- This site is optimized with the Yoast SEO plugin v27.3 - https:\/\/yoast.com\/product\/yoast-seo-wordpress\/ -->\n<title>30 de mar\u00e7o de 2024 - \u201cOu\u00e7a a Sua Voz com Prem Rawat\u201d - S\u00e3o Paulo, Brasil | Words of Peace<\/title>\n<meta name=\"robots\" content=\"index, follow, max-snippet:-1, max-image-preview:large, max-video-preview:-1\" \/>\n<link rel=\"canonical\" href=\"https:\/\/www.wopg.org\/pt-br\/30-de-marco-de-2024-ouca-a-sua-voz-com-prem-rawat-sao-paulo-brasil\/\" \/>\n<meta property=\"og:locale\" content=\"pt_BR\" \/>\n<meta property=\"og:type\" content=\"article\" \/>\n<meta property=\"og:title\" content=\"30 de mar\u00e7o de 2024 - \u201cOu\u00e7a a Sua Voz com Prem Rawat\u201d - S\u00e3o Paulo, Brasil | Words of Peace\" \/>\n<meta property=\"og:description\" content=\"Imagem cortesia da TimelessToday Leia esta p\u00e1gina com aten\u00e7\u00e3o para obter informa\u00e7\u00f5es importantes sobre o pr\u00f3ximo evento. Consulte essas informa\u00e7\u00f5es ao planejar sua participa\u00e7\u00e3o. &nbsp; QUANDO E ONDE Data: S\u00e1bado, 30 de mar\u00e7o de 2024 Hor\u00e1rio: O hor\u00e1rio de in\u00edcio do evento \u00e9 \u00e0s 17h BRT (fuso hor\u00e1rio do Brasil, UTC -3hrs). As portas do [&hellip;]\" \/>\n<meta property=\"og:url\" content=\"https:\/\/www.wopg.org\/pt-br\/30-de-marco-de-2024-ouca-a-sua-voz-com-prem-rawat-sao-paulo-brasil\/\" \/>\n<meta property=\"og:site_name\" content=\"Words of Peace\" \/>\n<meta property=\"article:publisher\" content=\"https:\/\/www.facebook.com\/wordsofpeaceglobal\" \/>\n<meta property=\"article:published_time\" content=\"2024-03-07T16:14:01+00:00\" \/>\n<meta property=\"article:modified_time\" content=\"2024-04-29T11:19:19+00:00\" \/>\n<meta property=\"og:image\" content=\"https:\/\/eadn-wc03-5903292.nxedge.io\/wp-content\/uploads\/2024\/02\/220410_Jaipur_RVK_rg_074_1080x608.webp\" \/>\n\t<meta property=\"og:image:width\" content=\"1080\" \/>\n\t<meta property=\"og:image:height\" content=\"608\" \/>\n\t<meta property=\"og:image:type\" content=\"image\/webp\" \/>\n<meta name=\"author\" content=\"Carmine\" \/>\n<meta name=\"twitter:card\" content=\"summary_large_image\" \/>\n<meta name=\"twitter:creator\" content=\"@wopg\" \/>\n<meta name=\"twitter:site\" content=\"@wopg\" \/>\n<meta name=\"twitter:label1\" content=\"Escrito por\" \/>\n\t<meta name=\"twitter:data1\" content=\"Carmine\" \/>\n\t<meta name=\"twitter:label2\" content=\"Est. tempo de leitura\" \/>\n\t<meta name=\"twitter:data2\" content=\"8 minutos\" \/>\n<script type=\"application\/ld+json\" class=\"yoast-schema-graph\">{\"@context\":\"https:\\\/\\\/schema.org\",\"@graph\":[{\"@type\":\"Article\",\"@id\":\"https:\\\/\\\/www.wopg.org\\\/pt-br\\\/30-de-marco-de-2024-ouca-a-sua-voz-com-prem-rawat-sao-paulo-brasil\\\/#article\",\"isPartOf\":{\"@id\":\"https:\\\/\\\/www.wopg.org\\\/pt-br\\\/30-de-marco-de-2024-ouca-a-sua-voz-com-prem-rawat-sao-paulo-brasil\\\/\"},\"author\":{\"name\":\"Carmine\",\"@id\":\"https:\\\/\\\/www.wopg.org\\\/pt-br\\\/#\\\/schema\\\/person\\\/d3d11db72a0ccdab996f68053f8495f1\"},\"headline\":\"30 de mar\u00e7o de 2024 &#8211; \u201cOu\u00e7a a Sua Voz com Prem Rawat\u201d &#8211; S\u00e3o Paulo, Brasil\",\"datePublished\":\"2024-03-07T16:14:01+00:00\",\"dateModified\":\"2024-04-29T11:19:19+00:00\",\"mainEntityOfPage\":{\"@id\":\"https:\\\/\\\/www.wopg.org\\\/pt-br\\\/30-de-marco-de-2024-ouca-a-sua-voz-com-prem-rawat-sao-paulo-brasil\\\/\"},\"wordCount\":1689,\"publisher\":{\"@id\":\"https:\\\/\\\/www.wopg.org\\\/pt-br\\\/#organization\"},\"image\":{\"@id\":\"https:\\\/\\\/www.wopg.org\\\/pt-br\\\/30-de-marco-de-2024-ouca-a-sua-voz-com-prem-rawat-sao-paulo-brasil\\\/#primaryimage\"},\"thumbnailUrl\":\"https:\\\/\\\/www.wopg.org\\\/wp-content\\\/uploads\\\/2024\\\/02\\\/220410_Jaipur_RVK_rg_074_1080x608.webp\",\"articleSection\":[\"Recent\"],\"inLanguage\":\"pt-BR\"},{\"@type\":\"WebPage\",\"@id\":\"https:\\\/\\\/www.wopg.org\\\/pt-br\\\/30-de-marco-de-2024-ouca-a-sua-voz-com-prem-rawat-sao-paulo-brasil\\\/\",\"url\":\"https:\\\/\\\/www.wopg.org\\\/pt-br\\\/30-de-marco-de-2024-ouca-a-sua-voz-com-prem-rawat-sao-paulo-brasil\\\/\",\"name\":\"30 de mar\u00e7o de 2024 - \u201cOu\u00e7a a Sua Voz com Prem Rawat\u201d - S\u00e3o Paulo, Brasil | Words of Peace\",\"isPartOf\":{\"@id\":\"https:\\\/\\\/www.wopg.org\\\/pt-br\\\/#website\"},\"primaryImageOfPage\":{\"@id\":\"https:\\\/\\\/www.wopg.org\\\/pt-br\\\/30-de-marco-de-2024-ouca-a-sua-voz-com-prem-rawat-sao-paulo-brasil\\\/#primaryimage\"},\"image\":{\"@id\":\"https:\\\/\\\/www.wopg.org\\\/pt-br\\\/30-de-marco-de-2024-ouca-a-sua-voz-com-prem-rawat-sao-paulo-brasil\\\/#primaryimage\"},\"thumbnailUrl\":\"https:\\\/\\\/www.wopg.org\\\/wp-content\\\/uploads\\\/2024\\\/02\\\/220410_Jaipur_RVK_rg_074_1080x608.webp\",\"datePublished\":\"2024-03-07T16:14:01+00:00\",\"dateModified\":\"2024-04-29T11:19:19+00:00\",\"breadcrumb\":{\"@id\":\"https:\\\/\\\/www.wopg.org\\\/pt-br\\\/30-de-marco-de-2024-ouca-a-sua-voz-com-prem-rawat-sao-paulo-brasil\\\/#breadcrumb\"},\"inLanguage\":\"pt-BR\",\"potentialAction\":[{\"@type\":\"ReadAction\",\"target\":[\"https:\\\/\\\/www.wopg.org\\\/pt-br\\\/30-de-marco-de-2024-ouca-a-sua-voz-com-prem-rawat-sao-paulo-brasil\\\/\"]}]},{\"@type\":\"ImageObject\",\"inLanguage\":\"pt-BR\",\"@id\":\"https:\\\/\\\/www.wopg.org\\\/pt-br\\\/30-de-marco-de-2024-ouca-a-sua-voz-com-prem-rawat-sao-paulo-brasil\\\/#primaryimage\",\"url\":\"https:\\\/\\\/www.wopg.org\\\/wp-content\\\/uploads\\\/2024\\\/02\\\/220410_Jaipur_RVK_rg_074_1080x608.webp\",\"contentUrl\":\"https:\\\/\\\/www.wopg.org\\\/wp-content\\\/uploads\\\/2024\\\/02\\\/220410_Jaipur_RVK_rg_074_1080x608.webp\",\"width\":1080,\"height\":608},{\"@type\":\"BreadcrumbList\",\"@id\":\"https:\\\/\\\/www.wopg.org\\\/pt-br\\\/30-de-marco-de-2024-ouca-a-sua-voz-com-prem-rawat-sao-paulo-brasil\\\/#breadcrumb\",\"itemListElement\":[{\"@type\":\"ListItem\",\"position\":1,\"name\":\"Home\",\"item\":\"https:\\\/\\\/www.wopg.org\\\/pt-br\\\/\"},{\"@type\":\"ListItem\",\"position\":2,\"name\":\"30 de mar\u00e7o de 2024 &#8211; \u201cOu\u00e7a a Sua Voz com Prem Rawat\u201d &#8211; S\u00e3o Paulo, Brasil\"}]},{\"@type\":\"WebSite\",\"@id\":\"https:\\\/\\\/www.wopg.org\\\/pt-br\\\/#website\",\"url\":\"https:\\\/\\\/www.wopg.org\\\/pt-br\\\/\",\"name\":\"Words of Peace\",\"description\":\"Practice Peace, Change Your World\",\"publisher\":{\"@id\":\"https:\\\/\\\/www.wopg.org\\\/pt-br\\\/#organization\"},\"potentialAction\":[{\"@type\":\"SearchAction\",\"target\":{\"@type\":\"EntryPoint\",\"urlTemplate\":\"https:\\\/\\\/www.wopg.org\\\/pt-br\\\/?s={search_term_string}\"},\"query-input\":{\"@type\":\"PropertyValueSpecification\",\"valueRequired\":true,\"valueName\":\"search_term_string\"}}],\"inLanguage\":\"pt-BR\"},{\"@type\":\"Organization\",\"@id\":\"https:\\\/\\\/www.wopg.org\\\/pt-br\\\/#organization\",\"name\":\"Words of Peace\",\"url\":\"https:\\\/\\\/www.wopg.org\\\/pt-br\\\/\",\"logo\":{\"@type\":\"ImageObject\",\"inLanguage\":\"pt-BR\",\"@id\":\"https:\\\/\\\/www.wopg.org\\\/pt-br\\\/#\\\/schema\\\/logo\\\/image\\\/\",\"url\":\"https:\\\/\\\/wopg.org\\\/wp-content\\\/uploads\\\/2022\\\/02\\\/Words-of-Peace-logo-website61x252.png\",\"contentUrl\":\"https:\\\/\\\/wopg.org\\\/wp-content\\\/uploads\\\/2022\\\/02\\\/Words-of-Peace-logo-website61x252.png\",\"width\":252,\"height\":61,\"caption\":\"Words of Peace\"},\"image\":{\"@id\":\"https:\\\/\\\/www.wopg.org\\\/pt-br\\\/#\\\/schema\\\/logo\\\/image\\\/\"},\"sameAs\":[\"https:\\\/\\\/www.facebook.com\\\/wordsofpeaceglobal\",\"https:\\\/\\\/x.com\\\/wopg\",\"https:\\\/\\\/www.instagram.com\\\/wopgofficial\\\/\"]},{\"@type\":\"Person\",\"@id\":\"https:\\\/\\\/www.wopg.org\\\/pt-br\\\/#\\\/schema\\\/person\\\/d3d11db72a0ccdab996f68053f8495f1\",\"name\":\"Carmine\",\"image\":{\"@type\":\"ImageObject\",\"inLanguage\":\"pt-BR\",\"@id\":\"https:\\\/\\\/secure.gravatar.com\\\/avatar\\\/0d1627d54f68a11050bcb7910085c6f067e95a9d71dfc5de1025a4cf15cdfb19?s=96&d=mm&r=g\",\"url\":\"https:\\\/\\\/secure.gravatar.com\\\/avatar\\\/0d1627d54f68a11050bcb7910085c6f067e95a9d71dfc5de1025a4cf15cdfb19?s=96&d=mm&r=g\",\"contentUrl\":\"https:\\\/\\\/secure.gravatar.com\\\/avatar\\\/0d1627d54f68a11050bcb7910085c6f067e95a9d71dfc5de1025a4cf15cdfb19?s=96&d=mm&r=g\",\"caption\":\"Carmine\"},\"url\":\"https:\\\/\\\/www.wopg.org\\\/pt-br\\\/author\\\/carmine\\\/\"}]}<\/script>\n<!-- \/ Yoast SEO plugin. -->","yoast_head_json":{"title":"30 de mar\u00e7o de 2024 - \u201cOu\u00e7a a Sua Voz com Prem Rawat\u201d - S\u00e3o Paulo, Brasil | Words of Peace","robots":{"index":"index","follow":"follow","max-snippet":"max-snippet:-1","max-image-preview":"max-image-preview:large","max-video-preview":"max-video-preview:-1"},"canonical":"https:\/\/www.wopg.org\/pt-br\/30-de-marco-de-2024-ouca-a-sua-voz-com-prem-rawat-sao-paulo-brasil\/","og_locale":"pt_BR","og_type":"article","og_title":"30 de mar\u00e7o de 2024 - \u201cOu\u00e7a a Sua Voz com Prem Rawat\u201d - S\u00e3o Paulo, Brasil | Words of Peace","og_description":"Imagem cortesia da TimelessToday Leia esta p\u00e1gina com aten\u00e7\u00e3o para obter informa\u00e7\u00f5es importantes sobre o pr\u00f3ximo evento. Consulte essas informa\u00e7\u00f5es ao planejar sua participa\u00e7\u00e3o. &nbsp; QUANDO E ONDE Data: S\u00e1bado, 30 de mar\u00e7o de 2024 Hor\u00e1rio: O hor\u00e1rio de in\u00edcio do evento \u00e9 \u00e0s 17h BRT (fuso hor\u00e1rio do Brasil, UTC -3hrs). As portas do [&hellip;]","og_url":"https:\/\/www.wopg.org\/pt-br\/30-de-marco-de-2024-ouca-a-sua-voz-com-prem-rawat-sao-paulo-brasil\/","og_site_name":"Words of Peace","article_publisher":"https:\/\/www.facebook.com\/wordsofpeaceglobal","article_published_time":"2024-03-07T16:14:01+00:00","article_modified_time":"2024-04-29T11:19:19+00:00","og_image":[{"width":1080,"height":608,"url":"https:\/\/eadn-wc03-5903292.nxedge.io\/wp-content\/uploads\/2024\/02\/220410_Jaipur_RVK_rg_074_1080x608.webp","type":"image\/webp"}],"author":"Carmine","twitter_card":"summary_large_image","twitter_creator":"@wopg","twitter_site":"@wopg","twitter_misc":{"Escrito por":"Carmine","Est. tempo de leitura":"8 minutos"},"schema":{"@context":"https:\/\/schema.org","@graph":[{"@type":"Article","@id":"https:\/\/www.wopg.org\/pt-br\/30-de-marco-de-2024-ouca-a-sua-voz-com-prem-rawat-sao-paulo-brasil\/#article","isPartOf":{"@id":"https:\/\/www.wopg.org\/pt-br\/30-de-marco-de-2024-ouca-a-sua-voz-com-prem-rawat-sao-paulo-brasil\/"},"author":{"name":"Carmine","@id":"https:\/\/www.wopg.org\/pt-br\/#\/schema\/person\/d3d11db72a0ccdab996f68053f8495f1"},"headline":"30 de mar\u00e7o de 2024 &#8211; \u201cOu\u00e7a a Sua Voz com Prem Rawat\u201d &#8211; S\u00e3o Paulo, Brasil","datePublished":"2024-03-07T16:14:01+00:00","dateModified":"2024-04-29T11:19:19+00:00","mainEntityOfPage":{"@id":"https:\/\/www.wopg.org\/pt-br\/30-de-marco-de-2024-ouca-a-sua-voz-com-prem-rawat-sao-paulo-brasil\/"},"wordCount":1689,"publisher":{"@id":"https:\/\/www.wopg.org\/pt-br\/#organization"},"image":{"@id":"https:\/\/www.wopg.org\/pt-br\/30-de-marco-de-2024-ouca-a-sua-voz-com-prem-rawat-sao-paulo-brasil\/#primaryimage"},"thumbnailUrl":"https:\/\/eadn-wc03-5903292.nxedge.io\/wp-content\/uploads\/2024\/02\/220410_Jaipur_RVK_rg_074_1080x608.webp","articleSection":["Recent"],"inLanguage":"pt-BR"},{"@type":"WebPage","@id":"https:\/\/www.wopg.org\/pt-br\/30-de-marco-de-2024-ouca-a-sua-voz-com-prem-rawat-sao-paulo-brasil\/","url":"https:\/\/www.wopg.org\/pt-br\/30-de-marco-de-2024-ouca-a-sua-voz-com-prem-rawat-sao-paulo-brasil\/","name":"30 de mar\u00e7o de 2024 - \u201cOu\u00e7a a Sua Voz com Prem Rawat\u201d - S\u00e3o Paulo, Brasil | Words of Peace","isPartOf":{"@id":"https:\/\/www.wopg.org\/pt-br\/#website"},"primaryImageOfPage":{"@id":"https:\/\/www.wopg.org\/pt-br\/30-de-marco-de-2024-ouca-a-sua-voz-com-prem-rawat-sao-paulo-brasil\/#primaryimage"},"image":{"@id":"https:\/\/www.wopg.org\/pt-br\/30-de-marco-de-2024-ouca-a-sua-voz-com-prem-rawat-sao-paulo-brasil\/#primaryimage"},"thumbnailUrl":"https:\/\/eadn-wc03-5903292.nxedge.io\/wp-content\/uploads\/2024\/02\/220410_Jaipur_RVK_rg_074_1080x608.webp","datePublished":"2024-03-07T16:14:01+00:00","dateModified":"2024-04-29T11:19:19+00:00","breadcrumb":{"@id":"https:\/\/www.wopg.org\/pt-br\/30-de-marco-de-2024-ouca-a-sua-voz-com-prem-rawat-sao-paulo-brasil\/#breadcrumb"},"inLanguage":"pt-BR","potentialAction":[{"@type":"ReadAction","target":["https:\/\/www.wopg.org\/pt-br\/30-de-marco-de-2024-ouca-a-sua-voz-com-prem-rawat-sao-paulo-brasil\/"]}]},{"@type":"ImageObject","inLanguage":"pt-BR","@id":"https:\/\/www.wopg.org\/pt-br\/30-de-marco-de-2024-ouca-a-sua-voz-com-prem-rawat-sao-paulo-brasil\/#primaryimage","url":"https:\/\/eadn-wc03-5903292.nxedge.io\/wp-content\/uploads\/2024\/02\/220410_Jaipur_RVK_rg_074_1080x608.webp","contentUrl":"https:\/\/eadn-wc03-5903292.nxedge.io\/wp-content\/uploads\/2024\/02\/220410_Jaipur_RVK_rg_074_1080x608.webp","width":1080,"height":608},{"@type":"BreadcrumbList","@id":"https:\/\/www.wopg.org\/pt-br\/30-de-marco-de-2024-ouca-a-sua-voz-com-prem-rawat-sao-paulo-brasil\/#breadcrumb","itemListElement":[{"@type":"ListItem","position":1,"name":"Home","item":"https:\/\/www.wopg.org\/pt-br\/"},{"@type":"ListItem","position":2,"name":"30 de mar\u00e7o de 2024 &#8211; \u201cOu\u00e7a a Sua Voz com Prem Rawat\u201d &#8211; S\u00e3o Paulo, Brasil"}]},{"@type":"WebSite","@id":"https:\/\/www.wopg.org\/pt-br\/#website","url":"https:\/\/www.wopg.org\/pt-br\/","name":"Words of Peace","description":"Practice Peace, Change Your World","publisher":{"@id":"https:\/\/www.wopg.org\/pt-br\/#organization"},"potentialAction":[{"@type":"SearchAction","target":{"@type":"EntryPoint","urlTemplate":"https:\/\/www.wopg.org\/pt-br\/?s={search_term_string}"},"query-input":{"@type":"PropertyValueSpecification","valueRequired":true,"valueName":"search_term_string"}}],"inLanguage":"pt-BR"},{"@type":"Organization","@id":"https:\/\/www.wopg.org\/pt-br\/#organization","name":"Words of Peace","url":"https:\/\/www.wopg.org\/pt-br\/","logo":{"@type":"ImageObject","inLanguage":"pt-BR","@id":"https:\/\/www.wopg.org\/pt-br\/#\/schema\/logo\/image\/","url":"https:\/\/wopg.org\/wp-content\/uploads\/2022\/02\/Words-of-Peace-logo-website61x252.png","contentUrl":"https:\/\/wopg.org\/wp-content\/uploads\/2022\/02\/Words-of-Peace-logo-website61x252.png","width":252,"height":61,"caption":"Words of Peace"},"image":{"@id":"https:\/\/www.wopg.org\/pt-br\/#\/schema\/logo\/image\/"},"sameAs":["https:\/\/www.facebook.com\/wordsofpeaceglobal","https:\/\/x.com\/wopg","https:\/\/www.instagram.com\/wopgofficial\/"]},{"@type":"Person","@id":"https:\/\/www.wopg.org\/pt-br\/#\/schema\/person\/d3d11db72a0ccdab996f68053f8495f1","name":"Carmine","image":{"@type":"ImageObject","inLanguage":"pt-BR","@id":"https:\/\/secure.gravatar.com\/avatar\/0d1627d54f68a11050bcb7910085c6f067e95a9d71dfc5de1025a4cf15cdfb19?s=96&d=mm&r=g","url":"https:\/\/secure.gravatar.com\/avatar\/0d1627d54f68a11050bcb7910085c6f067e95a9d71dfc5de1025a4cf15cdfb19?s=96&d=mm&r=g","contentUrl":"https:\/\/secure.gravatar.com\/avatar\/0d1627d54f68a11050bcb7910085c6f067e95a9d71dfc5de1025a4cf15cdfb19?s=96&d=mm&r=g","caption":"Carmine"},"url":"https:\/\/www.wopg.org\/pt-br\/author\/carmine\/"}]}},"_links":{"self":[{"href":"https:\/\/www.wopg.org\/pt-br\/wp-json\/wp\/v2\/posts\/29282","targetHints":{"allow":["GET"]}}],"collection":[{"href":"https:\/\/www.wopg.org\/pt-br\/wp-json\/wp\/v2\/posts"}],"about":[{"href":"https:\/\/www.wopg.org\/pt-br\/wp-json\/wp\/v2\/types\/post"}],"author":[{"embeddable":true,"href":"https:\/\/www.wopg.org\/pt-br\/wp-json\/wp\/v2\/users\/3"}],"replies":[{"embeddable":true,"href":"https:\/\/www.wopg.org\/pt-br\/wp-json\/wp\/v2\/comments?post=29282"}],"version-history":[{"count":34,"href":"https:\/\/www.wopg.org\/pt-br\/wp-json\/wp\/v2\/posts\/29282\/revisions"}],"predecessor-version":[{"id":30686,"href":"https:\/\/www.wopg.org\/pt-br\/wp-json\/wp\/v2\/posts\/29282\/revisions\/30686"}],"wp:featuredmedia":[{"embeddable":true,"href":"https:\/\/www.wopg.org\/pt-br\/wp-json\/wp\/v2\/media\/29206"}],"wp:attachment":[{"href":"https:\/\/www.wopg.org\/pt-br\/wp-json\/wp\/v2\/media?parent=29282"}],"wp:term":[{"taxonomy":"category","embeddable":true,"href":"https:\/\/www.wopg.org\/pt-br\/wp-json\/wp\/v2\/categories?post=29282"},{"taxonomy":"post_tag","embeddable":true,"href":"https:\/\/www.wopg.org\/pt-br\/wp-json\/wp\/v2\/tags?post=29282"},{"taxonomy":"post_folder","embeddable":true,"href":"https:\/\/www.wopg.org\/pt-br\/wp-json\/wp\/v2\/post_folder?post=29282"}],"curies":[{"name":"wp","href":"https:\/\/api.w.org\/{rel}","templated":true}]}}