{"id":31907,"date":"2024-05-27T05:31:00","date_gmt":"2024-05-27T05:31:00","guid":{"rendered":"https:\/\/www.wopg.org\/?p=31907"},"modified":"2024-06-16T13:37:05","modified_gmt":"2024-06-16T13:37:05","slug":"15-de-junho-de-2024-prem-rawat-em-barcelona-espanha","status":"publish","type":"post","link":"https:\/\/www.wopg.org\/pt-br\/15-de-junho-de-2024-prem-rawat-em-barcelona-espanha\/","title":{"rendered":"15 de junho de 2024 &#8211; Prem Rawat em Barcelona, Espanha"},"content":{"rendered":"<p>[et_pb_section fb_built=&#8221;1&#8243; _builder_version=&#8221;4.17.4&#8243; _module_preset=&#8221;default&#8221; custom_margin=&#8221;-50px||||false|false&#8221; custom_padding=&#8221;0px||0px||false|false&#8221; global_colors_info=&#8221;{}&#8221;][et_pb_row _builder_version=&#8221;4.17.4&#8243; _module_preset=&#8221;default&#8221; custom_padding=&#8221;0px||||false|false&#8221; global_colors_info=&#8221;{}&#8221;][et_pb_column type=&#8221;4_4&#8243; _builder_version=&#8221;4.17.4&#8243; _module_preset=&#8221;default&#8221; global_colors_info=&#8221;{}&#8221;][et_pb_text _builder_version=&#8221;4.24.3&#8243; _module_preset=&#8221;default&#8221; global_colors_info=&#8221;{}&#8221;]<\/p>\n<h6 style=\"text-align: center;\">Foto cortesia da TimelessToday<\/h6>\n<p>[\/et_pb_text][\/et_pb_column][\/et_pb_row][et_pb_row column_structure=&#8221;1_6,1_6,1_6,1_6,1_6,1_6&#8243; _builder_version=&#8221;4.24.3&#8243; _module_preset=&#8221;default&#8221; module_alignment=&#8221;center&#8221; custom_padding=&#8221;0px||||false|false&#8221; hover_enabled=&#8221;0&#8243; global_colors_info=&#8221;{}&#8221; disabled_on=&#8221;on|on|on&#8221; disabled=&#8221;on&#8221; sticky_enabled=&#8221;0&#8243;][et_pb_column type=&#8221;1_6&#8243; _builder_version=&#8221;4.24.3&#8243; _module_preset=&#8221;default&#8221; global_colors_info=&#8221;{}&#8221;][\/et_pb_column][et_pb_column type=&#8221;1_6&#8243; _builder_version=&#8221;4.24.3&#8243; _module_preset=&#8221;default&#8221; global_colors_info=&#8221;{}&#8221;][et_pb_button button_url=&#8221;https:\/\/www.wopg.org\/pt-br\/15-de-junho-de-2024-prem-rawat-em-barcelona-espanha\/&#8221; button_text=&#8221;Ingl\u00eas&#8221; button_alignment=&#8221;center&#8221; _builder_version=&#8221;4.24.3&#8243; _module_preset=&#8221;default&#8221; custom_button=&#8221;on&#8221; button_text_size=&#8221;16px&#8221; button_text_color=&#8221;#008B73&#8243; button_bg_color=&#8221;RGBA(255,255,255,0)&#8221; button_border_width=&#8221;1px&#8221; button_border_color=&#8221;#008B73&#8243; button_border_radius=&#8221;5px&#8221; button_font=&#8221;|700|||||||&#8221; button_use_icon=&#8221;off&#8221; custom_padding=&#8221;0px||0px||false|false&#8221; global_colors_info=&#8221;{}&#8221; button_bg_color__hover=&#8221;RGBA(0,139,115,0.65)&#8221; button_bg_color__hover_enabled=&#8221;on|hover&#8221;][\/et_pb_button][\/et_pb_column][et_pb_column type=&#8221;1_6&#8243; _builder_version=&#8221;4.24.3&#8243; _module_preset=&#8221;default&#8221; global_colors_info=&#8221;{}&#8221;][et_pb_button button_url=&#8221;https:\/\/www.wopg.org\/pt-br\/15-de-junho-de-2024-prem-rawat-em-barcelona-espanha\/&#8221; button_text=&#8221;Espanhol&#8221; button_alignment=&#8221;center&#8221; _builder_version=&#8221;4.24.3&#8243; _module_preset=&#8221;default&#8221; custom_button=&#8221;on&#8221; button_text_size=&#8221;16px&#8221; button_text_color=&#8221;#008B73&#8243; button_bg_color=&#8221;RGBA(255,255,255,0)&#8221; button_border_width=&#8221;1px&#8221; button_border_color=&#8221;#008B73&#8243; button_border_radius=&#8221;5px&#8221; button_font=&#8221;|700|||||||&#8221; button_use_icon=&#8221;off&#8221; custom_padding=&#8221;0px||0px||false|false&#8221; locked=&#8221;off&#8221; global_colors_info=&#8221;{}&#8221; button_bg_color__hover=&#8221;RGBA(0,139,115,0.65)&#8221; button_bg_color__hover_enabled=&#8221;on|hover&#8221;][\/et_pb_button][\/et_pb_column][et_pb_column type=&#8221;1_6&#8243; _builder_version=&#8221;4.24.3&#8243; _module_preset=&#8221;default&#8221; global_colors_info=&#8221;{}&#8221;][et_pb_button button_url=&#8221;https:\/\/www.wopg.org\/pt-br\/15-de-junho-de-2024-prem-rawat-em-barcelona-espanha\/&#8221; button_text=&#8221;Franc\u00eas&#8221; button_alignment=&#8221;center&#8221; _builder_version=&#8221;4.24.3&#8243; _module_preset=&#8221;default&#8221; custom_button=&#8221;on&#8221; button_text_size=&#8221;16px&#8221; button_text_color=&#8221;#008B73&#8243; button_bg_color=&#8221;RGBA(255,255,255,0)&#8221; button_border_width=&#8221;1px&#8221; button_border_color=&#8221;#008B73&#8243; button_border_radius=&#8221;5px&#8221; button_font=&#8221;|700|||||||&#8221; button_use_icon=&#8221;off&#8221; custom_padding=&#8221;0px||0px||false|false&#8221; global_colors_info=&#8221;{}&#8221; button_bg_color__hover_enabled=&#8221;on|hover&#8221; button_bg_color__hover=&#8221;RGBA(0,139,115,0.65)&#8221; button_bg_enable_color__hover=&#8221;on&#8221;][\/et_pb_button][\/et_pb_column][et_pb_column type=&#8221;1_6&#8243; _builder_version=&#8221;4.24.3&#8243; _module_preset=&#8221;default&#8221; global_colors_info=&#8221;{}&#8221;][et_pb_button button_url=&#8221;https:\/\/www.wopg.org\/pt-br\/15-de-junho-de-2024-prem-rawat-em-barcelona-espanha\/&#8221; button_text=&#8221;Portugu\u00eas&#8221; button_alignment=&#8221;center&#8221; disabled_on=&#8221;off|off|off&#8221; _builder_version=&#8221;4.24.3&#8243; _module_preset=&#8221;default&#8221; custom_button=&#8221;on&#8221; button_text_size=&#8221;16px&#8221; button_text_color=&#8221;#008B73&#8243; button_bg_color=&#8221;RGBA(255,255,255,0)&#8221; button_border_width=&#8221;1px&#8221; button_border_color=&#8221;#008B73&#8243; button_border_radius=&#8221;5px&#8221; button_font=&#8221;|700|||||||&#8221; button_use_icon=&#8221;off&#8221; custom_padding=&#8221;0px||0px||false|false&#8221; global_colors_info=&#8221;{}&#8221; button_bg_color__hover=&#8221;RGBA(0,139,115,0.65)&#8221; button_bg_color__hover_enabled=&#8221;on|hover&#8221;][\/et_pb_button][\/et_pb_column][et_pb_column type=&#8221;1_6&#8243; _builder_version=&#8221;4.24.3&#8243; _module_preset=&#8221;default&#8221; global_colors_info=&#8221;{}&#8221;][\/et_pb_column][\/et_pb_row][\/et_pb_section][et_pb_section fb_built=&#8221;1&#8243; disabled_on=&#8221;off|off|off&#8221; admin_label=&#8221;Full event details&#8221; _builder_version=&#8221;4.23.1&#8243; _module_preset=&#8221;default&#8221; locked=&#8221;off&#8221; collapsed=&#8221;off&#8221; global_colors_info=&#8221;{}&#8221;][et_pb_row _builder_version=&#8221;4.21.0&#8243; _module_preset=&#8221;default&#8221; custom_padding=&#8221;0px||||false|false&#8221; custom_css_main_element=&#8221;display: flex;||flex-wrap: wrap;||justify-content: center;&#8221; global_colors_info=&#8221;{}&#8221;][et_pb_column type=&#8221;4_4&#8243; _builder_version=&#8221;4.21.0&#8243; _module_preset=&#8221;default&#8221; global_colors_info=&#8221;{}&#8221;][et_pb_text admin_label=&#8221;WHEN AND WHERE&#8221; _builder_version=&#8221;4.24.3&#8243; _module_preset=&#8221;default&#8221; global_colors_info=&#8221;{}&#8221;]<\/p>\n<p><em>Leia esta p\u00e1gina com aten\u00e7\u00e3o para obter informa\u00e7\u00f5es importantes sobre o pr\u00f3ximo evento. Consulte essas informa\u00e7\u00f5es ao planejar sua participa\u00e7\u00e3o.<\/em><\/p>\n<p>&nbsp;<\/p>\n<h4>QUANDO E ONDE<\/h4>\n<p><strong>Date:<\/strong> <span style=\"font-weight: 400;\">S\u00e1bado, 15 de junho de 2024<\/span><\/p>\n<p><strong>Hor\u00e1rio:<\/strong>\u00a0O hor\u00e1rio de in\u00edcio do evento \u00e9 \u00e0s 5 pm CEST. As portas do lobby ser\u00e3o abertas \u00e0s 3h30 pm. O hor\u00e1rio de t\u00e9rmino \u00e9 aproximadamente \u00e0s 7 pm.<\/p>\n<p><strong>Venue:<\/strong> <a href=\"https:\/\/www.catalunyacongresscenter.com\/en\" target=\"_blank\" rel=\"noopener\"><span style=\"font-weight: 400;\">Palau de Congressos de Catalunya<\/span><\/a><\/p>\n<p><strong>Address:<\/strong> <span style=\"font-weight: 400;\">Avda. Diagonal, 661*671, Les Corts, 08028 Barcelona.<\/span><\/p>\n<p><a href=\"https:\/\/www.catalunyacongresscenter.com\/en\/barcelona\/getting-in\" target=\"_blank\" rel=\"noopener\">Dire\u00e7\u00f5es, estacionamento e transporte p\u00fablico<\/a><\/p>\n<p>[\/et_pb_text][et_pb_text admin_label=&#8221;WHO IS INVITED&#8221; _builder_version=&#8221;4.24.3&#8243; _module_preset=&#8221;default&#8221; global_colors_info=&#8221;{}&#8221;]<\/p>\n<h4>QUEM \u00c9 CONVIDADO<\/h4>\n<p>Qualquer pessoa interessada em Prem Rawat e sua mensagem pode participar.<\/p>\n<p>[\/et_pb_text][et_pb_text admin_label=&#8221;WHO IS INVITED &#8211; CHILDREN&#8221; _builder_version=&#8221;4.24.3&#8243; _module_preset=&#8221;default&#8221; global_colors_info=&#8221;{}&#8221;]<\/p>\n<h4>CRIAN\u00c7AS<\/h4>\n<p>Este evento n\u00e3o \u00e9 adequado para menores de 10 anos.<\/p>\n<p>[\/et_pb_text][et_pb_text admin_label=&#8221;PURCHASE OF TICKETS&#8221; _builder_version=&#8221;4.24.3&#8243; _module_preset=&#8221;default&#8221; global_colors_info=&#8221;{}&#8221;]<\/p>\n<h4>INGRESSOS<\/h4>\n<p><strong>Os ingressos estar\u00e3o \u00e0 venda no dia 3 de junho \u00e0s 6 pm CEST<\/strong>.<\/p>\n<p>Ao entrar no local, lembre-se de ter seu ingresso impresso vis\u00edvel, ou seu ingresso eletr\u00f4nico vis\u00edvel no celular, com o C\u00f3digo de Barras \u00e0 mostra.<\/p>\n<p>Se voc\u00ea n\u00e3o conseguir comprar um ingresso por qualquer motivo, entre em contato com <a href=\"mailto:help.barcelonaevent@gmail.com\"><span style=\"font-weight: 400;\">help.barcelonaevent@gmail.com<\/span><\/a>.<\/p>\n<p><strong>Pre\u00e7os dos Ingressos<\/strong><\/p>\n<ul>\n<li style=\"list-style-type: none;\">\n<ul>\n<li><span style=\"font-weight: 400;\">120 euros<\/span> + taxas de bilheteria<\/li>\n<li><span style=\"font-weight: 400;\">100 euros<\/span> + taxas de bilheteria<\/li>\n<li><span style=\"font-weight: 400;\">80 euros<\/span> + taxas de bilheteria<\/li>\n<li><span style=\"font-weight: 400;\">50 euros<\/span> + taxas de bilheteria<\/li>\n<li><span style=\"font-weight: 400;\">20 euros<\/span> + taxas de bilheteria<\/li>\n<\/ul>\n<\/li>\n<\/ul>\n<p>Cada pessoa poder\u00e1 adquirir\u00a0<strong>4 lugares<\/strong>. No entanto, compre apenas assentos que voc\u00ea sabe que ser\u00e3o usados.<\/p>\n<p><strong>N\u00e3o haver\u00e1 reembolso.<\/strong><\/p>\n<p>[\/et_pb_text][et_pb_button button_url=&#8221;https:\/\/www.entradas.com\/artist\/prem-rawat\/&#8221; url_new_window=&#8221;on&#8221; button_text=&#8221;Comprar Ingresso(s)&#8221; button_alignment=&#8221;center&#8221; disabled_on=&#8221;off|off|off&#8221; admin_label=&#8221;Purchase button&#8221; _builder_version=&#8221;4.24.3&#8243; _module_preset=&#8221;default&#8221; custom_button=&#8221;on&#8221; button_bg_color=&#8221;#008B73&#8243; button_border_width=&#8221;0px&#8221; button_border_radius=&#8221;8px&#8221; background_layout=&#8221;dark&#8221; custom_padding=&#8221;10px|49px|10px|49px|true|true&#8221; global_colors_info=&#8221;{}&#8221;][\/et_pb_button][et_pb_button button_url=&#8221;#&#8221; button_text=&#8221;Ingressos Esgotados&#8221; button_alignment=&#8221;center&#8221; disabled_on=&#8221;on|on|on&#8221; admin_label=&#8221;Sold Out button&#8221; _builder_version=&#8221;4.21.0&#8243; _module_preset=&#8221;default&#8221; custom_button=&#8221;on&#8221; button_bg_color=&#8221;#E02B20&#8243; button_border_width=&#8221;0px&#8221; button_border_radius=&#8221;8px&#8221; background_layout=&#8221;dark&#8221; custom_padding=&#8221;10px|58px|10px|58px|true|true&#8221; disabled=&#8221;on&#8221; global_colors_info=&#8221;{}&#8221;][\/et_pb_button][et_pb_button button_url=&#8221;#soon&#8221; button_text=&#8221;Ingressos dispon\u00edveis em breve&#8221; button_alignment=&#8221;center&#8221; disabled_on=&#8221;on|on|on&#8221; admin_label=&#8221;Soon Available button&#8221; module_id=&#8221;soon&#8221; _builder_version=&#8221;4.24.3&#8243; _module_preset=&#8221;default&#8221; custom_button=&#8221;on&#8221; button_text_color=&#8221;#FFFFFF&#8221; button_bg_color=&#8221;RGBA(255,196,89,0.8)&#8221; button_border_width=&#8221;0px&#8221; button_border_radius=&#8221;8px&#8221; background_layout=&#8221;dark&#8221; custom_padding=&#8221;10px|30px|10px|30px|true|true&#8221; disabled=&#8221;on&#8221; global_colors_info=&#8221;{}&#8221;][\/et_pb_button][et_pb_text _builder_version=&#8221;4.24.3&#8243; _module_preset=&#8221;default&#8221; text_orientation=&#8221;center&#8221; locked=&#8221;off&#8221; global_colors_info=&#8221;{}&#8221;]<\/p>\n<div class=\"et_pb_row et_pb_row_0\">\n<div class=\"et_pb_column et_pb_column_4_4 et_pb_column_0 et_pb_css_mix_blend_mode_passthrough et-last-child\">\n<div class=\"et_pb_module et_pb_text et_pb_text_0 et_pb_text_align_left et_pb_bg_layout_light\">\n<div class=\"et_pb_text_inner\" style=\"text-align: center;\"><em>(assim que a venda de ingressos come\u00e7ar, pressione o bot\u00e3o acima para ir diretamente para l\u00e1)<\/em><\/div>\n<\/div>\n<\/div>\n<\/div>\n<p>[\/et_pb_text][et_pb_text admin_label=&#8221;DO NOT RECORD OR FILM THE EVENT&#8221; _builder_version=&#8221;4.24.3&#8243; _module_preset=&#8221;default&#8221; locked=&#8221;off&#8221; global_colors_info=&#8221;{}&#8221;]<\/p>\n<h4>N\u00c3O GRAVE NEM FILME O EVENTO<\/h4>\n<p>A grava\u00e7\u00e3o oficial \u00e9 protegida por direitos autorais. Qualquer pessoa encontrada gravando ser\u00e1 solicitada a parar. Se continuar, ser\u00e1 retirada do local.<\/p>\n<p>O evento ser\u00e1 filmado. A compra de um ingresso constitui tanto sua concord\u00e2ncia em ser filmado quanto a libera\u00e7\u00e3o de sua imagem\/voz em m\u00eddia impressa, social, fotogr\u00e1fica, de \u00e1udio, v\u00eddeo ou outra m\u00eddia. Caso voc\u00ea esteja adquirindo um ingresso para outra pessoa, a presen\u00e7a dela no evento estar\u00e1 sujeita \u00e0s mesmas condi\u00e7\u00f5es.<\/p>\n<p><strong>Haver\u00e1 uma verifica\u00e7\u00e3o de seguran\u00e7a ao entrar no pr\u00e9dio. N\u00e3o s\u00e3o permitidas bagagens, mochilas ou malas grandes no local.<\/strong><\/p>\n<p><strong><em>Observa\u00e7\u00e3o:\u00a0<\/em><\/strong><em>\u00e9 recomend\u00e1vel que voc\u00ea n\u00e3o fa\u00e7a planos de viagem at\u00e9 que tenha adquirido seu(s) ingresso(s) com sucesso, pois o n\u00famero de pessoas solicitando assentos pode exceder a capacidade do local.<\/em><\/p>\n<p><strong>Viajantes do exterior:\u00a0<\/strong>n\u00e3o h\u00e1 restri\u00e7\u00f5es de viagem para a Espanha, no entanto, verifique se h\u00e1 requisitos de viagem atuais que possam afet\u00e1-lo.<\/p>\n<p>[\/et_pb_text][et_pb_accordion open_toggle_background_color=&#8221;RGBA(255,255,255,0)&#8221; icon_color=&#8221;#008B73&#8243; use_icon_font_size=&#8221;on&#8221; icon_font_size=&#8221;20px&#8221; _builder_version=&#8221;4.24.3&#8243; _module_preset=&#8221;default&#8221; border_color_all=&#8221;RGBA(255,255,255,0)&#8221; border_color_bottom=&#8221;#008B73&#8243; global_colors_info=&#8221;{}&#8221;][et_pb_accordion_item title=&#8221;AJUDA PARA COMPRA DE INGRESSOS&#8221; open=&#8221;on&#8221; _builder_version=&#8221;4.24.3&#8243; _module_preset=&#8221;default&#8221; global_colors_info=&#8221;{}&#8221;]<\/p>\n<p>Ingressos on-line podem ser adquiridos em computadores e dispositivos m\u00f3veis. Recomenda-se esvaziar o hist\u00f3rico do navegador da internet antes de iniciar a compra.<\/p>\n<p>Antes do in\u00edcio da venda de ingressos, verifique qual das seguintes op\u00e7\u00f5es se aplica a voc\u00ea: Op\u00e7\u00e3o 1 \u201cSou cliente de <a href=\"http:\/\/entradas.com\" target=\"_blank\" rel=\"noopener\">entradas.com<\/a>\u201d (o que significa que voc\u00ea j\u00e1 tem uma conta no sistema); Op\u00e7\u00e3o 2 \u201cRegistro r\u00e1pido\u201d (somente por e-mail); ou Op\u00e7\u00e3o 3 \u201cCriar nova conta\u201d.<\/p>\n<p>Voc\u00ea pode ter problemas durante o processo de compra de ingressos on-line. A alta demanda pode gerar uma mensagem autom\u00e1tica que diz \u201cn\u00e3o h\u00e1 assentos dispon\u00edveis\u201d, o que n\u00e3o significa que os ingressos estejam esgotados.<\/p>\n<p>Considere o seguinte:<br \/>\u2013 verifique com\u00a0<a href=\"http:\/\/www.wopg.org\/\">www.wopg.org<\/a>\u00a0para ver se o evento est\u00e1 esgotado<br \/>\u2013 espere alguns instantes e comece de novo<br \/>\u2013 tente novamente em outro dispositivo<br \/>\u2013 se voc\u00ea n\u00e3o tiver sucesso, envie um e-mail para <a href=\"mailto:help.barcelonaevent@gmail.com\"><span style=\"font-weight: 400;\">help.barcelonaevent@gmail.com<\/span><\/a>.<\/p>\n<p>[\/et_pb_accordion_item][et_pb_accordion_item title=&#8221;COMPRA DE INGRESSOS POR TELEFONE&#8221; _builder_version=&#8221;4.24.3&#8243; _module_preset=&#8221;default&#8221; global_colors_info=&#8221;{}&#8221; open=&#8221;off&#8221;]<\/p>\n<p>Venda de ingressos por telefone de segunda a domingo (10h-22h): +34 902 488 488<\/p>\n<p>[\/et_pb_accordion_item][et_pb_accordion_item title=&#8221;INGRESSOS ESGOTADOS?&#8221; _builder_version=&#8221;4.24.3&#8243; _module_preset=&#8221;default&#8221; global_colors_info=&#8221;{}&#8221; open=&#8221;off&#8221;]<\/p>\n<p>Se os ingressos estiverem esgotados quando voc\u00ea tentar fazer uma compra, volte em algumas horas, pois os ingressos retidos podem estar dispon\u00edveis novamente. Se voc\u00ea quiser saber mais sobre uma poss\u00edvel devolu\u00e7\u00e3o de ingresso, entre em contato com <a href=\"mailto:help.barcelonaevent@gmail.com\"><span style=\"font-weight: 400;\">help.barcelonaevent@gmail.com<\/span><\/a>.<\/p>\n<p>Caso n\u00e3o haja ingressos devolvidos, voc\u00ea ser\u00e1 colocado em lista de espera.<\/p>\n<p>[\/et_pb_accordion_item][et_pb_accordion_item title=&#8221;DEVOLU\u00c7\u00c3O DE INGRESSOS N\u00c3O USADOS&#8221; _builder_version=&#8221;4.24.3&#8243; _module_preset=&#8221;default&#8221; global_colors_info=&#8221;{}&#8221; open=&#8221;off&#8221;]<\/p>\n<p>Se seus planos mudarem e voc\u00ea tiver um ingresso n\u00e3o usado, envie uma vers\u00e3o eletr\u00f4nica do seu ingresso para <a href=\"mailto:help.barcelonaevent@gmail.com\"><span style=\"font-weight: 400;\">help.barcelonaevent@gmail.com<\/span><\/a>.<\/p>\n<p>Os ingressos devolvidos a este endere\u00e7o ser\u00e3o realocados por ordem de chegada para outras pessoas que queiram participar deste evento.<\/p>\n<p>N\u00e3o haver\u00e1 reembolso.<\/p>\n<p>[\/et_pb_accordion_item][et_pb_accordion_item title=&#8221;NECESSIDADES ESPECIAIS&#8221; _builder_version=&#8221;4.24.3&#8243; _module_preset=&#8221;default&#8221; global_colors_info=&#8221;{}&#8221; open=&#8221;off&#8221;]<\/p>\n<p>Ser\u00e1 dado suporte a pessoas que utilizam cadeiras de rodas.<\/p>\n<p>Se voc\u00ea tiver alguma dificuldade em adquirir espa\u00e7o para cadeira de rodas ou assento de cuidador, entre em contato com\u00a0<a href=\"mailto:help.barcelonaevent@gmail.com\">help.barcelonaevent@gmail.com<\/a>.<\/p>\n<p>Se voc\u00ea tiver defici\u00eancia auditiva, um canal em ingl\u00eas aprimorado estar\u00e1 dispon\u00edvel. Fones de ouvido estar\u00e3o dispon\u00edveis no lobby em troca de um documento de identifica\u00e7\u00e3o.<\/p>\n<p>[\/et_pb_accordion_item][et_pb_accordion_item title=&#8221;TRADU\u00c7\u00c3O&#8221; _builder_version=&#8221;4.24.3&#8243; _module_preset=&#8221;default&#8221; global_colors_info=&#8221;{}&#8221; open=&#8221;off&#8221;]<\/p>\n<p>O evento ser\u00e1 em ingl\u00eas. Ser\u00e1 fornecida tradu\u00e7\u00e3o em espanhol, franc\u00eas e portugu\u00eas.<\/p>\n<p>Fones de ouvido estar\u00e3o dispon\u00edveis no lobby em troca de um documento de identifica\u00e7\u00e3o.<\/p>\n<p>[\/et_pb_accordion_item][et_pb_accordion_item title=&#8221;BAGAGEM&#8221; _builder_version=&#8221;4.24.3&#8243; _module_preset=&#8221;default&#8221; global_colors_info=&#8221;{}&#8221; open=&#8221;off&#8221;]<\/p>\n<p class=\"p1\">N\u00e3o ser\u00e3o permitidas bagagens, mochilas ou malas grandes no interior do local.<\/p>\n<p class=\"p1\">N\u00e3o h\u00e1 vesti\u00e1rio dispon\u00edvel.<\/p>\n<p>[\/et_pb_accordion_item][et_pb_accordion_item title=&#8221;AJUDA&#8221; _builder_version=&#8221;4.24.3&#8243; _module_preset=&#8221;default&#8221; global_colors_info=&#8221;{}&#8221; open=&#8221;off&#8221;]<\/p>\n<p>Precisa de assist\u00eancia?<\/p>\n<p>Entre em contato com\u00a0<a href=\"mailto:help.barcelonaevent@gmail.com\">help.barcelonaevent@gmail.com<\/a>.<\/p>\n<p>[\/et_pb_accordion_item][\/et_pb_accordion][\/et_pb_column][\/et_pb_row][et_pb_row _builder_version=&#8221;4.21.0&#8243; _module_preset=&#8221;default&#8221; global_colors_info=&#8221;{}&#8221;][et_pb_column type=&#8221;4_4&#8243; _builder_version=&#8221;4.21.0&#8243; _module_preset=&#8221;default&#8221; global_colors_info=&#8221;{}&#8221;][et_pb_text admin_label=&#8221;Sign up here&#8221; _builder_version=&#8221;4.24.3&#8243; _module_preset=&#8221;default&#8221; global_colors_info=&#8221;{}&#8221;]<\/p>\n<p><em>Para receber an\u00fancios e atualiza\u00e7\u00f5es sobre eventos futuros com Prem Rawat, inscreva-se na Lista de Contatos da WOPG com seu e-mail e pa\u00eds de resid\u00eancia. Inscreva-se abaixo.<\/em><\/p>\n<p>[\/et_pb_text][\/et_pb_column][\/et_pb_row][\/et_pb_section]<\/p>\n","protected":false},"excerpt":{"rendered":"<p>Foto cortesia da TimelessTodayLeia esta p\u00e1gina com aten\u00e7\u00e3o para obter informa\u00e7\u00f5es importantes sobre o pr\u00f3ximo evento. Consulte essas informa\u00e7\u00f5es ao planejar sua participa\u00e7\u00e3o. &nbsp; QUANDO E ONDE Date: S\u00e1bado, 15 de junho de 2024 Hor\u00e1rio:\u00a0O hor\u00e1rio de in\u00edcio do evento \u00e9 \u00e0s 5 pm CEST. As portas do lobby ser\u00e3o abertas \u00e0s 3h30 pm. O [&hellip;]<\/p>\n","protected":false},"author":14,"featured_media":31731,"comment_status":"closed","ping_status":"closed","sticky":false,"template":"","format":"standard","meta":{"_et_pb_use_builder":"on","_et_pb_old_content":"","_et_gb_content_width":"","cybocfi_hide_featured_image":"","footnotes":""},"categories":[76],"tags":[],"post_folder":[],"class_list":["post-31907","post","type-post","status-publish","format-standard","has-post-thumbnail","hentry","category-recent-pt-br"],"yoast_head":"<!-- This site is optimized with the Yoast SEO plugin v27.3 - https:\/\/yoast.com\/product\/yoast-seo-wordpress\/ -->\n<title>15 de junho de 2024 - Prem Rawat em Barcelona, Espanha | Words of Peace<\/title>\n<meta name=\"robots\" content=\"index, follow, max-snippet:-1, max-image-preview:large, max-video-preview:-1\" \/>\n<link rel=\"canonical\" href=\"https:\/\/www.wopg.org\/pt-br\/15-de-junho-de-2024-prem-rawat-em-barcelona-espanha\/\" \/>\n<meta property=\"og:locale\" content=\"pt_BR\" \/>\n<meta property=\"og:type\" content=\"article\" \/>\n<meta property=\"og:title\" content=\"15 de junho de 2024 - Prem Rawat em Barcelona, Espanha | Words of Peace\" \/>\n<meta property=\"og:description\" content=\"Foto cortesia da TimelessTodayLeia esta p\u00e1gina com aten\u00e7\u00e3o para obter informa\u00e7\u00f5es importantes sobre o pr\u00f3ximo evento. Consulte essas informa\u00e7\u00f5es ao planejar sua participa\u00e7\u00e3o. &nbsp; QUANDO E ONDE Date: S\u00e1bado, 15 de junho de 2024 Hor\u00e1rio:\u00a0O hor\u00e1rio de in\u00edcio do evento \u00e9 \u00e0s 5 pm CEST. As portas do lobby ser\u00e3o abertas \u00e0s 3h30 pm. O [&hellip;]\" \/>\n<meta property=\"og:url\" content=\"https:\/\/www.wopg.org\/pt-br\/15-de-junho-de-2024-prem-rawat-em-barcelona-espanha\/\" \/>\n<meta property=\"og:site_name\" content=\"Words of Peace\" \/>\n<meta property=\"article:publisher\" content=\"https:\/\/www.facebook.com\/wordsofpeaceglobal\" \/>\n<meta property=\"article:published_time\" content=\"2024-05-27T05:31:00+00:00\" \/>\n<meta property=\"article:modified_time\" content=\"2024-06-16T13:37:05+00:00\" \/>\n<meta property=\"og:image\" content=\"https:\/\/eadn-wc03-5903292.nxedge.io\/wp-content\/uploads\/2024\/05\/barcelona_1080x608.webp\" \/>\n\t<meta property=\"og:image:width\" content=\"1080\" \/>\n\t<meta property=\"og:image:height\" content=\"608\" \/>\n\t<meta property=\"og:image:type\" content=\"image\/webp\" \/>\n<meta name=\"author\" content=\"Roberto\" \/>\n<meta name=\"twitter:card\" content=\"summary_large_image\" \/>\n<meta name=\"twitter:creator\" content=\"@wopg\" \/>\n<meta name=\"twitter:site\" content=\"@wopg\" \/>\n<meta name=\"twitter:label1\" content=\"Escrito por\" \/>\n\t<meta name=\"twitter:data1\" content=\"Roberto\" \/>\n\t<meta name=\"twitter:label2\" content=\"Est. tempo de leitura\" \/>\n\t<meta name=\"twitter:data2\" content=\"10 minutos\" \/>\n<script type=\"application\/ld+json\" class=\"yoast-schema-graph\">{\"@context\":\"https:\\\/\\\/schema.org\",\"@graph\":[{\"@type\":\"Article\",\"@id\":\"https:\\\/\\\/www.wopg.org\\\/pt-br\\\/15-de-junho-de-2024-prem-rawat-em-barcelona-espanha\\\/#article\",\"isPartOf\":{\"@id\":\"https:\\\/\\\/www.wopg.org\\\/pt-br\\\/15-de-junho-de-2024-prem-rawat-em-barcelona-espanha\\\/\"},\"author\":{\"name\":\"Roberto\",\"@id\":\"https:\\\/\\\/www.wopg.org\\\/pt-br\\\/#\\\/schema\\\/person\\\/c495a5aacd2a074ce031b7fa6625b3af\"},\"headline\":\"15 de junho de 2024 &#8211; Prem Rawat em Barcelona, Espanha\",\"datePublished\":\"2024-05-27T05:31:00+00:00\",\"dateModified\":\"2024-06-16T13:37:05+00:00\",\"mainEntityOfPage\":{\"@id\":\"https:\\\/\\\/www.wopg.org\\\/pt-br\\\/15-de-junho-de-2024-prem-rawat-em-barcelona-espanha\\\/\"},\"wordCount\":2065,\"publisher\":{\"@id\":\"https:\\\/\\\/www.wopg.org\\\/pt-br\\\/#organization\"},\"image\":{\"@id\":\"https:\\\/\\\/www.wopg.org\\\/pt-br\\\/15-de-junho-de-2024-prem-rawat-em-barcelona-espanha\\\/#primaryimage\"},\"thumbnailUrl\":\"https:\\\/\\\/www.wopg.org\\\/wp-content\\\/uploads\\\/2024\\\/05\\\/barcelona_1080x608.webp\",\"articleSection\":[\"Recent\"],\"inLanguage\":\"pt-BR\"},{\"@type\":\"WebPage\",\"@id\":\"https:\\\/\\\/www.wopg.org\\\/pt-br\\\/15-de-junho-de-2024-prem-rawat-em-barcelona-espanha\\\/\",\"url\":\"https:\\\/\\\/www.wopg.org\\\/pt-br\\\/15-de-junho-de-2024-prem-rawat-em-barcelona-espanha\\\/\",\"name\":\"15 de junho de 2024 - Prem Rawat em Barcelona, Espanha | Words of Peace\",\"isPartOf\":{\"@id\":\"https:\\\/\\\/www.wopg.org\\\/pt-br\\\/#website\"},\"primaryImageOfPage\":{\"@id\":\"https:\\\/\\\/www.wopg.org\\\/pt-br\\\/15-de-junho-de-2024-prem-rawat-em-barcelona-espanha\\\/#primaryimage\"},\"image\":{\"@id\":\"https:\\\/\\\/www.wopg.org\\\/pt-br\\\/15-de-junho-de-2024-prem-rawat-em-barcelona-espanha\\\/#primaryimage\"},\"thumbnailUrl\":\"https:\\\/\\\/www.wopg.org\\\/wp-content\\\/uploads\\\/2024\\\/05\\\/barcelona_1080x608.webp\",\"datePublished\":\"2024-05-27T05:31:00+00:00\",\"dateModified\":\"2024-06-16T13:37:05+00:00\",\"breadcrumb\":{\"@id\":\"https:\\\/\\\/www.wopg.org\\\/pt-br\\\/15-de-junho-de-2024-prem-rawat-em-barcelona-espanha\\\/#breadcrumb\"},\"inLanguage\":\"pt-BR\",\"potentialAction\":[{\"@type\":\"ReadAction\",\"target\":[\"https:\\\/\\\/www.wopg.org\\\/pt-br\\\/15-de-junho-de-2024-prem-rawat-em-barcelona-espanha\\\/\"]}]},{\"@type\":\"ImageObject\",\"inLanguage\":\"pt-BR\",\"@id\":\"https:\\\/\\\/www.wopg.org\\\/pt-br\\\/15-de-junho-de-2024-prem-rawat-em-barcelona-espanha\\\/#primaryimage\",\"url\":\"https:\\\/\\\/www.wopg.org\\\/wp-content\\\/uploads\\\/2024\\\/05\\\/barcelona_1080x608.webp\",\"contentUrl\":\"https:\\\/\\\/www.wopg.org\\\/wp-content\\\/uploads\\\/2024\\\/05\\\/barcelona_1080x608.webp\",\"width\":1080,\"height\":608},{\"@type\":\"BreadcrumbList\",\"@id\":\"https:\\\/\\\/www.wopg.org\\\/pt-br\\\/15-de-junho-de-2024-prem-rawat-em-barcelona-espanha\\\/#breadcrumb\",\"itemListElement\":[{\"@type\":\"ListItem\",\"position\":1,\"name\":\"Home\",\"item\":\"https:\\\/\\\/www.wopg.org\\\/pt-br\\\/\"},{\"@type\":\"ListItem\",\"position\":2,\"name\":\"15 de junho de 2024 &#8211; Prem Rawat em Barcelona, Espanha\"}]},{\"@type\":\"WebSite\",\"@id\":\"https:\\\/\\\/www.wopg.org\\\/pt-br\\\/#website\",\"url\":\"https:\\\/\\\/www.wopg.org\\\/pt-br\\\/\",\"name\":\"Words of Peace\",\"description\":\"Practice Peace, Change Your World\",\"publisher\":{\"@id\":\"https:\\\/\\\/www.wopg.org\\\/pt-br\\\/#organization\"},\"potentialAction\":[{\"@type\":\"SearchAction\",\"target\":{\"@type\":\"EntryPoint\",\"urlTemplate\":\"https:\\\/\\\/www.wopg.org\\\/pt-br\\\/?s={search_term_string}\"},\"query-input\":{\"@type\":\"PropertyValueSpecification\",\"valueRequired\":true,\"valueName\":\"search_term_string\"}}],\"inLanguage\":\"pt-BR\"},{\"@type\":\"Organization\",\"@id\":\"https:\\\/\\\/www.wopg.org\\\/pt-br\\\/#organization\",\"name\":\"Words of Peace\",\"url\":\"https:\\\/\\\/www.wopg.org\\\/pt-br\\\/\",\"logo\":{\"@type\":\"ImageObject\",\"inLanguage\":\"pt-BR\",\"@id\":\"https:\\\/\\\/www.wopg.org\\\/pt-br\\\/#\\\/schema\\\/logo\\\/image\\\/\",\"url\":\"https:\\\/\\\/wopg.org\\\/wp-content\\\/uploads\\\/2022\\\/02\\\/Words-of-Peace-logo-website61x252.png\",\"contentUrl\":\"https:\\\/\\\/wopg.org\\\/wp-content\\\/uploads\\\/2022\\\/02\\\/Words-of-Peace-logo-website61x252.png\",\"width\":252,\"height\":61,\"caption\":\"Words of Peace\"},\"image\":{\"@id\":\"https:\\\/\\\/www.wopg.org\\\/pt-br\\\/#\\\/schema\\\/logo\\\/image\\\/\"},\"sameAs\":[\"https:\\\/\\\/www.facebook.com\\\/wordsofpeaceglobal\",\"https:\\\/\\\/x.com\\\/wopg\",\"https:\\\/\\\/www.instagram.com\\\/wopgofficial\\\/\"]},{\"@type\":\"Person\",\"@id\":\"https:\\\/\\\/www.wopg.org\\\/pt-br\\\/#\\\/schema\\\/person\\\/c495a5aacd2a074ce031b7fa6625b3af\",\"name\":\"Roberto\",\"image\":{\"@type\":\"ImageObject\",\"inLanguage\":\"pt-BR\",\"@id\":\"https:\\\/\\\/secure.gravatar.com\\\/avatar\\\/3a2423ab531630d32d946fa10acea4a736bd03feede76ddcc150434c8458228b?s=96&d=mm&r=g\",\"url\":\"https:\\\/\\\/secure.gravatar.com\\\/avatar\\\/3a2423ab531630d32d946fa10acea4a736bd03feede76ddcc150434c8458228b?s=96&d=mm&r=g\",\"contentUrl\":\"https:\\\/\\\/secure.gravatar.com\\\/avatar\\\/3a2423ab531630d32d946fa10acea4a736bd03feede76ddcc150434c8458228b?s=96&d=mm&r=g\",\"caption\":\"Roberto\"},\"url\":\"https:\\\/\\\/www.wopg.org\\\/pt-br\\\/author\\\/roberto\\\/\"}]}<\/script>\n<!-- \/ Yoast SEO plugin. -->","yoast_head_json":{"title":"15 de junho de 2024 - Prem Rawat em Barcelona, Espanha | Words of Peace","robots":{"index":"index","follow":"follow","max-snippet":"max-snippet:-1","max-image-preview":"max-image-preview:large","max-video-preview":"max-video-preview:-1"},"canonical":"https:\/\/www.wopg.org\/pt-br\/15-de-junho-de-2024-prem-rawat-em-barcelona-espanha\/","og_locale":"pt_BR","og_type":"article","og_title":"15 de junho de 2024 - Prem Rawat em Barcelona, Espanha | Words of Peace","og_description":"Foto cortesia da TimelessTodayLeia esta p\u00e1gina com aten\u00e7\u00e3o para obter informa\u00e7\u00f5es importantes sobre o pr\u00f3ximo evento. Consulte essas informa\u00e7\u00f5es ao planejar sua participa\u00e7\u00e3o. &nbsp; QUANDO E ONDE Date: S\u00e1bado, 15 de junho de 2024 Hor\u00e1rio:\u00a0O hor\u00e1rio de in\u00edcio do evento \u00e9 \u00e0s 5 pm CEST. As portas do lobby ser\u00e3o abertas \u00e0s 3h30 pm. O [&hellip;]","og_url":"https:\/\/www.wopg.org\/pt-br\/15-de-junho-de-2024-prem-rawat-em-barcelona-espanha\/","og_site_name":"Words of Peace","article_publisher":"https:\/\/www.facebook.com\/wordsofpeaceglobal","article_published_time":"2024-05-27T05:31:00+00:00","article_modified_time":"2024-06-16T13:37:05+00:00","og_image":[{"width":1080,"height":608,"url":"https:\/\/eadn-wc03-5903292.nxedge.io\/wp-content\/uploads\/2024\/05\/barcelona_1080x608.webp","type":"image\/webp"}],"author":"Roberto","twitter_card":"summary_large_image","twitter_creator":"@wopg","twitter_site":"@wopg","twitter_misc":{"Escrito por":"Roberto","Est. tempo de leitura":"10 minutos"},"schema":{"@context":"https:\/\/schema.org","@graph":[{"@type":"Article","@id":"https:\/\/www.wopg.org\/pt-br\/15-de-junho-de-2024-prem-rawat-em-barcelona-espanha\/#article","isPartOf":{"@id":"https:\/\/www.wopg.org\/pt-br\/15-de-junho-de-2024-prem-rawat-em-barcelona-espanha\/"},"author":{"name":"Roberto","@id":"https:\/\/www.wopg.org\/pt-br\/#\/schema\/person\/c495a5aacd2a074ce031b7fa6625b3af"},"headline":"15 de junho de 2024 &#8211; Prem Rawat em Barcelona, Espanha","datePublished":"2024-05-27T05:31:00+00:00","dateModified":"2024-06-16T13:37:05+00:00","mainEntityOfPage":{"@id":"https:\/\/www.wopg.org\/pt-br\/15-de-junho-de-2024-prem-rawat-em-barcelona-espanha\/"},"wordCount":2065,"publisher":{"@id":"https:\/\/www.wopg.org\/pt-br\/#organization"},"image":{"@id":"https:\/\/www.wopg.org\/pt-br\/15-de-junho-de-2024-prem-rawat-em-barcelona-espanha\/#primaryimage"},"thumbnailUrl":"https:\/\/eadn-wc03-5903292.nxedge.io\/wp-content\/uploads\/2024\/05\/barcelona_1080x608.webp","articleSection":["Recent"],"inLanguage":"pt-BR"},{"@type":"WebPage","@id":"https:\/\/www.wopg.org\/pt-br\/15-de-junho-de-2024-prem-rawat-em-barcelona-espanha\/","url":"https:\/\/www.wopg.org\/pt-br\/15-de-junho-de-2024-prem-rawat-em-barcelona-espanha\/","name":"15 de junho de 2024 - Prem Rawat em Barcelona, Espanha | Words of Peace","isPartOf":{"@id":"https:\/\/www.wopg.org\/pt-br\/#website"},"primaryImageOfPage":{"@id":"https:\/\/www.wopg.org\/pt-br\/15-de-junho-de-2024-prem-rawat-em-barcelona-espanha\/#primaryimage"},"image":{"@id":"https:\/\/www.wopg.org\/pt-br\/15-de-junho-de-2024-prem-rawat-em-barcelona-espanha\/#primaryimage"},"thumbnailUrl":"https:\/\/eadn-wc03-5903292.nxedge.io\/wp-content\/uploads\/2024\/05\/barcelona_1080x608.webp","datePublished":"2024-05-27T05:31:00+00:00","dateModified":"2024-06-16T13:37:05+00:00","breadcrumb":{"@id":"https:\/\/www.wopg.org\/pt-br\/15-de-junho-de-2024-prem-rawat-em-barcelona-espanha\/#breadcrumb"},"inLanguage":"pt-BR","potentialAction":[{"@type":"ReadAction","target":["https:\/\/www.wopg.org\/pt-br\/15-de-junho-de-2024-prem-rawat-em-barcelona-espanha\/"]}]},{"@type":"ImageObject","inLanguage":"pt-BR","@id":"https:\/\/www.wopg.org\/pt-br\/15-de-junho-de-2024-prem-rawat-em-barcelona-espanha\/#primaryimage","url":"https:\/\/eadn-wc03-5903292.nxedge.io\/wp-content\/uploads\/2024\/05\/barcelona_1080x608.webp","contentUrl":"https:\/\/eadn-wc03-5903292.nxedge.io\/wp-content\/uploads\/2024\/05\/barcelona_1080x608.webp","width":1080,"height":608},{"@type":"BreadcrumbList","@id":"https:\/\/www.wopg.org\/pt-br\/15-de-junho-de-2024-prem-rawat-em-barcelona-espanha\/#breadcrumb","itemListElement":[{"@type":"ListItem","position":1,"name":"Home","item":"https:\/\/www.wopg.org\/pt-br\/"},{"@type":"ListItem","position":2,"name":"15 de junho de 2024 &#8211; Prem Rawat em Barcelona, Espanha"}]},{"@type":"WebSite","@id":"https:\/\/www.wopg.org\/pt-br\/#website","url":"https:\/\/www.wopg.org\/pt-br\/","name":"Words of Peace","description":"Practice Peace, Change Your World","publisher":{"@id":"https:\/\/www.wopg.org\/pt-br\/#organization"},"potentialAction":[{"@type":"SearchAction","target":{"@type":"EntryPoint","urlTemplate":"https:\/\/www.wopg.org\/pt-br\/?s={search_term_string}"},"query-input":{"@type":"PropertyValueSpecification","valueRequired":true,"valueName":"search_term_string"}}],"inLanguage":"pt-BR"},{"@type":"Organization","@id":"https:\/\/www.wopg.org\/pt-br\/#organization","name":"Words of Peace","url":"https:\/\/www.wopg.org\/pt-br\/","logo":{"@type":"ImageObject","inLanguage":"pt-BR","@id":"https:\/\/www.wopg.org\/pt-br\/#\/schema\/logo\/image\/","url":"https:\/\/wopg.org\/wp-content\/uploads\/2022\/02\/Words-of-Peace-logo-website61x252.png","contentUrl":"https:\/\/wopg.org\/wp-content\/uploads\/2022\/02\/Words-of-Peace-logo-website61x252.png","width":252,"height":61,"caption":"Words of Peace"},"image":{"@id":"https:\/\/www.wopg.org\/pt-br\/#\/schema\/logo\/image\/"},"sameAs":["https:\/\/www.facebook.com\/wordsofpeaceglobal","https:\/\/x.com\/wopg","https:\/\/www.instagram.com\/wopgofficial\/"]},{"@type":"Person","@id":"https:\/\/www.wopg.org\/pt-br\/#\/schema\/person\/c495a5aacd2a074ce031b7fa6625b3af","name":"Roberto","image":{"@type":"ImageObject","inLanguage":"pt-BR","@id":"https:\/\/secure.gravatar.com\/avatar\/3a2423ab531630d32d946fa10acea4a736bd03feede76ddcc150434c8458228b?s=96&d=mm&r=g","url":"https:\/\/secure.gravatar.com\/avatar\/3a2423ab531630d32d946fa10acea4a736bd03feede76ddcc150434c8458228b?s=96&d=mm&r=g","contentUrl":"https:\/\/secure.gravatar.com\/avatar\/3a2423ab531630d32d946fa10acea4a736bd03feede76ddcc150434c8458228b?s=96&d=mm&r=g","caption":"Roberto"},"url":"https:\/\/www.wopg.org\/pt-br\/author\/roberto\/"}]}},"_links":{"self":[{"href":"https:\/\/www.wopg.org\/pt-br\/wp-json\/wp\/v2\/posts\/31907","targetHints":{"allow":["GET"]}}],"collection":[{"href":"https:\/\/www.wopg.org\/pt-br\/wp-json\/wp\/v2\/posts"}],"about":[{"href":"https:\/\/www.wopg.org\/pt-br\/wp-json\/wp\/v2\/types\/post"}],"author":[{"embeddable":true,"href":"https:\/\/www.wopg.org\/pt-br\/wp-json\/wp\/v2\/users\/14"}],"replies":[{"embeddable":true,"href":"https:\/\/www.wopg.org\/pt-br\/wp-json\/wp\/v2\/comments?post=31907"}],"version-history":[{"count":26,"href":"https:\/\/www.wopg.org\/pt-br\/wp-json\/wp\/v2\/posts\/31907\/revisions"}],"predecessor-version":[{"id":32587,"href":"https:\/\/www.wopg.org\/pt-br\/wp-json\/wp\/v2\/posts\/31907\/revisions\/32587"}],"wp:featuredmedia":[{"embeddable":true,"href":"https:\/\/www.wopg.org\/pt-br\/wp-json\/wp\/v2\/media\/31731"}],"wp:attachment":[{"href":"https:\/\/www.wopg.org\/pt-br\/wp-json\/wp\/v2\/media?parent=31907"}],"wp:term":[{"taxonomy":"category","embeddable":true,"href":"https:\/\/www.wopg.org\/pt-br\/wp-json\/wp\/v2\/categories?post=31907"},{"taxonomy":"post_tag","embeddable":true,"href":"https:\/\/www.wopg.org\/pt-br\/wp-json\/wp\/v2\/tags?post=31907"},{"taxonomy":"post_folder","embeddable":true,"href":"https:\/\/www.wopg.org\/pt-br\/wp-json\/wp\/v2\/post_folder?post=31907"}],"curies":[{"name":"wp","href":"https:\/\/api.w.org\/{rel}","templated":true}]}}