{"id":41152,"date":"2025-09-08T13:20:08","date_gmt":"2025-09-08T13:20:08","guid":{"rendered":"https:\/\/www.wopg.org\/8-a-12-de-setembro-de-2025-prem-rawat-em-amaroo\/"},"modified":"2025-09-12T17:18:59","modified_gmt":"2025-09-12T17:18:59","slug":"prem-rawat-em-amaroo","status":"publish","type":"post","link":"https:\/\/www.wopg.org\/pt-br\/prem-rawat-em-amaroo\/","title":{"rendered":"8 a 12 de setembro de 2025 &#8211; Prem Rawat em AMAROO"},"content":{"rendered":"<p>[et_pb_section fb_built=&#8221;1&#8243; _builder_version=&#8221;4.17.4&#8243; _module_preset=&#8221;default&#8221; custom_margin=&#8221;-50px||||false|false&#8221; custom_padding=&#8221;0px||0px||false|false&#8221; global_colors_info=&#8221;{}&#8221;][et_pb_row _builder_version=&#8221;4.17.4&#8243; _module_preset=&#8221;default&#8221; custom_padding=&#8221;0px||||false|false&#8221; global_colors_info=&#8221;{}&#8221;][et_pb_column type=&#8221;4_4&#8243; _builder_version=&#8221;4.17.4&#8243; _module_preset=&#8221;default&#8221; global_colors_info=&#8221;{}&#8221;][et_pb_text _builder_version=&#8221;4.27.4&#8243; _module_preset=&#8221;default&#8221; global_colors_info=&#8221;{}&#8221;]<\/p>\n<h6 style=\"text-align: center;\">Foto cortesia da TimelessToday<\/h6>\n<p>[\/et_pb_text][\/et_pb_column][\/et_pb_row][\/et_pb_section][et_pb_section fb_built=&#8221;1&#8243; disabled_on=&#8221;off|off|off&#8221; admin_label=&#8221;Full event details&#8221; _builder_version=&#8221;4.27.2&#8243; _module_preset=&#8221;default&#8221; custom_padding=&#8221;0px||||false|false&#8221; locked=&#8221;off&#8221; collapsed=&#8221;off&#8221; global_colors_info=&#8221;{}&#8221;][et_pb_row _builder_version=&#8221;4.21.0&#8243; _module_preset=&#8221;default&#8221; custom_padding=&#8221;0px||||false|false&#8221; custom_css_main_element=&#8221;display: flex;||flex-wrap: wrap;||justify-content: center;&#8221; global_colors_info=&#8221;{}&#8221;][et_pb_column type=&#8221;4_4&#8243; _builder_version=&#8221;4.21.0&#8243; _module_preset=&#8221;default&#8221; global_colors_info=&#8221;{}&#8221;][et_pb_text admin_label=&#8221;WHEN AND WHERE&#8221; _builder_version=&#8221;4.27.4&#8243; _module_preset=&#8221;default&#8221; header_2_text_align=&#8221;left&#8221; header_3_text_align=&#8221;left&#8221; header_2_text_align_tablet=&#8221;left&#8221; header_2_text_align_phone=&#8221;center&#8221; header_2_text_align_last_edited=&#8221;on|desktop&#8221; header_2_font_size_tablet=&#8221;&#8221; header_2_font_size_phone=&#8221;2em&#8221; header_2_font_size_last_edited=&#8221;on|desktop&#8221; header_3_text_align_tablet=&#8221;left&#8221; header_3_text_align_phone=&#8221;center&#8221; header_3_text_align_last_edited=&#8221;on|desktop&#8221; header_3_font_size_phone=&#8221;1.1em&#8221; custom_css_free_form=&#8221;.selector .et_pb_text_inner h2 {||  margin-bottom: 3px;||}||||.selector .et_pb_text_inner h3 {||  margin-bottom: 1.5rem;||}&#8221; global_colors_info=&#8221;{}&#8221; content__hover_enabled=&#8221;off|desktop&#8221;]<\/p>\n<p><i><span style=\"font-weight: 400;\">Leia esta p\u00e1gina com aten\u00e7\u00e3o para obter detalhes importantes sobre o pr\u00f3ximo evento.<\/span><\/i><\/p>\n<p><\/p>\n<p><strong>Consulte <a href=\"https:\/\/amaroo.org\" target=\"_blank\" rel=\"noopener\">https:\/\/amaroo.org<\/a> <b>para mais informa\u00e7\u00f5es e poss\u00edveis atualiza\u00e7\u00f5es. <i><span style=\"font-weight: 400;\">O novo site de Amaroo ser\u00e1 lan\u00e7ado no s\u00e1bado, 7 de junho, \u00e0s 10h AEST.<\/span><\/i><\/b><\/strong><\/p>\n<p><\/p>\n<h4>QUANDO E ONDE<\/h4>\n<p><\/p>\n<p><strong>Data: <span style=\"font-weight: 400;\">Segunda-feira, 8 de setembro, a sexta-feira, 12 de setembro de 2025<\/span><\/strong><\/p>\n<p><\/p>\n<p><strong>Hor\u00e1rio: <span style=\"font-weight: 400;\">Os hor\u00e1rios do evento ser\u00e3o confirmados posteriormente.<\/span><\/strong><\/p>\n<p><\/p>\n<p><strong>Local: <\/strong>Ivory\u2019s Rock Conventions and Events<\/p>\n<p><\/p>\n<p><strong>Endere\u00e7o: <\/strong>310 Mt Flinders Rd, Peak Crossing, Queensland, Australia 4306<\/p>\n<p>[\/et_pb_text][et_pb_text admin_label=&#8221;WHO IS INVITED&#8221; _builder_version=&#8221;4.27.4&#8243; _module_preset=&#8221;default&#8221; hover_enabled=&#8221;0&#8243; global_colors_info=&#8221;{}&#8221; sticky_enabled=&#8221;0&#8243;]<\/p>\n<h4>QUEM \u00c9 CONVIDADO<\/h4>\n<p><\/p>\n<p><span style=\"font-weight: 400;\">Qualquer pessoa que tenha aprendido as<\/span>\u00a0<a href=\"https:\/\/www.premrawat.com\/pt-br\/caminho-para-a-paz\/\" target=\"_blank\" rel=\"noopener\">t\u00e9cnicas do autoconhecimento<\/a>\u00a0\u00e9 bem-vinda.<\/p>\n<p>[\/et_pb_text][et_pb_text admin_label=&#8221;WHO IS INVITED &#8211; CHILDREN&#8221; _builder_version=&#8221;4.27.4&#8243; _module_preset=&#8221;default&#8221; global_colors_info=&#8221;{}&#8221;]<\/p>\n<h4>CRIAN\u00c7AS<\/h4>\n<p><\/p>\n<p><span style=\"font-weight: 400;\">Este evento n\u00e3o \u00e9 adequado para crian\u00e7as.<\/span><\/p>\n<p>[\/et_pb_text][et_pb_text admin_label=&#8221;ATTENDANCE&#8221; _builder_version=&#8221;4.27.4&#8243; _module_preset=&#8221;default&#8221; global_colors_info=&#8221;{}&#8221;]<\/p>\n<h4>PRESEN\u00c7A<\/h4>\n<p><\/p>\n<p><b>Os convidados poder\u00e3o se inscrever a partir de quarta-feira, 11 de junho, \u00e0s 9h, hor\u00e1rio padr\u00e3o do leste da Austr\u00e1lia (AEST).<\/b><\/p>\n<p><\/p>\n<p><span style=\"font-weight: 400;\">Ao se inscrever e pagar a taxa da confer\u00eancia, tamb\u00e9m ser\u00e1 poss\u00edvel reservar acomoda\u00e7\u00e3o no local, transporte de ida e volta para o Aeroporto de Brisbane, bem como \u00f4nibus di\u00e1rios entre o ponto de encontro do seu hotel e o Amaroo. Saiba mais em<\/span>\u00a0<a href=\"https:\/\/amaroo.org\/\">https:\/\/amaroo.org\/<\/a>.<\/p>\n<p><\/p>\n<p><span style=\"font-weight: 400;\">Caso n\u00e3o consiga se inscrever por algum motivo, entre em contato com o Atendimento ao Cliente em<\/span>\u00a0<a href=\"https:\/\/amaroo.org\/helpdesk\/\">https:\/\/amaroo.org\/helpdesk\/<\/a>.<\/p>\n<p>[\/et_pb_text][et_pb_text admin_label=&#8221;Conference Fee&#8221; _builder_version=&#8221;4.27.4&#8243; _module_preset=&#8221;default&#8221; locked=&#8221;off&#8221; global_colors_info=&#8221;{}&#8221;]<\/p>\n<p><strong>Taxa da confer\u00eancia<\/strong><\/p>\n<p><\/p>\n<ul>\n<li style=\"font-weight: 400;\"><span style=\"font-weight: 400;\">875 AUD<\/span><\/li>\n<\/ul>\n<p><\/p>\n<p><b>IMPORTANTE<\/b><span style=\"font-weight: 400;\">. Ap\u00f3s a inscri\u00e7\u00e3o, voc\u00ea receber\u00e1 um e-mail de confirma\u00e7\u00e3o. Seu e-ticket ser\u00e1 enviado para o mesmo endere\u00e7o de e-mail algumas semanas antes do evento. Este ano, o e-ticket tamb\u00e9m incluir\u00e1 a atribui\u00e7\u00e3o dos seus assentos.<\/span><\/p>\n<p><\/p>\n<p><span style=\"font-weight: 400;\">H\u00e1 lugares suficientes para todos. Os lugares ser\u00e3o atribu\u00eddos aleatoriamente e haver\u00e1 lugares rotativos dispon\u00edveis. Inscreva-se o mais r\u00e1pido poss\u00edvel para garantir seu lugar no rod\u00edzio.<\/span><\/p>\n<p><\/p>\n<p><span style=\"font-weight: 400;\">Se quiser se sentar ao lado de outros participantes, todos devem se inscrever juntos. No m\u00e1ximo <strong>4<\/strong> pessoas poder\u00e3o sentar-se juntas.<\/span><\/p>\n<p><\/p>\n<p><b>Por quest\u00f5es log\u00edsticas, por favor, sente-se 10 minutos antes do in\u00edcio do evento. Os atrasados \u200b\u200bser\u00e3o acomodados no fundo do Anfiteatro para evitar distra\u00e7\u00f5es.<\/b><\/p>\n<p>[\/et_pb_text][et_pb_text disabled_on=&#8221;on|on|on&#8221; _builder_version=&#8221;4.27.4&#8243; _module_preset=&#8221;default&#8221; disabled=&#8221;on&#8221; global_colors_info=&#8221;{}&#8221;]<\/p>\n<p style=\"text-align: center;\"><strong>Os ingressos podem ser solicitados atrav\u00e9s do bot\u00e3o abaixo:<\/strong><\/p>\n<p>[\/et_pb_text][et_pb_button button_url=&#8221;https:\/\/amaroo.org\/registration\/&#8221; url_new_window=&#8221;on&#8221; button_text=&#8221;Inscreva-se aqui&#8221; button_alignment=&#8221;center&#8221; disabled_on=&#8221;off|off|off&#8221; admin_label=&#8221;Register here&#8221; _builder_version=&#8221;4.27.4&#8243; _module_preset=&#8221;default&#8221; custom_button=&#8221;on&#8221; button_bg_color=&#8221;#008B73&#8243; button_border_width=&#8221;0px&#8221; button_border_radius=&#8221;8px&#8221; background_layout=&#8221;dark&#8221; custom_padding=&#8221;10px|49px|10px|49px|true|true&#8221; global_colors_info=&#8221;{}&#8221;][\/et_pb_button][et_pb_button button_url=&#8221;#&#8221; button_text=&#8221;Ingressos esgotados&#8221; button_alignment=&#8221;center&#8221; disabled_on=&#8221;on|on|on&#8221; admin_label=&#8221;Sold Out button&#8221; _builder_version=&#8221;4.27.4&#8243; _module_preset=&#8221;default&#8221; custom_button=&#8221;on&#8221; button_bg_color=&#8221;#E02B20&#8243; button_border_width=&#8221;0px&#8221; button_border_radius=&#8221;8px&#8221; background_layout=&#8221;dark&#8221; custom_padding=&#8221;10px|58px|10px|58px|true|true&#8221; disabled=&#8221;on&#8221; global_colors_info=&#8221;{}&#8221;][\/et_pb_button][et_pb_button button_url=&#8221;#Em breve&#8221; button_text=&#8221;Ingressos dispon\u00edveis em breve&#8221; button_alignment=&#8221;center&#8221; disabled_on=&#8221;on|on|on&#8221; admin_label=&#8221;Soon Available button&#8221; module_id=&#8221;soon&#8221; _builder_version=&#8221;4.27.4&#8243; _module_preset=&#8221;default&#8221; custom_button=&#8221;on&#8221; button_text_color=&#8221;#FFFFFF&#8221; button_bg_color=&#8221;RGBA(255,196,89,0.8)&#8221; button_border_width=&#8221;0px&#8221; button_border_radius=&#8221;8px&#8221; background_layout=&#8221;dark&#8221; custom_padding=&#8221;10px|30px|10px|30px|true|true&#8221; disabled=&#8221;on&#8221; global_colors_info=&#8221;{}&#8221;][\/et_pb_button][et_pb_text disabled_on=&#8221;off|off|off&#8221; _builder_version=&#8221;4.27.4&#8243; _module_preset=&#8221;default&#8221; text_orientation=&#8221;center&#8221; locked=&#8221;off&#8221; global_colors_info=&#8221;{}&#8221;]<\/p>\n<div class=\"et_pb_row et_pb_row_0\">\n<div class=\"et_pb_column et_pb_column_4_4 et_pb_column_0 et_pb_css_mix_blend_mode_passthrough et-last-child\">\n<div class=\"et_pb_module et_pb_text et_pb_text_0 et_pb_text_align_left et_pb_bg_layout_light\">\n<div class=\"et_pb_text_inner\" style=\"text-align: center;\"><i><span style=\"font-weight: 400;\">(ap\u00f3s a abertura das inscri\u00e7\u00f5es, pressione o bot\u00e3o acima para ser direcionado diretamente para o local)<\/span><\/i><\/div>\n<p><\/div>\n<p><\/div>\n<p><\/div>\n<p>[\/et_pb_text][et_pb_text admin_label=&#8221;DO NOT RECORD OR FILM THE EVENT&#8221; _builder_version=&#8221;4.27.4&#8243; _module_preset=&#8221;default&#8221; locked=&#8221;off&#8221; global_colors_info=&#8221;{}&#8221;]<\/p>\n<h4>N\u00c3O GRAVE NEM FILME O EVENTO<\/h4>\n<p><\/p>\n<p><span style=\"font-weight: 400;\">A grava\u00e7\u00e3o oficial \u00e9 protegida por direitos autorais. Qualquer pessoa flagrada gravando ser\u00e1 solicitada a interromper a grava\u00e7\u00e3o. Se continuar, ser\u00e1 removida do local.<\/span><\/p>\n<p><\/p>\n<p><span style=\"font-weight: 400;\">O evento ser\u00e1 filmado. A compra de um ingresso constitui tanto sua concord\u00e2ncia em ser filmado quanto a autoriza\u00e7\u00e3o para que sua imagem\/voz seja inclu\u00edda em m\u00eddias impressas, m\u00eddias sociais, fotos, \u00e1udio, v\u00eddeo ou outras m\u00eddias. Se voc\u00ea estiver comprando um ingresso para outra pessoa, a presen\u00e7a dela no evento constitui o mesmo acordo e libera\u00e7\u00e3o.<\/span><\/p>\n<p><\/p>\n<h4>VISTOS<\/h4>\n<p><\/p>\n<p><span style=\"font-weight: 400;\">Visitantes da Austr\u00e1lia precisam solicitar um visto. \u00c9 importante que voc\u00ea solicite o visto destinado a residentes do seu pa\u00eds e que sua solicita\u00e7\u00e3o seja preenchida corretamente. Explore as op\u00e7\u00f5es em<\/span>\u00a0<a href=\"https:\/\/immi.homeaffairs.gov.au\/visas\/getting-a-visa\/visa-finder\">https:\/\/immi.homeaffairs.gov.au\/visas\/getting-a-visa\/visa-finder<\/a>.<\/p>\n<p><\/p>\n<p><span style=\"font-weight: 400;\">Residentes de certos pa\u00edses, como \u00cdndia e Nepal, s\u00e3o obrigados a apresentar ao Governo Australiano alguma comprova\u00e7\u00e3o do prop\u00f3sito de sua visita e precisam apresentar uma Carta-Convite e uma Confirma\u00e7\u00e3o de Registro para comprovar seu pedido de visto. Saiba mais <\/span><span style=\"font-weight: 400;\">em<\/span> <a href=\"https:\/\/amaroo.org\/\">https:\/\/amaroo.org\/<\/a>.<\/p>\n<p><\/p>\n<p><b>NOTA.<\/b><span style=\"font-weight: 400;\">\u00a0Se voc\u00ea estiver voando pela Nova Zel\u00e2ndia, mesmo que esteja apenas em tr\u00e2nsito, precisar\u00e1 solicitar um visto neozeland\u00eas em<\/span> at <a href=\"https:\/\/nzeta.immigration.govt.nz\/\">https:\/\/nzeta.immigration.govt.nz\/<\/a>.<\/p>\n<p>[\/et_pb_text][et_pb_accordion open_toggle_background_color=&#8221;RGBA(255,255,255,0)&#8221; icon_color=&#8221;#008B73&#8243; use_icon_font_size=&#8221;on&#8221; icon_font_size=&#8221;20px&#8221; _builder_version=&#8221;4.27.4&#8243; _module_preset=&#8221;default&#8221; border_color_all=&#8221;RGBA(255,255,255,0)&#8221; border_color_bottom=&#8221;#008B73&#8243; global_colors_info=&#8221;{}&#8221;][et_pb_accordion_item title=&#8221;DICAS DE INSCRI\u00c7\u00c3O&#8221; open=&#8221;on&#8221; _builder_version=&#8221;4.27.4&#8243; _module_preset=&#8221;default&#8221; global_colors_info=&#8221;{}&#8221;]<\/p>\n<p><span style=\"font-weight: 400;\">A inscri\u00e7\u00e3o \u00e9 poss\u00edvel tanto em computadores quanto em dispositivos m\u00f3veis.<\/span><\/p>\n<p><\/p>\n<p><span style=\"font-weight: 400;\">Fa\u00e7a o seguinte <\/span><i><span style=\"font-weight: 400;\">antes<\/span><\/i><span style=\"font-weight: 400;\"> de se inscrever:<\/span><\/p>\n<p><\/p>\n<ul>\n<li style=\"font-weight: 400;\">\n<p class=\"p1\">Avise seu banco que voc\u00ea far\u00e1 uma transa\u00e7\u00e3o (de grande valor) na Austr\u00e1lia.<\/p>\n<\/li>\n<li style=\"font-weight: 400;\">\n<p class=\"p1\">Se voc\u00ea possui um cart\u00e3o American Express ou um cart\u00e3o de d\u00e9bito, certifique-se de que ele possa ser usado no lugar dos seus outros cart\u00f5es.<\/p>\n<\/li>\n<li style=\"font-weight: 400;\">\n<p class=\"p1\">Lembre-se de que os cart\u00f5es Discover n\u00e3o funcionam na Austr\u00e1lia.<\/p>\n<\/li>\n<li style=\"font-weight: 400;\">\n<p class=\"p1\">Verifique com seu banco se h\u00e1 fundos suficientes em seu cart\u00e3o de cr\u00e9dito.<\/p>\n<\/li>\n<li style=\"font-weight: 400;\">\n<p class=\"p1\">Verifique se as configura\u00e7\u00f5es do seu cart\u00e3o permitem que voc\u00ea envie pagamentos globalmente.<\/p>\n<\/li>\n<li style=\"font-weight: 400;\">\n<p class=\"p1\">Verifique se o limite de pagamentos do seu cart\u00e3o \u00e9 suficiente.<\/p>\n<\/li>\n<\/ul>\n<p><\/p>\n<p><span style=\"font-weight: 400;\">Fa\u00e7a o seguinte <\/span><i><span style=\"font-weight: 400;\">durante<\/span><\/i><span style=\"font-weight: 400;\"> a inscri\u00e7\u00e3o:<\/span><\/p>\n<p><\/p>\n<ul>\n<li style=\"font-weight: 400;\">\n<p class=\"p1\">Use um navegador comum, como o Google Chrome, e limpe o cache do navegador antes de come\u00e7ar.<\/p>\n<\/li>\n<li style=\"font-weight: 400;\">\n<p class=\"p1\">O sistema de inscri\u00e7\u00e3o exige um \u00fanico pagamento com cart\u00e3o de cr\u00e9dito que cobre todos os participantes do grupo de registro.<\/p>\n<\/li>\n<li style=\"font-weight: 400;\">\n<p class=\"p1\">Se voc\u00ea estiver com problemas para pagar, v\u00e1rias tentativas r\u00e1pidas e consecutivas com o mesmo cart\u00e3o de cr\u00e9dito podem bloquear o cart\u00e3o.<\/p>\n<\/li>\n<li style=\"font-weight: 400;\">\n<p class=\"p1\">Aguarde alguns minutos antes de tentar o mesmo cart\u00e3o novamente. Tente com um cart\u00e3o diferente. Tente em outro dispositivo.<\/p>\n<\/li>\n<li style=\"font-weight: 400;\">\n<p class=\"p1\">Entre em contato com a administradora do seu cart\u00e3o de cr\u00e9dito e descubra se eles est\u00e3o recusando suas transa\u00e7\u00f5es e o motivo.<\/p>\n<\/li>\n<li style=\"font-weight: 400;\">\n<p class=\"p1\">Caso n\u00e3o obtenha sucesso, entre em contato com o Suporte do Amaroo em <a href=\"https:\/\/amaroo.org\/helpdesk\/\">https:\/\/amaroo.org\/helpdesk\/<\/a>.<\/p>\n<\/li>\n<\/ul>\n<p>[\/et_pb_accordion_item][et_pb_accordion_item title=&#8221;REEMBOLSOS&#8221; _builder_version=&#8221;4.27.4&#8243; _module_preset=&#8221;default&#8221; global_colors_info=&#8221;{}&#8221; open=&#8221;off&#8221;]<\/p>\n<ul>\n<li style=\"font-weight: 400;\">\n<p class=\"p1\">Se voc\u00ea cancelar sua reserva antes ou em 31 de julho de 2025 \u00e0s 23h, hor\u00e1rio padr\u00e3o do leste da Austr\u00e1lia (AEST), voc\u00ea receber\u00e1 um reembolso de 100% do custo da sua reserva.<\/p>\n<\/li>\n<li style=\"font-weight: 400;\">\n<p class=\"p1\">Se voc\u00ea cancelar ap\u00f3s 1\u00ba de agosto de 2025 e antes ou em 15 de agosto de 2025 \u00e0s 23h, hor\u00e1rio padr\u00e3o do leste da Austr\u00e1lia (AEST), voc\u00ea receber\u00e1 um reembolso de 80% do custo da sua reserva.<\/p>\n<\/li>\n<li style=\"font-weight: 400;\">\n<p class=\"p1\">Se voc\u00ea cancelar ap\u00f3s 15 de agosto de 2025 AEST, n\u00e3o haver\u00e1 reembolso.\u00a0<\/p>\n<\/li>\n<li style=\"font-weight: 400;\">\n<p class=\"p1\">Doa\u00e7\u00f5es n\u00e3o s\u00e3o reembols\u00e1veis<\/p>\n<\/li>\n<li style=\"font-weight: 400;\">\n<p class=\"p1\">Caso o seu visto seja rejeitado pelo governo australiano, sua inscri\u00e7\u00e3o ser\u00e1 cancelada sem custos. Apresente uma carta de rejei\u00e7\u00e3o.<\/p>\n<\/li>\n<li style=\"font-weight: 400;\">\n<p class=\"p1\">Para d\u00favidas e preocupa\u00e7\u00f5es adicionais, entre em contato com Amaroo Help Desk em <a href=\"https:\/\/amaroo.org\/helpdesk\/\">https:\/\/amaroo.org\/helpdesk\/<\/a>.<\/p>\n<\/li>\n<\/ul>\n<p>[\/et_pb_accordion_item][et_pb_accordion_item title=&#8221;ACESSO ASSISTIDO&#8221; _builder_version=&#8221;4.27.4&#8243; _module_preset=&#8221;default&#8221; global_colors_info=&#8221;{}&#8221; open=&#8221;off&#8221;]<\/p>\n<p><span style=\"font-weight: 400;\">O Acesso Assistido inclui visitantes que usam cadeira de rodas, patinete el\u00e9trico ou andador e aqueles com dificuldade para entrar\/sair do \u00f4nibus. Inscreva-se para o Acesso Assistido antes de 22 de agosto em<\/span>\u00a0<a href=\"https:\/\/amaroo.org\/assisted-access\/\"><span style=\"font-weight: 400;\">https:\/\/amaroo.org\/assisted-access\/<\/span><\/a>.<\/p>\n<p><\/p>\n<p><span style=\"font-weight: 400;\">A Equipe de Acesso Assistido fornecer\u00e1 assentos fixos para voc\u00ea e seu cuidador em uma \u00e1rea designada do Anfiteatro. Por motivos de seguran\u00e7a, os assentos para cadeiras de rodas e patinetes estar\u00e3o localizados na parte de tr\u00e1s do Anfiteatro, com assentos tamb\u00e9m para poss\u00edveis cuidadores.<\/span><\/p>\n<p><\/p>\n<p><span style=\"font-weight: 400;\">Um \u00f4nibus de piso baixo para o Anfiteatro estar\u00e1 dispon\u00edvel para os visitantes do Acesso Assistido. Para os visitantes que precisarem de transporte at\u00e9 o Anfiteatro, haver\u00e1 \u00f4nibus gratuitos fornecidos pela General Transport.<\/span><\/p>\n<p><\/p>\n<p><span style=\"font-weight: 400;\">Se voc\u00ea tiver defici\u00eancia auditiva, um canal em ingl\u00eas aprimorado estar\u00e1 dispon\u00edvel.<\/span><\/p>\n<p>[\/et_pb_accordion_item][et_pb_accordion_item title=&#8221;TRADU\u00c7\u00c3O E FONES DE OUVIDO&#8221; _builder_version=&#8221;4.27.4&#8243; _module_preset=&#8221;default&#8221; global_colors_info=&#8221;{}&#8221; open=&#8221;off&#8221;]<\/p>\n<p><span style=\"font-weight: 400;\">O evento ser\u00e1 em ingl\u00eas. Os idiomas de tradu\u00e7\u00e3o ser\u00e3o confirmados.<\/span><\/p>\n<p><\/p>\n<p><span style=\"font-weight: 400;\">Se voc\u00ea tiver defici\u00eancia auditiva, um canal em ingl\u00eas aprimorado estar\u00e1 dispon\u00edvel.<\/span><\/p>\n<p><\/p>\n<p><span style=\"font-weight: 400;\">O Wi-Fi \u00e0s vezes inst\u00e1vel de Amaroo exige que voc\u00ea leve seu pr\u00f3prio r\u00e1dio FM com fones de ouvido e que receba frequ\u00eancias de 87,7 a 108 MHz. Um r\u00e1dio com visor digital \u00e9 a melhor op\u00e7\u00e3o para sintonizar.<\/span><\/p>\n<p>[\/et_pb_accordion_item][et_pb_accordion_item title=&#8221;AJUDA&#8221; _builder_version=&#8221;4.27.4&#8243; _module_preset=&#8221;default&#8221; global_colors_info=&#8221;{}&#8221; open=&#8221;off&#8221;]<\/p>\n<p>Need assistance?<\/p>\n<p><\/p>\n<ul>\n<li style=\"font-weight: 400;\"><span style=\"font-weight: 400;\">Acesse <a href=\"https:\/\/amaroo.org\"><span style=\"font-weight: 400;\">https:\/\/amaroo.org<\/span><\/a> para obter mais informa\u00e7\u00f5es e poss\u00edveis atualiza\u00e7\u00f5es.<\/span><\/li>\n<li style=\"font-weight: 400;\"><span style=\"font-weight: 400;\">Se as informa\u00e7\u00f5es necess\u00e1rias n\u00e3o estiverem dispon\u00edveis, entre em contato com o Suporte T\u00e9cnico de Amaroo em\u00a0<a href=\"https:\/\/amaroo.org\/helpdesk\/\"><span style=\"font-weight: 400;\">https:\/\/amaroo.org\/helpdesk\/<\/span><\/a>.<\/span><\/li>\n<\/ul>\n<p><\/p>\n<p><span style=\"font-weight: 400;\">O Suporte T\u00e9cnico de Amaroo estar\u00e1 dispon\u00edvel assim que o site de Amaroo estiver online.<\/span><\/p>\n<p>[\/et_pb_accordion_item][\/et_pb_accordion][\/et_pb_column][\/et_pb_row][et_pb_row _builder_version=&#8221;4.21.0&#8243; _module_preset=&#8221;default&#8221; global_colors_info=&#8221;{}&#8221;][et_pb_column type=&#8221;4_4&#8243; _builder_version=&#8221;4.21.0&#8243; _module_preset=&#8221;default&#8221; global_colors_info=&#8221;{}&#8221;][et_pb_text admin_label=&#8221;Sign up here&#8221; _builder_version=&#8221;4.27.4&#8243; _module_preset=&#8221;default&#8221; global_colors_info=&#8221;{}&#8221;]<\/p>\n<p><span style=\"font-weight: 400;\">Para receber an\u00fancios e atualiza\u00e7\u00f5es sobre eventos futuros com Prem Rawat, certifique-se de estar inscrito na lista de e-mails da WOPG com seu e-mail e pa\u00eds de resid\u00eancia. Inscreva-se abaixo.<\/span><\/p>\n<p>[\/et_pb_text][\/et_pb_column][\/et_pb_row][\/et_pb_section]<\/p>\n","protected":false},"excerpt":{"rendered":"<p>Foto cortesia da TimelessTodayLeia esta p\u00e1gina com aten\u00e7\u00e3o para obter detalhes importantes sobre o pr\u00f3ximo evento.Consulte https:\/\/amaroo.org para mais informa\u00e7\u00f5es e poss\u00edveis atualiza\u00e7\u00f5es. O novo site de Amaroo ser\u00e1 lan\u00e7ado no s\u00e1bado, 7 de junho, \u00e0s 10h AEST.QUANDO E ONDEData: Segunda-feira, 8 de setembro, a sexta-feira, 12 de setembro de 2025Hor\u00e1rio: Os hor\u00e1rios do evento [&hellip;]<\/p>\n","protected":false},"author":14,"featured_media":40063,"comment_status":"open","ping_status":"open","sticky":false,"template":"","format":"standard","meta":{"_et_pb_use_builder":"on","_et_pb_old_content":"","_et_gb_content_width":"","cybocfi_hide_featured_image":"","footnotes":""},"categories":[76],"tags":[],"post_folder":[],"class_list":["post-41152","post","type-post","status-publish","format-standard","has-post-thumbnail","hentry","category-recent-pt-br"],"yoast_head":"<!-- This site is optimized with the Yoast SEO plugin v27.3 - https:\/\/yoast.com\/product\/yoast-seo-wordpress\/ -->\n<title>8 a 12 de setembro de 2025 - Prem Rawat em AMAROO | Words of Peace<\/title>\n<meta name=\"robots\" content=\"index, follow, max-snippet:-1, max-image-preview:large, max-video-preview:-1\" \/>\n<link rel=\"canonical\" href=\"https:\/\/www.wopg.org\/pt-br\/prem-rawat-em-amaroo\/\" \/>\n<meta property=\"og:locale\" content=\"pt_BR\" \/>\n<meta property=\"og:type\" content=\"article\" \/>\n<meta property=\"og:title\" content=\"8 a 12 de setembro de 2025 - Prem Rawat em AMAROO | Words of Peace\" \/>\n<meta property=\"og:description\" content=\"Foto cortesia da TimelessTodayLeia esta p\u00e1gina com aten\u00e7\u00e3o para obter detalhes importantes sobre o pr\u00f3ximo evento.Consulte https:\/\/amaroo.org para mais informa\u00e7\u00f5es e poss\u00edveis atualiza\u00e7\u00f5es. O novo site de Amaroo ser\u00e1 lan\u00e7ado no s\u00e1bado, 7 de junho, \u00e0s 10h AEST.QUANDO E ONDEData: Segunda-feira, 8 de setembro, a sexta-feira, 12 de setembro de 2025Hor\u00e1rio: Os hor\u00e1rios do evento [&hellip;]\" \/>\n<meta property=\"og:url\" content=\"https:\/\/www.wopg.org\/pt-br\/prem-rawat-em-amaroo\/\" \/>\n<meta property=\"og:site_name\" content=\"Words of Peace\" \/>\n<meta property=\"article:publisher\" content=\"https:\/\/www.facebook.com\/wordsofpeaceglobal\" \/>\n<meta property=\"article:published_time\" content=\"2025-09-08T13:20:08+00:00\" \/>\n<meta property=\"article:modified_time\" content=\"2025-09-12T17:18:59+00:00\" \/>\n<meta property=\"og:image\" content=\"https:\/\/eadn-wc03-5903292.nxedge.io\/wp-content\/uploads\/2025\/04\/240911_Amaroo_S1_cc-144-lowres_1080x608.jpg\" \/>\n\t<meta property=\"og:image:width\" content=\"1080\" \/>\n\t<meta property=\"og:image:height\" content=\"608\" \/>\n\t<meta property=\"og:image:type\" content=\"image\/jpeg\" \/>\n<meta name=\"author\" content=\"Roberto\" \/>\n<meta name=\"twitter:card\" content=\"summary_large_image\" \/>\n<meta name=\"twitter:creator\" content=\"@wopg\" \/>\n<meta name=\"twitter:site\" content=\"@wopg\" \/>\n<meta name=\"twitter:label1\" content=\"Escrito por\" \/>\n\t<meta name=\"twitter:data1\" content=\"Roberto\" \/>\n\t<meta name=\"twitter:label2\" content=\"Est. tempo de leitura\" \/>\n\t<meta name=\"twitter:data2\" content=\"10 minutos\" \/>\n<script type=\"application\/ld+json\" class=\"yoast-schema-graph\">{\"@context\":\"https:\\\/\\\/schema.org\",\"@graph\":[{\"@type\":\"Article\",\"@id\":\"https:\\\/\\\/www.wopg.org\\\/pt-br\\\/prem-rawat-em-amaroo\\\/#article\",\"isPartOf\":{\"@id\":\"https:\\\/\\\/www.wopg.org\\\/pt-br\\\/prem-rawat-em-amaroo\\\/\"},\"author\":{\"name\":\"Roberto\",\"@id\":\"https:\\\/\\\/www.wopg.org\\\/pt-br\\\/#\\\/schema\\\/person\\\/c495a5aacd2a074ce031b7fa6625b3af\"},\"headline\":\"8 a 12 de setembro de 2025 &#8211; Prem Rawat em AMAROO\",\"datePublished\":\"2025-09-08T13:20:08+00:00\",\"dateModified\":\"2025-09-12T17:18:59+00:00\",\"mainEntityOfPage\":{\"@id\":\"https:\\\/\\\/www.wopg.org\\\/pt-br\\\/prem-rawat-em-amaroo\\\/\"},\"wordCount\":2102,\"commentCount\":0,\"publisher\":{\"@id\":\"https:\\\/\\\/www.wopg.org\\\/pt-br\\\/#organization\"},\"image\":{\"@id\":\"https:\\\/\\\/www.wopg.org\\\/pt-br\\\/prem-rawat-em-amaroo\\\/#primaryimage\"},\"thumbnailUrl\":\"https:\\\/\\\/www.wopg.org\\\/wp-content\\\/uploads\\\/2025\\\/04\\\/240911_Amaroo_S1_cc-144-lowres_1080x608.jpg\",\"articleSection\":[\"Recent\"],\"inLanguage\":\"pt-BR\",\"potentialAction\":[{\"@type\":\"CommentAction\",\"name\":\"Comment\",\"target\":[\"https:\\\/\\\/www.wopg.org\\\/pt-br\\\/prem-rawat-em-amaroo\\\/#respond\"]}]},{\"@type\":\"WebPage\",\"@id\":\"https:\\\/\\\/www.wopg.org\\\/pt-br\\\/prem-rawat-em-amaroo\\\/\",\"url\":\"https:\\\/\\\/www.wopg.org\\\/pt-br\\\/prem-rawat-em-amaroo\\\/\",\"name\":\"8 a 12 de setembro de 2025 - Prem Rawat em AMAROO | Words of Peace\",\"isPartOf\":{\"@id\":\"https:\\\/\\\/www.wopg.org\\\/pt-br\\\/#website\"},\"primaryImageOfPage\":{\"@id\":\"https:\\\/\\\/www.wopg.org\\\/pt-br\\\/prem-rawat-em-amaroo\\\/#primaryimage\"},\"image\":{\"@id\":\"https:\\\/\\\/www.wopg.org\\\/pt-br\\\/prem-rawat-em-amaroo\\\/#primaryimage\"},\"thumbnailUrl\":\"https:\\\/\\\/www.wopg.org\\\/wp-content\\\/uploads\\\/2025\\\/04\\\/240911_Amaroo_S1_cc-144-lowres_1080x608.jpg\",\"datePublished\":\"2025-09-08T13:20:08+00:00\",\"dateModified\":\"2025-09-12T17:18:59+00:00\",\"breadcrumb\":{\"@id\":\"https:\\\/\\\/www.wopg.org\\\/pt-br\\\/prem-rawat-em-amaroo\\\/#breadcrumb\"},\"inLanguage\":\"pt-BR\",\"potentialAction\":[{\"@type\":\"ReadAction\",\"target\":[\"https:\\\/\\\/www.wopg.org\\\/pt-br\\\/prem-rawat-em-amaroo\\\/\"]}]},{\"@type\":\"ImageObject\",\"inLanguage\":\"pt-BR\",\"@id\":\"https:\\\/\\\/www.wopg.org\\\/pt-br\\\/prem-rawat-em-amaroo\\\/#primaryimage\",\"url\":\"https:\\\/\\\/www.wopg.org\\\/wp-content\\\/uploads\\\/2025\\\/04\\\/240911_Amaroo_S1_cc-144-lowres_1080x608.jpg\",\"contentUrl\":\"https:\\\/\\\/www.wopg.org\\\/wp-content\\\/uploads\\\/2025\\\/04\\\/240911_Amaroo_S1_cc-144-lowres_1080x608.jpg\",\"width\":1080,\"height\":608},{\"@type\":\"BreadcrumbList\",\"@id\":\"https:\\\/\\\/www.wopg.org\\\/pt-br\\\/prem-rawat-em-amaroo\\\/#breadcrumb\",\"itemListElement\":[{\"@type\":\"ListItem\",\"position\":1,\"name\":\"Home\",\"item\":\"https:\\\/\\\/www.wopg.org\\\/pt-br\\\/\"},{\"@type\":\"ListItem\",\"position\":2,\"name\":\"8 a 12 de setembro de 2025 &#8211; Prem Rawat em AMAROO\"}]},{\"@type\":\"WebSite\",\"@id\":\"https:\\\/\\\/www.wopg.org\\\/pt-br\\\/#website\",\"url\":\"https:\\\/\\\/www.wopg.org\\\/pt-br\\\/\",\"name\":\"Words of Peace\",\"description\":\"Practice Peace, Change Your World\",\"publisher\":{\"@id\":\"https:\\\/\\\/www.wopg.org\\\/pt-br\\\/#organization\"},\"potentialAction\":[{\"@type\":\"SearchAction\",\"target\":{\"@type\":\"EntryPoint\",\"urlTemplate\":\"https:\\\/\\\/www.wopg.org\\\/pt-br\\\/?s={search_term_string}\"},\"query-input\":{\"@type\":\"PropertyValueSpecification\",\"valueRequired\":true,\"valueName\":\"search_term_string\"}}],\"inLanguage\":\"pt-BR\"},{\"@type\":\"Organization\",\"@id\":\"https:\\\/\\\/www.wopg.org\\\/pt-br\\\/#organization\",\"name\":\"Words of Peace\",\"url\":\"https:\\\/\\\/www.wopg.org\\\/pt-br\\\/\",\"logo\":{\"@type\":\"ImageObject\",\"inLanguage\":\"pt-BR\",\"@id\":\"https:\\\/\\\/www.wopg.org\\\/pt-br\\\/#\\\/schema\\\/logo\\\/image\\\/\",\"url\":\"https:\\\/\\\/wopg.org\\\/wp-content\\\/uploads\\\/2022\\\/02\\\/Words-of-Peace-logo-website61x252.png\",\"contentUrl\":\"https:\\\/\\\/wopg.org\\\/wp-content\\\/uploads\\\/2022\\\/02\\\/Words-of-Peace-logo-website61x252.png\",\"width\":252,\"height\":61,\"caption\":\"Words of Peace\"},\"image\":{\"@id\":\"https:\\\/\\\/www.wopg.org\\\/pt-br\\\/#\\\/schema\\\/logo\\\/image\\\/\"},\"sameAs\":[\"https:\\\/\\\/www.facebook.com\\\/wordsofpeaceglobal\",\"https:\\\/\\\/x.com\\\/wopg\",\"https:\\\/\\\/www.instagram.com\\\/wopgofficial\\\/\"]},{\"@type\":\"Person\",\"@id\":\"https:\\\/\\\/www.wopg.org\\\/pt-br\\\/#\\\/schema\\\/person\\\/c495a5aacd2a074ce031b7fa6625b3af\",\"name\":\"Roberto\",\"image\":{\"@type\":\"ImageObject\",\"inLanguage\":\"pt-BR\",\"@id\":\"https:\\\/\\\/secure.gravatar.com\\\/avatar\\\/3a2423ab531630d32d946fa10acea4a736bd03feede76ddcc150434c8458228b?s=96&d=mm&r=g\",\"url\":\"https:\\\/\\\/secure.gravatar.com\\\/avatar\\\/3a2423ab531630d32d946fa10acea4a736bd03feede76ddcc150434c8458228b?s=96&d=mm&r=g\",\"contentUrl\":\"https:\\\/\\\/secure.gravatar.com\\\/avatar\\\/3a2423ab531630d32d946fa10acea4a736bd03feede76ddcc150434c8458228b?s=96&d=mm&r=g\",\"caption\":\"Roberto\"},\"url\":\"https:\\\/\\\/www.wopg.org\\\/pt-br\\\/author\\\/roberto\\\/\"}]}<\/script>\n<!-- \/ Yoast SEO plugin. -->","yoast_head_json":{"title":"8 a 12 de setembro de 2025 - Prem Rawat em AMAROO | Words of Peace","robots":{"index":"index","follow":"follow","max-snippet":"max-snippet:-1","max-image-preview":"max-image-preview:large","max-video-preview":"max-video-preview:-1"},"canonical":"https:\/\/www.wopg.org\/pt-br\/prem-rawat-em-amaroo\/","og_locale":"pt_BR","og_type":"article","og_title":"8 a 12 de setembro de 2025 - Prem Rawat em AMAROO | Words of Peace","og_description":"Foto cortesia da TimelessTodayLeia esta p\u00e1gina com aten\u00e7\u00e3o para obter detalhes importantes sobre o pr\u00f3ximo evento.Consulte https:\/\/amaroo.org para mais informa\u00e7\u00f5es e poss\u00edveis atualiza\u00e7\u00f5es. O novo site de Amaroo ser\u00e1 lan\u00e7ado no s\u00e1bado, 7 de junho, \u00e0s 10h AEST.QUANDO E ONDEData: Segunda-feira, 8 de setembro, a sexta-feira, 12 de setembro de 2025Hor\u00e1rio: Os hor\u00e1rios do evento [&hellip;]","og_url":"https:\/\/www.wopg.org\/pt-br\/prem-rawat-em-amaroo\/","og_site_name":"Words of Peace","article_publisher":"https:\/\/www.facebook.com\/wordsofpeaceglobal","article_published_time":"2025-09-08T13:20:08+00:00","article_modified_time":"2025-09-12T17:18:59+00:00","og_image":[{"width":1080,"height":608,"url":"https:\/\/eadn-wc03-5903292.nxedge.io\/wp-content\/uploads\/2025\/04\/240911_Amaroo_S1_cc-144-lowres_1080x608.jpg","type":"image\/jpeg"}],"author":"Roberto","twitter_card":"summary_large_image","twitter_creator":"@wopg","twitter_site":"@wopg","twitter_misc":{"Escrito por":"Roberto","Est. tempo de leitura":"10 minutos"},"schema":{"@context":"https:\/\/schema.org","@graph":[{"@type":"Article","@id":"https:\/\/www.wopg.org\/pt-br\/prem-rawat-em-amaroo\/#article","isPartOf":{"@id":"https:\/\/www.wopg.org\/pt-br\/prem-rawat-em-amaroo\/"},"author":{"name":"Roberto","@id":"https:\/\/www.wopg.org\/pt-br\/#\/schema\/person\/c495a5aacd2a074ce031b7fa6625b3af"},"headline":"8 a 12 de setembro de 2025 &#8211; Prem Rawat em AMAROO","datePublished":"2025-09-08T13:20:08+00:00","dateModified":"2025-09-12T17:18:59+00:00","mainEntityOfPage":{"@id":"https:\/\/www.wopg.org\/pt-br\/prem-rawat-em-amaroo\/"},"wordCount":2102,"commentCount":0,"publisher":{"@id":"https:\/\/www.wopg.org\/pt-br\/#organization"},"image":{"@id":"https:\/\/www.wopg.org\/pt-br\/prem-rawat-em-amaroo\/#primaryimage"},"thumbnailUrl":"https:\/\/eadn-wc03-5903292.nxedge.io\/wp-content\/uploads\/2025\/04\/240911_Amaroo_S1_cc-144-lowres_1080x608.jpg","articleSection":["Recent"],"inLanguage":"pt-BR","potentialAction":[{"@type":"CommentAction","name":"Comment","target":["https:\/\/www.wopg.org\/pt-br\/prem-rawat-em-amaroo\/#respond"]}]},{"@type":"WebPage","@id":"https:\/\/www.wopg.org\/pt-br\/prem-rawat-em-amaroo\/","url":"https:\/\/www.wopg.org\/pt-br\/prem-rawat-em-amaroo\/","name":"8 a 12 de setembro de 2025 - Prem Rawat em AMAROO | Words of Peace","isPartOf":{"@id":"https:\/\/www.wopg.org\/pt-br\/#website"},"primaryImageOfPage":{"@id":"https:\/\/www.wopg.org\/pt-br\/prem-rawat-em-amaroo\/#primaryimage"},"image":{"@id":"https:\/\/www.wopg.org\/pt-br\/prem-rawat-em-amaroo\/#primaryimage"},"thumbnailUrl":"https:\/\/eadn-wc03-5903292.nxedge.io\/wp-content\/uploads\/2025\/04\/240911_Amaroo_S1_cc-144-lowres_1080x608.jpg","datePublished":"2025-09-08T13:20:08+00:00","dateModified":"2025-09-12T17:18:59+00:00","breadcrumb":{"@id":"https:\/\/www.wopg.org\/pt-br\/prem-rawat-em-amaroo\/#breadcrumb"},"inLanguage":"pt-BR","potentialAction":[{"@type":"ReadAction","target":["https:\/\/www.wopg.org\/pt-br\/prem-rawat-em-amaroo\/"]}]},{"@type":"ImageObject","inLanguage":"pt-BR","@id":"https:\/\/www.wopg.org\/pt-br\/prem-rawat-em-amaroo\/#primaryimage","url":"https:\/\/eadn-wc03-5903292.nxedge.io\/wp-content\/uploads\/2025\/04\/240911_Amaroo_S1_cc-144-lowres_1080x608.jpg","contentUrl":"https:\/\/eadn-wc03-5903292.nxedge.io\/wp-content\/uploads\/2025\/04\/240911_Amaroo_S1_cc-144-lowres_1080x608.jpg","width":1080,"height":608},{"@type":"BreadcrumbList","@id":"https:\/\/www.wopg.org\/pt-br\/prem-rawat-em-amaroo\/#breadcrumb","itemListElement":[{"@type":"ListItem","position":1,"name":"Home","item":"https:\/\/www.wopg.org\/pt-br\/"},{"@type":"ListItem","position":2,"name":"8 a 12 de setembro de 2025 &#8211; Prem Rawat em AMAROO"}]},{"@type":"WebSite","@id":"https:\/\/www.wopg.org\/pt-br\/#website","url":"https:\/\/www.wopg.org\/pt-br\/","name":"Words of Peace","description":"Practice Peace, Change Your World","publisher":{"@id":"https:\/\/www.wopg.org\/pt-br\/#organization"},"potentialAction":[{"@type":"SearchAction","target":{"@type":"EntryPoint","urlTemplate":"https:\/\/www.wopg.org\/pt-br\/?s={search_term_string}"},"query-input":{"@type":"PropertyValueSpecification","valueRequired":true,"valueName":"search_term_string"}}],"inLanguage":"pt-BR"},{"@type":"Organization","@id":"https:\/\/www.wopg.org\/pt-br\/#organization","name":"Words of Peace","url":"https:\/\/www.wopg.org\/pt-br\/","logo":{"@type":"ImageObject","inLanguage":"pt-BR","@id":"https:\/\/www.wopg.org\/pt-br\/#\/schema\/logo\/image\/","url":"https:\/\/wopg.org\/wp-content\/uploads\/2022\/02\/Words-of-Peace-logo-website61x252.png","contentUrl":"https:\/\/wopg.org\/wp-content\/uploads\/2022\/02\/Words-of-Peace-logo-website61x252.png","width":252,"height":61,"caption":"Words of Peace"},"image":{"@id":"https:\/\/www.wopg.org\/pt-br\/#\/schema\/logo\/image\/"},"sameAs":["https:\/\/www.facebook.com\/wordsofpeaceglobal","https:\/\/x.com\/wopg","https:\/\/www.instagram.com\/wopgofficial\/"]},{"@type":"Person","@id":"https:\/\/www.wopg.org\/pt-br\/#\/schema\/person\/c495a5aacd2a074ce031b7fa6625b3af","name":"Roberto","image":{"@type":"ImageObject","inLanguage":"pt-BR","@id":"https:\/\/secure.gravatar.com\/avatar\/3a2423ab531630d32d946fa10acea4a736bd03feede76ddcc150434c8458228b?s=96&d=mm&r=g","url":"https:\/\/secure.gravatar.com\/avatar\/3a2423ab531630d32d946fa10acea4a736bd03feede76ddcc150434c8458228b?s=96&d=mm&r=g","contentUrl":"https:\/\/secure.gravatar.com\/avatar\/3a2423ab531630d32d946fa10acea4a736bd03feede76ddcc150434c8458228b?s=96&d=mm&r=g","caption":"Roberto"},"url":"https:\/\/www.wopg.org\/pt-br\/author\/roberto\/"}]}},"_links":{"self":[{"href":"https:\/\/www.wopg.org\/pt-br\/wp-json\/wp\/v2\/posts\/41152","targetHints":{"allow":["GET"]}}],"collection":[{"href":"https:\/\/www.wopg.org\/pt-br\/wp-json\/wp\/v2\/posts"}],"about":[{"href":"https:\/\/www.wopg.org\/pt-br\/wp-json\/wp\/v2\/types\/post"}],"author":[{"embeddable":true,"href":"https:\/\/www.wopg.org\/pt-br\/wp-json\/wp\/v2\/users\/14"}],"replies":[{"embeddable":true,"href":"https:\/\/www.wopg.org\/pt-br\/wp-json\/wp\/v2\/comments?post=41152"}],"version-history":[{"count":28,"href":"https:\/\/www.wopg.org\/pt-br\/wp-json\/wp\/v2\/posts\/41152\/revisions"}],"predecessor-version":[{"id":43582,"href":"https:\/\/www.wopg.org\/pt-br\/wp-json\/wp\/v2\/posts\/41152\/revisions\/43582"}],"wp:featuredmedia":[{"embeddable":true,"href":"https:\/\/www.wopg.org\/pt-br\/wp-json\/wp\/v2\/media\/40063"}],"wp:attachment":[{"href":"https:\/\/www.wopg.org\/pt-br\/wp-json\/wp\/v2\/media?parent=41152"}],"wp:term":[{"taxonomy":"category","embeddable":true,"href":"https:\/\/www.wopg.org\/pt-br\/wp-json\/wp\/v2\/categories?post=41152"},{"taxonomy":"post_tag","embeddable":true,"href":"https:\/\/www.wopg.org\/pt-br\/wp-json\/wp\/v2\/tags?post=41152"},{"taxonomy":"post_folder","embeddable":true,"href":"https:\/\/www.wopg.org\/pt-br\/wp-json\/wp\/v2\/post_folder?post=41152"}],"curies":[{"name":"wp","href":"https:\/\/api.w.org\/{rel}","templated":true}]}}