{"id":43174,"date":"2025-08-17T16:17:08","date_gmt":"2025-08-17T16:17:08","guid":{"rendered":"https:\/\/www.wopg.org\/?p=43174"},"modified":"2025-08-17T18:59:16","modified_gmt":"2025-08-17T18:59:16","slug":"prem-rawat-in-costa-rica-agosto-17-2025","status":"publish","type":"post","link":"https:\/\/www.wopg.org\/pt-br\/prem-rawat-in-costa-rica-agosto-17-2025\/","title":{"rendered":"17 de agosto de 2025 &#8211; Prem Rawat em San Jos\u00e9, Costa Rica"},"content":{"rendered":"<p>[et_pb_section fb_built=&#8221;1&#8243; _builder_version=&#8221;4.17.4&#8243; _module_preset=&#8221;default&#8221; custom_margin=&#8221;-50px||||false|false&#8221; custom_padding=&#8221;0px||0px||false|false&#8221; global_colors_info=&#8221;{}&#8221;][et_pb_row _builder_version=&#8221;4.17.4&#8243; _module_preset=&#8221;default&#8221; custom_padding=&#8221;0px||||false|false&#8221; global_colors_info=&#8221;{}&#8221;][et_pb_column type=&#8221;4_4&#8243; _builder_version=&#8221;4.17.4&#8243; _module_preset=&#8221;default&#8221; global_colors_info=&#8221;{}&#8221;][et_pb_text _builder_version=&#8221;4.27.4&#8243; _module_preset=&#8221;default&#8221; global_colors_info=&#8221;{}&#8221;]<\/p>\n<h6 style=\"text-align: center;\">Foto cortesia da TimelessToday<\/h6>\n<p>[\/et_pb_text][\/et_pb_column][\/et_pb_row][\/et_pb_section][et_pb_section fb_built=&#8221;1&#8243; disabled_on=&#8221;off|off|off&#8221; admin_label=&#8221;Full event details&#8221; _builder_version=&#8221;4.27.2&#8243; _module_preset=&#8221;default&#8221; custom_padding=&#8221;0px||||false|false&#8221; locked=&#8221;off&#8221; collapsed=&#8221;off&#8221; global_colors_info=&#8221;{}&#8221;][et_pb_row _builder_version=&#8221;4.21.0&#8243; _module_preset=&#8221;default&#8221; custom_padding=&#8221;0px||||false|false&#8221; custom_css_main_element=&#8221;display: flex;||flex-wrap: wrap;||justify-content: center;&#8221; global_colors_info=&#8221;{}&#8221;][et_pb_column type=&#8221;4_4&#8243; _builder_version=&#8221;4.21.0&#8243; _module_preset=&#8221;default&#8221; global_colors_info=&#8221;{}&#8221;][et_pb_text admin_label=&#8221;WHEN AND WHERE&#8221; _builder_version=&#8221;4.27.4&#8243; _module_preset=&#8221;default&#8221; header_2_text_align=&#8221;left&#8221; header_3_text_align=&#8221;left&#8221; hover_enabled=&#8221;0&#8243; header_2_text_align_tablet=&#8221;left&#8221; header_2_text_align_phone=&#8221;center&#8221; header_2_text_align_last_edited=&#8221;on|desktop&#8221; header_2_font_size_tablet=&#8221;&#8221; header_2_font_size_phone=&#8221;2em&#8221; header_2_font_size_last_edited=&#8221;on|desktop&#8221; header_3_text_align_tablet=&#8221;left&#8221; header_3_text_align_phone=&#8221;center&#8221; header_3_text_align_last_edited=&#8221;on|desktop&#8221; header_3_font_size_phone=&#8221;1.1em&#8221; custom_css_free_form=&#8221;.selector .et_pb_text_inner h2 {||  margin-bottom: 3px;||}||||.selector .et_pb_text_inner h3 {||  margin-bottom: 1.5rem;||}&#8221; global_colors_info=&#8221;{}&#8221; content__hover_enabled=&#8221;off|desktop&#8221; sticky_enabled=&#8221;0&#8243;]<\/p>\n<p><em>Leia esta p\u00e1gina com aten\u00e7\u00e3o para obter informa\u00e7\u00f5es importantes sobre o pr\u00f3ximo evento. Consulte estas informa\u00e7\u00f5es ao planejar sua participa\u00e7\u00e3o.<\/em><\/p>\n<h4>QUANDO E ONDE<\/h4>\n<p><strong>Data:<\/strong><span style=\"font-weight: 400;\"> Domingo, 17 de agosto de 2025<\/span><\/p>\n<p><strong>Hor\u00e1rio:<\/strong><span style=\"font-weight: 400;\"> O evento come\u00e7a \u00e0s 11h30 CST (hor\u00e1rio de San Jos\u00e9). As portas do sagu\u00e3o abrem \u00e0s 9h30. O t\u00e9rmino \u00e9 aproximadamente \u00e0s 13h.<\/span><\/p>\n<p><strong>Local:<\/strong><span style=\"font-weight: 400;\"> <a href=\"https:\/\/costaricacc.com\/en\/\" target=\"_blank\" rel=\"noopener\"> Centro de Convenciones de Costa Rica<\/a><\/span>.<\/p>\n<p><strong>Endere\u00e7o:<\/strong><span style=\"font-weight: 400;\"> Autop. Gral. Ca\u00f1as, San Jos\u00e9, Costa Rica<\/span><\/p>\n<p><a href=\"https:\/\/www.google.com\/maps\/dir\/\/Autop.+Gral.+Ca%C3%B1as,+San+Jos%C3%A9,+Costa+Rica\/@9.9758436,-84.2335568,27597m\/data=!3m1!1e3!4m8!4m7!1m0!1m5!1m1!1s0x8fa0fba8dd8f0dd1:0xbc179f80296a308!2m2!1d-84.1511549!2d9.9758537?entry=ttu&amp;g_ep=EgoyMDI1MDcyMy4wIKXMDSoASAFQAw%3D%3D\" target=\"_blank\" rel=\"noopener\">Como chegar, estacionamento e transporte p\u00fablico<\/a><\/p>\n<p>Acesse o site do local<a href=\"https:\/\/costaricacc.com\/en\/\" target=\"_blank\" rel=\"noopener\"> https:\/\/costaricacc.com\/en\/<\/a> e role at\u00e9 o final da p\u00e1gina para saber mais sobre op\u00e7\u00f5es de estacionamento e atividades na \u00e1rea.<\/p>\n<p>[\/et_pb_text][et_pb_text admin_label=&#8221;WHO IS INVITED&#8221; _builder_version=&#8221;4.27.4&#8243; _module_preset=&#8221;default&#8221; global_colors_info=&#8221;{}&#8221;]<\/p>\n<h4>CONVIDADOS<\/h4>\n<p>Qualquer pessoa que tenha aprendido as t\u00e9cnicas do Autoconhecimento ou esteja se preparando \u00e9 bem-vinda.<\/p>\n<p>Traga seu Smart Card para o evento.<\/p>\n<p>[\/et_pb_text][et_pb_text admin_label=&#8221;WHO IS INVITED &#8211; CHILDREN&#8221; _builder_version=&#8221;4.27.4&#8243; _module_preset=&#8221;default&#8221; global_colors_info=&#8221;{}&#8221;]<\/p>\n<h4>CRIAN\u00c7AS<\/h4>\n<p>Este evento n\u00e3o \u00e9 para menores de 18 anos.<\/p>\n<p>[\/et_pb_text][et_pb_text admin_label=&#8221;PURCHASE OF TICKETS&#8221; _builder_version=&#8221;4.27.4&#8243; _module_preset=&#8221;default&#8221; global_colors_info=&#8221;{}&#8221;]<\/p>\n<h4>INGRESSOS<\/h4>\n<p><strong>Os ingressos estar\u00e3o \u00e0 venda a partir do dia 5 de agosto, \u00e0s 10h CST (hor\u00e1rio de San Jos\u00e9).<\/strong><\/p>\n<p><span style=\"font-weight: 400;\">Ao entrar no local, lembre-se de ter seu ingresso impresso vis\u00edvel, ou seu ingresso eletr\u00f4nico vis\u00edvel no seu celular, com o c\u00f3digo QR vis\u00edvel.<\/span><\/p>\n<p><span style=\"font-weight: 400;\">Caso n\u00e3o consiga comprar seu ingresso por qualquer motivo, entre em contato pelo e-mail <a href=\"mailto:centroamericaenpaz@gmail.com\">centroamericaenpaz@gmail.com<\/a><\/span>.<\/p>\n<p>[\/et_pb_text][et_pb_text admin_label=&#8221;Ticket Prices&#8221; _builder_version=&#8221;4.27.4&#8243; _module_preset=&#8221;default&#8221; locked=&#8221;off&#8221; global_colors_info=&#8221;{}&#8221;]<\/p>\n<p><strong>Pre\u00e7os dos Ingressos<\/strong><\/p>\n<ul>\n<li class=\"p1\">90 d\u00f3lares americanos + taxas de processamento<\/li>\n<li class=\"p1\">45 d\u00f3lares americanos + taxas de processamento<\/li>\n<li class=\"p1\">20 d\u00f3lares americanos + taxas de processamento<\/li>\n<li style=\"list-style-type: none;\">\u00a0<\/li>\n<\/ul>\n<p><span style=\"font-weight: 400;\">Cada pessoa poder\u00e1 comprar <\/span><b>4 lugares<\/b><span style=\"font-weight: 400;\">. No entanto, por favor, compre apenas os lugares que voc\u00ea sabe que ser\u00e3o usados.<\/span><\/p>\n<p><strong>Por raz\u00f5es log\u00edsticas, por favor, sente-se 20 minutos antes do in\u00edcio do evento. Os atrasados ficar\u00e3o sentados no fundo do sal\u00e3o para evitar distra\u00e7\u00f5es.<\/strong><\/p>\n<p><strong>N\u00e3o haver\u00e1 reembolso.<\/strong><\/p>\n<p>[\/et_pb_text][et_pb_text disabled_on=&#8221;on|on|on&#8221; _builder_version=&#8221;4.27.4&#8243; _module_preset=&#8221;default&#8221; disabled=&#8221;on&#8221; global_colors_info=&#8221;{}&#8221;]<\/p>\n<p style=\"text-align: center;\"><span style=\"color: #ff0000;\">Verifique regularmente se h\u00e1 mais assentos dispon\u00edveis<\/span><\/p>\n<p>[\/et_pb_text][et_pb_button button_url=&#8221;https:\/\/wordsofpeaceinternational.ticketspice.com\/costa-rica-17-pwk&#8221; url_new_window=&#8221;on&#8221; button_text=&#8221;Comprar Ingresso(s)&#8221; button_alignment=&#8221;center&#8221; disabled_on=&#8221;off|off|off&#8221; admin_label=&#8221;Purchase Ticket(s)&#8221; _builder_version=&#8221;4.27.4&#8243; _module_preset=&#8221;default&#8221; custom_button=&#8221;on&#8221; button_bg_color=&#8221;#008B73&#8243; button_border_width=&#8221;0px&#8221; button_border_radius=&#8221;8px&#8221; background_layout=&#8221;dark&#8221; custom_padding=&#8221;10px|49px|10px|49px|true|true&#8221; global_colors_info=&#8221;{}&#8221;][\/et_pb_button][et_pb_button button_url=&#8221;#&#8221; button_text=&#8221;No Tickets Left&#8221; button_alignment=&#8221;center&#8221; disabled_on=&#8221;on|on|on&#8221; admin_label=&#8221;Sold Out button&#8221; _builder_version=&#8221;4.27.4&#8243; _module_preset=&#8221;default&#8221; custom_button=&#8221;on&#8221; button_bg_color=&#8221;#E02B20&#8243; button_border_width=&#8221;0px&#8221; button_border_radius=&#8221;8px&#8221; background_layout=&#8221;dark&#8221; custom_padding=&#8221;10px|58px|10px|58px|true|true&#8221; disabled=&#8221;on&#8221; global_colors_info=&#8221;{}&#8221;][\/et_pb_button][et_pb_button button_url=&#8221;#soon&#8221; button_text=&#8221;Tickets Soon Available&#8221; button_alignment=&#8221;center&#8221; disabled_on=&#8221;on|on|on&#8221; admin_label=&#8221;Soon Available button&#8221; module_id=&#8221;soon&#8221; _builder_version=&#8221;4.27.4&#8243; _module_preset=&#8221;default&#8221; custom_button=&#8221;on&#8221; button_text_color=&#8221;#FFFFFF&#8221; button_bg_color=&#8221;RGBA(255,196,89,0.8)&#8221; button_border_width=&#8221;0px&#8221; button_border_radius=&#8221;8px&#8221; background_layout=&#8221;dark&#8221; custom_padding=&#8221;10px|30px|10px|30px|true|true&#8221; disabled=&#8221;on&#8221; global_colors_info=&#8221;{}&#8221;][\/et_pb_button][et_pb_text disabled_on=&#8221;off|off|off&#8221; _builder_version=&#8221;4.27.4&#8243; _module_preset=&#8221;default&#8221; text_orientation=&#8221;center&#8221; locked=&#8221;off&#8221; global_colors_info=&#8221;{}&#8221;]<\/p>\n<div class=\"et_pb_row et_pb_row_0\">\n<div class=\"et_pb_column et_pb_column_4_4 et_pb_column_0 et_pb_css_mix_blend_mode_passthrough et-last-child\">\n<div class=\"et_pb_module et_pb_text et_pb_text_0 et_pb_text_align_left et_pb_bg_layout_light\">\n<div class=\"et_pb_text_inner\" style=\"text-align: center;\"><em>(ap\u00f3s a abertura das vendas de ingressos, pressione o bot\u00e3o acima para ser direcionado diretamente para o local)<\/em><\/div>\n<\/div>\n<\/div>\n<\/div>\n<p>[\/et_pb_text][et_pb_text admin_label=&#8221;DO NOT RECORD OR FILM THE EVENT&#8221; _builder_version=&#8221;4.27.4&#8243; _module_preset=&#8221;default&#8221; locked=&#8221;off&#8221; global_colors_info=&#8221;{}&#8221;]<\/p>\n<h4>N\u00c3O GRAVE NEM FILME O EVENTO<\/h4>\n<p>A grava\u00e7\u00e3o oficial \u00e9 protegida por direitos autorais. Qualquer pessoa flagrada gravando ser\u00e1 solicitada a interromper a grava\u00e7\u00e3o. Se continuar, ser\u00e1 removida do local.<\/p>\n<p>O evento ser\u00e1 filmado. A compra de um ingresso constitui tanto sua concord\u00e2ncia em ser filmado quanto a autoriza\u00e7\u00e3o para que sua imagem\/voz seja inclu\u00edda em material impresso, m\u00eddias sociais, fotos, \u00e1udio, v\u00eddeo ou outras m\u00eddias. Se voc\u00ea estiver comprando um ingresso para outra pessoa, a presen\u00e7a dela no evento constitui a mesma concord\u00e2ncia e autoriza\u00e7\u00e3o.<\/p>\n<p><strong>Haver\u00e1 uma verifica\u00e7\u00e3o de seguran\u00e7a na entrada do pr\u00e9dio. N\u00e3o s\u00e3o permitidas bagagens, mochilas ou bolsas grandes no local.<\/strong><\/p>\n<p><em><strong>Observa\u00e7\u00e3o<\/strong>: recomenda-se que voc\u00ea n\u00e3o fa\u00e7a os preparativos de viagem at\u00e9 que tenha adquirido seu(s) ingresso(s) com sucesso, pois o n\u00famero de pessoas solicitando assentos pode exceder a capacidade do local.<\/em>.<\/p>\n<p><em><strong>Viajantes do exterior<\/strong>: Verifique se h\u00e1 alguma restri\u00e7\u00e3o de viagem atual que possa afet\u00e1-lo(a).<\/em><\/p>\n<p>[\/et_pb_text][et_pb_accordion open_toggle_background_color=&#8221;RGBA(255,255,255,0)&#8221; icon_color=&#8221;#008B73&#8243; use_icon_font_size=&#8221;on&#8221; icon_font_size=&#8221;20px&#8221; _builder_version=&#8221;4.27.4&#8243; _module_preset=&#8221;default&#8221; border_color_all=&#8221;RGBA(255,255,255,0)&#8221; border_color_bottom=&#8221;#008B73&#8243; global_colors_info=&#8221;{}&#8221;][et_pb_accordion_item title=&#8221;AJUDA NA COMPRA DE INGRESSOS&#8221; open=&#8221;on&#8221; _builder_version=&#8221;4.27.4&#8243; _module_preset=&#8221;default&#8221; global_colors_info=&#8221;{}&#8221;]<\/p>\n<p>Os ingressos online podem ser adquiridos tanto em computadores quanto em dispositivos m\u00f3veis. Recomenda-se limpar o hist\u00f3rico do seu navegador antes de iniciar a compra.<\/p>\n<p>Voc\u00ea pode ter problemas durante o processo de compra de ingressos online. A alta demanda pode gerar uma mensagem autom\u00e1tica informando &#8220;sem assentos dispon\u00edveis&#8221;, o que n\u00e3o significa que o evento esteja esgotado.<\/p>\n<p>Considere o seguinte:<br \/>\u2013 verifique em\u00a0<a href=\"https:\/\/www.wopg.org\/pt-br\/\">www.wopg.org<\/a>\u00a0se o evento est\u00e1 esgotado<br \/>\u2013 aguarde alguns instantes e reinicie<br \/>\u2013 tente novamente em outro dispositivo<br \/>\u2013 caso n\u00e3o consiga, envie um e-mail para <a href=\"mailto:centroamericaenpaz@gmail.com\"><span style=\"font-weight: 400;\">centroamericaenpaz@gmail.com<\/span><\/a>.<\/p>\n<p>[\/et_pb_accordion_item][et_pb_accordion_item title=&#8221;INGRESSOS ESGOTADOS?&#8221; _builder_version=&#8221;4.27.4&#8243; _module_preset=&#8221;default&#8221; global_colors_info=&#8221;{}&#8221; open=&#8221;off&#8221;]<\/p>\n<p>Se os ingressos estiverem esgotados quando voc\u00ea tentar efetuar a compra, volte em algumas horas, pois os ingressos reservados podem estar dispon\u00edveis novamente. Se voc\u00ea quiser saber sobre uma poss\u00edvel devolu\u00e7\u00e3o de ingresso, entre em contato com <a href=\"mailto:centroamericaenpaz@gmail.com\"><span style=\"font-weight: 400;\">centroamericaenpaz@gmail.com<\/span><\/a>.<\/p>\n<p>Se n\u00e3o houver ingressos devolvidos, voc\u00ea ser\u00e1 colocado em uma lista de espera.<\/p>\n<p>[\/et_pb_accordion_item][et_pb_accordion_item title=&#8221;DEVOLU\u00c7\u00c3O DE INGRESSOS N\u00c3O UTILIZADOS&#8221; _builder_version=&#8221;4.27.4&#8243; _module_preset=&#8221;default&#8221; global_colors_info=&#8221;{}&#8221; open=&#8221;off&#8221;]<\/p>\n<p>Se seus planos mudarem e voc\u00ea tiver um ingresso n\u00e3o utilizado, envie uma vers\u00e3o eletr\u00f4nica do seu ingresso para <a href=\"mailto:centroamericaenpaz@gmail.com\"><span style=\"font-weight: 400;\">centroamericaenpaz@gmail.com<\/span><\/a>.<\/p>\n<p>Os ingressos devolvidos para este endere\u00e7o ser\u00e3o realocados por ordem de chegada para outras pessoas que queiram participar deste evento.<\/p>\n<p>N\u00e3o haver\u00e1 reembolso.<\/p>\n<p>[\/et_pb_accordion_item][et_pb_accordion_item title=&#8221;NECESSIDADES ESPECIAIS&#8221; _builder_version=&#8221;4.27.4&#8243; _module_preset=&#8221;default&#8221; global_colors_info=&#8221;{}&#8221; open=&#8221;off&#8221;]<\/p>\n<p>Ser\u00e1 oferecido suporte a pessoas em cadeiras de rodas.<\/p>\n<p>Se voc\u00ea estiver com dificuldades para comprar uma vaga para cadeira de rodas ou assento para acompanhante, entre em contato com <a href=\"mailto:centroamericaenpaz@gmail.com\"><span style=\"font-weight: 400;\">centroamericaenpaz@gmail.com<\/span><\/a>.<\/p>\n<p>Se voc\u00ea tiver dificuldades de audi\u00e7\u00e3o, um canal em ingl\u00eas aprimorado estar\u00e1 dispon\u00edvel. Fones de ouvido estar\u00e3o dispon\u00edveis no sagu\u00e3o mediante apresenta\u00e7\u00e3o de documento de identidade.<\/p>\n<p>[\/et_pb_accordion_item][et_pb_accordion_item title=&#8221;TRADU\u00c7\u00c3O&#8221; _builder_version=&#8221;4.27.4&#8243; _module_preset=&#8221;default&#8221; global_colors_info=&#8221;{}&#8221; open=&#8221;off&#8221;]<\/p>\n<p>O evento ser\u00e1 em ingl\u00eas. Haver\u00e1 tradu\u00e7\u00e3o para espanhol e portugu\u00eas.<\/p>\n<p>Fones de ouvido estar\u00e3o dispon\u00edveis no sagu\u00e3o mediante apresenta\u00e7\u00e3o de documento de identidade.<\/p>\n<p>[\/et_pb_accordion_item][et_pb_accordion_item title=&#8221;BAGAGEM&#8221; _builder_version=&#8221;4.27.4&#8243; _module_preset=&#8221;default&#8221; global_colors_info=&#8221;{}&#8221; open=&#8221;off&#8221;]<\/p>\n<p class=\"p1\">N\u00e3o \u00e9 permitida a entrada de malas, mochilas ou bolsas grandes no local.<\/p>\n<p class=\"p1\">N\u00e3o h\u00e1 guarda-volumes dispon\u00edvel.<\/p>\n<p>[\/et_pb_accordion_item][et_pb_accordion_item title=&#8221;AJUDA&#8221; _builder_version=&#8221;4.27.4&#8243; _module_preset=&#8221;default&#8221; global_colors_info=&#8221;{}&#8221; open=&#8221;off&#8221;]<\/p>\n<p>Need assistance?<\/p>\n<p>Contact <a href=\"mailto:centroamericaenpaz@gmail.com\"><span style=\"font-weight: 400\">centroamericaenpaz@gmail.com<\/a><\/p>\n<p>[\/et_pb_accordion_item][\/et_pb_accordion][\/et_pb_column][\/et_pb_row][et_pb_row _builder_version=&#8221;4.21.0&#8243; _module_preset=&#8221;default&#8221; global_colors_info=&#8221;{}&#8221;][et_pb_column type=&#8221;4_4&#8243; _builder_version=&#8221;4.21.0&#8243; _module_preset=&#8221;default&#8221; global_colors_info=&#8221;{}&#8221;][et_pb_text admin_label=&#8221;Sign up here&#8221; _builder_version=&#8221;4.27.2&#8243; _module_preset=&#8221;default&#8221; global_colors_info=&#8221;{}&#8221;]<\/p>\n<p>Para receber an\u00fancios e atualiza\u00e7\u00f5es sobre eventos futuros com Prem Rawat, certifique-se de estar inscrito na lista de e-mails do WOPG com seu e-mail e pa\u00eds de resid\u00eancia. Inscreva-se abaixo.<\/p>\n<p>[\/et_pb_text][\/et_pb_column][\/et_pb_row][\/et_pb_section]<\/p>\n","protected":false},"excerpt":{"rendered":"<p>Foto cortesia da TimelessTodayLeia esta p\u00e1gina com aten\u00e7\u00e3o para obter informa\u00e7\u00f5es importantes sobre o pr\u00f3ximo evento. Consulte estas informa\u00e7\u00f5es ao planejar sua participa\u00e7\u00e3o. QUANDO E ONDE Data: Domingo, 17 de agosto de 2025 Hor\u00e1rio: O evento come\u00e7a \u00e0s 11h30 CST (hor\u00e1rio de San Jos\u00e9). As portas do sagu\u00e3o abrem \u00e0s 9h30. O t\u00e9rmino \u00e9 aproximadamente [&hellip;]<\/p>\n","protected":false},"author":14,"featured_media":42705,"comment_status":"open","ping_status":"open","sticky":false,"template":"","format":"standard","meta":{"_et_pb_use_builder":"on","_et_pb_old_content":"","_et_gb_content_width":"","cybocfi_hide_featured_image":"","footnotes":""},"categories":[76],"tags":[],"post_folder":[],"class_list":["post-43174","post","type-post","status-publish","format-standard","has-post-thumbnail","hentry","category-recent-pt-br"],"yoast_head":"<!-- This site is optimized with the Yoast SEO plugin v27.3 - https:\/\/yoast.com\/product\/yoast-seo-wordpress\/ -->\n<title>17 de agosto de 2025 - Prem Rawat em San Jos\u00e9, Costa Rica | Words of Peace<\/title>\n<meta name=\"robots\" content=\"index, follow, max-snippet:-1, max-image-preview:large, max-video-preview:-1\" \/>\n<link rel=\"canonical\" href=\"https:\/\/www.wopg.org\/pt-br\/prem-rawat-in-costa-rica-agosto-17-2025\/\" \/>\n<meta property=\"og:locale\" content=\"pt_BR\" \/>\n<meta property=\"og:type\" content=\"article\" \/>\n<meta property=\"og:title\" content=\"17 de agosto de 2025 - Prem Rawat em San Jos\u00e9, Costa Rica | Words of Peace\" \/>\n<meta property=\"og:description\" content=\"Foto cortesia da TimelessTodayLeia esta p\u00e1gina com aten\u00e7\u00e3o para obter informa\u00e7\u00f5es importantes sobre o pr\u00f3ximo evento. Consulte estas informa\u00e7\u00f5es ao planejar sua participa\u00e7\u00e3o. QUANDO E ONDE Data: Domingo, 17 de agosto de 2025 Hor\u00e1rio: O evento come\u00e7a \u00e0s 11h30 CST (hor\u00e1rio de San Jos\u00e9). As portas do sagu\u00e3o abrem \u00e0s 9h30. O t\u00e9rmino \u00e9 aproximadamente [&hellip;]\" \/>\n<meta property=\"og:url\" content=\"https:\/\/www.wopg.org\/pt-br\/prem-rawat-in-costa-rica-agosto-17-2025\/\" \/>\n<meta property=\"og:site_name\" content=\"Words of Peace\" \/>\n<meta property=\"article:publisher\" content=\"https:\/\/www.facebook.com\/wordsofpeaceglobal\" \/>\n<meta property=\"article:published_time\" content=\"2025-08-17T16:17:08+00:00\" \/>\n<meta property=\"article:modified_time\" content=\"2025-08-17T18:59:16+00:00\" \/>\n<meta property=\"og:image\" content=\"https:\/\/eadn-wc03-5903292.nxedge.io\/wp-content\/uploads\/2025\/07\/250413_Delhi_RVK_gs-096-lowres_1080x608.jpg\" \/>\n\t<meta property=\"og:image:width\" content=\"1080\" \/>\n\t<meta property=\"og:image:height\" content=\"608\" \/>\n\t<meta property=\"og:image:type\" content=\"image\/jpeg\" \/>\n<meta name=\"author\" content=\"Roberto\" \/>\n<meta name=\"twitter:card\" content=\"summary_large_image\" \/>\n<meta name=\"twitter:creator\" content=\"@wopg\" \/>\n<meta name=\"twitter:site\" content=\"@wopg\" \/>\n<meta name=\"twitter:label1\" content=\"Escrito por\" \/>\n\t<meta name=\"twitter:data1\" content=\"Roberto\" \/>\n\t<meta name=\"twitter:label2\" content=\"Est. tempo de leitura\" \/>\n\t<meta name=\"twitter:data2\" content=\"9 minutos\" \/>\n<script type=\"application\/ld+json\" class=\"yoast-schema-graph\">{\"@context\":\"https:\\\/\\\/schema.org\",\"@graph\":[{\"@type\":\"Article\",\"@id\":\"https:\\\/\\\/www.wopg.org\\\/pt-br\\\/prem-rawat-in-costa-rica-agosto-17-2025\\\/#article\",\"isPartOf\":{\"@id\":\"https:\\\/\\\/www.wopg.org\\\/pt-br\\\/prem-rawat-in-costa-rica-agosto-17-2025\\\/\"},\"author\":{\"name\":\"Roberto\",\"@id\":\"https:\\\/\\\/www.wopg.org\\\/pt-br\\\/#\\\/schema\\\/person\\\/c495a5aacd2a074ce031b7fa6625b3af\"},\"headline\":\"17 de agosto de 2025 &#8211; Prem Rawat em San Jos\u00e9, Costa Rica\",\"datePublished\":\"2025-08-17T16:17:08+00:00\",\"dateModified\":\"2025-08-17T18:59:16+00:00\",\"mainEntityOfPage\":{\"@id\":\"https:\\\/\\\/www.wopg.org\\\/pt-br\\\/prem-rawat-in-costa-rica-agosto-17-2025\\\/\"},\"wordCount\":1728,\"commentCount\":0,\"publisher\":{\"@id\":\"https:\\\/\\\/www.wopg.org\\\/pt-br\\\/#organization\"},\"image\":{\"@id\":\"https:\\\/\\\/www.wopg.org\\\/pt-br\\\/prem-rawat-in-costa-rica-agosto-17-2025\\\/#primaryimage\"},\"thumbnailUrl\":\"https:\\\/\\\/www.wopg.org\\\/wp-content\\\/uploads\\\/2025\\\/07\\\/250413_Delhi_RVK_gs-096-lowres_1080x608.jpg\",\"articleSection\":[\"Recent\"],\"inLanguage\":\"pt-BR\",\"potentialAction\":[{\"@type\":\"CommentAction\",\"name\":\"Comment\",\"target\":[\"https:\\\/\\\/www.wopg.org\\\/pt-br\\\/prem-rawat-in-costa-rica-agosto-17-2025\\\/#respond\"]}]},{\"@type\":\"WebPage\",\"@id\":\"https:\\\/\\\/www.wopg.org\\\/pt-br\\\/prem-rawat-in-costa-rica-agosto-17-2025\\\/\",\"url\":\"https:\\\/\\\/www.wopg.org\\\/pt-br\\\/prem-rawat-in-costa-rica-agosto-17-2025\\\/\",\"name\":\"17 de agosto de 2025 - Prem Rawat em San Jos\u00e9, Costa Rica | Words of Peace\",\"isPartOf\":{\"@id\":\"https:\\\/\\\/www.wopg.org\\\/pt-br\\\/#website\"},\"primaryImageOfPage\":{\"@id\":\"https:\\\/\\\/www.wopg.org\\\/pt-br\\\/prem-rawat-in-costa-rica-agosto-17-2025\\\/#primaryimage\"},\"image\":{\"@id\":\"https:\\\/\\\/www.wopg.org\\\/pt-br\\\/prem-rawat-in-costa-rica-agosto-17-2025\\\/#primaryimage\"},\"thumbnailUrl\":\"https:\\\/\\\/www.wopg.org\\\/wp-content\\\/uploads\\\/2025\\\/07\\\/250413_Delhi_RVK_gs-096-lowres_1080x608.jpg\",\"datePublished\":\"2025-08-17T16:17:08+00:00\",\"dateModified\":\"2025-08-17T18:59:16+00:00\",\"breadcrumb\":{\"@id\":\"https:\\\/\\\/www.wopg.org\\\/pt-br\\\/prem-rawat-in-costa-rica-agosto-17-2025\\\/#breadcrumb\"},\"inLanguage\":\"pt-BR\",\"potentialAction\":[{\"@type\":\"ReadAction\",\"target\":[\"https:\\\/\\\/www.wopg.org\\\/pt-br\\\/prem-rawat-in-costa-rica-agosto-17-2025\\\/\"]}]},{\"@type\":\"ImageObject\",\"inLanguage\":\"pt-BR\",\"@id\":\"https:\\\/\\\/www.wopg.org\\\/pt-br\\\/prem-rawat-in-costa-rica-agosto-17-2025\\\/#primaryimage\",\"url\":\"https:\\\/\\\/www.wopg.org\\\/wp-content\\\/uploads\\\/2025\\\/07\\\/250413_Delhi_RVK_gs-096-lowres_1080x608.jpg\",\"contentUrl\":\"https:\\\/\\\/www.wopg.org\\\/wp-content\\\/uploads\\\/2025\\\/07\\\/250413_Delhi_RVK_gs-096-lowres_1080x608.jpg\",\"width\":1080,\"height\":608},{\"@type\":\"BreadcrumbList\",\"@id\":\"https:\\\/\\\/www.wopg.org\\\/pt-br\\\/prem-rawat-in-costa-rica-agosto-17-2025\\\/#breadcrumb\",\"itemListElement\":[{\"@type\":\"ListItem\",\"position\":1,\"name\":\"Home\",\"item\":\"https:\\\/\\\/www.wopg.org\\\/pt-br\\\/\"},{\"@type\":\"ListItem\",\"position\":2,\"name\":\"17 de agosto de 2025 &#8211; Prem Rawat em San Jos\u00e9, Costa Rica\"}]},{\"@type\":\"WebSite\",\"@id\":\"https:\\\/\\\/www.wopg.org\\\/pt-br\\\/#website\",\"url\":\"https:\\\/\\\/www.wopg.org\\\/pt-br\\\/\",\"name\":\"Words of Peace\",\"description\":\"Practice Peace, Change Your World\",\"publisher\":{\"@id\":\"https:\\\/\\\/www.wopg.org\\\/pt-br\\\/#organization\"},\"potentialAction\":[{\"@type\":\"SearchAction\",\"target\":{\"@type\":\"EntryPoint\",\"urlTemplate\":\"https:\\\/\\\/www.wopg.org\\\/pt-br\\\/?s={search_term_string}\"},\"query-input\":{\"@type\":\"PropertyValueSpecification\",\"valueRequired\":true,\"valueName\":\"search_term_string\"}}],\"inLanguage\":\"pt-BR\"},{\"@type\":\"Organization\",\"@id\":\"https:\\\/\\\/www.wopg.org\\\/pt-br\\\/#organization\",\"name\":\"Words of Peace\",\"url\":\"https:\\\/\\\/www.wopg.org\\\/pt-br\\\/\",\"logo\":{\"@type\":\"ImageObject\",\"inLanguage\":\"pt-BR\",\"@id\":\"https:\\\/\\\/www.wopg.org\\\/pt-br\\\/#\\\/schema\\\/logo\\\/image\\\/\",\"url\":\"https:\\\/\\\/wopg.org\\\/wp-content\\\/uploads\\\/2022\\\/02\\\/Words-of-Peace-logo-website61x252.png\",\"contentUrl\":\"https:\\\/\\\/wopg.org\\\/wp-content\\\/uploads\\\/2022\\\/02\\\/Words-of-Peace-logo-website61x252.png\",\"width\":252,\"height\":61,\"caption\":\"Words of Peace\"},\"image\":{\"@id\":\"https:\\\/\\\/www.wopg.org\\\/pt-br\\\/#\\\/schema\\\/logo\\\/image\\\/\"},\"sameAs\":[\"https:\\\/\\\/www.facebook.com\\\/wordsofpeaceglobal\",\"https:\\\/\\\/x.com\\\/wopg\",\"https:\\\/\\\/www.instagram.com\\\/wopgofficial\\\/\"]},{\"@type\":\"Person\",\"@id\":\"https:\\\/\\\/www.wopg.org\\\/pt-br\\\/#\\\/schema\\\/person\\\/c495a5aacd2a074ce031b7fa6625b3af\",\"name\":\"Roberto\",\"image\":{\"@type\":\"ImageObject\",\"inLanguage\":\"pt-BR\",\"@id\":\"https:\\\/\\\/secure.gravatar.com\\\/avatar\\\/3a2423ab531630d32d946fa10acea4a736bd03feede76ddcc150434c8458228b?s=96&d=mm&r=g\",\"url\":\"https:\\\/\\\/secure.gravatar.com\\\/avatar\\\/3a2423ab531630d32d946fa10acea4a736bd03feede76ddcc150434c8458228b?s=96&d=mm&r=g\",\"contentUrl\":\"https:\\\/\\\/secure.gravatar.com\\\/avatar\\\/3a2423ab531630d32d946fa10acea4a736bd03feede76ddcc150434c8458228b?s=96&d=mm&r=g\",\"caption\":\"Roberto\"},\"url\":\"https:\\\/\\\/www.wopg.org\\\/pt-br\\\/author\\\/roberto\\\/\"}]}<\/script>\n<!-- \/ Yoast SEO plugin. -->","yoast_head_json":{"title":"17 de agosto de 2025 - Prem Rawat em San Jos\u00e9, Costa Rica | Words of Peace","robots":{"index":"index","follow":"follow","max-snippet":"max-snippet:-1","max-image-preview":"max-image-preview:large","max-video-preview":"max-video-preview:-1"},"canonical":"https:\/\/www.wopg.org\/pt-br\/prem-rawat-in-costa-rica-agosto-17-2025\/","og_locale":"pt_BR","og_type":"article","og_title":"17 de agosto de 2025 - Prem Rawat em San Jos\u00e9, Costa Rica | Words of Peace","og_description":"Foto cortesia da TimelessTodayLeia esta p\u00e1gina com aten\u00e7\u00e3o para obter informa\u00e7\u00f5es importantes sobre o pr\u00f3ximo evento. Consulte estas informa\u00e7\u00f5es ao planejar sua participa\u00e7\u00e3o. QUANDO E ONDE Data: Domingo, 17 de agosto de 2025 Hor\u00e1rio: O evento come\u00e7a \u00e0s 11h30 CST (hor\u00e1rio de San Jos\u00e9). As portas do sagu\u00e3o abrem \u00e0s 9h30. O t\u00e9rmino \u00e9 aproximadamente [&hellip;]","og_url":"https:\/\/www.wopg.org\/pt-br\/prem-rawat-in-costa-rica-agosto-17-2025\/","og_site_name":"Words of Peace","article_publisher":"https:\/\/www.facebook.com\/wordsofpeaceglobal","article_published_time":"2025-08-17T16:17:08+00:00","article_modified_time":"2025-08-17T18:59:16+00:00","og_image":[{"width":1080,"height":608,"url":"https:\/\/eadn-wc03-5903292.nxedge.io\/wp-content\/uploads\/2025\/07\/250413_Delhi_RVK_gs-096-lowres_1080x608.jpg","type":"image\/jpeg"}],"author":"Roberto","twitter_card":"summary_large_image","twitter_creator":"@wopg","twitter_site":"@wopg","twitter_misc":{"Escrito por":"Roberto","Est. tempo de leitura":"9 minutos"},"schema":{"@context":"https:\/\/schema.org","@graph":[{"@type":"Article","@id":"https:\/\/www.wopg.org\/pt-br\/prem-rawat-in-costa-rica-agosto-17-2025\/#article","isPartOf":{"@id":"https:\/\/www.wopg.org\/pt-br\/prem-rawat-in-costa-rica-agosto-17-2025\/"},"author":{"name":"Roberto","@id":"https:\/\/www.wopg.org\/pt-br\/#\/schema\/person\/c495a5aacd2a074ce031b7fa6625b3af"},"headline":"17 de agosto de 2025 &#8211; Prem Rawat em San Jos\u00e9, Costa Rica","datePublished":"2025-08-17T16:17:08+00:00","dateModified":"2025-08-17T18:59:16+00:00","mainEntityOfPage":{"@id":"https:\/\/www.wopg.org\/pt-br\/prem-rawat-in-costa-rica-agosto-17-2025\/"},"wordCount":1728,"commentCount":0,"publisher":{"@id":"https:\/\/www.wopg.org\/pt-br\/#organization"},"image":{"@id":"https:\/\/www.wopg.org\/pt-br\/prem-rawat-in-costa-rica-agosto-17-2025\/#primaryimage"},"thumbnailUrl":"https:\/\/eadn-wc03-5903292.nxedge.io\/wp-content\/uploads\/2025\/07\/250413_Delhi_RVK_gs-096-lowres_1080x608.jpg","articleSection":["Recent"],"inLanguage":"pt-BR","potentialAction":[{"@type":"CommentAction","name":"Comment","target":["https:\/\/www.wopg.org\/pt-br\/prem-rawat-in-costa-rica-agosto-17-2025\/#respond"]}]},{"@type":"WebPage","@id":"https:\/\/www.wopg.org\/pt-br\/prem-rawat-in-costa-rica-agosto-17-2025\/","url":"https:\/\/www.wopg.org\/pt-br\/prem-rawat-in-costa-rica-agosto-17-2025\/","name":"17 de agosto de 2025 - Prem Rawat em San Jos\u00e9, Costa Rica | Words of Peace","isPartOf":{"@id":"https:\/\/www.wopg.org\/pt-br\/#website"},"primaryImageOfPage":{"@id":"https:\/\/www.wopg.org\/pt-br\/prem-rawat-in-costa-rica-agosto-17-2025\/#primaryimage"},"image":{"@id":"https:\/\/www.wopg.org\/pt-br\/prem-rawat-in-costa-rica-agosto-17-2025\/#primaryimage"},"thumbnailUrl":"https:\/\/eadn-wc03-5903292.nxedge.io\/wp-content\/uploads\/2025\/07\/250413_Delhi_RVK_gs-096-lowres_1080x608.jpg","datePublished":"2025-08-17T16:17:08+00:00","dateModified":"2025-08-17T18:59:16+00:00","breadcrumb":{"@id":"https:\/\/www.wopg.org\/pt-br\/prem-rawat-in-costa-rica-agosto-17-2025\/#breadcrumb"},"inLanguage":"pt-BR","potentialAction":[{"@type":"ReadAction","target":["https:\/\/www.wopg.org\/pt-br\/prem-rawat-in-costa-rica-agosto-17-2025\/"]}]},{"@type":"ImageObject","inLanguage":"pt-BR","@id":"https:\/\/www.wopg.org\/pt-br\/prem-rawat-in-costa-rica-agosto-17-2025\/#primaryimage","url":"https:\/\/eadn-wc03-5903292.nxedge.io\/wp-content\/uploads\/2025\/07\/250413_Delhi_RVK_gs-096-lowres_1080x608.jpg","contentUrl":"https:\/\/eadn-wc03-5903292.nxedge.io\/wp-content\/uploads\/2025\/07\/250413_Delhi_RVK_gs-096-lowres_1080x608.jpg","width":1080,"height":608},{"@type":"BreadcrumbList","@id":"https:\/\/www.wopg.org\/pt-br\/prem-rawat-in-costa-rica-agosto-17-2025\/#breadcrumb","itemListElement":[{"@type":"ListItem","position":1,"name":"Home","item":"https:\/\/www.wopg.org\/pt-br\/"},{"@type":"ListItem","position":2,"name":"17 de agosto de 2025 &#8211; Prem Rawat em San Jos\u00e9, Costa Rica"}]},{"@type":"WebSite","@id":"https:\/\/www.wopg.org\/pt-br\/#website","url":"https:\/\/www.wopg.org\/pt-br\/","name":"Words of Peace","description":"Practice Peace, Change Your World","publisher":{"@id":"https:\/\/www.wopg.org\/pt-br\/#organization"},"potentialAction":[{"@type":"SearchAction","target":{"@type":"EntryPoint","urlTemplate":"https:\/\/www.wopg.org\/pt-br\/?s={search_term_string}"},"query-input":{"@type":"PropertyValueSpecification","valueRequired":true,"valueName":"search_term_string"}}],"inLanguage":"pt-BR"},{"@type":"Organization","@id":"https:\/\/www.wopg.org\/pt-br\/#organization","name":"Words of Peace","url":"https:\/\/www.wopg.org\/pt-br\/","logo":{"@type":"ImageObject","inLanguage":"pt-BR","@id":"https:\/\/www.wopg.org\/pt-br\/#\/schema\/logo\/image\/","url":"https:\/\/wopg.org\/wp-content\/uploads\/2022\/02\/Words-of-Peace-logo-website61x252.png","contentUrl":"https:\/\/wopg.org\/wp-content\/uploads\/2022\/02\/Words-of-Peace-logo-website61x252.png","width":252,"height":61,"caption":"Words of Peace"},"image":{"@id":"https:\/\/www.wopg.org\/pt-br\/#\/schema\/logo\/image\/"},"sameAs":["https:\/\/www.facebook.com\/wordsofpeaceglobal","https:\/\/x.com\/wopg","https:\/\/www.instagram.com\/wopgofficial\/"]},{"@type":"Person","@id":"https:\/\/www.wopg.org\/pt-br\/#\/schema\/person\/c495a5aacd2a074ce031b7fa6625b3af","name":"Roberto","image":{"@type":"ImageObject","inLanguage":"pt-BR","@id":"https:\/\/secure.gravatar.com\/avatar\/3a2423ab531630d32d946fa10acea4a736bd03feede76ddcc150434c8458228b?s=96&d=mm&r=g","url":"https:\/\/secure.gravatar.com\/avatar\/3a2423ab531630d32d946fa10acea4a736bd03feede76ddcc150434c8458228b?s=96&d=mm&r=g","contentUrl":"https:\/\/secure.gravatar.com\/avatar\/3a2423ab531630d32d946fa10acea4a736bd03feede76ddcc150434c8458228b?s=96&d=mm&r=g","caption":"Roberto"},"url":"https:\/\/www.wopg.org\/pt-br\/author\/roberto\/"}]}},"_links":{"self":[{"href":"https:\/\/www.wopg.org\/pt-br\/wp-json\/wp\/v2\/posts\/43174","targetHints":{"allow":["GET"]}}],"collection":[{"href":"https:\/\/www.wopg.org\/pt-br\/wp-json\/wp\/v2\/posts"}],"about":[{"href":"https:\/\/www.wopg.org\/pt-br\/wp-json\/wp\/v2\/types\/post"}],"author":[{"embeddable":true,"href":"https:\/\/www.wopg.org\/pt-br\/wp-json\/wp\/v2\/users\/14"}],"replies":[{"embeddable":true,"href":"https:\/\/www.wopg.org\/pt-br\/wp-json\/wp\/v2\/comments?post=43174"}],"version-history":[{"count":28,"href":"https:\/\/www.wopg.org\/pt-br\/wp-json\/wp\/v2\/posts\/43174\/revisions"}],"predecessor-version":[{"id":43404,"href":"https:\/\/www.wopg.org\/pt-br\/wp-json\/wp\/v2\/posts\/43174\/revisions\/43404"}],"wp:featuredmedia":[{"embeddable":true,"href":"https:\/\/www.wopg.org\/pt-br\/wp-json\/wp\/v2\/media\/42705"}],"wp:attachment":[{"href":"https:\/\/www.wopg.org\/pt-br\/wp-json\/wp\/v2\/media?parent=43174"}],"wp:term":[{"taxonomy":"category","embeddable":true,"href":"https:\/\/www.wopg.org\/pt-br\/wp-json\/wp\/v2\/categories?post=43174"},{"taxonomy":"post_tag","embeddable":true,"href":"https:\/\/www.wopg.org\/pt-br\/wp-json\/wp\/v2\/tags?post=43174"},{"taxonomy":"post_folder","embeddable":true,"href":"https:\/\/www.wopg.org\/pt-br\/wp-json\/wp\/v2\/post_folder?post=43174"}],"curies":[{"name":"wp","href":"https:\/\/api.w.org\/{rel}","templated":true}]}}