{"id":48698,"date":"2026-03-02T00:05:38","date_gmt":"2026-03-02T00:05:38","guid":{"rendered":"https:\/\/www.wopg.org\/?p=48698"},"modified":"2026-04-25T06:11:18","modified_gmt":"2026-04-25T06:11:18","slug":"prem-rawat-em-bad-vilbel-alemanha","status":"publish","type":"post","link":"https:\/\/www.wopg.org\/pt-br\/prem-rawat-em-bad-vilbel-alemanha\/","title":{"rendered":"PREM RAWAT em Bad Vilbel, Alemanha"},"content":{"rendered":"<p>[et_pb_section fb_built=&#8221;1&#8243; admin_label=&#8221;section&#8221; _builder_version=&#8221;4.16&#8243; custom_padding=&#8221;0px||0px||false|false&#8221; global_colors_info=&#8221;{}&#8221;][et_pb_row admin_label=&#8221;row&#8221; _builder_version=&#8221;4.16&#8243; background_size=&#8221;initial&#8221; background_position=&#8221;top_left&#8221; background_repeat=&#8221;repeat&#8221; global_colors_info=&#8221;{}&#8221;][et_pb_column type=&#8221;4_4&#8243; _builder_version=&#8221;4.16&#8243; custom_padding=&#8221;|||&#8221; global_colors_info=&#8221;{}&#8221; custom_padding__hover=&#8221;|||&#8221;][et_pb_text admin_label=&#8221;Title&#8221; _builder_version=&#8221;4.27.5&#8243; _module_preset=&#8221;default&#8221; hover_enabled=&#8221;0&#8243; global_colors_info=&#8221;{}&#8221; sticky_enabled=&#8221;0&#8243;]<\/p>\n<h3 style=\"text-align: center;\">RESERVE A DATA<\/h3>\n<p>[\/et_pb_text][et_pb_text admin_label=&#8221;Informations &#8211; 1&#8243; _builder_version=&#8221;4.27.5&#8243; _module_preset=&#8221;default&#8221; header_4_text_color=&#8221;#008B73&#8243; header_5_text_color=&#8221;#008B73&#8243; hover_enabled=&#8221;0&#8243; global_colors_info=&#8221;{}&#8221; sticky_enabled=&#8221;0&#8243;]<\/p>\n<h3 class=\"p1\" style=\"text-align: center;\"><strong>UNCOVER LIFE<\/strong><\/h3>\n<p class=\"p1\" style=\"text-align: center;\"><em>(Descubra a vida)<\/em><\/p>\n<p class=\"p1\" style=\"text-align: center;\">Com o palestrante de renome mundial Prem Rawat em um evento em<\/p>\n<h4 style=\"text-align: center;\"><strong>Bad Vilbel, Alemanha<\/strong><\/h4>\n<p class=\"p1\" style=\"text-align: center;\">no dia 6 de maio de 2026 \u00e0s 18h, hor\u00e1rio local<\/p>\n<p>[\/et_pb_text][et_pb_image src=&#8221;https:\/\/eadn-wc03-5903292.nxedge.io\/wp-content\/uploads\/2026\/04\/Bad-Vilbel-Frankfurt_1080x608-web.jpg&#8221; title_text=&#8221;Bad Vilbel Frankfurt_1080x1080-web&#8221; show_bottom_space=&#8221;off&#8221; src_tablet=&#8221;https:\/\/eadn-wc03-5903292.nxedge.io\/wp-content\/uploads\/2026\/04\/Bad-Vilbel-Frankfurt_1080x608-web.jpg&#8221; src_phone=&#8221;https:\/\/eadn-wc03-5903292.nxedge.io\/wp-content\/uploads\/2026\/04\/Bad-Vilbel-Frankfurt_1080x1080-web.jpg&#8221; src_last_edited=&#8221;on|phone&#8221; _builder_version=&#8221;4.27.5&#8243; _module_preset=&#8221;default&#8221; global_colors_info=&#8221;{}&#8221;][\/et_pb_image][et_pb_text disabled_on=&#8221;off|off|off&#8221; _builder_version=&#8221;4.27.5&#8243; _module_preset=&#8221;default&#8221; hover_enabled=&#8221;0&#8243; global_colors_info=&#8221;{}&#8221; sticky_enabled=&#8221;0&#8243;]<\/p>\n<h6 style=\"text-align: center;\">Imagem cortesia da TimelessToday<\/h6>\n<p>[\/et_pb_text][et_pb_text admin_label=&#8221;Informations &#8211; 2&#8243; _builder_version=&#8221;4.27.5&#8243; _module_preset=&#8221;default&#8221; header_4_text_color=&#8221;#008B73&#8243; header_5_text_color=&#8221;#008B73&#8243; hover_enabled=&#8221;0&#8243; locked=&#8221;off&#8221; global_colors_info=&#8221;{}&#8221; sticky_enabled=&#8221;0&#8243;]<\/p>\n<p class=\"p1\">Por quase 60 anos, o educador para a paz e autor de best-sellers Prem Rawat tem falado sobre paz pessoal e bem-estar para p\u00fablicos em todo o mundo.<\/p>\n<p class=\"p1\">Entre eventos em Barcelona, Bolonha e Brighton, temos o prazer de convidar todos os interessados em sua mensagem para mais um evento UNCOVER LIFE, que acontecer\u00e1 em Frankfurt (Bad Vilbel), Alemanha, no in\u00edcio de maio.<\/p>\n<p class=\"p1\">Como Prem Rawat falar\u00e1 em ingl\u00eas, haver\u00e1 tradu\u00e7\u00e3o simult\u00e2nea em alem\u00e3o.<\/p>\n<p class=\"p1\">Para atualiza\u00e7\u00f5es e informa\u00e7\u00f5es importantes sobre como comprar seus ingressos, verifique seus e-mails ou visite <a href=\"https:\/\/www.wopg.org\/pt-br\/eventos\/\" target=\"_blank\" rel=\"noopener\">a p\u00e1gina de eventos<\/a> no website da WOPG.<\/p>\n<p class=\"p1\">Informa\u00e7\u00f5es sobre uma poss\u00edvel transmiss\u00e3o ao vivo deste evento para assinantes da TimelessToday\u00ae estar\u00e3o dispon\u00edveis em breve. Visite <a href=\"https:\/\/www.premrawat.com\/pt-br\/events-and-livestreams\/\" target=\"_blank\" rel=\"noopener\">www.premrawat.com<\/a> para saber mais.<\/p>\n<p>[\/et_pb_text][et_pb_divider _builder_version=&#8221;4.27.4&#8243; _module_preset=&#8221;default&#8221; global_colors_info=&#8221;{}&#8221;][\/et_pb_divider][et_pb_text disabled_on=&#8221;off|off|off&#8221; admin_label=&#8221;Notice&#8221; _builder_version=&#8221;4.27.5&#8243; _module_preset=&#8221;default&#8221; hover_enabled=&#8221;0&#8243; global_colors_info=&#8221;{}&#8221; sticky_enabled=&#8221;0&#8243;]<\/p>\n<p class=\"p1\">Este aviso pr\u00e9vio serve para ajudar no planejamento, mas n\u00e3o deve ser usado para reservar viagens ou acomoda\u00e7\u00f5es, pois o n\u00famero de pessoas solicitando assentos pode exceder a capacidade do local.<\/p>\n<p class=\"p1\">Em caso de d\u00favidas, envie-nos uma mensagem pelo site\u00a0<a href=\"https:\/\/www.wopg.org\/pt-br\/contato\/\" target=\"_blank\" rel=\"noopener\">www.wopg.org\/pt-br\/contato<\/a>\u00a0ou escreva diretamente para\u00a0<a href=\"mailto:contact@wopg.org\" target=\"_blank\" rel=\"noopener\">contact@wopg.org<\/a>.<\/p>\n<p>[\/et_pb_text][et_pb_filterable_portfolio disabled_on=&#8221;on|on|on&#8221; _builder_version=&#8221;4.27.5&#8243; _module_preset=&#8221;default&#8221; disabled=&#8221;on&#8221; global_colors_info=&#8221;{}&#8221;][\/et_pb_filterable_portfolio][\/et_pb_column][\/et_pb_row][\/et_pb_section]<\/p>\n","protected":false},"excerpt":{"rendered":"<p>RESERVE A DATA UNCOVER LIFE (Descubra a vida) Com o palestrante de renome mundial Prem Rawat em um evento em Bad Vilbel, Alemanha no dia 6 de maio de 2026 \u00e0s 18h, hor\u00e1rio local Imagem cortesia da TimelessToday Por quase 60 anos, o educador para a paz e autor de best-sellers Prem Rawat tem falado [&hellip;]<\/p>\n","protected":false},"author":14,"featured_media":48696,"comment_status":"closed","ping_status":"closed","sticky":false,"template":"","format":"standard","meta":{"_et_pb_use_builder":"on","_et_pb_old_content":"","_et_gb_content_width":"","cybocfi_hide_featured_image":"","footnotes":""},"categories":[41],"tags":[],"post_folder":[],"class_list":["post-48698","post","type-post","status-publish","format-standard","has-post-thumbnail","hentry","category-eventos"],"yoast_head":"<!-- This site is optimized with the Yoast SEO plugin v27.3 - https:\/\/yoast.com\/product\/yoast-seo-wordpress\/ -->\n<title>PREM RAWAT em Bad Vilbel, Alemanha | Words of Peace<\/title>\n<meta name=\"robots\" content=\"index, follow, max-snippet:-1, max-image-preview:large, max-video-preview:-1\" \/>\n<link rel=\"canonical\" href=\"https:\/\/www.wopg.org\/pt-br\/prem-rawat-em-bad-vilbel-alemanha\/\" \/>\n<meta property=\"og:locale\" content=\"pt_BR\" \/>\n<meta property=\"og:type\" content=\"article\" \/>\n<meta property=\"og:title\" content=\"PREM RAWAT em Bad Vilbel, Alemanha | Words of Peace\" \/>\n<meta property=\"og:description\" content=\"RESERVE A DATA UNCOVER LIFE (Descubra a vida) Com o palestrante de renome mundial Prem Rawat em um evento em Bad Vilbel, Alemanha no dia 6 de maio de 2026 \u00e0s 18h, hor\u00e1rio local Imagem cortesia da TimelessToday Por quase 60 anos, o educador para a paz e autor de best-sellers Prem Rawat tem falado [&hellip;]\" \/>\n<meta property=\"og:url\" content=\"https:\/\/www.wopg.org\/pt-br\/prem-rawat-em-bad-vilbel-alemanha\/\" \/>\n<meta property=\"og:site_name\" content=\"Words of Peace\" \/>\n<meta property=\"article:publisher\" content=\"https:\/\/www.facebook.com\/wordsofpeaceglobal\" \/>\n<meta property=\"article:published_time\" content=\"2026-03-02T00:05:38+00:00\" \/>\n<meta property=\"article:modified_time\" content=\"2026-04-25T06:11:18+00:00\" \/>\n<meta property=\"og:image\" content=\"https:\/\/eadn-wc03-5903292.nxedge.io\/wp-content\/uploads\/2026\/03\/bad-vilbel-std-2026-1080x608-1.jpg\" \/>\n\t<meta property=\"og:image:width\" content=\"1080\" \/>\n\t<meta property=\"og:image:height\" content=\"608\" \/>\n\t<meta property=\"og:image:type\" content=\"image\/jpeg\" \/>\n<meta name=\"author\" content=\"Roberto\" \/>\n<meta name=\"twitter:card\" content=\"summary_large_image\" \/>\n<meta name=\"twitter:creator\" content=\"@wopg\" \/>\n<meta name=\"twitter:site\" content=\"@wopg\" \/>\n<meta name=\"twitter:label1\" content=\"Escrito por\" \/>\n\t<meta name=\"twitter:data1\" content=\"Roberto\" \/>\n\t<meta name=\"twitter:label2\" content=\"Est. tempo de leitura\" \/>\n\t<meta name=\"twitter:data2\" content=\"3 minutos\" \/>\n<script type=\"application\/ld+json\" class=\"yoast-schema-graph\">{\"@context\":\"https:\\\/\\\/schema.org\",\"@graph\":[{\"@type\":\"Article\",\"@id\":\"https:\\\/\\\/www.wopg.org\\\/pt-br\\\/prem-rawat-em-bad-vilbel-alemanha\\\/#article\",\"isPartOf\":{\"@id\":\"https:\\\/\\\/www.wopg.org\\\/pt-br\\\/prem-rawat-em-bad-vilbel-alemanha\\\/\"},\"author\":{\"name\":\"Roberto\",\"@id\":\"https:\\\/\\\/www.wopg.org\\\/pt-br\\\/#\\\/schema\\\/person\\\/c495a5aacd2a074ce031b7fa6625b3af\"},\"headline\":\"PREM RAWAT em Bad Vilbel, Alemanha\",\"datePublished\":\"2026-03-02T00:05:38+00:00\",\"dateModified\":\"2026-04-25T06:11:18+00:00\",\"mainEntityOfPage\":{\"@id\":\"https:\\\/\\\/www.wopg.org\\\/pt-br\\\/prem-rawat-em-bad-vilbel-alemanha\\\/\"},\"wordCount\":534,\"publisher\":{\"@id\":\"https:\\\/\\\/www.wopg.org\\\/pt-br\\\/#organization\"},\"image\":{\"@id\":\"https:\\\/\\\/www.wopg.org\\\/pt-br\\\/prem-rawat-em-bad-vilbel-alemanha\\\/#primaryimage\"},\"thumbnailUrl\":\"https:\\\/\\\/www.wopg.org\\\/wp-content\\\/uploads\\\/2026\\\/03\\\/bad-vilbel-std-2026-1080x608-1.jpg\",\"articleSection\":[\"Events\"],\"inLanguage\":\"pt-BR\"},{\"@type\":\"WebPage\",\"@id\":\"https:\\\/\\\/www.wopg.org\\\/pt-br\\\/prem-rawat-em-bad-vilbel-alemanha\\\/\",\"url\":\"https:\\\/\\\/www.wopg.org\\\/pt-br\\\/prem-rawat-em-bad-vilbel-alemanha\\\/\",\"name\":\"PREM RAWAT em Bad Vilbel, Alemanha | Words of Peace\",\"isPartOf\":{\"@id\":\"https:\\\/\\\/www.wopg.org\\\/pt-br\\\/#website\"},\"primaryImageOfPage\":{\"@id\":\"https:\\\/\\\/www.wopg.org\\\/pt-br\\\/prem-rawat-em-bad-vilbel-alemanha\\\/#primaryimage\"},\"image\":{\"@id\":\"https:\\\/\\\/www.wopg.org\\\/pt-br\\\/prem-rawat-em-bad-vilbel-alemanha\\\/#primaryimage\"},\"thumbnailUrl\":\"https:\\\/\\\/www.wopg.org\\\/wp-content\\\/uploads\\\/2026\\\/03\\\/bad-vilbel-std-2026-1080x608-1.jpg\",\"datePublished\":\"2026-03-02T00:05:38+00:00\",\"dateModified\":\"2026-04-25T06:11:18+00:00\",\"breadcrumb\":{\"@id\":\"https:\\\/\\\/www.wopg.org\\\/pt-br\\\/prem-rawat-em-bad-vilbel-alemanha\\\/#breadcrumb\"},\"inLanguage\":\"pt-BR\",\"potentialAction\":[{\"@type\":\"ReadAction\",\"target\":[\"https:\\\/\\\/www.wopg.org\\\/pt-br\\\/prem-rawat-em-bad-vilbel-alemanha\\\/\"]}]},{\"@type\":\"ImageObject\",\"inLanguage\":\"pt-BR\",\"@id\":\"https:\\\/\\\/www.wopg.org\\\/pt-br\\\/prem-rawat-em-bad-vilbel-alemanha\\\/#primaryimage\",\"url\":\"https:\\\/\\\/www.wopg.org\\\/wp-content\\\/uploads\\\/2026\\\/03\\\/bad-vilbel-std-2026-1080x608-1.jpg\",\"contentUrl\":\"https:\\\/\\\/www.wopg.org\\\/wp-content\\\/uploads\\\/2026\\\/03\\\/bad-vilbel-std-2026-1080x608-1.jpg\",\"width\":1080,\"height\":608},{\"@type\":\"BreadcrumbList\",\"@id\":\"https:\\\/\\\/www.wopg.org\\\/pt-br\\\/prem-rawat-em-bad-vilbel-alemanha\\\/#breadcrumb\",\"itemListElement\":[{\"@type\":\"ListItem\",\"position\":1,\"name\":\"Home\",\"item\":\"https:\\\/\\\/www.wopg.org\\\/pt-br\\\/\"},{\"@type\":\"ListItem\",\"position\":2,\"name\":\"PREM RAWAT em Bad Vilbel, Alemanha\"}]},{\"@type\":\"WebSite\",\"@id\":\"https:\\\/\\\/www.wopg.org\\\/pt-br\\\/#website\",\"url\":\"https:\\\/\\\/www.wopg.org\\\/pt-br\\\/\",\"name\":\"Words of Peace\",\"description\":\"Practice Peace, Change Your World\",\"publisher\":{\"@id\":\"https:\\\/\\\/www.wopg.org\\\/pt-br\\\/#organization\"},\"potentialAction\":[{\"@type\":\"SearchAction\",\"target\":{\"@type\":\"EntryPoint\",\"urlTemplate\":\"https:\\\/\\\/www.wopg.org\\\/pt-br\\\/?s={search_term_string}\"},\"query-input\":{\"@type\":\"PropertyValueSpecification\",\"valueRequired\":true,\"valueName\":\"search_term_string\"}}],\"inLanguage\":\"pt-BR\"},{\"@type\":\"Organization\",\"@id\":\"https:\\\/\\\/www.wopg.org\\\/pt-br\\\/#organization\",\"name\":\"Words of Peace\",\"url\":\"https:\\\/\\\/www.wopg.org\\\/pt-br\\\/\",\"logo\":{\"@type\":\"ImageObject\",\"inLanguage\":\"pt-BR\",\"@id\":\"https:\\\/\\\/www.wopg.org\\\/pt-br\\\/#\\\/schema\\\/logo\\\/image\\\/\",\"url\":\"https:\\\/\\\/wopg.org\\\/wp-content\\\/uploads\\\/2022\\\/02\\\/Words-of-Peace-logo-website61x252.png\",\"contentUrl\":\"https:\\\/\\\/wopg.org\\\/wp-content\\\/uploads\\\/2022\\\/02\\\/Words-of-Peace-logo-website61x252.png\",\"width\":252,\"height\":61,\"caption\":\"Words of Peace\"},\"image\":{\"@id\":\"https:\\\/\\\/www.wopg.org\\\/pt-br\\\/#\\\/schema\\\/logo\\\/image\\\/\"},\"sameAs\":[\"https:\\\/\\\/www.facebook.com\\\/wordsofpeaceglobal\",\"https:\\\/\\\/x.com\\\/wopg\",\"https:\\\/\\\/www.instagram.com\\\/wopgofficial\\\/\"]},{\"@type\":\"Person\",\"@id\":\"https:\\\/\\\/www.wopg.org\\\/pt-br\\\/#\\\/schema\\\/person\\\/c495a5aacd2a074ce031b7fa6625b3af\",\"name\":\"Roberto\",\"image\":{\"@type\":\"ImageObject\",\"inLanguage\":\"pt-BR\",\"@id\":\"https:\\\/\\\/secure.gravatar.com\\\/avatar\\\/3a2423ab531630d32d946fa10acea4a736bd03feede76ddcc150434c8458228b?s=96&d=mm&r=g\",\"url\":\"https:\\\/\\\/secure.gravatar.com\\\/avatar\\\/3a2423ab531630d32d946fa10acea4a736bd03feede76ddcc150434c8458228b?s=96&d=mm&r=g\",\"contentUrl\":\"https:\\\/\\\/secure.gravatar.com\\\/avatar\\\/3a2423ab531630d32d946fa10acea4a736bd03feede76ddcc150434c8458228b?s=96&d=mm&r=g\",\"caption\":\"Roberto\"},\"url\":\"https:\\\/\\\/www.wopg.org\\\/pt-br\\\/author\\\/roberto\\\/\"}]}<\/script>\n<!-- \/ Yoast SEO plugin. -->","yoast_head_json":{"title":"PREM RAWAT em Bad Vilbel, Alemanha | Words of Peace","robots":{"index":"index","follow":"follow","max-snippet":"max-snippet:-1","max-image-preview":"max-image-preview:large","max-video-preview":"max-video-preview:-1"},"canonical":"https:\/\/www.wopg.org\/pt-br\/prem-rawat-em-bad-vilbel-alemanha\/","og_locale":"pt_BR","og_type":"article","og_title":"PREM RAWAT em Bad Vilbel, Alemanha | Words of Peace","og_description":"RESERVE A DATA UNCOVER LIFE (Descubra a vida) Com o palestrante de renome mundial Prem Rawat em um evento em Bad Vilbel, Alemanha no dia 6 de maio de 2026 \u00e0s 18h, hor\u00e1rio local Imagem cortesia da TimelessToday Por quase 60 anos, o educador para a paz e autor de best-sellers Prem Rawat tem falado [&hellip;]","og_url":"https:\/\/www.wopg.org\/pt-br\/prem-rawat-em-bad-vilbel-alemanha\/","og_site_name":"Words of Peace","article_publisher":"https:\/\/www.facebook.com\/wordsofpeaceglobal","article_published_time":"2026-03-02T00:05:38+00:00","article_modified_time":"2026-04-25T06:11:18+00:00","og_image":[{"width":1080,"height":608,"url":"https:\/\/eadn-wc03-5903292.nxedge.io\/wp-content\/uploads\/2026\/03\/bad-vilbel-std-2026-1080x608-1.jpg","type":"image\/jpeg"}],"author":"Roberto","twitter_card":"summary_large_image","twitter_creator":"@wopg","twitter_site":"@wopg","twitter_misc":{"Escrito por":"Roberto","Est. tempo de leitura":"3 minutos"},"schema":{"@context":"https:\/\/schema.org","@graph":[{"@type":"Article","@id":"https:\/\/www.wopg.org\/pt-br\/prem-rawat-em-bad-vilbel-alemanha\/#article","isPartOf":{"@id":"https:\/\/www.wopg.org\/pt-br\/prem-rawat-em-bad-vilbel-alemanha\/"},"author":{"name":"Roberto","@id":"https:\/\/www.wopg.org\/pt-br\/#\/schema\/person\/c495a5aacd2a074ce031b7fa6625b3af"},"headline":"PREM RAWAT em Bad Vilbel, Alemanha","datePublished":"2026-03-02T00:05:38+00:00","dateModified":"2026-04-25T06:11:18+00:00","mainEntityOfPage":{"@id":"https:\/\/www.wopg.org\/pt-br\/prem-rawat-em-bad-vilbel-alemanha\/"},"wordCount":534,"publisher":{"@id":"https:\/\/www.wopg.org\/pt-br\/#organization"},"image":{"@id":"https:\/\/www.wopg.org\/pt-br\/prem-rawat-em-bad-vilbel-alemanha\/#primaryimage"},"thumbnailUrl":"https:\/\/eadn-wc03-5903292.nxedge.io\/wp-content\/uploads\/2026\/03\/bad-vilbel-std-2026-1080x608-1.jpg","articleSection":["Events"],"inLanguage":"pt-BR"},{"@type":"WebPage","@id":"https:\/\/www.wopg.org\/pt-br\/prem-rawat-em-bad-vilbel-alemanha\/","url":"https:\/\/www.wopg.org\/pt-br\/prem-rawat-em-bad-vilbel-alemanha\/","name":"PREM RAWAT em Bad Vilbel, Alemanha | Words of Peace","isPartOf":{"@id":"https:\/\/www.wopg.org\/pt-br\/#website"},"primaryImageOfPage":{"@id":"https:\/\/www.wopg.org\/pt-br\/prem-rawat-em-bad-vilbel-alemanha\/#primaryimage"},"image":{"@id":"https:\/\/www.wopg.org\/pt-br\/prem-rawat-em-bad-vilbel-alemanha\/#primaryimage"},"thumbnailUrl":"https:\/\/eadn-wc03-5903292.nxedge.io\/wp-content\/uploads\/2026\/03\/bad-vilbel-std-2026-1080x608-1.jpg","datePublished":"2026-03-02T00:05:38+00:00","dateModified":"2026-04-25T06:11:18+00:00","breadcrumb":{"@id":"https:\/\/www.wopg.org\/pt-br\/prem-rawat-em-bad-vilbel-alemanha\/#breadcrumb"},"inLanguage":"pt-BR","potentialAction":[{"@type":"ReadAction","target":["https:\/\/www.wopg.org\/pt-br\/prem-rawat-em-bad-vilbel-alemanha\/"]}]},{"@type":"ImageObject","inLanguage":"pt-BR","@id":"https:\/\/www.wopg.org\/pt-br\/prem-rawat-em-bad-vilbel-alemanha\/#primaryimage","url":"https:\/\/eadn-wc03-5903292.nxedge.io\/wp-content\/uploads\/2026\/03\/bad-vilbel-std-2026-1080x608-1.jpg","contentUrl":"https:\/\/eadn-wc03-5903292.nxedge.io\/wp-content\/uploads\/2026\/03\/bad-vilbel-std-2026-1080x608-1.jpg","width":1080,"height":608},{"@type":"BreadcrumbList","@id":"https:\/\/www.wopg.org\/pt-br\/prem-rawat-em-bad-vilbel-alemanha\/#breadcrumb","itemListElement":[{"@type":"ListItem","position":1,"name":"Home","item":"https:\/\/www.wopg.org\/pt-br\/"},{"@type":"ListItem","position":2,"name":"PREM RAWAT em Bad Vilbel, Alemanha"}]},{"@type":"WebSite","@id":"https:\/\/www.wopg.org\/pt-br\/#website","url":"https:\/\/www.wopg.org\/pt-br\/","name":"Words of Peace","description":"Practice Peace, Change Your World","publisher":{"@id":"https:\/\/www.wopg.org\/pt-br\/#organization"},"potentialAction":[{"@type":"SearchAction","target":{"@type":"EntryPoint","urlTemplate":"https:\/\/www.wopg.org\/pt-br\/?s={search_term_string}"},"query-input":{"@type":"PropertyValueSpecification","valueRequired":true,"valueName":"search_term_string"}}],"inLanguage":"pt-BR"},{"@type":"Organization","@id":"https:\/\/www.wopg.org\/pt-br\/#organization","name":"Words of Peace","url":"https:\/\/www.wopg.org\/pt-br\/","logo":{"@type":"ImageObject","inLanguage":"pt-BR","@id":"https:\/\/www.wopg.org\/pt-br\/#\/schema\/logo\/image\/","url":"https:\/\/wopg.org\/wp-content\/uploads\/2022\/02\/Words-of-Peace-logo-website61x252.png","contentUrl":"https:\/\/wopg.org\/wp-content\/uploads\/2022\/02\/Words-of-Peace-logo-website61x252.png","width":252,"height":61,"caption":"Words of Peace"},"image":{"@id":"https:\/\/www.wopg.org\/pt-br\/#\/schema\/logo\/image\/"},"sameAs":["https:\/\/www.facebook.com\/wordsofpeaceglobal","https:\/\/x.com\/wopg","https:\/\/www.instagram.com\/wopgofficial\/"]},{"@type":"Person","@id":"https:\/\/www.wopg.org\/pt-br\/#\/schema\/person\/c495a5aacd2a074ce031b7fa6625b3af","name":"Roberto","image":{"@type":"ImageObject","inLanguage":"pt-BR","@id":"https:\/\/secure.gravatar.com\/avatar\/3a2423ab531630d32d946fa10acea4a736bd03feede76ddcc150434c8458228b?s=96&d=mm&r=g","url":"https:\/\/secure.gravatar.com\/avatar\/3a2423ab531630d32d946fa10acea4a736bd03feede76ddcc150434c8458228b?s=96&d=mm&r=g","contentUrl":"https:\/\/secure.gravatar.com\/avatar\/3a2423ab531630d32d946fa10acea4a736bd03feede76ddcc150434c8458228b?s=96&d=mm&r=g","caption":"Roberto"},"url":"https:\/\/www.wopg.org\/pt-br\/author\/roberto\/"}]}},"_links":{"self":[{"href":"https:\/\/www.wopg.org\/pt-br\/wp-json\/wp\/v2\/posts\/48698","targetHints":{"allow":["GET"]}}],"collection":[{"href":"https:\/\/www.wopg.org\/pt-br\/wp-json\/wp\/v2\/posts"}],"about":[{"href":"https:\/\/www.wopg.org\/pt-br\/wp-json\/wp\/v2\/types\/post"}],"author":[{"embeddable":true,"href":"https:\/\/www.wopg.org\/pt-br\/wp-json\/wp\/v2\/users\/14"}],"replies":[{"embeddable":true,"href":"https:\/\/www.wopg.org\/pt-br\/wp-json\/wp\/v2\/comments?post=48698"}],"version-history":[{"count":13,"href":"https:\/\/www.wopg.org\/pt-br\/wp-json\/wp\/v2\/posts\/48698\/revisions"}],"predecessor-version":[{"id":48971,"href":"https:\/\/www.wopg.org\/pt-br\/wp-json\/wp\/v2\/posts\/48698\/revisions\/48971"}],"wp:featuredmedia":[{"embeddable":true,"href":"https:\/\/www.wopg.org\/pt-br\/wp-json\/wp\/v2\/media\/48696"}],"wp:attachment":[{"href":"https:\/\/www.wopg.org\/pt-br\/wp-json\/wp\/v2\/media?parent=48698"}],"wp:term":[{"taxonomy":"category","embeddable":true,"href":"https:\/\/www.wopg.org\/pt-br\/wp-json\/wp\/v2\/categories?post=48698"},{"taxonomy":"post_tag","embeddable":true,"href":"https:\/\/www.wopg.org\/pt-br\/wp-json\/wp\/v2\/tags?post=48698"},{"taxonomy":"post_folder","embeddable":true,"href":"https:\/\/www.wopg.org\/pt-br\/wp-json\/wp\/v2\/post_folder?post=48698"}],"curies":[{"name":"wp","href":"https:\/\/api.w.org\/{rel}","templated":true}]}}